{"_terms_":{"phrase":"aj\u00e1nd\u00e9k","facets":"n","p":"1","pp":"100","sort_by":"","sort_direction":"desc","product_type":"kezmuves|alapanyag|vintage","session_id":"pn41r6dgq8culc04jbak0p2r76"},"total":261170,"products":[{"id":"6189182","shop_id":"40318","user_id":"551483","shop_name":"IzaDekor","shop_zip":"5700","product_code":"5775247","product_name_old":null,"product_name":"Antik hat\u00e1s\u00fa any\u00e1k napi sz\u00edv dekor\u00e1ci\u00f3","category_string":"","technic_string":"Decoupage, transzfer \u00e9s szalv\u00e9tatechnika","category_1":"0","category_2":"0","category_3":"0","category_4":"0","merged_category_1":null,"merged_category_2":null,"merged_category_3":null,"technic_1":"476","technic_2":"0","technic_3":"0","color_1":"514","color_2":"522","color_3":"525","product_description_old":null,"product_description":"A 10 cm-es, hamvas lila sz\u00ednre alapozott akril sz\u00edvet - dekup\u00e1zs technik\u00e1val - anya-l\u00e1nya k\u00e9ppel d\u00edsz\u00edtettem. Az antik hat\u00e1s \u00e9rdek\u00e9ben repeszt\u0151 lakkot \u00e9s antikol\u00f3 paszt\u00e1t haszn\u00e1ltam. A sz\u00edv k\u00f6r\u00e9, leveg\u0151n sz\u00edrad\u00f3 gyurma seg\u00edts\u00e9g\u00e9vel egy gy\u00f6ngysor d\u00edszt ragasztottam, amit r\u00f3zsaarany fest\u00e9kkel kentem \u00e1t.\nAkaszt\u00f3nak v\u00e9kony barna szat\u00e9n szalagot haszn\u00e1ltam, amit kis masnival d\u00edsz\u00edtettem.\nKedves aj\u00e1nd\u00e9k lehet any\u00e1k napj\u00e1ra.\n\n","price":"2800.00","unit":"db","recommended":"0","status":"1","sponsored":"0","exp_notify":"0","own_material":"0","own_material_description_old":null,"own_material_description":"","jury":"0","jury_number":"","product_nature":"","meskaracsony":"0","create_date":"2026-04-19 17:21:01","shelve_id":"0","image":"izadekor_product_551483_260419171557_493823.jpeg","image_width":"480","image_height":"789","image_alt":"Antik hat\u00e1s\u00fa any\u00e1k napi sz\u00edv dekor\u00e1ci\u00f3, A 10 cm-es, hamvas lila sz\u00ednre alapozott akril sz\u00edvet - dekup\u00e1zs technik\u00e1val - anya-l\u00e1nya k\u00e9ppel d\u00eds..., Meska","image_title":"Antik hat\u00e1s\u00fa any\u00e1k napi sz\u00edv dekor\u00e1ci\u00f3, Meska","view_count":"22","favourite_count":"0","trending_score":"0","last2MonthFavouriteCount":"0","promotion":"0","giftcard_accept":"0","creditcard_accept":false,"enhanced_background":"0","domain":"meska","specific_customer_id":null,"specific_customer_name":null,"to_order_product":"0","to_order_product_time":"0","product_different":null,"product_different_description":"","vintage":"0","vintage_category_id":"0","recycled":"0","gemstone_id":"0","customizable":"0","type_category":"physical","zerowaste":"0","postage_price":"2390.00","shop_order":"0","has_category":"0","landing_pages":null,"microdata":{"number":1,"category":""},"title":"Antik hat\u00e1s\u00fa any\u00e1k napi sz\u00edv dekor\u00e1ci\u00f3","description":"A 10 cm-es, hamvas lila sz\u00ednre alapozott akril sz\u00edvet - dekup\u00e1zs technik\u00e1val - anya-l\u00e1nya k\u00e9ppel d\u00edsz\u00edtettem. Az antik hat\u00e1s \u00e9rdek\u00e9ben repeszt\u0151 lakkot \u00e9s antikol\u00f3 paszt\u00e1t haszn\u00e1ltam. A sz\u00edv k\u00f6r\u00e9, leveg\u0151n sz\u00edrad\u00f3 gyurma seg\u00edts\u00e9g\u00e9vel egy gy\u00f6ngysor d\u00edszt ragasztottam, amit r\u00f3zsaarany fest\u00e9kkel kentem \u00e1t.\nAkaszt\u00f3nak v\u00e9kony barna szat\u00e9n szalagot haszn\u00e1ltam, amit kis masnival d\u00edsz\u00edtettem.\nKedves aj\u00e1nd\u00e9k lehet any\u00e1k napj\u00e1ra.\n\n","score":0,"formatted_price":"2 800 Ft","image_url":"https:\/\/www.meska.hu\/img\/product\/small\/i\/z\/izadekor_product_551483_260419171557_493823.jpeg","formatted_url":"https:\/\/www.meska.hu\/p5775247-antik-hatasu-nyak-napi-sziv-dekoracio","favourite":false,"in_stock":true,"avatar":"551483_avatar_1677187336.jpeg","delete_from":0,"is_enhanced_background":false,"is_enhanced":true,"enhanced_ribbon":"<img src=\"\/images\/brightness_brighter_20x20.png\" style=\"position: absolute; right: 13px; top: 7px;\">","enhanced_key":0,"is_key_2":false,"is_key_3":false,"is_key_4":false,"product_selection_started":false,"is_active":true,"image_webp_url":"https:\/\/www.meska.hu\/img\/product\/small\/i\/z\/izadekor_product_551483_260419171557_493823.webp"},{"id":"5798381","shop_id":"49010","user_id":"608274","shop_name":"SariMuvek","shop_zip":"3377","product_code":"5554737","product_name_old":null,"product_name":"Vend\u00e9gk\u00f6nyv (T\u00e9glalap alak\u00fa)","category_string":"Esk\u00fcv\u0151, Eml\u00e9k & Aj\u00e1nd\u00e9k, Vend\u00e9gk\u00f6nyv","technic_string":"Famegmunk\u00e1l\u00e1s","category_1":"317","category_2":"905","category_3":"1070","category_4":"0","merged_category_1":null,"merged_category_2":null,"merged_category_3":null,"technic_1":"478","technic_2":"0","technic_3":"0","color_1":"513","color_2":"514","color_3":"0","product_description_old":null,"product_description":"Egyedi grav\u00edrozott t\u00e9glalap alak\u00fa vend\u00e9gk\u00f6nyv esk\u00fcv\u0151re. A vend\u00e9gek fa sz\u00edvekre \u00edrhatnak \u00e9s \u00f6r\u00f6k eml\u00e9k marad a nagy napr\u00f3l. M\u00e9ret: 38x29 cm. 95 db kis sz\u00edv f\u00e9r bele. Kis sz\u00edvecsk\u00e9k m\u00e9rete: 3x3 cm.\n\n\u00dczeneben v\u00e1rjuk a kezd\u0151bet\u0171ket \u00e9s a d\u00e1tumot :) ","price":"12990.00","unit":"db","recommended":"0","status":"1","sponsored":"0","exp_notify":"0","own_material":"0","own_material_description_old":null,"own_material_description":"","jury":"0","jury_number":"","product_nature":"","meskaracsony":"0","create_date":"2026-04-11 10:06:55","shelve_id":"0","image":"sarimuvek_product_608274_260101212927_620794.png","image_width":"480","image_height":"320","image_alt":"Vend\u00e9gk\u00f6nyv (T\u00e9glalap alak\u00fa), Egyedi grav\u00edrozott t\u00e9glalap alak\u00fa vend\u00e9gk\u00f6nyv esk\u00fcv\u0151re. A vend\u00e9gek fa sz\u00edvekre \u00edrhatnak \u00e9s \u00f6r\u00f6k eml\u00e9..., Meska","image_title":"Vend\u00e9gk\u00f6nyv (T\u00e9glalap alak\u00fa), Meska","view_count":"561","favourite_count":"0","trending_score":"0","last2MonthFavouriteCount":"0","promotion":"0","giftcard_accept":"0","creditcard_accept":false,"enhanced_background":"0","domain":"meska","specific_customer_id":null,"specific_customer_name":null,"to_order_product":"1","to_order_product_time":"2","product_different":null,"product_different_description":"","vintage":"0","vintage_category_id":"0","recycled":"0","gemstone_id":"0","customizable":"1","type_category":"physical","zerowaste":"0","postage_price":"2390.00","shop_order":"0","has_category":"1","landing_pages":null,"microdata":{"number":2,"category":""},"title":"Vend\u00e9gk\u00f6nyv (T\u00e9glalap alak\u00fa)","description":"Egyedi grav\u00edrozott t\u00e9glalap alak\u00fa vend\u00e9gk\u00f6nyv esk\u00fcv\u0151re. A vend\u00e9gek fa sz\u00edvekre \u00edrhatnak \u00e9s \u00f6r\u00f6k eml\u00e9k marad a nagy napr\u00f3l. M\u00e9ret: 38x29 cm. 95 db kis sz\u00edv f\u00e9r bele. Kis sz\u00edvecsk\u00e9k m\u00e9rete: 3x3 cm.\n\n\u00dczeneben v\u00e1rjuk a kezd\u0151bet\u0171ket \u00e9s a d\u00e1tumot :) ","score":0,"formatted_price":"12 990 Ft","image_url":"https:\/\/www.meska.hu\/img\/product\/small\/s\/a\/sarimuvek_product_608274_260101212927_620794.png","formatted_url":"https:\/\/www.meska.hu\/p5554737-vendegkonyv-teglalap-alaku","favourite":false,"in_stock":false,"avatar":"608274_avatar_1747340840.png","delete_from":0,"is_enhanced_background":false,"is_enhanced":true,"enhanced_ribbon":"<img src=\"\/images\/brightness_brighter_20x20.png\" style=\"position: absolute; right: 13px; top: 7px;\">","enhanced_key":1,"is_key_2":false,"is_key_3":false,"is_key_4":false,"product_selection_started":false,"is_active":true,"image_webp_url":"https:\/\/www.meska.hu\/img\/product\/small\/s\/a\/sarimuvek_product_608274_260101212927_620794.webp"},{"id":"6178825","shop_id":"39864","user_id":"552843","shop_name":"Weddingfuldekormuhely","shop_zip":"1045","product_code":"5769980","product_name_old":null,"product_name":"Any\u00e1k napi aj\u00e1nd\u00e9k lap - m\u00e9hlegel\u0151 vir\u00e1gmagokkal fiol\u00e1ban","category_string":"Otthon & \u00c9letm\u00f3d, Pap\u00edr, \u00edr\u00f3szer, Aj\u00e1nd\u00e9koz\u00e1s kell\u00e9kei, Aj\u00e1nd\u00e9kk\u00eds\u00e9r\u0151","technic_string":"Mindenm\u00e1s","category_1":"813","category_2":"351","category_3":"1652","category_4":"321","merged_category_1":null,"merged_category_2":null,"merged_category_3":null,"technic_1":"493","technic_2":"0","technic_3":"0","color_1":"514","color_2":"515","color_3":"521","product_description_old":null,"product_description":"Az \u00e1r tartalmazza:\n- Egyedi feliratot a lapra, ha esetleg az eredeti nem tetszik\n- 1 adag m\u00e9hlegel\u0151 \u00e9vel\u0151 vir\u00e1gmag kever\u00e9k\n- 1db A5 m\u00e9ret\u0171, 300g pap\u00edrra k\u00e9sz\u00fclt lapot\n- 1db \u00fcltet\u00e9si \u00fatmutat\u00f3t\n\nA leg\u00f6rd\u00fcl\u0151 men\u00fcb\u0151l v\u00e1laszthat\u00f3 a design stb.\n\nEnn\u00e9l a term\u00e9kn\u00e9l haszn\u00e1lhatod a gyors\u00edtott elk\u00e9sz\u00edt\u00e9si id\u0151t, rendeld meg a term\u00e9kkel egy\u00fctt:\nhttps:\/\/www.meska.hu\/p5770669-expressz-elkeszitesi-felar","price":"1250.00","unit":"db","recommended":"0","status":"1","sponsored":"0","exp_notify":"0","own_material":"0","own_material_description_old":null,"own_material_description":"","jury":"0","jury_number":"","product_nature":"","meskaracsony":"0","create_date":"2026-04-27 09:38:29","shelve_id":"0","image":"weddingfuldekormuhely_product_552843_260423172424_955342.png","image_width":"480","image_height":"667","image_alt":"Any\u00e1k napi aj\u00e1nd\u00e9k lap - m\u00e9hlegel\u0151 vir\u00e1gmagokkal fiol\u00e1ban, Az \u00e1r tartalmazza:\\n- Egyedi feliratot a lapra, ha esetleg az eredeti nem tetszik\\n- 1 adag m\u00e9hlegel\u0151 ..., Meska","image_title":"Any\u00e1k napi aj\u00e1nd\u00e9k lap - m\u00e9hlegel\u0151 vir\u00e1gmagokkal fiol\u00e1ban, Meska","view_count":"134","favourite_count":"0","trending_score":"0","last2MonthFavouriteCount":"0","promotion":"0","giftcard_accept":"0","creditcard_accept":false,"enhanced_background":"0","domain":"meska","specific_customer_id":null,"specific_customer_name":null,"to_order_product":"1","to_order_product_time":"1","product_different":null,"product_different_description":"","vintage":"0","vintage_category_id":"0","recycled":"0","gemstone_id":"0","customizable":"1","type_category":"physical","zerowaste":"0","postage_price":"1290.00","shop_order":"0","has_category":"1","landing_pages":null,"microdata":{"number":3,"category":""},"title":"Any\u00e1k napi aj\u00e1nd\u00e9k lap - m\u00e9hlegel\u0151 vir\u00e1gmagokkal fiol\u00e1ban","description":"Az \u00e1r tartalmazza:\n- Egyedi feliratot a lapra, ha esetleg az eredeti nem tetszik\n- 1 adag m\u00e9hlegel\u0151 \u00e9vel\u0151 vir\u00e1gmag kever\u00e9k\n- 1db A5 m\u00e9ret\u0171, 300g pap\u00edrra k\u00e9sz\u00fclt lapot\n- 1db \u00fcltet\u00e9si \u00fatmutat\u00f3t\n\nA leg\u00f6rd\u00fcl\u0151 men\u00fcb\u0151l v\u00e1laszthat\u00f3 a design stb.\n\nEnn\u00e9l a term\u00e9kn\u00e9l haszn\u00e1lhatod a gyors\u00edtott elk\u00e9sz\u00edt\u00e9si id\u0151t, rendeld meg a term\u00e9kkel egy\u00fctt:\nhttps:\/\/www.meska.hu\/p5770669-expressz-elkeszitesi-felar","score":0,"formatted_price":"1 250 Ft","image_url":"https:\/\/www.meska.hu\/img\/product\/small\/w\/e\/weddingfuldekormuhely_product_552843_260423172424_955342.png","formatted_url":"https:\/\/www.meska.hu\/p5769980-anyak-napi-ajandek-lap-mehlegelo-viragmagokkal-fiolaban","favourite":false,"in_stock":false,"avatar":"552843_avatar_1674075502.png","delete_from":0,"is_enhanced_background":false,"is_enhanced":true,"enhanced_ribbon":"<img src=\"\/images\/brightness_brighter_20x20.png\" style=\"position: absolute; right: 13px; top: 7px;\">","enhanced_key":2,"is_key_2":true,"is_key_3":false,"is_key_4":false,"product_selection_started":false,"is_active":true,"image_webp_url":"https:\/\/www.meska.hu\/img\/product\/small\/w\/e\/weddingfuldekormuhely_product_552843_260423172424_955342.webp"},{"id":"6084498","shop_id":"39844","user_id":"552512","shop_name":"Monapoly","shop_zip":"5744","product_code":"5713252","product_name_old":null,"product_name":"Dombornyomott, esk\u00fcv\u0151i, csillagk\u00e9pes \u00fcltet\u0151k\u00e1rtya, csillagos n\u00e9vt\u00e1bla, \u00fcltet\u0151k\u00e1rtya, dombor\u00edtott, csillagok, \u00e9gbolt","category_string":"Esk\u00fcv\u0151, Megh\u00edv\u00f3 & K\u00e1rtya, \u00dcltet\u00e9si rend","technic_string":"Fot\u00f3, grafika, rajz, illusztr\u00e1ci\u00f3","category_1":"317","category_2":"727","category_3":"1087","category_4":"0","merged_category_1":null,"merged_category_2":null,"merged_category_3":null,"technic_1":"483","technic_2":"0","technic_3":"0","color_1":"519","color_2":"0","color_3":"0","product_description_old":null,"product_description":"Ha nem el\u00e9gszel meg k\u00e9t dimenzi\u00f3val, dombornyomott \u00fcltet\u0151k\u00e1rty\u00e1inkat neked tal\u00e1ltuk ki. \n\nMinden mint\u00e1nk k\u00e9t f\u00e9le sz\u00ednben \u00e9rhet\u0151 el:\n-Feh\u00e9r: akvarell pap\u00edr\n-Barna: kreat\u00edv karton\n\n\nA k\u00e1rty\u00e1k k\u00e9zzel k\u00e9sz\u00fclnek, \u00edgy a dombornyomott minta elhelyezked\u00e9se elt\u00e9r\u0151 lehet a k\u00fcl\u00f6nb\u00f6z\u0151 k\u00e1rty\u00e1kon. \n\nVastags\u00e1g:\n250 gramm \n\nM\u00e9ret: \n5x7,5 cm \n\nRendel\u00e9s menete:\n-A mesk\u00e1s rendel\u00e9s el\u0151tt minden k\u00e9rd\u00e9sed szeretettel v\u00e1rom \u00fczenetben (ha vannak)! \n-A rendel\u00e9s megt\u00f6rt\u00e9nte ut\u00e1n egy pontos, ellen\u0151rz\u00f6tt n\u00e9vlist\u00e1t v\u00e1runk T\u0151led e-mailben, vagy a Meska fel\u00fclet\u00e9n, amely alapj\u00e1n elk\u00e9sz\u00edtj\u00fck a k\u00e1rty\u00e1kat.\n\nSz\u00e1ll\u00edt\u00e1si m\u00f3dok: \nGLS: Felad\u00e1st\u00f3l sz\u00e1m\u00edtott k\u00f6vetkez\u0151 munkanap\nFoxpost, Packeta: 1-7 munkanap, felel\u0151ss\u00e9get nem tudunk v\u00e1llalni a term\u00e9k pontos \u00e9rkez\u00e9s\u00e9re, hiszen az automat\u00e1k tel\u00edtetts\u00e9g\u00e9t\u0151l \u00e9s a sz\u00e1ll\u00edt\u00f3k strat\u00e9gi\u00e1it\u00f3l f\u00fcgg az \u00e9rkez\u00e9s. \nPosta: Felad\u00e1st\u00f3l sz\u00e1m\u00edtott 1-3 nap, t\u00f6bbnyire m\u00e1snap meg\u00e9rkezik, azonban nincs hozz\u00e1 k\u00f6vet\u00e9s. ","price":"250.00","unit":"db","recommended":"0","status":"1","sponsored":"0","exp_notify":"0","own_material":"0","own_material_description_old":null,"own_material_description":"","jury":"0","jury_number":"","product_nature":"","meskaracsony":"0","create_date":"2026-01-18 16:53:41","shelve_id":"79036","image":"monapoly_product_552512_260118165239_479840.jpeg","image_width":"480","image_height":"491","image_alt":"Dombornyomott, esk\u00fcv\u0151i, csillagk\u00e9pes \u00fcltet\u0151k\u00e1rtya, csillagos n\u00e9vt\u00e1bla, \u00fcltet\u0151k\u00e1rtya, dombor\u00edtott, csillagok, \u00e9gbolt, Ha nem el\u00e9gszel meg k\u00e9t dimenzi\u00f3val, dombornyomott \u00fcltet\u0151k\u00e1rty\u00e1inkat neked tal\u00e1ltuk ki. \\n\\nMinden min..., Meska","image_title":"Dombornyomott, esk\u00fcv\u0151i, csillagk\u00e9pes \u00fcltet\u0151k\u00e1rtya, csillagos n\u00e9vt\u00e1bla, \u00fcltet\u0151k\u00e1rtya, dombor\u00edtott, csillagok, \u00e9gbolt, Meska","view_count":"57","favourite_count":"0","trending_score":"0","last2MonthFavouriteCount":"0","promotion":"0","giftcard_accept":"0","creditcard_accept":true,"enhanced_background":"0","domain":"meska","specific_customer_id":null,"specific_customer_name":null,"to_order_product":"1","to_order_product_time":"10","product_different":null,"product_different_description":"","vintage":"0","vintage_category_id":"0","recycled":"0","gemstone_id":"0","customizable":"0","type_category":"physical","zerowaste":"0","postage_price":"1349.00","shop_order":"0","has_category":"1","landing_pages":null,"microdata":{"number":4,"category":""},"title":"Dombornyomott, esk\u00fcv\u0151i, csillagk\u00e9pes \u00fcltet\u0151k\u00e1rtya, csillagos n\u00e9vt\u00e1bla, \u00fcltet\u0151k\u00e1rtya, dombor\u00edtott, csillagok, \u00e9gbolt","description":"Ha nem el\u00e9gszel meg k\u00e9t dimenzi\u00f3val, dombornyomott \u00fcltet\u0151k\u00e1rty\u00e1inkat neked tal\u00e1ltuk ki. \n\nMinden mint\u00e1nk k\u00e9t f\u00e9le sz\u00ednben \u00e9rhet\u0151 el:\n-Feh\u00e9r: akvarell pap\u00edr\n-Barna: kreat\u00edv karton\n\n\nA k\u00e1rty\u00e1k k\u00e9zzel k\u00e9sz\u00fclnek, \u00edgy a dombornyomott minta elhelyezked\u00e9se elt\u00e9r\u0151 lehet a k\u00fcl\u00f6nb\u00f6z\u0151 k\u00e1rty\u00e1kon. \n\nVastags\u00e1g:\n250 gramm \n\nM\u00e9ret: \n5x7,5 cm \n\nRendel\u00e9s menete:\n-A mesk\u00e1s rendel\u00e9s el\u0151tt minden k\u00e9rd\u00e9sed szeretettel v\u00e1rom \u00fczenetben (ha vannak)! \n-A rendel\u00e9s megt\u00f6rt\u00e9nte ut\u00e1n egy pontos, ellen\u0151rz\u00f6tt n\u00e9vlist\u00e1t v\u00e1runk T\u0151led e-mailben, vagy a Meska fel\u00fclet\u00e9n, amely alapj\u00e1n elk\u00e9sz\u00edtj\u00fck a k\u00e1rty\u00e1kat.\n\nSz\u00e1ll\u00edt\u00e1si m\u00f3dok: \nGLS: Felad\u00e1st\u00f3l sz\u00e1m\u00edtott k\u00f6vetkez\u0151 munkanap\nFoxpost, Packeta: 1-7 munkanap, felel\u0151ss\u00e9get nem tudunk v\u00e1llalni a term\u00e9k pontos \u00e9rkez\u00e9s\u00e9re, hiszen az automat\u00e1k tel\u00edtetts\u00e9g\u00e9t\u0151l \u00e9s a sz\u00e1ll\u00edt\u00f3k strat\u00e9gi\u00e1it\u00f3l f\u00fcgg az \u00e9rkez\u00e9s. \nPosta: Felad\u00e1st\u00f3l sz\u00e1m\u00edtott 1-3 nap, t\u00f6bbnyire m\u00e1snap meg\u00e9rkezik, azonban nincs hozz\u00e1 k\u00f6vet\u00e9s. ","score":0,"formatted_price":"250 Ft","image_url":"https:\/\/www.meska.hu\/img\/product\/small\/m\/o\/monapoly_product_552512_260118165239_479840.jpeg","formatted_url":"https:\/\/www.meska.hu\/p5713252-dombornyomott-eskuvoi-csillagkepes-ultetokartya-csillagos-nevtabla-ultetokartya-domboritott-csillagok-egbolt","favourite":false,"in_stock":false,"avatar":"552512_avatar_1673958914.jpeg","delete_from":0,"is_enhanced_background":false,"is_enhanced":true,"enhanced_ribbon":"<img src=\"\/images\/brightness_brighter_20x20.png\" style=\"position: absolute; right: 13px; top: 7px;\">","enhanced_key":3,"is_key_2":false,"is_key_3":true,"is_key_4":false,"product_selection_started":false,"is_active":true,"image_webp_url":"https:\/\/www.meska.hu\/img\/product\/small\/m\/o\/monapoly_product_552512_260118165239_479840.webp"},{"id":"6177916","shop_id":"40935","user_id":"22314","shop_name":"LINDesign","shop_zip":"6523","product_code":"5769576","product_name_old":null,"product_name":"Fa s\u00e1mli, fa gyereksz\u00e9k, kis sz\u00e9k - aj\u00e1nd\u00e9k ","category_string":"Baba - mama, Keresztel\u0151 kell\u00e9kek, Keresztel\u0151aj\u00e1nd\u00e9kok","technic_string":"Fest\u00e9szet, Festett t\u00e1rgyak","category_1":"1735","category_2":"1745","category_3":"1495","category_4":"0","merged_category_1":null,"merged_category_2":null,"merged_category_3":null,"technic_1":"480","technic_2":"481","technic_3":"0","color_1":"520","color_2":"523","color_3":"525","product_description_old":null,"product_description":"Egyedi k\u00e9zzel festett fa s\u00e1mli, gyereksz\u00e9k.\nM\u00e1r 1 \u00e9ves kort\u00f3l aj\u00e1nlott.\nNagy teherb\u00edr\u00e1s\u00fa, gyerekbar\u00e1t laz\u00farral lekezelve.\nA minta v\u00e1ltoztathat\u00f3 fi\u00fak, l\u00e1nyok r\u00e9sz\u00e9re.\nIde\u00e1lis aj\u00e1nd\u00e9k keresztel\u0151re, sz\u00fclinapra, n\u00e9vnapra, h\u00fasv\u00e9tra, kar\u00e1csonyra stb....\nEgyedi elk\u00e9pzel\u00e9st is megval\u00f3s\u00edtok.\nAz elk\u00e9sz\u00edt\u00e9si id\u0151 t\u00e1j\u00e9koztat\u00f3 jelleg\u0171, el\u0151bb is elk\u00e9sz\u00fclhet, err\u0151l \u00fczenetben \u00e9rdekl\u0151dj ha s\u00fcrg\u0151s.\n","price":"12000.00","unit":"db","recommended":"0","status":"1","sponsored":"0","exp_notify":"0","own_material":"0","own_material_description_old":null,"own_material_description":"","jury":"0","jury_number":"","product_nature":"","meskaracsony":"0","create_date":"2026-04-08 17:08:21","shelve_id":"0","image":"lindesign_product_22314_260408165550_91367.jpeg","image_width":"480","image_height":"640","image_alt":"Fa s\u00e1mli, fa gyereksz\u00e9k, kis sz\u00e9k - aj\u00e1nd\u00e9k , Egyedi k\u00e9zzel festett fa s\u00e1mli, gyereksz\u00e9k.\\nM\u00e1r 1 \u00e9ves kort\u00f3l aj\u00e1nlott.\\nNagy teherb\u00edr\u00e1s\u00fa, gyerekbar\u00e1..., Meska","image_title":"Fa s\u00e1mli, fa gyereksz\u00e9k, kis sz\u00e9k - aj\u00e1nd\u00e9k , Meska","view_count":"53","favourite_count":"0","trending_score":"0","last2MonthFavouriteCount":"0","promotion":"0","giftcard_accept":"0","creditcard_accept":false,"enhanced_background":"0","domain":"meska","specific_customer_id":null,"specific_customer_name":null,"to_order_product":"1","to_order_product_time":"20","product_different":null,"product_different_description":"","vintage":"0","vintage_category_id":"0","recycled":"0","gemstone_id":"0","customizable":"1","type_category":"physical","zerowaste":"0","postage_price":"1435.00","shop_order":"0","has_category":"1","landing_pages":null,"microdata":{"number":1,"category":""},"title":"Fa s\u00e1mli, fa gyereksz\u00e9k, kis sz\u00e9k - aj\u00e1nd\u00e9k ","description":"Egyedi k\u00e9zzel festett fa s\u00e1mli, gyereksz\u00e9k.\nM\u00e1r 1 \u00e9ves kort\u00f3l aj\u00e1nlott.\nNagy teherb\u00edr\u00e1s\u00fa, gyerekbar\u00e1t laz\u00farral lekezelve.\nA minta v\u00e1ltoztathat\u00f3 fi\u00fak, l\u00e1nyok r\u00e9sz\u00e9re.\nIde\u00e1lis aj\u00e1nd\u00e9k keresztel\u0151re, sz\u00fclinapra, n\u00e9vnapra, h\u00fasv\u00e9tra, kar\u00e1csonyra stb....\nEgyedi elk\u00e9pzel\u00e9st is megval\u00f3s\u00edtok.\nAz elk\u00e9sz\u00edt\u00e9si id\u0151 t\u00e1j\u00e9koztat\u00f3 jelleg\u0171, el\u0151bb is elk\u00e9sz\u00fclhet, err\u0151l \u00fczenetben \u00e9rdekl\u0151dj ha s\u00fcrg\u0151s.\n","score":143.36858,"formatted_price":"12 000 Ft","image_url":"https:\/\/www.meska.hu\/img\/product\/small\/l\/i\/lindesign_product_22314_260408165550_91367.jpeg","formatted_url":"https:\/\/www.meska.hu\/p5769576-fa-samli-fa-gyerekszek-kis-szek-ajandek","favourite":false,"in_stock":false,"avatar":"LINDesign_avatar_22314_1681318422.jpg","delete_from":0,"is_enhanced_background":false,"is_enhanced":false,"product_selection_started":false,"is_active":true,"image_webp_url":"https:\/\/www.meska.hu\/img\/product\/small\/l\/i\/lindesign_product_22314_260408165550_91367.webp"},{"id":"5428227","shop_id":"12016","user_id":"66968","shop_name":"barbiebaba","shop_zip":"5940","product_code":"5339245","product_name_old":null,"product_name":"Angyalsz\u00e1rnyas kark\u00f6t\u0151 keresztel\u0151 aj\u00e1nd\u00e9k","category_string":"Baba - mama, Keresztel\u0151aj\u00e1nd\u00e9kok, Keresztel\u0151 kell\u00e9kek","technic_string":"\u00c9kszerk\u00e9sz\u00edt\u00e9s","category_1":"1495","category_2":"1745","category_3":"1735","category_4":"0","merged_category_1":null,"merged_category_2":null,"merged_category_3":null,"technic_1":"477","technic_2":"0","technic_3":"0","color_1":"1474","color_2":"0","color_3":"0","product_description_old":null,"product_description":"Angyalsz\u00e1rnyas kark\u00f6t\u0151 keresztel\u0151 aj\u00e1nd\u00e9k\nM\u00e9retek:\n15-XS m\u00e9ret ( nagyon kis csukl\u00f3, \u00e1ltal\u00e1ban gyermek m\u00e9ret)\n16-S m\u00e9ret ( v\u00e9kony testalkat, v\u00e9kony csukl\u00f3)\n17- M m\u00e9ret (\u00e1tlagos m\u00e9ret)\n18- L m\u00e9ret ( k\u00f6zepes testalkat, er\u0151sebb csukl\u00f3)\n19- XL m\u00e9ret (nagyobb testalkat\u00fa, er\u0151s csukl\u00f3)\n20-21-22- \u00e1ltal\u00e1ban f\u00e9rfi csukl\u00f3 m\u00e9ret\n\u00c1sv\u00e1nyok:\nJ\u00e1spis hat\u00e1sa: v\u00e9d\u0151, em\u00e9szt\u0151rendszer, ivarszervek, v\u00e9rkering\u00e9s, stresszold\u00f3, auratiszt\u00edt\u00f3\nHegyikrist\u00e1ly hat\u00e1sa: sejtregener\u00e1l\u00f3, v\u00e9d\u0151, immuner\u0151s\u00edt\u0151, agyi funkci\u00f3k, depresszi\u00f3, idegrendszer, m\u00e9regtelen\u00edt\u0151, anyagcsere, hormonh\u00e1ztart\u00e1s, v\u00e9rcukor, energia\nAch\u00e1t hat\u00e1sai: v\u00e9d\u0151, szerencse, nyugtat\u00f3, agyi funkci\u00f3k fejleszt\u00e9se, em\u00e9szt\u00e9s, aura tiszt\u00edt\u00f3\nR\u00f3zsakvarc hat\u00e1sa: mesterkrist\u00e1ly, nyugtat\u00f3, kommunik\u00e1ci\u00f3, m\u00e9regtelen\u00edt\u0151, vese, v\u00e9rnyom\u00e1s stabiliz\u00e1l\u00f3, sz\u00edv, mell\u00e9kvese, b\u0151r","price":"6390.00","unit":"db","recommended":"0","status":"1","sponsored":"0","exp_notify":"0","own_material":"0","own_material_description_old":null,"own_material_description":"","jury":"0","jury_number":"","product_nature":"","meskaracsony":"0","create_date":"2026-02-09 10:14:26","shelve_id":"0","image":"barbiebaba_product_66968_240730090847_113560.jpeg","image_width":"480","image_height":"639","image_alt":"Angyalsz\u00e1rnyas kark\u00f6t\u0151 keresztel\u0151 aj\u00e1nd\u00e9k, Angyalsz\u00e1rnyas kark\u00f6t\u0151 keresztel\u0151 aj\u00e1nd\u00e9k\\nM\u00e9retek:\\n15-XS m\u00e9ret ( nagyon kis csukl\u00f3, \u00e1ltal\u00e1ban gyerme..., Meska","image_title":"Angyalsz\u00e1rnyas kark\u00f6t\u0151 keresztel\u0151 aj\u00e1nd\u00e9k, Meska","view_count":"912","favourite_count":"0","trending_score":"0","last2MonthFavouriteCount":"0","promotion":"0","giftcard_accept":"1","creditcard_accept":false,"enhanced_background":"0","domain":"meska","specific_customer_id":null,"specific_customer_name":null,"to_order_product":"0","to_order_product_time":"0","product_different":null,"product_different_description":"","vintage":"0","vintage_category_id":"0","recycled":"0","gemstone_id":"0","customizable":"0","type_category":"physical","zerowaste":"0","postage_price":"1300.00","shop_order":"0","has_category":"1","landing_pages":null,"microdata":{"number":2,"category":""},"title":"Angyalsz\u00e1rnyas kark\u00f6t\u0151 keresztel\u0151 aj\u00e1nd\u00e9k","description":"Angyalsz\u00e1rnyas kark\u00f6t\u0151 keresztel\u0151 aj\u00e1nd\u00e9k\nM\u00e9retek:\n15-XS m\u00e9ret ( nagyon kis csukl\u00f3, \u00e1ltal\u00e1ban gyermek m\u00e9ret)\n16-S m\u00e9ret ( v\u00e9kony testalkat, v\u00e9kony csukl\u00f3)\n17- M m\u00e9ret (\u00e1tlagos m\u00e9ret)\n18- L m\u00e9ret ( k\u00f6zepes testalkat, er\u0151sebb csukl\u00f3)\n19- XL m\u00e9ret (nagyobb testalkat\u00fa, er\u0151s csukl\u00f3)\n20-21-22- \u00e1ltal\u00e1ban f\u00e9rfi csukl\u00f3 m\u00e9ret\n\u00c1sv\u00e1nyok:\nJ\u00e1spis hat\u00e1sa: v\u00e9d\u0151, em\u00e9szt\u0151rendszer, ivarszervek, v\u00e9rkering\u00e9s, stresszold\u00f3, auratiszt\u00edt\u00f3\nHegyikrist\u00e1ly hat\u00e1sa: sejtregener\u00e1l\u00f3, v\u00e9d\u0151, immuner\u0151s\u00edt\u0151, agyi funkci\u00f3k, depresszi\u00f3, idegrendszer, m\u00e9regtelen\u00edt\u0151, anyagcsere, hormonh\u00e1ztart\u00e1s, v\u00e9rcukor, energia\nAch\u00e1t hat\u00e1sai: v\u00e9d\u0151, szerencse, nyugtat\u00f3, agyi funkci\u00f3k fejleszt\u00e9se, em\u00e9szt\u00e9s, aura tiszt\u00edt\u00f3\nR\u00f3zsakvarc hat\u00e1sa: mesterkrist\u00e1ly, nyugtat\u00f3, kommunik\u00e1ci\u00f3, m\u00e9regtelen\u00edt\u0151, vese, v\u00e9rnyom\u00e1s stabiliz\u00e1l\u00f3, sz\u00edv, mell\u00e9kvese, b\u0151r","score":141.71729,"formatted_price":"6 390 Ft","image_url":"https:\/\/www.meska.hu\/img\/product\/small\/b\/a\/barbiebaba_product_66968_240730090847_113560.jpeg","formatted_url":"https:\/\/www.meska.hu\/p5339245-angyalszarnyas-karkoto-keresztelo-ajandek","favourite":false,"in_stock":true,"avatar":"barbiebaba_avatar_66968_1619282311.png","delete_from":0,"is_enhanced_background":false,"is_enhanced":false,"product_selection_started":false,"is_active":true,"image_webp_url":"https:\/\/www.meska.hu\/img\/product\/small\/b\/a\/barbiebaba_product_66968_240730090847_113560.webp"},{"id":"5800362","shop_id":"48192","user_id":"706650","shop_name":"MeziProjektbyViki","shop_zip":"1041","product_code":"5555689","product_name_old":null,"product_name":"Egyedi m\u00e9zeskal\u00e1cs keresztel\u0151 aj\u00e1nd\u00e9k","category_string":"Baba - mama, Keresztel\u0151aj\u00e1nd\u00e9kok, Keresztel\u0151 kell\u00e9kek","technic_string":"M\u00e9zeskal\u00e1css\u00fct\u00e9s","category_1":"1495","category_2":"1745","category_3":"1735","category_4":"0","merged_category_1":null,"merged_category_2":null,"merged_category_3":null,"technic_1":"492","technic_2":"0","technic_3":"0","color_1":"519","color_2":"521","color_3":"525","product_description_old":null,"product_description":"Kedves \u00c9rdekl\u0151d\u0151!\n\n\u00dcdv\u00f6z\u00f6llek a M\u00e9zi Projekt by Viki Meska oldal\u00e1n!\n\nEgyedi, szem\u00e9lyre szabhat\u00f3, feliratozhat\u00f3 m\u00e9zeskal\u00e1cs keresztek b\u00e1rmilyen sz\u00ednben. Kit\u0171n\u0151 aj\u00e1nd\u00e9k lehet keresztel\u0151re!","price":"3290.00","unit":"db","recommended":"0","status":"1","sponsored":"0","exp_notify":"0","own_material":"0","own_material_description_old":null,"own_material_description":"","jury":"0","jury_number":"","product_nature":"","meskaracsony":"0","create_date":"2026-03-19 15:41:18","shelve_id":"0","image":"meziprojektbyviki_product_706650_250522105304_741696.png","image_width":"480","image_height":"600","image_alt":"Egyedi m\u00e9zeskal\u00e1cs keresztel\u0151 aj\u00e1nd\u00e9k, Kedves \u00c9rdekl\u0151d\u0151!\\n\\n\u00dcdv\u00f6z\u00f6llek a M\u00e9zi Projekt by Viki Meska oldal\u00e1n!\\n\\nEgyedi, szem\u00e9lyre szabhat\u00f3, fel..., Meska","image_title":"Egyedi m\u00e9zeskal\u00e1cs keresztel\u0151 aj\u00e1nd\u00e9k, Meska","view_count":"772","favourite_count":"0","trending_score":"0","last2MonthFavouriteCount":"0","promotion":"0","giftcard_accept":"0","creditcard_accept":true,"enhanced_background":"0","domain":"meska","specific_customer_id":null,"specific_customer_name":null,"to_order_product":"1","to_order_product_time":"15","product_different":null,"product_different_description":"","vintage":"0","vintage_category_id":"0","recycled":"0","gemstone_id":"0","customizable":"1","type_category":"physical","zerowaste":"0","postage_price":"1290.00","shop_order":"0","has_category":"1","landing_pages":null,"microdata":{"number":3,"category":""},"title":"Egyedi m\u00e9zeskal\u00e1cs keresztel\u0151 aj\u00e1nd\u00e9k","description":"Kedves \u00c9rdekl\u0151d\u0151!\n\n\u00dcdv\u00f6z\u00f6llek a M\u00e9zi Projekt by Viki Meska oldal\u00e1n!\n\nEgyedi, szem\u00e9lyre szabhat\u00f3, feliratozhat\u00f3 m\u00e9zeskal\u00e1cs keresztek b\u00e1rmilyen sz\u00ednben. Kit\u0171n\u0151 aj\u00e1nd\u00e9k lehet keresztel\u0151re!","score":140.3466,"formatted_price":"3 290 Ft","image_url":"https:\/\/www.meska.hu\/img\/product\/small\/m\/e\/meziprojektbyviki_product_706650_250522105304_741696.png","formatted_url":"https:\/\/www.meska.hu\/p5555689-egyedi-mezeskalacs-keresztelo-ajandek","favourite":false,"in_stock":false,"avatar":"706650_avatar_1740483273.png","delete_from":0,"is_enhanced_background":false,"is_enhanced":false,"product_selection_started":false,"is_active":true,"image_webp_url":"https:\/\/www.meska.hu\/img\/product\/small\/m\/e\/meziprojektbyviki_product_706650_250522105304_741696.webp"},{"id":"6096816","shop_id":"51","user_id":"94","shop_name":"Eradekor","shop_zip":"1194","product_code":"5721421","product_name_old":null,"product_name":"Babal\u00e1togat\u00e1sra aj\u00e1nd\u00e9k kisfi\u00faknak","category_string":"Baba - mama, Keresztel\u0151 kell\u00e9kek, Keresztel\u0151aj\u00e1nd\u00e9kok","technic_string":"Festett t\u00e1rgyak","category_1":"1735","category_2":"1745","category_3":"1495","category_4":"0","merged_category_1":null,"merged_category_2":null,"merged_category_3":null,"technic_1":"481","technic_2":"0","technic_3":"0","color_1":"519","color_2":"521","color_3":"0","product_description_old":null,"product_description":"R\u00f3k\u00e1s n\u00e9vre sz\u00f3l\u00f3,  festett s\u00e1mli k\u00e9sz\u00fclt egy kisfi\u00fanak.\nHasonl\u00f3t k\u00e9sz\u00edt\u00fcnk megrendel\u00e9sre.\nEzek a k\u00e9k  s\u00e1mlik kisfi\u00faknak k\u00e9sz\u00fcltek.\nN\u00e9vre sz\u00f3l\u00f3 s\u00e1mlikat k\u00e9sz\u00edt\u00fcnk  keresztel\u0151kre.\nMes\u00e9s s\u00e1mlikat \u00e9s l\u00e1d\u00e1kat  fest\u00fcnk kisl\u00e1nyoknak, kisfi\u00faknak.\nMegrendel\u0151ink f\u0151leg keresztel\u0151 \u00e9s babal\u00e1togat\u00f3 aj\u00e1nd\u00e9kba viszik,\n mert egyedi, k\u00fcl\u00f6nleges szem\u00e9lyre  sz\u00f3l\u00f3.\nA gyerekek nagyon szeretik a s\u00e1mlit!\nAzonnal tudj\u00e1k mire val\u00f3.\n Ez a BABA m\u00e9ret,  1 \u00e9ves kort\u00f3l m\u00e1r haszn\u00e1lhat\u00f3.\nA kis tulajdonos nev\u00e9t \u00edrjuk a s\u00e1mli tetej\u00e9re.\nJ\u00e1t\u00e9kos  bet\u0171kkel, mes\u00e9s, vir\u00e1gos, pillang\u00f3s, madaras, lufis,\nlabd\u00e1s stb. mint\u00e1kkal f\u0171szerezve.\nA n\u00e9v inspir\u00e1l a lehets\u00e9ges mint\u00e1k elhelyez\u00e9s\u00e9ben.\nTetej\u00e9n 1 kiv\u00e1gott sz\u00edvvel lehet megfogni, pont megfelel\u0151 m\u00e9ret a baba kezekhez.\nA s\u00e1mli egyedi EraDekor tervez\u00e9s,\nmassz\u00edv, sz\u00e9les,  biztons\u00e1gos.\nM\u00e9ret:30x20x20cm\nAnyuka \u00e9s apuka is r\u00e1\u00fclhet.\nGyerek bar\u00e1t lakkal kezelt, nedves ruh\u00e1val t\u00f6r\u00f6lhet\u0151.\n\n\n\n\n\n \n\n\n","price":"35500.00","unit":"db","recommended":"0","status":"1","sponsored":"0","exp_notify":"0","own_material":"0","own_material_description_old":null,"own_material_description":"","jury":"0","jury_number":"","product_nature":"","meskaracsony":"0","create_date":"2026-01-29 08:58:20","shelve_id":"26305","image":"eradekor_product_94_231018224204_133111.jpeg","image_width":"480","image_height":"480","image_alt":"Babal\u00e1togat\u00e1sra aj\u00e1nd\u00e9k kisfi\u00faknak, R\u00f3k\u00e1s n\u00e9vre sz\u00f3l\u00f3,  festett s\u00e1mli k\u00e9sz\u00fclt egy kisfi\u00fanak.\\nHasonl\u00f3t k\u00e9sz\u00edt\u00fcnk megrendel\u00e9sre.\\nEzek a k\u00e9..., Meska","image_title":"Babal\u00e1togat\u00e1sra aj\u00e1nd\u00e9k kisfi\u00faknak, Meska","view_count":"79","favourite_count":"0","trending_score":"0","last2MonthFavouriteCount":"0","promotion":"0","giftcard_accept":"0","creditcard_accept":false,"enhanced_background":"0","domain":"meska","specific_customer_id":null,"specific_customer_name":null,"to_order_product":"1","to_order_product_time":"8","product_different":"not_different","product_different_description":"","vintage":"0","vintage_category_id":"0","recycled":"0","gemstone_id":"0","customizable":"1","type_category":"physical","zerowaste":"0","postage_price":"2390.00","shop_order":"0","has_category":"1","landing_pages":null,"microdata":{"number":4,"category":""},"title":"Babal\u00e1togat\u00e1sra aj\u00e1nd\u00e9k kisfi\u00faknak","description":"R\u00f3k\u00e1s n\u00e9vre sz\u00f3l\u00f3,  festett s\u00e1mli k\u00e9sz\u00fclt egy kisfi\u00fanak.\nHasonl\u00f3t k\u00e9sz\u00edt\u00fcnk megrendel\u00e9sre.\nEzek a k\u00e9k  s\u00e1mlik kisfi\u00faknak k\u00e9sz\u00fcltek.\nN\u00e9vre sz\u00f3l\u00f3 s\u00e1mlikat k\u00e9sz\u00edt\u00fcnk  keresztel\u0151kre.\nMes\u00e9s s\u00e1mlikat \u00e9s l\u00e1d\u00e1kat  fest\u00fcnk kisl\u00e1nyoknak, kisfi\u00faknak.\nMegrendel\u0151ink f\u0151leg keresztel\u0151 \u00e9s babal\u00e1togat\u00f3 aj\u00e1nd\u00e9kba viszik,\n mert egyedi, k\u00fcl\u00f6nleges szem\u00e9lyre  sz\u00f3l\u00f3.\nA gyerekek nagyon szeretik a s\u00e1mlit!\nAzonnal tudj\u00e1k mire val\u00f3.\n Ez a BABA m\u00e9ret,  1 \u00e9ves kort\u00f3l m\u00e1r haszn\u00e1lhat\u00f3.\nA kis tulajdonos nev\u00e9t \u00edrjuk a s\u00e1mli tetej\u00e9re.\nJ\u00e1t\u00e9kos  bet\u0171kkel, mes\u00e9s, vir\u00e1gos, pillang\u00f3s, madaras, lufis,\nlabd\u00e1s stb. mint\u00e1kkal f\u0171szerezve.\nA n\u00e9v inspir\u00e1l a lehets\u00e9ges mint\u00e1k elhelyez\u00e9s\u00e9ben.\nTetej\u00e9n 1 kiv\u00e1gott sz\u00edvvel lehet megfogni, pont megfelel\u0151 m\u00e9ret a baba kezekhez.\nA s\u00e1mli egyedi EraDekor tervez\u00e9s,\nmassz\u00edv, sz\u00e9les,  biztons\u00e1gos.\nM\u00e9ret:30x20x20cm\nAnyuka \u00e9s apuka is r\u00e1\u00fclhet.\nGyerek bar\u00e1t lakkal kezelt, nedves ruh\u00e1val t\u00f6r\u00f6lhet\u0151.\n\n\n\n\n\n \n\n\n","score":140.05736,"formatted_price":"35 500 Ft","image_url":"https:\/\/www.meska.hu\/img\/product\/small\/e\/r\/eradekor_product_94_231018224204_133111.jpeg","formatted_url":"https:\/\/www.meska.hu\/p5721421-babalatogatasra-ajandek-kisfiuknak","favourite":false,"in_stock":false,"avatar":"Eradekor_avatar_94.jpg","delete_from":0,"is_enhanced_background":false,"is_enhanced":false,"product_selection_started":false,"is_active":true,"image_webp_url":"https:\/\/www.meska.hu\/img\/product\/small\/e\/r\/eradekor_product_94_231018224204_133111.webp"},{"id":"6090836","shop_id":"51","user_id":"94","shop_name":"Eradekor","shop_zip":"1194","product_code":"5718080","product_name_old":null,"product_name":"Babal\u00e1togat\u00e1sra aj\u00e1nd\u00e9k kisfi\u00faknak","category_string":"Baba - mama, Keresztel\u0151 kell\u00e9kek, Keresztel\u0151aj\u00e1nd\u00e9kok","technic_string":"Festett t\u00e1rgyak","category_1":"1735","category_2":"1745","category_3":"1495","category_4":"0","merged_category_1":null,"merged_category_2":null,"merged_category_3":null,"technic_1":"481","technic_2":"0","technic_3":"0","color_1":"519","color_2":"521","color_3":"0","product_description_old":null,"product_description":"R\u00f3k\u00e1s n\u00e9vre sz\u00f3l\u00f3,  festett s\u00e1mli k\u00e9sz\u00fclt egy kisfi\u00fanak.\nHasonl\u00f3t k\u00e9sz\u00edt\u00fcnk megrendel\u00e9sre.\nEzek a k\u00e9k  s\u00e1mlik kisfi\u00faknak k\u00e9sz\u00fcltek.\nN\u00e9vre sz\u00f3l\u00f3 s\u00e1mlikat k\u00e9sz\u00edt\u00fcnk  keresztel\u0151kre.\nMes\u00e9s s\u00e1mlikat \u00e9s l\u00e1d\u00e1kat  fest\u00fcnk kisl\u00e1nyoknak, kisfi\u00faknak.\nMegrendel\u0151ink f\u0151leg keresztel\u0151 \u00e9s babal\u00e1togat\u00f3 aj\u00e1nd\u00e9kba viszik,\n mert egyedi, k\u00fcl\u00f6nleges szem\u00e9lyre  sz\u00f3l\u00f3.\nA gyerekek nagyon szeretik a s\u00e1mlit!\nAzonnal tudj\u00e1k mire val\u00f3.\n Ez a BABA m\u00e9ret,  1 \u00e9ves kort\u00f3l m\u00e1r haszn\u00e1lhat\u00f3.\nA kis tulajdonos nev\u00e9t \u00edrjuk a s\u00e1mli tetej\u00e9re.\nJ\u00e1t\u00e9kos  bet\u0171kkel, mes\u00e9s, vir\u00e1gos, pillang\u00f3s, madaras, lufis,\nlabd\u00e1s stb. mint\u00e1kkal f\u0171szerezve.\nA n\u00e9v inspir\u00e1l a lehets\u00e9ges mint\u00e1k elhelyez\u00e9s\u00e9ben.\nTetej\u00e9n 1 kiv\u00e1gott sz\u00edvvel lehet megfogni, pont megfelel\u0151 m\u00e9ret a baba kezekhez.\nA s\u00e1mli egyedi EraDekor tervez\u00e9s,\nmassz\u00edv, sz\u00e9les,  biztons\u00e1gos.\nM\u00e9ret:30x20x20cm\nAnyuka \u00e9s apuka is r\u00e1\u00fclhet.\nGyerek bar\u00e1t lakkal kezelt, nedves ruh\u00e1val t\u00f6r\u00f6lhet\u0151.\n\n\n\n\n\n \n\n\n","price":"35500.00","unit":"db","recommended":"0","status":"1","sponsored":"0","exp_notify":"0","own_material":"0","own_material_description_old":null,"own_material_description":"","jury":"0","jury_number":"","product_nature":"","meskaracsony":"0","create_date":"2026-01-21 21:53:27","shelve_id":"26305","image":"eradekor_product_94_231018224204_133111.jpeg","image_width":"480","image_height":"480","image_alt":"Babal\u00e1togat\u00e1sra aj\u00e1nd\u00e9k kisfi\u00faknak, R\u00f3k\u00e1s n\u00e9vre sz\u00f3l\u00f3,  festett s\u00e1mli k\u00e9sz\u00fclt egy kisfi\u00fanak.\\nHasonl\u00f3t k\u00e9sz\u00edt\u00fcnk megrendel\u00e9sre.\\nEzek a k\u00e9..., Meska","image_title":"Babal\u00e1togat\u00e1sra aj\u00e1nd\u00e9k kisfi\u00faknak, Meska","view_count":"82","favourite_count":"0","trending_score":"0","last2MonthFavouriteCount":"0","promotion":"0","giftcard_accept":"0","creditcard_accept":false,"enhanced_background":"0","domain":"meska","specific_customer_id":null,"specific_customer_name":null,"to_order_product":"1","to_order_product_time":"8","product_different":"not_different","product_different_description":"","vintage":"0","vintage_category_id":"0","recycled":"0","gemstone_id":"0","customizable":"1","type_category":"physical","zerowaste":"0","postage_price":"2390.00","shop_order":"0","has_category":"1","landing_pages":null,"microdata":{"number":5,"category":""},"title":"Babal\u00e1togat\u00e1sra aj\u00e1nd\u00e9k kisfi\u00faknak","description":"R\u00f3k\u00e1s n\u00e9vre sz\u00f3l\u00f3,  festett s\u00e1mli k\u00e9sz\u00fclt egy kisfi\u00fanak.\nHasonl\u00f3t k\u00e9sz\u00edt\u00fcnk megrendel\u00e9sre.\nEzek a k\u00e9k  s\u00e1mlik kisfi\u00faknak k\u00e9sz\u00fcltek.\nN\u00e9vre sz\u00f3l\u00f3 s\u00e1mlikat k\u00e9sz\u00edt\u00fcnk  keresztel\u0151kre.\nMes\u00e9s s\u00e1mlikat \u00e9s l\u00e1d\u00e1kat  fest\u00fcnk kisl\u00e1nyoknak, kisfi\u00faknak.\nMegrendel\u0151ink f\u0151leg keresztel\u0151 \u00e9s babal\u00e1togat\u00f3 aj\u00e1nd\u00e9kba viszik,\n mert egyedi, k\u00fcl\u00f6nleges szem\u00e9lyre  sz\u00f3l\u00f3.\nA gyerekek nagyon szeretik a s\u00e1mlit!\nAzonnal tudj\u00e1k mire val\u00f3.\n Ez a BABA m\u00e9ret,  1 \u00e9ves kort\u00f3l m\u00e1r haszn\u00e1lhat\u00f3.\nA kis tulajdonos nev\u00e9t \u00edrjuk a s\u00e1mli tetej\u00e9re.\nJ\u00e1t\u00e9kos  bet\u0171kkel, mes\u00e9s, vir\u00e1gos, pillang\u00f3s, madaras, lufis,\nlabd\u00e1s stb. mint\u00e1kkal f\u0171szerezve.\nA n\u00e9v inspir\u00e1l a lehets\u00e9ges mint\u00e1k elhelyez\u00e9s\u00e9ben.\nTetej\u00e9n 1 kiv\u00e1gott sz\u00edvvel lehet megfogni, pont megfelel\u0151 m\u00e9ret a baba kezekhez.\nA s\u00e1mli egyedi EraDekor tervez\u00e9s,\nmassz\u00edv, sz\u00e9les,  biztons\u00e1gos.\nM\u00e9ret:30x20x20cm\nAnyuka \u00e9s apuka is r\u00e1\u00fclhet.\nGyerek bar\u00e1t lakkal kezelt, nedves ruh\u00e1val t\u00f6r\u00f6lhet\u0151.\n\n\n\n\n\n \n\n\n","score":140.05736,"formatted_price":"35 500 Ft","image_url":"https:\/\/www.meska.hu\/img\/product\/small\/e\/r\/eradekor_product_94_231018224204_133111.jpeg","formatted_url":"https:\/\/www.meska.hu\/p5718080-babalatogatasra-ajandek-kisfiuknak","favourite":false,"in_stock":false,"avatar":"Eradekor_avatar_94.jpg","delete_from":0,"is_enhanced_background":false,"is_enhanced":false,"product_selection_started":false,"is_active":true,"image_webp_url":"https:\/\/www.meska.hu\/img\/product\/small\/e\/r\/eradekor_product_94_231018224204_133111.webp"},{"id":"6108204","shop_id":"41917","user_id":"75543","shop_name":"AnaRita","shop_zip":"1013","product_code":"5728089","product_name_old":null,"product_name":"Keresztel\u0151 aj\u00e1nd\u00e9k \u00e1sv\u00e1ny \u00f6ttizedes r\u00f3zsaf\u00fcz\u00e9r d\u00edszdobozban k\u00eds\u00e9r\u0151 sz\u00f6veggel fi\u00fa gyermeknek ","category_string":"Baba - mama, Keresztel\u0151 kell\u00e9kek, Keresztel\u0151aj\u00e1nd\u00e9kok","technic_string":"\u00c9kszerk\u00e9sz\u00edt\u00e9s, Fot\u00f3, grafika, rajz, illusztr\u00e1ci\u00f3","category_1":"1735","category_2":"1745","category_3":"1495","category_4":"0","merged_category_1":null,"merged_category_2":null,"merged_category_3":null,"technic_1":"477","technic_2":"483","technic_3":"0","color_1":"518","color_2":"521","color_3":"0","product_description_old":null,"product_description":"\u00d6ttizedes \"val\u00f3di\" r\u00f3zsaf\u00fcz\u00e9r, 6 mm-es Aquamarin \u00e1sv\u00e1nygy\u00f6ngy\u00f6kb\u0151l k\u00e9sz\u00fclt. D\u00edszes k\u00f6z\u00e9pmed\u00e1llal \u00e9s d\u00edszes kereszttel. D\u00edszdobozban adjuk organza tasakkal kedves k\u00eds\u00e9r\u0151 \u00fczenettel. A doboz a k\u00e9szlet f\u00fcggv\u00e9ny\u00e9ben minim\u00e1lisan elt\u00e9rhet a k\u00e9pen l\u00e1that\u00f3t\u00f3l.\nKeresztel\u0151vel kapcsolatos tov\u00e1bbi term\u00e9keinket az al\u00e1bbi linken tal\u00e1lod:\nhttps:\/\/www.meska.hu\/shop\/AnaRita?s=77510\nAz \u00f6sszes r\u00f3zsaf\u00fcz\u00e9r\u00fcnket ezen a linken tal\u00e1lod:\nhttps:\/\/www.meska.hu\/shop\/AnaRita?s=75464\n\nK\u00f6sz\u00f6nj\u00fck, hogy ben\u00e9zt\u00e9l! :)\nAna \u00e9s Rita (AnaRita \u00c9kszerek)","price":"10990.00","unit":"db","recommended":"0","status":"1","sponsored":"0","exp_notify":"0","own_material":"0","own_material_description_old":null,"own_material_description":"","jury":"0","jury_number":"","product_nature":"","meskaracsony":"0","create_date":"2026-03-29 16:18:25","shelve_id":"77510","image":"anarita_product_75543_250915204353_123555.jpeg","image_width":"480","image_height":"480","image_alt":"Keresztel\u0151 aj\u00e1nd\u00e9k \u00e1sv\u00e1ny \u00f6ttizedes r\u00f3zsaf\u00fcz\u00e9r d\u00edszdobozban k\u00eds\u00e9r\u0151 sz\u00f6veggel fi\u00fa gyermeknek , \u00d6ttizedes \\\"val\u00f3di\\\" r\u00f3zsaf\u00fcz\u00e9r, 6 mm-es Aquamarin \u00e1sv\u00e1nygy\u00f6ngy\u00f6kb\u0151l k\u00e9sz\u00fclt. D\u00edszes k\u00f6z\u00e9pmed\u00e1llal \u00e9s ..., Meska","image_title":"Keresztel\u0151 aj\u00e1nd\u00e9k \u00e1sv\u00e1ny \u00f6ttizedes r\u00f3zsaf\u00fcz\u00e9r d\u00edszdobozban k\u00eds\u00e9r\u0151 sz\u00f6veggel fi\u00fa gyermeknek , Meska","view_count":"187","favourite_count":"18","trending_score":"0","last2MonthFavouriteCount":"7","promotion":"0","giftcard_accept":"0","creditcard_accept":true,"enhanced_background":"0","domain":"meska","specific_customer_id":null,"specific_customer_name":null,"to_order_product":"1","to_order_product_time":"1","product_different":null,"product_different_description":"","vintage":"0","vintage_category_id":"0","recycled":"0","gemstone_id":"0","customizable":"0","type_category":"physical","zerowaste":"0","postage_price":"2390.00","shop_order":"0","has_category":"1","landing_pages":null,"microdata":{"number":6,"category":""},"title":"Keresztel\u0151 aj\u00e1nd\u00e9k \u00e1sv\u00e1ny \u00f6ttizedes r\u00f3zsaf\u00fcz\u00e9r d\u00edszdobozban k\u00eds\u00e9r\u0151 sz\u00f6veggel fi\u00fa gyermeknek ","description":"\u00d6ttizedes \"val\u00f3di\" r\u00f3zsaf\u00fcz\u00e9r, 6 mm-es Aquamarin \u00e1sv\u00e1nygy\u00f6ngy\u00f6kb\u0151l k\u00e9sz\u00fclt. D\u00edszes k\u00f6z\u00e9pmed\u00e1llal \u00e9s d\u00edszes kereszttel. D\u00edszdobozban adjuk organza tasakkal kedves k\u00eds\u00e9r\u0151 \u00fczenettel. A doboz a k\u00e9szlet f\u00fcggv\u00e9ny\u00e9ben minim\u00e1lisan elt\u00e9rhet a k\u00e9pen l\u00e1that\u00f3t\u00f3l.\nKeresztel\u0151vel kapcsolatos tov\u00e1bbi term\u00e9keinket az al\u00e1bbi linken tal\u00e1lod:\nhttps:\/\/www.meska.hu\/shop\/AnaRita?s=77510\nAz \u00f6sszes r\u00f3zsaf\u00fcz\u00e9r\u00fcnket ezen a linken tal\u00e1lod:\nhttps:\/\/www.meska.hu\/shop\/AnaRita?s=75464\n\nK\u00f6sz\u00f6nj\u00fck, hogy ben\u00e9zt\u00e9l! :)\nAna \u00e9s Rita (AnaRita \u00c9kszerek)","score":139.69646,"formatted_price":"10 990 Ft","image_url":"https:\/\/www.meska.hu\/img\/product\/small\/a\/n\/anarita_product_75543_250915204353_123555.jpeg","formatted_url":"https:\/\/www.meska.hu\/p5728089-keresztelo-ajandek-asvany-ottizedes-rozsafuzer-diszdobozban-kisero-szoveggel-fiu-gyermeknek","favourite":false,"in_stock":false,"avatar":"75543_avatar_1775231969.png","delete_from":0,"is_enhanced_background":false,"is_enhanced":false,"product_selection_started":false,"is_active":true,"image_webp_url":"https:\/\/www.meska.hu\/img\/product\/small\/a\/n\/anarita_product_75543_250915204353_123555.webp"},{"id":"6111881","shop_id":"41463","user_id":"583063","shop_name":"FairyDreams","shop_zip":"2225","product_code":"5731175","product_name_old":null,"product_name":"Keresztsz\u00fcl\u0151 felk\u00e9r\u0151 aj\u00e1nd\u00e9k, makram\u00e9 kulcstart\u00f3 - kisfi\u00fa","category_string":"Baba - mama, Keresztel\u0151 kell\u00e9kek, Keresztel\u0151aj\u00e1nd\u00e9kok","technic_string":"Csom\u00f3z\u00e1s","category_1":"1735","category_2":"1745","category_3":"1495","category_4":"0","merged_category_1":null,"merged_category_2":null,"merged_category_3":null,"technic_1":"475","technic_2":"0","technic_3":"0","color_1":"515","color_2":"516","color_3":"529","product_description_old":null,"product_description":"Lepd meg a leend\u0151 keresztsz\u00fcl\u0151ket ezzel a k\u00fcl\u00f6nleges, k\u00e9zzel k\u00e9sz\u00fclt makram\u00e9 kulcstart\u00f3val, amely egyedi m\u00f3don k\u00eds\u00e9ri a felk\u00e9r\u0151 \u00fczenetet. \nA kulcstart\u00f3 h\u00e1rom sz\u00ednben el\u00e9rhet\u0151 (beige, bord\u00f3 \u00e9s zs\u00e1lya)!\n\n\u25cf Megrendel\u00e9skor v\u00e1laszd ki a k\u00edv\u00e1nt sz\u00ednt!\n\u25cf Megjegyz\u00e9sben vagy \u00fczenetben \u00edrd meg a leend\u0151 keresztsz\u00fcl\u0151(k) nev\u00e9t \u00e9s a kisfi\u00fa nev\u00e9t!\n\nA kulcstart\u00f3 term\u00e9szetes pamutb\u00f3l k\u00e9sz\u00fclt, eleg\u00e1ns csom\u00f3zott mint\u00e1val.\n\nM\u00e9rete: 16 cm\n\nK\u00e9rlek vedd figyelembe, hogy a term\u00e9k sz\u00ednei a k\u00e9pen l\u00e1tottakt\u00f3l elt\u00e9rhetnek a k\u00e9perny\u0151 be\u00e1ll\u00edt\u00e1sai \u00e9s a f\u00e9nyviszonyok miatt.","price":"3490.00","unit":"db","recommended":"0","status":"1","sponsored":"0","exp_notify":"0","own_material":"0","own_material_description_old":null,"own_material_description":"","jury":"0","jury_number":"","product_nature":"","meskaracsony":"0","create_date":"2026-02-08 21:40:48","shelve_id":"72927","image":"fairydreams_product_583063_241023144453_310926.jpeg","image_width":"480","image_height":"640","image_alt":"Keresztsz\u00fcl\u0151 felk\u00e9r\u0151 aj\u00e1nd\u00e9k, makram\u00e9 kulcstart\u00f3 - kisfi\u00fa, Lepd meg a leend\u0151 keresztsz\u00fcl\u0151ket ezzel a k\u00fcl\u00f6nleges, k\u00e9zzel k\u00e9sz\u00fclt makram\u00e9 kulcstart\u00f3val, amely eg..., Meska","image_title":"Keresztsz\u00fcl\u0151 felk\u00e9r\u0151 aj\u00e1nd\u00e9k, makram\u00e9 kulcstart\u00f3 - kisfi\u00fa, Meska","view_count":"71","favourite_count":"0","trending_score":"0","last2MonthFavouriteCount":"0","promotion":"0","giftcard_accept":"0","creditcard_accept":false,"enhanced_background":"0","domain":"meska","specific_customer_id":null,"specific_customer_name":null,"to_order_product":"0","to_order_product_time":"0","product_different":null,"product_different_description":"","vintage":"0","vintage_category_id":"0","recycled":"0","gemstone_id":"0","customizable":"0","type_category":"physical","zerowaste":"0","postage_price":"1290.00","shop_order":"0","has_category":"1","landing_pages":null,"microdata":{"number":7,"category":""},"title":"Keresztsz\u00fcl\u0151 felk\u00e9r\u0151 aj\u00e1nd\u00e9k, makram\u00e9 kulcstart\u00f3 - kisfi\u00fa","description":"Lepd meg a leend\u0151 keresztsz\u00fcl\u0151ket ezzel a k\u00fcl\u00f6nleges, k\u00e9zzel k\u00e9sz\u00fclt makram\u00e9 kulcstart\u00f3val, amely egyedi m\u00f3don k\u00eds\u00e9ri a felk\u00e9r\u0151 \u00fczenetet. \nA kulcstart\u00f3 h\u00e1rom sz\u00ednben el\u00e9rhet\u0151 (beige, bord\u00f3 \u00e9s zs\u00e1lya)!\n\n\u25cf Megrendel\u00e9skor v\u00e1laszd ki a k\u00edv\u00e1nt sz\u00ednt!\n\u25cf Megjegyz\u00e9sben vagy \u00fczenetben \u00edrd meg a leend\u0151 keresztsz\u00fcl\u0151(k) nev\u00e9t \u00e9s a kisfi\u00fa nev\u00e9t!\n\nA kulcstart\u00f3 term\u00e9szetes pamutb\u00f3l k\u00e9sz\u00fclt, eleg\u00e1ns csom\u00f3zott mint\u00e1val.\n\nM\u00e9rete: 16 cm\n\nK\u00e9rlek vedd figyelembe, hogy a term\u00e9k sz\u00ednei a k\u00e9pen l\u00e1tottakt\u00f3l elt\u00e9rhetnek a k\u00e9perny\u0151 be\u00e1ll\u00edt\u00e1sai \u00e9s a f\u00e9nyviszonyok miatt.","score":138.65942,"formatted_price":"3 490 Ft","image_url":"https:\/\/www.meska.hu\/img\/product\/small\/f\/a\/fairydreams_product_583063_241023144453_310926.jpeg","formatted_url":"https:\/\/www.meska.hu\/p5731175-keresztszulo-felkero-ajandek-makrame-kulcstarto-kisfiu","favourite":false,"in_stock":true,"avatar":"583063_avatar_1725777810.png","delete_from":0,"is_enhanced_background":false,"is_enhanced":false,"product_selection_started":false,"is_active":true,"image_webp_url":"https:\/\/www.meska.hu\/img\/product\/small\/f\/a\/fairydreams_product_583063_241023144453_310926.webp"},{"id":"6111865","shop_id":"41463","user_id":"583063","shop_name":"FairyDreams","shop_zip":"2225","product_code":"5731160","product_name_old":null,"product_name":"Keresztsz\u00fcl\u0151 felk\u00e9r\u0151 aj\u00e1nd\u00e9k, makram\u00e9 kulcstart\u00f3 - kisl\u00e1ny","category_string":"Baba - mama, Keresztel\u0151 kell\u00e9kek, Keresztel\u0151aj\u00e1nd\u00e9kok","technic_string":"Csom\u00f3z\u00e1s","category_1":"1735","category_2":"1745","category_3":"1495","category_4":"0","merged_category_1":null,"merged_category_2":null,"merged_category_3":null,"technic_1":"475","technic_2":"0","technic_3":"0","color_1":"515","color_2":"516","color_3":"529","product_description_old":null,"product_description":"Lepd meg a leend\u0151 keresztsz\u00fcl\u0151ket ezzel a k\u00fcl\u00f6nleges, k\u00e9zzel k\u00e9sz\u00fclt makram\u00e9 kulcstart\u00f3val, amely egyedi m\u00f3don k\u00eds\u00e9ri a felk\u00e9r\u0151 \u00fczenetet. \nA kulcstart\u00f3 h\u00e1rom sz\u00ednben el\u00e9rhet\u0151 (beige, bord\u00f3 \u00e9s zs\u00e1lya)!\n\n\u25cf Megrendel\u00e9skor v\u00e1laszd ki a k\u00edv\u00e1nt sz\u00ednt!\n\u25cf Megjegyz\u00e9sben vagy \u00fczenetben \u00edrd meg a leend\u0151 keresztsz\u00fcl\u0151(k) nev\u00e9t \u00e9s a kisl\u00e1ny nev\u00e9t!\n\nA kulcstart\u00f3 term\u00e9szetes pamutb\u00f3l k\u00e9sz\u00fclt, eleg\u00e1ns csom\u00f3zott mint\u00e1val.\n\nM\u00e9rete: 16 cm\n\nK\u00e9rlek vedd figyelembe, hogy a term\u00e9k sz\u00ednei a k\u00e9pen l\u00e1tottakt\u00f3l elt\u00e9rhetnek a k\u00e9perny\u0151 be\u00e1ll\u00edt\u00e1sai \u00e9s a f\u00e9nyviszonyok miatt.","price":"3490.00","unit":"db","recommended":"0","status":"1","sponsored":"0","exp_notify":"0","own_material":"0","own_material_description_old":null,"own_material_description":"","jury":"0","jury_number":"","product_nature":"","meskaracsony":"0","create_date":"2026-02-13 21:11:20","shelve_id":"72927","image":"fairydreams_product_583063_241023142246_42323.jpeg","image_width":"480","image_height":"640","image_alt":"Keresztsz\u00fcl\u0151 felk\u00e9r\u0151 aj\u00e1nd\u00e9k, makram\u00e9 kulcstart\u00f3 - kisl\u00e1ny, Lepd meg a leend\u0151 keresztsz\u00fcl\u0151ket ezzel a k\u00fcl\u00f6nleges, k\u00e9zzel k\u00e9sz\u00fclt makram\u00e9 kulcstart\u00f3val, amely eg..., Meska","image_title":"Keresztsz\u00fcl\u0151 felk\u00e9r\u0151 aj\u00e1nd\u00e9k, makram\u00e9 kulcstart\u00f3 - kisl\u00e1ny, Meska","view_count":"84","favourite_count":"0","trending_score":"0","last2MonthFavouriteCount":"0","promotion":"0","giftcard_accept":"0","creditcard_accept":false,"enhanced_background":"0","domain":"meska","specific_customer_id":null,"specific_customer_name":null,"to_order_product":"0","to_order_product_time":"0","product_different":null,"product_different_description":"","vintage":"0","vintage_category_id":"0","recycled":"0","gemstone_id":"0","customizable":"0","type_category":"physical","zerowaste":"0","postage_price":"1290.00","shop_order":"0","has_category":"1","landing_pages":null,"microdata":{"number":8,"category":""},"title":"Keresztsz\u00fcl\u0151 felk\u00e9r\u0151 aj\u00e1nd\u00e9k, makram\u00e9 kulcstart\u00f3 - kisl\u00e1ny","description":"Lepd meg a leend\u0151 keresztsz\u00fcl\u0151ket ezzel a k\u00fcl\u00f6nleges, k\u00e9zzel k\u00e9sz\u00fclt makram\u00e9 kulcstart\u00f3val, amely egyedi m\u00f3don k\u00eds\u00e9ri a felk\u00e9r\u0151 \u00fczenetet. \nA kulcstart\u00f3 h\u00e1rom sz\u00ednben el\u00e9rhet\u0151 (beige, bord\u00f3 \u00e9s zs\u00e1lya)!\n\n\u25cf Megrendel\u00e9skor v\u00e1laszd ki a k\u00edv\u00e1nt sz\u00ednt!\n\u25cf Megjegyz\u00e9sben vagy \u00fczenetben \u00edrd meg a leend\u0151 keresztsz\u00fcl\u0151(k) nev\u00e9t \u00e9s a kisl\u00e1ny nev\u00e9t!\n\nA kulcstart\u00f3 term\u00e9szetes pamutb\u00f3l k\u00e9sz\u00fclt, eleg\u00e1ns csom\u00f3zott mint\u00e1val.\n\nM\u00e9rete: 16 cm\n\nK\u00e9rlek vedd figyelembe, hogy a term\u00e9k sz\u00ednei a k\u00e9pen l\u00e1tottakt\u00f3l elt\u00e9rhetnek a k\u00e9perny\u0151 be\u00e1ll\u00edt\u00e1sai \u00e9s a f\u00e9nyviszonyok miatt.","score":138.65942,"formatted_price":"3 490 Ft","image_url":"https:\/\/www.meska.hu\/img\/product\/small\/f\/a\/fairydreams_product_583063_241023142246_42323.jpeg","formatted_url":"https:\/\/www.meska.hu\/p5731160-keresztszulo-felkero-ajandek-makrame-kulcstarto-kislany","favourite":false,"in_stock":true,"avatar":"583063_avatar_1725777810.png","delete_from":0,"is_enhanced_background":false,"is_enhanced":false,"product_selection_started":false,"is_active":true,"image_webp_url":"https:\/\/www.meska.hu\/img\/product\/small\/f\/a\/fairydreams_product_583063_241023142246_42323.webp"},{"id":"6111878","shop_id":"41463","user_id":"583063","shop_name":"FairyDreams","shop_zip":"2225","product_code":"5731172","product_name_old":null,"product_name":"Keresztsz\u00fcl\u0151 felk\u00e9r\u0151 aj\u00e1nd\u00e9k, makram\u00e9 kulcstart\u00f3 #2","category_string":"Baba - mama, Keresztel\u0151 kell\u00e9kek, Keresztel\u0151aj\u00e1nd\u00e9kok","technic_string":"Csom\u00f3z\u00e1s","category_1":"1735","category_2":"1745","category_3":"1495","category_4":"0","merged_category_1":null,"merged_category_2":null,"merged_category_3":null,"technic_1":"475","technic_2":"0","technic_3":"0","color_1":"515","color_2":"529","color_3":"0","product_description_old":null,"product_description":"Lepd meg a leend\u0151 keresztsz\u00fcl\u0151ket ezzel a k\u00fcl\u00f6nleges, k\u00e9zzel k\u00e9sz\u00fclt makram\u00e9 kulcstart\u00f3val, amely egyedi m\u00f3don k\u00eds\u00e9ri a felk\u00e9r\u0151 \u00fczenetet. \nA kulcstart\u00f3 k\u00e9t sz\u00ednben el\u00e9rhet\u0151 (beige \u00e9s zs\u00e1lya)!\n\n\u25cf Megrendel\u00e9skor v\u00e1laszd ki a k\u00edv\u00e1nt sz\u00ednt!\n\u25cf Megjegyz\u00e9sben vagy \u00fczenetben \u00edrd meg a leend\u0151 keresztsz\u00fcl\u0151(k) nev\u00e9t \u00e9s a gyermek nev\u00e9t!\n\nA kulcstart\u00f3 term\u00e9szetes pamutb\u00f3l k\u00e9sz\u00fclt, eleg\u00e1ns csom\u00f3zott mint\u00e1val.\n\nM\u00e9rete: 18 cm\n\nK\u00e9rlek vedd figyelembe, hogy a term\u00e9k sz\u00ednei a k\u00e9pen l\u00e1tottakt\u00f3l elt\u00e9rhetnek a k\u00e9perny\u0151 be\u00e1ll\u00edt\u00e1sai \u00e9s a f\u00e9nyviszonyok miatt.","price":"3590.00","unit":"db","recommended":"0","status":"1","sponsored":"0","exp_notify":"0","own_material":"0","own_material_description_old":null,"own_material_description":"","jury":"0","jury_number":"","product_nature":"","meskaracsony":"0","create_date":"2026-02-08 21:39:57","shelve_id":"72927","image":"fairydreams_product_583063_241023185249_417953.jpeg","image_width":"480","image_height":"640","image_alt":"Keresztsz\u00fcl\u0151 felk\u00e9r\u0151 aj\u00e1nd\u00e9k, makram\u00e9 kulcstart\u00f3 #2, Lepd meg a leend\u0151 keresztsz\u00fcl\u0151ket ezzel a k\u00fcl\u00f6nleges, k\u00e9zzel k\u00e9sz\u00fclt makram\u00e9 kulcstart\u00f3val, amely eg..., Meska","image_title":"Keresztsz\u00fcl\u0151 felk\u00e9r\u0151 aj\u00e1nd\u00e9k, makram\u00e9 kulcstart\u00f3 #2, Meska","view_count":"87","favourite_count":"1","trending_score":"0","last2MonthFavouriteCount":"1","promotion":"0","giftcard_accept":"0","creditcard_accept":false,"enhanced_background":"0","domain":"meska","specific_customer_id":null,"specific_customer_name":null,"to_order_product":"0","to_order_product_time":"0","product_different":null,"product_different_description":"","vintage":"0","vintage_category_id":"0","recycled":"0","gemstone_id":"0","customizable":"0","type_category":"physical","zerowaste":"0","postage_price":"1290.00","shop_order":"0","has_category":"1","landing_pages":null,"microdata":{"number":9,"category":""},"title":"Keresztsz\u00fcl\u0151 felk\u00e9r\u0151 aj\u00e1nd\u00e9k, makram\u00e9 kulcstart\u00f3 #2","description":"Lepd meg a leend\u0151 keresztsz\u00fcl\u0151ket ezzel a k\u00fcl\u00f6nleges, k\u00e9zzel k\u00e9sz\u00fclt makram\u00e9 kulcstart\u00f3val, amely egyedi m\u00f3don k\u00eds\u00e9ri a felk\u00e9r\u0151 \u00fczenetet. \nA kulcstart\u00f3 k\u00e9t sz\u00ednben el\u00e9rhet\u0151 (beige \u00e9s zs\u00e1lya)!\n\n\u25cf Megrendel\u00e9skor v\u00e1laszd ki a k\u00edv\u00e1nt sz\u00ednt!\n\u25cf Megjegyz\u00e9sben vagy \u00fczenetben \u00edrd meg a leend\u0151 keresztsz\u00fcl\u0151(k) nev\u00e9t \u00e9s a gyermek nev\u00e9t!\n\nA kulcstart\u00f3 term\u00e9szetes pamutb\u00f3l k\u00e9sz\u00fclt, eleg\u00e1ns csom\u00f3zott mint\u00e1val.\n\nM\u00e9rete: 18 cm\n\nK\u00e9rlek vedd figyelembe, hogy a term\u00e9k sz\u00ednei a k\u00e9pen l\u00e1tottakt\u00f3l elt\u00e9rhetnek a k\u00e9perny\u0151 be\u00e1ll\u00edt\u00e1sai \u00e9s a f\u00e9nyviszonyok miatt.","score":138.65942,"formatted_price":"3 590 Ft","image_url":"https:\/\/www.meska.hu\/img\/product\/small\/f\/a\/fairydreams_product_583063_241023185249_417953.jpeg","formatted_url":"https:\/\/www.meska.hu\/p5731172-keresztszulo-felkero-ajandek-makrame-kulcstarto-2","favourite":false,"in_stock":true,"avatar":"583063_avatar_1725777810.png","delete_from":0,"is_enhanced_background":false,"is_enhanced":false,"product_selection_started":false,"is_active":true,"image_webp_url":"https:\/\/www.meska.hu\/img\/product\/small\/f\/a\/fairydreams_product_583063_241023185249_417953.webp"},{"id":"6111869","shop_id":"41463","user_id":"583063","shop_name":"FairyDreams","shop_zip":"2225","product_code":"5731164","product_name_old":null,"product_name":"Keresztsz\u00fcl\u0151 felk\u00e9r\u0151 aj\u00e1nd\u00e9k, makram\u00e9 kulcstart\u00f3","category_string":"Baba - mama, Keresztel\u0151 kell\u00e9kek, Keresztel\u0151aj\u00e1nd\u00e9kok","technic_string":"Csom\u00f3z\u00e1s","category_1":"1735","category_2":"1745","category_3":"1495","category_4":"0","merged_category_1":null,"merged_category_2":null,"merged_category_3":null,"technic_1":"475","technic_2":"0","technic_3":"0","color_1":"515","color_2":"516","color_3":"529","product_description_old":null,"product_description":"Lepd meg a leend\u0151 keresztsz\u00fcl\u0151ket ezzel a k\u00fcl\u00f6nleges, k\u00e9zzel k\u00e9sz\u00fclt makram\u00e9 kulcstart\u00f3val, amely egyedi m\u00f3don k\u00eds\u00e9ri a felk\u00e9r\u0151 \u00fczenetet.\n\n\u25cf Megrendel\u00e9skor v\u00e1laszd ki a k\u00edv\u00e1nt sz\u00ednt!\n\u25cf V\u00e1s\u00e1rl\u00e1skor k\u00e9rlek \u00edrd meg a leend\u0151 keresztsz\u00fcl\u0151(k) nev\u00e9t \u00e9s a gyermek nev\u00e9t!\n\nA kulcstart\u00f3 term\u00e9szetes pamutb\u00f3l k\u00e9sz\u00fclt, eleg\u00e1ns csom\u00f3zott mint\u00e1val.\n\nKulcstart\u00f3 hossza: 17 cm\nK\u00e1rtya m\u00e9rete 10x18 cm\n\nK\u00e9rlek vedd figyelembe, hogy a term\u00e9k sz\u00ednei a k\u00e9pen l\u00e1tottakt\u00f3l elt\u00e9rhetnek a k\u00e9perny\u0151 be\u00e1ll\u00edt\u00e1sai \u00e9s a f\u00e9nyviszonyok miatt.\n\nM\u00e1s sz\u00edn vagy minta is \u00e9rdekel?\nItt n\u00e9zel\u0151dhetsz:\n\nhttps:\/\/www.meska.hu\/shop\/FairyDreams?s=72927","price":"3490.00","unit":"db","recommended":"0","status":"1","sponsored":"0","exp_notify":"0","own_material":"0","own_material_description_old":null,"own_material_description":"","jury":"0","jury_number":"","product_nature":"","meskaracsony":"0","create_date":"2026-02-08 21:37:44","shelve_id":"72927","image":"fairydreams_product_583063_241023144816_638375.jpeg","image_width":"480","image_height":"640","image_alt":"Keresztsz\u00fcl\u0151 felk\u00e9r\u0151 aj\u00e1nd\u00e9k, makram\u00e9 kulcstart\u00f3, Lepd meg a leend\u0151 keresztsz\u00fcl\u0151ket ezzel a k\u00fcl\u00f6nleges, k\u00e9zzel k\u00e9sz\u00fclt makram\u00e9 kulcstart\u00f3val, amely eg..., Meska","image_title":"Keresztsz\u00fcl\u0151 felk\u00e9r\u0151 aj\u00e1nd\u00e9k, makram\u00e9 kulcstart\u00f3, Meska","view_count":"67","favourite_count":"1","trending_score":"0","last2MonthFavouriteCount":"1","promotion":"0","giftcard_accept":"0","creditcard_accept":false,"enhanced_background":"0","domain":"meska","specific_customer_id":null,"specific_customer_name":null,"to_order_product":"0","to_order_product_time":"0","product_different":null,"product_different_description":"","vintage":"0","vintage_category_id":"0","recycled":"0","gemstone_id":"0","customizable":"0","type_category":"physical","zerowaste":"0","postage_price":"1290.00","shop_order":"0","has_category":"1","landing_pages":null,"microdata":{"number":10,"category":""},"title":"Keresztsz\u00fcl\u0151 felk\u00e9r\u0151 aj\u00e1nd\u00e9k, makram\u00e9 kulcstart\u00f3","description":"Lepd meg a leend\u0151 keresztsz\u00fcl\u0151ket ezzel a k\u00fcl\u00f6nleges, k\u00e9zzel k\u00e9sz\u00fclt makram\u00e9 kulcstart\u00f3val, amely egyedi m\u00f3don k\u00eds\u00e9ri a felk\u00e9r\u0151 \u00fczenetet.\n\n\u25cf Megrendel\u00e9skor v\u00e1laszd ki a k\u00edv\u00e1nt sz\u00ednt!\n\u25cf V\u00e1s\u00e1rl\u00e1skor k\u00e9rlek \u00edrd meg a leend\u0151 keresztsz\u00fcl\u0151(k) nev\u00e9t \u00e9s a gyermek nev\u00e9t!\n\nA kulcstart\u00f3 term\u00e9szetes pamutb\u00f3l k\u00e9sz\u00fclt, eleg\u00e1ns csom\u00f3zott mint\u00e1val.\n\nKulcstart\u00f3 hossza: 17 cm\nK\u00e1rtya m\u00e9rete 10x18 cm\n\nK\u00e9rlek vedd figyelembe, hogy a term\u00e9k sz\u00ednei a k\u00e9pen l\u00e1tottakt\u00f3l elt\u00e9rhetnek a k\u00e9perny\u0151 be\u00e1ll\u00edt\u00e1sai \u00e9s a f\u00e9nyviszonyok miatt.\n\nM\u00e1s sz\u00edn vagy minta is \u00e9rdekel?\nItt n\u00e9zel\u0151dhetsz:\n\nhttps:\/\/www.meska.hu\/shop\/FairyDreams?s=72927","score":138.65942,"formatted_price":"3 490 Ft","image_url":"https:\/\/www.meska.hu\/img\/product\/small\/f\/a\/fairydreams_product_583063_241023144816_638375.jpeg","formatted_url":"https:\/\/www.meska.hu\/p5731164-keresztszulo-felkero-ajandek-makrame-kulcstarto","favourite":false,"in_stock":true,"avatar":"583063_avatar_1725777810.png","delete_from":0,"is_enhanced_background":false,"is_enhanced":false,"product_selection_started":false,"is_active":true,"image_webp_url":"https:\/\/www.meska.hu\/img\/product\/small\/f\/a\/fairydreams_product_583063_241023144816_638375.webp"},{"id":"6111896","shop_id":"41463","user_id":"583063","shop_name":"FairyDreams","shop_zip":"2225","product_code":"5731189","product_name_old":null,"product_name":"Keresztsz\u00fcl\u0151 felk\u00e9r\u0151 aj\u00e1nd\u00e9k, makram\u00e9 kulcstart\u00f3 - zs\u00e1lya","category_string":"Baba - mama, Keresztel\u0151 kell\u00e9kek, Keresztel\u0151aj\u00e1nd\u00e9kok","technic_string":"Csom\u00f3z\u00e1s","category_1":"1735","category_2":"1745","category_3":"1495","category_4":"0","merged_category_1":null,"merged_category_2":null,"merged_category_3":null,"technic_1":"475","technic_2":"0","technic_3":"0","color_1":"515","color_2":"529","color_3":"0","product_description_old":null,"product_description":"Lepd meg a leend\u0151 keresztsz\u00fcl\u0151ket ezzel a k\u00fcl\u00f6nleges, k\u00e9zzel k\u00e9sz\u00fclt makram\u00e9 kulcstart\u00f3val, amely egyedi m\u00f3don k\u00eds\u00e9ri a felk\u00e9r\u0151 \u00fczenetet. \n\n\u25cf V\u00e1s\u00e1rl\u00e1skor k\u00e9rlek \u00edrd meg a leend\u0151 keresztsz\u00fcl\u0151(k) nev\u00e9t \u00e9s a gyermek nev\u00e9t!\n\nA kulcstart\u00f3 term\u00e9szetes pamutb\u00f3l k\u00e9sz\u00fclt, eleg\u00e1ns csom\u00f3zott mint\u00e1val.\n\nKulcstart\u00f3 hossza: 17 cm\nK\u00e1rtya m\u00e9rete 18x10 cm\n\nK\u00e9rlek vedd figyelembe, hogy a term\u00e9k sz\u00ednei a k\u00e9pen l\u00e1tottakt\u00f3l elt\u00e9rhetnek a k\u00e9perny\u0151 be\u00e1ll\u00edt\u00e1sai \u00e9s a f\u00e9nyviszonyok miatt.\n\nM\u00e1s sz\u00edn vagy minta is \u00e9rdekel?\nItt n\u00e9zel\u0151dhetsz:\n\nhttps:\/\/www.meska.hu\/shop\/FairyDreams?s=72927","price":"3490.00","unit":"db","recommended":"0","status":"1","sponsored":"0","exp_notify":"0","own_material":"0","own_material_description_old":null,"own_material_description":"","jury":"0","jury_number":"","product_nature":"","meskaracsony":"0","create_date":"2026-02-08 23:15:02","shelve_id":"72927","image":"fairydreams_product_583063_251116203628_87513.jpeg","image_width":"480","image_height":"486","image_alt":"Keresztsz\u00fcl\u0151 felk\u00e9r\u0151 aj\u00e1nd\u00e9k, makram\u00e9 kulcstart\u00f3 - zs\u00e1lya, Lepd meg a leend\u0151 keresztsz\u00fcl\u0151ket ezzel a k\u00fcl\u00f6nleges, k\u00e9zzel k\u00e9sz\u00fclt makram\u00e9 kulcstart\u00f3val, amely eg..., Meska","image_title":"Keresztsz\u00fcl\u0151 felk\u00e9r\u0151 aj\u00e1nd\u00e9k, makram\u00e9 kulcstart\u00f3 - zs\u00e1lya, Meska","view_count":"91","favourite_count":"1","trending_score":"0","last2MonthFavouriteCount":"1","promotion":"0","giftcard_accept":"0","creditcard_accept":false,"enhanced_background":"0","domain":"meska","specific_customer_id":null,"specific_customer_name":null,"to_order_product":"0","to_order_product_time":"0","product_different":null,"product_different_description":"","vintage":"0","vintage_category_id":"0","recycled":"0","gemstone_id":"0","customizable":"0","type_category":"physical","zerowaste":"0","postage_price":"1290.00","shop_order":"0","has_category":"1","landing_pages":null,"microdata":{"number":11,"category":""},"title":"Keresztsz\u00fcl\u0151 felk\u00e9r\u0151 aj\u00e1nd\u00e9k, makram\u00e9 kulcstart\u00f3 - zs\u00e1lya","description":"Lepd meg a leend\u0151 keresztsz\u00fcl\u0151ket ezzel a k\u00fcl\u00f6nleges, k\u00e9zzel k\u00e9sz\u00fclt makram\u00e9 kulcstart\u00f3val, amely egyedi m\u00f3don k\u00eds\u00e9ri a felk\u00e9r\u0151 \u00fczenetet. \n\n\u25cf V\u00e1s\u00e1rl\u00e1skor k\u00e9rlek \u00edrd meg a leend\u0151 keresztsz\u00fcl\u0151(k) nev\u00e9t \u00e9s a gyermek nev\u00e9t!\n\nA kulcstart\u00f3 term\u00e9szetes pamutb\u00f3l k\u00e9sz\u00fclt, eleg\u00e1ns csom\u00f3zott mint\u00e1val.\n\nKulcstart\u00f3 hossza: 17 cm\nK\u00e1rtya m\u00e9rete 18x10 cm\n\nK\u00e9rlek vedd figyelembe, hogy a term\u00e9k sz\u00ednei a k\u00e9pen l\u00e1tottakt\u00f3l elt\u00e9rhetnek a k\u00e9perny\u0151 be\u00e1ll\u00edt\u00e1sai \u00e9s a f\u00e9nyviszonyok miatt.\n\nM\u00e1s sz\u00edn vagy minta is \u00e9rdekel?\nItt n\u00e9zel\u0151dhetsz:\n\nhttps:\/\/www.meska.hu\/shop\/FairyDreams?s=72927","score":138.57693,"formatted_price":"3 490 Ft","image_url":"https:\/\/www.meska.hu\/img\/product\/small\/f\/a\/fairydreams_product_583063_251116203628_87513.jpeg","formatted_url":"https:\/\/www.meska.hu\/p5731189-keresztszulo-felkero-ajandek-makrame-kulcstarto-zsalya","favourite":false,"in_stock":true,"avatar":"583063_avatar_1725777810.png","delete_from":0,"is_enhanced_background":false,"is_enhanced":false,"product_selection_started":false,"is_active":true,"image_webp_url":"https:\/\/www.meska.hu\/img\/product\/small\/f\/a\/fairydreams_product_583063_251116203628_87513.webp"},{"id":"6111882","shop_id":"41463","user_id":"583063","shop_name":"FairyDreams","shop_zip":"2225","product_code":"5731176","product_name_old":null,"product_name":"Keresztsz\u00fcl\u0151 felk\u00e9r\u0151 aj\u00e1nd\u00e9k, makram\u00e9 kulcstart\u00f3 - r\u00f3zsasz\u00edn #1","category_string":"Baba - mama, Keresztel\u0151 kell\u00e9kek, Keresztel\u0151aj\u00e1nd\u00e9kok","technic_string":"Csom\u00f3z\u00e1s","category_1":"1735","category_2":"1745","category_3":"1495","category_4":"0","merged_category_1":null,"merged_category_2":null,"merged_category_3":null,"technic_1":"475","technic_2":"0","technic_3":"0","color_1":"525","color_2":"0","color_3":"0","product_description_old":null,"product_description":"Lepd meg a leend\u0151 keresztsz\u00fcl\u0151ket ezzel a k\u00fcl\u00f6nleges, k\u00e9zzel k\u00e9sz\u00fclt makram\u00e9 kulcstart\u00f3val, amely egyedi m\u00f3don k\u00eds\u00e9ri a felk\u00e9r\u0151 \u00fczenetet.\n\n\u25cf V\u00e1s\u00e1rl\u00e1skor k\u00e9rlek \u00edrd meg a leend\u0151 keresztsz\u00fcl\u0151(k) nev\u00e9t \u00e9s a gyermek nev\u00e9t!\n\nA kulcstart\u00f3 term\u00e9szetes pamutb\u00f3l k\u00e9sz\u00fclt, eleg\u00e1ns csom\u00f3zott mint\u00e1val.\n\nKulcstart\u00f3 hossza: 17 cm\nK\u00e1rta m\u00e9rete 18x10 cm\n\nK\u00e9rlek vedd figyelembe, hogy a term\u00e9k sz\u00ednei a k\u00e9pen l\u00e1tottakt\u00f3l elt\u00e9rhetnek a k\u00e9perny\u0151 be\u00e1ll\u00edt\u00e1sai \u00e9s a f\u00e9nyviszonyok miatt.\n\nM\u00e1s sz\u00edn vagy minta is \u00e9rdekel?\nItt n\u00e9zel\u0151dhetsz:\n\nhttps:\/\/www.meska.hu\/shop\/FairyDreams?s=72927","price":"3490.00","unit":"db","recommended":"0","status":"1","sponsored":"0","exp_notify":"0","own_material":"0","own_material_description_old":null,"own_material_description":"","jury":"0","jury_number":"","product_nature":"","meskaracsony":"0","create_date":"2026-02-08 21:41:12","shelve_id":"72927","image":"fairydreams_product_583063_251116202936_23267.jpeg","image_width":"480","image_height":"539","image_alt":"Keresztsz\u00fcl\u0151 felk\u00e9r\u0151 aj\u00e1nd\u00e9k, makram\u00e9 kulcstart\u00f3 - r\u00f3zsasz\u00edn #1, Lepd meg a leend\u0151 keresztsz\u00fcl\u0151ket ezzel a k\u00fcl\u00f6nleges, k\u00e9zzel k\u00e9sz\u00fclt makram\u00e9 kulcstart\u00f3val, amely eg..., Meska","image_title":"Keresztsz\u00fcl\u0151 felk\u00e9r\u0151 aj\u00e1nd\u00e9k, makram\u00e9 kulcstart\u00f3 - r\u00f3zsasz\u00edn #1, Meska","view_count":"90","favourite_count":"0","trending_score":"0","last2MonthFavouriteCount":"0","promotion":"0","giftcard_accept":"0","creditcard_accept":false,"enhanced_background":"0","domain":"meska","specific_customer_id":null,"specific_customer_name":null,"to_order_product":"0","to_order_product_time":"0","product_different":null,"product_different_description":"","vintage":"0","vintage_category_id":"0","recycled":"0","gemstone_id":"0","customizable":"0","type_category":"physical","zerowaste":"0","postage_price":"1290.00","shop_order":"0","has_category":"1","landing_pages":null,"microdata":{"number":12,"category":""},"title":"Keresztsz\u00fcl\u0151 felk\u00e9r\u0151 aj\u00e1nd\u00e9k, makram\u00e9 kulcstart\u00f3 - r\u00f3zsasz\u00edn #1","description":"Lepd meg a leend\u0151 keresztsz\u00fcl\u0151ket ezzel a k\u00fcl\u00f6nleges, k\u00e9zzel k\u00e9sz\u00fclt makram\u00e9 kulcstart\u00f3val, amely egyedi m\u00f3don k\u00eds\u00e9ri a felk\u00e9r\u0151 \u00fczenetet.\n\n\u25cf V\u00e1s\u00e1rl\u00e1skor k\u00e9rlek \u00edrd meg a leend\u0151 keresztsz\u00fcl\u0151(k) nev\u00e9t \u00e9s a gyermek nev\u00e9t!\n\nA kulcstart\u00f3 term\u00e9szetes pamutb\u00f3l k\u00e9sz\u00fclt, eleg\u00e1ns csom\u00f3zott mint\u00e1val.\n\nKulcstart\u00f3 hossza: 17 cm\nK\u00e1rta m\u00e9rete 18x10 cm\n\nK\u00e9rlek vedd figyelembe, hogy a term\u00e9k sz\u00ednei a k\u00e9pen l\u00e1tottakt\u00f3l elt\u00e9rhetnek a k\u00e9perny\u0151 be\u00e1ll\u00edt\u00e1sai \u00e9s a f\u00e9nyviszonyok miatt.\n\nM\u00e1s sz\u00edn vagy minta is \u00e9rdekel?\nItt n\u00e9zel\u0151dhetsz:\n\nhttps:\/\/www.meska.hu\/shop\/FairyDreams?s=72927","score":138.57693,"formatted_price":"3 490 Ft","image_url":"https:\/\/www.meska.hu\/img\/product\/small\/f\/a\/fairydreams_product_583063_251116202936_23267.jpeg","formatted_url":"https:\/\/www.meska.hu\/p5731176-keresztszulo-felkero-ajandek-makrame-kulcstarto-rozsaszin-1","favourite":false,"in_stock":true,"avatar":"583063_avatar_1725777810.png","delete_from":0,"is_enhanced_background":false,"is_enhanced":false,"product_selection_started":false,"is_active":true,"image_webp_url":"https:\/\/www.meska.hu\/img\/product\/small\/f\/a\/fairydreams_product_583063_251116202936_23267.webp"},{"id":"6111873","shop_id":"41463","user_id":"583063","shop_name":"FairyDreams","shop_zip":"2225","product_code":"5731167","product_name_old":null,"product_name":"Keresztsz\u00fcl\u0151 felk\u00e9r\u0151 aj\u00e1nd\u00e9k, makram\u00e9 kulcstart\u00f3 - levendula #1","category_string":"Baba - mama, Keresztel\u0151 kell\u00e9kek, Keresztel\u0151aj\u00e1nd\u00e9kok","technic_string":"Csom\u00f3z\u00e1s","category_1":"1735","category_2":"1745","category_3":"1495","category_4":"0","merged_category_1":null,"merged_category_2":null,"merged_category_3":null,"technic_1":"475","technic_2":"0","technic_3":"0","color_1":"515","color_2":"522","color_3":"0","product_description_old":null,"product_description":"Lepd meg a leend\u0151 keresztsz\u00fcl\u0151ket ezzel a k\u00fcl\u00f6nleges, k\u00e9zzel k\u00e9sz\u00fclt makram\u00e9 kulcstart\u00f3val, amely egyedi m\u00f3don k\u00eds\u00e9ri a felk\u00e9r\u0151 \u00fczenetet. \n\n\u25cf V\u00e1s\u00e1rl\u00e1skor k\u00e9rlek \u00edrd meg a leend\u0151 keresztsz\u00fcl\u0151(k) nev\u00e9t \u00e9s a gyermek nev\u00e9t!\n\nA kulcstart\u00f3 term\u00e9szetes pamutb\u00f3l k\u00e9sz\u00fclt, eleg\u00e1ns csom\u00f3zott mint\u00e1val.\n\nKulcstart\u00f3 hossza: 17 cm\nK\u00e1rtya m\u00e9rete 18x10 cm\n\nK\u00e9rlek vedd figyelembe, hogy a term\u00e9k sz\u00ednei a k\u00e9pen l\u00e1tottakt\u00f3l elt\u00e9rhetnek a k\u00e9perny\u0151 be\u00e1ll\u00edt\u00e1sai \u00e9s a f\u00e9nyviszonyok miatt.\n\nM\u00e1s sz\u00edn vagy minta is \u00e9rdekel?\nItt n\u00e9zel\u0151dhetsz:\n\nhttps:\/\/www.meska.hu\/shop\/FairyDreams?s=72927","price":"3490.00","unit":"db","recommended":"0","status":"1","sponsored":"0","exp_notify":"0","own_material":"0","own_material_description_old":null,"own_material_description":"","jury":"0","jury_number":"","product_nature":"","meskaracsony":"0","create_date":"2026-02-08 21:38:42","shelve_id":"72927","image":"fairydreams_product_583063_250426133102_717965.jpeg","image_width":"480","image_height":"481","image_alt":"Keresztsz\u00fcl\u0151 felk\u00e9r\u0151 aj\u00e1nd\u00e9k, makram\u00e9 kulcstart\u00f3 - levendula #1, Lepd meg a leend\u0151 keresztsz\u00fcl\u0151ket ezzel a k\u00fcl\u00f6nleges, k\u00e9zzel k\u00e9sz\u00fclt makram\u00e9 kulcstart\u00f3val, amely eg..., Meska","image_title":"Keresztsz\u00fcl\u0151 felk\u00e9r\u0151 aj\u00e1nd\u00e9k, makram\u00e9 kulcstart\u00f3 - levendula #1, Meska","view_count":"77","favourite_count":"1","trending_score":"0","last2MonthFavouriteCount":"1","promotion":"0","giftcard_accept":"0","creditcard_accept":false,"enhanced_background":"0","domain":"meska","specific_customer_id":null,"specific_customer_name":null,"to_order_product":"0","to_order_product_time":"0","product_different":null,"product_different_description":"","vintage":"0","vintage_category_id":"0","recycled":"0","gemstone_id":"0","customizable":"0","type_category":"physical","zerowaste":"0","postage_price":"1290.00","shop_order":"0","has_category":"1","landing_pages":null,"microdata":{"number":13,"category":""},"title":"Keresztsz\u00fcl\u0151 felk\u00e9r\u0151 aj\u00e1nd\u00e9k, makram\u00e9 kulcstart\u00f3 - levendula #1","description":"Lepd meg a leend\u0151 keresztsz\u00fcl\u0151ket ezzel a k\u00fcl\u00f6nleges, k\u00e9zzel k\u00e9sz\u00fclt makram\u00e9 kulcstart\u00f3val, amely egyedi m\u00f3don k\u00eds\u00e9ri a felk\u00e9r\u0151 \u00fczenetet. \n\n\u25cf V\u00e1s\u00e1rl\u00e1skor k\u00e9rlek \u00edrd meg a leend\u0151 keresztsz\u00fcl\u0151(k) nev\u00e9t \u00e9s a gyermek nev\u00e9t!\n\nA kulcstart\u00f3 term\u00e9szetes pamutb\u00f3l k\u00e9sz\u00fclt, eleg\u00e1ns csom\u00f3zott mint\u00e1val.\n\nKulcstart\u00f3 hossza: 17 cm\nK\u00e1rtya m\u00e9rete 18x10 cm\n\nK\u00e9rlek vedd figyelembe, hogy a term\u00e9k sz\u00ednei a k\u00e9pen l\u00e1tottakt\u00f3l elt\u00e9rhetnek a k\u00e9perny\u0151 be\u00e1ll\u00edt\u00e1sai \u00e9s a f\u00e9nyviszonyok miatt.\n\nM\u00e1s sz\u00edn vagy minta is \u00e9rdekel?\nItt n\u00e9zel\u0151dhetsz:\n\nhttps:\/\/www.meska.hu\/shop\/FairyDreams?s=72927","score":138.57693,"formatted_price":"3 490 Ft","image_url":"https:\/\/www.meska.hu\/img\/product\/small\/f\/a\/fairydreams_product_583063_250426133102_717965.jpeg","formatted_url":"https:\/\/www.meska.hu\/p5731167-keresztszulo-felkero-ajandek-makrame-kulcstarto-levendula-1","favourite":false,"in_stock":true,"avatar":"583063_avatar_1725777810.png","delete_from":0,"is_enhanced_background":false,"is_enhanced":false,"product_selection_started":false,"is_active":true,"image_webp_url":"https:\/\/www.meska.hu\/img\/product\/small\/f\/a\/fairydreams_product_583063_250426133102_717965.webp"},{"id":"6104909","shop_id":"41917","user_id":"75543","shop_name":"AnaRita","shop_zip":"1013","product_code":"5725681","product_name_old":null,"product_name":"Keresztel\u0151 aj\u00e1nd\u00e9k sz\u00ednesen f\u00e9nyl\u0151 hegyikrist\u00e1ly r\u00f3zsaf\u00fcz\u00e9r 5725681","category_string":"Baba - mama, Keresztel\u0151 kell\u00e9kek, Keresztel\u0151aj\u00e1nd\u00e9kok","technic_string":"\u00c9kszerk\u00e9sz\u00edt\u00e9s","category_1":"1735","category_2":"1745","category_3":"1495","category_4":"0","merged_category_1":null,"merged_category_2":null,"merged_category_3":null,"technic_1":"477","technic_2":"0","technic_3":"0","color_1":"518","color_2":"519","color_3":"0","product_description_old":null,"product_description":"Teljes \u00f6ttizedes r\u00f3zsaf\u00fcz\u00e9r sz\u00ednesen f\u00e9nyl\u0151 6 mm-es roppantott hegyikrist\u00e1ly \u00e1sv\u00e1nyokb\u00f3l, strasszk\u00f6ves k\u00f6ztesekb\u0151l med\u00e1lb\u00f3l, \u00e9s keresztb\u0151l k\u00e9sz\u00fclt. \nD\u00edszdobozban adjuk. K\u00e9r\u00e9sre k\u00eds\u00e9r\u0151 sz\u00f6veggel a doboz belsej\u00e9ben. A r\u00f3zsaf\u00fcz\u00e9r organza tasakban ker\u00fcl bele a dobozba. \nFoxpost sz\u00e1ll\u00edt\u00e1ssal legk\u00e9s\u0151bb m\u00e1snap feladjuk a term\u00e9ket!\nK\u00f6sz\u00f6nj\u00fck, hogy ben\u00e9zt\u00e9l! :)\nAna \u00e9s Rita (AnaRita \u00c9kszerek)","price":"14990.00","unit":"db","recommended":"0","status":"1","sponsored":"0","exp_notify":"0","own_material":"0","own_material_description_old":null,"own_material_description":"","jury":"0","jury_number":"","product_nature":"","meskaracsony":"0","create_date":"2026-02-06 00:18:31","shelve_id":"77510","image":"anarita_product_75543_250615113849_27541.jpeg","image_width":"480","image_height":"480","image_alt":"Keresztel\u0151 aj\u00e1nd\u00e9k sz\u00ednesen f\u00e9nyl\u0151 hegyikrist\u00e1ly r\u00f3zsaf\u00fcz\u00e9r 5725681, Teljes \u00f6ttizedes r\u00f3zsaf\u00fcz\u00e9r sz\u00ednesen f\u00e9nyl\u0151 6 mm-es roppantott hegyikrist\u00e1ly \u00e1sv\u00e1nyokb\u00f3l, strasszk\u00f6v..., Meska","image_title":"Keresztel\u0151 aj\u00e1nd\u00e9k sz\u00ednesen f\u00e9nyl\u0151 hegyikrist\u00e1ly r\u00f3zsaf\u00fcz\u00e9r 5725681, Meska","view_count":"89","favourite_count":"0","trending_score":"0","last2MonthFavouriteCount":"0","promotion":"0","giftcard_accept":"0","creditcard_accept":true,"enhanced_background":"0","domain":"meska","specific_customer_id":null,"specific_customer_name":null,"to_order_product":"1","to_order_product_time":"2","product_different":null,"product_different_description":"","vintage":"0","vintage_category_id":"0","recycled":"0","gemstone_id":"0","customizable":"0","type_category":"physical","zerowaste":"0","postage_price":"2390.00","shop_order":"0","has_category":"1","landing_pages":null,"microdata":{"number":14,"category":""},"title":"Keresztel\u0151 aj\u00e1nd\u00e9k sz\u00ednesen f\u00e9nyl\u0151 hegyikrist\u00e1ly r\u00f3zsaf\u00fcz\u00e9r 5725681","description":"Teljes \u00f6ttizedes r\u00f3zsaf\u00fcz\u00e9r sz\u00ednesen f\u00e9nyl\u0151 6 mm-es roppantott hegyikrist\u00e1ly \u00e1sv\u00e1nyokb\u00f3l, strasszk\u00f6ves k\u00f6ztesekb\u0151l med\u00e1lb\u00f3l, \u00e9s keresztb\u0151l k\u00e9sz\u00fclt. \nD\u00edszdobozban adjuk. K\u00e9r\u00e9sre k\u00eds\u00e9r\u0151 sz\u00f6veggel a doboz belsej\u00e9ben. A r\u00f3zsaf\u00fcz\u00e9r organza tasakban ker\u00fcl bele a dobozba. \nFoxpost sz\u00e1ll\u00edt\u00e1ssal legk\u00e9s\u0151bb m\u00e1snap feladjuk a term\u00e9ket!\nK\u00f6sz\u00f6nj\u00fck, hogy ben\u00e9zt\u00e9l! :)\nAna \u00e9s Rita (AnaRita \u00c9kszerek)","score":138.57693,"formatted_price":"14 990 Ft","image_url":"https:\/\/www.meska.hu\/img\/product\/small\/a\/n\/anarita_product_75543_250615113849_27541.jpeg","formatted_url":"https:\/\/www.meska.hu\/p5725681-keresztelo-ajandek-szinesen-fenylo-hegyikristaly-rozsafuzer","favourite":false,"in_stock":false,"avatar":"75543_avatar_1775231969.png","delete_from":0,"is_enhanced_background":false,"is_enhanced":false,"product_selection_started":false,"is_active":true,"image_webp_url":"https:\/\/www.meska.hu\/img\/product\/small\/a\/n\/anarita_product_75543_250615113849_27541.webp"},{"id":"6167437","shop_id":"36334","user_id":"472230","shop_name":"Hanade","shop_zip":"3561","product_code":"5764509","product_name_old":null,"product_name":"Keresztel\u0151 r\u00f3zsaf\u00fcz\u00e9r aj\u00e1nd\u00e9k - n\u00e9vvel, d\u00e1tummal","category_string":"Baba - mama, Keresztel\u0151 kell\u00e9kek, Keresztel\u0151aj\u00e1nd\u00e9kok","technic_string":"","category_1":"1735","category_2":"1745","category_3":"1495","category_4":"0","merged_category_1":null,"merged_category_2":null,"merged_category_3":null,"technic_1":"0","technic_2":"0","technic_3":"0","color_1":"514","color_2":"519","color_3":"0","product_description_old":null,"product_description":"Egy apr\u00f3 k\u00e9z, egy nagy nap\u2026 \n\nTedd m\u00e9g k\u00fcl\u00f6nlegesebb\u00e9 a keresztel\u0151t egy szem\u00e9lyre szabott lapos r\u00f3zsaf\u00fcz\u00e9rrel, amely \u00f6r\u00f6k eml\u00e9kk\u00e9nt megmarad.\n\nV\u00e1laszthat\u00f3: fa vagy feh\u00e9r r\u00f3zsaf\u00fcz\u00e9r\nEgyedi n\u00e9vvel \u00e9s d\u00e1tummal k\u00e9sz\u00fclt k\u00e1rty\u00e1val\nSz\u00edvhez sz\u00f3l\u00f3 aj\u00e1nd\u00e9k a csal\u00e1d minden tagj\u00e1nak\n\nEz nem csak egy aj\u00e1nd\u00e9k\u2026\nhanem egy eml\u00e9k, amit mindig meg\u0151riznek!\n\nA term\u00e9ket el\u0151re utal\u00e1s ut\u00e1n tudjuk elk\u00e9sz\u00edteni!","price":"1590.00","unit":"db","recommended":"0","status":"1","sponsored":"0","exp_notify":"0","own_material":"0","own_material_description_old":null,"own_material_description":"","jury":"0","jury_number":"","product_nature":"","meskaracsony":"0","create_date":"2026-03-25 18:20:14","shelve_id":"0","image":"hanade_product_472230_260325181654_796255.jpeg","image_width":"480","image_height":"640","image_alt":"Keresztel\u0151 r\u00f3zsaf\u00fcz\u00e9r aj\u00e1nd\u00e9k - n\u00e9vvel, d\u00e1tummal, Egy apr\u00f3 k\u00e9z, egy nagy nap\u2026 \\n\\nTedd m\u00e9g k\u00fcl\u00f6nlegesebb\u00e9 a keresztel\u0151t egy szem\u00e9lyre szabott lapos r\u00f3zs..., Meska","image_title":"Keresztel\u0151 r\u00f3zsaf\u00fcz\u00e9r aj\u00e1nd\u00e9k - n\u00e9vvel, d\u00e1tummal, Meska","view_count":"98","favourite_count":"0","trending_score":"0","last2MonthFavouriteCount":"0","promotion":"0","giftcard_accept":"0","creditcard_accept":false,"enhanced_background":"0","domain":"meska","specific_customer_id":null,"specific_customer_name":null,"to_order_product":"1","to_order_product_time":"8","product_different":null,"product_different_description":"","vintage":"0","vintage_category_id":"0","recycled":"0","gemstone_id":"0","customizable":"1","type_category":"physical","zerowaste":"0","postage_price":"2390.00","shop_order":"0","has_category":"1","landing_pages":null,"microdata":{"number":15,"category":""},"title":"Keresztel\u0151 r\u00f3zsaf\u00fcz\u00e9r aj\u00e1nd\u00e9k - n\u00e9vvel, d\u00e1tummal","description":"Egy apr\u00f3 k\u00e9z, egy nagy nap\u2026 \n\nTedd m\u00e9g k\u00fcl\u00f6nlegesebb\u00e9 a keresztel\u0151t egy szem\u00e9lyre szabott lapos r\u00f3zsaf\u00fcz\u00e9rrel, amely \u00f6r\u00f6k eml\u00e9kk\u00e9nt megmarad.\n\nV\u00e1laszthat\u00f3: fa vagy feh\u00e9r r\u00f3zsaf\u00fcz\u00e9r\nEgyedi n\u00e9vvel \u00e9s d\u00e1tummal k\u00e9sz\u00fclt k\u00e1rty\u00e1val\nSz\u00edvhez sz\u00f3l\u00f3 aj\u00e1nd\u00e9k a csal\u00e1d minden tagj\u00e1nak\n\nEz nem csak egy aj\u00e1nd\u00e9k\u2026\nhanem egy eml\u00e9k, amit mindig meg\u0151riznek!\n\nA term\u00e9ket el\u0151re utal\u00e1s ut\u00e1n tudjuk elk\u00e9sz\u00edteni!","score":137.69461,"formatted_price":"1 590 Ft","image_url":"https:\/\/www.meska.hu\/img\/product\/small\/h\/a\/hanade_product_472230_260325181654_796255.jpeg","formatted_url":"https:\/\/www.meska.hu\/p5764509-keresztelo-rozsafuzer-ajandek-nevvel-datummal","favourite":false,"in_stock":false,"avatar":"472230_avatar_1730011909.jpeg","delete_from":0,"is_enhanced_background":false,"is_enhanced":false,"product_selection_started":false,"is_active":true,"image_webp_url":"https:\/\/www.meska.hu\/img\/product\/small\/h\/a\/hanade_product_472230_260325181654_796255.webp"},{"id":"5652693","shop_id":"44862","user_id":"643583","shop_name":"SugiDesign","shop_zip":"3346","product_code":"5469417","product_name_old":null,"product_name":"Baba aj\u00e1nd\u00e9k doboz keresztel\u0151re, babal\u00e1togat\u00f3ba, n\u00e9vad\u00f3ra","category_string":"Baba - mama, Keresztel\u0151aj\u00e1nd\u00e9kok, Keresztel\u0151 kell\u00e9kek","technic_string":"Famegmunk\u00e1l\u00e1s","category_1":"1495","category_2":"1745","category_3":"1735","category_4":"0","merged_category_1":null,"merged_category_2":null,"merged_category_3":null,"technic_1":"478","technic_2":"0","technic_3":"0","color_1":"513","color_2":"0","color_3":"0","product_description_old":null,"product_description":"K\u00fcl\u00f6nleges aj\u00e1nd\u00e9kdoboz, amely keresztel\u0151re, n\u00e9vad\u00f3ra, babal\u00e1togat\u00f3ba tele rakhattok minden j\u00f3val.   Ak\u00e1r csal\u00e1dtagnak, ak\u00e1r egy baba buliba vagy hivatalos, vagy nem is tudod mit vigy\u00e9l egy keresztel\u0151re, h\u00e1t ebbe a dobozba sok mindent bele lehet t\u00f6lteni.\nTeljesen egyedire szabhat\u00f3 sz\u00f6veggel k\u00e9rhet\u0151, hogy m\u00e9g szem\u00e9lyesebb\u00e9 tegy\u00fck az aj\u00e1nd\u00e9koz\u00e1st!K\u00e9rlek a neveket \u00e9s k\u00fcl\u00f6n k\u00e9rt sz\u00f6veget rendel\u00e9skor k\u00fcldj\u00e9tek meg r\u00e9sz\u00fcnkre! A doboz m\u00e9rete 21x7x21 cm.\n\n","price":"5500.00","unit":"db","recommended":"0","status":"1","sponsored":"0","exp_notify":"0","own_material":"0","own_material_description_old":null,"own_material_description":"","jury":"0","jury_number":"","product_nature":"","meskaracsony":"0","create_date":"2026-01-08 19:32:09","shelve_id":"0","image":"sugidesign_product_643583_250113182606_058424.jpeg","image_width":"480","image_height":"481","image_alt":"Baba aj\u00e1nd\u00e9k doboz keresztel\u0151re, babal\u00e1togat\u00f3ba, n\u00e9vad\u00f3ra, K\u00fcl\u00f6nleges aj\u00e1nd\u00e9kdoboz, amely keresztel\u0151re, n\u00e9vad\u00f3ra, babal\u00e1togat\u00f3ba tele rakhattok minden j\u00f3val.  ..., Meska","image_title":"Baba aj\u00e1nd\u00e9k doboz keresztel\u0151re, babal\u00e1togat\u00f3ba, n\u00e9vad\u00f3ra, Meska","view_count":"837","favourite_count":"1","trending_score":"0","last2MonthFavouriteCount":"0","promotion":"0","giftcard_accept":"0","creditcard_accept":false,"enhanced_background":"0","domain":"meska","specific_customer_id":null,"specific_customer_name":null,"to_order_product":"1","to_order_product_time":"5","product_different":null,"product_different_description":"","vintage":"0","vintage_category_id":"0","recycled":"0","gemstone_id":"0","customizable":"0","type_category":"physical","zerowaste":"0","postage_price":"1290.00","shop_order":"0","has_category":"1","landing_pages":null,"microdata":{"number":16,"category":""},"title":"Baba aj\u00e1nd\u00e9k doboz keresztel\u0151re, babal\u00e1togat\u00f3ba, n\u00e9vad\u00f3ra","description":"K\u00fcl\u00f6nleges aj\u00e1nd\u00e9kdoboz, amely keresztel\u0151re, n\u00e9vad\u00f3ra, babal\u00e1togat\u00f3ba tele rakhattok minden j\u00f3val.   Ak\u00e1r csal\u00e1dtagnak, ak\u00e1r egy baba buliba vagy hivatalos, vagy nem is tudod mit vigy\u00e9l egy keresztel\u0151re, h\u00e1t ebbe a dobozba sok mindent bele lehet t\u00f6lteni.\nTeljesen egyedire szabhat\u00f3 sz\u00f6veggel k\u00e9rhet\u0151, hogy m\u00e9g szem\u00e9lyesebb\u00e9 tegy\u00fck az aj\u00e1nd\u00e9koz\u00e1st!K\u00e9rlek a neveket \u00e9s k\u00fcl\u00f6n k\u00e9rt sz\u00f6veget rendel\u00e9skor k\u00fcldj\u00e9tek meg r\u00e9sz\u00fcnkre! A doboz m\u00e9rete 21x7x21 cm.\n\n","score":137.44527,"formatted_price":"5 500 Ft","image_url":"https:\/\/www.meska.hu\/img\/product\/small\/s\/u\/sugidesign_product_643583_250113182606_058424.jpeg","formatted_url":"https:\/\/www.meska.hu\/p5469417-baba-ajandek-doboz-keresztelore-babalatogatoba-nevadora","favourite":false,"in_stock":false,"avatar":"643583_avatar_1712137235.jpeg","delete_from":0,"is_enhanced_background":false,"is_enhanced":false,"product_selection_started":false,"is_active":true,"image_webp_url":"https:\/\/www.meska.hu\/img\/product\/small\/s\/u\/sugidesign_product_643583_250113182606_058424.webp"},{"id":"5652688","shop_id":"44862","user_id":"643583","shop_name":"SugiDesign","shop_zip":"3346","product_code":"5469414","product_name_old":null,"product_name":"Baba aj\u00e1nd\u00e9k doboz keresztel\u0151re, babal\u00e1togat\u00f3ba, n\u00e9vad\u00f3ra","category_string":"Baba - mama, Keresztel\u0151 kell\u00e9kek, Keresztel\u0151aj\u00e1nd\u00e9kok","technic_string":"Famegmunk\u00e1l\u00e1s","category_1":"1735","category_2":"1745","category_3":"1495","category_4":"0","merged_category_1":null,"merged_category_2":null,"merged_category_3":null,"technic_1":"478","technic_2":"0","technic_3":"0","color_1":"513","color_2":"0","color_3":"0","product_description_old":null,"product_description":"K\u00fcl\u00f6nleges aj\u00e1nd\u00e9kdoboz, amely keresztel\u0151re, n\u00e9vad\u00f3ra, babal\u00e1togat\u00f3ba tele rakhattok minden j\u00f3val.   Ak\u00e1r csal\u00e1dtagnak, ak\u00e1r egy baba buliba vagy hivatalos, vagy nem is tudod mit vigy\u00e9l egy keresztel\u0151re, h\u00e1t ebbe a dobozba sok mindent bele lehet t\u00f6lteni.\nTeljesen egyedire szabhat\u00f3 sz\u00f6veggel k\u00e9rhet\u0151, hogy m\u00e9g szem\u00e9lyesebb\u00e9 tegy\u00fck az aj\u00e1nd\u00e9koz\u00e1st!K\u00e9rlek a neveket \u00e9s k\u00fcl\u00f6n k\u00e9rt sz\u00f6veget rendel\u00e9skor k\u00fcldj\u00e9tek meg r\u00e9sz\u00fcnkre! A doboz m\u00e9rete 21x7x21 cm.\n\n","price":"5500.00","unit":"db","recommended":"0","status":"1","sponsored":"0","exp_notify":"0","own_material":"0","own_material_description_old":null,"own_material_description":"","jury":"0","jury_number":"","product_nature":"","meskaracsony":"0","create_date":"2026-01-27 00:20:40","shelve_id":"0","image":"sugidesign_product_643583_250113182124_69168.jpeg","image_width":"480","image_height":"467","image_alt":"Baba aj\u00e1nd\u00e9k doboz keresztel\u0151re, babal\u00e1togat\u00f3ba, n\u00e9vad\u00f3ra, K\u00fcl\u00f6nleges aj\u00e1nd\u00e9kdoboz, amely keresztel\u0151re, n\u00e9vad\u00f3ra, babal\u00e1togat\u00f3ba tele rakhattok minden j\u00f3val.  ..., Meska","image_title":"Baba aj\u00e1nd\u00e9k doboz keresztel\u0151re, babal\u00e1togat\u00f3ba, n\u00e9vad\u00f3ra, Meska","view_count":"478","favourite_count":"1","trending_score":"0","last2MonthFavouriteCount":"0","promotion":"0","giftcard_accept":"0","creditcard_accept":false,"enhanced_background":"0","domain":"meska","specific_customer_id":null,"specific_customer_name":null,"to_order_product":"1","to_order_product_time":"5","product_different":null,"product_different_description":"","vintage":"0","vintage_category_id":"0","recycled":"0","gemstone_id":"0","customizable":"0","type_category":"physical","zerowaste":"0","postage_price":"1290.00","shop_order":"0","has_category":"1","landing_pages":null,"microdata":{"number":17,"category":""},"title":"Baba aj\u00e1nd\u00e9k doboz keresztel\u0151re, babal\u00e1togat\u00f3ba, n\u00e9vad\u00f3ra","description":"K\u00fcl\u00f6nleges aj\u00e1nd\u00e9kdoboz, amely keresztel\u0151re, n\u00e9vad\u00f3ra, babal\u00e1togat\u00f3ba tele rakhattok minden j\u00f3val.   Ak\u00e1r csal\u00e1dtagnak, ak\u00e1r egy baba buliba vagy hivatalos, vagy nem is tudod mit vigy\u00e9l egy keresztel\u0151re, h\u00e1t ebbe a dobozba sok mindent bele lehet t\u00f6lteni.\nTeljesen egyedire szabhat\u00f3 sz\u00f6veggel k\u00e9rhet\u0151, hogy m\u00e9g szem\u00e9lyesebb\u00e9 tegy\u00fck az aj\u00e1nd\u00e9koz\u00e1st!K\u00e9rlek a neveket \u00e9s k\u00fcl\u00f6n k\u00e9rt sz\u00f6veget rendel\u00e9skor k\u00fcldj\u00e9tek meg r\u00e9sz\u00fcnkre! A doboz m\u00e9rete 21x7x21 cm.\n\n","score":137.44527,"formatted_price":"5 500 Ft","image_url":"https:\/\/www.meska.hu\/img\/product\/small\/s\/u\/sugidesign_product_643583_250113182124_69168.jpeg","formatted_url":"https:\/\/www.meska.hu\/p5469414-baba-ajandek-doboz-keresztelore-babalatogatoba-nevadora","favourite":false,"in_stock":false,"avatar":"643583_avatar_1712137235.jpeg","delete_from":0,"is_enhanced_background":false,"is_enhanced":false,"product_selection_started":false,"is_active":true,"image_webp_url":"https:\/\/www.meska.hu\/img\/product\/small\/s\/u\/sugidesign_product_643583_250113182124_69168.webp"},{"id":"3381621","shop_id":"25704","user_id":"305786","shop_name":"Meglepi","shop_zip":"7700","product_code":"4186546","product_name_old":null,"product_name":"Babasz\u00fclet\u00e9sre, keresztel\u0151re, egyedi aj\u00e1nd\u00e9k, n\u00e9vresz\u00f3l\u00f3 k\u00e9pkeret rendelhet\u0151","category_string":"Baba - mama, Keresztel\u0151aj\u00e1nd\u00e9kok, Keresztel\u0151 kell\u00e9kek","technic_string":"Grav\u00edroz\u00e1s, pirogr\u00e1fia","category_1":"1495","category_2":"1745","category_3":"1735","category_4":"0","merged_category_1":"0","merged_category_2":"784","merged_category_3":"0","technic_1":"796","technic_2":"0","technic_3":"0","color_1":"514","color_2":"515","color_3":"532","product_description_old":null,"product_description":"Amennyiben k\u00fcl\u00f6nleges, n\u00e9vresz\u00f3l\u00f3 aj\u00e1nd\u00e9kot szeretn\u00e9l,\negy ilyen vagy ehhez hasonl\u00f3 k\u00e9pkeretet k\u00e9sz\u00edt\u00fcnk neked.\n\nTetsz\u0151legesen v\u00e1ltoztathatod a nevet, sz\u00f6veget, grafik\u00e1t,\nvagy egyedi id\u00e9zettel teheted szem\u00e9lyess\u00e9.\n\nHa az utal\u00e1s meg\u00e9rkezik, ak\u00e1r 1-2 nap alatt is elk\u00e9sz\u00fclhet a grav\u00edroz\u00e1s!\n\nA keret b\u00e1rmilyen alkalomra kiv\u00e1l\u00f3 aj\u00e1nd\u00e9k \u00e9s igazi meglepet\u00e9s lehet,\nbabasz\u00fclet\u00e9sre, esk\u00fcv\u0151re, \u00e9vfordul\u00f3ra, sz\u00fclet\u00e9snapra, n\u00e9vnapra vagy \u00fcnnepi alkalomra!\n13cm x 18cm fot\u00f3hoz.\n\n\nFONTOS INFORM\u00c1CI\u00d3K!\n\nA megrendel\u00e9sedet akkor tudjuk v\u00e9gleges\u00edteni amikor az utal\u00e1s meg\u00e9rkezik a banksz\u00e1ml\u00e1nkra,\ncsak ezt k\u00f6vet\u0151en fogunk hozz\u00e1 a l\u00e1tv\u00e1nytervhez, majd a grav\u00edroz\u00e1shoz!\n\nA banksz\u00e1mla adatokat v\u00e1s\u00e1rl\u00e1s ut\u00e1n automatikus lev\u00e9lben kapod meg!\n\nEzut\u00e1n r\u00f6vid id\u0151n bel\u00fcl felvessz\u00fck veled a kapcsolatot, \u00e9s egyeztet\u00fcnk az elk\u00e9pzel\u00e9sedr\u0151l,\nl\u00e1tv\u00e1nytervet k\u00fcld\u00fcnk \u00e9s ha j\u00f3v\u00e1hagyod, elk\u00e9sz\u00edtj\u00fck a grav\u00edroz\u00e1st \u00e9s post\u00e1zzuk a k\u00e9pkeretet.\n\nA post\u00e1z\u00e1ssal kapcsolatban a sz\u00e1ll\u00edt\u00e1si inf\u00f3 f\u00fcl alatt t\u00e1j\u00e9koz\u00f3dhatsz!\n\nA k\u00e9pkerethez fot\u00f3nyomtat\u00e1st nem tudunk v\u00e1llalni!\n\nAz egyedi k\u00edv\u00e1ns\u00e1gokat, az al\u00e1bbi linken is meg\u00edrhatod!\n","price":"6190.00","unit":"db","recommended":"0","status":"1","sponsored":"0","exp_notify":"0","own_material":"0","own_material_description_old":null,"own_material_description":"","jury":"0","jury_number":"","product_nature":"","meskaracsony":"0","create_date":"2026-04-17 00:12:12","shelve_id":"64238","image":"marcsihobbibag_product_305786_210623090649_176412.jpeg","image_width":"480","image_height":"480","image_alt":"Babasz\u00fclet\u00e9sre, keresztel\u0151re, egyedi aj\u00e1nd\u00e9k, n\u00e9vresz\u00f3l\u00f3 k\u00e9pkeret rendelhet\u0151, Amennyiben k\u00fcl\u00f6nleges, n\u00e9vresz\u00f3l\u00f3 aj\u00e1nd\u00e9kot szeretn\u00e9l,\\negy ilyen vagy ehhez hasonl\u00f3 k\u00e9pkeretet k\u00e9sz\u00ed..., Meska","image_title":"Babasz\u00fclet\u00e9sre, keresztel\u0151re, egyedi aj\u00e1nd\u00e9k, n\u00e9vresz\u00f3l\u00f3 k\u00e9pkeret rendelhet\u0151, Meska","view_count":"2558","favourite_count":"0","trending_score":"0","last2MonthFavouriteCount":"0","promotion":"0","giftcard_accept":"1","creditcard_accept":false,"enhanced_background":"0","domain":"meska","specific_customer_id":null,"specific_customer_name":null,"to_order_product":"1","to_order_product_time":"2","product_different":"different","product_different_description":"Rendelhet\u0151 tetsz\u0151leges n\u00e9vvel , felirattal \u00e9s grafik\u00e1val","vintage":"0","vintage_category_id":"0","recycled":"0","gemstone_id":"0","customizable":"1","type_category":"physical","zerowaste":"0","postage_price":"1290.00","shop_order":"0","has_category":"1","landing_pages":null,"microdata":{"number":18,"category":""},"title":"Babasz\u00fclet\u00e9sre, keresztel\u0151re, egyedi aj\u00e1nd\u00e9k, n\u00e9vresz\u00f3l\u00f3 k\u00e9pkeret rendelhet\u0151","description":"Amennyiben k\u00fcl\u00f6nleges, n\u00e9vresz\u00f3l\u00f3 aj\u00e1nd\u00e9kot szeretn\u00e9l,\negy ilyen vagy ehhez hasonl\u00f3 k\u00e9pkeretet k\u00e9sz\u00edt\u00fcnk neked.\n\nTetsz\u0151legesen v\u00e1ltoztathatod a nevet, sz\u00f6veget, grafik\u00e1t,\nvagy egyedi id\u00e9zettel teheted szem\u00e9lyess\u00e9.\n\nHa az utal\u00e1s meg\u00e9rkezik, ak\u00e1r 1-2 nap alatt is elk\u00e9sz\u00fclhet a grav\u00edroz\u00e1s!\n\nA keret b\u00e1rmilyen alkalomra kiv\u00e1l\u00f3 aj\u00e1nd\u00e9k \u00e9s igazi meglepet\u00e9s lehet,\nbabasz\u00fclet\u00e9sre, esk\u00fcv\u0151re, \u00e9vfordul\u00f3ra, sz\u00fclet\u00e9snapra, n\u00e9vnapra vagy \u00fcnnepi alkalomra!\n13cm x 18cm fot\u00f3hoz.\n\n\nFONTOS INFORM\u00c1CI\u00d3K!\n\nA megrendel\u00e9sedet akkor tudjuk v\u00e9gleges\u00edteni amikor az utal\u00e1s meg\u00e9rkezik a banksz\u00e1ml\u00e1nkra,\ncsak ezt k\u00f6vet\u0151en fogunk hozz\u00e1 a l\u00e1tv\u00e1nytervhez, majd a grav\u00edroz\u00e1shoz!\n\nA banksz\u00e1mla adatokat v\u00e1s\u00e1rl\u00e1s ut\u00e1n automatikus lev\u00e9lben kapod meg!\n\nEzut\u00e1n r\u00f6vid id\u0151n bel\u00fcl felvessz\u00fck veled a kapcsolatot, \u00e9s egyeztet\u00fcnk az elk\u00e9pzel\u00e9sedr\u0151l,\nl\u00e1tv\u00e1nytervet k\u00fcld\u00fcnk \u00e9s ha j\u00f3v\u00e1hagyod, elk\u00e9sz\u00edtj\u00fck a grav\u00edroz\u00e1st \u00e9s post\u00e1zzuk a k\u00e9pkeretet.\n\nA post\u00e1z\u00e1ssal kapcsolatban a sz\u00e1ll\u00edt\u00e1si inf\u00f3 f\u00fcl alatt t\u00e1j\u00e9koz\u00f3dhatsz!\n\nA k\u00e9pkerethez fot\u00f3nyomtat\u00e1st nem tudunk v\u00e1llalni!\n\nAz egyedi k\u00edv\u00e1ns\u00e1gokat, az al\u00e1bbi linken is meg\u00edrhatod!\n","score":134.35033,"formatted_price":"6 190 Ft","image_url":"https:\/\/www.meska.hu\/img\/product\/small\/m\/a\/marcsihobbibag_product_305786_210623090649_176412.jpeg","formatted_url":"https:\/\/www.meska.hu\/p4186546-babaszuletesre-keresztelore-egyedi-ajandek-nevreszolo-kepkeret-rendelheto","favourite":false,"in_stock":false,"avatar":"305786_avatar_1770388301.jpeg","delete_from":0,"is_enhanced_background":false,"is_enhanced":false,"product_selection_started":false,"is_active":true,"image_webp_url":"https:\/\/www.meska.hu\/img\/product\/small\/m\/a\/marcsihobbibag_product_305786_210623090649_176412.webp"},{"id":"5652756","shop_id":"44862","user_id":"643583","shop_name":"SugiDesign","shop_zip":"3346","product_code":"5469450","product_name_old":null,"product_name":"Aj\u00e1nd\u00e9k Talpak Babal\u00e1togat\u00f3ba","category_string":"Baba - mama, Keresztel\u0151aj\u00e1nd\u00e9kok, Keresztel\u0151 kell\u00e9kek","technic_string":"Grav\u00edroz\u00e1s, pirogr\u00e1fia","category_1":"1495","category_2":"1745","category_3":"1735","category_4":"0","merged_category_1":null,"merged_category_2":null,"merged_category_3":null,"technic_1":"796","technic_2":"0","technic_3":"0","color_1":"513","color_2":"0","color_3":"0","product_description_old":null,"product_description":"Grav\u00edrozott sz\u00fclet\u00e9si adatokkal ell\u00e1tott babatalpakat \u00e1br\u00e1zol\u00f3 d\u00edsz. A kisbaba sz\u00fclet\u00e9se minden csal\u00e1d \u00e9let\u00e9ben fontos esem\u00e9ny. Ez egy k\u00fcl\u00f6nleges aj\u00e1nd\u00e9k, ha \u00e9pp keresztel\u0151re, n\u00e9vad\u00f3ra vagy babal\u00e1togat\u00f3ba megy\u00fcnk! Ez az aj\u00e1nd\u00e9k, melyhez minden adatra sz\u00fcks\u00e9g\u00fcnk van, hogy pontos adatt\u00e1bl\u00e1t tudjunk k\u00e9sz\u00edteni. M\u00e9rete kb 15x15 cm","price":"3000.00","unit":"db","recommended":"0","status":"1","sponsored":"0","exp_notify":"0","own_material":"0","own_material_description_old":null,"own_material_description":"","jury":"0","jury_number":"","product_nature":"","meskaracsony":"0","create_date":"2026-01-08 20:32:12","shelve_id":"0","image":"sugidesign_product_643583_250113191710_338654.jpeg","image_width":"480","image_height":"360","image_alt":"Aj\u00e1nd\u00e9k Talpak Babal\u00e1togat\u00f3ba, Grav\u00edrozott sz\u00fclet\u00e9si adatokkal ell\u00e1tott babatalpakat \u00e1br\u00e1zol\u00f3 d\u00edsz. A kisbaba sz\u00fclet\u00e9se minden csal..., Meska","image_title":"Aj\u00e1nd\u00e9k Talpak Babal\u00e1togat\u00f3ba, Meska","view_count":"399","favourite_count":"0","trending_score":"0","last2MonthFavouriteCount":"0","promotion":"0","giftcard_accept":"0","creditcard_accept":false,"enhanced_background":"0","domain":"meska","specific_customer_id":null,"specific_customer_name":null,"to_order_product":"1","to_order_product_time":"5","product_different":null,"product_different_description":"","vintage":"0","vintage_category_id":"0","recycled":"0","gemstone_id":"0","customizable":"0","type_category":"physical","zerowaste":"0","postage_price":"1290.00","shop_order":"0","has_category":"1","landing_pages":null,"microdata":{"number":19,"category":""},"title":"Aj\u00e1nd\u00e9k Talpak Babal\u00e1togat\u00f3ba","description":"Grav\u00edrozott sz\u00fclet\u00e9si adatokkal ell\u00e1tott babatalpakat \u00e1br\u00e1zol\u00f3 d\u00edsz. A kisbaba sz\u00fclet\u00e9se minden csal\u00e1d \u00e9let\u00e9ben fontos esem\u00e9ny. Ez egy k\u00fcl\u00f6nleges aj\u00e1nd\u00e9k, ha \u00e9pp keresztel\u0151re, n\u00e9vad\u00f3ra vagy babal\u00e1togat\u00f3ba megy\u00fcnk! Ez az aj\u00e1nd\u00e9k, melyhez minden adatra sz\u00fcks\u00e9g\u00fcnk van, hogy pontos adatt\u00e1bl\u00e1t tudjunk k\u00e9sz\u00edteni. M\u00e9rete kb 15x15 cm","score":133.88803,"formatted_price":"3 000 Ft","image_url":"https:\/\/www.meska.hu\/img\/product\/small\/s\/u\/sugidesign_product_643583_250113191710_338654.jpeg","formatted_url":"https:\/\/www.meska.hu\/p5469450-ajandek-talpak-babalatogatoba","favourite":false,"in_stock":false,"avatar":"643583_avatar_1712137235.jpeg","delete_from":0,"is_enhanced_background":false,"is_enhanced":false,"product_selection_started":false,"is_active":true,"image_webp_url":"https:\/\/www.meska.hu\/img\/product\/small\/s\/u\/sugidesign_product_643583_250113191710_338654.webp"},{"id":"3510174","shop_id":"12016","user_id":"66968","shop_name":"barbiebaba","shop_zip":"5940","product_code":"4592076","product_name_old":null,"product_name":"Keresztel\u0151 aj\u00e1nd\u00e9k hegyikrist\u00e1ly r\u00f3zsaf\u00fcz\u00e9r","category_string":"Baba - mama, Keresztel\u0151aj\u00e1nd\u00e9kok, Keresztel\u0151 kell\u00e9kek","technic_string":"\u00c9kszerk\u00e9sz\u00edt\u00e9s","category_1":"1495","category_2":"1745","category_3":"1735","category_4":"0","merged_category_1":null,"merged_category_2":null,"merged_category_3":null,"technic_1":"477","technic_2":"0","technic_3":"0","color_1":"518","color_2":"0","color_3":"0","product_description_old":null,"product_description":"Keresztel\u0151 aj\u00e1nd\u00e9k hegyikrist\u00e1ly r\u00f3zsaf\u00fcz\u00e9r\nAz \u00e1r tartalmazza: 1 db r\u00f3zsaf\u00fcz\u00e9r + aj\u00e1nd\u00e9kdoboz\nAz aj\u00e1nd\u00e9kdobozban l\u00e9v\u0151 felirat v\u00e1ltoztathat\u00f3, megjegyz\u00e9sben kellene felt\u00fcntetni a k\u00e9rt v\u00e1ltoztat\u00e1sokat!\nK\u00e9t tizedes r\u00f3zsaf\u00fcz\u00e9r, az \u00e1sv\u00e1nyok 6mm m\u00e9ret\u0171ek.\nHegyikrist\u00e1ly hat\u00e1sa: sejtregener\u00e1l\u00f3, v\u00e9d\u0151, immuner\u0151s\u00edt\u0151, agyi funkci\u00f3k, depresszi\u00f3, idegrendszer, m\u00e9regtelen\u00edt\u0151, anyagcsere, hormonh\u00e1ztart\u00e1s, v\u00e9rcukor, energia\n","price":"6990.00","unit":"db","recommended":"0","status":"1","sponsored":"0","exp_notify":"0","own_material":"0","own_material_description_old":null,"own_material_description":"","jury":"0","jury_number":"","product_nature":"","meskaracsony":"0","create_date":"2026-01-02 07:57:24","shelve_id":"67996","image":"barbiebaba_product_66968_220831182444_101512.png","image_width":"480","image_height":"643","image_alt":"Keresztel\u0151 aj\u00e1nd\u00e9k hegyikrist\u00e1ly r\u00f3zsaf\u00fcz\u00e9r, Keresztel\u0151 aj\u00e1nd\u00e9k hegyikrist\u00e1ly r\u00f3zsaf\u00fcz\u00e9r\\nAz \u00e1r tartalmazza: 1 db r\u00f3zsaf\u00fcz\u00e9r + aj\u00e1nd\u00e9kdoboz\\nAz aj\u00e1..., Meska","image_title":"Keresztel\u0151 aj\u00e1nd\u00e9k hegyikrist\u00e1ly r\u00f3zsaf\u00fcz\u00e9r, Meska","view_count":"11143","favourite_count":"0","trending_score":"0","last2MonthFavouriteCount":"0","promotion":"0","giftcard_accept":"1","creditcard_accept":false,"enhanced_background":"0","domain":"meska","specific_customer_id":null,"specific_customer_name":null,"to_order_product":"0","to_order_product_time":"0","product_different":null,"product_different_description":"","vintage":"0","vintage_category_id":"0","recycled":"0","gemstone_id":"0","customizable":"0","type_category":"physical","zerowaste":"0","postage_price":"1300.00","shop_order":"0","has_category":"1","landing_pages":null,"microdata":{"number":20,"category":""},"title":"Keresztel\u0151 aj\u00e1nd\u00e9k hegyikrist\u00e1ly r\u00f3zsaf\u00fcz\u00e9r","description":"Keresztel\u0151 aj\u00e1nd\u00e9k hegyikrist\u00e1ly r\u00f3zsaf\u00fcz\u00e9r\nAz \u00e1r tartalmazza: 1 db r\u00f3zsaf\u00fcz\u00e9r + aj\u00e1nd\u00e9kdoboz\nAz aj\u00e1nd\u00e9kdobozban l\u00e9v\u0151 felirat v\u00e1ltoztathat\u00f3, megjegyz\u00e9sben kellene felt\u00fcntetni a k\u00e9rt v\u00e1ltoztat\u00e1sokat!\nK\u00e9t tizedes r\u00f3zsaf\u00fcz\u00e9r, az \u00e1sv\u00e1nyok 6mm m\u00e9ret\u0171ek.\nHegyikrist\u00e1ly hat\u00e1sa: sejtregener\u00e1l\u00f3, v\u00e9d\u0151, immuner\u0151s\u00edt\u0151, agyi funkci\u00f3k, depresszi\u00f3, idegrendszer, m\u00e9regtelen\u00edt\u0151, anyagcsere, hormonh\u00e1ztart\u00e1s, v\u00e9rcukor, energia\n","score":133.66917,"formatted_price":"6 990 Ft","image_url":"https:\/\/www.meska.hu\/img\/product\/small\/b\/a\/barbiebaba_product_66968_220831182444_101512.png","formatted_url":"https:\/\/www.meska.hu\/p4592076-keresztelo-ajandek-hegyikristaly-rozsafuzer","favourite":false,"in_stock":true,"avatar":"barbiebaba_avatar_66968_1619282311.png","delete_from":0,"is_enhanced_background":false,"is_enhanced":false,"product_selection_started":false,"is_active":true,"image_webp_url":"https:\/\/www.meska.hu\/img\/product\/small\/b\/a\/barbiebaba_product_66968_220831182444_101512.webp"},{"id":"3430083","shop_id":"24014","user_id":"272253","shop_name":"EVYHomeDecor","shop_zip":"2083","product_code":"4537660","product_name_old":null,"product_name":"Keresztel\u0151i eml\u00e9k p\u00e1rna, F\u00e9nyk\u00e9pes egyedi p\u00e1rna saj\u00e1t n\u00e9vvel, d\u00e1tummal, verssel, id\u00e9zettel, Keresztsz\u00fcl\u0151knek aj\u00e1nd\u00e9k","category_string":"Baba - mama, Keresztel\u0151aj\u00e1nd\u00e9kok, Keresztel\u0151 kell\u00e9kek","technic_string":"Fot\u00f3, grafika, rajz, illusztr\u00e1ci\u00f3, Varr\u00e1s","category_1":"1495","category_2":"1745","category_3":"1735","category_4":"0","merged_category_1":null,"merged_category_2":null,"merged_category_3":null,"technic_1":"483","technic_2":"506","technic_3":"0","color_1":"520","color_2":"534","color_3":"0","product_description_old":null,"product_description":"K\u00c9ZZEL K\u00c9SZ\u00cdTETT P\u00c1RNA KERESZTEL\u0150RE - SAJ\u00c1T F\u00c9NYK\u00c9PPEL & N\u00c9VVEL & FELIRATOKKAL\n\nT\u00f6k\u00e9letes szem\u00e9lyre szabott aj\u00e1nd\u00e9k, eml\u00e9k \u00e9s dekor is egyben!\nA Te \u00e1ltalad k\u00fcld\u00f6tt f\u00e9nyk\u00e9pet \u00e9s a sz\u00f6veget, verset, feliratot nyomtatjuk r\u00e1 a p\u00e1rn\u00e1ra. Szalag d\u00edsz\u00edt\u00e9ssel is k\u00e9rheted, ha a p\u00e1rna mell\u00e9 m\u00e9g szeretn\u00e9l m\u00e1st is (kis \u00fczenetek, pap\u00edrp\u00e9nz) is aj\u00e1nd\u00e9kozni, de nem a megszokott bor\u00edt\u00e9kban adn\u00e1d \u00e1t.\n\nELK\u00c9SZ\u00cdT\u00c9SI & SZ\u00c1LL\u00cdT\u00c1SI INFORM\u00c1CI\u00d3K:\nA r\u00e9szletes elk\u00e9sz\u00edt\u00e9si-\u00e9s sz\u00e1ll\u00edt\u00e1si id\u0151k, illetve \u00e1rak a term\u00e9k k\u00e9pe alatti \"SZ\u00c1LL\u00cdT\u00c1SI INF\u00d3\" f\u00fcl alatt tal\u00e1lhat\u00f3k!\n\nK\u00e9rj\u00fck, hogy - sz\u00e1ll\u00edt\u00e1si & elk\u00e9sz\u00edt\u00e9si m\u00f3dt\u00f3l f\u00fcgg\u0151en - \u00f6sszesen 5-8 MUNKANAPOT sz\u00e1molj a csomag meg\u00e9rkez\u00e9s\u00e9re a fizet\u00e9st\u0151l, az \u00f6sszeg be\u00e9rkez\u00e9s\u00e9t\u0151l sz\u00e1m\u00edtva!\n____________________________________________________________________\nTERM\u00c9KLE\u00cdR\u00c1S:\nLevehet\u0151 huzat + min\u0151s\u00e9gi bels\u0151 p\u00e1rna\nV\u00e1laszthat\u00f3 m\u00e9retek: 35x35cm, 40x40cm, 45x45cm, 50x50cm\n\u2022 huzat sz\u00edne: feh\u00e9r\n\u2022 alul rejtett zipz\u00e1rral\n\u2022 anyag: matt tapint\u00e1s\u00fa poli\u00e9szter\n\u2022 mos\u00e1s: k\u00e9zzel max. 30\u00b0C fokon, kiford\u00edtva aj\u00e1nlott\n\u2022 a bels\u0151 p\u00e1rna huzata pamut, a t\u00f6ltete puha, nem csom\u00f3sod\u00f3 anti-allerg\u00e9n poli\u00e9sztergoly\u00f3\n(nem szivacs vagy vatta!)\n___________________________________________________________________________________\nDESIGN & NYOMAT:\nA mint\u00e1k k\u00e9zi rajzaink, festm\u00e9nyeink szublim\u00e1ci\u00f3s nyomatai. Maga a nyomat nem \u00e9rezhet\u0151, nem k\u00e9pez plusz r\u00e9teget a textilen, mert az anyag sz\u00f6vet\u00e9be h\u0151pr\u00e9selj\u00fck azt, \u00edgy nem kopik le, tart\u00f3s marad.\n___________________________________________________________________________________\nRENDEL\u00c9S MENETE:\nV\u00e1laszd ki a p\u00e1rna M\u00c9RET\u00c9T, a GRAFIKA SZ\u00cdN\u00c9T, add meg a DARABSZ\u00c1MOT, illetve ha szeretn\u00e9l n\u00e1szaj\u00e1nd\u00e9k p\u00e9nz\u00e1tad\u00f3 szalagokat \u00e9s\/vagy masnit is a p\u00e1rn\u00e1ra, akkor v\u00e1lassz a SZALAG D\u00cdSZ\u00cdT\u00c9SSEL (+300-500 Ft) opci\u00f3k k\u00f6z\u00fcl is!\nAmennyiben szeretn\u00e9d, hogy gyorsabban k\u00e9sz\u00edts\u00fck el a p\u00e1rn\u00e1t, szeretn\u00e9d mihamarabb k\u00e9zhez kapni a megrendel\u00e9sedet, \u00fagy KIEG\u00c9SZ\u00cdT\u0150k\u00e9nt v\u00e1laszd a s\u00fcrg\u0151ss\u00e9gi elk\u00e9sz\u00edt\u00e9st! (+1500 Ft). Miut\u00e1n kiv\u00e1lasztottad a Neked megfelel\u0151 opci\u00f3kat, tedd a KOS\u00c1R-ba a term\u00e9ket \u00e9s tov\u00e1bbhaladva t\u00f6ltsd ki a sz\u00e1ml\u00e1z\u00e1si & sz\u00e1ll\u00edt\u00e1si adatokat.\n\nF\u00c9NYK\u00c9P & FELIRATOK:\nA p\u00e1rn\u00e1ra nyomtatand\u00f3 pontos FELIRATOT (N\u00e9v, d\u00e1tum, vers, b\u00e1rmi) k\u00e9rj\u00fck, hogy az \"\u00dczenet EvyHomeDecor r\u00e9sz\u00e9re\" alatti n\u00e9gyzetbe \u00edrd bele vagy emailben k\u00fcldd el nek\u00fcnk!\nA F\u00c9NYK\u00c9PEKET pedig emailben v\u00e1rjuk! A megrendel\u00e9s lead\u00e1sa ut\u00e1n felvessz\u00fck Veled a kapcsolatot emailben.\n\nA sikeres megrendel\u00e9sr\u0151l minden esetben \u00e9rkezik egy visszaigazol\u00f3 email a Mesk\u00e1t\u00f3l, \u00e9s egy t\u0151l\u00fcnk, ami tartalmazza a fizet\u00e9si & sz\u00e1ll\u00edt\u00e1si inform\u00e1ci\u00f3kat!\nA sikeres megrendel\u00e9s \u00e9s fizet\u00e9s ut\u00e1n a kiv\u00e1lasztott elk\u00e9sz\u00edt\u00e9si id\u0151n bel\u00fcl elk\u00e9sz\u00edtj\u00fck Neked a k\u00e9rt dekorp\u00e1rn\u00e1t, \u00e9s a k\u00e9zbes\u00edt\u00e9s el\u0151tt 1-3 nappal megk\u00fcldj\u00fck a sz\u00e1ll\u00edt\u00e1si inf\u00f3kat is.\n____________________________________________________________________________________\nFIZET\u00c9SI M\u00d3DOK:\nBanki \u00e1tutal\u00e1ssal:\nK\u00e9rj\u00fck a v\u00e9g\u00f6sszeget az \u00e1ltalunk k\u00fcld\u00f6tt, \"EVY HOME DECOR-Sikeres megrendel\u00e9s & fizet\u00e9si inform\u00e1ci\u00f3k\" t\u00e1rgy\u00fa e-mailben tal\u00e1lhat\u00f3 banksz\u00e1mlasz\u00e1mra elutalni.\n\nK\u00d6SZ\u00d6NJ\u00dcK HOGY BEN\u00c9ZT\u00c9L HOZZ\u00c1NK!\nHa b\u00e1rmi k\u00e9rd\u00e9sed lenne, fordulj hozz\u00e1nk bizalommal!\nMini \u00e9s Evelyn :)","price":"6990.00","unit":"db","recommended":"0","status":"1","sponsored":"0","exp_notify":"0","own_material":"0","own_material_description_old":null,"own_material_description":"","jury":"0","jury_number":"","product_nature":"","meskaracsony":"0","create_date":"2026-03-06 15:44:41","shelve_id":"56380","image":"evyhomedecor_product_272253_200805124652_967970.jpeg","image_width":"480","image_height":"440","image_alt":"Keresztel\u0151i eml\u00e9k p\u00e1rna, F\u00e9nyk\u00e9pes egyedi p\u00e1rna saj\u00e1t n\u00e9vvel, d\u00e1tummal, verssel, id\u00e9zettel, Keresztsz\u00fcl\u0151knek aj\u00e1nd\u00e9k, K\u00c9ZZEL K\u00c9SZ\u00cdTETT P\u00c1RNA KERESZTEL\u0150RE - SAJ\u00c1T F\u00c9NYK\u00c9PPEL & N\u00c9VVEL & FELIRATOKKAL\\n\\nT\u00f6k\u00e9letes szem\u00e9lyre ..., Meska","image_title":"Keresztel\u0151i eml\u00e9k p\u00e1rna, F\u00e9nyk\u00e9pes egyedi p\u00e1rna saj\u00e1t n\u00e9vvel, d\u00e1tummal, verssel, id\u00e9zettel, Keresztsz\u00fcl\u0151knek aj\u00e1nd\u00e9k, Meska","view_count":"3154","favourite_count":"0","trending_score":"0","last2MonthFavouriteCount":"0","promotion":"0","giftcard_accept":"1","creditcard_accept":true,"enhanced_background":"0","domain":"meska","specific_customer_id":null,"specific_customer_name":null,"to_order_product":"1","to_order_product_time":"5","product_different":"different","product_different_description":"Saj\u00e1t f\u00e9nyk\u00e9ppel, n\u00e9vvel, d\u00e1tummal, verssel vagy id\u00e9zettel k\u00e9sz\u00fcl! ","vintage":"0","vintage_category_id":"0","recycled":"0","gemstone_id":"0","customizable":"1","type_category":"physical","zerowaste":"0","postage_price":"1290.00","shop_order":"20","has_category":"1","landing_pages":null,"microdata":{"number":21,"category":""},"title":"Keresztel\u0151i eml\u00e9k p\u00e1rna, F\u00e9nyk\u00e9pes egyedi p\u00e1rna saj\u00e1t n\u00e9vvel, d\u00e1tummal, verssel, id\u00e9zettel, Keresztsz\u00fcl\u0151knek aj\u00e1nd\u00e9k","description":"K\u00c9ZZEL K\u00c9SZ\u00cdTETT P\u00c1RNA KERESZTEL\u0150RE - SAJ\u00c1T F\u00c9NYK\u00c9PPEL & N\u00c9VVEL & FELIRATOKKAL\n\nT\u00f6k\u00e9letes szem\u00e9lyre szabott aj\u00e1nd\u00e9k, eml\u00e9k \u00e9s dekor is egyben!\nA Te \u00e1ltalad k\u00fcld\u00f6tt f\u00e9nyk\u00e9pet \u00e9s a sz\u00f6veget, verset, feliratot nyomtatjuk r\u00e1 a p\u00e1rn\u00e1ra. Szalag d\u00edsz\u00edt\u00e9ssel is k\u00e9rheted, ha a p\u00e1rna mell\u00e9 m\u00e9g szeretn\u00e9l m\u00e1st is (kis \u00fczenetek, pap\u00edrp\u00e9nz) is aj\u00e1nd\u00e9kozni, de nem a megszokott bor\u00edt\u00e9kban adn\u00e1d \u00e1t.\n\nELK\u00c9SZ\u00cdT\u00c9SI & SZ\u00c1LL\u00cdT\u00c1SI INFORM\u00c1CI\u00d3K:\nA r\u00e9szletes elk\u00e9sz\u00edt\u00e9si-\u00e9s sz\u00e1ll\u00edt\u00e1si id\u0151k, illetve \u00e1rak a term\u00e9k k\u00e9pe alatti \"SZ\u00c1LL\u00cdT\u00c1SI INF\u00d3\" f\u00fcl alatt tal\u00e1lhat\u00f3k!\n\nK\u00e9rj\u00fck, hogy - sz\u00e1ll\u00edt\u00e1si & elk\u00e9sz\u00edt\u00e9si m\u00f3dt\u00f3l f\u00fcgg\u0151en - \u00f6sszesen 5-8 MUNKANAPOT sz\u00e1molj a csomag meg\u00e9rkez\u00e9s\u00e9re a fizet\u00e9st\u0151l, az \u00f6sszeg be\u00e9rkez\u00e9s\u00e9t\u0151l sz\u00e1m\u00edtva!\n____________________________________________________________________\nTERM\u00c9KLE\u00cdR\u00c1S:\nLevehet\u0151 huzat + min\u0151s\u00e9gi bels\u0151 p\u00e1rna\nV\u00e1laszthat\u00f3 m\u00e9retek: 35x35cm, 40x40cm, 45x45cm, 50x50cm\n\u2022 huzat sz\u00edne: feh\u00e9r\n\u2022 alul rejtett zipz\u00e1rral\n\u2022 anyag: matt tapint\u00e1s\u00fa poli\u00e9szter\n\u2022 mos\u00e1s: k\u00e9zzel max. 30\u00b0C fokon, kiford\u00edtva aj\u00e1nlott\n\u2022 a bels\u0151 p\u00e1rna huzata pamut, a t\u00f6ltete puha, nem csom\u00f3sod\u00f3 anti-allerg\u00e9n poli\u00e9sztergoly\u00f3\n(nem szivacs vagy vatta!)\n___________________________________________________________________________________\nDESIGN & NYOMAT:\nA mint\u00e1k k\u00e9zi rajzaink, festm\u00e9nyeink szublim\u00e1ci\u00f3s nyomatai. Maga a nyomat nem \u00e9rezhet\u0151, nem k\u00e9pez plusz r\u00e9teget a textilen, mert az anyag sz\u00f6vet\u00e9be h\u0151pr\u00e9selj\u00fck azt, \u00edgy nem kopik le, tart\u00f3s marad.\n___________________________________________________________________________________\nRENDEL\u00c9S MENETE:\nV\u00e1laszd ki a p\u00e1rna M\u00c9RET\u00c9T, a GRAFIKA SZ\u00cdN\u00c9T, add meg a DARABSZ\u00c1MOT, illetve ha szeretn\u00e9l n\u00e1szaj\u00e1nd\u00e9k p\u00e9nz\u00e1tad\u00f3 szalagokat \u00e9s\/vagy masnit is a p\u00e1rn\u00e1ra, akkor v\u00e1lassz a SZALAG D\u00cdSZ\u00cdT\u00c9SSEL (+300-500 Ft) opci\u00f3k k\u00f6z\u00fcl is!\nAmennyiben szeretn\u00e9d, hogy gyorsabban k\u00e9sz\u00edts\u00fck el a p\u00e1rn\u00e1t, szeretn\u00e9d mihamarabb k\u00e9zhez kapni a megrendel\u00e9sedet, \u00fagy KIEG\u00c9SZ\u00cdT\u0150k\u00e9nt v\u00e1laszd a s\u00fcrg\u0151ss\u00e9gi elk\u00e9sz\u00edt\u00e9st! (+1500 Ft). Miut\u00e1n kiv\u00e1lasztottad a Neked megfelel\u0151 opci\u00f3kat, tedd a KOS\u00c1R-ba a term\u00e9ket \u00e9s tov\u00e1bbhaladva t\u00f6ltsd ki a sz\u00e1ml\u00e1z\u00e1si & sz\u00e1ll\u00edt\u00e1si adatokat.\n\nF\u00c9NYK\u00c9P & FELIRATOK:\nA p\u00e1rn\u00e1ra nyomtatand\u00f3 pontos FELIRATOT (N\u00e9v, d\u00e1tum, vers, b\u00e1rmi) k\u00e9rj\u00fck, hogy az \"\u00dczenet EvyHomeDecor r\u00e9sz\u00e9re\" alatti n\u00e9gyzetbe \u00edrd bele vagy emailben k\u00fcldd el nek\u00fcnk!\nA F\u00c9NYK\u00c9PEKET pedig emailben v\u00e1rjuk! A megrendel\u00e9s lead\u00e1sa ut\u00e1n felvessz\u00fck Veled a kapcsolatot emailben.\n\nA sikeres megrendel\u00e9sr\u0151l minden esetben \u00e9rkezik egy visszaigazol\u00f3 email a Mesk\u00e1t\u00f3l, \u00e9s egy t\u0151l\u00fcnk, ami tartalmazza a fizet\u00e9si & sz\u00e1ll\u00edt\u00e1si inform\u00e1ci\u00f3kat!\nA sikeres megrendel\u00e9s \u00e9s fizet\u00e9s ut\u00e1n a kiv\u00e1lasztott elk\u00e9sz\u00edt\u00e9si id\u0151n bel\u00fcl elk\u00e9sz\u00edtj\u00fck Neked a k\u00e9rt dekorp\u00e1rn\u00e1t, \u00e9s a k\u00e9zbes\u00edt\u00e9s el\u0151tt 1-3 nappal megk\u00fcldj\u00fck a sz\u00e1ll\u00edt\u00e1si inf\u00f3kat is.\n____________________________________________________________________________________\nFIZET\u00c9SI M\u00d3DOK:\nBanki \u00e1tutal\u00e1ssal:\nK\u00e9rj\u00fck a v\u00e9g\u00f6sszeget az \u00e1ltalunk k\u00fcld\u00f6tt, \"EVY HOME DECOR-Sikeres megrendel\u00e9s & fizet\u00e9si inform\u00e1ci\u00f3k\" t\u00e1rgy\u00fa e-mailben tal\u00e1lhat\u00f3 banksz\u00e1mlasz\u00e1mra elutalni.\n\nK\u00d6SZ\u00d6NJ\u00dcK HOGY BEN\u00c9ZT\u00c9L HOZZ\u00c1NK!\nHa b\u00e1rmi k\u00e9rd\u00e9sed lenne, fordulj hozz\u00e1nk bizalommal!\nMini \u00e9s Evelyn :)","score":133.39174,"formatted_price":"6 990 Ft","image_url":"https:\/\/www.meska.hu\/img\/product\/small\/e\/v\/evyhomedecor_product_272253_200805124652_967970.jpeg","formatted_url":"https:\/\/www.meska.hu\/p4537660-kereszteloi-emlek-parna-fenykepes-egyedi-parna-sajat-nevvel-datummal-verssel-idezettel-keresztszuloknek-ajandek","favourite":false,"in_stock":false,"avatar":"272253_avatar_1746519090.jpeg","delete_from":0,"is_enhanced_background":false,"is_enhanced":false,"product_selection_started":false,"is_active":true,"image_webp_url":"https:\/\/www.meska.hu\/img\/product\/small\/e\/v\/evyhomedecor_product_272253_200805124652_967970.webp"},{"id":"6151008","shop_id":"41917","user_id":"75543","shop_name":"AnaRita","shop_zip":"1013","product_code":"5757057","product_name_old":null,"product_name":"Keresztel\u0151 aj\u00e1nd\u00e9k s\u00f6t\u00e9tben vil\u00e1g\u00edt\u00f3 \u00e1sv\u00e1ny \u00f6ttizedes r\u00f3zsaf\u00fcz\u00e9r d\u00edszdobozban k\u00eds\u00e9r\u0151 sz\u00f6veggel fi\u00fa gyermeknek","category_string":"Baba - mama, Keresztel\u0151 kell\u00e9kek, Keresztel\u0151aj\u00e1nd\u00e9kok","technic_string":"\u00c9kszerk\u00e9sz\u00edt\u00e9s","category_1":"1735","category_2":"1745","category_3":"1495","category_4":"0","merged_category_1":null,"merged_category_2":null,"merged_category_3":null,"technic_1":"477","technic_2":"0","technic_3":"0","color_1":"518","color_2":"521","color_3":"0","product_description_old":null,"product_description":"\u00d6ttizedes \"val\u00f3di\" r\u00f3zsaf\u00fcz\u00e9r, 6 mm-es szintetikus s\u00f6t\u00e9tben vil\u00e1g\u00edt\u00f3 \u00e1sv\u00e1nygy\u00f6ngy\u00f6kb\u0151l k\u00e9sz\u00fclt. F\u00e9nyre felt\u00f6lt\u00f6lt\u0151dve s\u00f6t\u00e9tben vil\u00e1g\u00edt (lsd. 3. k\u00e9p). D\u00edszes k\u00f6z\u00e9pmed\u00e1llal \u00e9s d\u00edszes kereszttel. D\u00edszdobozban adjuk organza tasakkal kedves k\u00eds\u00e9r\u0151 \u00fczenettel. A doboz a k\u00e9szlet f\u00fcggv\u00e9ny\u00e9ben minim\u00e1lisan elt\u00e9rhet a k\u00e9pen l\u00e1that\u00f3t\u00f3l.\nKeresztel\u0151vel kapcsolatos tov\u00e1bbi term\u00e9keinket az al\u00e1bbi linken tal\u00e1lod:\nhttps:\/\/www.meska.hu\/shop\/AnaRita?s=77510\nAz \u00f6sszes r\u00f3zsaf\u00fcz\u00e9r\u00fcnket ezen a linken tal\u00e1lod:\nhttps:\/\/www.meska.hu\/shop\/AnaRita?s=75464\nFoxpost sz\u00e1ll\u00edt\u00e1ssal legk\u00e9s\u0151bb m\u00e1snap feladjuk a term\u00e9ket!\nK\u00f6sz\u00f6nj\u00fck, hogy ben\u00e9zt\u00e9l! :)\nAna \u00e9s Rita (AnaRita \u00c9kszerek)","price":"10990.00","unit":"db","recommended":"0","status":"1","sponsored":"0","exp_notify":"0","own_material":"0","own_material_description_old":null,"own_material_description":"","jury":"0","jury_number":"","product_nature":"","meskaracsony":"0","create_date":"2026-03-08 23:22:56","shelve_id":"77510","image":"anarita_product_75543_260314155002_889140.jpeg","image_width":"480","image_height":"480","image_alt":"Keresztel\u0151 aj\u00e1nd\u00e9k s\u00f6t\u00e9tben vil\u00e1g\u00edt\u00f3 \u00e1sv\u00e1ny \u00f6ttizedes r\u00f3zsaf\u00fcz\u00e9r d\u00edszdobozban k\u00eds\u00e9r\u0151 sz\u00f6veggel fi\u00fa gyermeknek, \u00d6ttizedes \\\"val\u00f3di\\\" r\u00f3zsaf\u00fcz\u00e9r, 6 mm-es szintetikus s\u00f6t\u00e9tben vil\u00e1g\u00edt\u00f3 \u00e1sv\u00e1nygy\u00f6ngy\u00f6kb\u0151l k\u00e9sz\u00fclt. F\u00e9ny..., Meska","image_title":"Keresztel\u0151 aj\u00e1nd\u00e9k s\u00f6t\u00e9tben vil\u00e1g\u00edt\u00f3 \u00e1sv\u00e1ny \u00f6ttizedes r\u00f3zsaf\u00fcz\u00e9r d\u00edszdobozban k\u00eds\u00e9r\u0151 sz\u00f6veggel fi\u00fa gyermeknek, Meska","view_count":"132","favourite_count":"2","trending_score":"0","last2MonthFavouriteCount":"2","promotion":"0","giftcard_accept":"0","creditcard_accept":true,"enhanced_background":"0","domain":"meska","specific_customer_id":null,"specific_customer_name":null,"to_order_product":"0","to_order_product_time":"0","product_different":null,"product_different_description":"","vintage":"0","vintage_category_id":"0","recycled":"0","gemstone_id":"0","customizable":"0","type_category":"physical","zerowaste":"0","postage_price":"2390.00","shop_order":"0","has_category":"1","landing_pages":null,"microdata":{"number":22,"category":""},"title":"Keresztel\u0151 aj\u00e1nd\u00e9k s\u00f6t\u00e9tben vil\u00e1g\u00edt\u00f3 \u00e1sv\u00e1ny \u00f6ttizedes r\u00f3zsaf\u00fcz\u00e9r d\u00edszdobozban k\u00eds\u00e9r\u0151 sz\u00f6veggel fi\u00fa gyermeknek","description":"\u00d6ttizedes \"val\u00f3di\" r\u00f3zsaf\u00fcz\u00e9r, 6 mm-es szintetikus s\u00f6t\u00e9tben vil\u00e1g\u00edt\u00f3 \u00e1sv\u00e1nygy\u00f6ngy\u00f6kb\u0151l k\u00e9sz\u00fclt. F\u00e9nyre felt\u00f6lt\u00f6lt\u0151dve s\u00f6t\u00e9tben vil\u00e1g\u00edt (lsd. 3. k\u00e9p). D\u00edszes k\u00f6z\u00e9pmed\u00e1llal \u00e9s d\u00edszes kereszttel. D\u00edszdobozban adjuk organza tasakkal kedves k\u00eds\u00e9r\u0151 \u00fczenettel. A doboz a k\u00e9szlet f\u00fcggv\u00e9ny\u00e9ben minim\u00e1lisan elt\u00e9rhet a k\u00e9pen l\u00e1that\u00f3t\u00f3l.\nKeresztel\u0151vel kapcsolatos tov\u00e1bbi term\u00e9keinket az al\u00e1bbi linken tal\u00e1lod:\nhttps:\/\/www.meska.hu\/shop\/AnaRita?s=77510\nAz \u00f6sszes r\u00f3zsaf\u00fcz\u00e9r\u00fcnket ezen a linken tal\u00e1lod:\nhttps:\/\/www.meska.hu\/shop\/AnaRita?s=75464\nFoxpost sz\u00e1ll\u00edt\u00e1ssal legk\u00e9s\u0151bb m\u00e1snap feladjuk a term\u00e9ket!\nK\u00f6sz\u00f6nj\u00fck, hogy ben\u00e9zt\u00e9l! :)\nAna \u00e9s Rita (AnaRita \u00c9kszerek)","score":133.24443,"formatted_price":"10 990 Ft","image_url":"https:\/\/www.meska.hu\/img\/product\/small\/a\/n\/anarita_product_75543_260314155002_889140.jpeg","formatted_url":"https:\/\/www.meska.hu\/p5757057-mobiltelefon-disz-mobil-charm","favourite":false,"in_stock":true,"avatar":"75543_avatar_1775231969.png","delete_from":0,"is_enhanced_background":false,"is_enhanced":false,"product_selection_started":false,"is_active":true,"image_webp_url":"https:\/\/www.meska.hu\/img\/product\/small\/a\/n\/anarita_product_75543_260314155002_889140.webp"},{"id":"4819995","shop_id":"12016","user_id":"66968","shop_name":"barbiebaba","shop_zip":"5940","product_code":"4967809","product_name_old":null,"product_name":"Rose jade aj\u00e1nd\u00e9k keresztanya kark\u00f6t\u0151 dobozos ","category_string":"Baba - mama, Keresztel\u0151aj\u00e1nd\u00e9kok, Keresztel\u0151 kell\u00e9kek","technic_string":"\u00c9kszerk\u00e9sz\u00edt\u00e9s","category_1":"1495","category_2":"1745","category_3":"1735","category_4":"0","merged_category_1":null,"merged_category_2":null,"merged_category_3":null,"technic_1":"477","technic_2":"0","technic_3":"0","color_1":"525","color_2":"0","color_3":"0","product_description_old":null,"product_description":"Rose jade aj\u00e1nd\u00e9k keresztanya kark\u00f6t\u0151 dobozos \nA felirat v\u00e1ltoztathat\u00f3, a p\u00e9nzt\u00e1rban a megjegyz\u00e9s alatt kell megadni a k\u00e9rt sz\u00f6veg v\u00e1ltoztat\u00e1sokat (pl egyedi n\u00e9v, d\u00e1tum, csoport, vers)\nM\u00e9retek:\n15-XS m\u00e9ret ( nagyon kis csukl\u00f3, \u00e1ltal\u00e1ban gyermek m\u00e9ret)\n16-S m\u00e9ret ( v\u00e9kony testalkat, v\u00e9kony csukl\u00f3)\n17- M m\u00e9ret (\u00e1tlagos m\u00e9ret)\n18- L m\u00e9ret ( k\u00f6zepes testalkat, er\u0151sebb csukl\u00f3)\n19- XL m\u00e9ret (nagyobb testalkat\u00fa, er\u0151s csukl\u00f3)\n20-21-22- \u00e1ltal\u00e1ban f\u00e9rfi csukl\u00f3 m\u00e9ret\n\u00c1sv\u00e1nyok:\nAch\u00e1t hat\u00e1sai:\u00a0v\u00e9d\u0151, szerencse, nyugtat\u00f3, agyi funkci\u00f3k fejleszt\u00e9se, em\u00e9szt\u00e9s, aura tiszt\u00edt\u00f3\nJade hat\u00e1sa: szerencse, vese, m\u00e9regtelen\u00edt\u0151, sejtregener\u00e1l\u00f3d\u00e1s, lelki b\u00e9ke, idegrendszer, v\u00e9d\u0151, alv\u00e1szavar, term\u00e9kenys\u00e9g\n","price":"6690.00","unit":"db","recommended":"0","status":"1","sponsored":"0","exp_notify":"0","own_material":"0","own_material_description_old":null,"own_material_description":"","jury":"0","jury_number":"","product_nature":"","meskaracsony":"0","create_date":"2026-04-27 11:36:21","shelve_id":"0","image":"barbiebaba_product_66968_230509203405_838876.jpeg","image_width":"480","image_height":"641","image_alt":"Rose jade aj\u00e1nd\u00e9k keresztanya kark\u00f6t\u0151 dobozos , Rose jade aj\u00e1nd\u00e9k keresztanya kark\u00f6t\u0151 dobozos \\nA felirat v\u00e1ltoztathat\u00f3, a p\u00e9nzt\u00e1rban a megjegyz\u00e9s al..., Meska","image_title":"Rose jade aj\u00e1nd\u00e9k keresztanya kark\u00f6t\u0151 dobozos , Meska","view_count":"922","favourite_count":"0","trending_score":"0","last2MonthFavouriteCount":"0","promotion":"0","giftcard_accept":"1","creditcard_accept":false,"enhanced_background":"0","domain":"meska","specific_customer_id":null,"specific_customer_name":null,"to_order_product":"0","to_order_product_time":"0","product_different":null,"product_different_description":"","vintage":"0","vintage_category_id":"0","recycled":"0","gemstone_id":"0","customizable":"0","type_category":"physical","zerowaste":"0","postage_price":"1300.00","shop_order":"0","has_category":"1","landing_pages":null,"microdata":{"number":23,"category":""},"title":"Rose jade aj\u00e1nd\u00e9k keresztanya kark\u00f6t\u0151 dobozos ","description":"Rose jade aj\u00e1nd\u00e9k keresztanya kark\u00f6t\u0151 dobozos \nA felirat v\u00e1ltoztathat\u00f3, a p\u00e9nzt\u00e1rban a megjegyz\u00e9s alatt kell megadni a k\u00e9rt sz\u00f6veg v\u00e1ltoztat\u00e1sokat (pl egyedi n\u00e9v, d\u00e1tum, csoport, vers)\nM\u00e9retek:\n15-XS m\u00e9ret ( nagyon kis csukl\u00f3, \u00e1ltal\u00e1ban gyermek m\u00e9ret)\n16-S m\u00e9ret ( v\u00e9kony testalkat, v\u00e9kony csukl\u00f3)\n17- M m\u00e9ret (\u00e1tlagos m\u00e9ret)\n18- L m\u00e9ret ( k\u00f6zepes testalkat, er\u0151sebb csukl\u00f3)\n19- XL m\u00e9ret (nagyobb testalkat\u00fa, er\u0151s csukl\u00f3)\n20-21-22- \u00e1ltal\u00e1ban f\u00e9rfi csukl\u00f3 m\u00e9ret\n\u00c1sv\u00e1nyok:\nAch\u00e1t hat\u00e1sai:\u00a0v\u00e9d\u0151, szerencse, nyugtat\u00f3, agyi funkci\u00f3k fejleszt\u00e9se, em\u00e9szt\u00e9s, aura tiszt\u00edt\u00f3\nJade hat\u00e1sa: szerencse, vese, m\u00e9regtelen\u00edt\u0151, sejtregener\u00e1l\u00f3d\u00e1s, lelki b\u00e9ke, idegrendszer, v\u00e9d\u0151, alv\u00e1szavar, term\u00e9kenys\u00e9g\n","score":132.14894,"formatted_price":"6 690 Ft","image_url":"https:\/\/www.meska.hu\/img\/product\/small\/b\/a\/barbiebaba_product_66968_230509203405_838876.jpeg","formatted_url":"https:\/\/www.meska.hu\/p4967809-rose-jade-ajandek-keresztanya-karkoto-dobozos","favourite":false,"in_stock":true,"avatar":"barbiebaba_avatar_66968_1619282311.png","delete_from":0,"is_enhanced_background":false,"is_enhanced":false,"product_selection_started":false,"is_active":true,"image_webp_url":"https:\/\/www.meska.hu\/img\/product\/small\/b\/a\/barbiebaba_product_66968_230509203405_838876.webp"},{"id":"3505789","shop_id":"12016","user_id":"66968","shop_name":"barbiebaba","shop_zip":"5940","product_code":"4592070","product_name_old":null,"product_name":"Keresztel\u0151 aj\u00e1nd\u00e9k r\u00f3zsakvarc r\u00f3zsaf\u00fcz\u00e9r k\u00e9t tizedes","category_string":"Baba - mama, Keresztel\u0151aj\u00e1nd\u00e9kok, Keresztel\u0151 kell\u00e9kek","technic_string":"\u00c9kszerk\u00e9sz\u00edt\u00e9s","category_1":"1495","category_2":"1745","category_3":"1735","category_4":"0","merged_category_1":null,"merged_category_2":null,"merged_category_3":null,"technic_1":"477","technic_2":"0","technic_3":"0","color_1":"518","color_2":"0","color_3":"0","product_description_old":null,"product_description":"Keresztel\u0151 aj\u00e1nd\u00e9k r\u00f3zsakvarc r\u00f3zsaf\u00fcz\u00e9r\nAz \u00e1r tartalmazza: 1 db r\u00f3zsaf\u00fcz\u00e9r + aj\u00e1nd\u00e9kdoboz\nAz aj\u00e1nd\u00e9kdobozban l\u00e9v\u0151 felirat v\u00e1ltoztathat\u00f3, megjegyz\u00e9sben kellene felt\u00fcntetni a k\u00e9rt v\u00e1ltoztat\u00e1sokat!\nK\u00e9t tizedes r\u00f3zsaf\u00fcz\u00e9r, az \u00e1sv\u00e1nyok 6mm m\u00e9ret\u0171ek.\nR\u00f3zsakvarc hat\u00e1sa:\u00a0mesterkrist\u00e1ly, nyugtat\u00f3, kommunik\u00e1ci\u00f3, m\u00e9regtelen\u00edt\u0151, vese, v\u00e9rnyom\u00e1s stabiliz\u00e1l\u00f3, sz\u00edv, mell\u00e9kvese, b\u0151r\n","price":"6990.00","unit":"db","recommended":"0","status":"1","sponsored":"0","exp_notify":"0","own_material":"0","own_material_description_old":null,"own_material_description":"","jury":"0","jury_number":"","product_nature":"","meskaracsony":"0","create_date":"2026-01-31 16:04:28","shelve_id":"67996","image":"barbiebaba_product_66968_220831182523_373610.jpeg","image_width":"480","image_height":"641","image_alt":"Keresztel\u0151 aj\u00e1nd\u00e9k r\u00f3zsakvarc r\u00f3zsaf\u00fcz\u00e9r k\u00e9t tizedes, Keresztel\u0151 aj\u00e1nd\u00e9k r\u00f3zsakvarc r\u00f3zsaf\u00fcz\u00e9r\\nAz \u00e1r tartalmazza: 1 db r\u00f3zsaf\u00fcz\u00e9r + aj\u00e1nd\u00e9kdoboz\\nAz aj\u00e1nd\u00e9..., Meska","image_title":"Keresztel\u0151 aj\u00e1nd\u00e9k r\u00f3zsakvarc r\u00f3zsaf\u00fcz\u00e9r k\u00e9t tizedes, Meska","view_count":"8791","favourite_count":"0","trending_score":"0","last2MonthFavouriteCount":"0","promotion":"0","giftcard_accept":"1","creditcard_accept":false,"enhanced_background":"0","domain":"meska","specific_customer_id":null,"specific_customer_name":null,"to_order_product":"0","to_order_product_time":"0","product_different":null,"product_different_description":"","vintage":"0","vintage_category_id":"0","recycled":"0","gemstone_id":"0","customizable":"0","type_category":"physical","zerowaste":"0","postage_price":"1300.00","shop_order":"0","has_category":"1","landing_pages":null,"microdata":{"number":24,"category":""},"title":"Keresztel\u0151 aj\u00e1nd\u00e9k r\u00f3zsakvarc r\u00f3zsaf\u00fcz\u00e9r k\u00e9t tizedes","description":"Keresztel\u0151 aj\u00e1nd\u00e9k r\u00f3zsakvarc r\u00f3zsaf\u00fcz\u00e9r\nAz \u00e1r tartalmazza: 1 db r\u00f3zsaf\u00fcz\u00e9r + aj\u00e1nd\u00e9kdoboz\nAz aj\u00e1nd\u00e9kdobozban l\u00e9v\u0151 felirat v\u00e1ltoztathat\u00f3, megjegyz\u00e9sben kellene felt\u00fcntetni a k\u00e9rt v\u00e1ltoztat\u00e1sokat!\nK\u00e9t tizedes r\u00f3zsaf\u00fcz\u00e9r, az \u00e1sv\u00e1nyok 6mm m\u00e9ret\u0171ek.\nR\u00f3zsakvarc hat\u00e1sa:\u00a0mesterkrist\u00e1ly, nyugtat\u00f3, kommunik\u00e1ci\u00f3, m\u00e9regtelen\u00edt\u0151, vese, v\u00e9rnyom\u00e1s stabiliz\u00e1l\u00f3, sz\u00edv, mell\u00e9kvese, b\u0151r\n","score":131.50774,"formatted_price":"6 990 Ft","image_url":"https:\/\/www.meska.hu\/img\/product\/small\/b\/a\/barbiebaba_product_66968_220831182523_373610.jpeg","formatted_url":"https:\/\/www.meska.hu\/p4592070-keresztelo-ajandek-rozsakvarc-rozsafuzer-ket-tizedes","favourite":false,"in_stock":true,"avatar":"barbiebaba_avatar_66968_1619282311.png","delete_from":0,"is_enhanced_background":false,"is_enhanced":false,"product_selection_started":false,"is_active":true,"image_webp_url":"https:\/\/www.meska.hu\/img\/product\/small\/b\/a\/barbiebaba_product_66968_220831182523_373610.webp"},{"id":"5906378","shop_id":"24014","user_id":"272253","shop_name":"EVYHomeDecor","shop_zip":"2083","product_code":"5613102","product_name_old":null,"product_name":"Keresztel\u0151i aj\u00e1nd\u00e9k egyedi sz\u00fclet\u00e9si macis p\u00e1rna, Neves aj\u00e1nd\u00e9k, Medve grafik\u00e1s dekorp\u00e1rna, babaszoba dekor, huzat+bels\u0151","category_string":"Baba - mama, Keresztel\u0151 kell\u00e9kek, Keresztel\u0151aj\u00e1nd\u00e9kok","technic_string":"Varr\u00e1s, Fest\u00e9szet","category_1":"1735","category_2":"1745","category_3":"1495","category_4":"0","merged_category_1":null,"merged_category_2":null,"merged_category_3":null,"technic_1":"506","technic_2":"480","technic_3":"0","color_1":"514","color_2":"519","color_3":"521","product_description_old":null,"product_description":"KERESZTEL\u0150I EML\u00c9K D\u00cdSZP\u00c1RNA\nMACK\u00d3 grafik\u00e1val & SAJ\u00c1T N\u00c9VVEL nyomtatva\n\nGyerekeknek szuper cuki sz\u00fclet\u00e9si aj\u00e1nd\u00e9k, eml\u00e9k keresztel\u0151re, aj\u00e1nd\u00e9k Mikul\u00e1sra, Kar\u00e1csonyra, Sz\u00fclet\u00e9snapra ez a saj\u00e1t, v\u00edzfest\u00e9kkel festett grafik\u00e1nkkal megnyomott d\u00edszp\u00e1rna. N\u00e9vvel, egyedi felirattal is elk\u00e9sz\u00edtj\u00fck Neked! :)\n\nK\u00e9rhet\u0151 szalag d\u00edsz\u00edt\u00e9ssel is! A selyemszalagok v\u00e9gein a kis hurkokba feltekert pap\u00edrp\u00e9nzt, kis \u00fczenetet lehet tenni, de en\u00e9lk\u00fcl is mutat\u00f3s \u00e9s egyedi aj\u00e1nd\u00e9k!\n\nELK\u00c9SZ\u00cdT\u00c9SI & SZ\u00c1LL\u00cdT\u00c1SI INFORM\u00c1CI\u00d3K:\nA r\u00e9szletes elk\u00e9sz\u00edt\u00e9si-\u00e9s sz\u00e1ll\u00edt\u00e1si id\u0151k, illetve \u00e1rak a term\u00e9k k\u00e9pe alatti \"SZ\u00c1LL\u00cdT\u00c1SI INF\u00d3\" f\u00fcl alatt tal\u00e1lhat\u00f3k!\n\nK\u00e9rj\u00fck, hogy - sz\u00e1ll\u00edt\u00e1si & elk\u00e9sz\u00edt\u00e9si m\u00f3dt\u00f3l f\u00fcgg\u0151en - \u00f6sszesen 5-8 MUNKANAPOT sz\u00e1molj a csomag meg\u00e9rkez\u00e9s\u00e9re a fizet\u00e9st\u0151l, az \u00f6sszeg be\u00e9rkez\u00e9s\u00e9t\u0151l sz\u00e1m\u00edtva!\n____________________________________________________________________\nTERM\u00c9KLE\u00cdR\u00c1S:\nLevehet\u0151 huzat + min\u0151s\u00e9gi bels\u0151 p\u00e1rna\nV\u00e1laszthat\u00f3 m\u00e9retek: 30x30cm, 35x35cm, 40x40cm, 45x45cm, 50x50cm\n30x40cm, 40x50cm\n\u2022 huzat sz\u00edne: feh\u00e9r\n\u2022 alul rejtett zipz\u00e1rral\n\u2022 anyag: matt tapint\u00e1s\u00fa poli\u00e9szter\n\u2022 mos\u00e1s: k\u00e9zzel max. 30\u00b0C fokon, kiford\u00edtva aj\u00e1nlott\n\u2022 a bels\u0151 p\u00e1rna huzata pamut, a t\u00f6ltete puha, nem csom\u00f3sod\u00f3 anti-allerg\u00e9n poli\u00e9sztergoly\u00f3\n(nem szivacs vagy vatta!)\n\u2022 a p\u00e1rnahuzatot \u00e9s a bels\u0151 p\u00e1rn\u00e1t is mi varrjuk, a grafika saj\u00e1t rajz-festm\u00e9ny, amit azt\u00e1n mi nyomtatunk, h\u0151pr\u00e9sel\u00fcnk a p\u00e1rnahuzatra\n____________________________________________________________________\nDESIGN & NYOMAT:\nA mint\u00e1k k\u00e9zi rajzaink, festm\u00e9nyeink szublim\u00e1ci\u00f3s nyomatai. Maga a nyomat nem \u00e9rezhet\u0151, nem k\u00e9pez plusz r\u00e9teget a textilen, mert az anyag sz\u00f6vet\u00e9be h\u0151pr\u00e9selj\u00fck azt, \u00edgy nem kopik le, tart\u00f3s marad.\n____________________________________________________________________\nRENDEL\u00c9S MENETE:\nJel\u00f6ld be a Neked tetsz\u0151 v\u00e1laszthat\u00f3 opci\u00f3kat (m\u00e9ret, darabsz\u00e1m, sz\u00edn, egyedi felirat, kig\u00e9sz\u00edt\u0151k stb.) \u00e9s tedd a KOS\u00c1R-ba a term\u00e9ket, majd tov\u00e1bb haladva t\u00f6ltsd ki a sz\u00e1ml\u00e1z\u00e1si & sz\u00e1ll\u00edt\u00e1si adatokat.\n\nEGYEDI N\u00c9V & FELIRAT:\nA p\u00e1rn\u00e1ra nyomtatand\u00f3 pontos feliratokat (nevek, d\u00e1tum vagy b\u00e1rmilyen egyedi felirat lehet) k\u00e9rj\u00fck, hogy az \"\u00dczenet EvyHomeDecor r\u00e9sz\u00e9re\" alatti n\u00e9gyzetbe \u00edrd bele.\n\nS\u00dcRG\u0150SS\u00c9GI ELK\u00c9SZ\u00cdT\u00c9S (1500 Ft) Amennyiben szeretn\u00e9d, hogy gyorsabban k\u00e9sz\u00edts\u00fck el a p\u00e1rn\u00e1t, szeretn\u00e9d mihamarabb k\u00e9zhez kapni a megrendel\u00e9sedet, \u00fagy tedd k\u00fcl\u00f6n a kosaradba a s\u00fcrg\u0151ss\u00e9gi elk\u00e9sz\u00edt\u00e9st is a term\u00e9k mell\u00e9 ! >>> https:\/\/www.meska.hu\/p4514732-surgossegi-felar-a-termek-elkeszitesere-expressz-elkeszites-sos-elkeszites\n\nA sikeres megrendel\u00e9sr\u0151l minden esetben \u00e9rkezik egy visszaigazol\u00f3 email a Mesk\u00e1t\u00f3l, \u00e9s egy t\u0151l\u00fcnk, ami tartalmazza a fizet\u00e9si & sz\u00e1ll\u00edt\u00e1si inform\u00e1ci\u00f3kat!\nA sikeres megrendel\u00e9s \u00e9s fizet\u00e9s ut\u00e1n a kiv\u00e1lasztott elk\u00e9sz\u00edt\u00e9si id\u0151n bel\u00fcl elk\u00e9sz\u00edtj\u00fck Neked a k\u00e9rt dekorp\u00e1rn\u00e1t, \u00e9s a k\u00e9zbes\u00edt\u00e9s el\u0151tt 1-2 nappal megk\u00fcldj\u00fck a sz\u00e1ll\u00edt\u00e1si inf\u00f3kat is.\n____________________________________________________________________\nFIZET\u00c9SI M\u00d3DOK:\nBanki \u00e1tutal\u00e1ssal:\nK\u00e9rj\u00fck a v\u00e9g\u00f6sszeget az \u00e1ltalunk k\u00fcld\u00f6tt, \"EVY HOME DECOR-Sikeres megrendel\u00e9s & fizet\u00e9si inform\u00e1ci\u00f3k\" t\u00e1rgy\u00fa e-mailben tal\u00e1lhat\u00f3 banksz\u00e1mlasz\u00e1mra elutalni.\n\nBankk\u00e1rty\u00e1val:\nLegegyszer\u0171bben \u00e9s leggyorsabban itt, Mesk\u00e1n (Barion) kereszt\u00fcl tudsz bankk\u00e1rty\u00e1val fizetni az oldalra bel\u00e9pve a \"V\u00e1s\u00e1rolt term\u00e9keim\"-en bel\u00fcl a \"Megveszem - Bankk\u00e1rty\u00e1val fizetek\" gombra kattintva.\n\nK\u00d6SZ\u00d6NJ\u00dcK HOGY BEN\u00c9ZT\u00c9L HOZZ\u00c1NK!\nHa b\u00e1rmi k\u00e9rd\u00e9sed lenne, fordulj hozz\u00e1nk bizalommal!\nMini \u00e9s Evelyn :)","price":"5990.00","unit":"db","recommended":"0","status":"1","sponsored":"0","exp_notify":"0","own_material":"0","own_material_description_old":null,"own_material_description":"","jury":"0","jury_number":"","product_nature":"","meskaracsony":"0","create_date":"2026-01-26 18:46:51","shelve_id":"56380","image":"evyhomedecor_product_272253_250901111346_573288.jpeg","image_width":"480","image_height":"421","image_alt":"Keresztel\u0151i aj\u00e1nd\u00e9k egyedi sz\u00fclet\u00e9si macis p\u00e1rna, Neves aj\u00e1nd\u00e9k, Medve grafik\u00e1s dekorp\u00e1rna, babaszoba dekor, huzat+bels\u0151, KERESZTEL\u0150I EML\u00c9K D\u00cdSZP\u00c1RNA\\nMACK\u00d3 grafik\u00e1val & SAJ\u00c1T N\u00c9VVEL nyomtatva\\n\\nGyerekeknek szuper cuki sz\u00fcle..., Meska","image_title":"Keresztel\u0151i aj\u00e1nd\u00e9k egyedi sz\u00fclet\u00e9si macis p\u00e1rna, Neves aj\u00e1nd\u00e9k, Medve grafik\u00e1s dekorp\u00e1rna, babaszoba dekor, huzat+bels\u0151, Meska","view_count":"377","favourite_count":"0","trending_score":"0","last2MonthFavouriteCount":"0","promotion":"0","giftcard_accept":"1","creditcard_accept":true,"enhanced_background":"0","domain":"meska","specific_customer_id":null,"specific_customer_name":null,"to_order_product":"1","to_order_product_time":"4","product_different":"quite_different","product_different_description":"Saj\u00e1t n\u00e9vvel k\u00e9sz\u00fcl!","vintage":"0","vintage_category_id":"0","recycled":"0","gemstone_id":"0","customizable":"1","type_category":"physical","zerowaste":"0","postage_price":"1349.00","shop_order":"19","has_category":"1","landing_pages":null,"microdata":{"number":25,"category":""},"title":"Keresztel\u0151i aj\u00e1nd\u00e9k egyedi sz\u00fclet\u00e9si macis p\u00e1rna, Neves aj\u00e1nd\u00e9k, Medve grafik\u00e1s dekorp\u00e1rna, babaszoba dekor, huzat+bels\u0151","description":"KERESZTEL\u0150I EML\u00c9K D\u00cdSZP\u00c1RNA\nMACK\u00d3 grafik\u00e1val & SAJ\u00c1T N\u00c9VVEL nyomtatva\n\nGyerekeknek szuper cuki sz\u00fclet\u00e9si aj\u00e1nd\u00e9k, eml\u00e9k keresztel\u0151re, aj\u00e1nd\u00e9k Mikul\u00e1sra, Kar\u00e1csonyra, Sz\u00fclet\u00e9snapra ez a saj\u00e1t, v\u00edzfest\u00e9kkel festett grafik\u00e1nkkal megnyomott d\u00edszp\u00e1rna. N\u00e9vvel, egyedi felirattal is elk\u00e9sz\u00edtj\u00fck Neked! :)\n\nK\u00e9rhet\u0151 szalag d\u00edsz\u00edt\u00e9ssel is! A selyemszalagok v\u00e9gein a kis hurkokba feltekert pap\u00edrp\u00e9nzt, kis \u00fczenetet lehet tenni, de en\u00e9lk\u00fcl is mutat\u00f3s \u00e9s egyedi aj\u00e1nd\u00e9k!\n\nELK\u00c9SZ\u00cdT\u00c9SI & SZ\u00c1LL\u00cdT\u00c1SI INFORM\u00c1CI\u00d3K:\nA r\u00e9szletes elk\u00e9sz\u00edt\u00e9si-\u00e9s sz\u00e1ll\u00edt\u00e1si id\u0151k, illetve \u00e1rak a term\u00e9k k\u00e9pe alatti \"SZ\u00c1LL\u00cdT\u00c1SI INF\u00d3\" f\u00fcl alatt tal\u00e1lhat\u00f3k!\n\nK\u00e9rj\u00fck, hogy - sz\u00e1ll\u00edt\u00e1si & elk\u00e9sz\u00edt\u00e9si m\u00f3dt\u00f3l f\u00fcgg\u0151en - \u00f6sszesen 5-8 MUNKANAPOT sz\u00e1molj a csomag meg\u00e9rkez\u00e9s\u00e9re a fizet\u00e9st\u0151l, az \u00f6sszeg be\u00e9rkez\u00e9s\u00e9t\u0151l sz\u00e1m\u00edtva!\n____________________________________________________________________\nTERM\u00c9KLE\u00cdR\u00c1S:\nLevehet\u0151 huzat + min\u0151s\u00e9gi bels\u0151 p\u00e1rna\nV\u00e1laszthat\u00f3 m\u00e9retek: 30x30cm, 35x35cm, 40x40cm, 45x45cm, 50x50cm\n30x40cm, 40x50cm\n\u2022 huzat sz\u00edne: feh\u00e9r\n\u2022 alul rejtett zipz\u00e1rral\n\u2022 anyag: matt tapint\u00e1s\u00fa poli\u00e9szter\n\u2022 mos\u00e1s: k\u00e9zzel max. 30\u00b0C fokon, kiford\u00edtva aj\u00e1nlott\n\u2022 a bels\u0151 p\u00e1rna huzata pamut, a t\u00f6ltete puha, nem csom\u00f3sod\u00f3 anti-allerg\u00e9n poli\u00e9sztergoly\u00f3\n(nem szivacs vagy vatta!)\n\u2022 a p\u00e1rnahuzatot \u00e9s a bels\u0151 p\u00e1rn\u00e1t is mi varrjuk, a grafika saj\u00e1t rajz-festm\u00e9ny, amit azt\u00e1n mi nyomtatunk, h\u0151pr\u00e9sel\u00fcnk a p\u00e1rnahuzatra\n____________________________________________________________________\nDESIGN & NYOMAT:\nA mint\u00e1k k\u00e9zi rajzaink, festm\u00e9nyeink szublim\u00e1ci\u00f3s nyomatai. Maga a nyomat nem \u00e9rezhet\u0151, nem k\u00e9pez plusz r\u00e9teget a textilen, mert az anyag sz\u00f6vet\u00e9be h\u0151pr\u00e9selj\u00fck azt, \u00edgy nem kopik le, tart\u00f3s marad.\n____________________________________________________________________\nRENDEL\u00c9S MENETE:\nJel\u00f6ld be a Neked tetsz\u0151 v\u00e1laszthat\u00f3 opci\u00f3kat (m\u00e9ret, darabsz\u00e1m, sz\u00edn, egyedi felirat, kig\u00e9sz\u00edt\u0151k stb.) \u00e9s tedd a KOS\u00c1R-ba a term\u00e9ket, majd tov\u00e1bb haladva t\u00f6ltsd ki a sz\u00e1ml\u00e1z\u00e1si & sz\u00e1ll\u00edt\u00e1si adatokat.\n\nEGYEDI N\u00c9V & FELIRAT:\nA p\u00e1rn\u00e1ra nyomtatand\u00f3 pontos feliratokat (nevek, d\u00e1tum vagy b\u00e1rmilyen egyedi felirat lehet) k\u00e9rj\u00fck, hogy az \"\u00dczenet EvyHomeDecor r\u00e9sz\u00e9re\" alatti n\u00e9gyzetbe \u00edrd bele.\n\nS\u00dcRG\u0150SS\u00c9GI ELK\u00c9SZ\u00cdT\u00c9S (1500 Ft) Amennyiben szeretn\u00e9d, hogy gyorsabban k\u00e9sz\u00edts\u00fck el a p\u00e1rn\u00e1t, szeretn\u00e9d mihamarabb k\u00e9zhez kapni a megrendel\u00e9sedet, \u00fagy tedd k\u00fcl\u00f6n a kosaradba a s\u00fcrg\u0151ss\u00e9gi elk\u00e9sz\u00edt\u00e9st is a term\u00e9k mell\u00e9 ! >>> https:\/\/www.meska.hu\/p4514732-surgossegi-felar-a-termek-elkeszitesere-expressz-elkeszites-sos-elkeszites\n\nA sikeres megrendel\u00e9sr\u0151l minden esetben \u00e9rkezik egy visszaigazol\u00f3 email a Mesk\u00e1t\u00f3l, \u00e9s egy t\u0151l\u00fcnk, ami tartalmazza a fizet\u00e9si & sz\u00e1ll\u00edt\u00e1si inform\u00e1ci\u00f3kat!\nA sikeres megrendel\u00e9s \u00e9s fizet\u00e9s ut\u00e1n a kiv\u00e1lasztott elk\u00e9sz\u00edt\u00e9si id\u0151n bel\u00fcl elk\u00e9sz\u00edtj\u00fck Neked a k\u00e9rt dekorp\u00e1rn\u00e1t, \u00e9s a k\u00e9zbes\u00edt\u00e9s el\u0151tt 1-2 nappal megk\u00fcldj\u00fck a sz\u00e1ll\u00edt\u00e1si inf\u00f3kat is.\n____________________________________________________________________\nFIZET\u00c9SI M\u00d3DOK:\nBanki \u00e1tutal\u00e1ssal:\nK\u00e9rj\u00fck a v\u00e9g\u00f6sszeget az \u00e1ltalunk k\u00fcld\u00f6tt, \"EVY HOME DECOR-Sikeres megrendel\u00e9s & fizet\u00e9si inform\u00e1ci\u00f3k\" t\u00e1rgy\u00fa e-mailben tal\u00e1lhat\u00f3 banksz\u00e1mlasz\u00e1mra elutalni.\n\nBankk\u00e1rty\u00e1val:\nLegegyszer\u0171bben \u00e9s leggyorsabban itt, Mesk\u00e1n (Barion) kereszt\u00fcl tudsz bankk\u00e1rty\u00e1val fizetni az oldalra bel\u00e9pve a \"V\u00e1s\u00e1rolt term\u00e9keim\"-en bel\u00fcl a \"Megveszem - Bankk\u00e1rty\u00e1val fizetek\" gombra kattintva.\n\nK\u00d6SZ\u00d6NJ\u00dcK HOGY BEN\u00c9ZT\u00c9L HOZZ\u00c1NK!\nHa b\u00e1rmi k\u00e9rd\u00e9sed lenne, fordulj hozz\u00e1nk bizalommal!\nMini \u00e9s Evelyn :)","score":130.08197,"formatted_price":"5 990 Ft","image_url":"https:\/\/www.meska.hu\/img\/product\/small\/e\/v\/evyhomedecor_product_272253_250901111346_573288.jpeg","formatted_url":"https:\/\/www.meska.hu\/p5613102-egyedi-szuletesi-kereszteloi-macis-parna-neves-ajandek-medve-grafikas-dekorparna-babaszoba-dekor-huzatbelso","favourite":false,"in_stock":false,"avatar":"272253_avatar_1746519090.jpeg","delete_from":0,"is_enhanced_background":false,"is_enhanced":false,"product_selection_started":false,"is_active":true,"image_webp_url":"https:\/\/www.meska.hu\/img\/product\/small\/e\/v\/evyhomedecor_product_272253_250901111346_573288.webp"},{"id":"6126656","shop_id":"25209","user_id":"228370","shop_name":"SzatiDizajn","shop_zip":"3412","product_code":"5739773","product_name_old":null,"product_name":"Keresztsz\u00fcl\u0151 felk\u00e9r\u0151 aj\u00e1nd\u00e9k - egyedi csavart makram\u00e9 kulcstart\u00f3 oliva","category_string":"Baba - mama, Keresztel\u0151 kell\u00e9kek, Keresztel\u0151aj\u00e1nd\u00e9kok","technic_string":"Mindenm\u00e1s, Csom\u00f3z\u00e1s","category_1":"1735","category_2":"1745","category_3":"1495","category_4":"0","merged_category_1":null,"merged_category_2":null,"merged_category_3":null,"technic_1":"493","technic_2":"475","technic_3":"0","color_1":"529","color_2":"0","color_3":"0","product_description_old":null,"product_description":"\nEzzel az egyedi, szemelyre szabott csom\u00f3zott kulcstart\u00f3val eml\u00e9kezetes \u00e9s \u00f6tletes m\u00f3don adhatod tudt\u00e1ra gyermeked nev\u00e9ben a leend\u0151 keresztsz\u00fcl\u0151knek az \u00f6r\u00f6mteli feladatot.\n\nKulcstart\u00f3 m\u00e9rete: 18 cm.\n\nK\u00e9rem, rendel\u00e9skor a szem\u00e9lyre szabhat\u00f3 adatokat (gyermek neve, leend\u0151 keresztsz\u00fcl\u0151(k) neve(i)t megk\u00fcldeni sz\u00edveskedjen.\n\nA sz\u00ednek a k\u00fcl\u00f6nb\u00f6z\u0151 k\u00e9perny\u0151k megjelen\u00edt\u00e9se \u00e9s f\u00e9nyvizonyok miatt esetenk\u00e9nt elt\u00e9rhetnek.\n","price":"2790.00","unit":"db","recommended":"0","status":"1","sponsored":"0","exp_notify":"0","own_material":"0","own_material_description_old":null,"own_material_description":"","jury":"0","jury_number":"","product_nature":"","meskaracsony":"0","create_date":"2026-02-22 21:09:38","shelve_id":"78100","image":"szatidizajn_product_228370_250512195631_173442.png","image_width":"480","image_height":"640","image_alt":"Keresztsz\u00fcl\u0151 felk\u00e9r\u0151 aj\u00e1nd\u00e9k - egyedi csavart makram\u00e9 kulcstart\u00f3 oliva, \\nEzzel az egyedi, szemelyre szabott csom\u00f3zott kulcstart\u00f3val eml\u00e9kezetes \u00e9s \u00f6tletes m\u00f3don adhatod tud..., Meska","image_title":"Keresztsz\u00fcl\u0151 felk\u00e9r\u0151 aj\u00e1nd\u00e9k - egyedi csavart makram\u00e9 kulcstart\u00f3 oliva, Meska","view_count":"50","favourite_count":"0","trending_score":"0","last2MonthFavouriteCount":"0","promotion":"0","giftcard_accept":"0","creditcard_accept":false,"enhanced_background":"0","domain":"meska","specific_customer_id":null,"specific_customer_name":null,"to_order_product":"0","to_order_product_time":"0","product_different":null,"product_different_description":"","vintage":"0","vintage_category_id":"0","recycled":"0","gemstone_id":"0","customizable":"0","type_category":"physical","zerowaste":"0","postage_price":"2390.00","shop_order":"1","has_category":"1","landing_pages":null,"microdata":{"number":26,"category":""},"title":"Keresztsz\u00fcl\u0151 felk\u00e9r\u0151 aj\u00e1nd\u00e9k - egyedi csavart makram\u00e9 kulcstart\u00f3 oliva","description":"\nEzzel az egyedi, szemelyre szabott csom\u00f3zott kulcstart\u00f3val eml\u00e9kezetes \u00e9s \u00f6tletes m\u00f3don adhatod tudt\u00e1ra gyermeked nev\u00e9ben a leend\u0151 keresztsz\u00fcl\u0151knek az \u00f6r\u00f6mteli feladatot.\n\nKulcstart\u00f3 m\u00e9rete: 18 cm.\n\nK\u00e9rem, rendel\u00e9skor a szem\u00e9lyre szabhat\u00f3 adatokat (gyermek neve, leend\u0151 keresztsz\u00fcl\u0151(k) neve(i)t megk\u00fcldeni sz\u00edveskedjen.\n\nA sz\u00ednek a k\u00fcl\u00f6nb\u00f6z\u0151 k\u00e9perny\u0151k megjelen\u00edt\u00e9se \u00e9s f\u00e9nyvizonyok miatt esetenk\u00e9nt elt\u00e9rhetnek.\n","score":129.9351,"formatted_price":"2 790 Ft","image_url":"https:\/\/www.meska.hu\/img\/product\/small\/s\/z\/szatidizajn_product_228370_250512195631_173442.png","formatted_url":"https:\/\/www.meska.hu\/p5739773-keresztszulo-felkero-ajandek-egyedi-csavart-makrame-kulcstarto-oliva","favourite":false,"in_stock":true,"avatar":"SzatiDizajn_avatar_228370_1524133237.jpg","delete_from":0,"is_enhanced_background":false,"is_enhanced":false,"product_selection_started":false,"is_active":true,"image_webp_url":"https:\/\/www.meska.hu\/img\/product\/small\/s\/z\/szatidizajn_product_228370_250512195631_173442.webp"},{"id":"6126661","shop_id":"25209","user_id":"228370","shop_name":"SzatiDizajn","shop_zip":"3412","product_code":"5739778","product_name_old":null,"product_name":"Keresztsz\u00fcl\u0151 felk\u00e9r\u0151 aj\u00e1nd\u00e9k- egyedi csavart makram\u00e9  kulcstart\u00f3 barna","category_string":"Baba - mama, Keresztel\u0151 kell\u00e9kek, Keresztel\u0151aj\u00e1nd\u00e9kok","technic_string":"Mindenm\u00e1s, Csom\u00f3z\u00e1s","category_1":"1735","category_2":"1745","category_3":"1495","category_4":"0","merged_category_1":null,"merged_category_2":null,"merged_category_3":null,"technic_1":"493","technic_2":"475","technic_3":"0","color_1":"514","color_2":"0","color_3":"0","product_description_old":null,"product_description":"\nEzzel az egyedi, szemelyre szabott csom\u00f3zott kulcstart\u00f3val eml\u00e9kezetes \u00e9s \u00f6tletes m\u00f3don adhatod tudt\u00e1ra gyermeked nev\u00e9ben a leend\u0151 keresztsz\u00fcl\u0151knek az \u00f6r\u00f6mteli feladatot.\n\nKulcstart\u00f3 m\u00e9rete: 18 cm.\n\nK\u00e9rem, rendel\u00e9skor a szem\u00e9lyre szabhat\u00f3 adatokat (gyermek neve, leend\u0151 keresztsz\u00fcl\u0151(k) neve(i)t megk\u00fcldeni sz\u00edveskedjen.\n\nA sz\u00ednek a k\u00fcl\u00f6nb\u00f6z\u0151 k\u00e9perny\u0151k megjelen\u00edt\u00e9se \u00e9s f\u00e9nyvizonyok miatt esetenk\u00e9nt elt\u00e9rhetnek.\n","price":"2790.00","unit":"db","recommended":"0","status":"1","sponsored":"0","exp_notify":"0","own_material":"0","own_material_description_old":null,"own_material_description":"","jury":"0","jury_number":"","product_nature":"","meskaracsony":"0","create_date":"2026-02-22 21:11:17","shelve_id":"78100","image":"szatidizajn_product_228370_251116113312_291847.png","image_width":"480","image_height":"664","image_alt":"Keresztsz\u00fcl\u0151 felk\u00e9r\u0151 aj\u00e1nd\u00e9k- egyedi csavart makram\u00e9  kulcstart\u00f3 barna, \\nEzzel az egyedi, szemelyre szabott csom\u00f3zott kulcstart\u00f3val eml\u00e9kezetes \u00e9s \u00f6tletes m\u00f3don adhatod tud..., Meska","image_title":"Keresztsz\u00fcl\u0151 felk\u00e9r\u0151 aj\u00e1nd\u00e9k- egyedi csavart makram\u00e9  kulcstart\u00f3 barna, Meska","view_count":"53","favourite_count":"0","trending_score":"0","last2MonthFavouriteCount":"0","promotion":"0","giftcard_accept":"0","creditcard_accept":false,"enhanced_background":"0","domain":"meska","specific_customer_id":null,"specific_customer_name":null,"to_order_product":"0","to_order_product_time":"0","product_different":null,"product_different_description":"","vintage":"0","vintage_category_id":"0","recycled":"0","gemstone_id":"0","customizable":"0","type_category":"physical","zerowaste":"0","postage_price":"2390.00","shop_order":"1","has_category":"1","landing_pages":null,"microdata":{"number":27,"category":""},"title":"Keresztsz\u00fcl\u0151 felk\u00e9r\u0151 aj\u00e1nd\u00e9k- egyedi csavart makram\u00e9  kulcstart\u00f3 barna","description":"\nEzzel az egyedi, szemelyre szabott csom\u00f3zott kulcstart\u00f3val eml\u00e9kezetes \u00e9s \u00f6tletes m\u00f3don adhatod tudt\u00e1ra gyermeked nev\u00e9ben a leend\u0151 keresztsz\u00fcl\u0151knek az \u00f6r\u00f6mteli feladatot.\n\nKulcstart\u00f3 m\u00e9rete: 18 cm.\n\nK\u00e9rem, rendel\u00e9skor a szem\u00e9lyre szabhat\u00f3 adatokat (gyermek neve, leend\u0151 keresztsz\u00fcl\u0151(k) neve(i)t megk\u00fcldeni sz\u00edveskedjen.\n\nA sz\u00ednek a k\u00fcl\u00f6nb\u00f6z\u0151 k\u00e9perny\u0151k megjelen\u00edt\u00e9se \u00e9s f\u00e9nyvizonyok miatt esetenk\u00e9nt elt\u00e9rhetnek.\n","score":129.9351,"formatted_price":"2 790 Ft","image_url":"https:\/\/www.meska.hu\/img\/product\/small\/s\/z\/szatidizajn_product_228370_251116113312_291847.png","formatted_url":"https:\/\/www.meska.hu\/p5739778-keresztszulo-felkero-ajandek-egyedi-csavart-makrame-kulcstarto-barna","favourite":false,"in_stock":true,"avatar":"SzatiDizajn_avatar_228370_1524133237.jpg","delete_from":0,"is_enhanced_background":false,"is_enhanced":false,"product_selection_started":false,"is_active":true,"image_webp_url":"https:\/\/www.meska.hu\/img\/product\/small\/s\/z\/szatidizajn_product_228370_251116113312_291847.webp"},{"id":"6108702","shop_id":"41917","user_id":"75543","shop_name":"AnaRita","shop_zip":"1013","product_code":"5728496","product_name_old":null,"product_name":"Keresztel\u0151 aj\u00e1nd\u00e9k \u00f6ttizedes \u00e1sv\u00e1ny r\u00f3zsaf\u00fcz\u00e9r d\u00edszdobozban k\u00eds\u00e9r\u0151 sz\u00f6veggel l\u00e1ny gyermeknek","category_string":"Baba - mama, Keresztel\u0151 kell\u00e9kek, Keresztel\u0151aj\u00e1nd\u00e9kok","technic_string":"\u00c9kszerk\u00e9sz\u00edt\u00e9s, Gy\u00f6ngyf\u0171z\u00e9s, gy\u00f6ngyh\u00edmz\u00e9s","category_1":"1735","category_2":"1745","category_3":"1495","category_4":"0","merged_category_1":null,"merged_category_2":null,"merged_category_3":null,"technic_1":"477","technic_2":"485","technic_3":"0","color_1":"518","color_2":"519","color_3":"0","product_description_old":null,"product_description":"\u00d6ttizedes \"val\u00f3di\" r\u00f3zsaf\u00fcz\u00e9r, feh\u00e9r porcel\u00e1n j\u00e1de szintetikus \u00e1sv\u00e1nygy\u00f6ngy\u00f6kb\u0151l k\u00e9sz\u00fclt. Strasszk\u00f6ves r\u00f3zsaf\u00fcz\u00e9r \u00f6sszek\u00f6t\u0151 med\u00e1llal \u00e9s strasszk\u00f6ves kereszt med\u00e1llal k\u00e9sz\u00edtett\u00fck.\nD\u00edszdobozban adjuk kedves k\u00eds\u00e9r\u0151 \u00fczenettel. K\u00e9r\u00e9sre a sz\u00f6vegen tudunk m\u00f3dos\u00edtani. A megjegyz\u00e9sben k\u00e9rj\u00fck felt\u00fcntetni a m\u00f3dos\u00edtott k\u00e9rt sz\u00f6veget. A doboz a k\u00e9szlet f\u00fcggv\u00e9ny\u00e9ben minim\u00e1lisan elt\u00e9rhet a k\u00e9pen l\u00e1that\u00f3t\u00f3l. \nHa b\u00e1rmilyen elk\u00e9pzel\u00e9sed van, pl. egy\u00e9b sz\u00ednb\u0151l, gy\u00f6ngy\u00f6kb\u0151l, \u00e1sv\u00e1nyb\u00f3l, vedd fel vel\u00fcnk a kapcsolatot \u00e9s \u00f6r\u00f6mmel elk\u00e9sz\u00edtj\u00fck.\nKeresztel\u0151vel kapcsolatos tov\u00e1bbi term\u00e9keinket az al\u00e1bbi linken tal\u00e1lod:\nhttps:\/\/www.meska.hu\/shop\/AnaRita?s=77510\nAz \u00f6sszes r\u00f3zsaf\u00fcz\u00e9r\u00fcnket ezen a linken tal\u00e1lod:\nhttps:\/\/www.meska.hu\/shop\/AnaRita?s=75464\nK\u00e9sz term\u00e9k eset\u00e9n Foxpost sz\u00e1ll\u00edt\u00e1ssal legk\u00e9s\u0151bb m\u00e1snap feladjuk a term\u00e9ket!\nK\u00f6sz\u00f6nj\u00fck, hogy ben\u00e9zt\u00e9l! :)\nAna \u00e9s Rita (AnaRita \u00c9kszerek)","price":"10990.00","unit":"db","recommended":"0","status":"1","sponsored":"0","exp_notify":"0","own_material":"0","own_material_description_old":null,"own_material_description":"","jury":"0","jury_number":"","product_nature":"","meskaracsony":"0","create_date":"2026-02-07 23:14:39","shelve_id":"77510","image":"anarita_product_75543_250421230126_025389.jpeg","image_width":"480","image_height":"480","image_alt":"Keresztel\u0151 aj\u00e1nd\u00e9k \u00f6ttizedes \u00e1sv\u00e1ny r\u00f3zsaf\u00fcz\u00e9r d\u00edszdobozban k\u00eds\u00e9r\u0151 sz\u00f6veggel l\u00e1ny gyermeknek, \u00d6ttizedes \\\"val\u00f3di\\\" r\u00f3zsaf\u00fcz\u00e9r, feh\u00e9r porcel\u00e1n j\u00e1de szintetikus \u00e1sv\u00e1nygy\u00f6ngy\u00f6kb\u0151l k\u00e9sz\u00fclt. Strasszk\u00f6v..., Meska","image_title":"Keresztel\u0151 aj\u00e1nd\u00e9k \u00f6ttizedes \u00e1sv\u00e1ny r\u00f3zsaf\u00fcz\u00e9r d\u00edszdobozban k\u00eds\u00e9r\u0151 sz\u00f6veggel l\u00e1ny gyermeknek, Meska","view_count":"160","favourite_count":"0","trending_score":"0","last2MonthFavouriteCount":"0","promotion":"0","giftcard_accept":"0","creditcard_accept":true,"enhanced_background":"0","domain":"meska","specific_customer_id":null,"specific_customer_name":null,"to_order_product":"1","to_order_product_time":"2","product_different":null,"product_different_description":"","vintage":"0","vintage_category_id":"0","recycled":"0","gemstone_id":"0","customizable":"0","type_category":"physical","zerowaste":"0","postage_price":"2390.00","shop_order":"0","has_category":"1","landing_pages":null,"microdata":{"number":28,"category":""},"title":"Keresztel\u0151 aj\u00e1nd\u00e9k \u00f6ttizedes \u00e1sv\u00e1ny r\u00f3zsaf\u00fcz\u00e9r d\u00edszdobozban k\u00eds\u00e9r\u0151 sz\u00f6veggel l\u00e1ny gyermeknek","description":"\u00d6ttizedes \"val\u00f3di\" r\u00f3zsaf\u00fcz\u00e9r, feh\u00e9r porcel\u00e1n j\u00e1de szintetikus \u00e1sv\u00e1nygy\u00f6ngy\u00f6kb\u0151l k\u00e9sz\u00fclt. Strasszk\u00f6ves r\u00f3zsaf\u00fcz\u00e9r \u00f6sszek\u00f6t\u0151 med\u00e1llal \u00e9s strasszk\u00f6ves kereszt med\u00e1llal k\u00e9sz\u00edtett\u00fck.\nD\u00edszdobozban adjuk kedves k\u00eds\u00e9r\u0151 \u00fczenettel. K\u00e9r\u00e9sre a sz\u00f6vegen tudunk m\u00f3dos\u00edtani. A megjegyz\u00e9sben k\u00e9rj\u00fck felt\u00fcntetni a m\u00f3dos\u00edtott k\u00e9rt sz\u00f6veget. A doboz a k\u00e9szlet f\u00fcggv\u00e9ny\u00e9ben minim\u00e1lisan elt\u00e9rhet a k\u00e9pen l\u00e1that\u00f3t\u00f3l. \nHa b\u00e1rmilyen elk\u00e9pzel\u00e9sed van, pl. egy\u00e9b sz\u00ednb\u0151l, gy\u00f6ngy\u00f6kb\u0151l, \u00e1sv\u00e1nyb\u00f3l, vedd fel vel\u00fcnk a kapcsolatot \u00e9s \u00f6r\u00f6mmel elk\u00e9sz\u00edtj\u00fck.\nKeresztel\u0151vel kapcsolatos tov\u00e1bbi term\u00e9keinket az al\u00e1bbi linken tal\u00e1lod:\nhttps:\/\/www.meska.hu\/shop\/AnaRita?s=77510\nAz \u00f6sszes r\u00f3zsaf\u00fcz\u00e9r\u00fcnket ezen a linken tal\u00e1lod:\nhttps:\/\/www.meska.hu\/shop\/AnaRita?s=75464\nK\u00e9sz term\u00e9k eset\u00e9n Foxpost sz\u00e1ll\u00edt\u00e1ssal legk\u00e9s\u0151bb m\u00e1snap feladjuk a term\u00e9ket!\nK\u00f6sz\u00f6nj\u00fck, hogy ben\u00e9zt\u00e9l! :)\nAna \u00e9s Rita (AnaRita \u00c9kszerek)","score":129.86302,"formatted_price":"10 990 Ft","image_url":"https:\/\/www.meska.hu\/img\/product\/small\/a\/n\/anarita_product_75543_250421230126_025389.jpeg","formatted_url":"https:\/\/www.meska.hu\/p5728496-keresztelo-ajandek-ottizedes-asvany-rozsafuzer-diszdobozban-kisero-szoveggel-lany-gyermeknek","favourite":false,"in_stock":false,"avatar":"75543_avatar_1775231969.png","delete_from":0,"is_enhanced_background":false,"is_enhanced":false,"product_selection_started":false,"is_active":true,"image_webp_url":"https:\/\/www.meska.hu\/img\/product\/small\/a\/n\/anarita_product_75543_250421230126_025389.webp"},{"id":"5931944","shop_id":"41917","user_id":"75543","shop_name":"AnaRita","shop_zip":"1013","product_code":"5625947","product_name_old":null,"product_name":"Keresztel\u0151 aj\u00e1nd\u00e9k \u00f6ttizedes h\u00f3kvarc \u00e1sv\u00e1ny r\u00f3zsaf\u00fcz\u00e9r d\u00edszdobozban 5625947","category_string":"Baba - mama, Keresztel\u0151aj\u00e1nd\u00e9kok, Keresztel\u0151 kell\u00e9kek","technic_string":"\u00c9kszerk\u00e9sz\u00edt\u00e9s","category_1":"1495","category_2":"1745","category_3":"1735","category_4":"0","merged_category_1":null,"merged_category_2":null,"merged_category_3":null,"technic_1":"477","technic_2":"0","technic_3":"0","color_1":"518","color_2":"519","color_3":"0","product_description_old":null,"product_description":"\u00d6ttizedes \"val\u00f3di\" r\u00f3zsaf\u00fcz\u00e9r, gy\u00f6ny\u00f6r\u0171 6 mm-es h\u00f3kvarc (m\u00e1s n\u00e9ven tejkvarc) \u00e1sv\u00e1nygy\u00f6ngy\u00f6kb\u0151l k\u00e9sz\u00fclt. K\u00f6zt\u00fck strasszk\u00f6ves kereszt k\u00f6ztesek (mindk\u00e9t oldal\u00e1n strasszk\u00f6ves), strasszk\u00f6ves Sz\u0171z M\u00e1ria \u00f6sszek\u00f6t\u0151 \u00e9s v\u00e9gtelen jeles strasszk\u00f6ves kereszttel. Gy\u00f6ny\u00f6r\u0171, k\u00fcl\u00f6nleges darab. Aj\u00e1nd\u00e9kdobozzal egy\u00fctt adjuk \u00e9s m\u00e9g organza tasakba is tessz\u00fck a r\u00f3zsaf\u00fcz\u00e9rt.\nHa b\u00e1rmilyen elk\u00e9pzel\u00e9sed van, pl. egy\u00e9b sz\u00ednb\u0151l, gy\u00f6ngy\u00f6kb\u0151l, \u00e1sv\u00e1nyb\u00f3l, vedd fel vel\u00fcnk a kapcsolatot \u00e9s \u00f6r\u00f6mmel elk\u00e9sz\u00edtj\u00fck.\nKeresztel\u0151vel kapcsolatos tov\u00e1bbi term\u00e9keinket az al\u00e1bbi linken tal\u00e1lod:\nhttps:\/\/www.meska.hu\/shop\/AnaRita?s=77510\nAz \u00f6sszes r\u00f3zsaf\u00fcz\u00e9r\u00fcnket ezen a linken tal\u00e1lod:\nhttps:\/\/www.meska.hu\/shop\/AnaRita?s=75464\nK\u00e9sz term\u00e9k eset\u00e9n Foxpost sz\u00e1ll\u00edt\u00e1ssal legk\u00e9s\u0151bb m\u00e1snap feladjuk a term\u00e9ket!\nK\u00f6sz\u00f6nj\u00fck, hogy ben\u00e9zt\u00e9l! :)\nAna \u00e9s Rita (AnaRita \u00c9kszerek)","price":"16990.00","unit":"db","recommended":"0","status":"1","sponsored":"0","exp_notify":"0","own_material":"0","own_material_description_old":null,"own_material_description":"","jury":"0","jury_number":"","product_nature":"","meskaracsony":"0","create_date":"2026-01-18 00:44:53","shelve_id":"75464","image":"anarita_product_75543_250326142645_773799.jpeg","image_width":"480","image_height":"480","image_alt":"Keresztel\u0151 aj\u00e1nd\u00e9k \u00f6ttizedes h\u00f3kvarc \u00e1sv\u00e1ny r\u00f3zsaf\u00fcz\u00e9r d\u00edszdobozban 5625947, \u00d6ttizedes \\\"val\u00f3di\\\" r\u00f3zsaf\u00fcz\u00e9r, gy\u00f6ny\u00f6r\u0171 6 mm-es h\u00f3kvarc (m\u00e1s n\u00e9ven tejkvarc) \u00e1sv\u00e1nygy\u00f6ngy\u00f6kb\u0151l k\u00e9sz\u00fc..., Meska","image_title":"Keresztel\u0151 aj\u00e1nd\u00e9k \u00f6ttizedes h\u00f3kvarc \u00e1sv\u00e1ny r\u00f3zsaf\u00fcz\u00e9r d\u00edszdobozban 5625947, Meska","view_count":"142","favourite_count":"0","trending_score":"0","last2MonthFavouriteCount":"0","promotion":"0","giftcard_accept":"0","creditcard_accept":true,"enhanced_background":"0","domain":"meska","specific_customer_id":null,"specific_customer_name":null,"to_order_product":"1","to_order_product_time":"2","product_different":null,"product_different_description":"","vintage":"0","vintage_category_id":"0","recycled":"0","gemstone_id":"0","customizable":"0","type_category":"physical","zerowaste":"0","postage_price":"2390.00","shop_order":"0","has_category":"1","landing_pages":null,"microdata":{"number":29,"category":""},"title":"Keresztel\u0151 aj\u00e1nd\u00e9k \u00f6ttizedes h\u00f3kvarc \u00e1sv\u00e1ny r\u00f3zsaf\u00fcz\u00e9r d\u00edszdobozban 5625947","description":"\u00d6ttizedes \"val\u00f3di\" r\u00f3zsaf\u00fcz\u00e9r, gy\u00f6ny\u00f6r\u0171 6 mm-es h\u00f3kvarc (m\u00e1s n\u00e9ven tejkvarc) \u00e1sv\u00e1nygy\u00f6ngy\u00f6kb\u0151l k\u00e9sz\u00fclt. K\u00f6zt\u00fck strasszk\u00f6ves kereszt k\u00f6ztesek (mindk\u00e9t oldal\u00e1n strasszk\u00f6ves), strasszk\u00f6ves Sz\u0171z M\u00e1ria \u00f6sszek\u00f6t\u0151 \u00e9s v\u00e9gtelen jeles strasszk\u00f6ves kereszttel. Gy\u00f6ny\u00f6r\u0171, k\u00fcl\u00f6nleges darab. Aj\u00e1nd\u00e9kdobozzal egy\u00fctt adjuk \u00e9s m\u00e9g organza tasakba is tessz\u00fck a r\u00f3zsaf\u00fcz\u00e9rt.\nHa b\u00e1rmilyen elk\u00e9pzel\u00e9sed van, pl. egy\u00e9b sz\u00ednb\u0151l, gy\u00f6ngy\u00f6kb\u0151l, \u00e1sv\u00e1nyb\u00f3l, vedd fel vel\u00fcnk a kapcsolatot \u00e9s \u00f6r\u00f6mmel elk\u00e9sz\u00edtj\u00fck.\nKeresztel\u0151vel kapcsolatos tov\u00e1bbi term\u00e9keinket az al\u00e1bbi linken tal\u00e1lod:\nhttps:\/\/www.meska.hu\/shop\/AnaRita?s=77510\nAz \u00f6sszes r\u00f3zsaf\u00fcz\u00e9r\u00fcnket ezen a linken tal\u00e1lod:\nhttps:\/\/www.meska.hu\/shop\/AnaRita?s=75464\nK\u00e9sz term\u00e9k eset\u00e9n Foxpost sz\u00e1ll\u00edt\u00e1ssal legk\u00e9s\u0151bb m\u00e1snap feladjuk a term\u00e9ket!\nK\u00f6sz\u00f6nj\u00fck, hogy ben\u00e9zt\u00e9l! :)\nAna \u00e9s Rita (AnaRita \u00c9kszerek)","score":129.4213,"formatted_price":"16 990 Ft","image_url":"https:\/\/www.meska.hu\/img\/product\/small\/a\/n\/anarita_product_75543_250326142645_773799.jpeg","formatted_url":"https:\/\/www.meska.hu\/p5625947-keresztelo-ajandek-ottizedes-hokvarc-asvany-rozsafuzer-diszdobozban","favourite":false,"in_stock":false,"avatar":"75543_avatar_1775231969.png","delete_from":0,"is_enhanced_background":false,"is_enhanced":false,"product_selection_started":false,"is_active":true,"image_webp_url":"https:\/\/www.meska.hu\/img\/product\/small\/a\/n\/anarita_product_75543_250326142645_773799.webp"},{"id":"6108460","shop_id":"41917","user_id":"75543","shop_name":"AnaRita","shop_zip":"1013","product_code":"5728291","product_name_old":null,"product_name":"Keresztel\u0151 aj\u00e1nd\u00e9k \u00f6ttizedes h\u00f3kvarc \u00e1sv\u00e1ny r\u00f3zsaf\u00fcz\u00e9r d\u00edszdobozban 5519442","category_string":"Baba - mama, Keresztel\u0151 kell\u00e9kek, Keresztel\u0151aj\u00e1nd\u00e9kok","technic_string":"\u00c9kszerk\u00e9sz\u00edt\u00e9s","category_1":"1735","category_2":"1745","category_3":"1495","category_4":"0","merged_category_1":null,"merged_category_2":null,"merged_category_3":null,"technic_1":"477","technic_2":"0","technic_3":"0","color_1":"518","color_2":"519","color_3":"0","product_description_old":null,"product_description":"\u00d6ttizedes \"val\u00f3di\" r\u00f3zsaf\u00fcz\u00e9r, gy\u00f6ny\u00f6r\u0171 6 mm-es h\u00f3kvarc (m\u00e1s n\u00e9ven tejkvarc) \u00e1sv\u00e1nygy\u00f6ngy\u00f6kb\u0151l k\u00e9sz\u00fclt. K\u00f6zt\u00fck strasszk\u00f6ves kereszt k\u00f6ztesek (mindk\u00e9t oldal\u00e1n strasszk\u00f6ves), strasszk\u00f6ves Sz\u0171z M\u00e1ria \u00f6sszek\u00f6t\u0151 \u00e9s v\u00e9gtelen jeles strasszk\u00f6ves kereszttel. Gy\u00f6ny\u00f6r\u0171, k\u00fcl\u00f6nleges darab. Aj\u00e1nd\u00e9kdobozzal egy\u00fctt adjuk \u00e9s m\u00e9g organza tasakba is tessz\u00fck a r\u00f3zsaf\u00fcz\u00e9rt.\nHa b\u00e1rmilyen elk\u00e9pzel\u00e9sed van, pl. egy\u00e9b sz\u00ednb\u0151l, gy\u00f6ngy\u00f6kb\u0151l, \u00e1sv\u00e1nyb\u00f3l, vedd fel vel\u00fcnk a kapcsolatot \u00e9s \u00f6r\u00f6mmel elk\u00e9sz\u00edtj\u00fck.\nKeresztel\u0151vel kapcsolatos tov\u00e1bbi term\u00e9keinket az al\u00e1bbi linken tal\u00e1lod:\nhttps:\/\/www.meska.hu\/shop\/AnaRita?s=77510\nAz \u00f6sszes r\u00f3zsaf\u00fcz\u00e9r\u00fcnket ezen a linken tal\u00e1lod:\nhttps:\/\/www.meska.hu\/shop\/AnaRita?s=75464\nK\u00e9sz term\u00e9k eset\u00e9n Foxpost sz\u00e1ll\u00edt\u00e1ssal legk\u00e9s\u0151bb m\u00e1snap feladjuk a term\u00e9ket!\nK\u00f6sz\u00f6nj\u00fck, hogy ben\u00e9zt\u00e9l! :)\nAna \u00e9s Rita (AnaRita \u00c9kszerek)","price":"16990.00","unit":"db","recommended":"0","status":"1","sponsored":"0","exp_notify":"0","own_material":"0","own_material_description_old":null,"own_material_description":"","jury":"0","jury_number":"","product_nature":"","meskaracsony":"0","create_date":"2026-02-07 21:35:27","shelve_id":"75464","image":"anarita_product_75543_250326142645_773799.jpeg","image_width":"480","image_height":"480","image_alt":"Keresztel\u0151 aj\u00e1nd\u00e9k \u00f6ttizedes h\u00f3kvarc \u00e1sv\u00e1ny r\u00f3zsaf\u00fcz\u00e9r d\u00edszdobozban 5519442, \u00d6ttizedes \\\"val\u00f3di\\\" r\u00f3zsaf\u00fcz\u00e9r, gy\u00f6ny\u00f6r\u0171 6 mm-es h\u00f3kvarc (m\u00e1s n\u00e9ven tejkvarc) \u00e1sv\u00e1nygy\u00f6ngy\u00f6kb\u0151l k\u00e9sz\u00fc..., Meska","image_title":"Keresztel\u0151 aj\u00e1nd\u00e9k \u00f6ttizedes h\u00f3kvarc \u00e1sv\u00e1ny r\u00f3zsaf\u00fcz\u00e9r d\u00edszdobozban 5519442, Meska","view_count":"92","favourite_count":"0","trending_score":"0","last2MonthFavouriteCount":"0","promotion":"0","giftcard_accept":"0","creditcard_accept":true,"enhanced_background":"0","domain":"meska","specific_customer_id":null,"specific_customer_name":null,"to_order_product":"1","to_order_product_time":"2","product_different":null,"product_different_description":"","vintage":"0","vintage_category_id":"0","recycled":"0","gemstone_id":"0","customizable":"0","type_category":"physical","zerowaste":"0","postage_price":"2390.00","shop_order":"0","has_category":"1","landing_pages":null,"microdata":{"number":30,"category":""},"title":"Keresztel\u0151 aj\u00e1nd\u00e9k \u00f6ttizedes h\u00f3kvarc \u00e1sv\u00e1ny r\u00f3zsaf\u00fcz\u00e9r d\u00edszdobozban 5519442","description":"\u00d6ttizedes \"val\u00f3di\" r\u00f3zsaf\u00fcz\u00e9r, gy\u00f6ny\u00f6r\u0171 6 mm-es h\u00f3kvarc (m\u00e1s n\u00e9ven tejkvarc) \u00e1sv\u00e1nygy\u00f6ngy\u00f6kb\u0151l k\u00e9sz\u00fclt. K\u00f6zt\u00fck strasszk\u00f6ves kereszt k\u00f6ztesek (mindk\u00e9t oldal\u00e1n strasszk\u00f6ves), strasszk\u00f6ves Sz\u0171z M\u00e1ria \u00f6sszek\u00f6t\u0151 \u00e9s v\u00e9gtelen jeles strasszk\u00f6ves kereszttel. Gy\u00f6ny\u00f6r\u0171, k\u00fcl\u00f6nleges darab. Aj\u00e1nd\u00e9kdobozzal egy\u00fctt adjuk \u00e9s m\u00e9g organza tasakba is tessz\u00fck a r\u00f3zsaf\u00fcz\u00e9rt.\nHa b\u00e1rmilyen elk\u00e9pzel\u00e9sed van, pl. egy\u00e9b sz\u00ednb\u0151l, gy\u00f6ngy\u00f6kb\u0151l, \u00e1sv\u00e1nyb\u00f3l, vedd fel vel\u00fcnk a kapcsolatot \u00e9s \u00f6r\u00f6mmel elk\u00e9sz\u00edtj\u00fck.\nKeresztel\u0151vel kapcsolatos tov\u00e1bbi term\u00e9keinket az al\u00e1bbi linken tal\u00e1lod:\nhttps:\/\/www.meska.hu\/shop\/AnaRita?s=77510\nAz \u00f6sszes r\u00f3zsaf\u00fcz\u00e9r\u00fcnket ezen a linken tal\u00e1lod:\nhttps:\/\/www.meska.hu\/shop\/AnaRita?s=75464\nK\u00e9sz term\u00e9k eset\u00e9n Foxpost sz\u00e1ll\u00edt\u00e1ssal legk\u00e9s\u0151bb m\u00e1snap feladjuk a term\u00e9ket!\nK\u00f6sz\u00f6nj\u00fck, hogy ben\u00e9zt\u00e9l! :)\nAna \u00e9s Rita (AnaRita \u00c9kszerek)","score":129.4213,"formatted_price":"16 990 Ft","image_url":"https:\/\/www.meska.hu\/img\/product\/small\/a\/n\/anarita_product_75543_250326142645_773799.jpeg","formatted_url":"https:\/\/www.meska.hu\/p5728291-keresztelo-ajandek-ottizedes-hokvarc-asvany-rozsafuzer-diszdobozban-5519442","favourite":false,"in_stock":false,"avatar":"75543_avatar_1775231969.png","delete_from":0,"is_enhanced_background":false,"is_enhanced":false,"product_selection_started":false,"is_active":true,"image_webp_url":"https:\/\/www.meska.hu\/img\/product\/small\/a\/n\/anarita_product_75543_250326142645_773799.webp"},{"id":"6126659","shop_id":"25209","user_id":"228370","shop_name":"SzatiDizajn","shop_zip":"3412","product_code":"5739776","product_name_old":null,"product_name":"Keresztsz\u00fcl\u0151 felk\u00e9r\u0151 ajand\u00e9k - egyedi csavart makram\u00e9 kulcstart\u00f3 - kr\u00e9m","category_string":"Baba - mama, Keresztel\u0151 kell\u00e9kek, Keresztel\u0151aj\u00e1nd\u00e9kok","technic_string":"Mindenm\u00e1s, Csom\u00f3z\u00e1s","category_1":"1735","category_2":"1745","category_3":"1495","category_4":"0","merged_category_1":null,"merged_category_2":null,"merged_category_3":null,"technic_1":"493","technic_2":"475","technic_3":"0","color_1":"515","color_2":"0","color_3":"0","product_description_old":null,"product_description":"\nEzzel az egyedi, szemelyre szabott csom\u00f3zott kulcstart\u00f3val eml\u00e9kezetes \u00e9s \u00f6tletes m\u00f3don adhatod tudt\u00e1ra gyermeked nev\u00e9ben a leend\u0151 keresztsz\u00fcl\u0151knek az \u00f6r\u00f6mteli feladatot.\n\nKulcstart\u00f3 m\u00e9rete: 18 cm.\n\nK\u00e9rem, rendel\u00e9skor a szem\u00e9lyre szabhat\u00f3 adatokat (gyermek neve, leend\u0151 keresztsz\u00fcl\u0151(k) neve(i)t megk\u00fcldeni sz\u00edveskedjen.\n\nA sz\u00ednek a k\u00fcl\u00f6nb\u00f6z\u0151 k\u00e9perny\u0151k megjelen\u00edt\u00e9se \u00e9s f\u00e9nyvizonyok miatt esetenk\u00e9nt elt\u00e9rhetnek.\n","price":"2790.00","unit":"db","recommended":"0","status":"1","sponsored":"0","exp_notify":"0","own_material":"0","own_material_description_old":null,"own_material_description":"","jury":"0","jury_number":"","product_nature":"","meskaracsony":"0","create_date":"2026-02-22 21:10:24","shelve_id":"78100","image":"szatidizajn_product_228370_251116113203_614195.png","image_width":"480","image_height":"640","image_alt":"Keresztsz\u00fcl\u0151 felk\u00e9r\u0151 ajand\u00e9k - egyedi csavart makram\u00e9 kulcstart\u00f3 - kr\u00e9m, \\nEzzel az egyedi, szemelyre szabott csom\u00f3zott kulcstart\u00f3val eml\u00e9kezetes \u00e9s \u00f6tletes m\u00f3don adhatod tud..., Meska","image_title":"Keresztsz\u00fcl\u0151 felk\u00e9r\u0151 ajand\u00e9k - egyedi csavart makram\u00e9 kulcstart\u00f3 - kr\u00e9m, Meska","view_count":"46","favourite_count":"0","trending_score":"0","last2MonthFavouriteCount":"0","promotion":"0","giftcard_accept":"0","creditcard_accept":false,"enhanced_background":"0","domain":"meska","specific_customer_id":null,"specific_customer_name":null,"to_order_product":"0","to_order_product_time":"0","product_different":null,"product_different_description":"","vintage":"0","vintage_category_id":"0","recycled":"0","gemstone_id":"0","customizable":"0","type_category":"physical","zerowaste":"0","postage_price":"2390.00","shop_order":"1","has_category":"1","landing_pages":null,"microdata":{"number":31,"category":""},"title":"Keresztsz\u00fcl\u0151 felk\u00e9r\u0151 ajand\u00e9k - egyedi csavart makram\u00e9 kulcstart\u00f3 - kr\u00e9m","description":"\nEzzel az egyedi, szemelyre szabott csom\u00f3zott kulcstart\u00f3val eml\u00e9kezetes \u00e9s \u00f6tletes m\u00f3don adhatod tudt\u00e1ra gyermeked nev\u00e9ben a leend\u0151 keresztsz\u00fcl\u0151knek az \u00f6r\u00f6mteli feladatot.\n\nKulcstart\u00f3 m\u00e9rete: 18 cm.\n\nK\u00e9rem, rendel\u00e9skor a szem\u00e9lyre szabhat\u00f3 adatokat (gyermek neve, leend\u0151 keresztsz\u00fcl\u0151(k) neve(i)t megk\u00fcldeni sz\u00edveskedjen.\n\nA sz\u00ednek a k\u00fcl\u00f6nb\u00f6z\u0151 k\u00e9perny\u0151k megjelen\u00edt\u00e9se \u00e9s f\u00e9nyvizonyok miatt esetenk\u00e9nt elt\u00e9rhetnek.\n","score":128.1986,"formatted_price":"2 790 Ft","image_url":"https:\/\/www.meska.hu\/img\/product\/small\/s\/z\/szatidizajn_product_228370_251116113203_614195.png","formatted_url":"https:\/\/www.meska.hu\/p5739776-keresztszulo-felkero-ajandek-egyedi-csavart-makrame-kulcstarto-krem","favourite":false,"in_stock":true,"avatar":"SzatiDizajn_avatar_228370_1524133237.jpg","delete_from":0,"is_enhanced_background":false,"is_enhanced":false,"product_selection_started":false,"is_active":true,"image_webp_url":"https:\/\/www.meska.hu\/img\/product\/small\/s\/z\/szatidizajn_product_228370_251116113203_614195.webp"},{"id":"4469085","shop_id":"25704","user_id":"305786","shop_name":"Meglepi","shop_zip":"7700","product_code":"4758425","product_name_old":null,"product_name":"B\u00e9rm\u00e1l\u00e1sra, els\u0151\u00e1ldoz\u00e1sra, babasz\u00fclet\u00e9sre, keresztel\u0151re egyedi aj\u00e1nd\u00e9k, n\u00e9vresz\u00f3l\u00f3 k\u00e9pkeret rendelhet\u0151","category_string":"Baba - mama, Keresztel\u0151 kell\u00e9kek, Keresztel\u0151aj\u00e1nd\u00e9kok","technic_string":"Grav\u00edroz\u00e1s, pirogr\u00e1fia","category_1":"1735","category_2":"1745","category_3":"1495","category_4":"0","merged_category_1":"0","merged_category_2":"784","merged_category_3":"0","technic_1":"796","technic_2":"0","technic_3":"0","color_1":"514","color_2":"515","color_3":"532","product_description_old":null,"product_description":"Amennyiben k\u00fcl\u00f6nleges, n\u00e9vresz\u00f3l\u00f3 aj\u00e1nd\u00e9kot szeretn\u00e9l,\negy ilyen vagy ehhez hasonl\u00f3 k\u00e9pkeretet k\u00e9sz\u00edt\u00fcnk neked.\n\nTetsz\u0151legesen v\u00e1ltoztathatod a nevet, sz\u00f6veget, grafik\u00e1t,\nvagy egyedi id\u00e9zettel teheted szem\u00e9lyess\u00e9.\n\nHa az utal\u00e1s meg\u00e9rkezik, ak\u00e1r 1-2 nap alatt is elk\u00e9sz\u00fclhet a grav\u00edroz\u00e1s!\n\nA keret b\u00e1rmilyen alkalomra kiv\u00e1l\u00f3 aj\u00e1nd\u00e9k \u00e9s igazi meglepet\u00e9s lehet,\nbabasz\u00fclet\u00e9sre, esk\u00fcv\u0151re, \u00e9vfordul\u00f3ra, sz\u00fclet\u00e9snapra, n\u00e9vnapra vagy \u00fcnnepi alkalomra!\n13cm x 18cm fot\u00f3hoz.\n\nA k\u00e9pkeretben l\u00e1that\u00f3 k\u00e9p illusztr\u00e1ci\u00f3, a keretet e n\u00e9lk\u00fcl sz\u00e1ll\u00edtjuk!\n\nFONTOS INFORM\u00c1CI\u00d3K!\n\nA megrendel\u00e9sedet akkor tudjuk v\u00e9gleges\u00edteni amikor az utal\u00e1s meg\u00e9rkezik a banksz\u00e1ml\u00e1nkra,\ncsak ez ut\u00e1n fogunk hozz\u00e1 a l\u00e1tv\u00e1nytervhez, majd a grav\u00edroz\u00e1shoz!\n\nA banksz\u00e1mla adatokat v\u00e1s\u00e1rl\u00e1s ut\u00e1n automatikus lev\u00e9lben kapod meg!\n\nEzut\u00e1n r\u00f6vid id\u0151n bel\u00fcl felvessz\u00fck veled a kapcsolatot, \u00e9s egyeztet\u00fcnk az elk\u00e9pzel\u00e9sedr\u0151l,\nl\u00e1tv\u00e1nytervet k\u00fcld\u00fcnk \u00e9s ha j\u00f3v\u00e1hagyod, elk\u00e9sz\u00edtj\u00fck a grav\u00edroz\u00e1st \u00e9s post\u00e1zzuk a k\u00e9pkeretet.\n\nA post\u00e1z\u00e1ssal kapcsolatban a sz\u00e1ll\u00edt\u00e1si inf\u00f3 f\u00fcl alatt t\u00e1j\u00e9koz\u00f3dhatsz!\n\nA k\u00e9pkerethez fot\u00f3nyomtat\u00e1st nem tudunk v\u00e1llalni!\n\nAz egyedi k\u00edv\u00e1ns\u00e1gokat, az al\u00e1bbi linken is meg\u00edrhatod!\n","price":"6190.00","unit":"db","recommended":"0","status":"1","sponsored":"0","exp_notify":"0","own_material":"0","own_material_description_old":null,"own_material_description":"","jury":"0","jury_number":"","product_nature":"","meskaracsony":"0","create_date":"2026-04-21 16:46:26","shelve_id":"64241","image":"marcsihobbibag_product_305786_220826172539_779127.jpeg","image_width":"480","image_height":"480","image_alt":"B\u00e9rm\u00e1l\u00e1sra, els\u0151\u00e1ldoz\u00e1sra, babasz\u00fclet\u00e9sre, keresztel\u0151re egyedi aj\u00e1nd\u00e9k, n\u00e9vresz\u00f3l\u00f3 k\u00e9pkeret rendelhet\u0151, Amennyiben k\u00fcl\u00f6nleges, n\u00e9vresz\u00f3l\u00f3 aj\u00e1nd\u00e9kot szeretn\u00e9l,\\negy ilyen vagy ehhez hasonl\u00f3 k\u00e9pkeretet k\u00e9sz\u00ed..., Meska","image_title":"B\u00e9rm\u00e1l\u00e1sra, els\u0151\u00e1ldoz\u00e1sra, babasz\u00fclet\u00e9sre, keresztel\u0151re egyedi aj\u00e1nd\u00e9k, n\u00e9vresz\u00f3l\u00f3 k\u00e9pkeret rendelhet\u0151, Meska","view_count":"2374","favourite_count":"0","trending_score":"0","last2MonthFavouriteCount":"0","promotion":"0","giftcard_accept":"1","creditcard_accept":false,"enhanced_background":"0","domain":"meska","specific_customer_id":null,"specific_customer_name":null,"to_order_product":"1","to_order_product_time":"2","product_different":"different","product_different_description":"Rendelhet\u0151 tetsz\u0151leges n\u00e9vvel , felirattal \u00e9s grafik\u00e1val","vintage":"0","vintage_category_id":"0","recycled":"0","gemstone_id":"0","customizable":"1","type_category":"physical","zerowaste":"0","postage_price":"1290.00","shop_order":"0","has_category":"1","landing_pages":null,"microdata":{"number":32,"category":""},"title":"B\u00e9rm\u00e1l\u00e1sra, els\u0151\u00e1ldoz\u00e1sra, babasz\u00fclet\u00e9sre, keresztel\u0151re egyedi aj\u00e1nd\u00e9k, n\u00e9vresz\u00f3l\u00f3 k\u00e9pkeret rendelhet\u0151","description":"Amennyiben k\u00fcl\u00f6nleges, n\u00e9vresz\u00f3l\u00f3 aj\u00e1nd\u00e9kot szeretn\u00e9l,\negy ilyen vagy ehhez hasonl\u00f3 k\u00e9pkeretet k\u00e9sz\u00edt\u00fcnk neked.\n\nTetsz\u0151legesen v\u00e1ltoztathatod a nevet, sz\u00f6veget, grafik\u00e1t,\nvagy egyedi id\u00e9zettel teheted szem\u00e9lyess\u00e9.\n\nHa az utal\u00e1s meg\u00e9rkezik, ak\u00e1r 1-2 nap alatt is elk\u00e9sz\u00fclhet a grav\u00edroz\u00e1s!\n\nA keret b\u00e1rmilyen alkalomra kiv\u00e1l\u00f3 aj\u00e1nd\u00e9k \u00e9s igazi meglepet\u00e9s lehet,\nbabasz\u00fclet\u00e9sre, esk\u00fcv\u0151re, \u00e9vfordul\u00f3ra, sz\u00fclet\u00e9snapra, n\u00e9vnapra vagy \u00fcnnepi alkalomra!\n13cm x 18cm fot\u00f3hoz.\n\nA k\u00e9pkeretben l\u00e1that\u00f3 k\u00e9p illusztr\u00e1ci\u00f3, a keretet e n\u00e9lk\u00fcl sz\u00e1ll\u00edtjuk!\n\nFONTOS INFORM\u00c1CI\u00d3K!\n\nA megrendel\u00e9sedet akkor tudjuk v\u00e9gleges\u00edteni amikor az utal\u00e1s meg\u00e9rkezik a banksz\u00e1ml\u00e1nkra,\ncsak ez ut\u00e1n fogunk hozz\u00e1 a l\u00e1tv\u00e1nytervhez, majd a grav\u00edroz\u00e1shoz!\n\nA banksz\u00e1mla adatokat v\u00e1s\u00e1rl\u00e1s ut\u00e1n automatikus lev\u00e9lben kapod meg!\n\nEzut\u00e1n r\u00f6vid id\u0151n bel\u00fcl felvessz\u00fck veled a kapcsolatot, \u00e9s egyeztet\u00fcnk az elk\u00e9pzel\u00e9sedr\u0151l,\nl\u00e1tv\u00e1nytervet k\u00fcld\u00fcnk \u00e9s ha j\u00f3v\u00e1hagyod, elk\u00e9sz\u00edtj\u00fck a grav\u00edroz\u00e1st \u00e9s post\u00e1zzuk a k\u00e9pkeretet.\n\nA post\u00e1z\u00e1ssal kapcsolatban a sz\u00e1ll\u00edt\u00e1si inf\u00f3 f\u00fcl alatt t\u00e1j\u00e9koz\u00f3dhatsz!\n\nA k\u00e9pkerethez fot\u00f3nyomtat\u00e1st nem tudunk v\u00e1llalni!\n\nAz egyedi k\u00edv\u00e1ns\u00e1gokat, az al\u00e1bbi linken is meg\u00edrhatod!\n","score":128.16196,"formatted_price":"6 190 Ft","image_url":"https:\/\/www.meska.hu\/img\/product\/small\/m\/a\/marcsihobbibag_product_305786_220826172539_779127.jpeg","formatted_url":"https:\/\/www.meska.hu\/p4758425-bermalasra-elsoaldozasra-babaszuletesre-keresztelore-egyedi-ajandek-nevreszolo-kepkeret-rendelheto","favourite":false,"in_stock":false,"avatar":"305786_avatar_1770388301.jpeg","delete_from":0,"is_enhanced_background":false,"is_enhanced":false,"product_selection_started":false,"is_active":true,"image_webp_url":"https:\/\/www.meska.hu\/img\/product\/small\/m\/a\/marcsihobbibag_product_305786_220826172539_779127.webp"},{"id":"5729347","shop_id":"29709","user_id":"371419","shop_name":"Hexartdesign","shop_zip":"1183","product_code":"5522416","product_name_old":null,"product_name":"Keresztel\u0151 p\u00e9nz\u00e1tad\u00f3 - grav\u00edrozott egyedi keresztel\u0151s, bab\u00e1s aj\u00e1nd\u00e9k \u00e1tad\u00f3","category_string":"Baba - mama, Keresztel\u0151aj\u00e1nd\u00e9kok, Keresztel\u0151 kell\u00e9kek","technic_string":"Famegmunk\u00e1l\u00e1s","category_1":"1495","category_2":"1745","category_3":"1735","category_4":"0","merged_category_1":null,"merged_category_2":null,"merged_category_3":null,"technic_1":"478","technic_2":"0","technic_3":"0","color_1":"514","color_2":"0","color_3":"0","product_description_old":null,"product_description":"Hexart Design - Grav\u00edrozott term\u00e9kek\n\nMi\u00e9rt v\u00e1rn\u00e1l egy-k\u00e9t hetet a grav\u00edroz\u00e1sra? N\u00e1lunk 4 munkanapon bel\u00fcl, de az Ultra Expressz* opci\u00f3val, ak\u00e1r 1 munkanap alatt is elk\u00e9sz\u00edtj\u00fck a grav\u00edroz\u00e1st. Az 1 munkanapos k\u00e9sz\u00edt\u00e9sr\u0151l b\u0151vebb inform\u00e1ci\u00f3t a le\u00edr\u00e1s alj\u00e1n tal\u00e1lsz.\n\nEzen a linken megn\u00e9zheted az el\u00e9rhet\u0151 \u00f6sszes p\u00e9nz\u00e1tad\u00f3 verzi\u00f3t:\nhttps:\/\/www.meska.hu\/shop\/Hexartdesign?s=79501\n\nEgyedi grav\u00edrozott p\u00e9nz\u00e1tad\u00f3 keresztel\u0151re, melynek el\u0151lapj\u00e1n a baba neve, gratul\u00e1ci\u00f3 \u00e9s egy kis angyalka mot\u00edvum l\u00e1that\u00f3. Az angyalk\u00e1s r\u00e9sz enged apr\u00f3 betekint\u00e9st az aj\u00e1nd\u00e9k belsej\u00e9be. A k\u00e9t ez\u00fcstsz\u00fcrke masnis szalag nemcsak d\u00edszk\u00e9nt szolg\u00e1l, hanem ezek z\u00e1rj\u00e1k \u00f6ssze az aj\u00e1nd\u00e9kot. A h\u00e1toldalra ak\u00e1r hosszabb id\u00e9zetet vagy k\u00f6sz\u00f6nt\u0151t is k\u00e9rhetsz**. A sz\u00e9tnyitott p\u00e9nz\u00e1tad\u00f3t a 3. k\u00e9pen l\u00e1thatod (a fot\u00f3n az esk\u00fcv\u0151i el\u0151lapos verzi\u00f3 van).\n\nNemcsak p\u00e9nz \u00e1tad\u00e1s\u00e1ra szolg\u00e1l... ha p\u00e9nz helyett aj\u00e1nd\u00e9kk\u00e1rty\u00e1t, t\u00f6rzsv\u00e1s\u00e1rl\u00f3i k\u00e1rty\u00e1t adn\u00e1l aj\u00e1nd\u00e9kba, akkor egy 86x54 mm-es standard m\u00e9ret\u0171 k\u00e1rtya elf\u00e9r benne. \n\n--- Rendel\u00e9s menete ---\nAz alap\u00e1r az el\u0151lap grav\u00edroz\u00e1s\u00e1t tartalmazza. Ide megadhatod a baba nev\u00e9t. Ezt \u00edrd majd be az \u201e\u00dczenet Hexart Design r\u00e9sz\u00e9re\u201d mez\u0151be vagy a rendel\u00e9s ut\u00e1n emailben egyeztet\u00fcnk.\n\n** H\u00e1toldal grav\u00edroz\u00e1sa (fel\u00e1ras opci\u00f3)\nLehet\u0151s\u00e9ged van m\u00e9g a h\u00e1toldal grav\u00edroz\u00e1s\u00e1ra is (ezt az opci\u00f3t a leg\u00f6rd\u00fcl\u0151 men\u00fcben tudod kiv\u00e1lasztani). Ide hosszabb sz\u00f6veget is elhelyezhetsz, ilyenek p\u00e9ld\u00e1ul:\n- az alkalomhoz ill\u0151 id\u00e9zet (hosszabb vers vagy id\u00e9zet)\n- \u00fcnnepi k\u00f6sz\u00f6nt\u0151 sz\u00f6veg (egyedi \u00fczenet)\n- az aj\u00e1nd\u00e9koz\u00f3(k) al\u00e1\u00edr\u00e1sa (pl. Sok szeretettel Juditt\u00f3l \u00e9s Tam\u00e1st\u00f3l)\n\nA k\u00e9pen l\u00e1that\u00f3 kieg\u00e9sz\u00edt\u0151 dekor\u00e1ci\u00f3s k\u00f6rnyezet, valamint a p\u00e9nz csak illusztr\u00e1ci\u00f3, ami nem k\u00e9pezi a term\u00e9k r\u00e9sz\u00e9t. \n\nTerm\u00e9kle\u00edr\u00e1s:\n- a p\u00e9nz\u00e1tad\u00f3 el\u0151lapj\u00e1n grav\u00edrozott (fel\u00e1ras opci\u00f3ban a h\u00e1toldal is)\n- anyaga: ny\u00e1rfa r\u00e9tegelt lemez\n- a ny\u00e1rfa term\u00e9szete miatt sz\u00edn \u00e9s mint\u00e1zat elt\u00e9r\u00e9sek lehetnek a fot\u00f3hoz k\u00e9pest\n- a l\u00e9zergrav\u00edroz\u00e1s miatt helyenk\u00e9nt barnul\u00e1s el\u0151fordulhat a fel\u00fcleten\n- m\u00e9rete: kb. 10x10 cm, 6 mm magas \u00e9s 2 k\u00fcl\u00f6n elemb\u0151l \u00e1ll\n- fel\u00e9p\u00edt\u00e9se: 3 r\u00e9tegelt lemezb\u0151l \u00e9p\u00fcl fel. Az el\u0151lap k\u00fcl\u00f6n\u00e1ll\u00f3. A k\u00f6z\u00e9ps\u0151 r\u00e9teg a h\u00e1toldalhoz van ragasztva, ebben ker\u00fclt kialak\u00edt\u00e1sra a hely a p\u00e9nznek illetve az aj\u00e1nd\u00e9kk\u00e1rty\u00e1nak. A kiv\u00e1g\u00e1s m\u00e9rete: 88x74 mm \u00e9s ~2 mm magas\n- a p\u00e9nz\u00e1tad\u00f3t k\u00e9t 40 cm hossz\u00fa \u00e9s ~12 mm sz\u00e9les ez\u00fcstsz\u00fcrke selyem szalag fogja \u00f6ssze. \u00c9rdemes a masnikat egy-egy r\u00f6gz\u00edt\u0151 csom\u00f3 ut\u00e1n megk\u00f6tni. \u00cdgy biztosan nem fog sz\u00e9tcs\u00faszni a p\u00e9nz\u00e1tad\u00f3.\n\nAz \u00e1r egy darab term\u00e9kre vonatkozik, el\u0151lapi grav\u00edroz\u00e1ssal (a h\u00e1toldal opci\u00f3s).\n\n--- Ultra Expressz 1 munkanapos elk\u00e9sz\u00edt\u00e9s ---\nHa szeretn\u00e9d extra gyorsan megkapni ezt a term\u00e9ket (mert s\u00fcrget az id\u0151 vagy utols\u00f3 pillanatban kerest\u00e9l aj\u00e1nd\u00e9k \u00f6tletet), akkor v\u00e1laszd ezt az opci\u00f3t. Ebben az esetben a rendel\u00e9sed priorit\u00e1st \u00e9lvez.\n\n!FONTOS! Az Ultra Expressz opci\u00f3 a term\u00e9k elk\u00e9sz\u00edt\u00e9s\u00e9nek \u00e9s felad\u00e1s\u00e1nak az idej\u00e9t jelenti, ami ~4 helyett 1 munkanap! A csomagsz\u00e1ll\u00edt\u00e1s ezen fel\u00fcl ~1-3 munkanap az \u00e1ltalad v\u00e1lasztott m\u00f3don.\n\nHogyan tudod ig\u00e9nybe venni?\n\u2022 Rendeld meg a term\u00e9ket Ultra Expressz opci\u00f3val \u00e9s fizesd ki (bankk\u00e1rty\u00e1val vagy \u00e1tutal\u00e1ssal). \n\u2022 A le\u00edr\u00e1sban szerepl\u0151 minden sz\u00fcks\u00e9ges adatot adj meg (az \u00dczenet r\u00e9szben).\n\u2022 Ebben az esetben a rendel\u00e9sed soron k\u00edv\u00fcl elk\u00e9sz\u00edtem \u00e9s a k\u00f6vetkez\u0151 munkanapon m\u00e1r fel is adom a csomagod.","price":"5390.00","unit":"db","recommended":"0","status":"1","sponsored":"0","exp_notify":"0","own_material":"0","own_material_description_old":null,"own_material_description":"","jury":"0","jury_number":"","product_nature":"","meskaracsony":"0","create_date":"2026-02-01 20:50:12","shelve_id":"79501","image":"hexartdesign_product_371419_250310113238_825353.jpeg","image_width":"480","image_height":"480","image_alt":"Keresztel\u0151 p\u00e9nz\u00e1tad\u00f3 - grav\u00edrozott egyedi keresztel\u0151s, bab\u00e1s aj\u00e1nd\u00e9k \u00e1tad\u00f3, Hexart Design - Grav\u00edrozott term\u00e9kek\\n\\nMi\u00e9rt v\u00e1rn\u00e1l egy-k\u00e9t hetet a grav\u00edroz\u00e1sra? N\u00e1lunk 4 munkanapon..., Meska","image_title":"Keresztel\u0151 p\u00e9nz\u00e1tad\u00f3 - grav\u00edrozott egyedi keresztel\u0151s, bab\u00e1s aj\u00e1nd\u00e9k \u00e1tad\u00f3, Meska","view_count":"1289","favourite_count":"0","trending_score":"0","last2MonthFavouriteCount":"0","promotion":0,"giftcard_accept":"1","creditcard_accept":true,"enhanced_background":"0","domain":"meska","specific_customer_id":null,"specific_customer_name":null,"to_order_product":"1","to_order_product_time":"4","product_different":"quite_different","product_different_description":"A sz\u00ednek minim\u00e1lisan elt\u00e9rhetnek a kijelz\u0151n l\u00e1that\u00f3 sz\u00ednekt\u0151l (mobil kijelz\u0151, monitor stb.)\nAz egyedi szem\u00e9lyre szabott dekor\u00e1ci\u00f3kn\u00e1l v\u00e1ltozik a sz\u00f6veg.","vintage":"0","vintage_category_id":"0","recycled":"0","gemstone_id":"0","customizable":"1","type_category":"physical","zerowaste":"0","postage_price":"1490.00","shop_order":"0","has_category":"1","landing_pages":null,"microdata":{"number":33,"category":""},"title":"Keresztel\u0151 p\u00e9nz\u00e1tad\u00f3 - grav\u00edrozott egyedi keresztel\u0151s, bab\u00e1s aj\u00e1nd\u00e9k \u00e1tad\u00f3","description":"Hexart Design - Grav\u00edrozott term\u00e9kek\n\nMi\u00e9rt v\u00e1rn\u00e1l egy-k\u00e9t hetet a grav\u00edroz\u00e1sra? N\u00e1lunk 4 munkanapon bel\u00fcl, de az Ultra Expressz* opci\u00f3val, ak\u00e1r 1 munkanap alatt is elk\u00e9sz\u00edtj\u00fck a grav\u00edroz\u00e1st. Az 1 munkanapos k\u00e9sz\u00edt\u00e9sr\u0151l b\u0151vebb inform\u00e1ci\u00f3t a le\u00edr\u00e1s alj\u00e1n tal\u00e1lsz.\n\nEzen a linken megn\u00e9zheted az el\u00e9rhet\u0151 \u00f6sszes p\u00e9nz\u00e1tad\u00f3 verzi\u00f3t:\nhttps:\/\/www.meska.hu\/shop\/Hexartdesign?s=79501\n\nEgyedi grav\u00edrozott p\u00e9nz\u00e1tad\u00f3 keresztel\u0151re, melynek el\u0151lapj\u00e1n a baba neve, gratul\u00e1ci\u00f3 \u00e9s egy kis angyalka mot\u00edvum l\u00e1that\u00f3. Az angyalk\u00e1s r\u00e9sz enged apr\u00f3 betekint\u00e9st az aj\u00e1nd\u00e9k belsej\u00e9be. A k\u00e9t ez\u00fcstsz\u00fcrke masnis szalag nemcsak d\u00edszk\u00e9nt szolg\u00e1l, hanem ezek z\u00e1rj\u00e1k \u00f6ssze az aj\u00e1nd\u00e9kot. A h\u00e1toldalra ak\u00e1r hosszabb id\u00e9zetet vagy k\u00f6sz\u00f6nt\u0151t is k\u00e9rhetsz**. A sz\u00e9tnyitott p\u00e9nz\u00e1tad\u00f3t a 3. k\u00e9pen l\u00e1thatod (a fot\u00f3n az esk\u00fcv\u0151i el\u0151lapos verzi\u00f3 van).\n\nNemcsak p\u00e9nz \u00e1tad\u00e1s\u00e1ra szolg\u00e1l... ha p\u00e9nz helyett aj\u00e1nd\u00e9kk\u00e1rty\u00e1t, t\u00f6rzsv\u00e1s\u00e1rl\u00f3i k\u00e1rty\u00e1t adn\u00e1l aj\u00e1nd\u00e9kba, akkor egy 86x54 mm-es standard m\u00e9ret\u0171 k\u00e1rtya elf\u00e9r benne. \n\n--- Rendel\u00e9s menete ---\nAz alap\u00e1r az el\u0151lap grav\u00edroz\u00e1s\u00e1t tartalmazza. Ide megadhatod a baba nev\u00e9t. Ezt \u00edrd majd be az \u201e\u00dczenet Hexart Design r\u00e9sz\u00e9re\u201d mez\u0151be vagy a rendel\u00e9s ut\u00e1n emailben egyeztet\u00fcnk.\n\n** H\u00e1toldal grav\u00edroz\u00e1sa (fel\u00e1ras opci\u00f3)\nLehet\u0151s\u00e9ged van m\u00e9g a h\u00e1toldal grav\u00edroz\u00e1s\u00e1ra is (ezt az opci\u00f3t a leg\u00f6rd\u00fcl\u0151 men\u00fcben tudod kiv\u00e1lasztani). Ide hosszabb sz\u00f6veget is elhelyezhetsz, ilyenek p\u00e9ld\u00e1ul:\n- az alkalomhoz ill\u0151 id\u00e9zet (hosszabb vers vagy id\u00e9zet)\n- \u00fcnnepi k\u00f6sz\u00f6nt\u0151 sz\u00f6veg (egyedi \u00fczenet)\n- az aj\u00e1nd\u00e9koz\u00f3(k) al\u00e1\u00edr\u00e1sa (pl. Sok szeretettel Juditt\u00f3l \u00e9s Tam\u00e1st\u00f3l)\n\nA k\u00e9pen l\u00e1that\u00f3 kieg\u00e9sz\u00edt\u0151 dekor\u00e1ci\u00f3s k\u00f6rnyezet, valamint a p\u00e9nz csak illusztr\u00e1ci\u00f3, ami nem k\u00e9pezi a term\u00e9k r\u00e9sz\u00e9t. \n\nTerm\u00e9kle\u00edr\u00e1s:\n- a p\u00e9nz\u00e1tad\u00f3 el\u0151lapj\u00e1n grav\u00edrozott (fel\u00e1ras opci\u00f3ban a h\u00e1toldal is)\n- anyaga: ny\u00e1rfa r\u00e9tegelt lemez\n- a ny\u00e1rfa term\u00e9szete miatt sz\u00edn \u00e9s mint\u00e1zat elt\u00e9r\u00e9sek lehetnek a fot\u00f3hoz k\u00e9pest\n- a l\u00e9zergrav\u00edroz\u00e1s miatt helyenk\u00e9nt barnul\u00e1s el\u0151fordulhat a fel\u00fcleten\n- m\u00e9rete: kb. 10x10 cm, 6 mm magas \u00e9s 2 k\u00fcl\u00f6n elemb\u0151l \u00e1ll\n- fel\u00e9p\u00edt\u00e9se: 3 r\u00e9tegelt lemezb\u0151l \u00e9p\u00fcl fel. Az el\u0151lap k\u00fcl\u00f6n\u00e1ll\u00f3. A k\u00f6z\u00e9ps\u0151 r\u00e9teg a h\u00e1toldalhoz van ragasztva, ebben ker\u00fclt kialak\u00edt\u00e1sra a hely a p\u00e9nznek illetve az aj\u00e1nd\u00e9kk\u00e1rty\u00e1nak. A kiv\u00e1g\u00e1s m\u00e9rete: 88x74 mm \u00e9s ~2 mm magas\n- a p\u00e9nz\u00e1tad\u00f3t k\u00e9t 40 cm hossz\u00fa \u00e9s ~12 mm sz\u00e9les ez\u00fcstsz\u00fcrke selyem szalag fogja \u00f6ssze. \u00c9rdemes a masnikat egy-egy r\u00f6gz\u00edt\u0151 csom\u00f3 ut\u00e1n megk\u00f6tni. \u00cdgy biztosan nem fog sz\u00e9tcs\u00faszni a p\u00e9nz\u00e1tad\u00f3.\n\nAz \u00e1r egy darab term\u00e9kre vonatkozik, el\u0151lapi grav\u00edroz\u00e1ssal (a h\u00e1toldal opci\u00f3s).\n\n--- Ultra Expressz 1 munkanapos elk\u00e9sz\u00edt\u00e9s ---\nHa szeretn\u00e9d extra gyorsan megkapni ezt a term\u00e9ket (mert s\u00fcrget az id\u0151 vagy utols\u00f3 pillanatban kerest\u00e9l aj\u00e1nd\u00e9k \u00f6tletet), akkor v\u00e1laszd ezt az opci\u00f3t. Ebben az esetben a rendel\u00e9sed priorit\u00e1st \u00e9lvez.\n\n!FONTOS! Az Ultra Expressz opci\u00f3 a term\u00e9k elk\u00e9sz\u00edt\u00e9s\u00e9nek \u00e9s felad\u00e1s\u00e1nak az idej\u00e9t jelenti, ami ~4 helyett 1 munkanap! A csomagsz\u00e1ll\u00edt\u00e1s ezen fel\u00fcl ~1-3 munkanap az \u00e1ltalad v\u00e1lasztott m\u00f3don.\n\nHogyan tudod ig\u00e9nybe venni?\n\u2022 Rendeld meg a term\u00e9ket Ultra Expressz opci\u00f3val \u00e9s fizesd ki (bankk\u00e1rty\u00e1val vagy \u00e1tutal\u00e1ssal). \n\u2022 A le\u00edr\u00e1sban szerepl\u0151 minden sz\u00fcks\u00e9ges adatot adj meg (az \u00dczenet r\u00e9szben).\n\u2022 Ebben az esetben a rendel\u00e9sed soron k\u00edv\u00fcl elk\u00e9sz\u00edtem \u00e9s a k\u00f6vetkez\u0151 munkanapon m\u00e1r fel is adom a csomagod.","score":127.60417,"formatted_price":"5 390 Ft","image_url":"https:\/\/www.meska.hu\/img\/product\/small\/h\/e\/hexartdesign_product_371419_250310113238_825353.jpeg","formatted_url":"https:\/\/www.meska.hu\/p5522416-keresztelo-penzatado-gravirozott-egyedi-keresztelos-babas-ajandek-atado","favourite":false,"in_stock":false,"avatar":"Hexartdesign_avatar_371419_1589358772.jpg","delete_from":0,"is_enhanced_background":false,"is_enhanced":false,"product_selection_started":false,"is_active":true,"image_webp_url":"https:\/\/www.meska.hu\/img\/product\/small\/h\/e\/hexartdesign_product_371419_250310113238_825353.webp"},{"id":"5729279","shop_id":"29709","user_id":"371419","shop_name":"Hexartdesign","shop_zip":"1183","product_code":"5522389","product_name_old":null,"product_name":"Baba sz\u00fcletett p\u00e9nz\u00e1tad\u00f3 - grav\u00edrozott egyedi babav\u00e1r\u00f3, bab\u00e1s aj\u00e1nd\u00e9k \u00e1tad\u00f3, babak\u00f6sz\u00f6nt\u0151","category_string":"Baba - mama, Keresztel\u0151aj\u00e1nd\u00e9kok, Keresztel\u0151 kell\u00e9kek","technic_string":"Famegmunk\u00e1l\u00e1s","category_1":"1495","category_2":"1745","category_3":"1735","category_4":"0","merged_category_1":null,"merged_category_2":null,"merged_category_3":null,"technic_1":"478","technic_2":"0","technic_3":"0","color_1":"514","color_2":"0","color_3":"0","product_description_old":null,"product_description":"Hexart Design - Grav\u00edrozott term\u00e9kek\n\nMi\u00e9rt v\u00e1rn\u00e1l egy-k\u00e9t hetet a grav\u00edroz\u00e1sra? N\u00e1lunk 4 munkanapon bel\u00fcl, de az Ultra Expressz* opci\u00f3val, ak\u00e1r 1 munkanap alatt is elk\u00e9sz\u00edtj\u00fck a grav\u00edroz\u00e1st. Az 1 munkanapos k\u00e9sz\u00edt\u00e9sr\u0151l b\u0151vebb inform\u00e1ci\u00f3t a le\u00edr\u00e1s alj\u00e1n tal\u00e1lsz.\n\nEzen a linken megn\u00e9zheted az el\u00e9rhet\u0151 \u00f6sszes p\u00e9nz\u00e1tad\u00f3 verzi\u00f3t:\nhttps:\/\/www.meska.hu\/shop\/Hexartdesign?s=79501\n\nEgyedi grav\u00edrozott bab\u00e1s p\u00e9nz\u00e1tad\u00f3, melynek el\u0151lapj\u00e1n a baba neve \u00e9s a g\u00f3lya mot\u00edvum mellet, k\u00e9t kis kiv\u00e1gott elem (a batyu \u00e9s egy csillagocska) enged apr\u00f3 betekint\u00e9st az aj\u00e1nd\u00e9k belsej\u00e9be. A k\u00e9t ez\u00fcstsz\u00fcrke masnis szalag nemcsak d\u00edszk\u00e9nt szolg\u00e1l, hanem ezek z\u00e1rj\u00e1k \u00f6ssze az aj\u00e1nd\u00e9kot. A h\u00e1toldalra ak\u00e1r hosszabb id\u00e9zetet vagy k\u00f6sz\u00f6nt\u0151t is k\u00e9rhetsz**. A sz\u00e9tnyitott p\u00e9nz\u00e1tad\u00f3t a 3. k\u00e9pen l\u00e1thatod (a fot\u00f3n az esk\u00fcv\u0151i el\u0151lapos verzi\u00f3 van).\n\nNemcsak p\u00e9nz \u00e1tad\u00e1s\u00e1ra szolg\u00e1l... ha p\u00e9nz helyett aj\u00e1nd\u00e9kk\u00e1rty\u00e1t, t\u00f6rzsv\u00e1s\u00e1rl\u00f3i k\u00e1rty\u00e1t adn\u00e1l aj\u00e1nd\u00e9kba, akkor egy 86x54 mm-es standard m\u00e9ret\u0171 k\u00e1rtya elf\u00e9r benne. \n\n--- Rendel\u00e9s menete ---\nAz alap\u00e1r az el\u0151lap grav\u00edroz\u00e1s\u00e1t tartalmazza. Ide megadhatod a baba nev\u00e9t. Ezt \u00edrd majd be az \u201e\u00dczenet Hexart Design r\u00e9sz\u00e9re\u201d mez\u0151be vagy a rendel\u00e9s ut\u00e1n emailben egyeztet\u00fcnk.\n\n** H\u00e1toldal grav\u00edroz\u00e1sa (fel\u00e1ras opci\u00f3)\nLehet\u0151s\u00e9ged van m\u00e9g a h\u00e1toldal grav\u00edroz\u00e1s\u00e1ra is (ezt az opci\u00f3t a leg\u00f6rd\u00fcl\u0151 men\u00fcben tudod kiv\u00e1lasztani). Ide hosszabb sz\u00f6veget is elhelyezhetsz, ilyenek p\u00e9ld\u00e1ul:\n- az alkalomhoz ill\u0151 id\u00e9zet (hosszabb vers vagy id\u00e9zet)\n- \u00fcnnepi k\u00f6sz\u00f6nt\u0151 sz\u00f6veg (egyedi \u00fczenet)\n- az aj\u00e1nd\u00e9koz\u00f3(k) al\u00e1\u00edr\u00e1sa (pl. Sok szeretettel Juditt\u00f3l \u00e9s Tam\u00e1st\u00f3l)\n\nA k\u00e9pen l\u00e1that\u00f3 kieg\u00e9sz\u00edt\u0151 dekor\u00e1ci\u00f3s k\u00f6rnyezet, valamint a p\u00e9nz csak illusztr\u00e1ci\u00f3, ami nem k\u00e9pezi a term\u00e9k r\u00e9sz\u00e9t. \n\nTerm\u00e9kle\u00edr\u00e1s:\n- a p\u00e9nz\u00e1tad\u00f3 el\u0151lapj\u00e1n grav\u00edrozott (fel\u00e1ras opci\u00f3ban a h\u00e1toldal is)\n- anyaga: ny\u00e1rfa r\u00e9tegelt lemez\n- a ny\u00e1rfa term\u00e9szete miatt sz\u00edn \u00e9s mint\u00e1zat elt\u00e9r\u00e9sek lehetnek a fot\u00f3hoz k\u00e9pest\n- a l\u00e9zergrav\u00edroz\u00e1s miatt helyenk\u00e9nt barnul\u00e1s el\u0151fordulhat a fel\u00fcleten\n- m\u00e9rete: kb. 10x10 cm, 6 mm magas \u00e9s 2 k\u00fcl\u00f6n elemb\u0151l \u00e1ll\n- fel\u00e9p\u00edt\u00e9se: 3 r\u00e9tegelt lemezb\u0151l \u00e9p\u00fcl fel. Az el\u0151lap k\u00fcl\u00f6n\u00e1ll\u00f3. A k\u00f6z\u00e9ps\u0151 r\u00e9teg a h\u00e1toldalhoz van ragasztva, ebben ker\u00fclt kialak\u00edt\u00e1sra a hely a p\u00e9nznek illetve az aj\u00e1nd\u00e9kk\u00e1rty\u00e1nak. A kiv\u00e1g\u00e1s m\u00e9rete: 88x74 mm \u00e9s ~2 mm magas\n- a p\u00e9nz\u00e1tad\u00f3t k\u00e9t 40 cm hossz\u00fa \u00e9s ~12 mm sz\u00e9les ez\u00fcstsz\u00fcrke selyem szalag fogja \u00f6ssze. \u00c9rdemes a masnikat egy-egy r\u00f6gz\u00edt\u0151 csom\u00f3 ut\u00e1n megk\u00f6tni. \u00cdgy biztosan nem fog sz\u00e9tcs\u00faszni a p\u00e9nz\u00e1tad\u00f3.\n\nAz \u00e1r egy darab term\u00e9kre vonatkozik, el\u0151lapi grav\u00edroz\u00e1ssal (a h\u00e1toldal opci\u00f3s).\n\n--- Ultra Expressz 1 munkanapos elk\u00e9sz\u00edt\u00e9s ---\nHa szeretn\u00e9d extra gyorsan megkapni ezt a term\u00e9ket (mert s\u00fcrget az id\u0151 vagy utols\u00f3 pillanatban kerest\u00e9l aj\u00e1nd\u00e9k \u00f6tletet), akkor v\u00e1laszd ezt az opci\u00f3t. Ebben az esetben a rendel\u00e9sed priorit\u00e1st \u00e9lvez.\n\n!FONTOS! Az Ultra Expressz opci\u00f3 a term\u00e9k elk\u00e9sz\u00edt\u00e9s\u00e9nek \u00e9s felad\u00e1s\u00e1nak az idej\u00e9t jelenti, ami ~4 helyett 1 munkanap! A csomagsz\u00e1ll\u00edt\u00e1s ezen fel\u00fcl ~1-3 munkanap az \u00e1ltalad v\u00e1lasztott m\u00f3don.\n\nHogyan tudod ig\u00e9nybe venni?\n\u2022 Rendeld meg a term\u00e9ket Ultra Expressz opci\u00f3val \u00e9s fizesd ki (bankk\u00e1rty\u00e1val vagy \u00e1tutal\u00e1ssal). \n\u2022 A le\u00edr\u00e1sban szerepl\u0151 minden sz\u00fcks\u00e9ges adatot adj meg (az \u00dczenet r\u00e9szben).\n\u2022 Ebben az esetben a rendel\u00e9sed soron k\u00edv\u00fcl elk\u00e9sz\u00edtem \u00e9s a k\u00f6vetkez\u0151 munkanapon m\u00e1r fel is adom a csomagod.","price":"5390.00","unit":"db","recommended":"0","status":"1","sponsored":"0","exp_notify":"0","own_material":"0","own_material_description_old":null,"own_material_description":"","jury":"0","jury_number":"","product_nature":"","meskaracsony":"0","create_date":"2026-03-28 11:37:37","shelve_id":"79501","image":"hexartdesign_product_371419_250310101653_433689.jpeg","image_width":"480","image_height":"480","image_alt":"Baba sz\u00fcletett p\u00e9nz\u00e1tad\u00f3 - grav\u00edrozott egyedi babav\u00e1r\u00f3, bab\u00e1s aj\u00e1nd\u00e9k \u00e1tad\u00f3, babak\u00f6sz\u00f6nt\u0151, Hexart Design - Grav\u00edrozott term\u00e9kek\\n\\nMi\u00e9rt v\u00e1rn\u00e1l egy-k\u00e9t hetet a grav\u00edroz\u00e1sra? N\u00e1lunk 4 munkanapon..., Meska","image_title":"Baba sz\u00fcletett p\u00e9nz\u00e1tad\u00f3 - grav\u00edrozott egyedi babav\u00e1r\u00f3, bab\u00e1s aj\u00e1nd\u00e9k \u00e1tad\u00f3, babak\u00f6sz\u00f6nt\u0151, Meska","view_count":"625","favourite_count":"0","trending_score":"0","last2MonthFavouriteCount":"0","promotion":0,"giftcard_accept":"1","creditcard_accept":true,"enhanced_background":"0","domain":"meska","specific_customer_id":null,"specific_customer_name":null,"to_order_product":"1","to_order_product_time":"4","product_different":"quite_different","product_different_description":"A sz\u00ednek minim\u00e1lisan elt\u00e9rhetnek a kijelz\u0151n l\u00e1that\u00f3 sz\u00ednekt\u0151l (mobil kijelz\u0151, monitor stb.)\nAz egyedi szem\u00e9lyre szabott dekor\u00e1ci\u00f3kn\u00e1l v\u00e1ltozik a sz\u00f6veg.","vintage":"0","vintage_category_id":"0","recycled":"0","gemstone_id":"0","customizable":"1","type_category":"physical","zerowaste":"0","postage_price":"1490.00","shop_order":"0","has_category":"1","landing_pages":null,"microdata":{"number":34,"category":""},"title":"Baba sz\u00fcletett p\u00e9nz\u00e1tad\u00f3 - grav\u00edrozott egyedi babav\u00e1r\u00f3, bab\u00e1s aj\u00e1nd\u00e9k \u00e1tad\u00f3, babak\u00f6sz\u00f6nt\u0151","description":"Hexart Design - Grav\u00edrozott term\u00e9kek\n\nMi\u00e9rt v\u00e1rn\u00e1l egy-k\u00e9t hetet a grav\u00edroz\u00e1sra? N\u00e1lunk 4 munkanapon bel\u00fcl, de az Ultra Expressz* opci\u00f3val, ak\u00e1r 1 munkanap alatt is elk\u00e9sz\u00edtj\u00fck a grav\u00edroz\u00e1st. Az 1 munkanapos k\u00e9sz\u00edt\u00e9sr\u0151l b\u0151vebb inform\u00e1ci\u00f3t a le\u00edr\u00e1s alj\u00e1n tal\u00e1lsz.\n\nEzen a linken megn\u00e9zheted az el\u00e9rhet\u0151 \u00f6sszes p\u00e9nz\u00e1tad\u00f3 verzi\u00f3t:\nhttps:\/\/www.meska.hu\/shop\/Hexartdesign?s=79501\n\nEgyedi grav\u00edrozott bab\u00e1s p\u00e9nz\u00e1tad\u00f3, melynek el\u0151lapj\u00e1n a baba neve \u00e9s a g\u00f3lya mot\u00edvum mellet, k\u00e9t kis kiv\u00e1gott elem (a batyu \u00e9s egy csillagocska) enged apr\u00f3 betekint\u00e9st az aj\u00e1nd\u00e9k belsej\u00e9be. A k\u00e9t ez\u00fcstsz\u00fcrke masnis szalag nemcsak d\u00edszk\u00e9nt szolg\u00e1l, hanem ezek z\u00e1rj\u00e1k \u00f6ssze az aj\u00e1nd\u00e9kot. A h\u00e1toldalra ak\u00e1r hosszabb id\u00e9zetet vagy k\u00f6sz\u00f6nt\u0151t is k\u00e9rhetsz**. A sz\u00e9tnyitott p\u00e9nz\u00e1tad\u00f3t a 3. k\u00e9pen l\u00e1thatod (a fot\u00f3n az esk\u00fcv\u0151i el\u0151lapos verzi\u00f3 van).\n\nNemcsak p\u00e9nz \u00e1tad\u00e1s\u00e1ra szolg\u00e1l... ha p\u00e9nz helyett aj\u00e1nd\u00e9kk\u00e1rty\u00e1t, t\u00f6rzsv\u00e1s\u00e1rl\u00f3i k\u00e1rty\u00e1t adn\u00e1l aj\u00e1nd\u00e9kba, akkor egy 86x54 mm-es standard m\u00e9ret\u0171 k\u00e1rtya elf\u00e9r benne. \n\n--- Rendel\u00e9s menete ---\nAz alap\u00e1r az el\u0151lap grav\u00edroz\u00e1s\u00e1t tartalmazza. Ide megadhatod a baba nev\u00e9t. Ezt \u00edrd majd be az \u201e\u00dczenet Hexart Design r\u00e9sz\u00e9re\u201d mez\u0151be vagy a rendel\u00e9s ut\u00e1n emailben egyeztet\u00fcnk.\n\n** H\u00e1toldal grav\u00edroz\u00e1sa (fel\u00e1ras opci\u00f3)\nLehet\u0151s\u00e9ged van m\u00e9g a h\u00e1toldal grav\u00edroz\u00e1s\u00e1ra is (ezt az opci\u00f3t a leg\u00f6rd\u00fcl\u0151 men\u00fcben tudod kiv\u00e1lasztani). Ide hosszabb sz\u00f6veget is elhelyezhetsz, ilyenek p\u00e9ld\u00e1ul:\n- az alkalomhoz ill\u0151 id\u00e9zet (hosszabb vers vagy id\u00e9zet)\n- \u00fcnnepi k\u00f6sz\u00f6nt\u0151 sz\u00f6veg (egyedi \u00fczenet)\n- az aj\u00e1nd\u00e9koz\u00f3(k) al\u00e1\u00edr\u00e1sa (pl. Sok szeretettel Juditt\u00f3l \u00e9s Tam\u00e1st\u00f3l)\n\nA k\u00e9pen l\u00e1that\u00f3 kieg\u00e9sz\u00edt\u0151 dekor\u00e1ci\u00f3s k\u00f6rnyezet, valamint a p\u00e9nz csak illusztr\u00e1ci\u00f3, ami nem k\u00e9pezi a term\u00e9k r\u00e9sz\u00e9t. \n\nTerm\u00e9kle\u00edr\u00e1s:\n- a p\u00e9nz\u00e1tad\u00f3 el\u0151lapj\u00e1n grav\u00edrozott (fel\u00e1ras opci\u00f3ban a h\u00e1toldal is)\n- anyaga: ny\u00e1rfa r\u00e9tegelt lemez\n- a ny\u00e1rfa term\u00e9szete miatt sz\u00edn \u00e9s mint\u00e1zat elt\u00e9r\u00e9sek lehetnek a fot\u00f3hoz k\u00e9pest\n- a l\u00e9zergrav\u00edroz\u00e1s miatt helyenk\u00e9nt barnul\u00e1s el\u0151fordulhat a fel\u00fcleten\n- m\u00e9rete: kb. 10x10 cm, 6 mm magas \u00e9s 2 k\u00fcl\u00f6n elemb\u0151l \u00e1ll\n- fel\u00e9p\u00edt\u00e9se: 3 r\u00e9tegelt lemezb\u0151l \u00e9p\u00fcl fel. Az el\u0151lap k\u00fcl\u00f6n\u00e1ll\u00f3. A k\u00f6z\u00e9ps\u0151 r\u00e9teg a h\u00e1toldalhoz van ragasztva, ebben ker\u00fclt kialak\u00edt\u00e1sra a hely a p\u00e9nznek illetve az aj\u00e1nd\u00e9kk\u00e1rty\u00e1nak. A kiv\u00e1g\u00e1s m\u00e9rete: 88x74 mm \u00e9s ~2 mm magas\n- a p\u00e9nz\u00e1tad\u00f3t k\u00e9t 40 cm hossz\u00fa \u00e9s ~12 mm sz\u00e9les ez\u00fcstsz\u00fcrke selyem szalag fogja \u00f6ssze. \u00c9rdemes a masnikat egy-egy r\u00f6gz\u00edt\u0151 csom\u00f3 ut\u00e1n megk\u00f6tni. \u00cdgy biztosan nem fog sz\u00e9tcs\u00faszni a p\u00e9nz\u00e1tad\u00f3.\n\nAz \u00e1r egy darab term\u00e9kre vonatkozik, el\u0151lapi grav\u00edroz\u00e1ssal (a h\u00e1toldal opci\u00f3s).\n\n--- Ultra Expressz 1 munkanapos elk\u00e9sz\u00edt\u00e9s ---\nHa szeretn\u00e9d extra gyorsan megkapni ezt a term\u00e9ket (mert s\u00fcrget az id\u0151 vagy utols\u00f3 pillanatban kerest\u00e9l aj\u00e1nd\u00e9k \u00f6tletet), akkor v\u00e1laszd ezt az opci\u00f3t. Ebben az esetben a rendel\u00e9sed priorit\u00e1st \u00e9lvez.\n\n!FONTOS! Az Ultra Expressz opci\u00f3 a term\u00e9k elk\u00e9sz\u00edt\u00e9s\u00e9nek \u00e9s felad\u00e1s\u00e1nak az idej\u00e9t jelenti, ami ~4 helyett 1 munkanap! A csomagsz\u00e1ll\u00edt\u00e1s ezen fel\u00fcl ~1-3 munkanap az \u00e1ltalad v\u00e1lasztott m\u00f3don.\n\nHogyan tudod ig\u00e9nybe venni?\n\u2022 Rendeld meg a term\u00e9ket Ultra Expressz opci\u00f3val \u00e9s fizesd ki (bankk\u00e1rty\u00e1val vagy \u00e1tutal\u00e1ssal). \n\u2022 A le\u00edr\u00e1sban szerepl\u0151 minden sz\u00fcks\u00e9ges adatot adj meg (az \u00dczenet r\u00e9szben).\n\u2022 Ebben az esetben a rendel\u00e9sed soron k\u00edv\u00fcl elk\u00e9sz\u00edtem \u00e9s a k\u00f6vetkez\u0151 munkanapon m\u00e1r fel is adom a csomagod.","score":127.53363,"formatted_price":"5 390 Ft","image_url":"https:\/\/www.meska.hu\/img\/product\/small\/h\/e\/hexartdesign_product_371419_250310101653_433689.jpeg","formatted_url":"https:\/\/www.meska.hu\/p5522389-baba-szuletett-penzatado-gravirozott-egyedi-babavaro-babas-ajandek-atado","favourite":false,"in_stock":false,"avatar":"Hexartdesign_avatar_371419_1589358772.jpg","delete_from":0,"is_enhanced_background":false,"is_enhanced":false,"product_selection_started":false,"is_active":true,"image_webp_url":"https:\/\/www.meska.hu\/img\/product\/small\/h\/e\/hexartdesign_product_371419_250310101653_433689.webp"},{"id":"5934749","shop_id":"41917","user_id":"75543","shop_name":"AnaRita","shop_zip":"1013","product_code":"5628343","product_name_old":null,"product_name":"Keresztel\u0151 aj\u00e1nd\u00e9k r\u00f3zsasz\u00edn \u00f6ttizedes r\u00f3zsaf\u00fcz\u00e9r d\u00edszdobozban k\u00eds\u00e9r\u0151 sz\u00f6veggel l\u00e1ny gyermeknek 5628343","category_string":"Baba - mama, Keresztel\u0151 kell\u00e9kek, Keresztel\u0151aj\u00e1nd\u00e9kok","technic_string":"\u00c9kszerk\u00e9sz\u00edt\u00e9s, Fot\u00f3, grafika, rajz, illusztr\u00e1ci\u00f3","category_1":"1735","category_2":"1745","category_3":"1495","category_4":"0","merged_category_1":null,"merged_category_2":null,"merged_category_3":null,"technic_1":"477","technic_2":"483","technic_3":"0","color_1":"518","color_2":"525","color_3":"0","product_description_old":null,"product_description":"\u00d6ttizedes \"val\u00f3di\" r\u00f3zsaf\u00fcz\u00e9r, sz\u00ednesen f\u00e9nyl\u0151 r\u00f3zsasz\u00edn akril gy\u00f6ngy\u00f6kb\u0151l k\u00e9sz\u00fclt.\nD\u00edszdobozban adjuk kedves k\u00eds\u00e9r\u0151 \u00fczenettel. K\u00e9r\u00e9sre a sz\u00f6vegen tudunk m\u00f3dos\u00edtani. A megjegyz\u00e9sben k\u00e9rj\u00fck felt\u00fcntetni a m\u00f3dos\u00edtott k\u00e9rt sz\u00f6veget. A doboz a k\u00e9szlet f\u00fcggv\u00e9ny\u00e9ben minim\u00e1lisan elt\u00e9rhet a k\u00e9pen l\u00e1that\u00f3t\u00f3l.\nHa b\u00e1rmilyen elk\u00e9pzel\u00e9sed van, pl. egy\u00e9b sz\u00ednb\u0151l, gy\u00f6ngy\u00f6kb\u0151l, \u00e1sv\u00e1nyb\u00f3l, vedd fel vel\u00fcnk a kapcsolatot \u00e9s \u00f6r\u00f6mmel elk\u00e9sz\u00edtj\u00fck.\nKeresztel\u0151vel kapcsolatos tov\u00e1bbi term\u00e9keinket az al\u00e1bbi linken tal\u00e1lod:\nhttps:\/\/www.meska.hu\/shop\/AnaRita?s=77510\nAz \u00f6sszes r\u00f3zsaf\u00fcz\u00e9r\u00fcnket ezen a linken tal\u00e1lod:\nhttps:\/\/www.meska.hu\/shop\/AnaRita?s=75464\nK\u00e9sz term\u00e9k eset\u00e9n Foxpost sz\u00e1ll\u00edt\u00e1ssal legk\u00e9s\u0151bb m\u00e1snap feladjuk a term\u00e9ket!\nK\u00f6sz\u00f6nj\u00fck, hogy ben\u00e9zt\u00e9l! :)\nAna \u00e9s Rita (AnaRita \u00c9kszerek)","price":"7690.00","unit":"db","recommended":"0","status":"1","sponsored":"0","exp_notify":"0","own_material":"0","own_material_description_old":null,"own_material_description":"","jury":"0","jury_number":"","product_nature":"","meskaracsony":"0","create_date":"2026-02-08 04:41:47","shelve_id":"77510","image":"anarita_product_75543_250820180617_92713.jpeg","image_width":"480","image_height":"480","image_alt":"Keresztel\u0151 aj\u00e1nd\u00e9k r\u00f3zsasz\u00edn \u00f6ttizedes r\u00f3zsaf\u00fcz\u00e9r d\u00edszdobozban k\u00eds\u00e9r\u0151 sz\u00f6veggel l\u00e1ny gyermeknek 5628343, \u00d6ttizedes \\\"val\u00f3di\\\" r\u00f3zsaf\u00fcz\u00e9r, sz\u00ednesen f\u00e9nyl\u0151 r\u00f3zsasz\u00edn akril gy\u00f6ngy\u00f6kb\u0151l k\u00e9sz\u00fclt.\\nD\u00edszdobozban adj..., Meska","image_title":"Keresztel\u0151 aj\u00e1nd\u00e9k r\u00f3zsasz\u00edn \u00f6ttizedes r\u00f3zsaf\u00fcz\u00e9r d\u00edszdobozban k\u00eds\u00e9r\u0151 sz\u00f6veggel l\u00e1ny gyermeknek 5628343, Meska","view_count":"284","favourite_count":"19","trending_score":"0","last2MonthFavouriteCount":"18","promotion":"0","giftcard_accept":"0","creditcard_accept":true,"enhanced_background":"0","domain":"meska","specific_customer_id":null,"specific_customer_name":null,"to_order_product":"1","to_order_product_time":"1","product_different":null,"product_different_description":"","vintage":"0","vintage_category_id":"0","recycled":"0","gemstone_id":"0","customizable":"0","type_category":"physical","zerowaste":"0","postage_price":"2390.00","shop_order":"0","has_category":"1","landing_pages":null,"microdata":{"number":35,"category":""},"title":"Keresztel\u0151 aj\u00e1nd\u00e9k r\u00f3zsasz\u00edn \u00f6ttizedes r\u00f3zsaf\u00fcz\u00e9r d\u00edszdobozban k\u00eds\u00e9r\u0151 sz\u00f6veggel l\u00e1ny gyermeknek 5628343","description":"\u00d6ttizedes \"val\u00f3di\" r\u00f3zsaf\u00fcz\u00e9r, sz\u00ednesen f\u00e9nyl\u0151 r\u00f3zsasz\u00edn akril gy\u00f6ngy\u00f6kb\u0151l k\u00e9sz\u00fclt.\nD\u00edszdobozban adjuk kedves k\u00eds\u00e9r\u0151 \u00fczenettel. K\u00e9r\u00e9sre a sz\u00f6vegen tudunk m\u00f3dos\u00edtani. A megjegyz\u00e9sben k\u00e9rj\u00fck felt\u00fcntetni a m\u00f3dos\u00edtott k\u00e9rt sz\u00f6veget. A doboz a k\u00e9szlet f\u00fcggv\u00e9ny\u00e9ben minim\u00e1lisan elt\u00e9rhet a k\u00e9pen l\u00e1that\u00f3t\u00f3l.\nHa b\u00e1rmilyen elk\u00e9pzel\u00e9sed van, pl. egy\u00e9b sz\u00ednb\u0151l, gy\u00f6ngy\u00f6kb\u0151l, \u00e1sv\u00e1nyb\u00f3l, vedd fel vel\u00fcnk a kapcsolatot \u00e9s \u00f6r\u00f6mmel elk\u00e9sz\u00edtj\u00fck.\nKeresztel\u0151vel kapcsolatos tov\u00e1bbi term\u00e9keinket az al\u00e1bbi linken tal\u00e1lod:\nhttps:\/\/www.meska.hu\/shop\/AnaRita?s=77510\nAz \u00f6sszes r\u00f3zsaf\u00fcz\u00e9r\u00fcnket ezen a linken tal\u00e1lod:\nhttps:\/\/www.meska.hu\/shop\/AnaRita?s=75464\nK\u00e9sz term\u00e9k eset\u00e9n Foxpost sz\u00e1ll\u00edt\u00e1ssal legk\u00e9s\u0151bb m\u00e1snap feladjuk a term\u00e9ket!\nK\u00f6sz\u00f6nj\u00fck, hogy ben\u00e9zt\u00e9l! :)\nAna \u00e9s Rita (AnaRita \u00c9kszerek)","score":127.53363,"formatted_price":"7 690 Ft","image_url":"https:\/\/www.meska.hu\/img\/product\/small\/a\/n\/anarita_product_75543_250820180617_92713.jpeg","formatted_url":"https:\/\/www.meska.hu\/p5628343-keresztelo-ajandek-rozsaszin-ottizedes-rozsafuzer-diszdobozban-kisero-szoveggel-lany-gyermeknek","favourite":false,"in_stock":false,"avatar":"75543_avatar_1775231969.png","delete_from":0,"is_enhanced_background":false,"is_enhanced":false,"product_selection_started":false,"is_active":true,"image_webp_url":"https:\/\/www.meska.hu\/img\/product\/small\/a\/n\/anarita_product_75543_250820180617_92713.webp"},{"id":"4694299","shop_id":"20979","user_id":"214356","shop_name":"KKlezer","shop_zip":"8900","product_code":"4895401","product_name_old":null,"product_name":"Keresztel\u0151 aj\u00e1nd\u00e9k","category_string":"Baba - mama, Keresztel\u0151aj\u00e1nd\u00e9kok, Keresztel\u0151 kell\u00e9kek","technic_string":"Famegmunk\u00e1l\u00e1s, Grav\u00edroz\u00e1s, pirogr\u00e1fia","category_1":"1495","category_2":"1745","category_3":"1735","category_4":"0","merged_category_1":"0","merged_category_2":"784","merged_category_3":"0","technic_1":"478","technic_2":"796","technic_3":"0","color_1":"515","color_2":"0","color_3":"0","product_description_old":null,"product_description":"Keresztel\u0151 aj\u00e1nd\u00e9k h\u0171t\u0151 m\u00e1gnes.\nVend\u00e9geiteknek remek \u00e9s maradand\u00f3 aj\u00e1nd\u00e9k.\nA grafik\u00e1t \u00e9s a feliratot a ti ig\u00e9nyeiteknek megfelel\u0151en teljesen szem\u00e9lyre szabjuk.\n\nN\u00e9zz\u00e9tek meg a t\u00f6bbi term\u00e9k\u00fcnket is, tal\u00e1ltok m\u00e9g aj\u00e1nd\u00e9k\u00f6tleteket illetve dekor\u00e1ci\u00f3kat is.","price":"1500.00","unit":"db","recommended":"0","status":"1","sponsored":"0","exp_notify":"0","own_material":"0","own_material_description_old":null,"own_material_description":"","jury":"0","jury_number":"","product_nature":"","meskaracsony":"0","create_date":"2026-04-27 13:37:54","shelve_id":"71589","image":"kezmuveskucko_product_214356_230126235340_9119.jpeg","image_width":"480","image_height":"480","image_alt":"Keresztel\u0151 aj\u00e1nd\u00e9k, Keresztel\u0151 aj\u00e1nd\u00e9k h\u0171t\u0151 m\u00e1gnes.\\nVend\u00e9geiteknek remek \u00e9s maradand\u00f3 aj\u00e1nd\u00e9k.\\nA grafik\u00e1t \u00e9s a feliratot..., Meska","image_title":"Keresztel\u0151 aj\u00e1nd\u00e9k, Meska","view_count":"2229","favourite_count":"0","trending_score":"0","last2MonthFavouriteCount":"0","promotion":"0","giftcard_accept":"1","creditcard_accept":false,"enhanced_background":"0","domain":"meska","specific_customer_id":null,"specific_customer_name":null,"to_order_product":"1","to_order_product_time":"2","product_different":null,"product_different_description":"","vintage":"0","vintage_category_id":"0","recycled":"0","gemstone_id":"0","customizable":"1","type_category":"physical","zerowaste":"0","postage_price":"1290.00","shop_order":"0","has_category":"1","landing_pages":null,"microdata":{"number":36,"category":""},"title":"Keresztel\u0151 aj\u00e1nd\u00e9k","description":"Keresztel\u0151 aj\u00e1nd\u00e9k h\u0171t\u0151 m\u00e1gnes.\nVend\u00e9geiteknek remek \u00e9s maradand\u00f3 aj\u00e1nd\u00e9k.\nA grafik\u00e1t \u00e9s a feliratot a ti ig\u00e9nyeiteknek megfelel\u0151en teljesen szem\u00e9lyre szabjuk.\n\nN\u00e9zz\u00e9tek meg a t\u00f6bbi term\u00e9k\u00fcnket is, tal\u00e1ltok m\u00e9g aj\u00e1nd\u00e9k\u00f6tleteket illetve dekor\u00e1ci\u00f3kat is.","score":127.47425,"formatted_price":"1 500 Ft","image_url":"https:\/\/www.meska.hu\/img\/product\/small\/k\/e\/kezmuveskucko_product_214356_230126235340_9119.jpeg","formatted_url":"https:\/\/www.meska.hu\/p4895401-keresztelo-ajandek","favourite":false,"in_stock":false,"avatar":"Kezmuveskucko_avatar_214356_1670575015.jpeg","delete_from":0,"is_enhanced_background":false,"is_enhanced":false,"product_selection_started":false,"is_active":true,"image_webp_url":"https:\/\/www.meska.hu\/img\/product\/small\/k\/e\/kezmuveskucko_product_214356_230126235340_9119.webp"},{"id":"6147665","shop_id":"40935","user_id":"22314","shop_name":"LINDesign","shop_zip":"6523","product_code":"5753947","product_name_old":null,"product_name":"Fa kereszt, kereszt, vall\u00e1si t\u00e1rgy, keresztel\u0151 aj\u00e1nd\u00e9k, \u00fajsz\u00fcl\u00f6tt aj\u00e1nd\u00e9k","category_string":"Baba - mama, Keresztel\u0151 kell\u00e9kek, Keresztel\u0151aj\u00e1nd\u00e9kok","technic_string":"Fest\u00e9szet, Festett t\u00e1rgyak","category_1":"1735","category_2":"1745","category_3":"1495","category_4":"0","merged_category_1":null,"merged_category_2":null,"merged_category_3":null,"technic_1":"480","technic_2":"481","technic_3":"0","color_1":"515","color_2":"519","color_3":"521","product_description_old":null,"product_description":"Falra akaszthat\u00f3, fa k\u00e9zzel festett kereszt.\nK\u00e9pkeret karik\u00e1val ell\u00e1tva, vastag laz\u00farral fel\u00fclet kezelve.\nM\u00e9rete: 9,5 x 14 x 2 cm\nAj\u00e1nd\u00e9kba adhat\u00f3 keresztel\u0151re.\nL\u00e1nyos kivitelben is elk\u00e9sz\u00edtem.\nMegrendel\u00e9skor k\u00e9rlek add meg a baba nev\u00e9t \u00e9s sz\u00fclet\u00e9si d\u00e1tum\u00e1t, keresztel\u0151 d\u00e1tum\u00e1t .\nEgyedi elk\u00e9pzel\u00e9st is megval\u00f3s\u00edtok.","price":"2800.00","unit":"db","recommended":"0","status":"1","sponsored":"0","exp_notify":"0","own_material":"0","own_material_description_old":null,"own_material_description":"","jury":"0","jury_number":"","product_nature":"","meskaracsony":"0","create_date":"2026-03-08 16:33:21","shelve_id":"0","image":"lindesign_product_22314_260225112658_609329.jpeg","image_width":"480","image_height":"640","image_alt":"Fa kereszt, kereszt, vall\u00e1si t\u00e1rgy, keresztel\u0151 aj\u00e1nd\u00e9k, \u00fajsz\u00fcl\u00f6tt aj\u00e1nd\u00e9k, Falra akaszthat\u00f3, fa k\u00e9zzel festett kereszt.\\nK\u00e9pkeret karik\u00e1val ell\u00e1tva, vastag laz\u00farral fel\u00fclet kez..., Meska","image_title":"Fa kereszt, kereszt, vall\u00e1si t\u00e1rgy, keresztel\u0151 aj\u00e1nd\u00e9k, \u00fajsz\u00fcl\u00f6tt aj\u00e1nd\u00e9k, Meska","view_count":"76","favourite_count":"0","trending_score":"0","last2MonthFavouriteCount":"0","promotion":"0","giftcard_accept":"0","creditcard_accept":false,"enhanced_background":"0","domain":"meska","specific_customer_id":null,"specific_customer_name":null,"to_order_product":"1","to_order_product_time":"10","product_different":null,"product_different_description":"","vintage":"0","vintage_category_id":"0","recycled":"0","gemstone_id":"0","customizable":"1","type_category":"physical","zerowaste":"0","postage_price":"1435.00","shop_order":"0","has_category":"1","landing_pages":null,"microdata":{"number":37,"category":""},"title":"Fa kereszt, kereszt, vall\u00e1si t\u00e1rgy, keresztel\u0151 aj\u00e1nd\u00e9k, \u00fajsz\u00fcl\u00f6tt aj\u00e1nd\u00e9k","description":"Falra akaszthat\u00f3, fa k\u00e9zzel festett kereszt.\nK\u00e9pkeret karik\u00e1val ell\u00e1tva, vastag laz\u00farral fel\u00fclet kezelve.\nM\u00e9rete: 9,5 x 14 x 2 cm\nAj\u00e1nd\u00e9kba adhat\u00f3 keresztel\u0151re.\nL\u00e1nyos kivitelben is elk\u00e9sz\u00edtem.\nMegrendel\u00e9skor k\u00e9rlek add meg a baba nev\u00e9t \u00e9s sz\u00fclet\u00e9si d\u00e1tum\u00e1t, keresztel\u0151 d\u00e1tum\u00e1t .\nEgyedi elk\u00e9pzel\u00e9st is megval\u00f3s\u00edtok.","score":127.380516,"formatted_price":"2 800 Ft","image_url":"https:\/\/www.meska.hu\/img\/product\/small\/l\/i\/lindesign_product_22314_260225112658_609329.jpeg","formatted_url":"https:\/\/www.meska.hu\/p5753947-fa-kereszt-kereszt-vallasi-targy-keresztelo-ajandek-ujszulott-ajandek","favourite":false,"in_stock":false,"avatar":"LINDesign_avatar_22314_1681318422.jpg","delete_from":0,"is_enhanced_background":false,"is_enhanced":false,"product_selection_started":false,"is_active":true,"image_webp_url":"https:\/\/www.meska.hu\/img\/product\/small\/l\/i\/lindesign_product_22314_260225112658_609329.webp"},{"id":"5947678","shop_id":"41917","user_id":"75543","shop_name":"AnaRita","shop_zip":"1013","product_code":"5639582","product_name_old":null,"product_name":"Keresztel\u0151 aj\u00e1nd\u00e9k \u00f6ttizedes r\u00f3zsaf\u00fcz\u00e9r d\u00edszdobozban k\u00eds\u00e9r\u0151 sz\u00f6veggel l\u00e1ny gyermeknek 5639582","category_string":"Baba - mama, Keresztel\u0151aj\u00e1nd\u00e9kok, Keresztel\u0151 kell\u00e9kek","technic_string":"\u00c9kszerk\u00e9sz\u00edt\u00e9s","category_1":"1495","category_2":"1745","category_3":"1735","category_4":"0","merged_category_1":null,"merged_category_2":null,"merged_category_3":null,"technic_1":"477","technic_2":"0","technic_3":"0","color_1":"513","color_2":"518","color_3":"0","product_description_old":null,"product_description":"\u00d6ttizedes \"val\u00f3di\" r\u00f3zsaf\u00fcz\u00e9r, sz\u00ednesen f\u00e9nyl\u0151 akril gy\u00f6ngy\u00f6kb\u0151l k\u00e9sz\u00fclt.\nD\u00edszdobozban adjuk kedves k\u00eds\u00e9r\u0151 \u00fczenettel. K\u00e9r\u00e9sre a sz\u00f6vegen tudunk m\u00f3dos\u00edtani. A megjegyz\u00e9sben k\u00e9rj\u00fck felt\u00fcntetni a m\u00f3dos\u00edtott k\u00e9rt sz\u00f6veget. A doboz a k\u00e9szlet f\u00fcggv\u00e9ny\u00e9ben minim\u00e1lisan elt\u00e9rhet a k\u00e9pen l\u00e1that\u00f3t\u00f3l.\nHa b\u00e1rmilyen elk\u00e9pzel\u00e9sed van, pl. egy\u00e9b sz\u00ednb\u0151l, gy\u00f6ngy\u00f6kb\u0151l, \u00e1sv\u00e1nyb\u00f3l, vedd fel vel\u00fcnk a kapcsolatot \u00e9s \u00f6r\u00f6mmel elk\u00e9sz\u00edtj\u00fck.\nKeresztel\u0151vel kapcsolatos tov\u00e1bbi term\u00e9keinket az al\u00e1bbi linken tal\u00e1lod:\nhttps:\/\/www.meska.hu\/shop\/AnaRita?s=77510\nAz \u00f6sszes r\u00f3zsaf\u00fcz\u00e9r\u00fcnket ezen a linken tal\u00e1lod:\nhttps:\/\/www.meska.hu\/shop\/AnaRita?s=75464\nK\u00e9sz term\u00e9k eset\u00e9n Foxpost sz\u00e1ll\u00edt\u00e1ssal legk\u00e9s\u0151bb m\u00e1snap feladjuk a term\u00e9ket!\nK\u00f6sz\u00f6nj\u00fck, hogy ben\u00e9zt\u00e9l! :)\nAna \u00e9s Rita (AnaRita \u00c9kszerek)","price":"6990.00","unit":"db","recommended":"0","status":"1","sponsored":"0","exp_notify":"0","own_material":"0","own_material_description_old":null,"own_material_description":"","jury":"0","jury_number":"","product_nature":"","meskaracsony":"0","create_date":"2026-02-08 04:44:57","shelve_id":"77510","image":"anarita_product_75543_251005202100_754814.jpeg","image_width":"480","image_height":"480","image_alt":"Keresztel\u0151 aj\u00e1nd\u00e9k \u00f6ttizedes r\u00f3zsaf\u00fcz\u00e9r d\u00edszdobozban k\u00eds\u00e9r\u0151 sz\u00f6veggel l\u00e1ny gyermeknek 5639582, \u00d6ttizedes \\\"val\u00f3di\\\" r\u00f3zsaf\u00fcz\u00e9r, sz\u00ednesen f\u00e9nyl\u0151 akril gy\u00f6ngy\u00f6kb\u0151l k\u00e9sz\u00fclt.\\nD\u00edszdobozban adjuk kedves ..., Meska","image_title":"Keresztel\u0151 aj\u00e1nd\u00e9k \u00f6ttizedes r\u00f3zsaf\u00fcz\u00e9r d\u00edszdobozban k\u00eds\u00e9r\u0151 sz\u00f6veggel l\u00e1ny gyermeknek 5639582, Meska","view_count":"228","favourite_count":"0","trending_score":"0","last2MonthFavouriteCount":"0","promotion":"0","giftcard_accept":"0","creditcard_accept":true,"enhanced_background":"0","domain":"meska","specific_customer_id":null,"specific_customer_name":null,"to_order_product":"1","to_order_product_time":"2","product_different":null,"product_different_description":"","vintage":"0","vintage_category_id":"0","recycled":"0","gemstone_id":"0","customizable":"0","type_category":"physical","zerowaste":"0","postage_price":"2390.00","shop_order":"0","has_category":"1","landing_pages":null,"microdata":{"number":38,"category":""},"title":"Keresztel\u0151 aj\u00e1nd\u00e9k \u00f6ttizedes r\u00f3zsaf\u00fcz\u00e9r d\u00edszdobozban k\u00eds\u00e9r\u0151 sz\u00f6veggel l\u00e1ny gyermeknek 5639582","description":"\u00d6ttizedes \"val\u00f3di\" r\u00f3zsaf\u00fcz\u00e9r, sz\u00ednesen f\u00e9nyl\u0151 akril gy\u00f6ngy\u00f6kb\u0151l k\u00e9sz\u00fclt.\nD\u00edszdobozban adjuk kedves k\u00eds\u00e9r\u0151 \u00fczenettel. K\u00e9r\u00e9sre a sz\u00f6vegen tudunk m\u00f3dos\u00edtani. A megjegyz\u00e9sben k\u00e9rj\u00fck felt\u00fcntetni a m\u00f3dos\u00edtott k\u00e9rt sz\u00f6veget. A doboz a k\u00e9szlet f\u00fcggv\u00e9ny\u00e9ben minim\u00e1lisan elt\u00e9rhet a k\u00e9pen l\u00e1that\u00f3t\u00f3l.\nHa b\u00e1rmilyen elk\u00e9pzel\u00e9sed van, pl. egy\u00e9b sz\u00ednb\u0151l, gy\u00f6ngy\u00f6kb\u0151l, \u00e1sv\u00e1nyb\u00f3l, vedd fel vel\u00fcnk a kapcsolatot \u00e9s \u00f6r\u00f6mmel elk\u00e9sz\u00edtj\u00fck.\nKeresztel\u0151vel kapcsolatos tov\u00e1bbi term\u00e9keinket az al\u00e1bbi linken tal\u00e1lod:\nhttps:\/\/www.meska.hu\/shop\/AnaRita?s=77510\nAz \u00f6sszes r\u00f3zsaf\u00fcz\u00e9r\u00fcnket ezen a linken tal\u00e1lod:\nhttps:\/\/www.meska.hu\/shop\/AnaRita?s=75464\nK\u00e9sz term\u00e9k eset\u00e9n Foxpost sz\u00e1ll\u00edt\u00e1ssal legk\u00e9s\u0151bb m\u00e1snap feladjuk a term\u00e9ket!\nK\u00f6sz\u00f6nj\u00fck, hogy ben\u00e9zt\u00e9l! :)\nAna \u00e9s Rita (AnaRita \u00c9kszerek)","score":127.161285,"formatted_price":"6 990 Ft","image_url":"https:\/\/www.meska.hu\/img\/product\/small\/a\/n\/anarita_product_75543_251005202100_754814.jpeg","formatted_url":"https:\/\/www.meska.hu\/p5639582-keresztelo-ajandek-ottizedes-rozsafuzer-diszdobozban-kisero-szoveggel-lany-gyermeknek","favourite":false,"in_stock":false,"avatar":"75543_avatar_1775231969.png","delete_from":0,"is_enhanced_background":false,"is_enhanced":false,"product_selection_started":false,"is_active":true,"image_webp_url":"https:\/\/www.meska.hu\/img\/product\/small\/a\/n\/anarita_product_75543_251005202100_754814.webp"},{"id":"5517798","shop_id":"41917","user_id":"75543","shop_name":"AnaRita","shop_zip":"1013","product_code":"5395475","product_name_old":null,"product_name":"Keresztel\u0151 aj\u00e1nd\u00e9k \u00f6ttizedes \u00e1sv\u00e1ny r\u00f3zsaf\u00fcz\u00e9r d\u00edszdobozban k\u00eds\u00e9r\u0151 sz\u00f6veggel l\u00e1ny gyermeknek","category_string":"Baba - mama, Keresztel\u0151aj\u00e1nd\u00e9kok, Keresztel\u0151 kell\u00e9kek","technic_string":"\u00c9kszerk\u00e9sz\u00edt\u00e9s, Gy\u00f6ngyf\u0171z\u00e9s, gy\u00f6ngyh\u00edmz\u00e9s","category_1":"1495","category_2":"1745","category_3":"1735","category_4":"0","merged_category_1":null,"merged_category_2":null,"merged_category_3":null,"technic_1":"477","technic_2":"485","technic_3":"0","color_1":"518","color_2":"519","color_3":"0","product_description_old":null,"product_description":"\u00d6ttizedes \"val\u00f3di\" r\u00f3zsaf\u00fcz\u00e9r, feh\u00e9r porcel\u00e1n j\u00e1de \u00e1sv\u00e1nygy\u00f6ngy\u00f6kb\u0151l k\u00e9sz\u00fclt. Strasszk\u00f6ves r\u00f3zsaf\u00fcz\u00e9r \u00f6sszek\u00f6t\u0151 med\u00e1llal \u00e9s strasszk\u00f6ves kereszt med\u00e1llal k\u00e9sz\u00edtett\u00fck. \nD\u00edszdobozban adjuk kedves k\u00eds\u00e9r\u0151 \u00fczenettel. K\u00e9r\u00e9sre a sz\u00f6vegen tudunk m\u00f3dos\u00edtani. A megjegyz\u00e9sben k\u00e9rj\u00fck felt\u00fcntetni a m\u00f3dos\u00edtott k\u00e9rt sz\u00f6veget. \nHa b\u00e1rmilyen elk\u00e9pzel\u00e9sed van, pl. egy\u00e9b sz\u00ednb\u0151l, gy\u00f6ngy\u00f6kb\u0151l, \u00e1sv\u00e1nyb\u00f3l, vedd fel vel\u00fcnk a kapcsolatot \u00e9s \u00f6r\u00f6mmel elk\u00e9sz\u00edtj\u00fck.\nKeresztel\u0151vel kapcsolatos tov\u00e1bbi term\u00e9keinket az al\u00e1bbi linken tal\u00e1lod:\nhttps:\/\/www.meska.hu\/shop\/AnaRita?s=77510\nAz \u00f6sszes r\u00f3zsaf\u00fcz\u00e9r\u00fcnket ezen a linken tal\u00e1lod: \nhttps:\/\/www.meska.hu\/shop\/AnaRita?s=75464\nK\u00e9sz term\u00e9k eset\u00e9n Foxpost sz\u00e1ll\u00edt\u00e1ssal legk\u00e9s\u0151bb m\u00e1snap feladjuk a term\u00e9ket!\nK\u00f6sz\u00f6nj\u00fck, hogy ben\u00e9zt\u00e9l! :)\nAna \u00e9s Rita (AnaRita \u00c9kszerek)","price":"10990.00","unit":"db","recommended":"0","status":"1","sponsored":"0","exp_notify":"0","own_material":"0","own_material_description_old":null,"own_material_description":"","jury":"0","jury_number":"","product_nature":"","meskaracsony":"0","create_date":"2026-02-08 04:45:01","shelve_id":"77510","image":"anarita_product_75543_241011175113_899279.jpeg","image_width":"480","image_height":"480","image_alt":"Keresztel\u0151 aj\u00e1nd\u00e9k \u00f6ttizedes \u00e1sv\u00e1ny r\u00f3zsaf\u00fcz\u00e9r d\u00edszdobozban k\u00eds\u00e9r\u0151 sz\u00f6veggel l\u00e1ny gyermeknek, \u00d6ttizedes \\\"val\u00f3di\\\" r\u00f3zsaf\u00fcz\u00e9r, feh\u00e9r porcel\u00e1n j\u00e1de \u00e1sv\u00e1nygy\u00f6ngy\u00f6kb\u0151l k\u00e9sz\u00fclt. Strasszk\u00f6ves r\u00f3zsaf\u00fcz\u00e9..., Meska","image_title":"Keresztel\u0151 aj\u00e1nd\u00e9k \u00f6ttizedes \u00e1sv\u00e1ny r\u00f3zsaf\u00fcz\u00e9r d\u00edszdobozban k\u00eds\u00e9r\u0151 sz\u00f6veggel l\u00e1ny gyermeknek, Meska","view_count":"1502","favourite_count":"1","trending_score":"0","last2MonthFavouriteCount":"1","promotion":"0","giftcard_accept":"0","creditcard_accept":true,"enhanced_background":"0","domain":"meska","specific_customer_id":null,"specific_customer_name":null,"to_order_product":"1","to_order_product_time":"2","product_different":null,"product_different_description":"","vintage":"0","vintage_category_id":"0","recycled":"0","gemstone_id":"0","customizable":"0","type_category":"physical","zerowaste":"0","postage_price":"2390.00","shop_order":"0","has_category":"1","landing_pages":null,"microdata":{"number":39,"category":""},"title":"Keresztel\u0151 aj\u00e1nd\u00e9k \u00f6ttizedes \u00e1sv\u00e1ny r\u00f3zsaf\u00fcz\u00e9r d\u00edszdobozban k\u00eds\u00e9r\u0151 sz\u00f6veggel l\u00e1ny gyermeknek","description":"\u00d6ttizedes \"val\u00f3di\" r\u00f3zsaf\u00fcz\u00e9r, feh\u00e9r porcel\u00e1n j\u00e1de \u00e1sv\u00e1nygy\u00f6ngy\u00f6kb\u0151l k\u00e9sz\u00fclt. Strasszk\u00f6ves r\u00f3zsaf\u00fcz\u00e9r \u00f6sszek\u00f6t\u0151 med\u00e1llal \u00e9s strasszk\u00f6ves kereszt med\u00e1llal k\u00e9sz\u00edtett\u00fck. \nD\u00edszdobozban adjuk kedves k\u00eds\u00e9r\u0151 \u00fczenettel. K\u00e9r\u00e9sre a sz\u00f6vegen tudunk m\u00f3dos\u00edtani. A megjegyz\u00e9sben k\u00e9rj\u00fck felt\u00fcntetni a m\u00f3dos\u00edtott k\u00e9rt sz\u00f6veget. \nHa b\u00e1rmilyen elk\u00e9pzel\u00e9sed van, pl. egy\u00e9b sz\u00ednb\u0151l, gy\u00f6ngy\u00f6kb\u0151l, \u00e1sv\u00e1nyb\u00f3l, vedd fel vel\u00fcnk a kapcsolatot \u00e9s \u00f6r\u00f6mmel elk\u00e9sz\u00edtj\u00fck.\nKeresztel\u0151vel kapcsolatos tov\u00e1bbi term\u00e9keinket az al\u00e1bbi linken tal\u00e1lod:\nhttps:\/\/www.meska.hu\/shop\/AnaRita?s=77510\nAz \u00f6sszes r\u00f3zsaf\u00fcz\u00e9r\u00fcnket ezen a linken tal\u00e1lod: \nhttps:\/\/www.meska.hu\/shop\/AnaRita?s=75464\nK\u00e9sz term\u00e9k eset\u00e9n Foxpost sz\u00e1ll\u00edt\u00e1ssal legk\u00e9s\u0151bb m\u00e1snap feladjuk a term\u00e9ket!\nK\u00f6sz\u00f6nj\u00fck, hogy ben\u00e9zt\u00e9l! :)\nAna \u00e9s Rita (AnaRita \u00c9kszerek)","score":127.161285,"formatted_price":"10 990 Ft","image_url":"https:\/\/www.meska.hu\/img\/product\/small\/a\/n\/anarita_product_75543_241011175113_899279.jpeg","formatted_url":"https:\/\/www.meska.hu\/p5395475-keresztelo-ajandek-ottizedes-asvany-rozsafuzer-diszdobozban-kisero-szoveggel-lany-gyermeknek","favourite":false,"in_stock":false,"avatar":"75543_avatar_1775231969.png","delete_from":0,"is_enhanced_background":false,"is_enhanced":false,"product_selection_started":false,"is_active":true,"image_webp_url":"https:\/\/www.meska.hu\/img\/product\/small\/a\/n\/anarita_product_75543_241011175113_899279.webp"},{"id":"6099774","shop_id":"19850","user_id":"194198","shop_name":"AniDekor","shop_zip":"1096","product_code":"5723167","product_name_old":null,"product_name":"Keresztel\u0151i aj\u00e1nd\u00e9k - Maradand\u00f3 csal\u00e1di eml\u00e9k - Egyedi, k\u00e9zm\u0171ves dr\u00f3tszobor keresztel\u0151re keresztsz\u00fcl\u0151kt\u0151l, nagysz\u00fcl\u0151kt\u0151l","category_string":"Baba - mama, Keresztel\u0151 kell\u00e9kek, Keresztel\u0151aj\u00e1nd\u00e9kok","technic_string":"Mindenm\u00e1s","category_1":"1735","category_2":"1745","category_3":"1495","category_4":"0","merged_category_1":null,"merged_category_2":null,"merged_category_3":null,"technic_1":"493","technic_2":"0","technic_3":"0","color_1":"520","color_2":"0","color_3":"0","product_description_old":null,"product_description":"\u00c9rzelmes, meghat\u00f3 keresztel\u0151i aj\u00e1nd\u00e9k:  k\u00e9zm\u0171ves dr\u00f3tszobor, amely \u00f6r\u00f6k eml\u00e9kk\u00e9nt \u0151rzi a keresztel\u00e9s meghitt pillanat\u00e1t.\n\nAnyaga: 2 mm vastag alum\u00ednium dr\u00f3t parafa alapba r\u00f6gz\u00edtve\nTeljes m\u00e9rete: kb. 25 cm X 20 cm\nA parafa alap m\u00e9rete: 12x6x3,5 cm\n\nA parafatalp elej\u00e9re d\u00e1tum vagy n\u00e9v is k\u00e9rhet\u0151 - szint\u00e9n dr\u00f3tb\u00f3l hajl\u00edtva.\n\nMinden darab egyedileg k\u00e9zzel k\u00e9sz\u00fcl, ez\u00e9rt apr\u00f3 elt\u00e9r\u00e9sek a fot\u00f3hoz k\u00e9pest el\u0151fordulhatnak.\n\nA keresztel\u0151 egy \u00e9letre sz\u00f3l\u00f3 m\u00e9rf\u00f6ldk\u0151. Egy csendes, bens\u0151s\u00e9ges pillanat, amikor a csal\u00e1d egy\u00fctt \u00fcnnepli egy kisbaba \u00e9rkez\u00e9s\u00e9t, \u00e9s szeretettel k\u00f6r\u00fcl\u00f6leli \u0151t a hit, az \u00f6sszetartoz\u00e1s \u00e9s a rem\u00e9ny jegy\u00e9ben. \nEgy ilyen alkalomhoz nem h\u00e9tk\u00f6znapi aj\u00e1nd\u00e9k illik, hanem olyan, amely val\u00f3di \u00e9rzelmi \u00e9rt\u00e9ket hordoz.\n\nNem csak keresztel\u0151re, hanem sz\u00fclet\u00e9sre vagy n\u00e9vad\u00f3ra, babal\u00e1t\u00f3gat\u00f3 aj\u00e1nd\u00e9kk\u00e9nt is t\u00f6k\u00e9letes. Keresztanya, keresztapa, nagysz\u00fcl\u0151k vagy bar\u00e1tok sz\u00e1m\u00e1ra is ide\u00e1lis v\u00e1laszt\u00e1s, ha igaz\u00e1n sz\u00edvb\u0151l j\u00f6v\u0151 aj\u00e1nd\u00e9kot szeretn\u00e9nek adni.\n\nT\u00f6k\u00e9letes aj\u00e1nd\u00e9k:\n- keresztany\u00e1t\u00f3l, keresztap\u00e1t\u00f3l, keresztsz\u00fcl\u0151kt\u0151l, nagysz\u00fcl\u0151kt\u0151l kisbab\u00e1knak\n- Babal\u00e1togat\u00f3 aj\u00e1nd\u00e9k \u2013 ha valami igaz\u00e1n maradand\u00f3t szeretn\u00e9l adni\n- \u00dajsz\u00fcl\u00f6tt \u00e9rkez\u00e9sekor, els\u0151 gyermek sz\u00fclet\u00e9sekor\n- Kisfi\u00faknak \u00e9s kisl\u00e1nyoknak egyar\u00e1nt egy kedves eml\u00e9k\n- Babaszoba\/gyerekszoba polcaira vagy a nappaliba dekor\u00e1ci\u00f3k\u00e9nt\n","price":"8800.00","unit":"db","recommended":"0","status":"1","sponsored":"0","exp_notify":"0","own_material":"0","own_material_description_old":null,"own_material_description":"","jury":"0","jury_number":"","product_nature":"","meskaracsony":"0","create_date":"2026-02-01 14:29:05","shelve_id":"61970","image":"anidekor_product_194198_260201141932_213365.jpeg","image_width":"480","image_height":"480","image_alt":"Keresztel\u0151i aj\u00e1nd\u00e9k - Maradand\u00f3 csal\u00e1di eml\u00e9k - Egyedi, k\u00e9zm\u0171ves dr\u00f3tszobor keresztel\u0151re keresztsz\u00fcl\u0151kt\u0151l, nagysz\u00fcl\u0151kt\u0151l, \u00c9rzelmes, meghat\u00f3 keresztel\u0151i aj\u00e1nd\u00e9k:  k\u00e9zm\u0171ves dr\u00f3tszobor, amely \u00f6r\u00f6k eml\u00e9kk\u00e9nt \u0151rzi a keresztel\u00e9s..., Meska","image_title":"Keresztel\u0151i aj\u00e1nd\u00e9k - Maradand\u00f3 csal\u00e1di eml\u00e9k - Egyedi, k\u00e9zm\u0171ves dr\u00f3tszobor keresztel\u0151re keresztsz\u00fcl\u0151kt\u0151l, nagysz\u00fcl\u0151kt\u0151l, Meska","view_count":"137","favourite_count":"0","trending_score":"0","last2MonthFavouriteCount":"0","promotion":"0","giftcard_accept":"1","creditcard_accept":true,"enhanced_background":"0","domain":"meska","specific_customer_id":null,"specific_customer_name":null,"to_order_product":"1","to_order_product_time":"3","product_different":"not_different","product_different_description":"","vintage":"0","vintage_category_id":"0","recycled":"0","gemstone_id":"0","customizable":"0","type_category":"physical","zerowaste":"0","postage_price":"990.00","shop_order":"6","has_category":"1","landing_pages":null,"microdata":{"number":40,"category":""},"title":"Keresztel\u0151i aj\u00e1nd\u00e9k - Maradand\u00f3 csal\u00e1di eml\u00e9k - Egyedi, k\u00e9zm\u0171ves dr\u00f3tszobor keresztel\u0151re keresztsz\u00fcl\u0151kt\u0151l, nagysz\u00fcl\u0151kt\u0151l","description":"\u00c9rzelmes, meghat\u00f3 keresztel\u0151i aj\u00e1nd\u00e9k:  k\u00e9zm\u0171ves dr\u00f3tszobor, amely \u00f6r\u00f6k eml\u00e9kk\u00e9nt \u0151rzi a keresztel\u00e9s meghitt pillanat\u00e1t.\n\nAnyaga: 2 mm vastag alum\u00ednium dr\u00f3t parafa alapba r\u00f6gz\u00edtve\nTeljes m\u00e9rete: kb. 25 cm X 20 cm\nA parafa alap m\u00e9rete: 12x6x3,5 cm\n\nA parafatalp elej\u00e9re d\u00e1tum vagy n\u00e9v is k\u00e9rhet\u0151 - szint\u00e9n dr\u00f3tb\u00f3l hajl\u00edtva.\n\nMinden darab egyedileg k\u00e9zzel k\u00e9sz\u00fcl, ez\u00e9rt apr\u00f3 elt\u00e9r\u00e9sek a fot\u00f3hoz k\u00e9pest el\u0151fordulhatnak.\n\nA keresztel\u0151 egy \u00e9letre sz\u00f3l\u00f3 m\u00e9rf\u00f6ldk\u0151. Egy csendes, bens\u0151s\u00e9ges pillanat, amikor a csal\u00e1d egy\u00fctt \u00fcnnepli egy kisbaba \u00e9rkez\u00e9s\u00e9t, \u00e9s szeretettel k\u00f6r\u00fcl\u00f6leli \u0151t a hit, az \u00f6sszetartoz\u00e1s \u00e9s a rem\u00e9ny jegy\u00e9ben. \nEgy ilyen alkalomhoz nem h\u00e9tk\u00f6znapi aj\u00e1nd\u00e9k illik, hanem olyan, amely val\u00f3di \u00e9rzelmi \u00e9rt\u00e9ket hordoz.\n\nNem csak keresztel\u0151re, hanem sz\u00fclet\u00e9sre vagy n\u00e9vad\u00f3ra, babal\u00e1t\u00f3gat\u00f3 aj\u00e1nd\u00e9kk\u00e9nt is t\u00f6k\u00e9letes. Keresztanya, keresztapa, nagysz\u00fcl\u0151k vagy bar\u00e1tok sz\u00e1m\u00e1ra is ide\u00e1lis v\u00e1laszt\u00e1s, ha igaz\u00e1n sz\u00edvb\u0151l j\u00f6v\u0151 aj\u00e1nd\u00e9kot szeretn\u00e9nek adni.\n\nT\u00f6k\u00e9letes aj\u00e1nd\u00e9k:\n- keresztany\u00e1t\u00f3l, keresztap\u00e1t\u00f3l, keresztsz\u00fcl\u0151kt\u0151l, nagysz\u00fcl\u0151kt\u0151l kisbab\u00e1knak\n- Babal\u00e1togat\u00f3 aj\u00e1nd\u00e9k \u2013 ha valami igaz\u00e1n maradand\u00f3t szeretn\u00e9l adni\n- \u00dajsz\u00fcl\u00f6tt \u00e9rkez\u00e9sekor, els\u0151 gyermek sz\u00fclet\u00e9sekor\n- Kisfi\u00faknak \u00e9s kisl\u00e1nyoknak egyar\u00e1nt egy kedves eml\u00e9k\n- Babaszoba\/gyerekszoba polcaira vagy a nappaliba dekor\u00e1ci\u00f3k\u00e9nt\n","score":127.04296,"formatted_price":"8 800 Ft","image_url":"https:\/\/www.meska.hu\/img\/product\/small\/a\/n\/anidekor_product_194198_260201141932_213365.jpeg","formatted_url":"https:\/\/www.meska.hu\/p5723167-kereszteloi-ajandek-maradando-csaladi-emlek-egyedi-kezmuves-drotszobor-keresztelore-keresztszuloktol-nagyszuloktol","favourite":false,"in_stock":false,"avatar":"194198_avatar_1757253291.png","delete_from":0,"is_enhanced_background":false,"is_enhanced":false,"product_selection_started":false,"is_active":true,"image_webp_url":"https:\/\/www.meska.hu\/img\/product\/small\/a\/n\/anidekor_product_194198_260201141932_213365.webp"},{"id":"5941477","shop_id":"41917","user_id":"75543","shop_name":"AnaRita","shop_zip":"1013","product_code":"5633899","product_name_old":null,"product_name":"Keresztel\u0151 aj\u00e1nd\u00e9k \u00f6ttizedes r\u00f3zsaf\u00fcz\u00e9r d\u00edszdobozban k\u00eds\u00e9r\u0151 sz\u00f6veggel fi\u00fa gyermeknek","category_string":"Baba - mama, Keresztel\u0151aj\u00e1nd\u00e9kok, Keresztel\u0151 kell\u00e9kek","technic_string":"\u00c9kszerk\u00e9sz\u00edt\u00e9s","category_1":"1495","category_2":"1745","category_3":"1735","category_4":"0","merged_category_1":null,"merged_category_2":null,"merged_category_3":null,"technic_1":"477","technic_2":"0","technic_3":"0","color_1":"518","color_2":"521","color_3":"0","product_description_old":null,"product_description":"\u00d6ttizedes \"val\u00f3di\" r\u00f3zsaf\u00fcz\u00e9r, sz\u00edv form\u00e1j\u00fa f\u00e9nyesen sz\u00ednj\u00e1tsz\u00f3s akril gy\u00f6ngy\u00f6kb\u0151l k\u00e9sz\u00fclt.\nD\u00edszdobozban adjuk kedves k\u00eds\u00e9r\u0151 \u00fczenettel. K\u00e9r\u00e9sre a sz\u00f6vegen tudunk m\u00f3dos\u00edtani. A megjegyz\u00e9sben k\u00e9rj\u00fck felt\u00fcntetni a m\u00f3dos\u00edtott k\u00e9rt sz\u00f6veget. A doboz a k\u00e9szlet f\u00fcggv\u00e9ny\u00e9ben minim\u00e1lisan elt\u00e9rhet. \nHa b\u00e1rmilyen elk\u00e9pzel\u00e9sed van, pl. egy\u00e9b sz\u00ednb\u0151l, gy\u00f6ngy\u00f6kb\u0151l, \u00e1sv\u00e1nyb\u00f3l, vedd fel vel\u00fcnk a kapcsolatot \u00e9s \u00f6r\u00f6mmel elk\u00e9sz\u00edtj\u00fck.\nKeresztel\u0151vel kapcsolatos tov\u00e1bbi term\u00e9keinket az al\u00e1bbi linken tal\u00e1lod:\nhttps:\/\/www.meska.hu\/shop\/AnaRita?s=77510\nAz \u00f6sszes r\u00f3zsaf\u00fcz\u00e9r\u00fcnket ezen a linken tal\u00e1lod:\nhttps:\/\/www.meska.hu\/shop\/AnaRita?s=75464\nK\u00e9sz term\u00e9k eset\u00e9n Foxpost sz\u00e1ll\u00edt\u00e1ssal legk\u00e9s\u0151bb m\u00e1snap feladjuk a term\u00e9ket!\nK\u00f6sz\u00f6nj\u00fck, hogy ben\u00e9zt\u00e9l! :)\nAna \u00e9s Rita (AnaRita \u00c9kszerek)","price":"6890.00","unit":"db","recommended":"0","status":"1","sponsored":"0","exp_notify":"0","own_material":"0","own_material_description_old":null,"own_material_description":"","jury":"0","jury_number":"","product_nature":"","meskaracsony":"0","create_date":"2026-02-08 04:44:54","shelve_id":"77510","image":"anarita_product_75543_251004164318_54965.jpeg","image_width":"480","image_height":"480","image_alt":"Keresztel\u0151 aj\u00e1nd\u00e9k \u00f6ttizedes r\u00f3zsaf\u00fcz\u00e9r d\u00edszdobozban k\u00eds\u00e9r\u0151 sz\u00f6veggel fi\u00fa gyermeknek, \u00d6ttizedes \\\"val\u00f3di\\\" r\u00f3zsaf\u00fcz\u00e9r, sz\u00edv form\u00e1j\u00fa f\u00e9nyesen sz\u00ednj\u00e1tsz\u00f3s akril gy\u00f6ngy\u00f6kb\u0151l k\u00e9sz\u00fclt.\\nD\u00edszdobo..., Meska","image_title":"Keresztel\u0151 aj\u00e1nd\u00e9k \u00f6ttizedes r\u00f3zsaf\u00fcz\u00e9r d\u00edszdobozban k\u00eds\u00e9r\u0151 sz\u00f6veggel fi\u00fa gyermeknek, Meska","view_count":"217","favourite_count":"0","trending_score":"0","last2MonthFavouriteCount":"0","promotion":"0","giftcard_accept":"0","creditcard_accept":true,"enhanced_background":"0","domain":"meska","specific_customer_id":null,"specific_customer_name":null,"to_order_product":"0","to_order_product_time":"0","product_different":null,"product_different_description":"","vintage":"0","vintage_category_id":"0","recycled":"0","gemstone_id":"0","customizable":"0","type_category":"physical","zerowaste":"0","postage_price":"2390.00","shop_order":"0","has_category":"1","landing_pages":null,"microdata":{"number":41,"category":""},"title":"Keresztel\u0151 aj\u00e1nd\u00e9k \u00f6ttizedes r\u00f3zsaf\u00fcz\u00e9r d\u00edszdobozban k\u00eds\u00e9r\u0151 sz\u00f6veggel fi\u00fa gyermeknek","description":"\u00d6ttizedes \"val\u00f3di\" r\u00f3zsaf\u00fcz\u00e9r, sz\u00edv form\u00e1j\u00fa f\u00e9nyesen sz\u00ednj\u00e1tsz\u00f3s akril gy\u00f6ngy\u00f6kb\u0151l k\u00e9sz\u00fclt.\nD\u00edszdobozban adjuk kedves k\u00eds\u00e9r\u0151 \u00fczenettel. K\u00e9r\u00e9sre a sz\u00f6vegen tudunk m\u00f3dos\u00edtani. A megjegyz\u00e9sben k\u00e9rj\u00fck felt\u00fcntetni a m\u00f3dos\u00edtott k\u00e9rt sz\u00f6veget. A doboz a k\u00e9szlet f\u00fcggv\u00e9ny\u00e9ben minim\u00e1lisan elt\u00e9rhet. \nHa b\u00e1rmilyen elk\u00e9pzel\u00e9sed van, pl. egy\u00e9b sz\u00ednb\u0151l, gy\u00f6ngy\u00f6kb\u0151l, \u00e1sv\u00e1nyb\u00f3l, vedd fel vel\u00fcnk a kapcsolatot \u00e9s \u00f6r\u00f6mmel elk\u00e9sz\u00edtj\u00fck.\nKeresztel\u0151vel kapcsolatos tov\u00e1bbi term\u00e9keinket az al\u00e1bbi linken tal\u00e1lod:\nhttps:\/\/www.meska.hu\/shop\/AnaRita?s=77510\nAz \u00f6sszes r\u00f3zsaf\u00fcz\u00e9r\u00fcnket ezen a linken tal\u00e1lod:\nhttps:\/\/www.meska.hu\/shop\/AnaRita?s=75464\nK\u00e9sz term\u00e9k eset\u00e9n Foxpost sz\u00e1ll\u00edt\u00e1ssal legk\u00e9s\u0151bb m\u00e1snap feladjuk a term\u00e9ket!\nK\u00f6sz\u00f6nj\u00fck, hogy ben\u00e9zt\u00e9l! :)\nAna \u00e9s Rita (AnaRita \u00c9kszerek)","score":126.81016,"formatted_price":"6 890 Ft","image_url":"https:\/\/www.meska.hu\/img\/product\/small\/a\/n\/anarita_product_75543_251004164318_54965.jpeg","formatted_url":"https:\/\/www.meska.hu\/p5633899-keresztelo-ajandek-ottizedes-rozsafuzer-diszdobozban-kisero-szoveggel-fiu-gyermeknek","favourite":false,"in_stock":true,"avatar":"75543_avatar_1775231969.png","delete_from":0,"is_enhanced_background":false,"is_enhanced":false,"product_selection_started":false,"is_active":true,"image_webp_url":"https:\/\/www.meska.hu\/img\/product\/small\/a\/n\/anarita_product_75543_251004164318_54965.webp"},{"id":"6004529","shop_id":"41917","user_id":"75543","shop_name":"AnaRita","shop_zip":"1013","product_code":"5677509","product_name_old":null,"product_name":"Keresztel\u0151 aj\u00e1nd\u00e9k \u00f6ttizedes r\u00f3zsaf\u00fcz\u00e9r d\u00edszdobozban k\u00eds\u00e9r\u0151 sz\u00f6veggel l\u00e1ny gyermeknek 5677509","category_string":"Baba - mama, Keresztel\u0151 kell\u00e9kek, Keresztel\u0151aj\u00e1nd\u00e9kok","technic_string":"\u00c9kszerk\u00e9sz\u00edt\u00e9s","category_1":"1735","category_2":"1745","category_3":"1495","category_4":"0","merged_category_1":null,"merged_category_2":null,"merged_category_3":null,"technic_1":"477","technic_2":"0","technic_3":"0","color_1":"518","color_2":"519","color_3":"0","product_description_old":null,"product_description":"\u00d6ttizedes \"val\u00f3di\" r\u00f3zsaf\u00fcz\u00e9r, sz\u00edv form\u00e1j\u00fa h\u00f3feh\u00e9r matt gy\u00f6ngyh\u00e1z gy\u00f6ngy\u00f6kb\u0151l k\u00e9sz\u00fclt.\nD\u00edszdobozban adjuk organza tasakban kedves k\u00eds\u00e9r\u0151 \u00fczenettel. K\u00e9r\u00e9sre a sz\u00f6vegen tudunk m\u00f3dos\u00edtani. A megjegyz\u00e9sben k\u00e9rj\u00fck felt\u00fcntetni a m\u00f3dos\u00edtott k\u00e9rt sz\u00f6veget. A doboz a k\u00e9szlet f\u00fcggv\u00e9ny\u00e9ben minim\u00e1lisan elt\u00e9rhet.\nHa b\u00e1rmilyen elk\u00e9pzel\u00e9sed van, pl. egy\u00e9b sz\u00ednb\u0151l, gy\u00f6ngy\u00f6kb\u0151l, \u00e1sv\u00e1nyb\u00f3l, vedd fel vel\u00fcnk a kapcsolatot \u00e9s \u00f6r\u00f6mmel elk\u00e9sz\u00edtj\u00fck.\nKeresztel\u0151vel kapcsolatos tov\u00e1bbi term\u00e9keinket az al\u00e1bbi linken tal\u00e1lod:\nhttps:\/\/www.meska.hu\/shop\/AnaRita?s=77510\nAz \u00f6sszes r\u00f3zsaf\u00fcz\u00e9r\u00fcnket ezen a linken tal\u00e1lod:\nhttps:\/\/www.meska.hu\/shop\/AnaRita?s=75464\nK\u00e9sz term\u00e9k eset\u00e9n Foxpost sz\u00e1ll\u00edt\u00e1ssal legk\u00e9s\u0151bb m\u00e1snap feladjuk a term\u00e9ket!\nK\u00f6sz\u00f6nj\u00fck, hogy ben\u00e9zt\u00e9l! :)\nAna \u00e9s Rita (AnaRita \u00c9kszerek)","price":"6790.00","unit":"db","recommended":"0","status":"1","sponsored":"0","exp_notify":"0","own_material":"0","own_material_description_old":null,"own_material_description":"","jury":"0","jury_number":"","product_nature":"","meskaracsony":"0","create_date":"2026-02-08 04:39:34","shelve_id":"77510","image":"anarita_product_75543_251117231528_96552.jpeg","image_width":"480","image_height":"480","image_alt":"Keresztel\u0151 aj\u00e1nd\u00e9k \u00f6ttizedes r\u00f3zsaf\u00fcz\u00e9r d\u00edszdobozban k\u00eds\u00e9r\u0151 sz\u00f6veggel l\u00e1ny gyermeknek 5677509, \u00d6ttizedes \\\"val\u00f3di\\\" r\u00f3zsaf\u00fcz\u00e9r, sz\u00edv form\u00e1j\u00fa h\u00f3feh\u00e9r matt gy\u00f6ngyh\u00e1z gy\u00f6ngy\u00f6kb\u0151l k\u00e9sz\u00fclt.\\nD\u00edszdobozban..., Meska","image_title":"Keresztel\u0151 aj\u00e1nd\u00e9k \u00f6ttizedes r\u00f3zsaf\u00fcz\u00e9r d\u00edszdobozban k\u00eds\u00e9r\u0151 sz\u00f6veggel l\u00e1ny gyermeknek 5677509, Meska","view_count":"121","favourite_count":"0","trending_score":"0","last2MonthFavouriteCount":"0","promotion":"0","giftcard_accept":"0","creditcard_accept":true,"enhanced_background":"0","domain":"meska","specific_customer_id":null,"specific_customer_name":null,"to_order_product":"0","to_order_product_time":"0","product_different":null,"product_different_description":"","vintage":"0","vintage_category_id":"0","recycled":"0","gemstone_id":"0","customizable":"0","type_category":"physical","zerowaste":"0","postage_price":"2390.00","shop_order":"0","has_category":"1","landing_pages":null,"microdata":{"number":42,"category":""},"title":"Keresztel\u0151 aj\u00e1nd\u00e9k \u00f6ttizedes r\u00f3zsaf\u00fcz\u00e9r d\u00edszdobozban k\u00eds\u00e9r\u0151 sz\u00f6veggel l\u00e1ny gyermeknek 5677509","description":"\u00d6ttizedes \"val\u00f3di\" r\u00f3zsaf\u00fcz\u00e9r, sz\u00edv form\u00e1j\u00fa h\u00f3feh\u00e9r matt gy\u00f6ngyh\u00e1z gy\u00f6ngy\u00f6kb\u0151l k\u00e9sz\u00fclt.\nD\u00edszdobozban adjuk organza tasakban kedves k\u00eds\u00e9r\u0151 \u00fczenettel. K\u00e9r\u00e9sre a sz\u00f6vegen tudunk m\u00f3dos\u00edtani. A megjegyz\u00e9sben k\u00e9rj\u00fck felt\u00fcntetni a m\u00f3dos\u00edtott k\u00e9rt sz\u00f6veget. A doboz a k\u00e9szlet f\u00fcggv\u00e9ny\u00e9ben minim\u00e1lisan elt\u00e9rhet.\nHa b\u00e1rmilyen elk\u00e9pzel\u00e9sed van, pl. egy\u00e9b sz\u00ednb\u0151l, gy\u00f6ngy\u00f6kb\u0151l, \u00e1sv\u00e1nyb\u00f3l, vedd fel vel\u00fcnk a kapcsolatot \u00e9s \u00f6r\u00f6mmel elk\u00e9sz\u00edtj\u00fck.\nKeresztel\u0151vel kapcsolatos tov\u00e1bbi term\u00e9keinket az al\u00e1bbi linken tal\u00e1lod:\nhttps:\/\/www.meska.hu\/shop\/AnaRita?s=77510\nAz \u00f6sszes r\u00f3zsaf\u00fcz\u00e9r\u00fcnket ezen a linken tal\u00e1lod:\nhttps:\/\/www.meska.hu\/shop\/AnaRita?s=75464\nK\u00e9sz term\u00e9k eset\u00e9n Foxpost sz\u00e1ll\u00edt\u00e1ssal legk\u00e9s\u0151bb m\u00e1snap feladjuk a term\u00e9ket!\nK\u00f6sz\u00f6nj\u00fck, hogy ben\u00e9zt\u00e9l! :)\nAna \u00e9s Rita (AnaRita \u00c9kszerek)","score":126.81016,"formatted_price":"6 790 Ft","image_url":"https:\/\/www.meska.hu\/img\/product\/small\/a\/n\/anarita_product_75543_251117231528_96552.jpeg","formatted_url":"https:\/\/www.meska.hu\/p5677509-keresztelo-ajandek-ottizedes-rozsafuzer-diszdobozban-kisero-szoveggel-lany-gyermeknek","favourite":false,"in_stock":true,"avatar":"75543_avatar_1775231969.png","delete_from":0,"is_enhanced_background":false,"is_enhanced":false,"product_selection_started":false,"is_active":true,"image_webp_url":"https:\/\/www.meska.hu\/img\/product\/small\/a\/n\/anarita_product_75543_251117231528_96552.webp"},{"id":"5941458","shop_id":"41917","user_id":"75543","shop_name":"AnaRita","shop_zip":"1013","product_code":"5633882","product_name_old":null,"product_name":"Keresztel\u0151 aj\u00e1nd\u00e9k \u00f6ttizedes r\u00f3zsaf\u00fcz\u00e9r d\u00edszdobozban k\u00eds\u00e9r\u0151 sz\u00f6veggel fi\u00fa gyermeknek 5633882","category_string":"Baba - mama, Keresztel\u0151 kell\u00e9kek, Keresztel\u0151aj\u00e1nd\u00e9kok","technic_string":"\u00c9kszerk\u00e9sz\u00edt\u00e9s","category_1":"1735","category_2":"1745","category_3":"1495","category_4":"0","merged_category_1":null,"merged_category_2":null,"merged_category_3":null,"technic_1":"477","technic_2":"0","technic_3":"0","color_1":"518","color_2":"521","color_3":"0","product_description_old":null,"product_description":"\u00d6ttizedes \"val\u00f3di\" r\u00f3zsaf\u00fcz\u00e9r, sz\u00edv form\u00e1j\u00fa k\u00e9k sz\u00ednesen f\u00e9nyl\u0151 gy\u00f6ngy\u00f6kb\u0151l k\u00e9sz\u00fclt.\nD\u00edszdobozban adjuk organza tasakban kedves k\u00eds\u00e9r\u0151 \u00fczenettel. K\u00e9r\u00e9sre a sz\u00f6vegen tudunk m\u00f3dos\u00edtani. A megjegyz\u00e9sben k\u00e9rj\u00fck felt\u00fcntetni a m\u00f3dos\u00edtott k\u00e9rt sz\u00f6veget. A doboz a k\u00e9szlet f\u00fcggv\u00e9ny\u00e9ben minim\u00e1lisan elt\u00e9rhet.\nHa b\u00e1rmilyen elk\u00e9pzel\u00e9sed van, pl. egy\u00e9b sz\u00ednb\u0151l, gy\u00f6ngy\u00f6kb\u0151l, \u00e1sv\u00e1nyb\u00f3l, vedd fel vel\u00fcnk a kapcsolatot \u00e9s \u00f6r\u00f6mmel elk\u00e9sz\u00edtj\u00fck.\nKeresztel\u0151vel kapcsolatos tov\u00e1bbi term\u00e9keinket az al\u00e1bbi linken tal\u00e1lod:\nhttps:\/\/www.meska.hu\/shop\/AnaRita?s=77510\nAz \u00f6sszes r\u00f3zsaf\u00fcz\u00e9r\u00fcnket ezen a linken tal\u00e1lod:\nhttps:\/\/www.meska.hu\/shop\/AnaRita?s=75464\nK\u00e9sz term\u00e9k eset\u00e9n Foxpost sz\u00e1ll\u00edt\u00e1ssal legk\u00e9s\u0151bb m\u00e1snap feladjuk a term\u00e9ket!\nK\u00f6sz\u00f6nj\u00fck, hogy ben\u00e9zt\u00e9l! :)\nAna \u00e9s Rita (AnaRita \u00c9kszerek)","price":"6990.00","unit":"db","recommended":"0","status":"1","sponsored":"0","exp_notify":"0","own_material":"0","own_material_description_old":null,"own_material_description":"","jury":"0","jury_number":"","product_nature":"","meskaracsony":"0","create_date":"2026-02-08 04:41:50","shelve_id":"77510","image":"anarita_product_75543_250908010125_92953.jpeg","image_width":"480","image_height":"480","image_alt":"Keresztel\u0151 aj\u00e1nd\u00e9k \u00f6ttizedes r\u00f3zsaf\u00fcz\u00e9r d\u00edszdobozban k\u00eds\u00e9r\u0151 sz\u00f6veggel fi\u00fa gyermeknek 5633882, \u00d6ttizedes \\\"val\u00f3di\\\" r\u00f3zsaf\u00fcz\u00e9r, sz\u00edv form\u00e1j\u00fa k\u00e9k sz\u00ednesen f\u00e9nyl\u0151 gy\u00f6ngy\u00f6kb\u0151l k\u00e9sz\u00fclt.\\nD\u00edszdobozban ad..., Meska","image_title":"Keresztel\u0151 aj\u00e1nd\u00e9k \u00f6ttizedes r\u00f3zsaf\u00fcz\u00e9r d\u00edszdobozban k\u00eds\u00e9r\u0151 sz\u00f6veggel fi\u00fa gyermeknek 5633882, Meska","view_count":"188","favourite_count":"0","trending_score":"0","last2MonthFavouriteCount":"0","promotion":"0","giftcard_accept":"0","creditcard_accept":true,"enhanced_background":"0","domain":"meska","specific_customer_id":null,"specific_customer_name":null,"to_order_product":"1","to_order_product_time":"1","product_different":null,"product_different_description":"","vintage":"0","vintage_category_id":"0","recycled":"0","gemstone_id":"0","customizable":"0","type_category":"physical","zerowaste":"0","postage_price":"2390.00","shop_order":"0","has_category":"1","landing_pages":null,"microdata":{"number":43,"category":""},"title":"Keresztel\u0151 aj\u00e1nd\u00e9k \u00f6ttizedes r\u00f3zsaf\u00fcz\u00e9r d\u00edszdobozban k\u00eds\u00e9r\u0151 sz\u00f6veggel fi\u00fa gyermeknek 5633882","description":"\u00d6ttizedes \"val\u00f3di\" r\u00f3zsaf\u00fcz\u00e9r, sz\u00edv form\u00e1j\u00fa k\u00e9k sz\u00ednesen f\u00e9nyl\u0151 gy\u00f6ngy\u00f6kb\u0151l k\u00e9sz\u00fclt.\nD\u00edszdobozban adjuk organza tasakban kedves k\u00eds\u00e9r\u0151 \u00fczenettel. K\u00e9r\u00e9sre a sz\u00f6vegen tudunk m\u00f3dos\u00edtani. A megjegyz\u00e9sben k\u00e9rj\u00fck felt\u00fcntetni a m\u00f3dos\u00edtott k\u00e9rt sz\u00f6veget. A doboz a k\u00e9szlet f\u00fcggv\u00e9ny\u00e9ben minim\u00e1lisan elt\u00e9rhet.\nHa b\u00e1rmilyen elk\u00e9pzel\u00e9sed van, pl. egy\u00e9b sz\u00ednb\u0151l, gy\u00f6ngy\u00f6kb\u0151l, \u00e1sv\u00e1nyb\u00f3l, vedd fel vel\u00fcnk a kapcsolatot \u00e9s \u00f6r\u00f6mmel elk\u00e9sz\u00edtj\u00fck.\nKeresztel\u0151vel kapcsolatos tov\u00e1bbi term\u00e9keinket az al\u00e1bbi linken tal\u00e1lod:\nhttps:\/\/www.meska.hu\/shop\/AnaRita?s=77510\nAz \u00f6sszes r\u00f3zsaf\u00fcz\u00e9r\u00fcnket ezen a linken tal\u00e1lod:\nhttps:\/\/www.meska.hu\/shop\/AnaRita?s=75464\nK\u00e9sz term\u00e9k eset\u00e9n Foxpost sz\u00e1ll\u00edt\u00e1ssal legk\u00e9s\u0151bb m\u00e1snap feladjuk a term\u00e9ket!\nK\u00f6sz\u00f6nj\u00fck, hogy ben\u00e9zt\u00e9l! :)\nAna \u00e9s Rita (AnaRita \u00c9kszerek)","score":126.81016,"formatted_price":"6 990 Ft","image_url":"https:\/\/www.meska.hu\/img\/product\/small\/a\/n\/anarita_product_75543_250908010125_92953.jpeg","formatted_url":"https:\/\/www.meska.hu\/p5633882-keresztelo-ajandek-ottizedes-rozsafuzer-diszdobozban-kisero-szoveggel-fiu-gyermeknek","favourite":false,"in_stock":false,"avatar":"75543_avatar_1775231969.png","delete_from":0,"is_enhanced_background":false,"is_enhanced":false,"product_selection_started":false,"is_active":true,"image_webp_url":"https:\/\/www.meska.hu\/img\/product\/small\/a\/n\/anarita_product_75543_250908010125_92953.webp"},{"id":"6108700","shop_id":"41917","user_id":"75543","shop_name":"AnaRita","shop_zip":"1013","product_code":"5728495","product_name_old":null,"product_name":"Keresztel\u0151 aj\u00e1nd\u00e9k \u00f6ttizedes r\u00f3zsaf\u00fcz\u00e9r d\u00edszdobozban k\u00eds\u00e9r\u0151 sz\u00f6veggel l\u00e1ny gyermeknek ","category_string":"Baba - mama, Keresztel\u0151 kell\u00e9kek, Keresztel\u0151aj\u00e1nd\u00e9kok","technic_string":"\u00c9kszerk\u00e9sz\u00edt\u00e9s","category_1":"1735","category_2":"1745","category_3":"1495","category_4":"0","merged_category_1":null,"merged_category_2":null,"merged_category_3":null,"technic_1":"477","technic_2":"0","technic_3":"0","color_1":"518","color_2":"525","color_3":"0","product_description_old":null,"product_description":"\u00d6ttizedes \"val\u00f3di\" r\u00f3zsaf\u00fcz\u00e9r, sz\u00edv form\u00e1j\u00fa r\u00f3zsasz\u00edn matt gy\u00f6ngyh\u00e1z gy\u00f6ngy\u00f6kb\u0151l k\u00e9sz\u00fclt.\nD\u00edszdobozban adjuk organza tasakban kedves k\u00eds\u00e9r\u0151 \u00fczenettel. K\u00e9r\u00e9sre a sz\u00f6vegen tudunk m\u00f3dos\u00edtani. A megjegyz\u00e9sben k\u00e9rj\u00fck felt\u00fcntetni a m\u00f3dos\u00edtott k\u00e9rt sz\u00f6veget. A doboz a k\u00e9szlet f\u00fcggv\u00e9ny\u00e9ben minim\u00e1lisan elt\u00e9rhet.\nHa b\u00e1rmilyen elk\u00e9pzel\u00e9sed van, pl. egy\u00e9b sz\u00ednb\u0151l, gy\u00f6ngy\u00f6kb\u0151l, \u00e1sv\u00e1nyb\u00f3l, vedd fel vel\u00fcnk a kapcsolatot \u00e9s \u00f6r\u00f6mmel elk\u00e9sz\u00edtj\u00fck.\nKeresztel\u0151vel kapcsolatos tov\u00e1bbi term\u00e9keinket az al\u00e1bbi linken tal\u00e1lod:\nhttps:\/\/www.meska.hu\/shop\/AnaRita?s=77510\nAz \u00f6sszes r\u00f3zsaf\u00fcz\u00e9r\u00fcnket ezen a linken tal\u00e1lod:\nhttps:\/\/www.meska.hu\/shop\/AnaRita?s=75464\nK\u00e9sz term\u00e9k eset\u00e9n Foxpost sz\u00e1ll\u00edt\u00e1ssal legk\u00e9s\u0151bb m\u00e1snap feladjuk a term\u00e9ket!\nK\u00f6sz\u00f6nj\u00fck, hogy ben\u00e9zt\u00e9l! :)\nAna \u00e9s Rita (AnaRita \u00c9kszerek)","price":"6790.00","unit":"db","recommended":"0","status":"1","sponsored":"0","exp_notify":"0","own_material":"0","own_material_description_old":null,"own_material_description":"","jury":"0","jury_number":"","product_nature":"","meskaracsony":"0","create_date":"2026-02-07 23:13:46","shelve_id":"77510","image":"anarita_product_75543_250716152022_75855.jpeg","image_width":"480","image_height":"480","image_alt":"Keresztel\u0151 aj\u00e1nd\u00e9k \u00f6ttizedes r\u00f3zsaf\u00fcz\u00e9r d\u00edszdobozban k\u00eds\u00e9r\u0151 sz\u00f6veggel l\u00e1ny gyermeknek , \u00d6ttizedes \\\"val\u00f3di\\\" r\u00f3zsaf\u00fcz\u00e9r, sz\u00edv form\u00e1j\u00fa r\u00f3zsasz\u00edn matt gy\u00f6ngyh\u00e1z gy\u00f6ngy\u00f6kb\u0151l k\u00e9sz\u00fclt.\\nD\u00edszdobozb..., Meska","image_title":"Keresztel\u0151 aj\u00e1nd\u00e9k \u00f6ttizedes r\u00f3zsaf\u00fcz\u00e9r d\u00edszdobozban k\u00eds\u00e9r\u0151 sz\u00f6veggel l\u00e1ny gyermeknek , Meska","view_count":"111","favourite_count":"14","trending_score":"0","last2MonthFavouriteCount":"10","promotion":"0","giftcard_accept":"0","creditcard_accept":true,"enhanced_background":"0","domain":"meska","specific_customer_id":null,"specific_customer_name":null,"to_order_product":"1","to_order_product_time":"2","product_different":null,"product_different_description":"","vintage":"0","vintage_category_id":"0","recycled":"0","gemstone_id":"0","customizable":"0","type_category":"physical","zerowaste":"0","postage_price":"2390.00","shop_order":"0","has_category":"1","landing_pages":null,"microdata":{"number":44,"category":""},"title":"Keresztel\u0151 aj\u00e1nd\u00e9k \u00f6ttizedes r\u00f3zsaf\u00fcz\u00e9r d\u00edszdobozban k\u00eds\u00e9r\u0151 sz\u00f6veggel l\u00e1ny gyermeknek ","description":"\u00d6ttizedes \"val\u00f3di\" r\u00f3zsaf\u00fcz\u00e9r, sz\u00edv form\u00e1j\u00fa r\u00f3zsasz\u00edn matt gy\u00f6ngyh\u00e1z gy\u00f6ngy\u00f6kb\u0151l k\u00e9sz\u00fclt.\nD\u00edszdobozban adjuk organza tasakban kedves k\u00eds\u00e9r\u0151 \u00fczenettel. K\u00e9r\u00e9sre a sz\u00f6vegen tudunk m\u00f3dos\u00edtani. A megjegyz\u00e9sben k\u00e9rj\u00fck felt\u00fcntetni a m\u00f3dos\u00edtott k\u00e9rt sz\u00f6veget. A doboz a k\u00e9szlet f\u00fcggv\u00e9ny\u00e9ben minim\u00e1lisan elt\u00e9rhet.\nHa b\u00e1rmilyen elk\u00e9pzel\u00e9sed van, pl. egy\u00e9b sz\u00ednb\u0151l, gy\u00f6ngy\u00f6kb\u0151l, \u00e1sv\u00e1nyb\u00f3l, vedd fel vel\u00fcnk a kapcsolatot \u00e9s \u00f6r\u00f6mmel elk\u00e9sz\u00edtj\u00fck.\nKeresztel\u0151vel kapcsolatos tov\u00e1bbi term\u00e9keinket az al\u00e1bbi linken tal\u00e1lod:\nhttps:\/\/www.meska.hu\/shop\/AnaRita?s=77510\nAz \u00f6sszes r\u00f3zsaf\u00fcz\u00e9r\u00fcnket ezen a linken tal\u00e1lod:\nhttps:\/\/www.meska.hu\/shop\/AnaRita?s=75464\nK\u00e9sz term\u00e9k eset\u00e9n Foxpost sz\u00e1ll\u00edt\u00e1ssal legk\u00e9s\u0151bb m\u00e1snap feladjuk a term\u00e9ket!\nK\u00f6sz\u00f6nj\u00fck, hogy ben\u00e9zt\u00e9l! :)\nAna \u00e9s Rita (AnaRita \u00c9kszerek)","score":126.81016,"formatted_price":"6 790 Ft","image_url":"https:\/\/www.meska.hu\/img\/product\/small\/a\/n\/anarita_product_75543_250716152022_75855.jpeg","formatted_url":"https:\/\/www.meska.hu\/p5728495-keresztelo-ajandek-ottizedes-rozsafuzer-diszdobozban-kisero-szoveggel-lany-gyermeknek","favourite":false,"in_stock":false,"avatar":"75543_avatar_1775231969.png","delete_from":0,"is_enhanced_background":false,"is_enhanced":false,"product_selection_started":false,"is_active":true,"image_webp_url":"https:\/\/www.meska.hu\/img\/product\/small\/a\/n\/anarita_product_75543_250716152022_75855.webp"},{"id":"6106456","shop_id":"41917","user_id":"75543","shop_name":"AnaRita","shop_zip":"1013","product_code":"5726792","product_name_old":null,"product_name":"Keresztel\u0151 aj\u00e1nd\u00e9k \u00f6ttizedes r\u00f3zsaf\u00fcz\u00e9r d\u00edszdobozban k\u00eds\u00e9r\u0151 sz\u00f6veggel l\u00e1ny gyermeknek","category_string":"Baba - mama, Keresztel\u0151 kell\u00e9kek, Keresztel\u0151aj\u00e1nd\u00e9kok","technic_string":"\u00c9kszerk\u00e9sz\u00edt\u00e9s","category_1":"1735","category_2":"1745","category_3":"1495","category_4":"0","merged_category_1":null,"merged_category_2":null,"merged_category_3":null,"technic_1":"477","technic_2":"0","technic_3":"0","color_1":"518","color_2":"525","color_3":"0","product_description_old":null,"product_description":"\u00d6ttizedes \"val\u00f3di\" r\u00f3zsaf\u00fcz\u00e9r, sz\u00edv form\u00e1j\u00fa f\u00e9nyesen sz\u00ednj\u00e1tsz\u00f3s akril gy\u00f6ngy\u00f6kb\u0151l k\u00e9sz\u00fclt.\nD\u00edszdobozban adjuk kedves k\u00eds\u00e9r\u0151 \u00fczenettel. K\u00e9r\u00e9sre a sz\u00f6vegen tudunk m\u00f3dos\u00edtani. A megjegyz\u00e9sben k\u00e9rj\u00fck felt\u00fcntetni a m\u00f3dos\u00edtott k\u00e9rt sz\u00f6veget. A doboz a k\u00e9szlet f\u00fcggv\u00e9ny\u00e9ben minim\u00e1lisan elt\u00e9rhet. \nHa b\u00e1rmilyen elk\u00e9pzel\u00e9sed van, pl. egy\u00e9b sz\u00ednb\u0151l, gy\u00f6ngy\u00f6kb\u0151l, \u00e1sv\u00e1nyb\u00f3l, vedd fel vel\u00fcnk a kapcsolatot \u00e9s \u00f6r\u00f6mmel elk\u00e9sz\u00edtj\u00fck.\nKeresztel\u0151vel kapcsolatos tov\u00e1bbi term\u00e9keinket az al\u00e1bbi linken tal\u00e1lod:\nhttps:\/\/www.meska.hu\/shop\/AnaRita?s=77510\nAz \u00f6sszes r\u00f3zsaf\u00fcz\u00e9r\u00fcnket ezen a linken tal\u00e1lod:\nhttps:\/\/www.meska.hu\/shop\/AnaRita?s=75464\nK\u00e9sz term\u00e9k eset\u00e9n Foxpost sz\u00e1ll\u00edt\u00e1ssal legk\u00e9s\u0151bb m\u00e1snap feladjuk a term\u00e9ket!\nK\u00f6sz\u00f6nj\u00fck, hogy ben\u00e9zt\u00e9l! :)\nAna \u00e9s Rita (AnaRita \u00c9kszerek)","price":"6690.00","unit":"db","recommended":"0","status":"1","sponsored":"0","exp_notify":"0","own_material":"0","own_material_description_old":null,"own_material_description":"","jury":"0","jury_number":"","product_nature":"","meskaracsony":"0","create_date":"2026-04-06 11:07:15","shelve_id":"77510","image":"anarita_product_75543_241011204139_190622.jpeg","image_width":"480","image_height":"480","image_alt":"Keresztel\u0151 aj\u00e1nd\u00e9k \u00f6ttizedes r\u00f3zsaf\u00fcz\u00e9r d\u00edszdobozban k\u00eds\u00e9r\u0151 sz\u00f6veggel l\u00e1ny gyermeknek, \u00d6ttizedes \\\"val\u00f3di\\\" r\u00f3zsaf\u00fcz\u00e9r, sz\u00edv form\u00e1j\u00fa f\u00e9nyesen sz\u00ednj\u00e1tsz\u00f3s akril gy\u00f6ngy\u00f6kb\u0151l k\u00e9sz\u00fclt.\\nD\u00edszdobo..., Meska","image_title":"Keresztel\u0151 aj\u00e1nd\u00e9k \u00f6ttizedes r\u00f3zsaf\u00fcz\u00e9r d\u00edszdobozban k\u00eds\u00e9r\u0151 sz\u00f6veggel l\u00e1ny gyermeknek, Meska","view_count":"263","favourite_count":"14","trending_score":"0","last2MonthFavouriteCount":"13","promotion":"0","giftcard_accept":"0","creditcard_accept":true,"enhanced_background":"0","domain":"meska","specific_customer_id":null,"specific_customer_name":null,"to_order_product":"1","to_order_product_time":"2","product_different":null,"product_different_description":"","vintage":"0","vintage_category_id":"0","recycled":"0","gemstone_id":"0","customizable":"0","type_category":"physical","zerowaste":"0","postage_price":"2390.00","shop_order":"0","has_category":"1","landing_pages":null,"microdata":{"number":45,"category":""},"title":"Keresztel\u0151 aj\u00e1nd\u00e9k \u00f6ttizedes r\u00f3zsaf\u00fcz\u00e9r d\u00edszdobozban k\u00eds\u00e9r\u0151 sz\u00f6veggel l\u00e1ny gyermeknek","description":"\u00d6ttizedes \"val\u00f3di\" r\u00f3zsaf\u00fcz\u00e9r, sz\u00edv form\u00e1j\u00fa f\u00e9nyesen sz\u00ednj\u00e1tsz\u00f3s akril gy\u00f6ngy\u00f6kb\u0151l k\u00e9sz\u00fclt.\nD\u00edszdobozban adjuk kedves k\u00eds\u00e9r\u0151 \u00fczenettel. K\u00e9r\u00e9sre a sz\u00f6vegen tudunk m\u00f3dos\u00edtani. A megjegyz\u00e9sben k\u00e9rj\u00fck felt\u00fcntetni a m\u00f3dos\u00edtott k\u00e9rt sz\u00f6veget. A doboz a k\u00e9szlet f\u00fcggv\u00e9ny\u00e9ben minim\u00e1lisan elt\u00e9rhet. \nHa b\u00e1rmilyen elk\u00e9pzel\u00e9sed van, pl. egy\u00e9b sz\u00ednb\u0151l, gy\u00f6ngy\u00f6kb\u0151l, \u00e1sv\u00e1nyb\u00f3l, vedd fel vel\u00fcnk a kapcsolatot \u00e9s \u00f6r\u00f6mmel elk\u00e9sz\u00edtj\u00fck.\nKeresztel\u0151vel kapcsolatos tov\u00e1bbi term\u00e9keinket az al\u00e1bbi linken tal\u00e1lod:\nhttps:\/\/www.meska.hu\/shop\/AnaRita?s=77510\nAz \u00f6sszes r\u00f3zsaf\u00fcz\u00e9r\u00fcnket ezen a linken tal\u00e1lod:\nhttps:\/\/www.meska.hu\/shop\/AnaRita?s=75464\nK\u00e9sz term\u00e9k eset\u00e9n Foxpost sz\u00e1ll\u00edt\u00e1ssal legk\u00e9s\u0151bb m\u00e1snap feladjuk a term\u00e9ket!\nK\u00f6sz\u00f6nj\u00fck, hogy ben\u00e9zt\u00e9l! :)\nAna \u00e9s Rita (AnaRita \u00c9kszerek)","score":126.81016,"formatted_price":"6 690 Ft","image_url":"https:\/\/www.meska.hu\/img\/product\/small\/a\/n\/anarita_product_75543_241011204139_190622.jpeg","formatted_url":"https:\/\/www.meska.hu\/p5726792-keresztelo-ajandek-ottizedes-rozsafuzer-diszdobozban-kisero-szoveggel-lany-gyermeknek","favourite":false,"in_stock":false,"avatar":"75543_avatar_1775231969.png","delete_from":0,"is_enhanced_background":false,"is_enhanced":false,"product_selection_started":false,"is_active":true,"image_webp_url":"https:\/\/www.meska.hu\/img\/product\/small\/a\/n\/anarita_product_75543_241011204139_190622.webp"},{"id":"5939186","shop_id":"41917","user_id":"75543","shop_name":"AnaRita","shop_zip":"1013","product_code":"5632045","product_name_old":null,"product_name":"Keresztel\u0151 aj\u00e1nd\u00e9k \u00f6ttizedes r\u00f3zsaf\u00fcz\u00e9r d\u00edszdobozban k\u00eds\u00e9r\u0151 sz\u00f6veggel fi\u00fa gyermeknek 5632045","category_string":"Baba - mama, Keresztel\u0151 kell\u00e9kek, Keresztel\u0151aj\u00e1nd\u00e9kok","technic_string":"\u00c9kszerk\u00e9sz\u00edt\u00e9s","category_1":"1735","category_2":"1745","category_3":"1495","category_4":"0","merged_category_1":null,"merged_category_2":null,"merged_category_3":null,"technic_1":"477","technic_2":"0","technic_3":"0","color_1":"518","color_2":"521","color_3":"0","product_description_old":null,"product_description":"\u00d6ttizedes \"val\u00f3di\" r\u00f3zsaf\u00fcz\u00e9r, sz\u00edv form\u00e1j\u00fa k\u00e9k sz\u00ednesen f\u00e9nyl\u0151 gy\u00f6ngy\u00f6kb\u0151l k\u00e9sz\u00fclt.\nD\u00edszdobozban adjuk organza tasakban kedves k\u00eds\u00e9r\u0151 \u00fczenettel. K\u00e9r\u00e9sre a sz\u00f6vegen tudunk m\u00f3dos\u00edtani. A megjegyz\u00e9sben k\u00e9rj\u00fck felt\u00fcntetni a m\u00f3dos\u00edtott k\u00e9rt sz\u00f6veget. A doboz a k\u00e9szlet f\u00fcggv\u00e9ny\u00e9ben minim\u00e1lisan elt\u00e9rhet.\nHa b\u00e1rmilyen elk\u00e9pzel\u00e9sed van, pl. egy\u00e9b sz\u00ednb\u0151l, gy\u00f6ngy\u00f6kb\u0151l, \u00e1sv\u00e1nyb\u00f3l, vedd fel vel\u00fcnk a kapcsolatot \u00e9s \u00f6r\u00f6mmel elk\u00e9sz\u00edtj\u00fck.\nKeresztel\u0151vel kapcsolatos tov\u00e1bbi term\u00e9keinket az al\u00e1bbi linken tal\u00e1lod:\nhttps:\/\/www.meska.hu\/shop\/AnaRita?s=77510\nAz \u00f6sszes r\u00f3zsaf\u00fcz\u00e9r\u00fcnket ezen a linken tal\u00e1lod:\nhttps:\/\/www.meska.hu\/shop\/AnaRita?s=75464\nK\u00e9sz term\u00e9k eset\u00e9n Foxpost sz\u00e1ll\u00edt\u00e1ssal legk\u00e9s\u0151bb m\u00e1snap feladjuk a term\u00e9ket!\nK\u00f6sz\u00f6nj\u00fck, hogy ben\u00e9zt\u00e9l! :)\nAna \u00e9s Rita (AnaRita \u00c9kszerek)","price":"6990.00","unit":"db","recommended":"0","status":"1","sponsored":"0","exp_notify":"0","own_material":"0","own_material_description_old":null,"own_material_description":"","jury":"0","jury_number":"","product_nature":"","meskaracsony":"0","create_date":"2026-02-08 04:41:44","shelve_id":"77510","image":"anarita_product_75543_251003185438_858256.jpeg","image_width":"480","image_height":"480","image_alt":"Keresztel\u0151 aj\u00e1nd\u00e9k \u00f6ttizedes r\u00f3zsaf\u00fcz\u00e9r d\u00edszdobozban k\u00eds\u00e9r\u0151 sz\u00f6veggel fi\u00fa gyermeknek 5632045, \u00d6ttizedes \\\"val\u00f3di\\\" r\u00f3zsaf\u00fcz\u00e9r, sz\u00edv form\u00e1j\u00fa k\u00e9k sz\u00ednesen f\u00e9nyl\u0151 gy\u00f6ngy\u00f6kb\u0151l k\u00e9sz\u00fclt.\\nD\u00edszdobozban ad..., Meska","image_title":"Keresztel\u0151 aj\u00e1nd\u00e9k \u00f6ttizedes r\u00f3zsaf\u00fcz\u00e9r d\u00edszdobozban k\u00eds\u00e9r\u0151 sz\u00f6veggel fi\u00fa gyermeknek 5632045, Meska","view_count":"159","favourite_count":"1","trending_score":"0","last2MonthFavouriteCount":"1","promotion":"0","giftcard_accept":"0","creditcard_accept":true,"enhanced_background":"0","domain":"meska","specific_customer_id":null,"specific_customer_name":null,"to_order_product":"0","to_order_product_time":"0","product_different":null,"product_different_description":"","vintage":"0","vintage_category_id":"0","recycled":"0","gemstone_id":"0","customizable":"0","type_category":"physical","zerowaste":"0","postage_price":"2390.00","shop_order":"0","has_category":"1","landing_pages":null,"microdata":{"number":46,"category":""},"title":"Keresztel\u0151 aj\u00e1nd\u00e9k \u00f6ttizedes r\u00f3zsaf\u00fcz\u00e9r d\u00edszdobozban k\u00eds\u00e9r\u0151 sz\u00f6veggel fi\u00fa gyermeknek 5632045","description":"\u00d6ttizedes \"val\u00f3di\" r\u00f3zsaf\u00fcz\u00e9r, sz\u00edv form\u00e1j\u00fa k\u00e9k sz\u00ednesen f\u00e9nyl\u0151 gy\u00f6ngy\u00f6kb\u0151l k\u00e9sz\u00fclt.\nD\u00edszdobozban adjuk organza tasakban kedves k\u00eds\u00e9r\u0151 \u00fczenettel. K\u00e9r\u00e9sre a sz\u00f6vegen tudunk m\u00f3dos\u00edtani. A megjegyz\u00e9sben k\u00e9rj\u00fck felt\u00fcntetni a m\u00f3dos\u00edtott k\u00e9rt sz\u00f6veget. A doboz a k\u00e9szlet f\u00fcggv\u00e9ny\u00e9ben minim\u00e1lisan elt\u00e9rhet.\nHa b\u00e1rmilyen elk\u00e9pzel\u00e9sed van, pl. egy\u00e9b sz\u00ednb\u0151l, gy\u00f6ngy\u00f6kb\u0151l, \u00e1sv\u00e1nyb\u00f3l, vedd fel vel\u00fcnk a kapcsolatot \u00e9s \u00f6r\u00f6mmel elk\u00e9sz\u00edtj\u00fck.\nKeresztel\u0151vel kapcsolatos tov\u00e1bbi term\u00e9keinket az al\u00e1bbi linken tal\u00e1lod:\nhttps:\/\/www.meska.hu\/shop\/AnaRita?s=77510\nAz \u00f6sszes r\u00f3zsaf\u00fcz\u00e9r\u00fcnket ezen a linken tal\u00e1lod:\nhttps:\/\/www.meska.hu\/shop\/AnaRita?s=75464\nK\u00e9sz term\u00e9k eset\u00e9n Foxpost sz\u00e1ll\u00edt\u00e1ssal legk\u00e9s\u0151bb m\u00e1snap feladjuk a term\u00e9ket!\nK\u00f6sz\u00f6nj\u00fck, hogy ben\u00e9zt\u00e9l! :)\nAna \u00e9s Rita (AnaRita \u00c9kszerek)","score":126.81016,"formatted_price":"6 990 Ft","image_url":"https:\/\/www.meska.hu\/img\/product\/small\/a\/n\/anarita_product_75543_251003185438_858256.jpeg","formatted_url":"https:\/\/www.meska.hu\/p5632045-keresztelo-ajandek-ottizedes-rozsafuzer-diszdobozban-kisero-szoveggel-fiu-gyermeknek","favourite":false,"in_stock":true,"avatar":"75543_avatar_1775231969.png","delete_from":0,"is_enhanced_background":false,"is_enhanced":false,"product_selection_started":false,"is_active":true,"image_webp_url":"https:\/\/www.meska.hu\/img\/product\/small\/a\/n\/anarita_product_75543_251003185438_858256.webp"},{"id":"5942651","shop_id":"41917","user_id":"75543","shop_name":"AnaRita","shop_zip":"1013","product_code":"5634984","product_name_old":null,"product_name":"Keresztel\u0151 aj\u00e1nd\u00e9k \u00f6ttizedes r\u00f3zsaf\u00fcz\u00e9r d\u00edszdobozban k\u00eds\u00e9r\u0151 sz\u00f6veggel l\u00e1ny gyermeknek 5634984","category_string":"Baba - mama, Keresztel\u0151 kell\u00e9kek, Keresztel\u0151aj\u00e1nd\u00e9kok","technic_string":"\u00c9kszerk\u00e9sz\u00edt\u00e9s, Gy\u00f6ngyf\u0171z\u00e9s, gy\u00f6ngyh\u00edmz\u00e9s","category_1":"1735","category_2":"1745","category_3":"1495","category_4":"0","merged_category_1":null,"merged_category_2":null,"merged_category_3":null,"technic_1":"477","technic_2":"485","technic_3":"0","color_1":"518","color_2":"519","color_3":"532","product_description_old":null,"product_description":"\u00d6ttizedes \"val\u00f3di\" r\u00f3zsaf\u00fcz\u00e9r, sz\u00edv form\u00e1j\u00fa f\u00e9nyesen sz\u00ednj\u00e1tsz\u00f3s akril gy\u00f6ngy\u00f6kb\u0151l k\u00e9sz\u00fclt.\nD\u00edszdobozban adjuk kedves k\u00eds\u00e9r\u0151 \u00fczenettel. K\u00e9r\u00e9sre a sz\u00f6vegen tudunk m\u00f3dos\u00edtani. A megjegyz\u00e9sben k\u00e9rj\u00fck felt\u00fcntetni a m\u00f3dos\u00edtott k\u00e9rt sz\u00f6veget. A doboz a k\u00e9szlet f\u00fcggv\u00e9ny\u00e9ben minim\u00e1lisan elt\u00e9rhet.\nHa b\u00e1rmilyen elk\u00e9pzel\u00e9sed van, pl. egy\u00e9b sz\u00ednb\u0151l, gy\u00f6ngy\u00f6kb\u0151l, \u00e1sv\u00e1nyb\u00f3l, vedd fel vel\u00fcnk a kapcsolatot \u00e9s \u00f6r\u00f6mmel elk\u00e9sz\u00edtj\u00fck.\nKeresztel\u0151vel kapcsolatos tov\u00e1bbi term\u00e9keinket az al\u00e1bbi linken tal\u00e1lod:\nhttps:\/\/www.meska.hu\/shop\/AnaRita?s=77510\nAz \u00f6sszes r\u00f3zsaf\u00fcz\u00e9r\u00fcnket ezen a linken tal\u00e1lod:\nhttps:\/\/www.meska.hu\/shop\/AnaRita?s=75464\nK\u00e9sz term\u00e9k eset\u00e9n Foxpost sz\u00e1ll\u00edt\u00e1ssal legk\u00e9s\u0151bb m\u00e1snap feladjuk a term\u00e9ket!\nK\u00f6sz\u00f6nj\u00fck, hogy ben\u00e9zt\u00e9l! :)\nAna \u00e9s Rita (AnaRita \u00c9kszerek)","price":"6590.00","unit":"db","recommended":"0","status":"1","sponsored":"0","exp_notify":"0","own_material":"0","own_material_description_old":null,"own_material_description":"","jury":"0","jury_number":"","product_nature":"","meskaracsony":"0","create_date":"2026-02-08 04:39:43","shelve_id":"77510","image":"anarita_product_75543_250403215543_749542.jpeg","image_width":"480","image_height":"480","image_alt":"Keresztel\u0151 aj\u00e1nd\u00e9k \u00f6ttizedes r\u00f3zsaf\u00fcz\u00e9r d\u00edszdobozban k\u00eds\u00e9r\u0151 sz\u00f6veggel l\u00e1ny gyermeknek 5634984, \u00d6ttizedes \\\"val\u00f3di\\\" r\u00f3zsaf\u00fcz\u00e9r, sz\u00edv form\u00e1j\u00fa f\u00e9nyesen sz\u00ednj\u00e1tsz\u00f3s akril gy\u00f6ngy\u00f6kb\u0151l k\u00e9sz\u00fclt.\\nD\u00edszdobo..., Meska","image_title":"Keresztel\u0151 aj\u00e1nd\u00e9k \u00f6ttizedes r\u00f3zsaf\u00fcz\u00e9r d\u00edszdobozban k\u00eds\u00e9r\u0151 sz\u00f6veggel l\u00e1ny gyermeknek 5634984, Meska","view_count":"201","favourite_count":"1","trending_score":"0","last2MonthFavouriteCount":"1","promotion":"0","giftcard_accept":"0","creditcard_accept":true,"enhanced_background":"0","domain":"meska","specific_customer_id":null,"specific_customer_name":null,"to_order_product":"1","to_order_product_time":"2","product_different":null,"product_different_description":"","vintage":"0","vintage_category_id":"0","recycled":"0","gemstone_id":"0","customizable":"0","type_category":"physical","zerowaste":"0","postage_price":"2390.00","shop_order":"0","has_category":"1","landing_pages":null,"microdata":{"number":47,"category":""},"title":"Keresztel\u0151 aj\u00e1nd\u00e9k \u00f6ttizedes r\u00f3zsaf\u00fcz\u00e9r d\u00edszdobozban k\u00eds\u00e9r\u0151 sz\u00f6veggel l\u00e1ny gyermeknek 5634984","description":"\u00d6ttizedes \"val\u00f3di\" r\u00f3zsaf\u00fcz\u00e9r, sz\u00edv form\u00e1j\u00fa f\u00e9nyesen sz\u00ednj\u00e1tsz\u00f3s akril gy\u00f6ngy\u00f6kb\u0151l k\u00e9sz\u00fclt.\nD\u00edszdobozban adjuk kedves k\u00eds\u00e9r\u0151 \u00fczenettel. K\u00e9r\u00e9sre a sz\u00f6vegen tudunk m\u00f3dos\u00edtani. A megjegyz\u00e9sben k\u00e9rj\u00fck felt\u00fcntetni a m\u00f3dos\u00edtott k\u00e9rt sz\u00f6veget. A doboz a k\u00e9szlet f\u00fcggv\u00e9ny\u00e9ben minim\u00e1lisan elt\u00e9rhet.\nHa b\u00e1rmilyen elk\u00e9pzel\u00e9sed van, pl. egy\u00e9b sz\u00ednb\u0151l, gy\u00f6ngy\u00f6kb\u0151l, \u00e1sv\u00e1nyb\u00f3l, vedd fel vel\u00fcnk a kapcsolatot \u00e9s \u00f6r\u00f6mmel elk\u00e9sz\u00edtj\u00fck.\nKeresztel\u0151vel kapcsolatos tov\u00e1bbi term\u00e9keinket az al\u00e1bbi linken tal\u00e1lod:\nhttps:\/\/www.meska.hu\/shop\/AnaRita?s=77510\nAz \u00f6sszes r\u00f3zsaf\u00fcz\u00e9r\u00fcnket ezen a linken tal\u00e1lod:\nhttps:\/\/www.meska.hu\/shop\/AnaRita?s=75464\nK\u00e9sz term\u00e9k eset\u00e9n Foxpost sz\u00e1ll\u00edt\u00e1ssal legk\u00e9s\u0151bb m\u00e1snap feladjuk a term\u00e9ket!\nK\u00f6sz\u00f6nj\u00fck, hogy ben\u00e9zt\u00e9l! :)\nAna \u00e9s Rita (AnaRita \u00c9kszerek)","score":126.81016,"formatted_price":"6 590 Ft","image_url":"https:\/\/www.meska.hu\/img\/product\/small\/a\/n\/anarita_product_75543_250403215543_749542.jpeg","formatted_url":"https:\/\/www.meska.hu\/p5634984-keresztelo-ajandek-ottizedes-rozsafuzer-diszdobozban-kisero-szoveggel-lany-gyermeknek","favourite":false,"in_stock":false,"avatar":"75543_avatar_1775231969.png","delete_from":0,"is_enhanced_background":false,"is_enhanced":false,"product_selection_started":false,"is_active":true,"image_webp_url":"https:\/\/www.meska.hu\/img\/product\/small\/a\/n\/anarita_product_75543_250403215543_749542.webp"},{"id":"5941351","shop_id":"41917","user_id":"75543","shop_name":"AnaRita","shop_zip":"1013","product_code":"5633802","product_name_old":null,"product_name":"Keresztel\u0151 aj\u00e1nd\u00e9k r\u00f3zsaf\u00fcz\u00e9r d\u00edszdobozban k\u00eds\u00e9r\u0151 sz\u00f6veggel l\u00e1ny gyermeknek 5633802","category_string":"Baba - mama, Keresztel\u0151 kell\u00e9kek, Keresztel\u0151aj\u00e1nd\u00e9kok","technic_string":"\u00c9kszerk\u00e9sz\u00edt\u00e9s, Fot\u00f3, grafika, rajz, illusztr\u00e1ci\u00f3","category_1":"1735","category_2":"1745","category_3":"1495","category_4":"0","merged_category_1":null,"merged_category_2":null,"merged_category_3":null,"technic_1":"477","technic_2":"483","technic_3":"0","color_1":"518","color_2":"525","color_3":"0","product_description_old":null,"product_description":"\u00d6ttizedes \"val\u00f3di\" r\u00f3zsaf\u00fcz\u00e9r, csiszolt r\u00f3zsasz\u00edn \u00fcvegkrist\u00e1ly gy\u00f6ngy\u00f6kb\u0151l k\u00e9sz\u00fclt.\nD\u00edszdobozban adjuk kedves k\u00eds\u00e9r\u0151 \u00fczenettel. K\u00e9r\u00e9sre a sz\u00f6vegen tudunk m\u00f3dos\u00edtani. A megjegyz\u00e9sben k\u00e9rj\u00fck felt\u00fcntetni a m\u00f3dos\u00edtott k\u00e9rt sz\u00f6veget. A doboz a k\u00e9szlet f\u00fcggv\u00e9ny\u00e9ben minim\u00e1lisan elt\u00e9rhet a k\u00e9pen l\u00e1that\u00f3t\u00f3l.\nHa b\u00e1rmilyen elk\u00e9pzel\u00e9sed van, pl. egy\u00e9b sz\u00ednb\u0151l, gy\u00f6ngy\u00f6kb\u0151l, \u00e1sv\u00e1nyb\u00f3l, vedd fel vel\u00fcnk a kapcsolatot \u00e9s \u00f6r\u00f6mmel elk\u00e9sz\u00edtj\u00fck.\nKeresztel\u0151vel kapcsolatos tov\u00e1bbi term\u00e9keinket az al\u00e1bbi linken tal\u00e1lod:\nhttps:\/\/www.meska.hu\/shop\/AnaRita?s=77510\nAz \u00f6sszes r\u00f3zsaf\u00fcz\u00e9r\u00fcnket ezen a linken tal\u00e1lod:\nhttps:\/\/www.meska.hu\/shop\/AnaRita?s=75464\nK\u00e9sz term\u00e9k eset\u00e9n Foxpost sz\u00e1ll\u00edt\u00e1ssal legk\u00e9s\u0151bb m\u00e1snap feladjuk a term\u00e9ket!\nK\u00f6sz\u00f6nj\u00fck, hogy ben\u00e9zt\u00e9l! :)\nAna \u00e9s Rita (AnaRita \u00c9kszerek)","price":"8490.00","unit":"db","recommended":"0","status":"1","sponsored":"0","exp_notify":"0","own_material":"0","own_material_description_old":null,"own_material_description":"","jury":"0","jury_number":"","product_nature":"","meskaracsony":"0","create_date":"2026-02-08 04:39:45","shelve_id":"77510","image":"anarita_product_75543_251004161508_239187.jpeg","image_width":"480","image_height":"480","image_alt":"Keresztel\u0151 aj\u00e1nd\u00e9k r\u00f3zsaf\u00fcz\u00e9r d\u00edszdobozban k\u00eds\u00e9r\u0151 sz\u00f6veggel l\u00e1ny gyermeknek 5633802, \u00d6ttizedes \\\"val\u00f3di\\\" r\u00f3zsaf\u00fcz\u00e9r, csiszolt r\u00f3zsasz\u00edn \u00fcvegkrist\u00e1ly gy\u00f6ngy\u00f6kb\u0151l k\u00e9sz\u00fclt.\\nD\u00edszdobozban adj..., Meska","image_title":"Keresztel\u0151 aj\u00e1nd\u00e9k r\u00f3zsaf\u00fcz\u00e9r d\u00edszdobozban k\u00eds\u00e9r\u0151 sz\u00f6veggel l\u00e1ny gyermeknek 5633802, Meska","view_count":"155","favourite_count":"1","trending_score":"0","last2MonthFavouriteCount":"1","promotion":"0","giftcard_accept":"0","creditcard_accept":true,"enhanced_background":"0","domain":"meska","specific_customer_id":null,"specific_customer_name":null,"to_order_product":"1","to_order_product_time":"2","product_different":null,"product_different_description":"","vintage":"0","vintage_category_id":"0","recycled":"0","gemstone_id":"0","customizable":"0","type_category":"physical","zerowaste":"0","postage_price":"2390.00","shop_order":"0","has_category":"1","landing_pages":null,"microdata":{"number":48,"category":""},"title":"Keresztel\u0151 aj\u00e1nd\u00e9k r\u00f3zsaf\u00fcz\u00e9r d\u00edszdobozban k\u00eds\u00e9r\u0151 sz\u00f6veggel l\u00e1ny gyermeknek 5633802","description":"\u00d6ttizedes \"val\u00f3di\" r\u00f3zsaf\u00fcz\u00e9r, csiszolt r\u00f3zsasz\u00edn \u00fcvegkrist\u00e1ly gy\u00f6ngy\u00f6kb\u0151l k\u00e9sz\u00fclt.\nD\u00edszdobozban adjuk kedves k\u00eds\u00e9r\u0151 \u00fczenettel. K\u00e9r\u00e9sre a sz\u00f6vegen tudunk m\u00f3dos\u00edtani. A megjegyz\u00e9sben k\u00e9rj\u00fck felt\u00fcntetni a m\u00f3dos\u00edtott k\u00e9rt sz\u00f6veget. A doboz a k\u00e9szlet f\u00fcggv\u00e9ny\u00e9ben minim\u00e1lisan elt\u00e9rhet a k\u00e9pen l\u00e1that\u00f3t\u00f3l.\nHa b\u00e1rmilyen elk\u00e9pzel\u00e9sed van, pl. egy\u00e9b sz\u00ednb\u0151l, gy\u00f6ngy\u00f6kb\u0151l, \u00e1sv\u00e1nyb\u00f3l, vedd fel vel\u00fcnk a kapcsolatot \u00e9s \u00f6r\u00f6mmel elk\u00e9sz\u00edtj\u00fck.\nKeresztel\u0151vel kapcsolatos tov\u00e1bbi term\u00e9keinket az al\u00e1bbi linken tal\u00e1lod:\nhttps:\/\/www.meska.hu\/shop\/AnaRita?s=77510\nAz \u00f6sszes r\u00f3zsaf\u00fcz\u00e9r\u00fcnket ezen a linken tal\u00e1lod:\nhttps:\/\/www.meska.hu\/shop\/AnaRita?s=75464\nK\u00e9sz term\u00e9k eset\u00e9n Foxpost sz\u00e1ll\u00edt\u00e1ssal legk\u00e9s\u0151bb m\u00e1snap feladjuk a term\u00e9ket!\nK\u00f6sz\u00f6nj\u00fck, hogy ben\u00e9zt\u00e9l! :)\nAna \u00e9s Rita (AnaRita \u00c9kszerek)","score":126.81016,"formatted_price":"8 490 Ft","image_url":"https:\/\/www.meska.hu\/img\/product\/small\/a\/n\/anarita_product_75543_251004161508_239187.jpeg","formatted_url":"https:\/\/www.meska.hu\/p5633802-keresztelo-ajandek-rozsafuzer-diszdobozban-kisero-szoveggel-lany-gyermeknek","favourite":false,"in_stock":false,"avatar":"75543_avatar_1775231969.png","delete_from":0,"is_enhanced_background":false,"is_enhanced":false,"product_selection_started":false,"is_active":true,"image_webp_url":"https:\/\/www.meska.hu\/img\/product\/small\/a\/n\/anarita_product_75543_251004161508_239187.webp"},{"id":"5941520","shop_id":"41917","user_id":"75543","shop_name":"AnaRita","shop_zip":"1013","product_code":"5633935","product_name_old":null,"product_name":"Keresztel\u0151 aj\u00e1nd\u00e9k \u00f6ttizedes r\u00f3zsaf\u00fcz\u00e9r d\u00edszdobozban k\u00eds\u00e9r\u0151 sz\u00f6veggel l\u00e1ny gyermeknek 5633935","category_string":"Baba - mama, Keresztel\u0151 kell\u00e9kek, Keresztel\u0151aj\u00e1nd\u00e9kok","technic_string":"\u00c9kszerk\u00e9sz\u00edt\u00e9s","category_1":"1735","category_2":"1745","category_3":"1495","category_4":"0","merged_category_1":null,"merged_category_2":null,"merged_category_3":null,"technic_1":"477","technic_2":"0","technic_3":"0","color_1":"518","color_2":"525","color_3":"0","product_description_old":null,"product_description":"\u00d6ttizedes \"val\u00f3di\" r\u00f3zsaf\u00fcz\u00e9r, sz\u00edv form\u00e1j\u00fa nude r\u00f3zsasz\u00edn sz\u00ednesen f\u00e9nyl\u0151 gy\u00f6ngy\u00f6kb\u0151l k\u00e9sz\u00fclt.\nD\u00edszdobozban adjuk organza tasakban kedves k\u00eds\u00e9r\u0151 \u00fczenettel. K\u00e9r\u00e9sre a sz\u00f6vegen tudunk m\u00f3dos\u00edtani. A megjegyz\u00e9sben k\u00e9rj\u00fck felt\u00fcntetni a m\u00f3dos\u00edtott k\u00e9rt sz\u00f6veget. A doboz a k\u00e9szlet f\u00fcggv\u00e9ny\u00e9ben minim\u00e1lisan elt\u00e9rhet.\nHa b\u00e1rmilyen elk\u00e9pzel\u00e9sed van, pl. egy\u00e9b sz\u00ednb\u0151l, gy\u00f6ngy\u00f6kb\u0151l, \u00e1sv\u00e1nyb\u00f3l, vedd fel vel\u00fcnk a kapcsolatot \u00e9s \u00f6r\u00f6mmel elk\u00e9sz\u00edtj\u00fck.\nKeresztel\u0151vel kapcsolatos tov\u00e1bbi term\u00e9keinket az al\u00e1bbi linken tal\u00e1lod:\nhttps:\/\/www.meska.hu\/shop\/AnaRita?s=77510\nAz \u00f6sszes r\u00f3zsaf\u00fcz\u00e9r\u00fcnket ezen a linken tal\u00e1lod:\nhttps:\/\/www.meska.hu\/shop\/AnaRita?s=75464\nK\u00e9sz term\u00e9k eset\u00e9n Foxpost sz\u00e1ll\u00edt\u00e1ssal legk\u00e9s\u0151bb m\u00e1snap feladjuk a term\u00e9ket!\nK\u00f6sz\u00f6nj\u00fck, hogy ben\u00e9zt\u00e9l! :)\nAna \u00e9s Rita (AnaRita \u00c9kszerek)","price":"6990.00","unit":"db","recommended":"0","status":"1","sponsored":"0","exp_notify":"0","own_material":"0","own_material_description_old":null,"own_material_description":"","jury":"0","jury_number":"","product_nature":"","meskaracsony":"0","create_date":"2026-02-08 04:39:39","shelve_id":"77510","image":"anarita_product_75543_251004164834_571642.jpeg","image_width":"480","image_height":"480","image_alt":"Keresztel\u0151 aj\u00e1nd\u00e9k \u00f6ttizedes r\u00f3zsaf\u00fcz\u00e9r d\u00edszdobozban k\u00eds\u00e9r\u0151 sz\u00f6veggel l\u00e1ny gyermeknek 5633935, \u00d6ttizedes \\\"val\u00f3di\\\" r\u00f3zsaf\u00fcz\u00e9r, sz\u00edv form\u00e1j\u00fa nude r\u00f3zsasz\u00edn sz\u00ednesen f\u00e9nyl\u0151 gy\u00f6ngy\u00f6kb\u0151l k\u00e9sz\u00fclt.\\nD\u00edsz..., Meska","image_title":"Keresztel\u0151 aj\u00e1nd\u00e9k \u00f6ttizedes r\u00f3zsaf\u00fcz\u00e9r d\u00edszdobozban k\u00eds\u00e9r\u0151 sz\u00f6veggel l\u00e1ny gyermeknek 5633935, Meska","view_count":"211","favourite_count":"14","trending_score":"0","last2MonthFavouriteCount":"11","promotion":"0","giftcard_accept":"0","creditcard_accept":true,"enhanced_background":"0","domain":"meska","specific_customer_id":null,"specific_customer_name":null,"to_order_product":"0","to_order_product_time":"0","product_different":null,"product_different_description":"","vintage":"0","vintage_category_id":"0","recycled":"0","gemstone_id":"0","customizable":"0","type_category":"physical","zerowaste":"0","postage_price":"2390.00","shop_order":"0","has_category":"1","landing_pages":null,"microdata":{"number":49,"category":""},"title":"Keresztel\u0151 aj\u00e1nd\u00e9k \u00f6ttizedes r\u00f3zsaf\u00fcz\u00e9r d\u00edszdobozban k\u00eds\u00e9r\u0151 sz\u00f6veggel l\u00e1ny gyermeknek 5633935","description":"\u00d6ttizedes \"val\u00f3di\" r\u00f3zsaf\u00fcz\u00e9r, sz\u00edv form\u00e1j\u00fa nude r\u00f3zsasz\u00edn sz\u00ednesen f\u00e9nyl\u0151 gy\u00f6ngy\u00f6kb\u0151l k\u00e9sz\u00fclt.\nD\u00edszdobozban adjuk organza tasakban kedves k\u00eds\u00e9r\u0151 \u00fczenettel. K\u00e9r\u00e9sre a sz\u00f6vegen tudunk m\u00f3dos\u00edtani. A megjegyz\u00e9sben k\u00e9rj\u00fck felt\u00fcntetni a m\u00f3dos\u00edtott k\u00e9rt sz\u00f6veget. A doboz a k\u00e9szlet f\u00fcggv\u00e9ny\u00e9ben minim\u00e1lisan elt\u00e9rhet.\nHa b\u00e1rmilyen elk\u00e9pzel\u00e9sed van, pl. egy\u00e9b sz\u00ednb\u0151l, gy\u00f6ngy\u00f6kb\u0151l, \u00e1sv\u00e1nyb\u00f3l, vedd fel vel\u00fcnk a kapcsolatot \u00e9s \u00f6r\u00f6mmel elk\u00e9sz\u00edtj\u00fck.\nKeresztel\u0151vel kapcsolatos tov\u00e1bbi term\u00e9keinket az al\u00e1bbi linken tal\u00e1lod:\nhttps:\/\/www.meska.hu\/shop\/AnaRita?s=77510\nAz \u00f6sszes r\u00f3zsaf\u00fcz\u00e9r\u00fcnket ezen a linken tal\u00e1lod:\nhttps:\/\/www.meska.hu\/shop\/AnaRita?s=75464\nK\u00e9sz term\u00e9k eset\u00e9n Foxpost sz\u00e1ll\u00edt\u00e1ssal legk\u00e9s\u0151bb m\u00e1snap feladjuk a term\u00e9ket!\nK\u00f6sz\u00f6nj\u00fck, hogy ben\u00e9zt\u00e9l! :)\nAna \u00e9s Rita (AnaRita \u00c9kszerek)","score":126.81016,"formatted_price":"6 990 Ft","image_url":"https:\/\/www.meska.hu\/img\/product\/small\/a\/n\/anarita_product_75543_251004164834_571642.jpeg","formatted_url":"https:\/\/www.meska.hu\/p5633935-keresztelo-ajandek-ottizedes-rozsafuzer-diszdobozban-kisero-szoveggel-lany-gyermeknek","favourite":false,"in_stock":true,"avatar":"75543_avatar_1775231969.png","delete_from":0,"is_enhanced_background":false,"is_enhanced":false,"product_selection_started":false,"is_active":true,"image_webp_url":"https:\/\/www.meska.hu\/img\/product\/small\/a\/n\/anarita_product_75543_251004164834_571642.webp"},{"id":"5941766","shop_id":"41917","user_id":"75543","shop_name":"AnaRita","shop_zip":"1013","product_code":"5634150","product_name_old":null,"product_name":"Keresztel\u0151 aj\u00e1nd\u00e9k r\u00f3zsakvarc r\u00f3zsaf\u00fcz\u00e9r Szent Rita med\u00e1llal d\u00edszdobozban k\u00eds\u00e9r\u0151 sz\u00f6veggel l\u00e1ny gyermeknek 5634150","category_string":"Baba - mama, Keresztel\u0151 kell\u00e9kek, Keresztel\u0151aj\u00e1nd\u00e9kok","technic_string":"\u00c9kszerk\u00e9sz\u00edt\u00e9s, Gy\u00f6ngyf\u0171z\u00e9s, gy\u00f6ngyh\u00edmz\u00e9s","category_1":"1735","category_2":"1745","category_3":"1495","category_4":"0","merged_category_1":null,"merged_category_2":null,"merged_category_3":null,"technic_1":"477","technic_2":"485","technic_3":"0","color_1":"518","color_2":"525","color_3":"0","product_description_old":null,"product_description":"\u00d6ttizedes \"val\u00f3di\" r\u00f3zsaf\u00fcz\u00e9r, gy\u00f6ny\u00f6r\u0171 r\u00f3zsasz\u00edn r\u00f3zsakvarc \u00e1sv\u00e1nygy\u00f6ngy\u00f6kb\u0151l k\u00e9sz\u00fclt.\nD\u00edszdobozban adjuk kedves k\u00eds\u00e9r\u0151 \u00fczenettel. A doboz a k\u00e9szlet f\u00f6ggv\u00e9ny\u00e9ben elt\u00e9rhet a k\u00e9pen l\u00e1that\u00f3t\u00f3l.  \nK\u00e9r\u00e9sre a sz\u00f6vegen tudunk m\u00f3dos\u00edtani. A megjegyz\u00e9sben k\u00e9rj\u00fck felt\u00fcntetni a m\u00f3dos\u00edtott k\u00e9rt sz\u00f6veget.\nHa b\u00e1rmilyen elk\u00e9pzel\u00e9sed van, pl. egy\u00e9b sz\u00ednb\u0151l, gy\u00f6ngy\u00f6kb\u0151l, \u00e1sv\u00e1nyb\u00f3l, vedd fel vel\u00fcnk a kapcsolatot \u00e9s \u00f6r\u00f6mmel elk\u00e9sz\u00edtj\u00fck.\nKeresztel\u0151vel kapcsolatos tov\u00e1bbi term\u00e9keinket az al\u00e1bbi linken tal\u00e1lod:\nhttps:\/\/www.meska.hu\/shop\/AnaRita?s=77510\nAz \u00f6sszes r\u00f3zsaf\u00fcz\u00e9r\u00fcnket ezen a linken tal\u00e1lod:\nhttps:\/\/www.meska.hu\/shop\/AnaRita?s=75464\nK\u00e9sz term\u00e9k eset\u00e9n Foxpost sz\u00e1ll\u00edt\u00e1ssal legk\u00e9s\u0151bb m\u00e1snap feladjuk a term\u00e9ket!\nK\u00f6sz\u00f6nj\u00fck, hogy ben\u00e9zt\u00e9l! :)\nAna \u00e9s Rita (AnaRita \u00c9kszerek)","price":"12990.00","unit":"db","recommended":"0","status":"1","sponsored":"0","exp_notify":"0","own_material":"0","own_material_description_old":null,"own_material_description":"","jury":"0","jury_number":"","product_nature":"","meskaracsony":"0","create_date":"2026-04-16 22:15:59","shelve_id":"77510","image":"anarita_product_75543_250225141729_347581.jpeg","image_width":"480","image_height":"480","image_alt":"Keresztel\u0151 aj\u00e1nd\u00e9k r\u00f3zsakvarc r\u00f3zsaf\u00fcz\u00e9r Szent Rita med\u00e1llal d\u00edszdobozban k\u00eds\u00e9r\u0151 sz\u00f6veggel l\u00e1ny gyermeknek 5634150, \u00d6ttizedes \\\"val\u00f3di\\\" r\u00f3zsaf\u00fcz\u00e9r, gy\u00f6ny\u00f6r\u0171 r\u00f3zsasz\u00edn r\u00f3zsakvarc \u00e1sv\u00e1nygy\u00f6ngy\u00f6kb\u0151l k\u00e9sz\u00fclt.\\nD\u00edszdobozban..., Meska","image_title":"Keresztel\u0151 aj\u00e1nd\u00e9k r\u00f3zsakvarc r\u00f3zsaf\u00fcz\u00e9r Szent Rita med\u00e1llal d\u00edszdobozban k\u00eds\u00e9r\u0151 sz\u00f6veggel l\u00e1ny gyermeknek 5634150, Meska","view_count":"627","favourite_count":"7","trending_score":"0","last2MonthFavouriteCount":"15","promotion":"0","giftcard_accept":"0","creditcard_accept":true,"enhanced_background":"0","domain":"meska","specific_customer_id":null,"specific_customer_name":null,"to_order_product":"1","to_order_product_time":"2","product_different":null,"product_different_description":"","vintage":"0","vintage_category_id":"0","recycled":"0","gemstone_id":"0","customizable":"0","type_category":"physical","zerowaste":"0","postage_price":"2390.00","shop_order":"0","has_category":"1","landing_pages":null,"microdata":{"number":50,"category":""},"title":"Keresztel\u0151 aj\u00e1nd\u00e9k r\u00f3zsakvarc r\u00f3zsaf\u00fcz\u00e9r Szent Rita med\u00e1llal d\u00edszdobozban k\u00eds\u00e9r\u0151 sz\u00f6veggel l\u00e1ny gyermeknek 5634150","description":"\u00d6ttizedes \"val\u00f3di\" r\u00f3zsaf\u00fcz\u00e9r, gy\u00f6ny\u00f6r\u0171 r\u00f3zsasz\u00edn r\u00f3zsakvarc \u00e1sv\u00e1nygy\u00f6ngy\u00f6kb\u0151l k\u00e9sz\u00fclt.\nD\u00edszdobozban adjuk kedves k\u00eds\u00e9r\u0151 \u00fczenettel. A doboz a k\u00e9szlet f\u00f6ggv\u00e9ny\u00e9ben elt\u00e9rhet a k\u00e9pen l\u00e1that\u00f3t\u00f3l.  \nK\u00e9r\u00e9sre a sz\u00f6vegen tudunk m\u00f3dos\u00edtani. A megjegyz\u00e9sben k\u00e9rj\u00fck felt\u00fcntetni a m\u00f3dos\u00edtott k\u00e9rt sz\u00f6veget.\nHa b\u00e1rmilyen elk\u00e9pzel\u00e9sed van, pl. egy\u00e9b sz\u00ednb\u0151l, gy\u00f6ngy\u00f6kb\u0151l, \u00e1sv\u00e1nyb\u00f3l, vedd fel vel\u00fcnk a kapcsolatot \u00e9s \u00f6r\u00f6mmel elk\u00e9sz\u00edtj\u00fck.\nKeresztel\u0151vel kapcsolatos tov\u00e1bbi term\u00e9keinket az al\u00e1bbi linken tal\u00e1lod:\nhttps:\/\/www.meska.hu\/shop\/AnaRita?s=77510\nAz \u00f6sszes r\u00f3zsaf\u00fcz\u00e9r\u00fcnket ezen a linken tal\u00e1lod:\nhttps:\/\/www.meska.hu\/shop\/AnaRita?s=75464\nK\u00e9sz term\u00e9k eset\u00e9n Foxpost sz\u00e1ll\u00edt\u00e1ssal legk\u00e9s\u0151bb m\u00e1snap feladjuk a term\u00e9ket!\nK\u00f6sz\u00f6nj\u00fck, hogy ben\u00e9zt\u00e9l! :)\nAna \u00e9s Rita (AnaRita \u00c9kszerek)","score":126.6735,"formatted_price":"12 990 Ft","image_url":"https:\/\/www.meska.hu\/img\/product\/small\/a\/n\/anarita_product_75543_250225141729_347581.jpeg","formatted_url":"https:\/\/www.meska.hu\/p5634150-keresztelo-ajandek-rozsakvarc-rozsafuzer-szent-rita-medallal-diszdobozban-kisero-szoveggel-lany-gyermeknek","favourite":false,"in_stock":false,"avatar":"75543_avatar_1775231969.png","delete_from":0,"is_enhanced_background":false,"is_enhanced":false,"product_selection_started":false,"is_active":true,"image_webp_url":"https:\/\/www.meska.hu\/img\/product\/small\/a\/n\/anarita_product_75543_250225141729_347581.webp"},{"id":"4469115","shop_id":"27076","user_id":"330419","shop_name":"GravirozottAprosag","shop_zip":"4551","product_code":"4438815","product_name_old":null,"product_name":"Keresztel\u0151s k\u00e9pkeret","category_string":"Baba - mama, Keresztel\u0151aj\u00e1nd\u00e9kok, Keresztel\u0151 kell\u00e9kek","technic_string":"Famegmunk\u00e1l\u00e1s, Mindenm\u00e1s","category_1":"1495","category_2":"1745","category_3":"1735","category_4":"0","merged_category_1":"0","merged_category_2":"784","merged_category_3":"0","technic_1":"478","technic_2":"493","technic_3":"0","color_1":"514","color_2":"0","color_3":"0","product_description_old":null,"product_description":"A term\u00e9keket KIZ\u00c1R\u00d3LAG AZ \u00d6SSZEG BE\u00c9RKEZ\u00c9S\u00c9T K\u00d6VET\u0150EN k\u00e9sz\u00edtj\u00fck, UT\u00c1NV\u00c9TRE LEHET\u0150S\u00c9G NINCS, a term\u00e9klapon szerepl\u0151 elk\u00e9sz\u00edt\u00e9si hat\u00e1rid\u0151 a j\u00f3v\u00e1\u00edr\u00e1st\u00f3l sz\u00e1m\u00edt\u00f3dik.\n\nFot\u00f3zunk.\nSzinte mindig, mindent.\nEzen pillanatok meg\u0151rz\u00e9s\u00e9nek hely\u00e9\u00fcl k\u00edn\u00e1ljuk \u00e9vfordul\u00f3s k\u00e9pkeret\u00fcnket.\n\n1 darab 10*15 m\u00e9ret\u0171 k\u00e9p f\u00e9r bele.\nK\u00e9rhet\u0151 \u00e1ll\u00f3 \u00e9s fekv\u0151 v\u00e1ltozatban is.\n\nKiz\u00e1r\u00f3lag rendel\u00e9sre k\u00e9sz\u00fcl\u0151 term\u00e9k.\n\nB\u00e1rmilyen k\u00e9rd\u00e9s, egyedi k\u00edv\u00e1ns\u00e1g eset\u00e9n \u00e1llunk sz\u00edves rendelkez\u00e9sedre :)","price":"5100.00","unit":"db","recommended":"0","status":"1","sponsored":"0","exp_notify":"0","own_material":"0","own_material_description_old":null,"own_material_description":"","jury":"0","jury_number":"","product_nature":"","meskaracsony":"0","create_date":"2026-01-07 21:26:21","shelve_id":"67870","image":"gravirozottaprosag_product_330419_211229163846_537135.png","image_width":"480","image_height":"547","image_alt":"Keresztel\u0151s k\u00e9pkeret, A term\u00e9keket KIZ\u00c1R\u00d3LAG AZ \u00d6SSZEG BE\u00c9RKEZ\u00c9S\u00c9T K\u00d6VET\u0150EN k\u00e9sz\u00edtj\u00fck, UT\u00c1NV\u00c9TRE LEHET\u0150S\u00c9G NINCS, a term\u00e9k..., Meska","image_title":"Keresztel\u0151s k\u00e9pkeret, Meska","view_count":"1115","favourite_count":"0","trending_score":"0","last2MonthFavouriteCount":"0","promotion":"0","giftcard_accept":"0","creditcard_accept":false,"enhanced_background":"0","domain":"meska","specific_customer_id":null,"specific_customer_name":null,"to_order_product":"1","to_order_product_time":"5","product_different":"different","product_different_description":"Sz\u00edn, \u00e1rnyalat, mint\u00e1zat","vintage":"0","vintage_category_id":"0","recycled":"0","gemstone_id":"0","customizable":"1","type_category":"physical","zerowaste":"0","postage_price":"2390.00","shop_order":"0","has_category":"1","landing_pages":null,"microdata":{"number":51,"category":""},"title":"Keresztel\u0151s k\u00e9pkeret","description":"A term\u00e9keket KIZ\u00c1R\u00d3LAG AZ \u00d6SSZEG BE\u00c9RKEZ\u00c9S\u00c9T K\u00d6VET\u0150EN k\u00e9sz\u00edtj\u00fck, UT\u00c1NV\u00c9TRE LEHET\u0150S\u00c9G NINCS, a term\u00e9klapon szerepl\u0151 elk\u00e9sz\u00edt\u00e9si hat\u00e1rid\u0151 a j\u00f3v\u00e1\u00edr\u00e1st\u00f3l sz\u00e1m\u00edt\u00f3dik.\n\nFot\u00f3zunk.\nSzinte mindig, mindent.\nEzen pillanatok meg\u0151rz\u00e9s\u00e9nek hely\u00e9\u00fcl k\u00edn\u00e1ljuk \u00e9vfordul\u00f3s k\u00e9pkeret\u00fcnket.\n\n1 darab 10*15 m\u00e9ret\u0171 k\u00e9p f\u00e9r bele.\nK\u00e9rhet\u0151 \u00e1ll\u00f3 \u00e9s fekv\u0151 v\u00e1ltozatban is.\n\nKiz\u00e1r\u00f3lag rendel\u00e9sre k\u00e9sz\u00fcl\u0151 term\u00e9k.\n\nB\u00e1rmilyen k\u00e9rd\u00e9s, egyedi k\u00edv\u00e1ns\u00e1g eset\u00e9n \u00e1llunk sz\u00edves rendelkez\u00e9sedre :)","score":116.721794,"formatted_price":"5 100 Ft","image_url":"https:\/\/www.meska.hu\/img\/product\/small\/g\/r\/gravirozottaprosag_product_330419_211229163846_537135.png","formatted_url":"https:\/\/www.meska.hu\/p4438815-keresztelos-kepkeret","favourite":false,"in_stock":false,"avatar":"GravirozottAprosag_avatar_330419_1606660192.png","delete_from":0,"is_enhanced_background":false,"is_enhanced":false,"product_selection_started":false,"is_active":true,"image_webp_url":"https:\/\/www.meska.hu\/img\/product\/small\/g\/r\/gravirozottaprosag_product_330419_211229163846_537135.webp"},{"id":"5809803","shop_id":"46250","user_id":"664699","shop_name":"mdartsandcrafts","shop_zip":"535600","product_code":"5563439","product_name_old":null,"product_name":"K\u00f6sz\u00f6netaj\u00e1nd\u00e9k a vend\u00e9geknek keresztel\u0151re, m\u00e1gnes k\u00f6sz\u00f6netaj\u00e1nd\u00e9k, m\u00e1gnesek ","category_string":"Baba - mama, Keresztel\u0151aj\u00e1nd\u00e9kok, Keresztel\u0151 kell\u00e9kek","technic_string":"Fot\u00f3, grafika, rajz, illusztr\u00e1ci\u00f3","category_1":"1495","category_2":"1745","category_3":"1735","category_4":"0","merged_category_1":null,"merged_category_2":null,"merged_category_3":null,"technic_1":"483","technic_2":"0","technic_3":"0","color_1":"519","color_2":"0","color_3":"0","product_description_old":null,"product_description":"Aranyos m\u00e1gnesek k\u00f6sz\u00f6netaj\u00e1nd\u00e9kk\u00e9nt keresztel\u0151re, ha szeretn\u00e9l egy maradand\u00f3 eml\u00e9ket adni a vend\u00e9geknek, err\u0151l a fontos esem\u00e9nyr\u0151l.\n\nM\u00e9rete: 9x5 cm\nFeh\u00e9r organza tasakba csomagolva\n\nA mint\u00e1kat rendel\u00e9s ut\u00e1n elk\u00fcld\u00f6m \u00fczenetben. A nevet \u00e9s d\u00e1tumot a Megjegyz\u00e9sn\u00e9l tudod elk\u00fcldeni.","price":"480.00","unit":"db","recommended":"0","status":"1","sponsored":"0","exp_notify":"0","own_material":"0","own_material_description_old":null,"own_material_description":"","jury":"0","jury_number":"","product_nature":"","meskaracsony":"0","create_date":"2026-04-03 19:27:43","shelve_id":"79650","image":"mdartsandcrafts_product_664699_250525192501_332385.png","image_width":"480","image_height":"640","image_alt":"K\u00f6sz\u00f6netaj\u00e1nd\u00e9k a vend\u00e9geknek keresztel\u0151re, m\u00e1gnes k\u00f6sz\u00f6netaj\u00e1nd\u00e9k, m\u00e1gnesek , Aranyos m\u00e1gnesek k\u00f6sz\u00f6netaj\u00e1nd\u00e9kk\u00e9nt keresztel\u0151re, ha szeretn\u00e9l egy maradand\u00f3 eml\u00e9ket adni a vend\u00e9ge..., Meska","image_title":"K\u00f6sz\u00f6netaj\u00e1nd\u00e9k a vend\u00e9geknek keresztel\u0151re, m\u00e1gnes k\u00f6sz\u00f6netaj\u00e1nd\u00e9k, m\u00e1gnesek , Meska","view_count":"448","favourite_count":"0","trending_score":"0","last2MonthFavouriteCount":"0","promotion":"0","giftcard_accept":"0","creditcard_accept":true,"enhanced_background":"0","domain":"meska","specific_customer_id":null,"specific_customer_name":null,"to_order_product":"1","to_order_product_time":"3","product_different":null,"product_different_description":"","vintage":"0","vintage_category_id":"0","recycled":"0","gemstone_id":"0","customizable":"1","type_category":"physical","zerowaste":"0","postage_price":"1500.00","shop_order":"0","has_category":"1","landing_pages":null,"microdata":{"number":52,"category":""},"title":"K\u00f6sz\u00f6netaj\u00e1nd\u00e9k a vend\u00e9geknek keresztel\u0151re, m\u00e1gnes k\u00f6sz\u00f6netaj\u00e1nd\u00e9k, m\u00e1gnesek ","description":"Aranyos m\u00e1gnesek k\u00f6sz\u00f6netaj\u00e1nd\u00e9kk\u00e9nt keresztel\u0151re, ha szeretn\u00e9l egy maradand\u00f3 eml\u00e9ket adni a vend\u00e9geknek, err\u0151l a fontos esem\u00e9nyr\u0151l.\n\nM\u00e9rete: 9x5 cm\nFeh\u00e9r organza tasakba csomagolva\n\nA mint\u00e1kat rendel\u00e9s ut\u00e1n elk\u00fcld\u00f6m \u00fczenetben. A nevet \u00e9s d\u00e1tumot a Megjegyz\u00e9sn\u00e9l tudod elk\u00fcldeni.","score":116.656334,"formatted_price":"480 Ft","image_url":"https:\/\/www.meska.hu\/img\/product\/small\/m\/d\/mdartsandcrafts_product_664699_250525192501_332385.png","formatted_url":"https:\/\/www.meska.hu\/p5563439-koszonetajandek-a-vendegeknek-keresztelore-magnes-koszonetajandek","favourite":false,"in_stock":false,"avatar":"664699_avatar_1728105978.jpeg","delete_from":0,"is_enhanced_background":false,"is_enhanced":false,"product_selection_started":false,"is_active":true,"image_webp_url":"https:\/\/www.meska.hu\/img\/product\/small\/m\/d\/mdartsandcrafts_product_664699_250525192501_332385.webp"},{"id":"4948514","shop_id":"24014","user_id":"272253","shop_name":"EVYHomeDecor","shop_zip":"2083","product_code":"5044572","product_name_old":null,"product_name":"Keresztel\u0151i aj\u00e1nd\u00e9k eml\u00e9k p\u00e1rna kisl\u00e1nyoknak, F\u00e9nyk\u00e9pes p\u00e1rna saj\u00e1t n\u00e9vvel, d\u00e1tummal, verssel, id\u00e9zettel, Keresztsz\u00fcl\u0151","category_string":"J\u00e1t\u00e9k & Sport, Keresztel\u0151aj\u00e1nd\u00e9kok","technic_string":"","category_1":"305","category_2":"1495","category_3":"0","category_4":"0","merged_category_1":null,"merged_category_2":null,"merged_category_3":null,"technic_1":"0","technic_2":"0","technic_3":"0","color_1":"519","color_2":"1475","color_3":"525","product_description_old":null,"product_description":"K\u00c9ZZEL K\u00c9SZ\u00cdTETT P\u00c1RNA KERESZTEL\u0150RE - SAJ\u00c1T F\u00c9NYK\u00c9PPEL & N\u00c9VVEL & FELIRATOKKAL \n\nT\u00f6k\u00e9letes szem\u00e9lyre szabott aj\u00e1nd\u00e9k, eml\u00e9k \u00e9s dekor is egyben!\nA Te \u00e1ltalad k\u00fcld\u00f6tt f\u00e9nyk\u00e9pet \u00e9s a sz\u00f6veget, verset, feliratot nyomtatjuk r\u00e1 a p\u00e1rn\u00e1ra. Szalag d\u00edsz\u00edt\u00e9ssel is k\u00e9rheted, ha a p\u00e1rna mell\u00e9 m\u00e9g szeretn\u00e9l m\u00e1st is (kis \u00fczenetek, pap\u00edrp\u00e9nz)  is aj\u00e1nd\u00e9kozni, de nem a megszokott bor\u00edt\u00e9kban adn\u00e1d \u00e1t.\n\nELK\u00c9SZ\u00cdT\u00c9SI & SZ\u00c1LL\u00cdT\u00c1SI INFORM\u00c1CI\u00d3K:\nA r\u00e9szletes elk\u00e9sz\u00edt\u00e9si-\u00e9s sz\u00e1ll\u00edt\u00e1si id\u0151k, illetve \u00e1rak a term\u00e9k k\u00e9pe alatti \"SZ\u00c1LL\u00cdT\u00c1SI INF\u00d3\" f\u00fcl alatt tal\u00e1lhat\u00f3k!\n\nK\u00e9rj\u00fck, hogy - sz\u00e1ll\u00edt\u00e1si & elk\u00e9sz\u00edt\u00e9si m\u00f3dt\u00f3l f\u00fcgg\u0151en - \u00f6sszesen 5-8 MUNKANAPOT sz\u00e1molj a csomag meg\u00e9rkez\u00e9s\u00e9re a fizet\u00e9st\u0151l, az \u00f6sszeg be\u00e9rkez\u00e9s\u00e9t\u0151l sz\u00e1m\u00edtva!\n____________________________________________________________________\nTERM\u00c9KLE\u00cdR\u00c1S:\nLevehet\u0151 huzat + min\u0151s\u00e9gi bels\u0151 p\u00e1rna\nV\u00e1laszthat\u00f3 m\u00e9retek: 35x35cm, 40x40cm, 45x45cm, 50x50cm\n\u2022 huzat sz\u00edne: feh\u00e9r\n\u2022 alul rejtett zipz\u00e1rral\n\u2022 anyag: matt tapint\u00e1s\u00fa poli\u00e9szter\n\u2022 mos\u00e1s: k\u00e9zzel max. 30\u00b0C fokon, kiford\u00edtva aj\u00e1nlott\n\u2022 a bels\u0151 p\u00e1rna huzata pamut, a t\u00f6ltete puha, nem csom\u00f3sod\u00f3 anti-allerg\u00e9n poli\u00e9sztergoly\u00f3\n(nem szivacs vagy vatta!)\n___________________________________________________________________________________\nDESIGN & NYOMAT:\nA mint\u00e1k k\u00e9zi rajzaink, festm\u00e9nyeink szublim\u00e1ci\u00f3s nyomatai. Maga a nyomat nem \u00e9rezhet\u0151, nem k\u00e9pez plusz r\u00e9teget a textilen, mert az anyag sz\u00f6vet\u00e9be h\u0151pr\u00e9selj\u00fck azt, \u00edgy nem kopik le, tart\u00f3s marad.\n___________________________________________________________________________________\nRENDEL\u00c9S MENETE:\nV\u00e1laszd ki a p\u00e1rna M\u00c9RET\u00c9T, a GRAFIKA SZ\u00cdN\u00c9T, add meg a DARABSZ\u00c1MOT, illetve ha szeretn\u00e9l n\u00e1szaj\u00e1nd\u00e9k p\u00e9nz\u00e1tad\u00f3 szalagokat \u00e9s\/vagy masnit is a p\u00e1rn\u00e1ra, akkor v\u00e1lassz a SZALAG D\u00cdSZ\u00cdT\u00c9SSEL (+300-500 Ft) opci\u00f3k k\u00f6z\u00fcl is!\nAmennyiben szeretn\u00e9d, hogy gyorsabban k\u00e9sz\u00edts\u00fck el a p\u00e1rn\u00e1t, szeretn\u00e9d mihamarabb k\u00e9zhez kapni a megrendel\u00e9sedet, \u00fagy KIEG\u00c9SZ\u00cdT\u0150k\u00e9nt v\u00e1laszd a s\u00fcrg\u0151ss\u00e9gi elk\u00e9sz\u00edt\u00e9st! (+1500 Ft). Miut\u00e1n kiv\u00e1lasztottad a Neked megfelel\u0151 opci\u00f3kat, tedd a KOS\u00c1R-ba a term\u00e9ket \u00e9s tov\u00e1bbhaladva t\u00f6ltsd ki a sz\u00e1ml\u00e1z\u00e1si & sz\u00e1ll\u00edt\u00e1si adatokat.\n\nF\u00c9NYK\u00c9P & FELIRATOK:\nA p\u00e1rn\u00e1ra nyomtatand\u00f3 pontos FELIRATOT (N\u00e9v, d\u00e1tum, vers, b\u00e1rmi) k\u00e9rj\u00fck, hogy az \"\u00dczenet EvyHomeDecor r\u00e9sz\u00e9re\" alatti n\u00e9gyzetbe \u00edrd bele vagy emailben k\u00fcldd el nek\u00fcnk!\nA F\u00c9NYK\u00c9PEKET pedig emailben v\u00e1rjuk! A megrendel\u00e9s lead\u00e1sa ut\u00e1n felvessz\u00fck Veled a kapcsolatot emailben.\n\nA sikeres megrendel\u00e9sr\u0151l minden esetben \u00e9rkezik egy visszaigazol\u00f3 email a Mesk\u00e1t\u00f3l, \u00e9s egy t\u0151l\u00fcnk, ami tartalmazza a fizet\u00e9si & sz\u00e1ll\u00edt\u00e1si inform\u00e1ci\u00f3kat!\nA sikeres megrendel\u00e9s \u00e9s fizet\u00e9s ut\u00e1n a kiv\u00e1lasztott elk\u00e9sz\u00edt\u00e9si id\u0151n bel\u00fcl elk\u00e9sz\u00edtj\u00fck Neked a k\u00e9rt dekorp\u00e1rn\u00e1t, \u00e9s a k\u00e9zbes\u00edt\u00e9s el\u0151tt 1-3 nappal megk\u00fcldj\u00fck a sz\u00e1ll\u00edt\u00e1si inf\u00f3kat is.\n____________________________________________________________________________________\nFIZET\u00c9SI M\u00d3DOK:\nBanki \u00e1tutal\u00e1ssal:\nK\u00e9rj\u00fck a v\u00e9g\u00f6sszeget az \u00e1ltalunk k\u00fcld\u00f6tt, \"EVY HOME DECOR-Sikeres megrendel\u00e9s & fizet\u00e9si inform\u00e1ci\u00f3k\" t\u00e1rgy\u00fa e-mailben tal\u00e1lhat\u00f3 banksz\u00e1mlasz\u00e1mra elutalni.\n\nK\u00d6SZ\u00d6NJ\u00dcK HOGY BEN\u00c9ZT\u00c9L HOZZ\u00c1NK!\nHa b\u00e1rmi k\u00e9rd\u00e9sed lenne, fordulj hozz\u00e1nk bizalommal!\nMini \u00e9s Evelyn :)","price":"6990.00","unit":"db","recommended":"0","status":"1","sponsored":"0","exp_notify":"0","own_material":"0","own_material_description_old":null,"own_material_description":"","jury":"0","jury_number":"","product_nature":"","meskaracsony":"0","create_date":"2026-04-07 19:49:28","shelve_id":"56380","image":"evyhomedecor_product_272253_230823170251_289588.jpeg","image_width":"480","image_height":"449","image_alt":"Keresztel\u0151i aj\u00e1nd\u00e9k eml\u00e9k p\u00e1rna kisl\u00e1nyoknak, F\u00e9nyk\u00e9pes p\u00e1rna saj\u00e1t n\u00e9vvel, d\u00e1tummal, verssel, id\u00e9zettel, Keresztsz\u00fcl\u0151, K\u00c9ZZEL K\u00c9SZ\u00cdTETT P\u00c1RNA KERESZTEL\u0150RE - SAJ\u00c1T F\u00c9NYK\u00c9PPEL & N\u00c9VVEL & FELIRATOKKAL \\n\\nT\u00f6k\u00e9letes szem\u00e9lyre..., Meska","image_title":"Keresztel\u0151i aj\u00e1nd\u00e9k eml\u00e9k p\u00e1rna kisl\u00e1nyoknak, F\u00e9nyk\u00e9pes p\u00e1rna saj\u00e1t n\u00e9vvel, d\u00e1tummal, verssel, id\u00e9zettel, Keresztsz\u00fcl\u0151, Meska","view_count":"1317","favourite_count":"0","trending_score":"0","last2MonthFavouriteCount":"0","promotion":"0","giftcard_accept":"1","creditcard_accept":true,"enhanced_background":"0","domain":"meska","specific_customer_id":null,"specific_customer_name":null,"to_order_product":"1","to_order_product_time":"4","product_different":"different","product_different_description":"Saj\u00e1t f\u00e9nyk\u00e9ppel, n\u00e9vvel, d\u00e1tummal, verssel vagy id\u00e9zettel k\u00e9sz\u00fcl! ","vintage":"0","vintage_category_id":"0","recycled":"0","gemstone_id":"0","customizable":"1","type_category":"physical","zerowaste":"0","postage_price":"1290.00","shop_order":"24","has_category":"1","landing_pages":null,"microdata":{"number":53,"category":""},"title":"Keresztel\u0151i aj\u00e1nd\u00e9k eml\u00e9k p\u00e1rna kisl\u00e1nyoknak, F\u00e9nyk\u00e9pes p\u00e1rna saj\u00e1t n\u00e9vvel, d\u00e1tummal, verssel, id\u00e9zettel, Keresztsz\u00fcl\u0151","description":"K\u00c9ZZEL K\u00c9SZ\u00cdTETT P\u00c1RNA KERESZTEL\u0150RE - SAJ\u00c1T F\u00c9NYK\u00c9PPEL & N\u00c9VVEL & FELIRATOKKAL \n\nT\u00f6k\u00e9letes szem\u00e9lyre szabott aj\u00e1nd\u00e9k, eml\u00e9k \u00e9s dekor is egyben!\nA Te \u00e1ltalad k\u00fcld\u00f6tt f\u00e9nyk\u00e9pet \u00e9s a sz\u00f6veget, verset, feliratot nyomtatjuk r\u00e1 a p\u00e1rn\u00e1ra. Szalag d\u00edsz\u00edt\u00e9ssel is k\u00e9rheted, ha a p\u00e1rna mell\u00e9 m\u00e9g szeretn\u00e9l m\u00e1st is (kis \u00fczenetek, pap\u00edrp\u00e9nz)  is aj\u00e1nd\u00e9kozni, de nem a megszokott bor\u00edt\u00e9kban adn\u00e1d \u00e1t.\n\nELK\u00c9SZ\u00cdT\u00c9SI & SZ\u00c1LL\u00cdT\u00c1SI INFORM\u00c1CI\u00d3K:\nA r\u00e9szletes elk\u00e9sz\u00edt\u00e9si-\u00e9s sz\u00e1ll\u00edt\u00e1si id\u0151k, illetve \u00e1rak a term\u00e9k k\u00e9pe alatti \"SZ\u00c1LL\u00cdT\u00c1SI INF\u00d3\" f\u00fcl alatt tal\u00e1lhat\u00f3k!\n\nK\u00e9rj\u00fck, hogy - sz\u00e1ll\u00edt\u00e1si & elk\u00e9sz\u00edt\u00e9si m\u00f3dt\u00f3l f\u00fcgg\u0151en - \u00f6sszesen 5-8 MUNKANAPOT sz\u00e1molj a csomag meg\u00e9rkez\u00e9s\u00e9re a fizet\u00e9st\u0151l, az \u00f6sszeg be\u00e9rkez\u00e9s\u00e9t\u0151l sz\u00e1m\u00edtva!\n____________________________________________________________________\nTERM\u00c9KLE\u00cdR\u00c1S:\nLevehet\u0151 huzat + min\u0151s\u00e9gi bels\u0151 p\u00e1rna\nV\u00e1laszthat\u00f3 m\u00e9retek: 35x35cm, 40x40cm, 45x45cm, 50x50cm\n\u2022 huzat sz\u00edne: feh\u00e9r\n\u2022 alul rejtett zipz\u00e1rral\n\u2022 anyag: matt tapint\u00e1s\u00fa poli\u00e9szter\n\u2022 mos\u00e1s: k\u00e9zzel max. 30\u00b0C fokon, kiford\u00edtva aj\u00e1nlott\n\u2022 a bels\u0151 p\u00e1rna huzata pamut, a t\u00f6ltete puha, nem csom\u00f3sod\u00f3 anti-allerg\u00e9n poli\u00e9sztergoly\u00f3\n(nem szivacs vagy vatta!)\n___________________________________________________________________________________\nDESIGN & NYOMAT:\nA mint\u00e1k k\u00e9zi rajzaink, festm\u00e9nyeink szublim\u00e1ci\u00f3s nyomatai. Maga a nyomat nem \u00e9rezhet\u0151, nem k\u00e9pez plusz r\u00e9teget a textilen, mert az anyag sz\u00f6vet\u00e9be h\u0151pr\u00e9selj\u00fck azt, \u00edgy nem kopik le, tart\u00f3s marad.\n___________________________________________________________________________________\nRENDEL\u00c9S MENETE:\nV\u00e1laszd ki a p\u00e1rna M\u00c9RET\u00c9T, a GRAFIKA SZ\u00cdN\u00c9T, add meg a DARABSZ\u00c1MOT, illetve ha szeretn\u00e9l n\u00e1szaj\u00e1nd\u00e9k p\u00e9nz\u00e1tad\u00f3 szalagokat \u00e9s\/vagy masnit is a p\u00e1rn\u00e1ra, akkor v\u00e1lassz a SZALAG D\u00cdSZ\u00cdT\u00c9SSEL (+300-500 Ft) opci\u00f3k k\u00f6z\u00fcl is!\nAmennyiben szeretn\u00e9d, hogy gyorsabban k\u00e9sz\u00edts\u00fck el a p\u00e1rn\u00e1t, szeretn\u00e9d mihamarabb k\u00e9zhez kapni a megrendel\u00e9sedet, \u00fagy KIEG\u00c9SZ\u00cdT\u0150k\u00e9nt v\u00e1laszd a s\u00fcrg\u0151ss\u00e9gi elk\u00e9sz\u00edt\u00e9st! (+1500 Ft). Miut\u00e1n kiv\u00e1lasztottad a Neked megfelel\u0151 opci\u00f3kat, tedd a KOS\u00c1R-ba a term\u00e9ket \u00e9s tov\u00e1bbhaladva t\u00f6ltsd ki a sz\u00e1ml\u00e1z\u00e1si & sz\u00e1ll\u00edt\u00e1si adatokat.\n\nF\u00c9NYK\u00c9P & FELIRATOK:\nA p\u00e1rn\u00e1ra nyomtatand\u00f3 pontos FELIRATOT (N\u00e9v, d\u00e1tum, vers, b\u00e1rmi) k\u00e9rj\u00fck, hogy az \"\u00dczenet EvyHomeDecor r\u00e9sz\u00e9re\" alatti n\u00e9gyzetbe \u00edrd bele vagy emailben k\u00fcldd el nek\u00fcnk!\nA F\u00c9NYK\u00c9PEKET pedig emailben v\u00e1rjuk! A megrendel\u00e9s lead\u00e1sa ut\u00e1n felvessz\u00fck Veled a kapcsolatot emailben.\n\nA sikeres megrendel\u00e9sr\u0151l minden esetben \u00e9rkezik egy visszaigazol\u00f3 email a Mesk\u00e1t\u00f3l, \u00e9s egy t\u0151l\u00fcnk, ami tartalmazza a fizet\u00e9si & sz\u00e1ll\u00edt\u00e1si inform\u00e1ci\u00f3kat!\nA sikeres megrendel\u00e9s \u00e9s fizet\u00e9s ut\u00e1n a kiv\u00e1lasztott elk\u00e9sz\u00edt\u00e9si id\u0151n bel\u00fcl elk\u00e9sz\u00edtj\u00fck Neked a k\u00e9rt dekorp\u00e1rn\u00e1t, \u00e9s a k\u00e9zbes\u00edt\u00e9s el\u0151tt 1-3 nappal megk\u00fcldj\u00fck a sz\u00e1ll\u00edt\u00e1si inf\u00f3kat is.\n____________________________________________________________________________________\nFIZET\u00c9SI M\u00d3DOK:\nBanki \u00e1tutal\u00e1ssal:\nK\u00e9rj\u00fck a v\u00e9g\u00f6sszeget az \u00e1ltalunk k\u00fcld\u00f6tt, \"EVY HOME DECOR-Sikeres megrendel\u00e9s & fizet\u00e9si inform\u00e1ci\u00f3k\" t\u00e1rgy\u00fa e-mailben tal\u00e1lhat\u00f3 banksz\u00e1mlasz\u00e1mra elutalni.\n\nK\u00d6SZ\u00d6NJ\u00dcK HOGY BEN\u00c9ZT\u00c9L HOZZ\u00c1NK!\nHa b\u00e1rmi k\u00e9rd\u00e9sed lenne, fordulj hozz\u00e1nk bizalommal!\nMini \u00e9s Evelyn :)","score":115.821144,"formatted_price":"6 990 Ft","image_url":"https:\/\/www.meska.hu\/img\/product\/small\/e\/v\/evyhomedecor_product_272253_230823170251_289588.jpeg","formatted_url":"https:\/\/www.meska.hu\/p5044572-kereszteloi-ajandek-emlek-parna-kislanyoknak-fenykepes-parna-sajat-nevvel-datummal-verssel-idezettel-keresztszulo","favourite":false,"in_stock":false,"avatar":"272253_avatar_1746519090.jpeg","delete_from":0,"is_enhanced_background":false,"is_enhanced":false,"product_selection_started":false,"is_active":true,"image_webp_url":"https:\/\/www.meska.hu\/img\/product\/small\/e\/v\/evyhomedecor_product_272253_230823170251_289588.webp"},{"id":"3479000","shop_id":"33008","user_id":"423964","shop_name":"Meldaekszer","shop_zip":"2525","product_code":"4579246","product_name_old":null,"product_name":"Keresztel\u0151 aj\u00e1nd\u00e9k ","category_string":"Baba - mama, Keresztel\u0151 kell\u00e9kek, Keresztel\u0151aj\u00e1nd\u00e9kok","technic_string":"\u00c9kszerk\u00e9sz\u00edt\u00e9s","category_1":"1735","category_2":"1745","category_3":"1495","category_4":"0","merged_category_1":null,"merged_category_2":null,"merged_category_3":null,"technic_1":"477","technic_2":"0","technic_3":"0","color_1":"518","color_2":"525","color_3":"0","product_description_old":null,"product_description":"Aj\u00e1nd\u00e9k keresztel\u0151re, r\u00f3zsakvarc r\u00f3zsaf\u00fcz\u00e9r \u00e9s kark\u00f6t\u0151. Tetsz\u0151legesen n\u00e9vvel is k\u00e9rhet\u0151. A kark\u00f6t\u0151t m\u00e9retre k\u00e9sz\u00edtem. ","price":"14500.00","unit":"db","recommended":"0","status":"1","sponsored":"0","exp_notify":"0","own_material":"0","own_material_description_old":null,"own_material_description":"","jury":"0","jury_number":"","product_nature":"","meskaracsony":"0","create_date":"2026-04-19 14:39:41","shelve_id":"0","image":"meldaekszer_product_423964_220405135742_786258.jpeg","image_width":"480","image_height":"640","image_alt":"Keresztel\u0151 aj\u00e1nd\u00e9k , Aj\u00e1nd\u00e9k keresztel\u0151re, r\u00f3zsakvarc r\u00f3zsaf\u00fcz\u00e9r \u00e9s kark\u00f6t\u0151. Tetsz\u0151legesen n\u00e9vvel is k\u00e9rhet\u0151. A kark\u00f6t\u0151t ..., Meska","image_title":"Keresztel\u0151 aj\u00e1nd\u00e9k , Meska","view_count":"7136","favourite_count":"1","trending_score":"0","last2MonthFavouriteCount":"1","promotion":"0","giftcard_accept":"0","creditcard_accept":false,"enhanced_background":"0","domain":"meska","specific_customer_id":null,"specific_customer_name":null,"to_order_product":"1","to_order_product_time":"5","product_different":null,"product_different_description":"","vintage":"0","vintage_category_id":"0","recycled":"0","gemstone_id":"0","customizable":"0","type_category":"physical","zerowaste":"0","postage_price":"1190.00","shop_order":"0","has_category":"1","landing_pages":null,"microdata":{"number":54,"category":""},"title":"Keresztel\u0151 aj\u00e1nd\u00e9k ","description":"Aj\u00e1nd\u00e9k keresztel\u0151re, r\u00f3zsakvarc r\u00f3zsaf\u00fcz\u00e9r \u00e9s kark\u00f6t\u0151. Tetsz\u0151legesen n\u00e9vvel is k\u00e9rhet\u0151. A kark\u00f6t\u0151t m\u00e9retre k\u00e9sz\u00edtem. ","score":115.394485,"formatted_price":"14 500 Ft","image_url":"https:\/\/www.meska.hu\/img\/product\/small\/m\/e\/meldaekszer_product_423964_220405135742_786258.jpeg","formatted_url":"https:\/\/www.meska.hu\/p4579246-keresztelo-ajandek","favourite":false,"in_stock":false,"avatar":"Meldaekszer_avatar_423964_1615752782.jpg","delete_from":0,"is_enhanced_background":false,"is_enhanced":false,"product_selection_started":false,"is_active":true,"image_webp_url":"https:\/\/www.meska.hu\/img\/product\/small\/m\/e\/meldaekszer_product_423964_220405135742_786258.webp"},{"id":"5322897","shop_id":"22381","user_id":"62549","shop_name":"eskuvoidekor","shop_zip":"5462","product_code":"5282869","product_name_old":null,"product_name":"Babak\u00f6sz\u00f6nt\u0151 f\u00e9nyk\u00e9pes aj\u00e1nd\u00e9k - \u00dajsz\u00fcl\u00f6tt t\u00e1bla n\u00e9vvel \u00e9s d\u00e1tummal","category_string":"Baba - mama, Keresztel\u0151 kell\u00e9kek, Keresztel\u0151aj\u00e1nd\u00e9kok","technic_string":"","category_1":"1735","category_2":"1745","category_3":"1495","category_4":"0","merged_category_1":null,"merged_category_2":null,"merged_category_3":null,"technic_1":"0","technic_2":"0","technic_3":"0","color_1":"0","color_2":"0","color_3":"0","product_description_old":null,"product_description":"Minden cs\u00f6pps\u00e9g egy \u00fajabb csoda a vil\u00e1gon ! \u00dcdv\u00f6z\u00f6ld m\u00e9lton egy r\u00f3la sz\u00f3l\u00f3 babak\u00f6sz\u00f6nt\u0151 k\u00e9ppel , melyben az \u0151 fotoja , \u00e9s adatai vannak. Vagy lepd meg a nagysz\u00fcl\u0151ket ezzel a pomp\u00e1s aj\u00e1nd\u00e9k t\u00e1bl\u00e1val . Cuki bab\u00e1s k\u00e9p, amely pomp\u00e1s dekorelemk\u00e9nt szolg\u00e1l egy gyerekszob\u00e1ba. T\u00f6k\u00e9letes meglepet\u00e9s lehet any\u00e1nak hogy mindig eml\u00e9kezzen arra a pillanatra, amikor megsz\u00fcletett a kicsik\u00e9je.","price":"1749.00","unit":"db","recommended":"0","status":"1","sponsored":"0","exp_notify":"0","own_material":"0","own_material_description_old":null,"own_material_description":"","jury":"0","jury_number":"","product_nature":"","meskaracsony":"0","create_date":"2024-11-27 20:47:44","shelve_id":"0","image":"qv_babakszntfnykpesajndkjszltttblanvvelsdtummal_5322897_01714470171166447091.jpeg","image_width":"666","image_height":"1000","image_alt":"Babak\u00f6sz\u00f6nt\u0151 f\u00e9nyk\u00e9pes aj\u00e1nd\u00e9k - \u00dajsz\u00fcl\u00f6tt t\u00e1bla n\u00e9vvel \u00e9s d\u00e1tummal, Minden cs\u00f6pps\u00e9g egy \u00fajabb csoda a vil\u00e1gon ! \u00dcdv\u00f6z\u00f6ld m\u00e9lton egy r\u00f3la sz\u00f3l\u00f3 babak\u00f6sz\u00f6nt\u0151 k\u00e9ppel , mel..., Meska","image_title":"Babak\u00f6sz\u00f6nt\u0151 f\u00e9nyk\u00e9pes aj\u00e1nd\u00e9k - \u00dajsz\u00fcl\u00f6tt t\u00e1bla n\u00e9vvel \u00e9s d\u00e1tummal, Meska","view_count":"552","favourite_count":"0","trending_score":"0","last2MonthFavouriteCount":"0","promotion":"0","giftcard_accept":"1","creditcard_accept":true,"enhanced_background":"0","domain":"meska","specific_customer_id":null,"specific_customer_name":null,"to_order_product":"1","to_order_product_time":"7","product_different":null,"product_different_description":"","vintage":"0","vintage_category_id":"0","recycled":"0","gemstone_id":"0","customizable":"0","type_category":"physical","zerowaste":"0","postage_price":"1290.00","shop_order":"0","has_category":"1","landing_pages":null,"microdata":{"number":55,"category":""},"title":"Babak\u00f6sz\u00f6nt\u0151 f\u00e9nyk\u00e9pes aj\u00e1nd\u00e9k - \u00dajsz\u00fcl\u00f6tt t\u00e1bla n\u00e9vvel \u00e9s d\u00e1tummal","description":"Minden cs\u00f6pps\u00e9g egy \u00fajabb csoda a vil\u00e1gon ! \u00dcdv\u00f6z\u00f6ld m\u00e9lton egy r\u00f3la sz\u00f3l\u00f3 babak\u00f6sz\u00f6nt\u0151 k\u00e9ppel , melyben az \u0151 fotoja , \u00e9s adatai vannak. Vagy lepd meg a nagysz\u00fcl\u0151ket ezzel a pomp\u00e1s aj\u00e1nd\u00e9k t\u00e1bl\u00e1val . Cuki bab\u00e1s k\u00e9p, amely pomp\u00e1s dekorelemk\u00e9nt szolg\u00e1l egy gyerekszob\u00e1ba. T\u00f6k\u00e9letes meglepet\u00e9s lehet any\u00e1nak hogy mindig eml\u00e9kezzen arra a pillanatra, amikor megsz\u00fcletett a kicsik\u00e9je.","score":115.2137,"formatted_price":"1 749 Ft","image_url":"https:\/\/www.meska.hu\/img\/product\/small\/q\/v\/qv_babakszntfnykpesajndkjszltttblanvvelsdtummal_5322897_01714470171166447091.jpeg","formatted_url":"https:\/\/www.meska.hu\/p5282869-babakoszonto-fenykepes-ajandek-ujszulott-tabla-nevvel-es-datummal","favourite":false,"in_stock":false,"avatar":"62549_avatar_1714548383.jpeg","delete_from":0,"is_enhanced_background":false,"is_enhanced":false,"product_selection_started":false,"is_active":true,"image_webp_url":"https:\/\/www.meska.hu\/img\/product\/small\/q\/v\/qv_babakszntfnykpesajndkjszltttblanvvelsdtummal_5322897_01714470171166447091.webp"},{"id":"5733872","shop_id":"51","user_id":"94","shop_name":"Eradekor","shop_zip":"1194","product_code":"5524821","product_name_old":null,"product_name":"Nyuszis mese aj\u00e1nd\u00e9k kisl\u00e1nynak keresztel\u0151re","category_string":"Baba - mama, Keresztel\u0151 kell\u00e9kek, Keresztel\u0151aj\u00e1nd\u00e9kok","technic_string":"Festett t\u00e1rgyak","category_1":"1735","category_2":"1745","category_3":"1495","category_4":"0","merged_category_1":null,"merged_category_2":null,"merged_category_3":null,"technic_1":"481","technic_2":"0","technic_3":"0","color_1":"1474","color_2":"519","color_3":"525","product_description_old":null,"product_description":"N\u00e9vre sz\u00f3l\u00f3 aj\u00e1nd\u00e9k gyerekeknek keresztel\u0151re babal\u00e1togat\u00e1sra.\nEzeket a festett s\u00e1mlikat  m\u00e1r haszn\u00e1lj\u00e1k a kis tulajdonosok.\nHasonl\u00f3t k\u00e9sz\u00edt\u00fcnk megrendel\u00e9sre.\nSzem\u00e9lyre sz\u00f3l\u00f3, mes\u00e9s s\u00e1mlikat k\u00e9sz\u00edt\u00fcnk kisl\u00e1nyoknak \u00e9s kisfi\u00faknak.\nMegrendel\u0151ink f\u0151leg keresztel\u0151 \u00e9s babal\u00e1togat\u00f3 aj\u00e1nd\u00e9kba viszik,\n mert egyedi, k\u00fcl\u00f6nleges szem\u00e9lyre  sz\u00f3l\u00f3.\nA s\u00e1mlit az  Eradekor tervezte.\nSZ\u00c9LES, BIZTONS\u00c1GOS!\nA gyerekek nagyon szeretik a s\u00e1mlit!\nAzonnal tudj\u00e1k mire val\u00f3.\n Ez a BABA m\u00e9ret,  1 \u00e9ves kort\u00f3l m\u00e1r haszn\u00e1lhat\u00f3.\nA kis tulajdonos nev\u00e9t \u00edrjuk a s\u00e1mli \u00edves el\u0151lapj\u00e1ra.\n\nM\u00e9ret:30x20x20cm\nAnyuka \u00e9s apuka is r\u00e1\u00fclhet.\nGyerek bar\u00e1t lakkal kezelt, nedves ruh\u00e1val t\u00f6r\u00f6lhet\u0151.\n\n\n\n\n\n \n\n\n","price":"35500.00","unit":"db","recommended":"0","status":"1","sponsored":"0","exp_notify":"0","own_material":"0","own_material_description_old":null,"own_material_description":"","jury":"0","jury_number":"","product_nature":"","meskaracsony":"0","create_date":"2026-01-19 11:04:40","shelve_id":"72564","image":"eradekor_product_94_231111153918_832629.jpeg","image_width":"480","image_height":"480","image_alt":"Nyuszis mese aj\u00e1nd\u00e9k kisl\u00e1nynak keresztel\u0151re, N\u00e9vre sz\u00f3l\u00f3 aj\u00e1nd\u00e9k gyerekeknek keresztel\u0151re babal\u00e1togat\u00e1sra.\\nEzeket a festett s\u00e1mlikat  m\u00e1r haszn\u00e1l..., Meska","image_title":"Nyuszis mese aj\u00e1nd\u00e9k kisl\u00e1nynak keresztel\u0151re, Meska","view_count":"265","favourite_count":"0","trending_score":"0","last2MonthFavouriteCount":"0","promotion":"0","giftcard_accept":"0","creditcard_accept":false,"enhanced_background":"0","domain":"meska","specific_customer_id":null,"specific_customer_name":null,"to_order_product":"1","to_order_product_time":"11","product_different":"not_different","product_different_description":"","vintage":"0","vintage_category_id":"0","recycled":"0","gemstone_id":"0","customizable":"1","type_category":"physical","zerowaste":"0","postage_price":"2390.00","shop_order":"0","has_category":"1","landing_pages":null,"microdata":{"number":56,"category":""},"title":"Nyuszis mese aj\u00e1nd\u00e9k kisl\u00e1nynak keresztel\u0151re","description":"N\u00e9vre sz\u00f3l\u00f3 aj\u00e1nd\u00e9k gyerekeknek keresztel\u0151re babal\u00e1togat\u00e1sra.\nEzeket a festett s\u00e1mlikat  m\u00e1r haszn\u00e1lj\u00e1k a kis tulajdonosok.\nHasonl\u00f3t k\u00e9sz\u00edt\u00fcnk megrendel\u00e9sre.\nSzem\u00e9lyre sz\u00f3l\u00f3, mes\u00e9s s\u00e1mlikat k\u00e9sz\u00edt\u00fcnk kisl\u00e1nyoknak \u00e9s kisfi\u00faknak.\nMegrendel\u0151ink f\u0151leg keresztel\u0151 \u00e9s babal\u00e1togat\u00f3 aj\u00e1nd\u00e9kba viszik,\n mert egyedi, k\u00fcl\u00f6nleges szem\u00e9lyre  sz\u00f3l\u00f3.\nA s\u00e1mlit az  Eradekor tervezte.\nSZ\u00c9LES, BIZTONS\u00c1GOS!\nA gyerekek nagyon szeretik a s\u00e1mlit!\nAzonnal tudj\u00e1k mire val\u00f3.\n Ez a BABA m\u00e9ret,  1 \u00e9ves kort\u00f3l m\u00e1r haszn\u00e1lhat\u00f3.\nA kis tulajdonos nev\u00e9t \u00edrjuk a s\u00e1mli \u00edves el\u0151lapj\u00e1ra.\n\nM\u00e9ret:30x20x20cm\nAnyuka \u00e9s apuka is r\u00e1\u00fclhet.\nGyerek bar\u00e1t lakkal kezelt, nedves ruh\u00e1val t\u00f6r\u00f6lhet\u0151.\n\n\n\n\n\n \n\n\n","score":114.87845,"formatted_price":"35 500 Ft","image_url":"https:\/\/www.meska.hu\/img\/product\/small\/e\/r\/eradekor_product_94_231111153918_832629.jpeg","formatted_url":"https:\/\/www.meska.hu\/p5524821-nyuszis-mese-ajandek-kislanynak-keresztelore","favourite":false,"in_stock":false,"avatar":"Eradekor_avatar_94.jpg","delete_from":0,"is_enhanced_background":false,"is_enhanced":false,"product_selection_started":false,"is_active":true,"image_webp_url":"https:\/\/www.meska.hu\/img\/product\/small\/e\/r\/eradekor_product_94_231111153918_832629.webp"},{"id":"6090307","shop_id":"51","user_id":"94","shop_name":"Eradekor","shop_zip":"1194","product_code":"5717771","product_name_old":null,"product_name":"Festett s\u00e1mli, aj\u00e1nd\u00e9k kisl\u00e1nynak keresztel\u0151re","category_string":"Baba - mama, Keresztel\u0151 kell\u00e9kek, Keresztel\u0151aj\u00e1nd\u00e9kok","technic_string":"Festett t\u00e1rgyak","category_1":"1735","category_2":"1745","category_3":"1495","category_4":"0","merged_category_1":null,"merged_category_2":null,"merged_category_3":null,"technic_1":"481","technic_2":"0","technic_3":"0","color_1":"519","color_2":"522","color_3":"525","product_description_old":null,"product_description":"N\u00e9vre sz\u00f3l\u00f3 aj\u00e1nd\u00e9k gyerekeknek keresztel\u0151re babal\u00e1togat\u00e1sra.\nEzeket a festett s\u00e1mlikat  m\u00e1r haszn\u00e1lj\u00e1k a kis tulajdonosok.\nHasonl\u00f3t k\u00e9sz\u00edt\u00fcnk megrendel\u00e9sre.\nSzem\u00e9lyre sz\u00f3l\u00f3, mes\u00e9s s\u00e1mlikat k\u00e9sz\u00edt\u00fcnk kisl\u00e1nyoknak \u00e9s kisfi\u00faknak.\nMegrendel\u0151ink f\u0151leg keresztel\u0151 \u00e9s babal\u00e1togat\u00f3 aj\u00e1nd\u00e9kba viszik,\n mert egyedi, k\u00fcl\u00f6nleges szem\u00e9lyre  sz\u00f3l\u00f3.\nA s\u00e1mlit az  Eradekor tervezte.\nSZ\u00c9LES, BIZTONS\u00c1GOS!\nA gyerekek nagyon szeretik a s\u00e1mlit!\nAzonnal tudj\u00e1k mire val\u00f3.\n Ez a BABA m\u00e9ret,  1 \u00e9ves kort\u00f3l m\u00e1r haszn\u00e1lhat\u00f3.\nA kis tulajdonos nev\u00e9t \u00edrjuk a s\u00e1mli \u00edves el\u0151lapj\u00e1ra.\n\nM\u00e9ret:30x20x20cm\nAnyuka \u00e9s apuka is r\u00e1\u00fclhet.\nGyerek bar\u00e1t lakkal kezelt, nedves ruh\u00e1val t\u00f6r\u00f6lhet\u0151.\n\n\n\n\n\n \n\n\n","price":"35500.00","unit":"db","recommended":"0","status":"1","sponsored":"0","exp_notify":"0","own_material":"0","own_material_description_old":null,"own_material_description":"","jury":"0","jury_number":"","product_nature":"","meskaracsony":"0","create_date":"2026-01-21 13:05:31","shelve_id":"72564","image":"eradekor_product_94_260121130524_599576.jpeg","image_width":"480","image_height":"480","image_alt":"Festett s\u00e1mli, aj\u00e1nd\u00e9k kisl\u00e1nynak keresztel\u0151re, N\u00e9vre sz\u00f3l\u00f3 aj\u00e1nd\u00e9k gyerekeknek keresztel\u0151re babal\u00e1togat\u00e1sra.\\nEzeket a festett s\u00e1mlikat  m\u00e1r haszn\u00e1l..., Meska","image_title":"Festett s\u00e1mli, aj\u00e1nd\u00e9k kisl\u00e1nynak keresztel\u0151re, Meska","view_count":"80","favourite_count":"1","trending_score":"0","last2MonthFavouriteCount":"0","promotion":"0","giftcard_accept":"0","creditcard_accept":false,"enhanced_background":"0","domain":"meska","specific_customer_id":null,"specific_customer_name":null,"to_order_product":"1","to_order_product_time":"12","product_different":"not_different","product_different_description":"","vintage":"0","vintage_category_id":"0","recycled":"0","gemstone_id":"0","customizable":"1","type_category":"physical","zerowaste":"0","postage_price":"2390.00","shop_order":"0","has_category":"1","landing_pages":null,"microdata":{"number":57,"category":""},"title":"Festett s\u00e1mli, aj\u00e1nd\u00e9k kisl\u00e1nynak keresztel\u0151re","description":"N\u00e9vre sz\u00f3l\u00f3 aj\u00e1nd\u00e9k gyerekeknek keresztel\u0151re babal\u00e1togat\u00e1sra.\nEzeket a festett s\u00e1mlikat  m\u00e1r haszn\u00e1lj\u00e1k a kis tulajdonosok.\nHasonl\u00f3t k\u00e9sz\u00edt\u00fcnk megrendel\u00e9sre.\nSzem\u00e9lyre sz\u00f3l\u00f3, mes\u00e9s s\u00e1mlikat k\u00e9sz\u00edt\u00fcnk kisl\u00e1nyoknak \u00e9s kisfi\u00faknak.\nMegrendel\u0151ink f\u0151leg keresztel\u0151 \u00e9s babal\u00e1togat\u00f3 aj\u00e1nd\u00e9kba viszik,\n mert egyedi, k\u00fcl\u00f6nleges szem\u00e9lyre  sz\u00f3l\u00f3.\nA s\u00e1mlit az  Eradekor tervezte.\nSZ\u00c9LES, BIZTONS\u00c1GOS!\nA gyerekek nagyon szeretik a s\u00e1mlit!\nAzonnal tudj\u00e1k mire val\u00f3.\n Ez a BABA m\u00e9ret,  1 \u00e9ves kort\u00f3l m\u00e1r haszn\u00e1lhat\u00f3.\nA kis tulajdonos nev\u00e9t \u00edrjuk a s\u00e1mli \u00edves el\u0151lapj\u00e1ra.\n\nM\u00e9ret:30x20x20cm\nAnyuka \u00e9s apuka is r\u00e1\u00fclhet.\nGyerek bar\u00e1t lakkal kezelt, nedves ruh\u00e1val t\u00f6r\u00f6lhet\u0151.\n\n\n\n\n\n \n\n\n","score":114.87845,"formatted_price":"35 500 Ft","image_url":"https:\/\/www.meska.hu\/img\/product\/small\/e\/r\/eradekor_product_94_260121130524_599576.jpeg","formatted_url":"https:\/\/www.meska.hu\/p5717771-festett-samli-ajandek-kislanynak-keresztelore","favourite":false,"in_stock":false,"avatar":"Eradekor_avatar_94.jpg","delete_from":0,"is_enhanced_background":false,"is_enhanced":false,"product_selection_started":false,"is_active":true,"image_webp_url":"https:\/\/www.meska.hu\/img\/product\/small\/e\/r\/eradekor_product_94_260121130524_599576.webp"},{"id":"5524783","shop_id":"37080","user_id":"491542","shop_name":"Antiquelive","shop_zip":"9021","product_code":"5399319","product_name_old":null,"product_name":"Antik 134 \u00e9ves ez\u00fcst\u00f6z\u00f6tt keresztel\u0151 aj\u00e1nd\u00e9k","category_string":"Baba - mama, Keresztel\u0151 kell\u00e9kek, Keresztel\u0151aj\u00e1nd\u00e9kok","technic_string":"F\u00e9mmegmunk\u00e1l\u00e1s","category_1":"1735","category_2":"1745","category_3":"1495","category_4":"0","merged_category_1":null,"merged_category_2":null,"merged_category_3":null,"technic_1":"479","technic_2":"0","technic_3":"0","color_1":"518","color_2":"0","color_3":"0","product_description_old":null,"product_description":"Csodasz\u00e9p antik ez\u00fcst\u00f6z\u00f6tt alpakka gyermek keresztel\u0151 aj\u00e1nd\u00e9k, \u00e9tk\u00e9szlet. A darabok h\u00e1toldal\u00e1n A. I. vagy J.A. esetleg I. A. monogram van sz\u00e9p kalligr\u00e1f v\u00e9s\u00e9ssel \u00e9s alatta egy d\u00e1tum: 1892. Dez. 24. A k\u00e9szlet a h\u00e1toldali be\u00fct\u00e9s \u00e9s mesterjel szerint Albert Kohler \u00e9s Cie nev\u0171 osztr\u00e1k vagy n\u00e9met f\u00e9mm\u0171ves m\u0171helyben k\u00e9sz\u00fclt az 1800-as \u00e9vek v\u00e9g\u00e9n. Teh\u00e1t t\u00f6bb mint 130 \u00e9ves gy\u00f6ny\u00f6r\u0171 darabok. Babakeresztel\u0151re sz\u00e9ps\u00e9ges kis aj\u00e1nd\u00e9k lehet. Egy dolog azonban biztos, a v\u00e9s\u00e9s szerint egy 134 \u00e9vvel ezel\u0151tti kar\u00e1csonyon valaki nagyon \u00f6r\u00fclhetett ennek a sz\u00e9p kis k\u00e9szletnek. \u00c9n azt szeretn\u00e9m - ha m\u00e1r id\u00e1ig fennmaradt - hogy ism\u00e9t olyan \u00f6r\u00f6met szerezzen mint egykoron, \u00e9s valaki \u00fajra vigy\u00e1zna r\u00e1 legal\u00e1bb m\u00e9g 100 \u00e9vig .\nA kan\u00e1lka \u00e9s villa 17,5 cm hossz\u00fa, a dobozka 23,5 x 15 x 4 cm-es.","price":"18000.00","unit":"db","recommended":"0","status":"1","sponsored":"0","exp_notify":"0","own_material":"0","own_material_description_old":null,"own_material_description":"","jury":"0","jury_number":"","product_nature":"","meskaracsony":"0","create_date":"2026-02-11 07:14:31","shelve_id":"0","image":"antiquelive_product_491542_241018115525_177898.png","image_width":"480","image_height":"480","image_alt":"Antik 134 \u00e9ves ez\u00fcst\u00f6z\u00f6tt keresztel\u0151 aj\u00e1nd\u00e9k, Csodasz\u00e9p antik ez\u00fcst\u00f6z\u00f6tt alpakka gyermek keresztel\u0151 aj\u00e1nd\u00e9k, \u00e9tk\u00e9szlet. A darabok h\u00e1toldal\u00e1n A. I...., Meska","image_title":"Antik 134 \u00e9ves ez\u00fcst\u00f6z\u00f6tt keresztel\u0151 aj\u00e1nd\u00e9k, Meska","view_count":"1228","favourite_count":"0","trending_score":"0","last2MonthFavouriteCount":"0","promotion":"0","giftcard_accept":"0","creditcard_accept":false,"enhanced_background":"0","domain":"meska","specific_customer_id":null,"specific_customer_name":null,"to_order_product":"0","to_order_product_time":"0","product_different":null,"product_different_description":"","vintage":"0","vintage_category_id":"0","recycled":"0","gemstone_id":"0","customizable":"0","type_category":"physical","zerowaste":"0","postage_price":"1290.00","shop_order":"0","has_category":"1","landing_pages":null,"microdata":{"number":58,"category":""},"title":"Antik 134 \u00e9ves ez\u00fcst\u00f6z\u00f6tt keresztel\u0151 aj\u00e1nd\u00e9k","description":"Csodasz\u00e9p antik ez\u00fcst\u00f6z\u00f6tt alpakka gyermek keresztel\u0151 aj\u00e1nd\u00e9k, \u00e9tk\u00e9szlet. A darabok h\u00e1toldal\u00e1n A. I. vagy J.A. esetleg I. A. monogram van sz\u00e9p kalligr\u00e1f v\u00e9s\u00e9ssel \u00e9s alatta egy d\u00e1tum: 1892. Dez. 24. A k\u00e9szlet a h\u00e1toldali be\u00fct\u00e9s \u00e9s mesterjel szerint Albert Kohler \u00e9s Cie nev\u0171 osztr\u00e1k vagy n\u00e9met f\u00e9mm\u0171ves m\u0171helyben k\u00e9sz\u00fclt az 1800-as \u00e9vek v\u00e9g\u00e9n. Teh\u00e1t t\u00f6bb mint 130 \u00e9ves gy\u00f6ny\u00f6r\u0171 darabok. Babakeresztel\u0151re sz\u00e9ps\u00e9ges kis aj\u00e1nd\u00e9k lehet. Egy dolog azonban biztos, a v\u00e9s\u00e9s szerint egy 134 \u00e9vvel ezel\u0151tti kar\u00e1csonyon valaki nagyon \u00f6r\u00fclhetett ennek a sz\u00e9p kis k\u00e9szletnek. \u00c9n azt szeretn\u00e9m - ha m\u00e1r id\u00e1ig fennmaradt - hogy ism\u00e9t olyan \u00f6r\u00f6met szerezzen mint egykoron, \u00e9s valaki \u00fajra vigy\u00e1zna r\u00e1 legal\u00e1bb m\u00e9g 100 \u00e9vig .\nA kan\u00e1lka \u00e9s villa 17,5 cm hossz\u00fa, a dobozka 23,5 x 15 x 4 cm-es.","score":114.87845,"formatted_price":"18 000 Ft","image_url":"https:\/\/www.meska.hu\/img\/product\/small\/a\/n\/antiquelive_product_491542_241018115525_177898.png","formatted_url":"https:\/\/www.meska.hu\/p5399319-antik-132-eves-ezustozott-keresztelo-keszlet","favourite":false,"in_stock":true,"avatar":"491542_avatar_1648132055.png","delete_from":0,"is_enhanced_background":false,"is_enhanced":false,"product_selection_started":false,"is_active":true,"image_webp_url":"https:\/\/www.meska.hu\/img\/product\/small\/a\/n\/antiquelive_product_491542_241018115525_177898.webp"},{"id":"5408728","shop_id":"40534","user_id":"563496","shop_name":"Dekorajandekbolt","shop_zip":"2363","product_code":"5325010","product_name_old":null,"product_name":" Keresztel\u0151 aj\u00e1nd\u00e9k   ","category_string":"Baba - mama, Keresztel\u0151aj\u00e1nd\u00e9kok, Keresztel\u0151 kell\u00e9kek","technic_string":"Fot\u00f3, grafika, rajz, illusztr\u00e1ci\u00f3","category_1":"1495","category_2":"1745","category_3":"1735","category_4":"0","merged_category_1":null,"merged_category_2":null,"merged_category_3":null,"technic_1":"483","technic_2":"0","technic_3":"0","color_1":"534","color_2":"0","color_3":"0","product_description_old":null,"product_description":"Keresztel\u0151re m\u00e9sz \u00e9s nem tudod, mit vigy\u00e9l aj\u00e1nd\u00e9kba?\nSzeretn\u00e9l valami maradand\u00f3t, m\u00e9gis egyedit!\nAkkor megtl\u00e1ltad amit kerest\u00e9l!\n\nEz a pillang\u00f3val d\u00edsz\u00edtett k\u00e9p kedves kis aj\u00e1nd\u00e9k lehet a csal\u00e1d sz\u00e1m\u00e1ra \u00e9s a k\u00e9s\u0151bbiekben pedig sz\u00e9p eml\u00e9k a megkeresztelt gyermeknek!\nA k\u00e9pen szerepelhet a gyermek neve, a kersztel\u0151 d\u00e1tuma  \u00e9s egy kedves sz\u00f6veg eml\u00e9k\u00fcl!\nA k\u00e9p sz\u00e9p dekor\u00e1ci\u00f3 lehet a gyermekmek szob\u00e1j\u00e1ban \u00e9s egyben \u00f6r\u00f6k eml\u00e9kk\u00e9nt is szolg\u00e1lhat..\n\nA k\u00e9p keret m\u00e9rete 20x25 cm\nFa keretes \u00e9s \u00fcveg el\u0151lapos.\n\nA term\u00e9ket igyeksz\u00fcnk a lehet\u0151 leggondosabban becsomagolni,\nde lehet\u0151s\u00e9g van a csomag t\u00f6r\u00e9keny kezel\u00e9s\u00e9re is (+1450 Ft), amit az extr\u00e1k leg\u00f6rd\u00fcl\u0151 men\u00fcb\u0151l lehet kiv\u00e1lasztani.\nA term\u00e9ket egy\u00e9bk\u00e9nt sima csomagk\u00e9nt k\u00fcldj\u00fck \u00e9s s\u00e9r\u00fcl\u00e9s eset\u00e9n nem tudjuk elfogadni a reklam\u00e1ci\u00f3t. \nA s\u00e9r\u00fclt term\u00e9ket ig\u00e9ny eset\u00e9n term\u00e9szetesen  \u00fajb\u00f3li elk\u00e9sz\u00edtj\u00fck, de ennek a k\u00f6lts\u00e9ge a vev\u0151t terheli.\n\nSzem\u00e9lyesen Fels\u0151pakonyon tudod \u00e1tvenni vagy pedig post\u00e1z\u00e1ssal is tudod k\u00e9rni.\n\n","price":"3990.00","unit":"db","recommended":"0","status":"1","sponsored":"0","exp_notify":"0","own_material":"0","own_material_description_old":null,"own_material_description":"","jury":"0","jury_number":"","product_nature":"","meskaracsony":"0","create_date":"2026-03-03 16:00:19","shelve_id":"0","image":"dekorajandekbolt_product_563496_240717120952_32974.png","image_width":"480","image_height":"544","image_alt":" Keresztel\u0151 aj\u00e1nd\u00e9k   , Keresztel\u0151re m\u00e9sz \u00e9s nem tudod, mit vigy\u00e9l aj\u00e1nd\u00e9kba?\\nSzeretn\u00e9l valami maradand\u00f3t, m\u00e9gis egyedit!\\nAk..., Meska","image_title":" Keresztel\u0151 aj\u00e1nd\u00e9k   , Meska","view_count":"1337","favourite_count":"0","trending_score":"0","last2MonthFavouriteCount":"0","promotion":"0","giftcard_accept":"0","creditcard_accept":true,"enhanced_background":"0","domain":"meska","specific_customer_id":null,"specific_customer_name":null,"to_order_product":"1","to_order_product_time":"10","product_different":null,"product_different_description":"","vintage":"0","vintage_category_id":"0","recycled":"0","gemstone_id":"0","customizable":"1","type_category":"physical","zerowaste":"0","postage_price":"2390.00","shop_order":"0","has_category":"1","landing_pages":null,"microdata":{"number":59,"category":""},"title":" Keresztel\u0151 aj\u00e1nd\u00e9k   ","description":"Keresztel\u0151re m\u00e9sz \u00e9s nem tudod, mit vigy\u00e9l aj\u00e1nd\u00e9kba?\nSzeretn\u00e9l valami maradand\u00f3t, m\u00e9gis egyedit!\nAkkor megtl\u00e1ltad amit kerest\u00e9l!\n\nEz a pillang\u00f3val d\u00edsz\u00edtett k\u00e9p kedves kis aj\u00e1nd\u00e9k lehet a csal\u00e1d sz\u00e1m\u00e1ra \u00e9s a k\u00e9s\u0151bbiekben pedig sz\u00e9p eml\u00e9k a megkeresztelt gyermeknek!\nA k\u00e9pen szerepelhet a gyermek neve, a kersztel\u0151 d\u00e1tuma  \u00e9s egy kedves sz\u00f6veg eml\u00e9k\u00fcl!\nA k\u00e9p sz\u00e9p dekor\u00e1ci\u00f3 lehet a gyermekmek szob\u00e1j\u00e1ban \u00e9s egyben \u00f6r\u00f6k eml\u00e9kk\u00e9nt is szolg\u00e1lhat..\n\nA k\u00e9p keret m\u00e9rete 20x25 cm\nFa keretes \u00e9s \u00fcveg el\u0151lapos.\n\nA term\u00e9ket igyeksz\u00fcnk a lehet\u0151 leggondosabban becsomagolni,\nde lehet\u0151s\u00e9g van a csomag t\u00f6r\u00e9keny kezel\u00e9s\u00e9re is (+1450 Ft), amit az extr\u00e1k leg\u00f6rd\u00fcl\u0151 men\u00fcb\u0151l lehet kiv\u00e1lasztani.\nA term\u00e9ket egy\u00e9bk\u00e9nt sima csomagk\u00e9nt k\u00fcldj\u00fck \u00e9s s\u00e9r\u00fcl\u00e9s eset\u00e9n nem tudjuk elfogadni a reklam\u00e1ci\u00f3t. \nA s\u00e9r\u00fclt term\u00e9ket ig\u00e9ny eset\u00e9n term\u00e9szetesen  \u00fajb\u00f3li elk\u00e9sz\u00edtj\u00fck, de ennek a k\u00f6lts\u00e9ge a vev\u0151t terheli.\n\nSzem\u00e9lyesen Fels\u0151pakonyon tudod \u00e1tvenni vagy pedig post\u00e1z\u00e1ssal is tudod k\u00e9rni.\n\n","score":114.87845,"formatted_price":"3 990 Ft","image_url":"https:\/\/www.meska.hu\/img\/product\/small\/d\/e\/dekorajandekbolt_product_563496_240717120952_32974.png","formatted_url":"https:\/\/www.meska.hu\/p5325010-keresztelo-ajandek","favourite":false,"in_stock":false,"avatar":"563496_avatar_1678657616.jpeg","delete_from":0,"is_enhanced_background":false,"is_enhanced":false,"product_selection_started":false,"is_active":true,"image_webp_url":"https:\/\/www.meska.hu\/img\/product\/small\/d\/e\/dekorajandekbolt_product_563496_240717120952_32974.webp"},{"id":"6127278","shop_id":"51","user_id":"94","shop_name":"Eradekor","shop_zip":"1194","product_code":"5740202","product_name_old":null,"product_name":"Festett s\u00e1mli, aj\u00e1nd\u00e9k kisl\u00e1nynak keresztel\u0151re","category_string":"Baba - mama, Keresztel\u0151 kell\u00e9kek, Keresztel\u0151aj\u00e1nd\u00e9kok","technic_string":"Festett t\u00e1rgyak","category_1":"1735","category_2":"1745","category_3":"1495","category_4":"0","merged_category_1":null,"merged_category_2":null,"merged_category_3":null,"technic_1":"481","technic_2":"0","technic_3":"0","color_1":"519","color_2":"522","color_3":"525","product_description_old":null,"product_description":"N\u00e9vre sz\u00f3l\u00f3 aj\u00e1nd\u00e9k gyerekeknek keresztel\u0151re babal\u00e1togat\u00e1sra.\nEzeket a festett s\u00e1mlikat  m\u00e1r haszn\u00e1lj\u00e1k a kis tulajdonosok.\nHasonl\u00f3t k\u00e9sz\u00edt\u00fcnk megrendel\u00e9sre.\nSzem\u00e9lyre sz\u00f3l\u00f3, mes\u00e9s s\u00e1mlikat k\u00e9sz\u00edt\u00fcnk kisl\u00e1nyoknak \u00e9s kisfi\u00faknak.\nMegrendel\u0151ink f\u0151leg keresztel\u0151 \u00e9s babal\u00e1togat\u00f3 aj\u00e1nd\u00e9kba viszik,\n mert egyedi, k\u00fcl\u00f6nleges szem\u00e9lyre  sz\u00f3l\u00f3.\nA s\u00e1mlit az  Eradekor tervezte.\nSZ\u00c9LES, BIZTONS\u00c1GOS!\nA gyerekek nagyon szeretik a s\u00e1mlit!\nAzonnal tudj\u00e1k mire val\u00f3.\n Ez a BABA m\u00e9ret,  1 \u00e9ves kort\u00f3l m\u00e1r haszn\u00e1lhat\u00f3.\nA kis tulajdonos nev\u00e9t \u00edrjuk a s\u00e1mli \u00edves el\u0151lapj\u00e1ra.\n\nM\u00e9ret:30x20x20cm\nAnyuka \u00e9s apuka is r\u00e1\u00fclhet.\nGyerek bar\u00e1t lakkal kezelt, nedves ruh\u00e1val t\u00f6r\u00f6lhet\u0151.\n\n\n\n\n\n \n\n\n","price":"35500.00","unit":"db","recommended":"0","status":"1","sponsored":"0","exp_notify":"0","own_material":"0","own_material_description_old":null,"own_material_description":"","jury":"0","jury_number":"","product_nature":"","meskaracsony":"0","create_date":"2026-04-10 10:36:55","shelve_id":"72564","image":"eradekor_product_94_260121130524_599576.jpeg","image_width":"480","image_height":"480","image_alt":"Festett s\u00e1mli, aj\u00e1nd\u00e9k kisl\u00e1nynak keresztel\u0151re, N\u00e9vre sz\u00f3l\u00f3 aj\u00e1nd\u00e9k gyerekeknek keresztel\u0151re babal\u00e1togat\u00e1sra.\\nEzeket a festett s\u00e1mlikat  m\u00e1r haszn\u00e1l..., Meska","image_title":"Festett s\u00e1mli, aj\u00e1nd\u00e9k kisl\u00e1nynak keresztel\u0151re, Meska","view_count":"81","favourite_count":"1","trending_score":"0","last2MonthFavouriteCount":"1","promotion":"0","giftcard_accept":"0","creditcard_accept":false,"enhanced_background":"0","domain":"meska","specific_customer_id":null,"specific_customer_name":null,"to_order_product":"1","to_order_product_time":"8","product_different":"not_different","product_different_description":"","vintage":"0","vintage_category_id":"0","recycled":"0","gemstone_id":"0","customizable":"1","type_category":"physical","zerowaste":"0","postage_price":"2390.00","shop_order":"0","has_category":"1","landing_pages":null,"microdata":{"number":60,"category":""},"title":"Festett s\u00e1mli, aj\u00e1nd\u00e9k kisl\u00e1nynak keresztel\u0151re","description":"N\u00e9vre sz\u00f3l\u00f3 aj\u00e1nd\u00e9k gyerekeknek keresztel\u0151re babal\u00e1togat\u00e1sra.\nEzeket a festett s\u00e1mlikat  m\u00e1r haszn\u00e1lj\u00e1k a kis tulajdonosok.\nHasonl\u00f3t k\u00e9sz\u00edt\u00fcnk megrendel\u00e9sre.\nSzem\u00e9lyre sz\u00f3l\u00f3, mes\u00e9s s\u00e1mlikat k\u00e9sz\u00edt\u00fcnk kisl\u00e1nyoknak \u00e9s kisfi\u00faknak.\nMegrendel\u0151ink f\u0151leg keresztel\u0151 \u00e9s babal\u00e1togat\u00f3 aj\u00e1nd\u00e9kba viszik,\n mert egyedi, k\u00fcl\u00f6nleges szem\u00e9lyre  sz\u00f3l\u00f3.\nA s\u00e1mlit az  Eradekor tervezte.\nSZ\u00c9LES, BIZTONS\u00c1GOS!\nA gyerekek nagyon szeretik a s\u00e1mlit!\nAzonnal tudj\u00e1k mire val\u00f3.\n Ez a BABA m\u00e9ret,  1 \u00e9ves kort\u00f3l m\u00e1r haszn\u00e1lhat\u00f3.\nA kis tulajdonos nev\u00e9t \u00edrjuk a s\u00e1mli \u00edves el\u0151lapj\u00e1ra.\n\nM\u00e9ret:30x20x20cm\nAnyuka \u00e9s apuka is r\u00e1\u00fclhet.\nGyerek bar\u00e1t lakkal kezelt, nedves ruh\u00e1val t\u00f6r\u00f6lhet\u0151.\n\n\n\n\n\n \n\n\n","score":114.87845,"formatted_price":"35 500 Ft","image_url":"https:\/\/www.meska.hu\/img\/product\/small\/e\/r\/eradekor_product_94_260121130524_599576.jpeg","formatted_url":"https:\/\/www.meska.hu\/p5740202-festett-samli-ajandek-kislanynak-keresztelore","favourite":false,"in_stock":false,"avatar":"Eradekor_avatar_94.jpg","delete_from":0,"is_enhanced_background":false,"is_enhanced":false,"product_selection_started":false,"is_active":true,"image_webp_url":"https:\/\/www.meska.hu\/img\/product\/small\/e\/r\/eradekor_product_94_260121130524_599576.webp"},{"id":"5740384","shop_id":"40534","user_id":"563496","shop_name":"Dekorajandekbolt","shop_zip":"2363","product_code":"5528441","product_name_old":null,"product_name":" Keresztel\u0151 aj\u00e1nd\u00e9k   ","category_string":"Baba - mama, Keresztel\u0151aj\u00e1nd\u00e9kok, Keresztel\u0151 kell\u00e9kek","technic_string":"Fot\u00f3, grafika, rajz, illusztr\u00e1ci\u00f3","category_1":"1495","category_2":"1745","category_3":"1735","category_4":"0","merged_category_1":null,"merged_category_2":null,"merged_category_3":null,"technic_1":"483","technic_2":"0","technic_3":"0","color_1":"514","color_2":"534","color_3":"0","product_description_old":null,"product_description":"Keresztel\u0151re m\u00e9sz \u00e9s nem tudod, mit vigy\u00e9l aj\u00e1nd\u00e9kba?\nSzeretn\u00e9l valami maradand\u00f3t, m\u00e9gis egyedit!\nAkkor megtl\u00e1ltad amit kerest\u00e9l!\n\nEz a pillang\u00f3val d\u00edsz\u00edtett k\u00e9p kedves kis aj\u00e1nd\u00e9k lehet a csal\u00e1d sz\u00e1m\u00e1ra \u00e9s a k\u00e9s\u0151bbiekben pedig sz\u00e9p eml\u00e9k a megkeresztelt gyermeknek!\nA k\u00e9pen szerepelhet a gyermek neve, a kersztel\u0151 d\u00e1tuma  \u00e9s egy kedves sz\u00f6veg eml\u00e9k\u00fcl!\nA k\u00e9p sz\u00e9p dekor\u00e1ci\u00f3 lehet a gyermekmek szob\u00e1j\u00e1ban \u00e9s egyben \u00f6r\u00f6k eml\u00e9kk\u00e9nt is szolg\u00e1lhat..\n\nA k\u00e9p keret m\u00e9rete 20x25 cm\nFa keretes \u00e9s \u00fcveg el\u0151lapos.\nRendelhet\u0151 sz\u00ednek:\n - k\u00e9k\n- r\u00f3zsasz\u00edn\n- z\u00f6ld\n\nA term\u00e9ket igyeksz\u00fcnk a lehet\u0151 leggondosabban becsomagolni,\nde lehet\u0151s\u00e9g van a csomag t\u00f6r\u00e9keny kezel\u00e9s\u00e9re is (+1450 Ft), amit az extr\u00e1k leg\u00f6rd\u00fcl\u0151 men\u00fcb\u0151l lehet kiv\u00e1lasztani.\nA term\u00e9ket egy\u00e9bk\u00e9nt sima csomagk\u00e9nt k\u00fcldj\u00fck \u00e9s s\u00e9r\u00fcl\u00e9s eset\u00e9n nem tudjuk elfogadni a reklam\u00e1ci\u00f3t. \nA s\u00e9r\u00fclt term\u00e9ket ig\u00e9ny eset\u00e9n term\u00e9szetesen  \u00fajb\u00f3li elk\u00e9sz\u00edtj\u00fck, de ennek a k\u00f6lts\u00e9ge a vev\u0151t terheli.\n\nSzem\u00e9lyesen Fels\u0151pakonyon tudod \u00e1tvenni vagy pedig post\u00e1z\u00e1ssal is tudod k\u00e9rni.\n\n","price":"3990.00","unit":"db","recommended":"0","status":"1","sponsored":"0","exp_notify":"0","own_material":"0","own_material_description_old":null,"own_material_description":"","jury":"0","jury_number":"","product_nature":"","meskaracsony":"0","create_date":"2026-03-16 21:22:30","shelve_id":"0","image":"dekorajandekbolt_product_563496_240717120952_32974.png","image_width":"480","image_height":"544","image_alt":" Keresztel\u0151 aj\u00e1nd\u00e9k   , Keresztel\u0151re m\u00e9sz \u00e9s nem tudod, mit vigy\u00e9l aj\u00e1nd\u00e9kba?\\nSzeretn\u00e9l valami maradand\u00f3t, m\u00e9gis egyedit!\\nAk..., Meska","image_title":" Keresztel\u0151 aj\u00e1nd\u00e9k   , Meska","view_count":"819","favourite_count":"0","trending_score":"0","last2MonthFavouriteCount":"0","promotion":"0","giftcard_accept":"0","creditcard_accept":true,"enhanced_background":"0","domain":"meska","specific_customer_id":null,"specific_customer_name":null,"to_order_product":"1","to_order_product_time":"10","product_different":null,"product_different_description":"","vintage":"0","vintage_category_id":"0","recycled":"0","gemstone_id":"0","customizable":"1","type_category":"physical","zerowaste":"0","postage_price":"2390.00","shop_order":"0","has_category":"1","landing_pages":null,"microdata":{"number":61,"category":""},"title":" Keresztel\u0151 aj\u00e1nd\u00e9k   ","description":"Keresztel\u0151re m\u00e9sz \u00e9s nem tudod, mit vigy\u00e9l aj\u00e1nd\u00e9kba?\nSzeretn\u00e9l valami maradand\u00f3t, m\u00e9gis egyedit!\nAkkor megtl\u00e1ltad amit kerest\u00e9l!\n\nEz a pillang\u00f3val d\u00edsz\u00edtett k\u00e9p kedves kis aj\u00e1nd\u00e9k lehet a csal\u00e1d sz\u00e1m\u00e1ra \u00e9s a k\u00e9s\u0151bbiekben pedig sz\u00e9p eml\u00e9k a megkeresztelt gyermeknek!\nA k\u00e9pen szerepelhet a gyermek neve, a kersztel\u0151 d\u00e1tuma  \u00e9s egy kedves sz\u00f6veg eml\u00e9k\u00fcl!\nA k\u00e9p sz\u00e9p dekor\u00e1ci\u00f3 lehet a gyermekmek szob\u00e1j\u00e1ban \u00e9s egyben \u00f6r\u00f6k eml\u00e9kk\u00e9nt is szolg\u00e1lhat..\n\nA k\u00e9p keret m\u00e9rete 20x25 cm\nFa keretes \u00e9s \u00fcveg el\u0151lapos.\nRendelhet\u0151 sz\u00ednek:\n - k\u00e9k\n- r\u00f3zsasz\u00edn\n- z\u00f6ld\n\nA term\u00e9ket igyeksz\u00fcnk a lehet\u0151 leggondosabban becsomagolni,\nde lehet\u0151s\u00e9g van a csomag t\u00f6r\u00e9keny kezel\u00e9s\u00e9re is (+1450 Ft), amit az extr\u00e1k leg\u00f6rd\u00fcl\u0151 men\u00fcb\u0151l lehet kiv\u00e1lasztani.\nA term\u00e9ket egy\u00e9bk\u00e9nt sima csomagk\u00e9nt k\u00fcldj\u00fck \u00e9s s\u00e9r\u00fcl\u00e9s eset\u00e9n nem tudjuk elfogadni a reklam\u00e1ci\u00f3t. \nA s\u00e9r\u00fclt term\u00e9ket ig\u00e9ny eset\u00e9n term\u00e9szetesen  \u00fajb\u00f3li elk\u00e9sz\u00edtj\u00fck, de ennek a k\u00f6lts\u00e9ge a vev\u0151t terheli.\n\nSzem\u00e9lyesen Fels\u0151pakonyon tudod \u00e1tvenni vagy pedig post\u00e1z\u00e1ssal is tudod k\u00e9rni.\n\n","score":114.87845,"formatted_price":"3 990 Ft","image_url":"https:\/\/www.meska.hu\/img\/product\/small\/d\/e\/dekorajandekbolt_product_563496_240717120952_32974.png","formatted_url":"https:\/\/www.meska.hu\/p5528441-keresztelo-ajandek","favourite":false,"in_stock":false,"avatar":"563496_avatar_1678657616.jpeg","delete_from":0,"is_enhanced_background":false,"is_enhanced":false,"product_selection_started":false,"is_active":true,"image_webp_url":"https:\/\/www.meska.hu\/img\/product\/small\/d\/e\/dekorajandekbolt_product_563496_240717120952_32974.webp"},{"id":"6097675","shop_id":"51553","user_id":"767702","shop_name":"FourSeasonsDesigne","shop_zip":"9400","product_code":"5721914","product_name_old":null,"product_name":"Keresztel\u0151re k\u00e9pkeret id\u00e9zettel \u2013 finom, eleg\u00e1ns babaszoba dekor\u00e1ci\u00f3, vadvir\u00e1gos design, keresztel\u0151 aj\u00e1nd\u00e9k","category_string":"Baba - mama, Keresztel\u0151 kell\u00e9kek, Keresztel\u0151aj\u00e1nd\u00e9kok","technic_string":"Famegmunk\u00e1l\u00e1s, Fot\u00f3, grafika, rajz, illusztr\u00e1ci\u00f3","category_1":"1735","category_2":"1745","category_3":"1495","category_4":"0","merged_category_1":null,"merged_category_2":null,"merged_category_3":null,"technic_1":"478","technic_2":"483","technic_3":"0","color_1":"521","color_2":"532","color_3":"791","product_description_old":null,"product_description":"Modern, aranyos k\u00e9pkeret vadvir\u00e1g mint\u00e1val, t\u00f6k\u00e9letes aj\u00e1nd\u00e9k rokonokt\u00f3l, keresztsz\u00fcl\u0151kt\u0151l, nagysz\u00fcl\u0151kt\u0151l vagy sz\u00fcl\u0151kt\u0151l, amely sok-sok \u00e9ven \u00e1t meg\u0151rzi a keresztel\u0151 eml\u00e9k\u00e9t.\n\nA keret n\u00e9vvel, d\u00e1tummal \u00e9s egy kedves id\u00e9zettel k\u00e9sz\u00fcl, \u00edgy minden darab egyedi \u00e9s sz\u00edvb\u0151l j\u00f6v\u0151 aj\u00e1nd\u00e9k. Sz\u00e9pen mutat gyerekszob\u00e1ban, nappaliban vagy ak\u00e1r egy eml\u00e9ksarok r\u00e9szek\u00e9nt is.\nAz id\u00e9zet ig\u00e9ny szerint v\u00e1ltoztathat\u00f3.\n\n\u2665 Minden keret k\u00e9zzel festett, t\u00f6bb r\u00e9tegben felvitt s\u00f6t\u00e9t di\u00f3 \u00e1rnyalat\u00fa p\u00e1ccal. A keret elej\u00e9t saj\u00e1t tervez\u00e9s\u0171 grafik\u00e1m d\u00edsz\u00edti, amely professzion\u00e1lisan ker\u00fcl nyomtat\u00e1sra, majd gondosan felhelyez\u00e9sre.\n\n\u2665 A k\u00e9pkeret k\u00fcls\u0151 m\u00e9rete kb. 20 \u00d7 20 cm, a bels\u0151 ny\u00edl\u00e1s kb. 9 \u00d7 9 cm. Ez a m\u00e9ret k\u00f6nnyed\u00e9n kiv\u00e1ghat\u00f3 egy 10 \u00d7 15 cm-es f\u00e9nyk\u00e9pb\u0151l, \u00edgy t\u00f6k\u00e9letesen illeszkedik a keretbe. De ig\u00e9ny eset\u00e9n a fot\u00f3t elk\u00fcldheted nekem, \u00e9n pedig d\u00edjmentesen kinyomtatom \u00e9s elhelyezem a keretben.\n\n\u2665 A keret plexi el\u0151lappal \u00e9s egy fa kit\u00e1maszt\u00f3 p\u00e1lc\u00e1val \u00e9rkezik, \u00edgy polcon vagy asztalon is stabilan meg\u00e1ll.\n\nHOGYAN RENDELJ:\n\nK\u00e9rlek, a szem\u00e9lyre szab\u00e1s mez\u0151ben, illetve \u00fczenetben add meg az al\u00e1bbi adatokat:\n\n- a kiv\u00e1lasztott design\/h\u00e1tt\u00e9r k\u00f3dsz\u00e1m\u00e1t\n\n- a k\u00edv\u00e1nt neveket, d\u00e1tumot ha sz\u00fcks\u00e9ges\n\n- ha esetleg szeretn\u00e9l egyedi id\u00e9zetet \n\nA v\u00e1s\u00e1rl\u00e1st k\u00f6vet\u0151en l\u00e1tv\u00e1nytervet k\u00fcld\u00f6k j\u00f3v\u00e1hagy\u00e1sra, hogy biztosan t\u00f6k\u00e9letes legyen minden.\n\n\u2665 Ha valami igaz\u00e1n egyedit szeretn\u00e9l, vagy speci\u00e1lis elk\u00e9pzel\u00e9sed van, \u00edrj b\u00e1tran \u2013 \u00f6r\u00f6mmel k\u00e9sz\u00edtek sz\u00e1modra egy teljesen szem\u00e9lyre szabott darabot!\n\n\u2665 Ha a keretet aj\u00e1nd\u00e9kba sz\u00e1nod, sz\u00edvesen seg\u00edtek ebben is!\nK\u00fcldd el a megaj\u00e1nd\u00e9kozott c\u00edm\u00e9t \u00e9s egy k\u00edv\u00e1nt \u00fczenetet, \u00e9n pedig egy gy\u00f6ny\u00f6r\u0171 aj\u00e1nd\u00e9kk\u00eds\u00e9r\u0151 k\u00e1rty\u00e1t is k\u00e9sz\u00edtek hozz\u00e1 \u2013 teljesen d\u00edjmentesen\n\n\u2665 A t\u00e9nyleges sz\u00ednek enyh\u00e9n elt\u00e9rhetnek a k\u00e9perny\u0151n l\u00e1tottakt\u00f3l a monitorbe\u00e1ll\u00edt\u00e1sok miatt.\n\n\u2665 A term\u00e9keket a Mesk\u00e1-n megadott sz\u00e1ll\u00edt\u00e1si c\u00edmre k\u00fcld\u00f6m. K\u00e9rlek, ellen\u0151rizd, hogy az c\u00edm helyes-e. Ha m\u00e1s c\u00edmre szeretn\u00e9d a csomagot, vedd fel velem b\u00e1tran a kapcsolatot.\n\n\u2665 K\u00e9rlek vedd figyelembe, hogy minden keret egyedi \u00e9s kifejezetten sz\u00e1modra k\u00e9sz\u00fcl, ez\u00e9rt lemond\u00e1st, visszak\u00fcld\u00e9st vagy cser\u00e9t nem \u00e1ll m\u00f3domban elfogadni.\n\n\u2665 Minden term\u00e9k \u00e9s a design szerz\u0151i joga a FourSeasonDesigne tulajdon\u00e1t k\u00e9pezi.\n\n\u2665 K\u00f6sz\u00f6n\u00f6m, hogy megl\u00e1togattad a boltomat! Ha b\u00e1rmilyen k\u00e9rd\u00e9sed van, fordulj hozz\u00e1m bizalommal","price":"6200.00","unit":"db","recommended":"0","status":"1","sponsored":"0","exp_notify":"0","own_material":"0","own_material_description_old":null,"own_material_description":"","jury":"0","jury_number":"","product_nature":"","meskaracsony":"0","create_date":"2026-01-30 04:06:43","shelve_id":"82432","image":"fourseasonsdesigne_product_767702_260130035815_928324.jpeg","image_width":"480","image_height":"483","image_alt":"Keresztel\u0151re k\u00e9pkeret id\u00e9zettel \u2013 finom, eleg\u00e1ns babaszoba dekor\u00e1ci\u00f3, vadvir\u00e1gos design, keresztel\u0151 aj\u00e1nd\u00e9k, Modern, aranyos k\u00e9pkeret vadvir\u00e1g mint\u00e1val, t\u00f6k\u00e9letes aj\u00e1nd\u00e9k rokonokt\u00f3l, keresztsz\u00fcl\u0151kt\u0151l, nagysz\u00fcl..., Meska","image_title":"Keresztel\u0151re k\u00e9pkeret id\u00e9zettel \u2013 finom, eleg\u00e1ns babaszoba dekor\u00e1ci\u00f3, vadvir\u00e1gos design, keresztel\u0151 aj\u00e1nd\u00e9k, Meska","view_count":"124","favourite_count":"0","trending_score":"0","last2MonthFavouriteCount":"0","promotion":"0","giftcard_accept":"0","creditcard_accept":true,"enhanced_background":"0","domain":"meska","specific_customer_id":null,"specific_customer_name":null,"to_order_product":"1","to_order_product_time":"3","product_different":null,"product_different_description":"","vintage":"0","vintage_category_id":"0","recycled":"0","gemstone_id":"0","customizable":"1","type_category":"physical","zerowaste":"0","postage_price":"1290.00","shop_order":"0","has_category":"1","landing_pages":null,"microdata":{"number":62,"category":""},"title":"Keresztel\u0151re k\u00e9pkeret id\u00e9zettel \u2013 finom, eleg\u00e1ns babaszoba dekor\u00e1ci\u00f3, vadvir\u00e1gos design, keresztel\u0151 aj\u00e1nd\u00e9k","description":"Modern, aranyos k\u00e9pkeret vadvir\u00e1g mint\u00e1val, t\u00f6k\u00e9letes aj\u00e1nd\u00e9k rokonokt\u00f3l, keresztsz\u00fcl\u0151kt\u0151l, nagysz\u00fcl\u0151kt\u0151l vagy sz\u00fcl\u0151kt\u0151l, amely sok-sok \u00e9ven \u00e1t meg\u0151rzi a keresztel\u0151 eml\u00e9k\u00e9t.\n\nA keret n\u00e9vvel, d\u00e1tummal \u00e9s egy kedves id\u00e9zettel k\u00e9sz\u00fcl, \u00edgy minden darab egyedi \u00e9s sz\u00edvb\u0151l j\u00f6v\u0151 aj\u00e1nd\u00e9k. Sz\u00e9pen mutat gyerekszob\u00e1ban, nappaliban vagy ak\u00e1r egy eml\u00e9ksarok r\u00e9szek\u00e9nt is.\nAz id\u00e9zet ig\u00e9ny szerint v\u00e1ltoztathat\u00f3.\n\n\u2665 Minden keret k\u00e9zzel festett, t\u00f6bb r\u00e9tegben felvitt s\u00f6t\u00e9t di\u00f3 \u00e1rnyalat\u00fa p\u00e1ccal. A keret elej\u00e9t saj\u00e1t tervez\u00e9s\u0171 grafik\u00e1m d\u00edsz\u00edti, amely professzion\u00e1lisan ker\u00fcl nyomtat\u00e1sra, majd gondosan felhelyez\u00e9sre.\n\n\u2665 A k\u00e9pkeret k\u00fcls\u0151 m\u00e9rete kb. 20 \u00d7 20 cm, a bels\u0151 ny\u00edl\u00e1s kb. 9 \u00d7 9 cm. Ez a m\u00e9ret k\u00f6nnyed\u00e9n kiv\u00e1ghat\u00f3 egy 10 \u00d7 15 cm-es f\u00e9nyk\u00e9pb\u0151l, \u00edgy t\u00f6k\u00e9letesen illeszkedik a keretbe. De ig\u00e9ny eset\u00e9n a fot\u00f3t elk\u00fcldheted nekem, \u00e9n pedig d\u00edjmentesen kinyomtatom \u00e9s elhelyezem a keretben.\n\n\u2665 A keret plexi el\u0151lappal \u00e9s egy fa kit\u00e1maszt\u00f3 p\u00e1lc\u00e1val \u00e9rkezik, \u00edgy polcon vagy asztalon is stabilan meg\u00e1ll.\n\nHOGYAN RENDELJ:\n\nK\u00e9rlek, a szem\u00e9lyre szab\u00e1s mez\u0151ben, illetve \u00fczenetben add meg az al\u00e1bbi adatokat:\n\n- a kiv\u00e1lasztott design\/h\u00e1tt\u00e9r k\u00f3dsz\u00e1m\u00e1t\n\n- a k\u00edv\u00e1nt neveket, d\u00e1tumot ha sz\u00fcks\u00e9ges\n\n- ha esetleg szeretn\u00e9l egyedi id\u00e9zetet \n\nA v\u00e1s\u00e1rl\u00e1st k\u00f6vet\u0151en l\u00e1tv\u00e1nytervet k\u00fcld\u00f6k j\u00f3v\u00e1hagy\u00e1sra, hogy biztosan t\u00f6k\u00e9letes legyen minden.\n\n\u2665 Ha valami igaz\u00e1n egyedit szeretn\u00e9l, vagy speci\u00e1lis elk\u00e9pzel\u00e9sed van, \u00edrj b\u00e1tran \u2013 \u00f6r\u00f6mmel k\u00e9sz\u00edtek sz\u00e1modra egy teljesen szem\u00e9lyre szabott darabot!\n\n\u2665 Ha a keretet aj\u00e1nd\u00e9kba sz\u00e1nod, sz\u00edvesen seg\u00edtek ebben is!\nK\u00fcldd el a megaj\u00e1nd\u00e9kozott c\u00edm\u00e9t \u00e9s egy k\u00edv\u00e1nt \u00fczenetet, \u00e9n pedig egy gy\u00f6ny\u00f6r\u0171 aj\u00e1nd\u00e9kk\u00eds\u00e9r\u0151 k\u00e1rty\u00e1t is k\u00e9sz\u00edtek hozz\u00e1 \u2013 teljesen d\u00edjmentesen\n\n\u2665 A t\u00e9nyleges sz\u00ednek enyh\u00e9n elt\u00e9rhetnek a k\u00e9perny\u0151n l\u00e1tottakt\u00f3l a monitorbe\u00e1ll\u00edt\u00e1sok miatt.\n\n\u2665 A term\u00e9keket a Mesk\u00e1-n megadott sz\u00e1ll\u00edt\u00e1si c\u00edmre k\u00fcld\u00f6m. K\u00e9rlek, ellen\u0151rizd, hogy az c\u00edm helyes-e. Ha m\u00e1s c\u00edmre szeretn\u00e9d a csomagot, vedd fel velem b\u00e1tran a kapcsolatot.\n\n\u2665 K\u00e9rlek vedd figyelembe, hogy minden keret egyedi \u00e9s kifejezetten sz\u00e1modra k\u00e9sz\u00fcl, ez\u00e9rt lemond\u00e1st, visszak\u00fcld\u00e9st vagy cser\u00e9t nem \u00e1ll m\u00f3domban elfogadni.\n\n\u2665 Minden term\u00e9k \u00e9s a design szerz\u0151i joga a FourSeasonDesigne tulajdon\u00e1t k\u00e9pezi.\n\n\u2665 K\u00f6sz\u00f6n\u00f6m, hogy megl\u00e1togattad a boltomat! Ha b\u00e1rmilyen k\u00e9rd\u00e9sed van, fordulj hozz\u00e1m bizalommal","score":114.52713,"formatted_price":"6 200 Ft","image_url":"https:\/\/www.meska.hu\/img\/product\/small\/f\/o\/fourseasonsdesigne_product_767702_260130035815_928324.jpeg","formatted_url":"https:\/\/www.meska.hu\/p5721914-kereszteloi-kepkeret-finom-elegans-babaszoba-dekoracio-vadviragos-design-keresztelo-ajandek","favourite":false,"in_stock":false,"avatar":"767702_avatar_1768959868.jpeg","delete_from":0,"is_enhanced_background":false,"is_enhanced":false,"product_selection_started":false,"is_active":true,"image_webp_url":"https:\/\/www.meska.hu\/img\/product\/small\/f\/o\/fourseasonsdesigne_product_767702_260130035815_928324.webp"},{"id":"6097674","shop_id":"51553","user_id":"767702","shop_name":"FourSeasonsDesigne","shop_zip":"9400","product_code":"5721913","product_name_old":null,"product_name":"N\u00e9vre sz\u00f3l\u00f3 f\u00e9nyk\u00e9pkeret keresztel\u0151re \u2013 eleg\u00e1ns eml\u00e9k bab\u00e1nak \u00e9s a csal\u00e1dnak, Keresztel\u0151 aj\u00e1nd\u00e9k","category_string":"Baba - mama, Keresztel\u0151 kell\u00e9kek, Keresztel\u0151aj\u00e1nd\u00e9kok","technic_string":"Famegmunk\u00e1l\u00e1s, Fot\u00f3, grafika, rajz, illusztr\u00e1ci\u00f3","category_1":"1735","category_2":"1745","category_3":"1495","category_4":"0","merged_category_1":null,"merged_category_2":null,"merged_category_3":null,"technic_1":"478","technic_2":"483","technic_3":"0","color_1":"514","color_2":"532","color_3":"527","product_description_old":null,"product_description":"Eleg\u00e1ns, minim\u00e1l st\u00edlus\u00fa f\u00e9nyk\u00e9pkeret keresztel\u0151re. T\u00f6k\u00e9letes aj\u00e1nd\u00e9k rokonokt\u00f3l, keresztsz\u00fcl\u0151kt\u0151l, nagysz\u00fcl\u0151kt\u0151l vagy sz\u00fcl\u0151kt\u0151l.  Sz\u00e9pen mutat gyerekszob\u00e1ban, nappaliban vagy ak\u00e1r egy eml\u00e9ksarok r\u00e9szek\u00e9nt is. \n\nA keret n\u00e9vvel, d\u00e1tummal \u00e9s egy kedves id\u00e9zettel k\u00e9sz\u00fcl, \u00edgy minden darab egyedi \u00e9s sz\u00edvb\u0151l j\u00f6v\u0151 aj\u00e1nd\u00e9k. Az id\u00e9zet ig\u00e9ny szerint v\u00e1ltoztathat\u00f3.\n\n\u2665 Minden keret k\u00e9zzel festett, t\u00f6bb r\u00e9tegben felvitt s\u00f6t\u00e9t di\u00f3 \u00e1rnyalat\u00fa p\u00e1ccal. A keret elej\u00e9t saj\u00e1t tervez\u00e9s\u0171 grafik\u00e1m d\u00edsz\u00edti, amely professzion\u00e1lisan ker\u00fcl nyomtat\u00e1sra, majd gondosan felhelyez\u00e9sre.\n\n\u2665 A k\u00e9pkeret k\u00fcls\u0151 m\u00e9rete kb. 20 \u00d7 20 cm, a bels\u0151 ny\u00edl\u00e1s kb. 9 \u00d7 9 cm. Ez a m\u00e9ret k\u00f6nnyed\u00e9n kiv\u00e1ghat\u00f3 egy 10 \u00d7 15 cm-es f\u00e9nyk\u00e9pb\u0151l, \u00edgy t\u00f6k\u00e9letesen illeszkedik a keretbe. De ig\u00e9ny eset\u00e9n a fot\u00f3t elk\u00fcldheted nekem, \u00e9n pedig d\u00edjmentesen kinyomtatom \u00e9s elhelyezem a keretben.\n\n\u2665 A keret plexi el\u0151lappal \u00e9s egy fa kit\u00e1maszt\u00f3 p\u00e1lc\u00e1val \u00e9rkezik, \u00edgy polcon vagy asztalon is stabilan meg\u00e1ll.\n\nHOGYAN RENDELJ:\n\nK\u00e9rlek, a szem\u00e9lyre szab\u00e1s mez\u0151ben, illetve \u00fczenetben add meg az al\u00e1bbi adatokat:\n\n- a kiv\u00e1lasztott design\/h\u00e1tt\u00e9r k\u00f3dsz\u00e1m\u00e1t\n\n- a k\u00edv\u00e1nt neveket, d\u00e1tumot ha sz\u00fcks\u00e9ges\n\n- ha esetleg szeretn\u00e9l egyedi id\u00e9zetet \n\nA v\u00e1s\u00e1rl\u00e1st k\u00f6vet\u0151en l\u00e1tv\u00e1nytervet k\u00fcld\u00f6k j\u00f3v\u00e1hagy\u00e1sra, hogy biztosan t\u00f6k\u00e9letes legyen minden.\n\n\u2665 Ha valami igaz\u00e1n egyedit szeretn\u00e9l, vagy speci\u00e1lis elk\u00e9pzel\u00e9sed van, \u00edrj b\u00e1tran \u2013 \u00f6r\u00f6mmel k\u00e9sz\u00edtek sz\u00e1modra egy teljesen szem\u00e9lyre szabott darabot!\n\n\u2665 Ha a keretet aj\u00e1nd\u00e9kba sz\u00e1nod, sz\u00edvesen seg\u00edtek ebben is!\nK\u00fcldd el a megaj\u00e1nd\u00e9kozott c\u00edm\u00e9t \u00e9s egy k\u00edv\u00e1nt \u00fczenetet, \u00e9n pedig egy gy\u00f6ny\u00f6r\u0171 aj\u00e1nd\u00e9kk\u00eds\u00e9r\u0151 k\u00e1rty\u00e1t is k\u00e9sz\u00edtek hozz\u00e1 \u2013 teljesen d\u00edjmentesen\n\n\u2665 A t\u00e9nyleges sz\u00ednek enyh\u00e9n elt\u00e9rhetnek a k\u00e9perny\u0151n l\u00e1tottakt\u00f3l a monitorbe\u00e1ll\u00edt\u00e1sok miatt.\n\n\u2665 A term\u00e9keket a Mesk\u00e1-n megadott sz\u00e1ll\u00edt\u00e1si c\u00edmre k\u00fcld\u00f6m. K\u00e9rlek, ellen\u0151rizd, hogy az c\u00edm helyes-e. Ha m\u00e1s c\u00edmre szeretn\u00e9d a csomagot, vedd fel velem b\u00e1tran a kapcsolatot.\n\n\u2665 K\u00e9rlek vedd figyelembe, hogy minden keret egyedi \u00e9s kifejezetten sz\u00e1modra k\u00e9sz\u00fcl, ez\u00e9rt lemond\u00e1st, visszak\u00fcld\u00e9st vagy cser\u00e9t nem \u00e1ll m\u00f3domban elfogadni.\n\n\u2665 Minden term\u00e9k \u00e9s a design szerz\u0151i joga a FourSeasonDesigne tulajdon\u00e1t k\u00e9pezi.\n\n\u2665 K\u00f6sz\u00f6n\u00f6m, hogy megl\u00e1togattad a boltomat! Ha b\u00e1rmilyen k\u00e9rd\u00e9sed van, fordulj hozz\u00e1m bizalommal","price":"6200.00","unit":"db","recommended":"0","status":"1","sponsored":"0","exp_notify":"0","own_material":"0","own_material_description_old":null,"own_material_description":"","jury":"0","jury_number":"","product_nature":"","meskaracsony":"0","create_date":"2026-03-19 19:57:05","shelve_id":"82432","image":"fourseasonsdesigne_product_767702_260130034811_242988.jpeg","image_width":"480","image_height":"483","image_alt":"N\u00e9vre sz\u00f3l\u00f3 f\u00e9nyk\u00e9pkeret keresztel\u0151re \u2013 eleg\u00e1ns eml\u00e9k bab\u00e1nak \u00e9s a csal\u00e1dnak, Keresztel\u0151 aj\u00e1nd\u00e9k, Eleg\u00e1ns, minim\u00e1l st\u00edlus\u00fa f\u00e9nyk\u00e9pkeret keresztel\u0151re. T\u00f6k\u00e9letes aj\u00e1nd\u00e9k rokonokt\u00f3l, keresztsz\u00fcl\u0151kt\u0151l, ..., Meska","image_title":"N\u00e9vre sz\u00f3l\u00f3 f\u00e9nyk\u00e9pkeret keresztel\u0151re \u2013 eleg\u00e1ns eml\u00e9k bab\u00e1nak \u00e9s a csal\u00e1dnak, Keresztel\u0151 aj\u00e1nd\u00e9k, Meska","view_count":"177","favourite_count":"0","trending_score":"0","last2MonthFavouriteCount":"0","promotion":"0","giftcard_accept":"0","creditcard_accept":true,"enhanced_background":"0","domain":"meska","specific_customer_id":null,"specific_customer_name":null,"to_order_product":"1","to_order_product_time":"3","product_different":null,"product_different_description":"","vintage":"0","vintage_category_id":"0","recycled":"0","gemstone_id":"0","customizable":"1","type_category":"physical","zerowaste":"0","postage_price":"1290.00","shop_order":"0","has_category":"1","landing_pages":null,"microdata":{"number":63,"category":""},"title":"N\u00e9vre sz\u00f3l\u00f3 f\u00e9nyk\u00e9pkeret keresztel\u0151re \u2013 eleg\u00e1ns eml\u00e9k bab\u00e1nak \u00e9s a csal\u00e1dnak, Keresztel\u0151 aj\u00e1nd\u00e9k","description":"Eleg\u00e1ns, minim\u00e1l st\u00edlus\u00fa f\u00e9nyk\u00e9pkeret keresztel\u0151re. T\u00f6k\u00e9letes aj\u00e1nd\u00e9k rokonokt\u00f3l, keresztsz\u00fcl\u0151kt\u0151l, nagysz\u00fcl\u0151kt\u0151l vagy sz\u00fcl\u0151kt\u0151l.  Sz\u00e9pen mutat gyerekszob\u00e1ban, nappaliban vagy ak\u00e1r egy eml\u00e9ksarok r\u00e9szek\u00e9nt is. \n\nA keret n\u00e9vvel, d\u00e1tummal \u00e9s egy kedves id\u00e9zettel k\u00e9sz\u00fcl, \u00edgy minden darab egyedi \u00e9s sz\u00edvb\u0151l j\u00f6v\u0151 aj\u00e1nd\u00e9k. Az id\u00e9zet ig\u00e9ny szerint v\u00e1ltoztathat\u00f3.\n\n\u2665 Minden keret k\u00e9zzel festett, t\u00f6bb r\u00e9tegben felvitt s\u00f6t\u00e9t di\u00f3 \u00e1rnyalat\u00fa p\u00e1ccal. A keret elej\u00e9t saj\u00e1t tervez\u00e9s\u0171 grafik\u00e1m d\u00edsz\u00edti, amely professzion\u00e1lisan ker\u00fcl nyomtat\u00e1sra, majd gondosan felhelyez\u00e9sre.\n\n\u2665 A k\u00e9pkeret k\u00fcls\u0151 m\u00e9rete kb. 20 \u00d7 20 cm, a bels\u0151 ny\u00edl\u00e1s kb. 9 \u00d7 9 cm. Ez a m\u00e9ret k\u00f6nnyed\u00e9n kiv\u00e1ghat\u00f3 egy 10 \u00d7 15 cm-es f\u00e9nyk\u00e9pb\u0151l, \u00edgy t\u00f6k\u00e9letesen illeszkedik a keretbe. De ig\u00e9ny eset\u00e9n a fot\u00f3t elk\u00fcldheted nekem, \u00e9n pedig d\u00edjmentesen kinyomtatom \u00e9s elhelyezem a keretben.\n\n\u2665 A keret plexi el\u0151lappal \u00e9s egy fa kit\u00e1maszt\u00f3 p\u00e1lc\u00e1val \u00e9rkezik, \u00edgy polcon vagy asztalon is stabilan meg\u00e1ll.\n\nHOGYAN RENDELJ:\n\nK\u00e9rlek, a szem\u00e9lyre szab\u00e1s mez\u0151ben, illetve \u00fczenetben add meg az al\u00e1bbi adatokat:\n\n- a kiv\u00e1lasztott design\/h\u00e1tt\u00e9r k\u00f3dsz\u00e1m\u00e1t\n\n- a k\u00edv\u00e1nt neveket, d\u00e1tumot ha sz\u00fcks\u00e9ges\n\n- ha esetleg szeretn\u00e9l egyedi id\u00e9zetet \n\nA v\u00e1s\u00e1rl\u00e1st k\u00f6vet\u0151en l\u00e1tv\u00e1nytervet k\u00fcld\u00f6k j\u00f3v\u00e1hagy\u00e1sra, hogy biztosan t\u00f6k\u00e9letes legyen minden.\n\n\u2665 Ha valami igaz\u00e1n egyedit szeretn\u00e9l, vagy speci\u00e1lis elk\u00e9pzel\u00e9sed van, \u00edrj b\u00e1tran \u2013 \u00f6r\u00f6mmel k\u00e9sz\u00edtek sz\u00e1modra egy teljesen szem\u00e9lyre szabott darabot!\n\n\u2665 Ha a keretet aj\u00e1nd\u00e9kba sz\u00e1nod, sz\u00edvesen seg\u00edtek ebben is!\nK\u00fcldd el a megaj\u00e1nd\u00e9kozott c\u00edm\u00e9t \u00e9s egy k\u00edv\u00e1nt \u00fczenetet, \u00e9n pedig egy gy\u00f6ny\u00f6r\u0171 aj\u00e1nd\u00e9kk\u00eds\u00e9r\u0151 k\u00e1rty\u00e1t is k\u00e9sz\u00edtek hozz\u00e1 \u2013 teljesen d\u00edjmentesen\n\n\u2665 A t\u00e9nyleges sz\u00ednek enyh\u00e9n elt\u00e9rhetnek a k\u00e9perny\u0151n l\u00e1tottakt\u00f3l a monitorbe\u00e1ll\u00edt\u00e1sok miatt.\n\n\u2665 A term\u00e9keket a Mesk\u00e1-n megadott sz\u00e1ll\u00edt\u00e1si c\u00edmre k\u00fcld\u00f6m. K\u00e9rlek, ellen\u0151rizd, hogy az c\u00edm helyes-e. Ha m\u00e1s c\u00edmre szeretn\u00e9d a csomagot, vedd fel velem b\u00e1tran a kapcsolatot.\n\n\u2665 K\u00e9rlek vedd figyelembe, hogy minden keret egyedi \u00e9s kifejezetten sz\u00e1modra k\u00e9sz\u00fcl, ez\u00e9rt lemond\u00e1st, visszak\u00fcld\u00e9st vagy cser\u00e9t nem \u00e1ll m\u00f3domban elfogadni.\n\n\u2665 Minden term\u00e9k \u00e9s a design szerz\u0151i joga a FourSeasonDesigne tulajdon\u00e1t k\u00e9pezi.\n\n\u2665 K\u00f6sz\u00f6n\u00f6m, hogy megl\u00e1togattad a boltomat! Ha b\u00e1rmilyen k\u00e9rd\u00e9sed van, fordulj hozz\u00e1m bizalommal","score":114.52713,"formatted_price":"6 200 Ft","image_url":"https:\/\/www.meska.hu\/img\/product\/small\/f\/o\/fourseasonsdesigne_product_767702_260130034811_242988.jpeg","formatted_url":"https:\/\/www.meska.hu\/p5721913-szemelyre-szolo-kereszteloi-kepkeret-elegans-emlek-babanak-es-a-csaladnak-keresztelo-ajandek","favourite":false,"in_stock":false,"avatar":"767702_avatar_1768959868.jpeg","delete_from":0,"is_enhanced_background":false,"is_enhanced":false,"product_selection_started":false,"is_active":true,"image_webp_url":"https:\/\/www.meska.hu\/img\/product\/small\/f\/o\/fourseasonsdesigne_product_767702_260130034811_242988.webp"},{"id":"6098560","shop_id":"51553","user_id":"767702","shop_name":"FourSeasonsDesigne","shop_zip":"9400","product_code":"5722422","product_name_old":null,"product_name":"N\u00e9vre sz\u00f3l\u00f3 f\u00e9nyk\u00e9pkeret keresztel\u0151re \u2013 eleg\u00e1ns eml\u00e9k bab\u00e1nak \u00e9s a csal\u00e1dnak, Keresztel\u0151 aj\u00e1nd\u00e9k","category_string":"Baba - mama, Keresztel\u0151 kell\u00e9kek, Keresztel\u0151aj\u00e1nd\u00e9kok","technic_string":"Famegmunk\u00e1l\u00e1s, Fot\u00f3, grafika, rajz, illusztr\u00e1ci\u00f3","category_1":"1735","category_2":"1745","category_3":"1495","category_4":"0","merged_category_1":null,"merged_category_2":null,"merged_category_3":null,"technic_1":"478","technic_2":"483","technic_3":"0","color_1":"514","color_2":"532","color_3":"527","product_description_old":null,"product_description":"Eleg\u00e1ns, minim\u00e1l st\u00edlus\u00fa f\u00e9nyk\u00e9pkeret keresztel\u0151re. T\u00f6k\u00e9letes aj\u00e1nd\u00e9k rokonokt\u00f3l, keresztsz\u00fcl\u0151kt\u0151l, nagysz\u00fcl\u0151kt\u0151l vagy sz\u00fcl\u0151kt\u0151l.  Sz\u00e9pen mutat gyerekszob\u00e1ban, nappaliban vagy ak\u00e1r egy eml\u00e9ksarok r\u00e9szek\u00e9nt is. \n\nA keret n\u00e9vvel, d\u00e1tummal \u00e9s egy kedves id\u00e9zettel k\u00e9sz\u00fcl, \u00edgy minden darab egyedi \u00e9s sz\u00edvb\u0151l j\u00f6v\u0151 aj\u00e1nd\u00e9k. Az id\u00e9zet ig\u00e9ny szerint v\u00e1ltoztathat\u00f3.\n\n\u2665 Minden keret k\u00e9zzel festett, t\u00f6bb r\u00e9tegben felvitt s\u00f6t\u00e9t di\u00f3 \u00e1rnyalat\u00fa p\u00e1ccal. A keret elej\u00e9t saj\u00e1t tervez\u00e9s\u0171 grafik\u00e1m d\u00edsz\u00edti, amely professzion\u00e1lisan ker\u00fcl nyomtat\u00e1sra, majd gondosan felhelyez\u00e9sre.\n\n\u2665 A k\u00e9pkeret k\u00fcls\u0151 m\u00e9rete kb. 20 \u00d7 20 cm, a bels\u0151 ny\u00edl\u00e1s kb. 9 \u00d7 9 cm. Ez a m\u00e9ret k\u00f6nnyed\u00e9n kiv\u00e1ghat\u00f3 egy 10 \u00d7 15 cm-es f\u00e9nyk\u00e9pb\u0151l, \u00edgy t\u00f6k\u00e9letesen illeszkedik a keretbe. De ig\u00e9ny eset\u00e9n a fot\u00f3t elk\u00fcldheted nekem, \u00e9n pedig d\u00edjmentesen kinyomtatom \u00e9s elhelyezem a keretben.\n\n\u2665 A keret plexi el\u0151lappal \u00e9s egy fa kit\u00e1maszt\u00f3 p\u00e1lc\u00e1val \u00e9rkezik, \u00edgy polcon vagy asztalon is stabilan meg\u00e1ll.\n\nHOGYAN RENDELJ:\n\nK\u00e9rlek, a szem\u00e9lyre szab\u00e1s mez\u0151ben, illetve \u00fczenetben add meg az al\u00e1bbi adatokat:\n\n- a kiv\u00e1lasztott design\/h\u00e1tt\u00e9r k\u00f3dsz\u00e1m\u00e1t\n\n- a k\u00edv\u00e1nt neveket, d\u00e1tumot ha sz\u00fcks\u00e9ges\n\n- ha esetleg szeretn\u00e9l egyedi id\u00e9zetet \n\nA v\u00e1s\u00e1rl\u00e1st k\u00f6vet\u0151en l\u00e1tv\u00e1nytervet k\u00fcld\u00f6k j\u00f3v\u00e1hagy\u00e1sra, hogy biztosan t\u00f6k\u00e9letes legyen minden.\n\n\u2665 Ha valami igaz\u00e1n egyedit szeretn\u00e9l, vagy speci\u00e1lis elk\u00e9pzel\u00e9sed van, \u00edrj b\u00e1tran \u2013 \u00f6r\u00f6mmel k\u00e9sz\u00edtek sz\u00e1modra egy teljesen szem\u00e9lyre szabott darabot!\n\n\u2665 Ha a keretet aj\u00e1nd\u00e9kba sz\u00e1nod, sz\u00edvesen seg\u00edtek ebben is!\nK\u00fcldd el a megaj\u00e1nd\u00e9kozott c\u00edm\u00e9t \u00e9s egy k\u00edv\u00e1nt \u00fczenetet, \u00e9n pedig egy gy\u00f6ny\u00f6r\u0171 aj\u00e1nd\u00e9kk\u00eds\u00e9r\u0151 k\u00e1rty\u00e1t is k\u00e9sz\u00edtek hozz\u00e1 \u2013 teljesen d\u00edjmentesen\n\n\u2665 A t\u00e9nyleges sz\u00ednek enyh\u00e9n elt\u00e9rhetnek a k\u00e9perny\u0151n l\u00e1tottakt\u00f3l a monitorbe\u00e1ll\u00edt\u00e1sok miatt.\n\n\u2665 A term\u00e9keket a Mesk\u00e1-n megadott sz\u00e1ll\u00edt\u00e1si c\u00edmre k\u00fcld\u00f6m. K\u00e9rlek, ellen\u0151rizd, hogy az c\u00edm helyes-e. Ha m\u00e1s c\u00edmre szeretn\u00e9d a csomagot, vedd fel velem b\u00e1tran a kapcsolatot.\n\n\u2665 K\u00e9rlek vedd figyelembe, hogy minden keret egyedi \u00e9s kifejezetten sz\u00e1modra k\u00e9sz\u00fcl, ez\u00e9rt lemond\u00e1st, visszak\u00fcld\u00e9st vagy cser\u00e9t nem \u00e1ll m\u00f3domban elfogadni.\n\n\u2665 Minden term\u00e9k \u00e9s a design szerz\u0151i joga a FourSeasonDesigne tulajdon\u00e1t k\u00e9pezi.\n\n\u2665 K\u00f6sz\u00f6n\u00f6m, hogy megl\u00e1togattad a boltomat! Ha b\u00e1rmilyen k\u00e9rd\u00e9sed van, fordulj hozz\u00e1m bizalommal","price":"6200.00","unit":"db","recommended":"0","status":"1","sponsored":"0","exp_notify":"0","own_material":"0","own_material_description_old":null,"own_material_description":"","jury":"0","jury_number":"","product_nature":"","meskaracsony":"0","create_date":"2026-03-22 22:11:40","shelve_id":"82432","image":"fourseasonsdesigne_product_767702_260131000434_254864.jpeg","image_width":"480","image_height":"483","image_alt":"N\u00e9vre sz\u00f3l\u00f3 f\u00e9nyk\u00e9pkeret keresztel\u0151re \u2013 eleg\u00e1ns eml\u00e9k bab\u00e1nak \u00e9s a csal\u00e1dnak, Keresztel\u0151 aj\u00e1nd\u00e9k, Eleg\u00e1ns, minim\u00e1l st\u00edlus\u00fa f\u00e9nyk\u00e9pkeret keresztel\u0151re. T\u00f6k\u00e9letes aj\u00e1nd\u00e9k rokonokt\u00f3l, keresztsz\u00fcl\u0151kt\u0151l, ..., Meska","image_title":"N\u00e9vre sz\u00f3l\u00f3 f\u00e9nyk\u00e9pkeret keresztel\u0151re \u2013 eleg\u00e1ns eml\u00e9k bab\u00e1nak \u00e9s a csal\u00e1dnak, Keresztel\u0151 aj\u00e1nd\u00e9k, Meska","view_count":"165","favourite_count":"0","trending_score":"0","last2MonthFavouriteCount":"0","promotion":"0","giftcard_accept":"0","creditcard_accept":true,"enhanced_background":"0","domain":"meska","specific_customer_id":null,"specific_customer_name":null,"to_order_product":"1","to_order_product_time":"3","product_different":null,"product_different_description":"","vintage":"0","vintage_category_id":"0","recycled":"0","gemstone_id":"0","customizable":"1","type_category":"physical","zerowaste":"0","postage_price":"1290.00","shop_order":"0","has_category":"1","landing_pages":null,"microdata":{"number":64,"category":""},"title":"N\u00e9vre sz\u00f3l\u00f3 f\u00e9nyk\u00e9pkeret keresztel\u0151re \u2013 eleg\u00e1ns eml\u00e9k bab\u00e1nak \u00e9s a csal\u00e1dnak, Keresztel\u0151 aj\u00e1nd\u00e9k","description":"Eleg\u00e1ns, minim\u00e1l st\u00edlus\u00fa f\u00e9nyk\u00e9pkeret keresztel\u0151re. T\u00f6k\u00e9letes aj\u00e1nd\u00e9k rokonokt\u00f3l, keresztsz\u00fcl\u0151kt\u0151l, nagysz\u00fcl\u0151kt\u0151l vagy sz\u00fcl\u0151kt\u0151l.  Sz\u00e9pen mutat gyerekszob\u00e1ban, nappaliban vagy ak\u00e1r egy eml\u00e9ksarok r\u00e9szek\u00e9nt is. \n\nA keret n\u00e9vvel, d\u00e1tummal \u00e9s egy kedves id\u00e9zettel k\u00e9sz\u00fcl, \u00edgy minden darab egyedi \u00e9s sz\u00edvb\u0151l j\u00f6v\u0151 aj\u00e1nd\u00e9k. Az id\u00e9zet ig\u00e9ny szerint v\u00e1ltoztathat\u00f3.\n\n\u2665 Minden keret k\u00e9zzel festett, t\u00f6bb r\u00e9tegben felvitt s\u00f6t\u00e9t di\u00f3 \u00e1rnyalat\u00fa p\u00e1ccal. A keret elej\u00e9t saj\u00e1t tervez\u00e9s\u0171 grafik\u00e1m d\u00edsz\u00edti, amely professzion\u00e1lisan ker\u00fcl nyomtat\u00e1sra, majd gondosan felhelyez\u00e9sre.\n\n\u2665 A k\u00e9pkeret k\u00fcls\u0151 m\u00e9rete kb. 20 \u00d7 20 cm, a bels\u0151 ny\u00edl\u00e1s kb. 9 \u00d7 9 cm. Ez a m\u00e9ret k\u00f6nnyed\u00e9n kiv\u00e1ghat\u00f3 egy 10 \u00d7 15 cm-es f\u00e9nyk\u00e9pb\u0151l, \u00edgy t\u00f6k\u00e9letesen illeszkedik a keretbe. De ig\u00e9ny eset\u00e9n a fot\u00f3t elk\u00fcldheted nekem, \u00e9n pedig d\u00edjmentesen kinyomtatom \u00e9s elhelyezem a keretben.\n\n\u2665 A keret plexi el\u0151lappal \u00e9s egy fa kit\u00e1maszt\u00f3 p\u00e1lc\u00e1val \u00e9rkezik, \u00edgy polcon vagy asztalon is stabilan meg\u00e1ll.\n\nHOGYAN RENDELJ:\n\nK\u00e9rlek, a szem\u00e9lyre szab\u00e1s mez\u0151ben, illetve \u00fczenetben add meg az al\u00e1bbi adatokat:\n\n- a kiv\u00e1lasztott design\/h\u00e1tt\u00e9r k\u00f3dsz\u00e1m\u00e1t\n\n- a k\u00edv\u00e1nt neveket, d\u00e1tumot ha sz\u00fcks\u00e9ges\n\n- ha esetleg szeretn\u00e9l egyedi id\u00e9zetet \n\nA v\u00e1s\u00e1rl\u00e1st k\u00f6vet\u0151en l\u00e1tv\u00e1nytervet k\u00fcld\u00f6k j\u00f3v\u00e1hagy\u00e1sra, hogy biztosan t\u00f6k\u00e9letes legyen minden.\n\n\u2665 Ha valami igaz\u00e1n egyedit szeretn\u00e9l, vagy speci\u00e1lis elk\u00e9pzel\u00e9sed van, \u00edrj b\u00e1tran \u2013 \u00f6r\u00f6mmel k\u00e9sz\u00edtek sz\u00e1modra egy teljesen szem\u00e9lyre szabott darabot!\n\n\u2665 Ha a keretet aj\u00e1nd\u00e9kba sz\u00e1nod, sz\u00edvesen seg\u00edtek ebben is!\nK\u00fcldd el a megaj\u00e1nd\u00e9kozott c\u00edm\u00e9t \u00e9s egy k\u00edv\u00e1nt \u00fczenetet, \u00e9n pedig egy gy\u00f6ny\u00f6r\u0171 aj\u00e1nd\u00e9kk\u00eds\u00e9r\u0151 k\u00e1rty\u00e1t is k\u00e9sz\u00edtek hozz\u00e1 \u2013 teljesen d\u00edjmentesen\n\n\u2665 A t\u00e9nyleges sz\u00ednek enyh\u00e9n elt\u00e9rhetnek a k\u00e9perny\u0151n l\u00e1tottakt\u00f3l a monitorbe\u00e1ll\u00edt\u00e1sok miatt.\n\n\u2665 A term\u00e9keket a Mesk\u00e1-n megadott sz\u00e1ll\u00edt\u00e1si c\u00edmre k\u00fcld\u00f6m. K\u00e9rlek, ellen\u0151rizd, hogy az c\u00edm helyes-e. Ha m\u00e1s c\u00edmre szeretn\u00e9d a csomagot, vedd fel velem b\u00e1tran a kapcsolatot.\n\n\u2665 K\u00e9rlek vedd figyelembe, hogy minden keret egyedi \u00e9s kifejezetten sz\u00e1modra k\u00e9sz\u00fcl, ez\u00e9rt lemond\u00e1st, visszak\u00fcld\u00e9st vagy cser\u00e9t nem \u00e1ll m\u00f3domban elfogadni.\n\n\u2665 Minden term\u00e9k \u00e9s a design szerz\u0151i joga a FourSeasonDesigne tulajdon\u00e1t k\u00e9pezi.\n\n\u2665 K\u00f6sz\u00f6n\u00f6m, hogy megl\u00e1togattad a boltomat! Ha b\u00e1rmilyen k\u00e9rd\u00e9sed van, fordulj hozz\u00e1m bizalommal","score":114.52713,"formatted_price":"6 200 Ft","image_url":"https:\/\/www.meska.hu\/img\/product\/small\/f\/o\/fourseasonsdesigne_product_767702_260131000434_254864.jpeg","formatted_url":"https:\/\/www.meska.hu\/p5722422-nevre-szolo-fenykepkeret-keresztelore-elegans-emlek-babanak-es-a-csaladnak-keresztelo-ajandek","favourite":false,"in_stock":false,"avatar":"767702_avatar_1768959868.jpeg","delete_from":0,"is_enhanced_background":false,"is_enhanced":false,"product_selection_started":false,"is_active":true,"image_webp_url":"https:\/\/www.meska.hu\/img\/product\/small\/f\/o\/fourseasonsdesigne_product_767702_260131000434_254864.webp"},{"id":"6131750","shop_id":"51","user_id":"94","shop_name":"Eradekor","shop_zip":"1194","product_code":"5742605","product_name_old":null,"product_name":"Cic\u00e1s s\u00e1mli, aj\u00e1nd\u00e9k kisl\u00e1nynak keresztel\u0151re","category_string":"Baba - mama, Keresztel\u0151 kell\u00e9kek, Keresztel\u0151aj\u00e1nd\u00e9kok","technic_string":"Festett t\u00e1rgyak","category_1":"1735","category_2":"1745","category_3":"1495","category_4":"0","merged_category_1":null,"merged_category_2":null,"merged_category_3":null,"technic_1":"481","technic_2":"0","technic_3":"0","color_1":"519","color_2":"522","color_3":"525","product_description_old":null,"product_description":"A cic\u00e1t etet\u0151 kisl\u00e1ny mes\u00e9je. Ez a c\u00edme ennek a mes\u00e9s s\u00e1mlinak.\nEzeket a b\u00e1jos s\u00e1mlikat  m\u00e1r haszn\u00e1lj\u00e1k a kis tulajdonosok.\nHasonl\u00f3t k\u00e9sz\u00edt\u00fcnk megrendel\u00e9sre.\nSzem\u00e9lyre sz\u00f3l\u00f3, mes\u00e9s s\u00e1mlikat k\u00e9sz\u00edt\u00fcnk kisl\u00e1nyoknak \u00e9s kisfi\u00faknak.\nMegrendel\u0151ink f\u0151leg keresztel\u0151 \u00e9s babal\u00e1togat\u00f3 aj\u00e1nd\u00e9kba viszik,\n mert egyedi, k\u00fcl\u00f6nleges szem\u00e9lyre  sz\u00f3l\u00f3.\nA s\u00e1mlit az  Eradekor tervezte.\nSZ\u00c9LES, BIZTONS\u00c1GOS!\nA gyerekek nagyon szeretik a s\u00e1mlit!\nAzonnal tudj\u00e1k mire val\u00f3.\n Ez a BABA m\u00e9ret,  1 \u00e9ves kort\u00f3l m\u00e1r haszn\u00e1lhat\u00f3.\nA kis tulajdonos nev\u00e9t \u00edrjuk a s\u00e1mli \u00edves el\u0151lapj\u00e1ra.\n\nM\u00e9ret:30x20x20cm\nAnyuka \u00e9s apuka is r\u00e1\u00fclhet.\nGyerek bar\u00e1t lakkal kezelt, nedves ruh\u00e1val t\u00f6r\u00f6lhet\u0151.\n\n\n\n\n\n \n\n\n","price":"35500.00","unit":"db","recommended":"0","status":"1","sponsored":"0","exp_notify":"0","own_material":"0","own_material_description_old":null,"own_material_description":"","jury":"0","jury_number":"","product_nature":"","meskaracsony":"0","create_date":"2026-02-27 15:51:15","shelve_id":"72564","image":"eradekor_product_94_260227154659_04465.jpeg","image_width":"480","image_height":"480","image_alt":"Cic\u00e1s s\u00e1mli, aj\u00e1nd\u00e9k kisl\u00e1nynak keresztel\u0151re, A cic\u00e1t etet\u0151 kisl\u00e1ny mes\u00e9je. Ez a c\u00edme ennek a mes\u00e9s s\u00e1mlinak.\\nEzeket a b\u00e1jos s\u00e1mlikat  m\u00e1r haszn\u00e1l..., Meska","image_title":"Cic\u00e1s s\u00e1mli, aj\u00e1nd\u00e9k kisl\u00e1nynak keresztel\u0151re, Meska","view_count":"68","favourite_count":"0","trending_score":"0","last2MonthFavouriteCount":"0","promotion":"0","giftcard_accept":"0","creditcard_accept":false,"enhanced_background":"0","domain":"meska","specific_customer_id":null,"specific_customer_name":null,"to_order_product":"1","to_order_product_time":"8","product_different":"not_different","product_different_description":"","vintage":"0","vintage_category_id":"0","recycled":"0","gemstone_id":"0","customizable":"1","type_category":"physical","zerowaste":"0","postage_price":"2390.00","shop_order":"0","has_category":"1","landing_pages":null,"microdata":{"number":65,"category":""},"title":"Cic\u00e1s s\u00e1mli, aj\u00e1nd\u00e9k kisl\u00e1nynak keresztel\u0151re","description":"A cic\u00e1t etet\u0151 kisl\u00e1ny mes\u00e9je. Ez a c\u00edme ennek a mes\u00e9s s\u00e1mlinak.\nEzeket a b\u00e1jos s\u00e1mlikat  m\u00e1r haszn\u00e1lj\u00e1k a kis tulajdonosok.\nHasonl\u00f3t k\u00e9sz\u00edt\u00fcnk megrendel\u00e9sre.\nSzem\u00e9lyre sz\u00f3l\u00f3, mes\u00e9s s\u00e1mlikat k\u00e9sz\u00edt\u00fcnk kisl\u00e1nyoknak \u00e9s kisfi\u00faknak.\nMegrendel\u0151ink f\u0151leg keresztel\u0151 \u00e9s babal\u00e1togat\u00f3 aj\u00e1nd\u00e9kba viszik,\n mert egyedi, k\u00fcl\u00f6nleges szem\u00e9lyre  sz\u00f3l\u00f3.\nA s\u00e1mlit az  Eradekor tervezte.\nSZ\u00c9LES, BIZTONS\u00c1GOS!\nA gyerekek nagyon szeretik a s\u00e1mlit!\nAzonnal tudj\u00e1k mire val\u00f3.\n Ez a BABA m\u00e9ret,  1 \u00e9ves kort\u00f3l m\u00e1r haszn\u00e1lhat\u00f3.\nA kis tulajdonos nev\u00e9t \u00edrjuk a s\u00e1mli \u00edves el\u0151lapj\u00e1ra.\n\nM\u00e9ret:30x20x20cm\nAnyuka \u00e9s apuka is r\u00e1\u00fclhet.\nGyerek bar\u00e1t lakkal kezelt, nedves ruh\u00e1val t\u00f6r\u00f6lhet\u0151.\n\n\n\n\n\n \n\n\n","score":114.40036,"formatted_price":"35 500 Ft","image_url":"https:\/\/www.meska.hu\/img\/product\/small\/e\/r\/eradekor_product_94_260227154659_04465.jpeg","formatted_url":"https:\/\/www.meska.hu\/p5742605-cicas-samli-ajandek-kislanynak-keresztelore","favourite":false,"in_stock":false,"avatar":"Eradekor_avatar_94.jpg","delete_from":0,"is_enhanced_background":false,"is_enhanced":false,"product_selection_started":false,"is_active":true,"image_webp_url":"https:\/\/www.meska.hu\/img\/product\/small\/e\/r\/eradekor_product_94_260227154659_04465.webp"},{"id":"5626552","shop_id":"21477","user_id":"224153","shop_name":"lezerdekor","shop_zip":"7090","product_code":"5457679","product_name_old":null,"product_name":"Babav\u00e1r\u00f3 aj\u00e1nd\u00e9k, Eml\u00e9kk\u00f6nyv - Nagy m\u00e9ret!","category_string":"Baba - mama, Keresztel\u0151aj\u00e1nd\u00e9kok, Keresztel\u0151 kell\u00e9kek","technic_string":"Famegmunk\u00e1l\u00e1s, Grav\u00edroz\u00e1s, pirogr\u00e1fia","category_1":"1495","category_2":"1745","category_3":"1735","category_4":"0","merged_category_1":null,"merged_category_2":null,"merged_category_3":null,"technic_1":"478","technic_2":"796","technic_3":"0","color_1":"519","color_2":"521","color_3":"525","product_description_old":null,"product_description":"Ha minden a babav\u00e1r\u00e1s k\u00f6r\u00fcl forog, akkor van sz\u00e1modra egy k\u00fcl\u00f6nleges term\u00e9k\u00fcnk.\nEml\u00e9kk\u00f6nyv, vagy m\u00e1s n\u00e9ven vend\u00e9gk\u00f6nyv,  mely \u00f6r\u00f6k eml\u00e9k lesz sz\u00fcletend\u0151 gyermeketeknek \u00e9s term\u00e9szetesen nektek leend\u0151 sz\u00fcl\u0151knek.\nA babav\u00e1r\u00f3 partyra, keresztel\u0151re, vagy \u00e9ppen 1. sz\u00fclet\u00e9snapra \u00e9rkez\u0151 vend\u00e9geitek j\u00f3k\u00edv\u00e1ns\u00e1gaikat jegyezhetik le a kis fa talpacsk\u00e1kra, melyeket el\u0151z\u0151leg beragasztunk a keretbe. A h\u00e1tt\u00e9rsz\u00edn term\u00e9szetesen v\u00e1laszthat\u00f3, a kisbaba nem\u00e9hez igaz\u00edtva.\nA nagy sz\u00edvre a baba neve \u00e9s sz\u00fclet\u00e9s\u00e9nek (vagy a keresztel\u0151, sz\u00fclet\u00e9snap) d\u00e1tuma ker\u00fcl, grav\u00edroz\u00e1ssal.\n\nA keretbe beragasztott kis talpacsk\u00e1kra sima,  egyszer\u0171 goly\u00f3stollal \u00edrhatj\u00e1k szeretteitek, bar\u00e1taitok \u00fczeneteiket a kisbab\u00e1tok r\u00e9sz\u00e9re.\n\n\nM\u00e9rete: kb 35x45 cm \n(max 40 db talpacsk\u00e1val)\n\n","price":"12990.00","unit":"db","recommended":"0","status":"1","sponsored":"0","exp_notify":"0","own_material":"0","own_material_description_old":null,"own_material_description":"","jury":"0","jury_number":"","product_nature":"","meskaracsony":"0","create_date":"2026-04-16 16:09:57","shelve_id":"48890","image":"lezerdekor_product_224153_210702141646_162477.jpeg","image_width":"480","image_height":"640","image_alt":"Babav\u00e1r\u00f3 aj\u00e1nd\u00e9k, Eml\u00e9kk\u00f6nyv - Nagy m\u00e9ret!, Ha minden a babav\u00e1r\u00e1s k\u00f6r\u00fcl forog, akkor van sz\u00e1modra egy k\u00fcl\u00f6nleges term\u00e9k\u00fcnk.\\nEml\u00e9kk\u00f6nyv, vagy m\u00e1s..., Meska","image_title":"Babav\u00e1r\u00f3 aj\u00e1nd\u00e9k, Eml\u00e9kk\u00f6nyv - Nagy m\u00e9ret!, Meska","view_count":"385","favourite_count":"0","trending_score":"0","last2MonthFavouriteCount":"0","promotion":"0","giftcard_accept":"0","creditcard_accept":false,"enhanced_background":"0","domain":"meska","specific_customer_id":null,"specific_customer_name":null,"to_order_product":"1","to_order_product_time":"5","product_different":null,"product_different_description":"","vintage":"0","vintage_category_id":"0","recycled":"0","gemstone_id":"0","customizable":"0","type_category":"physical","zerowaste":"0","postage_price":"3000.00","shop_order":"0","has_category":"1","landing_pages":null,"microdata":{"number":66,"category":""},"title":"Babav\u00e1r\u00f3 aj\u00e1nd\u00e9k, Eml\u00e9kk\u00f6nyv - Nagy m\u00e9ret!","description":"Ha minden a babav\u00e1r\u00e1s k\u00f6r\u00fcl forog, akkor van sz\u00e1modra egy k\u00fcl\u00f6nleges term\u00e9k\u00fcnk.\nEml\u00e9kk\u00f6nyv, vagy m\u00e1s n\u00e9ven vend\u00e9gk\u00f6nyv,  mely \u00f6r\u00f6k eml\u00e9k lesz sz\u00fcletend\u0151 gyermeketeknek \u00e9s term\u00e9szetesen nektek leend\u0151 sz\u00fcl\u0151knek.\nA babav\u00e1r\u00f3 partyra, keresztel\u0151re, vagy \u00e9ppen 1. sz\u00fclet\u00e9snapra \u00e9rkez\u0151 vend\u00e9geitek j\u00f3k\u00edv\u00e1ns\u00e1gaikat jegyezhetik le a kis fa talpacsk\u00e1kra, melyeket el\u0151z\u0151leg beragasztunk a keretbe. A h\u00e1tt\u00e9rsz\u00edn term\u00e9szetesen v\u00e1laszthat\u00f3, a kisbaba nem\u00e9hez igaz\u00edtva.\nA nagy sz\u00edvre a baba neve \u00e9s sz\u00fclet\u00e9s\u00e9nek (vagy a keresztel\u0151, sz\u00fclet\u00e9snap) d\u00e1tuma ker\u00fcl, grav\u00edroz\u00e1ssal.\n\nA keretbe beragasztott kis talpacsk\u00e1kra sima,  egyszer\u0171 goly\u00f3stollal \u00edrhatj\u00e1k szeretteitek, bar\u00e1taitok \u00fczeneteiket a kisbab\u00e1tok r\u00e9sz\u00e9re.\n\n\nM\u00e9rete: kb 35x45 cm \n(max 40 db talpacsk\u00e1val)\n\n","score":114.40036,"formatted_price":"12 990 Ft","image_url":"https:\/\/www.meska.hu\/img\/product\/small\/l\/e\/lezerdekor_product_224153_210702141646_162477.jpeg","formatted_url":"https:\/\/www.meska.hu\/p5457679-babavaro-ajandek-emlekkonyv-nagy-meret","favourite":false,"in_stock":false,"avatar":"lezerdekor_avatar_224153_1654619787.jpg","delete_from":0,"is_enhanced_background":false,"is_enhanced":false,"product_selection_started":false,"is_active":true,"image_webp_url":"https:\/\/www.meska.hu\/img\/product\/small\/l\/e\/lezerdekor_product_224153_210702141646_162477.webp"},{"id":"6098578","shop_id":"51553","user_id":"767702","shop_name":"FourSeasonsDesigne","shop_zip":"9400","product_code":"5722436","product_name_old":null,"product_name":"Vir\u00e1gos f\u00e9nyk\u00e9pkeret id\u00e9zettel keresztel\u0151re \u2013 finom, eleg\u00e1ns babaszoba dekor\u00e1ci\u00f3, vadvir\u00e1gos design, keresztel\u0151 aj\u00e1nd\u00e9k","category_string":"Baba - mama, Keresztel\u0151 kell\u00e9kek, Keresztel\u0151aj\u00e1nd\u00e9kok","technic_string":"Famegmunk\u00e1l\u00e1s, Fot\u00f3, grafika, rajz, illusztr\u00e1ci\u00f3","category_1":"1735","category_2":"1745","category_3":"1495","category_4":"0","merged_category_1":null,"merged_category_2":null,"merged_category_3":null,"technic_1":"478","technic_2":"483","technic_3":"0","color_1":"521","color_2":"532","color_3":"791","product_description_old":null,"product_description":"Modern, aranyos f\u00e9nyk\u00e9pkeret vir\u00e1gmint\u00e1val, id\u00e9zettel. T\u00f6k\u00e9letes aj\u00e1nd\u00e9k keresztel\u0151re a kisbab\u00e1nak rokonokt\u00f3l, keresztsz\u00fcl\u0151kt\u0151l, nagysz\u00fcl\u0151kt\u0151l vagy sz\u00fcl\u0151kt\u0151l.\n\nA keret n\u00e9vvel, d\u00e1tummal \u00e9s egy kedves id\u00e9zettel k\u00e9sz\u00fcl, \u00edgy minden darab egyedi \u00e9s sz\u00edvb\u0151l j\u00f6v\u0151 aj\u00e1nd\u00e9k. Sz\u00e9pen mutat gyerekszob\u00e1ban, nappaliban vagy ak\u00e1r egy eml\u00e9ksarok r\u00e9szek\u00e9nt is.\nAz id\u00e9zet ig\u00e9ny szerint v\u00e1ltoztathat\u00f3.\n\n\u2665 Minden keret k\u00e9zzel festett, t\u00f6bb r\u00e9tegben felvitt s\u00f6t\u00e9t di\u00f3 \u00e1rnyalat\u00fa p\u00e1ccal. A keret elej\u00e9t saj\u00e1t tervez\u00e9s\u0171 grafik\u00e1m d\u00edsz\u00edti, amely professzion\u00e1lisan ker\u00fcl nyomtat\u00e1sra, majd gondosan felhelyez\u00e9sre.\n\n\u2665 A k\u00e9pkeret k\u00fcls\u0151 m\u00e9rete kb. 20 \u00d7 20 cm, a bels\u0151 ny\u00edl\u00e1s kb. 9 \u00d7 9 cm. Ez a m\u00e9ret k\u00f6nnyed\u00e9n kiv\u00e1ghat\u00f3 egy 10 \u00d7 15 cm-es f\u00e9nyk\u00e9pb\u0151l, \u00edgy t\u00f6k\u00e9letesen illeszkedik a keretbe. De ig\u00e9ny eset\u00e9n a fot\u00f3t elk\u00fcldheted nekem, \u00e9n pedig d\u00edjmentesen kinyomtatom \u00e9s elhelyezem a keretben.\n\n\u2665 A keret plexi el\u0151lappal \u00e9s egy fa kit\u00e1maszt\u00f3 p\u00e1lc\u00e1val \u00e9rkezik, \u00edgy polcon vagy asztalon is stabilan meg\u00e1ll.\n\nHOGYAN RENDELJ:\n\nK\u00e9rlek, a szem\u00e9lyre szab\u00e1s mez\u0151ben, illetve \u00fczenetben add meg az al\u00e1bbi adatokat:\n\n- a kiv\u00e1lasztott design\/h\u00e1tt\u00e9r k\u00f3dsz\u00e1m\u00e1t\n\n- a k\u00edv\u00e1nt neveket, d\u00e1tumot ha sz\u00fcks\u00e9ges\n\n- ha esetleg szeretn\u00e9l egyedi id\u00e9zetet \n\nA v\u00e1s\u00e1rl\u00e1st k\u00f6vet\u0151en l\u00e1tv\u00e1nytervet k\u00fcld\u00f6k j\u00f3v\u00e1hagy\u00e1sra, hogy biztosan t\u00f6k\u00e9letes legyen minden.\n\n\u2665 Ha valami igaz\u00e1n egyedit szeretn\u00e9l, vagy speci\u00e1lis elk\u00e9pzel\u00e9sed van, \u00edrj b\u00e1tran \u2013 \u00f6r\u00f6mmel k\u00e9sz\u00edtek sz\u00e1modra egy teljesen szem\u00e9lyre szabott darabot!\n\n\u2665 Ha a keretet aj\u00e1nd\u00e9kba sz\u00e1nod, sz\u00edvesen seg\u00edtek ebben is!\nK\u00fcldd el a megaj\u00e1nd\u00e9kozott c\u00edm\u00e9t \u00e9s egy k\u00edv\u00e1nt \u00fczenetet, \u00e9n pedig egy gy\u00f6ny\u00f6r\u0171 aj\u00e1nd\u00e9kk\u00eds\u00e9r\u0151 k\u00e1rty\u00e1t is k\u00e9sz\u00edtek hozz\u00e1 \u2013 teljesen d\u00edjmentesen\n\n\u2665 A t\u00e9nyleges sz\u00ednek enyh\u00e9n elt\u00e9rhetnek a k\u00e9perny\u0151n l\u00e1tottakt\u00f3l a monitorbe\u00e1ll\u00edt\u00e1sok miatt.\n\n\u2665 A term\u00e9keket a Mesk\u00e1-n megadott sz\u00e1ll\u00edt\u00e1si c\u00edmre k\u00fcld\u00f6m. K\u00e9rlek, ellen\u0151rizd, hogy az c\u00edm helyes-e. Ha m\u00e1s c\u00edmre szeretn\u00e9d a csomagot, vedd fel velem b\u00e1tran a kapcsolatot.\n\n\u2665 K\u00e9rlek vedd figyelembe, hogy minden keret egyedi \u00e9s kifejezetten sz\u00e1modra k\u00e9sz\u00fcl, ez\u00e9rt lemond\u00e1st, visszak\u00fcld\u00e9st vagy cser\u00e9t nem \u00e1ll m\u00f3domban elfogadni.\n\n\u2665 Minden term\u00e9k \u00e9s a design szerz\u0151i joga a FourSeasonDesigne tulajdon\u00e1t k\u00e9pezi.\n\n\u2665 K\u00f6sz\u00f6n\u00f6m, hogy megl\u00e1togattad a boltomat! Ha b\u00e1rmilyen k\u00e9rd\u00e9sed van, fordulj hozz\u00e1m bizalommal","price":"6200.00","unit":"db","recommended":"0","status":"1","sponsored":"0","exp_notify":"0","own_material":"0","own_material_description_old":null,"own_material_description":"","jury":"0","jury_number":"","product_nature":"","meskaracsony":"0","create_date":"2026-01-31 01:32:07","shelve_id":"82432","image":"fourseasonsdesigne_product_767702_260131012622_79996.jpeg","image_width":"480","image_height":"483","image_alt":"Vir\u00e1gos f\u00e9nyk\u00e9pkeret id\u00e9zettel keresztel\u0151re \u2013 finom, eleg\u00e1ns babaszoba dekor\u00e1ci\u00f3, vadvir\u00e1gos design, keresztel\u0151 aj\u00e1nd\u00e9k, Modern, aranyos f\u00e9nyk\u00e9pkeret vir\u00e1gmint\u00e1val, id\u00e9zettel. T\u00f6k\u00e9letes aj\u00e1nd\u00e9k keresztel\u0151re a kisbab\u00e1nak r..., Meska","image_title":"Vir\u00e1gos f\u00e9nyk\u00e9pkeret id\u00e9zettel keresztel\u0151re \u2013 finom, eleg\u00e1ns babaszoba dekor\u00e1ci\u00f3, vadvir\u00e1gos design, keresztel\u0151 aj\u00e1nd\u00e9k, Meska","view_count":"78","favourite_count":"1","trending_score":"0","last2MonthFavouriteCount":"0","promotion":"0","giftcard_accept":"0","creditcard_accept":true,"enhanced_background":"0","domain":"meska","specific_customer_id":null,"specific_customer_name":null,"to_order_product":"1","to_order_product_time":"3","product_different":null,"product_different_description":"","vintage":"0","vintage_category_id":"0","recycled":"0","gemstone_id":"0","customizable":"1","type_category":"physical","zerowaste":"0","postage_price":"1290.00","shop_order":"0","has_category":"1","landing_pages":null,"microdata":{"number":67,"category":""},"title":"Vir\u00e1gos f\u00e9nyk\u00e9pkeret id\u00e9zettel keresztel\u0151re \u2013 finom, eleg\u00e1ns babaszoba dekor\u00e1ci\u00f3, vadvir\u00e1gos design, keresztel\u0151 aj\u00e1nd\u00e9k","description":"Modern, aranyos f\u00e9nyk\u00e9pkeret vir\u00e1gmint\u00e1val, id\u00e9zettel. T\u00f6k\u00e9letes aj\u00e1nd\u00e9k keresztel\u0151re a kisbab\u00e1nak rokonokt\u00f3l, keresztsz\u00fcl\u0151kt\u0151l, nagysz\u00fcl\u0151kt\u0151l vagy sz\u00fcl\u0151kt\u0151l.\n\nA keret n\u00e9vvel, d\u00e1tummal \u00e9s egy kedves id\u00e9zettel k\u00e9sz\u00fcl, \u00edgy minden darab egyedi \u00e9s sz\u00edvb\u0151l j\u00f6v\u0151 aj\u00e1nd\u00e9k. Sz\u00e9pen mutat gyerekszob\u00e1ban, nappaliban vagy ak\u00e1r egy eml\u00e9ksarok r\u00e9szek\u00e9nt is.\nAz id\u00e9zet ig\u00e9ny szerint v\u00e1ltoztathat\u00f3.\n\n\u2665 Minden keret k\u00e9zzel festett, t\u00f6bb r\u00e9tegben felvitt s\u00f6t\u00e9t di\u00f3 \u00e1rnyalat\u00fa p\u00e1ccal. A keret elej\u00e9t saj\u00e1t tervez\u00e9s\u0171 grafik\u00e1m d\u00edsz\u00edti, amely professzion\u00e1lisan ker\u00fcl nyomtat\u00e1sra, majd gondosan felhelyez\u00e9sre.\n\n\u2665 A k\u00e9pkeret k\u00fcls\u0151 m\u00e9rete kb. 20 \u00d7 20 cm, a bels\u0151 ny\u00edl\u00e1s kb. 9 \u00d7 9 cm. Ez a m\u00e9ret k\u00f6nnyed\u00e9n kiv\u00e1ghat\u00f3 egy 10 \u00d7 15 cm-es f\u00e9nyk\u00e9pb\u0151l, \u00edgy t\u00f6k\u00e9letesen illeszkedik a keretbe. De ig\u00e9ny eset\u00e9n a fot\u00f3t elk\u00fcldheted nekem, \u00e9n pedig d\u00edjmentesen kinyomtatom \u00e9s elhelyezem a keretben.\n\n\u2665 A keret plexi el\u0151lappal \u00e9s egy fa kit\u00e1maszt\u00f3 p\u00e1lc\u00e1val \u00e9rkezik, \u00edgy polcon vagy asztalon is stabilan meg\u00e1ll.\n\nHOGYAN RENDELJ:\n\nK\u00e9rlek, a szem\u00e9lyre szab\u00e1s mez\u0151ben, illetve \u00fczenetben add meg az al\u00e1bbi adatokat:\n\n- a kiv\u00e1lasztott design\/h\u00e1tt\u00e9r k\u00f3dsz\u00e1m\u00e1t\n\n- a k\u00edv\u00e1nt neveket, d\u00e1tumot ha sz\u00fcks\u00e9ges\n\n- ha esetleg szeretn\u00e9l egyedi id\u00e9zetet \n\nA v\u00e1s\u00e1rl\u00e1st k\u00f6vet\u0151en l\u00e1tv\u00e1nytervet k\u00fcld\u00f6k j\u00f3v\u00e1hagy\u00e1sra, hogy biztosan t\u00f6k\u00e9letes legyen minden.\n\n\u2665 Ha valami igaz\u00e1n egyedit szeretn\u00e9l, vagy speci\u00e1lis elk\u00e9pzel\u00e9sed van, \u00edrj b\u00e1tran \u2013 \u00f6r\u00f6mmel k\u00e9sz\u00edtek sz\u00e1modra egy teljesen szem\u00e9lyre szabott darabot!\n\n\u2665 Ha a keretet aj\u00e1nd\u00e9kba sz\u00e1nod, sz\u00edvesen seg\u00edtek ebben is!\nK\u00fcldd el a megaj\u00e1nd\u00e9kozott c\u00edm\u00e9t \u00e9s egy k\u00edv\u00e1nt \u00fczenetet, \u00e9n pedig egy gy\u00f6ny\u00f6r\u0171 aj\u00e1nd\u00e9kk\u00eds\u00e9r\u0151 k\u00e1rty\u00e1t is k\u00e9sz\u00edtek hozz\u00e1 \u2013 teljesen d\u00edjmentesen\n\n\u2665 A t\u00e9nyleges sz\u00ednek enyh\u00e9n elt\u00e9rhetnek a k\u00e9perny\u0151n l\u00e1tottakt\u00f3l a monitorbe\u00e1ll\u00edt\u00e1sok miatt.\n\n\u2665 A term\u00e9keket a Mesk\u00e1-n megadott sz\u00e1ll\u00edt\u00e1si c\u00edmre k\u00fcld\u00f6m. K\u00e9rlek, ellen\u0151rizd, hogy az c\u00edm helyes-e. Ha m\u00e1s c\u00edmre szeretn\u00e9d a csomagot, vedd fel velem b\u00e1tran a kapcsolatot.\n\n\u2665 K\u00e9rlek vedd figyelembe, hogy minden keret egyedi \u00e9s kifejezetten sz\u00e1modra k\u00e9sz\u00fcl, ez\u00e9rt lemond\u00e1st, visszak\u00fcld\u00e9st vagy cser\u00e9t nem \u00e1ll m\u00f3domban elfogadni.\n\n\u2665 Minden term\u00e9k \u00e9s a design szerz\u0151i joga a FourSeasonDesigne tulajdon\u00e1t k\u00e9pezi.\n\n\u2665 K\u00f6sz\u00f6n\u00f6m, hogy megl\u00e1togattad a boltomat! Ha b\u00e1rmilyen k\u00e9rd\u00e9sed van, fordulj hozz\u00e1m bizalommal","score":114.37834,"formatted_price":"6 200 Ft","image_url":"https:\/\/www.meska.hu\/img\/product\/small\/f\/o\/fourseasonsdesigne_product_767702_260131012622_79996.jpeg","formatted_url":"https:\/\/www.meska.hu\/p5722436-viragos-fenykepkeret-idezettel-keresztelore-finom-elegans-babaszoba-dekoracio-vadviragos-design-keresztelo-ajandek","favourite":false,"in_stock":false,"avatar":"767702_avatar_1768959868.jpeg","delete_from":0,"is_enhanced_background":false,"is_enhanced":false,"product_selection_started":false,"is_active":true,"image_webp_url":"https:\/\/www.meska.hu\/img\/product\/small\/f\/o\/fourseasonsdesigne_product_767702_260131012622_79996.webp"},{"id":"6098579","shop_id":"51553","user_id":"767702","shop_name":"FourSeasonsDesigne","shop_zip":"9400","product_code":"5722437","product_name_old":null,"product_name":"Vir\u00e1gos f\u00e9nyk\u00e9pkeret id\u00e9zettel keresztel\u0151re \u2013 finom, eleg\u00e1ns babaszoba dekor\u00e1ci\u00f3, vir\u00e1gos design, keresztel\u0151 aj\u00e1nd\u00e9k","category_string":"Baba - mama, Keresztel\u0151 kell\u00e9kek, Keresztel\u0151aj\u00e1nd\u00e9kok","technic_string":"Famegmunk\u00e1l\u00e1s, Fot\u00f3, grafika, rajz, illusztr\u00e1ci\u00f3","category_1":"1735","category_2":"1745","category_3":"1495","category_4":"0","merged_category_1":null,"merged_category_2":null,"merged_category_3":null,"technic_1":"478","technic_2":"483","technic_3":"0","color_1":"521","color_2":"532","color_3":"791","product_description_old":null,"product_description":"Modern, aranyos f\u00e9nyk\u00e9pkeret vir\u00e1gmint\u00e1val, id\u00e9zettel. T\u00f6k\u00e9letes aj\u00e1nd\u00e9k keresztel\u0151re a kisbab\u00e1nak rokonokt\u00f3l, keresztsz\u00fcl\u0151kt\u0151l, nagysz\u00fcl\u0151kt\u0151l vagy sz\u00fcl\u0151kt\u0151l.\n\nA keret n\u00e9vvel, d\u00e1tummal \u00e9s egy kedves id\u00e9zettel k\u00e9sz\u00fcl, \u00edgy minden darab egyedi \u00e9s sz\u00edvb\u0151l j\u00f6v\u0151 aj\u00e1nd\u00e9k. Sz\u00e9pen mutat gyerekszob\u00e1ban, nappaliban vagy ak\u00e1r egy eml\u00e9ksarok r\u00e9szek\u00e9nt is.\nAz id\u00e9zet ig\u00e9ny szerint v\u00e1ltoztathat\u00f3.\n\n\u2665 Minden keret k\u00e9zzel festett, t\u00f6bb r\u00e9tegben felvitt s\u00f6t\u00e9t di\u00f3 \u00e1rnyalat\u00fa p\u00e1ccal. A keret elej\u00e9t saj\u00e1t tervez\u00e9s\u0171 grafik\u00e1m d\u00edsz\u00edti, amely professzion\u00e1lisan ker\u00fcl nyomtat\u00e1sra, majd gondosan felhelyez\u00e9sre.\n\n\u2665 A k\u00e9pkeret k\u00fcls\u0151 m\u00e9rete kb. 20 \u00d7 20 cm, a bels\u0151 ny\u00edl\u00e1s kb. 9 \u00d7 9 cm. Ez a m\u00e9ret k\u00f6nnyed\u00e9n kiv\u00e1ghat\u00f3 egy 10 \u00d7 15 cm-es f\u00e9nyk\u00e9pb\u0151l, \u00edgy t\u00f6k\u00e9letesen illeszkedik a keretbe. De ig\u00e9ny eset\u00e9n a fot\u00f3t elk\u00fcldheted nekem, \u00e9n pedig d\u00edjmentesen kinyomtatom \u00e9s elhelyezem a keretben.\n\n\u2665 A keret plexi el\u0151lappal \u00e9s egy fa kit\u00e1maszt\u00f3 p\u00e1lc\u00e1val \u00e9rkezik, \u00edgy polcon vagy asztalon is stabilan meg\u00e1ll.\n\nHOGYAN RENDELJ:\n\nK\u00e9rlek, a szem\u00e9lyre szab\u00e1s mez\u0151ben, illetve \u00fczenetben add meg az al\u00e1bbi adatokat:\n\n- a kiv\u00e1lasztott design\/h\u00e1tt\u00e9r k\u00f3dsz\u00e1m\u00e1t\n\n- a k\u00edv\u00e1nt neveket, d\u00e1tumot ha sz\u00fcks\u00e9ges\n\n- ha esetleg szeretn\u00e9l egyedi id\u00e9zetet \n\nA v\u00e1s\u00e1rl\u00e1st k\u00f6vet\u0151en l\u00e1tv\u00e1nytervet k\u00fcld\u00f6k j\u00f3v\u00e1hagy\u00e1sra, hogy biztosan t\u00f6k\u00e9letes legyen minden.\n\n\u2665 Ha valami igaz\u00e1n egyedit szeretn\u00e9l, vagy speci\u00e1lis elk\u00e9pzel\u00e9sed van, \u00edrj b\u00e1tran \u2013 \u00f6r\u00f6mmel k\u00e9sz\u00edtek sz\u00e1modra egy teljesen szem\u00e9lyre szabott darabot!\n\n\u2665 Ha a keretet aj\u00e1nd\u00e9kba sz\u00e1nod, sz\u00edvesen seg\u00edtek ebben is!\nK\u00fcldd el a megaj\u00e1nd\u00e9kozott c\u00edm\u00e9t \u00e9s egy k\u00edv\u00e1nt \u00fczenetet, \u00e9n pedig egy gy\u00f6ny\u00f6r\u0171 aj\u00e1nd\u00e9kk\u00eds\u00e9r\u0151 k\u00e1rty\u00e1t is k\u00e9sz\u00edtek hozz\u00e1 \u2013 teljesen d\u00edjmentesen\n\n\u2665 A t\u00e9nyleges sz\u00ednek enyh\u00e9n elt\u00e9rhetnek a k\u00e9perny\u0151n l\u00e1tottakt\u00f3l a monitorbe\u00e1ll\u00edt\u00e1sok miatt.\n\n\u2665 A term\u00e9keket a Mesk\u00e1-n megadott sz\u00e1ll\u00edt\u00e1si c\u00edmre k\u00fcld\u00f6m. K\u00e9rlek, ellen\u0151rizd, hogy az c\u00edm helyes-e. Ha m\u00e1s c\u00edmre szeretn\u00e9d a csomagot, vedd fel velem b\u00e1tran a kapcsolatot.\n\n\u2665 K\u00e9rlek vedd figyelembe, hogy minden keret egyedi \u00e9s kifejezetten sz\u00e1modra k\u00e9sz\u00fcl, ez\u00e9rt lemond\u00e1st, visszak\u00fcld\u00e9st vagy cser\u00e9t nem \u00e1ll m\u00f3domban elfogadni.\n\n\u2665 Minden term\u00e9k \u00e9s a design szerz\u0151i joga a FourSeasonDesigne tulajdon\u00e1t k\u00e9pezi.\n\n\u2665 K\u00f6sz\u00f6n\u00f6m, hogy megl\u00e1togattad a boltomat! Ha b\u00e1rmilyen k\u00e9rd\u00e9sed van, fordulj hozz\u00e1m bizalommal","price":"6200.00","unit":"db","recommended":"0","status":"1","sponsored":"0","exp_notify":"0","own_material":"0","own_material_description_old":null,"own_material_description":"","jury":"0","jury_number":"","product_nature":"","meskaracsony":"0","create_date":"2026-01-31 01:33:51","shelve_id":"82432","image":"fourseasonsdesigne_product_767702_260131013249_928116.jpeg","image_width":"480","image_height":"483","image_alt":"Vir\u00e1gos f\u00e9nyk\u00e9pkeret id\u00e9zettel keresztel\u0151re \u2013 finom, eleg\u00e1ns babaszoba dekor\u00e1ci\u00f3, vir\u00e1gos design, keresztel\u0151 aj\u00e1nd\u00e9k, Modern, aranyos f\u00e9nyk\u00e9pkeret vir\u00e1gmint\u00e1val, id\u00e9zettel. T\u00f6k\u00e9letes aj\u00e1nd\u00e9k keresztel\u0151re a kisbab\u00e1nak r..., Meska","image_title":"Vir\u00e1gos f\u00e9nyk\u00e9pkeret id\u00e9zettel keresztel\u0151re \u2013 finom, eleg\u00e1ns babaszoba dekor\u00e1ci\u00f3, vir\u00e1gos design, keresztel\u0151 aj\u00e1nd\u00e9k, Meska","view_count":"79","favourite_count":"0","trending_score":"0","last2MonthFavouriteCount":"0","promotion":"0","giftcard_accept":"0","creditcard_accept":true,"enhanced_background":"0","domain":"meska","specific_customer_id":null,"specific_customer_name":null,"to_order_product":"1","to_order_product_time":"3","product_different":null,"product_different_description":"","vintage":"0","vintage_category_id":"0","recycled":"0","gemstone_id":"0","customizable":"1","type_category":"physical","zerowaste":"0","postage_price":"1290.00","shop_order":"0","has_category":"1","landing_pages":null,"microdata":{"number":68,"category":""},"title":"Vir\u00e1gos f\u00e9nyk\u00e9pkeret id\u00e9zettel keresztel\u0151re \u2013 finom, eleg\u00e1ns babaszoba dekor\u00e1ci\u00f3, vir\u00e1gos design, keresztel\u0151 aj\u00e1nd\u00e9k","description":"Modern, aranyos f\u00e9nyk\u00e9pkeret vir\u00e1gmint\u00e1val, id\u00e9zettel. T\u00f6k\u00e9letes aj\u00e1nd\u00e9k keresztel\u0151re a kisbab\u00e1nak rokonokt\u00f3l, keresztsz\u00fcl\u0151kt\u0151l, nagysz\u00fcl\u0151kt\u0151l vagy sz\u00fcl\u0151kt\u0151l.\n\nA keret n\u00e9vvel, d\u00e1tummal \u00e9s egy kedves id\u00e9zettel k\u00e9sz\u00fcl, \u00edgy minden darab egyedi \u00e9s sz\u00edvb\u0151l j\u00f6v\u0151 aj\u00e1nd\u00e9k. Sz\u00e9pen mutat gyerekszob\u00e1ban, nappaliban vagy ak\u00e1r egy eml\u00e9ksarok r\u00e9szek\u00e9nt is.\nAz id\u00e9zet ig\u00e9ny szerint v\u00e1ltoztathat\u00f3.\n\n\u2665 Minden keret k\u00e9zzel festett, t\u00f6bb r\u00e9tegben felvitt s\u00f6t\u00e9t di\u00f3 \u00e1rnyalat\u00fa p\u00e1ccal. A keret elej\u00e9t saj\u00e1t tervez\u00e9s\u0171 grafik\u00e1m d\u00edsz\u00edti, amely professzion\u00e1lisan ker\u00fcl nyomtat\u00e1sra, majd gondosan felhelyez\u00e9sre.\n\n\u2665 A k\u00e9pkeret k\u00fcls\u0151 m\u00e9rete kb. 20 \u00d7 20 cm, a bels\u0151 ny\u00edl\u00e1s kb. 9 \u00d7 9 cm. Ez a m\u00e9ret k\u00f6nnyed\u00e9n kiv\u00e1ghat\u00f3 egy 10 \u00d7 15 cm-es f\u00e9nyk\u00e9pb\u0151l, \u00edgy t\u00f6k\u00e9letesen illeszkedik a keretbe. De ig\u00e9ny eset\u00e9n a fot\u00f3t elk\u00fcldheted nekem, \u00e9n pedig d\u00edjmentesen kinyomtatom \u00e9s elhelyezem a keretben.\n\n\u2665 A keret plexi el\u0151lappal \u00e9s egy fa kit\u00e1maszt\u00f3 p\u00e1lc\u00e1val \u00e9rkezik, \u00edgy polcon vagy asztalon is stabilan meg\u00e1ll.\n\nHOGYAN RENDELJ:\n\nK\u00e9rlek, a szem\u00e9lyre szab\u00e1s mez\u0151ben, illetve \u00fczenetben add meg az al\u00e1bbi adatokat:\n\n- a kiv\u00e1lasztott design\/h\u00e1tt\u00e9r k\u00f3dsz\u00e1m\u00e1t\n\n- a k\u00edv\u00e1nt neveket, d\u00e1tumot ha sz\u00fcks\u00e9ges\n\n- ha esetleg szeretn\u00e9l egyedi id\u00e9zetet \n\nA v\u00e1s\u00e1rl\u00e1st k\u00f6vet\u0151en l\u00e1tv\u00e1nytervet k\u00fcld\u00f6k j\u00f3v\u00e1hagy\u00e1sra, hogy biztosan t\u00f6k\u00e9letes legyen minden.\n\n\u2665 Ha valami igaz\u00e1n egyedit szeretn\u00e9l, vagy speci\u00e1lis elk\u00e9pzel\u00e9sed van, \u00edrj b\u00e1tran \u2013 \u00f6r\u00f6mmel k\u00e9sz\u00edtek sz\u00e1modra egy teljesen szem\u00e9lyre szabott darabot!\n\n\u2665 Ha a keretet aj\u00e1nd\u00e9kba sz\u00e1nod, sz\u00edvesen seg\u00edtek ebben is!\nK\u00fcldd el a megaj\u00e1nd\u00e9kozott c\u00edm\u00e9t \u00e9s egy k\u00edv\u00e1nt \u00fczenetet, \u00e9n pedig egy gy\u00f6ny\u00f6r\u0171 aj\u00e1nd\u00e9kk\u00eds\u00e9r\u0151 k\u00e1rty\u00e1t is k\u00e9sz\u00edtek hozz\u00e1 \u2013 teljesen d\u00edjmentesen\n\n\u2665 A t\u00e9nyleges sz\u00ednek enyh\u00e9n elt\u00e9rhetnek a k\u00e9perny\u0151n l\u00e1tottakt\u00f3l a monitorbe\u00e1ll\u00edt\u00e1sok miatt.\n\n\u2665 A term\u00e9keket a Mesk\u00e1-n megadott sz\u00e1ll\u00edt\u00e1si c\u00edmre k\u00fcld\u00f6m. K\u00e9rlek, ellen\u0151rizd, hogy az c\u00edm helyes-e. Ha m\u00e1s c\u00edmre szeretn\u00e9d a csomagot, vedd fel velem b\u00e1tran a kapcsolatot.\n\n\u2665 K\u00e9rlek vedd figyelembe, hogy minden keret egyedi \u00e9s kifejezetten sz\u00e1modra k\u00e9sz\u00fcl, ez\u00e9rt lemond\u00e1st, visszak\u00fcld\u00e9st vagy cser\u00e9t nem \u00e1ll m\u00f3domban elfogadni.\n\n\u2665 Minden term\u00e9k \u00e9s a design szerz\u0151i joga a FourSeasonDesigne tulajdon\u00e1t k\u00e9pezi.\n\n\u2665 K\u00f6sz\u00f6n\u00f6m, hogy megl\u00e1togattad a boltomat! Ha b\u00e1rmilyen k\u00e9rd\u00e9sed van, fordulj hozz\u00e1m bizalommal","score":114.37834,"formatted_price":"6 200 Ft","image_url":"https:\/\/www.meska.hu\/img\/product\/small\/f\/o\/fourseasonsdesigne_product_767702_260131013249_928116.jpeg","formatted_url":"https:\/\/www.meska.hu\/p5722437-viragos-fenykepkeret-idezettel-keresztelore-finom-elegans-babaszoba-dekoracio-viragos-design-keresztelo-ajandek","favourite":false,"in_stock":false,"avatar":"767702_avatar_1768959868.jpeg","delete_from":0,"is_enhanced_background":false,"is_enhanced":false,"product_selection_started":false,"is_active":true,"image_webp_url":"https:\/\/www.meska.hu\/img\/product\/small\/f\/o\/fourseasonsdesigne_product_767702_260131013249_928116.webp"},{"id":"3441535","shop_id":"21477","user_id":"224153","shop_name":"lezerdekor","shop_zip":"7090","product_code":"4199590","product_name_old":null,"product_name":"Babav\u00e1r\u00f3 aj\u00e1nd\u00e9k, Eml\u00e9kk\u00f6nyv, Babav\u00e1r\u00f3 Party kell\u00e9k, Keresztsz\u00fcl\u0151i Vend\u00e9gk\u00f6nyv","category_string":"Baba - mama, Keresztel\u0151aj\u00e1nd\u00e9kok, Keresztel\u0151 kell\u00e9kek","technic_string":"Famegmunk\u00e1l\u00e1s, Grav\u00edroz\u00e1s, pirogr\u00e1fia","category_1":"1495","category_2":"1745","category_3":"1735","category_4":"0","merged_category_1":"0","merged_category_2":"784","merged_category_3":"0","technic_1":"478","technic_2":"796","technic_3":"0","color_1":"521","color_2":"525","color_3":"528","product_description_old":null,"product_description":"Ha minden a babav\u00e1r\u00e1s k\u00f6r\u00fcl forog, akkor van sz\u00e1modra egy k\u00fcl\u00f6nleges term\u00e9k\u00fcnk.\nEml\u00e9kk\u00f6nyv, vagy m\u00e1s n\u00e9ven vend\u00e9gk\u00f6nyv,  mely \u00f6r\u00f6k eml\u00e9k lesz sz\u00fcletend\u0151 gyermeketeknek \u00e9s term\u00e9szetesen nektek leend\u0151 sz\u00fcl\u0151knek.\nA babav\u00e1r\u00f3 partyra, keresztel\u0151re, vagy \u00e9ppen 1. sz\u00fclet\u00e9snapra \u00e9rkez\u0151 vend\u00e9geitek j\u00f3k\u00edv\u00e1ns\u00e1gaikat jegyezhetik le a kis fa talpacsk\u00e1kra, melyeket el\u0151z\u0151leg beragasztunk a keretbe. A h\u00e1tt\u00e9rsz\u00edn term\u00e9szetesen v\u00e1laszthat\u00f3, a kisbaba nem\u00e9hez igaz\u00edtva.\nA nagy sz\u00edvre a baba neve \u00e9s sz\u00fclet\u00e9s\u00e9nek (vagy a keresztel\u0151, sz\u00fclet\u00e9snap) d\u00e1tuma ker\u00fcl, grav\u00edroz\u00e1ssal.\n\nA keretbe beragasztott kis talpacsk\u00e1kra sima,  egyszer\u0171 goly\u00f3stollal \u00edrhatj\u00e1k szeretteitek, bar\u00e1taitok \u00fczeneteiket a kisbab\u00e1tok r\u00e9sz\u00e9re.\n\n\nM\u00e9rete: 30x40 cm\n","price":"9990.00","unit":"db","recommended":"0","status":"1","sponsored":"0","exp_notify":"0","own_material":"0","own_material_description_old":null,"own_material_description":"","jury":"0","jury_number":"","product_nature":"","meskaracsony":"0","create_date":"2026-04-03 00:22:22","shelve_id":"48890","image":"lezerdekor_product_224153_210702141646_162477.jpeg","image_width":"480","image_height":"640","image_alt":"Babav\u00e1r\u00f3 aj\u00e1nd\u00e9k, Eml\u00e9kk\u00f6nyv, Babav\u00e1r\u00f3 Party kell\u00e9k, Keresztsz\u00fcl\u0151i Vend\u00e9gk\u00f6nyv, Ha minden a babav\u00e1r\u00e1s k\u00f6r\u00fcl forog, akkor van sz\u00e1modra egy k\u00fcl\u00f6nleges term\u00e9k\u00fcnk.\\nEml\u00e9kk\u00f6nyv, vagy m\u00e1s..., Meska","image_title":"Babav\u00e1r\u00f3 aj\u00e1nd\u00e9k, Eml\u00e9kk\u00f6nyv, Babav\u00e1r\u00f3 Party kell\u00e9k, Keresztsz\u00fcl\u0151i Vend\u00e9gk\u00f6nyv, Meska","view_count":"2956","favourite_count":"0","trending_score":"0","last2MonthFavouriteCount":"0","promotion":"0","giftcard_accept":"0","creditcard_accept":false,"enhanced_background":"0","domain":"meska","specific_customer_id":null,"specific_customer_name":null,"to_order_product":"1","to_order_product_time":"5","product_different":"not_different","product_different_description":"","vintage":"0","vintage_category_id":"0","recycled":"0","gemstone_id":"0","customizable":"0","type_category":"physical","zerowaste":"0","postage_price":"3800.00","shop_order":"0","has_category":"1","landing_pages":null,"microdata":{"number":69,"category":""},"title":"Babav\u00e1r\u00f3 aj\u00e1nd\u00e9k, Eml\u00e9kk\u00f6nyv, Babav\u00e1r\u00f3 Party kell\u00e9k, Keresztsz\u00fcl\u0151i Vend\u00e9gk\u00f6nyv","description":"Ha minden a babav\u00e1r\u00e1s k\u00f6r\u00fcl forog, akkor van sz\u00e1modra egy k\u00fcl\u00f6nleges term\u00e9k\u00fcnk.\nEml\u00e9kk\u00f6nyv, vagy m\u00e1s n\u00e9ven vend\u00e9gk\u00f6nyv,  mely \u00f6r\u00f6k eml\u00e9k lesz sz\u00fcletend\u0151 gyermeketeknek \u00e9s term\u00e9szetesen nektek leend\u0151 sz\u00fcl\u0151knek.\nA babav\u00e1r\u00f3 partyra, keresztel\u0151re, vagy \u00e9ppen 1. sz\u00fclet\u00e9snapra \u00e9rkez\u0151 vend\u00e9geitek j\u00f3k\u00edv\u00e1ns\u00e1gaikat jegyezhetik le a kis fa talpacsk\u00e1kra, melyeket el\u0151z\u0151leg beragasztunk a keretbe. A h\u00e1tt\u00e9rsz\u00edn term\u00e9szetesen v\u00e1laszthat\u00f3, a kisbaba nem\u00e9hez igaz\u00edtva.\nA nagy sz\u00edvre a baba neve \u00e9s sz\u00fclet\u00e9s\u00e9nek (vagy a keresztel\u0151, sz\u00fclet\u00e9snap) d\u00e1tuma ker\u00fcl, grav\u00edroz\u00e1ssal.\n\nA keretbe beragasztott kis talpacsk\u00e1kra sima,  egyszer\u0171 goly\u00f3stollal \u00edrhatj\u00e1k szeretteitek, bar\u00e1taitok \u00fczeneteiket a kisbab\u00e1tok r\u00e9sz\u00e9re.\n\n\nM\u00e9rete: 30x40 cm\n","score":114.28084,"formatted_price":"9 990 Ft","image_url":"https:\/\/www.meska.hu\/img\/product\/small\/l\/e\/lezerdekor_product_224153_210702141646_162477.jpeg","formatted_url":"https:\/\/www.meska.hu\/p4199590-babavaro-ajandek-emlekkonyv-babavaro-party-kellek-keresztszuloi-vendegkonyv","favourite":false,"in_stock":false,"avatar":"lezerdekor_avatar_224153_1654619787.jpg","delete_from":0,"is_enhanced_background":false,"is_enhanced":false,"product_selection_started":false,"is_active":true,"image_webp_url":"https:\/\/www.meska.hu\/img\/product\/small\/l\/e\/lezerdekor_product_224153_210702141646_162477.webp"},{"id":"3480188","shop_id":"475","user_id":"1434","shop_name":"Jandis","shop_zip":"4440","product_code":"4654681","product_name_old":null,"product_name":"Babak\u00f6sz\u00f6nt\u0151\/keresztel\u0151 aj\u00e1nd\u00e9k","category_string":"Baba - mama, Keresztel\u0151aj\u00e1nd\u00e9kok, Keresztel\u0151 kell\u00e9kek","technic_string":"K\u00f6nyvk\u00f6t\u00e9s, Fot\u00f3, grafika, rajz, illusztr\u00e1ci\u00f3","category_1":"1495","category_2":"1745","category_3":"1735","category_4":"0","merged_category_1":null,"merged_category_2":null,"merged_category_3":null,"technic_1":"671","technic_2":"483","technic_3":"0","color_1":"519","color_2":"0","color_3":"0","product_description_old":null,"product_description":"Ha majd az \u00e9letben v\u00e1lasz\u00fathoz \u00e9rn\u00e9l,\na sok k\u00f6zt nem tudn\u00e1d, hogy melyikre is t\u00e9rj\u00e9l,\n\u00e1lljon ott egy t\u00fcnd\u00e9r, l\u00e9pteidet vigy\u00e1zva,\nmutasson \u0151 utat \u00e9s tal\u00e1lj a boldogs\u00e1gra!\n\nSaj\u00e1t k\u00e9sz\u00edt\u00e9s\u0171 aj\u00e1nd\u00e9kdoboz, saj\u00e1t k\u00e9sz\u00edt\u00e9s\u0171 textil kend\u0151vel babal\u00e1togat\u00f3ba, keresztel\u0151re\n\nA doboz b\u00e1rmilyen sz\u00f6veggel, monogrammal k\u00e9sz\u00fclhet, vagy ak\u00e1r saj\u00e1t grafik\u00e1val is.\n\nDoboz m\u00e9rete:\n18x18x3 cm\n\nKend\u0151 m\u00e9rete:\n33x33 cm\n\nA doboz \u00e9s a kend\u0151 k\u00fcl\u00f6n-k\u00fcl\u00f6n is megrendelhet\u0151.","price":"9600.00","unit":"db","recommended":"0","status":"1","sponsored":"0","exp_notify":"0","own_material":"0","own_material_description_old":null,"own_material_description":"","jury":"0","jury_number":"","product_nature":"","meskaracsony":"0","create_date":"2026-02-26 08:39:48","shelve_id":"49245","image":"jandis_product_1434_220203201123_483489.jpeg","image_width":"480","image_height":"360","image_alt":"Babak\u00f6sz\u00f6nt\u0151\/keresztel\u0151 aj\u00e1nd\u00e9k, Ha majd az \u00e9letben v\u00e1lasz\u00fathoz \u00e9rn\u00e9l,\\na sok k\u00f6zt nem tudn\u00e1d, hogy melyikre is t\u00e9rj\u00e9l,\\n\u00e1lljon ott egy..., Meska","image_title":"Babak\u00f6sz\u00f6nt\u0151\/keresztel\u0151 aj\u00e1nd\u00e9k, Meska","view_count":"3312","favourite_count":"1","trending_score":"0","last2MonthFavouriteCount":"1","promotion":"0","giftcard_accept":"1","creditcard_accept":false,"enhanced_background":"0","domain":"meska","specific_customer_id":null,"specific_customer_name":null,"to_order_product":"1","to_order_product_time":"5","product_different":null,"product_different_description":"","vintage":"0","vintage_category_id":"0","recycled":"0","gemstone_id":"0","customizable":"1","type_category":"physical","zerowaste":"0","postage_price":"1290.00","shop_order":"0","has_category":"1","landing_pages":null,"microdata":{"number":70,"category":""},"title":"Babak\u00f6sz\u00f6nt\u0151\/keresztel\u0151 aj\u00e1nd\u00e9k","description":"Ha majd az \u00e9letben v\u00e1lasz\u00fathoz \u00e9rn\u00e9l,\na sok k\u00f6zt nem tudn\u00e1d, hogy melyikre is t\u00e9rj\u00e9l,\n\u00e1lljon ott egy t\u00fcnd\u00e9r, l\u00e9pteidet vigy\u00e1zva,\nmutasson \u0151 utat \u00e9s tal\u00e1lj a boldogs\u00e1gra!\n\nSaj\u00e1t k\u00e9sz\u00edt\u00e9s\u0171 aj\u00e1nd\u00e9kdoboz, saj\u00e1t k\u00e9sz\u00edt\u00e9s\u0171 textil kend\u0151vel babal\u00e1togat\u00f3ba, keresztel\u0151re\n\nA doboz b\u00e1rmilyen sz\u00f6veggel, monogrammal k\u00e9sz\u00fclhet, vagy ak\u00e1r saj\u00e1t grafik\u00e1val is.\n\nDoboz m\u00e9rete:\n18x18x3 cm\n\nKend\u0151 m\u00e9rete:\n33x33 cm\n\nA doboz \u00e9s a kend\u0151 k\u00fcl\u00f6n-k\u00fcl\u00f6n is megrendelhet\u0151.","score":114.28084,"formatted_price":"9 600 Ft","image_url":"https:\/\/www.meska.hu\/img\/product\/small\/j\/a\/jandis_product_1434_220203201123_483489.jpeg","formatted_url":"https:\/\/www.meska.hu\/p4654681-babakoszonto-keresztelo-ajandek","favourite":false,"in_stock":false,"avatar":"Jandis_avatar_1434_1633367401.png","delete_from":0,"is_enhanced_background":false,"is_enhanced":false,"product_selection_started":false,"is_active":true,"image_webp_url":"https:\/\/www.meska.hu\/img\/product\/small\/j\/a\/jandis_product_1434_220203201123_483489.webp"},{"id":"4561633","shop_id":"475","user_id":"1434","shop_name":"Jandis","shop_zip":"4440","product_code":"4822523","product_name_old":null,"product_name":"Babav\u00e1r\u00f3 aj\u00e1nd\u00e9k","category_string":"Baba - mama, Keresztel\u0151aj\u00e1nd\u00e9kok, Keresztel\u0151 kell\u00e9kek","technic_string":"K\u00f6nyvk\u00f6t\u00e9s, Fot\u00f3, grafika, rajz, illusztr\u00e1ci\u00f3","category_1":"1495","category_2":"1745","category_3":"1735","category_4":"0","merged_category_1":null,"merged_category_2":null,"merged_category_3":null,"technic_1":"671","technic_2":"483","technic_3":"0","color_1":"519","color_2":"0","color_3":"0","product_description_old":null,"product_description":"\"A megsz\u00fcletni v\u00e1gy\u00f3 l\u00e9lek mindig any\u00e1t v\u00e1laszt mag\u00e1nak.\nEz hat\u00e1rtalan bizalom! Bizalom, hogy j\u00f3 ap\u00e1t v\u00e1lasztasz sz\u00e1m\u00e1ra,\nbizalom a testedben, hogy ott fel\u00e9p\u00edtheti \u00f6nmag\u00e1t, bizalom a lelkedben,\nhogy te leszel az, aki seg\u00edt kibontani a f\u00f6ldi l\u00e9tez\u00e9sben \u00f6nmag\u00e1t.\nR\u00e1d b\u00edzza az els\u0151 lak\u00f3hely\u00e9t, r\u00e1d b\u00edzza az \u00e9let\u00e9t.\"\n\nSaj\u00e1t k\u00e9sz\u00edt\u00e9s\u0171 aj\u00e1nd\u00e9kdoboz, saj\u00e1t k\u00e9sz\u00edt\u00e9s\u0171 textil kend\u0151vel babav\u00e1r\u00f3 buliba\n\nA doboz b\u00e1rmilyen sz\u00f6veggel, monogrammal k\u00e9sz\u00fclhet, vagy ak\u00e1r saj\u00e1t grafik\u00e1val is.\n\nDoboz m\u00e9rete:\n18x18x3 cm\n\nKend\u0151 m\u00e9rete:\n33x33 cm\n\nA doboz \u00e9s a kend\u0151 k\u00fcl\u00f6n-k\u00fcl\u00f6n is megrendelhet\u0151.","price":"9600.00","unit":"db","recommended":"0","status":"1","sponsored":"0","exp_notify":"0","own_material":"0","own_material_description_old":null,"own_material_description":"","jury":"0","jury_number":"","product_nature":"","meskaracsony":"0","create_date":"2026-03-18 18:03:53","shelve_id":"49245","image":"jandis_product_1434_221102201853_399397.jpeg","image_width":"480","image_height":"360","image_alt":"Babav\u00e1r\u00f3 aj\u00e1nd\u00e9k, \\\"A megsz\u00fcletni v\u00e1gy\u00f3 l\u00e9lek mindig any\u00e1t v\u00e1laszt mag\u00e1nak.\\nEz hat\u00e1rtalan bizalom! Bizalom, hogy j\u00f3 ap\u00e1..., Meska","image_title":"Babav\u00e1r\u00f3 aj\u00e1nd\u00e9k, Meska","view_count":"1352","favourite_count":"0","trending_score":"0","last2MonthFavouriteCount":"0","promotion":"0","giftcard_accept":"1","creditcard_accept":false,"enhanced_background":"0","domain":"meska","specific_customer_id":null,"specific_customer_name":null,"to_order_product":"1","to_order_product_time":"5","product_different":null,"product_different_description":"","vintage":"0","vintage_category_id":"0","recycled":"0","gemstone_id":"0","customizable":"1","type_category":"physical","zerowaste":"0","postage_price":"1290.00","shop_order":"0","has_category":"1","landing_pages":null,"microdata":{"number":71,"category":""},"title":"Babav\u00e1r\u00f3 aj\u00e1nd\u00e9k","description":"\"A megsz\u00fcletni v\u00e1gy\u00f3 l\u00e9lek mindig any\u00e1t v\u00e1laszt mag\u00e1nak.\nEz hat\u00e1rtalan bizalom! Bizalom, hogy j\u00f3 ap\u00e1t v\u00e1lasztasz sz\u00e1m\u00e1ra,\nbizalom a testedben, hogy ott fel\u00e9p\u00edtheti \u00f6nmag\u00e1t, bizalom a lelkedben,\nhogy te leszel az, aki seg\u00edt kibontani a f\u00f6ldi l\u00e9tez\u00e9sben \u00f6nmag\u00e1t.\nR\u00e1d b\u00edzza az els\u0151 lak\u00f3hely\u00e9t, r\u00e1d b\u00edzza az \u00e9let\u00e9t.\"\n\nSaj\u00e1t k\u00e9sz\u00edt\u00e9s\u0171 aj\u00e1nd\u00e9kdoboz, saj\u00e1t k\u00e9sz\u00edt\u00e9s\u0171 textil kend\u0151vel babav\u00e1r\u00f3 buliba\n\nA doboz b\u00e1rmilyen sz\u00f6veggel, monogrammal k\u00e9sz\u00fclhet, vagy ak\u00e1r saj\u00e1t grafik\u00e1val is.\n\nDoboz m\u00e9rete:\n18x18x3 cm\n\nKend\u0151 m\u00e9rete:\n33x33 cm\n\nA doboz \u00e9s a kend\u0151 k\u00fcl\u00f6n-k\u00fcl\u00f6n is megrendelhet\u0151.","score":114.28084,"formatted_price":"9 600 Ft","image_url":"https:\/\/www.meska.hu\/img\/product\/small\/j\/a\/jandis_product_1434_221102201853_399397.jpeg","formatted_url":"https:\/\/www.meska.hu\/p4822523-babavaro-ajandek","favourite":false,"in_stock":false,"avatar":"Jandis_avatar_1434_1633367401.png","delete_from":0,"is_enhanced_background":false,"is_enhanced":false,"product_selection_started":false,"is_active":true,"image_webp_url":"https:\/\/www.meska.hu\/img\/product\/small\/j\/a\/jandis_product_1434_221102201853_399397.webp"},{"id":"5706866","shop_id":"39864","user_id":"552843","shop_name":"Weddingfuldekormuhely","shop_zip":"1045","product_code":"5505152","product_name_old":null,"product_name":"Keresztel\u0151 eml\u00e9k vir\u00e1gmagok - egyedi l\u00e1tv\u00e1nytervekkel!","category_string":"Baba - mama, Keresztel\u0151 kell\u00e9kek, Keresztel\u0151aj\u00e1nd\u00e9kok","technic_string":"Fot\u00f3, grafika, rajz, illusztr\u00e1ci\u00f3","category_1":"1735","category_2":"1745","category_3":"1495","category_4":"0","merged_category_1":null,"merged_category_2":null,"merged_category_3":null,"technic_1":"483","technic_2":"0","technic_3":"0","color_1":"513","color_2":"0","color_3":"0","product_description_old":null,"product_description":"Rendel\u00e9s lead\u00e1s ut\u00e1n e-mailben felkereslek \u00e9s egyeztetj\u00fck a meg\u00e1lmodott st\u00edlust, majd 4 l\u00e1tv\u00e1nyterv k\u00f6z\u00fcl v\u00e1laszthatsz!\n\nA vir\u00e1gmagok, amelyek a zacsk\u00f3ban tal\u00e1lhat\u00f3ak, \u00e9vel\u0151ek, \u00edgy nem csak egyszer \u00e9lvezheti a megaj\u00e1nd\u00e9kozott a l\u00e1tv\u00e1nyt. Az egy helyen bel\u00fcl sz\u00e9tsz\u00f3rt vir\u00e1gok m\u00e9h \u00e9s lepke legel\u0151k\u00e9nt funkcion\u00e1lnak. \n\nA magkever\u00e9k olyan vir\u00e1gokat tartalmaz mint pl. tavaszi b\u00fckk\u00f6ny, fac\u00e9lia, baltacim stb. (a k\u00e9pek k\u00f6z\u00f6tt megtal\u00e1lod \u0151ket).\n\n","price":"250.00","unit":"db","recommended":"0","status":"1","sponsored":"0","exp_notify":"0","own_material":"0","own_material_description_old":null,"own_material_description":"","jury":"0","jury_number":"","product_nature":"","meskaracsony":"0","create_date":"2026-04-22 13:51:04","shelve_id":"0","image":"weddingfuldekormuhely_product_552843_260207102427_012828.jpeg","image_width":"480","image_height":"484","image_alt":"Keresztel\u0151 eml\u00e9k vir\u00e1gmagok - egyedi l\u00e1tv\u00e1nytervekkel!, Rendel\u00e9s lead\u00e1s ut\u00e1n e-mailben felkereslek \u00e9s egyeztetj\u00fck a meg\u00e1lmodott st\u00edlust, majd 4 l\u00e1tv\u00e1nyterv ..., Meska","image_title":"Keresztel\u0151 eml\u00e9k vir\u00e1gmagok - egyedi l\u00e1tv\u00e1nytervekkel!, Meska","view_count":"1073","favourite_count":"0","trending_score":"0","last2MonthFavouriteCount":"0","promotion":"0","giftcard_accept":"0","creditcard_accept":false,"enhanced_background":"0","domain":"meska","specific_customer_id":null,"specific_customer_name":null,"to_order_product":"1","to_order_product_time":"7","product_different":null,"product_different_description":"","vintage":"0","vintage_category_id":"0","recycled":"0","gemstone_id":"0","customizable":"1","type_category":"physical","zerowaste":"0","postage_price":"1290.00","shop_order":"0","has_category":"1","landing_pages":null,"microdata":{"number":72,"category":""},"title":"Keresztel\u0151 eml\u00e9k vir\u00e1gmagok - egyedi l\u00e1tv\u00e1nytervekkel!","description":"Rendel\u00e9s lead\u00e1s ut\u00e1n e-mailben felkereslek \u00e9s egyeztetj\u00fck a meg\u00e1lmodott st\u00edlust, majd 4 l\u00e1tv\u00e1nyterv k\u00f6z\u00fcl v\u00e1laszthatsz!\n\nA vir\u00e1gmagok, amelyek a zacsk\u00f3ban tal\u00e1lhat\u00f3ak, \u00e9vel\u0151ek, \u00edgy nem csak egyszer \u00e9lvezheti a megaj\u00e1nd\u00e9kozott a l\u00e1tv\u00e1nyt. Az egy helyen bel\u00fcl sz\u00e9tsz\u00f3rt vir\u00e1gok m\u00e9h \u00e9s lepke legel\u0151k\u00e9nt funkcion\u00e1lnak. \n\nA magkever\u00e9k olyan vir\u00e1gokat tartalmaz mint pl. tavaszi b\u00fckk\u00f6ny, fac\u00e9lia, baltacim stb. (a k\u00e9pek k\u00f6z\u00f6tt megtal\u00e1lod \u0151ket).\n\n","score":114.25921,"formatted_price":"250 Ft","image_url":"https:\/\/www.meska.hu\/img\/product\/small\/w\/e\/weddingfuldekormuhely_product_552843_260207102427_012828.jpeg","formatted_url":"https:\/\/www.meska.hu\/p5505152-nonapi-ajandek-viragmag","favourite":false,"in_stock":false,"avatar":"552843_avatar_1674075502.png","delete_from":0,"is_enhanced_background":false,"is_enhanced":false,"product_selection_started":false,"is_active":true,"image_webp_url":"https:\/\/www.meska.hu\/img\/product\/small\/w\/e\/weddingfuldekormuhely_product_552843_260207102427_012828.webp"},{"id":"6031273","shop_id":"12016","user_id":"66968","shop_name":"barbiebaba","shop_zip":"5940","product_code":"5687252","product_name_old":null,"product_name":"A legjobb nagyb\u00e1csinak aj\u00e1nd\u00e9k kulcstart\u00f3","category_string":"Baba - mama, Keresztel\u0151aj\u00e1nd\u00e9kok, Keresztel\u0151 kell\u00e9kek","technic_string":"\u00c9kszerk\u00e9sz\u00edt\u00e9s","category_1":"1495","category_2":"1745","category_3":"1735","category_4":"0","merged_category_1":null,"merged_category_2":null,"merged_category_3":null,"technic_1":"477","technic_2":"0","technic_3":"0","color_1":"518","color_2":"0","color_3":"0","product_description_old":null,"product_description":"Az \u00e1r tartalmazza: 1db kulcstart\u00f3 + aj\u00e1nd\u00e9kdoboz\nA felirat v\u00e1ltoztathat\u00f3, megjegyz\u00e9sben kell felt\u00fcntetni a k\u00e9rt v\u00e1ltoztat\u00e1sokat.\n\u00c1sv\u00e1nyok:\nL\u00e1vak\u0151 hat\u00e1sa: m\u00e9regtelen\u00edt\u0151, sejt-v\u00edzut\u00e1np\u00f3tl\u00e1s, er\u0151s\u00edti az izmokat, k\u00f6t\u0151sz\u00f6vet regener\u00e1l\u00f3d\u00e1s, v\u00e9rkering\u00e9s, idegrendszer, idegsejt\nT\u00fcrkiz hat\u00e1sa;kommunik\u00e1ci\u00f3, pajzsmirigy, \u00f6nbizalom, v\u00e9d\u0151, \u00edz\u00fcletek, gyomor, b\u00e9l, szem, agy, nyugtat\u00f3, kreativit\u00e1s","price":"5890.00","unit":"db","recommended":"0","status":"1","sponsored":"0","exp_notify":"0","own_material":"0","own_material_description_old":null,"own_material_description":"","jury":"0","jury_number":"","product_nature":"","meskaracsony":"0","create_date":"2026-04-05 12:36:24","shelve_id":"67996","image":"barbiebaba_product_66968_251204184851_365864.jpeg","image_width":"480","image_height":"640","image_alt":"A legjobb nagyb\u00e1csinak aj\u00e1nd\u00e9k kulcstart\u00f3, Az \u00e1r tartalmazza: 1db kulcstart\u00f3 + aj\u00e1nd\u00e9kdoboz\\nA felirat v\u00e1ltoztathat\u00f3, megjegyz\u00e9sben kell felt\u00fcnt..., Meska","image_title":"A legjobb nagyb\u00e1csinak aj\u00e1nd\u00e9k kulcstart\u00f3, Meska","view_count":"103","favourite_count":"0","trending_score":"0","last2MonthFavouriteCount":"0","promotion":"0","giftcard_accept":"1","creditcard_accept":false,"enhanced_background":"0","domain":"meska","specific_customer_id":null,"specific_customer_name":null,"to_order_product":"0","to_order_product_time":"0","product_different":null,"product_different_description":"","vintage":"0","vintage_category_id":"0","recycled":"0","gemstone_id":"0","customizable":"0","type_category":"physical","zerowaste":"0","postage_price":"1300.00","shop_order":"0","has_category":"1","landing_pages":null,"microdata":{"number":73,"category":""},"title":"A legjobb nagyb\u00e1csinak aj\u00e1nd\u00e9k kulcstart\u00f3","description":"Az \u00e1r tartalmazza: 1db kulcstart\u00f3 + aj\u00e1nd\u00e9kdoboz\nA felirat v\u00e1ltoztathat\u00f3, megjegyz\u00e9sben kell felt\u00fcntetni a k\u00e9rt v\u00e1ltoztat\u00e1sokat.\n\u00c1sv\u00e1nyok:\nL\u00e1vak\u0151 hat\u00e1sa: m\u00e9regtelen\u00edt\u0151, sejt-v\u00edzut\u00e1np\u00f3tl\u00e1s, er\u0151s\u00edti az izmokat, k\u00f6t\u0151sz\u00f6vet regener\u00e1l\u00f3d\u00e1s, v\u00e9rkering\u00e9s, idegrendszer, idegsejt\nT\u00fcrkiz hat\u00e1sa;kommunik\u00e1ci\u00f3, pajzsmirigy, \u00f6nbizalom, v\u00e9d\u0151, \u00edz\u00fcletek, gyomor, b\u00e9l, szem, agy, nyugtat\u00f3, kreativit\u00e1s","score":114.05533,"formatted_price":"5 890 Ft","image_url":"https:\/\/www.meska.hu\/img\/product\/small\/b\/a\/barbiebaba_product_66968_251204184851_365864.jpeg","formatted_url":"https:\/\/www.meska.hu\/p5687252-a-legjobb-nagybacsinak-ajandek-kulcstarto","favourite":false,"in_stock":true,"avatar":"barbiebaba_avatar_66968_1619282311.png","delete_from":0,"is_enhanced_background":false,"is_enhanced":false,"product_selection_started":false,"is_active":true,"image_webp_url":"https:\/\/www.meska.hu\/img\/product\/small\/b\/a\/barbiebaba_product_66968_251204184851_365864.webp"},{"id":"5232718","shop_id":"35493","user_id":"462971","shop_name":"WoodKraft","shop_zip":"6762","product_code":"5224531","product_name_old":null,"product_name":"Keresztsz\u00fcl\u0151 felk\u00e9r\u0151 kutyus mint\u00e1val","category_string":"Baba - mama, Keresztel\u0151aj\u00e1nd\u00e9kok, Keresztel\u0151 kell\u00e9kek","technic_string":"Famegmunk\u00e1l\u00e1s, Grav\u00edroz\u00e1s, pirogr\u00e1fia","category_1":"1495","category_2":"1745","category_3":"1735","category_4":"0","merged_category_1":"0","merged_category_2":"784","merged_category_3":"0","technic_1":"478","technic_2":"796","technic_3":"0","color_1":"514","color_2":"0","color_3":"0","product_description_old":null,"product_description":"Tedd eml\u00e9kezetess\u00e9 kedves bar\u00e1tod, csal\u00e1dtagod keresztsz\u00fcl\u0151nek val\u00f3 felk\u00e9r\u00e9s\u00e9t :)\nA k\u00e9pen l\u00e1that\u00f3 grafik\u00e1val \u00e9s tetsz\u00e9s szerinti sz\u00f6veggel k\u00e9sz\u00edtem el sz\u00e1modra.\n\nM\u00e9rete: 14x14cm, anyaga r\u00e9tegelt ny\u00edrfa.\n","price":"3900.00","unit":"db","recommended":"0","status":"1","sponsored":"0","exp_notify":"0","own_material":"0","own_material_description_old":null,"own_material_description":"","jury":"0","jury_number":"","product_nature":"","meskaracsony":"0","create_date":"2026-03-25 14:51:49","shelve_id":"0","image":"woodkraft_product_462971_250115102932_40057.jpeg","image_width":"480","image_height":"480","image_alt":"Keresztsz\u00fcl\u0151 felk\u00e9r\u0151 kutyus mint\u00e1val, Tedd eml\u00e9kezetess\u00e9 kedves bar\u00e1tod, csal\u00e1dtagod keresztsz\u00fcl\u0151nek val\u00f3 felk\u00e9r\u00e9s\u00e9t :)\\nA k\u00e9pen l\u00e1that\u00f3 gr..., Meska","image_title":"Keresztsz\u00fcl\u0151 felk\u00e9r\u0151 kutyus mint\u00e1val, Meska","view_count":"1800","favourite_count":"0","trending_score":"0","last2MonthFavouriteCount":"0","promotion":"0","giftcard_accept":"0","creditcard_accept":true,"enhanced_background":"0","domain":"meska","specific_customer_id":null,"specific_customer_name":null,"to_order_product":"1","to_order_product_time":"2","product_different":null,"product_different_description":"","vintage":"0","vintage_category_id":"0","recycled":"0","gemstone_id":"0","customizable":"1","type_category":"physical","zerowaste":"0","postage_price":"2390.00","shop_order":"0","has_category":"1","landing_pages":null,"microdata":{"number":74,"category":""},"title":"Keresztsz\u00fcl\u0151 felk\u00e9r\u0151 kutyus mint\u00e1val","description":"Tedd eml\u00e9kezetess\u00e9 kedves bar\u00e1tod, csal\u00e1dtagod keresztsz\u00fcl\u0151nek val\u00f3 felk\u00e9r\u00e9s\u00e9t :)\nA k\u00e9pen l\u00e1that\u00f3 grafik\u00e1val \u00e9s tetsz\u00e9s szerinti sz\u00f6veggel k\u00e9sz\u00edtem el sz\u00e1modra.\n\nM\u00e9rete: 14x14cm, anyaga r\u00e9tegelt ny\u00edrfa.\n","score":112.616684,"formatted_price":"3 900 Ft","image_url":"https:\/\/www.meska.hu\/img\/product\/small\/w\/o\/woodkraft_product_462971_250115102932_40057.jpeg","formatted_url":"https:\/\/www.meska.hu\/p5224531-keresztszulo-felkero-kutyus-mintaval","favourite":false,"in_stock":false,"avatar":"462971_avatar_1767701418.png","delete_from":0,"is_enhanced_background":false,"is_enhanced":false,"product_selection_started":false,"is_active":true,"image_webp_url":"https:\/\/www.meska.hu\/img\/product\/small\/w\/o\/woodkraft_product_462971_250115102932_40057.webp"},{"id":"5654672","shop_id":"35493","user_id":"462971","shop_name":"WoodKraft","shop_zip":"6762","product_code":"5470746","product_name_old":null,"product_name":"Keresztsz\u00fcl\u0151 felk\u00e9r\u0151 cic\u00e1s mint\u00e1val","category_string":"Baba - mama, Keresztel\u0151aj\u00e1nd\u00e9kok, Keresztel\u0151 kell\u00e9kek","technic_string":"Famegmunk\u00e1l\u00e1s, Grav\u00edroz\u00e1s, pirogr\u00e1fia","category_1":"1495","category_2":"1745","category_3":"1735","category_4":"0","merged_category_1":null,"merged_category_2":null,"merged_category_3":null,"technic_1":"478","technic_2":"796","technic_3":"0","color_1":"514","color_2":"0","color_3":"0","product_description_old":null,"product_description":"Tedd eml\u00e9kezetess\u00e9 kedves bar\u00e1tod, csal\u00e1dtagod keresztsz\u00fcl\u0151nek val\u00f3 felk\u00e9r\u00e9s\u00e9t :)\nA k\u00e9pen l\u00e1that\u00f3 grafik\u00e1val \u00e9s tetsz\u00e9s szerinti sz\u00f6veggel k\u00e9sz\u00edtem el sz\u00e1modra.\n\nM\u00e9rete: 14x14cm, anyaga r\u00e9tegelt ny\u00edrfa.\n","price":"3900.00","unit":"db","recommended":"0","status":"1","sponsored":"0","exp_notify":"0","own_material":"0","own_material_description_old":null,"own_material_description":"","jury":"0","jury_number":"","product_nature":"","meskaracsony":"0","create_date":"2026-03-26 07:52:04","shelve_id":"0","image":"woodkraft_product_462971_250115102828_104986.jpeg","image_width":"480","image_height":"480","image_alt":"Keresztsz\u00fcl\u0151 felk\u00e9r\u0151 cic\u00e1s mint\u00e1val, Tedd eml\u00e9kezetess\u00e9 kedves bar\u00e1tod, csal\u00e1dtagod keresztsz\u00fcl\u0151nek val\u00f3 felk\u00e9r\u00e9s\u00e9t :)\\nA k\u00e9pen l\u00e1that\u00f3 gr..., Meska","image_title":"Keresztsz\u00fcl\u0151 felk\u00e9r\u0151 cic\u00e1s mint\u00e1val, Meska","view_count":"428","favourite_count":"0","trending_score":"0","last2MonthFavouriteCount":"0","promotion":"0","giftcard_accept":"0","creditcard_accept":true,"enhanced_background":"0","domain":"meska","specific_customer_id":null,"specific_customer_name":null,"to_order_product":"1","to_order_product_time":"2","product_different":null,"product_different_description":"","vintage":"0","vintage_category_id":"0","recycled":"0","gemstone_id":"0","customizable":"1","type_category":"physical","zerowaste":"0","postage_price":"2390.00","shop_order":"0","has_category":"1","landing_pages":null,"microdata":{"number":75,"category":""},"title":"Keresztsz\u00fcl\u0151 felk\u00e9r\u0151 cic\u00e1s mint\u00e1val","description":"Tedd eml\u00e9kezetess\u00e9 kedves bar\u00e1tod, csal\u00e1dtagod keresztsz\u00fcl\u0151nek val\u00f3 felk\u00e9r\u00e9s\u00e9t :)\nA k\u00e9pen l\u00e1that\u00f3 grafik\u00e1val \u00e9s tetsz\u00e9s szerinti sz\u00f6veggel k\u00e9sz\u00edtem el sz\u00e1modra.\n\nM\u00e9rete: 14x14cm, anyaga r\u00e9tegelt ny\u00edrfa.\n","score":112.616684,"formatted_price":"3 900 Ft","image_url":"https:\/\/www.meska.hu\/img\/product\/small\/w\/o\/woodkraft_product_462971_250115102828_104986.jpeg","formatted_url":"https:\/\/www.meska.hu\/p5470746-keresztszulo-felkero-cicas-mintaval","favourite":false,"in_stock":false,"avatar":"462971_avatar_1767701418.png","delete_from":0,"is_enhanced_background":false,"is_enhanced":false,"product_selection_started":false,"is_active":true,"image_webp_url":"https:\/\/www.meska.hu\/img\/product\/small\/w\/o\/woodkraft_product_462971_250115102828_104986.webp"},{"id":"5654676","shop_id":"35493","user_id":"462971","shop_name":"WoodKraft","shop_zip":"6762","product_code":"5470749","product_name_old":null,"product_name":"Keresztsz\u00fcl\u0151 felk\u00e9r\u0151 lovacsk\u00e1s mint\u00e1val","category_string":"Baba - mama, Keresztel\u0151aj\u00e1nd\u00e9kok, Keresztel\u0151 kell\u00e9kek","technic_string":"Famegmunk\u00e1l\u00e1s, Grav\u00edroz\u00e1s, pirogr\u00e1fia","category_1":"1495","category_2":"1745","category_3":"1735","category_4":"0","merged_category_1":null,"merged_category_2":null,"merged_category_3":null,"technic_1":"478","technic_2":"796","technic_3":"0","color_1":"514","color_2":"0","color_3":"0","product_description_old":null,"product_description":"Tedd eml\u00e9kezetess\u00e9 kedves bar\u00e1tod, csal\u00e1dtagod keresztsz\u00fcl\u0151nek val\u00f3 felk\u00e9r\u00e9s\u00e9t :)\nA k\u00e9pen l\u00e1that\u00f3 grafik\u00e1val \u00e9s tetsz\u00e9s szerinti sz\u00f6veggel k\u00e9sz\u00edtem el sz\u00e1modra.\n\nM\u00e9rete: 14x14cm, anyaga r\u00e9tegelt ny\u00edrfa.\n","price":"3900.00","unit":"db","recommended":"0","status":"1","sponsored":"0","exp_notify":"0","own_material":"0","own_material_description_old":null,"own_material_description":"","jury":"0","jury_number":"","product_nature":"","meskaracsony":"0","create_date":"2026-02-15 10:52:54","shelve_id":"0","image":"woodkraft_product_462971_250115103014_112390.jpeg","image_width":"480","image_height":"480","image_alt":"Keresztsz\u00fcl\u0151 felk\u00e9r\u0151 lovacsk\u00e1s mint\u00e1val, Tedd eml\u00e9kezetess\u00e9 kedves bar\u00e1tod, csal\u00e1dtagod keresztsz\u00fcl\u0151nek val\u00f3 felk\u00e9r\u00e9s\u00e9t :)\\nA k\u00e9pen l\u00e1that\u00f3 gr..., Meska","image_title":"Keresztsz\u00fcl\u0151 felk\u00e9r\u0151 lovacsk\u00e1s mint\u00e1val, Meska","view_count":"467","favourite_count":"0","trending_score":"0","last2MonthFavouriteCount":"0","promotion":"0","giftcard_accept":"0","creditcard_accept":true,"enhanced_background":"0","domain":"meska","specific_customer_id":null,"specific_customer_name":null,"to_order_product":"1","to_order_product_time":"2","product_different":null,"product_different_description":"","vintage":"0","vintage_category_id":"0","recycled":"0","gemstone_id":"0","customizable":"1","type_category":"physical","zerowaste":"0","postage_price":"2390.00","shop_order":"0","has_category":"1","landing_pages":null,"microdata":{"number":76,"category":""},"title":"Keresztsz\u00fcl\u0151 felk\u00e9r\u0151 lovacsk\u00e1s mint\u00e1val","description":"Tedd eml\u00e9kezetess\u00e9 kedves bar\u00e1tod, csal\u00e1dtagod keresztsz\u00fcl\u0151nek val\u00f3 felk\u00e9r\u00e9s\u00e9t :)\nA k\u00e9pen l\u00e1that\u00f3 grafik\u00e1val \u00e9s tetsz\u00e9s szerinti sz\u00f6veggel k\u00e9sz\u00edtem el sz\u00e1modra.\n\nM\u00e9rete: 14x14cm, anyaga r\u00e9tegelt ny\u00edrfa.\n","score":112.616684,"formatted_price":"3 900 Ft","image_url":"https:\/\/www.meska.hu\/img\/product\/small\/w\/o\/woodkraft_product_462971_250115103014_112390.jpeg","formatted_url":"https:\/\/www.meska.hu\/p5470749-keresztszulo-felkero-lovacskas-mintaval","favourite":false,"in_stock":false,"avatar":"462971_avatar_1767701418.png","delete_from":0,"is_enhanced_background":false,"is_enhanced":false,"product_selection_started":false,"is_active":true,"image_webp_url":"https:\/\/www.meska.hu\/img\/product\/small\/w\/o\/woodkraft_product_462971_250115103014_112390.webp"},{"id":"4469981","shop_id":"4184","user_id":"8169","shop_name":"szizi","shop_zip":"1039","product_code":"2906943","product_name_old":null,"product_name":"Keresztel\u0151 eml\u00e9kt\u00e1ny\u00e9r kisl\u00e1nynak","category_string":"Baba - mama, Keresztel\u0151aj\u00e1nd\u00e9kok, Keresztel\u0151 kell\u00e9kek","technic_string":"Festett t\u00e1rgyak","category_1":"1495","category_2":"1745","category_3":"1735","category_4":"0","merged_category_1":"0","merged_category_2":"784","merged_category_3":"0","technic_1":"481","technic_2":"0","technic_3":"0","color_1":"525","color_2":"0","color_3":"0","product_description_old":null,"product_description":"A t\u00e1ny\u00e9rt megrendel\u00e9s alapj\u00e1n k\u00e9sz\u00edtem el az \u00e1ltalad megadott n\u00e9vvel \u00e9s d\u00e1tummal. A templom tetej\u00e9re a kereszt helyett csillag vagy kakas is k\u00e9rhet\u0151.\nA t\u00e1ny\u00e9r anyaga porcel\u00e1n, melyre a minta 820 fokon kemenc\u00e9ben van r\u00e1\u00e9getve. H\u0151- \u00e9s kop\u00e1s\u00e1ll\u00f3, mikrohull\u00e1m\u00fa s\u00fct\u0151be \u00e9s mosogat\u00f3g\u00e9pbe betehet\u0151. \u00c9tkez\u00e9si c\u00e9lokra is alkalmas. \u00c1tm\u00e9r\u0151je 24 cm.\nA t\u00e1ny\u00e9r kb egy h\u00e9t alatt k\u00e9sz\u00fcl el. Ha enn\u00e9l s\u00fcrg\u0151sebb, k\u00e9rlek vedd fel velem a kapcsolatot \u00e9s megbesz\u00e9lj\u00fck, megoldhat\u00f3-e enn\u00e9l hamarabb.","price":"7200.00","unit":"db","recommended":"0","status":"1","sponsored":"0","exp_notify":"0","own_material":"0","own_material_description_old":null,"own_material_description":"","jury":"0","jury_number":"","product_nature":"","meskaracsony":"0","create_date":"2026-03-28 15:13:23","shelve_id":"59798","image":"szizi_product_8169_170907210648_319316.jpeg","image_width":"480","image_height":"473","image_alt":"Keresztel\u0151 eml\u00e9kt\u00e1ny\u00e9r kisl\u00e1nynak, A t\u00e1ny\u00e9rt megrendel\u00e9s alapj\u00e1n k\u00e9sz\u00edtem el az \u00e1ltalad megadott n\u00e9vvel \u00e9s d\u00e1tummal. A templom tetej\u00e9re..., Meska","image_title":"Keresztel\u0151 eml\u00e9kt\u00e1ny\u00e9r kisl\u00e1nynak, Meska","view_count":"4705","favourite_count":"0","trending_score":"0","last2MonthFavouriteCount":"0","promotion":"0","giftcard_accept":"1","creditcard_accept":true,"enhanced_background":"0","domain":"meska","specific_customer_id":null,"specific_customer_name":null,"to_order_product":"1","to_order_product_time":"5","product_different":"quite_different","product_different_description":"K\u00e9zzel rajzolom, \u00edgy minim\u00e1lis elt\u00e9r\u00e9s az \u00e9p\u00fclet ar\u00e1nyaiban, a bokrok \u00e9s vir\u00e1gok elhelyezked\u00e9s\u00e9ben val\u00f3sz\u00edn\u0171.","vintage":"0","vintage_category_id":"0","recycled":"0","gemstone_id":"0","customizable":"0","type_category":"physical","zerowaste":"0","postage_price":"1290.00","shop_order":"44","has_category":"1","landing_pages":null,"microdata":{"number":77,"category":""},"title":"Keresztel\u0151 eml\u00e9kt\u00e1ny\u00e9r kisl\u00e1nynak","description":"A t\u00e1ny\u00e9rt megrendel\u00e9s alapj\u00e1n k\u00e9sz\u00edtem el az \u00e1ltalad megadott n\u00e9vvel \u00e9s d\u00e1tummal. A templom tetej\u00e9re a kereszt helyett csillag vagy kakas is k\u00e9rhet\u0151.\nA t\u00e1ny\u00e9r anyaga porcel\u00e1n, melyre a minta 820 fokon kemenc\u00e9ben van r\u00e1\u00e9getve. H\u0151- \u00e9s kop\u00e1s\u00e1ll\u00f3, mikrohull\u00e1m\u00fa s\u00fct\u0151be \u00e9s mosogat\u00f3g\u00e9pbe betehet\u0151. \u00c9tkez\u00e9si c\u00e9lokra is alkalmas. \u00c1tm\u00e9r\u0151je 24 cm.\nA t\u00e1ny\u00e9r kb egy h\u00e9t alatt k\u00e9sz\u00fcl el. Ha enn\u00e9l s\u00fcrg\u0151sebb, k\u00e9rlek vedd fel velem a kapcsolatot \u00e9s megbesz\u00e9lj\u00fck, megoldhat\u00f3-e enn\u00e9l hamarabb.","score":112.4816,"formatted_price":"7 200 Ft","image_url":"https:\/\/www.meska.hu\/img\/product\/small\/s\/z\/szizi_product_8169_170907210648_319316.jpeg","formatted_url":"https:\/\/www.meska.hu\/p2906943-keresztelo-emlektanyer-kislanynak","favourite":false,"in_stock":false,"avatar":"szizi_avatar_8169_1582130503.jpg","delete_from":0,"is_enhanced_background":false,"is_enhanced":false,"product_selection_started":false,"is_active":true,"image_webp_url":"https:\/\/www.meska.hu\/img\/product\/small\/s\/z\/szizi_product_8169_170907210648_319316.webp"},{"id":"3381732","shop_id":"27076","user_id":"330419","shop_name":"GravirozottAprosag","shop_zip":"4551","product_code":"4118814","product_name_old":null,"product_name":"Keresztel\u0151i eml\u00e9k - h\u0171t\u0151m\u00e1gnes","category_string":"Baba - mama, Keresztel\u0151aj\u00e1nd\u00e9kok, Keresztel\u0151 kell\u00e9kek","technic_string":"Famegmunk\u00e1l\u00e1s, Mindenm\u00e1s","category_1":"1495","category_2":"1745","category_3":"1735","category_4":"0","merged_category_1":"0","merged_category_2":"784","merged_category_3":"0","technic_1":"478","technic_2":"493","technic_3":"0","color_1":"514","color_2":"0","color_3":"0","product_description_old":null,"product_description":"A term\u00e9keket KIZ\u00c1R\u00d3LAG AZ \u00d6SSZEG BE\u00c9RKEZ\u00c9S\u00c9T K\u00d6VET\u0150EN k\u00e9sz\u00edtj\u00fck, UT\u00c1NV\u00c9TRE LEHET\u0150S\u00c9G NINCS, a term\u00e9klapon szerepl\u0151 elk\u00e9sz\u00edt\u00e9si hat\u00e1rid\u0151 a j\u00f3v\u00e1\u00edr\u00e1st\u00f3l sz\u00e1m\u00edt\u00f3dik.\n\nTe is szeretn\u00e9d maradand\u00f3 eml\u00e9kk\u00e9 tenni gyermeked keresztel\u0151j\u00e9t?\nA r\u00e9sztvev\u0151knek aj\u00e1nljuk ezeket a kereszt form\u00e1j\u00fa h\u0171t\u0151m\u00e1gneseket.\n\nKiz\u00e1r\u00f3lag rendel\u00e9sre k\u00e9sz\u00fcl\u0151 term\u00e9k.\n10*7centis\nMinden esetben kiz\u00e1r\u00f3lag a l\u00e1tv\u00e1nyterv j\u00f3v\u00e1hagy\u00e1sa ut\u00e1n ker\u00fcl legy\u00e1rt\u00e1sra.\n\nB\u00e1rmilyen k\u00e9rd\u00e9s eset\u00e9n \u00e1llunk sz\u00edves rendelkez\u00e9sedre :)\n","price":"1600.00","unit":"db","recommended":"0","status":"1","sponsored":"0","exp_notify":"0","own_material":"0","own_material_description_old":null,"own_material_description":"","jury":"0","jury_number":"","product_nature":"","meskaracsony":"0","create_date":"2026-04-10 17:43:03","shelve_id":"67870","image":"gravirozottaprosag_product_330419_230517131934_462415.png","image_width":"480","image_height":"480","image_alt":"Keresztel\u0151i eml\u00e9k - h\u0171t\u0151m\u00e1gnes, A term\u00e9keket KIZ\u00c1R\u00d3LAG AZ \u00d6SSZEG BE\u00c9RKEZ\u00c9S\u00c9T K\u00d6VET\u0150EN k\u00e9sz\u00edtj\u00fck, UT\u00c1NV\u00c9TRE LEHET\u0150S\u00c9G NINCS, a term\u00e9k..., Meska","image_title":"Keresztel\u0151i eml\u00e9k - h\u0171t\u0151m\u00e1gnes, Meska","view_count":"2869","favourite_count":"0","trending_score":"0","last2MonthFavouriteCount":"0","promotion":"0","giftcard_accept":"0","creditcard_accept":false,"enhanced_background":"0","domain":"meska","specific_customer_id":null,"specific_customer_name":null,"to_order_product":"1","to_order_product_time":"5","product_different":"different","product_different_description":"Sz\u00edn, \u00e1rnyalat, mint\u00e1zat","vintage":"0","vintage_category_id":"0","recycled":"0","gemstone_id":"0","customizable":"1","type_category":"physical","zerowaste":"0","postage_price":"2390.00","shop_order":"0","has_category":"1","landing_pages":null,"microdata":{"number":78,"category":""},"title":"Keresztel\u0151i eml\u00e9k - h\u0171t\u0151m\u00e1gnes","description":"A term\u00e9keket KIZ\u00c1R\u00d3LAG AZ \u00d6SSZEG BE\u00c9RKEZ\u00c9S\u00c9T K\u00d6VET\u0150EN k\u00e9sz\u00edtj\u00fck, UT\u00c1NV\u00c9TRE LEHET\u0150S\u00c9G NINCS, a term\u00e9klapon szerepl\u0151 elk\u00e9sz\u00edt\u00e9si hat\u00e1rid\u0151 a j\u00f3v\u00e1\u00edr\u00e1st\u00f3l sz\u00e1m\u00edt\u00f3dik.\n\nTe is szeretn\u00e9d maradand\u00f3 eml\u00e9kk\u00e9 tenni gyermeked keresztel\u0151j\u00e9t?\nA r\u00e9sztvev\u0151knek aj\u00e1nljuk ezeket a kereszt form\u00e1j\u00fa h\u0171t\u0151m\u00e1gneseket.\n\nKiz\u00e1r\u00f3lag rendel\u00e9sre k\u00e9sz\u00fcl\u0151 term\u00e9k.\n10*7centis\nMinden esetben kiz\u00e1r\u00f3lag a l\u00e1tv\u00e1nyterv j\u00f3v\u00e1hagy\u00e1sa ut\u00e1n ker\u00fcl legy\u00e1rt\u00e1sra.\n\nB\u00e1rmilyen k\u00e9rd\u00e9s eset\u00e9n \u00e1llunk sz\u00edves rendelkez\u00e9sedre :)\n","score":112.35202,"formatted_price":"1 600 Ft","image_url":"https:\/\/www.meska.hu\/img\/product\/small\/g\/r\/gravirozottaprosag_product_330419_230517131934_462415.png","formatted_url":"https:\/\/www.meska.hu\/p4118814-kereszteloi-emlek-hutomagnes","favourite":false,"in_stock":false,"avatar":"GravirozottAprosag_avatar_330419_1606660192.png","delete_from":0,"is_enhanced_background":false,"is_enhanced":false,"product_selection_started":false,"is_active":true,"image_webp_url":"https:\/\/www.meska.hu\/img\/product\/small\/g\/r\/gravirozottaprosag_product_330419_230517131934_462415.webp"},{"id":"6139389","shop_id":"40935","user_id":"22314","shop_name":"LINDesign","shop_zip":"6523","product_code":"5747040","product_name_old":null,"product_name":"Keresztel\u0151aj\u00e1nd\u00e9k, angyal keresztel\u0151aj\u00e1nd\u00e9k","category_string":"Baba - mama, Keresztel\u0151 kell\u00e9kek, Keresztel\u0151aj\u00e1nd\u00e9kok","technic_string":"Festett t\u00e1rgyak, Grav\u00edroz\u00e1s, pirogr\u00e1fia","category_1":"1735","category_2":"1745","category_3":"1495","category_4":"0","merged_category_1":null,"merged_category_2":null,"merged_category_3":null,"technic_1":"481","technic_2":"796","technic_3":"0","color_1":"514","color_2":"0","color_3":"0","product_description_old":null,"product_description":"Angyal keresztel\u0151aj\u00e1nd\u00e9k, aj\u00e1nd\u00e9kba adhatod az \u00fajsz\u00fcl\u00f6ttnek \u00e9s csal\u00e1dj\u00e1nak.\nK\u00e9rheted k\u00e9pkeret karik\u00e1val vagy a fej r\u00e9szn\u00e9l kif\u00farva szalaggal.\nVastag laz\u00farral fel\u00fclet kezelve.\nM\u00e9rete: 9,5 x 14 x 2 cm\nMegrendel\u00e9skor k\u00e9rlek add meg a baba nev\u00e9t \u00e9s sz\u00fclet\u00e9si d\u00e1tum\u00e1t vagy a keresztel\u0151 id\u0151pontj\u00e1t.\nEgyedi elk\u00e9pzel\u00e9st is megval\u00f3s\u00edtok.","price":"2500.00","unit":"db","recommended":"0","status":"1","sponsored":"0","exp_notify":"0","own_material":"0","own_material_description_old":null,"own_material_description":"","jury":"0","jury_number":"","product_nature":"","meskaracsony":"0","create_date":"2026-03-05 17:04:42","shelve_id":"0","image":"lindesign_product_22314_250119162120_479675.jpeg","image_width":"480","image_height":"640","image_alt":"Keresztel\u0151aj\u00e1nd\u00e9k, angyal keresztel\u0151aj\u00e1nd\u00e9k, Angyal keresztel\u0151aj\u00e1nd\u00e9k, aj\u00e1nd\u00e9kba adhatod az \u00fajsz\u00fcl\u00f6ttnek \u00e9s csal\u00e1dj\u00e1nak.\\nK\u00e9rheted k\u00e9pkeret karik\u00e1..., Meska","image_title":"Keresztel\u0151aj\u00e1nd\u00e9k, angyal keresztel\u0151aj\u00e1nd\u00e9k, Meska","view_count":"50","favourite_count":"0","trending_score":"0","last2MonthFavouriteCount":"0","promotion":"0","giftcard_accept":"0","creditcard_accept":false,"enhanced_background":"0","domain":"meska","specific_customer_id":null,"specific_customer_name":null,"to_order_product":"1","to_order_product_time":"10","product_different":null,"product_different_description":"","vintage":"0","vintage_category_id":"0","recycled":"0","gemstone_id":"0","customizable":"1","type_category":"physical","zerowaste":"0","postage_price":"1435.00","shop_order":"0","has_category":"1","landing_pages":null,"microdata":{"number":79,"category":""},"title":"Keresztel\u0151aj\u00e1nd\u00e9k, angyal keresztel\u0151aj\u00e1nd\u00e9k","description":"Angyal keresztel\u0151aj\u00e1nd\u00e9k, aj\u00e1nd\u00e9kba adhatod az \u00fajsz\u00fcl\u00f6ttnek \u00e9s csal\u00e1dj\u00e1nak.\nK\u00e9rheted k\u00e9pkeret karik\u00e1val vagy a fej r\u00e9szn\u00e9l kif\u00farva szalaggal.\nVastag laz\u00farral fel\u00fclet kezelve.\nM\u00e9rete: 9,5 x 14 x 2 cm\nMegrendel\u00e9skor k\u00e9rlek add meg a baba nev\u00e9t \u00e9s sz\u00fclet\u00e9si d\u00e1tum\u00e1t vagy a keresztel\u0151 id\u0151pontj\u00e1t.\nEgyedi elk\u00e9pzel\u00e9st is megval\u00f3s\u00edtok.","score":112.2892,"formatted_price":"2 500 Ft","image_url":"https:\/\/www.meska.hu\/img\/product\/small\/l\/i\/lindesign_product_22314_250119162120_479675.jpeg","formatted_url":"https:\/\/www.meska.hu\/p5747040-kereszteloajandek-angyal-kereszteloajandek","favourite":false,"in_stock":false,"avatar":"LINDesign_avatar_22314_1681318422.jpg","delete_from":0,"is_enhanced_background":false,"is_enhanced":false,"product_selection_started":false,"is_active":true,"image_webp_url":"https:\/\/www.meska.hu\/img\/product\/small\/l\/i\/lindesign_product_22314_250119162120_479675.webp"},{"id":"5311481","shop_id":"17227","user_id":"140772","shop_name":"Viola14","shop_zip":"9021","product_code":"5276850","product_name_old":null,"product_name":" Keresztel\u0151re, konfirm\u00e1ci\u00f3ra, els\u0151\u00e1ldoz\u00e1sra d\u00edszzsebkend\u0151","category_string":"Baba - mama, Keresztel\u0151aj\u00e1nd\u00e9kok, Keresztel\u0151 kell\u00e9kek","technic_string":"Horgol\u00e1s, Varr\u00e1s","category_1":"1495","category_2":"1745","category_3":"1735","category_4":"0","merged_category_1":null,"merged_category_2":null,"merged_category_3":null,"technic_1":"488","technic_2":"506","technic_3":"0","color_1":"519","color_2":"0","color_3":"0","product_description_old":null,"product_description":"100 %  feh\u00e9r pamut anyagb\u00f3l k\u00e9sz\u00fclt ez a d\u00edszzsebkend\u0151, sz\u00e9l\u00e9n pamut horgol\u00f3c\u00e9rn\u00e1b\u00f3l horgolt sz\u00e9p csipkemint\u00e1val.Egyik sark\u00e1ban k\u00e9zzel h\u00edmzett kereszt, a m\u00e1sik sark\u00e1ban egy kis ez\u00fcst\u00f6s sz\u00edn\u0171 f\u00e9m kereszt tal\u00e1lhat\u00f3.\nKiv\u00e1l\u00f3 aj\u00e1nd\u00e9k lehet a kereszt\u00e9ny \u00fcnnepekre, keresztel\u0151re, b\u00e9rm\u00e1l\u00e1sra, els\u0151\u00e1ldoz\u00e1sra, konfirm\u00e1ci\u00f3ra, de kar\u00e1csonyra \u00e9s h\u00fasv\u00e9tra is adhat\u00f3 aj\u00e1nd\u00e9k .\nMaradand\u00f3 eml\u00e9ket \u00e1ll\u00edt a megaj\u00e1nd\u00e9kozottnak.\nH\u00e1romf\u00e9le f\u00e9m keresztb\u0151l lehet v\u00e1lasztani,melyik ker\u00fclj\u00f6n a d\u00edszzsebkend\u0151re.\nM\u00e9rete: 32 x 32 cm. ","price":"2490.00","unit":"db","recommended":"0","status":"1","sponsored":"0","exp_notify":"0","own_material":"0","own_material_description_old":null,"own_material_description":"","jury":"0","jury_number":"","product_nature":"","meskaracsony":"0","create_date":"2026-03-02 16:43:53","shelve_id":"76922","image":"viola14_product_140772_240507152302_738933.jpeg","image_width":"480","image_height":"640","image_alt":" Keresztel\u0151re, konfirm\u00e1ci\u00f3ra, els\u0151\u00e1ldoz\u00e1sra d\u00edszzsebkend\u0151, 100 %  feh\u00e9r pamut anyagb\u00f3l k\u00e9sz\u00fclt ez a d\u00edszzsebkend\u0151, sz\u00e9l\u00e9n pamut horgol\u00f3c\u00e9rn\u00e1b\u00f3l horgolt sz\u00e9p cs..., Meska","image_title":" Keresztel\u0151re, konfirm\u00e1ci\u00f3ra, els\u0151\u00e1ldoz\u00e1sra d\u00edszzsebkend\u0151, Meska","view_count":"946","favourite_count":"0","trending_score":"0","last2MonthFavouriteCount":"0","promotion":"0","giftcard_accept":"0","creditcard_accept":false,"enhanced_background":"0","domain":"meska","specific_customer_id":null,"specific_customer_name":null,"to_order_product":"0","to_order_product_time":"0","product_different":null,"product_different_description":"","vintage":"0","vintage_category_id":"0","recycled":"0","gemstone_id":"0","customizable":"0","type_category":"physical","zerowaste":"0","postage_price":"1070.00","shop_order":"1","has_category":"1","landing_pages":null,"microdata":{"number":80,"category":""},"title":" Keresztel\u0151re, konfirm\u00e1ci\u00f3ra, els\u0151\u00e1ldoz\u00e1sra d\u00edszzsebkend\u0151","description":"100 %  feh\u00e9r pamut anyagb\u00f3l k\u00e9sz\u00fclt ez a d\u00edszzsebkend\u0151, sz\u00e9l\u00e9n pamut horgol\u00f3c\u00e9rn\u00e1b\u00f3l horgolt sz\u00e9p csipkemint\u00e1val.Egyik sark\u00e1ban k\u00e9zzel h\u00edmzett kereszt, a m\u00e1sik sark\u00e1ban egy kis ez\u00fcst\u00f6s sz\u00edn\u0171 f\u00e9m kereszt tal\u00e1lhat\u00f3.\nKiv\u00e1l\u00f3 aj\u00e1nd\u00e9k lehet a kereszt\u00e9ny \u00fcnnepekre, keresztel\u0151re, b\u00e9rm\u00e1l\u00e1sra, els\u0151\u00e1ldoz\u00e1sra, konfirm\u00e1ci\u00f3ra, de kar\u00e1csonyra \u00e9s h\u00fasv\u00e9tra is adhat\u00f3 aj\u00e1nd\u00e9k .\nMaradand\u00f3 eml\u00e9ket \u00e1ll\u00edt a megaj\u00e1nd\u00e9kozottnak.\nH\u00e1romf\u00e9le f\u00e9m keresztb\u0151l lehet v\u00e1lasztani,melyik ker\u00fclj\u00f6n a d\u00edszzsebkend\u0151re.\nM\u00e9rete: 32 x 32 cm. ","score":111.08814,"formatted_price":"2 490 Ft","image_url":"https:\/\/www.meska.hu\/img\/product\/small\/v\/i\/viola14_product_140772_240507152302_738933.jpeg","formatted_url":"https:\/\/www.meska.hu\/p5276850-diszzsebkendo-keresztelore-konfirmaciora-elsoaldozasra","favourite":false,"in_stock":true,"avatar":"Viola14_avatar_140772_1575232850.jpg","delete_from":0,"is_enhanced_background":false,"is_enhanced":false,"product_selection_started":false,"is_active":true,"image_webp_url":"https:\/\/www.meska.hu\/img\/product\/small\/v\/i\/viola14_product_140772_240507152302_738933.webp"},{"id":"3383185","shop_id":"4184","user_id":"8169","shop_name":"szizi","shop_zip":"1039","product_code":"4080376","product_name_old":null,"product_name":"Keresztel\u0151 eml\u00e9kt\u00e1ny\u00e9r kisfi\u00fanak","category_string":"Baba - mama, Keresztel\u0151aj\u00e1nd\u00e9kok, Keresztel\u0151 kell\u00e9kek","technic_string":"Festett t\u00e1rgyak","category_1":"1495","category_2":"1745","category_3":"1735","category_4":"0","merged_category_1":"0","merged_category_2":"784","merged_category_3":"0","technic_1":"481","technic_2":"0","technic_3":"0","color_1":"521","color_2":"0","color_3":"0","product_description_old":null,"product_description":"A t\u00e1ny\u00e9rt megrendel\u00e9s alapj\u00e1n k\u00e9sz\u00edtem el az \u00e1ltalad megadott n\u00e9vvel \u00e9s d\u00e1tummal. A templom tetej\u00e9re a kereszt helyett csillag vagy kakas is k\u00e9rhet\u0151.\nA t\u00e1ny\u00e9r anyaga porcel\u00e1n, melyre a minta 820 fokon kemenc\u00e9ben van r\u00e1\u00e9getve. H\u0151- \u00e9s kop\u00e1s\u00e1ll\u00f3, mikrohull\u00e1m\u00fa s\u00fct\u0151be \u00e9s mosogat\u00f3g\u00e9pbe betehet\u0151. \u00c9tkez\u00e9si c\u00e9lokra is alkalmas. \u00c1tm\u00e9r\u0151je 24 cm.\nA t\u00e1ny\u00e9r kb egy h\u00e9t alatt k\u00e9sz\u00fcl el. Ha enn\u00e9l s\u00fcrg\u0151sebb, k\u00e9rlek vedd fel velem a kapcsolatot \u00e9s megbesz\u00e9lj\u00fck, megoldhat\u00f3-e enn\u00e9l hamarabb.","price":"7200.00","unit":"db","recommended":"0","status":"1","sponsored":"0","exp_notify":"0","own_material":"0","own_material_description_old":null,"own_material_description":"","jury":"0","jury_number":"","product_nature":"","meskaracsony":"0","create_date":"2026-03-03 07:40:08","shelve_id":"59798","image":"szizi_product_8169_250616205847_201881.jpeg","image_width":"480","image_height":"480","image_alt":"Keresztel\u0151 eml\u00e9kt\u00e1ny\u00e9r kisfi\u00fanak, A t\u00e1ny\u00e9rt megrendel\u00e9s alapj\u00e1n k\u00e9sz\u00edtem el az \u00e1ltalad megadott n\u00e9vvel \u00e9s d\u00e1tummal. A templom tetej\u00e9re..., Meska","image_title":"Keresztel\u0151 eml\u00e9kt\u00e1ny\u00e9r kisfi\u00fanak, Meska","view_count":"7209","favourite_count":"1","trending_score":"0","last2MonthFavouriteCount":"1","promotion":"0","giftcard_accept":"1","creditcard_accept":true,"enhanced_background":"0","domain":"meska","specific_customer_id":null,"specific_customer_name":null,"to_order_product":"1","to_order_product_time":"5","product_different":"quite_different","product_different_description":"K\u00e9zzel rajzolom, \u00edgy minim\u00e1lis elt\u00e9r\u00e9s az \u00e9p\u00fclet ar\u00e1nyaiban, a bokrok \u00e9s vir\u00e1gok elhelyezked\u00e9s\u00e9ben val\u00f3sz\u00edn\u0171.","vintage":"0","vintage_category_id":"0","recycled":"0","gemstone_id":"0","customizable":"0","type_category":"physical","zerowaste":"0","postage_price":"1290.00","shop_order":"59","has_category":"1","landing_pages":null,"microdata":{"number":81,"category":""},"title":"Keresztel\u0151 eml\u00e9kt\u00e1ny\u00e9r kisfi\u00fanak","description":"A t\u00e1ny\u00e9rt megrendel\u00e9s alapj\u00e1n k\u00e9sz\u00edtem el az \u00e1ltalad megadott n\u00e9vvel \u00e9s d\u00e1tummal. A templom tetej\u00e9re a kereszt helyett csillag vagy kakas is k\u00e9rhet\u0151.\nA t\u00e1ny\u00e9r anyaga porcel\u00e1n, melyre a minta 820 fokon kemenc\u00e9ben van r\u00e1\u00e9getve. H\u0151- \u00e9s kop\u00e1s\u00e1ll\u00f3, mikrohull\u00e1m\u00fa s\u00fct\u0151be \u00e9s mosogat\u00f3g\u00e9pbe betehet\u0151. \u00c9tkez\u00e9si c\u00e9lokra is alkalmas. \u00c1tm\u00e9r\u0151je 24 cm.\nA t\u00e1ny\u00e9r kb egy h\u00e9t alatt k\u00e9sz\u00fcl el. Ha enn\u00e9l s\u00fcrg\u0151sebb, k\u00e9rlek vedd fel velem a kapcsolatot \u00e9s megbesz\u00e9lj\u00fck, megoldhat\u00f3-e enn\u00e9l hamarabb.","score":110.69048,"formatted_price":"7 200 Ft","image_url":"https:\/\/www.meska.hu\/img\/product\/small\/s\/z\/szizi_product_8169_250616205847_201881.jpeg","formatted_url":"https:\/\/www.meska.hu\/p4080376-keresztelo-emlektanyer-kislfiunak","favourite":false,"in_stock":false,"avatar":"szizi_avatar_8169_1582130503.jpg","delete_from":0,"is_enhanced_background":false,"is_enhanced":false,"product_selection_started":false,"is_active":true,"image_webp_url":"https:\/\/www.meska.hu\/img\/product\/small\/s\/z\/szizi_product_8169_250616205847_201881.webp"},{"id":"6144465","shop_id":"40935","user_id":"22314","shop_name":"LINDesign","shop_zip":"6523","product_code":"5751133","product_name_old":null,"product_name":"Keresztel\u0151aj\u00e1nd\u00e9k, Kis templom keresztel\u0151aj\u00e1nd\u00e9k - eml\u00e9k","category_string":"Baba - mama, Keresztel\u0151 kell\u00e9kek, Keresztel\u0151aj\u00e1nd\u00e9kok","technic_string":"Festett t\u00e1rgyak, Grav\u00edroz\u00e1s, pirogr\u00e1fia","category_1":"1735","category_2":"1745","category_3":"1495","category_4":"0","merged_category_1":null,"merged_category_2":null,"merged_category_3":null,"technic_1":"481","technic_2":"796","technic_3":"0","color_1":"520","color_2":"568","color_3":"523","product_description_old":null,"product_description":"Saj\u00e1t tervez\u00e9s\u0171 k\u00e9zzel festett keresztel\u0151aj\u00e1nd\u00e9k .\nEz a t\u00e1bla a h\u00e1z d\u00edsze is lehet.\nAj\u00e1nd\u00e9kba, eml\u00e9kbe adhat\u00f3.\nModern, min\u0151s\u00e9gi, egyedi.\nK\u00e9zzel festett, a minta nem kopik le.\nVastag laz\u00farral kezelve !\nMinden darab egyedileg k\u00e9sz\u00fcl, \u00edgy az elk\u00e9sz\u00fcl\u00e9si id\u0151 kb. 10 nap.\nRendel\u00e9skor k\u00e9rlek add meg a nevet \u00e9s a keresztel\u0151 d\u00e1tum\u00e1t.\nEgyedi elk\u00e9pzel\u00e9st is megval\u00f3s\u00edtok.\nAnyaga: t\u00f6m\u00f6r fa\nM\u00e9rete: 8,8 x 6 x  7,5 cm","price":"2700.00","unit":"db","recommended":"0","status":"1","sponsored":"0","exp_notify":"0","own_material":"0","own_material_description_old":null,"own_material_description":"","jury":"0","jury_number":"","product_nature":"","meskaracsony":"0","create_date":"2026-03-07 19:36:44","shelve_id":"0","image":"lindesign_product_22314_251020093935_421837.jpeg","image_width":"480","image_height":"640","image_alt":"Keresztel\u0151aj\u00e1nd\u00e9k, Kis templom keresztel\u0151aj\u00e1nd\u00e9k - eml\u00e9k, Saj\u00e1t tervez\u00e9s\u0171 k\u00e9zzel festett keresztel\u0151aj\u00e1nd\u00e9k .\\nEz a t\u00e1bla a h\u00e1z d\u00edsze is lehet.\\nAj\u00e1nd\u00e9kba, eml\u00e9k..., Meska","image_title":"Keresztel\u0151aj\u00e1nd\u00e9k, Kis templom keresztel\u0151aj\u00e1nd\u00e9k - eml\u00e9k, Meska","view_count":"67","favourite_count":"0","trending_score":"0","last2MonthFavouriteCount":"0","promotion":"0","giftcard_accept":"0","creditcard_accept":false,"enhanced_background":"0","domain":"meska","specific_customer_id":null,"specific_customer_name":null,"to_order_product":"1","to_order_product_time":"10","product_different":null,"product_different_description":"","vintage":"0","vintage_category_id":"0","recycled":"0","gemstone_id":"0","customizable":"1","type_category":"physical","zerowaste":"0","postage_price":"1435.00","shop_order":"0","has_category":"1","landing_pages":null,"microdata":{"number":82,"category":""},"title":"Keresztel\u0151aj\u00e1nd\u00e9k, Kis templom keresztel\u0151aj\u00e1nd\u00e9k - eml\u00e9k","description":"Saj\u00e1t tervez\u00e9s\u0171 k\u00e9zzel festett keresztel\u0151aj\u00e1nd\u00e9k .\nEz a t\u00e1bla a h\u00e1z d\u00edsze is lehet.\nAj\u00e1nd\u00e9kba, eml\u00e9kbe adhat\u00f3.\nModern, min\u0151s\u00e9gi, egyedi.\nK\u00e9zzel festett, a minta nem kopik le.\nVastag laz\u00farral kezelve !\nMinden darab egyedileg k\u00e9sz\u00fcl, \u00edgy az elk\u00e9sz\u00fcl\u00e9si id\u0151 kb. 10 nap.\nRendel\u00e9skor k\u00e9rlek add meg a nevet \u00e9s a keresztel\u0151 d\u00e1tum\u00e1t.\nEgyedi elk\u00e9pzel\u00e9st is megval\u00f3s\u00edtok.\nAnyaga: t\u00f6m\u00f6r fa\nM\u00e9rete: 8,8 x 6 x  7,5 cm","score":110.501976,"formatted_price":"2 700 Ft","image_url":"https:\/\/www.meska.hu\/img\/product\/small\/l\/i\/lindesign_product_22314_251020093935_421837.jpeg","formatted_url":"https:\/\/www.meska.hu\/p5751133-kereszteloajandek-kis-templom-kereszteloajandek-emlek","favourite":false,"in_stock":false,"avatar":"LINDesign_avatar_22314_1681318422.jpg","delete_from":0,"is_enhanced_background":false,"is_enhanced":false,"product_selection_started":false,"is_active":true,"image_webp_url":"https:\/\/www.meska.hu\/img\/product\/small\/l\/i\/lindesign_product_22314_251020093935_421837.webp"},{"id":"6181966","shop_id":"5334","user_id":"18282","shop_name":"babashop","shop_zip":"6767","product_code":"5771327","product_name_old":null,"product_name":"Keresztel\u0151 p\u00e1rna saj\u00e1t sz\u00f6veggel","category_string":"Baba - mama, Keresztel\u0151 kell\u00e9kek, Keresztel\u0151aj\u00e1nd\u00e9kok","technic_string":"Varr\u00e1s","category_1":"1735","category_2":"1745","category_3":"1495","category_4":"0","merged_category_1":null,"merged_category_2":null,"merged_category_3":null,"technic_1":"506","technic_2":"0","technic_3":"0","color_1":"532","color_2":"0","color_3":"0","product_description_old":null,"product_description":"Keresztel\u0151 p\u00e1rna\n\nK\u00e9rhetsz r\u00e1 adatokat, teljes nevet, d\u00e1tumot. \n\nNagyszer\u0171 aj\u00e1nd\u00e9k keresztel\u0151re, fi\u00fas v\u00e1ltozatban is k\u00e9rhet\u0151 azon a fi\u00fa angyalka lesz,\n\nmegtal\u00e1lod term\u00e9keink k\u00f6zt.\n\nH\u00e1tlapja sz\u0151r\u00f6s feh\u00e9r soft, k\u00e9rheted vil\u00e1gosk\u00e9k, s\u00e1rga \u00e9s vil\u00e1gos r\u00f3zsasz\u00edn, drapp h\u00e1tlappal is. \n\nEl\u0151lap sz\u00edne nem v\u00e1ltoztathat\u00f3 csak a sz\u00f6veg vagy a figura.\n\nM\u00e9rete kb: 35x24 cm\n\nMpl posta eset\u00e9n a sz\u00e1ll\u00edt\u00e1si id\u0151 az elk\u00e9sz\u00edt\u00e9si id\u0151n fel\u00fcl 2 h\u00e9t. Amennyiben ezt nem tudod elfogadni ne jel\u00f6ld ezt a sz\u00e1ll\u00edt\u00e1si m\u00f3dot mert nem j\u00f6nnek el a csomag\u00e9rt \u00e9n pedig nem tudok post\u00e1ra j\u00e1rni s\u0171r\u0171bben.\n","price":"5800.00","unit":"db","recommended":"0","status":"1","sponsored":"0","exp_notify":"0","own_material":"0","own_material_description_old":null,"own_material_description":"","jury":"0","jury_number":"","product_nature":"","meskaracsony":"0","create_date":"2026-04-13 15:19:14","shelve_id":"31228","image":"babashop_product_18282_260413151539_588277.png","image_width":"480","image_height":"480","image_alt":"Keresztel\u0151 p\u00e1rna saj\u00e1t sz\u00f6veggel, Keresztel\u0151 p\u00e1rna\\n\\nK\u00e9rhetsz r\u00e1 adatokat, teljes nevet, d\u00e1tumot. \\n\\nNagyszer\u0171 aj\u00e1nd\u00e9k keresztel\u0151re, fi\u00fa..., Meska","image_title":"Keresztel\u0151 p\u00e1rna saj\u00e1t sz\u00f6veggel, Meska","view_count":"40","favourite_count":"0","trending_score":"0","last2MonthFavouriteCount":"0","promotion":"0","giftcard_accept":"0","creditcard_accept":false,"enhanced_background":"0","domain":"meska","specific_customer_id":null,"specific_customer_name":null,"to_order_product":"1","to_order_product_time":"7","product_different":null,"product_different_description":"","vintage":"0","vintage_category_id":"0","recycled":"0","gemstone_id":"0","customizable":"0","type_category":"physical","zerowaste":"0","postage_price":"1290.00","shop_order":"0","has_category":"1","landing_pages":null,"microdata":{"number":83,"category":""},"title":"Keresztel\u0151 p\u00e1rna saj\u00e1t sz\u00f6veggel","description":"Keresztel\u0151 p\u00e1rna\n\nK\u00e9rhetsz r\u00e1 adatokat, teljes nevet, d\u00e1tumot. \n\nNagyszer\u0171 aj\u00e1nd\u00e9k keresztel\u0151re, fi\u00fas v\u00e1ltozatban is k\u00e9rhet\u0151 azon a fi\u00fa angyalka lesz,\n\nmegtal\u00e1lod term\u00e9keink k\u00f6zt.\n\nH\u00e1tlapja sz\u0151r\u00f6s feh\u00e9r soft, k\u00e9rheted vil\u00e1gosk\u00e9k, s\u00e1rga \u00e9s vil\u00e1gos r\u00f3zsasz\u00edn, drapp h\u00e1tlappal is. \n\nEl\u0151lap sz\u00edne nem v\u00e1ltoztathat\u00f3 csak a sz\u00f6veg vagy a figura.\n\nM\u00e9rete kb: 35x24 cm\n\nMpl posta eset\u00e9n a sz\u00e1ll\u00edt\u00e1si id\u0151 az elk\u00e9sz\u00edt\u00e9si id\u0151n fel\u00fcl 2 h\u00e9t. Amennyiben ezt nem tudod elfogadni ne jel\u00f6ld ezt a sz\u00e1ll\u00edt\u00e1si m\u00f3dot mert nem j\u00f6nnek el a csomag\u00e9rt \u00e9n pedig nem tudok post\u00e1ra j\u00e1rni s\u0171r\u0171bben.\n","score":109.45593,"formatted_price":"5 800 Ft","image_url":"https:\/\/www.meska.hu\/img\/product\/small\/b\/a\/babashop_product_18282_260413151539_588277.png","formatted_url":"https:\/\/www.meska.hu\/p5771327-keresztelo-parna-sajat-szoveggel","favourite":false,"in_stock":false,"avatar":"babashop_avatar_18282_1542184681.jpg","delete_from":0,"is_enhanced_background":false,"is_enhanced":false,"product_selection_started":false,"is_active":true,"image_webp_url":"https:\/\/www.meska.hu\/img\/product\/small\/b\/a\/babashop_product_18282_260413151539_588277.webp"},{"id":"5248853","shop_id":"51","user_id":"94","shop_name":"Eradekor","shop_zip":"1194","product_code":"5235958","product_name_old":null,"product_name":"Kuty\u00e1s s\u00e1mli  kisl\u00e1nyoknak","category_string":"Baba - mama, Keresztel\u0151aj\u00e1nd\u00e9kok, Keresztel\u0151 kell\u00e9kek","technic_string":"Festett t\u00e1rgyak","category_1":"1495","category_2":"1745","category_3":"1735","category_4":"0","merged_category_1":null,"merged_category_2":null,"merged_category_3":null,"technic_1":"481","technic_2":"0","technic_3":"0","color_1":"519","color_2":"525","color_3":"0","product_description_old":null,"product_description":"N\u00e9vre sz\u00f3l\u00f3, kuty\u00e1s  s\u00e1mli, kisl\u00e1nyok keresztel\u0151j\u00e9re.\nEzt a s\u00e1mlit m\u00e1r haszn\u00e1lja egy B\u00edbor nev\u0171 kisl\u00e1ny.\nHasonl\u00f3t k\u00e9sz\u00edt\u00fcnk megrendel\u00e9sre.\n Szem\u00e9lyre sz\u00f3l\u00f3, festett s\u00e1mlikat k\u00e9sz\u00edt\u00fcnk.\nMegrendel\u0151ink f\u0151leg keresztel\u0151 \u00e9s babal\u00e1togat\u00f3 aj\u00e1nd\u00e9kba viszik,\n mert egyedi, k\u00fcl\u00f6nleges szem\u00e9lyre  sz\u00f3l\u00f3.\nA s\u00e1mlit az  Eradekor tervezte.\nSZ\u00c9LES, BIZTONS\u00c1GOS!\nA gyerekek nagyon szeretik a s\u00e1mlit!\nAzonnal tudj\u00e1k mire val\u00f3.\n Ez a BABA m\u00e9ret,  1 \u00e9ves kort\u00f3l m\u00e1r haszn\u00e1lhat\u00f3.\n\nM\u00e9ret:30x20x20cm\nAnyuka \u00e9s apuka is r\u00e1\u00fclhet.\nGyerek bar\u00e1t lakkal kezelt, nedves ruh\u00e1val t\u00f6r\u00f6lhet\u0151.\n\n\n\n\n\n \n\n\n","price":"35500.00","unit":"db","recommended":"0","status":"1","sponsored":"0","exp_notify":"0","own_material":"0","own_material_description_old":null,"own_material_description":"","jury":"0","jury_number":"","product_nature":"","meskaracsony":"0","create_date":"2026-01-07 21:36:51","shelve_id":"26305","image":"eradekor_product_94_240302230943_151391.jpeg","image_width":"480","image_height":"360","image_alt":"Kuty\u00e1s s\u00e1mli  kisl\u00e1nyoknak, N\u00e9vre sz\u00f3l\u00f3, kuty\u00e1s  s\u00e1mli, kisl\u00e1nyok keresztel\u0151j\u00e9re.\\nEzt a s\u00e1mlit m\u00e1r haszn\u00e1lja egy B\u00edbor nev\u0171 kisl..., Meska","image_title":"Kuty\u00e1s s\u00e1mli  kisl\u00e1nyoknak, Meska","view_count":"592","favourite_count":"0","trending_score":"0","last2MonthFavouriteCount":"0","promotion":"0","giftcard_accept":"0","creditcard_accept":false,"enhanced_background":"0","domain":"meska","specific_customer_id":null,"specific_customer_name":null,"to_order_product":"1","to_order_product_time":"13","product_different":null,"product_different_description":"","vintage":"0","vintage_category_id":"0","recycled":"0","gemstone_id":"0","customizable":"1","type_category":"physical","zerowaste":"0","postage_price":"2390.00","shop_order":"0","has_category":"1","landing_pages":null,"microdata":{"number":84,"category":""},"title":"Kuty\u00e1s s\u00e1mli  kisl\u00e1nyoknak","description":"N\u00e9vre sz\u00f3l\u00f3, kuty\u00e1s  s\u00e1mli, kisl\u00e1nyok keresztel\u0151j\u00e9re.\nEzt a s\u00e1mlit m\u00e1r haszn\u00e1lja egy B\u00edbor nev\u0171 kisl\u00e1ny.\nHasonl\u00f3t k\u00e9sz\u00edt\u00fcnk megrendel\u00e9sre.\n Szem\u00e9lyre sz\u00f3l\u00f3, festett s\u00e1mlikat k\u00e9sz\u00edt\u00fcnk.\nMegrendel\u0151ink f\u0151leg keresztel\u0151 \u00e9s babal\u00e1togat\u00f3 aj\u00e1nd\u00e9kba viszik,\n mert egyedi, k\u00fcl\u00f6nleges szem\u00e9lyre  sz\u00f3l\u00f3.\nA s\u00e1mlit az  Eradekor tervezte.\nSZ\u00c9LES, BIZTONS\u00c1GOS!\nA gyerekek nagyon szeretik a s\u00e1mlit!\nAzonnal tudj\u00e1k mire val\u00f3.\n Ez a BABA m\u00e9ret,  1 \u00e9ves kort\u00f3l m\u00e1r haszn\u00e1lhat\u00f3.\n\nM\u00e9ret:30x20x20cm\nAnyuka \u00e9s apuka is r\u00e1\u00fclhet.\nGyerek bar\u00e1t lakkal kezelt, nedves ruh\u00e1val t\u00f6r\u00f6lhet\u0151.\n\n\n\n\n\n \n\n\n","score":108.97783,"formatted_price":"35 500 Ft","image_url":"https:\/\/www.meska.hu\/img\/product\/small\/e\/r\/eradekor_product_94_240302230943_151391.jpeg","formatted_url":"https:\/\/www.meska.hu\/p5235958-kutyas-samli-keresztelore-kislanyoknak","favourite":false,"in_stock":false,"avatar":"Eradekor_avatar_94.jpg","delete_from":0,"is_enhanced_background":false,"is_enhanced":false,"product_selection_started":false,"is_active":true,"image_webp_url":"https:\/\/www.meska.hu\/img\/product\/small\/e\/r\/eradekor_product_94_240302230943_151391.webp"},{"id":"5237413","shop_id":"51","user_id":"94","shop_name":"Eradekor","shop_zip":"1194","product_code":"5227565","product_name_old":null,"product_name":"Az olvas\u00f3  kisl\u00e1ny cic\u00e1ja","category_string":"Baba - mama, Keresztel\u0151 kell\u00e9kek, Keresztel\u0151aj\u00e1nd\u00e9kok","technic_string":"Festett t\u00e1rgyak","category_1":"1735","category_2":"1745","category_3":"1495","category_4":"0","merged_category_1":null,"merged_category_2":null,"merged_category_3":null,"technic_1":"481","technic_2":"0","technic_3":"0","color_1":"519","color_2":"525","color_3":"0","product_description_old":null,"product_description":"Mes\u00e9s s\u00e1mlikat k\u00e9sz\u00edt\u00fcnk  kisfi\u00faknak \u00e9s kisl\u00e1nyoknak.\nMegrendel\u0151ink f\u0151leg keresztel\u0151 \u00e9s babal\u00e1togat\u00f3 aj\u00e1nd\u00e9kba viszik,\n mert egyedi, k\u00fcl\u00f6nleges szem\u00e9lyre  sz\u00f3l\u00f3.\nA s\u00e1mlit az  Eradekor tervezte.\nSZ\u00c9LES, BIZTONS\u00c1GOS!\nA gyerekek nagyon szeretik a s\u00e1mlit!\nAzonnal tudj\u00e1k mire val\u00f3.\n Ez a BABA m\u00e9ret,  1 \u00e9ves kort\u00f3l m\u00e1r haszn\u00e1lhat\u00f3\n\nM\u00e9ret:30x20x20cm\nAnyuka \u00e9s apuka is r\u00e1\u00fclhet.\nGyerek bar\u00e1t lakkal kezelt, nedves ruh\u00e1val t\u00f6r\u00f6lhet\u0151.\n\n\n\n\n\n \n\n\n","price":"35500.00","unit":"db","recommended":"0","status":"1","sponsored":"0","exp_notify":"0","own_material":"0","own_material_description_old":null,"own_material_description":"","jury":"0","jury_number":"","product_nature":"","meskaracsony":"0","create_date":"2026-03-31 11:20:46","shelve_id":"72564","image":"eradekor_product_94_240223232033_589397.jpeg","image_width":"480","image_height":"480","image_alt":"Az olvas\u00f3  kisl\u00e1ny cic\u00e1ja, Mes\u00e9s s\u00e1mlikat k\u00e9sz\u00edt\u00fcnk  kisfi\u00faknak \u00e9s kisl\u00e1nyoknak.\\nMegrendel\u0151ink f\u0151leg keresztel\u0151 \u00e9s babal\u00e1togat\u00f3..., Meska","image_title":"Az olvas\u00f3  kisl\u00e1ny cic\u00e1ja, Meska","view_count":"584","favourite_count":"0","trending_score":"0","last2MonthFavouriteCount":"0","promotion":"0","giftcard_accept":"0","creditcard_accept":false,"enhanced_background":"0","domain":"meska","specific_customer_id":null,"specific_customer_name":null,"to_order_product":"1","to_order_product_time":"12","product_different":null,"product_different_description":"","vintage":"0","vintage_category_id":"0","recycled":"0","gemstone_id":"0","customizable":"1","type_category":"physical","zerowaste":"0","postage_price":"2390.00","shop_order":"0","has_category":"1","landing_pages":null,"microdata":{"number":85,"category":""},"title":"Az olvas\u00f3  kisl\u00e1ny cic\u00e1ja","description":"Mes\u00e9s s\u00e1mlikat k\u00e9sz\u00edt\u00fcnk  kisfi\u00faknak \u00e9s kisl\u00e1nyoknak.\nMegrendel\u0151ink f\u0151leg keresztel\u0151 \u00e9s babal\u00e1togat\u00f3 aj\u00e1nd\u00e9kba viszik,\n mert egyedi, k\u00fcl\u00f6nleges szem\u00e9lyre  sz\u00f3l\u00f3.\nA s\u00e1mlit az  Eradekor tervezte.\nSZ\u00c9LES, BIZTONS\u00c1GOS!\nA gyerekek nagyon szeretik a s\u00e1mlit!\nAzonnal tudj\u00e1k mire val\u00f3.\n Ez a BABA m\u00e9ret,  1 \u00e9ves kort\u00f3l m\u00e1r haszn\u00e1lhat\u00f3\n\nM\u00e9ret:30x20x20cm\nAnyuka \u00e9s apuka is r\u00e1\u00fclhet.\nGyerek bar\u00e1t lakkal kezelt, nedves ruh\u00e1val t\u00f6r\u00f6lhet\u0151.\n\n\n\n\n\n \n\n\n","score":108.97783,"formatted_price":"35 500 Ft","image_url":"https:\/\/www.meska.hu\/img\/product\/small\/e\/r\/eradekor_product_94_240223232033_589397.jpeg","formatted_url":"https:\/\/www.meska.hu\/p5227565-az-olvaso-kislany-cicaja","favourite":false,"in_stock":false,"avatar":"Eradekor_avatar_94.jpg","delete_from":0,"is_enhanced_background":false,"is_enhanced":false,"product_selection_started":false,"is_active":true,"image_webp_url":"https:\/\/www.meska.hu\/img\/product\/small\/e\/r\/eradekor_product_94_240223232033_589397.webp"},{"id":"6095347","shop_id":"51","user_id":"94","shop_name":"Eradekor","shop_zip":"1194","product_code":"5720659","product_name_old":null,"product_name":"Festett r\u00f3kakisl\u00e1nyos  sz\u00e9k 1db","category_string":"Baba - mama, Keresztel\u0151 kell\u00e9kek, Keresztel\u0151aj\u00e1nd\u00e9kok","technic_string":"Festett t\u00e1rgyak","category_1":"1735","category_2":"1745","category_3":"1495","category_4":"0","merged_category_1":null,"merged_category_2":null,"merged_category_3":null,"technic_1":"481","technic_2":"0","technic_3":"0","color_1":"514","color_2":"526","color_3":"0","product_description_old":null,"product_description":"B\u00e1jos r\u00f3k\u00e1s k\u00e9ppel festett sz\u00e9k k\u00e9sz\u00fclt B\u00edbornak a keresztel\u0151j\u00e9re. \nA s\u00e1mlikhoz \u00e9s a l\u00e1d\u00e1khoz  hasonl\u00f3 fest\u00e9ssel \u00e9s mot\u00edvumokkal festj\u00fck a sz\u00e9keket is.\nR\u00e9szletgazdag fest\u00e9ssel, k\u00e9sz\u00fclnek.\nA k\u00e9peken l\u00e1that\u00f3,  n\u00e9vre sz\u00f3l\u00f3 sz\u00e9keket,\n m\u00e1r haszn\u00e1lj\u00e1k a kis tulajdonosok.\nHasonl\u00f3t k\u00e9sz\u00edt\u00fcnk megrendel\u00e9sre.\nBoltunkban t\u00f6bb sz\u00e9k tal\u00e1lhat\u00f3.\nKisl\u00e1nyoknak is k\u00e9sz\u00edt\u00fcnk sz\u00e9keket, lehet k\u00e9rni barna sz\u00ednben is.\nA sz\u00e9k kb 2 \u00e9ves kort\u00f3l haszn\u00e1lhat\u00f3.\nLiza most 8 \u00e9ves, \u00e9s m\u00e9g most is haszn\u00e1lja.\nA sz\u00e9k m\u00e9rete: 54cm magas\n29cm az \u00fcl\u0151 magass\u00e1ga\n27cm sz\u00e9les\nGyerekbar\u00e1t fest\u00e9kkel \u00e9s lakkal kezelt, nedves ruh\u00e1val t\u00f6r\u00f6lhet\u0151.\nLapra szerelt \u00e1llapotban sz\u00e1ll\u00edtjuk.\nK\u00f6nnyen \u00f6sszeszerelhet\u0151.\n\n\n\n\n\n \n\n\n","price":"39500.00","unit":"db","recommended":"0","status":"1","sponsored":"0","exp_notify":"0","own_material":"0","own_material_description_old":null,"own_material_description":"","jury":"0","jury_number":"","product_nature":"","meskaracsony":"0","create_date":"2026-01-27 16:08:17","shelve_id":"26305","image":"eradekor_product_94_260127160528_260436.jpeg","image_width":"480","image_height":"480","image_alt":"Festett r\u00f3kakisl\u00e1nyos  sz\u00e9k 1db, B\u00e1jos r\u00f3k\u00e1s k\u00e9ppel festett sz\u00e9k k\u00e9sz\u00fclt B\u00edbornak a keresztel\u0151j\u00e9re. \\nA s\u00e1mlikhoz \u00e9s a l\u00e1d\u00e1khoz  hason..., Meska","image_title":"Festett r\u00f3kakisl\u00e1nyos  sz\u00e9k 1db, Meska","view_count":"100","favourite_count":"0","trending_score":"0","last2MonthFavouriteCount":"0","promotion":"0","giftcard_accept":"0","creditcard_accept":false,"enhanced_background":"0","domain":"meska","specific_customer_id":null,"specific_customer_name":null,"to_order_product":"1","to_order_product_time":"12","product_different":null,"product_different_description":"","vintage":"0","vintage_category_id":"0","recycled":"0","gemstone_id":"0","customizable":"1","type_category":"physical","zerowaste":"0","postage_price":"2390.00","shop_order":"0","has_category":"1","landing_pages":null,"microdata":{"number":86,"category":""},"title":"Festett r\u00f3kakisl\u00e1nyos  sz\u00e9k 1db","description":"B\u00e1jos r\u00f3k\u00e1s k\u00e9ppel festett sz\u00e9k k\u00e9sz\u00fclt B\u00edbornak a keresztel\u0151j\u00e9re. \nA s\u00e1mlikhoz \u00e9s a l\u00e1d\u00e1khoz  hasonl\u00f3 fest\u00e9ssel \u00e9s mot\u00edvumokkal festj\u00fck a sz\u00e9keket is.\nR\u00e9szletgazdag fest\u00e9ssel, k\u00e9sz\u00fclnek.\nA k\u00e9peken l\u00e1that\u00f3,  n\u00e9vre sz\u00f3l\u00f3 sz\u00e9keket,\n m\u00e1r haszn\u00e1lj\u00e1k a kis tulajdonosok.\nHasonl\u00f3t k\u00e9sz\u00edt\u00fcnk megrendel\u00e9sre.\nBoltunkban t\u00f6bb sz\u00e9k tal\u00e1lhat\u00f3.\nKisl\u00e1nyoknak is k\u00e9sz\u00edt\u00fcnk sz\u00e9keket, lehet k\u00e9rni barna sz\u00ednben is.\nA sz\u00e9k kb 2 \u00e9ves kort\u00f3l haszn\u00e1lhat\u00f3.\nLiza most 8 \u00e9ves, \u00e9s m\u00e9g most is haszn\u00e1lja.\nA sz\u00e9k m\u00e9rete: 54cm magas\n29cm az \u00fcl\u0151 magass\u00e1ga\n27cm sz\u00e9les\nGyerekbar\u00e1t fest\u00e9kkel \u00e9s lakkal kezelt, nedves ruh\u00e1val t\u00f6r\u00f6lhet\u0151.\nLapra szerelt \u00e1llapotban sz\u00e1ll\u00edtjuk.\nK\u00f6nnyen \u00f6sszeszerelhet\u0151.\n\n\n\n\n\n \n\n\n","score":108.97783,"formatted_price":"39 500 Ft","image_url":"https:\/\/www.meska.hu\/img\/product\/small\/e\/r\/eradekor_product_94_260127160528_260436.jpeg","formatted_url":"https:\/\/www.meska.hu\/p5720659-festett-rokakislanyos-szek-1db","favourite":false,"in_stock":false,"avatar":"Eradekor_avatar_94.jpg","delete_from":0,"is_enhanced_background":false,"is_enhanced":false,"product_selection_started":false,"is_active":true,"image_webp_url":"https:\/\/www.meska.hu\/img\/product\/small\/e\/r\/eradekor_product_94_260127160528_260436.webp"},{"id":"4887627","shop_id":"39820","user_id":"503729","shop_name":"PelikanGravir","shop_zip":"6044","product_code":"5008901","product_name_old":null,"product_name":"Keresztsz\u00fcl\u0151 felk\u00e9r\u0151","category_string":"Baba - mama, Keresztel\u0151 kell\u00e9kek, Keresztel\u0151aj\u00e1nd\u00e9kok","technic_string":"Grav\u00edroz\u00e1s, pirogr\u00e1fia","category_1":"1735","category_2":"1745","category_3":"1495","category_4":"0","merged_category_1":"0","merged_category_2":"784","merged_category_3":"0","technic_1":"796","technic_2":"0","technic_3":"0","color_1":"521","color_2":"525","color_3":"0","product_description_old":null,"product_description":"Ha egyedi m\u00f3don szeretn\u00e9d felk\u00e9rni a leend\u0151 keresztsz\u00fcl\u0151ket, akkor Neked aj\u00e1nljuk ezt a  grav\u00edrozott felk\u00e9r\u0151 kirak\u00f3t.\n\nEgyedi sz\u00f6veggel is k\u00e9rhet\u0151. \nK\u00e9k illetve r\u00f3zsasz\u00edn\u0171 masnival k\u00e9sz\u00edtj\u00fck el. \n\nM\u00e9rete: 14 cm. \n\n","price":"3000.00","unit":"db","recommended":"0","status":"1","sponsored":"0","exp_notify":"0","own_material":"0","own_material_description_old":null,"own_material_description":"","jury":"0","jury_number":"","product_nature":"","meskaracsony":"0","create_date":"2026-04-06 11:42:44","shelve_id":"0","image":"pelikangravir_product_503729_230702200134_659237.jpeg","image_width":"480","image_height":"586","image_alt":"Keresztsz\u00fcl\u0151 felk\u00e9r\u0151, Ha egyedi m\u00f3don szeretn\u00e9d felk\u00e9rni a leend\u0151 keresztsz\u00fcl\u0151ket, akkor Neked aj\u00e1nljuk ezt a  grav\u00edrozott..., Meska","image_title":"Keresztsz\u00fcl\u0151 felk\u00e9r\u0151, Meska","view_count":"2075","favourite_count":"0","trending_score":"0","last2MonthFavouriteCount":"0","promotion":"0","giftcard_accept":"0","creditcard_accept":true,"enhanced_background":"0","domain":"meska","specific_customer_id":null,"specific_customer_name":null,"to_order_product":"1","to_order_product_time":"7","product_different":null,"product_different_description":"","vintage":"0","vintage_category_id":"0","recycled":"0","gemstone_id":"0","customizable":"0","type_category":"physical","zerowaste":"0","postage_price":"2390.00","shop_order":"0","has_category":"1","landing_pages":null,"microdata":{"number":87,"category":""},"title":"Keresztsz\u00fcl\u0151 felk\u00e9r\u0151","description":"Ha egyedi m\u00f3don szeretn\u00e9d felk\u00e9rni a leend\u0151 keresztsz\u00fcl\u0151ket, akkor Neked aj\u00e1nljuk ezt a  grav\u00edrozott felk\u00e9r\u0151 kirak\u00f3t.\n\nEgyedi sz\u00f6veggel is k\u00e9rhet\u0151. \nK\u00e9k illetve r\u00f3zsasz\u00edn\u0171 masnival k\u00e9sz\u00edtj\u00fck el. \n\nM\u00e9rete: 14 cm. \n\n","score":107.87584,"formatted_price":"3 000 Ft","image_url":"https:\/\/www.meska.hu\/img\/product\/small\/p\/e\/pelikangravir_product_503729_230702200134_659237.jpeg","formatted_url":"https:\/\/www.meska.hu\/p5008901-keresztszulo-felkero","favourite":false,"in_stock":false,"avatar":"PelikanGravir_avatar_503729_1674069909.jpg","delete_from":0,"is_enhanced_background":false,"is_enhanced":false,"product_selection_started":false,"is_active":true,"image_webp_url":"https:\/\/www.meska.hu\/img\/product\/small\/p\/e\/pelikangravir_product_503729_230702200134_659237.webp"},{"id":"6139387","shop_id":"40935","user_id":"22314","shop_name":"LINDesign","shop_zip":"6523","product_code":"5747038","product_name_old":null,"product_name":"Keresztel\u0151aj\u00e1nd\u00e9k, angyal keresztel\u0151aj\u00e1nd\u00e9k","category_string":"Baba - mama, Keresztel\u0151 kell\u00e9kek, Keresztel\u0151aj\u00e1nd\u00e9kok","technic_string":"Festett t\u00e1rgyak, Grav\u00edroz\u00e1s, pirogr\u00e1fia","category_1":"1735","category_2":"1745","category_3":"1495","category_4":"0","merged_category_1":null,"merged_category_2":null,"merged_category_3":null,"technic_1":"481","technic_2":"796","technic_3":"0","color_1":"514","color_2":"0","color_3":"0","product_description_old":null,"product_description":"Angyal keresztel\u0151aj\u00e1nd\u00e9k, aj\u00e1nd\u00e9kba adhatod az \u00fajsz\u00fcl\u00f6ttnek \u00e9s csal\u00e1dj\u00e1nak.\nK\u00e9rheted k\u00e9pkeret karik\u00e1val vagy a fej r\u00e9szn\u00e9l kif\u00farva szalaggal.\nVastag laz\u00farral fel\u00fclet kezelve.\nM\u00e9rete: 9,5 x 14 x 2 cm\nMegrendel\u00e9skor k\u00e9rlek add meg a baba nev\u00e9t \u00e9s sz\u00fclet\u00e9si d\u00e1tum\u00e1t vagy a keresztel\u0151 id\u0151pontj\u00e1t.\nEgyedi elk\u00e9pzel\u00e9st is megval\u00f3s\u00edtok.","price":"2500.00","unit":"db","recommended":"0","status":"1","sponsored":"0","exp_notify":"0","own_material":"0","own_material_description_old":null,"own_material_description":"","jury":"0","jury_number":"","product_nature":"","meskaracsony":"0","create_date":"2026-03-05 17:04:03","shelve_id":"0","image":"lindesign_product_22314_250119161235_871445.jpeg","image_width":"480","image_height":"640","image_alt":"Keresztel\u0151aj\u00e1nd\u00e9k, angyal keresztel\u0151aj\u00e1nd\u00e9k, Angyal keresztel\u0151aj\u00e1nd\u00e9k, aj\u00e1nd\u00e9kba adhatod az \u00fajsz\u00fcl\u00f6ttnek \u00e9s csal\u00e1dj\u00e1nak.\\nK\u00e9rheted k\u00e9pkeret karik\u00e1..., Meska","image_title":"Keresztel\u0151aj\u00e1nd\u00e9k, angyal keresztel\u0151aj\u00e1nd\u00e9k, Meska","view_count":"53","favourite_count":"0","trending_score":"0","last2MonthFavouriteCount":"0","promotion":"0","giftcard_accept":"0","creditcard_accept":false,"enhanced_background":"0","domain":"meska","specific_customer_id":null,"specific_customer_name":null,"to_order_product":"1","to_order_product_time":"10","product_different":null,"product_different_description":"","vintage":"0","vintage_category_id":"0","recycled":"0","gemstone_id":"0","customizable":"1","type_category":"physical","zerowaste":"0","postage_price":"1435.00","shop_order":"0","has_category":"1","landing_pages":null,"microdata":{"number":88,"category":""},"title":"Keresztel\u0151aj\u00e1nd\u00e9k, angyal keresztel\u0151aj\u00e1nd\u00e9k","description":"Angyal keresztel\u0151aj\u00e1nd\u00e9k, aj\u00e1nd\u00e9kba adhatod az \u00fajsz\u00fcl\u00f6ttnek \u00e9s csal\u00e1dj\u00e1nak.\nK\u00e9rheted k\u00e9pkeret karik\u00e1val vagy a fej r\u00e9szn\u00e9l kif\u00farva szalaggal.\nVastag laz\u00farral fel\u00fclet kezelve.\nM\u00e9rete: 9,5 x 14 x 2 cm\nMegrendel\u00e9skor k\u00e9rlek add meg a baba nev\u00e9t \u00e9s sz\u00fclet\u00e9si d\u00e1tum\u00e1t vagy a keresztel\u0151 id\u0151pontj\u00e1t.\nEgyedi elk\u00e9pzel\u00e9st is megval\u00f3s\u00edtok.","score":107.62189,"formatted_price":"2 500 Ft","image_url":"https:\/\/www.meska.hu\/img\/product\/small\/l\/i\/lindesign_product_22314_250119161235_871445.jpeg","formatted_url":"https:\/\/www.meska.hu\/p5747038-kereszteloajandek-angyal-kereszteloajandek","favourite":false,"in_stock":false,"avatar":"LINDesign_avatar_22314_1681318422.jpg","delete_from":0,"is_enhanced_background":false,"is_enhanced":false,"product_selection_started":false,"is_active":true,"image_webp_url":"https:\/\/www.meska.hu\/img\/product\/small\/l\/i\/lindesign_product_22314_250119161235_871445.webp"},{"id":"5717642","shop_id":"37144","user_id":"492434","shop_name":"ILAV","shop_zip":"8175","product_code":"5511898","product_name_old":null,"product_name":"P\u00e9nz\u00e1tad\u00f3 kereszt keresztel\u0151re - egyedi grav\u00edrozott - 2. grafika","category_string":"Baba - mama, Keresztel\u0151aj\u00e1nd\u00e9kok, Keresztel\u0151 kell\u00e9kek","technic_string":"F\u00e9mmegmunk\u00e1l\u00e1s","category_1":"1495","category_2":"1745","category_3":"1735","category_4":"0","merged_category_1":null,"merged_category_2":null,"merged_category_3":null,"technic_1":"479","technic_2":"0","technic_3":"0","color_1":"515","color_2":"0","color_3":"0","product_description_old":null,"product_description":"Egyedileg grav\u00edrozott, keresztel\u0151re sz\u00f3l\u00f3 p\u00e9nz\u00e1tad\u00f3 kereszt! \n(A keresztre tetsz\u0151leges r\u00f6vid mondat \u00edrhat\u00f3 r\u00e1, pl. els\u0151\u00e1ldoz\u00e1sra, b\u00e9rm\u00e1lkoz\u00e1sra is adhat\u00f3)\n\nTedd eml\u00e9kezetess\u00e9 a keresztel\u0151 pillanat\u00e1t ezzel a k\u00fcl\u00f6nleges, k\u00e9zm\u0171ves aj\u00e1nd\u00e9kkal!  A szem\u00e9lyre szabott grav\u00edroz\u00e1s \u2013 a gyermek \u00e9s az aj\u00e1nd\u00e9koz\u00f3k neveivel \u2013 \u00f6r\u00f6k eml\u00e9ket teremt. A kereszt k\u00f6zep\u00e9re r\u00f6gz\u00edtett p\u00e9nz pedig nemcsak gesztus, hanem egy kis \u00fatraval\u00f3 is az \u00e9let kezdet\u00e9hez. \n\nEgy aj\u00e1nd\u00e9k, ami sz\u00edvb\u0151l j\u00f6n \u2013 \u00e9s egy \u00e9leten \u00e1t elk\u00eds\u00e9r!\n\nA term\u00e9k m\u00e9retei: 150 x 90 mm\n\nAnyaga: 3 mm vastag r\u00e9tegelt falemez\n\nA term\u00e9ket p\u00e9nz n\u00e9lk\u00fcl, de a p\u00e9nz r\u00f6gz\u00edt\u00e9s\u00e9hez sz\u00fcks\u00e9ges zsin\u00f3rral sz\u00e1ll\u00edtjuk :)\n\n","price":"2500.00","unit":"db","recommended":"0","status":"1","sponsored":"0","exp_notify":"0","own_material":"0","own_material_description_old":null,"own_material_description":"","jury":"0","jury_number":"","product_nature":"","meskaracsony":"0","create_date":"2026-02-09 22:50:59","shelve_id":"69615","image":"ilav_product_492434_250307111931_234814.jpeg","image_width":"480","image_height":"479","image_alt":"P\u00e9nz\u00e1tad\u00f3 kereszt keresztel\u0151re - egyedi grav\u00edrozott - 2. grafika, Egyedileg grav\u00edrozott, keresztel\u0151re sz\u00f3l\u00f3 p\u00e9nz\u00e1tad\u00f3 kereszt! \\n(A keresztre tetsz\u0151leges r\u00f6vid mondat ..., Meska","image_title":"P\u00e9nz\u00e1tad\u00f3 kereszt keresztel\u0151re - egyedi grav\u00edrozott - 2. grafika, Meska","view_count":"1457","favourite_count":"1","trending_score":"0","last2MonthFavouriteCount":"1","promotion":"0","giftcard_accept":"0","creditcard_accept":true,"enhanced_background":"0","domain":"meska","specific_customer_id":null,"specific_customer_name":null,"to_order_product":"1","to_order_product_time":"5","product_different":null,"product_different_description":"","vintage":"0","vintage_category_id":"0","recycled":"0","gemstone_id":"0","customizable":"0","type_category":"physical","zerowaste":"0","postage_price":"1290.00","shop_order":"0","has_category":"1","landing_pages":null,"microdata":{"number":89,"category":""},"title":"P\u00e9nz\u00e1tad\u00f3 kereszt keresztel\u0151re - egyedi grav\u00edrozott - 2. grafika","description":"Egyedileg grav\u00edrozott, keresztel\u0151re sz\u00f3l\u00f3 p\u00e9nz\u00e1tad\u00f3 kereszt! \n(A keresztre tetsz\u0151leges r\u00f6vid mondat \u00edrhat\u00f3 r\u00e1, pl. els\u0151\u00e1ldoz\u00e1sra, b\u00e9rm\u00e1lkoz\u00e1sra is adhat\u00f3)\n\nTedd eml\u00e9kezetess\u00e9 a keresztel\u0151 pillanat\u00e1t ezzel a k\u00fcl\u00f6nleges, k\u00e9zm\u0171ves aj\u00e1nd\u00e9kkal!  A szem\u00e9lyre szabott grav\u00edroz\u00e1s \u2013 a gyermek \u00e9s az aj\u00e1nd\u00e9koz\u00f3k neveivel \u2013 \u00f6r\u00f6k eml\u00e9ket teremt. A kereszt k\u00f6zep\u00e9re r\u00f6gz\u00edtett p\u00e9nz pedig nemcsak gesztus, hanem egy kis \u00fatraval\u00f3 is az \u00e9let kezdet\u00e9hez. \n\nEgy aj\u00e1nd\u00e9k, ami sz\u00edvb\u0151l j\u00f6n \u2013 \u00e9s egy \u00e9leten \u00e1t elk\u00eds\u00e9r!\n\nA term\u00e9k m\u00e9retei: 150 x 90 mm\n\nAnyaga: 3 mm vastag r\u00e9tegelt falemez\n\nA term\u00e9ket p\u00e9nz n\u00e9lk\u00fcl, de a p\u00e9nz r\u00f6gz\u00edt\u00e9s\u00e9hez sz\u00fcks\u00e9ges zsin\u00f3rral sz\u00e1ll\u00edtjuk :)\n\n","score":107.62189,"formatted_price":"2 500 Ft","image_url":"https:\/\/www.meska.hu\/img\/product\/small\/i\/l\/ilav_product_492434_250307111931_234814.jpeg","formatted_url":"https:\/\/www.meska.hu\/p5511898-penzatado-kereszt-keresztelore-egyedi-gravirozott-2-grafika","favourite":false,"in_stock":false,"avatar":"492434_avatar_1648712689.jpeg","delete_from":0,"is_enhanced_background":false,"is_enhanced":false,"product_selection_started":false,"is_active":true,"image_webp_url":"https:\/\/www.meska.hu\/img\/product\/small\/i\/l\/ilav_product_492434_250307111931_234814.webp"},{"id":"6111925","shop_id":"41463","user_id":"583063","shop_name":"FairyDreams","shop_zip":"2225","product_code":"5731215","product_name_old":null,"product_name":"Keresztsz\u00fcl\u0151 felk\u00e9r\u0151 puzzle","category_string":"Baba - mama, Keresztel\u0151 kell\u00e9kek, Keresztel\u0151aj\u00e1nd\u00e9kok","technic_string":"Fot\u00f3, grafika, rajz, illusztr\u00e1ci\u00f3","category_1":"1735","category_2":"1745","category_3":"1495","category_4":"0","merged_category_1":null,"merged_category_2":null,"merged_category_3":null,"technic_1":"483","technic_2":"0","technic_3":"0","color_1":"515","color_2":"519","color_3":"0","product_description_old":null,"product_description":"Egyedi st\u00edlus\u00fa keresztsz\u00fcl\u0151 felk\u00e9r\u0151 k\u00fcl\u00f6nleges \u00e9s eml\u00e9kezetes m\u00f3dja annak, hogy feltegy\u00e9tek a nagy k\u00e9rd\u00e9st.\n\nA puzzle darabjai \u00f6sszeillesztve t\u00e1rj\u00e1k fel az \u00fczenetet, \u00edgy a felk\u00e9r\u00e9s pillanata igaz\u00e1n meghat\u00f3 \u00e9lm\u00e9nny\u00e9 v\u00e1lik.\n\nA felk\u00e9r\u0151 min\u0151s\u00e9gi akvarell kartonb\u00f3l k\u00e9sz\u00fcl, finom, vir\u00e1gos grafik\u00e1val \u00e9s szem\u00e9lyre szabott sz\u00f6veggel. A csomag r\u00e9sze egy kis bor\u00edt\u00e9k is, \u00edgy aj\u00e1nd\u00e9koz\u00e1sra azonnal k\u00e9sz.\n\n\u25cf V\u00e1s\u00e1rl\u00e1skor k\u00e9rlek \u00edrd meg a leend\u0151 keresztsz\u00fcl\u0151(k) nev\u00e9t \u00e9s a gyermek nev\u00e9t!\n\nM\u00e9rete: 9x9 cm\n\nK\u00e9rlek vedd figyelembe, hogy a term\u00e9k sz\u00ednei a k\u00e9pen l\u00e1tottakt\u00f3l elt\u00e9rhetnek a k\u00e9perny\u0151 be\u00e1ll\u00edt\u00e1sai \u00e9s a f\u00e9nyviszonyok miatt.\n\nM\u00e1s lehet\u0151s\u00e9g is \u00e9rdekel?\nItt n\u00e9zel\u0151dhetsz:\n\nhttps:\/\/www.meska.hu\/shop\/FairyDreams?s=72927","price":"1990.00","unit":"db","recommended":"0","status":"1","sponsored":"0","exp_notify":"0","own_material":"0","own_material_description_old":null,"own_material_description":"","jury":"0","jury_number":"","product_nature":"","meskaracsony":"0","create_date":"2026-04-16 14:23:30","shelve_id":"72927","image":"fairydreams_product_583063_260118103855_23187.jpeg","image_width":"480","image_height":"646","image_alt":"Keresztsz\u00fcl\u0151 felk\u00e9r\u0151 puzzle, Egyedi st\u00edlus\u00fa keresztsz\u00fcl\u0151 felk\u00e9r\u0151 k\u00fcl\u00f6nleges \u00e9s eml\u00e9kezetes m\u00f3dja annak, hogy feltegy\u00e9tek a nagy k..., Meska","image_title":"Keresztsz\u00fcl\u0151 felk\u00e9r\u0151 puzzle, Meska","view_count":"114","favourite_count":"1","trending_score":"0","last2MonthFavouriteCount":"1","promotion":"0","giftcard_accept":"0","creditcard_accept":false,"enhanced_background":"0","domain":"meska","specific_customer_id":null,"specific_customer_name":null,"to_order_product":"0","to_order_product_time":"0","product_different":null,"product_different_description":"","vintage":"0","vintage_category_id":"0","recycled":"0","gemstone_id":"0","customizable":"0","type_category":"physical","zerowaste":"0","postage_price":"1290.00","shop_order":"0","has_category":"1","landing_pages":null,"microdata":{"number":90,"category":""},"title":"Keresztsz\u00fcl\u0151 felk\u00e9r\u0151 puzzle","description":"Egyedi st\u00edlus\u00fa keresztsz\u00fcl\u0151 felk\u00e9r\u0151 k\u00fcl\u00f6nleges \u00e9s eml\u00e9kezetes m\u00f3dja annak, hogy feltegy\u00e9tek a nagy k\u00e9rd\u00e9st.\n\nA puzzle darabjai \u00f6sszeillesztve t\u00e1rj\u00e1k fel az \u00fczenetet, \u00edgy a felk\u00e9r\u00e9s pillanata igaz\u00e1n meghat\u00f3 \u00e9lm\u00e9nny\u00e9 v\u00e1lik.\n\nA felk\u00e9r\u0151 min\u0151s\u00e9gi akvarell kartonb\u00f3l k\u00e9sz\u00fcl, finom, vir\u00e1gos grafik\u00e1val \u00e9s szem\u00e9lyre szabott sz\u00f6veggel. A csomag r\u00e9sze egy kis bor\u00edt\u00e9k is, \u00edgy aj\u00e1nd\u00e9koz\u00e1sra azonnal k\u00e9sz.\n\n\u25cf V\u00e1s\u00e1rl\u00e1skor k\u00e9rlek \u00edrd meg a leend\u0151 keresztsz\u00fcl\u0151(k) nev\u00e9t \u00e9s a gyermek nev\u00e9t!\n\nM\u00e9rete: 9x9 cm\n\nK\u00e9rlek vedd figyelembe, hogy a term\u00e9k sz\u00ednei a k\u00e9pen l\u00e1tottakt\u00f3l elt\u00e9rhetnek a k\u00e9perny\u0151 be\u00e1ll\u00edt\u00e1sai \u00e9s a f\u00e9nyviszonyok miatt.\n\nM\u00e1s lehet\u0151s\u00e9g is \u00e9rdekel?\nItt n\u00e9zel\u0151dhetsz:\n\nhttps:\/\/www.meska.hu\/shop\/FairyDreams?s=72927","score":107.62189,"formatted_price":"1 990 Ft","image_url":"https:\/\/www.meska.hu\/img\/product\/small\/f\/a\/fairydreams_product_583063_260118103855_23187.jpeg","formatted_url":"https:\/\/www.meska.hu\/p5731215-keresztszulo-felkero-puzzle","favourite":false,"in_stock":true,"avatar":"583063_avatar_1725777810.png","delete_from":0,"is_enhanced_background":false,"is_enhanced":false,"product_selection_started":false,"is_active":true,"image_webp_url":"https:\/\/www.meska.hu\/img\/product\/small\/f\/a\/fairydreams_product_583063_260118103855_23187.webp"},{"id":"5717639","shop_id":"37144","user_id":"492434","shop_name":"ILAV","shop_zip":"8175","product_code":"5511895","product_name_old":null,"product_name":"P\u00e9nz\u00e1tad\u00f3 kereszt keresztel\u0151re - egyedi grav\u00edrozott - 1. grafika","category_string":"Baba - mama, Keresztel\u0151aj\u00e1nd\u00e9kok, Keresztel\u0151 kell\u00e9kek","technic_string":"F\u00e9mmegmunk\u00e1l\u00e1s","category_1":"1495","category_2":"1745","category_3":"1735","category_4":"0","merged_category_1":null,"merged_category_2":null,"merged_category_3":null,"technic_1":"479","technic_2":"0","technic_3":"0","color_1":"515","color_2":"0","color_3":"0","product_description_old":null,"product_description":"Egyedileg grav\u00edrozott, keresztel\u0151re sz\u00f3l\u00f3 p\u00e9nz\u00e1tad\u00f3 kereszt! \n(A keresztre tetsz\u0151leges r\u00f6vid mondat \u00edrhat\u00f3 r\u00e1, pl. els\u0151\u00e1ldoz\u00e1sra, b\u00e9rm\u00e1lkoz\u00e1sra is adhat\u00f3)\n\nTedd eml\u00e9kezetess\u00e9 a keresztel\u0151 pillanat\u00e1t ezzel a k\u00fcl\u00f6nleges, k\u00e9zm\u0171ves aj\u00e1nd\u00e9kkal!  A szem\u00e9lyre szabott grav\u00edroz\u00e1s \u2013 a gyermek \u00e9s az aj\u00e1nd\u00e9koz\u00f3k neveivel \u2013 \u00f6r\u00f6k eml\u00e9ket teremt. A kereszt k\u00f6zep\u00e9re r\u00f6gz\u00edtett p\u00e9nz pedig nemcsak gesztus, hanem egy kis \u00fatraval\u00f3 is az \u00e9let kezdet\u00e9hez. \n\nEgy aj\u00e1nd\u00e9k, ami sz\u00edvb\u0151l j\u00f6n \u2013 \u00e9s egy \u00e9leten \u00e1t elk\u00eds\u00e9r!\n\nA term\u00e9k m\u00e9retei: 150 x 90 mm\n\nAnyaga: 3 mm vastag r\u00e9tegelt falemez\n\nA term\u00e9ket p\u00e9nz n\u00e9lk\u00fcl, de a p\u00e9nz r\u00f6gz\u00edt\u00e9s\u00e9hez sz\u00fcks\u00e9ges zsin\u00f3rral sz\u00e1ll\u00edtjuk :)\n\n","price":"2500.00","unit":"db","recommended":"0","status":"1","sponsored":"0","exp_notify":"0","own_material":"0","own_material_description_old":null,"own_material_description":"","jury":"0","jury_number":"","product_nature":"","meskaracsony":"0","create_date":"2026-04-19 12:02:26","shelve_id":"69615","image":"ilav_product_492434_250307111556_998549.jpeg","image_width":"480","image_height":"489","image_alt":"P\u00e9nz\u00e1tad\u00f3 kereszt keresztel\u0151re - egyedi grav\u00edrozott - 1. grafika, Egyedileg grav\u00edrozott, keresztel\u0151re sz\u00f3l\u00f3 p\u00e9nz\u00e1tad\u00f3 kereszt! \\n(A keresztre tetsz\u0151leges r\u00f6vid mondat ..., Meska","image_title":"P\u00e9nz\u00e1tad\u00f3 kereszt keresztel\u0151re - egyedi grav\u00edrozott - 1. grafika, Meska","view_count":"2361","favourite_count":"0","trending_score":"0","last2MonthFavouriteCount":"0","promotion":"0","giftcard_accept":"0","creditcard_accept":true,"enhanced_background":"0","domain":"meska","specific_customer_id":null,"specific_customer_name":null,"to_order_product":"1","to_order_product_time":"5","product_different":null,"product_different_description":"","vintage":"0","vintage_category_id":"0","recycled":"0","gemstone_id":"0","customizable":"0","type_category":"physical","zerowaste":"0","postage_price":"1290.00","shop_order":"0","has_category":"1","landing_pages":null,"microdata":{"number":91,"category":""},"title":"P\u00e9nz\u00e1tad\u00f3 kereszt keresztel\u0151re - egyedi grav\u00edrozott - 1. grafika","description":"Egyedileg grav\u00edrozott, keresztel\u0151re sz\u00f3l\u00f3 p\u00e9nz\u00e1tad\u00f3 kereszt! \n(A keresztre tetsz\u0151leges r\u00f6vid mondat \u00edrhat\u00f3 r\u00e1, pl. els\u0151\u00e1ldoz\u00e1sra, b\u00e9rm\u00e1lkoz\u00e1sra is adhat\u00f3)\n\nTedd eml\u00e9kezetess\u00e9 a keresztel\u0151 pillanat\u00e1t ezzel a k\u00fcl\u00f6nleges, k\u00e9zm\u0171ves aj\u00e1nd\u00e9kkal!  A szem\u00e9lyre szabott grav\u00edroz\u00e1s \u2013 a gyermek \u00e9s az aj\u00e1nd\u00e9koz\u00f3k neveivel \u2013 \u00f6r\u00f6k eml\u00e9ket teremt. A kereszt k\u00f6zep\u00e9re r\u00f6gz\u00edtett p\u00e9nz pedig nemcsak gesztus, hanem egy kis \u00fatraval\u00f3 is az \u00e9let kezdet\u00e9hez. \n\nEgy aj\u00e1nd\u00e9k, ami sz\u00edvb\u0151l j\u00f6n \u2013 \u00e9s egy \u00e9leten \u00e1t elk\u00eds\u00e9r!\n\nA term\u00e9k m\u00e9retei: 150 x 90 mm\n\nAnyaga: 3 mm vastag r\u00e9tegelt falemez\n\nA term\u00e9ket p\u00e9nz n\u00e9lk\u00fcl, de a p\u00e9nz r\u00f6gz\u00edt\u00e9s\u00e9hez sz\u00fcks\u00e9ges zsin\u00f3rral sz\u00e1ll\u00edtjuk :)\n\n","score":107.62189,"formatted_price":"2 500 Ft","image_url":"https:\/\/www.meska.hu\/img\/product\/small\/i\/l\/ilav_product_492434_250307111556_998549.jpeg","formatted_url":"https:\/\/www.meska.hu\/p5511895-penzatado-kereszt-keresztelore-egyedi-gravirozott-1-grafika","favourite":false,"in_stock":false,"avatar":"492434_avatar_1648712689.jpeg","delete_from":0,"is_enhanced_background":false,"is_enhanced":false,"product_selection_started":false,"is_active":true,"image_webp_url":"https:\/\/www.meska.hu\/img\/product\/small\/i\/l\/ilav_product_492434_250307111556_998549.webp"},{"id":"5919755","shop_id":"51","user_id":"94","shop_name":"Eradekor","shop_zip":"1194","product_code":"5619179","product_name_old":null,"product_name":"Mes\u00e9s s\u00e1mli egy \u00f3vod\u00e1s kisl\u00e1nynak ","category_string":"Baba - mama, Keresztel\u0151aj\u00e1nd\u00e9kok, Keresztel\u0151 kell\u00e9kek","technic_string":"Festett t\u00e1rgyak","category_1":"1495","category_2":"1745","category_3":"1735","category_4":"0","merged_category_1":null,"merged_category_2":null,"merged_category_3":null,"technic_1":"481","technic_2":"0","technic_3":"0","color_1":"519","color_2":"525","color_3":"0","product_description_old":null,"product_description":"Mes\u00e9s, cic\u00e1s s\u00e1mlit kapott a 3 \u00e9ves, \u00f3vod\u00e1s  Panka.\n N\u00e9vre sz\u00f3l\u00f3,  s\u00e1mlikat k\u00e9sz\u00edt\u00fcnk, keresztel\u0151re, babal\u00e1togat\u00e1sra.\n Ezeket a s\u00e1mlikat m\u00e1r haszn\u00e1lj\u00e1k a kis tulajdonosok.\nHasonl\u00f3t k\u00e9sz\u00edt\u00fcnk kar\u00e1csonyra is.\nMegrendel\u0151ink f\u0151leg keresztel\u0151 \u00e9s babal\u00e1togat\u00f3 aj\u00e1nd\u00e9kba viszik,\n mert egyedi, k\u00fcl\u00f6nleges szem\u00e9lyre  sz\u00f3l\u00f3.\nA s\u00e1mlit az  Eradekor tervezte.\nSZ\u00c9LES, BIZTONS\u00c1GOS!\nA gyerekek nagyon szeretik a s\u00e1mlit!\nAzonnal tudj\u00e1k mire val\u00f3.\n Ez a BABA m\u00e9ret,  1 \u00e9ves kort\u00f3l m\u00e1r haszn\u00e1lhat\u00f3.\n\nM\u00e9ret:30x20x20cm\nAnyuka \u00e9s apuka is r\u00e1\u00fclhet.\nGyerek bar\u00e1t lakkal kezelt, nedves ruh\u00e1val t\u00f6r\u00f6lhet\u0151.\n\n\n\n\n\n \n\n\n","price":"35500.00","unit":"db","recommended":"0","status":"1","sponsored":"0","exp_notify":"0","own_material":"0","own_material_description_old":null,"own_material_description":"","jury":"0","jury_number":"","product_nature":"","meskaracsony":"0","create_date":"2026-01-14 11:31:56","shelve_id":"26305","image":"eradekor_product_94_250803234140_09342.jpeg","image_width":"480","image_height":"640","image_alt":"Mes\u00e9s s\u00e1mli egy \u00f3vod\u00e1s kisl\u00e1nynak , Mes\u00e9s, cic\u00e1s s\u00e1mlit kapott a 3 \u00e9ves, \u00f3vod\u00e1s  Panka.\\n N\u00e9vre sz\u00f3l\u00f3,  s\u00e1mlikat k\u00e9sz\u00edt\u00fcnk, keresztel\u0151re,..., Meska","image_title":"Mes\u00e9s s\u00e1mli egy \u00f3vod\u00e1s kisl\u00e1nynak , Meska","view_count":"183","favourite_count":"0","trending_score":"0","last2MonthFavouriteCount":"0","promotion":"0","giftcard_accept":"0","creditcard_accept":false,"enhanced_background":"0","domain":"meska","specific_customer_id":null,"specific_customer_name":null,"to_order_product":"1","to_order_product_time":"13","product_different":null,"product_different_description":"","vintage":"0","vintage_category_id":"0","recycled":"0","gemstone_id":"0","customizable":"1","type_category":"physical","zerowaste":"0","postage_price":"2390.00","shop_order":"0","has_category":"1","landing_pages":null,"microdata":{"number":92,"category":""},"title":"Mes\u00e9s s\u00e1mli egy \u00f3vod\u00e1s kisl\u00e1nynak ","description":"Mes\u00e9s, cic\u00e1s s\u00e1mlit kapott a 3 \u00e9ves, \u00f3vod\u00e1s  Panka.\n N\u00e9vre sz\u00f3l\u00f3,  s\u00e1mlikat k\u00e9sz\u00edt\u00fcnk, keresztel\u0151re, babal\u00e1togat\u00e1sra.\n Ezeket a s\u00e1mlikat m\u00e1r haszn\u00e1lj\u00e1k a kis tulajdonosok.\nHasonl\u00f3t k\u00e9sz\u00edt\u00fcnk kar\u00e1csonyra is.\nMegrendel\u0151ink f\u0151leg keresztel\u0151 \u00e9s babal\u00e1togat\u00f3 aj\u00e1nd\u00e9kba viszik,\n mert egyedi, k\u00fcl\u00f6nleges szem\u00e9lyre  sz\u00f3l\u00f3.\nA s\u00e1mlit az  Eradekor tervezte.\nSZ\u00c9LES, BIZTONS\u00c1GOS!\nA gyerekek nagyon szeretik a s\u00e1mlit!\nAzonnal tudj\u00e1k mire val\u00f3.\n Ez a BABA m\u00e9ret,  1 \u00e9ves kort\u00f3l m\u00e1r haszn\u00e1lhat\u00f3.\n\nM\u00e9ret:30x20x20cm\nAnyuka \u00e9s apuka is r\u00e1\u00fclhet.\nGyerek bar\u00e1t lakkal kezelt, nedves ruh\u00e1val t\u00f6r\u00f6lhet\u0151.\n\n\n\n\n\n \n\n\n","score":107.502365,"formatted_price":"35 500 Ft","image_url":"https:\/\/www.meska.hu\/img\/product\/small\/e\/r\/eradekor_product_94_250803234140_09342.jpeg","formatted_url":"https:\/\/www.meska.hu\/p5619179-meses-samli-egy-ovodas-kislanynak","favourite":false,"in_stock":false,"avatar":"Eradekor_avatar_94.jpg","delete_from":0,"is_enhanced_background":false,"is_enhanced":false,"product_selection_started":false,"is_active":true,"image_webp_url":"https:\/\/www.meska.hu\/img\/product\/small\/e\/r\/eradekor_product_94_250803234140_09342.webp"},{"id":"4477402","shop_id":"38137","user_id":"515194","shop_name":"LeatherCrossStitch","shop_zip":"2225","product_code":"4762134","product_name_old":null,"product_name":"Sz\u00fclet\u00e9s \u00e9rtes\u00edt\u0151 kisl\u00e1ny","category_string":"Baba - mama, Keresztel\u0151aj\u00e1nd\u00e9kok, Keresztel\u0151 kell\u00e9kek","technic_string":"H\u00edmz\u00e9s","category_1":"1495","category_2":"1745","category_3":"1735","category_4":"0","merged_category_1":"0","merged_category_2":"784","merged_category_3":"0","technic_1":"487","technic_2":"0","technic_3":"0","color_1":"519","color_2":"522","color_3":"791","product_description_old":null,"product_description":"Egyedi, k\u00e9zzel k\u00e9sz\u00edtett sz\u00fclet\u00e9s \u00e9rtes\u00edt\u0151! \nKisfi\u00fas \u00e9s kisl\u00e1nyos is k\u00e9rhet\u0151 a keresztszemes h\u00edmz\u00e9s technik\u00e1j\u00e1val k\u00e9sz\u00fclt k\u00e9pb\u0151l. \nCsod\u00e1s dekor\u00e1ci\u00f3ja a h\u00e1znak, \u00e9s \u00f6r\u00f6k eml\u00e9k a csal\u00e1dnak. \nAj\u00e1nd\u00e9knak sem utols\u00f3, ak\u00e1r keresztel\u0151re is. \n\nA k\u00e9p m\u00e9rete \u00e9s \u00e1ra keret n\u00e9lk\u00fcl: 14,5x14,5cm 8.000.-\nA k\u00e9p m\u00e9rete \u00e9s \u00e1ra kerettel: 20x26x2,2cm 10.300.-","price":"8000.00","unit":"db","recommended":"0","status":"1","sponsored":"0","exp_notify":"0","own_material":"0","own_material_description_old":null,"own_material_description":"","jury":"0","jury_number":"","product_nature":"","meskaracsony":"0","create_date":"2026-01-19 17:42:38","shelve_id":"0","image":"leathercrossstitch_product_515194_220905080943_790278.jpeg","image_width":"480","image_height":"640","image_alt":"Sz\u00fclet\u00e9s \u00e9rtes\u00edt\u0151 kisl\u00e1ny, Egyedi, k\u00e9zzel k\u00e9sz\u00edtett sz\u00fclet\u00e9s \u00e9rtes\u00edt\u0151! \\nKisfi\u00fas \u00e9s kisl\u00e1nyos is k\u00e9rhet\u0151 a keresztszemes h\u00edmz\u00e9s ..., Meska","image_title":"Sz\u00fclet\u00e9s \u00e9rtes\u00edt\u0151 kisl\u00e1ny, Meska","view_count":"2032","favourite_count":"0","trending_score":"0","last2MonthFavouriteCount":"0","promotion":"0","giftcard_accept":"0","creditcard_accept":true,"enhanced_background":"0","domain":"meska","specific_customer_id":null,"specific_customer_name":null,"to_order_product":"1","to_order_product_time":"10","product_different":null,"product_different_description":"","vintage":"0","vintage_category_id":"0","recycled":"0","gemstone_id":"0","customizable":"1","type_category":"physical","zerowaste":"0","postage_price":"1290.00","shop_order":"0","has_category":"1","landing_pages":null,"microdata":{"number":93,"category":""},"title":"Sz\u00fclet\u00e9s \u00e9rtes\u00edt\u0151 kisl\u00e1ny","description":"Egyedi, k\u00e9zzel k\u00e9sz\u00edtett sz\u00fclet\u00e9s \u00e9rtes\u00edt\u0151! \nKisfi\u00fas \u00e9s kisl\u00e1nyos is k\u00e9rhet\u0151 a keresztszemes h\u00edmz\u00e9s technik\u00e1j\u00e1val k\u00e9sz\u00fclt k\u00e9pb\u0151l. \nCsod\u00e1s dekor\u00e1ci\u00f3ja a h\u00e1znak, \u00e9s \u00f6r\u00f6k eml\u00e9k a csal\u00e1dnak. \nAj\u00e1nd\u00e9knak sem utols\u00f3, ak\u00e1r keresztel\u0151re is. \n\nA k\u00e9p m\u00e9rete \u00e9s \u00e1ra keret n\u00e9lk\u00fcl: 14,5x14,5cm 8.000.-\nA k\u00e9p m\u00e9rete \u00e9s \u00e1ra kerettel: 20x26x2,2cm 10.300.-","score":106.28819,"formatted_price":"8 000 Ft","image_url":"https:\/\/www.meska.hu\/img\/product\/small\/l\/e\/leathercrossstitch_product_515194_220905080943_790278.jpeg","formatted_url":"https:\/\/www.meska.hu\/p4762134-szuletes-ertesito-kislany","favourite":false,"in_stock":false,"avatar":"515194_avatar_1659550364.jpeg","delete_from":0,"is_enhanced_background":false,"is_enhanced":false,"product_selection_started":false,"is_active":true,"image_webp_url":"https:\/\/www.meska.hu\/img\/product\/small\/l\/e\/leathercrossstitch_product_515194_220905080943_790278.webp"},{"id":"6170673","shop_id":"25209","user_id":"228370","shop_name":"SzatiDizajn","shop_zip":"3412","product_code":"5766129","product_name_old":null,"product_name":"Keresztel\u0151re p\u00e9nz\u00e1tad\u00f3 fadoboz ","category_string":"Baba - mama, Keresztel\u0151 kell\u00e9kek, Keresztel\u0151aj\u00e1nd\u00e9kok","technic_string":"Mindenm\u00e1s, Pap\u00edrm\u0171v\u00e9szet","category_1":"1735","category_2":"1745","category_3":"1495","category_4":"0","merged_category_1":null,"merged_category_2":null,"merged_category_3":null,"technic_1":"493","technic_2":"497","technic_3":"0","color_1":"519","color_2":"521","color_3":"525","product_description_old":null,"product_description":"Egy apr\u00f3 doboz, egy \u00e9letre sz\u00f3l\u00f3 eml\u00e9k arr\u00f3l a napr\u00f3l, mikor a kis \u00fcnnepelt a kereszts\u00e9gben Isten gyermeke lett!\nK\u00e9zzel k\u00e9sz\u00fclt, feh\u00e9rre festett, letisztult fa aj\u00e1nd\u00e9kdoboz keresztel\u0151re, ruh\u00e1cska mot\u00edvummal. \nSzem\u00e9lyre szabhat\u00f3 bels\u0151 \u00fczenettel tehet\u0151 m\u00e9g meghittebb\u00e9 \u00e9s szem\u00e9lyess\u00e9.\n\nT\u00f6k\u00e9letes v\u00e1laszt\u00e1s:\n\n- keresztel\u0151re\n- baba k\u00f6sz\u00f6nt\u0151 aj\u00e1nd\u00e9knak\n- eml\u00e9k\u0151rz\u0151 doboznak\n\nDoboz m\u00e9rete: 9,5 x9,5  cm.\n\nRendel\u00e9skor a gyermek \u00e9s az ajandekoz\u00f3 neveit megadni sz\u00edveskedj.\n\nA k\u00e9pen l\u00e9v\u0151 egy\u00e9b dekor\u00e1ci\u00f3 nem k\u00e9pezi elad\u00e1s t\u00e1rgy\u00e1t.\n\nRendel\u00e9skor vedd figyelembe, hogy a sz\u00e1llitasra nincs r\u00e1hat\u00e1som, amire kb. 2-3 nappal \u00e9rdemes sz\u00e1molni.\n","price":"5990.00","unit":"db","recommended":"0","status":"1","sponsored":"0","exp_notify":"0","own_material":"0","own_material_description_old":null,"own_material_description":"","jury":"0","jury_number":"","product_nature":"","meskaracsony":"0","create_date":"2026-03-29 16:54:57","shelve_id":"78100","image":"szatidizajn_product_228370_260418132100_66983.jpeg","image_width":"480","image_height":"600","image_alt":"Keresztel\u0151re p\u00e9nz\u00e1tad\u00f3 fadoboz , Egy apr\u00f3 doboz, egy \u00e9letre sz\u00f3l\u00f3 eml\u00e9k arr\u00f3l a napr\u00f3l, mikor a kis \u00fcnnepelt a kereszts\u00e9gben Isten gy..., Meska","image_title":"Keresztel\u0151re p\u00e9nz\u00e1tad\u00f3 fadoboz , Meska","view_count":"84","favourite_count":"1","trending_score":"0","last2MonthFavouriteCount":"1","promotion":"0","giftcard_accept":"0","creditcard_accept":false,"enhanced_background":"0","domain":"meska","specific_customer_id":null,"specific_customer_name":null,"to_order_product":"0","to_order_product_time":"0","product_different":null,"product_different_description":"","vintage":"0","vintage_category_id":"0","recycled":"0","gemstone_id":"0","customizable":"0","type_category":"physical","zerowaste":"0","postage_price":"2390.00","shop_order":"12","has_category":"1","landing_pages":null,"microdata":{"number":94,"category":""},"title":"Keresztel\u0151re p\u00e9nz\u00e1tad\u00f3 fadoboz ","description":"Egy apr\u00f3 doboz, egy \u00e9letre sz\u00f3l\u00f3 eml\u00e9k arr\u00f3l a napr\u00f3l, mikor a kis \u00fcnnepelt a kereszts\u00e9gben Isten gyermeke lett!\nK\u00e9zzel k\u00e9sz\u00fclt, feh\u00e9rre festett, letisztult fa aj\u00e1nd\u00e9kdoboz keresztel\u0151re, ruh\u00e1cska mot\u00edvummal. \nSzem\u00e9lyre szabhat\u00f3 bels\u0151 \u00fczenettel tehet\u0151 m\u00e9g meghittebb\u00e9 \u00e9s szem\u00e9lyess\u00e9.\n\nT\u00f6k\u00e9letes v\u00e1laszt\u00e1s:\n\n- keresztel\u0151re\n- baba k\u00f6sz\u00f6nt\u0151 aj\u00e1nd\u00e9knak\n- eml\u00e9k\u0151rz\u0151 doboznak\n\nDoboz m\u00e9rete: 9,5 x9,5  cm.\n\nRendel\u00e9skor a gyermek \u00e9s az ajandekoz\u00f3 neveit megadni sz\u00edveskedj.\n\nA k\u00e9pen l\u00e9v\u0151 egy\u00e9b dekor\u00e1ci\u00f3 nem k\u00e9pezi elad\u00e1s t\u00e1rgy\u00e1t.\n\nRendel\u00e9skor vedd figyelembe, hogy a sz\u00e1llitasra nincs r\u00e1hat\u00e1som, amire kb. 2-3 nappal \u00e9rdemes sz\u00e1molni.\n","score":103.304214,"formatted_price":"5 990 Ft","image_url":"https:\/\/www.meska.hu\/img\/product\/small\/s\/z\/szatidizajn_product_228370_260418132100_66983.jpeg","formatted_url":"https:\/\/www.meska.hu\/p5766129-keresztelore-penzatado-fadoboz","favourite":false,"in_stock":true,"avatar":"SzatiDizajn_avatar_228370_1524133237.jpg","delete_from":0,"is_enhanced_background":false,"is_enhanced":false,"product_selection_started":false,"is_active":true,"image_webp_url":"https:\/\/www.meska.hu\/img\/product\/small\/s\/z\/szatidizajn_product_228370_260418132100_66983.webp"},{"id":"6050313","shop_id":"37043","user_id":"490844","shop_name":"DekorTrend","shop_zip":"4511","product_code":"5692186","product_name_old":null,"product_name":"N\u00e9vresz\u00f3l\u00f3 k\u00e9pkeret keresztel\u0151re","category_string":"Baba - mama, Keresztel\u0151aj\u00e1nd\u00e9kok, Keresztel\u0151 kell\u00e9kek","technic_string":"Grav\u00edroz\u00e1s, pirogr\u00e1fia","category_1":"1495","category_2":"1745","category_3":"1735","category_4":"0","merged_category_1":null,"merged_category_2":null,"merged_category_3":null,"technic_1":"796","technic_2":"0","technic_3":"0","color_1":"514","color_2":"515","color_3":"0","product_description_old":null,"product_description":"A keret nem csak keresztel\u0151re, hanem b\u00e1rmilyen alkalomra kiv\u00e1l\u00f3 aj\u00e1nd\u00e9k. Tedd szem\u00e9lyess\u00e9,  r\u00f6vid egyedi id\u00e9zettel, mint\u00e1val. \nM\u00e9rete: 17x22cm","price":"4500.00","unit":"db","recommended":"0","status":"1","sponsored":"0","exp_notify":"0","own_material":"0","own_material_description_old":null,"own_material_description":"","jury":"0","jury_number":"","product_nature":"","meskaracsony":"0","create_date":"2026-04-14 10:50:02","shelve_id":"0","image":"dekortrend_product_490844_251214163338_055176.png","image_width":"480","image_height":"319","image_alt":"N\u00e9vresz\u00f3l\u00f3 k\u00e9pkeret keresztel\u0151re, A keret nem csak keresztel\u0151re, hanem b\u00e1rmilyen alkalomra kiv\u00e1l\u00f3 aj\u00e1nd\u00e9k. Tedd szem\u00e9lyess\u00e9,  r\u00f6vid eg..., Meska","image_title":"N\u00e9vresz\u00f3l\u00f3 k\u00e9pkeret keresztel\u0151re, Meska","view_count":"113","favourite_count":"0","trending_score":"0","last2MonthFavouriteCount":"0","promotion":"0","giftcard_accept":"0","creditcard_accept":false,"enhanced_background":"0","domain":"meska","specific_customer_id":null,"specific_customer_name":null,"to_order_product":"1","to_order_product_time":"10","product_different":null,"product_different_description":"","vintage":"0","vintage_category_id":"0","recycled":"0","gemstone_id":"0","customizable":"0","type_category":"physical","zerowaste":"0","postage_price":"1290.00","shop_order":"0","has_category":"1","landing_pages":null,"microdata":{"number":95,"category":""},"title":"N\u00e9vresz\u00f3l\u00f3 k\u00e9pkeret keresztel\u0151re","description":"A keret nem csak keresztel\u0151re, hanem b\u00e1rmilyen alkalomra kiv\u00e1l\u00f3 aj\u00e1nd\u00e9k. Tedd szem\u00e9lyess\u00e9,  r\u00f6vid egyedi id\u00e9zettel, mint\u00e1val. \nM\u00e9rete: 17x22cm","score":103.187294,"formatted_price":"4 500 Ft","image_url":"https:\/\/www.meska.hu\/img\/product\/small\/d\/e\/dekortrend_product_490844_251214163338_055176.png","formatted_url":"https:\/\/www.meska.hu\/p5692186-nevreszolo-kepkeret-keresztelore","favourite":false,"in_stock":false,"avatar":"490844_avatar_1727945180.jpeg","delete_from":0,"is_enhanced_background":false,"is_enhanced":false,"product_selection_started":false,"is_active":true,"image_webp_url":"https:\/\/www.meska.hu\/img\/product\/small\/d\/e\/dekortrend_product_490844_251214163338_055176.webp"},{"id":"5463684","shop_id":"38351","user_id":"234951","shop_name":"AbbeyDesign","shop_zip":"6078","product_code":"5358745","product_name_old":null,"product_name":"Babav\u00e1r\u00e1s eml\u00e9k\u00e9re sz\u00fcl\u00e9szn\u0151nek, orvosnak plexi t\u00e1bla,t\u00f6bbf\u00e9le , b\u00e1rmilyen sz\u00ednben","category_string":"Baba - mama, Keresztel\u0151aj\u00e1nd\u00e9kok, Keresztel\u0151 kell\u00e9kek","technic_string":"Festett t\u00e1rgyak","category_1":"1495","category_2":"1745","category_3":"1735","category_4":"0","merged_category_1":null,"merged_category_2":null,"merged_category_3":null,"technic_1":"481","technic_2":"0","technic_3":"0","color_1":"512","color_2":"534","color_3":"0","product_description_old":null,"product_description":"Egyedi plexi t\u00e1bl\u00e1k a babav\u00e1r\u00e1s - sz\u00fclet\u00e9s eml\u00e9k\u00e9re n\u0151gy\u00f3gy\u00e1sznak, sz\u00fcl\u00e9szn\u0151nek vagy d\u00fal\u00e1nak.\nAz \u00e1r tartalmazza a tervez\u00e9s \u00e9s a term\u00e9k d\u00edj\u00e1t is.\n\nK\u00fcl\u00f6n szerkeszt\u00e9si dij nincs!\n\n- 30X 20 cm .\n- 3mm vastag.\n\nFelirat k\u00e9rhet\u0151 arany, ez\u00fcst, feh\u00e9r vagy fekete sz\u00ednben \u00e9s k\u00fcl\u00f6nb\u00f6z\u0151 h\u00e1tt\u00e9rsz\u00ednekkel,melyeket a leg\u00f6rd\u00fcl\u0151 men\u00fcben tudsz kiv\u00e1lasztani.\n(T\u00f6bb darab is v\u00e1s\u00e1rolhat\u00f3)\n\nK\u00e9rhet\u0151 id\u00e9zettel vagy csak \u00fcdv\u00f6zl\u0151 sz\u00f6veggel, egyedileg kital\u00e1lt sz\u00f6veggel.\n\nEgyedi sz\u00f6veget k\u00e9rlek \u00fczenetben \u00edrd meg nekem.\n\nElk\u00e9sz\u00edt\u00e9si id\u0151:max 10 nap.","price":"3990.00","unit":"db","recommended":"0","status":"1","sponsored":"0","exp_notify":"0","own_material":"0","own_material_description_old":null,"own_material_description":"","jury":"0","jury_number":"","product_nature":"","meskaracsony":"0","create_date":"2026-04-23 00:05:52","shelve_id":"73503","image":"abbeydesign_product_234951_240830210614_035335.jpeg","image_width":"480","image_height":"603","image_alt":"Babav\u00e1r\u00e1s eml\u00e9k\u00e9re sz\u00fcl\u00e9szn\u0151nek, orvosnak plexi t\u00e1bla,t\u00f6bbf\u00e9le , b\u00e1rmilyen sz\u00ednben, Egyedi plexi t\u00e1bl\u00e1k a babav\u00e1r\u00e1s - sz\u00fclet\u00e9s eml\u00e9k\u00e9re n\u0151gy\u00f3gy\u00e1sznak, sz\u00fcl\u00e9szn\u0151nek vagy d\u00fal\u00e1nak.\\nAz \u00e1r ..., Meska","image_title":"Babav\u00e1r\u00e1s eml\u00e9k\u00e9re sz\u00fcl\u00e9szn\u0151nek, orvosnak plexi t\u00e1bla,t\u00f6bbf\u00e9le , b\u00e1rmilyen sz\u00ednben, Meska","view_count":"596","favourite_count":"0","trending_score":"0","last2MonthFavouriteCount":"0","promotion":"0","giftcard_accept":"0","creditcard_accept":false,"enhanced_background":"0","domain":"meska","specific_customer_id":null,"specific_customer_name":null,"to_order_product":"1","to_order_product_time":"10","product_different":null,"product_different_description":"","vintage":"0","vintage_category_id":"0","recycled":"0","gemstone_id":"0","customizable":"1","type_category":"physical","zerowaste":"0","postage_price":"2390.00","shop_order":"0","has_category":"1","landing_pages":null,"microdata":{"number":96,"category":""},"title":"Babav\u00e1r\u00e1s eml\u00e9k\u00e9re sz\u00fcl\u00e9szn\u0151nek, orvosnak plexi t\u00e1bla,t\u00f6bbf\u00e9le , b\u00e1rmilyen sz\u00ednben","description":"Egyedi plexi t\u00e1bl\u00e1k a babav\u00e1r\u00e1s - sz\u00fclet\u00e9s eml\u00e9k\u00e9re n\u0151gy\u00f3gy\u00e1sznak, sz\u00fcl\u00e9szn\u0151nek vagy d\u00fal\u00e1nak.\nAz \u00e1r tartalmazza a tervez\u00e9s \u00e9s a term\u00e9k d\u00edj\u00e1t is.\n\nK\u00fcl\u00f6n szerkeszt\u00e9si dij nincs!\n\n- 30X 20 cm .\n- 3mm vastag.\n\nFelirat k\u00e9rhet\u0151 arany, ez\u00fcst, feh\u00e9r vagy fekete sz\u00ednben \u00e9s k\u00fcl\u00f6nb\u00f6z\u0151 h\u00e1tt\u00e9rsz\u00ednekkel,melyeket a leg\u00f6rd\u00fcl\u0151 men\u00fcben tudsz kiv\u00e1lasztani.\n(T\u00f6bb darab is v\u00e1s\u00e1rolhat\u00f3)\n\nK\u00e9rhet\u0151 id\u00e9zettel vagy csak \u00fcdv\u00f6zl\u0151 sz\u00f6veggel, egyedileg kital\u00e1lt sz\u00f6veggel.\n\nEgyedi sz\u00f6veget k\u00e9rlek \u00fczenetben \u00edrd meg nekem.\n\nElk\u00e9sz\u00edt\u00e9si id\u0151:max 10 nap.","score":103.078705,"formatted_price":"3 990 Ft","image_url":"https:\/\/www.meska.hu\/img\/product\/small\/a\/b\/abbeydesign_product_234951_240830210614_035335.jpeg","formatted_url":"https:\/\/www.meska.hu\/p5358745-babavaras-emlekere-szulesznonek-orvosnak-plexi-tablatobbfele-barmilyen-szinben","favourite":false,"in_stock":false,"avatar":"234951_avatar_1746007531.png","delete_from":0,"is_enhanced_background":false,"is_enhanced":false,"product_selection_started":false,"is_active":true,"image_webp_url":"https:\/\/www.meska.hu\/img\/product\/small\/a\/b\/abbeydesign_product_234951_240830210614_035335.webp"}],"canonicals":{"canonical":"https:\/\/www.meska.hu\/s\/Mind\/q-aj\u00e1nd\u00e9k","next":"https:\/\/www.meska.hu\/s\/Mind\/p-2:q-aj\u00e1nd\u00e9k"},"seo":{"title":"K\u00e9zm\u0171ves term\u00e9kek - Meska.hu","seoTitle":"","seoDescription":"","metaDescription":"Magyar k\u00e9zm\u0171ves design term\u00e9kek hazai alkot\u00f3kt\u00f3l nagy v\u00e1laszt\u00e9kban, egyedi megrendel\u00e9sre is. \u2714\ufe0f N\u00e9zd meg az \u00f6sszes term\u00e9k\u00fcnk, \u00e9s rendelj k\u00edn\u00e1latunkb\u00f3l!","metaNoIndex":false,"metaNoFollow":false,"seoFound":false,"canonicals":"https:\/\/www.meska.hu\/s\/Mind\/relevancia:q-aj\u00e1nd\u00e9k"},"breadcrumb":[{"position":1,"name":"Meska.hu","url":"https:\/\/www.meska.hu","last":true}],"h1":null,"url":{"url":"https:\/\/www.meska.hu\/s\/Mind\/relevancia:q-aj\u00e1nd\u00e9k","title":"Mind","_debug_":false},"_count_":100}