{"_terms_":{"phrase":"*","category_id":"1846","category_ids":"1846","facets":"n","p":"1","pp":"100","sort_by":"create_date","sort_direction":"desc","product_type":"kezmuves|alapanyag|vintage","session_id":"ivte77je9io776gig72pgqace8"},"total":46,"products":[{"id":"5899526","shop_id":"47945","user_id":"702579","shop_name":"Darimi","shop_zip":"2030","product_code":"5610446","product_name_old":null,"product_name":"Egyedi bet\u0171, monogram, kezd\u0151bet\u0171 dekor\u00e1ci\u00f3 - szem\u00e9lyre szabhat\u00f3 bet\u0171d\u00edsz esk\u00fcv\u0151re, aj\u00e1nd\u00e9kba","category_string":"Esk\u00fcv\u0151, Dekor\u00e1ci\u00f3, Esk\u00fcv\u0151i feliratok","technic_string":"Mindenm\u00e1s","category_1":"317","category_2":"907","category_3":"1846","category_4":"0","merged_category_1":null,"merged_category_2":null,"merged_category_3":null,"technic_1":"493","technic_2":"0","technic_3":"0","color_1":"519","color_2":"520","color_3":"521","product_description_old":null,"product_description":"Szem\u00e9lyre szabhat\u00f3 dekorat\u00edv bet\u0171, monogram vagy kezd\u0151bet\u0171, amely egyedi d\u00edsze lehet esk\u00fcv\u0151nek, lak\u00e1snak, gyerekszob\u00e1nak vagy b\u00e1rmilyen \u00fcnnepi alkalomnak. Ak\u00e1r egyetlen nagybet\u0171t, ak\u00e1r monogramot, ak\u00e1r \u00f6sszekapcsolt kezd\u0151bet\u0171ket rendelsz, minden darabot a te elk\u00e9pzel\u00e9seid szerint k\u00e9sz\u00edt\u00fcnk el.\n\nMERETEK\n\nA bet\u0171dekor\u00e1ci\u00f3 n\u00e9gyf\u00e9le m\u00e9retben \u00e9rhet\u0151 el:\n- 20 cm - polcra, asztalra val\u00f3 d\u00edsznek ide\u00e1lis\n- 25 cm - kisebb falfel\u00fcletre, ajt\u00f3ra\n- 30 cm - falra f\u00fcggesztve is l\u00e1tv\u00e1nyos\n- 35 cm - esk\u00fcv\u0151i fot\u00f3faln\u00e1l vagy a helysz\u00edn bej\u00e1rat\u00e1n\u00e1l is j\u00f3l \u00e9rv\u00e9nyes\u00fcl, messzir\u0151l is olvashat\u00f3 \u00e9s dekorat\u00edv\n\nVASTAGS\u00c1G\n\nA vastags\u00e1got 3 mm \u00e9s 13 mm k\u00f6z\u00f6tt szabadon v\u00e1laszthatod. A v\u00e9konyabb verzi\u00f3 k\u00f6nnyebb \u00e9s finomabb, falra ragasztva eleg\u00e1ns megjelen\u00e9st ad. A vastagabb v\u00e1ltozatok (8 mm-t\u0151l 13 mm-ig) \u00f6n\u00e1ll\u00f3an is meg\u00e1llnak, \u00edgy polcon, kandall\u00f3p\u00e1rk\u00e1nyon, \u00e9jjeliszekr\u00e9nyen is elhelyezhet\u0151k megt\u00e1maszt\u00e1s n\u00e9lk\u00fcl.\n\nA vastags\u00e1g \u00e9s a m\u00e9ret kombin\u00e1l\u00e1s\u00e1val a bet\u0171 karaktere jelent\u0151sen v\u00e1ltoztathat\u00f3: egy v\u00e9kony, nagy bet\u0171 l\u00e9gies \u00e9s modern, egy vastag, kisebb bet\u0171 pedig s\u00falyos \u00e9s mark\u00e1ns hat\u00e1st kelt.\n\nSZINEK\n\n\u00d6t alapsz\u00ednb\u0151l v\u00e1logathatsz:\n- Fekete\n- Feh\u00e9r\n- Sz\u00fcrke\n- Ez\u00fcstsz\u00fcrke\n- \u00c9jk\u00e9k\n\nA sz\u00ednv\u00e1laszt\u00e9k a legt\u00f6bb lak\u00e1sbels\u0151 st\u00edlushoz \u00e9s esk\u00fcv\u0151i dekor\u00e1ci\u00f3hoz illeszkedik. A fekete \u00e9s \u00e9jk\u00e9k modern enteri\u0151rbe illik, a feh\u00e9r skandin\u00e1v \u00e9s minimalista st\u00edlushoz passzol, az ez\u00fcstsz\u00fcrke visszafogott eleganci\u00e1t sug\u00e1roz.\n\nANYAG\n\nAz anyag tart\u00f3s, k\u00f6nny\u0171 PLA, belt\u00e9ri haszn\u00e1latra t\u00f6k\u00e9letesen alkalmas. Falra ragaszt\u00f3val vagy k\u00e9toldal\u00fa ragaszt\u00f3szalaggal r\u00f6gz\u00edtheted, polcra egyszer\u0171en r\u00e1\u00e1ll\u00edthatod. S\u00falya m\u00e9g a legnagyobb m\u00e9retben is csek\u00e9ly.\n\nHOGYAN RENDELHETSZ?\n\nRendel\u00e9skor add meg a k\u00edv\u00e1nt bet\u0171t vagy bet\u0171kombin\u00e1ci\u00f3t, a v\u00e1lasztott bet\u0171t\u00edpust, m\u00e9retet, vastags\u00e1got \u00e9s sz\u00ednt. T\u00f6bb bet\u0171t\u00edpus k\u00f6z\u00fcl v\u00e1logathatsz, \u00e9s ha szeretn\u00e9d, el\u0151n\u00e9zeti k\u00e9pet is k\u00fcld\u00fcnk, miel\u0151tt nekil\u00e1tunk a gy\u00e1rt\u00e1snak. Ha monogramot rendelsz, a bet\u0171k elrendez\u00e9s\u00e9t \u00e9s \u00f6sszekapcsol\u00e1s\u00e1nak m\u00f3dj\u00e1t is megbesz\u00e9lj\u00fck.\n\nMIRE JO?\n\n- Esk\u00fcv\u0151i dekor\u00e1ci\u00f3: a p\u00e1r kezd\u0151bet\u0171i az asztalon, a welcome-sarokban vagy a tortaasztaln\u00e1l. T\u00f6bb bet\u0171 egym\u00e1s mell\u00e9 rendezve a teljes csal\u00e1dnevet is ki\u00edrhatod.\n- Gyerekszoba: a gyerek nev\u00e9nek kezd\u0151bet\u0171je az ajt\u00f3n vagy a fal felett, ak\u00e1r t\u00f6bb bet\u0171 egym\u00e1s mell\u00e9 sorolva a teljes nevet ki\u00edrva. Babaszob\u00e1ba a baba nev\u00e9vel k\u00fcl\u00f6n\u00f6sen kedves dekor\u00e1ci\u00f3.\n- Aj\u00e1nd\u00e9k: n\u00e9vnapra, sz\u00fclet\u00e9snapra, kar\u00e1csonyra szem\u00e9lyes \u00e9s maradand\u00f3 meglepet\u00e9s. A megaj\u00e1nd\u00e9kozott monogramj\u00e1val k\u00e9sz\u00fclve garant\u00e1ltan egyedi.\n- Lak\u00e1sdekor\u00e1ci\u00f3: a nappaliban, h\u00e1l\u00f3szob\u00e1ban, el\u0151szob\u00e1ban modern \u00e9s letisztult d\u00edszelem, amely szem\u00e9lyes karaktert ad a szob\u00e1nak.\n- Fot\u00f3z\u00e1s: kismama-fot\u00f3z\u00e1shoz, baba-fot\u00f3z\u00e1shoz vagy csal\u00e1di fot\u00f3khoz karakteres kell\u00e9k, amelyet ut\u00e1na dekor\u00e1ci\u00f3k\u00e9nt is megtarthatod.\n\nKAPCSOLODO TERMEKEK\n\nHa esk\u00fcv\u0151re k\u00e9sz\u00fclsz, \u00e9rdemes megn\u00e9zned a boltunkban el\u00e9rhet\u0151 esk\u00fcv\u0151i n\u00e9vt\u00e1bl\u00e1t \u00e9s az egyedi esk\u00fcv\u0151i falid\u00edszt is, amelyek azonos st\u00edlusban \u00e9s sz\u00ednben rendelhet\u0151k. Az esk\u00fcv\u0151i tortad\u00edsszel \u00e9s tortabesz\u00far\u00f3val egy\u00fctt teljes, \u00f6sszehangolt esk\u00fcv\u0151i dekor\u00e1ci\u00f3 \u00e1ll\u00edthat\u00f3 \u00f6ssze, amelyben minden elem egys\u00e9ges bet\u0171t\u00edpussal \u00e9s sz\u00ednvil\u00e1ggal k\u00e9sz\u00fcl.\n\nAj\u00e1nd\u00e9kba sz\u00e1nod? A Valentin-napi Scrabble aj\u00e1nd\u00e9kkal egy\u00fctt igaz\u00e1n szem\u00e9lyes meglepet\u00e9st adhatsz. A babaszoba dekor\u00e1ci\u00f3 k\u00edn\u00e1latunkb\u00f3l is \u00e9rdemes v\u00e1logatni, ha gyerekszob\u00e1ba keresed.\n\nELKESZITESI IDO\n\nMivel minden darabot egyedileg k\u00e9sz\u00edt\u00fcnk rendel\u00e9sre, az elk\u00e9sz\u00edt\u00e9si id\u0151 \u00e1ltal\u00e1ban 3-5 munkanap. K\u00e9rj\u00fck, \u00fcnnepi alkalmak el\u0151tt legal\u00e1bb k\u00e9t h\u00e9ttel rendelj, hogy biztosan id\u0151ben meg\u00e9rkezzen.\n\nMinden term\u00e9k\u00fcnket egyedileg, rendel\u00e9sre k\u00e9sz\u00edtj\u00fck. K\u00e9rd\u00e9sed van? \u00cdrj b\u00e1tran, gyorsan v\u00e1laszolunk. N\u00e9zd meg a t\u00f6bbi term\u00e9k\u00fcnket is, h\u00e1tha tal\u00e1lsz m\u00e9g valamit, ami tetszik.","price":"1790.00","unit":"db","recommended":"0","status":"1","sponsored":"0","exp_notify":"0","own_material":"0","own_material_description_old":null,"own_material_description":"","jury":"0","jury_number":"","product_nature":"","meskaracsony":"0","create_date":"2026-02-26 10:34:45","shelve_id":"0","image":"darimi_product_702579_250821212213_442988.jpeg","image_width":"480","image_height":"480","image_alt":"Egyedi bet\u0171, monogram, kezd\u0151bet\u0171 dekor\u00e1ci\u00f3 - szem\u00e9lyre szabhat\u00f3 bet\u0171d\u00edsz esk\u00fcv\u0151re, aj\u00e1nd\u00e9kba, Szem\u00e9lyre szabhat\u00f3 dekorat\u00edv bet\u0171, monogram vagy kezd\u0151bet\u0171, amely egyedi d\u00edsze lehet esk\u00fcv\u0151nek, lak\u00e1..., Meska","image_title":"Egyedi bet\u0171, monogram, kezd\u0151bet\u0171 dekor\u00e1ci\u00f3 - szem\u00e9lyre szabhat\u00f3 bet\u0171d\u00edsz esk\u00fcv\u0151re, aj\u00e1nd\u00e9kba, Meska","view_count":"2980","favourite_count":"0","trending_score":"0","last2MonthFavouriteCount":"0","promotion":"0","giftcard_accept":"0","creditcard_accept":true,"enhanced_background":"0","domain":"meska","specific_customer_id":null,"specific_customer_name":null,"to_order_product":"1","to_order_product_time":"2","product_different":null,"product_different_description":"","vintage":"0","vintage_category_id":"0","recycled":"0","gemstone_id":"0","customizable":"1","type_category":"physical","zerowaste":"0","postage_price":"1290.00","shop_order":"0","has_category":"1","landing_pages":null,"microdata":{"number":1,"category":""},"title":"Egyedi bet\u0171, monogram, kezd\u0151bet\u0171 dekor\u00e1ci\u00f3 - szem\u00e9lyre szabhat\u00f3 bet\u0171d\u00edsz esk\u00fcv\u0151re, aj\u00e1nd\u00e9kba","description":"Szem\u00e9lyre szabhat\u00f3 dekorat\u00edv bet\u0171, monogram vagy kezd\u0151bet\u0171, amely egyedi d\u00edsze lehet esk\u00fcv\u0151nek, lak\u00e1snak, gyerekszob\u00e1nak vagy b\u00e1rmilyen \u00fcnnepi alkalomnak. Ak\u00e1r egyetlen nagybet\u0171t, ak\u00e1r monogramot, ak\u00e1r \u00f6sszekapcsolt kezd\u0151bet\u0171ket rendelsz, minden darabot a te elk\u00e9pzel\u00e9seid szerint k\u00e9sz\u00edt\u00fcnk el.\n\nMERETEK\n\nA bet\u0171dekor\u00e1ci\u00f3 n\u00e9gyf\u00e9le m\u00e9retben \u00e9rhet\u0151 el:\n- 20 cm - polcra, asztalra val\u00f3 d\u00edsznek ide\u00e1lis\n- 25 cm - kisebb falfel\u00fcletre, ajt\u00f3ra\n- 30 cm - falra f\u00fcggesztve is l\u00e1tv\u00e1nyos\n- 35 cm - esk\u00fcv\u0151i fot\u00f3faln\u00e1l vagy a helysz\u00edn bej\u00e1rat\u00e1n\u00e1l is j\u00f3l \u00e9rv\u00e9nyes\u00fcl, messzir\u0151l is olvashat\u00f3 \u00e9s dekorat\u00edv\n\nVASTAGS\u00c1G\n\nA vastags\u00e1got 3 mm \u00e9s 13 mm k\u00f6z\u00f6tt szabadon v\u00e1laszthatod. A v\u00e9konyabb verzi\u00f3 k\u00f6nnyebb \u00e9s finomabb, falra ragasztva eleg\u00e1ns megjelen\u00e9st ad. A vastagabb v\u00e1ltozatok (8 mm-t\u0151l 13 mm-ig) \u00f6n\u00e1ll\u00f3an is meg\u00e1llnak, \u00edgy polcon, kandall\u00f3p\u00e1rk\u00e1nyon, \u00e9jjeliszekr\u00e9nyen is elhelyezhet\u0151k megt\u00e1maszt\u00e1s n\u00e9lk\u00fcl.\n\nA vastags\u00e1g \u00e9s a m\u00e9ret kombin\u00e1l\u00e1s\u00e1val a bet\u0171 karaktere jelent\u0151sen v\u00e1ltoztathat\u00f3: egy v\u00e9kony, nagy bet\u0171 l\u00e9gies \u00e9s modern, egy vastag, kisebb bet\u0171 pedig s\u00falyos \u00e9s mark\u00e1ns hat\u00e1st kelt.\n\nSZINEK\n\n\u00d6t alapsz\u00ednb\u0151l v\u00e1logathatsz:\n- Fekete\n- Feh\u00e9r\n- Sz\u00fcrke\n- Ez\u00fcstsz\u00fcrke\n- \u00c9jk\u00e9k\n\nA sz\u00ednv\u00e1laszt\u00e9k a legt\u00f6bb lak\u00e1sbels\u0151 st\u00edlushoz \u00e9s esk\u00fcv\u0151i dekor\u00e1ci\u00f3hoz illeszkedik. A fekete \u00e9s \u00e9jk\u00e9k modern enteri\u0151rbe illik, a feh\u00e9r skandin\u00e1v \u00e9s minimalista st\u00edlushoz passzol, az ez\u00fcstsz\u00fcrke visszafogott eleganci\u00e1t sug\u00e1roz.\n\nANYAG\n\nAz anyag tart\u00f3s, k\u00f6nny\u0171 PLA, belt\u00e9ri haszn\u00e1latra t\u00f6k\u00e9letesen alkalmas. Falra ragaszt\u00f3val vagy k\u00e9toldal\u00fa ragaszt\u00f3szalaggal r\u00f6gz\u00edtheted, polcra egyszer\u0171en r\u00e1\u00e1ll\u00edthatod. S\u00falya m\u00e9g a legnagyobb m\u00e9retben is csek\u00e9ly.\n\nHOGYAN RENDELHETSZ?\n\nRendel\u00e9skor add meg a k\u00edv\u00e1nt bet\u0171t vagy bet\u0171kombin\u00e1ci\u00f3t, a v\u00e1lasztott bet\u0171t\u00edpust, m\u00e9retet, vastags\u00e1got \u00e9s sz\u00ednt. T\u00f6bb bet\u0171t\u00edpus k\u00f6z\u00fcl v\u00e1logathatsz, \u00e9s ha szeretn\u00e9d, el\u0151n\u00e9zeti k\u00e9pet is k\u00fcld\u00fcnk, miel\u0151tt nekil\u00e1tunk a gy\u00e1rt\u00e1snak. Ha monogramot rendelsz, a bet\u0171k elrendez\u00e9s\u00e9t \u00e9s \u00f6sszekapcsol\u00e1s\u00e1nak m\u00f3dj\u00e1t is megbesz\u00e9lj\u00fck.\n\nMIRE JO?\n\n- Esk\u00fcv\u0151i dekor\u00e1ci\u00f3: a p\u00e1r kezd\u0151bet\u0171i az asztalon, a welcome-sarokban vagy a tortaasztaln\u00e1l. T\u00f6bb bet\u0171 egym\u00e1s mell\u00e9 rendezve a teljes csal\u00e1dnevet is ki\u00edrhatod.\n- Gyerekszoba: a gyerek nev\u00e9nek kezd\u0151bet\u0171je az ajt\u00f3n vagy a fal felett, ak\u00e1r t\u00f6bb bet\u0171 egym\u00e1s mell\u00e9 sorolva a teljes nevet ki\u00edrva. Babaszob\u00e1ba a baba nev\u00e9vel k\u00fcl\u00f6n\u00f6sen kedves dekor\u00e1ci\u00f3.\n- Aj\u00e1nd\u00e9k: n\u00e9vnapra, sz\u00fclet\u00e9snapra, kar\u00e1csonyra szem\u00e9lyes \u00e9s maradand\u00f3 meglepet\u00e9s. A megaj\u00e1nd\u00e9kozott monogramj\u00e1val k\u00e9sz\u00fclve garant\u00e1ltan egyedi.\n- Lak\u00e1sdekor\u00e1ci\u00f3: a nappaliban, h\u00e1l\u00f3szob\u00e1ban, el\u0151szob\u00e1ban modern \u00e9s letisztult d\u00edszelem, amely szem\u00e9lyes karaktert ad a szob\u00e1nak.\n- Fot\u00f3z\u00e1s: kismama-fot\u00f3z\u00e1shoz, baba-fot\u00f3z\u00e1shoz vagy csal\u00e1di fot\u00f3khoz karakteres kell\u00e9k, amelyet ut\u00e1na dekor\u00e1ci\u00f3k\u00e9nt is megtarthatod.\n\nKAPCSOLODO TERMEKEK\n\nHa esk\u00fcv\u0151re k\u00e9sz\u00fclsz, \u00e9rdemes megn\u00e9zned a boltunkban el\u00e9rhet\u0151 esk\u00fcv\u0151i n\u00e9vt\u00e1bl\u00e1t \u00e9s az egyedi esk\u00fcv\u0151i falid\u00edszt is, amelyek azonos st\u00edlusban \u00e9s sz\u00ednben rendelhet\u0151k. Az esk\u00fcv\u0151i tortad\u00edsszel \u00e9s tortabesz\u00far\u00f3val egy\u00fctt teljes, \u00f6sszehangolt esk\u00fcv\u0151i dekor\u00e1ci\u00f3 \u00e1ll\u00edthat\u00f3 \u00f6ssze, amelyben minden elem egys\u00e9ges bet\u0171t\u00edpussal \u00e9s sz\u00ednvil\u00e1ggal k\u00e9sz\u00fcl.\n\nAj\u00e1nd\u00e9kba sz\u00e1nod? A Valentin-napi Scrabble aj\u00e1nd\u00e9kkal egy\u00fctt igaz\u00e1n szem\u00e9lyes meglepet\u00e9st adhatsz. A babaszoba dekor\u00e1ci\u00f3 k\u00edn\u00e1latunkb\u00f3l is \u00e9rdemes v\u00e1logatni, ha gyerekszob\u00e1ba keresed.\n\nELKESZITESI IDO\n\nMivel minden darabot egyedileg k\u00e9sz\u00edt\u00fcnk rendel\u00e9sre, az elk\u00e9sz\u00edt\u00e9si id\u0151 \u00e1ltal\u00e1ban 3-5 munkanap. K\u00e9rj\u00fck, \u00fcnnepi alkalmak el\u0151tt legal\u00e1bb k\u00e9t h\u00e9ttel rendelj, hogy biztosan id\u0151ben meg\u00e9rkezzen.\n\nMinden term\u00e9k\u00fcnket egyedileg, rendel\u00e9sre k\u00e9sz\u00edtj\u00fck. K\u00e9rd\u00e9sed van? \u00cdrj b\u00e1tran, gyorsan v\u00e1laszolunk. N\u00e9zd meg a t\u00f6bbi term\u00e9k\u00fcnket is, h\u00e1tha tal\u00e1lsz m\u00e9g valamit, ami tetszik.","score":0,"formatted_price":"1 790 Ft","image_url":"https:\/\/www.meska.hu\/img\/product\/small\/d\/a\/darimi_product_702579_250821212213_442988.jpeg","formatted_url":"https:\/\/www.meska.hu\/p5610446-betu-monogram-kezdobetu-lakodalom-eskuvo-unnep","favourite":false,"in_stock":false,"avatar":"702579_avatar_1739694015.jpeg","delete_from":0,"is_enhanced_background":false,"is_enhanced":true,"enhanced_ribbon":"<img src=\"\/images\/brightness_brighter_20x20.png\" style=\"position: absolute; right: 13px; top: 7px;\">","enhanced_key":0,"is_key_2":false,"is_key_3":false,"is_key_4":false,"product_selection_started":false,"is_active":true,"image_webp_url":"https:\/\/www.meska.hu\/img\/product\/small\/d\/a\/darimi_product_702579_250821212213_442988.webp"},{"id":"3453716","shop_id":"20979","user_id":"214356","shop_name":"KKlezer","shop_zip":"8900","product_code":"4629117","product_name_old":null,"product_name":"Bet\u0171, Monogram ,Kezd\u0151bet\u0171, Lakodalom, Esk\u00fcv\u0151, \u00dcnnepi alkalmak.","category_string":"Esk\u00fcv\u0151, Dekor\u00e1ci\u00f3, Esk\u00fcv\u0151i feliratok","technic_string":"Famegmunk\u00e1l\u00e1s, Grav\u00edroz\u00e1s, pirogr\u00e1fia","category_1":"317","category_2":"907","category_3":"1846","category_4":"0","merged_category_1":"0","merged_category_2":"0","merged_category_3":"0","technic_1":"478","technic_2":"796","technic_3":"0","color_1":"515","color_2":"519","color_3":"525","product_description_old":null,"product_description":"Esk\u00fcv\u0151re, lakodalomba, vagy b\u00e1rmilyen \u00fcnnepi alkalmakra.\nA k\u00e9pen l\u00e1that\u00f3 monogram m\u00e9rete 35-40 cm magas. Az \u00e1r erre a m\u00e9retre \u00e9s egy darab karakterre vonatkozik.\nTegy\u00e9tek l\u00e1tv\u00e1nyoss\u00e1 a lakodalom h\u00e1tt\u00e9rfal\u00e1t. M\u00e1s bet\u0171t\u00edpussal is rendelhet\u0151.\nNagyobb illetve kisebb m\u00e9retben is el tudjuk k\u00e9sz\u00edteni.\nAnyaga 4mm vastag ny\u00e1r r\u00e9tegelt lemez. \nA term\u00e9ket l\u00e9zerv\u00e1g\u00e1ssal k\u00e9sz\u00edtj\u00fck.\n A kiv\u00e1gott bet\u0171t csiszoljuk, hogy sz\u00e9p sima legyen.\nHa valamilyen sz\u00ednben szeretn\u00e9tek azt is el tudjuk k\u00e9sz\u00edteni, jobb oldali men\u00fcben ki tudj\u00e1tok v\u00e1lasztani.\nHa m\u00e1s sz\u00ednt szeretn\u00e9tek , akkor \u00edrj\u00e1tok meg nek\u00fcnk rendel\u00e9s el\u0151tt.\nA k\u00e9pen l\u00e1that\u00f3 karik\u00e1t is el tudjuk k\u00e9sz\u00edteni , amiben a bet\u0171 van. \nA karik\u00e1k 6 mm vastag anyagb\u00f3l vannak , hogy ne legyenek t\u00f6r\u00e9kenyek illetve\nt\u00e9rben jobban mutassanak. 60-65 cm nagys\u00e1g\u00faak.\nA karik\u00e1kat a leg\u00f6rd\u00fcl\u0151 men\u00fcben tudj\u00e1tok kiv\u00e1lasztani.\nHa karik\u00e1kat \u00e9s bet\u0171ket is szeretn\u00e9tek akkor csak DPD fut\u00e1rral tudjuk k\u00fcldeni\nmert a foxpost automat\u00e1ba nem f\u00e9r be a csomag. Rendel\u00e9skor a DPD t v\u00e1lassz\u00e1tok. \nA karik\u00e1n l\u00e9v\u0151 vir\u00e1g nem tartoz\u00e9k.\n\nN\u00e9zd meg a t\u00f6bbi term\u00e9k\u00fcnket is , tal\u00e1lsz m\u00e1s fajta k\u00f6sz\u00f6netaj\u00e1nd\u00e9kokat illetve esk\u00fcv\u0151i ,lakodalmi dekor\u00e1ci\u00f3kat kieg\u00e9sz\u00edt\u0151ket nagy v\u00e1laszt\u00e9kban.\n\n  ","price":"4890.00","unit":"db","recommended":"0","status":"1","sponsored":"0","exp_notify":"0","own_material":"0","own_material_description_old":null,"own_material_description":"","jury":"0","jury_number":"","product_nature":"","meskaracsony":"0","create_date":"2026-04-30 14:52:11","shelve_id":"71575","image":"kezmuveskucko_product_214356_221125083847_278227.jpeg","image_width":"480","image_height":"320","image_alt":"Bet\u0171, Monogram ,Kezd\u0151bet\u0171, Lakodalom, Esk\u00fcv\u0151, \u00dcnnepi alkalmak., Esk\u00fcv\u0151re, lakodalomba, vagy b\u00e1rmilyen \u00fcnnepi alkalmakra.\\nA k\u00e9pen l\u00e1that\u00f3 monogram m\u00e9rete 35-40 cm ma..., Meska","image_title":"Bet\u0171, Monogram ,Kezd\u0151bet\u0171, Lakodalom, Esk\u00fcv\u0151, \u00dcnnepi alkalmak., Meska","view_count":"31171","favourite_count":"2","trending_score":"0","last2MonthFavouriteCount":"3","promotion":"0","giftcard_accept":"1","creditcard_accept":false,"enhanced_background":"0","domain":"meska","specific_customer_id":null,"specific_customer_name":null,"to_order_product":"1","to_order_product_time":"5","product_different":null,"product_different_description":"","vintage":"0","vintage_category_id":"0","recycled":"0","gemstone_id":"0","customizable":"0","type_category":"physical","zerowaste":"0","postage_price":"2390.00","shop_order":"0","has_category":"1","landing_pages":null,"microdata":{"number":1,"category":""},"title":"Bet\u0171, Monogram ,Kezd\u0151bet\u0171, Lakodalom, Esk\u00fcv\u0151, \u00dcnnepi alkalmak.","description":"Esk\u00fcv\u0151re, lakodalomba, vagy b\u00e1rmilyen \u00fcnnepi alkalmakra.\nA k\u00e9pen l\u00e1that\u00f3 monogram m\u00e9rete 35-40 cm magas. Az \u00e1r erre a m\u00e9retre \u00e9s egy darab karakterre vonatkozik.\nTegy\u00e9tek l\u00e1tv\u00e1nyoss\u00e1 a lakodalom h\u00e1tt\u00e9rfal\u00e1t. M\u00e1s bet\u0171t\u00edpussal is rendelhet\u0151.\nNagyobb illetve kisebb m\u00e9retben is el tudjuk k\u00e9sz\u00edteni.\nAnyaga 4mm vastag ny\u00e1r r\u00e9tegelt lemez. \nA term\u00e9ket l\u00e9zerv\u00e1g\u00e1ssal k\u00e9sz\u00edtj\u00fck.\n A kiv\u00e1gott bet\u0171t csiszoljuk, hogy sz\u00e9p sima legyen.\nHa valamilyen sz\u00ednben szeretn\u00e9tek azt is el tudjuk k\u00e9sz\u00edteni, jobb oldali men\u00fcben ki tudj\u00e1tok v\u00e1lasztani.\nHa m\u00e1s sz\u00ednt szeretn\u00e9tek , akkor \u00edrj\u00e1tok meg nek\u00fcnk rendel\u00e9s el\u0151tt.\nA k\u00e9pen l\u00e1that\u00f3 karik\u00e1t is el tudjuk k\u00e9sz\u00edteni , amiben a bet\u0171 van. \nA karik\u00e1k 6 mm vastag anyagb\u00f3l vannak , hogy ne legyenek t\u00f6r\u00e9kenyek illetve\nt\u00e9rben jobban mutassanak. 60-65 cm nagys\u00e1g\u00faak.\nA karik\u00e1kat a leg\u00f6rd\u00fcl\u0151 men\u00fcben tudj\u00e1tok kiv\u00e1lasztani.\nHa karik\u00e1kat \u00e9s bet\u0171ket is szeretn\u00e9tek akkor csak DPD fut\u00e1rral tudjuk k\u00fcldeni\nmert a foxpost automat\u00e1ba nem f\u00e9r be a csomag. Rendel\u00e9skor a DPD t v\u00e1lassz\u00e1tok. \nA karik\u00e1n l\u00e9v\u0151 vir\u00e1g nem tartoz\u00e9k.\n\nN\u00e9zd meg a t\u00f6bbi term\u00e9k\u00fcnket is , tal\u00e1lsz m\u00e1s fajta k\u00f6sz\u00f6netaj\u00e1nd\u00e9kokat illetve esk\u00fcv\u0151i ,lakodalmi dekor\u00e1ci\u00f3kat kieg\u00e9sz\u00edt\u0151ket nagy v\u00e1laszt\u00e9kban.\n\n  ","score":0,"formatted_price":"4 890 Ft","image_url":"https:\/\/www.meska.hu\/img\/product\/small\/k\/e\/kezmuveskucko_product_214356_221125083847_278227.jpeg","formatted_url":"https:\/\/www.meska.hu\/p4629117-betu-monogram-kezdobetu-lakodalom-eskuvo-unnepi-alkalmak","favourite":false,"in_stock":false,"avatar":"Kezmuveskucko_avatar_214356_1670575015.jpeg","delete_from":0,"is_enhanced_background":false,"is_enhanced":false,"product_selection_started":false,"is_active":true,"image_webp_url":"https:\/\/www.meska.hu\/img\/product\/small\/k\/e\/kezmuveskucko_product_214356_221125083847_278227.webp"},{"id":"5870170","shop_id":"45386","user_id":"655400","shop_name":"KreaShop","shop_zip":"9351","product_code":"5593710","product_name_old":null,"product_name":"Esk\u00fcv\u0151i h\u00e1tfal dekor\u00e1ci\u00f3 - egyedi nevekkel - k\u00f6r alak\u00fa","category_string":"Esk\u00fcv\u0151, Dekor\u00e1ci\u00f3, Esk\u00fcv\u0151i feliratok","technic_string":"Famegmunk\u00e1l\u00e1s","category_1":"317","category_2":"907","category_3":"1846","category_4":"0","merged_category_1":null,"merged_category_2":null,"merged_category_3":null,"technic_1":"478","technic_2":"0","technic_3":"0","color_1":"514","color_2":"0","color_3":"0","product_description_old":null,"product_description":"Szem\u00e9lyre szabott esk\u00fcv\u0151i h\u00e1tfal dekor\u00e1ci\u00f3, 55 x 55 cm-es k\u00f6rben, egyedi nevekkel kiv\u00e1gva. Massz\u00edv, 6 mm vastag MDF sonoma anyagb\u00f3l. Barna sz\u00edn\u0171 selyemszalaggal a k\u00f6nny\u0171 felhelyez\u00e9shez.\n\nEgyedi n\u00e9vvel esk\u00fcv\u0151i h\u00e1tfal karika \u2013 k\u00fcl\u00f6nleges d\u00edsz, \u00f6r\u00f6k eml\u00e9k\nSzeretn\u00e9d, hogy az esk\u00fcv\u0151d\u00f6n minden r\u00e9szlet r\u00f3lad \u00e9s a p\u00e1rodr\u00f3l sz\u00f3ljon? A szem\u00e9lyre szabott esk\u00fcv\u0151i h\u00e1tfal dekor\u00e1ci\u00f3 t\u00f6k\u00e9letes v\u00e1laszt\u00e1s, ha egy igaz\u00e1n k\u00fcl\u00f6nleges \u00e9s st\u00edlusos elemmel dobn\u00e1d fel a nagy nap dekor\u00e1ci\u00f3j\u00e1t. Ez a 55 x 55 cm-es k\u00f6r alak\u00fa h\u00e1tfal karika nemcsak l\u00e1tv\u00e1nyos, hanem maradand\u00f3 eml\u00e9k is marad sz\u00e1motokra.\n\nPr\u00e9mium min\u0151s\u00e9g, eleg\u00e1ns kivitelez\u00e9s\nEz a massz\u00edv, 6 mm vastag MDF sonoma anyagb\u00f3l k\u00e9sz\u00fclt dekor\u00e1ci\u00f3 er\u0151s, tart\u00f3s, m\u00e9gis k\u00f6nnyed megjelen\u00e9st biztos\u00edt. A meleg barna \u00e1rnyalat term\u00e9szetes, letisztult hat\u00e1st kelt, amit a hozz\u00e1 tartoz\u00f3 selyemszalag\u00a0m\u00e9g eleg\u00e1nsabb\u00e1 tesz. A praktikus szalag seg\u00edti a k\u00f6nny\u0171 r\u00f6gz\u00edt\u00e9st ak\u00e1r h\u00e1tfalra, vir\u00e1gfalra vagy fa\u00e1gra.\n\nSzem\u00e9lyre szabhat\u00f3 \u2013 csak nektek k\u00e9sz\u00fcl\nA dekor\u00e1ci\u00f3 l\u00e9nyege az egyedi nevekkel kiv\u00e1gott design, ami igaz\u00e1n szem\u00e9lyess\u00e9 teszi. A grav\u00edrozott fel\u00fclet helyett itt kiv\u00e1gott n\u00e9v ker\u00fcl a karik\u00e1ba \u2013 \u00edgy lesz igaz\u00e1n l\u00e1tv\u00e1nyos, l\u00e9zerv\u00e1gott technol\u00f3gi\u00e1val k\u00e9sz\u00fclt, modern megold\u00e1s. A nevetek \u00f6r\u00f6kre ott lesz az esk\u00fcv\u0151i k\u00e9peken, vide\u00f3kon \u00e9s eml\u00e9kekben.\n\nT\u00f6k\u00e9letes aj\u00e1nd\u00e9k ifj\u00fa p\u00e1rnak\nKeresel egy igaz\u00e1n eml\u00e9kezetes meglepet\u00e9st? Ez a szem\u00e9lyre szabott h\u00e1tfal dekor ide\u00e1lis n\u00e1szaj\u00e1nd\u00e9k lehet bar\u00e1toknak, rokonoknak, vagy ak\u00e1r saj\u00e1t magadnak! K\u00fcl\u00f6n\u00f6sen hasznos, ha az ifj\u00fa p\u00e1r maga rendezi az esk\u00fcv\u0151j\u00e9t, vagy kisebb k\u00f6lts\u00e9gvet\u00e9sb\u0151l, de m\u00e9gis ig\u00e9nyesen szeretn\u00e9k dekor\u00e1lni a helysz\u00ednt.\n\nOnline v\u00e1s\u00e1rl\u00e1s egyszer\u0171en \u00e9s gyorsan\nA dekor\u00e1ci\u00f3 online v\u00e1s\u00e1rl\u00e1ssal k\u00e9nyelmesen megrendelhet\u0151 \u2013 \u00edgy nincs sz\u00fcks\u00e9g \u00fczleteket j\u00e1rni. A web\u00e1ruh\u00e1zban p\u00e1r kattint\u00e1ssal kiv\u00e1laszthatod a neveket, \u00e9s mi gondoskodunk r\u00f3la, hogy t\u00f6k\u00e9letes min\u0151s\u00e9gben \u00e9rkezzen meg hozz\u00e1d.\n\nMilyen alkalmakra aj\u00e1nljuk?\nEsk\u00fcv\u0151i dekor\u00e1ci\u00f3 h\u00e1tfalra, fot\u00f3falra\nJegyesfot\u00f3z\u00e1s vagy kreat\u00edv fot\u00f3z\u00e1s kieg\u00e9sz\u00edt\u0151jek\u00e9nt\nEljegyz\u00e9si buli, l\u00e1nyb\u00facs\u00fa meglepet\u00e9s\nN\u00e1szaj\u00e1nd\u00e9k szem\u00e9lyes n\u00e9vvel\nEml\u00e9kt\u00e1rgyk\u00e9nt otthon a falra akasztva\n\nEz a k\u00f6r alak\u00fa, egyedi n\u00e9vvel k\u00e9sz\u00fclt esk\u00fcv\u0151i karika egy olyan r\u00e9szlet, amely val\u00f3ban \u00f6r\u00f6kre megmarad \u2013 st\u00edlusos, szem\u00e9lyes \u00e9s \u00f6r\u00f6k eml\u00e9k a legszebb napotokr\u00f3l.","price":"5490.00","unit":"db","recommended":"0","status":"1","sponsored":"0","exp_notify":"0","own_material":"0","own_material_description_old":null,"own_material_description":"","jury":"0","jury_number":"","product_nature":"","meskaracsony":"0","create_date":"2026-04-27 21:47:21","shelve_id":"76854","image":"kreashop_product_655400_250725162252_828324.jpeg","image_width":"480","image_height":"480","image_alt":"Esk\u00fcv\u0151i h\u00e1tfal dekor\u00e1ci\u00f3 - egyedi nevekkel - k\u00f6r alak\u00fa, Szem\u00e9lyre szabott esk\u00fcv\u0151i h\u00e1tfal dekor\u00e1ci\u00f3, 55 x 55 cm-es k\u00f6rben, egyedi nevekkel kiv\u00e1gva. Massz\u00edv, ..., Meska","image_title":"Esk\u00fcv\u0151i h\u00e1tfal dekor\u00e1ci\u00f3 - egyedi nevekkel - k\u00f6r alak\u00fa, Meska","view_count":"831","favourite_count":"2","trending_score":"0","last2MonthFavouriteCount":"3","promotion":"0","giftcard_accept":"0","creditcard_accept":true,"enhanced_background":"0","domain":"meska","specific_customer_id":null,"specific_customer_name":null,"to_order_product":"1","to_order_product_time":"10","product_different":null,"product_different_description":"","vintage":"0","vintage_category_id":"0","recycled":"0","gemstone_id":"0","customizable":"1","type_category":"physical","zerowaste":"0","postage_price":"1990.00","shop_order":"0","has_category":"1","landing_pages":null,"microdata":{"number":2,"category":""},"title":"Esk\u00fcv\u0151i h\u00e1tfal dekor\u00e1ci\u00f3 - egyedi nevekkel - k\u00f6r alak\u00fa","description":"Szem\u00e9lyre szabott esk\u00fcv\u0151i h\u00e1tfal dekor\u00e1ci\u00f3, 55 x 55 cm-es k\u00f6rben, egyedi nevekkel kiv\u00e1gva. Massz\u00edv, 6 mm vastag MDF sonoma anyagb\u00f3l. Barna sz\u00edn\u0171 selyemszalaggal a k\u00f6nny\u0171 felhelyez\u00e9shez.\n\nEgyedi n\u00e9vvel esk\u00fcv\u0151i h\u00e1tfal karika \u2013 k\u00fcl\u00f6nleges d\u00edsz, \u00f6r\u00f6k eml\u00e9k\nSzeretn\u00e9d, hogy az esk\u00fcv\u0151d\u00f6n minden r\u00e9szlet r\u00f3lad \u00e9s a p\u00e1rodr\u00f3l sz\u00f3ljon? A szem\u00e9lyre szabott esk\u00fcv\u0151i h\u00e1tfal dekor\u00e1ci\u00f3 t\u00f6k\u00e9letes v\u00e1laszt\u00e1s, ha egy igaz\u00e1n k\u00fcl\u00f6nleges \u00e9s st\u00edlusos elemmel dobn\u00e1d fel a nagy nap dekor\u00e1ci\u00f3j\u00e1t. Ez a 55 x 55 cm-es k\u00f6r alak\u00fa h\u00e1tfal karika nemcsak l\u00e1tv\u00e1nyos, hanem maradand\u00f3 eml\u00e9k is marad sz\u00e1motokra.\n\nPr\u00e9mium min\u0151s\u00e9g, eleg\u00e1ns kivitelez\u00e9s\nEz a massz\u00edv, 6 mm vastag MDF sonoma anyagb\u00f3l k\u00e9sz\u00fclt dekor\u00e1ci\u00f3 er\u0151s, tart\u00f3s, m\u00e9gis k\u00f6nnyed megjelen\u00e9st biztos\u00edt. A meleg barna \u00e1rnyalat term\u00e9szetes, letisztult hat\u00e1st kelt, amit a hozz\u00e1 tartoz\u00f3 selyemszalag\u00a0m\u00e9g eleg\u00e1nsabb\u00e1 tesz. A praktikus szalag seg\u00edti a k\u00f6nny\u0171 r\u00f6gz\u00edt\u00e9st ak\u00e1r h\u00e1tfalra, vir\u00e1gfalra vagy fa\u00e1gra.\n\nSzem\u00e9lyre szabhat\u00f3 \u2013 csak nektek k\u00e9sz\u00fcl\nA dekor\u00e1ci\u00f3 l\u00e9nyege az egyedi nevekkel kiv\u00e1gott design, ami igaz\u00e1n szem\u00e9lyess\u00e9 teszi. A grav\u00edrozott fel\u00fclet helyett itt kiv\u00e1gott n\u00e9v ker\u00fcl a karik\u00e1ba \u2013 \u00edgy lesz igaz\u00e1n l\u00e1tv\u00e1nyos, l\u00e9zerv\u00e1gott technol\u00f3gi\u00e1val k\u00e9sz\u00fclt, modern megold\u00e1s. A nevetek \u00f6r\u00f6kre ott lesz az esk\u00fcv\u0151i k\u00e9peken, vide\u00f3kon \u00e9s eml\u00e9kekben.\n\nT\u00f6k\u00e9letes aj\u00e1nd\u00e9k ifj\u00fa p\u00e1rnak\nKeresel egy igaz\u00e1n eml\u00e9kezetes meglepet\u00e9st? Ez a szem\u00e9lyre szabott h\u00e1tfal dekor ide\u00e1lis n\u00e1szaj\u00e1nd\u00e9k lehet bar\u00e1toknak, rokonoknak, vagy ak\u00e1r saj\u00e1t magadnak! K\u00fcl\u00f6n\u00f6sen hasznos, ha az ifj\u00fa p\u00e1r maga rendezi az esk\u00fcv\u0151j\u00e9t, vagy kisebb k\u00f6lts\u00e9gvet\u00e9sb\u0151l, de m\u00e9gis ig\u00e9nyesen szeretn\u00e9k dekor\u00e1lni a helysz\u00ednt.\n\nOnline v\u00e1s\u00e1rl\u00e1s egyszer\u0171en \u00e9s gyorsan\nA dekor\u00e1ci\u00f3 online v\u00e1s\u00e1rl\u00e1ssal k\u00e9nyelmesen megrendelhet\u0151 \u2013 \u00edgy nincs sz\u00fcks\u00e9g \u00fczleteket j\u00e1rni. A web\u00e1ruh\u00e1zban p\u00e1r kattint\u00e1ssal kiv\u00e1laszthatod a neveket, \u00e9s mi gondoskodunk r\u00f3la, hogy t\u00f6k\u00e9letes min\u0151s\u00e9gben \u00e9rkezzen meg hozz\u00e1d.\n\nMilyen alkalmakra aj\u00e1nljuk?\nEsk\u00fcv\u0151i dekor\u00e1ci\u00f3 h\u00e1tfalra, fot\u00f3falra\nJegyesfot\u00f3z\u00e1s vagy kreat\u00edv fot\u00f3z\u00e1s kieg\u00e9sz\u00edt\u0151jek\u00e9nt\nEljegyz\u00e9si buli, l\u00e1nyb\u00facs\u00fa meglepet\u00e9s\nN\u00e1szaj\u00e1nd\u00e9k szem\u00e9lyes n\u00e9vvel\nEml\u00e9kt\u00e1rgyk\u00e9nt otthon a falra akasztva\n\nEz a k\u00f6r alak\u00fa, egyedi n\u00e9vvel k\u00e9sz\u00fclt esk\u00fcv\u0151i karika egy olyan r\u00e9szlet, amely val\u00f3ban \u00f6r\u00f6kre megmarad \u2013 st\u00edlusos, szem\u00e9lyes \u00e9s \u00f6r\u00f6k eml\u00e9k a legszebb napotokr\u00f3l.","score":0,"formatted_price":"5 490 Ft","image_url":"https:\/\/www.meska.hu\/img\/product\/small\/k\/r\/kreashop_product_655400_250725162252_828324.jpeg","formatted_url":"https:\/\/www.meska.hu\/p5593710-eskuvoi-hatfal-dekoracio-egyedi-nevekkel-kor-alaku","favourite":false,"in_stock":false,"avatar":"655400_avatar_1717052221.jpeg","delete_from":0,"is_enhanced_background":false,"is_enhanced":false,"product_selection_started":false,"is_active":true,"image_webp_url":"https:\/\/www.meska.hu\/img\/product\/small\/k\/r\/kreashop_product_655400_250725162252_828324.webp"},{"id":"3511156","shop_id":"21477","user_id":"224153","shop_name":"lezerdekor","shop_zip":"7090","product_code":"4556105","product_name_old":null,"product_name":"Esk\u00fcv\u0151i karika, egyedi, k\u00fcl\u00f6nleges esk\u00fcv\u0151i dekor\u00e1ci\u00f3, fot\u00f3z\u00e1si kell\u00e9k","category_string":"Esk\u00fcv\u0151, Dekor\u00e1ci\u00f3, Esk\u00fcv\u0151i feliratok","technic_string":"Famegmunk\u00e1l\u00e1s","category_1":"317","category_2":"907","category_3":"1846","category_4":"0","merged_category_1":"0","merged_category_2":"0","merged_category_3":"0","technic_1":"478","technic_2":"0","technic_3":"0","color_1":"515","color_2":"0","color_3":"0","product_description_old":null,"product_description":"Ha szeretn\u00e9tek egyediv\u00e9 tenni az esk\u00fcv\u0151i dekor\u00e1ci\u00f3t, v\u00e1lassz\u00e1tok ezt az igaz\u00e1n k\u00fcl\u00f6nleges \nl\u00e9zerv\u00e1gott fa karik\u00e1t, amelyet keresztneveitekkel vagy kezd\u0151bet\u0171itekkel k\u00e9sz\u00edt\u00fcnk el.\nK\u00e9rhetitek pl. Just Married, vagy m\u00e1s felirattal is.\n\nA term\u00e9k \u00e1tm\u00e9r\u0151je: 35 cm, de k\u00e9rheted 50 cm m\u00e9retben is.\n\nMegjegyz\u00e9sbe \u00edrj\u00e1tok be, hogy milyen keresztnevekkel, vagy monogramokkal (pl.R&T)  szeretn\u00e9tek k\u00e9rni a term\u00e9ket\n\n\n","price":"4990.00","unit":"db","recommended":"0","status":"1","sponsored":"0","exp_notify":"0","own_material":"0","own_material_description_old":null,"own_material_description":"","jury":"0","jury_number":"","product_nature":"","meskaracsony":"0","create_date":"2026-04-24 20:56:11","shelve_id":"48614","image":"lezerdekor_product_224153_220325102828_2661.jpeg","image_width":"480","image_height":"515","image_alt":"Esk\u00fcv\u0151i karika, egyedi, k\u00fcl\u00f6nleges esk\u00fcv\u0151i dekor\u00e1ci\u00f3, fot\u00f3z\u00e1si kell\u00e9k, Ha szeretn\u00e9tek egyediv\u00e9 tenni az esk\u00fcv\u0151i dekor\u00e1ci\u00f3t, v\u00e1lassz\u00e1tok ezt az igaz\u00e1n k\u00fcl\u00f6nleges \\nl\u00e9zerv\u00e1go..., Meska","image_title":"Esk\u00fcv\u0151i karika, egyedi, k\u00fcl\u00f6nleges esk\u00fcv\u0151i dekor\u00e1ci\u00f3, fot\u00f3z\u00e1si kell\u00e9k, Meska","view_count":"7633","favourite_count":"1","trending_score":"0","last2MonthFavouriteCount":"2","promotion":"0","giftcard_accept":"0","creditcard_accept":false,"enhanced_background":"0","domain":"meska","specific_customer_id":null,"specific_customer_name":null,"to_order_product":"0","to_order_product_time":"0","product_different":null,"product_different_description":"","vintage":"0","vintage_category_id":"0","recycled":"0","gemstone_id":"0","customizable":"0","type_category":"physical","zerowaste":"0","postage_price":"3200.00","shop_order":"0","has_category":"1","landing_pages":null,"microdata":{"number":3,"category":""},"title":"Esk\u00fcv\u0151i karika, egyedi, k\u00fcl\u00f6nleges esk\u00fcv\u0151i dekor\u00e1ci\u00f3, fot\u00f3z\u00e1si kell\u00e9k","description":"Ha szeretn\u00e9tek egyediv\u00e9 tenni az esk\u00fcv\u0151i dekor\u00e1ci\u00f3t, v\u00e1lassz\u00e1tok ezt az igaz\u00e1n k\u00fcl\u00f6nleges \nl\u00e9zerv\u00e1gott fa karik\u00e1t, amelyet keresztneveitekkel vagy kezd\u0151bet\u0171itekkel k\u00e9sz\u00edt\u00fcnk el.\nK\u00e9rhetitek pl. Just Married, vagy m\u00e1s felirattal is.\n\nA term\u00e9k \u00e1tm\u00e9r\u0151je: 35 cm, de k\u00e9rheted 50 cm m\u00e9retben is.\n\nMegjegyz\u00e9sbe \u00edrj\u00e1tok be, hogy milyen keresztnevekkel, vagy monogramokkal (pl.R&T)  szeretn\u00e9tek k\u00e9rni a term\u00e9ket\n\n\n","score":0,"formatted_price":"4 990 Ft","image_url":"https:\/\/www.meska.hu\/img\/product\/small\/l\/e\/lezerdekor_product_224153_220325102828_2661.jpeg","formatted_url":"https:\/\/www.meska.hu\/p4556105-eskuvoi-karika-egyedi-kulonleges-eskuvoi-dekoracio-fotozasi-kellek","favourite":false,"in_stock":true,"avatar":"lezerdekor_avatar_224153_1654619787.jpg","delete_from":0,"is_enhanced_background":false,"is_enhanced":false,"product_selection_started":false,"is_active":true,"image_webp_url":"https:\/\/www.meska.hu\/img\/product\/small\/l\/e\/lezerdekor_product_224153_220325102828_2661.webp"},{"id":"5296354","shop_id":"21477","user_id":"224153","shop_name":"lezerdekor","shop_zip":"7090","product_code":"5265492","product_name_old":null,"product_name":"Esk\u00fcv\u0151i karika, egyedi, k\u00fcl\u00f6nleges esk\u00fcv\u0151i dekor\u00e1ci\u00f3, fot\u00f3z\u00e1si kell\u00e9k 50 cm!","category_string":"Esk\u00fcv\u0151, Dekor\u00e1ci\u00f3, Esk\u00fcv\u0151i feliratok","technic_string":"Famegmunk\u00e1l\u00e1s","category_1":"317","category_2":"907","category_3":"1846","category_4":"0","merged_category_1":null,"merged_category_2":null,"merged_category_3":null,"technic_1":"478","technic_2":"0","technic_3":"0","color_1":"515","color_2":"0","color_3":"0","product_description_old":null,"product_description":"Ha szeretn\u00e9tek egyediv\u00e9 tenni az esk\u00fcv\u0151i dekor\u00e1ci\u00f3t, v\u00e1lassz\u00e1tok ezt az igaz\u00e1n k\u00fcl\u00f6nleges \nl\u00e9zerv\u00e1gott fa karik\u00e1t, amelyet keresztneveitekkel vagy kezd\u0151bet\u0171itekkel k\u00e9sz\u00edt\u00fcnk el.\nK\u00e9rhetitek pl. Just Married, vagy m\u00e1s felirattal is.\n\nA term\u00e9k \u00e1tm\u00e9r\u0151je: 50 cm.\n\nMegjegyz\u00e9sbe \u00edrj\u00e1tok be, hogy milyen keresztnevekkel, vagy monogramokkal (pl.R&T)  szeretn\u00e9tek k\u00e9rni a term\u00e9ket\n\n\n","price":"7990.00","unit":"db","recommended":"0","status":"1","sponsored":"0","exp_notify":"0","own_material":"0","own_material_description_old":null,"own_material_description":"","jury":"0","jury_number":"","product_nature":"","meskaracsony":"0","create_date":"2026-04-23 11:09:23","shelve_id":"48614","image":"lezerdekor_product_224153_220325102828_2661.jpeg","image_width":"480","image_height":"515","image_alt":"Esk\u00fcv\u0151i karika, egyedi, k\u00fcl\u00f6nleges esk\u00fcv\u0151i dekor\u00e1ci\u00f3, fot\u00f3z\u00e1si kell\u00e9k 50 cm!, Ha szeretn\u00e9tek egyediv\u00e9 tenni az esk\u00fcv\u0151i dekor\u00e1ci\u00f3t, v\u00e1lassz\u00e1tok ezt az igaz\u00e1n k\u00fcl\u00f6nleges \\nl\u00e9zerv\u00e1go..., Meska","image_title":"Esk\u00fcv\u0151i karika, egyedi, k\u00fcl\u00f6nleges esk\u00fcv\u0151i dekor\u00e1ci\u00f3, fot\u00f3z\u00e1si kell\u00e9k 50 cm!, Meska","view_count":"1015","favourite_count":"0","trending_score":"0","last2MonthFavouriteCount":"0","promotion":"0","giftcard_accept":"0","creditcard_accept":false,"enhanced_background":"0","domain":"meska","specific_customer_id":null,"specific_customer_name":null,"to_order_product":"1","to_order_product_time":"3","product_different":null,"product_different_description":"","vintage":"0","vintage_category_id":"0","recycled":"0","gemstone_id":"0","customizable":"0","type_category":"physical","zerowaste":"0","postage_price":"3500.00","shop_order":"0","has_category":"1","landing_pages":null,"microdata":{"number":4,"category":""},"title":"Esk\u00fcv\u0151i karika, egyedi, k\u00fcl\u00f6nleges esk\u00fcv\u0151i dekor\u00e1ci\u00f3, fot\u00f3z\u00e1si kell\u00e9k 50 cm!","description":"Ha szeretn\u00e9tek egyediv\u00e9 tenni az esk\u00fcv\u0151i dekor\u00e1ci\u00f3t, v\u00e1lassz\u00e1tok ezt az igaz\u00e1n k\u00fcl\u00f6nleges \nl\u00e9zerv\u00e1gott fa karik\u00e1t, amelyet keresztneveitekkel vagy kezd\u0151bet\u0171itekkel k\u00e9sz\u00edt\u00fcnk el.\nK\u00e9rhetitek pl. Just Married, vagy m\u00e1s felirattal is.\n\nA term\u00e9k \u00e1tm\u00e9r\u0151je: 50 cm.\n\nMegjegyz\u00e9sbe \u00edrj\u00e1tok be, hogy milyen keresztnevekkel, vagy monogramokkal (pl.R&T)  szeretn\u00e9tek k\u00e9rni a term\u00e9ket\n\n\n","score":0,"formatted_price":"7 990 Ft","image_url":"https:\/\/www.meska.hu\/img\/product\/small\/l\/e\/lezerdekor_product_224153_220325102828_2661.jpeg","formatted_url":"https:\/\/www.meska.hu\/p5265492-eskuvoi-karika-egyedi-kulonleges-eskuvoi-dekoracio-fotozasi-kellek-50-cm","favourite":false,"in_stock":false,"avatar":"lezerdekor_avatar_224153_1654619787.jpg","delete_from":0,"is_enhanced_background":false,"is_enhanced":false,"product_selection_started":false,"is_active":true,"image_webp_url":"https:\/\/www.meska.hu\/img\/product\/small\/l\/e\/lezerdekor_product_224153_220325102828_2661.webp"},{"id":"5993790","shop_id":"42555","user_id":"605557","shop_name":"LaserMemories","shop_zip":"3350","product_code":"5668327","product_name_old":null,"product_name":"Esk\u00fcv\u0151i dupla hatsz\u00f6g alak\u00fa n\u00e9vt\u00e1bla","category_string":"Esk\u00fcv\u0151, Dekor\u00e1ci\u00f3, Esk\u00fcv\u0151i feliratok","technic_string":"Famegmunk\u00e1l\u00e1s","category_1":"317","category_2":"907","category_3":"1846","category_4":"0","merged_category_1":null,"merged_category_2":null,"merged_category_3":null,"technic_1":"478","technic_2":"0","technic_3":"0","color_1":"512","color_2":"0","color_3":"0","product_description_old":null,"product_description":"Figyelem !! Csak h\u00e1zhoz sz\u00e1ll\u00edt\u00e1ssal k\u00e9rhet\u0151 term\u00e9k !!!\n\n\nEleg\u00e1ns, egyedi k\u00e9sz\u00edt\u00e9s\u0171 l\u00e9zerv\u00e1gott esk\u00fcv\u0151i t\u00e1bla, amely t\u00f6k\u00e9letes d\u00edsze lehet a f\u0151asztal h\u00e1tter\u00e9nek. A hatsz\u00f6g (hexagon) form\u00e1j\u00fa t\u00e1bl\u00e1ra a p\u00e1r neve ker\u00fcl  kiv\u00e1gva \u2013 letisztult, st\u00edlusos megjelen\u00e9ssel, ami illik boh\u00f3, rusztikus, vintage vagy modern esk\u00fcv\u0151i dekor\u00e1ci\u00f3hoz is.\n\nT\u00f6k\u00e9letes v\u00e1laszt\u00e1s:\n\nf\u0151asztal m\u00f6g\u00e9 h\u00e1tt\u00e9rdekor\u00e1ci\u00f3nak,\n\nfot\u00f3fal el\u00e9,\n\ncerem\u00f3nia helysz\u00ednre,\n\notthoni eml\u00e9kk\u00e9nt az esk\u00fcv\u0151 ut\u00e1n.\n\n\nSz\u00ednek, bet\u0171t\u00edpusok \u00e9s m\u00e9retek ig\u00e9ny szerint v\u00e1laszthat\u00f3k \u2013 \u00edrj \u00fczenetet, \u00e9s egyeztetj\u00fck a r\u00e9szleteket!\n\nEz a t\u00e1bla nemcsak l\u00e1tv\u00e1nyos esk\u00fcv\u0151i dekor\u00e1ci\u00f3, de \u00f6r\u00f6k eml\u00e9k is, amely az otthonotok fal\u00e1n is gy\u00f6ny\u00f6r\u0171en mutat majd.","price":"11000.00","unit":"db","recommended":"0","status":"1","sponsored":"0","exp_notify":"0","own_material":"0","own_material_description_old":null,"own_material_description":"","jury":"0","jury_number":"","product_nature":"","meskaracsony":"0","create_date":"2026-04-21 23:09:39","shelve_id":"80729","image":"lasermemories_product_605557_240724111819_166527.jpeg","image_width":"480","image_height":"640","image_alt":"Esk\u00fcv\u0151i dupla hatsz\u00f6g alak\u00fa n\u00e9vt\u00e1bla, Figyelem !! Csak h\u00e1zhoz sz\u00e1ll\u00edt\u00e1ssal k\u00e9rhet\u0151 term\u00e9k !!!\\n\\n\\nEleg\u00e1ns, egyedi k\u00e9sz\u00edt\u00e9s\u0171 l\u00e9zerv\u00e1gott esk\u00fc..., Meska","image_title":"Esk\u00fcv\u0151i dupla hatsz\u00f6g alak\u00fa n\u00e9vt\u00e1bla, Meska","view_count":"203","favourite_count":"0","trending_score":"0","last2MonthFavouriteCount":"0","promotion":"0","giftcard_accept":"0","creditcard_accept":true,"enhanced_background":"0","domain":"meska","specific_customer_id":null,"specific_customer_name":null,"to_order_product":"1","to_order_product_time":"2","product_different":null,"product_different_description":"","vintage":"0","vintage_category_id":"0","recycled":"0","gemstone_id":"0","customizable":"1","type_category":"physical","zerowaste":"0","postage_price":"2500.00","shop_order":"0","has_category":"1","landing_pages":null,"microdata":{"number":5,"category":""},"title":"Esk\u00fcv\u0151i dupla hatsz\u00f6g alak\u00fa n\u00e9vt\u00e1bla","description":"Figyelem !! Csak h\u00e1zhoz sz\u00e1ll\u00edt\u00e1ssal k\u00e9rhet\u0151 term\u00e9k !!!\n\n\nEleg\u00e1ns, egyedi k\u00e9sz\u00edt\u00e9s\u0171 l\u00e9zerv\u00e1gott esk\u00fcv\u0151i t\u00e1bla, amely t\u00f6k\u00e9letes d\u00edsze lehet a f\u0151asztal h\u00e1tter\u00e9nek. A hatsz\u00f6g (hexagon) form\u00e1j\u00fa t\u00e1bl\u00e1ra a p\u00e1r neve ker\u00fcl  kiv\u00e1gva \u2013 letisztult, st\u00edlusos megjelen\u00e9ssel, ami illik boh\u00f3, rusztikus, vintage vagy modern esk\u00fcv\u0151i dekor\u00e1ci\u00f3hoz is.\n\nT\u00f6k\u00e9letes v\u00e1laszt\u00e1s:\n\nf\u0151asztal m\u00f6g\u00e9 h\u00e1tt\u00e9rdekor\u00e1ci\u00f3nak,\n\nfot\u00f3fal el\u00e9,\n\ncerem\u00f3nia helysz\u00ednre,\n\notthoni eml\u00e9kk\u00e9nt az esk\u00fcv\u0151 ut\u00e1n.\n\n\nSz\u00ednek, bet\u0171t\u00edpusok \u00e9s m\u00e9retek ig\u00e9ny szerint v\u00e1laszthat\u00f3k \u2013 \u00edrj \u00fczenetet, \u00e9s egyeztetj\u00fck a r\u00e9szleteket!\n\nEz a t\u00e1bla nemcsak l\u00e1tv\u00e1nyos esk\u00fcv\u0151i dekor\u00e1ci\u00f3, de \u00f6r\u00f6k eml\u00e9k is, amely az otthonotok fal\u00e1n is gy\u00f6ny\u00f6r\u0171en mutat majd.","score":0,"formatted_price":"11 000 Ft","image_url":"https:\/\/www.meska.hu\/img\/product\/small\/l\/a\/lasermemories_product_605557_240724111819_166527.jpeg","formatted_url":"https:\/\/www.meska.hu\/p5668327-eskuvoi-dupla-hatszog-alaku-nevtabla","favourite":false,"in_stock":false,"avatar":"605557_avatar_1696093903.jpeg","delete_from":0,"is_enhanced_background":false,"is_enhanced":false,"product_selection_started":false,"is_active":true,"image_webp_url":"https:\/\/www.meska.hu\/img\/product\/small\/l\/a\/lasermemories_product_605557_240724111819_166527.webp"},{"id":"5494957","shop_id":"21477","user_id":"224153","shop_name":"lezerdekor","shop_zip":"7090","product_code":"5380022","product_name_old":null,"product_name":"K\u00fcl\u00f6nleges esk\u00fcv\u0151i karika-dekor\u00e1ci\u00f3 az ifj\u00fa p\u00e1r nev\u00e9vel","category_string":"Esk\u00fcv\u0151, Dekor\u00e1ci\u00f3, Esk\u00fcv\u0151i feliratok","technic_string":"Famegmunk\u00e1l\u00e1s","category_1":"317","category_2":"907","category_3":"1846","category_4":"0","merged_category_1":null,"merged_category_2":null,"merged_category_3":null,"technic_1":"478","technic_2":"0","technic_3":"0","color_1":"515","color_2":"0","color_3":"0","product_description_old":null,"product_description":"Tedd felejthetetlenn\u00e9 az esk\u00fcv\u0151i \u00fcnneps\u00e9geteket egyedi, l\u00e9zerv\u00e1g\u00e1ssal k\u00e9sz\u00fclt fa dekor\u00e1ci\u00f3s karik\u00e1nkkal! \nEz a 50 cm \u00e1tm\u00e9r\u0151j\u0171 karika eleg\u00e1ns lev\u00e9l d\u00edsz\u00edt\u00e9ssel keretezi az ifj\u00fa p\u00e1r nev\u00e9t, amelyet prec\u00edzen, l\u00e9zerrel v\u00e1gunk ki a k\u00f6zep\u00e9n. \nMinden darab egyedileg k\u00e9sz\u00fcl, \u00edgy garant\u00e1ltan a megadott nevekkel ell\u00e1tott term\u00e9ket kapod. \nEz a figyelemfelkelt\u0151 darab nemcsak a f\u0151asztal h\u00e1tt\u00e9r dekor\u00e1ci\u00f3jak\u00e9nt var\u00e1zsolja el a lakodalom helysz\u00edn\u00e9t, hanem nagy m\u00e9ret\u00e9nek k\u00f6sz\u00f6nhet\u0151en messzir\u0151l is j\u00f3l l\u00e1that\u00f3, \u00e9s biztosan minden vend\u00e9g sz\u00edv\u00e9be belopja mag\u00e1t. \nAz \u00fcnneps\u00e9g ut\u00e1n pedig a dekor\u00e1ci\u00f3 k\u00fcl\u00f6nleges \u00e9kess\u00e9ge lehet az ifj\u00fa p\u00e1r k\u00f6z\u00f6s otthon\u00e1nak fal\u00e1nak is, \u00f6r\u00f6k eml\u00e9ket \u00e1ll\u00edtva a szeretet \u00e9s az \u00f6sszetartoz\u00e1s legszebb pillanatainak.\n\nM\u00e9rete: 50 cm\nAz al\u00e1bbi sz\u00ednekben k\u00e9sz\u00edtem: nat\u00far, feh\u00e9r, fekete, vil\u00e1gos \u00e9s s\u00f6t\u00e9tbarna.\n\nAj\u00e1nd\u00e9kozd meg magatokat ezzel a k\u00fcl\u00f6nleges, szem\u00e9lyre szabott m\u0171alkot\u00e1ssal, amely nem csup\u00e1n a nagy nap d\u00edsze, hanem a k\u00f6z\u00f6s \u00e9letetek szimbolikus eleme is!\n","price":"7990.00","unit":"db","recommended":"0","status":"1","sponsored":"0","exp_notify":"0","own_material":"0","own_material_description_old":null,"own_material_description":"","jury":"0","jury_number":"","product_nature":"","meskaracsony":"0","create_date":"2026-04-20 14:41:13","shelve_id":"48614","image":"lezerdekor_product_224153_250321104613_7593.jpeg","image_width":"480","image_height":"480","image_alt":"K\u00fcl\u00f6nleges esk\u00fcv\u0151i karika-dekor\u00e1ci\u00f3 az ifj\u00fa p\u00e1r nev\u00e9vel, Tedd felejthetetlenn\u00e9 az esk\u00fcv\u0151i \u00fcnneps\u00e9geteket egyedi, l\u00e9zerv\u00e1g\u00e1ssal k\u00e9sz\u00fclt fa dekor\u00e1ci\u00f3s karik\u00e1nk..., Meska","image_title":"K\u00fcl\u00f6nleges esk\u00fcv\u0151i karika-dekor\u00e1ci\u00f3 az ifj\u00fa p\u00e1r nev\u00e9vel, Meska","view_count":"1127","favourite_count":"0","trending_score":"0","last2MonthFavouriteCount":"0","promotion":"0","giftcard_accept":"0","creditcard_accept":false,"enhanced_background":"0","domain":"meska","specific_customer_id":null,"specific_customer_name":null,"to_order_product":"0","to_order_product_time":"0","product_different":null,"product_different_description":"","vintage":"0","vintage_category_id":"0","recycled":"0","gemstone_id":"0","customizable":"0","type_category":"physical","zerowaste":"0","postage_price":"3200.00","shop_order":"0","has_category":"1","landing_pages":null,"microdata":{"number":6,"category":""},"title":"K\u00fcl\u00f6nleges esk\u00fcv\u0151i karika-dekor\u00e1ci\u00f3 az ifj\u00fa p\u00e1r nev\u00e9vel","description":"Tedd felejthetetlenn\u00e9 az esk\u00fcv\u0151i \u00fcnneps\u00e9geteket egyedi, l\u00e9zerv\u00e1g\u00e1ssal k\u00e9sz\u00fclt fa dekor\u00e1ci\u00f3s karik\u00e1nkkal! \nEz a 50 cm \u00e1tm\u00e9r\u0151j\u0171 karika eleg\u00e1ns lev\u00e9l d\u00edsz\u00edt\u00e9ssel keretezi az ifj\u00fa p\u00e1r nev\u00e9t, amelyet prec\u00edzen, l\u00e9zerrel v\u00e1gunk ki a k\u00f6zep\u00e9n. \nMinden darab egyedileg k\u00e9sz\u00fcl, \u00edgy garant\u00e1ltan a megadott nevekkel ell\u00e1tott term\u00e9ket kapod. \nEz a figyelemfelkelt\u0151 darab nemcsak a f\u0151asztal h\u00e1tt\u00e9r dekor\u00e1ci\u00f3jak\u00e9nt var\u00e1zsolja el a lakodalom helysz\u00edn\u00e9t, hanem nagy m\u00e9ret\u00e9nek k\u00f6sz\u00f6nhet\u0151en messzir\u0151l is j\u00f3l l\u00e1that\u00f3, \u00e9s biztosan minden vend\u00e9g sz\u00edv\u00e9be belopja mag\u00e1t. \nAz \u00fcnneps\u00e9g ut\u00e1n pedig a dekor\u00e1ci\u00f3 k\u00fcl\u00f6nleges \u00e9kess\u00e9ge lehet az ifj\u00fa p\u00e1r k\u00f6z\u00f6s otthon\u00e1nak fal\u00e1nak is, \u00f6r\u00f6k eml\u00e9ket \u00e1ll\u00edtva a szeretet \u00e9s az \u00f6sszetartoz\u00e1s legszebb pillanatainak.\n\nM\u00e9rete: 50 cm\nAz al\u00e1bbi sz\u00ednekben k\u00e9sz\u00edtem: nat\u00far, feh\u00e9r, fekete, vil\u00e1gos \u00e9s s\u00f6t\u00e9tbarna.\n\nAj\u00e1nd\u00e9kozd meg magatokat ezzel a k\u00fcl\u00f6nleges, szem\u00e9lyre szabott m\u0171alkot\u00e1ssal, amely nem csup\u00e1n a nagy nap d\u00edsze, hanem a k\u00f6z\u00f6s \u00e9letetek szimbolikus eleme is!\n","score":0,"formatted_price":"7 990 Ft","image_url":"https:\/\/www.meska.hu\/img\/product\/small\/l\/e\/lezerdekor_product_224153_250321104613_7593.jpeg","formatted_url":"https:\/\/www.meska.hu\/p5380022-kulonleges-eskuvoi-karika-dekoracio-az-ifju-par-nevevel","favourite":false,"in_stock":true,"avatar":"lezerdekor_avatar_224153_1654619787.jpg","delete_from":0,"is_enhanced_background":false,"is_enhanced":false,"product_selection_started":false,"is_active":true,"image_webp_url":"https:\/\/www.meska.hu\/img\/product\/small\/l\/e\/lezerdekor_product_224153_250321104613_7593.webp"},{"id":"5907178","shop_id":"47945","user_id":"702579","shop_name":"Darimi","shop_zip":"2030","product_code":"5613458","product_name_old":null,"product_name":"Esk\u00fcv\u0151i falid\u00edsz egyedi n\u00e9vvel - szem\u00e9lyre szabhat\u00f3 esk\u00fcv\u0151i dekor\u00e1ci\u00f3, n\u00e9vt\u00e1bla falra","category_string":"Esk\u00fcv\u0151, Dekor\u00e1ci\u00f3, Esk\u00fcv\u0151i feliratok","technic_string":"Mindenm\u00e1s","category_1":"317","category_2":"907","category_3":"1846","category_4":"0","merged_category_1":null,"merged_category_2":null,"merged_category_3":null,"technic_1":"493","technic_2":"0","technic_3":"0","color_1":"519","color_2":"520","color_3":"521","product_description_old":null,"product_description":"Egyedi esk\u00fcv\u0151i falid\u00edsz a p\u00e1r nev\u00e9vel, amely az esk\u00fcv\u0151i helysz\u00edn dekor\u00e1ci\u00f3j\u00e1nak l\u00e1tv\u00e1nyos eleme, \u00e9s ut\u00e1na otthon, a falon is \u00f6r\u00f6k eml\u00e9k marad. A feliratot teljes eg\u00e9sz\u00e9ben te hat\u00e1rozod meg: nevek, d\u00e1tum, \u00fczenet vagy b\u00e1rmilyen sz\u00f6veg ker\u00fclhet r\u00e1, a v\u00e1lasztott bet\u0171t\u00edpussal \u00e9s st\u00edlusban. Ez a falid\u00edsz nemcsak dekor\u00e1ci\u00f3, hanem az esk\u00fcv\u0151 szem\u00e9lyes lenyomata, amelyet \u00e9vtizedek m\u00falva is \u00f6r\u00f6m r\u00e1n\u00e9zni.\n\nM\u00c9RETEK\n\nA falid\u00edsz \u00f6t m\u00e9retben rendelhet\u0151:\n- 20x15 cm - asztali d\u00edszk\u00e9nt, polcon vagy a welcome-sarokban mutat j\u00f3l\n- 25x19 cm - kisebb dekor\u00e1ci\u00f3nak ide\u00e1lis\n- 30x23 cm - a legt\u00f6bb c\u00e9lra ide\u00e1lis: a helysz\u00ednen is j\u00f3l l\u00e1that\u00f3, otthon pedig nem foglal t\u00fal sok helyet a falon\n- 35x27 cm - \u00f6n\u00e1ll\u00f3 faldekor\u00e1ci\u00f3k\u00e9nt is figyelemfelkelt\u0151, az esk\u00fcv\u0151i fot\u00f3kon is kiv\u00e1l\u00f3an \u00e9rv\u00e9nyes\u00fcl h\u00e1tt\u00e9relemk\u00e9nt\n- 41x32 cm - a legnagyobb verzi\u00f3, l\u00e1tv\u00e1nyos h\u00e1tt\u00e9relem a k\u00f6z\u00f6s k\u00e9pekhez\n\nA vastags\u00e1g 3 mm \u00e9s 10 mm k\u00f6z\u00f6tt v\u00e1laszthat\u00f3. A v\u00e9konyabb verzi\u00f3 eleg\u00e1ns \u00e9s visszafogott, a vastagabb pedig hangs\u00falyosabb, t\u00e9rbeli megjelen\u00e9st ad a falra helyezve. Az 5-6 mm-es vastags\u00e1g a legt\u00f6bb esetben ide\u00e1lis egyens\u00faly a megjelen\u00e9s \u00e9s a s\u00faly k\u00f6z\u00f6tt. A 8-10 mm-es verzi\u00f3 pr\u00e9mium hat\u00e1st kelt, \u00e9s polcon megt\u00e1maszt\u00e1s n\u00e9lk\u00fcl is stabilan meg\u00e1ll.\n\nSZINEK\n\n\u00d6t alapsz\u00edn \u00e1ll rendelkez\u00e9sre:\n- Fekete - eleg\u00e1ns, modern helysz\u00ednekhez\n- Feh\u00e9r - vid\u00e9ki \u00e9s vintage hangulat\u00fa esk\u00fcv\u0151kh\u00f6z\n- Sz\u00fcrke\n- Ez\u00fcstsz\u00fcrke - visszafogott, kifinomult megjelen\u00e9s\n- \u00c9jk\u00e9k - modern helysz\u00ednekhez passzol\n\nEzek mindegyike j\u00f3l illeszkedik a legt\u00f6bb esk\u00fcv\u0151i sz\u00ednvil\u00e1ghoz \u00e9s lak\u00e1sbels\u0151 st\u00edlushoz egyar\u00e1nt.\n\nANYAG\n\nAz esk\u00fcv\u0151i falid\u00edsz tart\u00f3s, k\u00f6nny\u0171 PLA anyagb\u00f3l k\u00e9sz\u00fcl, amely belt\u00e9ri haszn\u00e1latra ide\u00e1lis. S\u00falya m\u00e9g a legnagyobb m\u00e9retben is csek\u00e9ly, \u00edgy nem terheli meg a falat.\n\nROGZITES\n\nA falra t\u00f6bbf\u00e9lek\u00e9ppen r\u00f6gz\u00edtheted:\n- Ragaszt\u00f3val\n- K\u00e9toldal\u00fa ragaszt\u00f3szalaggal\n- Sz\u00f6ggel\n\nHOGYAN RENDELHETSZ?\n\nRendel\u00e9skor a k\u00f6vetkez\u0151ket k\u00e9rj\u00fck:\n1. A felirat pontos sz\u00f6vege\n2. A v\u00e1lasztott bet\u0171t\u00edpus\n3. M\u00e9ret, vastags\u00e1g \u00e9s sz\u00edn\n\nHa nem vagy biztos a bet\u0171t\u00edpusban vagy az elrendez\u00e9sben, k\u00fcld\u00fcnk el\u0151n\u00e9zeti k\u00e9pet j\u00f3v\u00e1hagy\u00e1sra, hogy biztosan az elk\u00e9pzel\u00e9sednek megfelel\u0151 darab k\u00e9sz\u00fclj\u00f6n. T\u00f6bb bet\u0171t\u00edpus k\u00f6z\u00fcl v\u00e1logathatsz az eleg\u00e1ns kurz\u00edvt\u00f3l a modern, letisztult st\u00edlusig.\n\nALKALMAZAS AZ ESKUVON\n\nHogyan haszn\u00e1lhatod az esk\u00fcv\u0151n?\n- A cerem\u00f3nia helysz\u00edn\u00e9n h\u00e1tt\u00e9rdekor\u00e1ci\u00f3k\u00e9nt az olt\u00e1r m\u00f6g\u00f6tt\n- A welcome-asztaln\u00e1l\n- A fot\u00f3sarokban vagy az aj\u00e1nd\u00e9kasztaln\u00e1l\n- A bej\u00e1ratn\u00e1l, hogy a vend\u00e9gek m\u00e1r \u00e9rkez\u00e9skor l\u00e1ss\u00e1k a p\u00e1r nev\u00e9t \u00e9s a d\u00e1tumot\n\nA nagy m\u00e9ret kifejezetten l\u00e1tv\u00e1nyos a fot\u00f3kon is, \u00e9s a fot\u00f3s is sz\u00edvesen haszn\u00e1lja h\u00e1tt\u00e9rk\u00e9nt a k\u00f6z\u00f6s k\u00e9pekhez.\n\nAZ ESKUVO UTAN\n\nAz esk\u00fcv\u0151 ut\u00e1n a falid\u00edsz nem ker\u00fcl a fi\u00f3kba: a h\u00e1l\u00f3szob\u00e1ban, nappaliban vagy az el\u0151szob\u00e1ban \u00f6r\u00f6k eml\u00e9ke lesz a Nagy Napnak. \u00c9vfordul\u00f3ra el\u0151venni vagy v\u00e9gleg a falra akasztani egyar\u00e1nt sz\u00e9p gesztus. Sokan a h\u00e1l\u00f3szob\u00e1ban az \u00e1gy f\u00f6l\u00e9 helyezik, ahol minden reggel eml\u00e9keztet a k\u00f6z\u00f6s \u00fatra.\n\nESKUVOI SZETT\n\nHa teljes, \u00f6sszehangolt esk\u00fcv\u0151i dekor\u00e1ci\u00f3t szeretn\u00e9l, n\u00e9zd meg a boltunkban el\u00e9rhet\u0151 esk\u00fcv\u0151i n\u00e9vt\u00e1bl\u00e1t k\u00f6r form\u00e1ban, az egyedi tortad\u00edszt \u00e9s tortabesz\u00far\u00f3t is. Ezek azonos st\u00edlusban, sz\u00ednben \u00e9s bet\u0171t\u00edpussal rendelhet\u0151k, \u00edgy egys\u00e9ges megjelen\u00e9st adhatsz az esk\u00fcv\u0151i helysz\u00ednnek a bej\u00e1ratt\u00f3l a tortaasztalig. A bet\u0171- \u00e9s monogram-dekor\u00e1ci\u00f3 is remek kieg\u00e9sz\u00edt\u0151 az asztalokra vagy a fot\u00f3falra. Az esk\u00fcv\u0151i szett elemeit k\u00fcl\u00f6n-k\u00fcl\u00f6n is megrendelheted, de egy\u00fctt alkotj\u00e1k a legszebb \u00f6sszk\u00e9pet.\n\nAJANDEKNAK\n\nAz esk\u00fcv\u0151i falid\u00edsz kiv\u00e1l\u00f3 aj\u00e1nd\u00e9k\u00f6tlet is: eljegyz\u00e9sre, \u00e9vfordul\u00f3ra, l\u00e1nyb\u00facs\u00fara vagy ak\u00e1r n\u00e1szaj\u00e1nd\u00e9kk\u00e9nt is szem\u00e9lyes \u00e9s maradand\u00f3 meglepet\u00e9s. Mivel egyedileg k\u00e9sz\u00fcl, a megaj\u00e1nd\u00e9kozott nev\u00e9vel \u00e9s d\u00e1tum\u00e1val val\u00f3ban egyszeri \u00e9s megism\u00e9telhetetlen.\n\nELKESZITESI IDO\n\nA rendel\u00e9s be\u00e9rkez\u00e9s\u00e9t\u0151l sz\u00e1m\u00edtva \u00e1ltal\u00e1ban 3-5 munkanap. Esk\u00fcv\u0151re sz\u00e1nt rendel\u00e9sekn\u00e9l k\u00e9rj\u00fck, legal\u00e1bb k\u00e9t h\u00e9ttel kor\u00e1bban rendelj.\n\nMinden term\u00e9k\u00fcnket egyedileg, rendel\u00e9sre k\u00e9sz\u00edtj\u00fck. K\u00e9rd\u00e9sed van? \u00cdrj b\u00e1tran, gyorsan v\u00e1laszolunk. N\u00e9zd meg a t\u00f6bbi term\u00e9k\u00fcnket is, h\u00e1tha tal\u00e1lsz m\u00e9g valamit, ami tetszik.","price":"3900.00","unit":"db","recommended":"0","status":"1","sponsored":"0","exp_notify":"0","own_material":"0","own_material_description_old":null,"own_material_description":"","jury":"0","jury_number":"","product_nature":"","meskaracsony":"0","create_date":"2026-04-19 22:33:41","shelve_id":"0","image":"darimi_product_702579_250830212012_74575.png","image_width":"480","image_height":"326","image_alt":"Esk\u00fcv\u0151i falid\u00edsz egyedi n\u00e9vvel - szem\u00e9lyre szabhat\u00f3 esk\u00fcv\u0151i dekor\u00e1ci\u00f3, n\u00e9vt\u00e1bla falra, Egyedi esk\u00fcv\u0151i falid\u00edsz a p\u00e1r nev\u00e9vel, amely az esk\u00fcv\u0151i helysz\u00edn dekor\u00e1ci\u00f3j\u00e1nak l\u00e1tv\u00e1nyos eleme, \u00e9s ..., Meska","image_title":"Esk\u00fcv\u0151i falid\u00edsz egyedi n\u00e9vvel - szem\u00e9lyre szabhat\u00f3 esk\u00fcv\u0151i dekor\u00e1ci\u00f3, n\u00e9vt\u00e1bla falra, Meska","view_count":"3763","favourite_count":"2","trending_score":"0","last2MonthFavouriteCount":"4","promotion":"0","giftcard_accept":"0","creditcard_accept":true,"enhanced_background":"0","domain":"meska","specific_customer_id":null,"specific_customer_name":null,"to_order_product":"1","to_order_product_time":"1","product_different":null,"product_different_description":"","vintage":"0","vintage_category_id":"0","recycled":"0","gemstone_id":"0","customizable":"1","type_category":"physical","zerowaste":"0","postage_price":"1349.00","shop_order":"0","has_category":"1","landing_pages":null,"microdata":{"number":7,"category":""},"title":"Esk\u00fcv\u0151i falid\u00edsz egyedi n\u00e9vvel - szem\u00e9lyre szabhat\u00f3 esk\u00fcv\u0151i dekor\u00e1ci\u00f3, n\u00e9vt\u00e1bla falra","description":"Egyedi esk\u00fcv\u0151i falid\u00edsz a p\u00e1r nev\u00e9vel, amely az esk\u00fcv\u0151i helysz\u00edn dekor\u00e1ci\u00f3j\u00e1nak l\u00e1tv\u00e1nyos eleme, \u00e9s ut\u00e1na otthon, a falon is \u00f6r\u00f6k eml\u00e9k marad. A feliratot teljes eg\u00e9sz\u00e9ben te hat\u00e1rozod meg: nevek, d\u00e1tum, \u00fczenet vagy b\u00e1rmilyen sz\u00f6veg ker\u00fclhet r\u00e1, a v\u00e1lasztott bet\u0171t\u00edpussal \u00e9s st\u00edlusban. Ez a falid\u00edsz nemcsak dekor\u00e1ci\u00f3, hanem az esk\u00fcv\u0151 szem\u00e9lyes lenyomata, amelyet \u00e9vtizedek m\u00falva is \u00f6r\u00f6m r\u00e1n\u00e9zni.\n\nM\u00c9RETEK\n\nA falid\u00edsz \u00f6t m\u00e9retben rendelhet\u0151:\n- 20x15 cm - asztali d\u00edszk\u00e9nt, polcon vagy a welcome-sarokban mutat j\u00f3l\n- 25x19 cm - kisebb dekor\u00e1ci\u00f3nak ide\u00e1lis\n- 30x23 cm - a legt\u00f6bb c\u00e9lra ide\u00e1lis: a helysz\u00ednen is j\u00f3l l\u00e1that\u00f3, otthon pedig nem foglal t\u00fal sok helyet a falon\n- 35x27 cm - \u00f6n\u00e1ll\u00f3 faldekor\u00e1ci\u00f3k\u00e9nt is figyelemfelkelt\u0151, az esk\u00fcv\u0151i fot\u00f3kon is kiv\u00e1l\u00f3an \u00e9rv\u00e9nyes\u00fcl h\u00e1tt\u00e9relemk\u00e9nt\n- 41x32 cm - a legnagyobb verzi\u00f3, l\u00e1tv\u00e1nyos h\u00e1tt\u00e9relem a k\u00f6z\u00f6s k\u00e9pekhez\n\nA vastags\u00e1g 3 mm \u00e9s 10 mm k\u00f6z\u00f6tt v\u00e1laszthat\u00f3. A v\u00e9konyabb verzi\u00f3 eleg\u00e1ns \u00e9s visszafogott, a vastagabb pedig hangs\u00falyosabb, t\u00e9rbeli megjelen\u00e9st ad a falra helyezve. Az 5-6 mm-es vastags\u00e1g a legt\u00f6bb esetben ide\u00e1lis egyens\u00faly a megjelen\u00e9s \u00e9s a s\u00faly k\u00f6z\u00f6tt. A 8-10 mm-es verzi\u00f3 pr\u00e9mium hat\u00e1st kelt, \u00e9s polcon megt\u00e1maszt\u00e1s n\u00e9lk\u00fcl is stabilan meg\u00e1ll.\n\nSZINEK\n\n\u00d6t alapsz\u00edn \u00e1ll rendelkez\u00e9sre:\n- Fekete - eleg\u00e1ns, modern helysz\u00ednekhez\n- Feh\u00e9r - vid\u00e9ki \u00e9s vintage hangulat\u00fa esk\u00fcv\u0151kh\u00f6z\n- Sz\u00fcrke\n- Ez\u00fcstsz\u00fcrke - visszafogott, kifinomult megjelen\u00e9s\n- \u00c9jk\u00e9k - modern helysz\u00ednekhez passzol\n\nEzek mindegyike j\u00f3l illeszkedik a legt\u00f6bb esk\u00fcv\u0151i sz\u00ednvil\u00e1ghoz \u00e9s lak\u00e1sbels\u0151 st\u00edlushoz egyar\u00e1nt.\n\nANYAG\n\nAz esk\u00fcv\u0151i falid\u00edsz tart\u00f3s, k\u00f6nny\u0171 PLA anyagb\u00f3l k\u00e9sz\u00fcl, amely belt\u00e9ri haszn\u00e1latra ide\u00e1lis. S\u00falya m\u00e9g a legnagyobb m\u00e9retben is csek\u00e9ly, \u00edgy nem terheli meg a falat.\n\nROGZITES\n\nA falra t\u00f6bbf\u00e9lek\u00e9ppen r\u00f6gz\u00edtheted:\n- Ragaszt\u00f3val\n- K\u00e9toldal\u00fa ragaszt\u00f3szalaggal\n- Sz\u00f6ggel\n\nHOGYAN RENDELHETSZ?\n\nRendel\u00e9skor a k\u00f6vetkez\u0151ket k\u00e9rj\u00fck:\n1. A felirat pontos sz\u00f6vege\n2. A v\u00e1lasztott bet\u0171t\u00edpus\n3. M\u00e9ret, vastags\u00e1g \u00e9s sz\u00edn\n\nHa nem vagy biztos a bet\u0171t\u00edpusban vagy az elrendez\u00e9sben, k\u00fcld\u00fcnk el\u0151n\u00e9zeti k\u00e9pet j\u00f3v\u00e1hagy\u00e1sra, hogy biztosan az elk\u00e9pzel\u00e9sednek megfelel\u0151 darab k\u00e9sz\u00fclj\u00f6n. T\u00f6bb bet\u0171t\u00edpus k\u00f6z\u00fcl v\u00e1logathatsz az eleg\u00e1ns kurz\u00edvt\u00f3l a modern, letisztult st\u00edlusig.\n\nALKALMAZAS AZ ESKUVON\n\nHogyan haszn\u00e1lhatod az esk\u00fcv\u0151n?\n- A cerem\u00f3nia helysz\u00edn\u00e9n h\u00e1tt\u00e9rdekor\u00e1ci\u00f3k\u00e9nt az olt\u00e1r m\u00f6g\u00f6tt\n- A welcome-asztaln\u00e1l\n- A fot\u00f3sarokban vagy az aj\u00e1nd\u00e9kasztaln\u00e1l\n- A bej\u00e1ratn\u00e1l, hogy a vend\u00e9gek m\u00e1r \u00e9rkez\u00e9skor l\u00e1ss\u00e1k a p\u00e1r nev\u00e9t \u00e9s a d\u00e1tumot\n\nA nagy m\u00e9ret kifejezetten l\u00e1tv\u00e1nyos a fot\u00f3kon is, \u00e9s a fot\u00f3s is sz\u00edvesen haszn\u00e1lja h\u00e1tt\u00e9rk\u00e9nt a k\u00f6z\u00f6s k\u00e9pekhez.\n\nAZ ESKUVO UTAN\n\nAz esk\u00fcv\u0151 ut\u00e1n a falid\u00edsz nem ker\u00fcl a fi\u00f3kba: a h\u00e1l\u00f3szob\u00e1ban, nappaliban vagy az el\u0151szob\u00e1ban \u00f6r\u00f6k eml\u00e9ke lesz a Nagy Napnak. \u00c9vfordul\u00f3ra el\u0151venni vagy v\u00e9gleg a falra akasztani egyar\u00e1nt sz\u00e9p gesztus. Sokan a h\u00e1l\u00f3szob\u00e1ban az \u00e1gy f\u00f6l\u00e9 helyezik, ahol minden reggel eml\u00e9keztet a k\u00f6z\u00f6s \u00fatra.\n\nESKUVOI SZETT\n\nHa teljes, \u00f6sszehangolt esk\u00fcv\u0151i dekor\u00e1ci\u00f3t szeretn\u00e9l, n\u00e9zd meg a boltunkban el\u00e9rhet\u0151 esk\u00fcv\u0151i n\u00e9vt\u00e1bl\u00e1t k\u00f6r form\u00e1ban, az egyedi tortad\u00edszt \u00e9s tortabesz\u00far\u00f3t is. Ezek azonos st\u00edlusban, sz\u00ednben \u00e9s bet\u0171t\u00edpussal rendelhet\u0151k, \u00edgy egys\u00e9ges megjelen\u00e9st adhatsz az esk\u00fcv\u0151i helysz\u00ednnek a bej\u00e1ratt\u00f3l a tortaasztalig. A bet\u0171- \u00e9s monogram-dekor\u00e1ci\u00f3 is remek kieg\u00e9sz\u00edt\u0151 az asztalokra vagy a fot\u00f3falra. Az esk\u00fcv\u0151i szett elemeit k\u00fcl\u00f6n-k\u00fcl\u00f6n is megrendelheted, de egy\u00fctt alkotj\u00e1k a legszebb \u00f6sszk\u00e9pet.\n\nAJANDEKNAK\n\nAz esk\u00fcv\u0151i falid\u00edsz kiv\u00e1l\u00f3 aj\u00e1nd\u00e9k\u00f6tlet is: eljegyz\u00e9sre, \u00e9vfordul\u00f3ra, l\u00e1nyb\u00facs\u00fara vagy ak\u00e1r n\u00e1szaj\u00e1nd\u00e9kk\u00e9nt is szem\u00e9lyes \u00e9s maradand\u00f3 meglepet\u00e9s. Mivel egyedileg k\u00e9sz\u00fcl, a megaj\u00e1nd\u00e9kozott nev\u00e9vel \u00e9s d\u00e1tum\u00e1val val\u00f3ban egyszeri \u00e9s megism\u00e9telhetetlen.\n\nELKESZITESI IDO\n\nA rendel\u00e9s be\u00e9rkez\u00e9s\u00e9t\u0151l sz\u00e1m\u00edtva \u00e1ltal\u00e1ban 3-5 munkanap. Esk\u00fcv\u0151re sz\u00e1nt rendel\u00e9sekn\u00e9l k\u00e9rj\u00fck, legal\u00e1bb k\u00e9t h\u00e9ttel kor\u00e1bban rendelj.\n\nMinden term\u00e9k\u00fcnket egyedileg, rendel\u00e9sre k\u00e9sz\u00edtj\u00fck. K\u00e9rd\u00e9sed van? \u00cdrj b\u00e1tran, gyorsan v\u00e1laszolunk. N\u00e9zd meg a t\u00f6bbi term\u00e9k\u00fcnket is, h\u00e1tha tal\u00e1lsz m\u00e9g valamit, ami tetszik.","score":0,"formatted_price":"3 900 Ft","image_url":"https:\/\/www.meska.hu\/img\/product\/small\/d\/a\/darimi_product_702579_250830212012_74575.png","formatted_url":"https:\/\/www.meska.hu\/p5613458-eskuvoi-falidisz-nevvel-szemelyre-szabott-pla-dekor-4132-cm","favourite":false,"in_stock":false,"avatar":"702579_avatar_1739694015.jpeg","delete_from":0,"is_enhanced_background":false,"is_enhanced":false,"product_selection_started":false,"is_active":true,"image_webp_url":"https:\/\/www.meska.hu\/img\/product\/small\/d\/a\/darimi_product_702579_250830212012_74575.webp"},{"id":"4726208","shop_id":"36912","user_id":"488901","shop_name":"JanoMoni","shop_zip":"1145","product_code":"4913746","product_name_old":null,"product_name":"Monogram esk\u00fcv\u0151re","category_string":"Esk\u00fcv\u0151, Dekor\u00e1ci\u00f3, Esk\u00fcv\u0151i feliratok","technic_string":"Mindenm\u00e1s, Festett t\u00e1rgyak","category_1":"317","category_2":"907","category_3":"1846","category_4":"0","merged_category_1":"0","merged_category_2":"0","merged_category_3":"0","technic_1":"493","technic_2":"481","technic_3":"0","color_1":"512","color_2":"519","color_3":"532","product_description_old":null,"product_description":"3 cm vastag l\u00e9p\u00e9s\u00e1ll\u00f3 dekorhab anyagb\u00f3l k\u00e9sz\u00fcl\u0151 dekor\u00e1ci\u00f3s elem esk\u00fcv\u0151kre. K\u00edv\u00e1nt sz\u00ednben \u00e9s m\u00e9retben k\u00e9sz\u00edtj\u00fck, vir\u00e1gdekor\u00e1ci\u00f3val vagy an\u00e9lk\u00fcl. B\u00e1rmilyen form\u00e1t megval\u00f3s\u00edtunk, ak\u00e1r a p\u00e1r log\u00f3j\u00e1t is elk\u00e9sz\u00edtj\u00fck.\n\u00c1ltal\u00e1ban 80-90 cm sz\u00e9less\u00e9gben k\u00e9sz\u00fcl, kivitelez\u00e9s el\u0151tt l\u00e1tv\u00e1nytervet egyeztet\u00fcnk.","price":"12000.00","unit":"db","recommended":"0","status":"1","sponsored":"0","exp_notify":"0","own_material":"0","own_material_description_old":null,"own_material_description":"","jury":"0","jury_number":"","product_nature":"","meskaracsony":"0","create_date":"2026-04-19 02:27:09","shelve_id":"70788","image":"janomoni_product_488901_230225220514_390688.jpeg","image_width":"480","image_height":"432","image_alt":"Monogram esk\u00fcv\u0151re, 3 cm vastag l\u00e9p\u00e9s\u00e1ll\u00f3 dekorhab anyagb\u00f3l k\u00e9sz\u00fcl\u0151 dekor\u00e1ci\u00f3s elem esk\u00fcv\u0151kre. K\u00edv\u00e1nt sz\u00ednben \u00e9s m\u00e9retbe..., Meska","image_title":"Monogram esk\u00fcv\u0151re, Meska","view_count":"1664","favourite_count":"0","trending_score":"0","last2MonthFavouriteCount":"0","promotion":"0","giftcard_accept":"0","creditcard_accept":true,"enhanced_background":"0","domain":"meska","specific_customer_id":null,"specific_customer_name":null,"to_order_product":"1","to_order_product_time":"0","product_different":null,"product_different_description":"","vintage":"0","vintage_category_id":"0","recycled":"0","gemstone_id":"0","customizable":"0","type_category":"physical","zerowaste":"0","postage_price":"2390.00","shop_order":"0","has_category":"1","landing_pages":null,"microdata":{"number":8,"category":""},"title":"Monogram esk\u00fcv\u0151re","description":"3 cm vastag l\u00e9p\u00e9s\u00e1ll\u00f3 dekorhab anyagb\u00f3l k\u00e9sz\u00fcl\u0151 dekor\u00e1ci\u00f3s elem esk\u00fcv\u0151kre. K\u00edv\u00e1nt sz\u00ednben \u00e9s m\u00e9retben k\u00e9sz\u00edtj\u00fck, vir\u00e1gdekor\u00e1ci\u00f3val vagy an\u00e9lk\u00fcl. B\u00e1rmilyen form\u00e1t megval\u00f3s\u00edtunk, ak\u00e1r a p\u00e1r log\u00f3j\u00e1t is elk\u00e9sz\u00edtj\u00fck.\n\u00c1ltal\u00e1ban 80-90 cm sz\u00e9less\u00e9gben k\u00e9sz\u00fcl, kivitelez\u00e9s el\u0151tt l\u00e1tv\u00e1nytervet egyeztet\u00fcnk.","score":0,"formatted_price":"12 000 Ft","image_url":"https:\/\/www.meska.hu\/img\/product\/small\/j\/a\/janomoni_product_488901_230225220514_390688.jpeg","formatted_url":"https:\/\/www.meska.hu\/p4913746-monogram-eskuvore","favourite":false,"in_stock":false,"avatar":"JanoMoni_avatar_488901_1683966638.jpg","delete_from":0,"is_enhanced_background":false,"is_enhanced":false,"product_selection_started":false,"is_active":true,"image_webp_url":"https:\/\/www.meska.hu\/img\/product\/small\/j\/a\/janomoni_product_488901_230225220514_390688.webp"},{"id":"6144860","shop_id":"42555","user_id":"605557","shop_name":"LaserMemories","shop_zip":"3350","product_code":"5751484","product_name_old":null,"product_name":"Esk\u00fcv\u0151i Egyedi Felirat K\u00f6rben","category_string":"Esk\u00fcv\u0151, Dekor\u00e1ci\u00f3, Esk\u00fcv\u0151i feliratok","technic_string":"Famegmunk\u00e1l\u00e1s","category_1":"317","category_2":"907","category_3":"1846","category_4":"0","merged_category_1":null,"merged_category_2":null,"merged_category_3":null,"technic_1":"478","technic_2":"0","technic_3":"0","color_1":"512","color_2":"0","color_3":"0","product_description_old":null,"product_description":"Egyedi esk\u00fcv\u0151i felirat, v\u00e1laszthat\u00f3 bet\u0171t\u00edpussal:\n\nV\u00e1laszthat\u00f3 bet\u0171t\u00edpussal\n3mm vastag ny\u00edrf\u00e1b\u00f3l\nV\u00e1laszthat\u00f3 m\u00e9retben:\n50 cm\n60 cm\nA term\u00e9k magass\u00e1ga a v\u00e1lasztott bet\u0171t\u00edpust\u00f3l, illetve a sz\u00e9less\u00e9gt\u0151l f\u00fcgg.\n\nK\u00e9rlek \u00fczenetben \u00edrd meg a  nevet \u00e9s a fest\u00e9s sz\u00edn\u00e9t ha nem nat\u00farban k\u00e9red  :)\n\nFigyelem !! Csak h\u00e1zhoz sz\u00e1ll\u00edt\u00e1ssal k\u00e9rhet\u0151 term\u00e9k !!!","price":"10000.00","unit":"db","recommended":"0","status":"1","sponsored":"0","exp_notify":"0","own_material":"0","own_material_description_old":null,"own_material_description":"","jury":"0","jury_number":"","product_nature":"","meskaracsony":"0","create_date":"2026-04-08 15:58:06","shelve_id":"0","image":"lasermemories_product_605557_231011082301_787298.jpeg","image_width":"480","image_height":"360","image_alt":"Esk\u00fcv\u0151i Egyedi Felirat K\u00f6rben, Egyedi esk\u00fcv\u0151i felirat, v\u00e1laszthat\u00f3 bet\u0171t\u00edpussal:\\n\\nV\u00e1laszthat\u00f3 bet\u0171t\u00edpussal\\n3mm vastag ny\u00edrf\u00e1b\u00f3l\\nV\u00e1l..., Meska","image_title":"Esk\u00fcv\u0151i Egyedi Felirat K\u00f6rben, Meska","view_count":"72","favourite_count":"0","trending_score":"0","last2MonthFavouriteCount":"0","promotion":"0","giftcard_accept":"0","creditcard_accept":true,"enhanced_background":"0","domain":"meska","specific_customer_id":null,"specific_customer_name":null,"to_order_product":"1","to_order_product_time":"2","product_different":null,"product_different_description":"","vintage":"0","vintage_category_id":"0","recycled":"0","gemstone_id":"0","customizable":"1","type_category":"physical","zerowaste":"0","postage_price":"2500.00","shop_order":"0","has_category":"1","landing_pages":null,"microdata":{"number":9,"category":""},"title":"Esk\u00fcv\u0151i Egyedi Felirat K\u00f6rben","description":"Egyedi esk\u00fcv\u0151i felirat, v\u00e1laszthat\u00f3 bet\u0171t\u00edpussal:\n\nV\u00e1laszthat\u00f3 bet\u0171t\u00edpussal\n3mm vastag ny\u00edrf\u00e1b\u00f3l\nV\u00e1laszthat\u00f3 m\u00e9retben:\n50 cm\n60 cm\nA term\u00e9k magass\u00e1ga a v\u00e1lasztott bet\u0171t\u00edpust\u00f3l, illetve a sz\u00e9less\u00e9gt\u0151l f\u00fcgg.\n\nK\u00e9rlek \u00fczenetben \u00edrd meg a  nevet \u00e9s a fest\u00e9s sz\u00edn\u00e9t ha nem nat\u00farban k\u00e9red  :)\n\nFigyelem !! Csak h\u00e1zhoz sz\u00e1ll\u00edt\u00e1ssal k\u00e9rhet\u0151 term\u00e9k !!!","score":0,"formatted_price":"10 000 Ft","image_url":"https:\/\/www.meska.hu\/img\/product\/small\/l\/a\/lasermemories_product_605557_231011082301_787298.jpeg","formatted_url":"https:\/\/www.meska.hu\/p5751484-eskuvoi-egyedi-felirat-korben","favourite":false,"in_stock":false,"avatar":"605557_avatar_1696093903.jpeg","delete_from":0,"is_enhanced_background":false,"is_enhanced":false,"product_selection_started":false,"is_active":true,"image_webp_url":"https:\/\/www.meska.hu\/img\/product\/small\/l\/a\/lasermemories_product_605557_231011082301_787298.webp"},{"id":"6177542","shop_id":"51477","user_id":"766832","shop_name":"MiLiajandek","shop_zip":"4138","product_code":"5769389","product_name_old":null,"product_name":"Esk\u00fcv\u0151i h\u00e1tt\u00e9r dekor\u00e1ci\u00f3 \u2013 grav\u00edrozott nevek, monogram","category_string":"Esk\u00fcv\u0151, Dekor\u00e1ci\u00f3, Esk\u00fcv\u0151i feliratok","technic_string":"Grav\u00edroz\u00e1s, pirogr\u00e1fia","category_1":"317","category_2":"907","category_3":"1846","category_4":"0","merged_category_1":null,"merged_category_2":null,"merged_category_3":null,"technic_1":"796","technic_2":"0","technic_3":"0","color_1":"514","color_2":"0","color_3":"0","product_description_old":null,"product_description":"Ez a k\u00f6r alak\u00fa esk\u00fcv\u0151i h\u00e1tt\u00e9r dekor\u00e1ci\u00f3 egy eleg\u00e1ns \u00e9s szem\u00e9lyes d\u00edsz\u00edt\u0151elem, amelyet a p\u00e1r neve vagy monogramja tesz k\u00fcl\u00f6nlegess\u00e9. D\u00edsz\u00edthet\u0151 vir\u00e1ggal LED levil\u00e1g\u00edt\u00e1ssal is, hogy m\u00e9g jobban passzoljon a \u00edzl\u00e9setekhez.\n\n\ud83d\udcd0 M\u00e9ret \u00e9s forma\nForma: T\u00f6k\u00e9letes k\u00f6r alak\u00fa\n\n\u00c1tm\u00e9r\u0151: 49 cm\n\nVastags\u00e1g: 4 mm A m\u00e9retek minden esetben a k\u00fcls\u0151 legnagyobb m\u00e9retet jelentik. A felt\u00fcntetett \u00e1r tartalmazza az egyedi grav\u00edroz\u00e1s, a szerkeszt\u00e9si d\u00edj \u00e9s a term\u00e9k \u00e1r\u00e1t is.\n\n\ud83c\udf38 Felhaszn\u00e1l\u00e1s\nCerem\u00f3nia h\u00e1ttere vagy fot\u00f3fal dekor\u00e1ci\u00f3\n\nF\u0151asztal m\u00f6g\u00f6tti d\u00edsz\n\nBej\u00e1ratn\u00e1l \u00fcdv\u00f6zl\u0151t\u00e1bla szerepben\n\nK\u00e9s\u0151bb lak\u00e1sdekor\u00e1ci\u00f3k\u00e9nt is haszn\u00e1lhat\u00f3","price":"8500.00","unit":"db","recommended":"0","status":"1","sponsored":"0","exp_notify":"0","own_material":"0","own_material_description_old":null,"own_material_description":"","jury":"0","jury_number":"","product_nature":"","meskaracsony":"0","create_date":"2026-04-08 11:25:34","shelve_id":"0","image":"miliajandek_product_766832_260408112136_973686.png","image_width":"480","image_height":"320","image_alt":"Esk\u00fcv\u0151i h\u00e1tt\u00e9r dekor\u00e1ci\u00f3 \u2013 grav\u00edrozott nevek, monogram, Ez a k\u00f6r alak\u00fa esk\u00fcv\u0151i h\u00e1tt\u00e9r dekor\u00e1ci\u00f3 egy eleg\u00e1ns \u00e9s szem\u00e9lyes d\u00edsz\u00edt\u0151elem, amelyet a p\u00e1r neve vag..., Meska","image_title":"Esk\u00fcv\u0151i h\u00e1tt\u00e9r dekor\u00e1ci\u00f3 \u2013 grav\u00edrozott nevek, monogram, Meska","view_count":"57","favourite_count":"0","trending_score":"0","last2MonthFavouriteCount":"0","promotion":"0","giftcard_accept":"0","creditcard_accept":true,"enhanced_background":"0","domain":"meska","specific_customer_id":null,"specific_customer_name":null,"to_order_product":"1","to_order_product_time":"5","product_different":null,"product_different_description":"","vintage":"0","vintage_category_id":"0","recycled":"0","gemstone_id":"0","customizable":"1","type_category":"physical","zerowaste":"0","postage_price":"1290.00","shop_order":"0","has_category":"1","landing_pages":null,"microdata":{"number":10,"category":""},"title":"Esk\u00fcv\u0151i h\u00e1tt\u00e9r dekor\u00e1ci\u00f3 \u2013 grav\u00edrozott nevek, monogram","description":"Ez a k\u00f6r alak\u00fa esk\u00fcv\u0151i h\u00e1tt\u00e9r dekor\u00e1ci\u00f3 egy eleg\u00e1ns \u00e9s szem\u00e9lyes d\u00edsz\u00edt\u0151elem, amelyet a p\u00e1r neve vagy monogramja tesz k\u00fcl\u00f6nlegess\u00e9. D\u00edsz\u00edthet\u0151 vir\u00e1ggal LED levil\u00e1g\u00edt\u00e1ssal is, hogy m\u00e9g jobban passzoljon a \u00edzl\u00e9setekhez.\n\n\ud83d\udcd0 M\u00e9ret \u00e9s forma\nForma: T\u00f6k\u00e9letes k\u00f6r alak\u00fa\n\n\u00c1tm\u00e9r\u0151: 49 cm\n\nVastags\u00e1g: 4 mm A m\u00e9retek minden esetben a k\u00fcls\u0151 legnagyobb m\u00e9retet jelentik. A felt\u00fcntetett \u00e1r tartalmazza az egyedi grav\u00edroz\u00e1s, a szerkeszt\u00e9si d\u00edj \u00e9s a term\u00e9k \u00e1r\u00e1t is.\n\n\ud83c\udf38 Felhaszn\u00e1l\u00e1s\nCerem\u00f3nia h\u00e1ttere vagy fot\u00f3fal dekor\u00e1ci\u00f3\n\nF\u0151asztal m\u00f6g\u00f6tti d\u00edsz\n\nBej\u00e1ratn\u00e1l \u00fcdv\u00f6zl\u0151t\u00e1bla szerepben\n\nK\u00e9s\u0151bb lak\u00e1sdekor\u00e1ci\u00f3k\u00e9nt is haszn\u00e1lhat\u00f3","score":0,"formatted_price":"8 500 Ft","image_url":"https:\/\/www.meska.hu\/img\/product\/small\/m\/i\/miliajandek_product_766832_260408112136_973686.png","formatted_url":"https:\/\/www.meska.hu\/p5769389-eskuvoi-hatter-dekoracio-gravirozott-nevek-monogram","favourite":false,"in_stock":false,"avatar":"766832_avatar_1768487403.jpeg","delete_from":0,"is_enhanced_background":false,"is_enhanced":false,"product_selection_started":false,"is_active":true,"image_webp_url":"https:\/\/www.meska.hu\/img\/product\/small\/m\/i\/miliajandek_product_766832_260408112136_973686.webp"},{"id":"6177535","shop_id":"51477","user_id":"766832","shop_name":"MiLiajandek","shop_zip":"4138","product_code":"5769382","product_name_old":null,"product_name":"Grav\u00edrozott esk\u00fcv\u0151i h\u00e1tt\u00e9r dekor\u00e1ci\u00f3 nevekkel","category_string":"Esk\u00fcv\u0151, Dekor\u00e1ci\u00f3, Esk\u00fcv\u0151i feliratok","technic_string":"Grav\u00edroz\u00e1s, pirogr\u00e1fia","category_1":"317","category_2":"907","category_3":"1846","category_4":"0","merged_category_1":null,"merged_category_2":null,"merged_category_3":null,"technic_1":"796","technic_2":"0","technic_3":"0","color_1":"514","color_2":"0","color_3":"0","product_description_old":null,"product_description":"Ez az egyedi grav\u00edrozott esk\u00fcv\u0151i h\u00e1tt\u00e9r dekor\u00e1ci\u00f3 t\u00f6k\u00e9letes v\u00e1laszt\u00e1s a nagy napra! A dekor\u00e1ci\u00f3 k\u00f6zponti eleme egy \u201e&\u201d jel, aminek a m\u00e9rete kb 61\u00d757 cm, erre tessz\u00fck az ifj\u00fa p\u00e1r neveit. A grav\u00edrozott nevek egyediv\u00e9 \u00e9s szem\u00e9lyess\u00e9 teszik ezt a d\u00edszt, amely t\u00f6k\u00e9letes h\u00e1tteret biztos\u00edt az esk\u00fcv\u0151i fot\u00f3khoz, \u00e9s gy\u00f6ny\u00f6r\u0171 dekor\u00e1ci\u00f3k\u00e9nt szolg\u00e1l a szertart\u00e1s vagy a lakodalom helysz\u00edn\u00e9n.\n\nKiv\u00e1l\u00f3 min\u0151s\u00e9g\u0171 anyagb\u00f3l k\u00e9sz\u00fcl, amely tart\u00f3s \u00e9s eszt\u00e9tikus megjelen\u00e9st biztos\u00edt. Az esk\u00fcv\u0151 ut\u00e1n is meg\u0151rizhet\u0151, \u00edgy \u00f6r\u00f6k eml\u00e9kk\u00e9nt d\u00edsz\u00edtheti az otthonotokat.\n\nEgyedi elk\u00e9pzel\u00e9sekkel is rendelhet\u0151!\n\nA k\u00e9pek csak informat\u00edv c\u00e9llal k\u00e9sz\u00fcltek, a term\u00e9k n\u00e9mik\u00e9pp elt\u00e9rhet a k\u00e9sz term\u00e9kt\u0151l.\n\nA m\u00e9retek minden esetben a k\u00fcls\u0151 legnagyobb m\u00e9retet jelentik. A felt\u00fcntetett \u00e1r tartalmazza az egyedi grav\u00edroz\u00e1s, a szerkeszt\u00e9si d\u00edj \u00e9s a term\u00e9k \u00e1r\u00e1t is.","price":"9500.00","unit":"db","recommended":"0","status":"1","sponsored":"0","exp_notify":"0","own_material":"0","own_material_description_old":null,"own_material_description":"","jury":"0","jury_number":"","product_nature":"","meskaracsony":"0","create_date":"2026-04-08 11:20:58","shelve_id":"0","image":"miliajandek_product_766832_260408111437_594778.png","image_width":"480","image_height":"320","image_alt":"Grav\u00edrozott esk\u00fcv\u0151i h\u00e1tt\u00e9r dekor\u00e1ci\u00f3 nevekkel, Ez az egyedi grav\u00edrozott esk\u00fcv\u0151i h\u00e1tt\u00e9r dekor\u00e1ci\u00f3 t\u00f6k\u00e9letes v\u00e1laszt\u00e1s a nagy napra! A dekor\u00e1ci\u00f3 k\u00f6zp..., Meska","image_title":"Grav\u00edrozott esk\u00fcv\u0151i h\u00e1tt\u00e9r dekor\u00e1ci\u00f3 nevekkel, Meska","view_count":"30","favourite_count":"0","trending_score":"0","last2MonthFavouriteCount":"0","promotion":"0","giftcard_accept":"0","creditcard_accept":true,"enhanced_background":"0","domain":"meska","specific_customer_id":null,"specific_customer_name":null,"to_order_product":"1","to_order_product_time":"5","product_different":null,"product_different_description":"","vintage":"0","vintage_category_id":"0","recycled":"0","gemstone_id":"0","customizable":"1","type_category":"physical","zerowaste":"0","postage_price":"1290.00","shop_order":"0","has_category":"1","landing_pages":null,"microdata":{"number":11,"category":""},"title":"Grav\u00edrozott esk\u00fcv\u0151i h\u00e1tt\u00e9r dekor\u00e1ci\u00f3 nevekkel","description":"Ez az egyedi grav\u00edrozott esk\u00fcv\u0151i h\u00e1tt\u00e9r dekor\u00e1ci\u00f3 t\u00f6k\u00e9letes v\u00e1laszt\u00e1s a nagy napra! A dekor\u00e1ci\u00f3 k\u00f6zponti eleme egy \u201e&\u201d jel, aminek a m\u00e9rete kb 61\u00d757 cm, erre tessz\u00fck az ifj\u00fa p\u00e1r neveit. A grav\u00edrozott nevek egyediv\u00e9 \u00e9s szem\u00e9lyess\u00e9 teszik ezt a d\u00edszt, amely t\u00f6k\u00e9letes h\u00e1tteret biztos\u00edt az esk\u00fcv\u0151i fot\u00f3khoz, \u00e9s gy\u00f6ny\u00f6r\u0171 dekor\u00e1ci\u00f3k\u00e9nt szolg\u00e1l a szertart\u00e1s vagy a lakodalom helysz\u00edn\u00e9n.\n\nKiv\u00e1l\u00f3 min\u0151s\u00e9g\u0171 anyagb\u00f3l k\u00e9sz\u00fcl, amely tart\u00f3s \u00e9s eszt\u00e9tikus megjelen\u00e9st biztos\u00edt. Az esk\u00fcv\u0151 ut\u00e1n is meg\u0151rizhet\u0151, \u00edgy \u00f6r\u00f6k eml\u00e9kk\u00e9nt d\u00edsz\u00edtheti az otthonotokat.\n\nEgyedi elk\u00e9pzel\u00e9sekkel is rendelhet\u0151!\n\nA k\u00e9pek csak informat\u00edv c\u00e9llal k\u00e9sz\u00fcltek, a term\u00e9k n\u00e9mik\u00e9pp elt\u00e9rhet a k\u00e9sz term\u00e9kt\u0151l.\n\nA m\u00e9retek minden esetben a k\u00fcls\u0151 legnagyobb m\u00e9retet jelentik. A felt\u00fcntetett \u00e1r tartalmazza az egyedi grav\u00edroz\u00e1s, a szerkeszt\u00e9si d\u00edj \u00e9s a term\u00e9k \u00e1r\u00e1t is.","score":0,"formatted_price":"9 500 Ft","image_url":"https:\/\/www.meska.hu\/img\/product\/small\/m\/i\/miliajandek_product_766832_260408111437_594778.png","formatted_url":"https:\/\/www.meska.hu\/p5769382-gravirozott-eskuvoi-hatter-dekoracio-nevekkel","favourite":false,"in_stock":false,"avatar":"766832_avatar_1768487403.jpeg","delete_from":0,"is_enhanced_background":false,"is_enhanced":false,"product_selection_started":false,"is_active":true,"image_webp_url":"https:\/\/www.meska.hu\/img\/product\/small\/m\/i\/miliajandek_product_766832_260408111437_594778.webp"},{"id":"6149742","shop_id":"42555","user_id":"605557","shop_name":"LaserMemories","shop_zip":"3350","product_code":"5755874","product_name_old":null,"product_name":"Esk\u00fcv\u0151i dupla hatsz\u00f6g alak\u00fa n\u00e9vt\u00e1bla","category_string":"Esk\u00fcv\u0151, Dekor\u00e1ci\u00f3, Esk\u00fcv\u0151i feliratok","technic_string":"Famegmunk\u00e1l\u00e1s","category_1":"317","category_2":"907","category_3":"1846","category_4":"0","merged_category_1":null,"merged_category_2":null,"merged_category_3":null,"technic_1":"478","technic_2":"0","technic_3":"0","color_1":"512","color_2":"0","color_3":"0","product_description_old":null,"product_description":"Figyelem !! Csak h\u00e1zhoz sz\u00e1ll\u00edt\u00e1ssal k\u00e9rhet\u0151 term\u00e9k !!!\n\n\nEleg\u00e1ns, egyedi k\u00e9sz\u00edt\u00e9s\u0171 l\u00e9zerv\u00e1gott esk\u00fcv\u0151i t\u00e1bla, amely t\u00f6k\u00e9letes d\u00edsze lehet a f\u0151asztal h\u00e1tter\u00e9nek. A hatsz\u00f6g (hexagon) form\u00e1j\u00fa t\u00e1bl\u00e1ra a p\u00e1r neve ker\u00fcl  kiv\u00e1gva \u2013 letisztult, st\u00edlusos megjelen\u00e9ssel, ami illik boh\u00f3, rusztikus, vintage vagy modern esk\u00fcv\u0151i dekor\u00e1ci\u00f3hoz is.\n\nT\u00f6k\u00e9letes v\u00e1laszt\u00e1s:\n\nf\u0151asztal m\u00f6g\u00e9 h\u00e1tt\u00e9rdekor\u00e1ci\u00f3nak,\n\nfot\u00f3fal el\u00e9,\n\ncerem\u00f3nia helysz\u00ednre,\n\notthoni eml\u00e9kk\u00e9nt az esk\u00fcv\u0151 ut\u00e1n.\n\n\nSz\u00ednek, bet\u0171t\u00edpusok \u00e9s m\u00e9retek ig\u00e9ny szerint v\u00e1laszthat\u00f3k \u2013 \u00edrj \u00fczenetet, \u00e9s egyeztetj\u00fck a r\u00e9szleteket!\n\nEz a t\u00e1bla nemcsak l\u00e1tv\u00e1nyos esk\u00fcv\u0151i dekor\u00e1ci\u00f3, de \u00f6r\u00f6k eml\u00e9k is, amely az otthonotok fal\u00e1n is gy\u00f6ny\u00f6r\u0171en mutat majd.","price":"11000.00","unit":"db","recommended":"0","status":"1","sponsored":"0","exp_notify":"0","own_material":"0","own_material_description_old":null,"own_material_description":"","jury":"0","jury_number":"","product_nature":"","meskaracsony":"0","create_date":"2026-04-04 13:30:35","shelve_id":"80729","image":"lasermemories_product_605557_240724111819_166527.jpeg","image_width":"480","image_height":"640","image_alt":"Esk\u00fcv\u0151i dupla hatsz\u00f6g alak\u00fa n\u00e9vt\u00e1bla, Figyelem !! Csak h\u00e1zhoz sz\u00e1ll\u00edt\u00e1ssal k\u00e9rhet\u0151 term\u00e9k !!!\\n\\n\\nEleg\u00e1ns, egyedi k\u00e9sz\u00edt\u00e9s\u0171 l\u00e9zerv\u00e1gott esk\u00fc..., Meska","image_title":"Esk\u00fcv\u0151i dupla hatsz\u00f6g alak\u00fa n\u00e9vt\u00e1bla, Meska","view_count":"108","favourite_count":"2","trending_score":"0","last2MonthFavouriteCount":"2","promotion":"0","giftcard_accept":"0","creditcard_accept":true,"enhanced_background":"0","domain":"meska","specific_customer_id":null,"specific_customer_name":null,"to_order_product":"1","to_order_product_time":"2","product_different":null,"product_different_description":"","vintage":"0","vintage_category_id":"0","recycled":"0","gemstone_id":"0","customizable":"1","type_category":"physical","zerowaste":"0","postage_price":"2500.00","shop_order":"0","has_category":"1","landing_pages":null,"microdata":{"number":12,"category":""},"title":"Esk\u00fcv\u0151i dupla hatsz\u00f6g alak\u00fa n\u00e9vt\u00e1bla","description":"Figyelem !! Csak h\u00e1zhoz sz\u00e1ll\u00edt\u00e1ssal k\u00e9rhet\u0151 term\u00e9k !!!\n\n\nEleg\u00e1ns, egyedi k\u00e9sz\u00edt\u00e9s\u0171 l\u00e9zerv\u00e1gott esk\u00fcv\u0151i t\u00e1bla, amely t\u00f6k\u00e9letes d\u00edsze lehet a f\u0151asztal h\u00e1tter\u00e9nek. A hatsz\u00f6g (hexagon) form\u00e1j\u00fa t\u00e1bl\u00e1ra a p\u00e1r neve ker\u00fcl  kiv\u00e1gva \u2013 letisztult, st\u00edlusos megjelen\u00e9ssel, ami illik boh\u00f3, rusztikus, vintage vagy modern esk\u00fcv\u0151i dekor\u00e1ci\u00f3hoz is.\n\nT\u00f6k\u00e9letes v\u00e1laszt\u00e1s:\n\nf\u0151asztal m\u00f6g\u00e9 h\u00e1tt\u00e9rdekor\u00e1ci\u00f3nak,\n\nfot\u00f3fal el\u00e9,\n\ncerem\u00f3nia helysz\u00ednre,\n\notthoni eml\u00e9kk\u00e9nt az esk\u00fcv\u0151 ut\u00e1n.\n\n\nSz\u00ednek, bet\u0171t\u00edpusok \u00e9s m\u00e9retek ig\u00e9ny szerint v\u00e1laszthat\u00f3k \u2013 \u00edrj \u00fczenetet, \u00e9s egyeztetj\u00fck a r\u00e9szleteket!\n\nEz a t\u00e1bla nemcsak l\u00e1tv\u00e1nyos esk\u00fcv\u0151i dekor\u00e1ci\u00f3, de \u00f6r\u00f6k eml\u00e9k is, amely az otthonotok fal\u00e1n is gy\u00f6ny\u00f6r\u0171en mutat majd.","score":0,"formatted_price":"11 000 Ft","image_url":"https:\/\/www.meska.hu\/img\/product\/small\/l\/a\/lasermemories_product_605557_240724111819_166527.jpeg","formatted_url":"https:\/\/www.meska.hu\/p5755874-eskuvoi-dupla-hatszog-alaku-nevtabla","favourite":false,"in_stock":false,"avatar":"605557_avatar_1696093903.jpeg","delete_from":0,"is_enhanced_background":false,"is_enhanced":false,"product_selection_started":false,"is_active":true,"image_webp_url":"https:\/\/www.meska.hu\/img\/product\/small\/l\/a\/lasermemories_product_605557_240724111819_166527.webp"},{"id":"5886966","shop_id":"45386","user_id":"655400","shop_name":"KreaShop","shop_zip":"9351","product_code":"5605305","product_name_old":null,"product_name":"Esk\u00fcv\u0151i h\u00e1tfal dekor\u00e1ci\u00f3 - egyedi nevekkel \u00e9s d\u00e1tummal- ov\u00e1lis alak\u00fa","category_string":"Esk\u00fcv\u0151, Dekor\u00e1ci\u00f3, Esk\u00fcv\u0151i feliratok","technic_string":"Famegmunk\u00e1l\u00e1s","category_1":"317","category_2":"907","category_3":"1846","category_4":"0","merged_category_1":null,"merged_category_2":null,"merged_category_3":null,"technic_1":"478","technic_2":"0","technic_3":"0","color_1":"514","color_2":"0","color_3":"0","product_description_old":null,"product_description":"Szem\u00e9lyre szabott esk\u00fcv\u0151i h\u00e1tfal dekor\u00e1ci\u00f3, 59 x 34 cm-es m\u00e9retben, egyedi nevekkel \u00e9s az esk\u00fcv\u0151 d\u00e1tum\u00e1val kiv\u00e1gva. Massz\u00edv, 6 mm vastag MDF sonoma anyagb\u00f3l. Barna sz\u00edn\u0171 selyemszalaggal a k\u00f6nny\u0171 felhelyez\u00e9shez.\n\nSzem\u00e9lyre szabott esk\u00fcv\u0151i h\u00e1tfal dekor\u00e1ci\u00f3 \u2013 egyedi n\u00e9vvel \u00e9s d\u00e1tummal\nAz esk\u00fcv\u0151i dekor\u00e1ci\u00f3 egyik legk\u00fcl\u00f6nlegesebb eleme lehet egy szem\u00e9lyre szabott esk\u00fcv\u0151i h\u00e1tfal dekor\u00e1ci\u00f3, amely azonnal egyediv\u00e9 var\u00e1zsolja a helysz\u00ednt. A 59 x 34 cm-es m\u00e9ret\u0171, egyedi nevekkel \u00e9s az esk\u00fcv\u0151 d\u00e1tum\u00e1val kiv\u00e1gott faldekor\u00e1ci\u00f3 t\u00f6k\u00e9letes d\u00edsz\u00edt\u0151elem a szertart\u00e1s vagy a lakodalom h\u00e1tter\u00e9ben, legyen sz\u00f3 ak\u00e1r f\u0151asztal m\u00f6g\u00f6tti falr\u00f3l, fot\u00f3falr\u00f3l vagy bej\u00e1ratr\u00f3l.\n\n\nEgyedi tervez\u00e9s, massz\u00edv kivitel\nEz a dekor\u00e1ci\u00f3 nemcsak l\u00e1tv\u00e1nyos, hanem tart\u00f3s is: 6 mm vastag MDF sonoma anyagb\u00f3l k\u00e9sz\u00fcl, \u00edgy nem hajlik, nem t\u00f6rik, hossz\u00fa t\u00e1von is meg\u0151rzi form\u00e1j\u00e1t. A nat\u00far barna \u00e1rnyalat eleg\u00e1ns megjelen\u00e9st biztos\u00edt, harmoniz\u00e1l b\u00e1rmilyen esk\u00fcv\u0151i st\u00edlussal \u2013 legyen az rusztikus, vintage vagy modern. A barna selyemszalag seg\u00edts\u00e9g\u00e9vel k\u00f6nnyen felakaszthat\u00f3, nem kell k\u00fcl\u00f6n r\u00f6gz\u00edt\u0151elemekkel bajl\u00f3dnod.\n\nOnline v\u00e1s\u00e1rl\u00e1s egyszer\u0171en\nA szem\u00e9lyre szabott esk\u00fcv\u0151i h\u00e1tfal dekor\u00e1ci\u00f3 online v\u00e1s\u00e1rl\u00e1s sor\u00e1n n\u00e9h\u00e1ny kattint\u00e1ssal megrendelhet\u0151 a weboldalon. Add meg a neveteket \u00e9s az esk\u00fcv\u0151 d\u00e1tum\u00e1t, \u00e9s mi gondoskodunk arr\u00f3l, hogy egyedi, k\u00e9zm\u0171ves term\u00e9ket kapj k\u00e9zhez \u2013 id\u0151ben, min\u0151s\u00e9gben.\n\nKinek t\u00f6k\u00e9letes aj\u00e1nd\u00e9k?\nEz az egyedi dekor\u00e1ci\u00f3 szuper \u00f6tlet, ha esk\u00fcv\u0151i aj\u00e1nd\u00e9kot keresel bar\u00e1taidnak, testv\u00e9rednek vagy k\u00f6zeli rokonaidnak. Egy ilyen k\u00fcl\u00f6nleges, n\u00e9vre sz\u00f3l\u00f3 meglepet\u00e9s garant\u00e1ltan eml\u00e9kezetes \u00e9s szem\u00e9lyes, hiszen nemcsak dekor\u00e1ci\u00f3k\u00e9nt szolg\u00e1l, hanem \u00f6r\u00f6k eml\u00e9kk\u00e9nt is az ifj\u00fa p\u00e1r sz\u00e1m\u00e1ra.\n\nMi\u00e9rt praktikus v\u00e1laszt\u00e1s?\nA szem\u00e9lyre szabott h\u00e1tfal dekor\u00e1ci\u00f3 nemcsak sz\u00e9p, hanem praktikus is. A nagy m\u00e9ret \u00e9s a k\u00f6nny\u0171, de massz\u00edv anyag garant\u00e1lja, hogy j\u00f3l mutat a k\u00e9peken, de egyszer\u0171en sz\u00e1ll\u00edthat\u00f3 is. Az esk\u00fcv\u0151 ut\u00e1n ak\u00e1r a h\u00e1l\u00f3szob\u00e1ba vagy nappaliba is felker\u00fclhet eml\u00e9kk\u00e9nt \u2013 \u00edgy nemcsak egy napra sz\u00f3l, hanem maradand\u00f3 d\u00edsz lesz otthonotokban.\n\nMilyen alkalmakra aj\u00e1nljuk?\nEls\u0151sorban esk\u00fcv\u0151re k\u00e9sz\u00fclt, de haszn\u00e1lhat\u00f3 eljegyz\u00e9si bulin, h\u00e1zass\u00e1gi \u00e9vfordul\u00f3n, vagy ak\u00e1r fot\u00f3z\u00e1son is, ahol a p\u00e1r neve \u00e9s a d\u00e1tum k\u00fcl\u00f6nleges kieg\u00e9sz\u00edt\u0151k\u00e9nt jelenhet meg. T\u00f6k\u00e9letes kieg\u00e9sz\u00edt\u0151je lehet a f\u0151asztal h\u00e1tt\u00e9r\u00e9nek, vend\u00e9gfogad\u00f3 saroknak, vagy ak\u00e1r a torta m\u00f6g\u00f6tti falnak.\n\nV\u00e1laszd a st\u00edlusos \u00e9s szem\u00e9lyre szabott esk\u00fcv\u0151i dekor\u00e1ci\u00f3k k\u00f6z\u00fcl ezt a k\u00fcl\u00f6nleges darabot, amely nemcsak eszt\u00e9tikus, hanem \u00f6r\u00f6k eml\u00e9k is lesz az ifj\u00fa p\u00e1r sz\u00e1m\u00e1ra! Rendel\u00e9sed leadhatod k\u00e9nyelmesen, online n\u00e9h\u00e1ny perc alatt \u2013 hogy a nagy nap val\u00f3ban k\u00fcl\u00f6nleges legyen minden r\u00e9szlet\u00e9ben.","price":"5490.00","unit":"db","recommended":"0","status":"1","sponsored":"0","exp_notify":"0","own_material":"0","own_material_description_old":null,"own_material_description":"","jury":"0","jury_number":"","product_nature":"","meskaracsony":"0","create_date":"2026-04-03 18:25:49","shelve_id":"76854","image":"kreashop_product_655400_250806175128_429678.jpeg","image_width":"480","image_height":"480","image_alt":"Esk\u00fcv\u0151i h\u00e1tfal dekor\u00e1ci\u00f3 - egyedi nevekkel \u00e9s d\u00e1tummal- ov\u00e1lis alak\u00fa, Szem\u00e9lyre szabott esk\u00fcv\u0151i h\u00e1tfal dekor\u00e1ci\u00f3, 59 x 34 cm-es m\u00e9retben, egyedi nevekkel \u00e9s az esk\u00fcv\u0151 d\u00e1t..., Meska","image_title":"Esk\u00fcv\u0151i h\u00e1tfal dekor\u00e1ci\u00f3 - egyedi nevekkel \u00e9s d\u00e1tummal- ov\u00e1lis alak\u00fa, Meska","view_count":"210","favourite_count":"0","trending_score":"0","last2MonthFavouriteCount":"0","promotion":"0","giftcard_accept":"0","creditcard_accept":true,"enhanced_background":"0","domain":"meska","specific_customer_id":null,"specific_customer_name":null,"to_order_product":"1","to_order_product_time":"10","product_different":null,"product_different_description":"","vintage":"0","vintage_category_id":"0","recycled":"0","gemstone_id":"0","customizable":"1","type_category":"physical","zerowaste":"0","postage_price":"1290.00","shop_order":"0","has_category":"1","landing_pages":null,"microdata":{"number":13,"category":""},"title":"Esk\u00fcv\u0151i h\u00e1tfal dekor\u00e1ci\u00f3 - egyedi nevekkel \u00e9s d\u00e1tummal- ov\u00e1lis alak\u00fa","description":"Szem\u00e9lyre szabott esk\u00fcv\u0151i h\u00e1tfal dekor\u00e1ci\u00f3, 59 x 34 cm-es m\u00e9retben, egyedi nevekkel \u00e9s az esk\u00fcv\u0151 d\u00e1tum\u00e1val kiv\u00e1gva. Massz\u00edv, 6 mm vastag MDF sonoma anyagb\u00f3l. Barna sz\u00edn\u0171 selyemszalaggal a k\u00f6nny\u0171 felhelyez\u00e9shez.\n\nSzem\u00e9lyre szabott esk\u00fcv\u0151i h\u00e1tfal dekor\u00e1ci\u00f3 \u2013 egyedi n\u00e9vvel \u00e9s d\u00e1tummal\nAz esk\u00fcv\u0151i dekor\u00e1ci\u00f3 egyik legk\u00fcl\u00f6nlegesebb eleme lehet egy szem\u00e9lyre szabott esk\u00fcv\u0151i h\u00e1tfal dekor\u00e1ci\u00f3, amely azonnal egyediv\u00e9 var\u00e1zsolja a helysz\u00ednt. A 59 x 34 cm-es m\u00e9ret\u0171, egyedi nevekkel \u00e9s az esk\u00fcv\u0151 d\u00e1tum\u00e1val kiv\u00e1gott faldekor\u00e1ci\u00f3 t\u00f6k\u00e9letes d\u00edsz\u00edt\u0151elem a szertart\u00e1s vagy a lakodalom h\u00e1tter\u00e9ben, legyen sz\u00f3 ak\u00e1r f\u0151asztal m\u00f6g\u00f6tti falr\u00f3l, fot\u00f3falr\u00f3l vagy bej\u00e1ratr\u00f3l.\n\n\nEgyedi tervez\u00e9s, massz\u00edv kivitel\nEz a dekor\u00e1ci\u00f3 nemcsak l\u00e1tv\u00e1nyos, hanem tart\u00f3s is: 6 mm vastag MDF sonoma anyagb\u00f3l k\u00e9sz\u00fcl, \u00edgy nem hajlik, nem t\u00f6rik, hossz\u00fa t\u00e1von is meg\u0151rzi form\u00e1j\u00e1t. A nat\u00far barna \u00e1rnyalat eleg\u00e1ns megjelen\u00e9st biztos\u00edt, harmoniz\u00e1l b\u00e1rmilyen esk\u00fcv\u0151i st\u00edlussal \u2013 legyen az rusztikus, vintage vagy modern. A barna selyemszalag seg\u00edts\u00e9g\u00e9vel k\u00f6nnyen felakaszthat\u00f3, nem kell k\u00fcl\u00f6n r\u00f6gz\u00edt\u0151elemekkel bajl\u00f3dnod.\n\nOnline v\u00e1s\u00e1rl\u00e1s egyszer\u0171en\nA szem\u00e9lyre szabott esk\u00fcv\u0151i h\u00e1tfal dekor\u00e1ci\u00f3 online v\u00e1s\u00e1rl\u00e1s sor\u00e1n n\u00e9h\u00e1ny kattint\u00e1ssal megrendelhet\u0151 a weboldalon. Add meg a neveteket \u00e9s az esk\u00fcv\u0151 d\u00e1tum\u00e1t, \u00e9s mi gondoskodunk arr\u00f3l, hogy egyedi, k\u00e9zm\u0171ves term\u00e9ket kapj k\u00e9zhez \u2013 id\u0151ben, min\u0151s\u00e9gben.\n\nKinek t\u00f6k\u00e9letes aj\u00e1nd\u00e9k?\nEz az egyedi dekor\u00e1ci\u00f3 szuper \u00f6tlet, ha esk\u00fcv\u0151i aj\u00e1nd\u00e9kot keresel bar\u00e1taidnak, testv\u00e9rednek vagy k\u00f6zeli rokonaidnak. Egy ilyen k\u00fcl\u00f6nleges, n\u00e9vre sz\u00f3l\u00f3 meglepet\u00e9s garant\u00e1ltan eml\u00e9kezetes \u00e9s szem\u00e9lyes, hiszen nemcsak dekor\u00e1ci\u00f3k\u00e9nt szolg\u00e1l, hanem \u00f6r\u00f6k eml\u00e9kk\u00e9nt is az ifj\u00fa p\u00e1r sz\u00e1m\u00e1ra.\n\nMi\u00e9rt praktikus v\u00e1laszt\u00e1s?\nA szem\u00e9lyre szabott h\u00e1tfal dekor\u00e1ci\u00f3 nemcsak sz\u00e9p, hanem praktikus is. A nagy m\u00e9ret \u00e9s a k\u00f6nny\u0171, de massz\u00edv anyag garant\u00e1lja, hogy j\u00f3l mutat a k\u00e9peken, de egyszer\u0171en sz\u00e1ll\u00edthat\u00f3 is. Az esk\u00fcv\u0151 ut\u00e1n ak\u00e1r a h\u00e1l\u00f3szob\u00e1ba vagy nappaliba is felker\u00fclhet eml\u00e9kk\u00e9nt \u2013 \u00edgy nemcsak egy napra sz\u00f3l, hanem maradand\u00f3 d\u00edsz lesz otthonotokban.\n\nMilyen alkalmakra aj\u00e1nljuk?\nEls\u0151sorban esk\u00fcv\u0151re k\u00e9sz\u00fclt, de haszn\u00e1lhat\u00f3 eljegyz\u00e9si bulin, h\u00e1zass\u00e1gi \u00e9vfordul\u00f3n, vagy ak\u00e1r fot\u00f3z\u00e1son is, ahol a p\u00e1r neve \u00e9s a d\u00e1tum k\u00fcl\u00f6nleges kieg\u00e9sz\u00edt\u0151k\u00e9nt jelenhet meg. T\u00f6k\u00e9letes kieg\u00e9sz\u00edt\u0151je lehet a f\u0151asztal h\u00e1tt\u00e9r\u00e9nek, vend\u00e9gfogad\u00f3 saroknak, vagy ak\u00e1r a torta m\u00f6g\u00f6tti falnak.\n\nV\u00e1laszd a st\u00edlusos \u00e9s szem\u00e9lyre szabott esk\u00fcv\u0151i dekor\u00e1ci\u00f3k k\u00f6z\u00fcl ezt a k\u00fcl\u00f6nleges darabot, amely nemcsak eszt\u00e9tikus, hanem \u00f6r\u00f6k eml\u00e9k is lesz az ifj\u00fa p\u00e1r sz\u00e1m\u00e1ra! Rendel\u00e9sed leadhatod k\u00e9nyelmesen, online n\u00e9h\u00e1ny perc alatt \u2013 hogy a nagy nap val\u00f3ban k\u00fcl\u00f6nleges legyen minden r\u00e9szlet\u00e9ben.","score":0,"formatted_price":"5 490 Ft","image_url":"https:\/\/www.meska.hu\/img\/product\/small\/k\/r\/kreashop_product_655400_250806175128_429678.jpeg","formatted_url":"https:\/\/www.meska.hu\/p5605305-eskuvoi-hatfal-dekoracio-egyedi-nevekkel-es-datummal-ovalis-alaku","favourite":false,"in_stock":false,"avatar":"655400_avatar_1717052221.jpeg","delete_from":0,"is_enhanced_background":false,"is_enhanced":false,"product_selection_started":false,"is_active":true,"image_webp_url":"https:\/\/www.meska.hu\/img\/product\/small\/k\/r\/kreashop_product_655400_250806175128_429678.webp"},{"id":"4950134","shop_id":"42095","user_id":"597320","shop_name":"kisViragDekor","shop_zip":"9353","product_code":"5045449","product_name_old":null,"product_name":"Esk\u00fcv\u0151i h\u00e1tt\u00e9rd\u00edsz, karika nevekkel","category_string":"Esk\u00fcv\u0151, Dekor\u00e1ci\u00f3, Esk\u00fcv\u0151i feliratok","technic_string":"Famegmunk\u00e1l\u00e1s, Grav\u00edroz\u00e1s, pirogr\u00e1fia","category_1":"317","category_2":"907","category_3":"1846","category_4":"0","merged_category_1":null,"merged_category_2":null,"merged_category_3":null,"technic_1":"478","technic_2":"796","technic_3":"0","color_1":"514","color_2":"0","color_3":"0","product_description_old":null,"product_description":"Egyedis\u00e9gb\u0151l sohasem el\u00e9g! Legyen \u00edgy az esk\u00fcv\u0151t\u00f6k\u00f6n is!\n\nA f\u0151asztal m\u00f6g\u00e9, h\u00e1tt\u00e9rfalra akaszthat\u00f3 karik\u00e1k az ifj\u00fa p\u00e1r neveivel\n\nA karik\u00e1k festhet\u0151k, d\u00edsz\u00edthet\u0151k ami fel\u00e1r ellen\u00e9ben k\u00e9rhet\u0151!\n\nM\u00e9rete: 30 cm \u00e1tm\u00e9r\u0151j\u0171 \/ karika\n\nRendel\u00e9skor megjegyz\u00e9sben kell a neveket megadni!","price":"6500.00","unit":"p\u00e1r","recommended":"0","status":"1","sponsored":"0","exp_notify":"0","own_material":"0","own_material_description_old":null,"own_material_description":"","jury":"0","jury_number":"","product_nature":"","meskaracsony":"0","create_date":"2026-03-31 14:56:12","shelve_id":"0","image":"kisviragdekor_product_597320_230825094144_833931.jpeg","image_width":"480","image_height":"360","image_alt":"Esk\u00fcv\u0151i h\u00e1tt\u00e9rd\u00edsz, karika nevekkel, Egyedis\u00e9gb\u0151l sohasem el\u00e9g! Legyen \u00edgy az esk\u00fcv\u0151t\u00f6k\u00f6n is!\\n\\nA f\u0151asztal m\u00f6g\u00e9, h\u00e1tt\u00e9rfalra akaszthat\u00f3 ka..., Meska","image_title":"Esk\u00fcv\u0151i h\u00e1tt\u00e9rd\u00edsz, karika nevekkel, Meska","view_count":"2120","favourite_count":"0","trending_score":"0","last2MonthFavouriteCount":"0","promotion":"0","giftcard_accept":"0","creditcard_accept":true,"enhanced_background":"0","domain":"meska","specific_customer_id":null,"specific_customer_name":null,"to_order_product":"1","to_order_product_time":"7","product_different":null,"product_different_description":"","vintage":"0","vintage_category_id":"0","recycled":"0","gemstone_id":"0","customizable":"1","type_category":"physical","zerowaste":"0","postage_price":"1290.00","shop_order":"0","has_category":"1","landing_pages":null,"microdata":{"number":14,"category":""},"title":"Esk\u00fcv\u0151i h\u00e1tt\u00e9rd\u00edsz, karika nevekkel","description":"Egyedis\u00e9gb\u0151l sohasem el\u00e9g! Legyen \u00edgy az esk\u00fcv\u0151t\u00f6k\u00f6n is!\n\nA f\u0151asztal m\u00f6g\u00e9, h\u00e1tt\u00e9rfalra akaszthat\u00f3 karik\u00e1k az ifj\u00fa p\u00e1r neveivel\n\nA karik\u00e1k festhet\u0151k, d\u00edsz\u00edthet\u0151k ami fel\u00e1r ellen\u00e9ben k\u00e9rhet\u0151!\n\nM\u00e9rete: 30 cm \u00e1tm\u00e9r\u0151j\u0171 \/ karika\n\nRendel\u00e9skor megjegyz\u00e9sben kell a neveket megadni!","score":0,"formatted_price":"6 500 Ft","image_url":"https:\/\/www.meska.hu\/img\/product\/small\/k\/i\/kisviragdekor_product_597320_230825094144_833931.jpeg","formatted_url":"https:\/\/www.meska.hu\/p5045449-eskuvoi-hatterdisz-karika-nevekkel","favourite":false,"in_stock":false,"avatar":"597320_avatar_1692387635.jpeg","delete_from":0,"is_enhanced_background":false,"is_enhanced":false,"product_selection_started":false,"is_active":true,"image_webp_url":"https:\/\/www.meska.hu\/img\/product\/small\/k\/i\/kisviragdekor_product_597320_230825094144_833931.webp"},{"id":"5899538","shop_id":"47945","user_id":"702579","shop_name":"Darimi","shop_zip":"2030","product_code":"5610450","product_name_old":null,"product_name":"Esk\u00fcv\u0151i n\u00e9vt\u00e1bla egyedi felirattal, szem\u00e9lyre szabhat\u00f3 k\u00f6r alak\u00fa n\u00e9vt\u00e1bla esk\u00fcv\u0151re","category_string":"Esk\u00fcv\u0151, Dekor\u00e1ci\u00f3, Esk\u00fcv\u0151i feliratok","technic_string":"Mindenm\u00e1s","category_1":"317","category_2":"907","category_3":"1846","category_4":"0","merged_category_1":null,"merged_category_2":null,"merged_category_3":null,"technic_1":"493","technic_2":"0","technic_3":"0","color_1":"519","color_2":"520","color_3":"521","product_description_old":null,"product_description":"Egyedi esk\u00fcv\u0151i n\u00e9vt\u00e1bla k\u00f6r form\u00e1ban, amelyet a Ti neveitekkel \u00e9s d\u00e1tumotokkal k\u00e9sz\u00edt\u00fcnk el. Ez a szem\u00e9lyre szabhat\u00f3 n\u00e9vt\u00e1bla az esk\u00fcv\u0151i dekor\u00e1ci\u00f3 k\u00f6zponti eleme lehet: helysz\u00edni d\u00edszk\u00e9nt, fot\u00f3sarokhoz, welcome-t\u00e1blak\u00e9nt vagy ak\u00e1r az asztalokon is meg\u00e1llja a hely\u00e9t. A k\u00f6r forma id\u0151tlen eleganci\u00e1t sug\u00e1roz, amely klasszikus \u00e9s modern esk\u00fcv\u0151i st\u00edlushoz egyar\u00e1nt illik.\n\nM\u00c9RETEK\n\nA n\u00e9vt\u00e1bl\u00e1t n\u00e9gyf\u00e9le m\u00e9retben rendelheted:\n- 20 cm \u00e1tm\u00e9r\u0151 - asztali dekor\u00e1ci\u00f3nak, \u00fcltet\u00e9si k\u00e1rty\u00e1k mell\u00e9 \u00e9s a szertart\u00e1s kieg\u00e9sz\u00edt\u0151 d\u00edsz\u00e9\u00fcl ide\u00e1lis\n- 25 cm \u00e1tm\u00e9r\u0151 - sokoldal\u00fa: asztalon \u00e9s falon egyar\u00e1nt j\u00f3l mutat\n- 30 cm \u00e1tm\u00e9r\u0151 - \u00f6n\u00e1ll\u00f3 dekorat\u00edv elemk\u00e9nt is meg\u00e1llja a hely\u00e9t\n- 35 cm \u00e1tm\u00e9r\u0151 - kifejezetten a welcome-sarokhoz, a fot\u00f3falhoz vagy a helysz\u00edn k\u00f6zponti pontj\u00e1ra aj\u00e1nlott, ahol messzebbr\u0151l is j\u00f3l olvashat\u00f3 felirat sz\u00fcks\u00e9ges\n\nA vastags\u00e1got szint\u00e9n te v\u00e1lasztod: a 3 mm-es alap finoman eleg\u00e1ns megjelen\u00e9st ad, m\u00edg a vastagabb v\u00e1ltozatok (4 mm, 5 mm, 6 mm, 8 mm, 10 mm, eg\u00e9szen 13 mm-ig) komolyabb, s\u00falyosabb, pr\u00e9mium hat\u00e1st keltenek. A 10-13 mm-es vastags\u00e1g megt\u00e1maszt\u00e1s n\u00e9lk\u00fcl is stabilan \u00e1ll, \u00edgy asztali dekor\u00e1ci\u00f3k\u00e9nt is funkcion\u00e1l - nem sz\u00fcks\u00e9ges hozz\u00e1 \u00e1llv\u00e1ny vagy t\u00e1masz. Az alap\u00e1r 1 790 Ft a legkisebb m\u00e9retn\u00e9l \u00e9s legv\u00e9konyabb v\u00e1ltozatn\u00e1l.\n\nSZINEK\n\n\u00d6t alapsz\u00ednb\u0151l v\u00e1laszthatsz:\n- Fekete - modern, minimalista dekor\u00e1ci\u00f3ba illik\n- Feh\u00e9r - klasszikus esk\u00fcv\u0151i sz\u00ednvil\u00e1ghoz passzol\n- Sz\u00fcrke\n- Ez\u00fcstsz\u00fcrke - klasszikus esk\u00fcv\u0151i sz\u00ednvil\u00e1ghoz passzol\n- \u00c9jk\u00e9k - k\u00e9k-feh\u00e9r \u00e9s tengerparti t\u00e9m\u00e1j\u00fa esk\u00fcv\u0151kh\u00f6z aj\u00e1nlott\n\nEl\u00e9rhet\u0151 pasztell r\u00f3zsasz\u00edn (+2 000 Ft) \u00e9s fluoreszk\u00e1l\u00f3 (+3 000 Ft) v\u00e1ltozat is. A pasztell r\u00f3zsasz\u00edn kifejezetten n\u00e9pszer\u0171 romantikus, vintage hangulat\u00fa esk\u00fcv\u0151kh\u00f6z, m\u00edg a fluoreszk\u00e1l\u00f3 verzi\u00f3 igazi egyedis\u00e9get k\u00f6lcs\u00f6n\u00f6z az esti \u00fcnneps\u00e9geknek, mivel s\u00f6t\u00e9tben gyeng\u00e9n vil\u00e1g\u00edt.\n\nANYAG\n\nAz anyag tart\u00f3s, k\u00f6nny\u0171 PLA, amely belt\u00e9ri haszn\u00e1latra ide\u00e1lis. A n\u00e9vt\u00e1bla falra ragaszt\u00f3val vagy k\u00e9toldal\u00fa ragaszt\u00f3szalaggal r\u00f6gz\u00edthet\u0151, de ak\u00e1r szalagra, zsinegre f\u00fcggesztve is dekorat\u00edv.\n\nHOGYAN RENDELHETSZ?\n\nRendel\u00e9skor a k\u00f6vetkez\u0151 adatokat k\u00e9rj\u00fck:\n1. A k\u00edv\u00e1nt felirat sz\u00f6vege (nevek, d\u00e1tum vagy b\u00e1rmilyen egyedi sz\u00f6veg)\n2. A v\u00e1lasztott bet\u0171t\u00edpus\n3. M\u00e9ret, vastags\u00e1g \u00e9s sz\u00edn\n\nT\u00f6bb bet\u0171t\u00edpus k\u00f6z\u00fcl v\u00e1logathatsz: eleg\u00e1ns kurz\u00edv, klasszikus talpas vagy modern sans-serif st\u00edlusok egyar\u00e1nt el\u00e9rhet\u0151k, \u00e9s a bet\u0171t\u00edpus nagyban meghat\u00e1rozza a n\u00e9vt\u00e1bla hangulat\u00e1t. Ha bizonytalan vagy a bet\u0171t\u00edpusban, sz\u00edvesen k\u00fcld\u00fcnk el\u0151n\u00e9zeti k\u00e9pet, miel\u0151tt elkezdj\u00fck a gy\u00e1rt\u00e1st, \u00edgy biztosan azt kapod, amit elk\u00e9pzelt\u00e9l.\n\nAZ ESKUVO UTAN\n\nA n\u00e9vt\u00e1bla az esk\u00fcv\u0151 ut\u00e1n is gy\u00f6ny\u00f6r\u0171 eml\u00e9k marad: keretbe teheted, polcra \u00e1ll\u00edthatod vagy a falra is er\u0151s\u00edtheted. Sokan az \u00e9vfordul\u00f3 alkalm\u00e1val is el\u0151veszik, vagy a h\u00e1l\u00f3szoba, nappali dekor\u00e1ci\u00f3jak\u00e9nt haszn\u00e1lj\u00e1k tov\u00e1bb.\n\nESKUVOI SZETT\n\nHa teljes, \u00f6sszehangolt esk\u00fcv\u0151i szett-et szeretn\u00e9l \u00f6ssze\u00e1ll\u00edtani, \u00e9rdemes egyszerre rendelni a n\u00e9vt\u00e1bl\u00e1t az esk\u00fcv\u0151i falid\u00edsszel, a tortad\u00edsszel, a tortabesz\u00far\u00f3val \u00e9s az esk\u00fcv\u0151i monogrammal. Ezek azonos bet\u0171t\u00edpussal, sz\u00ednben \u00e9s st\u00edlusban k\u00e9sz\u00fclnek, \u00edgy a helysz\u00edn egys\u00e9ges megjelen\u00e9st kap a cerem\u00f3ni\u00e1t\u00f3l az asztali dekor\u00e1ci\u00f3ig. Az esk\u00fcv\u0151i szett elemeit k\u00fcl\u00f6n-k\u00fcl\u00f6n is rendelheted, de egy\u00fctt alkotj\u00e1k a legszebb, legegys\u00e9gesebb \u00f6sszk\u00e9pet. A teljes szett csomagban rendelve k\u00fcl\u00f6n\u00f6sen j\u00f3 \u00e1r-\u00e9rt\u00e9k ar\u00e1ny\u00fa, \u00e9s a vend\u00e9gek biztosan \u00e9szreveszik az \u00f6sszehangolt r\u00e9szleteket.\n\nAJANDEKNAK\n\nAz esk\u00fcv\u0151n t\u00fal ez a n\u00e9vt\u00e1bla kiv\u00e1l\u00f3 aj\u00e1nd\u00e9k is:\n- \u00c9vfordul\u00f3ra\n- Eljegyz\u00e9sre\n- L\u00e1nyb\u00facs\u00fara, leg\u00e9nyb\u00facs\u00fara\n- H\u00e1zavat\u00f3ra\n- Valentinnapra \u00e9s any\u00e1k napj\u00e1ra\n\nMivel minden darabot egyedileg, a megadott adatok alapj\u00e1n k\u00e9sz\u00edt\u00fcnk, garant\u00e1ltan szem\u00e9lyes \u00e9s megism\u00e9telhetetlen aj\u00e1nd\u00e9kot kap a megaj\u00e1nd\u00e9kozott.\n\nTOVABBI TERMEKEINK\n\nA boltunkban m\u00e1s esk\u00fcv\u0151i term\u00e9keket is tal\u00e1lsz: esk\u00fcv\u0151i tortad\u00edsz, tortabesz\u00far\u00f3, esk\u00fcv\u0151i falid\u00edsz \u00e9s esk\u00fcv\u0151i monogram. Ezeken k\u00edv\u00fcl a kar\u00e1csonyfad\u00edsz, ajt\u00f3d\u00edsz, kapcsol\u00f3d\u00edsz, babaszoba dekor \u00e9s s\u00fctikisz\u00far\u00f3 term\u00e9kcsal\u00e1dok is el\u00e9rhet\u0151k, ha m\u00e1s alkalomra is keresel egyedi aj\u00e1nd\u00e9kot.\n\nELKESZITESI IDO\n\nMivel minden n\u00e9vt\u00e1bl\u00e1t rendel\u00e9sre k\u00e9sz\u00edt\u00fcnk, az elk\u00e9sz\u00edt\u00e9si id\u0151 \u00e1ltal\u00e1ban 3-5 munkanap. K\u00e9rj\u00fck, az esk\u00fcv\u0151 el\u0151tt legal\u00e1bb k\u00e9t h\u00e9ttel rendeld meg, hogy biztosan id\u0151ben meg\u00e9rkezzen.\n\nMinden term\u00e9k\u00fcnket egyedileg, rendel\u00e9sre k\u00e9sz\u00edtj\u00fck. K\u00e9rd\u00e9sed van? \u00cdrj b\u00e1tran, gyorsan v\u00e1laszolunk.","price":"1790.00","unit":"db","recommended":"0","status":"1","sponsored":"0","exp_notify":"0","own_material":"0","own_material_description_old":null,"own_material_description":"","jury":"0","jury_number":"","product_nature":"","meskaracsony":"0","create_date":"2026-03-29 11:53:48","shelve_id":"0","image":"darimi_product_702579_250821214936_650298.png","image_width":"480","image_height":"355","image_alt":"Esk\u00fcv\u0151i n\u00e9vt\u00e1bla egyedi felirattal, szem\u00e9lyre szabhat\u00f3 k\u00f6r alak\u00fa n\u00e9vt\u00e1bla esk\u00fcv\u0151re, Egyedi esk\u00fcv\u0151i n\u00e9vt\u00e1bla k\u00f6r form\u00e1ban, amelyet a Ti neveitekkel \u00e9s d\u00e1tumotokkal k\u00e9sz\u00edt\u00fcnk el. Ez a sz..., Meska","image_title":"Esk\u00fcv\u0151i n\u00e9vt\u00e1bla egyedi felirattal, szem\u00e9lyre szabhat\u00f3 k\u00f6r alak\u00fa n\u00e9vt\u00e1bla esk\u00fcv\u0151re, Meska","view_count":"2996","favourite_count":"0","trending_score":"0","last2MonthFavouriteCount":"0","promotion":"0","giftcard_accept":"0","creditcard_accept":true,"enhanced_background":"0","domain":"meska","specific_customer_id":null,"specific_customer_name":null,"to_order_product":"1","to_order_product_time":"2","product_different":null,"product_different_description":"","vintage":"0","vintage_category_id":"0","recycled":"0","gemstone_id":"0","customizable":"1","type_category":"physical","zerowaste":"0","postage_price":"1290.00","shop_order":"0","has_category":"1","landing_pages":null,"microdata":{"number":15,"category":""},"title":"Esk\u00fcv\u0151i n\u00e9vt\u00e1bla egyedi felirattal, szem\u00e9lyre szabhat\u00f3 k\u00f6r alak\u00fa n\u00e9vt\u00e1bla esk\u00fcv\u0151re","description":"Egyedi esk\u00fcv\u0151i n\u00e9vt\u00e1bla k\u00f6r form\u00e1ban, amelyet a Ti neveitekkel \u00e9s d\u00e1tumotokkal k\u00e9sz\u00edt\u00fcnk el. Ez a szem\u00e9lyre szabhat\u00f3 n\u00e9vt\u00e1bla az esk\u00fcv\u0151i dekor\u00e1ci\u00f3 k\u00f6zponti eleme lehet: helysz\u00edni d\u00edszk\u00e9nt, fot\u00f3sarokhoz, welcome-t\u00e1blak\u00e9nt vagy ak\u00e1r az asztalokon is meg\u00e1llja a hely\u00e9t. A k\u00f6r forma id\u0151tlen eleganci\u00e1t sug\u00e1roz, amely klasszikus \u00e9s modern esk\u00fcv\u0151i st\u00edlushoz egyar\u00e1nt illik.\n\nM\u00c9RETEK\n\nA n\u00e9vt\u00e1bl\u00e1t n\u00e9gyf\u00e9le m\u00e9retben rendelheted:\n- 20 cm \u00e1tm\u00e9r\u0151 - asztali dekor\u00e1ci\u00f3nak, \u00fcltet\u00e9si k\u00e1rty\u00e1k mell\u00e9 \u00e9s a szertart\u00e1s kieg\u00e9sz\u00edt\u0151 d\u00edsz\u00e9\u00fcl ide\u00e1lis\n- 25 cm \u00e1tm\u00e9r\u0151 - sokoldal\u00fa: asztalon \u00e9s falon egyar\u00e1nt j\u00f3l mutat\n- 30 cm \u00e1tm\u00e9r\u0151 - \u00f6n\u00e1ll\u00f3 dekorat\u00edv elemk\u00e9nt is meg\u00e1llja a hely\u00e9t\n- 35 cm \u00e1tm\u00e9r\u0151 - kifejezetten a welcome-sarokhoz, a fot\u00f3falhoz vagy a helysz\u00edn k\u00f6zponti pontj\u00e1ra aj\u00e1nlott, ahol messzebbr\u0151l is j\u00f3l olvashat\u00f3 felirat sz\u00fcks\u00e9ges\n\nA vastags\u00e1got szint\u00e9n te v\u00e1lasztod: a 3 mm-es alap finoman eleg\u00e1ns megjelen\u00e9st ad, m\u00edg a vastagabb v\u00e1ltozatok (4 mm, 5 mm, 6 mm, 8 mm, 10 mm, eg\u00e9szen 13 mm-ig) komolyabb, s\u00falyosabb, pr\u00e9mium hat\u00e1st keltenek. A 10-13 mm-es vastags\u00e1g megt\u00e1maszt\u00e1s n\u00e9lk\u00fcl is stabilan \u00e1ll, \u00edgy asztali dekor\u00e1ci\u00f3k\u00e9nt is funkcion\u00e1l - nem sz\u00fcks\u00e9ges hozz\u00e1 \u00e1llv\u00e1ny vagy t\u00e1masz. Az alap\u00e1r 1 790 Ft a legkisebb m\u00e9retn\u00e9l \u00e9s legv\u00e9konyabb v\u00e1ltozatn\u00e1l.\n\nSZINEK\n\n\u00d6t alapsz\u00ednb\u0151l v\u00e1laszthatsz:\n- Fekete - modern, minimalista dekor\u00e1ci\u00f3ba illik\n- Feh\u00e9r - klasszikus esk\u00fcv\u0151i sz\u00ednvil\u00e1ghoz passzol\n- Sz\u00fcrke\n- Ez\u00fcstsz\u00fcrke - klasszikus esk\u00fcv\u0151i sz\u00ednvil\u00e1ghoz passzol\n- \u00c9jk\u00e9k - k\u00e9k-feh\u00e9r \u00e9s tengerparti t\u00e9m\u00e1j\u00fa esk\u00fcv\u0151kh\u00f6z aj\u00e1nlott\n\nEl\u00e9rhet\u0151 pasztell r\u00f3zsasz\u00edn (+2 000 Ft) \u00e9s fluoreszk\u00e1l\u00f3 (+3 000 Ft) v\u00e1ltozat is. A pasztell r\u00f3zsasz\u00edn kifejezetten n\u00e9pszer\u0171 romantikus, vintage hangulat\u00fa esk\u00fcv\u0151kh\u00f6z, m\u00edg a fluoreszk\u00e1l\u00f3 verzi\u00f3 igazi egyedis\u00e9get k\u00f6lcs\u00f6n\u00f6z az esti \u00fcnneps\u00e9geknek, mivel s\u00f6t\u00e9tben gyeng\u00e9n vil\u00e1g\u00edt.\n\nANYAG\n\nAz anyag tart\u00f3s, k\u00f6nny\u0171 PLA, amely belt\u00e9ri haszn\u00e1latra ide\u00e1lis. A n\u00e9vt\u00e1bla falra ragaszt\u00f3val vagy k\u00e9toldal\u00fa ragaszt\u00f3szalaggal r\u00f6gz\u00edthet\u0151, de ak\u00e1r szalagra, zsinegre f\u00fcggesztve is dekorat\u00edv.\n\nHOGYAN RENDELHETSZ?\n\nRendel\u00e9skor a k\u00f6vetkez\u0151 adatokat k\u00e9rj\u00fck:\n1. A k\u00edv\u00e1nt felirat sz\u00f6vege (nevek, d\u00e1tum vagy b\u00e1rmilyen egyedi sz\u00f6veg)\n2. A v\u00e1lasztott bet\u0171t\u00edpus\n3. M\u00e9ret, vastags\u00e1g \u00e9s sz\u00edn\n\nT\u00f6bb bet\u0171t\u00edpus k\u00f6z\u00fcl v\u00e1logathatsz: eleg\u00e1ns kurz\u00edv, klasszikus talpas vagy modern sans-serif st\u00edlusok egyar\u00e1nt el\u00e9rhet\u0151k, \u00e9s a bet\u0171t\u00edpus nagyban meghat\u00e1rozza a n\u00e9vt\u00e1bla hangulat\u00e1t. Ha bizonytalan vagy a bet\u0171t\u00edpusban, sz\u00edvesen k\u00fcld\u00fcnk el\u0151n\u00e9zeti k\u00e9pet, miel\u0151tt elkezdj\u00fck a gy\u00e1rt\u00e1st, \u00edgy biztosan azt kapod, amit elk\u00e9pzelt\u00e9l.\n\nAZ ESKUVO UTAN\n\nA n\u00e9vt\u00e1bla az esk\u00fcv\u0151 ut\u00e1n is gy\u00f6ny\u00f6r\u0171 eml\u00e9k marad: keretbe teheted, polcra \u00e1ll\u00edthatod vagy a falra is er\u0151s\u00edtheted. Sokan az \u00e9vfordul\u00f3 alkalm\u00e1val is el\u0151veszik, vagy a h\u00e1l\u00f3szoba, nappali dekor\u00e1ci\u00f3jak\u00e9nt haszn\u00e1lj\u00e1k tov\u00e1bb.\n\nESKUVOI SZETT\n\nHa teljes, \u00f6sszehangolt esk\u00fcv\u0151i szett-et szeretn\u00e9l \u00f6ssze\u00e1ll\u00edtani, \u00e9rdemes egyszerre rendelni a n\u00e9vt\u00e1bl\u00e1t az esk\u00fcv\u0151i falid\u00edsszel, a tortad\u00edsszel, a tortabesz\u00far\u00f3val \u00e9s az esk\u00fcv\u0151i monogrammal. Ezek azonos bet\u0171t\u00edpussal, sz\u00ednben \u00e9s st\u00edlusban k\u00e9sz\u00fclnek, \u00edgy a helysz\u00edn egys\u00e9ges megjelen\u00e9st kap a cerem\u00f3ni\u00e1t\u00f3l az asztali dekor\u00e1ci\u00f3ig. Az esk\u00fcv\u0151i szett elemeit k\u00fcl\u00f6n-k\u00fcl\u00f6n is rendelheted, de egy\u00fctt alkotj\u00e1k a legszebb, legegys\u00e9gesebb \u00f6sszk\u00e9pet. A teljes szett csomagban rendelve k\u00fcl\u00f6n\u00f6sen j\u00f3 \u00e1r-\u00e9rt\u00e9k ar\u00e1ny\u00fa, \u00e9s a vend\u00e9gek biztosan \u00e9szreveszik az \u00f6sszehangolt r\u00e9szleteket.\n\nAJANDEKNAK\n\nAz esk\u00fcv\u0151n t\u00fal ez a n\u00e9vt\u00e1bla kiv\u00e1l\u00f3 aj\u00e1nd\u00e9k is:\n- \u00c9vfordul\u00f3ra\n- Eljegyz\u00e9sre\n- L\u00e1nyb\u00facs\u00fara, leg\u00e9nyb\u00facs\u00fara\n- H\u00e1zavat\u00f3ra\n- Valentinnapra \u00e9s any\u00e1k napj\u00e1ra\n\nMivel minden darabot egyedileg, a megadott adatok alapj\u00e1n k\u00e9sz\u00edt\u00fcnk, garant\u00e1ltan szem\u00e9lyes \u00e9s megism\u00e9telhetetlen aj\u00e1nd\u00e9kot kap a megaj\u00e1nd\u00e9kozott.\n\nTOVABBI TERMEKEINK\n\nA boltunkban m\u00e1s esk\u00fcv\u0151i term\u00e9keket is tal\u00e1lsz: esk\u00fcv\u0151i tortad\u00edsz, tortabesz\u00far\u00f3, esk\u00fcv\u0151i falid\u00edsz \u00e9s esk\u00fcv\u0151i monogram. Ezeken k\u00edv\u00fcl a kar\u00e1csonyfad\u00edsz, ajt\u00f3d\u00edsz, kapcsol\u00f3d\u00edsz, babaszoba dekor \u00e9s s\u00fctikisz\u00far\u00f3 term\u00e9kcsal\u00e1dok is el\u00e9rhet\u0151k, ha m\u00e1s alkalomra is keresel egyedi aj\u00e1nd\u00e9kot.\n\nELKESZITESI IDO\n\nMivel minden n\u00e9vt\u00e1bl\u00e1t rendel\u00e9sre k\u00e9sz\u00edt\u00fcnk, az elk\u00e9sz\u00edt\u00e9si id\u0151 \u00e1ltal\u00e1ban 3-5 munkanap. K\u00e9rj\u00fck, az esk\u00fcv\u0151 el\u0151tt legal\u00e1bb k\u00e9t h\u00e9ttel rendeld meg, hogy biztosan id\u0151ben meg\u00e9rkezzen.\n\nMinden term\u00e9k\u00fcnket egyedileg, rendel\u00e9sre k\u00e9sz\u00edtj\u00fck. K\u00e9rd\u00e9sed van? \u00cdrj b\u00e1tran, gyorsan v\u00e1laszolunk.","score":0,"formatted_price":"1 790 Ft","image_url":"https:\/\/www.meska.hu\/img\/product\/small\/d\/a\/darimi_product_702579_250821214936_650298.png","formatted_url":"https:\/\/www.meska.hu\/p5610450-eskuvoi-nevtabla-korben","favourite":false,"in_stock":false,"avatar":"702579_avatar_1739694015.jpeg","delete_from":0,"is_enhanced_background":false,"is_enhanced":false,"product_selection_started":false,"is_active":true,"image_webp_url":"https:\/\/www.meska.hu\/img\/product\/small\/d\/a\/darimi_product_702579_250821214936_650298.webp"},{"id":"3404652","shop_id":"24944","user_id":"211956","shop_name":"fafantazia","shop_zip":"2192","product_code":"3200957","product_name_old":null,"product_name":"Esk\u00fcv\u0151i felirat Ms \u00e9s Mrs  fali 03","category_string":"Esk\u00fcv\u0151, Dekor\u00e1ci\u00f3, Esk\u00fcv\u0151i feliratok","technic_string":"Famegmunk\u00e1l\u00e1s","category_1":"317","category_2":"907","category_3":"1846","category_4":"0","merged_category_1":null,"merged_category_2":null,"merged_category_3":null,"technic_1":"478","technic_2":"0","technic_3":"0","color_1":"515","color_2":"0","color_3":"0","product_description_old":null,"product_description":"Esk\u00fcv\u0151i felirat Mr \u00e9s Mrs\n\nAlapanyaga nat\u00far falemez . 4 mm vastag\n\nM\u00e9rete 64x15 cm","price":"2903.00","unit":"db","recommended":"0","status":"1","sponsored":"0","exp_notify":"0","own_material":"0","own_material_description_old":null,"own_material_description":"","jury":"0","jury_number":"","product_nature":"","meskaracsony":"0","create_date":"2026-03-23 17:09:02","shelve_id":"56901","image":"fafantazia_product_211956_180826121545_372585.jpeg","image_width":"480","image_height":"161","image_alt":"Esk\u00fcv\u0151i felirat Ms \u00e9s Mrs  fali 03, Esk\u00fcv\u0151i felirat Mr \u00e9s Mrs\\n\\nAlapanyaga nat\u00far falemez . 4 mm vastag\\n\\nM\u00e9rete 64x15 cm, Meska","image_title":"Esk\u00fcv\u0151i felirat Ms \u00e9s Mrs  fali 03, Meska","view_count":"2281","favourite_count":"0","trending_score":"0","last2MonthFavouriteCount":"0","promotion":"0","giftcard_accept":"0","creditcard_accept":true,"enhanced_background":"0","domain":"meska","specific_customer_id":null,"specific_customer_name":null,"to_order_product":"0","to_order_product_time":"0","product_different":null,"product_different_description":"","vintage":"0","vintage_category_id":"0","recycled":"0","gemstone_id":"0","customizable":"0","type_category":"physical","zerowaste":"0","postage_price":"1290.00","shop_order":"0","has_category":"1","landing_pages":null,"microdata":{"number":16,"category":""},"title":"Esk\u00fcv\u0151i felirat Ms \u00e9s Mrs  fali 03","description":"Esk\u00fcv\u0151i felirat Mr \u00e9s Mrs\n\nAlapanyaga nat\u00far falemez . 4 mm vastag\n\nM\u00e9rete 64x15 cm","score":0,"formatted_price":"2 903 Ft","image_url":"https:\/\/www.meska.hu\/img\/product\/small\/f\/a\/fafantazia_product_211956_180826121545_372585.jpeg","formatted_url":"https:\/\/www.meska.hu\/p3200957-eskuvoi-felirat-ms-es-mrs-fali-03","favourite":false,"in_stock":true,"avatar":"fafantazia_avatar_211956_1565851983.jpg","delete_from":0,"is_enhanced_background":false,"is_enhanced":false,"product_selection_started":false,"is_active":true,"image_webp_url":"https:\/\/www.meska.hu\/img\/product\/small\/f\/a\/fafantazia_product_211956_180826121545_372585.webp"},{"id":"6154843","shop_id":"47945","user_id":"702579","shop_name":"Darimi","shop_zip":"2030","product_code":"5758777","product_name_old":null,"product_name":"Esk\u00fcv\u0151i falid\u00edsz egyedi n\u00e9vvel - szem\u00e9lyre szabhat\u00f3 esk\u00fcv\u0151i dekor\u00e1ci\u00f3, n\u00e9vt\u00e1bla falra","category_string":"Esk\u00fcv\u0151, Dekor\u00e1ci\u00f3, Esk\u00fcv\u0151i feliratok","technic_string":"Mindenm\u00e1s","category_1":"317","category_2":"907","category_3":"1846","category_4":"0","merged_category_1":null,"merged_category_2":null,"merged_category_3":null,"technic_1":"493","technic_2":"0","technic_3":"0","color_1":"519","color_2":"520","color_3":"521","product_description_old":null,"product_description":"Egyedi esk\u00fcv\u0151i falid\u00edsz a p\u00e1r nev\u00e9vel, amely az esk\u00fcv\u0151i helysz\u00edn dekor\u00e1ci\u00f3j\u00e1nak l\u00e1tv\u00e1nyos eleme, \u00e9s ut\u00e1na otthon, a falon is \u00f6r\u00f6k eml\u00e9k marad. A feliratot teljes eg\u00e9sz\u00e9ben te hat\u00e1rozod meg: nevek, d\u00e1tum, \u00fczenet vagy b\u00e1rmilyen sz\u00f6veg ker\u00fclhet r\u00e1, a v\u00e1lasztott bet\u0171t\u00edpussal \u00e9s st\u00edlusban. Ez a falid\u00edsz nemcsak dekor\u00e1ci\u00f3, hanem az esk\u00fcv\u0151 szem\u00e9lyes lenyomata, amelyet \u00e9vtizedek m\u00falva is \u00f6r\u00f6m r\u00e1n\u00e9zni.\n\nM\u00c9RETEK\n\nA falid\u00edsz \u00f6t m\u00e9retben rendelhet\u0151:\n- 20x15 cm - asztali d\u00edszk\u00e9nt, polcon vagy a welcome-sarokban mutat j\u00f3l\n- 25x19 cm - kisebb dekor\u00e1ci\u00f3nak ide\u00e1lis\n- 30x23 cm - a legt\u00f6bb c\u00e9lra ide\u00e1lis: a helysz\u00ednen is j\u00f3l l\u00e1that\u00f3, otthon pedig nem foglal t\u00fal sok helyet a falon\n- 35x27 cm - \u00f6n\u00e1ll\u00f3 faldekor\u00e1ci\u00f3k\u00e9nt is figyelemfelkelt\u0151, az esk\u00fcv\u0151i fot\u00f3kon is kiv\u00e1l\u00f3an \u00e9rv\u00e9nyes\u00fcl h\u00e1tt\u00e9relemk\u00e9nt\n- 41x32 cm - a legnagyobb verzi\u00f3, l\u00e1tv\u00e1nyos h\u00e1tt\u00e9relem a k\u00f6z\u00f6s k\u00e9pekhez\n\nA vastags\u00e1g 3 mm \u00e9s 10 mm k\u00f6z\u00f6tt v\u00e1laszthat\u00f3. A v\u00e9konyabb verzi\u00f3 eleg\u00e1ns \u00e9s visszafogott, a vastagabb pedig hangs\u00falyosabb, t\u00e9rbeli megjelen\u00e9st ad a falra helyezve. Az 5-6 mm-es vastags\u00e1g a legt\u00f6bb esetben ide\u00e1lis egyens\u00faly a megjelen\u00e9s \u00e9s a s\u00faly k\u00f6z\u00f6tt. A 8-10 mm-es verzi\u00f3 pr\u00e9mium hat\u00e1st kelt, \u00e9s polcon megt\u00e1maszt\u00e1s n\u00e9lk\u00fcl is stabilan meg\u00e1ll.\n\nSZINEK\n\n\u00d6t alapsz\u00edn \u00e1ll rendelkez\u00e9sre:\n- Fekete - eleg\u00e1ns, modern helysz\u00ednekhez\n- Feh\u00e9r - vid\u00e9ki \u00e9s vintage hangulat\u00fa esk\u00fcv\u0151kh\u00f6z\n- Sz\u00fcrke\n- Ez\u00fcstsz\u00fcrke - visszafogott, kifinomult megjelen\u00e9s\n- \u00c9jk\u00e9k - modern helysz\u00ednekhez passzol\n\nEzek mindegyike j\u00f3l illeszkedik a legt\u00f6bb esk\u00fcv\u0151i sz\u00ednvil\u00e1ghoz \u00e9s lak\u00e1sbels\u0151 st\u00edlushoz egyar\u00e1nt.\n\nANYAG\n\nAz esk\u00fcv\u0151i falid\u00edsz tart\u00f3s, k\u00f6nny\u0171 PLA anyagb\u00f3l k\u00e9sz\u00fcl, amely belt\u00e9ri haszn\u00e1latra ide\u00e1lis. S\u00falya m\u00e9g a legnagyobb m\u00e9retben is csek\u00e9ly, \u00edgy nem terheli meg a falat.\n\nROGZITES\n\nA falra t\u00f6bbf\u00e9lek\u00e9ppen r\u00f6gz\u00edtheted:\n- Ragaszt\u00f3val\n- K\u00e9toldal\u00fa ragaszt\u00f3szalaggal\n- Sz\u00f6ggel\n\nHOGYAN RENDELHETSZ?\n\nRendel\u00e9skor a k\u00f6vetkez\u0151ket k\u00e9rj\u00fck:\n1. A felirat pontos sz\u00f6vege\n2. A v\u00e1lasztott bet\u0171t\u00edpus\n3. M\u00e9ret, vastags\u00e1g \u00e9s sz\u00edn\n\nHa nem vagy biztos a bet\u0171t\u00edpusban vagy az elrendez\u00e9sben, k\u00fcld\u00fcnk el\u0151n\u00e9zeti k\u00e9pet j\u00f3v\u00e1hagy\u00e1sra, hogy biztosan az elk\u00e9pzel\u00e9sednek megfelel\u0151 darab k\u00e9sz\u00fclj\u00f6n. T\u00f6bb bet\u0171t\u00edpus k\u00f6z\u00fcl v\u00e1logathatsz az eleg\u00e1ns kurz\u00edvt\u00f3l a modern, letisztult st\u00edlusig.\n\nALKALMAZAS AZ ESKUVON\n\nHogyan haszn\u00e1lhatod az esk\u00fcv\u0151n?\n- A cerem\u00f3nia helysz\u00edn\u00e9n h\u00e1tt\u00e9rdekor\u00e1ci\u00f3k\u00e9nt az olt\u00e1r m\u00f6g\u00f6tt\n- A welcome-asztaln\u00e1l\n- A fot\u00f3sarokban vagy az aj\u00e1nd\u00e9kasztaln\u00e1l\n- A bej\u00e1ratn\u00e1l, hogy a vend\u00e9gek m\u00e1r \u00e9rkez\u00e9skor l\u00e1ss\u00e1k a p\u00e1r nev\u00e9t \u00e9s a d\u00e1tumot\n\nA nagy m\u00e9ret kifejezetten l\u00e1tv\u00e1nyos a fot\u00f3kon is, \u00e9s a fot\u00f3s is sz\u00edvesen haszn\u00e1lja h\u00e1tt\u00e9rk\u00e9nt a k\u00f6z\u00f6s k\u00e9pekhez.\n\nAZ ESKUVO UTAN\n\nAz esk\u00fcv\u0151 ut\u00e1n a falid\u00edsz nem ker\u00fcl a fi\u00f3kba: a h\u00e1l\u00f3szob\u00e1ban, nappaliban vagy az el\u0151szob\u00e1ban \u00f6r\u00f6k eml\u00e9ke lesz a Nagy Napnak. \u00c9vfordul\u00f3ra el\u0151venni vagy v\u00e9gleg a falra akasztani egyar\u00e1nt sz\u00e9p gesztus. Sokan a h\u00e1l\u00f3szob\u00e1ban az \u00e1gy f\u00f6l\u00e9 helyezik, ahol minden reggel eml\u00e9keztet a k\u00f6z\u00f6s \u00fatra.\n\nESKUVOI SZETT\n\nHa teljes, \u00f6sszehangolt esk\u00fcv\u0151i dekor\u00e1ci\u00f3t szeretn\u00e9l, n\u00e9zd meg a boltunkban el\u00e9rhet\u0151 esk\u00fcv\u0151i n\u00e9vt\u00e1bl\u00e1t k\u00f6r form\u00e1ban, az egyedi tortad\u00edszt \u00e9s tortabesz\u00far\u00f3t is. Ezek azonos st\u00edlusban, sz\u00ednben \u00e9s bet\u0171t\u00edpussal rendelhet\u0151k, \u00edgy egys\u00e9ges megjelen\u00e9st adhatsz az esk\u00fcv\u0151i helysz\u00ednnek a bej\u00e1ratt\u00f3l a tortaasztalig. A bet\u0171- \u00e9s monogram-dekor\u00e1ci\u00f3 is remek kieg\u00e9sz\u00edt\u0151 az asztalokra vagy a fot\u00f3falra. Az esk\u00fcv\u0151i szett elemeit k\u00fcl\u00f6n-k\u00fcl\u00f6n is megrendelheted, de egy\u00fctt alkotj\u00e1k a legszebb \u00f6sszk\u00e9pet.\n\nAJANDEKNAK\n\nAz esk\u00fcv\u0151i falid\u00edsz kiv\u00e1l\u00f3 aj\u00e1nd\u00e9k\u00f6tlet is: eljegyz\u00e9sre, \u00e9vfordul\u00f3ra, l\u00e1nyb\u00facs\u00fara vagy ak\u00e1r n\u00e1szaj\u00e1nd\u00e9kk\u00e9nt is szem\u00e9lyes \u00e9s maradand\u00f3 meglepet\u00e9s. Mivel egyedileg k\u00e9sz\u00fcl, a megaj\u00e1nd\u00e9kozott nev\u00e9vel \u00e9s d\u00e1tum\u00e1val val\u00f3ban egyszeri \u00e9s megism\u00e9telhetetlen.\n\nELKESZITESI IDO\n\nA rendel\u00e9s be\u00e9rkez\u00e9s\u00e9t\u0151l sz\u00e1m\u00edtva \u00e1ltal\u00e1ban 3-5 munkanap. Esk\u00fcv\u0151re sz\u00e1nt rendel\u00e9sekn\u00e9l k\u00e9rj\u00fck, legal\u00e1bb k\u00e9t h\u00e9ttel kor\u00e1bban rendelj.\n\nMinden term\u00e9k\u00fcnket egyedileg, rendel\u00e9sre k\u00e9sz\u00edtj\u00fck. K\u00e9rd\u00e9sed van? \u00cdrj b\u00e1tran, gyorsan v\u00e1laszolunk. N\u00e9zd meg a t\u00f6bbi term\u00e9k\u00fcnket is, h\u00e1tha tal\u00e1lsz m\u00e9g valamit, ami tetszik.","price":"3900.00","unit":"db","recommended":"0","status":"1","sponsored":"0","exp_notify":"0","own_material":"0","own_material_description_old":null,"own_material_description":"","jury":"0","jury_number":"","product_nature":"","meskaracsony":"0","create_date":"2026-03-12 15:03:45","shelve_id":"0","image":"darimi_product_702579_260312150339_996635.jpeg","image_width":"480","image_height":"434","image_alt":"Esk\u00fcv\u0151i falid\u00edsz egyedi n\u00e9vvel - szem\u00e9lyre szabhat\u00f3 esk\u00fcv\u0151i dekor\u00e1ci\u00f3, n\u00e9vt\u00e1bla falra, Egyedi esk\u00fcv\u0151i falid\u00edsz a p\u00e1r nev\u00e9vel, amely az esk\u00fcv\u0151i helysz\u00edn dekor\u00e1ci\u00f3j\u00e1nak l\u00e1tv\u00e1nyos eleme, \u00e9s ..., Meska","image_title":"Esk\u00fcv\u0151i falid\u00edsz egyedi n\u00e9vvel - szem\u00e9lyre szabhat\u00f3 esk\u00fcv\u0151i dekor\u00e1ci\u00f3, n\u00e9vt\u00e1bla falra, Meska","view_count":"87","favourite_count":"0","trending_score":"0","last2MonthFavouriteCount":"1","promotion":"0","giftcard_accept":"0","creditcard_accept":true,"enhanced_background":"0","domain":"meska","specific_customer_id":null,"specific_customer_name":null,"to_order_product":"1","to_order_product_time":"1","product_different":null,"product_different_description":"","vintage":"0","vintage_category_id":"0","recycled":"0","gemstone_id":"0","customizable":"1","type_category":"physical","zerowaste":"0","postage_price":"1349.00","shop_order":"0","has_category":"1","landing_pages":null,"microdata":{"number":17,"category":""},"title":"Esk\u00fcv\u0151i falid\u00edsz egyedi n\u00e9vvel - szem\u00e9lyre szabhat\u00f3 esk\u00fcv\u0151i dekor\u00e1ci\u00f3, n\u00e9vt\u00e1bla falra","description":"Egyedi esk\u00fcv\u0151i falid\u00edsz a p\u00e1r nev\u00e9vel, amely az esk\u00fcv\u0151i helysz\u00edn dekor\u00e1ci\u00f3j\u00e1nak l\u00e1tv\u00e1nyos eleme, \u00e9s ut\u00e1na otthon, a falon is \u00f6r\u00f6k eml\u00e9k marad. A feliratot teljes eg\u00e9sz\u00e9ben te hat\u00e1rozod meg: nevek, d\u00e1tum, \u00fczenet vagy b\u00e1rmilyen sz\u00f6veg ker\u00fclhet r\u00e1, a v\u00e1lasztott bet\u0171t\u00edpussal \u00e9s st\u00edlusban. Ez a falid\u00edsz nemcsak dekor\u00e1ci\u00f3, hanem az esk\u00fcv\u0151 szem\u00e9lyes lenyomata, amelyet \u00e9vtizedek m\u00falva is \u00f6r\u00f6m r\u00e1n\u00e9zni.\n\nM\u00c9RETEK\n\nA falid\u00edsz \u00f6t m\u00e9retben rendelhet\u0151:\n- 20x15 cm - asztali d\u00edszk\u00e9nt, polcon vagy a welcome-sarokban mutat j\u00f3l\n- 25x19 cm - kisebb dekor\u00e1ci\u00f3nak ide\u00e1lis\n- 30x23 cm - a legt\u00f6bb c\u00e9lra ide\u00e1lis: a helysz\u00ednen is j\u00f3l l\u00e1that\u00f3, otthon pedig nem foglal t\u00fal sok helyet a falon\n- 35x27 cm - \u00f6n\u00e1ll\u00f3 faldekor\u00e1ci\u00f3k\u00e9nt is figyelemfelkelt\u0151, az esk\u00fcv\u0151i fot\u00f3kon is kiv\u00e1l\u00f3an \u00e9rv\u00e9nyes\u00fcl h\u00e1tt\u00e9relemk\u00e9nt\n- 41x32 cm - a legnagyobb verzi\u00f3, l\u00e1tv\u00e1nyos h\u00e1tt\u00e9relem a k\u00f6z\u00f6s k\u00e9pekhez\n\nA vastags\u00e1g 3 mm \u00e9s 10 mm k\u00f6z\u00f6tt v\u00e1laszthat\u00f3. A v\u00e9konyabb verzi\u00f3 eleg\u00e1ns \u00e9s visszafogott, a vastagabb pedig hangs\u00falyosabb, t\u00e9rbeli megjelen\u00e9st ad a falra helyezve. Az 5-6 mm-es vastags\u00e1g a legt\u00f6bb esetben ide\u00e1lis egyens\u00faly a megjelen\u00e9s \u00e9s a s\u00faly k\u00f6z\u00f6tt. A 8-10 mm-es verzi\u00f3 pr\u00e9mium hat\u00e1st kelt, \u00e9s polcon megt\u00e1maszt\u00e1s n\u00e9lk\u00fcl is stabilan meg\u00e1ll.\n\nSZINEK\n\n\u00d6t alapsz\u00edn \u00e1ll rendelkez\u00e9sre:\n- Fekete - eleg\u00e1ns, modern helysz\u00ednekhez\n- Feh\u00e9r - vid\u00e9ki \u00e9s vintage hangulat\u00fa esk\u00fcv\u0151kh\u00f6z\n- Sz\u00fcrke\n- Ez\u00fcstsz\u00fcrke - visszafogott, kifinomult megjelen\u00e9s\n- \u00c9jk\u00e9k - modern helysz\u00ednekhez passzol\n\nEzek mindegyike j\u00f3l illeszkedik a legt\u00f6bb esk\u00fcv\u0151i sz\u00ednvil\u00e1ghoz \u00e9s lak\u00e1sbels\u0151 st\u00edlushoz egyar\u00e1nt.\n\nANYAG\n\nAz esk\u00fcv\u0151i falid\u00edsz tart\u00f3s, k\u00f6nny\u0171 PLA anyagb\u00f3l k\u00e9sz\u00fcl, amely belt\u00e9ri haszn\u00e1latra ide\u00e1lis. S\u00falya m\u00e9g a legnagyobb m\u00e9retben is csek\u00e9ly, \u00edgy nem terheli meg a falat.\n\nROGZITES\n\nA falra t\u00f6bbf\u00e9lek\u00e9ppen r\u00f6gz\u00edtheted:\n- Ragaszt\u00f3val\n- K\u00e9toldal\u00fa ragaszt\u00f3szalaggal\n- Sz\u00f6ggel\n\nHOGYAN RENDELHETSZ?\n\nRendel\u00e9skor a k\u00f6vetkez\u0151ket k\u00e9rj\u00fck:\n1. A felirat pontos sz\u00f6vege\n2. A v\u00e1lasztott bet\u0171t\u00edpus\n3. M\u00e9ret, vastags\u00e1g \u00e9s sz\u00edn\n\nHa nem vagy biztos a bet\u0171t\u00edpusban vagy az elrendez\u00e9sben, k\u00fcld\u00fcnk el\u0151n\u00e9zeti k\u00e9pet j\u00f3v\u00e1hagy\u00e1sra, hogy biztosan az elk\u00e9pzel\u00e9sednek megfelel\u0151 darab k\u00e9sz\u00fclj\u00f6n. T\u00f6bb bet\u0171t\u00edpus k\u00f6z\u00fcl v\u00e1logathatsz az eleg\u00e1ns kurz\u00edvt\u00f3l a modern, letisztult st\u00edlusig.\n\nALKALMAZAS AZ ESKUVON\n\nHogyan haszn\u00e1lhatod az esk\u00fcv\u0151n?\n- A cerem\u00f3nia helysz\u00edn\u00e9n h\u00e1tt\u00e9rdekor\u00e1ci\u00f3k\u00e9nt az olt\u00e1r m\u00f6g\u00f6tt\n- A welcome-asztaln\u00e1l\n- A fot\u00f3sarokban vagy az aj\u00e1nd\u00e9kasztaln\u00e1l\n- A bej\u00e1ratn\u00e1l, hogy a vend\u00e9gek m\u00e1r \u00e9rkez\u00e9skor l\u00e1ss\u00e1k a p\u00e1r nev\u00e9t \u00e9s a d\u00e1tumot\n\nA nagy m\u00e9ret kifejezetten l\u00e1tv\u00e1nyos a fot\u00f3kon is, \u00e9s a fot\u00f3s is sz\u00edvesen haszn\u00e1lja h\u00e1tt\u00e9rk\u00e9nt a k\u00f6z\u00f6s k\u00e9pekhez.\n\nAZ ESKUVO UTAN\n\nAz esk\u00fcv\u0151 ut\u00e1n a falid\u00edsz nem ker\u00fcl a fi\u00f3kba: a h\u00e1l\u00f3szob\u00e1ban, nappaliban vagy az el\u0151szob\u00e1ban \u00f6r\u00f6k eml\u00e9ke lesz a Nagy Napnak. \u00c9vfordul\u00f3ra el\u0151venni vagy v\u00e9gleg a falra akasztani egyar\u00e1nt sz\u00e9p gesztus. Sokan a h\u00e1l\u00f3szob\u00e1ban az \u00e1gy f\u00f6l\u00e9 helyezik, ahol minden reggel eml\u00e9keztet a k\u00f6z\u00f6s \u00fatra.\n\nESKUVOI SZETT\n\nHa teljes, \u00f6sszehangolt esk\u00fcv\u0151i dekor\u00e1ci\u00f3t szeretn\u00e9l, n\u00e9zd meg a boltunkban el\u00e9rhet\u0151 esk\u00fcv\u0151i n\u00e9vt\u00e1bl\u00e1t k\u00f6r form\u00e1ban, az egyedi tortad\u00edszt \u00e9s tortabesz\u00far\u00f3t is. Ezek azonos st\u00edlusban, sz\u00ednben \u00e9s bet\u0171t\u00edpussal rendelhet\u0151k, \u00edgy egys\u00e9ges megjelen\u00e9st adhatsz az esk\u00fcv\u0151i helysz\u00ednnek a bej\u00e1ratt\u00f3l a tortaasztalig. A bet\u0171- \u00e9s monogram-dekor\u00e1ci\u00f3 is remek kieg\u00e9sz\u00edt\u0151 az asztalokra vagy a fot\u00f3falra. Az esk\u00fcv\u0151i szett elemeit k\u00fcl\u00f6n-k\u00fcl\u00f6n is megrendelheted, de egy\u00fctt alkotj\u00e1k a legszebb \u00f6sszk\u00e9pet.\n\nAJANDEKNAK\n\nAz esk\u00fcv\u0151i falid\u00edsz kiv\u00e1l\u00f3 aj\u00e1nd\u00e9k\u00f6tlet is: eljegyz\u00e9sre, \u00e9vfordul\u00f3ra, l\u00e1nyb\u00facs\u00fara vagy ak\u00e1r n\u00e1szaj\u00e1nd\u00e9kk\u00e9nt is szem\u00e9lyes \u00e9s maradand\u00f3 meglepet\u00e9s. Mivel egyedileg k\u00e9sz\u00fcl, a megaj\u00e1nd\u00e9kozott nev\u00e9vel \u00e9s d\u00e1tum\u00e1val val\u00f3ban egyszeri \u00e9s megism\u00e9telhetetlen.\n\nELKESZITESI IDO\n\nA rendel\u00e9s be\u00e9rkez\u00e9s\u00e9t\u0151l sz\u00e1m\u00edtva \u00e1ltal\u00e1ban 3-5 munkanap. Esk\u00fcv\u0151re sz\u00e1nt rendel\u00e9sekn\u00e9l k\u00e9rj\u00fck, legal\u00e1bb k\u00e9t h\u00e9ttel kor\u00e1bban rendelj.\n\nMinden term\u00e9k\u00fcnket egyedileg, rendel\u00e9sre k\u00e9sz\u00edtj\u00fck. K\u00e9rd\u00e9sed van? \u00cdrj b\u00e1tran, gyorsan v\u00e1laszolunk. N\u00e9zd meg a t\u00f6bbi term\u00e9k\u00fcnket is, h\u00e1tha tal\u00e1lsz m\u00e9g valamit, ami tetszik.","score":0,"formatted_price":"3 900 Ft","image_url":"https:\/\/www.meska.hu\/img\/product\/small\/d\/a\/darimi_product_702579_260312150339_996635.jpeg","formatted_url":"https:\/\/www.meska.hu\/p5758777-eskuvoi-falidisz-egyedi-nevvel-szemelyre-szabhato-eskuvoi-dekoracio-nevtabla-falra","favourite":false,"in_stock":false,"avatar":"702579_avatar_1739694015.jpeg","delete_from":0,"is_enhanced_background":false,"is_enhanced":false,"product_selection_started":false,"is_active":true,"image_webp_url":"https:\/\/www.meska.hu\/img\/product\/small\/d\/a\/darimi_product_702579_260312150339_996635.webp"},{"id":"6149767","shop_id":"42555","user_id":"605557","shop_name":"LaserMemories","shop_zip":"3350","product_code":"5755896","product_name_old":null,"product_name":"Esk\u00fcv\u0151i Egyedi Felirat K\u00f6rben","category_string":"Esk\u00fcv\u0151, Dekor\u00e1ci\u00f3, Esk\u00fcv\u0151i feliratok","technic_string":"Famegmunk\u00e1l\u00e1s","category_1":"317","category_2":"907","category_3":"1846","category_4":"0","merged_category_1":null,"merged_category_2":null,"merged_category_3":null,"technic_1":"478","technic_2":"0","technic_3":"0","color_1":"512","color_2":"0","color_3":"0","product_description_old":null,"product_description":"Egyedi esk\u00fcv\u0151i felirat, v\u00e1laszthat\u00f3 bet\u0171t\u00edpussal:\n\nV\u00e1laszthat\u00f3 bet\u0171t\u00edpussal\n3mm vastag ny\u00edrf\u00e1b\u00f3l\nV\u00e1laszthat\u00f3 m\u00e9retben:\n50 cm\n60 cm\nA term\u00e9k magass\u00e1ga a v\u00e1lasztott bet\u0171t\u00edpust\u00f3l, illetve a sz\u00e9less\u00e9gt\u0151l f\u00fcgg.\n\nK\u00e9rlek \u00fczenetben \u00edrd meg a  nevet \u00e9s a fest\u00e9s sz\u00edn\u00e9t ha nem nat\u00farban k\u00e9red  :)\n\nFigyelem !! Csak h\u00e1zhoz sz\u00e1ll\u00edt\u00e1ssal k\u00e9rhet\u0151 term\u00e9k !!!","price":"10000.00","unit":"db","recommended":"0","status":"1","sponsored":"0","exp_notify":"0","own_material":"0","own_material_description_old":null,"own_material_description":"","jury":"0","jury_number":"","product_nature":"","meskaracsony":"0","create_date":"2026-03-08 20:46:54","shelve_id":"0","image":"lasermemories_product_605557_231011082301_787298.jpeg","image_width":"480","image_height":"360","image_alt":"Esk\u00fcv\u0151i Egyedi Felirat K\u00f6rben, Egyedi esk\u00fcv\u0151i felirat, v\u00e1laszthat\u00f3 bet\u0171t\u00edpussal:\\n\\nV\u00e1laszthat\u00f3 bet\u0171t\u00edpussal\\n3mm vastag ny\u00edrf\u00e1b\u00f3l\\nV\u00e1l..., Meska","image_title":"Esk\u00fcv\u0151i Egyedi Felirat K\u00f6rben, Meska","view_count":"65","favourite_count":"1","trending_score":"0","last2MonthFavouriteCount":"1","promotion":"0","giftcard_accept":"0","creditcard_accept":true,"enhanced_background":"0","domain":"meska","specific_customer_id":null,"specific_customer_name":null,"to_order_product":"1","to_order_product_time":"2","product_different":null,"product_different_description":"","vintage":"0","vintage_category_id":"0","recycled":"0","gemstone_id":"0","customizable":"1","type_category":"physical","zerowaste":"0","postage_price":"2500.00","shop_order":"0","has_category":"1","landing_pages":null,"microdata":{"number":18,"category":""},"title":"Esk\u00fcv\u0151i Egyedi Felirat K\u00f6rben","description":"Egyedi esk\u00fcv\u0151i felirat, v\u00e1laszthat\u00f3 bet\u0171t\u00edpussal:\n\nV\u00e1laszthat\u00f3 bet\u0171t\u00edpussal\n3mm vastag ny\u00edrf\u00e1b\u00f3l\nV\u00e1laszthat\u00f3 m\u00e9retben:\n50 cm\n60 cm\nA term\u00e9k magass\u00e1ga a v\u00e1lasztott bet\u0171t\u00edpust\u00f3l, illetve a sz\u00e9less\u00e9gt\u0151l f\u00fcgg.\n\nK\u00e9rlek \u00fczenetben \u00edrd meg a  nevet \u00e9s a fest\u00e9s sz\u00edn\u00e9t ha nem nat\u00farban k\u00e9red  :)\n\nFigyelem !! Csak h\u00e1zhoz sz\u00e1ll\u00edt\u00e1ssal k\u00e9rhet\u0151 term\u00e9k !!!","score":0,"formatted_price":"10 000 Ft","image_url":"https:\/\/www.meska.hu\/img\/product\/small\/l\/a\/lasermemories_product_605557_231011082301_787298.jpeg","formatted_url":"https:\/\/www.meska.hu\/p5755896-eskuvoi-egyedi-felirat-korben","favourite":false,"in_stock":false,"avatar":"605557_avatar_1696093903.jpeg","delete_from":0,"is_enhanced_background":false,"is_enhanced":false,"product_selection_started":false,"is_active":true,"image_webp_url":"https:\/\/www.meska.hu\/img\/product\/small\/l\/a\/lasermemories_product_605557_231011082301_787298.webp"},{"id":"6148654","shop_id":"42555","user_id":"605557","shop_name":"LaserMemories","shop_zip":"3350","product_code":"5754879","product_name_old":null,"product_name":"Esk\u00fcv\u0151i dupla hatsz\u00f6g alak\u00fa n\u00e9vt\u00e1bla","category_string":"Esk\u00fcv\u0151, Dekor\u00e1ci\u00f3, Esk\u00fcv\u0151i feliratok","technic_string":"Famegmunk\u00e1l\u00e1s","category_1":"317","category_2":"907","category_3":"1846","category_4":"0","merged_category_1":null,"merged_category_2":null,"merged_category_3":null,"technic_1":"478","technic_2":"0","technic_3":"0","color_1":"512","color_2":"0","color_3":"0","product_description_old":null,"product_description":"Figyelem !! Csak h\u00e1zhoz sz\u00e1ll\u00edt\u00e1ssal k\u00e9rhet\u0151 term\u00e9k !!!\n\n\nEleg\u00e1ns, egyedi k\u00e9sz\u00edt\u00e9s\u0171 l\u00e9zerv\u00e1gott esk\u00fcv\u0151i t\u00e1bla, amely t\u00f6k\u00e9letes d\u00edsze lehet a f\u0151asztal h\u00e1tter\u00e9nek. A hatsz\u00f6g (hexagon) form\u00e1j\u00fa t\u00e1bl\u00e1ra a p\u00e1r neve ker\u00fcl  kiv\u00e1gva \u2013 letisztult, st\u00edlusos megjelen\u00e9ssel, ami illik boh\u00f3, rusztikus, vintage vagy modern esk\u00fcv\u0151i dekor\u00e1ci\u00f3hoz is.\n\nT\u00f6k\u00e9letes v\u00e1laszt\u00e1s:\n\nf\u0151asztal m\u00f6g\u00e9 h\u00e1tt\u00e9rdekor\u00e1ci\u00f3nak,\n\nfot\u00f3fal el\u00e9,\n\ncerem\u00f3nia helysz\u00ednre,\n\notthoni eml\u00e9kk\u00e9nt az esk\u00fcv\u0151 ut\u00e1n.\n\n\nSz\u00ednek, bet\u0171t\u00edpusok \u00e9s m\u00e9retek ig\u00e9ny szerint v\u00e1laszthat\u00f3k \u2013 \u00edrj \u00fczenetet, \u00e9s egyeztetj\u00fck a r\u00e9szleteket!\n\nEz a t\u00e1bla nemcsak l\u00e1tv\u00e1nyos esk\u00fcv\u0151i dekor\u00e1ci\u00f3, de \u00f6r\u00f6k eml\u00e9k is, amely az otthonotok fal\u00e1n is gy\u00f6ny\u00f6r\u0171en mutat majd.","price":"11000.00","unit":"db","recommended":"0","status":"1","sponsored":"0","exp_notify":"0","own_material":"0","own_material_description_old":null,"own_material_description":"","jury":"0","jury_number":"","product_nature":"","meskaracsony":"0","create_date":"2026-03-08 18:41:27","shelve_id":"80729","image":"lasermemories_product_605557_240724111819_166527.jpeg","image_width":"480","image_height":"640","image_alt":"Esk\u00fcv\u0151i dupla hatsz\u00f6g alak\u00fa n\u00e9vt\u00e1bla, Figyelem !! Csak h\u00e1zhoz sz\u00e1ll\u00edt\u00e1ssal k\u00e9rhet\u0151 term\u00e9k !!!\\n\\n\\nEleg\u00e1ns, egyedi k\u00e9sz\u00edt\u00e9s\u0171 l\u00e9zerv\u00e1gott esk\u00fc..., Meska","image_title":"Esk\u00fcv\u0151i dupla hatsz\u00f6g alak\u00fa n\u00e9vt\u00e1bla, Meska","view_count":"65","favourite_count":"0","trending_score":"0","last2MonthFavouriteCount":"1","promotion":"0","giftcard_accept":"0","creditcard_accept":true,"enhanced_background":"0","domain":"meska","specific_customer_id":null,"specific_customer_name":null,"to_order_product":"1","to_order_product_time":"2","product_different":null,"product_different_description":"","vintage":"0","vintage_category_id":"0","recycled":"0","gemstone_id":"0","customizable":"1","type_category":"physical","zerowaste":"0","postage_price":"2500.00","shop_order":"0","has_category":"1","landing_pages":null,"microdata":{"number":19,"category":""},"title":"Esk\u00fcv\u0151i dupla hatsz\u00f6g alak\u00fa n\u00e9vt\u00e1bla","description":"Figyelem !! Csak h\u00e1zhoz sz\u00e1ll\u00edt\u00e1ssal k\u00e9rhet\u0151 term\u00e9k !!!\n\n\nEleg\u00e1ns, egyedi k\u00e9sz\u00edt\u00e9s\u0171 l\u00e9zerv\u00e1gott esk\u00fcv\u0151i t\u00e1bla, amely t\u00f6k\u00e9letes d\u00edsze lehet a f\u0151asztal h\u00e1tter\u00e9nek. A hatsz\u00f6g (hexagon) form\u00e1j\u00fa t\u00e1bl\u00e1ra a p\u00e1r neve ker\u00fcl  kiv\u00e1gva \u2013 letisztult, st\u00edlusos megjelen\u00e9ssel, ami illik boh\u00f3, rusztikus, vintage vagy modern esk\u00fcv\u0151i dekor\u00e1ci\u00f3hoz is.\n\nT\u00f6k\u00e9letes v\u00e1laszt\u00e1s:\n\nf\u0151asztal m\u00f6g\u00e9 h\u00e1tt\u00e9rdekor\u00e1ci\u00f3nak,\n\nfot\u00f3fal el\u00e9,\n\ncerem\u00f3nia helysz\u00ednre,\n\notthoni eml\u00e9kk\u00e9nt az esk\u00fcv\u0151 ut\u00e1n.\n\n\nSz\u00ednek, bet\u0171t\u00edpusok \u00e9s m\u00e9retek ig\u00e9ny szerint v\u00e1laszthat\u00f3k \u2013 \u00edrj \u00fczenetet, \u00e9s egyeztetj\u00fck a r\u00e9szleteket!\n\nEz a t\u00e1bla nemcsak l\u00e1tv\u00e1nyos esk\u00fcv\u0151i dekor\u00e1ci\u00f3, de \u00f6r\u00f6k eml\u00e9k is, amely az otthonotok fal\u00e1n is gy\u00f6ny\u00f6r\u0171en mutat majd.","score":0,"formatted_price":"11 000 Ft","image_url":"https:\/\/www.meska.hu\/img\/product\/small\/l\/a\/lasermemories_product_605557_240724111819_166527.jpeg","formatted_url":"https:\/\/www.meska.hu\/p5754879-eskuvoi-dupla-hatszog-alaku-nevtabla","favourite":false,"in_stock":false,"avatar":"605557_avatar_1696093903.jpeg","delete_from":0,"is_enhanced_background":false,"is_enhanced":false,"product_selection_started":false,"is_active":true,"image_webp_url":"https:\/\/www.meska.hu\/img\/product\/small\/l\/a\/lasermemories_product_605557_240724111819_166527.webp"},{"id":"6073568","shop_id":"42555","user_id":"605557","shop_name":"LaserMemories","shop_zip":"3350","product_code":"5703075","product_name_old":null,"product_name":"Esk\u00fcv\u0151i Egyedi Felirat K\u00f6rben","category_string":"Esk\u00fcv\u0151, Dekor\u00e1ci\u00f3, Esk\u00fcv\u0151i feliratok","technic_string":"Famegmunk\u00e1l\u00e1s","category_1":"317","category_2":"907","category_3":"1846","category_4":"0","merged_category_1":null,"merged_category_2":null,"merged_category_3":null,"technic_1":"478","technic_2":"0","technic_3":"0","color_1":"512","color_2":"0","color_3":"0","product_description_old":null,"product_description":"Egyedi esk\u00fcv\u0151i felirat, v\u00e1laszthat\u00f3 bet\u0171t\u00edpussal:\n\nV\u00e1laszthat\u00f3 bet\u0171t\u00edpussal\n3mm vastag ny\u00edrf\u00e1b\u00f3l\nV\u00e1laszthat\u00f3 m\u00e9retben:\n50 cm\n60 cm\nA term\u00e9k magass\u00e1ga a v\u00e1lasztott bet\u0171t\u00edpust\u00f3l, illetve a sz\u00e9less\u00e9gt\u0151l f\u00fcgg.\n\nK\u00e9rlek \u00fczenetben \u00edrd meg a  nevet \u00e9s a fest\u00e9s sz\u00edn\u00e9t ha nem nat\u00farban k\u00e9red  :)\n\nFigyelem !! Csak h\u00e1zhoz sz\u00e1ll\u00edt\u00e1ssal k\u00e9rhet\u0151 term\u00e9k !!!","price":"10000.00","unit":"db","recommended":"0","status":"1","sponsored":"0","exp_notify":"0","own_material":"0","own_material_description_old":null,"own_material_description":"","jury":"0","jury_number":"","product_nature":"","meskaracsony":"0","create_date":"2026-03-05 21:31:01","shelve_id":"0","image":"lasermemories_product_605557_231011082301_787298.jpeg","image_width":"480","image_height":"360","image_alt":"Esk\u00fcv\u0151i Egyedi Felirat K\u00f6rben, Egyedi esk\u00fcv\u0151i felirat, v\u00e1laszthat\u00f3 bet\u0171t\u00edpussal:\\n\\nV\u00e1laszthat\u00f3 bet\u0171t\u00edpussal\\n3mm vastag ny\u00edrf\u00e1b\u00f3l\\nV\u00e1l..., Meska","image_title":"Esk\u00fcv\u0151i Egyedi Felirat K\u00f6rben, Meska","view_count":"153","favourite_count":"0","trending_score":"0","last2MonthFavouriteCount":"0","promotion":"0","giftcard_accept":"0","creditcard_accept":true,"enhanced_background":"0","domain":"meska","specific_customer_id":null,"specific_customer_name":null,"to_order_product":"1","to_order_product_time":"2","product_different":null,"product_different_description":"","vintage":"0","vintage_category_id":"0","recycled":"0","gemstone_id":"0","customizable":"1","type_category":"physical","zerowaste":"0","postage_price":"2500.00","shop_order":"0","has_category":"1","landing_pages":null,"microdata":{"number":20,"category":""},"title":"Esk\u00fcv\u0151i Egyedi Felirat K\u00f6rben","description":"Egyedi esk\u00fcv\u0151i felirat, v\u00e1laszthat\u00f3 bet\u0171t\u00edpussal:\n\nV\u00e1laszthat\u00f3 bet\u0171t\u00edpussal\n3mm vastag ny\u00edrf\u00e1b\u00f3l\nV\u00e1laszthat\u00f3 m\u00e9retben:\n50 cm\n60 cm\nA term\u00e9k magass\u00e1ga a v\u00e1lasztott bet\u0171t\u00edpust\u00f3l, illetve a sz\u00e9less\u00e9gt\u0151l f\u00fcgg.\n\nK\u00e9rlek \u00fczenetben \u00edrd meg a  nevet \u00e9s a fest\u00e9s sz\u00edn\u00e9t ha nem nat\u00farban k\u00e9red  :)\n\nFigyelem !! Csak h\u00e1zhoz sz\u00e1ll\u00edt\u00e1ssal k\u00e9rhet\u0151 term\u00e9k !!!","score":0,"formatted_price":"10 000 Ft","image_url":"https:\/\/www.meska.hu\/img\/product\/small\/l\/a\/lasermemories_product_605557_231011082301_787298.jpeg","formatted_url":"https:\/\/www.meska.hu\/p5703075-eskuvoi-egyedi-felirat-korben","favourite":false,"in_stock":false,"avatar":"605557_avatar_1696093903.jpeg","delete_from":0,"is_enhanced_background":false,"is_enhanced":false,"product_selection_started":false,"is_active":true,"image_webp_url":"https:\/\/www.meska.hu\/img\/product\/small\/l\/a\/lasermemories_product_605557_231011082301_787298.webp"},{"id":"5718470","shop_id":"47493","user_id":"696316","shop_name":"Tamasilezer","shop_zip":"7090","product_code":"5512583","product_name_old":null,"product_name":"Mr \u00e9s Mrs fa felirat - Eleg\u00e1ns esk\u00fcv\u0151i dekor\u00e1ci\u00f3 ","category_string":"Esk\u00fcv\u0151, Dekor\u00e1ci\u00f3, Esk\u00fcv\u0151i feliratok","technic_string":"Famegmunk\u00e1l\u00e1s","category_1":"317","category_2":"907","category_3":"1846","category_4":"0","merged_category_1":null,"merged_category_2":null,"merged_category_3":null,"technic_1":"478","technic_2":"0","technic_3":"0","color_1":"515","color_2":"0","color_3":"0","product_description_old":null,"product_description":"Tedd k\u00fcl\u00f6nlegess\u00e9 az esk\u00fcv\u0151i f\u0151asztalt ezzel a l\u00e9zerv\u00e1gott, nat\u00far fa Mr \u00e9s Mrs felirattal!\nA 15 cm magas \u00e9s 30-34 cm sz\u00e9les dekor\u00e1ci\u00f3 t\u00f6k\u00e9letes v\u00e1laszt\u00e1s az ifj\u00fa p\u00e1r sz\u00e1m\u00e1ra, hogy hangs\u00falyozza a nagy nap egyedis\u00e9g\u00e9t \u00e9s romantikus hangulat\u00e1t.\n\nMi\u00e9rt j\u00f3?\n Term\u00e9szetes \u00e9s letisztult \u2013 Nat\u00far fa anyaga eleg\u00e1nsan illeszkedik b\u00e1rmilyen esk\u00fcv\u0151i dekor\u00e1ci\u00f3hoz.\nT\u00f6k\u00e9letes f\u0151asztali kieg\u00e9sz\u00edt\u0151 \u2013 L\u00e1tv\u00e1nyos, de nem tolakod\u00f3, \u00edgy gy\u00f6ny\u00f6r\u0171 \u00f6sszhangot teremt a dekor\u00e1ci\u00f3val.\n Sokoldal\u00faan felhaszn\u00e1lhat\u00f3 \u2013 Az esk\u00fcv\u0151 ut\u00e1n otthoni dekor\u00e1ci\u00f3k\u00e9nt vagy fot\u00f3z\u00e1si kell\u00e9kk\u00e9nt is meg\u0151rizhet\u0151.\nId\u0151t\u00e1ll\u00f3 \u00e9s fenntarthat\u00f3 \u2013 Kiv\u00e1l\u00f3 min\u0151s\u00e9g\u0171 faanyagb\u00f3l k\u00e9sz\u00fcl, k\u00f6rnyezetbar\u00e1t v\u00e1laszt\u00e1s.\n\n Kinek aj\u00e1nlott?\n* Esk\u00fcv\u0151 el\u0151tt \u00e1ll\u00f3 p\u00e1roknak, akik szeretn\u00e9k egyedi dekor\u00e1ci\u00f3val feldobni a f\u0151asztalt.\n* Esk\u00fcv\u0151szervez\u0151knek \u00e9s dekorosoknak, akik term\u00e9szetes, eleg\u00e1ns d\u00edsz\u00edt\u0151elemeket keresnek.\n* Aj\u00e1nd\u00e9kk\u00e9nt is t\u00f6k\u00e9letes, ha meglepn\u00e9d az ifj\u00fa p\u00e1rt egy maradand\u00f3 eml\u00e9kkel.\n\n Elk\u00e9sz\u00edt\u00e9s: 1-2 munkanap\n Sz\u00e1ll\u00edt\u00e1s: Foxpost automat\u00e1ba\n\nTedd m\u00e9g var\u00e1zslatosabb\u00e1 az esk\u00fcv\u0151t ezzel a st\u00edlusos fa dekor\u00e1ci\u00f3val! \n","price":"4990.00","unit":"db","recommended":"0","status":"1","sponsored":"0","exp_notify":"0","own_material":"0","own_material_description_old":null,"own_material_description":"","jury":"0","jury_number":"","product_nature":"","meskaracsony":"0","create_date":"2026-03-02 18:30:24","shelve_id":"0","image":"tamasilezer_product_696316_250307164300_791293.jpeg","image_width":"480","image_height":"480","image_alt":"Mr \u00e9s Mrs fa felirat - Eleg\u00e1ns esk\u00fcv\u0151i dekor\u00e1ci\u00f3 , Tedd k\u00fcl\u00f6nlegess\u00e9 az esk\u00fcv\u0151i f\u0151asztalt ezzel a l\u00e9zerv\u00e1gott, nat\u00far fa Mr \u00e9s Mrs felirattal!\\nA 15 cm m..., Meska","image_title":"Mr \u00e9s Mrs fa felirat - Eleg\u00e1ns esk\u00fcv\u0151i dekor\u00e1ci\u00f3 , Meska","view_count":"274","favourite_count":"0","trending_score":"0","last2MonthFavouriteCount":"0","promotion":"0","giftcard_accept":"0","creditcard_accept":false,"enhanced_background":"0","domain":"meska","specific_customer_id":null,"specific_customer_name":null,"to_order_product":"1","to_order_product_time":"2","product_different":null,"product_different_description":"","vintage":"0","vintage_category_id":"0","recycled":"0","gemstone_id":"0","customizable":"0","type_category":"physical","zerowaste":"0","postage_price":"4000.00","shop_order":"0","has_category":"1","landing_pages":null,"microdata":{"number":21,"category":""},"title":"Mr \u00e9s Mrs fa felirat - Eleg\u00e1ns esk\u00fcv\u0151i dekor\u00e1ci\u00f3 ","description":"Tedd k\u00fcl\u00f6nlegess\u00e9 az esk\u00fcv\u0151i f\u0151asztalt ezzel a l\u00e9zerv\u00e1gott, nat\u00far fa Mr \u00e9s Mrs felirattal!\nA 15 cm magas \u00e9s 30-34 cm sz\u00e9les dekor\u00e1ci\u00f3 t\u00f6k\u00e9letes v\u00e1laszt\u00e1s az ifj\u00fa p\u00e1r sz\u00e1m\u00e1ra, hogy hangs\u00falyozza a nagy nap egyedis\u00e9g\u00e9t \u00e9s romantikus hangulat\u00e1t.\n\nMi\u00e9rt j\u00f3?\n Term\u00e9szetes \u00e9s letisztult \u2013 Nat\u00far fa anyaga eleg\u00e1nsan illeszkedik b\u00e1rmilyen esk\u00fcv\u0151i dekor\u00e1ci\u00f3hoz.\nT\u00f6k\u00e9letes f\u0151asztali kieg\u00e9sz\u00edt\u0151 \u2013 L\u00e1tv\u00e1nyos, de nem tolakod\u00f3, \u00edgy gy\u00f6ny\u00f6r\u0171 \u00f6sszhangot teremt a dekor\u00e1ci\u00f3val.\n Sokoldal\u00faan felhaszn\u00e1lhat\u00f3 \u2013 Az esk\u00fcv\u0151 ut\u00e1n otthoni dekor\u00e1ci\u00f3k\u00e9nt vagy fot\u00f3z\u00e1si kell\u00e9kk\u00e9nt is meg\u0151rizhet\u0151.\nId\u0151t\u00e1ll\u00f3 \u00e9s fenntarthat\u00f3 \u2013 Kiv\u00e1l\u00f3 min\u0151s\u00e9g\u0171 faanyagb\u00f3l k\u00e9sz\u00fcl, k\u00f6rnyezetbar\u00e1t v\u00e1laszt\u00e1s.\n\n Kinek aj\u00e1nlott?\n* Esk\u00fcv\u0151 el\u0151tt \u00e1ll\u00f3 p\u00e1roknak, akik szeretn\u00e9k egyedi dekor\u00e1ci\u00f3val feldobni a f\u0151asztalt.\n* Esk\u00fcv\u0151szervez\u0151knek \u00e9s dekorosoknak, akik term\u00e9szetes, eleg\u00e1ns d\u00edsz\u00edt\u0151elemeket keresnek.\n* Aj\u00e1nd\u00e9kk\u00e9nt is t\u00f6k\u00e9letes, ha meglepn\u00e9d az ifj\u00fa p\u00e1rt egy maradand\u00f3 eml\u00e9kkel.\n\n Elk\u00e9sz\u00edt\u00e9s: 1-2 munkanap\n Sz\u00e1ll\u00edt\u00e1s: Foxpost automat\u00e1ba\n\nTedd m\u00e9g var\u00e1zslatosabb\u00e1 az esk\u00fcv\u0151t ezzel a st\u00edlusos fa dekor\u00e1ci\u00f3val! \n","score":0,"formatted_price":"4 990 Ft","image_url":"https:\/\/www.meska.hu\/img\/product\/small\/t\/a\/tamasilezer_product_696316_250307164300_791293.jpeg","formatted_url":"https:\/\/www.meska.hu\/p5512583-mr-es-mrs-fa-felirat-elegans-eskuvoi-dekoracio","favourite":false,"in_stock":false,"avatar":"696316_avatar_1734446196.jpeg","delete_from":0,"is_enhanced_background":false,"is_enhanced":false,"product_selection_started":false,"is_active":true,"image_webp_url":"https:\/\/www.meska.hu\/img\/product\/small\/t\/a\/tamasilezer_product_696316_250307164300_791293.webp"},{"id":"5899526","shop_id":"47945","user_id":"702579","shop_name":"Darimi","shop_zip":"2030","product_code":"5610446","product_name_old":null,"product_name":"Egyedi bet\u0171, monogram, kezd\u0151bet\u0171 dekor\u00e1ci\u00f3 - szem\u00e9lyre szabhat\u00f3 bet\u0171d\u00edsz esk\u00fcv\u0151re, aj\u00e1nd\u00e9kba","category_string":"Esk\u00fcv\u0151, Dekor\u00e1ci\u00f3, Esk\u00fcv\u0151i feliratok","technic_string":"Mindenm\u00e1s","category_1":"317","category_2":"907","category_3":"1846","category_4":"0","merged_category_1":null,"merged_category_2":null,"merged_category_3":null,"technic_1":"493","technic_2":"0","technic_3":"0","color_1":"519","color_2":"520","color_3":"521","product_description_old":null,"product_description":"Szem\u00e9lyre szabhat\u00f3 dekorat\u00edv bet\u0171, monogram vagy kezd\u0151bet\u0171, amely egyedi d\u00edsze lehet esk\u00fcv\u0151nek, lak\u00e1snak, gyerekszob\u00e1nak vagy b\u00e1rmilyen \u00fcnnepi alkalomnak. Ak\u00e1r egyetlen nagybet\u0171t, ak\u00e1r monogramot, ak\u00e1r \u00f6sszekapcsolt kezd\u0151bet\u0171ket rendelsz, minden darabot a te elk\u00e9pzel\u00e9seid szerint k\u00e9sz\u00edt\u00fcnk el.\n\nMERETEK\n\nA bet\u0171dekor\u00e1ci\u00f3 n\u00e9gyf\u00e9le m\u00e9retben \u00e9rhet\u0151 el:\n- 20 cm - polcra, asztalra val\u00f3 d\u00edsznek ide\u00e1lis\n- 25 cm - kisebb falfel\u00fcletre, ajt\u00f3ra\n- 30 cm - falra f\u00fcggesztve is l\u00e1tv\u00e1nyos\n- 35 cm - esk\u00fcv\u0151i fot\u00f3faln\u00e1l vagy a helysz\u00edn bej\u00e1rat\u00e1n\u00e1l is j\u00f3l \u00e9rv\u00e9nyes\u00fcl, messzir\u0151l is olvashat\u00f3 \u00e9s dekorat\u00edv\n\nVASTAGS\u00c1G\n\nA vastags\u00e1got 3 mm \u00e9s 13 mm k\u00f6z\u00f6tt szabadon v\u00e1laszthatod. A v\u00e9konyabb verzi\u00f3 k\u00f6nnyebb \u00e9s finomabb, falra ragasztva eleg\u00e1ns megjelen\u00e9st ad. A vastagabb v\u00e1ltozatok (8 mm-t\u0151l 13 mm-ig) \u00f6n\u00e1ll\u00f3an is meg\u00e1llnak, \u00edgy polcon, kandall\u00f3p\u00e1rk\u00e1nyon, \u00e9jjeliszekr\u00e9nyen is elhelyezhet\u0151k megt\u00e1maszt\u00e1s n\u00e9lk\u00fcl.\n\nA vastags\u00e1g \u00e9s a m\u00e9ret kombin\u00e1l\u00e1s\u00e1val a bet\u0171 karaktere jelent\u0151sen v\u00e1ltoztathat\u00f3: egy v\u00e9kony, nagy bet\u0171 l\u00e9gies \u00e9s modern, egy vastag, kisebb bet\u0171 pedig s\u00falyos \u00e9s mark\u00e1ns hat\u00e1st kelt.\n\nSZINEK\n\n\u00d6t alapsz\u00ednb\u0151l v\u00e1logathatsz:\n- Fekete\n- Feh\u00e9r\n- Sz\u00fcrke\n- Ez\u00fcstsz\u00fcrke\n- \u00c9jk\u00e9k\n\nA sz\u00ednv\u00e1laszt\u00e9k a legt\u00f6bb lak\u00e1sbels\u0151 st\u00edlushoz \u00e9s esk\u00fcv\u0151i dekor\u00e1ci\u00f3hoz illeszkedik. A fekete \u00e9s \u00e9jk\u00e9k modern enteri\u0151rbe illik, a feh\u00e9r skandin\u00e1v \u00e9s minimalista st\u00edlushoz passzol, az ez\u00fcstsz\u00fcrke visszafogott eleganci\u00e1t sug\u00e1roz.\n\nANYAG\n\nAz anyag tart\u00f3s, k\u00f6nny\u0171 PLA, belt\u00e9ri haszn\u00e1latra t\u00f6k\u00e9letesen alkalmas. Falra ragaszt\u00f3val vagy k\u00e9toldal\u00fa ragaszt\u00f3szalaggal r\u00f6gz\u00edtheted, polcra egyszer\u0171en r\u00e1\u00e1ll\u00edthatod. S\u00falya m\u00e9g a legnagyobb m\u00e9retben is csek\u00e9ly.\n\nHOGYAN RENDELHETSZ?\n\nRendel\u00e9skor add meg a k\u00edv\u00e1nt bet\u0171t vagy bet\u0171kombin\u00e1ci\u00f3t, a v\u00e1lasztott bet\u0171t\u00edpust, m\u00e9retet, vastags\u00e1got \u00e9s sz\u00ednt. T\u00f6bb bet\u0171t\u00edpus k\u00f6z\u00fcl v\u00e1logathatsz, \u00e9s ha szeretn\u00e9d, el\u0151n\u00e9zeti k\u00e9pet is k\u00fcld\u00fcnk, miel\u0151tt nekil\u00e1tunk a gy\u00e1rt\u00e1snak. Ha monogramot rendelsz, a bet\u0171k elrendez\u00e9s\u00e9t \u00e9s \u00f6sszekapcsol\u00e1s\u00e1nak m\u00f3dj\u00e1t is megbesz\u00e9lj\u00fck.\n\nMIRE JO?\n\n- Esk\u00fcv\u0151i dekor\u00e1ci\u00f3: a p\u00e1r kezd\u0151bet\u0171i az asztalon, a welcome-sarokban vagy a tortaasztaln\u00e1l. T\u00f6bb bet\u0171 egym\u00e1s mell\u00e9 rendezve a teljes csal\u00e1dnevet is ki\u00edrhatod.\n- Gyerekszoba: a gyerek nev\u00e9nek kezd\u0151bet\u0171je az ajt\u00f3n vagy a fal felett, ak\u00e1r t\u00f6bb bet\u0171 egym\u00e1s mell\u00e9 sorolva a teljes nevet ki\u00edrva. Babaszob\u00e1ba a baba nev\u00e9vel k\u00fcl\u00f6n\u00f6sen kedves dekor\u00e1ci\u00f3.\n- Aj\u00e1nd\u00e9k: n\u00e9vnapra, sz\u00fclet\u00e9snapra, kar\u00e1csonyra szem\u00e9lyes \u00e9s maradand\u00f3 meglepet\u00e9s. A megaj\u00e1nd\u00e9kozott monogramj\u00e1val k\u00e9sz\u00fclve garant\u00e1ltan egyedi.\n- Lak\u00e1sdekor\u00e1ci\u00f3: a nappaliban, h\u00e1l\u00f3szob\u00e1ban, el\u0151szob\u00e1ban modern \u00e9s letisztult d\u00edszelem, amely szem\u00e9lyes karaktert ad a szob\u00e1nak.\n- Fot\u00f3z\u00e1s: kismama-fot\u00f3z\u00e1shoz, baba-fot\u00f3z\u00e1shoz vagy csal\u00e1di fot\u00f3khoz karakteres kell\u00e9k, amelyet ut\u00e1na dekor\u00e1ci\u00f3k\u00e9nt is megtarthatod.\n\nKAPCSOLODO TERMEKEK\n\nHa esk\u00fcv\u0151re k\u00e9sz\u00fclsz, \u00e9rdemes megn\u00e9zned a boltunkban el\u00e9rhet\u0151 esk\u00fcv\u0151i n\u00e9vt\u00e1bl\u00e1t \u00e9s az egyedi esk\u00fcv\u0151i falid\u00edszt is, amelyek azonos st\u00edlusban \u00e9s sz\u00ednben rendelhet\u0151k. Az esk\u00fcv\u0151i tortad\u00edsszel \u00e9s tortabesz\u00far\u00f3val egy\u00fctt teljes, \u00f6sszehangolt esk\u00fcv\u0151i dekor\u00e1ci\u00f3 \u00e1ll\u00edthat\u00f3 \u00f6ssze, amelyben minden elem egys\u00e9ges bet\u0171t\u00edpussal \u00e9s sz\u00ednvil\u00e1ggal k\u00e9sz\u00fcl.\n\nAj\u00e1nd\u00e9kba sz\u00e1nod? A Valentin-napi Scrabble aj\u00e1nd\u00e9kkal egy\u00fctt igaz\u00e1n szem\u00e9lyes meglepet\u00e9st adhatsz. A babaszoba dekor\u00e1ci\u00f3 k\u00edn\u00e1latunkb\u00f3l is \u00e9rdemes v\u00e1logatni, ha gyerekszob\u00e1ba keresed.\n\nELKESZITESI IDO\n\nMivel minden darabot egyedileg k\u00e9sz\u00edt\u00fcnk rendel\u00e9sre, az elk\u00e9sz\u00edt\u00e9si id\u0151 \u00e1ltal\u00e1ban 3-5 munkanap. K\u00e9rj\u00fck, \u00fcnnepi alkalmak el\u0151tt legal\u00e1bb k\u00e9t h\u00e9ttel rendelj, hogy biztosan id\u0151ben meg\u00e9rkezzen.\n\nMinden term\u00e9k\u00fcnket egyedileg, rendel\u00e9sre k\u00e9sz\u00edtj\u00fck. K\u00e9rd\u00e9sed van? \u00cdrj b\u00e1tran, gyorsan v\u00e1laszolunk. N\u00e9zd meg a t\u00f6bbi term\u00e9k\u00fcnket is, h\u00e1tha tal\u00e1lsz m\u00e9g valamit, ami tetszik.","price":"1790.00","unit":"db","recommended":"0","status":"1","sponsored":"0","exp_notify":"0","own_material":"0","own_material_description_old":null,"own_material_description":"","jury":"0","jury_number":"","product_nature":"","meskaracsony":"0","create_date":"2026-02-26 10:34:45","shelve_id":"0","image":"darimi_product_702579_250821212213_442988.jpeg","image_width":"480","image_height":"480","image_alt":"Egyedi bet\u0171, monogram, kezd\u0151bet\u0171 dekor\u00e1ci\u00f3 - szem\u00e9lyre szabhat\u00f3 bet\u0171d\u00edsz esk\u00fcv\u0151re, aj\u00e1nd\u00e9kba, Szem\u00e9lyre szabhat\u00f3 dekorat\u00edv bet\u0171, monogram vagy kezd\u0151bet\u0171, amely egyedi d\u00edsze lehet esk\u00fcv\u0151nek, lak\u00e1..., Meska","image_title":"Egyedi bet\u0171, monogram, kezd\u0151bet\u0171 dekor\u00e1ci\u00f3 - szem\u00e9lyre szabhat\u00f3 bet\u0171d\u00edsz esk\u00fcv\u0151re, aj\u00e1nd\u00e9kba, Meska","view_count":"2980","favourite_count":"0","trending_score":"0","last2MonthFavouriteCount":"0","promotion":"0","giftcard_accept":"0","creditcard_accept":true,"enhanced_background":"0","domain":"meska","specific_customer_id":null,"specific_customer_name":null,"to_order_product":"1","to_order_product_time":"2","product_different":null,"product_different_description":"","vintage":"0","vintage_category_id":"0","recycled":"0","gemstone_id":"0","customizable":"1","type_category":"physical","zerowaste":"0","postage_price":"1290.00","shop_order":"0","has_category":"1","landing_pages":null,"microdata":{"number":22,"category":""},"title":"Egyedi bet\u0171, monogram, kezd\u0151bet\u0171 dekor\u00e1ci\u00f3 - szem\u00e9lyre szabhat\u00f3 bet\u0171d\u00edsz esk\u00fcv\u0151re, aj\u00e1nd\u00e9kba","description":"Szem\u00e9lyre szabhat\u00f3 dekorat\u00edv bet\u0171, monogram vagy kezd\u0151bet\u0171, amely egyedi d\u00edsze lehet esk\u00fcv\u0151nek, lak\u00e1snak, gyerekszob\u00e1nak vagy b\u00e1rmilyen \u00fcnnepi alkalomnak. Ak\u00e1r egyetlen nagybet\u0171t, ak\u00e1r monogramot, ak\u00e1r \u00f6sszekapcsolt kezd\u0151bet\u0171ket rendelsz, minden darabot a te elk\u00e9pzel\u00e9seid szerint k\u00e9sz\u00edt\u00fcnk el.\n\nMERETEK\n\nA bet\u0171dekor\u00e1ci\u00f3 n\u00e9gyf\u00e9le m\u00e9retben \u00e9rhet\u0151 el:\n- 20 cm - polcra, asztalra val\u00f3 d\u00edsznek ide\u00e1lis\n- 25 cm - kisebb falfel\u00fcletre, ajt\u00f3ra\n- 30 cm - falra f\u00fcggesztve is l\u00e1tv\u00e1nyos\n- 35 cm - esk\u00fcv\u0151i fot\u00f3faln\u00e1l vagy a helysz\u00edn bej\u00e1rat\u00e1n\u00e1l is j\u00f3l \u00e9rv\u00e9nyes\u00fcl, messzir\u0151l is olvashat\u00f3 \u00e9s dekorat\u00edv\n\nVASTAGS\u00c1G\n\nA vastags\u00e1got 3 mm \u00e9s 13 mm k\u00f6z\u00f6tt szabadon v\u00e1laszthatod. A v\u00e9konyabb verzi\u00f3 k\u00f6nnyebb \u00e9s finomabb, falra ragasztva eleg\u00e1ns megjelen\u00e9st ad. A vastagabb v\u00e1ltozatok (8 mm-t\u0151l 13 mm-ig) \u00f6n\u00e1ll\u00f3an is meg\u00e1llnak, \u00edgy polcon, kandall\u00f3p\u00e1rk\u00e1nyon, \u00e9jjeliszekr\u00e9nyen is elhelyezhet\u0151k megt\u00e1maszt\u00e1s n\u00e9lk\u00fcl.\n\nA vastags\u00e1g \u00e9s a m\u00e9ret kombin\u00e1l\u00e1s\u00e1val a bet\u0171 karaktere jelent\u0151sen v\u00e1ltoztathat\u00f3: egy v\u00e9kony, nagy bet\u0171 l\u00e9gies \u00e9s modern, egy vastag, kisebb bet\u0171 pedig s\u00falyos \u00e9s mark\u00e1ns hat\u00e1st kelt.\n\nSZINEK\n\n\u00d6t alapsz\u00ednb\u0151l v\u00e1logathatsz:\n- Fekete\n- Feh\u00e9r\n- Sz\u00fcrke\n- Ez\u00fcstsz\u00fcrke\n- \u00c9jk\u00e9k\n\nA sz\u00ednv\u00e1laszt\u00e9k a legt\u00f6bb lak\u00e1sbels\u0151 st\u00edlushoz \u00e9s esk\u00fcv\u0151i dekor\u00e1ci\u00f3hoz illeszkedik. A fekete \u00e9s \u00e9jk\u00e9k modern enteri\u0151rbe illik, a feh\u00e9r skandin\u00e1v \u00e9s minimalista st\u00edlushoz passzol, az ez\u00fcstsz\u00fcrke visszafogott eleganci\u00e1t sug\u00e1roz.\n\nANYAG\n\nAz anyag tart\u00f3s, k\u00f6nny\u0171 PLA, belt\u00e9ri haszn\u00e1latra t\u00f6k\u00e9letesen alkalmas. Falra ragaszt\u00f3val vagy k\u00e9toldal\u00fa ragaszt\u00f3szalaggal r\u00f6gz\u00edtheted, polcra egyszer\u0171en r\u00e1\u00e1ll\u00edthatod. S\u00falya m\u00e9g a legnagyobb m\u00e9retben is csek\u00e9ly.\n\nHOGYAN RENDELHETSZ?\n\nRendel\u00e9skor add meg a k\u00edv\u00e1nt bet\u0171t vagy bet\u0171kombin\u00e1ci\u00f3t, a v\u00e1lasztott bet\u0171t\u00edpust, m\u00e9retet, vastags\u00e1got \u00e9s sz\u00ednt. T\u00f6bb bet\u0171t\u00edpus k\u00f6z\u00fcl v\u00e1logathatsz, \u00e9s ha szeretn\u00e9d, el\u0151n\u00e9zeti k\u00e9pet is k\u00fcld\u00fcnk, miel\u0151tt nekil\u00e1tunk a gy\u00e1rt\u00e1snak. Ha monogramot rendelsz, a bet\u0171k elrendez\u00e9s\u00e9t \u00e9s \u00f6sszekapcsol\u00e1s\u00e1nak m\u00f3dj\u00e1t is megbesz\u00e9lj\u00fck.\n\nMIRE JO?\n\n- Esk\u00fcv\u0151i dekor\u00e1ci\u00f3: a p\u00e1r kezd\u0151bet\u0171i az asztalon, a welcome-sarokban vagy a tortaasztaln\u00e1l. T\u00f6bb bet\u0171 egym\u00e1s mell\u00e9 rendezve a teljes csal\u00e1dnevet is ki\u00edrhatod.\n- Gyerekszoba: a gyerek nev\u00e9nek kezd\u0151bet\u0171je az ajt\u00f3n vagy a fal felett, ak\u00e1r t\u00f6bb bet\u0171 egym\u00e1s mell\u00e9 sorolva a teljes nevet ki\u00edrva. Babaszob\u00e1ba a baba nev\u00e9vel k\u00fcl\u00f6n\u00f6sen kedves dekor\u00e1ci\u00f3.\n- Aj\u00e1nd\u00e9k: n\u00e9vnapra, sz\u00fclet\u00e9snapra, kar\u00e1csonyra szem\u00e9lyes \u00e9s maradand\u00f3 meglepet\u00e9s. A megaj\u00e1nd\u00e9kozott monogramj\u00e1val k\u00e9sz\u00fclve garant\u00e1ltan egyedi.\n- Lak\u00e1sdekor\u00e1ci\u00f3: a nappaliban, h\u00e1l\u00f3szob\u00e1ban, el\u0151szob\u00e1ban modern \u00e9s letisztult d\u00edszelem, amely szem\u00e9lyes karaktert ad a szob\u00e1nak.\n- Fot\u00f3z\u00e1s: kismama-fot\u00f3z\u00e1shoz, baba-fot\u00f3z\u00e1shoz vagy csal\u00e1di fot\u00f3khoz karakteres kell\u00e9k, amelyet ut\u00e1na dekor\u00e1ci\u00f3k\u00e9nt is megtarthatod.\n\nKAPCSOLODO TERMEKEK\n\nHa esk\u00fcv\u0151re k\u00e9sz\u00fclsz, \u00e9rdemes megn\u00e9zned a boltunkban el\u00e9rhet\u0151 esk\u00fcv\u0151i n\u00e9vt\u00e1bl\u00e1t \u00e9s az egyedi esk\u00fcv\u0151i falid\u00edszt is, amelyek azonos st\u00edlusban \u00e9s sz\u00ednben rendelhet\u0151k. Az esk\u00fcv\u0151i tortad\u00edsszel \u00e9s tortabesz\u00far\u00f3val egy\u00fctt teljes, \u00f6sszehangolt esk\u00fcv\u0151i dekor\u00e1ci\u00f3 \u00e1ll\u00edthat\u00f3 \u00f6ssze, amelyben minden elem egys\u00e9ges bet\u0171t\u00edpussal \u00e9s sz\u00ednvil\u00e1ggal k\u00e9sz\u00fcl.\n\nAj\u00e1nd\u00e9kba sz\u00e1nod? A Valentin-napi Scrabble aj\u00e1nd\u00e9kkal egy\u00fctt igaz\u00e1n szem\u00e9lyes meglepet\u00e9st adhatsz. A babaszoba dekor\u00e1ci\u00f3 k\u00edn\u00e1latunkb\u00f3l is \u00e9rdemes v\u00e1logatni, ha gyerekszob\u00e1ba keresed.\n\nELKESZITESI IDO\n\nMivel minden darabot egyedileg k\u00e9sz\u00edt\u00fcnk rendel\u00e9sre, az elk\u00e9sz\u00edt\u00e9si id\u0151 \u00e1ltal\u00e1ban 3-5 munkanap. K\u00e9rj\u00fck, \u00fcnnepi alkalmak el\u0151tt legal\u00e1bb k\u00e9t h\u00e9ttel rendelj, hogy biztosan id\u0151ben meg\u00e9rkezzen.\n\nMinden term\u00e9k\u00fcnket egyedileg, rendel\u00e9sre k\u00e9sz\u00edtj\u00fck. K\u00e9rd\u00e9sed van? \u00cdrj b\u00e1tran, gyorsan v\u00e1laszolunk. N\u00e9zd meg a t\u00f6bbi term\u00e9k\u00fcnket is, h\u00e1tha tal\u00e1lsz m\u00e9g valamit, ami tetszik.","score":0,"formatted_price":"1 790 Ft","image_url":"https:\/\/www.meska.hu\/img\/product\/small\/d\/a\/darimi_product_702579_250821212213_442988.jpeg","formatted_url":"https:\/\/www.meska.hu\/p5610446-betu-monogram-kezdobetu-lakodalom-eskuvo-unnep","favourite":false,"in_stock":false,"avatar":"702579_avatar_1739694015.jpeg","delete_from":0,"is_enhanced_background":false,"is_enhanced":false,"product_selection_started":false,"is_active":true,"image_webp_url":"https:\/\/www.meska.hu\/img\/product\/small\/d\/a\/darimi_product_702579_250821212213_442988.webp"},{"id":"6130352","shop_id":"22381","user_id":"62549","shop_name":"eskuvoidekor","shop_zip":"5462","product_code":"5741835","product_name_old":null,"product_name":"Esk\u00fcv\u0151i h\u00e1tfal dekor\u00e1ci\u00f3 monogram ","category_string":"Esk\u00fcv\u0151, Dekor\u00e1ci\u00f3, Esk\u00fcv\u0151i feliratok","technic_string":"","category_1":"317","category_2":"907","category_3":"1846","category_4":"0","merged_category_1":null,"merged_category_2":null,"merged_category_3":null,"technic_1":"0","technic_2":"0","technic_3":"0","color_1":"0","color_2":"0","color_3":"0","product_description_old":null,"product_description":"Tedd k\u00fcl\u00f6nlegess\u00e9 a dekor\u00e1ci\u00f3t az esk\u00fcv\u0151n ezzel az egyedi k\u00e9zm\u0171ves fa dekor\u00e1ci\u00f3s elmel! Elhelyezheted a f\u0151asztal m\u00f6g\u00f6tti h\u00e1tfalra, a bej\u00e1rathoz, vagy foghatj\u00e1tok kezetekben a fot\u00f3z\u00e1s alkalm\u00e1val, amivel m\u00e9g k\u00fcl\u00f6nlegesebb \u00e9s szem\u00e9lyre sz\u00f3l\u00f3 k\u00e9peitek k\u00e9sz\u00fclhetnek. Anyaga: fa m\u00e9rete: v\u00e1laszthat\u00f3 K\u00e9rheted nat\u00faran vagy barna. A Monogramokkal. V\u00e9kony f\u00e1b\u00f3l k\u00e9sz\u00fclt term\u00e9k, \u00edgy nem \u00e1ll meg a saj\u00e1t l\u00e1b\u00e1n, csak egy\u00e9b dekorelemhez t\u00e1masztva. ","price":"2200.00","unit":"db","recommended":"0","status":"1","sponsored":"0","exp_notify":"0","own_material":"0","own_material_description_old":null,"own_material_description":"","jury":"0","jury_number":"","product_nature":"","meskaracsony":"0","create_date":"2026-02-26 08:09:04","shelve_id":"0","image":"yd_eskvihtfaldekorcimonogram_6130352_01772089744403026331.jpeg","image_width":"1024","image_height":"1024","image_alt":"Esk\u00fcv\u0151i h\u00e1tfal dekor\u00e1ci\u00f3 monogram , Tedd k\u00fcl\u00f6nlegess\u00e9 a dekor\u00e1ci\u00f3t az esk\u00fcv\u0151n ezzel az egyedi k\u00e9zm\u0171ves fa dekor\u00e1ci\u00f3s elmel! Elhelyezhete..., Meska","image_title":"Esk\u00fcv\u0151i h\u00e1tfal dekor\u00e1ci\u00f3 monogram , Meska","view_count":"109","favourite_count":"0","trending_score":"0","last2MonthFavouriteCount":"0","promotion":"0","giftcard_accept":"1","creditcard_accept":true,"enhanced_background":"0","domain":"meska","specific_customer_id":null,"specific_customer_name":null,"to_order_product":"1","to_order_product_time":"7","product_different":null,"product_different_description":"","vintage":"0","vintage_category_id":"0","recycled":"0","gemstone_id":"0","customizable":"0","type_category":"physical","zerowaste":"0","postage_price":"1290.00","shop_order":"0","has_category":"1","landing_pages":null,"microdata":{"number":23,"category":""},"title":"Esk\u00fcv\u0151i h\u00e1tfal dekor\u00e1ci\u00f3 monogram ","description":"Tedd k\u00fcl\u00f6nlegess\u00e9 a dekor\u00e1ci\u00f3t az esk\u00fcv\u0151n ezzel az egyedi k\u00e9zm\u0171ves fa dekor\u00e1ci\u00f3s elmel! Elhelyezheted a f\u0151asztal m\u00f6g\u00f6tti h\u00e1tfalra, a bej\u00e1rathoz, vagy foghatj\u00e1tok kezetekben a fot\u00f3z\u00e1s alkalm\u00e1val, amivel m\u00e9g k\u00fcl\u00f6nlegesebb \u00e9s szem\u00e9lyre sz\u00f3l\u00f3 k\u00e9peitek k\u00e9sz\u00fclhetnek. Anyaga: fa m\u00e9rete: v\u00e1laszthat\u00f3 K\u00e9rheted nat\u00faran vagy barna. A Monogramokkal. V\u00e9kony f\u00e1b\u00f3l k\u00e9sz\u00fclt term\u00e9k, \u00edgy nem \u00e1ll meg a saj\u00e1t l\u00e1b\u00e1n, csak egy\u00e9b dekorelemhez t\u00e1masztva. ","score":0,"formatted_price":"2 200 Ft","image_url":"https:\/\/www.meska.hu\/img\/product\/small\/y\/d\/yd_eskvihtfaldekorcimonogram_6130352_01772089744403026331.jpeg","formatted_url":"https:\/\/www.meska.hu\/p5741835-eskuvoi-hatfal-dekoracio-monogram","favourite":false,"in_stock":false,"avatar":"62549_avatar_1714548383.jpeg","delete_from":0,"is_enhanced_background":false,"is_enhanced":false,"product_selection_started":false,"is_active":true,"image_webp_url":"https:\/\/www.meska.hu\/img\/product\/small\/y\/d\/yd_eskvihtfaldekorcimonogram_6130352_01772089744403026331.webp"},{"id":"6130351","shop_id":"22381","user_id":"62549","shop_name":"eskuvoidekor","shop_zip":"5462","product_code":"5741834","product_name_old":null,"product_name":"Esk\u00fcv\u0151i h\u00e1tfal dekor\u00e1ci\u00f3 monogram ","category_string":"Esk\u00fcv\u0151, Dekor\u00e1ci\u00f3, Esk\u00fcv\u0151i feliratok","technic_string":"","category_1":"317","category_2":"907","category_3":"1846","category_4":"0","merged_category_1":null,"merged_category_2":null,"merged_category_3":null,"technic_1":"0","technic_2":"0","technic_3":"0","color_1":"0","color_2":"0","color_3":"0","product_description_old":null,"product_description":"Tedd k\u00fcl\u00f6nlegess\u00e9 a dekor\u00e1ci\u00f3t az esk\u00fcv\u0151n ezzel az egyedi k\u00e9zm\u0171ves fa dekor\u00e1ci\u00f3s elmel! Elhelyezheted a f\u0151asztal m\u00f6g\u00f6tti h\u00e1tfalra, a bej\u00e1rathoz, vagy foghatj\u00e1tok kezetekben a fot\u00f3z\u00e1s alkalm\u00e1val, amivel m\u00e9g k\u00fcl\u00f6nlegesebb \u00e9s szem\u00e9lyre sz\u00f3l\u00f3 k\u00e9peitek k\u00e9sz\u00fclhetnek. Anyaga: fa m\u00e9rete: v\u00e1laszthat\u00f3 K\u00e9rheted nat\u00faran vagy barna. A Monogramokkal. V\u00e9kony f\u00e1b\u00f3l k\u00e9sz\u00fclt term\u00e9k, \u00edgy nem \u00e1ll meg a saj\u00e1t l\u00e1b\u00e1n, csak egy\u00e9b dekorelemhez t\u00e1masztva. ","price":"2950.00","unit":"db","recommended":"0","status":"1","sponsored":"0","exp_notify":"0","own_material":"0","own_material_description_old":null,"own_material_description":"","jury":"0","jury_number":"","product_nature":"","meskaracsony":"0","create_date":"2026-02-26 08:09:02","shelve_id":"0","image":"rd_eskvihtfaldekorcimonogram_6130351_01772089742810061707.jpeg","image_width":"1024","image_height":"1024","image_alt":"Esk\u00fcv\u0151i h\u00e1tfal dekor\u00e1ci\u00f3 monogram , Tedd k\u00fcl\u00f6nlegess\u00e9 a dekor\u00e1ci\u00f3t az esk\u00fcv\u0151n ezzel az egyedi k\u00e9zm\u0171ves fa dekor\u00e1ci\u00f3s elmel! Elhelyezhete..., Meska","image_title":"Esk\u00fcv\u0151i h\u00e1tfal dekor\u00e1ci\u00f3 monogram , Meska","view_count":"104","favourite_count":"1","trending_score":"0","last2MonthFavouriteCount":"1","promotion":"0","giftcard_accept":"1","creditcard_accept":true,"enhanced_background":"0","domain":"meska","specific_customer_id":null,"specific_customer_name":null,"to_order_product":"1","to_order_product_time":"7","product_different":null,"product_different_description":"","vintage":"0","vintage_category_id":"0","recycled":"0","gemstone_id":"0","customizable":"0","type_category":"physical","zerowaste":"0","postage_price":"1290.00","shop_order":"0","has_category":"1","landing_pages":null,"microdata":{"number":24,"category":""},"title":"Esk\u00fcv\u0151i h\u00e1tfal dekor\u00e1ci\u00f3 monogram ","description":"Tedd k\u00fcl\u00f6nlegess\u00e9 a dekor\u00e1ci\u00f3t az esk\u00fcv\u0151n ezzel az egyedi k\u00e9zm\u0171ves fa dekor\u00e1ci\u00f3s elmel! Elhelyezheted a f\u0151asztal m\u00f6g\u00f6tti h\u00e1tfalra, a bej\u00e1rathoz, vagy foghatj\u00e1tok kezetekben a fot\u00f3z\u00e1s alkalm\u00e1val, amivel m\u00e9g k\u00fcl\u00f6nlegesebb \u00e9s szem\u00e9lyre sz\u00f3l\u00f3 k\u00e9peitek k\u00e9sz\u00fclhetnek. Anyaga: fa m\u00e9rete: v\u00e1laszthat\u00f3 K\u00e9rheted nat\u00faran vagy barna. A Monogramokkal. V\u00e9kony f\u00e1b\u00f3l k\u00e9sz\u00fclt term\u00e9k, \u00edgy nem \u00e1ll meg a saj\u00e1t l\u00e1b\u00e1n, csak egy\u00e9b dekorelemhez t\u00e1masztva. ","score":0,"formatted_price":"2 950 Ft","image_url":"https:\/\/www.meska.hu\/img\/product\/small\/r\/d\/rd_eskvihtfaldekorcimonogram_6130351_01772089742810061707.jpeg","formatted_url":"https:\/\/www.meska.hu\/p5741834-eskuvoi-hatfal-dekoracio-monogram","favourite":false,"in_stock":false,"avatar":"62549_avatar_1714548383.jpeg","delete_from":0,"is_enhanced_background":false,"is_enhanced":false,"product_selection_started":false,"is_active":true,"image_webp_url":"https:\/\/www.meska.hu\/img\/product\/small\/r\/d\/rd_eskvihtfaldekorcimonogram_6130351_01772089742810061707.webp"},{"id":"5718159","shop_id":"44071","user_id":"633149","shop_name":"MayusPearlDecor","shop_zip":"2351","product_code":"5512319","product_name_old":null,"product_name":"Esk\u00fcv\u0151i monogrammos  h\u00e1tt\u00e9rd\u00edsz fa karika","category_string":"Esk\u00fcv\u0151, Dekor\u00e1ci\u00f3, Esk\u00fcv\u0151i feliratok","technic_string":"Famegmunk\u00e1l\u00e1s","category_1":"317","category_2":"907","category_3":"1846","category_4":"0","merged_category_1":null,"merged_category_2":null,"merged_category_3":null,"technic_1":"478","technic_2":"0","technic_3":"0","color_1":"514","color_2":"0","color_3":"0","product_description_old":null,"product_description":"Szeretn\u00e9tek esk\u00fcv\u0151t\u00f6k h\u00e1tter\u00e9t feldobni nevetek kezd\u0151bet\u0171ivel, mely ut\u00e1na otthonotok \u00e9kes d\u00edsze is lehet? J\u00f3 helyen j\u00e1rtok, egyedileg tervezett monogrammos fa karik\u00e1inkat t\u00f6bbf\u00e9le m\u00e9retben \u00e9s sz\u00ednben is k\u00e9rhetitek!\n\nAz \u00e1r a k\u00e9pen l\u00e1that\u00f3 m\u00e9retre (40cm) vonatkozik!\n\nNem l\u00e9zerv\u00e1g\u00e1ssal k\u00e9sz\u00edtj\u00fck, hanem CNC g\u00e9ppel, \u00edgy anyaga is vastagabb (8mm), tart\u00f3sabb!! \nEgyedi k\u00e9r\u00e9seket is elk\u00e9sz\u00edt\u00fcnk, keressetek bizalommal!\n\nFoxpost sz\u00e1ll\u00edt\u00e1s sajnos ez esetben nem k\u00e9rhet\u0151, a m\u00e9retei miatt!!","price":"12990.00","unit":"db","recommended":"0","status":"1","sponsored":"0","exp_notify":"0","own_material":"0","own_material_description_old":null,"own_material_description":"","jury":"0","jury_number":"","product_nature":"","meskaracsony":"0","create_date":"2026-02-23 22:57:28","shelve_id":"0","image":"mayuspearldecor_product_633149_250307142142_633571.jpeg","image_width":"480","image_height":"420","image_alt":"Esk\u00fcv\u0151i monogrammos  h\u00e1tt\u00e9rd\u00edsz fa karika, Szeretn\u00e9tek esk\u00fcv\u0151t\u00f6k h\u00e1tter\u00e9t feldobni nevetek kezd\u0151bet\u0171ivel, mely ut\u00e1na otthonotok \u00e9kes d\u00edsze is l..., Meska","image_title":"Esk\u00fcv\u0151i monogrammos  h\u00e1tt\u00e9rd\u00edsz fa karika, Meska","view_count":"704","favourite_count":"0","trending_score":"0","last2MonthFavouriteCount":"1","promotion":"0","giftcard_accept":"0","creditcard_accept":false,"enhanced_background":"0","domain":"meska","specific_customer_id":null,"specific_customer_name":null,"to_order_product":"1","to_order_product_time":"5","product_different":null,"product_different_description":"","vintage":"0","vintage_category_id":"0","recycled":"0","gemstone_id":"0","customizable":"1","type_category":"physical","zerowaste":"0","postage_price":"2390.00","shop_order":"0","has_category":"1","landing_pages":null,"microdata":{"number":25,"category":""},"title":"Esk\u00fcv\u0151i monogrammos  h\u00e1tt\u00e9rd\u00edsz fa karika","description":"Szeretn\u00e9tek esk\u00fcv\u0151t\u00f6k h\u00e1tter\u00e9t feldobni nevetek kezd\u0151bet\u0171ivel, mely ut\u00e1na otthonotok \u00e9kes d\u00edsze is lehet? J\u00f3 helyen j\u00e1rtok, egyedileg tervezett monogrammos fa karik\u00e1inkat t\u00f6bbf\u00e9le m\u00e9retben \u00e9s sz\u00ednben is k\u00e9rhetitek!\n\nAz \u00e1r a k\u00e9pen l\u00e1that\u00f3 m\u00e9retre (40cm) vonatkozik!\n\nNem l\u00e9zerv\u00e1g\u00e1ssal k\u00e9sz\u00edtj\u00fck, hanem CNC g\u00e9ppel, \u00edgy anyaga is vastagabb (8mm), tart\u00f3sabb!! \nEgyedi k\u00e9r\u00e9seket is elk\u00e9sz\u00edt\u00fcnk, keressetek bizalommal!\n\nFoxpost sz\u00e1ll\u00edt\u00e1s sajnos ez esetben nem k\u00e9rhet\u0151, a m\u00e9retei miatt!!","score":0,"formatted_price":"12 990 Ft","image_url":"https:\/\/www.meska.hu\/img\/product\/small\/m\/a\/mayuspearldecor_product_633149_250307142142_633571.jpeg","formatted_url":"https:\/\/www.meska.hu\/p5512319-eskuvoi-monogrammos-hatterdisz-fa-karika","favourite":false,"in_stock":false,"avatar":"633149_avatar_1706285462.jpeg","delete_from":0,"is_enhanced_background":false,"is_enhanced":false,"product_selection_started":false,"is_active":true,"image_webp_url":"https:\/\/www.meska.hu\/img\/product\/small\/m\/a\/mayuspearldecor_product_633149_250307142142_633571.webp"},{"id":"6124907","shop_id":"42555","user_id":"605557","shop_name":"LaserMemories","shop_zip":"3350","product_code":"5738371","product_name_old":null,"product_name":"Esk\u00fcv\u0151i dupla hatsz\u00f6g alak\u00fa n\u00e9vt\u00e1bla","category_string":"Esk\u00fcv\u0151, Dekor\u00e1ci\u00f3, Esk\u00fcv\u0151i feliratok","technic_string":"Famegmunk\u00e1l\u00e1s","category_1":"317","category_2":"907","category_3":"1846","category_4":"0","merged_category_1":null,"merged_category_2":null,"merged_category_3":null,"technic_1":"478","technic_2":"0","technic_3":"0","color_1":"512","color_2":"0","color_3":"0","product_description_old":null,"product_description":"Figyelem !! Csak h\u00e1zhoz sz\u00e1ll\u00edt\u00e1ssal k\u00e9rhet\u0151 term\u00e9k !!!\n\n\nEleg\u00e1ns, egyedi k\u00e9sz\u00edt\u00e9s\u0171 l\u00e9zerv\u00e1gott esk\u00fcv\u0151i t\u00e1bla, amely t\u00f6k\u00e9letes d\u00edsze lehet a f\u0151asztal h\u00e1tter\u00e9nek. A hatsz\u00f6g (hexagon) form\u00e1j\u00fa t\u00e1bl\u00e1ra a p\u00e1r neve ker\u00fcl  kiv\u00e1gva \u2013 letisztult, st\u00edlusos megjelen\u00e9ssel, ami illik boh\u00f3, rusztikus, vintage vagy modern esk\u00fcv\u0151i dekor\u00e1ci\u00f3hoz is.\n\nT\u00f6k\u00e9letes v\u00e1laszt\u00e1s:\n\nf\u0151asztal m\u00f6g\u00e9 h\u00e1tt\u00e9rdekor\u00e1ci\u00f3nak,\n\nfot\u00f3fal el\u00e9,\n\ncerem\u00f3nia helysz\u00ednre,\n\notthoni eml\u00e9kk\u00e9nt az esk\u00fcv\u0151 ut\u00e1n.\n\n\nSz\u00ednek, bet\u0171t\u00edpusok \u00e9s m\u00e9retek ig\u00e9ny szerint v\u00e1laszthat\u00f3k \u2013 \u00edrj \u00fczenetet, \u00e9s egyeztetj\u00fck a r\u00e9szleteket!\n\nEz a t\u00e1bla nemcsak l\u00e1tv\u00e1nyos esk\u00fcv\u0151i dekor\u00e1ci\u00f3, de \u00f6r\u00f6k eml\u00e9k is, amely az otthonotok fal\u00e1n is gy\u00f6ny\u00f6r\u0171en mutat majd.","price":"11000.00","unit":"db","recommended":"0","status":"1","sponsored":"0","exp_notify":"0","own_material":"0","own_material_description_old":null,"own_material_description":"","jury":"0","jury_number":"","product_nature":"","meskaracsony":"0","create_date":"2026-02-22 07:07:09","shelve_id":"80729","image":"lasermemories_product_605557_240724111819_166527.jpeg","image_width":"480","image_height":"640","image_alt":"Esk\u00fcv\u0151i dupla hatsz\u00f6g alak\u00fa n\u00e9vt\u00e1bla, Figyelem !! Csak h\u00e1zhoz sz\u00e1ll\u00edt\u00e1ssal k\u00e9rhet\u0151 term\u00e9k !!!\\n\\n\\nEleg\u00e1ns, egyedi k\u00e9sz\u00edt\u00e9s\u0171 l\u00e9zerv\u00e1gott esk\u00fc..., Meska","image_title":"Esk\u00fcv\u0151i dupla hatsz\u00f6g alak\u00fa n\u00e9vt\u00e1bla, Meska","view_count":"66","favourite_count":"0","trending_score":"0","last2MonthFavouriteCount":"0","promotion":"0","giftcard_accept":"0","creditcard_accept":true,"enhanced_background":"0","domain":"meska","specific_customer_id":null,"specific_customer_name":null,"to_order_product":"1","to_order_product_time":"2","product_different":null,"product_different_description":"","vintage":"0","vintage_category_id":"0","recycled":"0","gemstone_id":"0","customizable":"1","type_category":"physical","zerowaste":"0","postage_price":"2500.00","shop_order":"0","has_category":"1","landing_pages":null,"microdata":{"number":26,"category":""},"title":"Esk\u00fcv\u0151i dupla hatsz\u00f6g alak\u00fa n\u00e9vt\u00e1bla","description":"Figyelem !! Csak h\u00e1zhoz sz\u00e1ll\u00edt\u00e1ssal k\u00e9rhet\u0151 term\u00e9k !!!\n\n\nEleg\u00e1ns, egyedi k\u00e9sz\u00edt\u00e9s\u0171 l\u00e9zerv\u00e1gott esk\u00fcv\u0151i t\u00e1bla, amely t\u00f6k\u00e9letes d\u00edsze lehet a f\u0151asztal h\u00e1tter\u00e9nek. A hatsz\u00f6g (hexagon) form\u00e1j\u00fa t\u00e1bl\u00e1ra a p\u00e1r neve ker\u00fcl  kiv\u00e1gva \u2013 letisztult, st\u00edlusos megjelen\u00e9ssel, ami illik boh\u00f3, rusztikus, vintage vagy modern esk\u00fcv\u0151i dekor\u00e1ci\u00f3hoz is.\n\nT\u00f6k\u00e9letes v\u00e1laszt\u00e1s:\n\nf\u0151asztal m\u00f6g\u00e9 h\u00e1tt\u00e9rdekor\u00e1ci\u00f3nak,\n\nfot\u00f3fal el\u00e9,\n\ncerem\u00f3nia helysz\u00ednre,\n\notthoni eml\u00e9kk\u00e9nt az esk\u00fcv\u0151 ut\u00e1n.\n\n\nSz\u00ednek, bet\u0171t\u00edpusok \u00e9s m\u00e9retek ig\u00e9ny szerint v\u00e1laszthat\u00f3k \u2013 \u00edrj \u00fczenetet, \u00e9s egyeztetj\u00fck a r\u00e9szleteket!\n\nEz a t\u00e1bla nemcsak l\u00e1tv\u00e1nyos esk\u00fcv\u0151i dekor\u00e1ci\u00f3, de \u00f6r\u00f6k eml\u00e9k is, amely az otthonotok fal\u00e1n is gy\u00f6ny\u00f6r\u0171en mutat majd.","score":0,"formatted_price":"11 000 Ft","image_url":"https:\/\/www.meska.hu\/img\/product\/small\/l\/a\/lasermemories_product_605557_240724111819_166527.jpeg","formatted_url":"https:\/\/www.meska.hu\/p5738371-eskuvoi-dupla-hatszog-alaku-nevtabla","favourite":false,"in_stock":false,"avatar":"605557_avatar_1696093903.jpeg","delete_from":0,"is_enhanced_background":false,"is_enhanced":false,"product_selection_started":false,"is_active":true,"image_webp_url":"https:\/\/www.meska.hu\/img\/product\/small\/l\/a\/lasermemories_product_605557_240724111819_166527.webp"},{"id":"3384164","shop_id":"20979","user_id":"214356","shop_name":"KKlezer","shop_zip":"8900","product_code":"4617659","product_name_old":null,"product_name":"Esk\u00fcv\u0151re ,Keresztel\u0151re, Ballag\u00e1sra, Sz\u00fclet\u00e9snapra, N\u00e9vnapra, Gyerekszob\u00e1ba, L\u00e1nyb\u00facs\u00fara!!","category_string":"Esk\u00fcv\u0151, Dekor\u00e1ci\u00f3, Esk\u00fcv\u0151i feliratok","technic_string":"Grav\u00edroz\u00e1s, pirogr\u00e1fia, F\u00e9mmegmunk\u00e1l\u00e1s","category_1":"317","category_2":"907","category_3":"1846","category_4":"0","merged_category_1":"0","merged_category_2":"0","merged_category_3":"0","technic_1":"796","technic_2":"479","technic_3":"0","color_1":"515","color_2":"516","color_3":"519","product_description_old":null,"product_description":"Fa n\u00e9v ,felirat szinte minden alkalomra rendelhet\u0151.\nA feld\u00edsz\u00edtett terem k\u00f6zponti d\u00edsze. \n4 mm vastag ny\u00edrf\u00e1b\u00f3l k\u00e9sz\u00fcl l\u00e9zerv\u00e1g\u00e1ssal, illetve ut\u00f3lagos k\u00e9zi megmunk\u00e1l\u00e1ssal.\nA k\u00e9pen l\u00e1that\u00f3 nevek 48cm sz\u00e9lesek \u00e9s ar\u00e1nyosan kb  20 cm magasak\n.Az \u00e1r erre a m\u00e9retre vonatkozik.\nDe rendelhet\u0151 nagyobb m\u00e9retben eg\u00e9szen 1 m\u00e9terig. \nIlletve nem csak nat\u00far fa sz\u00ednben k\u00e9sz\u00edtj\u00fck hanem az \u00e1lltalatok kiv\u00e1lasztott sz\u00ednre festj\u00fck.\nDe k\u00e9sz\u00edthetj\u00fck vastagabb anyagb\u00f3l is.\nA nagyobb m\u00e9ret \u00e9s az  anyagvastags\u00e1g \u00e1ra fel\u0151l \u00fczenetben \u00e9rdekl\u0151dhettek.\nA leg\u00f6rd\u00fcl\u0151 men\u00fcben tudtok sz\u00ednt v\u00e1lasztani.\n\nN\u00e9zz\u00e9tek meg a t\u00f6bbi term\u00e9k\u00fcnket is tal\u00e1ltok m\u00e9g dekor\u00e1ci\u00f3kat , aj\u00e1nd\u00e9k\u00f6tleteket.\n\n","price":"3700.00","unit":"db","recommended":"0","status":"1","sponsored":"0","exp_notify":"0","own_material":"0","own_material_description_old":null,"own_material_description":"","jury":"0","jury_number":"","product_nature":"","meskaracsony":"0","create_date":"2026-02-19 17:27:18","shelve_id":"71575","image":"kezmuveskucko_product_214356_220507221221_529724.jpeg","image_width":"480","image_height":"331","image_alt":"Esk\u00fcv\u0151re ,Keresztel\u0151re, Ballag\u00e1sra, Sz\u00fclet\u00e9snapra, N\u00e9vnapra, Gyerekszob\u00e1ba, L\u00e1nyb\u00facs\u00fara!!, Fa n\u00e9v ,felirat szinte minden alkalomra rendelhet\u0151.\\nA feld\u00edsz\u00edtett terem k\u00f6zponti d\u00edsze. \\n4 mm vasta..., Meska","image_title":"Esk\u00fcv\u0151re ,Keresztel\u0151re, Ballag\u00e1sra, Sz\u00fclet\u00e9snapra, N\u00e9vnapra, Gyerekszob\u00e1ba, L\u00e1nyb\u00facs\u00fara!!, Meska","view_count":"1730","favourite_count":"0","trending_score":"0","last2MonthFavouriteCount":"0","promotion":"0","giftcard_accept":"1","creditcard_accept":false,"enhanced_background":"0","domain":"meska","specific_customer_id":null,"specific_customer_name":null,"to_order_product":"1","to_order_product_time":"3","product_different":null,"product_different_description":"","vintage":"0","vintage_category_id":"0","recycled":"0","gemstone_id":"0","customizable":"0","type_category":"physical","zerowaste":"0","postage_price":"2390.00","shop_order":"0","has_category":"1","landing_pages":null,"microdata":{"number":27,"category":""},"title":"Esk\u00fcv\u0151re ,Keresztel\u0151re, Ballag\u00e1sra, Sz\u00fclet\u00e9snapra, N\u00e9vnapra, Gyerekszob\u00e1ba, L\u00e1nyb\u00facs\u00fara!!","description":"Fa n\u00e9v ,felirat szinte minden alkalomra rendelhet\u0151.\nA feld\u00edsz\u00edtett terem k\u00f6zponti d\u00edsze. \n4 mm vastag ny\u00edrf\u00e1b\u00f3l k\u00e9sz\u00fcl l\u00e9zerv\u00e1g\u00e1ssal, illetve ut\u00f3lagos k\u00e9zi megmunk\u00e1l\u00e1ssal.\nA k\u00e9pen l\u00e1that\u00f3 nevek 48cm sz\u00e9lesek \u00e9s ar\u00e1nyosan kb  20 cm magasak\n.Az \u00e1r erre a m\u00e9retre vonatkozik.\nDe rendelhet\u0151 nagyobb m\u00e9retben eg\u00e9szen 1 m\u00e9terig. \nIlletve nem csak nat\u00far fa sz\u00ednben k\u00e9sz\u00edtj\u00fck hanem az \u00e1lltalatok kiv\u00e1lasztott sz\u00ednre festj\u00fck.\nDe k\u00e9sz\u00edthetj\u00fck vastagabb anyagb\u00f3l is.\nA nagyobb m\u00e9ret \u00e9s az  anyagvastags\u00e1g \u00e1ra fel\u0151l \u00fczenetben \u00e9rdekl\u0151dhettek.\nA leg\u00f6rd\u00fcl\u0151 men\u00fcben tudtok sz\u00ednt v\u00e1lasztani.\n\nN\u00e9zz\u00e9tek meg a t\u00f6bbi term\u00e9k\u00fcnket is tal\u00e1ltok m\u00e9g dekor\u00e1ci\u00f3kat , aj\u00e1nd\u00e9k\u00f6tleteket.\n\n","score":0,"formatted_price":"3 700 Ft","image_url":"https:\/\/www.meska.hu\/img\/product\/small\/k\/e\/kezmuveskucko_product_214356_220507221221_529724.jpeg","formatted_url":"https:\/\/www.meska.hu\/p4617659-eskuvore-keresztelore-ballagasra-szuletesnapra-nevnapra-gyerekszobaba-lanybucsura","favourite":false,"in_stock":false,"avatar":"Kezmuveskucko_avatar_214356_1670575015.jpeg","delete_from":0,"is_enhanced_background":false,"is_enhanced":false,"product_selection_started":false,"is_active":true,"image_webp_url":"https:\/\/www.meska.hu\/img\/product\/small\/k\/e\/kezmuveskucko_product_214356_220507221221_529724.webp"},{"id":"6111815","shop_id":"42555","user_id":"605557","shop_name":"LaserMemories","shop_zip":"3350","product_code":"5731117","product_name_old":null,"product_name":"Esk\u00fcv\u0151i dupla hatsz\u00f6g alak\u00fa n\u00e9vt\u00e1bla","category_string":"Esk\u00fcv\u0151, Dekor\u00e1ci\u00f3, Esk\u00fcv\u0151i feliratok","technic_string":"Famegmunk\u00e1l\u00e1s","category_1":"317","category_2":"907","category_3":"1846","category_4":"0","merged_category_1":null,"merged_category_2":null,"merged_category_3":null,"technic_1":"478","technic_2":"0","technic_3":"0","color_1":"512","color_2":"0","color_3":"0","product_description_old":null,"product_description":"Figyelem !! Csak h\u00e1zhoz sz\u00e1ll\u00edt\u00e1ssal k\u00e9rhet\u0151 term\u00e9k !!!\n\n\nEleg\u00e1ns, egyedi k\u00e9sz\u00edt\u00e9s\u0171 l\u00e9zerv\u00e1gott esk\u00fcv\u0151i t\u00e1bla, amely t\u00f6k\u00e9letes d\u00edsze lehet a f\u0151asztal h\u00e1tter\u00e9nek. A hatsz\u00f6g (hexagon) form\u00e1j\u00fa t\u00e1bl\u00e1ra a p\u00e1r neve ker\u00fcl  kiv\u00e1gva \u2013 letisztult, st\u00edlusos megjelen\u00e9ssel, ami illik boh\u00f3, rusztikus, vintage vagy modern esk\u00fcv\u0151i dekor\u00e1ci\u00f3hoz is.\n\nT\u00f6k\u00e9letes v\u00e1laszt\u00e1s:\n\nf\u0151asztal m\u00f6g\u00e9 h\u00e1tt\u00e9rdekor\u00e1ci\u00f3nak,\n\nfot\u00f3fal el\u00e9,\n\ncerem\u00f3nia helysz\u00ednre,\n\notthoni eml\u00e9kk\u00e9nt az esk\u00fcv\u0151 ut\u00e1n.\n\n\nSz\u00ednek, bet\u0171t\u00edpusok \u00e9s m\u00e9retek ig\u00e9ny szerint v\u00e1laszthat\u00f3k \u2013 \u00edrj \u00fczenetet, \u00e9s egyeztetj\u00fck a r\u00e9szleteket!\n\nEz a t\u00e1bla nemcsak l\u00e1tv\u00e1nyos esk\u00fcv\u0151i dekor\u00e1ci\u00f3, de \u00f6r\u00f6k eml\u00e9k is, amely az otthonotok fal\u00e1n is gy\u00f6ny\u00f6r\u0171en mutat majd.","price":"11000.00","unit":"db","recommended":"0","status":"1","sponsored":"0","exp_notify":"0","own_material":"0","own_material_description_old":null,"own_material_description":"","jury":"0","jury_number":"","product_nature":"","meskaracsony":"0","create_date":"2026-02-08 21:24:53","shelve_id":"80729","image":"lasermemories_product_605557_240724111819_166527.jpeg","image_width":"480","image_height":"640","image_alt":"Esk\u00fcv\u0151i dupla hatsz\u00f6g alak\u00fa n\u00e9vt\u00e1bla, Figyelem !! Csak h\u00e1zhoz sz\u00e1ll\u00edt\u00e1ssal k\u00e9rhet\u0151 term\u00e9k !!!\\n\\n\\nEleg\u00e1ns, egyedi k\u00e9sz\u00edt\u00e9s\u0171 l\u00e9zerv\u00e1gott esk\u00fc..., Meska","image_title":"Esk\u00fcv\u0151i dupla hatsz\u00f6g alak\u00fa n\u00e9vt\u00e1bla, Meska","view_count":"77","favourite_count":"0","trending_score":"0","last2MonthFavouriteCount":"0","promotion":"0","giftcard_accept":"0","creditcard_accept":true,"enhanced_background":"0","domain":"meska","specific_customer_id":null,"specific_customer_name":null,"to_order_product":"1","to_order_product_time":"2","product_different":null,"product_different_description":"","vintage":"0","vintage_category_id":"0","recycled":"0","gemstone_id":"0","customizable":"1","type_category":"physical","zerowaste":"0","postage_price":"2500.00","shop_order":"0","has_category":"1","landing_pages":null,"microdata":{"number":28,"category":""},"title":"Esk\u00fcv\u0151i dupla hatsz\u00f6g alak\u00fa n\u00e9vt\u00e1bla","description":"Figyelem !! Csak h\u00e1zhoz sz\u00e1ll\u00edt\u00e1ssal k\u00e9rhet\u0151 term\u00e9k !!!\n\n\nEleg\u00e1ns, egyedi k\u00e9sz\u00edt\u00e9s\u0171 l\u00e9zerv\u00e1gott esk\u00fcv\u0151i t\u00e1bla, amely t\u00f6k\u00e9letes d\u00edsze lehet a f\u0151asztal h\u00e1tter\u00e9nek. A hatsz\u00f6g (hexagon) form\u00e1j\u00fa t\u00e1bl\u00e1ra a p\u00e1r neve ker\u00fcl  kiv\u00e1gva \u2013 letisztult, st\u00edlusos megjelen\u00e9ssel, ami illik boh\u00f3, rusztikus, vintage vagy modern esk\u00fcv\u0151i dekor\u00e1ci\u00f3hoz is.\n\nT\u00f6k\u00e9letes v\u00e1laszt\u00e1s:\n\nf\u0151asztal m\u00f6g\u00e9 h\u00e1tt\u00e9rdekor\u00e1ci\u00f3nak,\n\nfot\u00f3fal el\u00e9,\n\ncerem\u00f3nia helysz\u00ednre,\n\notthoni eml\u00e9kk\u00e9nt az esk\u00fcv\u0151 ut\u00e1n.\n\n\nSz\u00ednek, bet\u0171t\u00edpusok \u00e9s m\u00e9retek ig\u00e9ny szerint v\u00e1laszthat\u00f3k \u2013 \u00edrj \u00fczenetet, \u00e9s egyeztetj\u00fck a r\u00e9szleteket!\n\nEz a t\u00e1bla nemcsak l\u00e1tv\u00e1nyos esk\u00fcv\u0151i dekor\u00e1ci\u00f3, de \u00f6r\u00f6k eml\u00e9k is, amely az otthonotok fal\u00e1n is gy\u00f6ny\u00f6r\u0171en mutat majd.","score":0,"formatted_price":"11 000 Ft","image_url":"https:\/\/www.meska.hu\/img\/product\/small\/l\/a\/lasermemories_product_605557_240724111819_166527.jpeg","formatted_url":"https:\/\/www.meska.hu\/p5731117-eskuvoi-dupla-hatszog-alaku-nevtabla","favourite":false,"in_stock":false,"avatar":"605557_avatar_1696093903.jpeg","delete_from":0,"is_enhanced_background":false,"is_enhanced":false,"product_selection_started":false,"is_active":true,"image_webp_url":"https:\/\/www.meska.hu\/img\/product\/small\/l\/a\/lasermemories_product_605557_240724111819_166527.webp"},{"id":"6111168","shop_id":"42555","user_id":"605557","shop_name":"LaserMemories","shop_zip":"3350","product_code":"5730566","product_name_old":null,"product_name":"Esk\u00fcv\u0151i Egyedi Felirat Bet\u0171","category_string":"Esk\u00fcv\u0151, Dekor\u00e1ci\u00f3, Esk\u00fcv\u0151i feliratok","technic_string":"Famegmunk\u00e1l\u00e1s","category_1":"317","category_2":"907","category_3":"1846","category_4":"0","merged_category_1":null,"merged_category_2":null,"merged_category_3":null,"technic_1":"478","technic_2":"0","technic_3":"0","color_1":"512","color_2":"0","color_3":"0","product_description_old":null,"product_description":"Esk\u00fcv\u0151i Egyedi Felirat Bet\u0171, v\u00e1laszthat\u00f3 bet\u0171t\u00edpussal:\n\nV\u00e1laszthat\u00f3 bet\u0171t\u00edpussal\n3mm vastag ny\u00edrf\u00e1b\u00f3l\nV\u00e1laszthat\u00f3 m\u00e9retben MAGASS\u00c1G :\n50 cm\n60 cm\nA term\u00e9k magass\u00e1ga a v\u00e1lasztott bet\u0171t\u00edpust\u00f3l, illetve a sz\u00e9less\u00e9gt\u0151l f\u00fcgg.\n\nK\u00e9rlek \u00fczenetben \u00edrd meg a  nevet \u00e9s a fest\u00e9s sz\u00edn\u00e9t ha nem nat\u00farban k\u00e9red  :)\n\nAZ \u00c1R 2 DB BET\u0170T TARTALMAZ VAGY 2 DB BET\u0170 + \"&\" JEL","price":"10000.00","unit":"db","recommended":"0","status":"1","sponsored":"0","exp_notify":"0","own_material":"0","own_material_description_old":null,"own_material_description":"","jury":"0","jury_number":"","product_nature":"","meskaracsony":"0","create_date":"2026-02-08 19:18:07","shelve_id":"0","image":"lasermemories_product_605557_240106180159_907437.jpeg","image_width":"480","image_height":"640","image_alt":"Esk\u00fcv\u0151i Egyedi Felirat Bet\u0171, Esk\u00fcv\u0151i Egyedi Felirat Bet\u0171, v\u00e1laszthat\u00f3 bet\u0171t\u00edpussal:\\n\\nV\u00e1laszthat\u00f3 bet\u0171t\u00edpussal\\n3mm vastag ny\u00edrf\u00e1b\u00f3..., Meska","image_title":"Esk\u00fcv\u0151i Egyedi Felirat Bet\u0171, Meska","view_count":"76","favourite_count":"0","trending_score":"0","last2MonthFavouriteCount":"0","promotion":"0","giftcard_accept":"0","creditcard_accept":true,"enhanced_background":"0","domain":"meska","specific_customer_id":null,"specific_customer_name":null,"to_order_product":"1","to_order_product_time":"2","product_different":null,"product_different_description":"","vintage":"0","vintage_category_id":"0","recycled":"0","gemstone_id":"0","customizable":"1","type_category":"physical","zerowaste":"0","postage_price":"2500.00","shop_order":"0","has_category":"1","landing_pages":null,"microdata":{"number":29,"category":""},"title":"Esk\u00fcv\u0151i Egyedi Felirat Bet\u0171","description":"Esk\u00fcv\u0151i Egyedi Felirat Bet\u0171, v\u00e1laszthat\u00f3 bet\u0171t\u00edpussal:\n\nV\u00e1laszthat\u00f3 bet\u0171t\u00edpussal\n3mm vastag ny\u00edrf\u00e1b\u00f3l\nV\u00e1laszthat\u00f3 m\u00e9retben MAGASS\u00c1G :\n50 cm\n60 cm\nA term\u00e9k magass\u00e1ga a v\u00e1lasztott bet\u0171t\u00edpust\u00f3l, illetve a sz\u00e9less\u00e9gt\u0151l f\u00fcgg.\n\nK\u00e9rlek \u00fczenetben \u00edrd meg a  nevet \u00e9s a fest\u00e9s sz\u00edn\u00e9t ha nem nat\u00farban k\u00e9red  :)\n\nAZ \u00c1R 2 DB BET\u0170T TARTALMAZ VAGY 2 DB BET\u0170 + \"&\" JEL","score":0,"formatted_price":"10 000 Ft","image_url":"https:\/\/www.meska.hu\/img\/product\/small\/l\/a\/lasermemories_product_605557_240106180159_907437.jpeg","formatted_url":"https:\/\/www.meska.hu\/p5730566-eskuvoi-egyedi-felirat-betu","favourite":false,"in_stock":false,"avatar":"605557_avatar_1696093903.jpeg","delete_from":0,"is_enhanced_background":false,"is_enhanced":false,"product_selection_started":false,"is_active":true,"image_webp_url":"https:\/\/www.meska.hu\/img\/product\/small\/l\/a\/lasermemories_product_605557_240106180159_907437.webp"},{"id":"6111133","shop_id":"42555","user_id":"605557","shop_name":"LaserMemories","shop_zip":"3350","product_code":"5730535","product_name_old":null,"product_name":"Esk\u00fcv\u0151i dupla hatsz\u00f6g alak\u00fa n\u00e9vt\u00e1bla","category_string":"Esk\u00fcv\u0151, Dekor\u00e1ci\u00f3, Esk\u00fcv\u0151i feliratok","technic_string":"Famegmunk\u00e1l\u00e1s","category_1":"317","category_2":"907","category_3":"1846","category_4":"0","merged_category_1":null,"merged_category_2":null,"merged_category_3":null,"technic_1":"478","technic_2":"0","technic_3":"0","color_1":"512","color_2":"0","color_3":"0","product_description_old":null,"product_description":"Figyelem !! Csak h\u00e1zhoz sz\u00e1ll\u00edt\u00e1ssal k\u00e9rhet\u0151 term\u00e9k !!!\n\n\nEleg\u00e1ns, egyedi k\u00e9sz\u00edt\u00e9s\u0171 l\u00e9zerv\u00e1gott esk\u00fcv\u0151i t\u00e1bla, amely t\u00f6k\u00e9letes d\u00edsze lehet a f\u0151asztal h\u00e1tter\u00e9nek. A hatsz\u00f6g (hexagon) form\u00e1j\u00fa t\u00e1bl\u00e1ra a p\u00e1r neve ker\u00fcl  kiv\u00e1gva \u2013 letisztult, st\u00edlusos megjelen\u00e9ssel, ami illik boh\u00f3, rusztikus, vintage vagy modern esk\u00fcv\u0151i dekor\u00e1ci\u00f3hoz is.\n\nT\u00f6k\u00e9letes v\u00e1laszt\u00e1s:\n\nf\u0151asztal m\u00f6g\u00e9 h\u00e1tt\u00e9rdekor\u00e1ci\u00f3nak,\n\nfot\u00f3fal el\u00e9,\n\ncerem\u00f3nia helysz\u00ednre,\n\notthoni eml\u00e9kk\u00e9nt az esk\u00fcv\u0151 ut\u00e1n.\n\n\nSz\u00ednek, bet\u0171t\u00edpusok \u00e9s m\u00e9retek ig\u00e9ny szerint v\u00e1laszthat\u00f3k \u2013 \u00edrj \u00fczenetet, \u00e9s egyeztetj\u00fck a r\u00e9szleteket!\n\nEz a t\u00e1bla nemcsak l\u00e1tv\u00e1nyos esk\u00fcv\u0151i dekor\u00e1ci\u00f3, de \u00f6r\u00f6k eml\u00e9k is, amely az otthonotok fal\u00e1n is gy\u00f6ny\u00f6r\u0171en mutat majd.","price":"11000.00","unit":"db","recommended":"0","status":"1","sponsored":"0","exp_notify":"0","own_material":"0","own_material_description_old":null,"own_material_description":"","jury":"0","jury_number":"","product_nature":"","meskaracsony":"0","create_date":"2026-02-08 19:14:07","shelve_id":"80729","image":"lasermemories_product_605557_240724111819_166527.jpeg","image_width":"480","image_height":"640","image_alt":"Esk\u00fcv\u0151i dupla hatsz\u00f6g alak\u00fa n\u00e9vt\u00e1bla, Figyelem !! Csak h\u00e1zhoz sz\u00e1ll\u00edt\u00e1ssal k\u00e9rhet\u0151 term\u00e9k !!!\\n\\n\\nEleg\u00e1ns, egyedi k\u00e9sz\u00edt\u00e9s\u0171 l\u00e9zerv\u00e1gott esk\u00fc..., Meska","image_title":"Esk\u00fcv\u0151i dupla hatsz\u00f6g alak\u00fa n\u00e9vt\u00e1bla, Meska","view_count":"72","favourite_count":"0","trending_score":"0","last2MonthFavouriteCount":"0","promotion":"0","giftcard_accept":"0","creditcard_accept":true,"enhanced_background":"0","domain":"meska","specific_customer_id":null,"specific_customer_name":null,"to_order_product":"1","to_order_product_time":"2","product_different":null,"product_different_description":"","vintage":"0","vintage_category_id":"0","recycled":"0","gemstone_id":"0","customizable":"1","type_category":"physical","zerowaste":"0","postage_price":"2500.00","shop_order":"0","has_category":"1","landing_pages":null,"microdata":{"number":30,"category":""},"title":"Esk\u00fcv\u0151i dupla hatsz\u00f6g alak\u00fa n\u00e9vt\u00e1bla","description":"Figyelem !! Csak h\u00e1zhoz sz\u00e1ll\u00edt\u00e1ssal k\u00e9rhet\u0151 term\u00e9k !!!\n\n\nEleg\u00e1ns, egyedi k\u00e9sz\u00edt\u00e9s\u0171 l\u00e9zerv\u00e1gott esk\u00fcv\u0151i t\u00e1bla, amely t\u00f6k\u00e9letes d\u00edsze lehet a f\u0151asztal h\u00e1tter\u00e9nek. A hatsz\u00f6g (hexagon) form\u00e1j\u00fa t\u00e1bl\u00e1ra a p\u00e1r neve ker\u00fcl  kiv\u00e1gva \u2013 letisztult, st\u00edlusos megjelen\u00e9ssel, ami illik boh\u00f3, rusztikus, vintage vagy modern esk\u00fcv\u0151i dekor\u00e1ci\u00f3hoz is.\n\nT\u00f6k\u00e9letes v\u00e1laszt\u00e1s:\n\nf\u0151asztal m\u00f6g\u00e9 h\u00e1tt\u00e9rdekor\u00e1ci\u00f3nak,\n\nfot\u00f3fal el\u00e9,\n\ncerem\u00f3nia helysz\u00ednre,\n\notthoni eml\u00e9kk\u00e9nt az esk\u00fcv\u0151 ut\u00e1n.\n\n\nSz\u00ednek, bet\u0171t\u00edpusok \u00e9s m\u00e9retek ig\u00e9ny szerint v\u00e1laszthat\u00f3k \u2013 \u00edrj \u00fczenetet, \u00e9s egyeztetj\u00fck a r\u00e9szleteket!\n\nEz a t\u00e1bla nemcsak l\u00e1tv\u00e1nyos esk\u00fcv\u0151i dekor\u00e1ci\u00f3, de \u00f6r\u00f6k eml\u00e9k is, amely az otthonotok fal\u00e1n is gy\u00f6ny\u00f6r\u0171en mutat majd.","score":0,"formatted_price":"11 000 Ft","image_url":"https:\/\/www.meska.hu\/img\/product\/small\/l\/a\/lasermemories_product_605557_240724111819_166527.jpeg","formatted_url":"https:\/\/www.meska.hu\/p5730535-eskuvoi-dupla-hatszog-alaku-nevtabla","favourite":false,"in_stock":false,"avatar":"605557_avatar_1696093903.jpeg","delete_from":0,"is_enhanced_background":false,"is_enhanced":false,"product_selection_started":false,"is_active":true,"image_webp_url":"https:\/\/www.meska.hu\/img\/product\/small\/l\/a\/lasermemories_product_605557_240724111819_166527.webp"},{"id":"5121300","shop_id":"25556","user_id":"302224","shop_name":"Mariella9700","shop_zip":"9700","product_code":"5155511","product_name_old":null,"product_name":"H\u00e1tt\u00e9rkarika, esk\u00fcv\u0151i h\u00e1tt\u00e9rd\u00edsz nevekkel esk\u00fcv\u0151re","category_string":"Esk\u00fcv\u0151, Dekor\u00e1ci\u00f3, Esk\u00fcv\u0151i feliratok","technic_string":"Grav\u00edroz\u00e1s, pirogr\u00e1fia","category_1":"317","category_2":"907","category_3":"1846","category_4":"0","merged_category_1":null,"merged_category_2":null,"merged_category_3":null,"technic_1":"796","technic_2":"0","technic_3":"0","color_1":"514","color_2":"0","color_3":"0","product_description_old":null,"product_description":"Tedd egyediv\u00e9, szem\u00e9lyre szabott\u00e1 az esk\u00fcv\u0151i h\u00e1tteret, vagy a f\u0151asztal elej\u00e9t!\nAz ifj\u00fa p\u00e1r neveivel, sz\u00edvvel \u00f6sszek\u00f6tve.\nA term\u00e9k festhet\u0151, fest\u00e9kspray-vel f\u00fajhat\u00f3, szalaggal, vir\u00e1ggal, csipk\u00e9vel...dekor\u00e1lhat\u00f3, \u00edgy az esk\u00fcv\u0151 st\u00edlus\u00e1hoz igaz\u00edthat\u00f3.\nK\u00e9t kis lyukkal k\u00e9sz\u00edtj\u00fck, \u00edgy k\u00f6nnyen felakaszthat\u00f3  ( damil, szalag, kamp\u00f3...)\n\nM\u00e9rete: 40 cm\n\nA k\u00e9rt nevekkel  k\u00e9sz\u00edtj\u00fck. A szerkeszt\u00e9si d\u00edjat is tartalmazza az \u00e1r!\n\n\u00c1ra: 9950,-Ft ( DEKOR\u00c1CI\u00d3 \u00c9S FEST\u00c9S N\u00c9LK\u00dcL ! )\nAnyaga: falemez\n\nEgyeztet\u00e9s \u00e9s el\u0151re utal\u00e1st k\u00f6vet\u0151en k\u00e9sz\u00edtj\u00fck.\nK\u00c9RN\u00c9M  A TERM\u00c9KLAPON FELT\u00dcNTETETT ELK\u00c9SZ\u00cdT\u00c9SI ID\u0150 FIGYELEMBEV\u00c9TEL\u00c9T!\n\nTov\u00e1bbi esk\u00fcv\u0151i term\u00e9keink ( sz\u00fcl\u0151k\u00f6sz\u00f6nt\u0151k, k\u00f6sz\u00f6n\u0151aj\u00e1nd\u00e9kok, asztald\u00edszek, h\u00e1tt\u00e9rd\u00edszek...) az al\u00e1bbi polcon el\u00e9rhet\u0151ek:\nhttps:\/\/www.meska.hu\/shop\/Mariella9700?s=67943&p=1\n\n\nSZERZ\u0150I JOG: A design \u00e9s a fot\u00f3 a k\u00e9sz\u00edt\u0151 szellemi tulajdona, eg\u00e9szbeni, vagy r\u00e9szbeni felhaszn\u00e1l\u00e1sa, m\u00e1sol\u00e1sa nem megengedett !\n\nFONTOS INFORM\u00c1CI\u00d3K:\nA term\u00e9keket KIZ\u00c1R\u00d3LAG AZ \u00d6SSZEG BE\u00c9RKEZ\u00c9S\u00c9T K\u00d6VET\u0150EN k\u00e9sz\u00edtj\u00fck,  a term\u00e9klapon szerepl\u0151 elk\u00e9sz\u00edt\u00e9si hat\u00e1rid\u0151 a j\u00f3v\u00e1\u00edr\u00e1st\u00f3l sz\u00e1m\u00edt\u00f3dik.\nHa az \u00f6sszeg a rendel\u00e9s\u00f6sszes\u00edt\u0151 kik\u00fcld\u00e9s\u00e9t k\u00f6vet\u0151 3 munkanapon bel\u00fcl nem \u00e9rkezik meg ,a rendel\u00e9st t\u00f6r\u00f6lj\u00fck!","price":"9950.00","unit":"db","recommended":"0","status":"1","sponsored":"0","exp_notify":"0","own_material":"0","own_material_description_old":null,"own_material_description":"","jury":"0","jury_number":"","product_nature":"","meskaracsony":"0","create_date":"2026-01-18 11:58:26","shelve_id":"67943","image":"mariella9700_product_302224_220610181141_581699.jpeg","image_width":"480","image_height":"360","image_alt":"H\u00e1tt\u00e9rkarika, esk\u00fcv\u0151i h\u00e1tt\u00e9rd\u00edsz nevekkel esk\u00fcv\u0151re, Tedd egyediv\u00e9, szem\u00e9lyre szabott\u00e1 az esk\u00fcv\u0151i h\u00e1tteret, vagy a f\u0151asztal elej\u00e9t!\\nAz ifj\u00fa p\u00e1r neveivel,..., Meska","image_title":"H\u00e1tt\u00e9rkarika, esk\u00fcv\u0151i h\u00e1tt\u00e9rd\u00edsz nevekkel esk\u00fcv\u0151re, Meska","view_count":"1413","favourite_count":"1","trending_score":"0","last2MonthFavouriteCount":"1","promotion":"0","giftcard_accept":"1","creditcard_accept":false,"enhanced_background":"0","domain":"meska","specific_customer_id":null,"specific_customer_name":null,"to_order_product":"1","to_order_product_time":"15","product_different":"quite_different","product_different_description":"A k\u00e9rt nevekkel \u00e9s d\u00e1tummal k\u00e9sz\u00edtj\u00fck.","vintage":"0","vintage_category_id":"0","recycled":"0","gemstone_id":"0","customizable":"1","type_category":"physical","zerowaste":"0","postage_price":"2390.00","shop_order":"146","has_category":"1","landing_pages":null,"microdata":{"number":31,"category":""},"title":"H\u00e1tt\u00e9rkarika, esk\u00fcv\u0151i h\u00e1tt\u00e9rd\u00edsz nevekkel esk\u00fcv\u0151re","description":"Tedd egyediv\u00e9, szem\u00e9lyre szabott\u00e1 az esk\u00fcv\u0151i h\u00e1tteret, vagy a f\u0151asztal elej\u00e9t!\nAz ifj\u00fa p\u00e1r neveivel, sz\u00edvvel \u00f6sszek\u00f6tve.\nA term\u00e9k festhet\u0151, fest\u00e9kspray-vel f\u00fajhat\u00f3, szalaggal, vir\u00e1ggal, csipk\u00e9vel...dekor\u00e1lhat\u00f3, \u00edgy az esk\u00fcv\u0151 st\u00edlus\u00e1hoz igaz\u00edthat\u00f3.\nK\u00e9t kis lyukkal k\u00e9sz\u00edtj\u00fck, \u00edgy k\u00f6nnyen felakaszthat\u00f3  ( damil, szalag, kamp\u00f3...)\n\nM\u00e9rete: 40 cm\n\nA k\u00e9rt nevekkel  k\u00e9sz\u00edtj\u00fck. A szerkeszt\u00e9si d\u00edjat is tartalmazza az \u00e1r!\n\n\u00c1ra: 9950,-Ft ( DEKOR\u00c1CI\u00d3 \u00c9S FEST\u00c9S N\u00c9LK\u00dcL ! )\nAnyaga: falemez\n\nEgyeztet\u00e9s \u00e9s el\u0151re utal\u00e1st k\u00f6vet\u0151en k\u00e9sz\u00edtj\u00fck.\nK\u00c9RN\u00c9M  A TERM\u00c9KLAPON FELT\u00dcNTETETT ELK\u00c9SZ\u00cdT\u00c9SI ID\u0150 FIGYELEMBEV\u00c9TEL\u00c9T!\n\nTov\u00e1bbi esk\u00fcv\u0151i term\u00e9keink ( sz\u00fcl\u0151k\u00f6sz\u00f6nt\u0151k, k\u00f6sz\u00f6n\u0151aj\u00e1nd\u00e9kok, asztald\u00edszek, h\u00e1tt\u00e9rd\u00edszek...) az al\u00e1bbi polcon el\u00e9rhet\u0151ek:\nhttps:\/\/www.meska.hu\/shop\/Mariella9700?s=67943&p=1\n\n\nSZERZ\u0150I JOG: A design \u00e9s a fot\u00f3 a k\u00e9sz\u00edt\u0151 szellemi tulajdona, eg\u00e9szbeni, vagy r\u00e9szbeni felhaszn\u00e1l\u00e1sa, m\u00e1sol\u00e1sa nem megengedett !\n\nFONTOS INFORM\u00c1CI\u00d3K:\nA term\u00e9keket KIZ\u00c1R\u00d3LAG AZ \u00d6SSZEG BE\u00c9RKEZ\u00c9S\u00c9T K\u00d6VET\u0150EN k\u00e9sz\u00edtj\u00fck,  a term\u00e9klapon szerepl\u0151 elk\u00e9sz\u00edt\u00e9si hat\u00e1rid\u0151 a j\u00f3v\u00e1\u00edr\u00e1st\u00f3l sz\u00e1m\u00edt\u00f3dik.\nHa az \u00f6sszeg a rendel\u00e9s\u00f6sszes\u00edt\u0151 kik\u00fcld\u00e9s\u00e9t k\u00f6vet\u0151 3 munkanapon bel\u00fcl nem \u00e9rkezik meg ,a rendel\u00e9st t\u00f6r\u00f6lj\u00fck!","score":0,"formatted_price":"9 950 Ft","image_url":"https:\/\/www.meska.hu\/img\/product\/small\/m\/a\/mariella9700_product_302224_220610181141_581699.jpeg","formatted_url":"https:\/\/www.meska.hu\/p5155511-hatterkarika-eskuvoi-hatterdisz-nevekkel-eskuvore","favourite":false,"in_stock":false,"avatar":"Mariella9700_avatar_302224_1611506005.jpg","delete_from":0,"is_enhanced_background":false,"is_enhanced":false,"product_selection_started":false,"is_active":true,"image_webp_url":"https:\/\/www.meska.hu\/img\/product\/small\/m\/a\/mariella9700_product_302224_220610181141_581699.webp"},{"id":"6073569","shop_id":"42555","user_id":"605557","shop_name":"LaserMemories","shop_zip":"3350","product_code":"5703076","product_name_old":null,"product_name":"Esk\u00fcv\u0151i Egyedi Felirat K\u00f6rben","category_string":"Esk\u00fcv\u0151, Dekor\u00e1ci\u00f3, Esk\u00fcv\u0151i feliratok","technic_string":"Famegmunk\u00e1l\u00e1s","category_1":"317","category_2":"907","category_3":"1846","category_4":"0","merged_category_1":null,"merged_category_2":null,"merged_category_3":null,"technic_1":"478","technic_2":"0","technic_3":"0","color_1":"512","color_2":"0","color_3":"0","product_description_old":null,"product_description":"Az esk\u00fcv\u0151i f\u00e1nk fal egyedi \u00e9s kreat\u00edv m\u00f3dja annak, hogy vend\u00e9geidnek k\u00edn\u00e1lj valami k\u00fcl\u00f6nlegeset. Friss \u00e9s puha f\u00e1nkok, finom t\u00f6ltel\u00e9kekkel \u00e9s csod\u00e1s d\u00edsz\u00edt\u00e9ssel teszik eml\u00e9kezetess\u00e9 az esk\u00fcv\u0151i napotokat.\n\nA f\u00e1nkok kiv\u00e1l\u00f3 min\u0151s\u00e9g\u0171 \u00e9s frissen k\u00e9sz\u00fclnek, hogy minden harap\u00e1s az \u00e9des boldogs\u00e1got hozza el. A falhoz val\u00f3 felszerel\u00e9s egyszer\u0171 \u00e9s l\u00e1tv\u00e1nyos, l\u00e9trehozva egy szemet gy\u00f6ny\u00f6rk\u00f6dtet\u0151 bemutat\u00f3t az esk\u00fcv\u0151i helysz\u00ednen.\n\nEgyedi \u00edzek, egyedi \u00e9lm\u00e9ny. Rendeld meg most az Esk\u00fcv\u0151i F\u00e1nk Falat, \u00e9s garant\u00e1lj egy \u00e9dess\u00e9get, amely elvar\u00e1zsolja a vend\u00e9geket \u00e9s eml\u00e9kezetess\u00e9 teszi a nagy napotokat! \n\nFigyelem !! Csak h\u00e1zhoz sz\u00e1ll\u00edt\u00e1ssal k\u00e9rhet\u0151 term\u00e9k !!!\nA term\u00e9k s\u00e9rtetlen k\u00e9zbes\u00edt\u00e9s\u00e9t csak GLS-el tudjuk v\u00e1llalni.","price":"10000.00","unit":"db","recommended":"0","status":"1","sponsored":"0","exp_notify":"0","own_material":"0","own_material_description_old":null,"own_material_description":"","jury":"0","jury_number":"","product_nature":"","meskaracsony":"0","create_date":"2026-01-16 13:29:22","shelve_id":"0","image":"lasermemories_product_605557_240326140636_02025.jpeg","image_width":"480","image_height":"640","image_alt":"Esk\u00fcv\u0151i Egyedi Felirat K\u00f6rben, Az esk\u00fcv\u0151i f\u00e1nk fal egyedi \u00e9s kreat\u00edv m\u00f3dja annak, hogy vend\u00e9geidnek k\u00edn\u00e1lj valami k\u00fcl\u00f6nlegeset. Fri..., Meska","image_title":"Esk\u00fcv\u0151i Egyedi Felirat K\u00f6rben, Meska","view_count":"185","favourite_count":"0","trending_score":"0","last2MonthFavouriteCount":"0","promotion":"0","giftcard_accept":"0","creditcard_accept":true,"enhanced_background":"0","domain":"meska","specific_customer_id":null,"specific_customer_name":null,"to_order_product":"1","to_order_product_time":"2","product_different":null,"product_different_description":"","vintage":"0","vintage_category_id":"0","recycled":"0","gemstone_id":"0","customizable":"1","type_category":"physical","zerowaste":"0","postage_price":"2500.00","shop_order":"0","has_category":"1","landing_pages":null,"microdata":{"number":32,"category":""},"title":"Esk\u00fcv\u0151i Egyedi Felirat K\u00f6rben","description":"Az esk\u00fcv\u0151i f\u00e1nk fal egyedi \u00e9s kreat\u00edv m\u00f3dja annak, hogy vend\u00e9geidnek k\u00edn\u00e1lj valami k\u00fcl\u00f6nlegeset. Friss \u00e9s puha f\u00e1nkok, finom t\u00f6ltel\u00e9kekkel \u00e9s csod\u00e1s d\u00edsz\u00edt\u00e9ssel teszik eml\u00e9kezetess\u00e9 az esk\u00fcv\u0151i napotokat.\n\nA f\u00e1nkok kiv\u00e1l\u00f3 min\u0151s\u00e9g\u0171 \u00e9s frissen k\u00e9sz\u00fclnek, hogy minden harap\u00e1s az \u00e9des boldogs\u00e1got hozza el. A falhoz val\u00f3 felszerel\u00e9s egyszer\u0171 \u00e9s l\u00e1tv\u00e1nyos, l\u00e9trehozva egy szemet gy\u00f6ny\u00f6rk\u00f6dtet\u0151 bemutat\u00f3t az esk\u00fcv\u0151i helysz\u00ednen.\n\nEgyedi \u00edzek, egyedi \u00e9lm\u00e9ny. Rendeld meg most az Esk\u00fcv\u0151i F\u00e1nk Falat, \u00e9s garant\u00e1lj egy \u00e9dess\u00e9get, amely elvar\u00e1zsolja a vend\u00e9geket \u00e9s eml\u00e9kezetess\u00e9 teszi a nagy napotokat! \n\nFigyelem !! Csak h\u00e1zhoz sz\u00e1ll\u00edt\u00e1ssal k\u00e9rhet\u0151 term\u00e9k !!!\nA term\u00e9k s\u00e9rtetlen k\u00e9zbes\u00edt\u00e9s\u00e9t csak GLS-el tudjuk v\u00e1llalni.","score":0,"formatted_price":"10 000 Ft","image_url":"https:\/\/www.meska.hu\/img\/product\/small\/l\/a\/lasermemories_product_605557_240326140636_02025.jpeg","formatted_url":"https:\/\/www.meska.hu\/p5703076-eskuvoi-egyedi-felirat-korben","favourite":false,"in_stock":false,"avatar":"605557_avatar_1696093903.jpeg","delete_from":0,"is_enhanced_background":false,"is_enhanced":false,"product_selection_started":false,"is_active":true,"image_webp_url":"https:\/\/www.meska.hu\/img\/product\/small\/l\/a\/lasermemories_product_605557_240326140636_02025.webp"},{"id":"6073565","shop_id":"42555","user_id":"605557","shop_name":"LaserMemories","shop_zip":"3350","product_code":"5703072","product_name_old":null,"product_name":"Esk\u00fcv\u0151i Egyedi Felirat Bet\u0171","category_string":"Esk\u00fcv\u0151, Dekor\u00e1ci\u00f3, Esk\u00fcv\u0151i feliratok","technic_string":"Famegmunk\u00e1l\u00e1s","category_1":"317","category_2":"907","category_3":"1846","category_4":"0","merged_category_1":null,"merged_category_2":null,"merged_category_3":null,"technic_1":"478","technic_2":"0","technic_3":"0","color_1":"512","color_2":"0","color_3":"0","product_description_old":null,"product_description":"Esk\u00fcv\u0151i Egyedi Felirat Bet\u0171, v\u00e1laszthat\u00f3 bet\u0171t\u00edpussal:\n\nV\u00e1laszthat\u00f3 bet\u0171t\u00edpussal\n3mm vastag ny\u00edrf\u00e1b\u00f3l\nV\u00e1laszthat\u00f3 m\u00e9retben MAGASS\u00c1G :\n50 cm\n60 cm\nA term\u00e9k magass\u00e1ga a v\u00e1lasztott bet\u0171t\u00edpust\u00f3l, illetve a sz\u00e9less\u00e9gt\u0151l f\u00fcgg.\n\nK\u00e9rlek \u00fczenetben \u00edrd meg a  nevet \u00e9s a fest\u00e9s sz\u00edn\u00e9t ha nem nat\u00farban k\u00e9red  :)\n\nAZ \u00c1R 2 DB BET\u0170T TARTALMAZ VAGY 2 DB BET\u0170 + \"&\" JEL","price":"10000.00","unit":"db","recommended":"0","status":"1","sponsored":"0","exp_notify":"0","own_material":"0","own_material_description_old":null,"own_material_description":"","jury":"0","jury_number":"","product_nature":"","meskaracsony":"0","create_date":"2026-01-16 13:28:33","shelve_id":"0","image":"lasermemories_product_605557_240106180159_907437.jpeg","image_width":"480","image_height":"640","image_alt":"Esk\u00fcv\u0151i Egyedi Felirat Bet\u0171, Esk\u00fcv\u0151i Egyedi Felirat Bet\u0171, v\u00e1laszthat\u00f3 bet\u0171t\u00edpussal:\\n\\nV\u00e1laszthat\u00f3 bet\u0171t\u00edpussal\\n3mm vastag ny\u00edrf\u00e1b\u00f3..., Meska","image_title":"Esk\u00fcv\u0151i Egyedi Felirat Bet\u0171, Meska","view_count":"71","favourite_count":"1","trending_score":"0","last2MonthFavouriteCount":"1","promotion":"0","giftcard_accept":"0","creditcard_accept":true,"enhanced_background":"0","domain":"meska","specific_customer_id":null,"specific_customer_name":null,"to_order_product":"1","to_order_product_time":"2","product_different":null,"product_different_description":"","vintage":"0","vintage_category_id":"0","recycled":"0","gemstone_id":"0","customizable":"1","type_category":"physical","zerowaste":"0","postage_price":"2500.00","shop_order":"0","has_category":"1","landing_pages":null,"microdata":{"number":33,"category":""},"title":"Esk\u00fcv\u0151i Egyedi Felirat Bet\u0171","description":"Esk\u00fcv\u0151i Egyedi Felirat Bet\u0171, v\u00e1laszthat\u00f3 bet\u0171t\u00edpussal:\n\nV\u00e1laszthat\u00f3 bet\u0171t\u00edpussal\n3mm vastag ny\u00edrf\u00e1b\u00f3l\nV\u00e1laszthat\u00f3 m\u00e9retben MAGASS\u00c1G :\n50 cm\n60 cm\nA term\u00e9k magass\u00e1ga a v\u00e1lasztott bet\u0171t\u00edpust\u00f3l, illetve a sz\u00e9less\u00e9gt\u0151l f\u00fcgg.\n\nK\u00e9rlek \u00fczenetben \u00edrd meg a  nevet \u00e9s a fest\u00e9s sz\u00edn\u00e9t ha nem nat\u00farban k\u00e9red  :)\n\nAZ \u00c1R 2 DB BET\u0170T TARTALMAZ VAGY 2 DB BET\u0170 + \"&\" JEL","score":0,"formatted_price":"10 000 Ft","image_url":"https:\/\/www.meska.hu\/img\/product\/small\/l\/a\/lasermemories_product_605557_240106180159_907437.jpeg","formatted_url":"https:\/\/www.meska.hu\/p5703072-eskuvoi-egyedi-felirat-betu","favourite":false,"in_stock":false,"avatar":"605557_avatar_1696093903.jpeg","delete_from":0,"is_enhanced_background":false,"is_enhanced":false,"product_selection_started":false,"is_active":true,"image_webp_url":"https:\/\/www.meska.hu\/img\/product\/small\/l\/a\/lasermemories_product_605557_240106180159_907437.webp"},{"id":"6073563","shop_id":"42555","user_id":"605557","shop_name":"LaserMemories","shop_zip":"3350","product_code":"5703070","product_name_old":null,"product_name":"Esk\u00fcv\u0151i dupla hatsz\u00f6g alak\u00fa n\u00e9vt\u00e1bla","category_string":"Esk\u00fcv\u0151, Dekor\u00e1ci\u00f3, Esk\u00fcv\u0151i feliratok","technic_string":"Famegmunk\u00e1l\u00e1s","category_1":"317","category_2":"907","category_3":"1846","category_4":"0","merged_category_1":null,"merged_category_2":null,"merged_category_3":null,"technic_1":"478","technic_2":"0","technic_3":"0","color_1":"512","color_2":"0","color_3":"0","product_description_old":null,"product_description":"Figyelem !! Csak h\u00e1zhoz sz\u00e1ll\u00edt\u00e1ssal k\u00e9rhet\u0151 term\u00e9k !!!\n\n\nEleg\u00e1ns, egyedi k\u00e9sz\u00edt\u00e9s\u0171 l\u00e9zerv\u00e1gott esk\u00fcv\u0151i t\u00e1bla, amely t\u00f6k\u00e9letes d\u00edsze lehet a f\u0151asztal h\u00e1tter\u00e9nek. A hatsz\u00f6g (hexagon) form\u00e1j\u00fa t\u00e1bl\u00e1ra a p\u00e1r neve ker\u00fcl  kiv\u00e1gva \u2013 letisztult, st\u00edlusos megjelen\u00e9ssel, ami illik boh\u00f3, rusztikus, vintage vagy modern esk\u00fcv\u0151i dekor\u00e1ci\u00f3hoz is.\n\nT\u00f6k\u00e9letes v\u00e1laszt\u00e1s:\n\nf\u0151asztal m\u00f6g\u00e9 h\u00e1tt\u00e9rdekor\u00e1ci\u00f3nak,\n\nfot\u00f3fal el\u00e9,\n\ncerem\u00f3nia helysz\u00ednre,\n\notthoni eml\u00e9kk\u00e9nt az esk\u00fcv\u0151 ut\u00e1n.\n\n\nSz\u00ednek, bet\u0171t\u00edpusok \u00e9s m\u00e9retek ig\u00e9ny szerint v\u00e1laszthat\u00f3k \u2013 \u00edrj \u00fczenetet, \u00e9s egyeztetj\u00fck a r\u00e9szleteket!\n\nEz a t\u00e1bla nemcsak l\u00e1tv\u00e1nyos esk\u00fcv\u0151i dekor\u00e1ci\u00f3, de \u00f6r\u00f6k eml\u00e9k is, amely az otthonotok fal\u00e1n is gy\u00f6ny\u00f6r\u0171en mutat majd.","price":"11000.00","unit":"db","recommended":"0","status":"1","sponsored":"0","exp_notify":"0","own_material":"0","own_material_description_old":null,"own_material_description":"","jury":"0","jury_number":"","product_nature":"","meskaracsony":"0","create_date":"2026-01-16 13:28:07","shelve_id":"80729","image":"lasermemories_product_605557_240724111819_166527.jpeg","image_width":"480","image_height":"640","image_alt":"Esk\u00fcv\u0151i dupla hatsz\u00f6g alak\u00fa n\u00e9vt\u00e1bla, Figyelem !! Csak h\u00e1zhoz sz\u00e1ll\u00edt\u00e1ssal k\u00e9rhet\u0151 term\u00e9k !!!\\n\\n\\nEleg\u00e1ns, egyedi k\u00e9sz\u00edt\u00e9s\u0171 l\u00e9zerv\u00e1gott esk\u00fc..., Meska","image_title":"Esk\u00fcv\u0151i dupla hatsz\u00f6g alak\u00fa n\u00e9vt\u00e1bla, Meska","view_count":"85","favourite_count":"0","trending_score":"0","last2MonthFavouriteCount":"0","promotion":"0","giftcard_accept":"0","creditcard_accept":true,"enhanced_background":"0","domain":"meska","specific_customer_id":null,"specific_customer_name":null,"to_order_product":"1","to_order_product_time":"2","product_different":null,"product_different_description":"","vintage":"0","vintage_category_id":"0","recycled":"0","gemstone_id":"0","customizable":"1","type_category":"physical","zerowaste":"0","postage_price":"2500.00","shop_order":"0","has_category":"1","landing_pages":null,"microdata":{"number":34,"category":""},"title":"Esk\u00fcv\u0151i dupla hatsz\u00f6g alak\u00fa n\u00e9vt\u00e1bla","description":"Figyelem !! Csak h\u00e1zhoz sz\u00e1ll\u00edt\u00e1ssal k\u00e9rhet\u0151 term\u00e9k !!!\n\n\nEleg\u00e1ns, egyedi k\u00e9sz\u00edt\u00e9s\u0171 l\u00e9zerv\u00e1gott esk\u00fcv\u0151i t\u00e1bla, amely t\u00f6k\u00e9letes d\u00edsze lehet a f\u0151asztal h\u00e1tter\u00e9nek. A hatsz\u00f6g (hexagon) form\u00e1j\u00fa t\u00e1bl\u00e1ra a p\u00e1r neve ker\u00fcl  kiv\u00e1gva \u2013 letisztult, st\u00edlusos megjelen\u00e9ssel, ami illik boh\u00f3, rusztikus, vintage vagy modern esk\u00fcv\u0151i dekor\u00e1ci\u00f3hoz is.\n\nT\u00f6k\u00e9letes v\u00e1laszt\u00e1s:\n\nf\u0151asztal m\u00f6g\u00e9 h\u00e1tt\u00e9rdekor\u00e1ci\u00f3nak,\n\nfot\u00f3fal el\u00e9,\n\ncerem\u00f3nia helysz\u00ednre,\n\notthoni eml\u00e9kk\u00e9nt az esk\u00fcv\u0151 ut\u00e1n.\n\n\nSz\u00ednek, bet\u0171t\u00edpusok \u00e9s m\u00e9retek ig\u00e9ny szerint v\u00e1laszthat\u00f3k \u2013 \u00edrj \u00fczenetet, \u00e9s egyeztetj\u00fck a r\u00e9szleteket!\n\nEz a t\u00e1bla nemcsak l\u00e1tv\u00e1nyos esk\u00fcv\u0151i dekor\u00e1ci\u00f3, de \u00f6r\u00f6k eml\u00e9k is, amely az otthonotok fal\u00e1n is gy\u00f6ny\u00f6r\u0171en mutat majd.","score":0,"formatted_price":"11 000 Ft","image_url":"https:\/\/www.meska.hu\/img\/product\/small\/l\/a\/lasermemories_product_605557_240724111819_166527.jpeg","formatted_url":"https:\/\/www.meska.hu\/p5703070-eskuvoi-dupla-hatszog-alaku-nevtabla","favourite":false,"in_stock":false,"avatar":"605557_avatar_1696093903.jpeg","delete_from":0,"is_enhanced_background":false,"is_enhanced":false,"product_selection_started":false,"is_active":true,"image_webp_url":"https:\/\/www.meska.hu\/img\/product\/small\/l\/a\/lasermemories_product_605557_240724111819_166527.webp"},{"id":"5322871","shop_id":"22381","user_id":"62549","shop_name":"eskuvoidekor","shop_zip":"5462","product_code":"5282843","product_name_old":null,"product_name":"Esk\u00fcv\u0151i h\u00e1tfal dekor\u00e1ci\u00f3 n\u00e9vvel k\u00f6r alak\u00fa","category_string":"Esk\u00fcv\u0151, Dekor\u00e1ci\u00f3, Esk\u00fcv\u0151i feliratok","technic_string":"","category_1":"317","category_2":"907","category_3":"1846","category_4":"0","merged_category_1":null,"merged_category_2":null,"merged_category_3":null,"technic_1":"0","technic_2":"0","technic_3":"0","color_1":"0","color_2":"0","color_3":"0","product_description_old":null,"product_description":"Tedd k\u00fcl\u00f6nlegess\u00e9 a dekor\u00e1ci\u00f3t az esk\u00fcv\u0151n ezzel az egyedi k\u00e9zm\u0171ves fa dekor\u00e1ci\u00f3s elmel! Elhelyezheted a f\u0151asztal m\u00f6g\u00f6tti h\u00e1tfalra, a bej\u00e1rathoz, vagy foghatj\u00e1tok kezetekben a fot\u00f3z\u00e1s alkalm\u00e1val, amivel m\u00e9g k\u00fcl\u00f6nlegesebb \u00e9s szem\u00e9lyre sz\u00f3l\u00f3 k\u00e9peitek k\u00e9sz\u00fclhetnek. Anyaga: fa m\u00e9rete: v\u00e1laszthat\u00f3 K\u00e9rheted nat\u00faran vagy festve. A keresztnevet \u00edrunk bele. V\u00e9kony f\u00e1b\u00f3l k\u00e9sz\u00fclt term\u00e9k, \u00edgy nem \u00e1ll meg a saj\u00e1t l\u00e1b\u00e1n, csak egy\u00e9b dekorelemhez t\u00e1masztva. Mivel k\u00e9zm\u0171ves term\u00e9kr\u0151l van sz\u00f3, ez\u00e9rt a fest\u00e9s vintage hat\u00e1s\u00fa. ","price":"2959.00","unit":"db","recommended":"0","status":"1","sponsored":"0","exp_notify":"0","own_material":"0","own_material_description_old":null,"own_material_description":"","jury":"0","jury_number":"","product_nature":"","meskaracsony":"0","create_date":"2025-10-03 15:42:22","shelve_id":"0","image":"tg_eskvihtfaldekorcinvvelkralak_5322871_01714470137135163466.jpeg","image_width":"1500","image_height":"1000","image_alt":"Esk\u00fcv\u0151i h\u00e1tfal dekor\u00e1ci\u00f3 n\u00e9vvel k\u00f6r alak\u00fa, Tedd k\u00fcl\u00f6nlegess\u00e9 a dekor\u00e1ci\u00f3t az esk\u00fcv\u0151n ezzel az egyedi k\u00e9zm\u0171ves fa dekor\u00e1ci\u00f3s elmel! Elhelyezhete..., Meska","image_title":"Esk\u00fcv\u0151i h\u00e1tfal dekor\u00e1ci\u00f3 n\u00e9vvel k\u00f6r alak\u00fa, Meska","view_count":"1868","favourite_count":"0","trending_score":"0","last2MonthFavouriteCount":"0","promotion":"0","giftcard_accept":"1","creditcard_accept":true,"enhanced_background":"0","domain":"meska","specific_customer_id":null,"specific_customer_name":null,"to_order_product":"1","to_order_product_time":"7","product_different":null,"product_different_description":"","vintage":"0","vintage_category_id":"0","recycled":"0","gemstone_id":"0","customizable":"0","type_category":"physical","zerowaste":"0","postage_price":"1290.00","shop_order":"0","has_category":"1","landing_pages":null,"microdata":{"number":35,"category":""},"title":"Esk\u00fcv\u0151i h\u00e1tfal dekor\u00e1ci\u00f3 n\u00e9vvel k\u00f6r alak\u00fa","description":"Tedd k\u00fcl\u00f6nlegess\u00e9 a dekor\u00e1ci\u00f3t az esk\u00fcv\u0151n ezzel az egyedi k\u00e9zm\u0171ves fa dekor\u00e1ci\u00f3s elmel! Elhelyezheted a f\u0151asztal m\u00f6g\u00f6tti h\u00e1tfalra, a bej\u00e1rathoz, vagy foghatj\u00e1tok kezetekben a fot\u00f3z\u00e1s alkalm\u00e1val, amivel m\u00e9g k\u00fcl\u00f6nlegesebb \u00e9s szem\u00e9lyre sz\u00f3l\u00f3 k\u00e9peitek k\u00e9sz\u00fclhetnek. Anyaga: fa m\u00e9rete: v\u00e1laszthat\u00f3 K\u00e9rheted nat\u00faran vagy festve. A keresztnevet \u00edrunk bele. V\u00e9kony f\u00e1b\u00f3l k\u00e9sz\u00fclt term\u00e9k, \u00edgy nem \u00e1ll meg a saj\u00e1t l\u00e1b\u00e1n, csak egy\u00e9b dekorelemhez t\u00e1masztva. Mivel k\u00e9zm\u0171ves term\u00e9kr\u0151l van sz\u00f3, ez\u00e9rt a fest\u00e9s vintage hat\u00e1s\u00fa. ","score":0,"formatted_price":"2 959 Ft","image_url":"https:\/\/www.meska.hu\/img\/product\/small\/t\/g\/tg_eskvihtfaldekorcinvvelkralak_5322871_01714470137135163466.jpeg","formatted_url":"https:\/\/www.meska.hu\/p5282843-eskuvoi-hatfal-dekoracio-nevvel-kor-alaku","favourite":false,"in_stock":false,"avatar":"62549_avatar_1714548383.jpeg","delete_from":0,"is_enhanced_background":false,"is_enhanced":false,"product_selection_started":false,"is_active":true,"image_webp_url":"https:\/\/www.meska.hu\/img\/product\/small\/t\/g\/tg_eskvihtfaldekorcinvvelkralak_5322871_01714470137135163466.webp"},{"id":"5322949","shop_id":"22381","user_id":"62549","shop_name":"eskuvoidekor","shop_zip":"5462","product_code":"5282921","product_name_old":null,"product_name":"Esk\u00fcv\u0151i h\u00e1tfal dekor\u00e1ci\u00f3 n\u00e9vvel k\u00f6ralak\u00fa","category_string":"Esk\u00fcv\u0151, Dekor\u00e1ci\u00f3, Esk\u00fcv\u0151i feliratok","technic_string":"","category_1":"317","category_2":"907","category_3":"1846","category_4":"0","merged_category_1":null,"merged_category_2":null,"merged_category_3":null,"technic_1":"0","technic_2":"0","technic_3":"0","color_1":"0","color_2":"0","color_3":"0","product_description_old":null,"product_description":"Tedd k\u00fcl\u00f6nlegess\u00e9 a dekor\u00e1ci\u00f3t az esk\u00fcv\u0151n ezzel az egyedi k\u00e9zm\u0171ves fa dekor\u00e1ci\u00f3s elmel! Elhelyezheted a f\u0151asztal m\u00f6g\u00f6tti h\u00e1tfalra, a bej\u00e1rathoz, vagy foghatj\u00e1tok kezetekben a fot\u00f3z\u00e1s alkalm\u00e1val, amivel m\u00e9g k\u00fcl\u00f6nlegesebb \u00e9s szem\u00e9lyre sz\u00f3l\u00f3 k\u00e9peitek k\u00e9sz\u00fclhetnek. Anyaga: fa m\u00e9rete: v\u00e1laszthat\u00f3 K\u00e9rheted nat\u00faran vagy festve. A keresztnevet \u00edrunk bele. V\u00e9kony f\u00e1b\u00f3l k\u00e9sz\u00fclt term\u00e9k, \u00edgy nem \u00e1ll meg a saj\u00e1t l\u00e1b\u00e1n, csak egy\u00e9b dekorelemhez t\u00e1masztva. Mivel k\u00e9zm\u0171ves term\u00e9kr\u0151l van sz\u00f3, ez\u00e9rt a fest\u00e9s vintage hat\u00e1s\u00fa. ","price":"4719.00","unit":"db","recommended":"0","status":"1","sponsored":"0","exp_notify":"0","own_material":"0","own_material_description_old":null,"own_material_description":"","jury":"0","jury_number":"","product_nature":"","meskaracsony":"0","create_date":"2025-09-15 12:06:16","shelve_id":"0","image":"nq_eskvihtfaldekorcinvvelkralak_5322949_01714470225524054687.jpeg","image_width":"1000","image_height":"918","image_alt":"Esk\u00fcv\u0151i h\u00e1tfal dekor\u00e1ci\u00f3 n\u00e9vvel k\u00f6ralak\u00fa, Tedd k\u00fcl\u00f6nlegess\u00e9 a dekor\u00e1ci\u00f3t az esk\u00fcv\u0151n ezzel az egyedi k\u00e9zm\u0171ves fa dekor\u00e1ci\u00f3s elmel! Elhelyezhete..., Meska","image_title":"Esk\u00fcv\u0151i h\u00e1tfal dekor\u00e1ci\u00f3 n\u00e9vvel k\u00f6ralak\u00fa, Meska","view_count":"1065","favourite_count":"0","trending_score":"0","last2MonthFavouriteCount":"0","promotion":"0","giftcard_accept":"1","creditcard_accept":true,"enhanced_background":"0","domain":"meska","specific_customer_id":null,"specific_customer_name":null,"to_order_product":"1","to_order_product_time":"7","product_different":null,"product_different_description":"","vintage":"0","vintage_category_id":"0","recycled":"0","gemstone_id":"0","customizable":"0","type_category":"physical","zerowaste":"0","postage_price":"1290.00","shop_order":"0","has_category":"1","landing_pages":null,"microdata":{"number":36,"category":""},"title":"Esk\u00fcv\u0151i h\u00e1tfal dekor\u00e1ci\u00f3 n\u00e9vvel k\u00f6ralak\u00fa","description":"Tedd k\u00fcl\u00f6nlegess\u00e9 a dekor\u00e1ci\u00f3t az esk\u00fcv\u0151n ezzel az egyedi k\u00e9zm\u0171ves fa dekor\u00e1ci\u00f3s elmel! Elhelyezheted a f\u0151asztal m\u00f6g\u00f6tti h\u00e1tfalra, a bej\u00e1rathoz, vagy foghatj\u00e1tok kezetekben a fot\u00f3z\u00e1s alkalm\u00e1val, amivel m\u00e9g k\u00fcl\u00f6nlegesebb \u00e9s szem\u00e9lyre sz\u00f3l\u00f3 k\u00e9peitek k\u00e9sz\u00fclhetnek. Anyaga: fa m\u00e9rete: v\u00e1laszthat\u00f3 K\u00e9rheted nat\u00faran vagy festve. A keresztnevet \u00edrunk bele. V\u00e9kony f\u00e1b\u00f3l k\u00e9sz\u00fclt term\u00e9k, \u00edgy nem \u00e1ll meg a saj\u00e1t l\u00e1b\u00e1n, csak egy\u00e9b dekorelemhez t\u00e1masztva. Mivel k\u00e9zm\u0171ves term\u00e9kr\u0151l van sz\u00f3, ez\u00e9rt a fest\u00e9s vintage hat\u00e1s\u00fa. ","score":0,"formatted_price":"4 719 Ft","image_url":"https:\/\/www.meska.hu\/img\/product\/small\/n\/q\/nq_eskvihtfaldekorcinvvelkralak_5322949_01714470225524054687.jpeg","formatted_url":"https:\/\/www.meska.hu\/p5282921-eskuvoi-hatfal-dekoracio-nevvel-koralaku","favourite":false,"in_stock":false,"avatar":"62549_avatar_1714548383.jpeg","delete_from":0,"is_enhanced_background":false,"is_enhanced":false,"product_selection_started":false,"is_active":true,"image_webp_url":"https:\/\/www.meska.hu\/img\/product\/small\/n\/q\/nq_eskvihtfaldekorcinvvelkralak_5322949_01714470225524054687.webp"},{"id":"5322872","shop_id":"22381","user_id":"62549","shop_name":"eskuvoidekor","shop_zip":"5462","product_code":"5282844","product_name_old":null,"product_name":"Esk\u00fcv\u0151i h\u00e1tfal dekor\u00e1ci\u00f3 n\u00e9vvel k\u00f6r alak\u00fa (2 db)","category_string":"Esk\u00fcv\u0151, Dekor\u00e1ci\u00f3, Esk\u00fcv\u0151i feliratok","technic_string":"","category_1":"317","category_2":"907","category_3":"1846","category_4":"0","merged_category_1":null,"merged_category_2":null,"merged_category_3":null,"technic_1":"0","technic_2":"0","technic_3":"0","color_1":"0","color_2":"0","color_3":"0","product_description_old":null,"product_description":"Tedd k\u00fcl\u00f6nlegess\u00e9 a dekor\u00e1ci\u00f3t az esk\u00fcv\u0151n ezzel az egyedi k\u00e9zm\u0171ves fa dekor\u00e1ci\u00f3s elmel! Elhelyezheted a f\u0151asztal m\u00f6g\u00f6tti h\u00e1tfalra, a bej\u00e1rathoz, vagy foghatj\u00e1tok kezetekben a fot\u00f3z\u00e1s alkalm\u00e1val, amivel m\u00e9g k\u00fcl\u00f6nlegesebb \u00e9s szem\u00e9lyre sz\u00f3l\u00f3 k\u00e9peitek k\u00e9sz\u00fclhetnek. Anyaga: fa m\u00e9rete: v\u00e1laszthat\u00f3 K\u00e9rheted nat\u00faran vagy festve. A keresztnevet \u00edrunk bele. V\u00e9kony f\u00e1b\u00f3l k\u00e9sz\u00fclt term\u00e9k, \u00edgy nem \u00e1ll meg a saj\u00e1t l\u00e1b\u00e1n, csak egy\u00e9b dekorelemhez t\u00e1masztva. Mivel k\u00e9zm\u0171ves term\u00e9kr\u0151l van sz\u00f3, ez\u00e9rt a fest\u00e9s vintage hat\u00e1s\u00fa. ","price":"5379.00","unit":"db","recommended":"0","status":"1","sponsored":"0","exp_notify":"0","own_material":"0","own_material_description_old":null,"own_material_description":"","jury":"0","jury_number":"","product_nature":"","meskaracsony":"0","create_date":"2025-07-23 09:17:49","shelve_id":"0","image":"fg_eskvihtfaldekorcinvvelkralak2db_5322872_01714470139307070305.jpeg","image_width":"1500","image_height":"1000","image_alt":"Esk\u00fcv\u0151i h\u00e1tfal dekor\u00e1ci\u00f3 n\u00e9vvel k\u00f6r alak\u00fa (2 db), Tedd k\u00fcl\u00f6nlegess\u00e9 a dekor\u00e1ci\u00f3t az esk\u00fcv\u0151n ezzel az egyedi k\u00e9zm\u0171ves fa dekor\u00e1ci\u00f3s elmel! Elhelyezhete..., Meska","image_title":"Esk\u00fcv\u0151i h\u00e1tfal dekor\u00e1ci\u00f3 n\u00e9vvel k\u00f6r alak\u00fa (2 db), Meska","view_count":"1298","favourite_count":"0","trending_score":"0","last2MonthFavouriteCount":"0","promotion":"0","giftcard_accept":"1","creditcard_accept":true,"enhanced_background":"0","domain":"meska","specific_customer_id":null,"specific_customer_name":null,"to_order_product":"1","to_order_product_time":"7","product_different":null,"product_different_description":"","vintage":"0","vintage_category_id":"0","recycled":"0","gemstone_id":"0","customizable":"0","type_category":"physical","zerowaste":"0","postage_price":"1290.00","shop_order":"0","has_category":"1","landing_pages":null,"microdata":{"number":37,"category":""},"title":"Esk\u00fcv\u0151i h\u00e1tfal dekor\u00e1ci\u00f3 n\u00e9vvel k\u00f6r alak\u00fa (2 db)","description":"Tedd k\u00fcl\u00f6nlegess\u00e9 a dekor\u00e1ci\u00f3t az esk\u00fcv\u0151n ezzel az egyedi k\u00e9zm\u0171ves fa dekor\u00e1ci\u00f3s elmel! Elhelyezheted a f\u0151asztal m\u00f6g\u00f6tti h\u00e1tfalra, a bej\u00e1rathoz, vagy foghatj\u00e1tok kezetekben a fot\u00f3z\u00e1s alkalm\u00e1val, amivel m\u00e9g k\u00fcl\u00f6nlegesebb \u00e9s szem\u00e9lyre sz\u00f3l\u00f3 k\u00e9peitek k\u00e9sz\u00fclhetnek. Anyaga: fa m\u00e9rete: v\u00e1laszthat\u00f3 K\u00e9rheted nat\u00faran vagy festve. A keresztnevet \u00edrunk bele. V\u00e9kony f\u00e1b\u00f3l k\u00e9sz\u00fclt term\u00e9k, \u00edgy nem \u00e1ll meg a saj\u00e1t l\u00e1b\u00e1n, csak egy\u00e9b dekorelemhez t\u00e1masztva. Mivel k\u00e9zm\u0171ves term\u00e9kr\u0151l van sz\u00f3, ez\u00e9rt a fest\u00e9s vintage hat\u00e1s\u00fa. ","score":0,"formatted_price":"5 379 Ft","image_url":"https:\/\/www.meska.hu\/img\/product\/small\/f\/g\/fg_eskvihtfaldekorcinvvelkralak2db_5322872_01714470139307070305.jpeg","formatted_url":"https:\/\/www.meska.hu\/p5282844-eskuvoi-hatfal-dekoracio-nevvel-kor-alaku-2-db","favourite":false,"in_stock":false,"avatar":"62549_avatar_1714548383.jpeg","delete_from":0,"is_enhanced_background":false,"is_enhanced":false,"product_selection_started":false,"is_active":true,"image_webp_url":"https:\/\/www.meska.hu\/img\/product\/small\/f\/g\/fg_eskvihtfaldekorcinvvelkralak2db_5322872_01714470139307070305.webp"},{"id":"5322340","shop_id":"22381","user_id":"62549","shop_name":"eskuvoidekor","shop_zip":"5462","product_code":"5282319","product_name_old":null,"product_name":"Modern ny\u00edl esk\u00fcv\u0151re","category_string":"Esk\u00fcv\u0151, Dekor\u00e1ci\u00f3, Esk\u00fcv\u0151i feliratok","technic_string":"","category_1":"317","category_2":"907","category_3":"1846","category_4":"0","merged_category_1":null,"merged_category_2":null,"merged_category_3":null,"technic_1":"0","technic_2":"0","technic_3":"0","color_1":"0","color_2":"0","color_3":"0","product_description_old":null,"product_description":" Ir\u00e1ny\u00edt\u00f3 t\u00e1bla, hogy vend\u00e9geitek k\u00f6nyebben eligazodjanak a helysz\u00ednen. B\u00e1rmilyen f\u00e1ra vagy m\u0171anyagra ragaszthat\u00f3, vagy ak\u00e1r akaszthat\u00f3 is a benne l\u00e9v\u0151 kis lyukak seg\u00edts\u00e9g\u00e9vel. Anyaga: fa K\u00e9rheted nat\u00faran vagy festve. Hossz\u00fas\u00e1ga: 45 cm Mivel k\u00e9zm\u0171ves term\u00e9kr\u0151l van sz\u00f3, ez\u00e9rt a fest\u00e9s vintage hat\u00e1s\u00fa. K\u00e9rj\u00fck, a megrendel\u00e9shez kapcsol\u00f3d\u00f3 minden inform\u00e1ci\u00f3t a Megjegyz\u00e9s rovatban t\u00fcntess fel. ","price":"2420.00","unit":"db","recommended":"0","status":"1","sponsored":"0","exp_notify":"0","own_material":"0","own_material_description_old":null,"own_material_description":"","jury":"0","jury_number":"","product_nature":"","meskaracsony":"0","create_date":"2025-06-18 10:43:16","shelve_id":"0","image":"kf_modernnyleskvre_5322340_01714469649901717531.jpeg","image_width":"486","image_height":"865","image_alt":"Modern ny\u00edl esk\u00fcv\u0151re,  Ir\u00e1ny\u00edt\u00f3 t\u00e1bla, hogy vend\u00e9geitek k\u00f6nyebben eligazodjanak a helysz\u00ednen. B\u00e1rmilyen f\u00e1ra vagy m\u0171anyagr..., Meska","image_title":"Modern ny\u00edl esk\u00fcv\u0151re, Meska","view_count":"468","favourite_count":"0","trending_score":"0","last2MonthFavouriteCount":"0","promotion":"0","giftcard_accept":"1","creditcard_accept":true,"enhanced_background":"0","domain":"meska","specific_customer_id":null,"specific_customer_name":null,"to_order_product":"1","to_order_product_time":"7","product_different":null,"product_different_description":"","vintage":"0","vintage_category_id":"0","recycled":"0","gemstone_id":"0","customizable":"0","type_category":"physical","zerowaste":"0","postage_price":"1290.00","shop_order":"0","has_category":"1","landing_pages":null,"microdata":{"number":38,"category":""},"title":"Modern ny\u00edl esk\u00fcv\u0151re","description":" Ir\u00e1ny\u00edt\u00f3 t\u00e1bla, hogy vend\u00e9geitek k\u00f6nyebben eligazodjanak a helysz\u00ednen. B\u00e1rmilyen f\u00e1ra vagy m\u0171anyagra ragaszthat\u00f3, vagy ak\u00e1r akaszthat\u00f3 is a benne l\u00e9v\u0151 kis lyukak seg\u00edts\u00e9g\u00e9vel. Anyaga: fa K\u00e9rheted nat\u00faran vagy festve. Hossz\u00fas\u00e1ga: 45 cm Mivel k\u00e9zm\u0171ves term\u00e9kr\u0151l van sz\u00f3, ez\u00e9rt a fest\u00e9s vintage hat\u00e1s\u00fa. K\u00e9rj\u00fck, a megrendel\u00e9shez kapcsol\u00f3d\u00f3 minden inform\u00e1ci\u00f3t a Megjegyz\u00e9s rovatban t\u00fcntess fel. ","score":0,"formatted_price":"2 420 Ft","image_url":"https:\/\/www.meska.hu\/img\/product\/small\/k\/f\/kf_modernnyleskvre_5322340_01714469649901717531.jpeg","formatted_url":"https:\/\/www.meska.hu\/p5282319-modern-nyil-eskuvore","favourite":false,"in_stock":false,"avatar":"62549_avatar_1714548383.jpeg","delete_from":0,"is_enhanced_background":false,"is_enhanced":false,"product_selection_started":false,"is_active":true,"image_webp_url":"https:\/\/www.meska.hu\/img\/product\/small\/k\/f\/kf_modernnyleskvre_5322340_01714469649901717531.webp"},{"id":"5321586","shop_id":"22381","user_id":"62549","shop_name":"eskuvoidekor","shop_zip":"5462","product_code":"5281567","product_name_old":null,"product_name":"Friss H\u00e1zasok esk\u00fcv\u0151i t\u00e1bla f\u00e1b\u00f3l","category_string":"Esk\u00fcv\u0151, Dekor\u00e1ci\u00f3, Esk\u00fcv\u0151i feliratok","technic_string":"","category_1":"317","category_2":"907","category_3":"1846","category_4":"0","merged_category_1":null,"merged_category_2":null,"merged_category_3":null,"technic_1":"0","technic_2":"0","technic_3":"0","color_1":"0","color_2":"0","color_3":"0","product_description_old":null,"product_description":"Men\u0151 \u00e9s egyedi, k\u00e9zm\u0171ves Friss H\u00e1zasok felirat\u00fa fa t\u00e1bla, ak\u00e1r a f\u0151asztal m\u00f6g\u00f6tti h\u00e1tfalra vagy a bej\u00e1rathoz. A dekor\u00e1ci\u00f3 szerves elem\u00e9t k\u00e9pezheti mind a f\u0151asztalon, mind a vend\u00e9gasztalokon, de kitehetitek az italpultra is. Amennyiben egyedi sz\u00ednben szeretn\u00e9tek, \u00fagy k\u00e9rj\u00fck, hogy a rendel\u00e9si folyamat v\u00e9g\u00e9n tal\u00e1lhat\u00f3 Megjegyz\u00e9s rovatban \u00edrj\u00e1tok meg nek\u00fcnk a sz\u00ednt. Mivel k\u00e9zm\u0171ves term\u00e9kr\u0151l van sz\u00f3, ez\u00e9rt a fest\u00e9s vintage hat\u00e1s\u00fa. V\u00e1laszthat\u00f3 m\u00e9retek: 50 cm vagy 70 cm hossz\u00fa","price":"2739.00","unit":"db","recommended":"0","status":"1","sponsored":"0","exp_notify":"0","own_material":"0","own_material_description_old":null,"own_material_description":"","jury":"0","jury_number":"","product_nature":"","meskaracsony":"0","create_date":"2025-06-18 10:43:16","shelve_id":"0","image":"eu_frisshzasokeskvitblafbl_5321586_01714469035558762046.jpeg","image_width":"381","image_height":"500","image_alt":"Friss H\u00e1zasok esk\u00fcv\u0151i t\u00e1bla f\u00e1b\u00f3l, Men\u0151 \u00e9s egyedi, k\u00e9zm\u0171ves Friss H\u00e1zasok felirat\u00fa fa t\u00e1bla, ak\u00e1r a f\u0151asztal m\u00f6g\u00f6tti h\u00e1tfalra vagy a be..., Meska","image_title":"Friss H\u00e1zasok esk\u00fcv\u0151i t\u00e1bla f\u00e1b\u00f3l, Meska","view_count":"442","favourite_count":"0","trending_score":"0","last2MonthFavouriteCount":"0","promotion":"0","giftcard_accept":"1","creditcard_accept":true,"enhanced_background":"0","domain":"meska","specific_customer_id":null,"specific_customer_name":null,"to_order_product":"1","to_order_product_time":"7","product_different":null,"product_different_description":"","vintage":"0","vintage_category_id":"0","recycled":"0","gemstone_id":"0","customizable":"0","type_category":"physical","zerowaste":"0","postage_price":"1290.00","shop_order":"0","has_category":"1","landing_pages":null,"microdata":{"number":39,"category":""},"title":"Friss H\u00e1zasok esk\u00fcv\u0151i t\u00e1bla f\u00e1b\u00f3l","description":"Men\u0151 \u00e9s egyedi, k\u00e9zm\u0171ves Friss H\u00e1zasok felirat\u00fa fa t\u00e1bla, ak\u00e1r a f\u0151asztal m\u00f6g\u00f6tti h\u00e1tfalra vagy a bej\u00e1rathoz. A dekor\u00e1ci\u00f3 szerves elem\u00e9t k\u00e9pezheti mind a f\u0151asztalon, mind a vend\u00e9gasztalokon, de kitehetitek az italpultra is. Amennyiben egyedi sz\u00ednben szeretn\u00e9tek, \u00fagy k\u00e9rj\u00fck, hogy a rendel\u00e9si folyamat v\u00e9g\u00e9n tal\u00e1lhat\u00f3 Megjegyz\u00e9s rovatban \u00edrj\u00e1tok meg nek\u00fcnk a sz\u00ednt. Mivel k\u00e9zm\u0171ves term\u00e9kr\u0151l van sz\u00f3, ez\u00e9rt a fest\u00e9s vintage hat\u00e1s\u00fa. V\u00e1laszthat\u00f3 m\u00e9retek: 50 cm vagy 70 cm hossz\u00fa","score":0,"formatted_price":"2 739 Ft","image_url":"https:\/\/www.meska.hu\/img\/product\/small\/e\/u\/eu_frisshzasokeskvitblafbl_5321586_01714469035558762046.jpeg","formatted_url":"https:\/\/www.meska.hu\/p5281567-friss-hazasok-eskuvoi-tabla-fabol","favourite":false,"in_stock":false,"avatar":"62549_avatar_1714548383.jpeg","delete_from":0,"is_enhanced_background":false,"is_enhanced":false,"product_selection_started":false,"is_active":true,"image_webp_url":"https:\/\/www.meska.hu\/img\/product\/small\/e\/u\/eu_frisshzasokeskvitblafbl_5321586_01714469035558762046.webp"},{"id":"5322870","shop_id":"22381","user_id":"62549","shop_name":"eskuvoidekor","shop_zip":"5462","product_code":"5282842","product_name_old":null,"product_name":"Esk\u00fcv\u0151i sz\u00e9k dekor\u00e1ci\u00f3 n\u00e9vvel k\u00f6r alak\u00fa","category_string":"Esk\u00fcv\u0151, Dekor\u00e1ci\u00f3, Esk\u00fcv\u0151i feliratok","technic_string":"","category_1":"317","category_2":"907","category_3":"1846","category_4":"0","merged_category_1":null,"merged_category_2":null,"merged_category_3":null,"technic_1":"0","technic_2":"0","technic_3":"0","color_1":"0","color_2":"0","color_3":"0","product_description_old":null,"product_description":"Tedd k\u00fcl\u00f6nlegess\u00e9 a dekor\u00e1ci\u00f3t az esk\u00fcv\u0151n ezzel az egyedi k\u00e9zm\u0171ves fa dekor\u00e1ci\u00f3s elmel! Elhelyezheted a f\u0151asztal m\u00f6g\u00f6tti h\u00e1tfalra, a bej\u00e1rathoz, vagy foghatj\u00e1tok kezetekben a fot\u00f3z\u00e1s alkalm\u00e1val, amivel m\u00e9g k\u00fcl\u00f6nlegesebb \u00e9s szem\u00e9lyre sz\u00f3l\u00f3 k\u00e9peitek k\u00e9sz\u00fclhetnek. Anyaga: fa m\u00e9rete: v\u00e1laszthat\u00f3 K\u00e9rheted nat\u00faran vagy festve. A keresztnevet \u00edrunk bele. V\u00e9kony f\u00e1b\u00f3l k\u00e9sz\u00fclt term\u00e9k, \u00edgy nem \u00e1ll meg a saj\u00e1t l\u00e1b\u00e1n, csak egy\u00e9b dekorelemhez t\u00e1masztva. Mivel k\u00e9zm\u0171ves term\u00e9kr\u0151l van sz\u00f3, ez\u00e9rt a fest\u00e9s vintage hat\u00e1s\u00fa. ","price":"2189.00","unit":"db","recommended":"0","status":"1","sponsored":"0","exp_notify":"0","own_material":"0","own_material_description_old":null,"own_material_description":"","jury":"0","jury_number":"","product_nature":"","meskaracsony":"0","create_date":"2024-11-27 20:56:15","shelve_id":"0","image":"zo_eskviszkdekorcinvvelkralak_5322870_01714470135405548552.jpeg","image_width":"1250","image_height":"1000","image_alt":"Esk\u00fcv\u0151i sz\u00e9k dekor\u00e1ci\u00f3 n\u00e9vvel k\u00f6r alak\u00fa, Tedd k\u00fcl\u00f6nlegess\u00e9 a dekor\u00e1ci\u00f3t az esk\u00fcv\u0151n ezzel az egyedi k\u00e9zm\u0171ves fa dekor\u00e1ci\u00f3s elmel! Elhelyezhete..., Meska","image_title":"Esk\u00fcv\u0151i sz\u00e9k dekor\u00e1ci\u00f3 n\u00e9vvel k\u00f6r alak\u00fa, Meska","view_count":"651","favourite_count":"0","trending_score":"0","last2MonthFavouriteCount":"0","promotion":"0","giftcard_accept":"1","creditcard_accept":true,"enhanced_background":"0","domain":"meska","specific_customer_id":null,"specific_customer_name":null,"to_order_product":"1","to_order_product_time":"7","product_different":null,"product_different_description":"","vintage":"0","vintage_category_id":"0","recycled":"0","gemstone_id":"0","customizable":"0","type_category":"physical","zerowaste":"0","postage_price":"1290.00","shop_order":"0","has_category":"1","landing_pages":null,"microdata":{"number":40,"category":""},"title":"Esk\u00fcv\u0151i sz\u00e9k dekor\u00e1ci\u00f3 n\u00e9vvel k\u00f6r alak\u00fa","description":"Tedd k\u00fcl\u00f6nlegess\u00e9 a dekor\u00e1ci\u00f3t az esk\u00fcv\u0151n ezzel az egyedi k\u00e9zm\u0171ves fa dekor\u00e1ci\u00f3s elmel! Elhelyezheted a f\u0151asztal m\u00f6g\u00f6tti h\u00e1tfalra, a bej\u00e1rathoz, vagy foghatj\u00e1tok kezetekben a fot\u00f3z\u00e1s alkalm\u00e1val, amivel m\u00e9g k\u00fcl\u00f6nlegesebb \u00e9s szem\u00e9lyre sz\u00f3l\u00f3 k\u00e9peitek k\u00e9sz\u00fclhetnek. Anyaga: fa m\u00e9rete: v\u00e1laszthat\u00f3 K\u00e9rheted nat\u00faran vagy festve. A keresztnevet \u00edrunk bele. V\u00e9kony f\u00e1b\u00f3l k\u00e9sz\u00fclt term\u00e9k, \u00edgy nem \u00e1ll meg a saj\u00e1t l\u00e1b\u00e1n, csak egy\u00e9b dekorelemhez t\u00e1masztva. Mivel k\u00e9zm\u0171ves term\u00e9kr\u0151l van sz\u00f3, ez\u00e9rt a fest\u00e9s vintage hat\u00e1s\u00fa. ","score":0,"formatted_price":"2 189 Ft","image_url":"https:\/\/www.meska.hu\/img\/product\/small\/z\/o\/zo_eskviszkdekorcinvvelkralak_5322870_01714470135405548552.jpeg","formatted_url":"https:\/\/www.meska.hu\/p5282842-eskuvoi-szek-dekoracio-nevvel-kor-alaku","favourite":false,"in_stock":false,"avatar":"62549_avatar_1714548383.jpeg","delete_from":0,"is_enhanced_background":false,"is_enhanced":false,"product_selection_started":false,"is_active":true,"image_webp_url":"https:\/\/www.meska.hu\/img\/product\/small\/z\/o\/zo_eskviszkdekorcinvvelkralak_5322870_01714470135405548552.webp"},{"id":"5322346","shop_id":"22381","user_id":"62549","shop_name":"eskuvoidekor","shop_zip":"5462","product_code":"5282325","product_name_old":null,"product_name":"Esk\u00fcv\u0151 felirat\u00fa fa dekor\u00e1ci\u00f3","category_string":"Esk\u00fcv\u0151, Dekor\u00e1ci\u00f3, Esk\u00fcv\u0151i feliratok","technic_string":"","category_1":"317","category_2":"907","category_3":"1846","category_4":"0","merged_category_1":null,"merged_category_2":null,"merged_category_3":null,"technic_1":"0","technic_2":"0","technic_3":"0","color_1":"0","color_2":"0","color_3":"0","product_description_old":null,"product_description":"Tedd k\u00fcl\u00f6nlegess\u00e9 a f\u0151asztal m\u00f6g\u00f6tti h\u00e1tfal dekor\u00e1ci\u00f3t ezzel az egyedi, k\u00e9zm\u0171ves, Esk\u00fcv\u0151 felirat\u00fa akaszthat\u00f3 fa t\u00e1bl\u00e1val! Felhaszn\u00e1lhatj\u00e1tok fot\u00f3z\u00e1si kell\u00e9kk\u00e9nt vagy d\u00edsz\u00edthetitek vele a szertart\u00e1st is. Amennyiben egyedi sz\u00ednben szeretn\u00e9tek megv\u00e1s\u00e1rolni, \u00fagy k\u00e9rj\u00fck, hogy a rendel\u00e9si folyamat v\u00e9g\u00e9n tal\u00e1lhat\u00f3 Megjegyz\u00e9s rovatban \u00edrj\u00e1tok meg nek\u00fcnk a sz\u00ednt. Anyaga: fa M\u00e9rete: 50 cm Mivel k\u00e9zm\u0171ves term\u00e9kr\u0151l van sz\u00f3, ez\u00e9rt a fest\u00e9s vintage hat\u00e1s\u00fa.","price":"2600.00","unit":"db","recommended":"0","status":"1","sponsored":"0","exp_notify":"0","own_material":"0","own_material_description_old":null,"own_material_description":"","jury":"0","jury_number":"","product_nature":"","meskaracsony":"0","create_date":"2024-11-27 20:54:30","shelve_id":"0","image":"kw_eskvfeliratfadekorci_5322346_01714469654668593983.jpeg","image_width":"522","image_height":"486","image_alt":"Esk\u00fcv\u0151 felirat\u00fa fa dekor\u00e1ci\u00f3, Tedd k\u00fcl\u00f6nlegess\u00e9 a f\u0151asztal m\u00f6g\u00f6tti h\u00e1tfal dekor\u00e1ci\u00f3t ezzel az egyedi, k\u00e9zm\u0171ves, Esk\u00fcv\u0151 felirat\u00fa ak..., Meska","image_title":"Esk\u00fcv\u0151 felirat\u00fa fa dekor\u00e1ci\u00f3, Meska","view_count":"524","favourite_count":"0","trending_score":"0","last2MonthFavouriteCount":"0","promotion":"0","giftcard_accept":"1","creditcard_accept":true,"enhanced_background":"0","domain":"meska","specific_customer_id":null,"specific_customer_name":null,"to_order_product":"1","to_order_product_time":"7","product_different":null,"product_different_description":"","vintage":"0","vintage_category_id":"0","recycled":"0","gemstone_id":"0","customizable":"0","type_category":"physical","zerowaste":"0","postage_price":"1290.00","shop_order":"0","has_category":"1","landing_pages":null,"microdata":{"number":41,"category":""},"title":"Esk\u00fcv\u0151 felirat\u00fa fa dekor\u00e1ci\u00f3","description":"Tedd k\u00fcl\u00f6nlegess\u00e9 a f\u0151asztal m\u00f6g\u00f6tti h\u00e1tfal dekor\u00e1ci\u00f3t ezzel az egyedi, k\u00e9zm\u0171ves, Esk\u00fcv\u0151 felirat\u00fa akaszthat\u00f3 fa t\u00e1bl\u00e1val! Felhaszn\u00e1lhatj\u00e1tok fot\u00f3z\u00e1si kell\u00e9kk\u00e9nt vagy d\u00edsz\u00edthetitek vele a szertart\u00e1st is. Amennyiben egyedi sz\u00ednben szeretn\u00e9tek megv\u00e1s\u00e1rolni, \u00fagy k\u00e9rj\u00fck, hogy a rendel\u00e9si folyamat v\u00e9g\u00e9n tal\u00e1lhat\u00f3 Megjegyz\u00e9s rovatban \u00edrj\u00e1tok meg nek\u00fcnk a sz\u00ednt. Anyaga: fa M\u00e9rete: 50 cm Mivel k\u00e9zm\u0171ves term\u00e9kr\u0151l van sz\u00f3, ez\u00e9rt a fest\u00e9s vintage hat\u00e1s\u00fa.","score":0,"formatted_price":"2 600 Ft","image_url":"https:\/\/www.meska.hu\/img\/product\/small\/k\/w\/kw_eskvfeliratfadekorci_5322346_01714469654668593983.jpeg","formatted_url":"https:\/\/www.meska.hu\/p5282325-eskuvo-feliratu-fa-dekoracio","favourite":false,"in_stock":false,"avatar":"62549_avatar_1714548383.jpeg","delete_from":0,"is_enhanced_background":false,"is_enhanced":false,"product_selection_started":false,"is_active":true,"image_webp_url":"https:\/\/www.meska.hu\/img\/product\/small\/k\/w\/kw_eskvfeliratfadekorci_5322346_01714469654668593983.webp"},{"id":"5322342","shop_id":"22381","user_id":"62549","shop_name":"eskuvoidekor","shop_zip":"5462","product_code":"5282321","product_name_old":null,"product_name":"Feles\u00e9g fa dekor\u00e1ci\u00f3 esk\u00fcv\u0151re","category_string":"Esk\u00fcv\u0151, Dekor\u00e1ci\u00f3, Esk\u00fcv\u0151i feliratok","technic_string":"","category_1":"317","category_2":"907","category_3":"1846","category_4":"0","merged_category_1":null,"merged_category_2":null,"merged_category_3":null,"technic_1":"0","technic_2":"0","technic_3":"0","color_1":"0","color_2":"0","color_3":"0","product_description_old":null,"product_description":"Tedd k\u00fcl\u00f6nlegess\u00e9 a f\u0151asztal m\u00f6g\u00f6tti h\u00e1tfal dekor\u00e1ci\u00f3t ezzel az egyedi k\u00e9zm\u0171ves Feles\u00e9g felirat\u00fa akaszthat\u00f3 fa t\u00e1bl\u00e1val! Akaszthatj\u00e1tok a szertart\u00e1s ideje alatt a sz\u00e9kre is, vagy felhaszn\u00e1lhatj\u00e1tok fot\u00f3z\u00e1s kell\u00e9kek\u00e9nt is. Amennyiben egyedi sz\u00ednben szeretn\u00e9tek megv\u00e1s\u00e1rolni, \u00fagy k\u00e9rj\u00fck, hogy a rendel\u00e9si folyamat v\u00e9g\u00e9n tal\u00e1lhat\u00f3 Megjegyz\u00e9s rovatban \u00edrj\u00e1tok meg nek\u00fcnk a sz\u00ednt. Anyaga: fa M\u00e9rete: 25 cm Mivel k\u00e9zm\u0171ves term\u00e9kr\u0151l van sz\u00f3, ez\u00e9rt a fest\u00e9s vintage hat\u00e1s\u00fa.","price":"1089.00","unit":"db","recommended":"0","status":"1","sponsored":"0","exp_notify":"0","own_material":"0","own_material_description_old":null,"own_material_description":"","jury":"0","jury_number":"","product_nature":"","meskaracsony":"0","create_date":"2024-11-27 20:53:12","shelve_id":"0","image":"xj_felesgfadekorcieskvre_5322342_01714469651940189397.jpeg","image_width":"428","image_height":"428","image_alt":"Feles\u00e9g fa dekor\u00e1ci\u00f3 esk\u00fcv\u0151re, Tedd k\u00fcl\u00f6nlegess\u00e9 a f\u0151asztal m\u00f6g\u00f6tti h\u00e1tfal dekor\u00e1ci\u00f3t ezzel az egyedi k\u00e9zm\u0171ves Feles\u00e9g felirat\u00fa aka..., Meska","image_title":"Feles\u00e9g fa dekor\u00e1ci\u00f3 esk\u00fcv\u0151re, Meska","view_count":"597","favourite_count":"0","trending_score":"0","last2MonthFavouriteCount":"0","promotion":"0","giftcard_accept":"1","creditcard_accept":true,"enhanced_background":"0","domain":"meska","specific_customer_id":null,"specific_customer_name":null,"to_order_product":"1","to_order_product_time":"7","product_different":null,"product_different_description":"","vintage":"0","vintage_category_id":"0","recycled":"0","gemstone_id":"0","customizable":"0","type_category":"physical","zerowaste":"0","postage_price":"1290.00","shop_order":"0","has_category":"1","landing_pages":null,"microdata":{"number":42,"category":""},"title":"Feles\u00e9g fa dekor\u00e1ci\u00f3 esk\u00fcv\u0151re","description":"Tedd k\u00fcl\u00f6nlegess\u00e9 a f\u0151asztal m\u00f6g\u00f6tti h\u00e1tfal dekor\u00e1ci\u00f3t ezzel az egyedi k\u00e9zm\u0171ves Feles\u00e9g felirat\u00fa akaszthat\u00f3 fa t\u00e1bl\u00e1val! Akaszthatj\u00e1tok a szertart\u00e1s ideje alatt a sz\u00e9kre is, vagy felhaszn\u00e1lhatj\u00e1tok fot\u00f3z\u00e1s kell\u00e9kek\u00e9nt is. Amennyiben egyedi sz\u00ednben szeretn\u00e9tek megv\u00e1s\u00e1rolni, \u00fagy k\u00e9rj\u00fck, hogy a rendel\u00e9si folyamat v\u00e9g\u00e9n tal\u00e1lhat\u00f3 Megjegyz\u00e9s rovatban \u00edrj\u00e1tok meg nek\u00fcnk a sz\u00ednt. Anyaga: fa M\u00e9rete: 25 cm Mivel k\u00e9zm\u0171ves term\u00e9kr\u0151l van sz\u00f3, ez\u00e9rt a fest\u00e9s vintage hat\u00e1s\u00fa.","score":0,"formatted_price":"1 089 Ft","image_url":"https:\/\/www.meska.hu\/img\/product\/small\/x\/j\/xj_felesgfadekorcieskvre_5322342_01714469651940189397.jpeg","formatted_url":"https:\/\/www.meska.hu\/p5282321-feleseg-fa-dekoracio-eskuvore","favourite":false,"in_stock":false,"avatar":"62549_avatar_1714548383.jpeg","delete_from":0,"is_enhanced_background":false,"is_enhanced":false,"product_selection_started":false,"is_active":true,"image_webp_url":"https:\/\/www.meska.hu\/img\/product\/small\/x\/j\/xj_felesgfadekorcieskvre_5322342_01714469651940189397.webp"},{"id":"5322979","shop_id":"22381","user_id":"62549","shop_name":"eskuvoidekor","shop_zip":"5462","product_code":"5282950","product_name_old":null,"product_name":"Karika szett esk\u00fcv\u0151i dekor\u00e1ci\u00f3 arany - ez\u00fcst - nat\u00far","category_string":"Esk\u00fcv\u0151, Dekor\u00e1ci\u00f3, Esk\u00fcv\u0151i feliratok","technic_string":"","category_1":"317","category_2":"907","category_3":"1846","category_4":"0","merged_category_1":null,"merged_category_2":null,"merged_category_3":null,"technic_1":"0","technic_2":"0","technic_3":"0","color_1":"0","color_2":"0","color_3":"0","product_description_old":null,"product_description":"Az esk\u00fcv\u0151i karika szett egy st\u00edlusos \u00e9s eleg\u00e1ns esk\u00fcv\u0151i dekor\u00e1ci\u00f3s megold\u00e1s, amely t\u00f6k\u00e9letesen illik a h\u00e1tfalra. Ez a k\u00fcl\u00f6nleges dekor\u00e1ci\u00f3s szett seg\u00edt l\u00e9trehozni egy romantikus \u00e9s leny\u0171g\u00f6z\u0151 atmoszf\u00e9r\u00e1t a nagy napra. A szett tartalmaz 2 fa sz\u00edn\u0171 karik\u00e1t, amelyek egyforma m\u00e9retekben k\u00e9sz\u00fclnek, hogy v\u00e1ltozatos \u00e9s izgalmas megjelen\u00e9st biztos\u00edtsanak. Az arany sz\u00edn a luxust \u00e9s a gazdags\u00e1got sugallja, \u00e9s t\u00f6k\u00e9letesen illeszkedik az esk\u00fcv\u0151i t\u00e9m\u00e1hoz.A szett tartalmaz k\u00e9t fa karik\u00e1t, amelyek azonos m\u00e9retben \u00e9s kialak\u00edt\u00e1sban k\u00e9sz\u00fclnek. Mindk\u00e9t karika egy eleg\u00e1ns Mrs - Mrs felirattal van d\u00edsz\u00edtve, amely hangs\u00falyozza az esk\u00fcv\u0151 n\u0151i p\u00e1rja k\u00f6z\u00f6tti szerelmet \u00e9s elk\u00f6telezetts\u00e9get. A fa karik\u00e1k term\u00e9szetes sz\u00edne \u00e9s text\u00far\u00e1ja hozz\u00e1j\u00e1rul a dekor\u00e1ci\u00f3 melegs\u00e9g\u00e9hez \u00e9s term\u00e9szetess\u00e9g\u00e9hez. A Fa Karika Szett egy term\u00e9szetk\u00f6zeli \u00e9s rusztikus st\u00edlus\u00fa esk\u00fcv\u0151i dekor\u00e1ci\u00f3s megold\u00e1s, amely t\u00f6k\u00e9letesen illeszkedik a h\u00e1tfalra. Ez a k\u00fcl\u00f6nleges dekor\u00e1ci\u00f3s szett hozz\u00e1adja az eleganci\u00e1t \u00e9s a term\u00e9szetes sz\u00e9ps\u00e9get a nagy napra. A karik\u00e1k k\u00f6nny\u0171ek \u00e9s strapab\u00edr\u00f3ak, ami lehet\u0151v\u00e9 teszi, hogy k\u00f6nnyed\u00e9n r\u00f6gz\u00edts\u00e9k \u0151ket a h\u00e1tfalra. Az anyag term\u00e9szetess\u00e9ge miatt ide\u00e1lis belt\u00e9ri \u00e9s k\u00fclt\u00e9ri haszn\u00e1latra is, \u00edgy b\u00e1rmilyen helysz\u00ednen t\u00f6k\u00e9letesen mutatnak. A dekor\u00e1ci\u00f3 k\u00f6nnyen alkalmazhat\u00f3 \u00e9s elt\u00e1vol\u00edthat\u00f3, \u00edgy nincs sz\u00fcks\u00e9g szakemberek bevon\u00e1s\u00e1ra. A Mrs&amp;Mrs Fa Karika Szett t\u00f6k\u00e9letes v\u00e1laszt\u00e1s lehet az esk\u00fcv\u0151i cerem\u00f3nia h\u00e1tfal\u00e1nak d\u00edsz\u00edt\u00e9s\u00e9re vagy ak\u00e1r a fot\u00f3helysz\u00edn h\u00e1tterek\u00e9nt is szolg\u00e1lhat. A karik\u00e1k egyedi felirata \u00e9s a fa anyag term\u00e9szetes sz\u00e9ps\u00e9ge hozz\u00e1j\u00e1rulnak a fot\u00f3k meg\u00f6r\u00f6k\u00edt\u00e9s\u00e9hez, \u00e9s eml\u00e9kezetess\u00e9 teszik az esk\u00fcv\u0151i pillanatokat. V\u00e1lassza a Mrs&amp;Mrs Fa Karika Szettet, \u00e9s tegye felejthetetlenn\u00e9 az esk\u00fcv\u0151i dekor\u00e1ci\u00f3t. Teremtsen romantikus \u00e9s egyedi atmoszf\u00e9r\u00e1t, amely kifejezi a szerelmet \u00e9s a boldogs\u00e1got az esk\u00fcv\u0151i nap sor\u00e1n.","price":"3949.00","unit":"db","recommended":"0","status":"1","sponsored":"0","exp_notify":"0","own_material":"0","own_material_description_old":null,"own_material_description":"","jury":"0","jury_number":"","product_nature":"","meskaracsony":"0","create_date":"2024-11-27 20:45:40","shelve_id":"0","image":"kt_karikaszetteskvidekorciaranyezstnatr_5322979_01714470256223329011.jpeg","image_width":"646","image_height":"1000","image_alt":"Karika szett esk\u00fcv\u0151i dekor\u00e1ci\u00f3 arany - ez\u00fcst - nat\u00far, Az esk\u00fcv\u0151i karika szett egy st\u00edlusos \u00e9s eleg\u00e1ns esk\u00fcv\u0151i dekor\u00e1ci\u00f3s megold\u00e1s, amely t\u00f6k\u00e9letesen illik..., Meska","image_title":"Karika szett esk\u00fcv\u0151i dekor\u00e1ci\u00f3 arany - ez\u00fcst - nat\u00far, Meska","view_count":"813","favourite_count":"0","trending_score":"0","last2MonthFavouriteCount":"0","promotion":"0","giftcard_accept":"1","creditcard_accept":true,"enhanced_background":"0","domain":"meska","specific_customer_id":null,"specific_customer_name":null,"to_order_product":"1","to_order_product_time":"7","product_different":null,"product_different_description":"","vintage":"0","vintage_category_id":"0","recycled":"0","gemstone_id":"0","customizable":"0","type_category":"physical","zerowaste":"0","postage_price":"1290.00","shop_order":"0","has_category":"1","landing_pages":null,"microdata":{"number":43,"category":""},"title":"Karika szett esk\u00fcv\u0151i dekor\u00e1ci\u00f3 arany - ez\u00fcst - nat\u00far","description":"Az esk\u00fcv\u0151i karika szett egy st\u00edlusos \u00e9s eleg\u00e1ns esk\u00fcv\u0151i dekor\u00e1ci\u00f3s megold\u00e1s, amely t\u00f6k\u00e9letesen illik a h\u00e1tfalra. Ez a k\u00fcl\u00f6nleges dekor\u00e1ci\u00f3s szett seg\u00edt l\u00e9trehozni egy romantikus \u00e9s leny\u0171g\u00f6z\u0151 atmoszf\u00e9r\u00e1t a nagy napra. A szett tartalmaz 2 fa sz\u00edn\u0171 karik\u00e1t, amelyek egyforma m\u00e9retekben k\u00e9sz\u00fclnek, hogy v\u00e1ltozatos \u00e9s izgalmas megjelen\u00e9st biztos\u00edtsanak. Az arany sz\u00edn a luxust \u00e9s a gazdags\u00e1got sugallja, \u00e9s t\u00f6k\u00e9letesen illeszkedik az esk\u00fcv\u0151i t\u00e9m\u00e1hoz.A szett tartalmaz k\u00e9t fa karik\u00e1t, amelyek azonos m\u00e9retben \u00e9s kialak\u00edt\u00e1sban k\u00e9sz\u00fclnek. Mindk\u00e9t karika egy eleg\u00e1ns Mrs - Mrs felirattal van d\u00edsz\u00edtve, amely hangs\u00falyozza az esk\u00fcv\u0151 n\u0151i p\u00e1rja k\u00f6z\u00f6tti szerelmet \u00e9s elk\u00f6telezetts\u00e9get. A fa karik\u00e1k term\u00e9szetes sz\u00edne \u00e9s text\u00far\u00e1ja hozz\u00e1j\u00e1rul a dekor\u00e1ci\u00f3 melegs\u00e9g\u00e9hez \u00e9s term\u00e9szetess\u00e9g\u00e9hez. A Fa Karika Szett egy term\u00e9szetk\u00f6zeli \u00e9s rusztikus st\u00edlus\u00fa esk\u00fcv\u0151i dekor\u00e1ci\u00f3s megold\u00e1s, amely t\u00f6k\u00e9letesen illeszkedik a h\u00e1tfalra. Ez a k\u00fcl\u00f6nleges dekor\u00e1ci\u00f3s szett hozz\u00e1adja az eleganci\u00e1t \u00e9s a term\u00e9szetes sz\u00e9ps\u00e9get a nagy napra. A karik\u00e1k k\u00f6nny\u0171ek \u00e9s strapab\u00edr\u00f3ak, ami lehet\u0151v\u00e9 teszi, hogy k\u00f6nnyed\u00e9n r\u00f6gz\u00edts\u00e9k \u0151ket a h\u00e1tfalra. Az anyag term\u00e9szetess\u00e9ge miatt ide\u00e1lis belt\u00e9ri \u00e9s k\u00fclt\u00e9ri haszn\u00e1latra is, \u00edgy b\u00e1rmilyen helysz\u00ednen t\u00f6k\u00e9letesen mutatnak. A dekor\u00e1ci\u00f3 k\u00f6nnyen alkalmazhat\u00f3 \u00e9s elt\u00e1vol\u00edthat\u00f3, \u00edgy nincs sz\u00fcks\u00e9g szakemberek bevon\u00e1s\u00e1ra. A Mrs&amp;Mrs Fa Karika Szett t\u00f6k\u00e9letes v\u00e1laszt\u00e1s lehet az esk\u00fcv\u0151i cerem\u00f3nia h\u00e1tfal\u00e1nak d\u00edsz\u00edt\u00e9s\u00e9re vagy ak\u00e1r a fot\u00f3helysz\u00edn h\u00e1tterek\u00e9nt is szolg\u00e1lhat. A karik\u00e1k egyedi felirata \u00e9s a fa anyag term\u00e9szetes sz\u00e9ps\u00e9ge hozz\u00e1j\u00e1rulnak a fot\u00f3k meg\u00f6r\u00f6k\u00edt\u00e9s\u00e9hez, \u00e9s eml\u00e9kezetess\u00e9 teszik az esk\u00fcv\u0151i pillanatokat. V\u00e1lassza a Mrs&amp;Mrs Fa Karika Szettet, \u00e9s tegye felejthetetlenn\u00e9 az esk\u00fcv\u0151i dekor\u00e1ci\u00f3t. Teremtsen romantikus \u00e9s egyedi atmoszf\u00e9r\u00e1t, amely kifejezi a szerelmet \u00e9s a boldogs\u00e1got az esk\u00fcv\u0151i nap sor\u00e1n.","score":0,"formatted_price":"3 949 Ft","image_url":"https:\/\/www.meska.hu\/img\/product\/small\/k\/t\/kt_karikaszetteskvidekorciaranyezstnatr_5322979_01714470256223329011.jpeg","formatted_url":"https:\/\/www.meska.hu\/p5282950-karika-szett-eskuvoi-dekoracio-arany-ezust-natur","favourite":false,"in_stock":false,"avatar":"62549_avatar_1714548383.jpeg","delete_from":0,"is_enhanced_background":false,"is_enhanced":false,"product_selection_started":false,"is_active":true,"image_webp_url":"https:\/\/www.meska.hu\/img\/product\/small\/k\/t\/kt_karikaszetteskvidekorciaranyezstnatr_5322979_01714470256223329011.webp"},{"id":"5322344","shop_id":"22381","user_id":"62549","shop_name":"eskuvoidekor","shop_zip":"5462","product_code":"5282323","product_name_old":null,"product_name":"N\u00f6v\u00e9ny koszor\u00fas Mrs fa dekor\u00e1ci\u00f3 esk\u00fcv\u0151re","category_string":"Esk\u00fcv\u0151, Dekor\u00e1ci\u00f3, Esk\u00fcv\u0151i feliratok","technic_string":"","category_1":"317","category_2":"907","category_3":"1846","category_4":"0","merged_category_1":null,"merged_category_2":null,"merged_category_3":null,"technic_1":"0","technic_2":"0","technic_3":"0","color_1":"0","color_2":"0","color_3":"0","product_description_old":null,"product_description":"Tedd k\u00fcl\u00f6nlegess\u00e9 a f\u0151asztal m\u00f6g\u00f6tti h\u00e1tfal dekor\u00e1ci\u00f3t ezzel az egyedi k\u00e9zm\u0171ves Mrs felirat\u00fa akaszthat\u00f3 fa t\u00e1bl\u00e1val! Akaszthatj\u00e1tok a szertart\u00e1s ideje alatt a sz\u00e9kre is, vagy felhaszn\u00e1lhatj\u00e1tok fot\u00f3z\u00e1s kell\u00e9kek\u00e9nt is. Amennyiben egyedi sz\u00ednben szeretn\u00e9tek megv\u00e1s\u00e1rolni, \u00fagy k\u00e9rj\u00fck, hogy a rendel\u00e9si folyamat v\u00e9g\u00e9n tal\u00e1lhat\u00f3 Megjegyz\u00e9s rovatban \u00edrj\u00e1tok meg nek\u00fcnk a sz\u00ednt. Anyaga: fa M\u00e9rete: 20 cm Mivel k\u00e9zm\u0171ves term\u00e9kr\u0151l van sz\u00f3, ez\u00e9rt a fest\u00e9s vintage hat\u00e1s\u00fa.","price":"1560.00","unit":"db","recommended":"0","status":"1","sponsored":"0","exp_notify":"0","own_material":"0","own_material_description_old":null,"own_material_description":"","jury":"0","jury_number":"","product_nature":"","meskaracsony":"0","create_date":"2024-11-27 20:44:55","shelve_id":"0","image":"ey_nvnykoszorsmrsfadekorcieskvre_5322344_01714469653430001485.jpeg","image_width":"606","image_height":"410","image_alt":"N\u00f6v\u00e9ny koszor\u00fas Mrs fa dekor\u00e1ci\u00f3 esk\u00fcv\u0151re, Tedd k\u00fcl\u00f6nlegess\u00e9 a f\u0151asztal m\u00f6g\u00f6tti h\u00e1tfal dekor\u00e1ci\u00f3t ezzel az egyedi k\u00e9zm\u0171ves Mrs felirat\u00fa akaszth..., Meska","image_title":"N\u00f6v\u00e9ny koszor\u00fas Mrs fa dekor\u00e1ci\u00f3 esk\u00fcv\u0151re, Meska","view_count":"418","favourite_count":"0","trending_score":"0","last2MonthFavouriteCount":"0","promotion":"0","giftcard_accept":"1","creditcard_accept":true,"enhanced_background":"0","domain":"meska","specific_customer_id":null,"specific_customer_name":null,"to_order_product":"1","to_order_product_time":"7","product_different":null,"product_different_description":"","vintage":"0","vintage_category_id":"0","recycled":"0","gemstone_id":"0","customizable":"0","type_category":"physical","zerowaste":"0","postage_price":"1290.00","shop_order":"0","has_category":"1","landing_pages":null,"microdata":{"number":44,"category":""},"title":"N\u00f6v\u00e9ny koszor\u00fas Mrs fa dekor\u00e1ci\u00f3 esk\u00fcv\u0151re","description":"Tedd k\u00fcl\u00f6nlegess\u00e9 a f\u0151asztal m\u00f6g\u00f6tti h\u00e1tfal dekor\u00e1ci\u00f3t ezzel az egyedi k\u00e9zm\u0171ves Mrs felirat\u00fa akaszthat\u00f3 fa t\u00e1bl\u00e1val! Akaszthatj\u00e1tok a szertart\u00e1s ideje alatt a sz\u00e9kre is, vagy felhaszn\u00e1lhatj\u00e1tok fot\u00f3z\u00e1s kell\u00e9kek\u00e9nt is. Amennyiben egyedi sz\u00ednben szeretn\u00e9tek megv\u00e1s\u00e1rolni, \u00fagy k\u00e9rj\u00fck, hogy a rendel\u00e9si folyamat v\u00e9g\u00e9n tal\u00e1lhat\u00f3 Megjegyz\u00e9s rovatban \u00edrj\u00e1tok meg nek\u00fcnk a sz\u00ednt. Anyaga: fa M\u00e9rete: 20 cm Mivel k\u00e9zm\u0171ves term\u00e9kr\u0151l van sz\u00f3, ez\u00e9rt a fest\u00e9s vintage hat\u00e1s\u00fa.","score":0,"formatted_price":"1 560 Ft","image_url":"https:\/\/www.meska.hu\/img\/product\/small\/e\/y\/ey_nvnykoszorsmrsfadekorcieskvre_5322344_01714469653430001485.jpeg","formatted_url":"https:\/\/www.meska.hu\/p5282323-noveny-koszorus-mrs-fa-dekoracio-eskuvore","favourite":false,"in_stock":false,"avatar":"62549_avatar_1714548383.jpeg","delete_from":0,"is_enhanced_background":false,"is_enhanced":false,"product_selection_started":false,"is_active":true,"image_webp_url":"https:\/\/www.meska.hu\/img\/product\/small\/e\/y\/ey_nvnykoszorsmrsfadekorcieskvre_5322344_01714469653430001485.webp"},{"id":"5322343","shop_id":"22381","user_id":"62549","shop_name":"eskuvoidekor","shop_zip":"5462","product_code":"5282322","product_name_old":null,"product_name":"N\u00f6v\u00e9ny koszor\u00fas Mr fa dekor\u00e1ci\u00f3 esk\u00fcv\u0151re","category_string":"Esk\u00fcv\u0151, Dekor\u00e1ci\u00f3, Esk\u00fcv\u0151i feliratok","technic_string":"","category_1":"317","category_2":"907","category_3":"1846","category_4":"0","merged_category_1":null,"merged_category_2":null,"merged_category_3":null,"technic_1":"0","technic_2":"0","technic_3":"0","color_1":"0","color_2":"0","color_3":"0","product_description_old":null,"product_description":"Tedd k\u00fcl\u00f6nlegess\u00e9 a f\u0151asztal m\u00f6g\u00f6tti h\u00e1tfal dekor\u00e1ci\u00f3t ezzel az egyedi k\u00e9zm\u0171ves Mr felirat\u00fa akaszthat\u00f3 fa t\u00e1bl\u00e1val! Akaszthatj\u00e1tok a szertart\u00e1s ideje alatt a sz\u00e9kre is, vagy felhaszn\u00e1lhatj\u00e1tok fot\u00f3z\u00e1s kell\u00e9kek\u00e9nt is. Amennyiben egyedi sz\u00ednben szeretn\u00e9tek megv\u00e1s\u00e1rolni, \u00fagy k\u00e9rj\u00fck, hogy a rendel\u00e9si folyamat v\u00e9g\u00e9n tal\u00e1lhat\u00f3 Megjegyz\u00e9s rovatban \u00edrj\u00e1tok meg nek\u00fcnk a sz\u00ednt. Anyaga: fa M\u00e9rete: 20 cm Mivel k\u00e9zm\u0171ves term\u00e9kr\u0151l van sz\u00f3, ez\u00e9rt a fest\u00e9s vintage hat\u00e1s\u00fa.","price":"1560.00","unit":"db","recommended":"0","status":"1","sponsored":"0","exp_notify":"0","own_material":"0","own_material_description_old":null,"own_material_description":"","jury":"0","jury_number":"","product_nature":"","meskaracsony":"0","create_date":"2024-11-27 20:38:47","shelve_id":"0","image":"ps_nvnykoszorsmrfadekorcieskvre_5322343_01714469652795713259.jpeg","image_width":"674","image_height":"496","image_alt":"N\u00f6v\u00e9ny koszor\u00fas Mr fa dekor\u00e1ci\u00f3 esk\u00fcv\u0151re, Tedd k\u00fcl\u00f6nlegess\u00e9 a f\u0151asztal m\u00f6g\u00f6tti h\u00e1tfal dekor\u00e1ci\u00f3t ezzel az egyedi k\u00e9zm\u0171ves Mr felirat\u00fa akasztha..., Meska","image_title":"N\u00f6v\u00e9ny koszor\u00fas Mr fa dekor\u00e1ci\u00f3 esk\u00fcv\u0151re, Meska","view_count":"422","favourite_count":"0","trending_score":"0","last2MonthFavouriteCount":"0","promotion":"0","giftcard_accept":"1","creditcard_accept":true,"enhanced_background":"0","domain":"meska","specific_customer_id":null,"specific_customer_name":null,"to_order_product":"1","to_order_product_time":"7","product_different":null,"product_different_description":"","vintage":"0","vintage_category_id":"0","recycled":"0","gemstone_id":"0","customizable":"0","type_category":"physical","zerowaste":"0","postage_price":"1290.00","shop_order":"0","has_category":"1","landing_pages":null,"microdata":{"number":45,"category":""},"title":"N\u00f6v\u00e9ny koszor\u00fas Mr fa dekor\u00e1ci\u00f3 esk\u00fcv\u0151re","description":"Tedd k\u00fcl\u00f6nlegess\u00e9 a f\u0151asztal m\u00f6g\u00f6tti h\u00e1tfal dekor\u00e1ci\u00f3t ezzel az egyedi k\u00e9zm\u0171ves Mr felirat\u00fa akaszthat\u00f3 fa t\u00e1bl\u00e1val! Akaszthatj\u00e1tok a szertart\u00e1s ideje alatt a sz\u00e9kre is, vagy felhaszn\u00e1lhatj\u00e1tok fot\u00f3z\u00e1s kell\u00e9kek\u00e9nt is. Amennyiben egyedi sz\u00ednben szeretn\u00e9tek megv\u00e1s\u00e1rolni, \u00fagy k\u00e9rj\u00fck, hogy a rendel\u00e9si folyamat v\u00e9g\u00e9n tal\u00e1lhat\u00f3 Megjegyz\u00e9s rovatban \u00edrj\u00e1tok meg nek\u00fcnk a sz\u00ednt. Anyaga: fa M\u00e9rete: 20 cm Mivel k\u00e9zm\u0171ves term\u00e9kr\u0151l van sz\u00f3, ez\u00e9rt a fest\u00e9s vintage hat\u00e1s\u00fa.","score":0,"formatted_price":"1 560 Ft","image_url":"https:\/\/www.meska.hu\/img\/product\/small\/p\/s\/ps_nvnykoszorsmrfadekorcieskvre_5322343_01714469652795713259.jpeg","formatted_url":"https:\/\/www.meska.hu\/p5282322-noveny-koszorus-mr-fa-dekoracio-eskuvore","favourite":false,"in_stock":false,"avatar":"62549_avatar_1714548383.jpeg","delete_from":0,"is_enhanced_background":false,"is_enhanced":false,"product_selection_started":false,"is_active":true,"image_webp_url":"https:\/\/www.meska.hu\/img\/product\/small\/p\/s\/ps_nvnykoszorsmrfadekorcieskvre_5322343_01714469652795713259.webp"},{"id":"5322341","shop_id":"22381","user_id":"62549","shop_name":"eskuvoidekor","shop_zip":"5462","product_code":"5282320","product_name_old":null,"product_name":"F\u00e9rj fa dekor\u00e1ci\u00f3 esk\u00fcv\u0151re","category_string":"Esk\u00fcv\u0151, Dekor\u00e1ci\u00f3, Esk\u00fcv\u0151i feliratok","technic_string":"","category_1":"317","category_2":"907","category_3":"1846","category_4":"0","merged_category_1":null,"merged_category_2":null,"merged_category_3":null,"technic_1":"0","technic_2":"0","technic_3":"0","color_1":"0","color_2":"0","color_3":"0","product_description_old":null,"product_description":"Tedd k\u00fcl\u00f6nlegess\u00e9 a f\u0151asztal m\u00f6g\u00f6tti h\u00e1tfal dekor\u00e1ci\u00f3t ezzel az egyedi k\u00e9zm\u0171ves F\u00e9rj felirat\u00fa akaszthat\u00f3 fa t\u00e1bl\u00e1val! Akaszthatj\u00e1tok a szertart\u00e1s ideje alatt a sz\u00e9kre is, vagy felhaszn\u00e1lhatj\u00e1tok fot\u00f3z\u00e1si kell\u00e9kk\u00e9nt is. Amennyiben egyedi sz\u00ednben szeretn\u00e9tek megv\u00e1s\u00e1rolni, \u00fagy k\u00e9rj\u00fck, hogy a rendel\u00e9si folyamat v\u00e9g\u00e9n tal\u00e1lhat\u00f3 Megjegyz\u00e9s rovatban \u00edrj\u00e1tok meg nek\u00fcnk a sz\u00ednt. Anyaga: fa M\u00e9rete: 25 cm Mivel k\u00e9zm\u0171ves term\u00e9kr\u0151l van sz\u00f3, ez\u00e9rt a fest\u00e9s vintage hat\u00e1s\u00fa.","price":"1089.00","unit":"db","recommended":"0","status":"1","sponsored":"0","exp_notify":"0","own_material":"0","own_material_description_old":null,"own_material_description":"","jury":"0","jury_number":"","product_nature":"","meskaracsony":"0","create_date":"2024-11-27 20:36:57","shelve_id":"0","image":"kv_frjfadekorcieskvre_5322341_01714469650960418193.jpeg","image_width":"428","image_height":"428","image_alt":"F\u00e9rj fa dekor\u00e1ci\u00f3 esk\u00fcv\u0151re, Tedd k\u00fcl\u00f6nlegess\u00e9 a f\u0151asztal m\u00f6g\u00f6tti h\u00e1tfal dekor\u00e1ci\u00f3t ezzel az egyedi k\u00e9zm\u0171ves F\u00e9rj felirat\u00fa akaszt..., Meska","image_title":"F\u00e9rj fa dekor\u00e1ci\u00f3 esk\u00fcv\u0151re, Meska","view_count":"421","favourite_count":"0","trending_score":"0","last2MonthFavouriteCount":"0","promotion":"0","giftcard_accept":"1","creditcard_accept":true,"enhanced_background":"0","domain":"meska","specific_customer_id":null,"specific_customer_name":null,"to_order_product":"1","to_order_product_time":"7","product_different":null,"product_different_description":"","vintage":"0","vintage_category_id":"0","recycled":"0","gemstone_id":"0","customizable":"0","type_category":"physical","zerowaste":"0","postage_price":"1290.00","shop_order":"0","has_category":"1","landing_pages":null,"microdata":{"number":46,"category":""},"title":"F\u00e9rj fa dekor\u00e1ci\u00f3 esk\u00fcv\u0151re","description":"Tedd k\u00fcl\u00f6nlegess\u00e9 a f\u0151asztal m\u00f6g\u00f6tti h\u00e1tfal dekor\u00e1ci\u00f3t ezzel az egyedi k\u00e9zm\u0171ves F\u00e9rj felirat\u00fa akaszthat\u00f3 fa t\u00e1bl\u00e1val! Akaszthatj\u00e1tok a szertart\u00e1s ideje alatt a sz\u00e9kre is, vagy felhaszn\u00e1lhatj\u00e1tok fot\u00f3z\u00e1si kell\u00e9kk\u00e9nt is. Amennyiben egyedi sz\u00ednben szeretn\u00e9tek megv\u00e1s\u00e1rolni, \u00fagy k\u00e9rj\u00fck, hogy a rendel\u00e9si folyamat v\u00e9g\u00e9n tal\u00e1lhat\u00f3 Megjegyz\u00e9s rovatban \u00edrj\u00e1tok meg nek\u00fcnk a sz\u00ednt. Anyaga: fa M\u00e9rete: 25 cm Mivel k\u00e9zm\u0171ves term\u00e9kr\u0151l van sz\u00f3, ez\u00e9rt a fest\u00e9s vintage hat\u00e1s\u00fa.","score":0,"formatted_price":"1 089 Ft","image_url":"https:\/\/www.meska.hu\/img\/product\/small\/k\/v\/kv_frjfadekorcieskvre_5322341_01714469650960418193.jpeg","formatted_url":"https:\/\/www.meska.hu\/p5282320-ferj-fa-dekoracio-eskuvore","favourite":false,"in_stock":false,"avatar":"62549_avatar_1714548383.jpeg","delete_from":0,"is_enhanced_background":false,"is_enhanced":false,"product_selection_started":false,"is_active":true,"image_webp_url":"https:\/\/www.meska.hu\/img\/product\/small\/k\/v\/kv_frjfadekorcieskvre_5322341_01714469650960418193.webp"}],"canonicals":{"canonical":"https:\/\/www.meska.hu\/s\/eskuvoi-feliratok\/c-1846"},"seo":{"title":"K\u00e9zm\u0171ves term\u00e9kek - Meska.hu","seoTitle":"","seoDescription":"","metaDescription":"Magyar k\u00e9zm\u0171ves design term\u00e9kek hazai alkot\u00f3kt\u00f3l nagy v\u00e1laszt\u00e9kban, egyedi megrendel\u00e9sre is. \u2714\ufe0f N\u00e9zd meg az \u00f6sszes term\u00e9k\u00fcnk, \u00e9s rendelj k\u00edn\u00e1latunkb\u00f3l!","metaNoIndex":false,"metaNoFollow":false,"seoFound":false,"canonicals":"https:\/\/www.meska.hu\/s\/eskuvoi-feliratok\/c-1846"},"breadcrumb":[{"position":1,"name":"Meska.hu","url":"https:\/\/www.meska.hu","last":false},{"position":2,"name":"Esk\u00fcv\u0151","url":"https:\/\/www.meska.hu\/s\/eskuvo\/c-317","last":false},{"position":3,"name":"Dekor\u00e1ci\u00f3","url":"https:\/\/www.meska.hu\/s\/dekoracio\/c-907","last":false},{"position":4,"name":"Esk\u00fcv\u0151i feliratok","url":"https:\/\/www.meska.hu\/s\/eskuvoi-feliratok\/c-1846","last":true}],"h1":"Esk\u00fcv\u0151i feliratok","url":{"url":"https:\/\/www.meska.hu\/s\/eskuvoi-feliratok\/c-1846","title":"Mind","_debug_":false},"_count_":47}