{"_terms_":{"phrase":"*","category_id":"687","category_ids":"687","gift_occasion":"24","gift_recipient":"48","facets":"n","p":"1","pp":"100","sort_by":"create_date","sort_direction":"desc","product_type":"kezmuves|alapanyag|vintage","session_id":"inu8g7ag1oqe5e8s3binq9gfur"},"total":0,"products":[],"canonicals":{"canonical":"https:\/\/www.meska.hu\/s\/mennyezeti-lampa:nonek:gyermekaldasra\/c-687:gr-48:go-24"},"seo":{"title":"Mennyezeti l\u00e1mp\u00e1k - Meska","seoTitle":"Mennyezeti l\u00e1mp\u00e1k","seoDescription":"<p><strong>Mennyezeti l\u00e1mpa<\/strong> v\u00e1laszt\u00e1s\u00e1n\u00e1l az egyik legfontosabb d\u00f6nt\u00e9s, hogy az otthon hangulat\u00e1t \u00e9s st\u00edlus\u00e1t t\u00f6k\u00e9letesen visszaad\u00f3 darabot tal\u00e1ljunk \u2014 hiszen a mennyezeti f\u00e9nyforr\u00e1s nemcsak vil\u00e1g\u00edt, hanem meghat\u00e1rozza a t\u00e9r eg\u00e9sz karakter\u00e9t. A Meska k\u00e9zm\u0171ves alkot\u00f3i olyan egyedi <strong>mennyezeti l\u00e1mp\u00e1kat<\/strong> k\u00edn\u00e1lnak, amelyek nem kaphat\u00f3k t\u00f6meg\u00e1ru-boltokban: minden darab szeretettel, k\u00e9zzel k\u00e9sz\u00fcl, \u00e9s pontosan illeszkedik a megrendel\u0151 elk\u00e9pzel\u00e9seihez. Kov\u00e1csoltvas, fa, k\u00f6t\u00e9l, textil vagy \u00fajrahasznos\u00edtott anyagok \u2014 a Meska k\u00edn\u00e1lat\u00e1ban megtal\u00e1lod a sz\u00e1modra t\u00f6k\u00e9letes anyagot \u00e9s kivitelt.<\/p>\n\n<p><strong>Mennyezeti vil\u00e1g\u00edt\u00e1s<\/strong> ter\u00e9n a Meska alkot\u00f3i szinte minden helyis\u00e9ghez \u00e9s st\u00edlushoz k\u00edn\u00e1lnak megold\u00e1st. Legyen sz\u00f3 nappaliba sz\u00e1nt eleg\u00e1ns csill\u00e1rr\u00f3l, konyh\u00e1ba ill\u0151 letisztult f\u00fcgg\u0151l\u00e1mp\u00e1r\u00f3l, h\u00e1l\u00f3szob\u00e1ba tervezett romantikus fali l\u00e1mp\u00e1r\u00f3l vagy gyerekszob\u00e1ba val\u00f3 vid\u00e1m, tematikus darabr\u00f3l \u2014 a k\u00e9zm\u0171ves min\u0151s\u00e9g minden esetben garant\u00e1lt. A <strong>modern mennyezeti l\u00e1mpa<\/strong> kedvel\u0151i \u00e9pp\u00fagy megtal\u00e1lj\u00e1k a maguknak val\u00f3t, mint azok, akik ink\u00e1bb a rusztikus, vintage vagy term\u00e9szetes anyagokb\u00f3l k\u00e9sz\u00fclt st\u00edlusokat r\u00e9szes\u00edtik el\u0151nyben. Az egyedi tervez\u00e9s lehet\u0151s\u00e9ge pedig azt jelenti, hogy sok alkot\u00f3n\u00e1l egyedi m\u00e9retre, sz\u00ednre vagy form\u00e1ra is megrendelhet\u0151 a kiv\u00e1lasztott darab.<\/p>\n\n<h2 class=\"text-meska\/base-orange\"><strong>Mennyezeti l\u00e1mpa<\/strong> \u2013 minden helyis\u00e9ghez egyedi megold\u00e1s<\/h2>\n\n<p><strong>Mennyezeti l\u00e1mpa<\/strong> v\u00e1s\u00e1rl\u00e1sakor az egyik els\u0151 szempont a helyis\u00e9g funkci\u00f3ja \u00e9s hangulata. A nappaliba ker\u00fcl\u0151 csill\u00e1r lehet domin\u00e1ns d\u00edszelem, amely azonnal meghat\u00e1rozza a t\u00e9r karakter\u00e9t, m\u00edg a konyh\u00e1ban vagy \u00e9tkez\u0151ben ink\u00e1bb a praktikum \u00e9s a meleg f\u00e9ny az els\u0151dleges. Az <strong>\u00e9tkez\u0151 l\u00e1mpa<\/strong> eset\u00e9n k\u00fcl\u00f6n\u00f6sen fontos, hogy az asztal f\u00f6l\u00e9 ker\u00fcl\u0151 l\u00e1mpa megfelel\u0151 magass\u00e1gban f\u00fcggj\u00f6n, \u00e9s kellemes f\u00e9nyt adjon az \u00e9tkez\u00e9sekhez \u2014 a Meska k\u00e9zm\u0171ves darabjai k\u00f6z\u00f6tt sz\u00e1mos olyan <strong>\u00e9tkez\u0151l\u00e1mp\u00e1t<\/strong> tal\u00e1lsz, amelyek egyedi form\u00e1jukkal is emelik az asztal k\u00f6r\u00fcli hangulatot. H\u00e1l\u00f3szob\u00e1ban a l\u00e1gyabb, meleg f\u00e9ny\u0171 megold\u00e1sok a legkelend\u0151bbek, gyerekszob\u00e1ban pedig az \u00e1llatok, csillagok vagy mesefigur\u00e1k form\u00e1j\u00e1ra \u00e9p\u00fcl\u0151 tematikus l\u00e1mp\u00e1k hozz\u00e1k a mosolyt a gyerekek arc\u00e1ra. A <strong>mennyezeti vil\u00e1g\u00edt\u00e1s<\/strong> megv\u00e1laszt\u00e1sa teh\u00e1t nem csup\u00e1n technikai k\u00e9rd\u00e9s \u2014 az otthon lelk\u00e9r\u0151l is sz\u00f3l, \u00e9s a Meska k\u00e9zm\u0171ves alkot\u00f3i pontosan ezt \u00e9rtik a legjobban.<\/p>\n\n<h2 class=\"text-meska\/base-orange\"><strong>LED mennyezeti l\u00e1mpa<\/strong> \u2013 energiatakar\u00e9kos \u00e9s egyedi<\/h2>\n\n<p><strong>LED mennyezeti l\u00e1mpa<\/strong> v\u00e1laszt\u00e1s\u00e1val nemcsak energi\u00e1t takar\u00edtasz meg, hanem modern, hossz\u00fa \u00e9lettartam\u00fa f\u00e9nyforr\u00e1st is kapsz \u2014 \u00e9s a Meska k\u00edn\u00e1lat\u00e1ban mindez k\u00e9zm\u0171ves egyedis\u00e9ggel p\u00e1rosul. A <strong>led mennyezeti l\u00e1mpa<\/strong> t\u00edpusok k\u00fcl\u00f6n\u00f6sen n\u00e9pszer\u0171ek azok k\u00f6r\u00e9ben, akik a fenntarthat\u00f3 otthonteremt\u00e9sre t\u00f6rekszenek, \u00e9s nem szeretn\u00e9nek kompromisszumot k\u00f6tni a diz\u00e1jn ter\u00e9n sem. A Meska alkot\u00f3i LED-technol\u00f3gi\u00e1val kombin\u00e1lt, k\u00e9zzel k\u00e9sz\u00edtett b\u00far\u00e1kat, erny\u0151ket \u00e9s kereteket k\u00edn\u00e1lnak, amelyek modern lak\u00e1sokba \u00e9s rusztikusabb enteri\u0151r\u00f6kbe egyar\u00e1nt beilleszthet\u0151k. Az egyedi k\u00e9zm\u0171ves kialak\u00edt\u00e1s azt is lehet\u0151v\u00e9 teszi, hogy a LED-es megold\u00e1s ne t\u0171nj\u00f6n hidegnek vagy sterilnek, hanem val\u00f3di otthonos hangulatot teremtsen minden helyis\u00e9gben.<\/p>\n\n<h2 class=\"text-meska\/base-orange\"><strong>L\u00e1mpa nappaliba<\/strong> \u2013 a t\u00e9r sz\u00edve<\/h2>\n\n<p><strong>L\u00e1mpa nappaliba<\/strong> keres\u00e9s\u00e9n\u00e9l k\u00fcl\u00f6n\u00f6sen sok szempont j\u00e1tszik szerepet: a mennyezet magass\u00e1ga, a b\u00fatorok st\u00edlusa, a falak sz\u00edne \u00e9s az a hangulat, amelyet a t\u00e9r eg\u00e9sz\u00e9ben szeretn\u00e9nk megteremteni. A Meska k\u00e9zm\u0171ves alkot\u00f3i olyan <strong>l\u00e1mp\u00e1t nappaliba<\/strong> k\u00edn\u00e1lnak, amely nemcsak megvil\u00e1g\u00edtja, hanem val\u00f3ban d\u00edsz\u00edti is a legfontosabb k\u00f6z\u00f6ss\u00e9gi teret. Legyen sz\u00f3 egy massz\u00edv kov\u00e1csoltvas csill\u00e1rr\u00f3l, egy l\u00e9gies, fonott rattan f\u00fcgg\u0151l\u00e1mp\u00e1r\u00f3l vagy egy minimalista, term\u00e9szetes fafel\u00fclet\u0171 darabr\u00f3l \u2014 a v\u00e1laszt\u00e9k rendk\u00edv\u00fcl sz\u00e9les. Sokan \u00e9pp a nappaliba sz\u00e1nt l\u00e1mp\u00e1n\u00e1l d\u00f6ntenek a k\u00e9zm\u0171ves egyedi darab mellett, mert ez az a helyis\u00e9g, ahol a vend\u00e9gek \u00e9s a lak\u00f3k egyar\u00e1nt legt\u00f6bbet tart\u00f3zkodnak, \u00e9s ahol az egyedi r\u00e9szletek igaz\u00e1n \u00e9rv\u00e9nyes\u00fclnek.<\/p>\n\n<h2 class=\"text-meska\/base-orange\"><strong>K\u00fclt\u00e9ri mennyezeti l\u00e1mpa<\/strong> \u2013 terasz, bej\u00e1rat, kert<\/h2>\n\n<p><strong>K\u00fclt\u00e9ri mennyezeti l\u00e1mpa<\/strong> v\u00e1laszt\u00e1sakor az id\u0151j\u00e1r\u00e1s\u00e1ll\u00f3s\u00e1g \u00e9s a tart\u00f3ss\u00e1g alapk\u00f6vetelm\u00e9ny, de ez nem jelenti azt, hogy a diz\u00e1jnra kompromisszumot kellene k\u00f6tn\u00fcnk. A Meska k\u00e9zm\u0171ves alkot\u00f3i olyan <strong>k\u00fclt\u00e9ri mennyezeti l\u00e1mp\u00e1kat<\/strong> k\u00e9sz\u00edtenek, amelyek teraszra, fedett bej\u00e1rathoz vagy kerti pavilonhoz egyar\u00e1nt t\u00f6k\u00e9letesek, \u00e9s hossz\u00fa \u00e9vekig meg\u0151rzik sz\u00e9ps\u00e9g\u00fcket a k\u00fcls\u0151 k\u00f6r\u00fclm\u00e9nyek k\u00f6z\u00f6tt is. A k\u00e9zzel kov\u00e1csolt vas, a kezelt fa vagy a rozsdamentes elemek kombin\u00e1ci\u00f3j\u00e1val k\u00e9sz\u00fclt darabok egyedi karaktert adnak a h\u00e1z k\u00fclsej\u00e9nek, \u00e9s m\u00e1r s\u00f6t\u00e9ted\u00e9s el\u0151tt l\u00e1tv\u00e1nyos elemei az \u00e9p\u00fclet homlokzat\u00e1nak. Ha azt szeretn\u00e9d, hogy az otthonod nemcsak bel\u00fclr\u0151l, hanem k\u00edv\u00fclr\u0151l is t\u00fckr\u00f6zze az egy\u00e9nis\u00e9gedet, a Meska k\u00fclt\u00e9ri k\u00edn\u00e1lata pontosan ezt teszi lehet\u0151v\u00e9.<\/p>\n\n<h2 class=\"text-meska\/base-orange\"><strong>K\u00f6t\u00e9l l\u00e1mpa<\/strong> \u2013 term\u00e9szetes anyagok, egyedi hangulat<\/h2>\n\n<p><strong>K\u00f6t\u00e9l l\u00e1mpa<\/strong> az egyik legn\u00e9pszer\u0171bb k\u00e9zm\u0171ves vil\u00e1g\u00edt\u00e1st\u00edpus azok k\u00f6r\u00e9ben, akik term\u00e9szetes anyagokkal, meleg text\u00far\u00e1kkal szeretn\u00e9k berendezni otthonukat. A <strong>k\u00f6t\u00e9l l\u00e1mp\u00e1k<\/strong> egyedi fonat-mint\u00e1zata, term\u00e9szetes sz\u00ednpalett\u00e1ja \u00e9s organikus form\u00e1ja egyar\u00e1nt illik rusztikus, skandin\u00e1v, boh\u00e9m \u00e9s mediterr\u00e1n st\u00edlus\u00fa enteri\u0151r\u00f6kbe. A Meska alkot\u00f3i k\u00e9zzel csom\u00f3zz\u00e1k, fonej\u00e1k \u00e9s r\u00f6gz\u00edtik a k\u00f6t\u00e9lb\u0151l k\u00e9sz\u00fclt l\u00e1mpab\u00far\u00e1kat \u00e9s kereteket, \u00edgy minden egyes darab val\u00f3ban k\u00fcl\u00f6nleges \u2014 k\u00e9t egyforma nem l\u00e9tezik. Emellett a term\u00e9szetes k\u00f6t\u00e9l m\u00e1s anyagokkal, p\u00e9ld\u00e1ul f\u00e1val, f\u00e9mmel vagy \u00fcveggel is kombin\u00e1lhat\u00f3, ami m\u00e9g v\u00e1ltozatosabb megjelen\u00e9st tesz lehet\u0151v\u00e9. Ha valami igaz\u00e1n szem\u00e9lyeset \u00e9s k\u00e9zzel foghat\u00f3 min\u0151s\u00e9g\u0171t keresel, a k\u00f6t\u00e9l l\u00e1mpa kateg\u00f3ria biztosan meglepet\u00e9ssel szolg\u00e1l.<\/p>\n\n<p><strong>Mennyezeti l\u00e1mp\u00e1k<\/strong> ter\u00e9n a Meska k\u00edn\u00e1lata p\u00e1ratlan v\u00e1laszt\u00e9kot jelent mindazoknak, akik nem el\u00e9gednek meg a t\u00f6meg\u00e1ru megold\u00e1sokkal. Ak\u00e1r nappaliba, \u00e9tkez\u0151be, h\u00e1l\u00f3szob\u00e1ba, gyerekszob\u00e1ba vagy k\u00fclt\u00e9ri t\u00e9rbe keresel egyedi vil\u00e1g\u00edt\u00e1st, a Meska k\u00e9zm\u0171ves alkot\u00f3i biztosan megtal\u00e1lj\u00e1k a sz\u00e1modra t\u00f6k\u00e9letes megold\u00e1st. Fedezd fel a k\u00edn\u00e1latot, \u00e9s v\u00e1laszd azt a <strong>mennyezeti l\u00e1mp\u00e1t<\/strong>, amely nemcsak megvil\u00e1g\u00edtja, hanem igaz\u00e1n otthonoss\u00e1 teszi a teret \u2014 rendelj most a Mesk\u00e1r\u00f3l!<\/p>\n\n<h2 class=\"text-meska\/base-orange\"><strong>Kinek aj\u00e1nljuk a mennyezeti l\u00e1mp\u00e1k kateg\u00f3ria term\u00e9keit?<\/strong><\/h2>\n<p><strong>Lakberendez\u0151knek \u00e9s otthonfel\u00faj\u00edt\u00f3knak<\/strong> k\u00fcl\u00f6n\u00f6sen aj\u00e1nljuk, akik fel\u00faj\u00edt\u00e1s vagy k\u00f6lt\u00f6z\u00e9s alkalm\u00e1val egyedi, nem bolti darabot keresnek \u2014 a Meska k\u00e9zm\u0171ves l\u00e1mp\u00e1i pont azt a k\u00fcl\u00f6nleges karaktert adj\u00e1k a t\u00e9rnek, amit gy\u00e1ri term\u00e9kekkel nem lehet el\u00e9rni. <strong>Aj\u00e1nd\u00e9kv\u00e1s\u00e1rl\u00f3knak<\/strong> t\u00f6k\u00e9letes v\u00e1laszt\u00e1s, akik lak\u00e1savat\u00f3ra, h\u00e1zass\u00e1gk\u00f6t\u00e9sre vagy k\u00f6lt\u00f6z\u00e9si meglepet\u00e9snek keresnek maradand\u00f3, szem\u00e9lyes aj\u00e1nd\u00e9kot \u2014 egy k\u00e9zzel k\u00e9sz\u00edtett l\u00e1mpa olyan egyedi gesztus, amelyet sok\u00e1ig emlegetnek. <strong>St\u00edlustudatos otthonteremt\u0151knek<\/strong> sz\u00edvb\u0151l aj\u00e1nljuk, akik rusztikus, vintage vagy modern st\u00edlus\u00fa k\u00e9zm\u0171ves darabbal szeretn\u00e9k szem\u00e9lyess\u00e9 var\u00e1zsolni nappalijukat, konyh\u00e1jukat vagy h\u00e1l\u00f3szob\u00e1jukat, hiszen a Meska k\u00edn\u00e1lat\u00e1ban minden st\u00edlusir\u00e1nyzathoz tal\u00e1lnak t\u00f6k\u00e9letes p\u00e1rt. <strong>K\u00fclt\u00e9ri megold\u00e1st keres\u0151knek<\/strong> is remek h\u00edr, hogy a Meska alkot\u00f3i teraszra, bej\u00e1rathoz \u00e9s fedett kerti terekhez is k\u00e9sz\u00edtenek id\u0151j\u00e1r\u00e1s\u00e1ll\u00f3, egyedi l\u00e1mp\u00e1kat, amelyek a h\u00e1z k\u00fclsej\u00e9t ugyanolyan szem\u00e9lyess\u00e9 teszik, mint a belteret. <strong>\u00c9ttermek, k\u00e1v\u00e9z\u00f3k \u00e9s vend\u00e9gl\u00e1t\u00f3helyek<\/strong> sz\u00e1m\u00e1ra szint\u00e9n ide\u00e1lis forr\u00e1s a Meska, ahol egyedi hangulatvil\u00e1g\u00edt\u00e1st rendelhetnek enteri\u0151rj\u00fckbe \u2014 egy k\u00e9zzel k\u00e9sz\u00edtett csill\u00e1r vagy f\u00fcgg\u0151l\u00e1mpa \u00f6nmag\u00e1ban is emeli a hely atmoszf\u00e9r\u00e1j\u00e1t \u00e9s megk\u00fcl\u00f6nb\u00f6zteti a vend\u00e9gl\u00e1t\u00f3helyet a sablonos megold\u00e1sokt\u00f3l.<\/p>","metaDescription":"Mennyezeti l\u00e1mpa nappaliba, \u00e9tkez\u0151be, k\u00fclt\u00e9rre \u2013 k\u00e9zm\u0171ves, magyar alkot\u00f3kt\u00f3l. \u2705 Egyedi \u2705 Pr\u00e9mium min\u0151s\u00e9g \u2705 \u00d3ri\u00e1si v\u00e1laszt\u00e9k a Mesk\u00e1n! ","metaNoIndex":true,"metaNoFollow":0,"seoFound":true,"ogImage":"https:\/\/www.meska.hu\/img\/category_seo\/687-_p10IB.jpg","canonicals":"https:\/\/www.meska.hu\/s\/mennyezeti-lampa:nonek:gyermekaldasra\/c-687:gr-48:go-24"},"breadcrumb":[{"position":1,"name":"Meska.hu","url":"https:\/\/www.meska.hu","last":false},{"position":2,"name":"Otthon & \u00c9letm\u00f3d","url":"https:\/\/www.meska.hu\/s\/otthon-eletmod:nonek:gyermekaldasra\/c-813:gr-48:go-24","last":false},{"position":3,"name":"L\u00e1mpa","url":"https:\/\/www.meska.hu\/s\/lampa:nonek:gyermekaldasra\/c-421:gr-48:go-24","last":false},{"position":4,"name":"Mennyezeti l\u00e1mpa","url":"https:\/\/www.meska.hu\/s\/mennyezeti-lampa:nonek:gyermekaldasra\/c-687:gr-48:go-24","last":true}],"h1":"Mennyezeti l\u00e1mpa","url":{"url":"https:\/\/www.meska.hu\/s\/mennyezeti-lampa:nonek:gyermekaldasra\/c-687:gr-48:go-24","title":"Mind","_debug_":false},"_count_":0}