{"_terms_":{"phrase":"*","technic_id":"484","technics":"484","facets":"n","p":"1","pp":"100","sort_by":"create_date","sort_direction":"desc","product_type":"kezmuves|alapanyag|vintage","session_id":"9insp4qg54dfmtmrsocfktlj79"},"total":2747,"products":[{"id":"6342788","shop_id":"50124","user_id":"742200","shop_name":"FarmgirlsBUDA","shop_zip":"1026","product_code":"5857324","product_name_old":null,"product_name":"ORCHID\u00c9E VANILLE \u2013 orchide\u00e1s k\u00f3kuszviasz gyertya, eleg\u00e1ns sz\u00fcl\u0151k\u00f6sz\u00f6nt\u0151 \u00e9s esk\u00fcv\u0151i aj\u00e1nd\u00e9k","category_string":"Esk\u00fcv\u0151, Eml\u00e9k & Aj\u00e1nd\u00e9k, K\u00f6sz\u00f6n\u0151aj\u00e1nd\u00e9k","technic_string":"Gyertya-, m\u00e9csesk\u00e9sz\u00edt\u00e9s","category_1":"317","category_2":"905","category_3":"1068","category_4":"0","merged_category_1":null,"merged_category_2":null,"merged_category_3":null,"technic_1":"484","technic_2":"0","technic_3":"0","color_1":"515","color_2":"519","color_3":"525","product_description_old":null,"product_description":"Van, akinek egy kicsit t\u00f6bbet szeretn\u00e9tek adni. \ud83e\udd0d\n\nAz ORCHID\u00c9E VANILLE-t azoknak k\u00e9sz\u00edtj\u00fck, akiknek k\u00fcl\u00f6n szeretn\u00e9tek megk\u00f6sz\u00f6nni, hogy mellettetek vannak: a sz\u00fcl\u0151knek, tan\u00faknak, koszor\u00fasl\u00e1nyoknak \u2013 vagy egy kis l\u00e9tsz\u00e1m\u00fa esk\u00fcv\u0151 minden vend\u00e9g\u00e9nek.\n\nA 230 ml-es, parafatet\u0151s \u00fcvegbe k\u00f3kuszviaszb\u00f3l k\u00e9sz\u00edtj\u00fck a gyerty\u00e1t, a tetej\u00e9re pedig egyenk\u00e9nt form\u00e1zott orchideavir\u00e1g ker\u00fcl. Letisztult, finom darab, amely m\u00e1r \u00f6nmag\u00e1ban is sz\u00e9p aj\u00e1nd\u00e9k.\n\n\ud83c\udf66 Ehhez a gyerty\u00e1hoz a van\u00edli\u00e1t aj\u00e1nljuk.\n\n\u00c9des, kr\u00e9mes, meleg illat, ami k\u00fcl\u00f6n\u00f6sen sz\u00e9pen illik a k\u00f3kuszviaszhoz \u00e9s az orchidea finom megjelen\u00e9s\u00e9hez. Ha viszont nem vagytok van\u00edli\u00e1sok, term\u00e9szetesen m\u00e1s illatot is v\u00e1laszthattok bevizsg\u00e1lt, gyertyak\u00e9sz\u00edt\u00e9shez haszn\u00e1lhat\u00f3 illatolajaink k\u00f6z\u00fcl:\n\n\ud83c\udf38 Cseresznyevir\u00e1g\n\ud83c\udf4e S\u00fclt alma\n\ud83c\udf52 Cranberry & s\u00fclt alma\n\ud83e\udd0d Marcip\u00e1n\n\u2601\ufe0f Pamut\n\ud83c\udf66 Van\u00edlia \u2013 a mi aj\u00e1nl\u00e1sunk ehhez a gyerty\u00e1hoz\n\nEgyedi illatk\u00e9r\u00e9st is sz\u00edvesen egyeztet\u00fcnk.\n\nAz orchidea sz\u00edne sem k\u00f6t\u00f6tt. K\u00e9sz\u00fclhet klasszikus feh\u00e9r-p\u00fader v\u00e1ltozatban, de az esk\u00fcv\u0151t\u00f6k sz\u00ednvil\u00e1g\u00e1hoz igazod\u00f3 \u00e1rnyalatot is k\u00e9rhettek.\n\n\ud83e\udd0d Kinek aj\u00e1nljuk?\n\n\u2022 sz\u00fcl\u0151k\u00f6sz\u00f6nt\u0151 aj\u00e1nd\u00e9knak\n\u2022 tan\u00faaj\u00e1nd\u00e9knak\n\u2022 koszor\u00fasl\u00e1nyoknak\n\u2022 kis l\u00e9tsz\u00e1m\u00fa esk\u00fcv\u0151 eleg\u00e1ns vend\u00e9gaj\u00e1nd\u00e9kak\u00e9nt\n\u2022 \u00e9vfordul\u00f3ra vagy szem\u00e9lyes k\u00f6sz\u00f6n\u0151aj\u00e1nd\u00e9knak\n\nR\u00e9szletek:\n\u2022 230 ml-es \u00fcvegpoh\u00e1r nat\u00far parafatet\u0151vel\n\u2022 k\u00f3kuszviasz\n\u2022 pamutkan\u00f3c\n\u2022 bevizsg\u00e1lt, gyertyak\u00e9sz\u00edt\u00e9shez haszn\u00e1lhat\u00f3 illatolaj\n\u2022 v\u00e1laszthat\u00f3 illat\n\u2022 v\u00e1laszthat\u00f3 orchideasz\u00edn\n\u2022 egyedi sz\u00edn \u00e9s illat egyeztethet\u0151\n\nNem mindenkinek ugyanazt szeretn\u00e9nk megk\u00f6sz\u00f6nni. Van, akinek j\u00e1r valami k\u00fcl\u00f6n. \ud83e\udd0d\n\n\n\n\n","price":"3490.00","unit":"db","recommended":"0","status":"1","sponsored":"0","exp_notify":"0","own_material":"0","own_material_description_old":null,"own_material_description":"","jury":"0","jury_number":"","product_nature":"","meskaracsony":"0","create_date":"2026-08-28 21:49:58","shelve_id":"0","image":"farmgirlsbuda_product_742200_260828214943_416239.jpeg","image_width":"480","image_height":"480","image_alt":"ORCHID\u00c9E VANILLE \u2013 orchide\u00e1s k\u00f3kuszviasz gyertya, eleg\u00e1ns sz\u00fcl\u0151k\u00f6sz\u00f6nt\u0151 \u00e9s esk\u00fcv\u0151i aj\u00e1nd\u00e9k, Van, akinek egy kicsit t\u00f6bbet szeretn\u00e9tek adni. \ud83e\udd0d\\n\\nAz ORCHID\u00c9E VANILLE-t azoknak k\u00e9sz\u00edtj\u00fck, akiknek ..., Meska","image_title":"ORCHID\u00c9E VANILLE \u2013 orchide\u00e1s k\u00f3kuszviasz gyertya, eleg\u00e1ns sz\u00fcl\u0151k\u00f6sz\u00f6nt\u0151 \u00e9s esk\u00fcv\u0151i aj\u00e1nd\u00e9k, Meska","view_count":"29","favourite_count":"0","trending_score":"0","last2MonthFavouriteCount":"0","promotion":"0","giftcard_accept":"0","creditcard_accept":true,"enhanced_background":"0","domain":"meska","specific_customer_id":null,"specific_customer_name":null,"to_order_product":"1","to_order_product_time":"3","product_different":null,"product_different_description":"","vintage":"0","vintage_category_id":"0","recycled":"0","gemstone_id":"0","customizable":"1","type_category":"physical","zerowaste":"0","postage_price":"1290.00","shop_order":"0","has_category":"1","landing_pages":null,"microdata":{"number":1,"category":""},"title":"ORCHID\u00c9E VANILLE \u2013 orchide\u00e1s k\u00f3kuszviasz gyertya, eleg\u00e1ns sz\u00fcl\u0151k\u00f6sz\u00f6nt\u0151 \u00e9s esk\u00fcv\u0151i aj\u00e1nd\u00e9k","description":"Van, akinek egy kicsit t\u00f6bbet szeretn\u00e9tek adni. \ud83e\udd0d\n\nAz ORCHID\u00c9E VANILLE-t azoknak k\u00e9sz\u00edtj\u00fck, akiknek k\u00fcl\u00f6n szeretn\u00e9tek megk\u00f6sz\u00f6nni, hogy mellettetek vannak: a sz\u00fcl\u0151knek, tan\u00faknak, koszor\u00fasl\u00e1nyoknak \u2013 vagy egy kis l\u00e9tsz\u00e1m\u00fa esk\u00fcv\u0151 minden vend\u00e9g\u00e9nek.\n\nA 230 ml-es, parafatet\u0151s \u00fcvegbe k\u00f3kuszviaszb\u00f3l k\u00e9sz\u00edtj\u00fck a gyerty\u00e1t, a tetej\u00e9re pedig egyenk\u00e9nt form\u00e1zott orchideavir\u00e1g ker\u00fcl. Letisztult, finom darab, amely m\u00e1r \u00f6nmag\u00e1ban is sz\u00e9p aj\u00e1nd\u00e9k.\n\n\ud83c\udf66 Ehhez a gyerty\u00e1hoz a van\u00edli\u00e1t aj\u00e1nljuk.\n\n\u00c9des, kr\u00e9mes, meleg illat, ami k\u00fcl\u00f6n\u00f6sen sz\u00e9pen illik a k\u00f3kuszviaszhoz \u00e9s az orchidea finom megjelen\u00e9s\u00e9hez. Ha viszont nem vagytok van\u00edli\u00e1sok, term\u00e9szetesen m\u00e1s illatot is v\u00e1laszthattok bevizsg\u00e1lt, gyertyak\u00e9sz\u00edt\u00e9shez haszn\u00e1lhat\u00f3 illatolajaink k\u00f6z\u00fcl:\n\n\ud83c\udf38 Cseresznyevir\u00e1g\n\ud83c\udf4e S\u00fclt alma\n\ud83c\udf52 Cranberry & s\u00fclt alma\n\ud83e\udd0d Marcip\u00e1n\n\u2601\ufe0f Pamut\n\ud83c\udf66 Van\u00edlia \u2013 a mi aj\u00e1nl\u00e1sunk ehhez a gyerty\u00e1hoz\n\nEgyedi illatk\u00e9r\u00e9st is sz\u00edvesen egyeztet\u00fcnk.\n\nAz orchidea sz\u00edne sem k\u00f6t\u00f6tt. K\u00e9sz\u00fclhet klasszikus feh\u00e9r-p\u00fader v\u00e1ltozatban, de az esk\u00fcv\u0151t\u00f6k sz\u00ednvil\u00e1g\u00e1hoz igazod\u00f3 \u00e1rnyalatot is k\u00e9rhettek.\n\n\ud83e\udd0d Kinek aj\u00e1nljuk?\n\n\u2022 sz\u00fcl\u0151k\u00f6sz\u00f6nt\u0151 aj\u00e1nd\u00e9knak\n\u2022 tan\u00faaj\u00e1nd\u00e9knak\n\u2022 koszor\u00fasl\u00e1nyoknak\n\u2022 kis l\u00e9tsz\u00e1m\u00fa esk\u00fcv\u0151 eleg\u00e1ns vend\u00e9gaj\u00e1nd\u00e9kak\u00e9nt\n\u2022 \u00e9vfordul\u00f3ra vagy szem\u00e9lyes k\u00f6sz\u00f6n\u0151aj\u00e1nd\u00e9knak\n\nR\u00e9szletek:\n\u2022 230 ml-es \u00fcvegpoh\u00e1r nat\u00far parafatet\u0151vel\n\u2022 k\u00f3kuszviasz\n\u2022 pamutkan\u00f3c\n\u2022 bevizsg\u00e1lt, gyertyak\u00e9sz\u00edt\u00e9shez haszn\u00e1lhat\u00f3 illatolaj\n\u2022 v\u00e1laszthat\u00f3 illat\n\u2022 v\u00e1laszthat\u00f3 orchideasz\u00edn\n\u2022 egyedi sz\u00edn \u00e9s illat egyeztethet\u0151\n\nNem mindenkinek ugyanazt szeretn\u00e9nk megk\u00f6sz\u00f6nni. Van, akinek j\u00e1r valami k\u00fcl\u00f6n. \ud83e\udd0d\n\n\n\n\n","score":0,"formatted_price":"3 490 Ft","image_url":"https:\/\/www.meska.hu\/img\/product\/small\/f\/a\/farmgirlsbuda_product_742200_260828214943_416239.jpeg","formatted_url":"https:\/\/www.meska.hu\/p5857324-orchidee-vanille-orchideas-kokuszviasz-gyertya-elegans-szulokoszonto-es-eskuvoi-ajandek","favourite":false,"in_stock":false,"avatar":"742200_avatar_1757868014.png","delete_from":0,"is_enhanced_background":false,"is_enhanced":true,"enhanced_ribbon":"<img src=\"\/images\/brightness_brighter_20x20.png\" style=\"position: absolute; right: 13px; top: 7px;\">","enhanced_key":0,"is_key_2":false,"is_key_3":false,"is_key_4":false,"product_selection_started":false,"is_active":true,"image_webp_url":"https:\/\/www.meska.hu\/img\/product\/small\/f\/a\/farmgirlsbuda_product_742200_260828214943_416239.webp"},{"id":"6349289","shop_id":"50379","user_id":"744447","shop_name":"BandDStudio","shop_zip":"2740","product_code":"5862886","product_name_old":null,"product_name":"S\u00fct\u0151t\u00f6k illat\u00fa illatviasz","category_string":"Otthon & \u00c9letm\u00f3d, Gyertya, illat, aroma, Illatviasz","technic_string":"Gyertya-, m\u00e9csesk\u00e9sz\u00edt\u00e9s","category_1":"813","category_2":"415","category_3":"1391","category_4":"0","merged_category_1":null,"merged_category_2":null,"merged_category_3":null,"technic_1":"484","technic_2":"0","technic_3":"0","color_1":"516","color_2":"526","color_3":"0","product_description_old":null,"product_description":"S\u00fct\u0151t\u00f6k illat\u00fa illatviasz sz\u00f3javiaszb\u00f3l, k\u00fcl\u00f6nb\u00f6z\u0151 \u0151szi form\u00e1kkal, pr\u00e9mium illatolajjal, dobozban\/csomagban - kb. 50 g. Csod\u00e1s, intenz\u00edv illata van, belengi a lak\u00e1st.\n\nA term\u00e9k \u00e1ra egy dobozra\/csomagra vonatkozik.\n\nHaszn\u00e1lati \u00fatmutat\u00f3:\n- k\u00e9sz\u00edtsd el\u0151 a meleg\u00edt\u0151t, valamint gy\u0151z\u0151dj meg r\u00f3la, hogy tiszta \u00e9s sz\u00e1raz, miel\u0151tt hozz\u00e1kezden\u00e9l,\n-  helyezz egy illatviaszt az aromal\u00e1mp\u00e1ba vagy viaszmeleg\u00edt\u0151be,\n- gy\u00fajts meg egy team\u00e9csest, vagy kapcsold be az elektromos viaszmeleg\u00edt\u0151t.\n\nBIZTONS\u00c1GI FIGYELMEZTET\u00c9S:\n- soha ne hagyd fel\u00fcgyelet n\u00e9lk\u00fcl az illatviaszt,\n- csak h\u0151\u00e1ll\u00f3 aromal\u00e1mp\u00e1ban vagy viaszmeleg\u00edt\u0151ben haszn\u00e1ld, - haszn\u00e1lj stabil, h\u0151\u00e1ll\u00f3 fel\u00fcletet, t\u00e1vol gy\u00fal\u00e9kony anyagokt\u00f3l,\n- ne \u00e9rintsd meg a forr\u00f3 viaszt, m\u00edg meg nem szil\u00e1rdul,\n- gyermekekt\u0151l \u00e9s h\u00e1zi\u00e1llatokt\u00f3l tartsd t\u00e1vol.","price":"1500.00","unit":"cs","recommended":"0","status":"1","sponsored":"0","exp_notify":"0","own_material":"0","own_material_description_old":null,"own_material_description":"","jury":"0","jury_number":"","product_nature":"","meskaracsony":"0","create_date":"2026-08-30 23:00:57","shelve_id":"81575","image":"banddstudio_product_744447_260830225959_924333.jpeg","image_width":"480","image_height":"853","image_alt":"S\u00fct\u0151t\u00f6k illat\u00fa illatviasz, S\u00fct\u0151t\u00f6k illat\u00fa illatviasz sz\u00f3javiaszb\u00f3l, k\u00fcl\u00f6nb\u00f6z\u0151 \u0151szi form\u00e1kkal, pr\u00e9mium illatolajjal, dobozban\/cs..., Meska","image_title":"S\u00fct\u0151t\u00f6k illat\u00fa illatviasz, Meska","view_count":"20","favourite_count":"0","trending_score":"0","last2MonthFavouriteCount":"0","promotion":"0","giftcard_accept":"0","creditcard_accept":true,"enhanced_background":"0","domain":"meska","specific_customer_id":null,"specific_customer_name":null,"to_order_product":"0","to_order_product_time":"0","product_different":null,"product_different_description":"","vintage":"0","vintage_category_id":"0","recycled":"0","gemstone_id":"0","customizable":"0","type_category":"physical","zerowaste":"0","postage_price":"1290.00","shop_order":"3","has_category":"1","landing_pages":null,"microdata":{"number":2,"category":""},"title":"S\u00fct\u0151t\u00f6k illat\u00fa illatviasz","description":"S\u00fct\u0151t\u00f6k illat\u00fa illatviasz sz\u00f3javiaszb\u00f3l, k\u00fcl\u00f6nb\u00f6z\u0151 \u0151szi form\u00e1kkal, pr\u00e9mium illatolajjal, dobozban\/csomagban - kb. 50 g. Csod\u00e1s, intenz\u00edv illata van, belengi a lak\u00e1st.\n\nA term\u00e9k \u00e1ra egy dobozra\/csomagra vonatkozik.\n\nHaszn\u00e1lati \u00fatmutat\u00f3:\n- k\u00e9sz\u00edtsd el\u0151 a meleg\u00edt\u0151t, valamint gy\u0151z\u0151dj meg r\u00f3la, hogy tiszta \u00e9s sz\u00e1raz, miel\u0151tt hozz\u00e1kezden\u00e9l,\n-  helyezz egy illatviaszt az aromal\u00e1mp\u00e1ba vagy viaszmeleg\u00edt\u0151be,\n- gy\u00fajts meg egy team\u00e9csest, vagy kapcsold be az elektromos viaszmeleg\u00edt\u0151t.\n\nBIZTONS\u00c1GI FIGYELMEZTET\u00c9S:\n- soha ne hagyd fel\u00fcgyelet n\u00e9lk\u00fcl az illatviaszt,\n- csak h\u0151\u00e1ll\u00f3 aromal\u00e1mp\u00e1ban vagy viaszmeleg\u00edt\u0151ben haszn\u00e1ld, - haszn\u00e1lj stabil, h\u0151\u00e1ll\u00f3 fel\u00fcletet, t\u00e1vol gy\u00fal\u00e9kony anyagokt\u00f3l,\n- ne \u00e9rintsd meg a forr\u00f3 viaszt, m\u00edg meg nem szil\u00e1rdul,\n- gyermekekt\u0151l \u00e9s h\u00e1zi\u00e1llatokt\u00f3l tartsd t\u00e1vol.","score":0,"formatted_price":"1 500 Ft","image_url":"https:\/\/www.meska.hu\/img\/product\/small\/b\/a\/banddstudio_product_744447_260830225959_924333.jpeg","formatted_url":"https:\/\/www.meska.hu\/p5862886-sutotok-illatu-illatviasz","favourite":false,"in_stock":true,"avatar":"744447_avatar_1759920819.png","delete_from":0,"is_enhanced_background":false,"is_enhanced":true,"enhanced_ribbon":"<img src=\"\/images\/brightness_brighter_20x20.png\" style=\"position: absolute; right: 13px; top: 7px;\">","enhanced_key":1,"is_key_2":false,"is_key_3":false,"is_key_4":false,"product_selection_started":false,"is_active":true,"image_webp_url":"https:\/\/www.meska.hu\/img\/product\/small\/b\/a\/banddstudio_product_744447_260830225959_924333.webp"},{"id":"6345460","shop_id":"50124","user_id":"742200","shop_name":"FarmgirlsBUDA","shop_zip":"1026","product_code":"5859507","product_name_old":null,"product_name":"AUTUMN DESSERT \u0151szi desszertgyertya t\u00f6k\u00f6s sz\u00f3jagyertya","category_string":"Otthon & \u00c9letm\u00f3d, Gyertya, illat, aroma, Gyertya","technic_string":"Gyertya-, m\u00e9csesk\u00e9sz\u00edt\u00e9s","category_1":"813","category_2":"415","category_3":"1388","category_4":"0","merged_category_1":null,"merged_category_2":null,"merged_category_3":null,"technic_1":"484","technic_2":"0","technic_3":"0","color_1":"1474","color_2":"515","color_3":"519","product_description_old":null,"product_description":"Majdnem desszert csak ezt ink\u00e1bb meggy\u00fajtjuk. \ud83c\udf83\n\nAz AUTUMN DESSERT egy l\u00e1tv\u00e1nyos \u0151szi desszertgyertya, r\u00e9teges megjelen\u00e9ssel, habos hat\u00e1s\u00fa viaszdekor\u00e1ci\u00f3val \u00e9s apr\u00f3, sz\u00ednes \u0151szi r\u00e9szletekkel.\n\nA tetej\u00e9n mini s\u00fct\u0151t\u00f6k\u00f6k, falevelek \u00e9s apr\u00f3 dekor\u00e1ci\u00f3k id\u00e9zik az \u0151szi s\u00fctik \u00e9s pumpkin spice desszertek hangulat\u00e1t.\n\n\ud83c\udf42 \u0151szi lak\u00e1sdekor\u00e1ci\u00f3\n\ud83c\udf83 pumpkin season rajong\u00f3knak\n\ud83c\udf81 sz\u00fclet\u00e9snapra vagy kisebb aj\u00e1nd\u00e9knak\n\ud83d\udd6f\ufe0f \u00e9s persze annak, aki most teljesen r\u00e1kattant a desszertgyerty\u00e1kra\n\nA gyertya term\u00e9szetes sz\u00f3javiaszb\u00f3l, pamutkan\u00f3ccal \u00e9s gyertyak\u00e9sz\u00edt\u00e9shez bevizsg\u00e1lt illatolaj felhaszn\u00e1l\u00e1s\u00e1val k\u00e9sz\u00fcl.\n\nA dekor\u00e1ci\u00f3 egyes r\u00e9szletei k\u00e9zzel ker\u00fclnek \u00f6ssze\u00e1ll\u00edt\u00e1sra, ez\u00e9rt k\u00e9t gyertya k\u00f6z\u00f6tt lehetnek kisebb elt\u00e9r\u00e9sek.\n\nAnnyira j\u00f3l n\u00e9z ki, hogy az els\u0151 neh\u00e9z d\u00f6nt\u00e9s nem az lesz, mikor gy\u00fajtsd meg \u2013 hanem hogy egy\u00e1ltal\u00e1n meg mered-e. \ud83c\udf42\n\n\u26a0\ufe0f Nem ehet\u0151. A desszertszer\u0171 megjelen\u00e9s ellen\u00e9re a term\u00e9k gyertya.\n\n\n","price":"5990.00","unit":"db","recommended":"0","status":"1","sponsored":"0","exp_notify":"0","own_material":"0","own_material_description_old":null,"own_material_description":"","jury":"0","jury_number":"","product_nature":"","meskaracsony":"0","create_date":"2026-09-01 17:55:10","shelve_id":"0","image":"farmgirlsbuda_product_742200_260830085750_94855.jpeg","image_width":"480","image_height":"480","image_alt":"AUTUMN DESSERT \u0151szi desszertgyertya t\u00f6k\u00f6s sz\u00f3jagyertya, Majdnem desszert csak ezt ink\u00e1bb meggy\u00fajtjuk. \ud83c\udf83\\n\\nAz AUTUMN DESSERT egy l\u00e1tv\u00e1nyos \u0151szi desszertgyerty..., Meska","image_title":"AUTUMN DESSERT \u0151szi desszertgyertya t\u00f6k\u00f6s sz\u00f3jagyertya, Meska","view_count":"36","favourite_count":"1","trending_score":"0","last2MonthFavouriteCount":"1","promotion":"0","giftcard_accept":"0","creditcard_accept":true,"enhanced_background":"0","domain":"meska","specific_customer_id":null,"specific_customer_name":null,"to_order_product":"1","to_order_product_time":"3","product_different":null,"product_different_description":"","vintage":"0","vintage_category_id":"0","recycled":"0","gemstone_id":"0","customizable":"1","type_category":"physical","zerowaste":"0","postage_price":"1290.00","shop_order":"0","has_category":"1","landing_pages":null,"microdata":{"number":3,"category":""},"title":"AUTUMN DESSERT \u0151szi desszertgyertya t\u00f6k\u00f6s sz\u00f3jagyertya","description":"Majdnem desszert csak ezt ink\u00e1bb meggy\u00fajtjuk. \ud83c\udf83\n\nAz AUTUMN DESSERT egy l\u00e1tv\u00e1nyos \u0151szi desszertgyertya, r\u00e9teges megjelen\u00e9ssel, habos hat\u00e1s\u00fa viaszdekor\u00e1ci\u00f3val \u00e9s apr\u00f3, sz\u00ednes \u0151szi r\u00e9szletekkel.\n\nA tetej\u00e9n mini s\u00fct\u0151t\u00f6k\u00f6k, falevelek \u00e9s apr\u00f3 dekor\u00e1ci\u00f3k id\u00e9zik az \u0151szi s\u00fctik \u00e9s pumpkin spice desszertek hangulat\u00e1t.\n\n\ud83c\udf42 \u0151szi lak\u00e1sdekor\u00e1ci\u00f3\n\ud83c\udf83 pumpkin season rajong\u00f3knak\n\ud83c\udf81 sz\u00fclet\u00e9snapra vagy kisebb aj\u00e1nd\u00e9knak\n\ud83d\udd6f\ufe0f \u00e9s persze annak, aki most teljesen r\u00e1kattant a desszertgyerty\u00e1kra\n\nA gyertya term\u00e9szetes sz\u00f3javiaszb\u00f3l, pamutkan\u00f3ccal \u00e9s gyertyak\u00e9sz\u00edt\u00e9shez bevizsg\u00e1lt illatolaj felhaszn\u00e1l\u00e1s\u00e1val k\u00e9sz\u00fcl.\n\nA dekor\u00e1ci\u00f3 egyes r\u00e9szletei k\u00e9zzel ker\u00fclnek \u00f6ssze\u00e1ll\u00edt\u00e1sra, ez\u00e9rt k\u00e9t gyertya k\u00f6z\u00f6tt lehetnek kisebb elt\u00e9r\u00e9sek.\n\nAnnyira j\u00f3l n\u00e9z ki, hogy az els\u0151 neh\u00e9z d\u00f6nt\u00e9s nem az lesz, mikor gy\u00fajtsd meg \u2013 hanem hogy egy\u00e1ltal\u00e1n meg mered-e. \ud83c\udf42\n\n\u26a0\ufe0f Nem ehet\u0151. A desszertszer\u0171 megjelen\u00e9s ellen\u00e9re a term\u00e9k gyertya.\n\n\n","score":0,"formatted_price":"5 990 Ft","image_url":"https:\/\/www.meska.hu\/img\/product\/small\/f\/a\/farmgirlsbuda_product_742200_260830085750_94855.jpeg","formatted_url":"https:\/\/www.meska.hu\/p5859507-autumn-dessert-oszi-desszertgyertya-tokos-szojagyertya","favourite":false,"in_stock":false,"avatar":"742200_avatar_1757868014.png","delete_from":0,"is_enhanced_background":false,"is_enhanced":true,"enhanced_ribbon":"<img src=\"\/images\/brightness_brighter_20x20.png\" style=\"position: absolute; right: 13px; top: 7px;\">","enhanced_key":2,"is_key_2":true,"is_key_3":false,"is_key_4":false,"product_selection_started":false,"is_active":true,"image_webp_url":"https:\/\/www.meska.hu\/img\/product\/small\/f\/a\/farmgirlsbuda_product_742200_260830085750_94855.webp"},{"id":"5703582","shop_id":"48009","user_id":"701399","shop_name":"TheLittleNote","shop_zip":"2030","product_code":"5503209","product_name_old":null,"product_name":"DIY sz\u00f3javiasz illatgyertya k\u00e9sz\u00edt\u0151 k\u00e9szlet ","category_string":"DIY (Csin\u00e1ld magad), Egys\u00e9gcsomag","technic_string":"Gyertya-, m\u00e9csesk\u00e9sz\u00edt\u00e9s","category_1":"402","category_2":"928","category_3":"0","category_4":"0","merged_category_1":null,"merged_category_2":null,"merged_category_3":null,"technic_1":"484","technic_2":"0","technic_3":"0","color_1":"514","color_2":"515","color_3":"0","product_description_old":null,"product_description":"K\u00e9sz\u00edts\u00e9tek el saj\u00e1t sz\u00f3javiasz gyerty\u00e1tokat!\n\nNincs m\u00e1s dolgod, mint felolvasztani az illatviaszt, illatos\u00edtani, el\u0151k\u00e9sz\u00edteni a t\u00e9gelyt, \u00e9s a kan\u00f3cot, \u00e9s m\u00e1r \u00f6nteheted is a gyerty\u00e1t.\n\nV\u00e1lassz az al\u00e1bbi illatok k\u00f6z\u00fcl, \u00e9s \u00e9n elk\u00fcld\u00f6k neked mindent, ami a sz\u00f3javiasz gyertya elk\u00e9sz\u00edt\u00e9s\u00e9hez sz\u00fcks\u00e9ges.\n\nInd\u00edtsd el a kedvenc relax\u00e1l\u00f3 zen\u00e9det, \u00e9s kezd\u0151dhet a kreat\u00edv  program egyed\u00fcl, vagy ak\u00e1r k\u00f6z\u00f6sen bar\u00e1tn\u0151ddel, \u00e9desany\u00e1ddal, szerelmeddel!\n\nA doboz tartalma:\n\n\u2022 sz\u00f3javiaszpehely \n\u2022 illatolaj \n\u2022 matrica (egyedi sz\u00f6veggel is k\u00e9rheted)\n\u20221\/ 2x barna t\u00e9gely (100 g-os gyerty\u00e1khoz)\n\u2022 kan\u00f3c\n\u2022 kan\u00f3c r\u00f6gz\u00edt\u0151 ragaszt\u00f3\n\u2022 kan\u00f3c t\u00e1masz\n\u2022 kever\u0151 p\u00e1lca\n\u2022 elk\u00e9sz\u00edt\u00e9si \u00fatmutat\u00f3\n\nIllatok:\nPumpkin spice\nVanilla \nTobacco and honey\nCozy christmas","price":"7800.00","unit":"db","recommended":"0","status":"1","sponsored":"0","exp_notify":"0","own_material":"0","own_material_description_old":null,"own_material_description":"","jury":"0","jury_number":"","product_nature":"","meskaracsony":"0","create_date":"2026-07-25 12:34:36","shelve_id":"0","image":"thelittlenote_product_701399_260826153655_366622.png","image_width":"480","image_height":"640","image_alt":"DIY sz\u00f3javiasz illatgyertya k\u00e9sz\u00edt\u0151 k\u00e9szlet , K\u00e9sz\u00edts\u00e9tek el saj\u00e1t sz\u00f3javiasz gyerty\u00e1tokat!\\n\\nNincs m\u00e1s dolgod, mint felolvasztani az illatviaszt, ..., Meska","image_title":"DIY sz\u00f3javiasz illatgyertya k\u00e9sz\u00edt\u0151 k\u00e9szlet , Meska","view_count":"474","favourite_count":"0","trending_score":"0","last2MonthFavouriteCount":"0","promotion":"0","giftcard_accept":"0","creditcard_accept":true,"enhanced_background":"0","domain":"meska","specific_customer_id":null,"specific_customer_name":null,"to_order_product":"0","to_order_product_time":"0","product_different":null,"product_different_description":"","vintage":"0","vintage_category_id":"0","recycled":"0","gemstone_id":"0","customizable":"0","type_category":"physical","zerowaste":"0","postage_price":"2599.00","shop_order":"0","has_category":"1","landing_pages":null,"microdata":{"number":4,"category":""},"title":"DIY sz\u00f3javiasz illatgyertya k\u00e9sz\u00edt\u0151 k\u00e9szlet ","description":"K\u00e9sz\u00edts\u00e9tek el saj\u00e1t sz\u00f3javiasz gyerty\u00e1tokat!\n\nNincs m\u00e1s dolgod, mint felolvasztani az illatviaszt, illatos\u00edtani, el\u0151k\u00e9sz\u00edteni a t\u00e9gelyt, \u00e9s a kan\u00f3cot, \u00e9s m\u00e1r \u00f6nteheted is a gyerty\u00e1t.\n\nV\u00e1lassz az al\u00e1bbi illatok k\u00f6z\u00fcl, \u00e9s \u00e9n elk\u00fcld\u00f6k neked mindent, ami a sz\u00f3javiasz gyertya elk\u00e9sz\u00edt\u00e9s\u00e9hez sz\u00fcks\u00e9ges.\n\nInd\u00edtsd el a kedvenc relax\u00e1l\u00f3 zen\u00e9det, \u00e9s kezd\u0151dhet a kreat\u00edv  program egyed\u00fcl, vagy ak\u00e1r k\u00f6z\u00f6sen bar\u00e1tn\u0151ddel, \u00e9desany\u00e1ddal, szerelmeddel!\n\nA doboz tartalma:\n\n\u2022 sz\u00f3javiaszpehely \n\u2022 illatolaj \n\u2022 matrica (egyedi sz\u00f6veggel is k\u00e9rheted)\n\u20221\/ 2x barna t\u00e9gely (100 g-os gyerty\u00e1khoz)\n\u2022 kan\u00f3c\n\u2022 kan\u00f3c r\u00f6gz\u00edt\u0151 ragaszt\u00f3\n\u2022 kan\u00f3c t\u00e1masz\n\u2022 kever\u0151 p\u00e1lca\n\u2022 elk\u00e9sz\u00edt\u00e9si \u00fatmutat\u00f3\n\nIllatok:\nPumpkin spice\nVanilla \nTobacco and honey\nCozy christmas","score":0,"formatted_price":"7 800 Ft","image_url":"https:\/\/www.meska.hu\/img\/product\/small\/t\/h\/thelittlenote_product_701399_260826153655_366622.png","formatted_url":"https:\/\/www.meska.hu\/p5503209-diy-paros-szojaviasz-gyertyakeszito-keszlet","favourite":false,"in_stock":true,"avatar":"701399_avatar_1754997967.png","delete_from":0,"is_enhanced_background":false,"is_enhanced":true,"enhanced_ribbon":"<img src=\"\/images\/brightness_brighter_20x20.png\" style=\"position: absolute; right: 13px; top: 7px;\">","enhanced_key":3,"is_key_2":false,"is_key_3":true,"is_key_4":false,"product_selection_started":false,"is_active":true,"image_webp_url":"https:\/\/www.meska.hu\/img\/product\/small\/t\/h\/thelittlenote_product_701399_260826153655_366622.webp"},{"id":"5292492","shop_id":"7876","user_id":"33134","shop_name":"Szinharmonia","shop_zip":"8800","product_code":"5263605","product_name_old":null,"product_name":"P\u00e9nz\u00e1tad\u00f3 - B\u0151r\u00f6nd n\u00e1sz\u00fatra (rusztikus)","category_string":"Esk\u00fcv\u0151, N\u00e1szaj\u00e1nd\u00e9k, Esk\u00fcv\u0151i p\u00e9nz\u00e1tad\u00f3 doboz","technic_string":"Festett t\u00e1rgyak, Gyertya-, m\u00e9csesk\u00e9sz\u00edt\u00e9s","category_1":"317","category_2":"729","category_3":"1522","category_4":"0","merged_category_1":null,"merged_category_2":null,"merged_category_3":null,"technic_1":"481","technic_2":"484","technic_3":"0","color_1":"514","color_2":"519","color_3":"520","product_description_old":null,"product_description":"\u2665 Esk\u00fcv\u0151re k\u00e9sz\u00fclsz? Adj egy b\u0151r\u00f6ndnyi ruh\u00e1t az Ifj\u00fa P\u00e1rnak, hogy legyen mit felvenni a n\u00e1sz\u00faton ;)\n\n\u2665 Az aj\u00e1nd\u00e9kba sz\u00e1nt p\u00e9nzt ezzel a vintage b\u0151r\u00f6nddel nem csak diszkr\u00e9ten tudod \u00e1tadni, de garant\u00e1ltan mosolyt csal majd az arcokra.\n\n\u2665 A kis b\u0151r\u00f6ndbe z\u00e1rva a p\u00e9nz biztos helyen van, nem kell agg\u00f3dnod, hogy elveszik vagy kiesik a lagzi alatt, \u00e9s mell\u00e9 m\u00e9g m\u00e1s apr\u00f3s\u00e1got, kincset vagy \u00fczenetet is belecsemp\u00e9szhetsz a dobozk\u00e1ba.\n\n\u2665 Visszafogott st\u00edlus, term\u00e9szetes harm\u00f3nia, f\u00e1ba z\u00e1rt szeretet...\n\n~~~~~~~~~~~~~~~~~~~~~~~~~~~~~~~~~~~~\n\nK\u00c9SZ\u00cdT\u00c9SE, ANYAGA, KIEG\u00c9SZ\u00cdT\u0150I:\n\nA f\u00e1b\u00f3l k\u00e9sz\u00fclt dobozt fap\u00e1ccal, k\u00e9zzel festett mot\u00edvumokkal, feliratokkal \u00e9s m\u00e1s egy\u00e9b eszk\u00f6z\u00f6kkel tettem rusztikus hangulat\u00fav\u00e1.\n\nA b\u0151r\u00f6nd f\u00e1b\u00f3l k\u00e9sz\u00fclt, ez\u00e1ltal id\u0151t\u00e1ll\u00f3 darab.\n\n~~~~~~~~~~~~~~~~~~~~~~~~~~~~~~~~~~~~\n\nPAP\u00cdRP\u00c9NZ:\n\n***A p\u00e9nz\u00e1tad\u00f3 b\u0151r\u00f6ndh\u00f6z NEM J\u00c1R az origami technik\u00e1val hajtogatott pap\u00edrp\u00e9nz!***\n\nRendel\u00e9s lead\u00e1sa eset\u00e9n elk\u00fcld\u00f6m a vide\u00f3k linkj\u00e9t a m\u00f3dszerr\u0151l, melyek alapj\u00e1n Te is k\u00f6nnyed\u00e9n el tudod k\u00e9sz\u00edteni \u0151ket, \u00edgy r\u00e9szese leszel a n\u00e1szaj\u00e1nd\u00e9k k\u00e9sz\u00edt\u00e9s\u00e9nek!\n\nTerm\u00e9szetesen, ha nem szeretn\u00e9l origamizni (pedig j\u00f3 m\u00f3ka!), a p\u00e9nzt \u00fagy is bele tudod tenni ak\u00e1r feltekerve vagy belefektetve, \u00e9s m\u00e9g m\u00e1s apr\u00f3s\u00e1got, \u00fczenetet is mell\u00e9 tudsz csemp\u00e9szni.\n\n~~~~~~~~~~~~~~~~~~~~~~~~~~~~~~~~~~~~\n\nEGYEDI FELIRAT:\n\nHogy m\u00e9g szem\u00e9lyesebb \u00e9s egyedibb legyen a p\u00e9nz\u00e1tad\u00f3 b\u0151r\u00f6nd\u00f6d, k\u00e9rhetsz hozz\u00e1 EGYEDI FELIRATOT is PAP\u00cdRBIL\u00c9T\u00c1RA nyomtatva (ld. 3. fot\u00f3n; nyomtatott nat\u00far pap\u00edr) plusz k\u00f6lts\u00e9gek n\u00e9lk\u00fcl \u00e9s az elk\u00e9sz\u00edt\u00e9si id\u0151 sem tol\u00f3dik el miatta.\n\nA b\u0151r\u00f6nd elej\u00e9n l\u00e9v\u0151 fekete FA T\u00c1BL\u00c1CSK\u00c1RA k\u00e9rheted a P\u00e1r MONOGRAMJ\u00c1T \u00e9s az esk\u00fcv\u0151j\u00fck D\u00c1TUM\u00c1T.\n\nA k\u00e9rt sz\u00f6veg hossz\u00e1t\u00f3l f\u00fcgg\u0151en a felirat st\u00edlusa, form\u00e1ja elt\u00e9rhet a k\u00e9peken l\u00e1tottakt\u00f3l.\n\n(Rendel\u00e9s lead\u00e1sakor a \"Megjegyz\u00e9s\" rovatba tudod majd meg\u00edrni a k\u00edv\u00e1nt sz\u00f6veget vagy ut\u00f3lag emailben elk\u00fcldeni.)\n\n~~~~~~~~~~~~~~~~~~~~~~~~~~~~~~~~~~~~\n\nM\u00c9RETEI:\n\n- hossza x m\u00e9lys\u00e9ge x magass\u00e1ga\n20 cm x 10 cm x 6 cm\n\n~~~~~~~~~~~~~~~~~~~~~~~~~~~~~~~~~~~~\n\n\u00c1POL\u00c1SA, KEZEL\u00c9SE:\n\nT\u00f6bb r\u00e9tegben lakkoztam mattf\u00e9ny\u0171, szagtalan, v\u00edzb\u00e1zis\u00fa (ember- \u00e9s k\u00f6rnyezetbar\u00e1t) lakkal, \u00edgy nedves ruh\u00e1val - \u00e1ztat\u00e1s \u00e9s d\u00f6rzs\u00f6l\u00e9s n\u00e9lk\u00fcl - tiszt\u00edthat\u00f3. Sz\u00e1raz helyen t\u00e1rod \u00e9s \u00f3vd a sug\u00e1rz\u00f3 h\u0151t\u0151l! Apr\u00f3 alkatr\u00e9szeket tartalmaz. A festett p\u00e9nz\u00e1tad\u00f3 b\u0151r\u00f6d a m\u0171helyemben k\u00e9sz\u00fclt, mely egy doh\u00e1nyf\u00fcstmentes kis kuck\u00f3.\n\n~~~~~~~~~~~~~~~~~~~~~~~~~~~~~~~~~~~~\n\nAz \u00e1r a festett dobozra vonatkozik. A fot\u00f3n szerepl\u0151 t\u00f6bbi t\u00e1rgy csak dekor\u00e1ci\u00f3.\n\nA sz\u00ednek elt\u00e9rhetnek a val\u00f3s\u00e1gban a monitor kijelz\u0151je miatt.\n\n~~~~~~~~~~~~~~~~~~~~~~~~~~~~~~~~~~~~","price":"8400.00","unit":"db","recommended":"0","status":"1","sponsored":"0","exp_notify":"0","own_material":"0","own_material_description_old":null,"own_material_description":"","jury":"0","jury_number":"","product_nature":"","meskaracsony":"0","create_date":"2026-09-02 07:28:48","shelve_id":"37176","image":"szinharmonia_product_33134_240830185339_123873.jpeg","image_width":"480","image_height":"480","image_alt":"P\u00e9nz\u00e1tad\u00f3 - B\u0151r\u00f6nd n\u00e1sz\u00fatra (rusztikus), \u2665 Esk\u00fcv\u0151re k\u00e9sz\u00fclsz? Adj egy b\u0151r\u00f6ndnyi ruh\u00e1t az Ifj\u00fa P\u00e1rnak, hogy legyen mit felvenni a n\u00e1sz\u00faton ;)\\n..., Meska","image_title":"P\u00e9nz\u00e1tad\u00f3 - B\u0151r\u00f6nd n\u00e1sz\u00fatra (rusztikus), Meska","view_count":"3203","favourite_count":"0","trending_score":"0","last2MonthFavouriteCount":"0","promotion":"0","giftcard_accept":"1","creditcard_accept":true,"enhanced_background":"0","domain":"meska","specific_customer_id":null,"specific_customer_name":null,"to_order_product":"1","to_order_product_time":"10","product_different":"quite_different","product_different_description":"Mivel k\u00e9zm\u0171ves term\u00e9kekkel foglalkozom, \u00edgy 100%-ban ugyanolyat nem tudok mindig k\u00e9sz\u00edteni, apr\u00f3 elt\u00e9r\u00e9sek lehetnek.","vintage":"0","vintage_category_id":"0","recycled":"0","gemstone_id":"0","customizable":"1","type_category":"physical","zerowaste":"0","postage_price":"1290.00","shop_order":"226","has_category":"1","landing_pages":null,"microdata":{"number":1,"category":""},"title":"P\u00e9nz\u00e1tad\u00f3 - B\u0151r\u00f6nd n\u00e1sz\u00fatra (rusztikus)","description":"\u2665 Esk\u00fcv\u0151re k\u00e9sz\u00fclsz? Adj egy b\u0151r\u00f6ndnyi ruh\u00e1t az Ifj\u00fa P\u00e1rnak, hogy legyen mit felvenni a n\u00e1sz\u00faton ;)\n\n\u2665 Az aj\u00e1nd\u00e9kba sz\u00e1nt p\u00e9nzt ezzel a vintage b\u0151r\u00f6nddel nem csak diszkr\u00e9ten tudod \u00e1tadni, de garant\u00e1ltan mosolyt csal majd az arcokra.\n\n\u2665 A kis b\u0151r\u00f6ndbe z\u00e1rva a p\u00e9nz biztos helyen van, nem kell agg\u00f3dnod, hogy elveszik vagy kiesik a lagzi alatt, \u00e9s mell\u00e9 m\u00e9g m\u00e1s apr\u00f3s\u00e1got, kincset vagy \u00fczenetet is belecsemp\u00e9szhetsz a dobozk\u00e1ba.\n\n\u2665 Visszafogott st\u00edlus, term\u00e9szetes harm\u00f3nia, f\u00e1ba z\u00e1rt szeretet...\n\n~~~~~~~~~~~~~~~~~~~~~~~~~~~~~~~~~~~~\n\nK\u00c9SZ\u00cdT\u00c9SE, ANYAGA, KIEG\u00c9SZ\u00cdT\u0150I:\n\nA f\u00e1b\u00f3l k\u00e9sz\u00fclt dobozt fap\u00e1ccal, k\u00e9zzel festett mot\u00edvumokkal, feliratokkal \u00e9s m\u00e1s egy\u00e9b eszk\u00f6z\u00f6kkel tettem rusztikus hangulat\u00fav\u00e1.\n\nA b\u0151r\u00f6nd f\u00e1b\u00f3l k\u00e9sz\u00fclt, ez\u00e1ltal id\u0151t\u00e1ll\u00f3 darab.\n\n~~~~~~~~~~~~~~~~~~~~~~~~~~~~~~~~~~~~\n\nPAP\u00cdRP\u00c9NZ:\n\n***A p\u00e9nz\u00e1tad\u00f3 b\u0151r\u00f6ndh\u00f6z NEM J\u00c1R az origami technik\u00e1val hajtogatott pap\u00edrp\u00e9nz!***\n\nRendel\u00e9s lead\u00e1sa eset\u00e9n elk\u00fcld\u00f6m a vide\u00f3k linkj\u00e9t a m\u00f3dszerr\u0151l, melyek alapj\u00e1n Te is k\u00f6nnyed\u00e9n el tudod k\u00e9sz\u00edteni \u0151ket, \u00edgy r\u00e9szese leszel a n\u00e1szaj\u00e1nd\u00e9k k\u00e9sz\u00edt\u00e9s\u00e9nek!\n\nTerm\u00e9szetesen, ha nem szeretn\u00e9l origamizni (pedig j\u00f3 m\u00f3ka!), a p\u00e9nzt \u00fagy is bele tudod tenni ak\u00e1r feltekerve vagy belefektetve, \u00e9s m\u00e9g m\u00e1s apr\u00f3s\u00e1got, \u00fczenetet is mell\u00e9 tudsz csemp\u00e9szni.\n\n~~~~~~~~~~~~~~~~~~~~~~~~~~~~~~~~~~~~\n\nEGYEDI FELIRAT:\n\nHogy m\u00e9g szem\u00e9lyesebb \u00e9s egyedibb legyen a p\u00e9nz\u00e1tad\u00f3 b\u0151r\u00f6nd\u00f6d, k\u00e9rhetsz hozz\u00e1 EGYEDI FELIRATOT is PAP\u00cdRBIL\u00c9T\u00c1RA nyomtatva (ld. 3. fot\u00f3n; nyomtatott nat\u00far pap\u00edr) plusz k\u00f6lts\u00e9gek n\u00e9lk\u00fcl \u00e9s az elk\u00e9sz\u00edt\u00e9si id\u0151 sem tol\u00f3dik el miatta.\n\nA b\u0151r\u00f6nd elej\u00e9n l\u00e9v\u0151 fekete FA T\u00c1BL\u00c1CSK\u00c1RA k\u00e9rheted a P\u00e1r MONOGRAMJ\u00c1T \u00e9s az esk\u00fcv\u0151j\u00fck D\u00c1TUM\u00c1T.\n\nA k\u00e9rt sz\u00f6veg hossz\u00e1t\u00f3l f\u00fcgg\u0151en a felirat st\u00edlusa, form\u00e1ja elt\u00e9rhet a k\u00e9peken l\u00e1tottakt\u00f3l.\n\n(Rendel\u00e9s lead\u00e1sakor a \"Megjegyz\u00e9s\" rovatba tudod majd meg\u00edrni a k\u00edv\u00e1nt sz\u00f6veget vagy ut\u00f3lag emailben elk\u00fcldeni.)\n\n~~~~~~~~~~~~~~~~~~~~~~~~~~~~~~~~~~~~\n\nM\u00c9RETEI:\n\n- hossza x m\u00e9lys\u00e9ge x magass\u00e1ga\n20 cm x 10 cm x 6 cm\n\n~~~~~~~~~~~~~~~~~~~~~~~~~~~~~~~~~~~~\n\n\u00c1POL\u00c1SA, KEZEL\u00c9SE:\n\nT\u00f6bb r\u00e9tegben lakkoztam mattf\u00e9ny\u0171, szagtalan, v\u00edzb\u00e1zis\u00fa (ember- \u00e9s k\u00f6rnyezetbar\u00e1t) lakkal, \u00edgy nedves ruh\u00e1val - \u00e1ztat\u00e1s \u00e9s d\u00f6rzs\u00f6l\u00e9s n\u00e9lk\u00fcl - tiszt\u00edthat\u00f3. Sz\u00e1raz helyen t\u00e1rod \u00e9s \u00f3vd a sug\u00e1rz\u00f3 h\u0151t\u0151l! Apr\u00f3 alkatr\u00e9szeket tartalmaz. A festett p\u00e9nz\u00e1tad\u00f3 b\u0151r\u00f6d a m\u0171helyemben k\u00e9sz\u00fclt, mely egy doh\u00e1nyf\u00fcstmentes kis kuck\u00f3.\n\n~~~~~~~~~~~~~~~~~~~~~~~~~~~~~~~~~~~~\n\nAz \u00e1r a festett dobozra vonatkozik. A fot\u00f3n szerepl\u0151 t\u00f6bbi t\u00e1rgy csak dekor\u00e1ci\u00f3.\n\nA sz\u00ednek elt\u00e9rhetnek a val\u00f3s\u00e1gban a monitor kijelz\u0151je miatt.\n\n~~~~~~~~~~~~~~~~~~~~~~~~~~~~~~~~~~~~","score":0,"formatted_price":"8 400 Ft","image_url":"https:\/\/www.meska.hu\/img\/product\/small\/s\/z\/szinharmonia_product_33134_240830185339_123873.jpeg","formatted_url":"https:\/\/www.meska.hu\/p5263605-penzatado-borond-naszutra-rusztikus","favourite":false,"in_stock":false,"avatar":"szinharmonia_avatar_33134_1650530121.jpg","delete_from":0,"is_enhanced_background":false,"is_enhanced":false,"product_selection_started":false,"is_active":true,"image_webp_url":"https:\/\/www.meska.hu\/img\/product\/small\/s\/z\/szinharmonia_product_33134_240830185339_123873.webp"},{"id":"6351785","shop_id":"53392","user_id":"806081","shop_name":"moonpages","shop_zip":"7632","product_code":"5864126","product_name_old":null,"product_name":"\u0150szi bagoly gyertya \u2013 k\u00e9zm\u0171ves sz\u00f3javiasz dekor\u00e1ci\u00f3","category_string":"Otthon & \u00c9letm\u00f3d, Gyertya, illat, aroma, Gyertya","technic_string":"Gyertya-, m\u00e9csesk\u00e9sz\u00edt\u00e9s","category_1":"813","category_2":"415","category_3":"1388","category_4":"0","merged_category_1":null,"merged_category_2":null,"merged_category_3":null,"technic_1":"484","technic_2":"0","technic_3":"0","color_1":"514","color_2":"0","color_3":"0","product_description_old":null,"product_description":"Ez a r\u00e9szletgazdag, bagoly form\u00e1j\u00fa gyertya igaz\u00e1n hangulatos kieg\u00e9sz\u00edt\u0151je az \u0151szi otthonnak. Meleg barna \u00e1rnyalata \u00e9s kedves megjelen\u00e9se meghitt, term\u00e9szetk\u00f6zeli hangulatot teremt.\n\nPolcon, asztalon vagy egy \u0151szi dekor\u00e1ci\u00f3 r\u00e9szek\u00e9nt is gy\u00f6ny\u00f6r\u0171en mutat. Bagolykedvel\u0151knek, pedag\u00f3gusoknak, k\u00f6nyvrajong\u00f3knak \u00e9s a k\u00fcl\u00f6nleges k\u00e9zm\u0171ves aj\u00e1nd\u00e9kok szerelmeseinek is remek v\u00e1laszt\u00e1s.\n\nA gyertya k\u00e9zzel, sz\u00f3javiaszb\u00f3l k\u00e9sz\u00fcl, ez\u00e9rt minden darab apr\u00f3 r\u00e9szleteiben elt\u00e9rhet a k\u00e9pen l\u00e1that\u00f3t\u00f3l. Els\u0151sorban dekor\u00e1ci\u00f3s c\u00e9lra aj\u00e1nlott, de meggy\u00fajthat\u00f3. \u00c9g\u00e9s k\u00f6zben mindig h\u0151\u00e1ll\u00f3 al\u00e1t\u00e9ten haszn\u00e1ld, \u00e9s soha ne hagyd fel\u00fcgyelet n\u00e9lk\u00fcl.","price":"4990.00","unit":"db","recommended":"0","status":"1","sponsored":"0","exp_notify":"0","own_material":"0","own_material_description_old":null,"own_material_description":"","jury":"0","jury_number":"","product_nature":"","meskaracsony":"0","create_date":"2026-09-02 00:00:27","shelve_id":"0","image":"moonpages_product_806081_260901235526_310649.png","image_width":"480","image_height":"480","image_alt":"\u0150szi bagoly gyertya \u2013 k\u00e9zm\u0171ves sz\u00f3javiasz dekor\u00e1ci\u00f3, Ez a r\u00e9szletgazdag, bagoly form\u00e1j\u00fa gyertya igaz\u00e1n hangulatos kieg\u00e9sz\u00edt\u0151je az \u0151szi otthonnak. Meleg b..., Meska","image_title":"\u0150szi bagoly gyertya \u2013 k\u00e9zm\u0171ves sz\u00f3javiasz dekor\u00e1ci\u00f3, Meska","view_count":"8","favourite_count":"0","trending_score":"0","last2MonthFavouriteCount":"0","promotion":"0","giftcard_accept":"0","creditcard_accept":false,"enhanced_background":"0","domain":"meska","specific_customer_id":null,"specific_customer_name":null,"to_order_product":"1","to_order_product_time":"3","product_different":null,"product_different_description":"","vintage":"0","vintage_category_id":"0","recycled":"0","gemstone_id":"0","customizable":"0","type_category":"physical","zerowaste":"0","postage_price":"2390.00","shop_order":"0","has_category":"1","landing_pages":null,"microdata":{"number":2,"category":""},"title":"\u0150szi bagoly gyertya \u2013 k\u00e9zm\u0171ves sz\u00f3javiasz dekor\u00e1ci\u00f3","description":"Ez a r\u00e9szletgazdag, bagoly form\u00e1j\u00fa gyertya igaz\u00e1n hangulatos kieg\u00e9sz\u00edt\u0151je az \u0151szi otthonnak. Meleg barna \u00e1rnyalata \u00e9s kedves megjelen\u00e9se meghitt, term\u00e9szetk\u00f6zeli hangulatot teremt.\n\nPolcon, asztalon vagy egy \u0151szi dekor\u00e1ci\u00f3 r\u00e9szek\u00e9nt is gy\u00f6ny\u00f6r\u0171en mutat. Bagolykedvel\u0151knek, pedag\u00f3gusoknak, k\u00f6nyvrajong\u00f3knak \u00e9s a k\u00fcl\u00f6nleges k\u00e9zm\u0171ves aj\u00e1nd\u00e9kok szerelmeseinek is remek v\u00e1laszt\u00e1s.\n\nA gyertya k\u00e9zzel, sz\u00f3javiaszb\u00f3l k\u00e9sz\u00fcl, ez\u00e9rt minden darab apr\u00f3 r\u00e9szleteiben elt\u00e9rhet a k\u00e9pen l\u00e1that\u00f3t\u00f3l. Els\u0151sorban dekor\u00e1ci\u00f3s c\u00e9lra aj\u00e1nlott, de meggy\u00fajthat\u00f3. \u00c9g\u00e9s k\u00f6zben mindig h\u0151\u00e1ll\u00f3 al\u00e1t\u00e9ten haszn\u00e1ld, \u00e9s soha ne hagyd fel\u00fcgyelet n\u00e9lk\u00fcl.","score":0,"formatted_price":"4 990 Ft","image_url":"https:\/\/www.meska.hu\/img\/product\/small\/m\/o\/moonpages_product_806081_260901235526_310649.png","formatted_url":"https:\/\/www.meska.hu\/p5864126-oszi-bagoly-gyertya-kezmuves-szojaviasz-dekoracio","favourite":false,"in_stock":false,"avatar":"806081_avatar_1784414301.png","delete_from":0,"is_enhanced_background":false,"is_enhanced":false,"product_selection_started":false,"is_active":true,"image_webp_url":"https:\/\/www.meska.hu\/img\/product\/small\/m\/o\/moonpages_product_806081_260901235526_310649.webp"},{"id":"6351783","shop_id":"53392","user_id":"806081","shop_name":"moonpages","shop_zip":"7632","product_code":"5864125","product_name_old":null,"product_name":"Kasm\u00edr erd\u0151 gyertya- \u00e9s illatviasz-aj\u00e1nd\u00e9kbox","category_string":"Otthon & \u00c9letm\u00f3d, Gyertya, illat, aroma, Gyertya","technic_string":"Gyertya-, m\u00e9csesk\u00e9sz\u00edt\u00e9s","category_1":"813","category_2":"415","category_3":"1388","category_4":"0","merged_category_1":null,"merged_category_2":null,"merged_category_3":null,"technic_1":"484","technic_2":"0","technic_3":"0","color_1":"514","color_2":"519","color_3":"529","product_description_old":null,"product_description":"Eleg\u00e1ns, letisztult aj\u00e1nd\u00e9kbox a term\u00e9szetes, f\u00e1s illatok kedvel\u0151inek. A nat\u00far doboz egy feh\u00e9r, \u00fcveges sz\u00f3jagyerty\u00e1t \u00e9s egy csomag lev\u00e9l, vir\u00e1g \u00e9s toboz form\u00e1j\u00fa illatviaszt tartalmaz, egys\u00e9ges Kasm\u00edr erd\u0151 illatban.\n\nA kellemesen meleg, f\u00e1s illat meghitt, nyugodt hangulatot teremt az otthonban. A b\u00e9zs t\u00e9rkit\u00f6lt\u0151vel \u00e9s s\u00f6t\u00e9tz\u00f6ld szalaggal d\u00edsz\u00edtett \u00f6ssze\u00e1ll\u00edt\u00e1s azonnal aj\u00e1nd\u00e9kozhat\u00f3.\n\nA csomag tartalma:\n\n* 1 db feh\u00e9r, \u00fcveges sz\u00f3jagyertya \u2013 Kasm\u00edr erd\u0151 illattal\n* 1 csomag k\u00e9zzel k\u00e9sz\u00fclt illatviasz \u2013 Kasm\u00edr erd\u0151 illattal\n\nT\u00f6k\u00e9letes v\u00e1laszt\u00e1s sz\u00fclet\u00e9snapra, n\u00e9vnapra, h\u00e1zavat\u00f3ra, k\u00f6sz\u00f6netaj\u00e1nd\u00e9knak vagy egy nyugodt, bekuck\u00f3z\u00f3s est\u00e9hez.\n\nMinden darab k\u00e9zzel k\u00e9sz\u00fcl, ez\u00e9rt sz\u00edn\u00e9ben \u00e9s form\u00e1j\u00e1ban kisebb elt\u00e9r\u00e9sek el\u0151fordulhatnak.\n\nA rendel\u00e9s a fizet\u00e9s be\u00e9rkez\u00e9se ut\u00e1n v\u00e1lik v\u00e9glegess\u00e9. Fizet\u00e9si hat\u00e1rid\u0151: 1 nap.","price":"6990.00","unit":"db","recommended":"0","status":"1","sponsored":"0","exp_notify":"0","own_material":"0","own_material_description_old":null,"own_material_description":"","jury":"0","jury_number":"","product_nature":"","meskaracsony":"0","create_date":"2026-09-01 23:46:42","shelve_id":"0","image":"moonpages_product_806081_260901234343_206216.png","image_width":"480","image_height":"480","image_alt":"Kasm\u00edr erd\u0151 gyertya- \u00e9s illatviasz-aj\u00e1nd\u00e9kbox, Eleg\u00e1ns, letisztult aj\u00e1nd\u00e9kbox a term\u00e9szetes, f\u00e1s illatok kedvel\u0151inek. A nat\u00far doboz egy feh\u00e9r, \u00fcveg..., Meska","image_title":"Kasm\u00edr erd\u0151 gyertya- \u00e9s illatviasz-aj\u00e1nd\u00e9kbox, Meska","view_count":"14","favourite_count":"0","trending_score":"0","last2MonthFavouriteCount":"0","promotion":"0","giftcard_accept":"0","creditcard_accept":false,"enhanced_background":"0","domain":"meska","specific_customer_id":null,"specific_customer_name":null,"to_order_product":"1","to_order_product_time":"2","product_different":null,"product_different_description":"","vintage":"0","vintage_category_id":"0","recycled":"0","gemstone_id":"0","customizable":"0","type_category":"physical","zerowaste":"0","postage_price":"2390.00","shop_order":"0","has_category":"1","landing_pages":null,"microdata":{"number":3,"category":""},"title":"Kasm\u00edr erd\u0151 gyertya- \u00e9s illatviasz-aj\u00e1nd\u00e9kbox","description":"Eleg\u00e1ns, letisztult aj\u00e1nd\u00e9kbox a term\u00e9szetes, f\u00e1s illatok kedvel\u0151inek. A nat\u00far doboz egy feh\u00e9r, \u00fcveges sz\u00f3jagyerty\u00e1t \u00e9s egy csomag lev\u00e9l, vir\u00e1g \u00e9s toboz form\u00e1j\u00fa illatviaszt tartalmaz, egys\u00e9ges Kasm\u00edr erd\u0151 illatban.\n\nA kellemesen meleg, f\u00e1s illat meghitt, nyugodt hangulatot teremt az otthonban. A b\u00e9zs t\u00e9rkit\u00f6lt\u0151vel \u00e9s s\u00f6t\u00e9tz\u00f6ld szalaggal d\u00edsz\u00edtett \u00f6ssze\u00e1ll\u00edt\u00e1s azonnal aj\u00e1nd\u00e9kozhat\u00f3.\n\nA csomag tartalma:\n\n* 1 db feh\u00e9r, \u00fcveges sz\u00f3jagyertya \u2013 Kasm\u00edr erd\u0151 illattal\n* 1 csomag k\u00e9zzel k\u00e9sz\u00fclt illatviasz \u2013 Kasm\u00edr erd\u0151 illattal\n\nT\u00f6k\u00e9letes v\u00e1laszt\u00e1s sz\u00fclet\u00e9snapra, n\u00e9vnapra, h\u00e1zavat\u00f3ra, k\u00f6sz\u00f6netaj\u00e1nd\u00e9knak vagy egy nyugodt, bekuck\u00f3z\u00f3s est\u00e9hez.\n\nMinden darab k\u00e9zzel k\u00e9sz\u00fcl, ez\u00e9rt sz\u00edn\u00e9ben \u00e9s form\u00e1j\u00e1ban kisebb elt\u00e9r\u00e9sek el\u0151fordulhatnak.\n\nA rendel\u00e9s a fizet\u00e9s be\u00e9rkez\u00e9se ut\u00e1n v\u00e1lik v\u00e9glegess\u00e9. Fizet\u00e9si hat\u00e1rid\u0151: 1 nap.","score":0,"formatted_price":"6 990 Ft","image_url":"https:\/\/www.meska.hu\/img\/product\/small\/m\/o\/moonpages_product_806081_260901234343_206216.png","formatted_url":"https:\/\/www.meska.hu\/p5864125-kasmir-erdo-gyertya-es-illatviasz-ajandekbox","favourite":false,"in_stock":false,"avatar":"806081_avatar_1784414301.png","delete_from":0,"is_enhanced_background":false,"is_enhanced":false,"product_selection_started":false,"is_active":true,"image_webp_url":"https:\/\/www.meska.hu\/img\/product\/small\/m\/o\/moonpages_product_806081_260901234343_206216.webp"},{"id":"6351781","shop_id":"53392","user_id":"806081","shop_name":"moonpages","shop_zip":"7632","product_code":"5864123","product_name_old":null,"product_name":"\u0150szi t\u00f6kgyerty\u00e1s aj\u00e1nd\u00e9kbox illatviasszal","category_string":"Otthon & \u00c9letm\u00f3d, Gyertya, illat, aroma, Gyertya","technic_string":"Gyertya-, m\u00e9csesk\u00e9sz\u00edt\u00e9s","category_1":"813","category_2":"415","category_3":"1388","category_4":"0","merged_category_1":null,"merged_category_2":null,"merged_category_3":null,"technic_1":"484","technic_2":"0","technic_3":"0","color_1":"514","color_2":"519","color_3":"568","product_description_old":null,"product_description":"Meghitt \u0151szi hangulat\u00fa, k\u00e9zzel \u00f6ssze\u00e1ll\u00edtott aj\u00e1nd\u00e9kbox, amely t\u00f6k\u00e9letes v\u00e1laszt\u00e1s a h\u0171v\u00f6sebb napokra.\n\nA doboz tartalma:\n\n* 1 db borosty\u00e1nsz\u00edn\u0171 \u00fcveges gyertya \u2013 fah\u00e9jas narancs illattal\n* 1 db t\u00f6k alak\u00fa gyertya \u2013 s\u00fct\u0151t\u00f6k\u00f6s pite illattal\n* Falev\u00e9l \u00e9s makk form\u00e1j\u00fa illatviaszok \u2013 van\u00edlia\u2013fah\u00e9j illattal\n\nA fah\u00e9jr\u00faddal, sz\u00e1r\u00edtott narancskarik\u00e1val \u00e9s nat\u00far t\u00e9rkit\u00f6lt\u0151vel d\u00edsz\u00edtett \u00f6ssze\u00e1ll\u00edt\u00e1s eleg\u00e1ns, azonnal aj\u00e1nd\u00e9kozhat\u00f3 form\u00e1ban \u00e9rkezik. Kiv\u00e1l\u00f3 meglepet\u00e9s sz\u00fclet\u00e9snapra, n\u00e9vnapra, h\u00e1zavat\u00f3ra vagy egy meghitt, bekuck\u00f3z\u00f3s \u0151szi est\u00e9hez.\n\nMinden darab k\u00e9zzel k\u00e9sz\u00fcl, ez\u00e9rt a term\u00e9kek sz\u00edn\u00e9ben \u00e9s elrendez\u00e9s\u00e9ben kisebb elt\u00e9r\u00e9sek el\u0151fordulhatnak. A t\u00f6kgyerty\u00e1t kiz\u00e1r\u00f3lag h\u0151\u00e1ll\u00f3 al\u00e1t\u00e9ten szabad meggy\u00fajtani.\n\nA rendel\u00e9s a fizet\u00e9s be\u00e9rkez\u00e9se ut\u00e1n v\u00e1lik v\u00e9glegess\u00e9. Fizet\u00e9si hat\u00e1rid\u0151: 1 nap.","price":"8990.00","unit":"db","recommended":"0","status":"1","sponsored":"0","exp_notify":"0","own_material":"0","own_material_description_old":null,"own_material_description":"","jury":"0","jury_number":"","product_nature":"","meskaracsony":"0","create_date":"2026-09-01 23:40:45","shelve_id":"0","image":"moonpages_product_806081_260901233704_582174.png","image_width":"480","image_height":"480","image_alt":"\u0150szi t\u00f6kgyerty\u00e1s aj\u00e1nd\u00e9kbox illatviasszal, Meghitt \u0151szi hangulat\u00fa, k\u00e9zzel \u00f6ssze\u00e1ll\u00edtott aj\u00e1nd\u00e9kbox, amely t\u00f6k\u00e9letes v\u00e1laszt\u00e1s a h\u0171v\u00f6sebb napokr..., Meska","image_title":"\u0150szi t\u00f6kgyerty\u00e1s aj\u00e1nd\u00e9kbox illatviasszal, Meska","view_count":"13","favourite_count":"0","trending_score":"0","last2MonthFavouriteCount":"0","promotion":"0","giftcard_accept":"0","creditcard_accept":false,"enhanced_background":"0","domain":"meska","specific_customer_id":null,"specific_customer_name":null,"to_order_product":"0","to_order_product_time":"0","product_different":null,"product_different_description":"","vintage":"0","vintage_category_id":"0","recycled":"0","gemstone_id":"0","customizable":"0","type_category":"physical","zerowaste":"0","postage_price":"2390.00","shop_order":"0","has_category":"1","landing_pages":null,"microdata":{"number":4,"category":""},"title":"\u0150szi t\u00f6kgyerty\u00e1s aj\u00e1nd\u00e9kbox illatviasszal","description":"Meghitt \u0151szi hangulat\u00fa, k\u00e9zzel \u00f6ssze\u00e1ll\u00edtott aj\u00e1nd\u00e9kbox, amely t\u00f6k\u00e9letes v\u00e1laszt\u00e1s a h\u0171v\u00f6sebb napokra.\n\nA doboz tartalma:\n\n* 1 db borosty\u00e1nsz\u00edn\u0171 \u00fcveges gyertya \u2013 fah\u00e9jas narancs illattal\n* 1 db t\u00f6k alak\u00fa gyertya \u2013 s\u00fct\u0151t\u00f6k\u00f6s pite illattal\n* Falev\u00e9l \u00e9s makk form\u00e1j\u00fa illatviaszok \u2013 van\u00edlia\u2013fah\u00e9j illattal\n\nA fah\u00e9jr\u00faddal, sz\u00e1r\u00edtott narancskarik\u00e1val \u00e9s nat\u00far t\u00e9rkit\u00f6lt\u0151vel d\u00edsz\u00edtett \u00f6ssze\u00e1ll\u00edt\u00e1s eleg\u00e1ns, azonnal aj\u00e1nd\u00e9kozhat\u00f3 form\u00e1ban \u00e9rkezik. Kiv\u00e1l\u00f3 meglepet\u00e9s sz\u00fclet\u00e9snapra, n\u00e9vnapra, h\u00e1zavat\u00f3ra vagy egy meghitt, bekuck\u00f3z\u00f3s \u0151szi est\u00e9hez.\n\nMinden darab k\u00e9zzel k\u00e9sz\u00fcl, ez\u00e9rt a term\u00e9kek sz\u00edn\u00e9ben \u00e9s elrendez\u00e9s\u00e9ben kisebb elt\u00e9r\u00e9sek el\u0151fordulhatnak. A t\u00f6kgyerty\u00e1t kiz\u00e1r\u00f3lag h\u0151\u00e1ll\u00f3 al\u00e1t\u00e9ten szabad meggy\u00fajtani.\n\nA rendel\u00e9s a fizet\u00e9s be\u00e9rkez\u00e9se ut\u00e1n v\u00e1lik v\u00e9glegess\u00e9. Fizet\u00e9si hat\u00e1rid\u0151: 1 nap.","score":0,"formatted_price":"8 990 Ft","image_url":"https:\/\/www.meska.hu\/img\/product\/small\/m\/o\/moonpages_product_806081_260901233704_582174.png","formatted_url":"https:\/\/www.meska.hu\/p5864123-oszi-tokgyertyas-ajandekbox-illatviasszal","favourite":false,"in_stock":true,"avatar":"806081_avatar_1784414301.png","delete_from":0,"is_enhanced_background":false,"is_enhanced":false,"product_selection_started":false,"is_active":true,"image_webp_url":"https:\/\/www.meska.hu\/img\/product\/small\/m\/o\/moonpages_product_806081_260901233704_582174.webp"},{"id":"6351780","shop_id":"53392","user_id":"806081","shop_name":"moonpages","shop_zip":"7632","product_code":"5864122","product_name_old":null,"product_name":"\u0150szi gyertya aj\u00e1nd\u00e9kbox illatviasszal","category_string":"Otthon & \u00c9letm\u00f3d, Gyertya, illat, aroma, Gyertya","technic_string":"Gyertya-, m\u00e9csesk\u00e9sz\u00edt\u00e9s","category_1":"813","category_2":"415","category_3":"1388","category_4":"0","merged_category_1":null,"merged_category_2":null,"merged_category_3":null,"technic_1":"484","technic_2":"0","technic_3":"0","color_1":"514","color_2":"519","color_3":"568","product_description_old":null,"product_description":"Meghitt \u0151szi hangulat egyetlen aj\u00e1nd\u00e9kdobozba z\u00e1rva. A box egy nagyobb, narancss\u00e1rga \u00fcveges gyerty\u00e1t, egy kisebb, t\u00f6rtfeh\u00e9r \u00fcveges gyerty\u00e1t, valamint t\u00f6k \u00e9s falev\u00e9l form\u00e1j\u00fa illatviaszokat tartalmaz.\n\nA nat\u00far aj\u00e1nd\u00e9kdobozt b\u00e9zs \u00e9s narancss\u00e1rga t\u00e9rkit\u00f6lt\u0151vel, valamint eleg\u00e1ns szalaggal d\u00edsz\u00edtj\u00fck, \u00edgy azonnal aj\u00e1nd\u00e9kozhat\u00f3. T\u00f6k\u00e9letes v\u00e1laszt\u00e1s sz\u00fclet\u00e9snapra, n\u00e9vnapra, h\u00e1zavat\u00f3ra, k\u00f6sz\u00f6netaj\u00e1nd\u00e9knak vagy egy kellemes, bekuck\u00f3z\u00f3s \u0151szi est\u00e9hez.\n\nIllatok:\n\n* Narancss\u00e1rga gyertya: s\u00fct\u0151t\u00f6k\u00f6s pite\n* T\u00f6rtfeh\u00e9r gyertya: van\u00edlia\n* T\u00f6k \u00e9s falev\u00e9l alak\u00fa illatviaszok: van\u00edlia\u2013narancs \ud83c\udf42\n\nA gyerty\u00e1k \u00e9s az illatviaszok k\u00e9zzel k\u00e9sz\u00fclnek, ez\u00e9rt sz\u00edn\u00fckben \u00e9s form\u00e1jukban kisebb elt\u00e9r\u00e9sek el\u0151fordulhatnak.\n\nA rendel\u00e9s a fizet\u00e9s be\u00e9rkez\u00e9se ut\u00e1n v\u00e1lik v\u00e9glegess\u00e9. Fizet\u00e9si hat\u00e1rid\u0151: 1 nap.","price":"8990.00","unit":"db","recommended":"0","status":"1","sponsored":"0","exp_notify":"0","own_material":"0","own_material_description_old":null,"own_material_description":"","jury":"0","jury_number":"","product_nature":"","meskaracsony":"0","create_date":"2026-09-01 23:34:45","shelve_id":"0","image":"moonpages_product_806081_260901233033_64282.png","image_width":"480","image_height":"480","image_alt":"\u0150szi gyertya aj\u00e1nd\u00e9kbox illatviasszal, Meghitt \u0151szi hangulat egyetlen aj\u00e1nd\u00e9kdobozba z\u00e1rva. A box egy nagyobb, narancss\u00e1rga \u00fcveges gyerty\u00e1t..., Meska","image_title":"\u0150szi gyertya aj\u00e1nd\u00e9kbox illatviasszal, Meska","view_count":"9","favourite_count":"0","trending_score":"0","last2MonthFavouriteCount":"0","promotion":"0","giftcard_accept":"0","creditcard_accept":false,"enhanced_background":"0","domain":"meska","specific_customer_id":null,"specific_customer_name":null,"to_order_product":"0","to_order_product_time":"0","product_different":null,"product_different_description":"","vintage":"0","vintage_category_id":"0","recycled":"0","gemstone_id":"0","customizable":"0","type_category":"physical","zerowaste":"0","postage_price":"2390.00","shop_order":"0","has_category":"1","landing_pages":null,"microdata":{"number":5,"category":""},"title":"\u0150szi gyertya aj\u00e1nd\u00e9kbox illatviasszal","description":"Meghitt \u0151szi hangulat egyetlen aj\u00e1nd\u00e9kdobozba z\u00e1rva. A box egy nagyobb, narancss\u00e1rga \u00fcveges gyerty\u00e1t, egy kisebb, t\u00f6rtfeh\u00e9r \u00fcveges gyerty\u00e1t, valamint t\u00f6k \u00e9s falev\u00e9l form\u00e1j\u00fa illatviaszokat tartalmaz.\n\nA nat\u00far aj\u00e1nd\u00e9kdobozt b\u00e9zs \u00e9s narancss\u00e1rga t\u00e9rkit\u00f6lt\u0151vel, valamint eleg\u00e1ns szalaggal d\u00edsz\u00edtj\u00fck, \u00edgy azonnal aj\u00e1nd\u00e9kozhat\u00f3. T\u00f6k\u00e9letes v\u00e1laszt\u00e1s sz\u00fclet\u00e9snapra, n\u00e9vnapra, h\u00e1zavat\u00f3ra, k\u00f6sz\u00f6netaj\u00e1nd\u00e9knak vagy egy kellemes, bekuck\u00f3z\u00f3s \u0151szi est\u00e9hez.\n\nIllatok:\n\n* Narancss\u00e1rga gyertya: s\u00fct\u0151t\u00f6k\u00f6s pite\n* T\u00f6rtfeh\u00e9r gyertya: van\u00edlia\n* T\u00f6k \u00e9s falev\u00e9l alak\u00fa illatviaszok: van\u00edlia\u2013narancs \ud83c\udf42\n\nA gyerty\u00e1k \u00e9s az illatviaszok k\u00e9zzel k\u00e9sz\u00fclnek, ez\u00e9rt sz\u00edn\u00fckben \u00e9s form\u00e1jukban kisebb elt\u00e9r\u00e9sek el\u0151fordulhatnak.\n\nA rendel\u00e9s a fizet\u00e9s be\u00e9rkez\u00e9se ut\u00e1n v\u00e1lik v\u00e9glegess\u00e9. Fizet\u00e9si hat\u00e1rid\u0151: 1 nap.","score":0,"formatted_price":"8 990 Ft","image_url":"https:\/\/www.meska.hu\/img\/product\/small\/m\/o\/moonpages_product_806081_260901233033_64282.png","formatted_url":"https:\/\/www.meska.hu\/p5864122-oszi-gyertya-ajandekbox-illatviasszal","favourite":false,"in_stock":true,"avatar":"806081_avatar_1784414301.png","delete_from":0,"is_enhanced_background":false,"is_enhanced":false,"product_selection_started":false,"is_active":true,"image_webp_url":"https:\/\/www.meska.hu\/img\/product\/small\/m\/o\/moonpages_product_806081_260901233033_64282.webp"},{"id":"6351668","shop_id":"53392","user_id":"806081","shop_name":"moonpages","shop_zip":"7632","product_code":"5864097","product_name_old":null,"product_name":"R\u00f3zsasz\u00edn \u00e1lom \u2013 8 darabos k\u00e9zm\u0171ves gyertya-aj\u00e1nd\u00e9kdoboz","category_string":"Otthon & \u00c9letm\u00f3d, Gyertya, illat, aroma, Gyertya","technic_string":"Gyertya-, m\u00e9csesk\u00e9sz\u00edt\u00e9s","category_1":"813","category_2":"415","category_3":"1388","category_4":"0","merged_category_1":null,"merged_category_2":null,"merged_category_3":null,"technic_1":"484","technic_2":"0","technic_3":"0","color_1":"519","color_2":"525","color_3":"0","product_description_old":null,"product_description":"Eleg\u00e1ns, n\u0151ies aj\u00e1nd\u00e9kdoboz r\u00f3zsasz\u00edn \u00e9s kr\u00e9mfeh\u00e9r, k\u00e9zzel \u00f6nt\u00f6tt sz\u00f3javiasz gyerty\u00e1kkal. A doboz hat mini bubble gyerty\u00e1t \u00e9s k\u00e9t r\u00e9szletgazdag bazsar\u00f3zsa form\u00e1j\u00fa gyerty\u00e1t tartalmaz, harmonikus \u00f6ssze\u00e1ll\u00edt\u00e1sban.\n\nT\u00f6k\u00e9letes aj\u00e1nd\u00e9k sz\u00fclet\u00e9snapra, n\u00e9vnapra, any\u00e1k napj\u00e1ra vagy egyszer\u0171en egy kedves meglepet\u00e9sk\u00e9nt. A gyerty\u00e1k k\u00e9zzel k\u00e9sz\u00fclnek, ez\u00e9rt sz\u00edn\u00fckben \u00e9s fel\u00fclet\u00fckben apr\u00f3 elt\u00e9r\u00e9sek el\u0151fordulhatnak \u2013 ett\u0151l lesz minden doboz igaz\u00e1n egyedi. \ud83c\udf38\n\nA term\u00e9k dekor\u00e1ci\u00f3s c\u00e9lra \u00e9s rendeltet\u00e9sszer\u0171 gyertyahaszn\u00e1latra egyar\u00e1nt alkalmas. \u00c9g\u0151 gyerty\u00e1t soha ne hagyj fel\u00fcgyelet n\u00e9lk\u00fcl!","price":"4990.00","unit":"db","recommended":"0","status":"1","sponsored":"0","exp_notify":"0","own_material":"0","own_material_description_old":null,"own_material_description":"","jury":"0","jury_number":"","product_nature":"","meskaracsony":"0","create_date":"2026-09-01 21:09:01","shelve_id":"0","image":"moonpages_product_806081_260901210411_066678.png","image_width":"480","image_height":"599","image_alt":"R\u00f3zsasz\u00edn \u00e1lom \u2013 8 darabos k\u00e9zm\u0171ves gyertya-aj\u00e1nd\u00e9kdoboz, Eleg\u00e1ns, n\u0151ies aj\u00e1nd\u00e9kdoboz r\u00f3zsasz\u00edn \u00e9s kr\u00e9mfeh\u00e9r, k\u00e9zzel \u00f6nt\u00f6tt sz\u00f3javiasz gyerty\u00e1kkal. A doboz ha..., Meska","image_title":"R\u00f3zsasz\u00edn \u00e1lom \u2013 8 darabos k\u00e9zm\u0171ves gyertya-aj\u00e1nd\u00e9kdoboz, Meska","view_count":"14","favourite_count":"0","trending_score":"0","last2MonthFavouriteCount":"0","promotion":"0","giftcard_accept":"0","creditcard_accept":false,"enhanced_background":"0","domain":"meska","specific_customer_id":null,"specific_customer_name":null,"to_order_product":"0","to_order_product_time":"0","product_different":null,"product_different_description":"","vintage":"0","vintage_category_id":"0","recycled":"0","gemstone_id":"0","customizable":"0","type_category":"physical","zerowaste":"0","postage_price":"2390.00","shop_order":"0","has_category":"1","landing_pages":null,"microdata":{"number":6,"category":""},"title":"R\u00f3zsasz\u00edn \u00e1lom \u2013 8 darabos k\u00e9zm\u0171ves gyertya-aj\u00e1nd\u00e9kdoboz","description":"Eleg\u00e1ns, n\u0151ies aj\u00e1nd\u00e9kdoboz r\u00f3zsasz\u00edn \u00e9s kr\u00e9mfeh\u00e9r, k\u00e9zzel \u00f6nt\u00f6tt sz\u00f3javiasz gyerty\u00e1kkal. A doboz hat mini bubble gyerty\u00e1t \u00e9s k\u00e9t r\u00e9szletgazdag bazsar\u00f3zsa form\u00e1j\u00fa gyerty\u00e1t tartalmaz, harmonikus \u00f6ssze\u00e1ll\u00edt\u00e1sban.\n\nT\u00f6k\u00e9letes aj\u00e1nd\u00e9k sz\u00fclet\u00e9snapra, n\u00e9vnapra, any\u00e1k napj\u00e1ra vagy egyszer\u0171en egy kedves meglepet\u00e9sk\u00e9nt. A gyerty\u00e1k k\u00e9zzel k\u00e9sz\u00fclnek, ez\u00e9rt sz\u00edn\u00fckben \u00e9s fel\u00fclet\u00fckben apr\u00f3 elt\u00e9r\u00e9sek el\u0151fordulhatnak \u2013 ett\u0151l lesz minden doboz igaz\u00e1n egyedi. \ud83c\udf38\n\nA term\u00e9k dekor\u00e1ci\u00f3s c\u00e9lra \u00e9s rendeltet\u00e9sszer\u0171 gyertyahaszn\u00e1latra egyar\u00e1nt alkalmas. \u00c9g\u0151 gyerty\u00e1t soha ne hagyj fel\u00fcgyelet n\u00e9lk\u00fcl!","score":0,"formatted_price":"4 990 Ft","image_url":"https:\/\/www.meska.hu\/img\/product\/small\/m\/o\/moonpages_product_806081_260901210411_066678.png","formatted_url":"https:\/\/www.meska.hu\/p5864097-rozsaszin-alom-8-darabos-kezmuves-gyertya-ajandekdoboz","favourite":false,"in_stock":true,"avatar":"806081_avatar_1784414301.png","delete_from":0,"is_enhanced_background":false,"is_enhanced":false,"product_selection_started":false,"is_active":true,"image_webp_url":"https:\/\/www.meska.hu\/img\/product\/small\/m\/o\/moonpages_product_806081_260901210411_066678.webp"},{"id":"5334292","shop_id":"41176","user_id":"575986","shop_name":"Aurorakreativdekor","shop_zip":"3000","product_code":"5287782","product_name_old":null,"product_name":"Illatgyertya kokt\u00e9l","category_string":"Otthon & \u00c9letm\u00f3d, Gyertya, illat, aroma, Gyertya","technic_string":"Gyertya-, m\u00e9csesk\u00e9sz\u00edt\u00e9s","category_1":"813","category_2":"415","category_3":"1388","category_4":"0","merged_category_1":null,"merged_category_2":null,"merged_category_3":null,"technic_1":"484","technic_2":"0","technic_3":"0","color_1":"526","color_2":"0","color_3":"0","product_description_old":null,"product_description":"Elad\u00f3 a k\u00e9pen l\u00e1that\u00f3 illatgyertya   100 % sz\u00f3javiaszb\u00f3l \u00e9s maracuja kokt\u00e9l illattal k\u00e9sz\u00fclt. \nA poh\u00e1r \u0171rtartalma: 240 ml\n\nTov\u00e1bbi inform\u00e1ci\u00f3k:\nFontos inform\u00e1ci\u00f3k\u00e9nt szeretn\u00e9m megosztani veled, hogy a sz\u00f3javiasz gyerty\u00e1k eset\u00e9ben el\u0151fordulhat egy jelens\u00e9g, amit polimorf\u00f3zisnak neveznek.\nA polimorf\u00f3zis egy olyan jelens\u00e9g, amikor a sz\u00f3javiasz gyertya felsz\u00edn\u00e9n apr\u00f3, feh\u00e9r vagy sz\u00fcrke krist\u00e1lyok jelennek meg. Ez term\u00e9szetes folyamat, amely a sz\u00f3javiasz tulajdons\u00e1gaib\u00f3l ad\u00f3dik, \u00e9s nem befoly\u00e1solja a gyertya min\u0151s\u00e9g\u00e9t vagy \u00e9g\u00e9s\u00e9t.\nA polimorf\u00f3zis az id\u0151j\u00e1r\u00e1si k\u00f6r\u00fclm\u00e9nyek, h\u0151m\u00e9rs\u00e9kleti v\u00e1ltoz\u00e1sok vagy a gyertya t\u00e1rol\u00e1si k\u00f6r\u00fclm\u00e9nyei f\u00fcggv\u00e9ny\u00e9ben alakulhatnak ki.\nHa \u00e9szreveszel ilyen krist\u00e1lyokat a sz\u00f3javiasz gyerty\u00e1nkon, ne agg\u00f3dj, ezek nem hib\u00e1k \u00e9s nem a rossz min\u0151s\u00e9g jelei, csup\u00e1n egy term\u00e9szetes jelens\u00e9g, amely el\u0151fordulhat a sz\u00f3javiasz gyerty\u00e1k eset\u00e9ben.","price":"4500.00","unit":"db","recommended":"0","status":"1","sponsored":"0","exp_notify":"0","own_material":"0","own_material_description_old":null,"own_material_description":"","jury":"0","jury_number":"","product_nature":"","meskaracsony":"0","create_date":"2026-09-01 20:38:04","shelve_id":"0","image":"aurorakreativdekor_product_575986_240511102554_840636.jpeg","image_width":"480","image_height":"360","image_alt":"Illatgyertya kokt\u00e9l, Elad\u00f3 a k\u00e9pen l\u00e1that\u00f3 illatgyertya   100 % sz\u00f3javiaszb\u00f3l \u00e9s maracuja kokt\u00e9l illattal k\u00e9sz\u00fclt. \\nA poh..., Meska","image_title":"Illatgyertya kokt\u00e9l, Meska","view_count":"1238","favourite_count":"0","trending_score":"0","last2MonthFavouriteCount":"0","promotion":"0","giftcard_accept":"0","creditcard_accept":false,"enhanced_background":"0","domain":"meska","specific_customer_id":null,"specific_customer_name":null,"to_order_product":"1","to_order_product_time":"5","product_different":null,"product_different_description":"","vintage":"0","vintage_category_id":"0","recycled":"0","gemstone_id":"0","customizable":"0","type_category":"physical","zerowaste":"0","postage_price":"2390.00","shop_order":"0","has_category":"1","landing_pages":null,"microdata":{"number":7,"category":""},"title":"Illatgyertya kokt\u00e9l","description":"Elad\u00f3 a k\u00e9pen l\u00e1that\u00f3 illatgyertya   100 % sz\u00f3javiaszb\u00f3l \u00e9s maracuja kokt\u00e9l illattal k\u00e9sz\u00fclt. \nA poh\u00e1r \u0171rtartalma: 240 ml\n\nTov\u00e1bbi inform\u00e1ci\u00f3k:\nFontos inform\u00e1ci\u00f3k\u00e9nt szeretn\u00e9m megosztani veled, hogy a sz\u00f3javiasz gyerty\u00e1k eset\u00e9ben el\u0151fordulhat egy jelens\u00e9g, amit polimorf\u00f3zisnak neveznek.\nA polimorf\u00f3zis egy olyan jelens\u00e9g, amikor a sz\u00f3javiasz gyertya felsz\u00edn\u00e9n apr\u00f3, feh\u00e9r vagy sz\u00fcrke krist\u00e1lyok jelennek meg. Ez term\u00e9szetes folyamat, amely a sz\u00f3javiasz tulajdons\u00e1gaib\u00f3l ad\u00f3dik, \u00e9s nem befoly\u00e1solja a gyertya min\u0151s\u00e9g\u00e9t vagy \u00e9g\u00e9s\u00e9t.\nA polimorf\u00f3zis az id\u0151j\u00e1r\u00e1si k\u00f6r\u00fclm\u00e9nyek, h\u0151m\u00e9rs\u00e9kleti v\u00e1ltoz\u00e1sok vagy a gyertya t\u00e1rol\u00e1si k\u00f6r\u00fclm\u00e9nyei f\u00fcggv\u00e9ny\u00e9ben alakulhatnak ki.\nHa \u00e9szreveszel ilyen krist\u00e1lyokat a sz\u00f3javiasz gyerty\u00e1nkon, ne agg\u00f3dj, ezek nem hib\u00e1k \u00e9s nem a rossz min\u0151s\u00e9g jelei, csup\u00e1n egy term\u00e9szetes jelens\u00e9g, amely el\u0151fordulhat a sz\u00f3javiasz gyerty\u00e1k eset\u00e9ben.","score":0,"formatted_price":"4 500 Ft","image_url":"https:\/\/www.meska.hu\/img\/product\/small\/a\/u\/aurorakreativdekor_product_575986_240511102554_840636.jpeg","formatted_url":"https:\/\/www.meska.hu\/p5287782-illatgyertya-koktel","favourite":false,"in_stock":false,"avatar":"575986_avatar_1683457755.jpeg","delete_from":0,"is_enhanced_background":false,"is_enhanced":false,"product_selection_started":false,"is_active":true,"image_webp_url":"https:\/\/www.meska.hu\/img\/product\/small\/a\/u\/aurorakreativdekor_product_575986_240511102554_840636.webp"},{"id":"5860670","shop_id":"42978","user_id":"610755","shop_name":"BeeBliss","shop_zip":"6000","product_code":"5589485","product_name_old":null,"product_name":"\u0150szi Sz\u00f3javiasz Gyertya Esk\u00fcv\u0151i K\u00f6sz\u00f6netaj\u00e1nd\u00e9k - 40 ml","category_string":"Esk\u00fcv\u0151, Eml\u00e9k & Aj\u00e1nd\u00e9k, K\u00f6sz\u00f6n\u0151aj\u00e1nd\u00e9k","technic_string":"Gyertya-, m\u00e9csesk\u00e9sz\u00edt\u00e9s","category_1":"317","category_2":"905","category_3":"1068","category_4":"0","merged_category_1":null,"merged_category_2":null,"merged_category_3":null,"technic_1":"484","technic_2":"0","technic_3":"0","color_1":"519","color_2":"0","color_3":"0","product_description_old":null,"product_description":"Szerezzetek eml\u00e9kezetes pillanatokat vend\u00e9geitek sz\u00e1m\u00e1ra az esk\u00fcv\u0151t\u00f6k alkalm\u00e1b\u00f3l ezekkel az egyedi gyertya k\u00f6sz\u00f6netaj\u00e1nd\u00e9kokkal. :)\n\nAz egyedi c\u00edmk\u00e9z\u00e9s lehet\u0151s\u00e9get ad sz\u00e1motokra arra, hogy saj\u00e1t st\u00edlusotokat adj\u00e1tok \u00e1t a vend\u00e9gek fel\u00e9, eml\u00e9kezetess\u00e9 t\u00e9ve az alkalom minden r\u00e9sztvev\u0151je sz\u00e1m\u00e1ra.:)\n\nLegyen az esk\u00fcv\u0151i asztalok d\u00edsze vagy az aj\u00e1nd\u00e9kt\u00e1ska tartalma, ez a gyertya kis \u00fcvegcs\u00e9ben  garant\u00e1ltan sz\u00edvet melenget\u0151 \u00e9lm\u00e9nyt ny\u00fajt mindenkinek, aki r\u00e9szt vesz az a nagy napotokon.:)\n\nA gyertya sz\u00f3javiaszb\u00f3l k\u00e9sz\u00fcl. Az illat, a gyertya sz\u00edne \u00e9s a masni v\u00e1laszthat\u00f3. \nMivel a kis k\u00f6sz\u00f6netaj\u00e1nd\u00e9kok megrendel\u00e9sre k\u00e9sz\u00fclnek \u00edgy nem tartok itthon sem az \u00fcvegb\u0151l sem az illatokb\u00f3l nagyobb k\u00e9szletet megrendel\u00e9s ut\u00e1n szerzem be \u0151ket ez igen nagy szabads\u00e1got hagy a szem\u00e9lyre szabhat\u00f3s\u00e1gnak. Ennek k\u00f6sz\u00f6nhet\u0151en olyan k\u00f6sz\u00f6netaj\u00e1nd\u00e9kok k\u00e9sz\u00fclhetnek amelyek az esk\u00fcv\u0151t\u00f6k tematik\u00e1j\u00e1ba teljesen beleilleszkedhetnek:)\n\nAz aktu\u00e1lis illatolaj k\u00e9szletr\u0151l \u00fczenetben egyeztess\u00fcnk!:)\n\nTet\u0151 matric\u00e1val is k\u00e9rheted amelyre mondjuk a vend\u00e9gek nev\u00e9t lehet \u00edrni:)\n\nB\u00e1rmilyen k\u00e9rd\u00e9sed van keress b\u00e1tran!:)\nIlletve megrendel\u00e9s el\u0151tt k\u00e9rlek egyeztess\u00fcnk az elk\u00e9pzel\u00e9seidr\u0151l.:)\n\nHa s\u00fcrget az id\u0151 vagy csak szeretn\u00e9d hamarabb megkapni a megrendel\u00e9sedet tedd a kosaradba ezt a term\u00e9ket:\nhttps:\/\/www.meska.hu\/p5355504-egyszeri-elsobbsegi-dij\nHa ez a term\u00e9k a kosaradba ker\u00fcl az egyedi k\u00e9r\u00e9sek lehet\u0151s\u00e9ge cs\u00f6kken, ebben az esetben azokb\u00f3l az alapanyagokb\u00f3l tudsz v\u00e1lasztani amelyek rendelkez\u00e9sre \u00e1llnak n\u00e1lam otthon vagy pedig gyorsan beszerezhet\u0151ek.","price":"391.00","unit":"db","recommended":"0","status":"1","sponsored":"0","exp_notify":"0","own_material":"0","own_material_description_old":null,"own_material_description":"","jury":"0","jury_number":"","product_nature":"","meskaracsony":"0","create_date":"2026-09-01 20:16:58","shelve_id":"75968","image":"beebliss_product_610755_250713100557_217497.png","image_width":"480","image_height":"480","image_alt":"\u0150szi Sz\u00f3javiasz Gyertya Esk\u00fcv\u0151i K\u00f6sz\u00f6netaj\u00e1nd\u00e9k - 40 ml, Szerezzetek eml\u00e9kezetes pillanatokat vend\u00e9geitek sz\u00e1m\u00e1ra az esk\u00fcv\u0151t\u00f6k alkalm\u00e1b\u00f3l ezekkel az egyedi g..., Meska","image_title":"\u0150szi Sz\u00f3javiasz Gyertya Esk\u00fcv\u0151i K\u00f6sz\u00f6netaj\u00e1nd\u00e9k - 40 ml, Meska","view_count":"982","favourite_count":"1","trending_score":"0","last2MonthFavouriteCount":"1","promotion":"0","giftcard_accept":"0","creditcard_accept":true,"enhanced_background":"0","domain":"meska","specific_customer_id":null,"specific_customer_name":null,"to_order_product":"1","to_order_product_time":"10","product_different":null,"product_different_description":"","vintage":"0","vintage_category_id":"0","recycled":"0","gemstone_id":"0","customizable":"0","type_category":"physical","zerowaste":"0","postage_price":"1290.00","shop_order":"0","has_category":"1","landing_pages":null,"microdata":{"number":8,"category":""},"title":"\u0150szi Sz\u00f3javiasz Gyertya Esk\u00fcv\u0151i K\u00f6sz\u00f6netaj\u00e1nd\u00e9k - 40 ml","description":"Szerezzetek eml\u00e9kezetes pillanatokat vend\u00e9geitek sz\u00e1m\u00e1ra az esk\u00fcv\u0151t\u00f6k alkalm\u00e1b\u00f3l ezekkel az egyedi gyertya k\u00f6sz\u00f6netaj\u00e1nd\u00e9kokkal. :)\n\nAz egyedi c\u00edmk\u00e9z\u00e9s lehet\u0151s\u00e9get ad sz\u00e1motokra arra, hogy saj\u00e1t st\u00edlusotokat adj\u00e1tok \u00e1t a vend\u00e9gek fel\u00e9, eml\u00e9kezetess\u00e9 t\u00e9ve az alkalom minden r\u00e9sztvev\u0151je sz\u00e1m\u00e1ra.:)\n\nLegyen az esk\u00fcv\u0151i asztalok d\u00edsze vagy az aj\u00e1nd\u00e9kt\u00e1ska tartalma, ez a gyertya kis \u00fcvegcs\u00e9ben  garant\u00e1ltan sz\u00edvet melenget\u0151 \u00e9lm\u00e9nyt ny\u00fajt mindenkinek, aki r\u00e9szt vesz az a nagy napotokon.:)\n\nA gyertya sz\u00f3javiaszb\u00f3l k\u00e9sz\u00fcl. Az illat, a gyertya sz\u00edne \u00e9s a masni v\u00e1laszthat\u00f3. \nMivel a kis k\u00f6sz\u00f6netaj\u00e1nd\u00e9kok megrendel\u00e9sre k\u00e9sz\u00fclnek \u00edgy nem tartok itthon sem az \u00fcvegb\u0151l sem az illatokb\u00f3l nagyobb k\u00e9szletet megrendel\u00e9s ut\u00e1n szerzem be \u0151ket ez igen nagy szabads\u00e1got hagy a szem\u00e9lyre szabhat\u00f3s\u00e1gnak. Ennek k\u00f6sz\u00f6nhet\u0151en olyan k\u00f6sz\u00f6netaj\u00e1nd\u00e9kok k\u00e9sz\u00fclhetnek amelyek az esk\u00fcv\u0151t\u00f6k tematik\u00e1j\u00e1ba teljesen beleilleszkedhetnek:)\n\nAz aktu\u00e1lis illatolaj k\u00e9szletr\u0151l \u00fczenetben egyeztess\u00fcnk!:)\n\nTet\u0151 matric\u00e1val is k\u00e9rheted amelyre mondjuk a vend\u00e9gek nev\u00e9t lehet \u00edrni:)\n\nB\u00e1rmilyen k\u00e9rd\u00e9sed van keress b\u00e1tran!:)\nIlletve megrendel\u00e9s el\u0151tt k\u00e9rlek egyeztess\u00fcnk az elk\u00e9pzel\u00e9seidr\u0151l.:)\n\nHa s\u00fcrget az id\u0151 vagy csak szeretn\u00e9d hamarabb megkapni a megrendel\u00e9sedet tedd a kosaradba ezt a term\u00e9ket:\nhttps:\/\/www.meska.hu\/p5355504-egyszeri-elsobbsegi-dij\nHa ez a term\u00e9k a kosaradba ker\u00fcl az egyedi k\u00e9r\u00e9sek lehet\u0151s\u00e9ge cs\u00f6kken, ebben az esetben azokb\u00f3l az alapanyagokb\u00f3l tudsz v\u00e1lasztani amelyek rendelkez\u00e9sre \u00e1llnak n\u00e1lam otthon vagy pedig gyorsan beszerezhet\u0151ek.","score":0,"formatted_price":"391 Ft","image_url":"https:\/\/www.meska.hu\/img\/product\/small\/b\/e\/beebliss_product_610755_250713100557_217497.png","formatted_url":"https:\/\/www.meska.hu\/p5589485-szojaviasz-gyertya-eskuvoi-koszonetajandek-40-ml","favourite":false,"in_stock":false,"avatar":"610755_avatar_1698842158.png","delete_from":0,"is_enhanced_background":false,"is_enhanced":false,"product_selection_started":false,"is_active":true,"image_webp_url":"https:\/\/www.meska.hu\/img\/product\/small\/b\/e\/beebliss_product_610755_250713100557_217497.webp"},{"id":"6351579","shop_id":"17626","user_id":"147962","shop_name":"Mkkata","shop_zip":"4220","product_code":"5864059","product_name_old":null,"product_name":"Baba bejelent\u0151 aj\u00e1nd\u00e9kszett ","category_string":"Baba - mama, Babaeml\u00e9kek, Bababejelent\u0151k","technic_string":"Gyertya-, m\u00e9csesk\u00e9sz\u00edt\u00e9s","category_1":"1735","category_2":"1751","category_3":"1730","category_4":"0","merged_category_1":null,"merged_category_2":null,"merged_category_3":null,"technic_1":"484","technic_2":"0","technic_3":"0","color_1":"521","color_2":"0","color_3":"0","product_description_old":null,"product_description":"Egy kis csoda \u00e9rkez\u00e9se \u00e9letre sz\u00f3l\u00f3 pillanat.\nEz a szeretettel \u00f6ssze\u00e1ll\u00edtott bab\u00e1s bejelent\u0151 aj\u00e1nd\u00e9kcsomag seg\u00edt abban, hogy a nagy h\u00edrt igaz\u00e1n meghat\u00f3 \u00e9s eml\u00e9kezetes m\u00f3don oszd meg a szeretteiddel.\nA csomag bab\u00e1s hangulat\u00fa kieg\u00e9sz\u00edt\u0151ket tartalmaz, eleg\u00e1ns d\u00edszcsomagol\u00e1sban. A belsej\u00e9ben elhelyezett c\u00edmke egyedi, szem\u00e9lyes \u00fczenettel is k\u00e9rhet\u0151, \u00edgy a meglepet\u00e9s igaz\u00e1n sz\u00edvhez sz\u00f3l\u00f3 lesz.\n\nT\u00f6k\u00e9letes v\u00e1laszt\u00e1s:\n-Nagysz\u00fcl\u0151i bejelent\u00e9shez\n-Keresztsz\u00fcl\u0151 felk\u00e9r\u00e9shez\n-Csal\u00e1di bababejelent\u00e9shez\n- Babal\u00e1togat\u00f3ra \n\nA term\u00e9kek viaszb\u00f3l kesz\u00fcltek, kiz\u00e1r\u00f3lag dekor\u00e1ci\u00f3s c\u00e9llal.\n\nK\u00e9rhet\u0151 egyedi felirattal is.\nK\u00e9r\u00e9s eset\u00e9n  r\u00f6vid, szem\u00e9lyes \u00fczenetet helyez\u00fcnk el a c\u00edmk\u00e9n.\nAz \u00fczenetet k\u00e9rj\u00fck a megjegyz\u00e9s rovatban megadni.\nA felirat kiz\u00e1r\u00f3lag a csomagol\u00e1sba  ker\u00fcl. \nA  d\u00edszdoboz szalaggal \u00e1tk\u00f6tve \u00e9rkezik \n \n \n\n \n\n ","price":"4490.00","unit":"db","recommended":"0","status":"1","sponsored":"0","exp_notify":"0","own_material":"0","own_material_description_old":null,"own_material_description":"","jury":"0","jury_number":"","product_nature":"","meskaracsony":"0","create_date":"2026-09-01 20:00:44","shelve_id":"82064","image":"mkkata_product_147962_260901200002_624379.jpeg","image_width":"480","image_height":"640","image_alt":"Baba bejelent\u0151 aj\u00e1nd\u00e9kszett , Egy kis csoda \u00e9rkez\u00e9se \u00e9letre sz\u00f3l\u00f3 pillanat.\\nEz a szeretettel \u00f6ssze\u00e1ll\u00edtott bab\u00e1s bejelent\u0151 aj\u00e1nd\u00e9k..., Meska","image_title":"Baba bejelent\u0151 aj\u00e1nd\u00e9kszett , Meska","view_count":"10","favourite_count":"0","trending_score":"0","last2MonthFavouriteCount":"0","promotion":"0","giftcard_accept":"0","creditcard_accept":false,"enhanced_background":"0","domain":"meska","specific_customer_id":null,"specific_customer_name":null,"to_order_product":"0","to_order_product_time":"0","product_different":null,"product_different_description":"","vintage":"0","vintage_category_id":"0","recycled":"0","gemstone_id":"0","customizable":"1","type_category":"physical","zerowaste":"0","postage_price":"1290.00","shop_order":"1","has_category":"1","landing_pages":null,"microdata":{"number":9,"category":""},"title":"Baba bejelent\u0151 aj\u00e1nd\u00e9kszett ","description":"Egy kis csoda \u00e9rkez\u00e9se \u00e9letre sz\u00f3l\u00f3 pillanat.\nEz a szeretettel \u00f6ssze\u00e1ll\u00edtott bab\u00e1s bejelent\u0151 aj\u00e1nd\u00e9kcsomag seg\u00edt abban, hogy a nagy h\u00edrt igaz\u00e1n meghat\u00f3 \u00e9s eml\u00e9kezetes m\u00f3don oszd meg a szeretteiddel.\nA csomag bab\u00e1s hangulat\u00fa kieg\u00e9sz\u00edt\u0151ket tartalmaz, eleg\u00e1ns d\u00edszcsomagol\u00e1sban. A belsej\u00e9ben elhelyezett c\u00edmke egyedi, szem\u00e9lyes \u00fczenettel is k\u00e9rhet\u0151, \u00edgy a meglepet\u00e9s igaz\u00e1n sz\u00edvhez sz\u00f3l\u00f3 lesz.\n\nT\u00f6k\u00e9letes v\u00e1laszt\u00e1s:\n-Nagysz\u00fcl\u0151i bejelent\u00e9shez\n-Keresztsz\u00fcl\u0151 felk\u00e9r\u00e9shez\n-Csal\u00e1di bababejelent\u00e9shez\n- Babal\u00e1togat\u00f3ra \n\nA term\u00e9kek viaszb\u00f3l kesz\u00fcltek, kiz\u00e1r\u00f3lag dekor\u00e1ci\u00f3s c\u00e9llal.\n\nK\u00e9rhet\u0151 egyedi felirattal is.\nK\u00e9r\u00e9s eset\u00e9n  r\u00f6vid, szem\u00e9lyes \u00fczenetet helyez\u00fcnk el a c\u00edmk\u00e9n.\nAz \u00fczenetet k\u00e9rj\u00fck a megjegyz\u00e9s rovatban megadni.\nA felirat kiz\u00e1r\u00f3lag a csomagol\u00e1sba  ker\u00fcl. \nA  d\u00edszdoboz szalaggal \u00e1tk\u00f6tve \u00e9rkezik \n \n \n\n \n\n ","score":0,"formatted_price":"4 490 Ft","image_url":"https:\/\/www.meska.hu\/img\/product\/small\/m\/k\/mkkata_product_147962_260901200002_624379.jpeg","formatted_url":"https:\/\/www.meska.hu\/p5864059-baba-bejelento-ajandekszett","favourite":false,"in_stock":true,"avatar":"147962_avatar_1787953991.jpeg","delete_from":0,"is_enhanced_background":false,"is_enhanced":false,"product_selection_started":false,"is_active":true,"image_webp_url":"https:\/\/www.meska.hu\/img\/product\/small\/m\/k\/mkkata_product_147962_260901200002_624379.webp"},{"id":"5676394","shop_id":"36602","user_id":"483762","shop_name":"Dekorika","shop_zip":"9241","product_code":"5487819","product_name_old":null,"product_name":"Tulip\u00e1n csokor gyertya,  csomagolva ","category_string":"Otthon & \u00c9letm\u00f3d, Gyertya, illat, aroma, Gyertya","technic_string":"Gyertya-, m\u00e9csesk\u00e9sz\u00edt\u00e9s","category_1":"813","category_2":"415","category_3":"1388","category_4":"0","merged_category_1":null,"merged_category_2":null,"merged_category_3":null,"technic_1":"484","technic_2":"0","technic_3":"0","color_1":"1474","color_2":"523","color_3":"525","product_description_old":null,"product_description":"Egyedi kis aj\u00e1nd\u00e9k \u00f6tlet. Soha nem hervad el. T\u00f6k\u00e9letes sz\u00fclet\u00e9s nap, n\u0151nap vagy csak \u00fagy.\n\nGy\u00f6ny\u00f6r\u0171 tulip\u00e1nok min\u0151s\u00e9gi kraftpap\u00edrban csomagolva, prepar\u00e1lt vir\u00e1gokkal d\u00edsz\u00edtett. \n\nM\u00e9retek: \nGyertya ~ 4x5cm\nT\u00f6lcs\u00e9r  ~ 26cm\n\n\nB\u00e1rmilyen sz\u00ednben k\u00e9rhet\u0151!\n\nAnyaga: Szojavias, anyag\u00e1ban sz\u00ednezett\n\nK\u00fcl\u00f6nb\u00f6z\u0151 sz\u00edn rendel\u00e9s eset\u00e9ben, k\u00e9rem v\u00e1lasszon a \"K\u00fcl\u00f6nb\u00f6z\u0151, megjegyz\u00e9s szerint\" sz\u00ednt \u00e9s \u00edrjon a rendel\u00e9si megjegyz\u00e9shez, milyen sz\u00ednb\u0151l h\u00e1ny darabort k\u00e9r. \n\nA term\u00e9k egyes\u00e9vel k\u00e9sz\u00fcl, \u00edgy a k\u00e9pen l\u00e1that\u00f3t\u00f3l minim\u00e1lisan elt\u00e9rhet a sz\u00edne.","price":"2500.00","unit":"db","recommended":"0","status":"1","sponsored":"0","exp_notify":"0","own_material":"0","own_material_description_old":null,"own_material_description":"","jury":"0","jury_number":"","product_nature":"","meskaracsony":"0","create_date":"2026-09-01 19:45:08","shelve_id":"71627","image":"dekorika_product_483762_250128080002_532385.jpeg","image_width":"480","image_height":"781","image_alt":"Tulip\u00e1n csokor gyertya,  csomagolva , Egyedi kis aj\u00e1nd\u00e9k \u00f6tlet. Soha nem hervad el. T\u00f6k\u00e9letes sz\u00fclet\u00e9s nap, n\u0151nap vagy csak \u00fagy.\\n\\nGy\u00f6ny\u00f6r\u0171..., Meska","image_title":"Tulip\u00e1n csokor gyertya,  csomagolva , Meska","view_count":"6560","favourite_count":"0","trending_score":"0","last2MonthFavouriteCount":"0","promotion":"0","giftcard_accept":"0","creditcard_accept":false,"enhanced_background":"0","domain":"meska","specific_customer_id":null,"specific_customer_name":null,"to_order_product":"0","to_order_product_time":"0","product_different":null,"product_different_description":"","vintage":"0","vintage_category_id":"0","recycled":"0","gemstone_id":"0","customizable":"0","type_category":"physical","zerowaste":"0","postage_price":"2390.00","shop_order":"48","has_category":"1","landing_pages":"Ballag\u00e1si aj\u00e1nd\u00e9kok \u00e9s kieg\u00e9sz\u00edt\u0151k, Ballag\u00e1si aj\u00e1nd\u00e9kok \u00e9s kieg\u00e9sz\u00edt\u0151k, Ballag\u00e1si aj\u00e1nd\u00e9kok \u00e9s kieg\u00e9sz\u00edt\u0151k, Ballag\u00e1si aj\u00e1nd\u00e9kok \u00e9s kieg\u00e9sz\u00edt\u0151k, N\u0151napi aj\u00e1nd\u00e9kok, N\u0151napi aj\u00e1nd\u00e9kok","microdata":{"number":10,"category":""},"title":"Tulip\u00e1n csokor gyertya,  csomagolva ","description":"Egyedi kis aj\u00e1nd\u00e9k \u00f6tlet. Soha nem hervad el. T\u00f6k\u00e9letes sz\u00fclet\u00e9s nap, n\u0151nap vagy csak \u00fagy.\n\nGy\u00f6ny\u00f6r\u0171 tulip\u00e1nok min\u0151s\u00e9gi kraftpap\u00edrban csomagolva, prepar\u00e1lt vir\u00e1gokkal d\u00edsz\u00edtett. \n\nM\u00e9retek: \nGyertya ~ 4x5cm\nT\u00f6lcs\u00e9r  ~ 26cm\n\n\nB\u00e1rmilyen sz\u00ednben k\u00e9rhet\u0151!\n\nAnyaga: Szojavias, anyag\u00e1ban sz\u00ednezett\n\nK\u00fcl\u00f6nb\u00f6z\u0151 sz\u00edn rendel\u00e9s eset\u00e9ben, k\u00e9rem v\u00e1lasszon a \"K\u00fcl\u00f6nb\u00f6z\u0151, megjegyz\u00e9s szerint\" sz\u00ednt \u00e9s \u00edrjon a rendel\u00e9si megjegyz\u00e9shez, milyen sz\u00ednb\u0151l h\u00e1ny darabort k\u00e9r. \n\nA term\u00e9k egyes\u00e9vel k\u00e9sz\u00fcl, \u00edgy a k\u00e9pen l\u00e1that\u00f3t\u00f3l minim\u00e1lisan elt\u00e9rhet a sz\u00edne.","score":0,"formatted_price":"2 500 Ft","image_url":"https:\/\/www.meska.hu\/img\/product\/small\/d\/e\/dekorika_product_483762_250128080002_532385.jpeg","formatted_url":"https:\/\/www.meska.hu\/p5487819-tulipan-csokor-gyertya-csomagolva","favourite":false,"in_stock":true,"avatar":"483762_avatar_1713112117.png","delete_from":0,"is_enhanced_background":false,"is_enhanced":false,"product_selection_started":false,"is_active":true,"image_webp_url":"https:\/\/www.meska.hu\/img\/product\/small\/d\/e\/dekorika_product_483762_250128080002_532385.webp"},{"id":"6351424","shop_id":"51199","user_id":"761244","shop_name":"ANKAHandmadeCandles","shop_zip":"2030","product_code":"5863979","product_name_old":null,"product_name":"Gyertya Vir\u00e1g Box  (S)","category_string":"Otthon & \u00c9letm\u00f3d, Gyertya, illat, aroma, Gyertya","technic_string":"Gyertya-, m\u00e9csesk\u00e9sz\u00edt\u00e9s","category_1":"813","category_2":"415","category_3":"1388","category_4":"0","merged_category_1":null,"merged_category_2":null,"merged_category_3":null,"technic_1":"484","technic_2":"0","technic_3":"0","color_1":"516","color_2":"791","color_3":"525","product_description_old":null,"product_description":"\u2022 sz\u00f3javiaszb\u00f3l\n\u2022 van\u00edlia illatolajjal\n\u2022 d\u00edsz\u00edt\u00e9s: selyempap\u00edr \u00e9s szalag\n\u2022 m\u00e9rete: 13 cm\n\nEgy eleg\u00e1ns \u00e9s illatos kieg\u00e9sz\u00edt\u0151 otthonod hangulat\u00e1hoz, vagy aj\u00e1nd\u00e9knak minden alkalomra: any\u00e1k napja, n\u0151nap, Valentin nap, esk\u00fcv\u0151, k\u00f6sz\u00f6n\u0151aj\u00e1nd\u00e9k, pedag\u00f3gusnap, ballag\u00e1s, eljegyz\u00e9s, \u00e9vfordul\u00f3, gyermek\u00e1ld\u00e1s, keresztel\u0151, le\u00e1nyb\u00facs\u00fa, sz\u00fclet\u00e9snap, n\u00e9vnap","price":"4490.00","unit":"db","recommended":"0","status":"1","sponsored":"0","exp_notify":"0","own_material":"0","own_material_description_old":null,"own_material_description":"","jury":"0","jury_number":"","product_nature":"","meskaracsony":"0","create_date":"2026-09-01 18:00:00","shelve_id":"83047","image":"ankahandmadecandles_product_761244_260901175648_722445.jpeg","image_width":"480","image_height":"480","image_alt":"Gyertya Vir\u00e1g Box  (S), \u2022 sz\u00f3javiaszb\u00f3l\\n\u2022 van\u00edlia illatolajjal\\n\u2022 d\u00edsz\u00edt\u00e9s: selyempap\u00edr \u00e9s szalag\\n\u2022 m\u00e9rete: 13 cm\\n\\nEgy eleg\u00e1n..., Meska","image_title":"Gyertya Vir\u00e1g Box  (S), Meska","view_count":"9","favourite_count":"0","trending_score":"0","last2MonthFavouriteCount":"0","promotion":"0","giftcard_accept":"0","creditcard_accept":false,"enhanced_background":"0","domain":"meska","specific_customer_id":null,"specific_customer_name":null,"to_order_product":"0","to_order_product_time":"0","product_different":null,"product_different_description":"","vintage":"0","vintage_category_id":"0","recycled":"0","gemstone_id":"0","customizable":"0","type_category":"physical","zerowaste":"0","postage_price":"1290.00","shop_order":"0","has_category":"1","landing_pages":null,"microdata":{"number":11,"category":""},"title":"Gyertya Vir\u00e1g Box  (S)","description":"\u2022 sz\u00f3javiaszb\u00f3l\n\u2022 van\u00edlia illatolajjal\n\u2022 d\u00edsz\u00edt\u00e9s: selyempap\u00edr \u00e9s szalag\n\u2022 m\u00e9rete: 13 cm\n\nEgy eleg\u00e1ns \u00e9s illatos kieg\u00e9sz\u00edt\u0151 otthonod hangulat\u00e1hoz, vagy aj\u00e1nd\u00e9knak minden alkalomra: any\u00e1k napja, n\u0151nap, Valentin nap, esk\u00fcv\u0151, k\u00f6sz\u00f6n\u0151aj\u00e1nd\u00e9k, pedag\u00f3gusnap, ballag\u00e1s, eljegyz\u00e9s, \u00e9vfordul\u00f3, gyermek\u00e1ld\u00e1s, keresztel\u0151, le\u00e1nyb\u00facs\u00fa, sz\u00fclet\u00e9snap, n\u00e9vnap","score":0,"formatted_price":"4 490 Ft","image_url":"https:\/\/www.meska.hu\/img\/product\/small\/a\/n\/ankahandmadecandles_product_761244_260901175648_722445.jpeg","formatted_url":"https:\/\/www.meska.hu\/p5863979-gyertya-virag-box-s","favourite":false,"in_stock":true,"avatar":"761244_avatar_1765578807.jpeg","delete_from":0,"is_enhanced_background":false,"is_enhanced":false,"product_selection_started":false,"is_active":true,"image_webp_url":"https:\/\/www.meska.hu\/img\/product\/small\/a\/n\/ankahandmadecandles_product_761244_260901175648_722445.webp"},{"id":"6345460","shop_id":"50124","user_id":"742200","shop_name":"FarmgirlsBUDA","shop_zip":"1026","product_code":"5859507","product_name_old":null,"product_name":"AUTUMN DESSERT \u0151szi desszertgyertya t\u00f6k\u00f6s sz\u00f3jagyertya","category_string":"Otthon & \u00c9letm\u00f3d, Gyertya, illat, aroma, Gyertya","technic_string":"Gyertya-, m\u00e9csesk\u00e9sz\u00edt\u00e9s","category_1":"813","category_2":"415","category_3":"1388","category_4":"0","merged_category_1":null,"merged_category_2":null,"merged_category_3":null,"technic_1":"484","technic_2":"0","technic_3":"0","color_1":"1474","color_2":"515","color_3":"519","product_description_old":null,"product_description":"Majdnem desszert csak ezt ink\u00e1bb meggy\u00fajtjuk. \ud83c\udf83\n\nAz AUTUMN DESSERT egy l\u00e1tv\u00e1nyos \u0151szi desszertgyertya, r\u00e9teges megjelen\u00e9ssel, habos hat\u00e1s\u00fa viaszdekor\u00e1ci\u00f3val \u00e9s apr\u00f3, sz\u00ednes \u0151szi r\u00e9szletekkel.\n\nA tetej\u00e9n mini s\u00fct\u0151t\u00f6k\u00f6k, falevelek \u00e9s apr\u00f3 dekor\u00e1ci\u00f3k id\u00e9zik az \u0151szi s\u00fctik \u00e9s pumpkin spice desszertek hangulat\u00e1t.\n\n\ud83c\udf42 \u0151szi lak\u00e1sdekor\u00e1ci\u00f3\n\ud83c\udf83 pumpkin season rajong\u00f3knak\n\ud83c\udf81 sz\u00fclet\u00e9snapra vagy kisebb aj\u00e1nd\u00e9knak\n\ud83d\udd6f\ufe0f \u00e9s persze annak, aki most teljesen r\u00e1kattant a desszertgyerty\u00e1kra\n\nA gyertya term\u00e9szetes sz\u00f3javiaszb\u00f3l, pamutkan\u00f3ccal \u00e9s gyertyak\u00e9sz\u00edt\u00e9shez bevizsg\u00e1lt illatolaj felhaszn\u00e1l\u00e1s\u00e1val k\u00e9sz\u00fcl.\n\nA dekor\u00e1ci\u00f3 egyes r\u00e9szletei k\u00e9zzel ker\u00fclnek \u00f6ssze\u00e1ll\u00edt\u00e1sra, ez\u00e9rt k\u00e9t gyertya k\u00f6z\u00f6tt lehetnek kisebb elt\u00e9r\u00e9sek.\n\nAnnyira j\u00f3l n\u00e9z ki, hogy az els\u0151 neh\u00e9z d\u00f6nt\u00e9s nem az lesz, mikor gy\u00fajtsd meg \u2013 hanem hogy egy\u00e1ltal\u00e1n meg mered-e. \ud83c\udf42\n\n\u26a0\ufe0f Nem ehet\u0151. A desszertszer\u0171 megjelen\u00e9s ellen\u00e9re a term\u00e9k gyertya.\n\n\n","price":"5990.00","unit":"db","recommended":"0","status":"1","sponsored":"0","exp_notify":"0","own_material":"0","own_material_description_old":null,"own_material_description":"","jury":"0","jury_number":"","product_nature":"","meskaracsony":"0","create_date":"2026-09-01 17:55:10","shelve_id":"0","image":"farmgirlsbuda_product_742200_260830085750_94855.jpeg","image_width":"480","image_height":"480","image_alt":"AUTUMN DESSERT \u0151szi desszertgyertya t\u00f6k\u00f6s sz\u00f3jagyertya, Majdnem desszert csak ezt ink\u00e1bb meggy\u00fajtjuk. \ud83c\udf83\\n\\nAz AUTUMN DESSERT egy l\u00e1tv\u00e1nyos \u0151szi desszertgyerty..., Meska","image_title":"AUTUMN DESSERT \u0151szi desszertgyertya t\u00f6k\u00f6s sz\u00f3jagyertya, Meska","view_count":"36","favourite_count":"1","trending_score":"0","last2MonthFavouriteCount":"1","promotion":"0","giftcard_accept":"0","creditcard_accept":true,"enhanced_background":"0","domain":"meska","specific_customer_id":null,"specific_customer_name":null,"to_order_product":"1","to_order_product_time":"3","product_different":null,"product_different_description":"","vintage":"0","vintage_category_id":"0","recycled":"0","gemstone_id":"0","customizable":"1","type_category":"physical","zerowaste":"0","postage_price":"1290.00","shop_order":"0","has_category":"1","landing_pages":null,"microdata":{"number":12,"category":""},"title":"AUTUMN DESSERT \u0151szi desszertgyertya t\u00f6k\u00f6s sz\u00f3jagyertya","description":"Majdnem desszert csak ezt ink\u00e1bb meggy\u00fajtjuk. \ud83c\udf83\n\nAz AUTUMN DESSERT egy l\u00e1tv\u00e1nyos \u0151szi desszertgyertya, r\u00e9teges megjelen\u00e9ssel, habos hat\u00e1s\u00fa viaszdekor\u00e1ci\u00f3val \u00e9s apr\u00f3, sz\u00ednes \u0151szi r\u00e9szletekkel.\n\nA tetej\u00e9n mini s\u00fct\u0151t\u00f6k\u00f6k, falevelek \u00e9s apr\u00f3 dekor\u00e1ci\u00f3k id\u00e9zik az \u0151szi s\u00fctik \u00e9s pumpkin spice desszertek hangulat\u00e1t.\n\n\ud83c\udf42 \u0151szi lak\u00e1sdekor\u00e1ci\u00f3\n\ud83c\udf83 pumpkin season rajong\u00f3knak\n\ud83c\udf81 sz\u00fclet\u00e9snapra vagy kisebb aj\u00e1nd\u00e9knak\n\ud83d\udd6f\ufe0f \u00e9s persze annak, aki most teljesen r\u00e1kattant a desszertgyerty\u00e1kra\n\nA gyertya term\u00e9szetes sz\u00f3javiaszb\u00f3l, pamutkan\u00f3ccal \u00e9s gyertyak\u00e9sz\u00edt\u00e9shez bevizsg\u00e1lt illatolaj felhaszn\u00e1l\u00e1s\u00e1val k\u00e9sz\u00fcl.\n\nA dekor\u00e1ci\u00f3 egyes r\u00e9szletei k\u00e9zzel ker\u00fclnek \u00f6ssze\u00e1ll\u00edt\u00e1sra, ez\u00e9rt k\u00e9t gyertya k\u00f6z\u00f6tt lehetnek kisebb elt\u00e9r\u00e9sek.\n\nAnnyira j\u00f3l n\u00e9z ki, hogy az els\u0151 neh\u00e9z d\u00f6nt\u00e9s nem az lesz, mikor gy\u00fajtsd meg \u2013 hanem hogy egy\u00e1ltal\u00e1n meg mered-e. \ud83c\udf42\n\n\u26a0\ufe0f Nem ehet\u0151. A desszertszer\u0171 megjelen\u00e9s ellen\u00e9re a term\u00e9k gyertya.\n\n\n","score":0,"formatted_price":"5 990 Ft","image_url":"https:\/\/www.meska.hu\/img\/product\/small\/f\/a\/farmgirlsbuda_product_742200_260830085750_94855.jpeg","formatted_url":"https:\/\/www.meska.hu\/p5859507-autumn-dessert-oszi-desszertgyertya-tokos-szojagyertya","favourite":false,"in_stock":false,"avatar":"742200_avatar_1757868014.png","delete_from":0,"is_enhanced_background":false,"is_enhanced":false,"product_selection_started":false,"is_active":true,"image_webp_url":"https:\/\/www.meska.hu\/img\/product\/small\/f\/a\/farmgirlsbuda_product_742200_260830085750_94855.webp"},{"id":"5732178","shop_id":"42624","user_id":"606503","shop_name":"Leacandledesign","shop_zip":"2700","product_code":"5523852","product_name_old":null,"product_name":"Michelle parf\u00fcm illat\u00fa illatviasz, cs\u00e1b\u00edt\u00f3an eleg\u00e1ns illat","category_string":"Otthon & \u00c9letm\u00f3d, Gyertya, illat, aroma, Illatviasz","technic_string":"Gyertya-, m\u00e9csesk\u00e9sz\u00edt\u00e9s","category_1":"813","category_2":"415","category_3":"1391","category_4":"0","merged_category_1":null,"merged_category_2":null,"merged_category_3":null,"technic_1":"484","technic_2":"0","technic_3":"0","color_1":"519","color_2":"0","color_3":"0","product_description_old":null,"product_description":"A Michelle illatviasz egy luxus n\u0151i parf\u00fcm a Lady Million parf\u00fcm inspir\u00e1ci\u00f3j\u00e1t id\u00e9zi meg. Cs\u00e1b\u00edt\u00f3, \u00e9des \u00e9s eleg\u00e1nsan p\u00faderes illat, amely azonnal k\u00fcl\u00f6nleges hangulatot teremt otthonodban.\n\nAz illat nyit\u00e1ny\u00e1ban a bergamott, k\u00f6rte \u00e9s bogy\u00f3s gy\u00fcm\u00f6lcs\u00f6k friss, gy\u00fcm\u00f6lcs\u00f6s \u00e9dess\u00e9ge jelenik meg, amelyet a sz\u00edvjegyben a k\u00f3kusz, j\u00e1zmin \u00e9s r\u00f3zsa l\u00e1gy, n\u0151ies harm\u00f3ni\u00e1ja k\u00f6vet.\n\nAz illat m\u00e9lys\u00e9g\u00e9t a kasm\u00edr, \u00e1mbra, pacsuli \u00e9s p\u00e9zsma meleg, \u00e9rz\u00e9ki alapjegyei adj\u00e1k, amelyek hosszan tart\u00f3, intenz\u00edv illat\u00e9lm\u00e9nyt biztos\u00edtanak.\n\nIllat jellege:\n\u00e9des \u2022 vir\u00e1gos \u2022 p\u00faderes \u2022 intenz\u00edv \u2022 n\u0151ies\n\nKiszerel\u00e9s:\n80 g","price":"2400.00","unit":"db","recommended":"0","status":"1","sponsored":"0","exp_notify":"0","own_material":"0","own_material_description_old":null,"own_material_description":"","jury":"0","jury_number":"","product_nature":"","meskaracsony":"0","create_date":"2026-09-01 17:45:42","shelve_id":"0","image":"leacandledesign_product_606503_260828180259_56755.png","image_width":"480","image_height":"480","image_alt":"Michelle parf\u00fcm illat\u00fa illatviasz, cs\u00e1b\u00edt\u00f3an eleg\u00e1ns illat, A Michelle illatviasz egy luxus n\u0151i parf\u00fcm a Lady Million parf\u00fcm inspir\u00e1ci\u00f3j\u00e1t id\u00e9zi meg. Cs\u00e1b\u00edt\u00f3, \u00e9..., Meska","image_title":"Michelle parf\u00fcm illat\u00fa illatviasz, cs\u00e1b\u00edt\u00f3an eleg\u00e1ns illat, Meska","view_count":"340","favourite_count":"0","trending_score":"0","last2MonthFavouriteCount":"0","promotion":"0","giftcard_accept":"0","creditcard_accept":true,"enhanced_background":"0","domain":"meska","specific_customer_id":null,"specific_customer_name":null,"to_order_product":"0","to_order_product_time":"0","product_different":null,"product_different_description":"","vintage":"0","vintage_category_id":"0","recycled":"0","gemstone_id":"0","customizable":"0","type_category":"physical","zerowaste":"0","postage_price":"2390.00","shop_order":"0","has_category":"1","landing_pages":null,"microdata":{"number":13,"category":""},"title":"Michelle parf\u00fcm illat\u00fa illatviasz, cs\u00e1b\u00edt\u00f3an eleg\u00e1ns illat","description":"A Michelle illatviasz egy luxus n\u0151i parf\u00fcm a Lady Million parf\u00fcm inspir\u00e1ci\u00f3j\u00e1t id\u00e9zi meg. Cs\u00e1b\u00edt\u00f3, \u00e9des \u00e9s eleg\u00e1nsan p\u00faderes illat, amely azonnal k\u00fcl\u00f6nleges hangulatot teremt otthonodban.\n\nAz illat nyit\u00e1ny\u00e1ban a bergamott, k\u00f6rte \u00e9s bogy\u00f3s gy\u00fcm\u00f6lcs\u00f6k friss, gy\u00fcm\u00f6lcs\u00f6s \u00e9dess\u00e9ge jelenik meg, amelyet a sz\u00edvjegyben a k\u00f3kusz, j\u00e1zmin \u00e9s r\u00f3zsa l\u00e1gy, n\u0151ies harm\u00f3ni\u00e1ja k\u00f6vet.\n\nAz illat m\u00e9lys\u00e9g\u00e9t a kasm\u00edr, \u00e1mbra, pacsuli \u00e9s p\u00e9zsma meleg, \u00e9rz\u00e9ki alapjegyei adj\u00e1k, amelyek hosszan tart\u00f3, intenz\u00edv illat\u00e9lm\u00e9nyt biztos\u00edtanak.\n\nIllat jellege:\n\u00e9des \u2022 vir\u00e1gos \u2022 p\u00faderes \u2022 intenz\u00edv \u2022 n\u0151ies\n\nKiszerel\u00e9s:\n80 g","score":0,"formatted_price":"2 400 Ft","image_url":"https:\/\/www.meska.hu\/img\/product\/small\/l\/e\/leacandledesign_product_606503_260828180259_56755.png","formatted_url":"https:\/\/www.meska.hu\/p5523852-michelle-parfum-illatu-illatviasz","favourite":false,"in_stock":true,"avatar":"606503_avatar_1703623293.jpeg","delete_from":0,"is_enhanced_background":false,"is_enhanced":false,"product_selection_started":false,"is_active":true,"image_webp_url":"https:\/\/www.meska.hu\/img\/product\/small\/l\/e\/leacandledesign_product_606503_260828180259_56755.webp"},{"id":"6202295","shop_id":"42624","user_id":"606503","shop_name":"Leacandledesign","shop_zip":"2700","product_code":"5780057","product_name_old":null,"product_name":"Zara parf\u00fcm illat\u00fa illatviasz, eleg\u00e1ns, vir\u00e1gos illat","category_string":"Otthon & \u00c9letm\u00f3d, Gyertya, illat, aroma, Illatviasz","technic_string":"Gyertya-, m\u00e9csesk\u00e9sz\u00edt\u00e9s","category_1":"813","category_2":"415","category_3":"1391","category_4":"0","merged_category_1":null,"merged_category_2":null,"merged_category_3":null,"technic_1":"484","technic_2":"0","technic_3":"0","color_1":"519","color_2":"0","color_3":"0","product_description_old":null,"product_description":"A Zara illatviasz egy finoman eleg\u00e1ns, vir\u00e1gos-r\u00f3zs\u00e1s illatkompoz\u00edci\u00f3, amely letisztult n\u0151iess\u00e9get \u00e9s nyugodt, harmonikus hangulatot teremt.\n\nAz illat els\u0151 pillanataiban a lime \u00e9s \u0151szibarack friss, gy\u00fcm\u00f6lcs\u00f6s jegyei jelennek meg, amelyek k\u00f6nnyed \u00fcdes\u00e9get adnak az illatnak. Ezt k\u00f6veti a sz\u00edvjegy gazdag vir\u00e1gcsokra: j\u00e1zmin, gy\u00f6ngyvir\u00e1g, r\u00f3zsa \u00e9s ibolya, amelyek l\u00e1gy, romantikus \u00e9s kifinomult karaktert k\u00f6lcs\u00f6n\u00f6znek.\n\nAz alapjegyekben a f\u00e1s jegyek, \u00e1mbra, p\u00e9zsma \u00e9s szant\u00e1lfa meleg, selymes m\u00e9lys\u00e9get biztos\u00edtanak, \u00edgy az illat hosszan megmarad a t\u00e9rben, eleg\u00e1ns atmoszf\u00e9r\u00e1t teremtve.\n\nIllat jellege:\nvir\u00e1gos \u2022 r\u00f3zs\u00e1s \u2022 eleg\u00e1ns \u2022 n\u0151ies \u2022 harmonikus\n\nKiszerel\u00e9s:\n80 g\n\nAnyag:\nTerm\u00e9szetes sz\u00f3javiaszb\u00f3l, min\u0151s\u00e9gi illatolajjal, k\u00e9zzel k\u00e9sz\u00edtve.","price":"2400.00","unit":"db","recommended":"0","status":"1","sponsored":"0","exp_notify":"0","own_material":"0","own_material_description_old":null,"own_material_description":"","jury":"0","jury_number":"","product_nature":"","meskaracsony":"0","create_date":"2026-09-01 17:45:39","shelve_id":"0","image":"leacandledesign_product_606503_260828194333_22515.png","image_width":"480","image_height":"480","image_alt":"Zara parf\u00fcm illat\u00fa illatviasz, eleg\u00e1ns, vir\u00e1gos illat, A Zara illatviasz egy finoman eleg\u00e1ns, vir\u00e1gos-r\u00f3zs\u00e1s illatkompoz\u00edci\u00f3, amely letisztult n\u0151iess\u00e9get \u00e9..., Meska","image_title":"Zara parf\u00fcm illat\u00fa illatviasz, eleg\u00e1ns, vir\u00e1gos illat, Meska","view_count":"110","favourite_count":"0","trending_score":"0","last2MonthFavouriteCount":"0","promotion":"0","giftcard_accept":"0","creditcard_accept":true,"enhanced_background":"0","domain":"meska","specific_customer_id":null,"specific_customer_name":null,"to_order_product":"0","to_order_product_time":"0","product_different":null,"product_different_description":"","vintage":"0","vintage_category_id":"0","recycled":"0","gemstone_id":"0","customizable":"0","type_category":"physical","zerowaste":"0","postage_price":"2390.00","shop_order":"0","has_category":"1","landing_pages":null,"microdata":{"number":14,"category":""},"title":"Zara parf\u00fcm illat\u00fa illatviasz, eleg\u00e1ns, vir\u00e1gos illat","description":"A Zara illatviasz egy finoman eleg\u00e1ns, vir\u00e1gos-r\u00f3zs\u00e1s illatkompoz\u00edci\u00f3, amely letisztult n\u0151iess\u00e9get \u00e9s nyugodt, harmonikus hangulatot teremt.\n\nAz illat els\u0151 pillanataiban a lime \u00e9s \u0151szibarack friss, gy\u00fcm\u00f6lcs\u00f6s jegyei jelennek meg, amelyek k\u00f6nnyed \u00fcdes\u00e9get adnak az illatnak. Ezt k\u00f6veti a sz\u00edvjegy gazdag vir\u00e1gcsokra: j\u00e1zmin, gy\u00f6ngyvir\u00e1g, r\u00f3zsa \u00e9s ibolya, amelyek l\u00e1gy, romantikus \u00e9s kifinomult karaktert k\u00f6lcs\u00f6n\u00f6znek.\n\nAz alapjegyekben a f\u00e1s jegyek, \u00e1mbra, p\u00e9zsma \u00e9s szant\u00e1lfa meleg, selymes m\u00e9lys\u00e9get biztos\u00edtanak, \u00edgy az illat hosszan megmarad a t\u00e9rben, eleg\u00e1ns atmoszf\u00e9r\u00e1t teremtve.\n\nIllat jellege:\nvir\u00e1gos \u2022 r\u00f3zs\u00e1s \u2022 eleg\u00e1ns \u2022 n\u0151ies \u2022 harmonikus\n\nKiszerel\u00e9s:\n80 g\n\nAnyag:\nTerm\u00e9szetes sz\u00f3javiaszb\u00f3l, min\u0151s\u00e9gi illatolajjal, k\u00e9zzel k\u00e9sz\u00edtve.","score":0,"formatted_price":"2 400 Ft","image_url":"https:\/\/www.meska.hu\/img\/product\/small\/l\/e\/leacandledesign_product_606503_260828194333_22515.png","formatted_url":"https:\/\/www.meska.hu\/p5780057-zara-parfum-illatu-illatviasz-elegans-viragos-illat","favourite":false,"in_stock":true,"avatar":"606503_avatar_1703623293.jpeg","delete_from":0,"is_enhanced_background":false,"is_enhanced":false,"product_selection_started":false,"is_active":true,"image_webp_url":"https:\/\/www.meska.hu\/img\/product\/small\/l\/e\/leacandledesign_product_606503_260828194333_22515.webp"},{"id":"6351406","shop_id":"51199","user_id":"761244","shop_name":"ANKAHandmadeCandles","shop_zip":"2030","product_code":"5863969","product_name_old":null,"product_name":"Gyertya Vir\u00e1g Box (M)","category_string":"Otthon & \u00c9letm\u00f3d, Vir\u00e1gdekor\u00e1ci\u00f3, Vir\u00e1gok, Vir\u00e1gbox","technic_string":"Gyertya-, m\u00e9csesk\u00e9sz\u00edt\u00e9s","category_1":"813","category_2":"1473","category_3":"1797","category_4":"1477","merged_category_1":null,"merged_category_2":null,"merged_category_3":null,"technic_1":"484","technic_2":"0","technic_3":"0","color_1":"515","color_2":"519","color_3":"525","product_description_old":null,"product_description":"\u2022 sz\u00f3javiaszb\u00f3l\n\u2022 van\u00edlia illatolajjal\n\u2022 d\u00edsz\u00edt\u00e9s: selyempap\u00edr \u00e9s szalag\n\u2022 m\u00e9rete: 18 cm\n\nEgy eleg\u00e1ns \u00e9s illatos kieg\u00e9sz\u00edt\u0151 otthonod hangulat\u00e1hoz, vagy aj\u00e1nd\u00e9knak minden alkalomra: any\u00e1k napja, n\u0151nap, Valentin nap, esk\u00fcv\u0151, k\u00f6sz\u00f6n\u0151aj\u00e1nd\u00e9k, pedag\u00f3gusnap, ballag\u00e1s, eljegyz\u00e9s, \u00e9vfordul\u00f3, gyermek\u00e1ld\u00e1s, keresztel\u0151, le\u00e1nyb\u00facs\u00fa, sz\u00fclet\u00e9snap, n\u00e9vnap","price":"9990.00","unit":"db","recommended":"0","status":"1","sponsored":"0","exp_notify":"0","own_material":"0","own_material_description_old":null,"own_material_description":"","jury":"0","jury_number":"","product_nature":"","meskaracsony":"0","create_date":"2026-09-01 17:32:45","shelve_id":"83048","image":"ankahandmadecandles_product_761244_260901173147_77015.jpeg","image_width":"480","image_height":"480","image_alt":"Gyertya Vir\u00e1g Box (M), \u2022 sz\u00f3javiaszb\u00f3l\\n\u2022 van\u00edlia illatolajjal\\n\u2022 d\u00edsz\u00edt\u00e9s: selyempap\u00edr \u00e9s szalag\\n\u2022 m\u00e9rete: 18 cm\\n\\nEgy eleg\u00e1n..., Meska","image_title":"Gyertya Vir\u00e1g Box (M), Meska","view_count":"9","favourite_count":"0","trending_score":"0","last2MonthFavouriteCount":"0","promotion":"0","giftcard_accept":"0","creditcard_accept":false,"enhanced_background":"0","domain":"meska","specific_customer_id":null,"specific_customer_name":null,"to_order_product":"0","to_order_product_time":"0","product_different":null,"product_different_description":"","vintage":"0","vintage_category_id":"0","recycled":"0","gemstone_id":"0","customizable":"0","type_category":"physical","zerowaste":"0","postage_price":"1290.00","shop_order":"0","has_category":"1","landing_pages":null,"microdata":{"number":15,"category":""},"title":"Gyertya Vir\u00e1g Box (M)","description":"\u2022 sz\u00f3javiaszb\u00f3l\n\u2022 van\u00edlia illatolajjal\n\u2022 d\u00edsz\u00edt\u00e9s: selyempap\u00edr \u00e9s szalag\n\u2022 m\u00e9rete: 18 cm\n\nEgy eleg\u00e1ns \u00e9s illatos kieg\u00e9sz\u00edt\u0151 otthonod hangulat\u00e1hoz, vagy aj\u00e1nd\u00e9knak minden alkalomra: any\u00e1k napja, n\u0151nap, Valentin nap, esk\u00fcv\u0151, k\u00f6sz\u00f6n\u0151aj\u00e1nd\u00e9k, pedag\u00f3gusnap, ballag\u00e1s, eljegyz\u00e9s, \u00e9vfordul\u00f3, gyermek\u00e1ld\u00e1s, keresztel\u0151, le\u00e1nyb\u00facs\u00fa, sz\u00fclet\u00e9snap, n\u00e9vnap","score":0,"formatted_price":"9 990 Ft","image_url":"https:\/\/www.meska.hu\/img\/product\/small\/a\/n\/ankahandmadecandles_product_761244_260901173147_77015.jpeg","formatted_url":"https:\/\/www.meska.hu\/p5863969-gyertya-virag-box-m","favourite":false,"in_stock":true,"avatar":"761244_avatar_1765578807.jpeg","delete_from":0,"is_enhanced_background":false,"is_enhanced":false,"product_selection_started":false,"is_active":true,"image_webp_url":"https:\/\/www.meska.hu\/img\/product\/small\/a\/n\/ankahandmadecandles_product_761244_260901173147_77015.webp"},{"id":"6351404","shop_id":"51199","user_id":"761244","shop_name":"ANKAHandmadeCandles","shop_zip":"2030","product_code":"5863967","product_name_old":null,"product_name":"Gyertya Vir\u00e1g Box  (S)","category_string":"Otthon & \u00c9letm\u00f3d, Gyertya, illat, aroma, Gyertya","technic_string":"Gyertya-, m\u00e9csesk\u00e9sz\u00edt\u00e9s","category_1":"813","category_2":"415","category_3":"1388","category_4":"0","merged_category_1":null,"merged_category_2":null,"merged_category_3":null,"technic_1":"484","technic_2":"0","technic_3":"0","color_1":"516","color_2":"791","color_3":"525","product_description_old":null,"product_description":"\u2022 sz\u00f3javiaszb\u00f3l\n\u2022 van\u00edlia illatolajjal\n\u2022 d\u00edsz\u00edt\u00e9s: selyempap\u00edr \u00e9s szalag\n\u2022 m\u00e9rete: 13 cm\n\nEgy eleg\u00e1ns \u00e9s illatos kieg\u00e9sz\u00edt\u0151 otthonod hangulat\u00e1hoz, vagy aj\u00e1nd\u00e9knak minden alkalomra: any\u00e1k napja, n\u0151nap, Valentin nap, esk\u00fcv\u0151, k\u00f6sz\u00f6n\u0151aj\u00e1nd\u00e9k, pedag\u00f3gusnap, ballag\u00e1s, eljegyz\u00e9s, \u00e9vfordul\u00f3, gyermek\u00e1ld\u00e1s, keresztel\u0151, le\u00e1nyb\u00facs\u00fa, sz\u00fclet\u00e9snap, n\u00e9vnap","price":"4490.00","unit":"db","recommended":"0","status":"1","sponsored":"0","exp_notify":"0","own_material":"0","own_material_description_old":null,"own_material_description":"","jury":"0","jury_number":"","product_nature":"","meskaracsony":"0","create_date":"2026-09-01 17:30:27","shelve_id":"83047","image":"ankahandmadecandles_product_761244_260901172844_094499.jpeg","image_width":"480","image_height":"480","image_alt":"Gyertya Vir\u00e1g Box  (S), \u2022 sz\u00f3javiaszb\u00f3l\\n\u2022 van\u00edlia illatolajjal\\n\u2022 d\u00edsz\u00edt\u00e9s: selyempap\u00edr \u00e9s szalag\\n\u2022 m\u00e9rete: 13 cm\\n\\nEgy eleg\u00e1n..., Meska","image_title":"Gyertya Vir\u00e1g Box  (S), Meska","view_count":"9","favourite_count":"0","trending_score":"0","last2MonthFavouriteCount":"0","promotion":"0","giftcard_accept":"0","creditcard_accept":false,"enhanced_background":"0","domain":"meska","specific_customer_id":null,"specific_customer_name":null,"to_order_product":"0","to_order_product_time":"0","product_different":null,"product_different_description":"","vintage":"0","vintage_category_id":"0","recycled":"0","gemstone_id":"0","customizable":"0","type_category":"physical","zerowaste":"0","postage_price":"1290.00","shop_order":"0","has_category":"1","landing_pages":null,"microdata":{"number":16,"category":""},"title":"Gyertya Vir\u00e1g Box  (S)","description":"\u2022 sz\u00f3javiaszb\u00f3l\n\u2022 van\u00edlia illatolajjal\n\u2022 d\u00edsz\u00edt\u00e9s: selyempap\u00edr \u00e9s szalag\n\u2022 m\u00e9rete: 13 cm\n\nEgy eleg\u00e1ns \u00e9s illatos kieg\u00e9sz\u00edt\u0151 otthonod hangulat\u00e1hoz, vagy aj\u00e1nd\u00e9knak minden alkalomra: any\u00e1k napja, n\u0151nap, Valentin nap, esk\u00fcv\u0151, k\u00f6sz\u00f6n\u0151aj\u00e1nd\u00e9k, pedag\u00f3gusnap, ballag\u00e1s, eljegyz\u00e9s, \u00e9vfordul\u00f3, gyermek\u00e1ld\u00e1s, keresztel\u0151, le\u00e1nyb\u00facs\u00fa, sz\u00fclet\u00e9snap, n\u00e9vnap","score":0,"formatted_price":"4 490 Ft","image_url":"https:\/\/www.meska.hu\/img\/product\/small\/a\/n\/ankahandmadecandles_product_761244_260901172844_094499.jpeg","formatted_url":"https:\/\/www.meska.hu\/p5863967-gyertya-virag-box-s","favourite":false,"in_stock":true,"avatar":"761244_avatar_1765578807.jpeg","delete_from":0,"is_enhanced_background":false,"is_enhanced":false,"product_selection_started":false,"is_active":true,"image_webp_url":"https:\/\/www.meska.hu\/img\/product\/small\/a\/n\/ankahandmadecandles_product_761244_260901172844_094499.webp"},{"id":"6351398","shop_id":"51199","user_id":"761244","shop_name":"ANKAHandmadeCandles","shop_zip":"2030","product_code":"5863965","product_name_old":null,"product_name":"Gyertya Vir\u00e1g Box (M)","category_string":"Otthon & \u00c9letm\u00f3d, Vir\u00e1gdekor\u00e1ci\u00f3, Vir\u00e1gok, Vir\u00e1gbox","technic_string":"Gyertya-, m\u00e9csesk\u00e9sz\u00edt\u00e9s","category_1":"813","category_2":"1473","category_3":"1797","category_4":"1477","merged_category_1":null,"merged_category_2":null,"merged_category_3":null,"technic_1":"484","technic_2":"0","technic_3":"0","color_1":"516","color_2":"791","color_3":"525","product_description_old":null,"product_description":"\u2022 sz\u00f3javiaszb\u00f3l\n\u2022 van\u00edlia illatolajjal\n\u2022 d\u00edsz\u00edt\u00e9s: selyempap\u00edr \u00e9s szalag\n\u2022 m\u00e9rete: 18 cm\n\nEgy eleg\u00e1ns \u00e9s illatos kieg\u00e9sz\u00edt\u0151 otthonod hangulat\u00e1hoz, vagy aj\u00e1nd\u00e9knak minden alkalomra: any\u00e1k napja, n\u0151nap, Valentin nap, esk\u00fcv\u0151, k\u00f6sz\u00f6n\u0151aj\u00e1nd\u00e9k, pedag\u00f3gusnap, ballag\u00e1s, eljegyz\u00e9s, \u00e9vfordul\u00f3, gyermek\u00e1ld\u00e1s, keresztel\u0151, le\u00e1nyb\u00facs\u00fa, sz\u00fclet\u00e9snap, n\u00e9vnap","price":"9990.00","unit":"db","recommended":"0","status":"1","sponsored":"0","exp_notify":"0","own_material":"0","own_material_description_old":null,"own_material_description":"","jury":"0","jury_number":"","product_nature":"","meskaracsony":"0","create_date":"2026-09-01 17:27:05","shelve_id":"83048","image":"ankahandmadecandles_product_761244_260901172505_699582.jpeg","image_width":"480","image_height":"480","image_alt":"Gyertya Vir\u00e1g Box (M), \u2022 sz\u00f3javiaszb\u00f3l\\n\u2022 van\u00edlia illatolajjal\\n\u2022 d\u00edsz\u00edt\u00e9s: selyempap\u00edr \u00e9s szalag\\n\u2022 m\u00e9rete: 18 cm\\n\\nEgy eleg\u00e1n..., Meska","image_title":"Gyertya Vir\u00e1g Box (M), Meska","view_count":"9","favourite_count":"0","trending_score":"0","last2MonthFavouriteCount":"0","promotion":"0","giftcard_accept":"0","creditcard_accept":false,"enhanced_background":"0","domain":"meska","specific_customer_id":null,"specific_customer_name":null,"to_order_product":"0","to_order_product_time":"0","product_different":null,"product_different_description":"","vintage":"0","vintage_category_id":"0","recycled":"0","gemstone_id":"0","customizable":"0","type_category":"physical","zerowaste":"0","postage_price":"1290.00","shop_order":"0","has_category":"1","landing_pages":null,"microdata":{"number":17,"category":""},"title":"Gyertya Vir\u00e1g Box (M)","description":"\u2022 sz\u00f3javiaszb\u00f3l\n\u2022 van\u00edlia illatolajjal\n\u2022 d\u00edsz\u00edt\u00e9s: selyempap\u00edr \u00e9s szalag\n\u2022 m\u00e9rete: 18 cm\n\nEgy eleg\u00e1ns \u00e9s illatos kieg\u00e9sz\u00edt\u0151 otthonod hangulat\u00e1hoz, vagy aj\u00e1nd\u00e9knak minden alkalomra: any\u00e1k napja, n\u0151nap, Valentin nap, esk\u00fcv\u0151, k\u00f6sz\u00f6n\u0151aj\u00e1nd\u00e9k, pedag\u00f3gusnap, ballag\u00e1s, eljegyz\u00e9s, \u00e9vfordul\u00f3, gyermek\u00e1ld\u00e1s, keresztel\u0151, le\u00e1nyb\u00facs\u00fa, sz\u00fclet\u00e9snap, n\u00e9vnap","score":0,"formatted_price":"9 990 Ft","image_url":"https:\/\/www.meska.hu\/img\/product\/small\/a\/n\/ankahandmadecandles_product_761244_260901172505_699582.jpeg","formatted_url":"https:\/\/www.meska.hu\/p5863965-gyertya-virag-box-m","favourite":false,"in_stock":true,"avatar":"761244_avatar_1765578807.jpeg","delete_from":0,"is_enhanced_background":false,"is_enhanced":false,"product_selection_started":false,"is_active":true,"image_webp_url":"https:\/\/www.meska.hu\/img\/product\/small\/a\/n\/ankahandmadecandles_product_761244_260901172505_699582.webp"},{"id":"6351360","shop_id":"53454","user_id":"808693","shop_name":"ReOrganicStudio","shop_zip":"1092","product_code":"5863946","product_name_old":null,"product_name":"PiciL\u00e1ng v\u00e1logat\u00e1s \u2013 3 mini sz\u00f3jagyertya","category_string":"Otthon & \u00c9letm\u00f3d, Gyertya, illat, aroma, Gyertya","technic_string":"Gyertya-, m\u00e9csesk\u00e9sz\u00edt\u00e9s","category_1":"813","category_2":"415","category_3":"1388","category_4":"0","merged_category_1":null,"merged_category_2":null,"merged_category_3":null,"technic_1":"484","technic_2":"0","technic_3":"0","color_1":"515","color_2":"519","color_3":"0","product_description_old":null,"product_description":"H\u00e1rom PiciL\u00e1ng, h\u00e1rom v\u00e1lasztott illat.\n\nA PiciL\u00e1ng v\u00e1logat\u00e1st azoknak k\u00e9sz\u00edtettem, akik t\u00f6bb illatot is sz\u00edvesen kipr\u00f3b\u00e1ln\u00e1nak, vagy egy kedves, illatos apr\u00f3s\u00e1got keresnek aj\u00e1nd\u00e9kba.\n\nA szett 3 darab, egyenk\u00e9nt 65 ml-es mini sz\u00f3jagyerty\u00e1t tartalmaz nat\u00far fa tet\u0151s \u00fcvegben. A h\u00e1rom illatot te v\u00e1laszthatod ki a ReOrganic Studio gyertyakollekci\u00f3j\u00e1nak illatai k\u00f6z\u00fcl.\n\nV\u00e1laszd ki az els\u0151 illatot a list\u00e1b\u00f3l, a m\u00e1sik k\u00e9t kedvencedet pedig \u00edrd meg nekem \u00fczenetben a rendel\u00e9s ut\u00e1n.\n\nA gyerty\u00e1k rendel\u00e9sre, kis sz\u00e9ri\u00e1ban k\u00e9sz\u00fclnek. A frissen \u00f6nt\u00f6tt sz\u00f3jagyerty\u00e1t n\u00e9h\u00e1ny napig pihentetem, hogy a viasz \u00e9s az illat sz\u00e9pen \u00f6ssze\u00e9rjen, ez\u00e9rt az elk\u00e9sz\u00edt\u00e9si id\u0151 5\u20137 munkanap.\n\n\u0170rtartalom: 65 ml x 3 db","price":"5990.00","unit":"cs","recommended":"0","status":"1","sponsored":"0","exp_notify":"0","own_material":"0","own_material_description_old":null,"own_material_description":"","jury":"0","jury_number":"","product_nature":"","meskaracsony":"0","create_date":"2026-09-01 16:28:02","shelve_id":"83860","image":"reorganicstudio_product_808693_260901162307_1413100.png","image_width":"480","image_height":"480","image_alt":"PiciL\u00e1ng v\u00e1logat\u00e1s \u2013 3 mini sz\u00f3jagyertya, H\u00e1rom PiciL\u00e1ng, h\u00e1rom v\u00e1lasztott illat.\\n\\nA PiciL\u00e1ng v\u00e1logat\u00e1st azoknak k\u00e9sz\u00edtettem, akik t\u00f6bb illato..., Meska","image_title":"PiciL\u00e1ng v\u00e1logat\u00e1s \u2013 3 mini sz\u00f3jagyertya, Meska","view_count":"8","favourite_count":"0","trending_score":"0","last2MonthFavouriteCount":"0","promotion":"0","giftcard_accept":"0","creditcard_accept":true,"enhanced_background":"0","domain":"meska","specific_customer_id":null,"specific_customer_name":null,"to_order_product":"1","to_order_product_time":"5","product_different":null,"product_different_description":"","vintage":"0","vintage_category_id":"0","recycled":"0","gemstone_id":"0","customizable":"0","type_category":"physical","zerowaste":"0","postage_price":"2599.00","shop_order":"0","has_category":"1","landing_pages":null,"microdata":{"number":18,"category":""},"title":"PiciL\u00e1ng v\u00e1logat\u00e1s \u2013 3 mini sz\u00f3jagyertya","description":"H\u00e1rom PiciL\u00e1ng, h\u00e1rom v\u00e1lasztott illat.\n\nA PiciL\u00e1ng v\u00e1logat\u00e1st azoknak k\u00e9sz\u00edtettem, akik t\u00f6bb illatot is sz\u00edvesen kipr\u00f3b\u00e1ln\u00e1nak, vagy egy kedves, illatos apr\u00f3s\u00e1got keresnek aj\u00e1nd\u00e9kba.\n\nA szett 3 darab, egyenk\u00e9nt 65 ml-es mini sz\u00f3jagyerty\u00e1t tartalmaz nat\u00far fa tet\u0151s \u00fcvegben. A h\u00e1rom illatot te v\u00e1laszthatod ki a ReOrganic Studio gyertyakollekci\u00f3j\u00e1nak illatai k\u00f6z\u00fcl.\n\nV\u00e1laszd ki az els\u0151 illatot a list\u00e1b\u00f3l, a m\u00e1sik k\u00e9t kedvencedet pedig \u00edrd meg nekem \u00fczenetben a rendel\u00e9s ut\u00e1n.\n\nA gyerty\u00e1k rendel\u00e9sre, kis sz\u00e9ri\u00e1ban k\u00e9sz\u00fclnek. A frissen \u00f6nt\u00f6tt sz\u00f3jagyerty\u00e1t n\u00e9h\u00e1ny napig pihentetem, hogy a viasz \u00e9s az illat sz\u00e9pen \u00f6ssze\u00e9rjen, ez\u00e9rt az elk\u00e9sz\u00edt\u00e9si id\u0151 5\u20137 munkanap.\n\n\u0170rtartalom: 65 ml x 3 db","score":0,"formatted_price":"5 990 Ft","image_url":"https:\/\/www.meska.hu\/img\/product\/small\/r\/e\/reorganicstudio_product_808693_260901162307_1413100.png","formatted_url":"https:\/\/www.meska.hu\/p5863946-picilang-valogatas-3-mini-szojagyertya","favourite":false,"in_stock":false,"avatar":"808693_avatar_1784824701.png","delete_from":0,"is_enhanced_background":false,"is_enhanced":false,"product_selection_started":false,"is_active":true,"image_webp_url":"https:\/\/www.meska.hu\/img\/product\/small\/r\/e\/reorganicstudio_product_808693_260901162307_1413100.webp"},{"id":"6351110","shop_id":"53392","user_id":"806081","shop_name":"moonpages","shop_zip":"7632","product_code":"5863728","product_name_old":null,"product_name":"S\u00fclt alm\u00e1s pite illat\u00fa \u0151szi desszertgyertya","category_string":"Otthon & \u00c9letm\u00f3d, Gyertya, illat, aroma, Illatzs\u00e1k","technic_string":"Gyertya-, m\u00e9csesk\u00e9sz\u00edt\u00e9s","category_1":"813","category_2":"415","category_3":"945","category_4":"0","merged_category_1":null,"merged_category_2":null,"merged_category_3":null,"technic_1":"484","technic_2":"0","technic_3":"0","color_1":"568","color_2":"0","color_3":"0","product_description_old":null,"product_description":"Meleg, kuck\u00f3z\u00f3s \u0151szi hangulat egyetlen gyerty\u00e1ba z\u00e1rva. A narancssz\u00edn\u0171, habos viasz tetej\u00e9t feh\u00e9r t\u00f6k, fah\u00e9jr\u00fad \u00e9s lev\u00e9l alak\u00fa viaszdekor\u00e1ci\u00f3 d\u00edsz\u00edti. S\u00fclt alm\u00e1s pite illata kellemes, otthonos l\u00e9gk\u00f6rt teremt a h\u0171v\u00f6sebb napokon. K\u00e9zzel k\u00e9sz\u00edtett, ez\u00e9rt minden darab kiss\u00e9 egyedi.","price":"3990.00","unit":"db","recommended":"0","status":"1","sponsored":"0","exp_notify":"0","own_material":"0","own_material_description_old":null,"own_material_description":"","jury":"0","jury_number":"","product_nature":"","meskaracsony":"0","create_date":"2026-09-01 15:20:55","shelve_id":"0","image":"moonpages_product_806081_260901151718_745855.png","image_width":"480","image_height":"640","image_alt":"S\u00fclt alm\u00e1s pite illat\u00fa \u0151szi desszertgyertya, Meleg, kuck\u00f3z\u00f3s \u0151szi hangulat egyetlen gyerty\u00e1ba z\u00e1rva. A narancssz\u00edn\u0171, habos viasz tetej\u00e9t feh\u00e9r t\u00f6..., Meska","image_title":"S\u00fclt alm\u00e1s pite illat\u00fa \u0151szi desszertgyertya, Meska","view_count":"12","favourite_count":"0","trending_score":"0","last2MonthFavouriteCount":"0","promotion":"0","giftcard_accept":"0","creditcard_accept":false,"enhanced_background":"0","domain":"meska","specific_customer_id":null,"specific_customer_name":null,"to_order_product":"0","to_order_product_time":"0","product_different":null,"product_different_description":"","vintage":"0","vintage_category_id":"0","recycled":"0","gemstone_id":"0","customizable":"0","type_category":"physical","zerowaste":"0","postage_price":"2390.00","shop_order":"0","has_category":"1","landing_pages":null,"microdata":{"number":19,"category":""},"title":"S\u00fclt alm\u00e1s pite illat\u00fa \u0151szi desszertgyertya","description":"Meleg, kuck\u00f3z\u00f3s \u0151szi hangulat egyetlen gyerty\u00e1ba z\u00e1rva. A narancssz\u00edn\u0171, habos viasz tetej\u00e9t feh\u00e9r t\u00f6k, fah\u00e9jr\u00fad \u00e9s lev\u00e9l alak\u00fa viaszdekor\u00e1ci\u00f3 d\u00edsz\u00edti. S\u00fclt alm\u00e1s pite illata kellemes, otthonos l\u00e9gk\u00f6rt teremt a h\u0171v\u00f6sebb napokon. K\u00e9zzel k\u00e9sz\u00edtett, ez\u00e9rt minden darab kiss\u00e9 egyedi.","score":0,"formatted_price":"3 990 Ft","image_url":"https:\/\/www.meska.hu\/img\/product\/small\/m\/o\/moonpages_product_806081_260901151718_745855.png","formatted_url":"https:\/\/www.meska.hu\/p5863728-sult-almas-pite-illatu-oszi-desszertgyertya","favourite":false,"in_stock":true,"avatar":"806081_avatar_1784414301.png","delete_from":0,"is_enhanced_background":false,"is_enhanced":false,"product_selection_started":false,"is_active":true,"image_webp_url":"https:\/\/www.meska.hu\/img\/product\/small\/m\/o\/moonpages_product_806081_260901151718_745855.webp"},{"id":"6202226","shop_id":"49283","user_id":"727060","shop_name":"MimiMeseKucko","shop_zip":"8230","product_code":"5780030","product_name_old":null,"product_name":"Sz\u00ednes Buddha gyertya \u2013 k\u00e9zzel k\u00e9sz\u00fclt dekor\u00e1ci\u00f3","category_string":"Otthon & \u00c9letm\u00f3d, Gyertya, illat, aroma, Gyertya","technic_string":"Gyertya-, m\u00e9csesk\u00e9sz\u00edt\u00e9s","category_1":"813","category_2":"415","category_3":"1388","category_4":"0","merged_category_1":null,"merged_category_2":null,"merged_category_3":null,"technic_1":"484","technic_2":"0","technic_3":"0","color_1":"514","color_2":"519","color_3":"521","product_description_old":null,"product_description":"K\u00e9zzel k\u00e9sz\u00fclt, r\u00e9szletgazdagon kidolgozott Buddha form\u00e1j\u00fa dekor gyertya, amely a nyugalom \u00e9s harm\u00f3nia hangulat\u00e1t viszi az otthonodba. T\u00f6k\u00e9letes v\u00e1laszt\u00e1s aj\u00e1nd\u00e9knak, vagy egy kis \u00e9nid\u0151 megteremt\u00e9s\u00e9hez.\n\nT\u00f6bbf\u00e9le sz\u00ednben rendelhet\u0151:\npiros, feh\u00e9r, z\u00f6ld, k\u00e9k, lila, barna, narancss\u00e1rga, citroms\u00e1rga, vil\u00e1gosk\u00e9k\n\nK\u00e9rhet\u0151 illatos v\u00e1ltozatban is, \u00edgy nemcsak dekor\u00e1ci\u00f3k\u00e9nt, hanem kellemes hangulatot teremt\u0151 kieg\u00e9sz\u00edt\u0151k\u00e9nt is haszn\u00e1lhat\u00f3.\n\n\ud83c\udf81 D\u00edszdobozban is k\u00e9rhet\u0151, \u00edgy aj\u00e1nd\u00e9knak azonnal \u00e1tadhat\u00f3, k\u00fcl\u00f6n csomagol\u00e1s n\u00e9lk\u00fcl.\n\nM\u00e9rete:\nMagass\u00e1g: 6 cm\nSz\u00e9less\u00e9g: kb. 3,5 x 2,5 cm\nS\u00falya: kb. 25 g (\u00b1)\n\nMinden darab k\u00e9zzel k\u00e9sz\u00fcl, ez\u00e9rt apr\u00f3 elt\u00e9r\u00e9sek el\u0151fordulhatnak, ami a term\u00e9k egyedis\u00e9g\u00e9t adja.\n\n\u00c9g\u00e9skor k\u00e9rlek, ne hagyd fel\u00fcgyelet n\u00e9lk\u00fcl.","price":"780.00","unit":"db","recommended":"0","status":"1","sponsored":"0","exp_notify":"0","own_material":"0","own_material_description_old":null,"own_material_description":"","jury":"0","jury_number":"","product_nature":"","meskaracsony":"0","create_date":"2026-09-01 12:33:45","shelve_id":"0","image":"mimimesekucko_product_727060_260504121157_210.png","image_width":"480","image_height":"720","image_alt":"Sz\u00ednes Buddha gyertya \u2013 k\u00e9zzel k\u00e9sz\u00fclt dekor\u00e1ci\u00f3, K\u00e9zzel k\u00e9sz\u00fclt, r\u00e9szletgazdagon kidolgozott Buddha form\u00e1j\u00fa dekor gyertya, amely a nyugalom \u00e9s harm\u00f3n..., Meska","image_title":"Sz\u00ednes Buddha gyertya \u2013 k\u00e9zzel k\u00e9sz\u00fclt dekor\u00e1ci\u00f3, Meska","view_count":"98","favourite_count":"0","trending_score":"0","last2MonthFavouriteCount":"0","promotion":"0","giftcard_accept":"0","creditcard_accept":true,"enhanced_background":"0","domain":"meska","specific_customer_id":null,"specific_customer_name":null,"to_order_product":"1","to_order_product_time":"3","product_different":null,"product_different_description":"","vintage":"0","vintage_category_id":"0","recycled":"0","gemstone_id":"0","customizable":"0","type_category":"physical","zerowaste":"0","postage_price":"2390.00","shop_order":"0","has_category":"1","landing_pages":null,"microdata":{"number":20,"category":""},"title":"Sz\u00ednes Buddha gyertya \u2013 k\u00e9zzel k\u00e9sz\u00fclt dekor\u00e1ci\u00f3","description":"K\u00e9zzel k\u00e9sz\u00fclt, r\u00e9szletgazdagon kidolgozott Buddha form\u00e1j\u00fa dekor gyertya, amely a nyugalom \u00e9s harm\u00f3nia hangulat\u00e1t viszi az otthonodba. T\u00f6k\u00e9letes v\u00e1laszt\u00e1s aj\u00e1nd\u00e9knak, vagy egy kis \u00e9nid\u0151 megteremt\u00e9s\u00e9hez.\n\nT\u00f6bbf\u00e9le sz\u00ednben rendelhet\u0151:\npiros, feh\u00e9r, z\u00f6ld, k\u00e9k, lila, barna, narancss\u00e1rga, citroms\u00e1rga, vil\u00e1gosk\u00e9k\n\nK\u00e9rhet\u0151 illatos v\u00e1ltozatban is, \u00edgy nemcsak dekor\u00e1ci\u00f3k\u00e9nt, hanem kellemes hangulatot teremt\u0151 kieg\u00e9sz\u00edt\u0151k\u00e9nt is haszn\u00e1lhat\u00f3.\n\n\ud83c\udf81 D\u00edszdobozban is k\u00e9rhet\u0151, \u00edgy aj\u00e1nd\u00e9knak azonnal \u00e1tadhat\u00f3, k\u00fcl\u00f6n csomagol\u00e1s n\u00e9lk\u00fcl.\n\nM\u00e9rete:\nMagass\u00e1g: 6 cm\nSz\u00e9less\u00e9g: kb. 3,5 x 2,5 cm\nS\u00falya: kb. 25 g (\u00b1)\n\nMinden darab k\u00e9zzel k\u00e9sz\u00fcl, ez\u00e9rt apr\u00f3 elt\u00e9r\u00e9sek el\u0151fordulhatnak, ami a term\u00e9k egyedis\u00e9g\u00e9t adja.\n\n\u00c9g\u00e9skor k\u00e9rlek, ne hagyd fel\u00fcgyelet n\u00e9lk\u00fcl.","score":0,"formatted_price":"780 Ft","image_url":"https:\/\/www.meska.hu\/img\/product\/small\/m\/i\/mimimesekucko_product_727060_260504121157_210.png","formatted_url":"https:\/\/www.meska.hu\/p5780030-szines-buddha-gyertya-kezzel-keszult-dekoracio","favourite":false,"in_stock":false,"avatar":"727060_avatar_1750364022.png","delete_from":0,"is_enhanced_background":false,"is_enhanced":false,"product_selection_started":false,"is_active":true,"image_webp_url":"https:\/\/www.meska.hu\/img\/product\/small\/m\/i\/mimimesekucko_product_727060_260504121157_210.webp"},{"id":"5949994","shop_id":"49399","user_id":"729347","shop_name":"MHACandles","shop_zip":"1105","product_code":"5641778","product_name_old":null,"product_name":"Sz\u00e1mgyertya sz\u00f3javiaszb\u00f3l","category_string":"Otthon & \u00c9letm\u00f3d, Gyertya, illat, aroma, Gyertya","technic_string":"Gyertya-, m\u00e9csesk\u00e9sz\u00edt\u00e9s","category_1":"813","category_2":"415","category_3":"1388","category_4":"0","merged_category_1":null,"merged_category_2":null,"merged_category_3":null,"technic_1":"484","technic_2":"0","technic_3":"0","color_1":"515","color_2":"519","color_3":"529","product_description_old":null,"product_description":"Sz\u00f3javiaszb\u00f3l k\u00e9sz\u00fclt, paraffinmentes sz\u00e1mgyertya. \nA sz\u00e1mgyertya m\u00e9g k\u00fcl\u00f6nlegesebb\u00e9 teszi a meglepet\u00e9st, hiszen minden sz\u00e1m egy t\u00f6rt\u00e9netet mes\u00e9l el.\nA term\u00e9k legf\u0151bb jellemz\u0151i:\nAnyag: 100% term\u00e9szetes sz\u00f3javiasz\nIllat: Illatos vagy illatmentes v\u00e1ltozatban is k\u00e9rhet\u0151. Ha \u0151szi illat \u00e9rdekel, \u00e9rdekl\u0151dj priv\u00e1tban.\nSz\u00edn: k\u00e9r\u00e9s szerint v\u00e1laszthat\u00f3, b\u00e1rmilyen sz\u00ednben rendelhet\u0151.\nIlyen esetben, k\u00e9rem v\u00e1laszd a \"Egyedi, megjegyz\u00e9s szerint\" sz\u00ednt \u00e9s \u00edrj a rendel\u00e9si megjegyz\u00e9shez, milyen sz\u00edn\u00f6ssze\u00e1ll\u00edt\u00e1sban k\u00e9red a gyerty\u00e1t(kat).\nIllatos gyertya eset\u00e9n k\u00e9rem v\u00e1laszd az \"illatos gyertya\" opci\u00f3t, majd v\u00e1laszd ki az illatot.\nApr\u00f3 \u00e1rnyalatelt\u00e9r\u00e9sek el\u0151fordulhatnak az egyedi k\u00e9sz\u00edt\u00e9s miatt!\nM\u00e9ret: ~5x4 cm\nEgy\u00e9b fontos tudnival\u00f3k:\nA gyerty\u00e1k k\u00e9zzel k\u00e9sz\u00fclnek, megrendel\u00e9sre. K\u00e9r\u00e9s eset\u00e9n pamut kan\u00f3ccal.\n\nElk\u00e9sz\u00edt\u00e9si id\u0151: k\u00f6r\u00fclbel\u00fcl 7 munkanap (k\u00e9szlett\u0151l f\u00fcgg\u0151en). Ha SOS lenne r\u00e1 sz\u00fcks\u00e9ged, k\u00e9rlek \u00e9rdekl\u0151dj, \u00e9s \u00edrj a v\u00e1s\u00e1rl\u00e1s el\u0151tt \u00fczenetet.\n\nAmit \u00e9rdemes a sz\u00f3javiaszr\u00f3l tudni: veg\u00e1n, tiszt\u00e1bban \u00e9g, mint a paraffin, hosszabb az \u00e9g\u00e9si ideje, jobb illatlead\u00f3 k\u00e9pess\u00e9ge van, nem bocs\u00e1t ki m\u00e9rgez\u0151 anyagokat a k\u00f6rnyezet\u00fcnkbe. \n\nK\u00f6sz\u00f6n\u00f6m, hogy ben\u00e9zt\u00e9l hozz\u00e1m!\n\nHa k\u00e9rd\u00e9sed van, keress nyugodtan!","price":"690.00","unit":"db","recommended":"0","status":"1","sponsored":"0","exp_notify":"0","own_material":"0","own_material_description_old":null,"own_material_description":"","jury":"0","jury_number":"","product_nature":"","meskaracsony":"0","create_date":"2026-09-01 12:33:43","shelve_id":"0","image":"mhacandles_product_729347_251005233231_70025.png","image_width":"480","image_height":"600","image_alt":"Sz\u00e1mgyertya sz\u00f3javiaszb\u00f3l, Sz\u00f3javiaszb\u00f3l k\u00e9sz\u00fclt, paraffinmentes sz\u00e1mgyertya. \\nA sz\u00e1mgyertya m\u00e9g k\u00fcl\u00f6nlegesebb\u00e9 teszi a meglepe..., Meska","image_title":"Sz\u00e1mgyertya sz\u00f3javiaszb\u00f3l, Meska","view_count":"543","favourite_count":"0","trending_score":"0","last2MonthFavouriteCount":"0","promotion":"0","giftcard_accept":"0","creditcard_accept":true,"enhanced_background":"0","domain":"meska","specific_customer_id":null,"specific_customer_name":null,"to_order_product":"1","to_order_product_time":"7","product_different":null,"product_different_description":"","vintage":"0","vintage_category_id":"0","recycled":"0","gemstone_id":"0","customizable":"1","type_category":"physical","zerowaste":"0","postage_price":"2590.00","shop_order":"0","has_category":"1","landing_pages":null,"microdata":{"number":21,"category":""},"title":"Sz\u00e1mgyertya sz\u00f3javiaszb\u00f3l","description":"Sz\u00f3javiaszb\u00f3l k\u00e9sz\u00fclt, paraffinmentes sz\u00e1mgyertya. \nA sz\u00e1mgyertya m\u00e9g k\u00fcl\u00f6nlegesebb\u00e9 teszi a meglepet\u00e9st, hiszen minden sz\u00e1m egy t\u00f6rt\u00e9netet mes\u00e9l el.\nA term\u00e9k legf\u0151bb jellemz\u0151i:\nAnyag: 100% term\u00e9szetes sz\u00f3javiasz\nIllat: Illatos vagy illatmentes v\u00e1ltozatban is k\u00e9rhet\u0151. Ha \u0151szi illat \u00e9rdekel, \u00e9rdekl\u0151dj priv\u00e1tban.\nSz\u00edn: k\u00e9r\u00e9s szerint v\u00e1laszthat\u00f3, b\u00e1rmilyen sz\u00ednben rendelhet\u0151.\nIlyen esetben, k\u00e9rem v\u00e1laszd a \"Egyedi, megjegyz\u00e9s szerint\" sz\u00ednt \u00e9s \u00edrj a rendel\u00e9si megjegyz\u00e9shez, milyen sz\u00edn\u00f6ssze\u00e1ll\u00edt\u00e1sban k\u00e9red a gyerty\u00e1t(kat).\nIllatos gyertya eset\u00e9n k\u00e9rem v\u00e1laszd az \"illatos gyertya\" opci\u00f3t, majd v\u00e1laszd ki az illatot.\nApr\u00f3 \u00e1rnyalatelt\u00e9r\u00e9sek el\u0151fordulhatnak az egyedi k\u00e9sz\u00edt\u00e9s miatt!\nM\u00e9ret: ~5x4 cm\nEgy\u00e9b fontos tudnival\u00f3k:\nA gyerty\u00e1k k\u00e9zzel k\u00e9sz\u00fclnek, megrendel\u00e9sre. K\u00e9r\u00e9s eset\u00e9n pamut kan\u00f3ccal.\n\nElk\u00e9sz\u00edt\u00e9si id\u0151: k\u00f6r\u00fclbel\u00fcl 7 munkanap (k\u00e9szlett\u0151l f\u00fcgg\u0151en). Ha SOS lenne r\u00e1 sz\u00fcks\u00e9ged, k\u00e9rlek \u00e9rdekl\u0151dj, \u00e9s \u00edrj a v\u00e1s\u00e1rl\u00e1s el\u0151tt \u00fczenetet.\n\nAmit \u00e9rdemes a sz\u00f3javiaszr\u00f3l tudni: veg\u00e1n, tiszt\u00e1bban \u00e9g, mint a paraffin, hosszabb az \u00e9g\u00e9si ideje, jobb illatlead\u00f3 k\u00e9pess\u00e9ge van, nem bocs\u00e1t ki m\u00e9rgez\u0151 anyagokat a k\u00f6rnyezet\u00fcnkbe. \n\nK\u00f6sz\u00f6n\u00f6m, hogy ben\u00e9zt\u00e9l hozz\u00e1m!\n\nHa k\u00e9rd\u00e9sed van, keress nyugodtan!","score":0,"formatted_price":"690 Ft","image_url":"https:\/\/www.meska.hu\/img\/product\/small\/m\/h\/mhacandles_product_729347_251005233231_70025.png","formatted_url":"https:\/\/www.meska.hu\/p5641778-szamgyertya-szojaviaszbol","favourite":false,"in_stock":false,"avatar":"729347_avatar_1751480057.png","delete_from":0,"is_enhanced_background":false,"is_enhanced":false,"product_selection_started":false,"is_active":true,"image_webp_url":"https:\/\/www.meska.hu\/img\/product\/small\/m\/h\/mhacandles_product_729347_251005233231_70025.webp"},{"id":"5357165","shop_id":"45230","user_id":"269179","shop_name":"RoniKreativGyertyai","shop_zip":"2890","product_code":"5298287","product_name_old":null,"product_name":"Torta gyertya","category_string":"Otthon & \u00c9letm\u00f3d, Gyertya, illat, aroma, Gyertya","technic_string":"Gyertya-, m\u00e9csesk\u00e9sz\u00edt\u00e9s","category_1":"813","category_2":"415","category_3":"1388","category_4":"0","merged_category_1":null,"merged_category_2":null,"merged_category_3":null,"technic_1":"484","technic_2":"0","technic_3":"0","color_1":"514","color_2":"519","color_3":"523","product_description_old":null,"product_description":"Sz\u00fclinapra  :)\nT\u00f6bbf\u00e9le  illatban v\u00e1laszthat\u00f3 :)\n\nAz aktu\u00e1lis illat \u00e9s sz\u00ednv\u00e1laszt\u00e9kr\u00f3l \u00e9rdekl\u0151dj\u00f6n \u00fczenetben\n\n\nSz\u00f3javiasz gyerty\u00e1k term\u00e9szetes eredet\u0171ek,\nk\u00f6rnyezetbar\u00e1t \u00e9s \u00e1llatk\u00eds\u00e9rlet mentesek. A\nsz\u00f3javiasz gyerty\u00e1k hosszabb ideig \u00e9gnek,\nmint az azonos m\u00e9ret\u0171 paraffinb\u00f3l k\u00e9sz\u00fclt\nt\u00e1rsaik. Nem tartalmaz eg\u00e9szs\u00e9gre k\u00e1ros\nanyagokat.","price":"4500.00","unit":"db","recommended":"0","status":"1","sponsored":"0","exp_notify":"0","own_material":"0","own_material_description_old":null,"own_material_description":"","jury":"0","jury_number":"","product_nature":"","meskaracsony":"0","create_date":"2026-09-01 12:33:38","shelve_id":"0","image":"ronikreativgyertyai_product_269179_240531125539_539143.jpeg","image_width":"480","image_height":"640","image_alt":"Torta gyertya, Sz\u00fclinapra  :)\\nT\u00f6bbf\u00e9le  illatban v\u00e1laszthat\u00f3 :)\\n\\nAz aktu\u00e1lis illat \u00e9s sz\u00ednv\u00e1laszt\u00e9kr\u00f3l \u00e9rdekl\u0151dj\u00f6n ..., Meska","image_title":"Torta gyertya, Meska","view_count":"1611","favourite_count":"0","trending_score":"0","last2MonthFavouriteCount":"0","promotion":0,"giftcard_accept":"0","creditcard_accept":true,"enhanced_background":"0","domain":"meska","specific_customer_id":null,"specific_customer_name":null,"to_order_product":"1","to_order_product_time":"5","product_different":null,"product_different_description":"","vintage":"0","vintage_category_id":"0","recycled":"0","gemstone_id":"0","customizable":"0","type_category":"physical","zerowaste":"0","postage_price":"1290.00","shop_order":"0","has_category":"1","landing_pages":null,"microdata":{"number":22,"category":""},"title":"Torta gyertya","description":"Sz\u00fclinapra  :)\nT\u00f6bbf\u00e9le  illatban v\u00e1laszthat\u00f3 :)\n\nAz aktu\u00e1lis illat \u00e9s sz\u00ednv\u00e1laszt\u00e9kr\u00f3l \u00e9rdekl\u0151dj\u00f6n \u00fczenetben\n\n\nSz\u00f3javiasz gyerty\u00e1k term\u00e9szetes eredet\u0171ek,\nk\u00f6rnyezetbar\u00e1t \u00e9s \u00e1llatk\u00eds\u00e9rlet mentesek. A\nsz\u00f3javiasz gyerty\u00e1k hosszabb ideig \u00e9gnek,\nmint az azonos m\u00e9ret\u0171 paraffinb\u00f3l k\u00e9sz\u00fclt\nt\u00e1rsaik. Nem tartalmaz eg\u00e9szs\u00e9gre k\u00e1ros\nanyagokat.","score":0,"formatted_price":"4 500 Ft","image_url":"https:\/\/www.meska.hu\/img\/product\/small\/r\/o\/ronikreativgyertyai_product_269179_240531125539_539143.jpeg","formatted_url":"https:\/\/www.meska.hu\/p5298287-epres-vanilias-torta","favourite":false,"in_stock":false,"avatar":"269179_avatar_1715687491.png","delete_from":0,"is_enhanced_background":false,"is_enhanced":false,"product_selection_started":false,"is_active":true,"image_webp_url":"https:\/\/www.meska.hu\/img\/product\/small\/r\/o\/ronikreativgyertyai_product_269179_240531125539_539143.webp"},{"id":"6350685","shop_id":"52861","user_id":"789475","shop_name":"NikiGlossHandmade","shop_zip":"4531","product_code":"5863535","product_name_old":null,"product_name":"Vir\u00e1g alak\u00fa, k\u00e9zm\u0171ves illatgyertya poh\u00e1rban \u2013 k\u00fcl\u00f6nleges aj\u00e1nd\u00e9k","category_string":"Otthon & \u00c9letm\u00f3d, Gyertya, illat, aroma, M\u00e9cses \u00e9s m\u00e9csestart\u00f3","technic_string":"Gyertya-, m\u00e9csesk\u00e9sz\u00edt\u00e9s","category_1":"813","category_2":"415","category_3":"993","category_4":"0","merged_category_1":null,"merged_category_2":null,"merged_category_3":null,"technic_1":"484","technic_2":"0","technic_3":"0","color_1":"512","color_2":"1474","color_3":"515","product_description_old":null,"product_description":"Egy igaz\u00e1n k\u00fcl\u00f6nleges, k\u00e9zzel k\u00e9sz\u00edtett illatgyertya, amely nemcsak kellemes hangulatot teremt, hanem gy\u00f6ny\u00f6r\u0171 dekor\u00e1ci\u00f3k\u00e9nt is d\u00edsz\u00edti otthonodat. \ud83d\udd6f\ufe0f\ud83c\udf38\n\nA gyertya tetej\u00e9n apr\u00f3l\u00e9kosan kidolgozott, vir\u00e1g form\u00e1j\u00fa viaszdekor\u00e1ci\u00f3 kapott helyet, amely minden darabot egyediv\u00e9 \u00e9s k\u00fcl\u00f6nlegess\u00e9 tesz. A finom, kr\u00e9mes \u00e1rnyalatok \u00e9s a lila vir\u00e1gk\u00f6z\u00e9p eleg\u00e1ns, romantikus megjelen\u00e9st k\u00f6lcs\u00f6n\u00f6znek neki.\nT\u00f6k\u00e9letes v\u00e1laszt\u00e1s:\n\ud83c\udf81 aj\u00e1nd\u00e9knak sz\u00fclet\u00e9snapra, n\u00e9vnapra vagy \u00e9vfordul\u00f3ra\n\ud83d\udc95 romantikus meglepet\u00e9snek\n\ud83c\udfe1 otthoni dekor\u00e1ci\u00f3k\u00e9nt\n\ud83c\udf3f a term\u00e9szetes, vir\u00e1gos hangulat kedvel\u0151inek\n\n\u2728 k\u00fcl\u00f6nleges alkalmakra vagy egyszer\u0171en \u00f6nmagad k\u00e9nyeztet\u00e9s\u00e9re\nMinden gyertya k\u00e9zzel k\u00e9sz\u00fcl, ez\u00e9rt a vir\u00e1g form\u00e1ja, sz\u00ednez\u00e9se \u00e9s apr\u00f3 r\u00e9szletei enyh\u00e9n elt\u00e9rhetnek a fot\u00f3n l\u00e1that\u00f3t\u00f3l, \u00edgy minden darab val\u00f3ban egyedi.\n\nFontos: a viaszvir\u00e1g dekor\u00e1ci\u00f3 miatt a gyerty\u00e1t \u00e9g\u00e9s k\u00f6zben mindig tartsd szemmel, \u00e9s helyezd stabil, h\u0151\u00e1ll\u00f3 fel\u00fcletre.\n\n\ud83c\udf38 Egy kis vir\u00e1g, egy kis f\u00e9ny, egy kis meghitts\u00e9g \u2013 t\u00f6k\u00e9letes aj\u00e1nd\u00e9k annak, akinek \u00f6r\u00f6met szeretn\u00e9l szerezni.","price":"2500.00","unit":"db","recommended":"0","status":"1","sponsored":"0","exp_notify":"0","own_material":"0","own_material_description_old":null,"own_material_description":"","jury":"0","jury_number":"","product_nature":"","meskaracsony":"0","create_date":"2026-09-01 08:26:43","shelve_id":"0","image":"nikiglosshandmade_product_789475_260901082210_852683.png","image_width":"480","image_height":"640","image_alt":"Vir\u00e1g alak\u00fa, k\u00e9zm\u0171ves illatgyertya poh\u00e1rban \u2013 k\u00fcl\u00f6nleges aj\u00e1nd\u00e9k, Egy igaz\u00e1n k\u00fcl\u00f6nleges, k\u00e9zzel k\u00e9sz\u00edtett illatgyertya, amely nemcsak kellemes hangulatot teremt, hane..., Meska","image_title":"Vir\u00e1g alak\u00fa, k\u00e9zm\u0171ves illatgyertya poh\u00e1rban \u2013 k\u00fcl\u00f6nleges aj\u00e1nd\u00e9k, Meska","view_count":"7","favourite_count":"0","trending_score":"0","last2MonthFavouriteCount":"0","promotion":"0","giftcard_accept":"0","creditcard_accept":true,"enhanced_background":"0","domain":"meska","specific_customer_id":null,"specific_customer_name":null,"to_order_product":"1","to_order_product_time":"1","product_different":null,"product_different_description":"","vintage":"0","vintage_category_id":"0","recycled":"0","gemstone_id":"0","customizable":"0","type_category":"physical","zerowaste":"0","postage_price":"1290.00","shop_order":"0","has_category":"1","landing_pages":null,"microdata":{"number":23,"category":""},"title":"Vir\u00e1g alak\u00fa, k\u00e9zm\u0171ves illatgyertya poh\u00e1rban \u2013 k\u00fcl\u00f6nleges aj\u00e1nd\u00e9k","description":"Egy igaz\u00e1n k\u00fcl\u00f6nleges, k\u00e9zzel k\u00e9sz\u00edtett illatgyertya, amely nemcsak kellemes hangulatot teremt, hanem gy\u00f6ny\u00f6r\u0171 dekor\u00e1ci\u00f3k\u00e9nt is d\u00edsz\u00edti otthonodat. \ud83d\udd6f\ufe0f\ud83c\udf38\n\nA gyertya tetej\u00e9n apr\u00f3l\u00e9kosan kidolgozott, vir\u00e1g form\u00e1j\u00fa viaszdekor\u00e1ci\u00f3 kapott helyet, amely minden darabot egyediv\u00e9 \u00e9s k\u00fcl\u00f6nlegess\u00e9 tesz. A finom, kr\u00e9mes \u00e1rnyalatok \u00e9s a lila vir\u00e1gk\u00f6z\u00e9p eleg\u00e1ns, romantikus megjelen\u00e9st k\u00f6lcs\u00f6n\u00f6znek neki.\nT\u00f6k\u00e9letes v\u00e1laszt\u00e1s:\n\ud83c\udf81 aj\u00e1nd\u00e9knak sz\u00fclet\u00e9snapra, n\u00e9vnapra vagy \u00e9vfordul\u00f3ra\n\ud83d\udc95 romantikus meglepet\u00e9snek\n\ud83c\udfe1 otthoni dekor\u00e1ci\u00f3k\u00e9nt\n\ud83c\udf3f a term\u00e9szetes, vir\u00e1gos hangulat kedvel\u0151inek\n\n\u2728 k\u00fcl\u00f6nleges alkalmakra vagy egyszer\u0171en \u00f6nmagad k\u00e9nyeztet\u00e9s\u00e9re\nMinden gyertya k\u00e9zzel k\u00e9sz\u00fcl, ez\u00e9rt a vir\u00e1g form\u00e1ja, sz\u00ednez\u00e9se \u00e9s apr\u00f3 r\u00e9szletei enyh\u00e9n elt\u00e9rhetnek a fot\u00f3n l\u00e1that\u00f3t\u00f3l, \u00edgy minden darab val\u00f3ban egyedi.\n\nFontos: a viaszvir\u00e1g dekor\u00e1ci\u00f3 miatt a gyerty\u00e1t \u00e9g\u00e9s k\u00f6zben mindig tartsd szemmel, \u00e9s helyezd stabil, h\u0151\u00e1ll\u00f3 fel\u00fcletre.\n\n\ud83c\udf38 Egy kis vir\u00e1g, egy kis f\u00e9ny, egy kis meghitts\u00e9g \u2013 t\u00f6k\u00e9letes aj\u00e1nd\u00e9k annak, akinek \u00f6r\u00f6met szeretn\u00e9l szerezni.","score":0,"formatted_price":"2 500 Ft","image_url":"https:\/\/www.meska.hu\/img\/product\/small\/n\/i\/nikiglosshandmade_product_789475_260901082210_852683.png","formatted_url":"https:\/\/www.meska.hu\/p5863535-virag-alaku-kezmuves-illatgyertya-poharban-kulonleges-ajandek","favourite":false,"in_stock":false,"avatar":"789475_avatar_1779088254.jpeg","delete_from":0,"is_enhanced_background":false,"is_enhanced":false,"product_selection_started":false,"is_active":true,"image_webp_url":"https:\/\/www.meska.hu\/img\/product\/small\/n\/i\/nikiglosshandmade_product_789475_260901082210_852683.webp"},{"id":"6350666","shop_id":"53392","user_id":"806081","shop_name":"moonpages","shop_zip":"7632","product_code":"5863533","product_name_old":null,"product_name":"\u0150szi s\u00fct\u0151t\u00f6k\u00f6s illatviasz v\u00e1logat\u00e1s \u2013 8 darab","category_string":"Otthon & \u00c9letm\u00f3d, Gyertya, illat, aroma, Illatviasz","technic_string":"Gyertya-, m\u00e9csesk\u00e9sz\u00edt\u00e9s","category_1":"813","category_2":"415","category_3":"1391","category_4":"0","merged_category_1":null,"merged_category_2":null,"merged_category_3":null,"technic_1":"484","technic_2":"0","technic_3":"0","color_1":"514","color_2":"519","color_3":"0","product_description_old":null,"product_description":"Var\u00e1zsolj meghitt \u0151szi hangulatot otthonodba ezzel a k\u00e9zzel k\u00e9sz\u00fclt, s\u00fct\u0151t\u00f6k form\u00e1j\u00fa illatviasz-v\u00e1logat\u00e1ssal!\n\nA doboz 8 darab, kr\u00e9msz\u00edn\u0171 illatviaszt tartalmaz, melyeket finom, \u0151szies d\u00edsz\u00edt\u00e9s tesz k\u00fcl\u00f6nlegess\u00e9. Viaszmeleg\u00edt\u0151ben haszn\u00e1lva kellemes illattal t\u00f6lti meg a helyis\u00e9get. Mutat\u00f3s csomagol\u00e1s\u00e1nak k\u00f6sz\u00f6nhet\u0151en aj\u00e1nd\u00e9knak is remek v\u00e1laszt\u00e1s.\n\nA k\u00e9zi k\u00e9sz\u00edt\u00e9s miatt az egyes darabok sz\u00edne \u00e9s mint\u00e1zata kis m\u00e9rt\u00e9kben elt\u00e9rhet, \u00edgy minden doboz egyedi.\n\nA csomag tartalma: 8 darab s\u00fct\u0151t\u00f6k form\u00e1j\u00fa illatviasz.\n\nAz illatviasz kiz\u00e1r\u00f3lag viaszmeleg\u00edt\u0151ben haszn\u00e1lhat\u00f3, kan\u00f3cot nem tartalmaz.","price":"2990.00","unit":"db","recommended":"0","status":"1","sponsored":"0","exp_notify":"0","own_material":"0","own_material_description_old":null,"own_material_description":"","jury":"0","jury_number":"","product_nature":"","meskaracsony":"0","create_date":"2026-09-01 07:33:16","shelve_id":"0","image":"moonpages_product_806081_260901072954_120867.png","image_width":"480","image_height":"480","image_alt":"\u0150szi s\u00fct\u0151t\u00f6k\u00f6s illatviasz v\u00e1logat\u00e1s \u2013 8 darab, Var\u00e1zsolj meghitt \u0151szi hangulatot otthonodba ezzel a k\u00e9zzel k\u00e9sz\u00fclt, s\u00fct\u0151t\u00f6k form\u00e1j\u00fa illatviasz-v\u00e1lo..., Meska","image_title":"\u0150szi s\u00fct\u0151t\u00f6k\u00f6s illatviasz v\u00e1logat\u00e1s \u2013 8 darab, Meska","view_count":"13","favourite_count":"0","trending_score":"0","last2MonthFavouriteCount":"0","promotion":"0","giftcard_accept":"0","creditcard_accept":false,"enhanced_background":"0","domain":"meska","specific_customer_id":null,"specific_customer_name":null,"to_order_product":"0","to_order_product_time":"0","product_different":null,"product_different_description":"","vintage":"0","vintage_category_id":"0","recycled":"0","gemstone_id":"0","customizable":"0","type_category":"physical","zerowaste":"0","postage_price":"2390.00","shop_order":"0","has_category":"1","landing_pages":null,"microdata":{"number":24,"category":""},"title":"\u0150szi s\u00fct\u0151t\u00f6k\u00f6s illatviasz v\u00e1logat\u00e1s \u2013 8 darab","description":"Var\u00e1zsolj meghitt \u0151szi hangulatot otthonodba ezzel a k\u00e9zzel k\u00e9sz\u00fclt, s\u00fct\u0151t\u00f6k form\u00e1j\u00fa illatviasz-v\u00e1logat\u00e1ssal!\n\nA doboz 8 darab, kr\u00e9msz\u00edn\u0171 illatviaszt tartalmaz, melyeket finom, \u0151szies d\u00edsz\u00edt\u00e9s tesz k\u00fcl\u00f6nlegess\u00e9. Viaszmeleg\u00edt\u0151ben haszn\u00e1lva kellemes illattal t\u00f6lti meg a helyis\u00e9get. Mutat\u00f3s csomagol\u00e1s\u00e1nak k\u00f6sz\u00f6nhet\u0151en aj\u00e1nd\u00e9knak is remek v\u00e1laszt\u00e1s.\n\nA k\u00e9zi k\u00e9sz\u00edt\u00e9s miatt az egyes darabok sz\u00edne \u00e9s mint\u00e1zata kis m\u00e9rt\u00e9kben elt\u00e9rhet, \u00edgy minden doboz egyedi.\n\nA csomag tartalma: 8 darab s\u00fct\u0151t\u00f6k form\u00e1j\u00fa illatviasz.\n\nAz illatviasz kiz\u00e1r\u00f3lag viaszmeleg\u00edt\u0151ben haszn\u00e1lhat\u00f3, kan\u00f3cot nem tartalmaz.","score":0,"formatted_price":"2 990 Ft","image_url":"https:\/\/www.meska.hu\/img\/product\/small\/m\/o\/moonpages_product_806081_260901072954_120867.png","formatted_url":"https:\/\/www.meska.hu\/p5863533-oszi-sutotokos-illatviasz-valogatas-8-darab","favourite":false,"in_stock":true,"avatar":"806081_avatar_1784414301.png","delete_from":0,"is_enhanced_background":false,"is_enhanced":false,"product_selection_started":false,"is_active":true,"image_webp_url":"https:\/\/www.meska.hu\/img\/product\/small\/m\/o\/moonpages_product_806081_260901072954_120867.webp"},{"id":"4686809","shop_id":"31465","user_id":"400583","shop_name":"TermettMez","shop_zip":"5453","product_code":"4890695","product_name_old":null,"product_name":"\" A sz\u00edv l\u00e1ngja\" m\u00e9hviaszgyertya d\u00edszdobozban","category_string":"Otthon & \u00c9letm\u00f3d, Gyertya, illat, aroma, Gyertya","technic_string":"Gyertya-, m\u00e9csesk\u00e9sz\u00edt\u00e9s","category_1":"813","category_2":"415","category_3":"1388","category_4":"0","merged_category_1":null,"merged_category_2":null,"merged_category_3":null,"technic_1":"484","technic_2":"0","technic_3":"0","color_1":"514","color_2":"523","color_3":"0","product_description_old":null,"product_description":"Csoda sz\u00e9p gyertya kett\u0151 sz\u00edv alak\u00fa gyertya k\u00eds\u00e9ret\u00e9ben.\nA minimalista st\u00edlus kedvel\u0151inek.\n\u00c9g\u0151 piros gyerty\u00e1k d\u00edszdobozba csomagolva a t\u00f6k\u00e9letes sz\u00edvhez sz\u00f3l\u00f3 aj\u00e1nd\u00e9k.\n\nA Valentin-napi \u00fcnnepi vacsora d\u00edszek\u00e9nt a hangulatfelel\u0151s, ezekkel a gyerty\u00e1kkal  m\u00e9g melegebb \u00e9s meghittebb lesz az egy\u00fcttl\u00e9t. \nKit\u0171n\u0151 Valentin-napi aj\u00e1nd\u00e9k amit az aj\u00e1nd\u00e9kozott \u00f6r\u00f6kre meg\u0151rizhet vagy azonnal felhaszn\u00e1lhat az alkalom meg\u00fcnnepl\u00e9s\u00e9re.\n\n\n\nM\u00e9h\u00e9szet\u00fcnkb\u0151l sz\u00e1rmaz\u00f3 100 % termel\u0151i m\u00e9hviaszb\u00f3l k\u00e9sz\u00fclt k\u00e9zm\u0171ves  gyertya.\nM\u00e9rete: 12\u00d74,5 cm.\nA sz\u00edv gyerty\u00e1k m\u00e9rete: 4\u00d74,5 cm.\n\nIsmered a m\u00e9hviaszgyertya eg\u00e9szs\u00e9gre gyakorolt j\u00f3t\u00e9kony hat\u00e1sait?\n\n\u00c9g\u00e9se sor\u00e1n negat\u00edv ionokat bocs\u00e1t a leveg\u0151be, ami nyugtat\u00f3 hat\u00e1s\u00fa, cs\u00f6kkenti a fels\u0151 l\u00e9g\u00fati megbeteged\u00e9sek t\u00fcneteit, fert\u0151tlen\u00edt\u0151, cs\u00edra\u00f6l\u0151 hat\u00e1s\u00fa, bizony\u00edtottan enyh\u00edtheti az asztm\u00e1s t\u00fcneteket. Finom m\u00e9zes illat\u00fa. \nEllenben a t\u00f6megesen gy\u00e1rtott, sokat haszn\u00e1lt \u00e1ltal\u00e1nos paraffin gyertya ami k\u0151olaj sz\u00e1rmaz\u00e9kb\u00f3l k\u00e9sz\u00fcl toxikus anyagokat bocs\u00e1jt ki \u00e9g\u00e9se sor\u00e1n .\n\nMinden term\u00e9k\u00fcnk egyedi, kiz\u00e1r\u00f3lag k\u00e9zzel k\u00e9sz\u00fclt, ebb\u0151l ad\u00f3d\u00f3an, az \u00f6nt\u00e9s sor\u00e1n el\u0151fordulhatnak minim\u00e1lis sz\u00edn \u00e9s m\u00e9retbeli k\u00fcl\u00f6nbs\u00e9gek.\n\n","price":"2200.00","unit":"db","recommended":"0","status":"1","sponsored":"0","exp_notify":"0","own_material":"0","own_material_description_old":null,"own_material_description":"","jury":"0","jury_number":"","product_nature":"","meskaracsony":"0","create_date":"2026-09-01 00:27:00","shelve_id":"0","image":"termettmez_product_400583_230119181529_148626.jpeg","image_width":"480","image_height":"320","image_alt":"\\\" A sz\u00edv l\u00e1ngja\\\" m\u00e9hviaszgyertya d\u00edszdobozban, Csoda sz\u00e9p gyertya kett\u0151 sz\u00edv alak\u00fa gyertya k\u00eds\u00e9ret\u00e9ben.\\nA minimalista st\u00edlus kedvel\u0151inek.\\n\u00c9g\u0151 piros..., Meska","image_title":"\\\" A sz\u00edv l\u00e1ngja\\\" m\u00e9hviaszgyertya d\u00edszdobozban, Meska","view_count":"1258","favourite_count":"0","trending_score":"0","last2MonthFavouriteCount":"0","promotion":"0","giftcard_accept":"0","creditcard_accept":false,"enhanced_background":"0","domain":"meska","specific_customer_id":null,"specific_customer_name":null,"to_order_product":"1","to_order_product_time":"5","product_different":null,"product_different_description":"","vintage":"0","vintage_category_id":"0","recycled":"0","gemstone_id":"0","customizable":"0","type_category":"physical","zerowaste":"0","postage_price":"2200.00","shop_order":"0","has_category":"1","landing_pages":"Aj\u00e1nd\u00e9kok f\u00e9rfiaknak, Aj\u00e1nd\u00e9kok f\u00e9rfiaknak, Aj\u00e1nd\u00e9kok f\u00e9rfiaknak, Valentin-napi aj\u00e1nd\u00e9kok, Valentin-napi aj\u00e1nd\u00e9kok, Valentin-napi aj\u00e1nd\u00e9kok, Valentin-napi aj\u00e1nd\u00e9kok, Valentin-napi aj\u00e1nd\u00e9kok, Valentin-napi aj\u00e1nd\u00e9kok, Valentin-napi aj\u00e1nd\u00e9kok, Valentin-napi aj\u00e1nd\u00e9kok, Valentin-napi aj\u00e1nd\u00e9kok","microdata":{"number":25,"category":""},"title":"\" A sz\u00edv l\u00e1ngja\" m\u00e9hviaszgyertya d\u00edszdobozban","description":"Csoda sz\u00e9p gyertya kett\u0151 sz\u00edv alak\u00fa gyertya k\u00eds\u00e9ret\u00e9ben.\nA minimalista st\u00edlus kedvel\u0151inek.\n\u00c9g\u0151 piros gyerty\u00e1k d\u00edszdobozba csomagolva a t\u00f6k\u00e9letes sz\u00edvhez sz\u00f3l\u00f3 aj\u00e1nd\u00e9k.\n\nA Valentin-napi \u00fcnnepi vacsora d\u00edszek\u00e9nt a hangulatfelel\u0151s, ezekkel a gyerty\u00e1kkal  m\u00e9g melegebb \u00e9s meghittebb lesz az egy\u00fcttl\u00e9t. \nKit\u0171n\u0151 Valentin-napi aj\u00e1nd\u00e9k amit az aj\u00e1nd\u00e9kozott \u00f6r\u00f6kre meg\u0151rizhet vagy azonnal felhaszn\u00e1lhat az alkalom meg\u00fcnnepl\u00e9s\u00e9re.\n\n\n\nM\u00e9h\u00e9szet\u00fcnkb\u0151l sz\u00e1rmaz\u00f3 100 % termel\u0151i m\u00e9hviaszb\u00f3l k\u00e9sz\u00fclt k\u00e9zm\u0171ves  gyertya.\nM\u00e9rete: 12\u00d74,5 cm.\nA sz\u00edv gyerty\u00e1k m\u00e9rete: 4\u00d74,5 cm.\n\nIsmered a m\u00e9hviaszgyertya eg\u00e9szs\u00e9gre gyakorolt j\u00f3t\u00e9kony hat\u00e1sait?\n\n\u00c9g\u00e9se sor\u00e1n negat\u00edv ionokat bocs\u00e1t a leveg\u0151be, ami nyugtat\u00f3 hat\u00e1s\u00fa, cs\u00f6kkenti a fels\u0151 l\u00e9g\u00fati megbeteged\u00e9sek t\u00fcneteit, fert\u0151tlen\u00edt\u0151, cs\u00edra\u00f6l\u0151 hat\u00e1s\u00fa, bizony\u00edtottan enyh\u00edtheti az asztm\u00e1s t\u00fcneteket. Finom m\u00e9zes illat\u00fa. \nEllenben a t\u00f6megesen gy\u00e1rtott, sokat haszn\u00e1lt \u00e1ltal\u00e1nos paraffin gyertya ami k\u0151olaj sz\u00e1rmaz\u00e9kb\u00f3l k\u00e9sz\u00fcl toxikus anyagokat bocs\u00e1jt ki \u00e9g\u00e9se sor\u00e1n .\n\nMinden term\u00e9k\u00fcnk egyedi, kiz\u00e1r\u00f3lag k\u00e9zzel k\u00e9sz\u00fclt, ebb\u0151l ad\u00f3d\u00f3an, az \u00f6nt\u00e9s sor\u00e1n el\u0151fordulhatnak minim\u00e1lis sz\u00edn \u00e9s m\u00e9retbeli k\u00fcl\u00f6nbs\u00e9gek.\n\n","score":0,"formatted_price":"2 200 Ft","image_url":"https:\/\/www.meska.hu\/img\/product\/small\/t\/e\/termettmez_product_400583_230119181529_148626.jpeg","formatted_url":"https:\/\/www.meska.hu\/p4890695-a-sziv-langja-mehviaszgyertya-diszdobozban","favourite":false,"in_stock":false,"avatar":"TermettMez_avatar_400583_1605534037.png","delete_from":0,"is_enhanced_background":false,"is_enhanced":false,"product_selection_started":false,"is_active":true,"image_webp_url":"https:\/\/www.meska.hu\/img\/product\/small\/t\/e\/termettmez_product_400583_230119181529_148626.webp"},{"id":"4686748","shop_id":"31465","user_id":"400583","shop_name":"TermettMez","shop_zip":"5453","product_code":"4890651","product_name_old":null,"product_name":"Piros sz\u00edvek \u00e9s \"A SZ\u00cdV\" m\u00e9hviaszgyertya d\u00edszdobozban","category_string":"Otthon & \u00c9letm\u00f3d, Gyertya, illat, aroma, Gyertya","technic_string":"Gyertya-, m\u00e9csesk\u00e9sz\u00edt\u00e9s","category_1":"813","category_2":"415","category_3":"1388","category_4":"0","merged_category_1":null,"merged_category_2":null,"merged_category_3":null,"technic_1":"484","technic_2":"0","technic_3":"0","color_1":"519","color_2":"523","color_3":"526","product_description_old":null,"product_description":"K\u00fcl\u00f6nleges m\u00e9hviaszgyertya a minimalista st\u00edlus kedvel\u0151inek kett\u0151 darab piros sz\u00edn\u0171 m\u00e9hviaszgyerty\u00e1val.\n\"Szeretlek\"  fa d\u00edsszel sz\u00edvecsk\u00e9s dobozon.\n Valentin-napra k\u00e9sz\u00fclt de m\u00e1s alaklomra is egyszer\u0171, egyedi, k\u00fcl\u00f6nleges \u00e9s eg\u00e9szs\u00e9ges aj\u00e1nd\u00e9k.\n\nM\u00e9h\u00e9szet\u00fcnkb\u0151l sz\u00e1rmaz\u00f3 100 % termel\u0151i m\u00e9hviaszb\u00f3l k\u00e9sz\u00fclt k\u00e9zm\u0171ves  gyertya.\nM\u00e9rete: 8\u00d75 cm.\nA piros sz\u00edv gyerty\u00e1k m\u00e9rete : 4,5\u00d74 cm.\n\nIsmered a m\u00e9hviaszgyertya eg\u00e9szs\u00e9gre gyakorolt j\u00f3t\u00e9kony hat\u00e1sait?\n\n\u00c9g\u00e9se sor\u00e1n negat\u00edv ionokat bocs\u00e1t a leveg\u0151be, ami nyugtat\u00f3 hat\u00e1s\u00fa, cs\u00f6kkenti a fels\u0151 l\u00e9g\u00fati megbeteged\u00e9sek t\u00fcneteit, fert\u0151tlen\u00edt\u0151, cs\u00edra\u00f6l\u0151 hat\u00e1s\u00fa, bizony\u00edtottan enyh\u00edtheti az asztm\u00e1s t\u00fcneteket. Finom m\u00e9zes illat\u00fa. \nEllenben a t\u00f6megesen gy\u00e1rtott, sokat haszn\u00e1lt \u00e1ltal\u00e1nos paraffin gyertya ami k\u0151olaj sz\u00e1rmaz\u00e9kb\u00f3l k\u00e9sz\u00fcl toxikus anyagokat bocs\u00e1jt ki \u00e9g\u00e9se sor\u00e1n .\n\nMinden term\u00e9k\u00fcnk egyedi, kiz\u00e1r\u00f3lag k\u00e9zzel k\u00e9sz\u00fclt, ebb\u0151l ad\u00f3d\u00f3an, az \u00f6nt\u00e9s sor\u00e1n el\u0151fordulhatnak minim\u00e1lis sz\u00edn \u00e9s m\u00e9retbeli k\u00fcl\u00f6nbs\u00e9gek.\n\n","price":"1900.00","unit":"db","recommended":"0","status":"1","sponsored":"0","exp_notify":"0","own_material":"0","own_material_description_old":null,"own_material_description":"","jury":"0","jury_number":"","product_nature":"","meskaracsony":"0","create_date":"2026-08-31 23:26:58","shelve_id":"0","image":"termettmez_product_400583_230119170917_446847.jpeg","image_width":"480","image_height":"320","image_alt":"Piros sz\u00edvek \u00e9s \\\"A SZ\u00cdV\\\" m\u00e9hviaszgyertya d\u00edszdobozban, K\u00fcl\u00f6nleges m\u00e9hviaszgyertya a minimalista st\u00edlus kedvel\u0151inek kett\u0151 darab piros sz\u00edn\u0171 m\u00e9hviaszgyerty\u00e1v..., Meska","image_title":"Piros sz\u00edvek \u00e9s \\\"A SZ\u00cdV\\\" m\u00e9hviaszgyertya d\u00edszdobozban, Meska","view_count":"867","favourite_count":"0","trending_score":"0","last2MonthFavouriteCount":"0","promotion":"0","giftcard_accept":"0","creditcard_accept":false,"enhanced_background":"0","domain":"meska","specific_customer_id":null,"specific_customer_name":null,"to_order_product":"1","to_order_product_time":"5","product_different":null,"product_different_description":"","vintage":"0","vintage_category_id":"0","recycled":"0","gemstone_id":"0","customizable":"0","type_category":"physical","zerowaste":"0","postage_price":"2200.00","shop_order":"0","has_category":"1","landing_pages":null,"microdata":{"number":26,"category":""},"title":"Piros sz\u00edvek \u00e9s \"A SZ\u00cdV\" m\u00e9hviaszgyertya d\u00edszdobozban","description":"K\u00fcl\u00f6nleges m\u00e9hviaszgyertya a minimalista st\u00edlus kedvel\u0151inek kett\u0151 darab piros sz\u00edn\u0171 m\u00e9hviaszgyerty\u00e1val.\n\"Szeretlek\"  fa d\u00edsszel sz\u00edvecsk\u00e9s dobozon.\n Valentin-napra k\u00e9sz\u00fclt de m\u00e1s alaklomra is egyszer\u0171, egyedi, k\u00fcl\u00f6nleges \u00e9s eg\u00e9szs\u00e9ges aj\u00e1nd\u00e9k.\n\nM\u00e9h\u00e9szet\u00fcnkb\u0151l sz\u00e1rmaz\u00f3 100 % termel\u0151i m\u00e9hviaszb\u00f3l k\u00e9sz\u00fclt k\u00e9zm\u0171ves  gyertya.\nM\u00e9rete: 8\u00d75 cm.\nA piros sz\u00edv gyerty\u00e1k m\u00e9rete : 4,5\u00d74 cm.\n\nIsmered a m\u00e9hviaszgyertya eg\u00e9szs\u00e9gre gyakorolt j\u00f3t\u00e9kony hat\u00e1sait?\n\n\u00c9g\u00e9se sor\u00e1n negat\u00edv ionokat bocs\u00e1t a leveg\u0151be, ami nyugtat\u00f3 hat\u00e1s\u00fa, cs\u00f6kkenti a fels\u0151 l\u00e9g\u00fati megbeteged\u00e9sek t\u00fcneteit, fert\u0151tlen\u00edt\u0151, cs\u00edra\u00f6l\u0151 hat\u00e1s\u00fa, bizony\u00edtottan enyh\u00edtheti az asztm\u00e1s t\u00fcneteket. Finom m\u00e9zes illat\u00fa. \nEllenben a t\u00f6megesen gy\u00e1rtott, sokat haszn\u00e1lt \u00e1ltal\u00e1nos paraffin gyertya ami k\u0151olaj sz\u00e1rmaz\u00e9kb\u00f3l k\u00e9sz\u00fcl toxikus anyagokat bocs\u00e1jt ki \u00e9g\u00e9se sor\u00e1n .\n\nMinden term\u00e9k\u00fcnk egyedi, kiz\u00e1r\u00f3lag k\u00e9zzel k\u00e9sz\u00fclt, ebb\u0151l ad\u00f3d\u00f3an, az \u00f6nt\u00e9s sor\u00e1n el\u0151fordulhatnak minim\u00e1lis sz\u00edn \u00e9s m\u00e9retbeli k\u00fcl\u00f6nbs\u00e9gek.\n\n","score":0,"formatted_price":"1 900 Ft","image_url":"https:\/\/www.meska.hu\/img\/product\/small\/t\/e\/termettmez_product_400583_230119170917_446847.jpeg","formatted_url":"https:\/\/www.meska.hu\/p4890651-piros-szivek-es-a-sziv-mehviaszgyertya-diszdobozban","favourite":false,"in_stock":false,"avatar":"TermettMez_avatar_400583_1605534037.png","delete_from":0,"is_enhanced_background":false,"is_enhanced":false,"product_selection_started":false,"is_active":true,"image_webp_url":"https:\/\/www.meska.hu\/img\/product\/small\/t\/e\/termettmez_product_400583_230119170917_446847.webp"},{"id":"6345305","shop_id":"50124","user_id":"742200","shop_name":"FarmgirlsBUDA","shop_zip":"1026","product_code":"5859370","product_name_old":null,"product_name":"BLOOM BOX Nude sz\u00f3javiasz vir\u00e1gbox sz\u00fclet\u00e9snapi \u00e9s sz\u00fcl\u0151k\u00f6sz\u00f6nt\u0151 aj\u00e1nd\u00e9k","category_string":"Esk\u00fcv\u0151, Eml\u00e9k & Aj\u00e1nd\u00e9k, Sz\u00fcl\u0151k\u00f6sz\u00f6nt\u0151 aj\u00e1nd\u00e9k","technic_string":"Gyertya-, m\u00e9csesk\u00e9sz\u00edt\u00e9s","category_1":"317","category_2":"905","category_3":"1069","category_4":"0","merged_category_1":null,"merged_category_2":null,"merged_category_3":null,"technic_1":"484","technic_2":"0","technic_3":"0","color_1":"514","color_2":"515","color_3":"519","product_description_old":null,"product_description":"Vir\u00e1gbox ami nem hervad el \ud83e\udd0e\n\nA BLOOM BOX Nude egy k\u00fcl\u00f6nleges vir\u00e1gkompoz\u00edci\u00f3, amelyben a r\u00f3zs\u00e1k \u00e9s vir\u00e1gok sz\u00f3javiaszb\u00f3l k\u00e9sz\u00fclnek. Kr\u00e9m, b\u00e9zs \u00e9s nude \u00e1rnyalatai miatt egyszerre modern \u00e9s id\u0151t\u00e1ll\u00f3 \u2013 gy\u00f6ny\u00f6r\u0171 aj\u00e1nd\u00e9k annak, akinek a szok\u00e1sos vir\u00e1gcsokorn\u00e1l valami maradand\u00f3bbat adn\u00e1l.\n\n\ud83c\udf82 Sz\u00fclet\u00e9snapra k\u00fcl\u00f6nleges meglepet\u00e9s\n\ud83e\udd0d Sz\u00fcl\u0151k\u00f6sz\u00f6nt\u0151nek eml\u00e9k az esk\u00fcv\u0151 napj\u00e1r\u00f3l\n\ud83c\udf38 Anyuk\u00e1nak, bar\u00e1tn\u0151nek vagy k\u00f6sz\u00f6netaj\u00e1nd\u00e9knak is sz\u00e9p v\u00e1laszt\u00e1s\n\nA vir\u00e1gok term\u00e9szetes sz\u00f3javiaszb\u00f3l, pamutkan\u00f3ccal, gyertyak\u00e9sz\u00edt\u00e9shez bevizsg\u00e1lt illatolaj felhaszn\u00e1l\u00e1s\u00e1val k\u00e9sz\u00fclnek.\n\nA nude sz\u00ednvil\u00e1g mellett m\u00e1s \u00e1rnyalatban is k\u00e9rheted, \u00edgy sz\u00fcl\u0151k\u00f6sz\u00f6nt\u0151 aj\u00e1nd\u00e9kn\u00e1l ak\u00e1r az esk\u00fcv\u0151 sz\u00edneihez is igaz\u00edthatjuk a kompoz\u00edci\u00f3t.\n\nMinden box vir\u00e1gkompoz\u00edci\u00f3ja kiss\u00e9 elt\u00e9rhet, hiszen az egyes vir\u00e1gokat \u00e9s kieg\u00e9sz\u00edt\u0151ket \u00fagy v\u00e1logatjuk \u00f6ssze, hogy harmonikus legyen az \u00f6sszhat\u00e1s.\n\n\ud83c\udf81 Kerek d\u00edszdobozban\n\ud83c\udf3f Sz\u00f3javiasz vir\u00e1gokkal\n\ud83e\udd0e Nude kr\u00e9m \u00e9s b\u00e9zs \u00e1rnyalatokban\n\ud83c\udfa8 Egyedi sz\u00ednvil\u00e1g is k\u00e9rhet\u0151\n\ud83d\udd6f\ufe0f Dekor\u00e1ci\u00f3k\u00e9nt \u00e9s gyertyak\u00e9nt is haszn\u00e1lhat\u00f3\n\nAj\u00e1nd\u00e9k vir\u00e1g helyett azoknak, akik valami maradand\u00f3bbat szeretn\u00e9nek.\n\n\n\n","price":"12900.00","unit":"db","recommended":"0","status":"1","sponsored":"0","exp_notify":"0","own_material":"0","own_material_description_old":null,"own_material_description":"","jury":"0","jury_number":"","product_nature":"","meskaracsony":"0","create_date":"2026-08-31 23:14:24","shelve_id":"0","image":"farmgirlsbuda_product_742200_260830075028_144161.jpeg","image_width":"480","image_height":"480","image_alt":"BLOOM BOX Nude sz\u00f3javiasz vir\u00e1gbox sz\u00fclet\u00e9snapi \u00e9s sz\u00fcl\u0151k\u00f6sz\u00f6nt\u0151 aj\u00e1nd\u00e9k, Vir\u00e1gbox ami nem hervad el \ud83e\udd0e\\n\\nA BLOOM BOX Nude egy k\u00fcl\u00f6nleges vir\u00e1gkompoz\u00edci\u00f3, amelyben a r\u00f3zs\u00e1k \u00e9s ..., Meska","image_title":"BLOOM BOX Nude sz\u00f3javiasz vir\u00e1gbox sz\u00fclet\u00e9snapi \u00e9s sz\u00fcl\u0151k\u00f6sz\u00f6nt\u0151 aj\u00e1nd\u00e9k, Meska","view_count":"39","favourite_count":"2","trending_score":"0","last2MonthFavouriteCount":"2","promotion":"0","giftcard_accept":"0","creditcard_accept":true,"enhanced_background":"0","domain":"meska","specific_customer_id":null,"specific_customer_name":null,"to_order_product":"1","to_order_product_time":"3","product_different":null,"product_different_description":"","vintage":"0","vintage_category_id":"0","recycled":"0","gemstone_id":"0","customizable":"1","type_category":"physical","zerowaste":"0","postage_price":"1290.00","shop_order":"0","has_category":"1","landing_pages":null,"microdata":{"number":27,"category":""},"title":"BLOOM BOX Nude sz\u00f3javiasz vir\u00e1gbox sz\u00fclet\u00e9snapi \u00e9s sz\u00fcl\u0151k\u00f6sz\u00f6nt\u0151 aj\u00e1nd\u00e9k","description":"Vir\u00e1gbox ami nem hervad el \ud83e\udd0e\n\nA BLOOM BOX Nude egy k\u00fcl\u00f6nleges vir\u00e1gkompoz\u00edci\u00f3, amelyben a r\u00f3zs\u00e1k \u00e9s vir\u00e1gok sz\u00f3javiaszb\u00f3l k\u00e9sz\u00fclnek. Kr\u00e9m, b\u00e9zs \u00e9s nude \u00e1rnyalatai miatt egyszerre modern \u00e9s id\u0151t\u00e1ll\u00f3 \u2013 gy\u00f6ny\u00f6r\u0171 aj\u00e1nd\u00e9k annak, akinek a szok\u00e1sos vir\u00e1gcsokorn\u00e1l valami maradand\u00f3bbat adn\u00e1l.\n\n\ud83c\udf82 Sz\u00fclet\u00e9snapra k\u00fcl\u00f6nleges meglepet\u00e9s\n\ud83e\udd0d Sz\u00fcl\u0151k\u00f6sz\u00f6nt\u0151nek eml\u00e9k az esk\u00fcv\u0151 napj\u00e1r\u00f3l\n\ud83c\udf38 Anyuk\u00e1nak, bar\u00e1tn\u0151nek vagy k\u00f6sz\u00f6netaj\u00e1nd\u00e9knak is sz\u00e9p v\u00e1laszt\u00e1s\n\nA vir\u00e1gok term\u00e9szetes sz\u00f3javiaszb\u00f3l, pamutkan\u00f3ccal, gyertyak\u00e9sz\u00edt\u00e9shez bevizsg\u00e1lt illatolaj felhaszn\u00e1l\u00e1s\u00e1val k\u00e9sz\u00fclnek.\n\nA nude sz\u00ednvil\u00e1g mellett m\u00e1s \u00e1rnyalatban is k\u00e9rheted, \u00edgy sz\u00fcl\u0151k\u00f6sz\u00f6nt\u0151 aj\u00e1nd\u00e9kn\u00e1l ak\u00e1r az esk\u00fcv\u0151 sz\u00edneihez is igaz\u00edthatjuk a kompoz\u00edci\u00f3t.\n\nMinden box vir\u00e1gkompoz\u00edci\u00f3ja kiss\u00e9 elt\u00e9rhet, hiszen az egyes vir\u00e1gokat \u00e9s kieg\u00e9sz\u00edt\u0151ket \u00fagy v\u00e1logatjuk \u00f6ssze, hogy harmonikus legyen az \u00f6sszhat\u00e1s.\n\n\ud83c\udf81 Kerek d\u00edszdobozban\n\ud83c\udf3f Sz\u00f3javiasz vir\u00e1gokkal\n\ud83e\udd0e Nude kr\u00e9m \u00e9s b\u00e9zs \u00e1rnyalatokban\n\ud83c\udfa8 Egyedi sz\u00ednvil\u00e1g is k\u00e9rhet\u0151\n\ud83d\udd6f\ufe0f Dekor\u00e1ci\u00f3k\u00e9nt \u00e9s gyertyak\u00e9nt is haszn\u00e1lhat\u00f3\n\nAj\u00e1nd\u00e9k vir\u00e1g helyett azoknak, akik valami maradand\u00f3bbat szeretn\u00e9nek.\n\n\n\n","score":0,"formatted_price":"12 900 Ft","image_url":"https:\/\/www.meska.hu\/img\/product\/small\/f\/a\/farmgirlsbuda_product_742200_260830075028_144161.jpeg","formatted_url":"https:\/\/www.meska.hu\/p5859370-bloom-box-nude-szojaviasz-viragbox-szuletesnapi-es-szulokoszonto-ajandek","favourite":false,"in_stock":false,"avatar":"742200_avatar_1757868014.png","delete_from":0,"is_enhanced_background":false,"is_enhanced":false,"product_selection_started":false,"is_active":true,"image_webp_url":"https:\/\/www.meska.hu\/img\/product\/small\/f\/a\/farmgirlsbuda_product_742200_260830075028_144161.webp"},{"id":"4686695","shop_id":"31465","user_id":"400583","shop_name":"TermettMez","shop_zip":"5453","product_code":"4890613","product_name_old":null,"product_name":"\"A SZ\u00cdV\"  m\u00e9hviaszgyertya d\u00edszdobozban","category_string":"Otthon & \u00c9letm\u00f3d, Gyertya, illat, aroma, Gyertya","technic_string":"Gyertya-, m\u00e9csesk\u00e9sz\u00edt\u00e9s","category_1":"813","category_2":"415","category_3":"1388","category_4":"0","merged_category_1":null,"merged_category_2":null,"merged_category_3":null,"technic_1":"484","technic_2":"0","technic_3":"0","color_1":"519","color_2":"523","color_3":"526","product_description_old":null,"product_description":"K\u00fcl\u00f6nleges m\u00e9hviaszgyertya a minimalista st\u00edlus kedvel\u0151inek.\n\"Szeretlek\"  fa d\u00edsszel sz\u00edvecsk\u00e9s dobozon.\n Valentin-napra k\u00e9sz\u00fclt de m\u00e1s alaklomra is egyszer\u0171, egyedi, k\u00fcl\u00f6nleges \u00e9s eg\u00e9szs\u00e9ges aj\u00e1nd\u00e9k.\n\nM\u00e9h\u00e9szet\u00fcnkb\u0151l sz\u00e1rmaz\u00f3 100 % termel\u0151i m\u00e9hviaszb\u00f3l k\u00e9sz\u00fclt k\u00e9zm\u0171ves  gyertya.\nM\u00e9rete: 8\u00d75 cm.\n\nIsmered a m\u00e9hviaszgyertya eg\u00e9szs\u00e9gre gyakorolt j\u00f3t\u00e9kony hat\u00e1sait?\n\n\u00c9g\u00e9se sor\u00e1n negat\u00edv ionokat bocs\u00e1t a leveg\u0151be, ami nyugtat\u00f3 hat\u00e1s\u00fa, cs\u00f6kkenti a fels\u0151 l\u00e9g\u00fati megbeteged\u00e9sek t\u00fcneteit, fert\u0151tlen\u00edt\u0151, cs\u00edra\u00f6l\u0151 hat\u00e1s\u00fa, bizony\u00edtottan enyh\u00edtheti az asztm\u00e1s t\u00fcneteket. Finom m\u00e9zes illat\u00fa. \nEllenben a t\u00f6megesen gy\u00e1rtott, sokat haszn\u00e1lt \u00e1ltal\u00e1nos paraffin gyertya ami k\u0151olaj sz\u00e1rmaz\u00e9kb\u00f3l k\u00e9sz\u00fcl toxikus anyagokat bocs\u00e1jt ki \u00e9g\u00e9se sor\u00e1n .\n\nMinden term\u00e9k\u00fcnk egyedi, kiz\u00e1r\u00f3lag k\u00e9zzel k\u00e9sz\u00fclt, ebb\u0151l ad\u00f3d\u00f3an, az \u00f6nt\u00e9s sor\u00e1n el\u0151fordulhatnak minim\u00e1lis sz\u00edn \u00e9s m\u00e9retbeli k\u00fcl\u00f6nbs\u00e9gek.\n\n","price":"1500.00","unit":"db","recommended":"0","status":"1","sponsored":"0","exp_notify":"0","own_material":"0","own_material_description_old":null,"own_material_description":"","jury":"0","jury_number":"","product_nature":"","meskaracsony":"0","create_date":"2026-08-31 22:26:54","shelve_id":"0","image":"termettmez_product_400583_230119164741_25096.jpeg","image_width":"480","image_height":"338","image_alt":"\\\"A SZ\u00cdV\\\"  m\u00e9hviaszgyertya d\u00edszdobozban, K\u00fcl\u00f6nleges m\u00e9hviaszgyertya a minimalista st\u00edlus kedvel\u0151inek.\\n\\\"Szeretlek\\\"  fa d\u00edsszel sz\u00edvecsk\u00e9s dobo..., Meska","image_title":"\\\"A SZ\u00cdV\\\"  m\u00e9hviaszgyertya d\u00edszdobozban, Meska","view_count":"720","favourite_count":"0","trending_score":"0","last2MonthFavouriteCount":"0","promotion":"0","giftcard_accept":"0","creditcard_accept":false,"enhanced_background":"0","domain":"meska","specific_customer_id":null,"specific_customer_name":null,"to_order_product":"1","to_order_product_time":"5","product_different":null,"product_different_description":"","vintage":"0","vintage_category_id":"0","recycled":"0","gemstone_id":"0","customizable":"0","type_category":"physical","zerowaste":"0","postage_price":"2200.00","shop_order":"0","has_category":"1","landing_pages":null,"microdata":{"number":28,"category":""},"title":"\"A SZ\u00cdV\"  m\u00e9hviaszgyertya d\u00edszdobozban","description":"K\u00fcl\u00f6nleges m\u00e9hviaszgyertya a minimalista st\u00edlus kedvel\u0151inek.\n\"Szeretlek\"  fa d\u00edsszel sz\u00edvecsk\u00e9s dobozon.\n Valentin-napra k\u00e9sz\u00fclt de m\u00e1s alaklomra is egyszer\u0171, egyedi, k\u00fcl\u00f6nleges \u00e9s eg\u00e9szs\u00e9ges aj\u00e1nd\u00e9k.\n\nM\u00e9h\u00e9szet\u00fcnkb\u0151l sz\u00e1rmaz\u00f3 100 % termel\u0151i m\u00e9hviaszb\u00f3l k\u00e9sz\u00fclt k\u00e9zm\u0171ves  gyertya.\nM\u00e9rete: 8\u00d75 cm.\n\nIsmered a m\u00e9hviaszgyertya eg\u00e9szs\u00e9gre gyakorolt j\u00f3t\u00e9kony hat\u00e1sait?\n\n\u00c9g\u00e9se sor\u00e1n negat\u00edv ionokat bocs\u00e1t a leveg\u0151be, ami nyugtat\u00f3 hat\u00e1s\u00fa, cs\u00f6kkenti a fels\u0151 l\u00e9g\u00fati megbeteged\u00e9sek t\u00fcneteit, fert\u0151tlen\u00edt\u0151, cs\u00edra\u00f6l\u0151 hat\u00e1s\u00fa, bizony\u00edtottan enyh\u00edtheti az asztm\u00e1s t\u00fcneteket. Finom m\u00e9zes illat\u00fa. \nEllenben a t\u00f6megesen gy\u00e1rtott, sokat haszn\u00e1lt \u00e1ltal\u00e1nos paraffin gyertya ami k\u0151olaj sz\u00e1rmaz\u00e9kb\u00f3l k\u00e9sz\u00fcl toxikus anyagokat bocs\u00e1jt ki \u00e9g\u00e9se sor\u00e1n .\n\nMinden term\u00e9k\u00fcnk egyedi, kiz\u00e1r\u00f3lag k\u00e9zzel k\u00e9sz\u00fclt, ebb\u0151l ad\u00f3d\u00f3an, az \u00f6nt\u00e9s sor\u00e1n el\u0151fordulhatnak minim\u00e1lis sz\u00edn \u00e9s m\u00e9retbeli k\u00fcl\u00f6nbs\u00e9gek.\n\n","score":0,"formatted_price":"1 500 Ft","image_url":"https:\/\/www.meska.hu\/img\/product\/small\/t\/e\/termettmez_product_400583_230119164741_25096.jpeg","formatted_url":"https:\/\/www.meska.hu\/p4890613-a-sziv-mehviaszgyertya-diszdobozban","favourite":false,"in_stock":false,"avatar":"TermettMez_avatar_400583_1605534037.png","delete_from":0,"is_enhanced_background":false,"is_enhanced":false,"product_selection_started":false,"is_active":true,"image_webp_url":"https:\/\/www.meska.hu\/img\/product\/small\/t\/e\/termettmez_product_400583_230119164741_25096.webp"},{"id":"6207708","shop_id":"48228","user_id":"705110","shop_name":"HJDCandle","shop_zip":"1037","product_code":"5782032","product_name_old":null,"product_name":"Ballag\u00e1si \u00e9s \u00e9vz\u00e1r\u00f3 magn\u00f3lia illatgyertya pedag\u00f3gusoknak, \u00f3v\u00f3n\u00e9niknek \u2013 n\u00e9vre sz\u00f3l\u00f3 aj\u00e1nd\u00e9k","category_string":"Esk\u00fcv\u0151, Eml\u00e9k & Aj\u00e1nd\u00e9k, K\u00f6sz\u00f6n\u0151aj\u00e1nd\u00e9k","technic_string":"Gyertya-, m\u00e9csesk\u00e9sz\u00edt\u00e9s","category_1":"317","category_2":"905","category_3":"1068","category_4":"0","merged_category_1":null,"merged_category_2":null,"merged_category_3":null,"technic_1":"484","technic_2":"0","technic_3":"0","color_1":"519","color_2":"0","color_3":"0","product_description_old":null,"product_description":"K\u00fcl\u00f6nleges, n\u00e9vre sz\u00f3l\u00f3 aj\u00e1nd\u00e9k \u00f3v\u00f3n\u0151knek, tan\u00edt\u00f3knak, dajk\u00e1knak \u00e9s gondoz\u00f3knak \u00e9v v\u00e9g\u00e9re vagy ballag\u00e1sra.\nK\u00e9zm\u0171ves sz\u00f3jagyerty\u00e1ink eleg\u00e1ns \u00fcvegben k\u00e9sz\u00fclnek, kisfi\u00fas vagy kisl\u00e1nyos masnival d\u00edsz\u00edtve, finom magn\u00f3lia illattal.\n\nA magn\u00f3lia illata l\u00e1gy, vir\u00e1gos \u00e9s eleg\u00e1ns, friss tavaszi hangulatot id\u00e9z, amely egyszerre nyugtat\u00f3 \u00e9s k\u00fcl\u00f6nleges.\nMinden gyertya szem\u00e9lyes \u00fczenettel \u00e9s n\u00e9vvel k\u00e9rhet\u0151, \u00edgy igaz\u00e1n sz\u00edvhez sz\u00f3l\u00f3 eml\u00e9k marad annak, aki eg\u00e9sz \u00e9vben szeretettel foglalkozott a gyermekekkel.\n\nA saj\u00e1t sz\u00f6veget rendel\u00e9skor a \u201eTet\u0151 felirat\u201d \u00e9s\/vagy \u201eOldalfelirat\u201d mez\u0151be tudod be\u00edrni.\n\nAz \u00fczenet hossza:\n\u2022 40 ml-es gyertya eset\u00e9n maximum 50 karakter\n\u2022 105 ml-es gyertya eset\u00e9n maximum 90 karakter\n\n\u00dczenet\u00f6tletek:\n\u2022 K\u00f6sz\u00f6n\u00f6m, hogy eg\u00e9sz \u00e9vben vigy\u00e1zt\u00e1l r\u00e1m!\n\u2022 Szerettem hozz\u00e1d j\u00e1rni!\n\u2022 K\u00f6sz\u00f6n\u00f6m a sok \u00f6lel\u00e9st \u00e9s mosolyt!\n\u2022 Mindig eml\u00e9kezni fogok r\u00e1d!\n\u2022 K\u00f6sz\u00f6n\u00f6m, hogy ennyit tan\u00edtott\u00e1l nekem!\n\u2022 Nagyon szeretlek, k\u00f6sz\u00f6n\u00f6m a sok j\u00f3t!\n\u2022 K\u00f6sz\u00f6n\u00f6m, hogy mindig seg\u00edtett\u00e9l nekem!\n\u2022 J\u00f3 volt veled minden nap!\n\u2022 Te vagy a legjobb \u00f3v\u00f3 n\u00e9ni!\n\u2022 Nagyon fogsz hi\u00e1nyozni!","price":"485.00","unit":"db","recommended":"0","status":"1","sponsored":"0","exp_notify":"0","own_material":"0","own_material_description_old":null,"own_material_description":"","jury":"0","jury_number":"","product_nature":"","meskaracsony":"0","create_date":"2026-08-31 21:14:43","shelve_id":"0","image":"hjdcandle_product_705110_260510101159_254735.jpeg","image_width":"480","image_height":"413","image_alt":"Ballag\u00e1si \u00e9s \u00e9vz\u00e1r\u00f3 magn\u00f3lia illatgyertya pedag\u00f3gusoknak, \u00f3v\u00f3n\u00e9niknek \u2013 n\u00e9vre sz\u00f3l\u00f3 aj\u00e1nd\u00e9k, K\u00fcl\u00f6nleges, n\u00e9vre sz\u00f3l\u00f3 aj\u00e1nd\u00e9k \u00f3v\u00f3n\u0151knek, tan\u00edt\u00f3knak, dajk\u00e1knak \u00e9s gondoz\u00f3knak \u00e9v v\u00e9g\u00e9re vagy balla..., Meska","image_title":"Ballag\u00e1si \u00e9s \u00e9vz\u00e1r\u00f3 magn\u00f3lia illatgyertya pedag\u00f3gusoknak, \u00f3v\u00f3n\u00e9niknek \u2013 n\u00e9vre sz\u00f3l\u00f3 aj\u00e1nd\u00e9k, Meska","view_count":"2915","favourite_count":"0","trending_score":"0","last2MonthFavouriteCount":"1","promotion":"0","giftcard_accept":"0","creditcard_accept":true,"enhanced_background":"0","domain":"meska","specific_customer_id":null,"specific_customer_name":null,"to_order_product":"0","to_order_product_time":"0","product_different":null,"product_different_description":"","vintage":"0","vintage_category_id":"0","recycled":"0","gemstone_id":"0","customizable":"1","type_category":"physical","zerowaste":"0","postage_price":"2390.00","shop_order":"0","has_category":"1","landing_pages":null,"microdata":{"number":29,"category":""},"title":"Ballag\u00e1si \u00e9s \u00e9vz\u00e1r\u00f3 magn\u00f3lia illatgyertya pedag\u00f3gusoknak, \u00f3v\u00f3n\u00e9niknek \u2013 n\u00e9vre sz\u00f3l\u00f3 aj\u00e1nd\u00e9k","description":"K\u00fcl\u00f6nleges, n\u00e9vre sz\u00f3l\u00f3 aj\u00e1nd\u00e9k \u00f3v\u00f3n\u0151knek, tan\u00edt\u00f3knak, dajk\u00e1knak \u00e9s gondoz\u00f3knak \u00e9v v\u00e9g\u00e9re vagy ballag\u00e1sra.\nK\u00e9zm\u0171ves sz\u00f3jagyerty\u00e1ink eleg\u00e1ns \u00fcvegben k\u00e9sz\u00fclnek, kisfi\u00fas vagy kisl\u00e1nyos masnival d\u00edsz\u00edtve, finom magn\u00f3lia illattal.\n\nA magn\u00f3lia illata l\u00e1gy, vir\u00e1gos \u00e9s eleg\u00e1ns, friss tavaszi hangulatot id\u00e9z, amely egyszerre nyugtat\u00f3 \u00e9s k\u00fcl\u00f6nleges.\nMinden gyertya szem\u00e9lyes \u00fczenettel \u00e9s n\u00e9vvel k\u00e9rhet\u0151, \u00edgy igaz\u00e1n sz\u00edvhez sz\u00f3l\u00f3 eml\u00e9k marad annak, aki eg\u00e9sz \u00e9vben szeretettel foglalkozott a gyermekekkel.\n\nA saj\u00e1t sz\u00f6veget rendel\u00e9skor a \u201eTet\u0151 felirat\u201d \u00e9s\/vagy \u201eOldalfelirat\u201d mez\u0151be tudod be\u00edrni.\n\nAz \u00fczenet hossza:\n\u2022 40 ml-es gyertya eset\u00e9n maximum 50 karakter\n\u2022 105 ml-es gyertya eset\u00e9n maximum 90 karakter\n\n\u00dczenet\u00f6tletek:\n\u2022 K\u00f6sz\u00f6n\u00f6m, hogy eg\u00e9sz \u00e9vben vigy\u00e1zt\u00e1l r\u00e1m!\n\u2022 Szerettem hozz\u00e1d j\u00e1rni!\n\u2022 K\u00f6sz\u00f6n\u00f6m a sok \u00f6lel\u00e9st \u00e9s mosolyt!\n\u2022 Mindig eml\u00e9kezni fogok r\u00e1d!\n\u2022 K\u00f6sz\u00f6n\u00f6m, hogy ennyit tan\u00edtott\u00e1l nekem!\n\u2022 Nagyon szeretlek, k\u00f6sz\u00f6n\u00f6m a sok j\u00f3t!\n\u2022 K\u00f6sz\u00f6n\u00f6m, hogy mindig seg\u00edtett\u00e9l nekem!\n\u2022 J\u00f3 volt veled minden nap!\n\u2022 Te vagy a legjobb \u00f3v\u00f3 n\u00e9ni!\n\u2022 Nagyon fogsz hi\u00e1nyozni!","score":0,"formatted_price":"485 Ft","image_url":"https:\/\/www.meska.hu\/img\/product\/small\/h\/j\/hjdcandle_product_705110_260510101159_254735.jpeg","formatted_url":"https:\/\/www.meska.hu\/p5782032-ballagasi-es-evzaro-magnolia-illatgyertya-pedagogusoknak-ovoneniknek-nevre-szolo-ajandek","favourite":false,"in_stock":true,"avatar":"","delete_from":0,"is_enhanced_background":false,"is_enhanced":false,"product_selection_started":false,"is_active":true,"image_webp_url":"https:\/\/www.meska.hu\/img\/product\/small\/h\/j\/hjdcandle_product_705110_260510101159_254735.webp"},{"id":"6350428","shop_id":"53454","user_id":"808693","shop_name":"ReOrganicStudio","shop_zip":"1092","product_code":"5863439","product_name_old":null,"product_name":"PiciL\u00e1ng \u2013 mini sz\u00f3jagyertya, v\u00e1laszthat\u00f3 illattal","category_string":"Otthon & \u00c9letm\u00f3d, Gyertya, illat, aroma, Gyertya","technic_string":"Gyertya-, m\u00e9csesk\u00e9sz\u00edt\u00e9s","category_1":"813","category_2":"415","category_3":"1388","category_4":"0","merged_category_1":null,"merged_category_2":null,"merged_category_3":null,"technic_1":"484","technic_2":"0","technic_3":"0","color_1":"515","color_2":"519","color_3":"0","product_description_old":null,"product_description":"A PiciL\u00e1ng egy apr\u00f3 sz\u00f3jagyertya azoknak, akik szeretn\u00e9nek egy \u00faj illatot kipr\u00f3b\u00e1lni, miel\u0151tt nagyobb gyerty\u00e1t v\u00e1lasztanak \u2013 vagy egyszer\u0171en csak j\u00f3l esne egy pici, illatos hangulatf\u00e9ny.\n\nA 65 ml-es, \u00e1tl\u00e1tsz\u00f3 \u00fcveg \u00e9s a nat\u00far fa tet\u0151 egyszer\u0171, term\u00e9szetes megjelen\u00e9st ad neki, \u00edgy kis aj\u00e1nd\u00e9knak is szerethet\u0151 v\u00e1laszt\u00e1s.\n\nA PiciL\u00e1ng ugyanazokb\u00f3l az illatokb\u00f3l v\u00e1laszthat\u00f3, amelyekkel a ReOrganic Studio gyertyakollekci\u00f3i k\u00e9sz\u00fclnek, ez\u00e9rt egy-egy mini gyerty\u00e1val k\u00f6nnyen megtal\u00e1lhatod a kedvencedet.\nA gyerty\u00e1k rendel\u00e9sre, kis sz\u00e9ri\u00e1ban k\u00e9sz\u00fclnek. A frissen \u00f6nt\u00f6tt sz\u00f3jagyerty\u00e1t n\u00e9h\u00e1ny napig pihentetem, hogy a viasz \u00e9s az illat sz\u00e9pen \u00f6ssze\u00e9rjen, ez\u00e9rt az elk\u00e9sz\u00edt\u00e9si id\u0151 5\u20137 munkanap.\n\n\u0170rtartalom: 65 ml","price":"2190.00","unit":"db","recommended":"0","status":"1","sponsored":"0","exp_notify":"0","own_material":"0","own_material_description_old":null,"own_material_description":"","jury":"0","jury_number":"","product_nature":"","meskaracsony":"0","create_date":"2026-08-31 20:06:15","shelve_id":"0","image":"reorganicstudio_product_808693_260831195002_228341.png","image_width":"480","image_height":"480","image_alt":"PiciL\u00e1ng \u2013 mini sz\u00f3jagyertya, v\u00e1laszthat\u00f3 illattal, A PiciL\u00e1ng egy apr\u00f3 sz\u00f3jagyertya azoknak, akik szeretn\u00e9nek egy \u00faj illatot kipr\u00f3b\u00e1lni, miel\u0151tt nagyob..., Meska","image_title":"PiciL\u00e1ng \u2013 mini sz\u00f3jagyertya, v\u00e1laszthat\u00f3 illattal, Meska","view_count":"19","favourite_count":"0","trending_score":"0","last2MonthFavouriteCount":"0","promotion":"0","giftcard_accept":"0","creditcard_accept":true,"enhanced_background":"0","domain":"meska","specific_customer_id":null,"specific_customer_name":null,"to_order_product":"1","to_order_product_time":"5","product_different":null,"product_different_description":"","vintage":"0","vintage_category_id":"0","recycled":"0","gemstone_id":"0","customizable":"0","type_category":"physical","zerowaste":"0","postage_price":"2599.00","shop_order":"0","has_category":"1","landing_pages":null,"microdata":{"number":30,"category":""},"title":"PiciL\u00e1ng \u2013 mini sz\u00f3jagyertya, v\u00e1laszthat\u00f3 illattal","description":"A PiciL\u00e1ng egy apr\u00f3 sz\u00f3jagyertya azoknak, akik szeretn\u00e9nek egy \u00faj illatot kipr\u00f3b\u00e1lni, miel\u0151tt nagyobb gyerty\u00e1t v\u00e1lasztanak \u2013 vagy egyszer\u0171en csak j\u00f3l esne egy pici, illatos hangulatf\u00e9ny.\n\nA 65 ml-es, \u00e1tl\u00e1tsz\u00f3 \u00fcveg \u00e9s a nat\u00far fa tet\u0151 egyszer\u0171, term\u00e9szetes megjelen\u00e9st ad neki, \u00edgy kis aj\u00e1nd\u00e9knak is szerethet\u0151 v\u00e1laszt\u00e1s.\n\nA PiciL\u00e1ng ugyanazokb\u00f3l az illatokb\u00f3l v\u00e1laszthat\u00f3, amelyekkel a ReOrganic Studio gyertyakollekci\u00f3i k\u00e9sz\u00fclnek, ez\u00e9rt egy-egy mini gyerty\u00e1val k\u00f6nnyen megtal\u00e1lhatod a kedvencedet.\nA gyerty\u00e1k rendel\u00e9sre, kis sz\u00e9ri\u00e1ban k\u00e9sz\u00fclnek. A frissen \u00f6nt\u00f6tt sz\u00f3jagyerty\u00e1t n\u00e9h\u00e1ny napig pihentetem, hogy a viasz \u00e9s az illat sz\u00e9pen \u00f6ssze\u00e9rjen, ez\u00e9rt az elk\u00e9sz\u00edt\u00e9si id\u0151 5\u20137 munkanap.\n\n\u0170rtartalom: 65 ml","score":0,"formatted_price":"2 190 Ft","image_url":"https:\/\/www.meska.hu\/img\/product\/small\/r\/e\/reorganicstudio_product_808693_260831195002_228341.png","formatted_url":"https:\/\/www.meska.hu\/p5863439-picilang-mini-szojagyertya-valaszthato-illattal","favourite":false,"in_stock":false,"avatar":"808693_avatar_1784824701.png","delete_from":0,"is_enhanced_background":false,"is_enhanced":false,"product_selection_started":false,"is_active":true,"image_webp_url":"https:\/\/www.meska.hu\/img\/product\/small\/r\/e\/reorganicstudio_product_808693_260831195002_228341.webp"},{"id":"5283935","shop_id":"42978","user_id":"610755","shop_name":"BeeBliss","shop_zip":"6000","product_code":"5258227","product_name_old":null,"product_name":"M\u00e9zes Esk\u00fcv\u0151i K\u00f6sz\u00f6netaj\u00e1nd\u00e9k\/K\u00f6sz\u00f6n\u0151aj\u00e1nd\u00e9k- 40 ml","category_string":"Esk\u00fcv\u0151, Eml\u00e9k & Aj\u00e1nd\u00e9k, K\u00f6sz\u00f6n\u0151aj\u00e1nd\u00e9k","technic_string":"Gyertya-, m\u00e9csesk\u00e9sz\u00edt\u00e9s","category_1":"317","category_2":"905","category_3":"1068","category_4":"0","merged_category_1":null,"merged_category_2":null,"merged_category_3":null,"technic_1":"484","technic_2":"0","technic_3":"0","color_1":"526","color_2":"0","color_3":"0","product_description_old":null,"product_description":"Szerezzetek eml\u00e9kezetes pillanatokat vend\u00e9geitek sz\u00e1m\u00e1ra az esk\u00fcv\u0151t\u00f6k alkalm\u00e1b\u00f3l ezekkel az egyedi m\u00e9zes k\u00f6sz\u00f6netaj\u00e1nd\u00e9kokkal. :)\n\nAz egyedi c\u00edmk\u00e9z\u00e9s lehet\u0151s\u00e9get ad sz\u00e1motokra arra, hogy saj\u00e1t st\u00edlusotokat adj\u00e1tok \u00e1t a vend\u00e9gek fel\u00e9, eml\u00e9kezetess\u00e9 t\u00e9ve az alkalom minden r\u00e9sztvev\u0151je sz\u00e1m\u00e1ra.:)\n\nLegyen az esk\u00fcv\u0151i asztalok d\u00edsze vagy az aj\u00e1nd\u00e9kt\u00e1ska tartalma, ez a m\u00e9zes kis \u00fcvegcse garant\u00e1ltan sz\u00edvet melenget\u0151 \u00e9lm\u00e9nyt ny\u00fajt mindenkinek, aki r\u00e9szt vesz az a nagy napotokon.:)\n\nAz m\u00e9z \u00e9s a masni v\u00e1laszthat\u00f3. \nMivel a kis k\u00f6sz\u00f6netaj\u00e1nd\u00e9kok megrendel\u00e9sre k\u00e9sz\u00fclnek \u00edgy nem tartok itthon sem az \u00fcvegb\u0151l sem a szalagokb\u00f3l nagyobb k\u00e9szletet megrendel\u00e9s ut\u00e1n szerzem be \u0151ket ez igen nagy szabads\u00e1got hagy a szem\u00e9lyre szabhat\u00f3s\u00e1gnak. Ennek k\u00f6sz\u00f6nhet\u0151en olyan k\u00f6sz\u00f6netaj\u00e1nd\u00e9kok k\u00e9sz\u00fclhetnek amelyek az esk\u00fcv\u0151t\u00f6k tematik\u00e1j\u00e1ba teljesen beleilleszkedhetnek:)\n\nV\u00e1laszthat\u00f3 m\u00e9zek:\n-Selyemf\u0171m\u00e9z\n-Repce kr\u00e9mm\u00e9z \n-Ak\u00e1cm\u00e9z \n-Vegyes vir\u00e1gm\u00e9z\n-H\u00e1rsm\u00e9z\n-Napraforg\u00f3 kr\u00e9mm\u00e9z\n-\u00cdzes\u00edtett m\u00e9zek (fekete ribizli, k\u00e9k \u00e1fonya, eper, barack, feh\u00e9rcsoki, fekete \u00e1fonya)\n\nAz \u00edzes\u00edtett m\u00e9zek kiv\u00e1laszt\u00e1sa megdobhatja az elk\u00e9sz\u00edt\u00e9si id\u0151t illetve az \u00e1rat +100Ft-al:)\nEzt az opci\u00f3t megrendel\u00e9s el\u0151tt \u00fczenetben kellene egyeztetn\u00fcnk:)\n\nTet\u0151 matric\u00e1val is k\u00e9rheted amelyre mondjuk a vend\u00e9gek nev\u00e9t lehet \u00edrni:)\n\nB\u00e1rmilyen k\u00e9rd\u00e9sed van keress b\u00e1tran!:)\nIlletve megrendel\u00e9s el\u0151tt k\u00e9rlek egyeztess\u00fcnk az elk\u00e9pzel\u00e9seidr\u0151l.:)\n\nHa s\u00fcrget az id\u0151 vagy csak szeretn\u00e9d hamarabb megkapni a megrendel\u00e9sedet tedd a kosaradba ezt a term\u00e9ket:\nhttps:\/\/www.meska.hu\/p5355504-egyszeri-elsobbsegi-dij\nHa ez a term\u00e9k a kosaradba ker\u00fcl az egyedi k\u00e9r\u00e9sek lehet\u0151s\u00e9ge cs\u00f6kken, ebben az esetben azokb\u00f3l az alapanyagokb\u00f3l tudsz v\u00e1lasztani amelyek rendelkez\u00e9sre \u00e1llnak n\u00e1lam otthon vagy pedig gyorsan beszerezhet\u0151ek.","price":"391.00","unit":"db","recommended":"0","status":"1","sponsored":"0","exp_notify":"0","own_material":"0","own_material_description_old":null,"own_material_description":"","jury":"0","jury_number":"","product_nature":"","meskaracsony":"0","create_date":"2026-08-31 19:51:14","shelve_id":"75968","image":"beebliss_product_610755_240403091250_146516.jpeg","image_width":"480","image_height":"480","image_alt":"M\u00e9zes Esk\u00fcv\u0151i K\u00f6sz\u00f6netaj\u00e1nd\u00e9k\/K\u00f6sz\u00f6n\u0151aj\u00e1nd\u00e9k- 40 ml, Szerezzetek eml\u00e9kezetes pillanatokat vend\u00e9geitek sz\u00e1m\u00e1ra az esk\u00fcv\u0151t\u00f6k alkalm\u00e1b\u00f3l ezekkel az egyedi m..., Meska","image_title":"M\u00e9zes Esk\u00fcv\u0151i K\u00f6sz\u00f6netaj\u00e1nd\u00e9k\/K\u00f6sz\u00f6n\u0151aj\u00e1nd\u00e9k- 40 ml, Meska","view_count":"3507","favourite_count":"1","trending_score":"0","last2MonthFavouriteCount":"1","promotion":"0","giftcard_accept":"0","creditcard_accept":true,"enhanced_background":"0","domain":"meska","specific_customer_id":null,"specific_customer_name":null,"to_order_product":"1","to_order_product_time":"10","product_different":null,"product_different_description":"","vintage":"0","vintage_category_id":"0","recycled":"0","gemstone_id":"0","customizable":"0","type_category":"physical","zerowaste":"0","postage_price":"1290.00","shop_order":"0","has_category":"1","landing_pages":null,"microdata":{"number":31,"category":""},"title":"M\u00e9zes Esk\u00fcv\u0151i K\u00f6sz\u00f6netaj\u00e1nd\u00e9k\/K\u00f6sz\u00f6n\u0151aj\u00e1nd\u00e9k- 40 ml","description":"Szerezzetek eml\u00e9kezetes pillanatokat vend\u00e9geitek sz\u00e1m\u00e1ra az esk\u00fcv\u0151t\u00f6k alkalm\u00e1b\u00f3l ezekkel az egyedi m\u00e9zes k\u00f6sz\u00f6netaj\u00e1nd\u00e9kokkal. :)\n\nAz egyedi c\u00edmk\u00e9z\u00e9s lehet\u0151s\u00e9get ad sz\u00e1motokra arra, hogy saj\u00e1t st\u00edlusotokat adj\u00e1tok \u00e1t a vend\u00e9gek fel\u00e9, eml\u00e9kezetess\u00e9 t\u00e9ve az alkalom minden r\u00e9sztvev\u0151je sz\u00e1m\u00e1ra.:)\n\nLegyen az esk\u00fcv\u0151i asztalok d\u00edsze vagy az aj\u00e1nd\u00e9kt\u00e1ska tartalma, ez a m\u00e9zes kis \u00fcvegcse garant\u00e1ltan sz\u00edvet melenget\u0151 \u00e9lm\u00e9nyt ny\u00fajt mindenkinek, aki r\u00e9szt vesz az a nagy napotokon.:)\n\nAz m\u00e9z \u00e9s a masni v\u00e1laszthat\u00f3. \nMivel a kis k\u00f6sz\u00f6netaj\u00e1nd\u00e9kok megrendel\u00e9sre k\u00e9sz\u00fclnek \u00edgy nem tartok itthon sem az \u00fcvegb\u0151l sem a szalagokb\u00f3l nagyobb k\u00e9szletet megrendel\u00e9s ut\u00e1n szerzem be \u0151ket ez igen nagy szabads\u00e1got hagy a szem\u00e9lyre szabhat\u00f3s\u00e1gnak. Ennek k\u00f6sz\u00f6nhet\u0151en olyan k\u00f6sz\u00f6netaj\u00e1nd\u00e9kok k\u00e9sz\u00fclhetnek amelyek az esk\u00fcv\u0151t\u00f6k tematik\u00e1j\u00e1ba teljesen beleilleszkedhetnek:)\n\nV\u00e1laszthat\u00f3 m\u00e9zek:\n-Selyemf\u0171m\u00e9z\n-Repce kr\u00e9mm\u00e9z \n-Ak\u00e1cm\u00e9z \n-Vegyes vir\u00e1gm\u00e9z\n-H\u00e1rsm\u00e9z\n-Napraforg\u00f3 kr\u00e9mm\u00e9z\n-\u00cdzes\u00edtett m\u00e9zek (fekete ribizli, k\u00e9k \u00e1fonya, eper, barack, feh\u00e9rcsoki, fekete \u00e1fonya)\n\nAz \u00edzes\u00edtett m\u00e9zek kiv\u00e1laszt\u00e1sa megdobhatja az elk\u00e9sz\u00edt\u00e9si id\u0151t illetve az \u00e1rat +100Ft-al:)\nEzt az opci\u00f3t megrendel\u00e9s el\u0151tt \u00fczenetben kellene egyeztetn\u00fcnk:)\n\nTet\u0151 matric\u00e1val is k\u00e9rheted amelyre mondjuk a vend\u00e9gek nev\u00e9t lehet \u00edrni:)\n\nB\u00e1rmilyen k\u00e9rd\u00e9sed van keress b\u00e1tran!:)\nIlletve megrendel\u00e9s el\u0151tt k\u00e9rlek egyeztess\u00fcnk az elk\u00e9pzel\u00e9seidr\u0151l.:)\n\nHa s\u00fcrget az id\u0151 vagy csak szeretn\u00e9d hamarabb megkapni a megrendel\u00e9sedet tedd a kosaradba ezt a term\u00e9ket:\nhttps:\/\/www.meska.hu\/p5355504-egyszeri-elsobbsegi-dij\nHa ez a term\u00e9k a kosaradba ker\u00fcl az egyedi k\u00e9r\u00e9sek lehet\u0151s\u00e9ge cs\u00f6kken, ebben az esetben azokb\u00f3l az alapanyagokb\u00f3l tudsz v\u00e1lasztani amelyek rendelkez\u00e9sre \u00e1llnak n\u00e1lam otthon vagy pedig gyorsan beszerezhet\u0151ek.","score":0,"formatted_price":"391 Ft","image_url":"https:\/\/www.meska.hu\/img\/product\/small\/b\/e\/beebliss_product_610755_240403091250_146516.jpeg","formatted_url":"https:\/\/www.meska.hu\/p5258227-mezes-eskuvoi-koszonetajandek-30-ml","favourite":false,"in_stock":false,"avatar":"610755_avatar_1698842158.png","delete_from":0,"is_enhanced_background":false,"is_enhanced":false,"product_selection_started":false,"is_active":true,"image_webp_url":"https:\/\/www.meska.hu\/img\/product\/small\/b\/e\/beebliss_product_610755_240403091250_146516.webp"},{"id":"5310287","shop_id":"42549","user_id":"605452","shop_name":"ArianaCrystal","shop_zip":"1192","product_code":"5275831","product_name_old":null,"product_name":"Pici sz\u00edv illatviasz- brazil sz\u0151l\u0151 \u00e9s anan\u00e1sz ","category_string":"Otthon & \u00c9letm\u00f3d, Gyertya, illat, aroma, P\u00e1rologtat\u00f3","technic_string":"Gyertya-, m\u00e9csesk\u00e9sz\u00edt\u00e9s","category_1":"813","category_2":"415","category_3":"1392","category_4":"0","merged_category_1":null,"merged_category_2":null,"merged_category_3":null,"technic_1":"484","technic_2":"0","technic_3":"0","color_1":"522","color_2":"526","color_3":"0","product_description_old":null,"product_description":"100%-os term\u00e9szetes sz\u00f3javiaszb\u00f3l k\u00e9sz\u00fclt illatviasz, brazil sz\u0151l\u0151 \u00e9s anan\u00e1sz illattal \nA csomag 50 gramm  illatviaszt tartalmaz.\n\nA term\u00e9k k\u00e9zzel k\u00e9sz\u00fcl, \u00edgy fel\u00fclet\u00e9n el\u0151fordulhatnak apr\u00f3bb lukak, fel\u00fcleti m\u00e9lyed\u00e9sek!\n\nHaszn\u00e1lata:\nTegy\u00e9l 2-3 db illatviaszt a ker\u00e1mia p\u00e1rologtat\u00f3ba, helyezz el egy illatmentes team\u00e9csest alulra a l\u00e1mp\u00e1sba, \u00e9s gy\u00fajtsd meg. A viasz a haszn\u00e1lat sor\u00e1n nem fogy el, olvadt \u00e1llapotban ki\u00f6nthet\u0151, vagy visszah\u0171lten kipattinthat\u00f3 a l\u00e1mp\u00e1s t\u00e1lk\u00e1j\u00e1b\u00f3l.\n\nNem \u00e9lelmiszer! Fogyaszt\u00e1sra nem alkalmas! Nem em\u00e9szthet\u0151! Gyermekekt\u0151l, demenci\u00e1ban szenved\u0151kt\u0151l \u00e9s gyeng\u00e9nl\u00e1t\u00f3kt\u00f3l mindig t\u00e1vol \u00e9s elz\u00e1rva tartand\u00f3! Fullad\u00e1svesz\u00e9lyt okozhat","price":"1750.00","unit":"cs","recommended":"0","status":"1","sponsored":"0","exp_notify":"0","own_material":"0","own_material_description_old":null,"own_material_description":"","jury":"0","jury_number":"","product_nature":"","meskaracsony":"0","create_date":"2026-08-31 19:46:40","shelve_id":"0","image":"arianacrystal_product_605452_240421205031_248690.jpeg","image_width":"480","image_height":"853","image_alt":"Pici sz\u00edv illatviasz- brazil sz\u0151l\u0151 \u00e9s anan\u00e1sz , 100%-os term\u00e9szetes sz\u00f3javiaszb\u00f3l k\u00e9sz\u00fclt illatviasz, brazil sz\u0151l\u0151 \u00e9s anan\u00e1sz illattal \\nA csomag 50 ..., Meska","image_title":"Pici sz\u00edv illatviasz- brazil sz\u0151l\u0151 \u00e9s anan\u00e1sz , Meska","view_count":"228","favourite_count":"0","trending_score":"0","last2MonthFavouriteCount":"0","promotion":"0","giftcard_accept":"0","creditcard_accept":true,"enhanced_background":"0","domain":"meska","specific_customer_id":null,"specific_customer_name":null,"to_order_product":"0","to_order_product_time":"0","product_different":null,"product_different_description":"","vintage":"0","vintage_category_id":"0","recycled":"0","gemstone_id":"0","customizable":"0","type_category":"physical","zerowaste":"0","postage_price":"1290.00","shop_order":"0","has_category":"1","landing_pages":null,"microdata":{"number":32,"category":""},"title":"Pici sz\u00edv illatviasz- brazil sz\u0151l\u0151 \u00e9s anan\u00e1sz ","description":"100%-os term\u00e9szetes sz\u00f3javiaszb\u00f3l k\u00e9sz\u00fclt illatviasz, brazil sz\u0151l\u0151 \u00e9s anan\u00e1sz illattal \nA csomag 50 gramm  illatviaszt tartalmaz.\n\nA term\u00e9k k\u00e9zzel k\u00e9sz\u00fcl, \u00edgy fel\u00fclet\u00e9n el\u0151fordulhatnak apr\u00f3bb lukak, fel\u00fcleti m\u00e9lyed\u00e9sek!\n\nHaszn\u00e1lata:\nTegy\u00e9l 2-3 db illatviaszt a ker\u00e1mia p\u00e1rologtat\u00f3ba, helyezz el egy illatmentes team\u00e9csest alulra a l\u00e1mp\u00e1sba, \u00e9s gy\u00fajtsd meg. A viasz a haszn\u00e1lat sor\u00e1n nem fogy el, olvadt \u00e1llapotban ki\u00f6nthet\u0151, vagy visszah\u0171lten kipattinthat\u00f3 a l\u00e1mp\u00e1s t\u00e1lk\u00e1j\u00e1b\u00f3l.\n\nNem \u00e9lelmiszer! Fogyaszt\u00e1sra nem alkalmas! Nem em\u00e9szthet\u0151! Gyermekekt\u0151l, demenci\u00e1ban szenved\u0151kt\u0151l \u00e9s gyeng\u00e9nl\u00e1t\u00f3kt\u00f3l mindig t\u00e1vol \u00e9s elz\u00e1rva tartand\u00f3! Fullad\u00e1svesz\u00e9lyt okozhat","score":0,"formatted_price":"1 750 Ft","image_url":"https:\/\/www.meska.hu\/img\/product\/small\/a\/r\/arianacrystal_product_605452_240421205031_248690.jpeg","formatted_url":"https:\/\/www.meska.hu\/p5275831-pici-sziv-illatviasz-brazil-szolo-es-ananasz","favourite":false,"in_stock":true,"avatar":"605452_avatar_1696016271.jpeg","delete_from":0,"is_enhanced_background":false,"is_enhanced":false,"product_selection_started":false,"is_active":true,"image_webp_url":"https:\/\/www.meska.hu\/img\/product\/small\/a\/r\/arianacrystal_product_605452_240421205031_248690.webp"},{"id":"5310236","shop_id":"42549","user_id":"605452","shop_name":"ArianaCrystal","shop_zip":"1192","product_code":"5275789","product_name_old":null,"product_name":"M\u00e1ln\u00e1s Panna Cotta illatviasz- babav\u00e1r\u00e1s ","category_string":"Otthon & \u00c9letm\u00f3d, Gyertya, illat, aroma, P\u00e1rologtat\u00f3","technic_string":"Gyertya-, m\u00e9csesk\u00e9sz\u00edt\u00e9s","category_1":"813","category_2":"415","category_3":"1392","category_4":"0","merged_category_1":null,"merged_category_2":null,"merged_category_3":null,"technic_1":"484","technic_2":"0","technic_3":"0","color_1":"525","color_2":"0","color_3":"0","product_description_old":null,"product_description":"100%-os term\u00e9szetes sz\u00f3javiaszb\u00f3l k\u00e9sz\u00fclt illatviasz, m\u00e1ln\u00e1s Panna Cotta illat\u00fa \nA csomag 100 gramm illatviaszt tartalmaz.\n\nA term\u00e9k k\u00e9zzel k\u00e9sz\u00fcl, \u00edgy fel\u00fclet\u00e9n el\u0151fordulhatnak apr\u00f3bb lukak, fel\u00fcleti m\u00e9lyed\u00e9sek!\n\nHaszn\u00e1lata:\nTegy\u00e9l 2-3 db illatviaszt a ker\u00e1mia p\u00e1rologtat\u00f3ba, helyezz el egy illatmentes team\u00e9csest alulra a l\u00e1mp\u00e1sba, \u00e9s gy\u00fajtsd meg. A viasz a haszn\u00e1lat sor\u00e1n nem fogy el, olvadt \u00e1llapotban ki\u00f6nthet\u0151, vagy visszah\u0171lten kipattinthat\u00f3 a l\u00e1mp\u00e1s t\u00e1lk\u00e1j\u00e1b\u00f3l.\n\nNem \u00e9lelmiszer! Fogyaszt\u00e1sra nem alkalmas! Nem em\u00e9szthet\u0151! Gyermekekt\u0151l, demenci\u00e1ban szenved\u0151kt\u0151l \u00e9s gyeng\u00e9nl\u00e1t\u00f3kt\u00f3l mindig t\u00e1vol \u00e9s elz\u00e1rva tartand\u00f3! Fullad\u00e1svesz\u00e9lyt okozhat","price":"3500.00","unit":"db","recommended":"0","status":"1","sponsored":"0","exp_notify":"0","own_material":"0","own_material_description_old":null,"own_material_description":"","jury":"0","jury_number":"","product_nature":"","meskaracsony":"0","create_date":"2026-08-31 19:46:37","shelve_id":"0","image":"arianacrystal_product_605452_240424182107_46435.jpeg","image_width":"480","image_height":"853","image_alt":"M\u00e1ln\u00e1s Panna Cotta illatviasz- babav\u00e1r\u00e1s , 100%-os term\u00e9szetes sz\u00f3javiaszb\u00f3l k\u00e9sz\u00fclt illatviasz, m\u00e1ln\u00e1s Panna Cotta illat\u00fa \\nA csomag 100 gramm ..., Meska","image_title":"M\u00e1ln\u00e1s Panna Cotta illatviasz- babav\u00e1r\u00e1s , Meska","view_count":"195","favourite_count":"0","trending_score":"0","last2MonthFavouriteCount":"0","promotion":"0","giftcard_accept":"0","creditcard_accept":true,"enhanced_background":"0","domain":"meska","specific_customer_id":null,"specific_customer_name":null,"to_order_product":"0","to_order_product_time":"0","product_different":null,"product_different_description":"","vintage":"0","vintage_category_id":"0","recycled":"0","gemstone_id":"0","customizable":"0","type_category":"physical","zerowaste":"0","postage_price":"1290.00","shop_order":"0","has_category":"1","landing_pages":null,"microdata":{"number":33,"category":""},"title":"M\u00e1ln\u00e1s Panna Cotta illatviasz- babav\u00e1r\u00e1s ","description":"100%-os term\u00e9szetes sz\u00f3javiaszb\u00f3l k\u00e9sz\u00fclt illatviasz, m\u00e1ln\u00e1s Panna Cotta illat\u00fa \nA csomag 100 gramm illatviaszt tartalmaz.\n\nA term\u00e9k k\u00e9zzel k\u00e9sz\u00fcl, \u00edgy fel\u00fclet\u00e9n el\u0151fordulhatnak apr\u00f3bb lukak, fel\u00fcleti m\u00e9lyed\u00e9sek!\n\nHaszn\u00e1lata:\nTegy\u00e9l 2-3 db illatviaszt a ker\u00e1mia p\u00e1rologtat\u00f3ba, helyezz el egy illatmentes team\u00e9csest alulra a l\u00e1mp\u00e1sba, \u00e9s gy\u00fajtsd meg. A viasz a haszn\u00e1lat sor\u00e1n nem fogy el, olvadt \u00e1llapotban ki\u00f6nthet\u0151, vagy visszah\u0171lten kipattinthat\u00f3 a l\u00e1mp\u00e1s t\u00e1lk\u00e1j\u00e1b\u00f3l.\n\nNem \u00e9lelmiszer! Fogyaszt\u00e1sra nem alkalmas! Nem em\u00e9szthet\u0151! Gyermekekt\u0151l, demenci\u00e1ban szenved\u0151kt\u0151l \u00e9s gyeng\u00e9nl\u00e1t\u00f3kt\u00f3l mindig t\u00e1vol \u00e9s elz\u00e1rva tartand\u00f3! Fullad\u00e1svesz\u00e9lyt okozhat","score":0,"formatted_price":"3 500 Ft","image_url":"https:\/\/www.meska.hu\/img\/product\/small\/a\/r\/arianacrystal_product_605452_240424182107_46435.jpeg","formatted_url":"https:\/\/www.meska.hu\/p5275789-malnas-panna-cotta-illatviasz-babavaras","favourite":false,"in_stock":true,"avatar":"605452_avatar_1696016271.jpeg","delete_from":0,"is_enhanced_background":false,"is_enhanced":false,"product_selection_started":false,"is_active":true,"image_webp_url":"https:\/\/www.meska.hu\/img\/product\/small\/a\/r\/arianacrystal_product_605452_240424182107_46435.webp"},{"id":"6350397","shop_id":"17626","user_id":"147962","shop_name":"Mkkata","shop_zip":"4220","product_code":"5863424","product_name_old":null,"product_name":"Baba bejelent\u0151 aj\u00e1nd\u00e9kszett ","category_string":"Baba - mama, Babaeml\u00e9kek, Bababejelent\u0151k","technic_string":"Gyertya-, m\u00e9csesk\u00e9sz\u00edt\u00e9s","category_1":"1735","category_2":"1751","category_3":"1730","category_4":"0","merged_category_1":null,"merged_category_2":null,"merged_category_3":null,"technic_1":"484","technic_2":"0","technic_3":"0","color_1":"525","color_2":"0","color_3":"0","product_description_old":null,"product_description":"Egy kis csoda \u00e9rkez\u00e9se \u00e9letre sz\u00f3l\u00f3 pillanat.\nEz a szeretettel \u00f6ssze\u00e1ll\u00edtott bab\u00e1s bejelent\u0151 aj\u00e1nd\u00e9kcsomag seg\u00edt abban, hogy a nagy h\u00edrt igaz\u00e1n meghat\u00f3 \u00e9s eml\u00e9kezetes m\u00f3don oszd meg a szeretteiddel.\nA csomag bab\u00e1s hangulat\u00fa kieg\u00e9sz\u00edt\u0151ket tartalmaz, eleg\u00e1ns d\u00edszcsomagol\u00e1sban. A belsej\u00e9ben elhelyezett c\u00edmke egyedi, szem\u00e9lyes \u00fczenettel is k\u00e9rhet\u0151, \u00edgy a meglepet\u00e9s igaz\u00e1n sz\u00edvhez sz\u00f3l\u00f3 lesz.\n\nT\u00f6k\u00e9letes v\u00e1laszt\u00e1s:\n-Nagysz\u00fcl\u0151i bejelent\u00e9shez\n-Keresztsz\u00fcl\u0151 felk\u00e9r\u00e9shez\n-Csal\u00e1di bababejelent\u00e9shez\n- Babal\u00e1togat\u00f3ra \n\nA term\u00e9kek viaszb\u00f3l kesz\u00fcltek, kiz\u00e1r\u00f3lag dekor\u00e1ci\u00f3s c\u00e9llal.\n\nK\u00e9rhet\u0151 egyedi felirattal is.\nK\u00e9r\u00e9s eset\u00e9n  r\u00f6vid, szem\u00e9lyes \u00fczenetet helyez\u00fcnk el a c\u00edmk\u00e9n.\nAz \u00fczenetet k\u00e9rj\u00fck a megjegyz\u00e9s rovatban megadni.\nA felirat kiz\u00e1r\u00f3lag a csomagol\u00e1sba  ker\u00fcl. \nA  d\u00edszdoboz szalaggal \u00e1tk\u00f6tve \u00e9rkezik \n \n \n\n \n\n ","price":"4490.00","unit":"db","recommended":"0","status":"1","sponsored":"0","exp_notify":"0","own_material":"0","own_material_description_old":null,"own_material_description":"","jury":"0","jury_number":"","product_nature":"","meskaracsony":"0","create_date":"2026-08-31 19:33:30","shelve_id":"82064","image":"mkkata_product_147962_260831223757_38894.jpeg","image_width":"480","image_height":"480","image_alt":"Baba bejelent\u0151 aj\u00e1nd\u00e9kszett , Egy kis csoda \u00e9rkez\u00e9se \u00e9letre sz\u00f3l\u00f3 pillanat.\\nEz a szeretettel \u00f6ssze\u00e1ll\u00edtott bab\u00e1s bejelent\u0151 aj\u00e1nd\u00e9k..., Meska","image_title":"Baba bejelent\u0151 aj\u00e1nd\u00e9kszett , Meska","view_count":"20","favourite_count":"0","trending_score":"0","last2MonthFavouriteCount":"0","promotion":"0","giftcard_accept":"0","creditcard_accept":false,"enhanced_background":"0","domain":"meska","specific_customer_id":null,"specific_customer_name":null,"to_order_product":"0","to_order_product_time":"0","product_different":null,"product_different_description":"","vintage":"0","vintage_category_id":"0","recycled":"0","gemstone_id":"0","customizable":"1","type_category":"physical","zerowaste":"0","postage_price":"1290.00","shop_order":"3","has_category":"1","landing_pages":null,"microdata":{"number":34,"category":""},"title":"Baba bejelent\u0151 aj\u00e1nd\u00e9kszett ","description":"Egy kis csoda \u00e9rkez\u00e9se \u00e9letre sz\u00f3l\u00f3 pillanat.\nEz a szeretettel \u00f6ssze\u00e1ll\u00edtott bab\u00e1s bejelent\u0151 aj\u00e1nd\u00e9kcsomag seg\u00edt abban, hogy a nagy h\u00edrt igaz\u00e1n meghat\u00f3 \u00e9s eml\u00e9kezetes m\u00f3don oszd meg a szeretteiddel.\nA csomag bab\u00e1s hangulat\u00fa kieg\u00e9sz\u00edt\u0151ket tartalmaz, eleg\u00e1ns d\u00edszcsomagol\u00e1sban. A belsej\u00e9ben elhelyezett c\u00edmke egyedi, szem\u00e9lyes \u00fczenettel is k\u00e9rhet\u0151, \u00edgy a meglepet\u00e9s igaz\u00e1n sz\u00edvhez sz\u00f3l\u00f3 lesz.\n\nT\u00f6k\u00e9letes v\u00e1laszt\u00e1s:\n-Nagysz\u00fcl\u0151i bejelent\u00e9shez\n-Keresztsz\u00fcl\u0151 felk\u00e9r\u00e9shez\n-Csal\u00e1di bababejelent\u00e9shez\n- Babal\u00e1togat\u00f3ra \n\nA term\u00e9kek viaszb\u00f3l kesz\u00fcltek, kiz\u00e1r\u00f3lag dekor\u00e1ci\u00f3s c\u00e9llal.\n\nK\u00e9rhet\u0151 egyedi felirattal is.\nK\u00e9r\u00e9s eset\u00e9n  r\u00f6vid, szem\u00e9lyes \u00fczenetet helyez\u00fcnk el a c\u00edmk\u00e9n.\nAz \u00fczenetet k\u00e9rj\u00fck a megjegyz\u00e9s rovatban megadni.\nA felirat kiz\u00e1r\u00f3lag a csomagol\u00e1sba  ker\u00fcl. \nA  d\u00edszdoboz szalaggal \u00e1tk\u00f6tve \u00e9rkezik \n \n \n\n \n\n ","score":0,"formatted_price":"4 490 Ft","image_url":"https:\/\/www.meska.hu\/img\/product\/small\/m\/k\/mkkata_product_147962_260831223757_38894.jpeg","formatted_url":"https:\/\/www.meska.hu\/p5863424-baba-bejelento-ajandekszett","favourite":false,"in_stock":true,"avatar":"147962_avatar_1787953991.jpeg","delete_from":0,"is_enhanced_background":false,"is_enhanced":false,"product_selection_started":false,"is_active":true,"image_webp_url":"https:\/\/www.meska.hu\/img\/product\/small\/m\/k\/mkkata_product_147962_260831223757_38894.webp"},{"id":"6350396","shop_id":"17626","user_id":"147962","shop_name":"Mkkata","shop_zip":"4220","product_code":"5863423","product_name_old":null,"product_name":"Baba bejelent\u0151 aj\u00e1nd\u00e9kszett ","category_string":"Baba - mama, Babaeml\u00e9kek, Bababejelent\u0151k","technic_string":"Gyertya-, m\u00e9csesk\u00e9sz\u00edt\u00e9s","category_1":"1735","category_2":"1751","category_3":"1730","category_4":"0","merged_category_1":null,"merged_category_2":null,"merged_category_3":null,"technic_1":"484","technic_2":"0","technic_3":"0","color_1":"521","color_2":"0","color_3":"0","product_description_old":null,"product_description":"Egy kis csoda \u00e9rkez\u00e9se \u00e9letre sz\u00f3l\u00f3 pillanat.\nEz a szeretettel \u00f6ssze\u00e1ll\u00edtott bab\u00e1s bejelent\u0151 aj\u00e1nd\u00e9kcsomag seg\u00edt abban, hogy a nagy h\u00edrt igaz\u00e1n meghat\u00f3 \u00e9s eml\u00e9kezetes m\u00f3don oszd meg a szeretteiddel.\nA csomag bab\u00e1s hangulat\u00fa kieg\u00e9sz\u00edt\u0151ket tartalmaz, eleg\u00e1ns d\u00edszcsomagol\u00e1sban. A belsej\u00e9ben elhelyezett c\u00edmke egyedi, szem\u00e9lyes \u00fczenettel is k\u00e9rhet\u0151, \u00edgy a meglepet\u00e9s igaz\u00e1n sz\u00edvhez sz\u00f3l\u00f3 lesz.\n\nT\u00f6k\u00e9letes v\u00e1laszt\u00e1s:\n-Nagysz\u00fcl\u0151i bejelent\u00e9shez\n-Keresztsz\u00fcl\u0151 felk\u00e9r\u00e9shez\n-Csal\u00e1di bababejelent\u00e9shez\n- Babal\u00e1togat\u00f3ra \n\nA term\u00e9kek viaszb\u00f3l kesz\u00fcltek, kiz\u00e1r\u00f3lag dekor\u00e1ci\u00f3s c\u00e9llal.\n\nK\u00e9rhet\u0151 egyedi felirattal is.\nK\u00e9r\u00e9s eset\u00e9n  r\u00f6vid, szem\u00e9lyes \u00fczenetet helyez\u00fcnk el a c\u00edmk\u00e9n.\nAz \u00fczenetet k\u00e9rj\u00fck a megjegyz\u00e9s rovatban megadni.\nA felirat kiz\u00e1r\u00f3lag a csomagol\u00e1sba  ker\u00fcl. \nA  d\u00edszdoboz szalaggal \u00e1tk\u00f6tve \u00e9rkezik \n \n \n\n \n\n ","price":"4490.00","unit":"db","recommended":"0","status":"1","sponsored":"0","exp_notify":"0","own_material":"0","own_material_description_old":null,"own_material_description":"","jury":"0","jury_number":"","product_nature":"","meskaracsony":"0","create_date":"2026-08-31 19:32:40","shelve_id":"82064","image":"mkkata_product_147962_260831223829_812859.jpeg","image_width":"480","image_height":"480","image_alt":"Baba bejelent\u0151 aj\u00e1nd\u00e9kszett , Egy kis csoda \u00e9rkez\u00e9se \u00e9letre sz\u00f3l\u00f3 pillanat.\\nEz a szeretettel \u00f6ssze\u00e1ll\u00edtott bab\u00e1s bejelent\u0151 aj\u00e1nd\u00e9k..., Meska","image_title":"Baba bejelent\u0151 aj\u00e1nd\u00e9kszett , Meska","view_count":"18","favourite_count":"0","trending_score":"0","last2MonthFavouriteCount":"0","promotion":"0","giftcard_accept":"0","creditcard_accept":false,"enhanced_background":"0","domain":"meska","specific_customer_id":null,"specific_customer_name":null,"to_order_product":"0","to_order_product_time":"0","product_different":null,"product_different_description":"","vintage":"0","vintage_category_id":"0","recycled":"0","gemstone_id":"0","customizable":"1","type_category":"physical","zerowaste":"0","postage_price":"1290.00","shop_order":"4","has_category":"1","landing_pages":null,"microdata":{"number":35,"category":""},"title":"Baba bejelent\u0151 aj\u00e1nd\u00e9kszett ","description":"Egy kis csoda \u00e9rkez\u00e9se \u00e9letre sz\u00f3l\u00f3 pillanat.\nEz a szeretettel \u00f6ssze\u00e1ll\u00edtott bab\u00e1s bejelent\u0151 aj\u00e1nd\u00e9kcsomag seg\u00edt abban, hogy a nagy h\u00edrt igaz\u00e1n meghat\u00f3 \u00e9s eml\u00e9kezetes m\u00f3don oszd meg a szeretteiddel.\nA csomag bab\u00e1s hangulat\u00fa kieg\u00e9sz\u00edt\u0151ket tartalmaz, eleg\u00e1ns d\u00edszcsomagol\u00e1sban. A belsej\u00e9ben elhelyezett c\u00edmke egyedi, szem\u00e9lyes \u00fczenettel is k\u00e9rhet\u0151, \u00edgy a meglepet\u00e9s igaz\u00e1n sz\u00edvhez sz\u00f3l\u00f3 lesz.\n\nT\u00f6k\u00e9letes v\u00e1laszt\u00e1s:\n-Nagysz\u00fcl\u0151i bejelent\u00e9shez\n-Keresztsz\u00fcl\u0151 felk\u00e9r\u00e9shez\n-Csal\u00e1di bababejelent\u00e9shez\n- Babal\u00e1togat\u00f3ra \n\nA term\u00e9kek viaszb\u00f3l kesz\u00fcltek, kiz\u00e1r\u00f3lag dekor\u00e1ci\u00f3s c\u00e9llal.\n\nK\u00e9rhet\u0151 egyedi felirattal is.\nK\u00e9r\u00e9s eset\u00e9n  r\u00f6vid, szem\u00e9lyes \u00fczenetet helyez\u00fcnk el a c\u00edmk\u00e9n.\nAz \u00fczenetet k\u00e9rj\u00fck a megjegyz\u00e9s rovatban megadni.\nA felirat kiz\u00e1r\u00f3lag a csomagol\u00e1sba  ker\u00fcl. \nA  d\u00edszdoboz szalaggal \u00e1tk\u00f6tve \u00e9rkezik \n \n \n\n \n\n ","score":0,"formatted_price":"4 490 Ft","image_url":"https:\/\/www.meska.hu\/img\/product\/small\/m\/k\/mkkata_product_147962_260831223829_812859.jpeg","formatted_url":"https:\/\/www.meska.hu\/p5863423-baba-bejelento-ajandekszett","favourite":false,"in_stock":true,"avatar":"147962_avatar_1787953991.jpeg","delete_from":0,"is_enhanced_background":false,"is_enhanced":false,"product_selection_started":false,"is_active":true,"image_webp_url":"https:\/\/www.meska.hu\/img\/product\/small\/m\/k\/mkkata_product_147962_260831223829_812859.webp"},{"id":"6350373","shop_id":"50910","user_id":"751723","shop_name":"Kimilidekor","shop_zip":"5081","product_code":"5863413","product_name_old":null,"product_name":"\u0150szi t\u00f6kkasp\u00f3s viaszvir\u00e1g box","category_string":"Otthon & \u00c9letm\u00f3d, Dekor\u00e1ci\u00f3, Asztal \u00e9s polc dekor\u00e1ci\u00f3, Asztald\u00edsz","technic_string":"Gipsz\u00f6nt\u00e9s, Gyertya-, m\u00e9csesk\u00e9sz\u00edt\u00e9s","category_1":"813","category_2":"314","category_3":"1467","category_4":"789","merged_category_1":null,"merged_category_2":null,"merged_category_3":null,"technic_1":"13","technic_2":"484","technic_3":"0","color_1":"568","color_2":"791","color_3":"529","product_description_old":null,"product_description":"Sz\u00ednes, k\u00e9zzel k\u00e9sz\u00edtett \u0151szi dekor\u00e1ci\u00f3 k\u00e9zzel \u00f6nt\u00f6tt aranyporos t\u00f6k kasp\u00f3ban, sz\u00f3javiaszvir\u00e1gokkal.\n\n\n\ud83d\udccf M\u00e9ret: kb. 16 \u00d7 16 cm + kil\u00f3g\u00f3 r\u00e9szek \n\n\n","price":"9000.00","unit":"db","recommended":"0","status":"1","sponsored":"0","exp_notify":"0","own_material":"0","own_material_description_old":null,"own_material_description":"","jury":"0","jury_number":"","product_nature":"","meskaracsony":"0","create_date":"2026-08-31 19:08:38","shelve_id":"0","image":"kimilidekor_product_751723_260831190420_41088.jpeg","image_width":"480","image_height":"639","image_alt":"\u0150szi t\u00f6kkasp\u00f3s viaszvir\u00e1g box, Sz\u00ednes, k\u00e9zzel k\u00e9sz\u00edtett \u0151szi dekor\u00e1ci\u00f3 k\u00e9zzel \u00f6nt\u00f6tt aranyporos t\u00f6k kasp\u00f3ban, sz\u00f3javiaszvir\u00e1gokkal...., Meska","image_title":"\u0150szi t\u00f6kkasp\u00f3s viaszvir\u00e1g box, Meska","view_count":"17","favourite_count":"0","trending_score":"0","last2MonthFavouriteCount":"0","promotion":"0","giftcard_accept":"0","creditcard_accept":true,"enhanced_background":"0","domain":"meska","specific_customer_id":null,"specific_customer_name":null,"to_order_product":"0","to_order_product_time":"0","product_different":null,"product_different_description":"","vintage":"0","vintage_category_id":"0","recycled":"0","gemstone_id":"0","customizable":"0","type_category":"physical","zerowaste":"0","postage_price":"2599.00","shop_order":"0","has_category":"1","landing_pages":null,"microdata":{"number":36,"category":""},"title":"\u0150szi t\u00f6kkasp\u00f3s viaszvir\u00e1g box","description":"Sz\u00ednes, k\u00e9zzel k\u00e9sz\u00edtett \u0151szi dekor\u00e1ci\u00f3 k\u00e9zzel \u00f6nt\u00f6tt aranyporos t\u00f6k kasp\u00f3ban, sz\u00f3javiaszvir\u00e1gokkal.\n\n\n\ud83d\udccf M\u00e9ret: kb. 16 \u00d7 16 cm + kil\u00f3g\u00f3 r\u00e9szek \n\n\n","score":0,"formatted_price":"9 000 Ft","image_url":"https:\/\/www.meska.hu\/img\/product\/small\/k\/i\/kimilidekor_product_751723_260831190420_41088.jpeg","formatted_url":"https:\/\/www.meska.hu\/p5863413-oszi-tokkaspos-viaszvirag-box","favourite":false,"in_stock":true,"avatar":"751723_avatar_1763531507.jpeg","delete_from":0,"is_enhanced_background":false,"is_enhanced":false,"product_selection_started":false,"is_active":true,"image_webp_url":"https:\/\/www.meska.hu\/img\/product\/small\/k\/i\/kimilidekor_product_751723_260831190420_41088.webp"},{"id":"6331334","shop_id":"42624","user_id":"606503","shop_name":"Leacandledesign","shop_zip":"2700","product_code":"5850810","product_name_old":null,"product_name":"Kaka\u00f3s-van\u00edli\u00e1s-meggyes kr\u00e9m t\u00f6rhet\u0151 illatviasz","category_string":"Otthon & \u00c9letm\u00f3d, Gyertya, illat, aroma, Illatviasz","technic_string":"Gyertya-, m\u00e9csesk\u00e9sz\u00edt\u00e9s","category_1":"813","category_2":"415","category_3":"1391","category_4":"0","merged_category_1":null,"merged_category_2":null,"merged_category_3":null,"technic_1":"484","technic_2":"0","technic_3":"0","color_1":"514","color_2":"516","color_3":"519","product_description_old":null,"product_description":"Egy illat, amely olyan, mintha egy eleg\u00e1ns cukr\u00e1szda vitrinje el\u0151tt \u00e1lln\u00e1l.\n\nAz els\u0151 pillanatban a gazdag csokol\u00e1d\u00e9, az \u00e9rett cseresznye \u00e9s egy leheletnyi narancs cs\u00e1b\u00edt mag\u00e1val. Ahogy kibontakozik az illat, megjelenik a l\u00e1gy tejsz\u00edn, a friss k\u00f3kusz, valamint a finoman f\u0171szeres fah\u00e9j \u00e9s szegf\u0171szeg, amelyek m\u00e9g otthonosabb\u00e1 teszik az \u00e9lm\u00e9nyt. A v\u00e9g\u00e9n a kr\u00e9mes van\u00edlia, az \u00e9des karamell \u00e9s a puha p\u00e9zsma hosszan megmarad\u00f3, b\u00e1rsonyos \u00f6lel\u00e9ssel z\u00e1rja az illatutaz\u00e1st.\n\nSzubjekt\u00edven olyan, mint egy kr\u00e9mes, csereszny\u00e9vel t\u00f6lt\u00f6tt k\u00e9zm\u0171ves csokol\u00e1d\u00e9, amelyet frissen felvert van\u00edli\u00e1s habbal \u00e9s egy csipet k\u00f3kusszal koron\u00e1ztak meg. \u00c9des, m\u00e9gis eleg\u00e1ns \u2013 igazi desszertillat.\n\nIllatjegyek!\n\nFej: csokol\u00e1d\u00e9, cseresznye, narancs\nSz\u00edv: ger\u00e1nium, friss k\u00f3kusz, tejsz\u00edn, fah\u00e9j, szegf\u0171szeg\nAlap: van\u00edlia, p\u00e9zsma, \u00e9des karamell","price":"1790.00","unit":"db","recommended":"0","status":"1","sponsored":"0","exp_notify":"0","own_material":"0","own_material_description_old":null,"own_material_description":"","jury":"0","jury_number":"","product_nature":"","meskaracsony":"0","create_date":"2026-08-31 17:44:33","shelve_id":"0","image":"leacandledesign_product_606503_260831094230_583210.png","image_width":"480","image_height":"480","image_alt":"Kaka\u00f3s-van\u00edli\u00e1s-meggyes kr\u00e9m t\u00f6rhet\u0151 illatviasz, Egy illat, amely olyan, mintha egy eleg\u00e1ns cukr\u00e1szda vitrinje el\u0151tt \u00e1lln\u00e1l.\\n\\nAz els\u0151 pillanatban a g..., Meska","image_title":"Kaka\u00f3s-van\u00edli\u00e1s-meggyes kr\u00e9m t\u00f6rhet\u0151 illatviasz, Meska","view_count":"47","favourite_count":"0","trending_score":"0","last2MonthFavouriteCount":"0","promotion":"0","giftcard_accept":"0","creditcard_accept":true,"enhanced_background":"0","domain":"meska","specific_customer_id":null,"specific_customer_name":null,"to_order_product":"0","to_order_product_time":"0","product_different":null,"product_different_description":"","vintage":"0","vintage_category_id":"0","recycled":"0","gemstone_id":"0","customizable":"0","type_category":"physical","zerowaste":"0","postage_price":"2390.00","shop_order":"0","has_category":"1","landing_pages":null,"microdata":{"number":37,"category":""},"title":"Kaka\u00f3s-van\u00edli\u00e1s-meggyes kr\u00e9m t\u00f6rhet\u0151 illatviasz","description":"Egy illat, amely olyan, mintha egy eleg\u00e1ns cukr\u00e1szda vitrinje el\u0151tt \u00e1lln\u00e1l.\n\nAz els\u0151 pillanatban a gazdag csokol\u00e1d\u00e9, az \u00e9rett cseresznye \u00e9s egy leheletnyi narancs cs\u00e1b\u00edt mag\u00e1val. Ahogy kibontakozik az illat, megjelenik a l\u00e1gy tejsz\u00edn, a friss k\u00f3kusz, valamint a finoman f\u0171szeres fah\u00e9j \u00e9s szegf\u0171szeg, amelyek m\u00e9g otthonosabb\u00e1 teszik az \u00e9lm\u00e9nyt. A v\u00e9g\u00e9n a kr\u00e9mes van\u00edlia, az \u00e9des karamell \u00e9s a puha p\u00e9zsma hosszan megmarad\u00f3, b\u00e1rsonyos \u00f6lel\u00e9ssel z\u00e1rja az illatutaz\u00e1st.\n\nSzubjekt\u00edven olyan, mint egy kr\u00e9mes, csereszny\u00e9vel t\u00f6lt\u00f6tt k\u00e9zm\u0171ves csokol\u00e1d\u00e9, amelyet frissen felvert van\u00edli\u00e1s habbal \u00e9s egy csipet k\u00f3kusszal koron\u00e1ztak meg. \u00c9des, m\u00e9gis eleg\u00e1ns \u2013 igazi desszertillat.\n\nIllatjegyek!\n\nFej: csokol\u00e1d\u00e9, cseresznye, narancs\nSz\u00edv: ger\u00e1nium, friss k\u00f3kusz, tejsz\u00edn, fah\u00e9j, szegf\u0171szeg\nAlap: van\u00edlia, p\u00e9zsma, \u00e9des karamell","score":0,"formatted_price":"1 790 Ft","image_url":"https:\/\/www.meska.hu\/img\/product\/small\/l\/e\/leacandledesign_product_606503_260831094230_583210.png","formatted_url":"https:\/\/www.meska.hu\/p5850810-kakaos-vanilias-meggyes-krem-torheto-illatviasz","favourite":false,"in_stock":true,"avatar":"606503_avatar_1703623293.jpeg","delete_from":0,"is_enhanced_background":false,"is_enhanced":false,"product_selection_started":false,"is_active":true,"image_webp_url":"https:\/\/www.meska.hu\/img\/product\/small\/l\/e\/leacandledesign_product_606503_260831094230_583210.webp"},{"id":"5018943","shop_id":"42624","user_id":"606503","shop_name":"Leacandledesign","shop_zip":"2700","product_code":"5095263","product_name_old":null,"product_name":" Belga Csoki illatviasz \u2013 kr\u00e9mesen \u00e9des, meleg \u00e9s ellen\u00e1llhatatlan csokol\u00e1d\u00e9 illat.","category_string":"Otthon & \u00c9letm\u00f3d, Gyertya, illat, aroma, Illatviasz","technic_string":"Gyertya-, m\u00e9csesk\u00e9sz\u00edt\u00e9s","category_1":"813","category_2":"415","category_3":"1391","category_4":"0","merged_category_1":null,"merged_category_2":null,"merged_category_3":null,"technic_1":"484","technic_2":"0","technic_3":"0","color_1":"514","color_2":"519","color_3":"0","product_description_old":null,"product_description":"A frissen olvadt belga csokol\u00e1d\u00e9 gazdag, l\u00e1gy arom\u00e1ja igazi kuck\u00f3z\u00f3s hangulatot var\u00e1zsol otthonodba. \u00c9des, kr\u00e9mes \u00e9s megnyugtat\u00f3 illatvil\u00e1g, amely olyan \u00e9rz\u00e9st kelt, mintha egy k\u00e9zm\u0171ves csokol\u00e1d\u00e9z\u00f3ba l\u00e9pn\u00e9l be. \nK\u00fcl\u00f6nleges t\u00f6rhet\u0151 kialak\u00edt\u00e1s\u00e1nak k\u00f6sz\u00f6nhet\u0151en k\u00f6nnyen adagolhat\u00f3, intenz\u00edv illata pedig gyorsan bet\u00f6lti a helyis\u00e9get. A barna \u00e9s kr\u00e9mes \u00e1rnyalatok, valamint az arany d\u00edsz\u00edt\u00e9s eleg\u00e1ns \u00e9s igaz\u00e1n pr\u00e9mium megjelen\u00e9st adnak az illatviasznak. \n\n\ud83c\udf31 K\u00e9zzel k\u00e9sz\u00edtett sz\u00f3javiasz illatviasz\n\ud83c\udf6b Intenz\u00edv, hosszan tart\u00f3 csokol\u00e1d\u00e9 illat\n\u2728 T\u00f6rhet\u0151 kivitel a k\u00f6nny\u0171 haszn\u00e1lat\u00e9rt\n\ud83c\udfe1 T\u00f6k\u00e9letes v\u00e1laszt\u00e1s meghitt, otthonos hangulat megteremt\u00e9s\u00e9hez\n\nS\u00falya: 50g.\n\nIntenz\u00edven illatos\u00edtott, pr\u00e9mium min\u0151s\u00e9g\u0171 t\u00f6rhet\u0151 illatviasz, amely term\u00e9szetes, biol\u00f3giailag leboml\u00f3 sz\u00f3javiaszb\u00f3l k\u00e9sz\u00fcl. Haszn\u00e1lata sor\u00e1n nem szabadulnak fel k\u00e1ros toxinok, \u00edgy tiszt\u00e1bb \u00e9s kellemesebb illat\u00e9lm\u00e9nyt biztos\u00edt otthonodban.\n\nA sz\u00f3javiasz term\u00e9szetes, veg\u00e1n \u00e9s \u00e1llatk\u00eds\u00e9rlet-mentes alapanyag, amely hosszan tart\u00f3 \u00e9s intenz\u00edv illatot biztos\u00edt.\n\nMinden illatviasz k\u00e9zzel k\u00e9sz\u00fcl, ez\u00e9rt kisebb sz\u00edn- vagy formaelt\u00e9r\u00e9sek el\u0151fordulhatnak, amelyek a k\u00e9zm\u0171ves k\u00e9sz\u00edt\u00e9s term\u00e9szetes velej\u00e1r\u00f3i. A sz\u00f3javiaszon id\u0151nk\u00e9nt megjelen\u0151 apr\u00f3 feh\u00e9r foltok szint\u00e9n term\u00e9szetes jelens\u00e9gek, amelyek sem az illatot, sem a term\u00e9k min\u0151s\u00e9g\u00e9t nem befoly\u00e1solj\u00e1k.\n\nHaszn\u00e1lata\nT\u00f6rj le 1-2 kock\u00e1t vagy darabot az illatviaszb\u00f3l, majd helyezd a p\u00e1rologtat\u00f3 t\u00e1lk\u00e1j\u00e1ba.\nGy\u00fajts meg alatta egy illatmentes team\u00e9csest.\nA felolvadt viasz gyorsan bet\u00f6lti a helyis\u00e9get kellemes illattal.\nAz illat intenzit\u00e1sa t\u00f6bb alkalmon kereszt\u00fcl is \u00e9lvezhet\u0151.\nHa \u00faj illatra v\u00e1ltan\u00e1l, hagyd a viaszt megdermedni, majd enyhe meleg\u00edt\u00e9s ut\u00e1n egyszer\u0171en t\u00e1vol\u00edtsd el a p\u00e1rologtat\u00f3b\u00f3l.\n\n\u26a0\ufe0f Ne adj vizet a viaszhoz!\n\u26a0\ufe0f A p\u00e1rologtat\u00f3t haszn\u00e1lat k\u00f6zben ne hagyd fel\u00fcgyelet n\u00e9lk\u00fcl!","price":"1790.00","unit":"db","recommended":"0","status":"1","sponsored":"0","exp_notify":"0","own_material":"0","own_material_description_old":null,"own_material_description":"","jury":"0","jury_number":"","product_nature":"","meskaracsony":"0","create_date":"2026-08-31 17:44:33","shelve_id":"0","image":"leacandledesign_product_606503_260828201144_581393.png","image_width":"480","image_height":"480","image_alt":" Belga Csoki illatviasz \u2013 kr\u00e9mesen \u00e9des, meleg \u00e9s ellen\u00e1llhatatlan csokol\u00e1d\u00e9 illat., A frissen olvadt belga csokol\u00e1d\u00e9 gazdag, l\u00e1gy arom\u00e1ja igazi kuck\u00f3z\u00f3s hangulatot var\u00e1zsol otthonodba...., Meska","image_title":" Belga Csoki illatviasz \u2013 kr\u00e9mesen \u00e9des, meleg \u00e9s ellen\u00e1llhatatlan csokol\u00e1d\u00e9 illat., Meska","view_count":"1726","favourite_count":"0","trending_score":"0","last2MonthFavouriteCount":"0","promotion":"0","giftcard_accept":"0","creditcard_accept":true,"enhanced_background":"0","domain":"meska","specific_customer_id":null,"specific_customer_name":null,"to_order_product":"0","to_order_product_time":"0","product_different":null,"product_different_description":"","vintage":"0","vintage_category_id":"0","recycled":"0","gemstone_id":"0","customizable":"0","type_category":"physical","zerowaste":"0","postage_price":"2390.00","shop_order":"0","has_category":"1","landing_pages":"Kar\u00e1csonyi aj\u00e1nd\u00e9kok","microdata":{"number":38,"category":""},"title":" Belga Csoki illatviasz \u2013 kr\u00e9mesen \u00e9des, meleg \u00e9s ellen\u00e1llhatatlan csokol\u00e1d\u00e9 illat.","description":"A frissen olvadt belga csokol\u00e1d\u00e9 gazdag, l\u00e1gy arom\u00e1ja igazi kuck\u00f3z\u00f3s hangulatot var\u00e1zsol otthonodba. \u00c9des, kr\u00e9mes \u00e9s megnyugtat\u00f3 illatvil\u00e1g, amely olyan \u00e9rz\u00e9st kelt, mintha egy k\u00e9zm\u0171ves csokol\u00e1d\u00e9z\u00f3ba l\u00e9pn\u00e9l be. \nK\u00fcl\u00f6nleges t\u00f6rhet\u0151 kialak\u00edt\u00e1s\u00e1nak k\u00f6sz\u00f6nhet\u0151en k\u00f6nnyen adagolhat\u00f3, intenz\u00edv illata pedig gyorsan bet\u00f6lti a helyis\u00e9get. A barna \u00e9s kr\u00e9mes \u00e1rnyalatok, valamint az arany d\u00edsz\u00edt\u00e9s eleg\u00e1ns \u00e9s igaz\u00e1n pr\u00e9mium megjelen\u00e9st adnak az illatviasznak. \n\n\ud83c\udf31 K\u00e9zzel k\u00e9sz\u00edtett sz\u00f3javiasz illatviasz\n\ud83c\udf6b Intenz\u00edv, hosszan tart\u00f3 csokol\u00e1d\u00e9 illat\n\u2728 T\u00f6rhet\u0151 kivitel a k\u00f6nny\u0171 haszn\u00e1lat\u00e9rt\n\ud83c\udfe1 T\u00f6k\u00e9letes v\u00e1laszt\u00e1s meghitt, otthonos hangulat megteremt\u00e9s\u00e9hez\n\nS\u00falya: 50g.\n\nIntenz\u00edven illatos\u00edtott, pr\u00e9mium min\u0151s\u00e9g\u0171 t\u00f6rhet\u0151 illatviasz, amely term\u00e9szetes, biol\u00f3giailag leboml\u00f3 sz\u00f3javiaszb\u00f3l k\u00e9sz\u00fcl. Haszn\u00e1lata sor\u00e1n nem szabadulnak fel k\u00e1ros toxinok, \u00edgy tiszt\u00e1bb \u00e9s kellemesebb illat\u00e9lm\u00e9nyt biztos\u00edt otthonodban.\n\nA sz\u00f3javiasz term\u00e9szetes, veg\u00e1n \u00e9s \u00e1llatk\u00eds\u00e9rlet-mentes alapanyag, amely hosszan tart\u00f3 \u00e9s intenz\u00edv illatot biztos\u00edt.\n\nMinden illatviasz k\u00e9zzel k\u00e9sz\u00fcl, ez\u00e9rt kisebb sz\u00edn- vagy formaelt\u00e9r\u00e9sek el\u0151fordulhatnak, amelyek a k\u00e9zm\u0171ves k\u00e9sz\u00edt\u00e9s term\u00e9szetes velej\u00e1r\u00f3i. A sz\u00f3javiaszon id\u0151nk\u00e9nt megjelen\u0151 apr\u00f3 feh\u00e9r foltok szint\u00e9n term\u00e9szetes jelens\u00e9gek, amelyek sem az illatot, sem a term\u00e9k min\u0151s\u00e9g\u00e9t nem befoly\u00e1solj\u00e1k.\n\nHaszn\u00e1lata\nT\u00f6rj le 1-2 kock\u00e1t vagy darabot az illatviaszb\u00f3l, majd helyezd a p\u00e1rologtat\u00f3 t\u00e1lk\u00e1j\u00e1ba.\nGy\u00fajts meg alatta egy illatmentes team\u00e9csest.\nA felolvadt viasz gyorsan bet\u00f6lti a helyis\u00e9get kellemes illattal.\nAz illat intenzit\u00e1sa t\u00f6bb alkalmon kereszt\u00fcl is \u00e9lvezhet\u0151.\nHa \u00faj illatra v\u00e1ltan\u00e1l, hagyd a viaszt megdermedni, majd enyhe meleg\u00edt\u00e9s ut\u00e1n egyszer\u0171en t\u00e1vol\u00edtsd el a p\u00e1rologtat\u00f3b\u00f3l.\n\n\u26a0\ufe0f Ne adj vizet a viaszhoz!\n\u26a0\ufe0f A p\u00e1rologtat\u00f3t haszn\u00e1lat k\u00f6zben ne hagyd fel\u00fcgyelet n\u00e9lk\u00fcl!","score":0,"formatted_price":"1 790 Ft","image_url":"https:\/\/www.meska.hu\/img\/product\/small\/l\/e\/leacandledesign_product_606503_260828201144_581393.png","formatted_url":"https:\/\/www.meska.hu\/p5095263-belga-csoki-illatviasz","favourite":false,"in_stock":true,"avatar":"606503_avatar_1703623293.jpeg","delete_from":0,"is_enhanced_background":false,"is_enhanced":false,"product_selection_started":false,"is_active":true,"image_webp_url":"https:\/\/www.meska.hu\/img\/product\/small\/l\/e\/leacandledesign_product_606503_260828201144_581393.webp"},{"id":"5064672","shop_id":"42624","user_id":"606503","shop_name":"Leacandledesign","shop_zip":"2700","product_code":"5127835","product_name_old":null,"product_name":"M\u00e1ln\u00e1s panna cotta illatviasz, igazi m\u00e1ln\u00e1s desszert\u00e9lm\u00e9ny","category_string":"Otthon & \u00c9letm\u00f3d, Gyertya, illat, aroma, Illatviasz","technic_string":"Gyertya-, m\u00e9csesk\u00e9sz\u00edt\u00e9s","category_1":"813","category_2":"415","category_3":"1391","category_4":"0","merged_category_1":null,"merged_category_2":null,"merged_category_3":null,"technic_1":"484","technic_2":"0","technic_3":"0","color_1":"514","color_2":"519","color_3":"523","product_description_old":null,"product_description":"Egy igazi desszertk\u00fcl\u00f6nlegess\u00e9g illatban! \n\nA M\u00e1ln\u00e1s Panna Cotta illatviasz \u00e9des, gy\u00fcm\u00f6lcs\u00f6s \u00e9s kr\u00e9mesen l\u00e1gy arom\u00e1j\u00e1val pillanatok alatt otthonoss\u00e1 var\u00e1zsolja a teret. A zamatos m\u00e1lna, a vad cseresznye \u00e9s a szeder tal\u00e1lkoz\u00e1s\u00e1t a van\u00edlia \u00e9s a cukros jegyek teszik ellen\u00e1llhatatlanul finomm\u00e1.\n\nIllatjegyek:\n\nFej: narancs, citromh\u00e9j, napon \u00e9rlelt m\u00e1lna\nSz\u00edv: szeder, szegf\u0171szeg, vad cseresznye\nAlap: van\u00edlia, cukor, p\u00e9zsma\n\nTerm\u00e9k jellemz\u0151i!\nKiszerel\u00e9s: 50gramm\nHaszn\u00e1lat: aromal\u00e1mp\u00e1ban vagy elektromos viaszolvaszt\u00f3ban.\nIllatvil\u00e1g: gy\u00fcm\u00f6lcs\u00f6s, \u00e9des, desszert jelleg\u0171\nAlapanyag: sz\u00f3javiasz, illatolaj, gyertyasz\u00ednez\u0151, mica por, \nK\u00e9zzel k\u00e9sz\u00edtett illatviasz, szeretettel csomagolva!\n\nIntenz\u00edven illatos\u00edtott, biol\u00f3giailag leboml\u00f3 term\u00e9szetes sz\u00f3javiasz. Haszn\u00e1latuk k\u00f6zben nem szabadulnak fel toxinok, \u00edgy fejf\u00e1j\u00e1s n\u00e9lk\u00fcl \u00e9lvezheted otthonodban a csod\u00e1s illatot.Term\u00e9szetes, \u00e1llatk\u00eds\u00e9rlet mentes \u00e9s hosszan tart\u00f3 illat\u00fa! K\u00e9zzel k\u00e9sz\u00fcltek, ez\u00e9rt minim\u00e1lis elt\u00e9r\u00e9sek el\u0151fordulhatnak k\u00f6z\u00f6tt\u00fck. A sz\u00f3javiasz kis feh\u00e9r foltokat eredm\u00e9nyez, ez norm\u00e1lis folyamat. Nem befoly\u00e1solja sem az illat\u00e1t, sem a min\u0151s\u00e9g\u00e9t.\n\nHaszn\u00e1latuk!\n1. Vedd ki a csomagol\u00e1sb\u00f3l \u00e9s helyezz a viaszb\u00f3l 2-3 db-ot a ker\u00e1mia p\u00e1rol\u00f3gtat\u00f3ba.\n2. Gy\u00fajts meg alatta egy illatmentes team\u00e9csest! Ne adj hozz\u00e1 vizet!\n3. Illatviaszod hossz\u00fa ideig fog illatozni, de ha meguntad az illat\u00e1t egyszer\u0171en el tudod t\u00e1vol\u00edtani!\n4. A megdermedt viasz alatt gy\u00fajts \u00fajra egy m\u00e9csest p\u00e1r m\u00e1sodpercig, hogy ki tudd pattintani a viaszt a p\u00e1rologtat\u00f3b\u00f3l. A marad\u00e9kot ki tudod t\u00f6r\u00f6lni egy pap\u00edrt\u00f6rl\u0151 seg\u00edts\u00e9g\u00e9vel.\n5. Itt az ideje egy \u00faj illat kipr\u00f3b\u00e1l\u00e1s\u00e1nak.","price":"1790.00","unit":"db","recommended":"0","status":"1","sponsored":"0","exp_notify":"0","own_material":"0","own_material_description_old":null,"own_material_description":"","jury":"0","jury_number":"","product_nature":"","meskaracsony":"0","create_date":"2026-08-31 17:44:33","shelve_id":"0","image":"leacandledesign_product_606503_260831124402_232431.png","image_width":"480","image_height":"480","image_alt":"M\u00e1ln\u00e1s panna cotta illatviasz, igazi m\u00e1ln\u00e1s desszert\u00e9lm\u00e9ny, Egy igazi desszertk\u00fcl\u00f6nlegess\u00e9g illatban! \\n\\nA M\u00e1ln\u00e1s Panna Cotta illatviasz \u00e9des, gy\u00fcm\u00f6lcs\u00f6s \u00e9s kr\u00e9m..., Meska","image_title":"M\u00e1ln\u00e1s panna cotta illatviasz, igazi m\u00e1ln\u00e1s desszert\u00e9lm\u00e9ny, Meska","view_count":"1228","favourite_count":"0","trending_score":"0","last2MonthFavouriteCount":"0","promotion":"0","giftcard_accept":"0","creditcard_accept":true,"enhanced_background":"0","domain":"meska","specific_customer_id":null,"specific_customer_name":null,"to_order_product":"0","to_order_product_time":"0","product_different":null,"product_different_description":"","vintage":"0","vintage_category_id":"0","recycled":"0","gemstone_id":"0","customizable":"0","type_category":"physical","zerowaste":"0","postage_price":"2390.00","shop_order":"0","has_category":"1","landing_pages":"Sz\u00fclinapi aj\u00e1nd\u00e9kok","microdata":{"number":39,"category":""},"title":"M\u00e1ln\u00e1s panna cotta illatviasz, igazi m\u00e1ln\u00e1s desszert\u00e9lm\u00e9ny","description":"Egy igazi desszertk\u00fcl\u00f6nlegess\u00e9g illatban! \n\nA M\u00e1ln\u00e1s Panna Cotta illatviasz \u00e9des, gy\u00fcm\u00f6lcs\u00f6s \u00e9s kr\u00e9mesen l\u00e1gy arom\u00e1j\u00e1val pillanatok alatt otthonoss\u00e1 var\u00e1zsolja a teret. A zamatos m\u00e1lna, a vad cseresznye \u00e9s a szeder tal\u00e1lkoz\u00e1s\u00e1t a van\u00edlia \u00e9s a cukros jegyek teszik ellen\u00e1llhatatlanul finomm\u00e1.\n\nIllatjegyek:\n\nFej: narancs, citromh\u00e9j, napon \u00e9rlelt m\u00e1lna\nSz\u00edv: szeder, szegf\u0171szeg, vad cseresznye\nAlap: van\u00edlia, cukor, p\u00e9zsma\n\nTerm\u00e9k jellemz\u0151i!\nKiszerel\u00e9s: 50gramm\nHaszn\u00e1lat: aromal\u00e1mp\u00e1ban vagy elektromos viaszolvaszt\u00f3ban.\nIllatvil\u00e1g: gy\u00fcm\u00f6lcs\u00f6s, \u00e9des, desszert jelleg\u0171\nAlapanyag: sz\u00f3javiasz, illatolaj, gyertyasz\u00ednez\u0151, mica por, \nK\u00e9zzel k\u00e9sz\u00edtett illatviasz, szeretettel csomagolva!\n\nIntenz\u00edven illatos\u00edtott, biol\u00f3giailag leboml\u00f3 term\u00e9szetes sz\u00f3javiasz. Haszn\u00e1latuk k\u00f6zben nem szabadulnak fel toxinok, \u00edgy fejf\u00e1j\u00e1s n\u00e9lk\u00fcl \u00e9lvezheted otthonodban a csod\u00e1s illatot.Term\u00e9szetes, \u00e1llatk\u00eds\u00e9rlet mentes \u00e9s hosszan tart\u00f3 illat\u00fa! K\u00e9zzel k\u00e9sz\u00fcltek, ez\u00e9rt minim\u00e1lis elt\u00e9r\u00e9sek el\u0151fordulhatnak k\u00f6z\u00f6tt\u00fck. A sz\u00f3javiasz kis feh\u00e9r foltokat eredm\u00e9nyez, ez norm\u00e1lis folyamat. Nem befoly\u00e1solja sem az illat\u00e1t, sem a min\u0151s\u00e9g\u00e9t.\n\nHaszn\u00e1latuk!\n1. Vedd ki a csomagol\u00e1sb\u00f3l \u00e9s helyezz a viaszb\u00f3l 2-3 db-ot a ker\u00e1mia p\u00e1rol\u00f3gtat\u00f3ba.\n2. Gy\u00fajts meg alatta egy illatmentes team\u00e9csest! Ne adj hozz\u00e1 vizet!\n3. Illatviaszod hossz\u00fa ideig fog illatozni, de ha meguntad az illat\u00e1t egyszer\u0171en el tudod t\u00e1vol\u00edtani!\n4. A megdermedt viasz alatt gy\u00fajts \u00fajra egy m\u00e9csest p\u00e1r m\u00e1sodpercig, hogy ki tudd pattintani a viaszt a p\u00e1rologtat\u00f3b\u00f3l. A marad\u00e9kot ki tudod t\u00f6r\u00f6lni egy pap\u00edrt\u00f6rl\u0151 seg\u00edts\u00e9g\u00e9vel.\n5. Itt az ideje egy \u00faj illat kipr\u00f3b\u00e1l\u00e1s\u00e1nak.","score":0,"formatted_price":"1 790 Ft","image_url":"https:\/\/www.meska.hu\/img\/product\/small\/l\/e\/leacandledesign_product_606503_260831124402_232431.png","formatted_url":"https:\/\/www.meska.hu\/p5127835-malnas-panna-cotta-illatviasz","favourite":false,"in_stock":true,"avatar":"606503_avatar_1703623293.jpeg","delete_from":0,"is_enhanced_background":false,"is_enhanced":false,"product_selection_started":false,"is_active":true,"image_webp_url":"https:\/\/www.meska.hu\/img\/product\/small\/l\/e\/leacandledesign_product_606503_260831124402_232431.webp"},{"id":"6350272","shop_id":"42624","user_id":"606503","shop_name":"Leacandledesign","shop_zip":"2700","product_code":"5863378","product_name_old":null,"product_name":"Oliver parf\u00fcm illatviasz, \u00e9desk\u00e9s \u00e9s f\u0171szeres, f\u00e1s f\u00e9rfias illat","category_string":"Otthon & \u00c9letm\u00f3d, Gyertya, illat, aroma, Illatviasz","technic_string":"Gyertya-, m\u00e9csesk\u00e9sz\u00edt\u00e9s","category_1":"813","category_2":"415","category_3":"1391","category_4":"0","merged_category_1":null,"merged_category_2":null,"merged_category_3":null,"technic_1":"484","technic_2":"0","technic_3":"0","color_1":"519","color_2":"0","color_3":"0","product_description_old":null,"product_description":"Az Oliver illatviasz egy karakteres, parf\u00fcm\u00f6s illatkompoz\u00edci\u00f3, amely a citrusos frissess\u00e9get meleg f\u0171szerekkel, l\u00e1gy \u00e9dess\u00e9ggel \u00e9s eleg\u00e1ns f\u00e1s jegyekkel \u00f6tv\u00f6zi.\n\nAz els\u0151 pillanatokban a bergamott friss citrusoss\u00e1ga \u00e9s a narancsvir\u00e1g arom\u00e1ja bontakozik ki, amelyhez a szerecsendi\u00f3 meleg, f\u0171szeres karaktere t\u00e1rsul. Ezt k\u00f6veti a j\u00e1zmin \u00e9s a ger\u00e1nium kifinomult vir\u00e1goss\u00e1ga, amelyet az \u0151szibarack finom, gy\u00fcm\u00f6lcs\u00f6s \u00e9dess\u00e9ge l\u00e1gy\u00edt.\n\nAhogy az illat kiteljesedik, el\u0151t\u00e9rbe ker\u00fcl a van\u00edlia \u00e9s az \u00e1mbra meleg, \u00e9rz\u00e9ki p\u00e1rosa, amelyet a szant\u00e1lfa kr\u00e9mes \u00e9s a c\u00e9drusfa karakteres f\u00e1s arom\u00e1ja tesz teljess\u00e9.\n\nAz eredm\u00e9ny egy \u00e9desk\u00e9s, f\u0171szeres-f\u00e1s, hat\u00e1rozottan f\u00e9rfias \u00e9s eleg\u00e1ns illat, amely egy ig\u00e9nyes f\u00e9rfiparf\u00fcm hangulat\u00e1t id\u00e9zi meg. K\u00fcl\u00f6n\u00f6sen j\u00f3 v\u00e1laszt\u00e1s azoknak, akik szeretik a m\u00e9lyebb, melegebb, parf\u00fcm\u00f6s illatokat.\n\nIllatjegyek:\nFej: bergamott, narancsvir\u00e1g, szerecsendi\u00f3\nSz\u00edv: j\u00e1zmin, ger\u00e1nium, \u0151szibarack\nAlap: van\u00edlia, \u00e1mbra, szant\u00e1lfa, c\u00e9drusfa\n\nKiszerel\u00e9s: 80 g","price":"2400.00","unit":"db","recommended":"0","status":"1","sponsored":"0","exp_notify":"0","own_material":"0","own_material_description_old":null,"own_material_description":"","jury":"0","jury_number":"","product_nature":"","meskaracsony":"0","create_date":"2026-08-31 17:21:55","shelve_id":"0","image":"leacandledesign_product_606503_260831171708_969630.png","image_width":"480","image_height":"480","image_alt":"Oliver parf\u00fcm illatviasz, \u00e9desk\u00e9s \u00e9s f\u0171szeres, f\u00e1s f\u00e9rfias illat, Az Oliver illatviasz egy karakteres, parf\u00fcm\u00f6s illatkompoz\u00edci\u00f3, amely a citrusos frissess\u00e9get meleg f..., Meska","image_title":"Oliver parf\u00fcm illatviasz, \u00e9desk\u00e9s \u00e9s f\u0171szeres, f\u00e1s f\u00e9rfias illat, Meska","view_count":"15","favourite_count":"0","trending_score":"0","last2MonthFavouriteCount":"0","promotion":"0","giftcard_accept":"0","creditcard_accept":true,"enhanced_background":"0","domain":"meska","specific_customer_id":null,"specific_customer_name":null,"to_order_product":"0","to_order_product_time":"0","product_different":null,"product_different_description":"","vintage":"0","vintage_category_id":"0","recycled":"0","gemstone_id":"0","customizable":"0","type_category":"physical","zerowaste":"0","postage_price":"2390.00","shop_order":"0","has_category":"1","landing_pages":null,"microdata":{"number":40,"category":""},"title":"Oliver parf\u00fcm illatviasz, \u00e9desk\u00e9s \u00e9s f\u0171szeres, f\u00e1s f\u00e9rfias illat","description":"Az Oliver illatviasz egy karakteres, parf\u00fcm\u00f6s illatkompoz\u00edci\u00f3, amely a citrusos frissess\u00e9get meleg f\u0171szerekkel, l\u00e1gy \u00e9dess\u00e9ggel \u00e9s eleg\u00e1ns f\u00e1s jegyekkel \u00f6tv\u00f6zi.\n\nAz els\u0151 pillanatokban a bergamott friss citrusoss\u00e1ga \u00e9s a narancsvir\u00e1g arom\u00e1ja bontakozik ki, amelyhez a szerecsendi\u00f3 meleg, f\u0171szeres karaktere t\u00e1rsul. Ezt k\u00f6veti a j\u00e1zmin \u00e9s a ger\u00e1nium kifinomult vir\u00e1goss\u00e1ga, amelyet az \u0151szibarack finom, gy\u00fcm\u00f6lcs\u00f6s \u00e9dess\u00e9ge l\u00e1gy\u00edt.\n\nAhogy az illat kiteljesedik, el\u0151t\u00e9rbe ker\u00fcl a van\u00edlia \u00e9s az \u00e1mbra meleg, \u00e9rz\u00e9ki p\u00e1rosa, amelyet a szant\u00e1lfa kr\u00e9mes \u00e9s a c\u00e9drusfa karakteres f\u00e1s arom\u00e1ja tesz teljess\u00e9.\n\nAz eredm\u00e9ny egy \u00e9desk\u00e9s, f\u0171szeres-f\u00e1s, hat\u00e1rozottan f\u00e9rfias \u00e9s eleg\u00e1ns illat, amely egy ig\u00e9nyes f\u00e9rfiparf\u00fcm hangulat\u00e1t id\u00e9zi meg. K\u00fcl\u00f6n\u00f6sen j\u00f3 v\u00e1laszt\u00e1s azoknak, akik szeretik a m\u00e9lyebb, melegebb, parf\u00fcm\u00f6s illatokat.\n\nIllatjegyek:\nFej: bergamott, narancsvir\u00e1g, szerecsendi\u00f3\nSz\u00edv: j\u00e1zmin, ger\u00e1nium, \u0151szibarack\nAlap: van\u00edlia, \u00e1mbra, szant\u00e1lfa, c\u00e9drusfa\n\nKiszerel\u00e9s: 80 g","score":0,"formatted_price":"2 400 Ft","image_url":"https:\/\/www.meska.hu\/img\/product\/small\/l\/e\/leacandledesign_product_606503_260831171708_969630.png","formatted_url":"https:\/\/www.meska.hu\/p5863378-oliver-parfum-illatviasz-edeskes-es-fuszeres-fas-ferfias-illat","favourite":false,"in_stock":true,"avatar":"606503_avatar_1703623293.jpeg","delete_from":0,"is_enhanced_background":false,"is_enhanced":false,"product_selection_started":false,"is_active":true,"image_webp_url":"https:\/\/www.meska.hu\/img\/product\/small\/l\/e\/leacandledesign_product_606503_260831171708_969630.webp"},{"id":"6350257","shop_id":"42624","user_id":"606503","shop_name":"Leacandledesign","shop_zip":"2700","product_code":"5863372","product_name_old":null,"product_name":"S\u00fct\u0151t\u00f6k illat\u00fa illatgyertya, meghitt \u0151szi hangulat egyetlen gyerty\u00e1ban","category_string":"Otthon & \u00c9letm\u00f3d, Gyertya, illat, aroma, Gyertya","technic_string":"Gyertya-, m\u00e9csesk\u00e9sz\u00edt\u00e9s","category_1":"813","category_2":"415","category_3":"1388","category_4":"0","merged_category_1":null,"merged_category_2":null,"merged_category_3":null,"technic_1":"484","technic_2":"0","technic_3":"0","color_1":"1474","color_2":"519","color_3":"568","product_description_old":null,"product_description":"A S\u00fct\u0151t\u00f6k illatgyertya meleg, \u00e9desk\u00e9s \u00e9s kellemesen f\u0171szeres illatvil\u00e1g\u00e1val igazi kuck\u00f3z\u00f3s hangulatot teremt. Olyan \u00e9rz\u00e9st id\u00e9z, mint egy h\u0171v\u00f6s \u0151szi d\u00e9lut\u00e1n, amikor odakint hullanak a levelek, bent pedig puha takar\u00f3, meleg f\u00e9nyek \u00e9s egy finom, s\u00fct\u0151t\u00f6k\u00f6s illat v\u00e1r. \ud83e\udd0e\n\nA gyertya nemcsak illat\u00e1val, hanem k\u00fcl\u00f6nleges, \u0151szi megjelen\u00e9s\u00e9vel is hangulatos kieg\u00e9sz\u00edt\u0151je lehet otthonodnak. T\u00f6k\u00e9letes a nappaliba, h\u00e1l\u00f3szob\u00e1ba vagy egy meghitt esti pihen\u00e9shez.\n\nAj\u00e1nd\u00e9knak is remek v\u00e1laszt\u00e1s azoknak, akik szeretik az \u0151szi, \u00e9des-f\u0171szeres illatokat \u00e9s a hangulatos gyertyaf\u00e9nyes est\u00e9ket. \n\n\u00d6ssz s\u00falya: 720 gramm\nM\u00e9retei: 8 x 12 cm","price":"6200.00","unit":"db","recommended":"0","status":"1","sponsored":"0","exp_notify":"0","own_material":"0","own_material_description_old":null,"own_material_description":"","jury":"0","jury_number":"","product_nature":"","meskaracsony":"0","create_date":"2026-08-31 17:01:25","shelve_id":"0","image":"leacandledesign_product_606503_260831165551_745942.png","image_width":"480","image_height":"480","image_alt":"S\u00fct\u0151t\u00f6k illat\u00fa illatgyertya, meghitt \u0151szi hangulat egyetlen gyerty\u00e1ban, A S\u00fct\u0151t\u00f6k illatgyertya meleg, \u00e9desk\u00e9s \u00e9s kellemesen f\u0171szeres illatvil\u00e1g\u00e1val igazi kuck\u00f3z\u00f3s hangulato..., Meska","image_title":"S\u00fct\u0151t\u00f6k illat\u00fa illatgyertya, meghitt \u0151szi hangulat egyetlen gyerty\u00e1ban, Meska","view_count":"17","favourite_count":"0","trending_score":"0","last2MonthFavouriteCount":"0","promotion":"0","giftcard_accept":"0","creditcard_accept":true,"enhanced_background":"0","domain":"meska","specific_customer_id":null,"specific_customer_name":null,"to_order_product":"0","to_order_product_time":"0","product_different":null,"product_different_description":"","vintage":"0","vintage_category_id":"0","recycled":"0","gemstone_id":"0","customizable":"0","type_category":"physical","zerowaste":"0","postage_price":"2390.00","shop_order":"0","has_category":"1","landing_pages":null,"microdata":{"number":41,"category":""},"title":"S\u00fct\u0151t\u00f6k illat\u00fa illatgyertya, meghitt \u0151szi hangulat egyetlen gyerty\u00e1ban","description":"A S\u00fct\u0151t\u00f6k illatgyertya meleg, \u00e9desk\u00e9s \u00e9s kellemesen f\u0171szeres illatvil\u00e1g\u00e1val igazi kuck\u00f3z\u00f3s hangulatot teremt. Olyan \u00e9rz\u00e9st id\u00e9z, mint egy h\u0171v\u00f6s \u0151szi d\u00e9lut\u00e1n, amikor odakint hullanak a levelek, bent pedig puha takar\u00f3, meleg f\u00e9nyek \u00e9s egy finom, s\u00fct\u0151t\u00f6k\u00f6s illat v\u00e1r. \ud83e\udd0e\n\nA gyertya nemcsak illat\u00e1val, hanem k\u00fcl\u00f6nleges, \u0151szi megjelen\u00e9s\u00e9vel is hangulatos kieg\u00e9sz\u00edt\u0151je lehet otthonodnak. T\u00f6k\u00e9letes a nappaliba, h\u00e1l\u00f3szob\u00e1ba vagy egy meghitt esti pihen\u00e9shez.\n\nAj\u00e1nd\u00e9knak is remek v\u00e1laszt\u00e1s azoknak, akik szeretik az \u0151szi, \u00e9des-f\u0171szeres illatokat \u00e9s a hangulatos gyertyaf\u00e9nyes est\u00e9ket. \n\n\u00d6ssz s\u00falya: 720 gramm\nM\u00e9retei: 8 x 12 cm","score":0,"formatted_price":"6 200 Ft","image_url":"https:\/\/www.meska.hu\/img\/product\/small\/l\/e\/leacandledesign_product_606503_260831165551_745942.png","formatted_url":"https:\/\/www.meska.hu\/p5863372-sutotok-illatu-illatgyertya-meghitt-oszi-hangulat-egyetlen-gyertyaban","favourite":false,"in_stock":true,"avatar":"606503_avatar_1703623293.jpeg","delete_from":0,"is_enhanced_background":false,"is_enhanced":false,"product_selection_started":false,"is_active":true,"image_webp_url":"https:\/\/www.meska.hu\/img\/product\/small\/l\/e\/leacandledesign_product_606503_260831165551_745942.webp"},{"id":"6350182","shop_id":"17626","user_id":"147962","shop_name":"Mkkata","shop_zip":"4220","product_code":"5863346","product_name_old":null,"product_name":"Baba bejelent\u0151 aj\u00e1nd\u00e9kszett ","category_string":"Baba - mama, Babaeml\u00e9kek, Bababejelent\u0151k","technic_string":"Gyertya-, m\u00e9csesk\u00e9sz\u00edt\u00e9s","category_1":"1735","category_2":"1751","category_3":"1730","category_4":"0","merged_category_1":null,"merged_category_2":null,"merged_category_3":null,"technic_1":"484","technic_2":"0","technic_3":"0","color_1":"525","color_2":"0","color_3":"0","product_description_old":null,"product_description":"Egy kis csoda \u00e9rkez\u00e9se \u00e9letre sz\u00f3l\u00f3 pillanat.\nEz a szeretettel \u00f6ssze\u00e1ll\u00edtott bab\u00e1s bejelent\u0151 aj\u00e1nd\u00e9kcsomag seg\u00edt abban, hogy a nagy h\u00edrt igaz\u00e1n meghat\u00f3 \u00e9s eml\u00e9kezetes m\u00f3don oszd meg a szeretteiddel.\nA csomag bab\u00e1s hangulat\u00fa kieg\u00e9sz\u00edt\u0151ket tartalmaz, eleg\u00e1ns d\u00edszcsomagol\u00e1sban. A belsej\u00e9ben elhelyezett c\u00edmke egyedi, szem\u00e9lyes \u00fczenettel is k\u00e9rhet\u0151, \u00edgy a meglepet\u00e9s igaz\u00e1n sz\u00edvhez sz\u00f3l\u00f3 lesz.\n\nT\u00f6k\u00e9letes v\u00e1laszt\u00e1s:\n-Nagysz\u00fcl\u0151i bejelent\u00e9shez\n-Keresztsz\u00fcl\u0151 felk\u00e9r\u00e9shez\n-Csal\u00e1di bababejelent\u00e9shez\n- Babal\u00e1togat\u00f3ra \n\nA term\u00e9kek viaszb\u00f3l kesz\u00fcltek, kiz\u00e1r\u00f3lag dekor\u00e1ci\u00f3s c\u00e9llal.\n\nK\u00e9rhet\u0151 egyedi felirattal is.\nK\u00e9r\u00e9s eset\u00e9n  r\u00f6vid, szem\u00e9lyes \u00fczenetet helyez\u00fcnk el a c\u00edmk\u00e9n.\nAz \u00fczenetet k\u00e9rj\u00fck a megjegyz\u00e9s rovatban megadni.\nA felirat kiz\u00e1r\u00f3lag a csomagol\u00e1sba  ker\u00fcl. \n\n \n \n\n \n\n ","price":"4490.00","unit":"db","recommended":"0","status":"1","sponsored":"0","exp_notify":"0","own_material":"0","own_material_description_old":null,"own_material_description":"","jury":"0","jury_number":"","product_nature":"","meskaracsony":"0","create_date":"2026-08-31 15:53:35","shelve_id":"82064","image":"mkkata_product_147962_260831155257_261456.jpeg","image_width":"480","image_height":"640","image_alt":"Baba bejelent\u0151 aj\u00e1nd\u00e9kszett , Egy kis csoda \u00e9rkez\u00e9se \u00e9letre sz\u00f3l\u00f3 pillanat.\\nEz a szeretettel \u00f6ssze\u00e1ll\u00edtott bab\u00e1s bejelent\u0151 aj\u00e1nd\u00e9k..., Meska","image_title":"Baba bejelent\u0151 aj\u00e1nd\u00e9kszett , Meska","view_count":"20","favourite_count":"0","trending_score":"0","last2MonthFavouriteCount":"0","promotion":"0","giftcard_accept":"0","creditcard_accept":false,"enhanced_background":"0","domain":"meska","specific_customer_id":null,"specific_customer_name":null,"to_order_product":"0","to_order_product_time":"0","product_different":null,"product_different_description":"","vintage":"0","vintage_category_id":"0","recycled":"0","gemstone_id":"0","customizable":"1","type_category":"physical","zerowaste":"0","postage_price":"1290.00","shop_order":"7","has_category":"1","landing_pages":null,"microdata":{"number":42,"category":""},"title":"Baba bejelent\u0151 aj\u00e1nd\u00e9kszett ","description":"Egy kis csoda \u00e9rkez\u00e9se \u00e9letre sz\u00f3l\u00f3 pillanat.\nEz a szeretettel \u00f6ssze\u00e1ll\u00edtott bab\u00e1s bejelent\u0151 aj\u00e1nd\u00e9kcsomag seg\u00edt abban, hogy a nagy h\u00edrt igaz\u00e1n meghat\u00f3 \u00e9s eml\u00e9kezetes m\u00f3don oszd meg a szeretteiddel.\nA csomag bab\u00e1s hangulat\u00fa kieg\u00e9sz\u00edt\u0151ket tartalmaz, eleg\u00e1ns d\u00edszcsomagol\u00e1sban. A belsej\u00e9ben elhelyezett c\u00edmke egyedi, szem\u00e9lyes \u00fczenettel is k\u00e9rhet\u0151, \u00edgy a meglepet\u00e9s igaz\u00e1n sz\u00edvhez sz\u00f3l\u00f3 lesz.\n\nT\u00f6k\u00e9letes v\u00e1laszt\u00e1s:\n-Nagysz\u00fcl\u0151i bejelent\u00e9shez\n-Keresztsz\u00fcl\u0151 felk\u00e9r\u00e9shez\n-Csal\u00e1di bababejelent\u00e9shez\n- Babal\u00e1togat\u00f3ra \n\nA term\u00e9kek viaszb\u00f3l kesz\u00fcltek, kiz\u00e1r\u00f3lag dekor\u00e1ci\u00f3s c\u00e9llal.\n\nK\u00e9rhet\u0151 egyedi felirattal is.\nK\u00e9r\u00e9s eset\u00e9n  r\u00f6vid, szem\u00e9lyes \u00fczenetet helyez\u00fcnk el a c\u00edmk\u00e9n.\nAz \u00fczenetet k\u00e9rj\u00fck a megjegyz\u00e9s rovatban megadni.\nA felirat kiz\u00e1r\u00f3lag a csomagol\u00e1sba  ker\u00fcl. \n\n \n \n\n \n\n ","score":0,"formatted_price":"4 490 Ft","image_url":"https:\/\/www.meska.hu\/img\/product\/small\/m\/k\/mkkata_product_147962_260831155257_261456.jpeg","formatted_url":"https:\/\/www.meska.hu\/p5863346-baba-bejelento-ajandekszett","favourite":false,"in_stock":true,"avatar":"147962_avatar_1787953991.jpeg","delete_from":0,"is_enhanced_background":false,"is_enhanced":false,"product_selection_started":false,"is_active":true,"image_webp_url":"https:\/\/www.meska.hu\/img\/product\/small\/m\/k\/mkkata_product_147962_260831155257_261456.webp"},{"id":"6350171","shop_id":"17626","user_id":"147962","shop_name":"Mkkata","shop_zip":"4220","product_code":"5863344","product_name_old":null,"product_name":"Baba bejelent\u0151 aj\u00e1nd\u00e9kszett ","category_string":"Baba - mama, Babaeml\u00e9kek, Bababejelent\u0151k","technic_string":"Gyertya-, m\u00e9csesk\u00e9sz\u00edt\u00e9s","category_1":"1735","category_2":"1751","category_3":"1730","category_4":"0","merged_category_1":null,"merged_category_2":null,"merged_category_3":null,"technic_1":"484","technic_2":"0","technic_3":"0","color_1":"521","color_2":"0","color_3":"0","product_description_old":null,"product_description":"Egy kis csoda \u00e9rkez\u00e9se \u00e9letre sz\u00f3l\u00f3 pillanat.\nEz a szeretettel \u00f6ssze\u00e1ll\u00edtott bab\u00e1s bejelent\u0151 aj\u00e1nd\u00e9kcsomag seg\u00edt abban, hogy a nagy h\u00edrt igaz\u00e1n meghat\u00f3 \u00e9s eml\u00e9kezetes m\u00f3don oszd meg a szeretteiddel.\nA csomag bab\u00e1s hangulat\u00fa kieg\u00e9sz\u00edt\u0151ket tartalmaz, eleg\u00e1ns d\u00edszcsomagol\u00e1sban. A belsej\u00e9ben elhelyezett c\u00edmke egyedi, szem\u00e9lyes \u00fczenettel is k\u00e9rhet\u0151, \u00edgy a meglepet\u00e9s igaz\u00e1n sz\u00edvhez sz\u00f3l\u00f3 lesz.\n\nT\u00f6k\u00e9letes v\u00e1laszt\u00e1s:\n-Nagysz\u00fcl\u0151i bejelent\u00e9shez\n-Keresztsz\u00fcl\u0151 felk\u00e9r\u00e9shez\n-Csal\u00e1di bababejelent\u00e9shez\n- Babal\u00e1togat\u00f3ra \n\nA term\u00e9kek viaszb\u00f3l kesz\u00fcltek, kiz\u00e1r\u00f3lag dekor\u00e1ci\u00f3s c\u00e9llal.\n\nK\u00e9rhet\u0151 egyedi felirattal is.\nK\u00e9r\u00e9s eset\u00e9n  r\u00f6vid, szem\u00e9lyes \u00fczenetet helyez\u00fcnk el a c\u00edmk\u00e9n.\nAz \u00fczenetet k\u00e9rj\u00fck a megjegyz\u00e9s rovatban megadni.\nA felirat kiz\u00e1r\u00f3lag a csomagol\u00e1sba  ker\u00fcl. \nA  d\u00edszdoboz szalaggal \u00e1tk\u00f6tve \u00e9rkezik \n \n \n\n \n\n ","price":"4490.00","unit":"db","recommended":"0","status":"1","sponsored":"0","exp_notify":"0","own_material":"0","own_material_description_old":null,"own_material_description":"","jury":"0","jury_number":"","product_nature":"","meskaracsony":"0","create_date":"2026-08-31 15:42:25","shelve_id":"82064","image":"mkkata_product_147962_260831153742_841727.jpeg","image_width":"480","image_height":"640","image_alt":"Baba bejelent\u0151 aj\u00e1nd\u00e9kszett , Egy kis csoda \u00e9rkez\u00e9se \u00e9letre sz\u00f3l\u00f3 pillanat.\\nEz a szeretettel \u00f6ssze\u00e1ll\u00edtott bab\u00e1s bejelent\u0151 aj\u00e1nd\u00e9k..., Meska","image_title":"Baba bejelent\u0151 aj\u00e1nd\u00e9kszett , Meska","view_count":"14","favourite_count":"0","trending_score":"0","last2MonthFavouriteCount":"0","promotion":"0","giftcard_accept":"0","creditcard_accept":false,"enhanced_background":"0","domain":"meska","specific_customer_id":null,"specific_customer_name":null,"to_order_product":"0","to_order_product_time":"0","product_different":null,"product_different_description":"","vintage":"0","vintage_category_id":"0","recycled":"0","gemstone_id":"0","customizable":"1","type_category":"physical","zerowaste":"0","postage_price":"1290.00","shop_order":"8","has_category":"1","landing_pages":null,"microdata":{"number":43,"category":""},"title":"Baba bejelent\u0151 aj\u00e1nd\u00e9kszett ","description":"Egy kis csoda \u00e9rkez\u00e9se \u00e9letre sz\u00f3l\u00f3 pillanat.\nEz a szeretettel \u00f6ssze\u00e1ll\u00edtott bab\u00e1s bejelent\u0151 aj\u00e1nd\u00e9kcsomag seg\u00edt abban, hogy a nagy h\u00edrt igaz\u00e1n meghat\u00f3 \u00e9s eml\u00e9kezetes m\u00f3don oszd meg a szeretteiddel.\nA csomag bab\u00e1s hangulat\u00fa kieg\u00e9sz\u00edt\u0151ket tartalmaz, eleg\u00e1ns d\u00edszcsomagol\u00e1sban. A belsej\u00e9ben elhelyezett c\u00edmke egyedi, szem\u00e9lyes \u00fczenettel is k\u00e9rhet\u0151, \u00edgy a meglepet\u00e9s igaz\u00e1n sz\u00edvhez sz\u00f3l\u00f3 lesz.\n\nT\u00f6k\u00e9letes v\u00e1laszt\u00e1s:\n-Nagysz\u00fcl\u0151i bejelent\u00e9shez\n-Keresztsz\u00fcl\u0151 felk\u00e9r\u00e9shez\n-Csal\u00e1di bababejelent\u00e9shez\n- Babal\u00e1togat\u00f3ra \n\nA term\u00e9kek viaszb\u00f3l kesz\u00fcltek, kiz\u00e1r\u00f3lag dekor\u00e1ci\u00f3s c\u00e9llal.\n\nK\u00e9rhet\u0151 egyedi felirattal is.\nK\u00e9r\u00e9s eset\u00e9n  r\u00f6vid, szem\u00e9lyes \u00fczenetet helyez\u00fcnk el a c\u00edmk\u00e9n.\nAz \u00fczenetet k\u00e9rj\u00fck a megjegyz\u00e9s rovatban megadni.\nA felirat kiz\u00e1r\u00f3lag a csomagol\u00e1sba  ker\u00fcl. \nA  d\u00edszdoboz szalaggal \u00e1tk\u00f6tve \u00e9rkezik \n \n \n\n \n\n ","score":0,"formatted_price":"4 490 Ft","image_url":"https:\/\/www.meska.hu\/img\/product\/small\/m\/k\/mkkata_product_147962_260831153742_841727.jpeg","formatted_url":"https:\/\/www.meska.hu\/p5863344-baba-bejelento-ajandekszett","favourite":false,"in_stock":true,"avatar":"147962_avatar_1787953991.jpeg","delete_from":0,"is_enhanced_background":false,"is_enhanced":false,"product_selection_started":false,"is_active":true,"image_webp_url":"https:\/\/www.meska.hu\/img\/product\/small\/m\/k\/mkkata_product_147962_260831153742_841727.webp"},{"id":"6350019","shop_id":"51703","user_id":"769414","shop_name":"BiankaFenymuhelye","shop_zip":"1141","product_code":"5863299","product_name_old":null,"product_name":"S\u00fct\u0151t\u00f6k\u00f6s pite illat\u00f9 sz\u00f2javiasz vir\u00e1gbox","category_string":"Otthon & \u00c9letm\u00f3d, Gyertya, illat, aroma, Gyertya","technic_string":"Gyertya-, m\u00e9csesk\u00e9sz\u00edt\u00e9s","category_1":"813","category_2":"415","category_3":"1388","category_4":"0","merged_category_1":null,"merged_category_2":null,"merged_category_3":null,"technic_1":"484","technic_2":"0","technic_3":"0","color_1":"514","color_2":"515","color_3":"568","product_description_old":null,"product_description":"Ahogy h\u0171v\u00f6sebbek lesznek a napok, nincs is jobb \u00e9rz\u00e9s, mint megt\u00f6lteni az otthonunkat a frissen s\u00fclt s\u00fct\u0151t\u00f6k\u00f6s pite ellen\u00e1llhatatlan illat\u00e1val. A meleg f\u0171szerek \u00e9s az \u00e9des van\u00edlia meghitt, otthonos hangulatot var\u00e1zsolnak minden helyis\u00e9gbe.\n\nIllatjegyek;\nFej: narancsh\u00e9j, s\u00fct\u0151t\u00f6k, vajkr\u00e9m\nSz\u00edv: szerecsendi\u00f3, cassia, szegf\u0171szeg\nAlap: van\u00edliar\u00fad\n\nGy\u00fajts meg egy gyerty\u00e1t, k\u00e9sz\u00edts egy b\u00f6gre forr\u00f3 te\u00e1t vagy k\u00e1v\u00e9t, \u00e9s \u00e9lvezd az \u0151sz minden var\u00e1zslatos pillanat\u00e1t!\n\nKiszerel\u00e9s: 200 ml\nAz \u00e1r 1 db, \u00f6sszesen ~200 ml sz\u00f3javiasz vir\u00e1got tartalmaz.\n\nK\u00e9szleten l\u00e9v\u0151 term\u00e9k eset\u00e9n a term\u00e9ket 1\u20132 munkanapon bel\u00fcl feladjuk sz\u00e1ll\u00edt\u00e1sra.\n\nFedezd fel 100% sz\u00f3javiaszb\u00f3l k\u00e9sz\u00fclt desszertgyerty\u00e1imat, amelyek nemcsak gy\u00f6ny\u00f6r\u0171 dekor\u00e1ci\u00f3k, hanem k\u00f6rnyezettudatos v\u00e1laszt\u00e1sok is.\n\nAmit \u00e9rdemes tudni:\n- 100% term\u00e9szetes sz\u00f3javiaszb\u00f3l k\u00e9sz\u00fcl\n- Veg\u00e1n \u00e9s \u00e1llatk\u00eds\u00e9rlet-mentes\n- Pamut kan\u00f3ccal k\u00e9sz\u00fcl\n\nMinden gyerty\u00e1m k\u00e9zzel k\u00e9sz\u00fcl kis sz\u00e9ri\u00e1ban, ez\u00e9rt kisebb fel\u00fcleti elt\u00e9r\u00e9sek vagy a sz\u00f3javiasz term\u00e9szetes krist\u00e1lyosod\u00e1s\u00e1b\u00f3l ad\u00f3d\u00f3 feh\u00e9r foltok el\u0151fordulhatnak. Ezek nem hib\u00e1k, hanem a term\u00e9szetes alapanyag \u00e9s a k\u00e9zm\u0171ves k\u00e9sz\u00edt\u00e9s saj\u00e1toss\u00e1gai, amelyek minden darabot egyediv\u00e9 tesznek.\nK\u00e9rj\u00fck, vedd figyelembe, hogy a term\u00e9k sz\u00edne a f\u00e9nyekt\u0151l f\u00fcgg\u0151en kiss\u00e9 elt\u00e9rhet a val\u00f3s\u00e1gt\u00f3l.\nA gyerty\u00e1t mindig h\u0151\u00e1ll\u00f3, s\u00edk fel\u00fcleten haszn\u00e1ld, \u00e9g\u00e9s k\u00f6zben soha ne hagyd fel\u00fcgyelet n\u00e9lk\u00fcl, \u00e9s tartsd t\u00e1vol gyermekekt\u0151l, h\u00e1zi\u00e1llatokt\u00f3l, valamint gy\u00fal\u00e9kony anyagokt\u00f3l.\nV\u00e1laszd a term\u00e9szetes, k\u00e9zzel k\u00e9sz\u00fclt sz\u00e9ps\u00e9get, amely minden otthonba meghitt hangulatot var\u00e1zsol.","price":"8990.00","unit":"db","recommended":"0","status":"1","sponsored":"0","exp_notify":"0","own_material":"0","own_material_description_old":null,"own_material_description":"","jury":"0","jury_number":"","product_nature":"","meskaracsony":"0","create_date":"2026-08-31 13:17:36","shelve_id":"0","image":"biankafenymuhelye_product_769414_260831131350_689855.jpeg","image_width":"480","image_height":"747","image_alt":"S\u00fct\u0151t\u00f6k\u00f6s pite illat\u00f9 sz\u00f2javiasz vir\u00e1gbox, Ahogy h\u0171v\u00f6sebbek lesznek a napok, nincs is jobb \u00e9rz\u00e9s, mint megt\u00f6lteni az otthonunkat a frissen s\u00fclt..., Meska","image_title":"S\u00fct\u0151t\u00f6k\u00f6s pite illat\u00f9 sz\u00f2javiasz vir\u00e1gbox, Meska","view_count":"12","favourite_count":"0","trending_score":"0","last2MonthFavouriteCount":"0","promotion":"0","giftcard_accept":"0","creditcard_accept":true,"enhanced_background":"0","domain":"meska","specific_customer_id":null,"specific_customer_name":null,"to_order_product":"0","to_order_product_time":"0","product_different":null,"product_different_description":"","vintage":"0","vintage_category_id":"0","recycled":"0","gemstone_id":"0","customizable":"0","type_category":"physical","zerowaste":"0","postage_price":"1290.00","shop_order":"0","has_category":"1","landing_pages":null,"microdata":{"number":44,"category":""},"title":"S\u00fct\u0151t\u00f6k\u00f6s pite illat\u00f9 sz\u00f2javiasz vir\u00e1gbox","description":"Ahogy h\u0171v\u00f6sebbek lesznek a napok, nincs is jobb \u00e9rz\u00e9s, mint megt\u00f6lteni az otthonunkat a frissen s\u00fclt s\u00fct\u0151t\u00f6k\u00f6s pite ellen\u00e1llhatatlan illat\u00e1val. A meleg f\u0171szerek \u00e9s az \u00e9des van\u00edlia meghitt, otthonos hangulatot var\u00e1zsolnak minden helyis\u00e9gbe.\n\nIllatjegyek;\nFej: narancsh\u00e9j, s\u00fct\u0151t\u00f6k, vajkr\u00e9m\nSz\u00edv: szerecsendi\u00f3, cassia, szegf\u0171szeg\nAlap: van\u00edliar\u00fad\n\nGy\u00fajts meg egy gyerty\u00e1t, k\u00e9sz\u00edts egy b\u00f6gre forr\u00f3 te\u00e1t vagy k\u00e1v\u00e9t, \u00e9s \u00e9lvezd az \u0151sz minden var\u00e1zslatos pillanat\u00e1t!\n\nKiszerel\u00e9s: 200 ml\nAz \u00e1r 1 db, \u00f6sszesen ~200 ml sz\u00f3javiasz vir\u00e1got tartalmaz.\n\nK\u00e9szleten l\u00e9v\u0151 term\u00e9k eset\u00e9n a term\u00e9ket 1\u20132 munkanapon bel\u00fcl feladjuk sz\u00e1ll\u00edt\u00e1sra.\n\nFedezd fel 100% sz\u00f3javiaszb\u00f3l k\u00e9sz\u00fclt desszertgyerty\u00e1imat, amelyek nemcsak gy\u00f6ny\u00f6r\u0171 dekor\u00e1ci\u00f3k, hanem k\u00f6rnyezettudatos v\u00e1laszt\u00e1sok is.\n\nAmit \u00e9rdemes tudni:\n- 100% term\u00e9szetes sz\u00f3javiaszb\u00f3l k\u00e9sz\u00fcl\n- Veg\u00e1n \u00e9s \u00e1llatk\u00eds\u00e9rlet-mentes\n- Pamut kan\u00f3ccal k\u00e9sz\u00fcl\n\nMinden gyerty\u00e1m k\u00e9zzel k\u00e9sz\u00fcl kis sz\u00e9ri\u00e1ban, ez\u00e9rt kisebb fel\u00fcleti elt\u00e9r\u00e9sek vagy a sz\u00f3javiasz term\u00e9szetes krist\u00e1lyosod\u00e1s\u00e1b\u00f3l ad\u00f3d\u00f3 feh\u00e9r foltok el\u0151fordulhatnak. Ezek nem hib\u00e1k, hanem a term\u00e9szetes alapanyag \u00e9s a k\u00e9zm\u0171ves k\u00e9sz\u00edt\u00e9s saj\u00e1toss\u00e1gai, amelyek minden darabot egyediv\u00e9 tesznek.\nK\u00e9rj\u00fck, vedd figyelembe, hogy a term\u00e9k sz\u00edne a f\u00e9nyekt\u0151l f\u00fcgg\u0151en kiss\u00e9 elt\u00e9rhet a val\u00f3s\u00e1gt\u00f3l.\nA gyerty\u00e1t mindig h\u0151\u00e1ll\u00f3, s\u00edk fel\u00fcleten haszn\u00e1ld, \u00e9g\u00e9s k\u00f6zben soha ne hagyd fel\u00fcgyelet n\u00e9lk\u00fcl, \u00e9s tartsd t\u00e1vol gyermekekt\u0151l, h\u00e1zi\u00e1llatokt\u00f3l, valamint gy\u00fal\u00e9kony anyagokt\u00f3l.\nV\u00e1laszd a term\u00e9szetes, k\u00e9zzel k\u00e9sz\u00fclt sz\u00e9ps\u00e9get, amely minden otthonba meghitt hangulatot var\u00e1zsol.","score":0,"formatted_price":"8 990 Ft","image_url":"https:\/\/www.meska.hu\/img\/product\/small\/b\/i\/biankafenymuhelye_product_769414_260831131350_689855.jpeg","formatted_url":"https:\/\/www.meska.hu\/p5863299-sutotokos-pite-illatu-szojaviasz-viragbox","favourite":false,"in_stock":true,"avatar":"769414_avatar_1769948961.jpeg","delete_from":0,"is_enhanced_background":false,"is_enhanced":false,"product_selection_started":false,"is_active":true,"image_webp_url":"https:\/\/www.meska.hu\/img\/product\/small\/b\/i\/biankafenymuhelye_product_769414_260831131350_689855.webp"},{"id":"6350008","shop_id":"51703","user_id":"769414","shop_name":"BiankaFenymuhelye","shop_zip":"1141","product_code":"5863298","product_name_old":null,"product_name":"Feh\u00e9rcsokis csoda sz\u00f2javiaszgyertya","category_string":"Otthon & \u00c9letm\u00f3d, Gyertya, illat, aroma, Gyertya","technic_string":"Gyertya-, m\u00e9csesk\u00e9sz\u00edt\u00e9s","category_1":"813","category_2":"415","category_3":"1388","category_4":"0","merged_category_1":null,"merged_category_2":null,"merged_category_3":null,"technic_1":"484","technic_2":"0","technic_3":"0","color_1":"514","color_2":"519","color_3":"526","product_description_old":null,"product_description":"Ha szereted az \u00e9des, frissen s\u00fclt finoms\u00e1gok illat\u00e1t, ez a gyertya garant\u00e1ltan a kedvenced lesz. Kr\u00e9mes, l\u00e1gy \u00e9s igaz\u00e1n otthonos hangulatot teremt, mintha egy cukr\u00e1szda legfinomabb desszertje kelne \u00e9letre.\n\nIllatjegyek;\nFej: dekorcukor, habos\u00edtott kr\u00e9msajt\nK\u00f6z\u00e9p: kaka\u00f3\nAlap: vajkr\u00e9m, van\u00edlia\n\nHangulata: \u00e9des, s\u00fctis illat, amely pillanatok alatt megt\u00f6lti otthonodat meghitt, melenget\u0151 atmoszf\u00e9r\u00e1val.\nEngedd, hogy a Feh\u00e9rcsokis csoda illata \u00e9desebb\u00e9 tegye a napjaidat!\n\nKiszerel\u00e9s: 200 ml\nAz \u00e1r 1 db, 200 ml-es sz\u00f3javiaszgyerty\u00e1t tartalmaz.\n\nK\u00e9szleten l\u00e9v\u0151 term\u00e9k eset\u00e9n a term\u00e9ket 1\u20132 munkanapon bel\u00fcl feladjuk sz\u00e1ll\u00edt\u00e1sra.\n\nFedezd fel 100% sz\u00f3javiaszb\u00f3l k\u00e9sz\u00fclt desszertgyerty\u00e1imat, amelyek nemcsak gy\u00f6ny\u00f6r\u0171 dekor\u00e1ci\u00f3k, hanem k\u00f6rnyezettudatos v\u00e1laszt\u00e1sok is.\n\nAmit \u00e9rdemes tudni:\n - 100% term\u00e9szetes sz\u00f3javiaszb\u00f3l k\u00e9sz\u00fcl\n - Veg\u00e1n \u00e9s \u00e1llatk\u00eds\u00e9rlet-mentes\n - Pamut kan\u00f3ccal k\u00e9sz\u00fcl\n\nMinden gyerty\u00e1m k\u00e9zzel k\u00e9sz\u00fcl kis sz\u00e9ri\u00e1ban, ez\u00e9rt kisebb fel\u00fcleti elt\u00e9r\u00e9sek vagy a sz\u00f3javiasz term\u00e9szetes krist\u00e1lyosod\u00e1s\u00e1b\u00f3l ad\u00f3d\u00f3 feh\u00e9r foltok el\u0151fordulhatnak. Ezek nem hib\u00e1k, hanem a term\u00e9szetes alapanyag \u00e9s a k\u00e9zm\u0171ves k\u00e9sz\u00edt\u00e9s saj\u00e1toss\u00e1gai, amelyek minden darabot egyediv\u00e9 tesznek. \nK\u00e9rj\u00fck, vedd figyelembe, hogy a term\u00e9k sz\u00edne a f\u00e9nyekt\u0151l f\u00fcgg\u0151en kiss\u00e9 elt\u00e9rhet a val\u00f3s\u00e1gt\u00f3l.\nA gyerty\u00e1t mindig h\u0151\u00e1ll\u00f3, s\u00edk fel\u00fcleten haszn\u00e1ld, \u00e9g\u00e9s k\u00f6zben soha ne hagyd fel\u00fcgyelet n\u00e9lk\u00fcl, \u00e9s tartsd t\u00e1vol gyermekekt\u0151l, h\u00e1zi\u00e1llatokt\u00f3l, valamint gy\u00fal\u00e9kony anyagokt\u00f3l.\nV\u00e1laszd a term\u00e9szetes, k\u00e9zzel k\u00e9sz\u00fclt sz\u00e9ps\u00e9get, amely minden otthonba meghitt hangulatot var\u00e1zsol.","price":"6290.00","unit":"db","recommended":"0","status":"1","sponsored":"0","exp_notify":"0","own_material":"0","own_material_description_old":null,"own_material_description":"","jury":"0","jury_number":"","product_nature":"","meskaracsony":"0","create_date":"2026-08-31 13:12:07","shelve_id":"0","image":"biankafenymuhelye_product_769414_260831130842_410143.jpeg","image_width":"480","image_height":"720","image_alt":"Feh\u00e9rcsokis csoda sz\u00f2javiaszgyertya, Ha szereted az \u00e9des, frissen s\u00fclt finoms\u00e1gok illat\u00e1t, ez a gyertya garant\u00e1ltan a kedvenced lesz. Kr\u00e9..., Meska","image_title":"Feh\u00e9rcsokis csoda sz\u00f2javiaszgyertya, Meska","view_count":"16","favourite_count":"0","trending_score":"0","last2MonthFavouriteCount":"0","promotion":"0","giftcard_accept":"0","creditcard_accept":true,"enhanced_background":"0","domain":"meska","specific_customer_id":null,"specific_customer_name":null,"to_order_product":"0","to_order_product_time":"0","product_different":null,"product_different_description":"","vintage":"0","vintage_category_id":"0","recycled":"0","gemstone_id":"0","customizable":"0","type_category":"physical","zerowaste":"0","postage_price":"1290.00","shop_order":"0","has_category":"1","landing_pages":null,"microdata":{"number":45,"category":""},"title":"Feh\u00e9rcsokis csoda sz\u00f2javiaszgyertya","description":"Ha szereted az \u00e9des, frissen s\u00fclt finoms\u00e1gok illat\u00e1t, ez a gyertya garant\u00e1ltan a kedvenced lesz. Kr\u00e9mes, l\u00e1gy \u00e9s igaz\u00e1n otthonos hangulatot teremt, mintha egy cukr\u00e1szda legfinomabb desszertje kelne \u00e9letre.\n\nIllatjegyek;\nFej: dekorcukor, habos\u00edtott kr\u00e9msajt\nK\u00f6z\u00e9p: kaka\u00f3\nAlap: vajkr\u00e9m, van\u00edlia\n\nHangulata: \u00e9des, s\u00fctis illat, amely pillanatok alatt megt\u00f6lti otthonodat meghitt, melenget\u0151 atmoszf\u00e9r\u00e1val.\nEngedd, hogy a Feh\u00e9rcsokis csoda illata \u00e9desebb\u00e9 tegye a napjaidat!\n\nKiszerel\u00e9s: 200 ml\nAz \u00e1r 1 db, 200 ml-es sz\u00f3javiaszgyerty\u00e1t tartalmaz.\n\nK\u00e9szleten l\u00e9v\u0151 term\u00e9k eset\u00e9n a term\u00e9ket 1\u20132 munkanapon bel\u00fcl feladjuk sz\u00e1ll\u00edt\u00e1sra.\n\nFedezd fel 100% sz\u00f3javiaszb\u00f3l k\u00e9sz\u00fclt desszertgyerty\u00e1imat, amelyek nemcsak gy\u00f6ny\u00f6r\u0171 dekor\u00e1ci\u00f3k, hanem k\u00f6rnyezettudatos v\u00e1laszt\u00e1sok is.\n\nAmit \u00e9rdemes tudni:\n - 100% term\u00e9szetes sz\u00f3javiaszb\u00f3l k\u00e9sz\u00fcl\n - Veg\u00e1n \u00e9s \u00e1llatk\u00eds\u00e9rlet-mentes\n - Pamut kan\u00f3ccal k\u00e9sz\u00fcl\n\nMinden gyerty\u00e1m k\u00e9zzel k\u00e9sz\u00fcl kis sz\u00e9ri\u00e1ban, ez\u00e9rt kisebb fel\u00fcleti elt\u00e9r\u00e9sek vagy a sz\u00f3javiasz term\u00e9szetes krist\u00e1lyosod\u00e1s\u00e1b\u00f3l ad\u00f3d\u00f3 feh\u00e9r foltok el\u0151fordulhatnak. Ezek nem hib\u00e1k, hanem a term\u00e9szetes alapanyag \u00e9s a k\u00e9zm\u0171ves k\u00e9sz\u00edt\u00e9s saj\u00e1toss\u00e1gai, amelyek minden darabot egyediv\u00e9 tesznek. \nK\u00e9rj\u00fck, vedd figyelembe, hogy a term\u00e9k sz\u00edne a f\u00e9nyekt\u0151l f\u00fcgg\u0151en kiss\u00e9 elt\u00e9rhet a val\u00f3s\u00e1gt\u00f3l.\nA gyerty\u00e1t mindig h\u0151\u00e1ll\u00f3, s\u00edk fel\u00fcleten haszn\u00e1ld, \u00e9g\u00e9s k\u00f6zben soha ne hagyd fel\u00fcgyelet n\u00e9lk\u00fcl, \u00e9s tartsd t\u00e1vol gyermekekt\u0151l, h\u00e1zi\u00e1llatokt\u00f3l, valamint gy\u00fal\u00e9kony anyagokt\u00f3l.\nV\u00e1laszd a term\u00e9szetes, k\u00e9zzel k\u00e9sz\u00fclt sz\u00e9ps\u00e9get, amely minden otthonba meghitt hangulatot var\u00e1zsol.","score":0,"formatted_price":"6 290 Ft","image_url":"https:\/\/www.meska.hu\/img\/product\/small\/b\/i\/biankafenymuhelye_product_769414_260831130842_410143.jpeg","formatted_url":"https:\/\/www.meska.hu\/p5863298-fehercsokis-csoda-szojaviaszgyertya","favourite":false,"in_stock":true,"avatar":"769414_avatar_1769948961.jpeg","delete_from":0,"is_enhanced_background":false,"is_enhanced":false,"product_selection_started":false,"is_active":true,"image_webp_url":"https:\/\/www.meska.hu\/img\/product\/small\/b\/i\/biankafenymuhelye_product_769414_260831130842_410143.webp"},{"id":"6350004","shop_id":"51703","user_id":"769414","shop_name":"BiankaFenymuhelye","shop_zip":"1141","product_code":"5863297","product_name_old":null,"product_name":"Pi\u00f1a Colada kokt\u00e9l sz\u00f3javiaszgyertya","category_string":"Otthon & \u00c9letm\u00f3d, Gyertya, illat, aroma, Gyertya","technic_string":"Gyertya-, m\u00e9csesk\u00e9sz\u00edt\u00e9s","category_1":"813","category_2":"415","category_3":"1388","category_4":"0","merged_category_1":null,"merged_category_2":null,"merged_category_3":null,"technic_1":"484","technic_2":"0","technic_3":"0","color_1":"519","color_2":"521","color_3":"528","product_description_old":null,"product_description":"Id\u00e9zd meg a tr\u00f3pusi ny\u00e1r hangulat\u00e1t a Pi\u00f1a Colada kokt\u00e9l ihlette sz\u00f3javiaszgyerty\u00e1val. Az \u00e9des, l\u00e9d\u00fas anan\u00e1sz \u00e9s a kr\u00e9mes, egzotikus k\u00f3kusz t\u00f6k\u00e9letes harm\u00f3ni\u00e1ja egy kellemesen friss\u00edt\u0151, ny\u00e1rias illatkompoz\u00edci\u00f3t alkot.\n\nMintha egy napf\u00e9nyes tengerparton kortyolgatn\u00e1l egy j\u00e9ghideg Pi\u00f1a Colad\u00e1t \u2013 gondtalan, \u00e9des \u00e9s igaz\u00e1n tr\u00f3pusi hangulat egyetlen gyerty\u00e1ban.\n\nA gyertya t\u00f6k\u00e9letes v\u00e1laszt\u00e1s a ny\u00e1ri est\u00e9khez, pihen\u00e9shez, f\u00fcrd\u0151z\u00e9s mell\u00e9 vagy akkor, amikor egy kis tr\u00f3pusi \u00e9let\u00e9rz\u00e9sre v\u00e1gysz otthonodban.\n\nIllatkarakter: tr\u00f3pusi \u2022 gy\u00fcm\u00f6lcs\u00f6s \u2022 \u00e9des \u2022 kr\u00e9mes \u2022 egzotikus\n\nIllatjegyek:\n\n - Anan\u00e1sz \u2013 l\u00e9d\u00fas, zamatos \u00e9s friss\u00edt\u0151\n\n - K\u00f3kusz \u2013 l\u00e1gy, kr\u00e9mes \u00e9s egzotikus\n\nFedezd fel 100% sz\u00f3javiaszb\u00f3l k\u00e9sz\u00fclt desszertgyerty\u00e1imat, amelyek nemcsak gy\u00f6ny\u00f6r\u0171 dekor\u00e1ci\u00f3k, hanem k\u00f6rnyezettudatos v\u00e1laszt\u00e1sok is.\n\nAmit \u00e9rdemes tudni:\n - 100% term\u00e9szetes sz\u00f3javiaszb\u00f3l k\u00e9sz\u00fcl\n - Veg\u00e1n \u00e9s \u00e1llatk\u00eds\u00e9rlet-mentes\n - Pamut kan\u00f3ccal k\u00e9sz\u00fcl\n\nMinden gyerty\u00e1m k\u00e9zzel k\u00e9sz\u00fcl kis sz\u00e9ri\u00e1ban, ez\u00e9rt kisebb fel\u00fcleti elt\u00e9r\u00e9sek vagy a sz\u00f3javiasz term\u00e9szetes krist\u00e1lyosod\u00e1s\u00e1b\u00f3l ad\u00f3d\u00f3 feh\u00e9r foltok el\u0151fordulhatnak. Ezek nem hib\u00e1k, hanem a term\u00e9szetes alapanyag \u00e9s a k\u00e9zm\u0171ves k\u00e9sz\u00edt\u00e9s saj\u00e1toss\u00e1gai, amelyek minden darabot egyediv\u00e9 tesznek. \nK\u00e9rj\u00fck, vedd figyelembe, hogy a term\u00e9k sz\u00edne a f\u00e9nyekt\u0151l f\u00fcgg\u0151en kiss\u00e9 elt\u00e9rhet a val\u00f3s\u00e1gt\u00f3l.\nA gyerty\u00e1t mindig h\u0151\u00e1ll\u00f3, s\u00edk fel\u00fcleten haszn\u00e1ld, \u00e9g\u00e9s k\u00f6zben soha ne hagyd fel\u00fcgyelet n\u00e9lk\u00fcl, \u00e9s tartsd t\u00e1vol gyermekekt\u0151l, h\u00e1zi\u00e1llatokt\u00f3l, valamint gy\u00fal\u00e9kony anyagokt\u00f3l.\nV\u00e1laszd a term\u00e9szetes, k\u00e9zzel k\u00e9sz\u00fclt sz\u00e9ps\u00e9get, amely minden otthonba meghitt hangulatot var\u00e1zsol.\n\nAz \u00e1r egy darab 200 ml-es gyerty\u00e1t tartalmaz.\n\nK\u00e9szleten l\u00e9v\u0151 term\u00e9k eset\u00e9n term\u00e9k felad\u00e1sa sz\u00e1ll\u00edt\u00e1sra 1-2 munkanap","price":"3990.00","unit":"db","recommended":"0","status":"1","sponsored":"0","exp_notify":"0","own_material":"0","own_material_description_old":null,"own_material_description":"","jury":"0","jury_number":"","product_nature":"","meskaracsony":"0","create_date":"2026-08-31 13:05:57","shelve_id":"0","image":"biankafenymuhelye_product_769414_260831130128_206536.jpeg","image_width":"480","image_height":"719","image_alt":"Pi\u00f1a Colada kokt\u00e9l sz\u00f3javiaszgyertya, Id\u00e9zd meg a tr\u00f3pusi ny\u00e1r hangulat\u00e1t a Pi\u00f1a Colada kokt\u00e9l ihlette sz\u00f3javiaszgyerty\u00e1val. Az \u00e9des, l\u00e9d\u00fa..., Meska","image_title":"Pi\u00f1a Colada kokt\u00e9l sz\u00f3javiaszgyertya, Meska","view_count":"15","favourite_count":"0","trending_score":"0","last2MonthFavouriteCount":"0","promotion":"0","giftcard_accept":"0","creditcard_accept":true,"enhanced_background":"0","domain":"meska","specific_customer_id":null,"specific_customer_name":null,"to_order_product":"0","to_order_product_time":"0","product_different":null,"product_different_description":"","vintage":"0","vintage_category_id":"0","recycled":"0","gemstone_id":"0","customizable":"0","type_category":"physical","zerowaste":"0","postage_price":"1290.00","shop_order":"0","has_category":"1","landing_pages":null,"microdata":{"number":46,"category":""},"title":"Pi\u00f1a Colada kokt\u00e9l sz\u00f3javiaszgyertya","description":"Id\u00e9zd meg a tr\u00f3pusi ny\u00e1r hangulat\u00e1t a Pi\u00f1a Colada kokt\u00e9l ihlette sz\u00f3javiaszgyerty\u00e1val. Az \u00e9des, l\u00e9d\u00fas anan\u00e1sz \u00e9s a kr\u00e9mes, egzotikus k\u00f3kusz t\u00f6k\u00e9letes harm\u00f3ni\u00e1ja egy kellemesen friss\u00edt\u0151, ny\u00e1rias illatkompoz\u00edci\u00f3t alkot.\n\nMintha egy napf\u00e9nyes tengerparton kortyolgatn\u00e1l egy j\u00e9ghideg Pi\u00f1a Colad\u00e1t \u2013 gondtalan, \u00e9des \u00e9s igaz\u00e1n tr\u00f3pusi hangulat egyetlen gyerty\u00e1ban.\n\nA gyertya t\u00f6k\u00e9letes v\u00e1laszt\u00e1s a ny\u00e1ri est\u00e9khez, pihen\u00e9shez, f\u00fcrd\u0151z\u00e9s mell\u00e9 vagy akkor, amikor egy kis tr\u00f3pusi \u00e9let\u00e9rz\u00e9sre v\u00e1gysz otthonodban.\n\nIllatkarakter: tr\u00f3pusi \u2022 gy\u00fcm\u00f6lcs\u00f6s \u2022 \u00e9des \u2022 kr\u00e9mes \u2022 egzotikus\n\nIllatjegyek:\n\n - Anan\u00e1sz \u2013 l\u00e9d\u00fas, zamatos \u00e9s friss\u00edt\u0151\n\n - K\u00f3kusz \u2013 l\u00e1gy, kr\u00e9mes \u00e9s egzotikus\n\nFedezd fel 100% sz\u00f3javiaszb\u00f3l k\u00e9sz\u00fclt desszertgyerty\u00e1imat, amelyek nemcsak gy\u00f6ny\u00f6r\u0171 dekor\u00e1ci\u00f3k, hanem k\u00f6rnyezettudatos v\u00e1laszt\u00e1sok is.\n\nAmit \u00e9rdemes tudni:\n - 100% term\u00e9szetes sz\u00f3javiaszb\u00f3l k\u00e9sz\u00fcl\n - Veg\u00e1n \u00e9s \u00e1llatk\u00eds\u00e9rlet-mentes\n - Pamut kan\u00f3ccal k\u00e9sz\u00fcl\n\nMinden gyerty\u00e1m k\u00e9zzel k\u00e9sz\u00fcl kis sz\u00e9ri\u00e1ban, ez\u00e9rt kisebb fel\u00fcleti elt\u00e9r\u00e9sek vagy a sz\u00f3javiasz term\u00e9szetes krist\u00e1lyosod\u00e1s\u00e1b\u00f3l ad\u00f3d\u00f3 feh\u00e9r foltok el\u0151fordulhatnak. Ezek nem hib\u00e1k, hanem a term\u00e9szetes alapanyag \u00e9s a k\u00e9zm\u0171ves k\u00e9sz\u00edt\u00e9s saj\u00e1toss\u00e1gai, amelyek minden darabot egyediv\u00e9 tesznek. \nK\u00e9rj\u00fck, vedd figyelembe, hogy a term\u00e9k sz\u00edne a f\u00e9nyekt\u0151l f\u00fcgg\u0151en kiss\u00e9 elt\u00e9rhet a val\u00f3s\u00e1gt\u00f3l.\nA gyerty\u00e1t mindig h\u0151\u00e1ll\u00f3, s\u00edk fel\u00fcleten haszn\u00e1ld, \u00e9g\u00e9s k\u00f6zben soha ne hagyd fel\u00fcgyelet n\u00e9lk\u00fcl, \u00e9s tartsd t\u00e1vol gyermekekt\u0151l, h\u00e1zi\u00e1llatokt\u00f3l, valamint gy\u00fal\u00e9kony anyagokt\u00f3l.\nV\u00e1laszd a term\u00e9szetes, k\u00e9zzel k\u00e9sz\u00fclt sz\u00e9ps\u00e9get, amely minden otthonba meghitt hangulatot var\u00e1zsol.\n\nAz \u00e1r egy darab 200 ml-es gyerty\u00e1t tartalmaz.\n\nK\u00e9szleten l\u00e9v\u0151 term\u00e9k eset\u00e9n term\u00e9k felad\u00e1sa sz\u00e1ll\u00edt\u00e1sra 1-2 munkanap","score":0,"formatted_price":"3 990 Ft","image_url":"https:\/\/www.meska.hu\/img\/product\/small\/b\/i\/biankafenymuhelye_product_769414_260831130128_206536.jpeg","formatted_url":"https:\/\/www.meska.hu\/p5863297-pina-colada-koktel-szojaviaszgyertya","favourite":false,"in_stock":true,"avatar":"769414_avatar_1769948961.jpeg","delete_from":0,"is_enhanced_background":false,"is_enhanced":false,"product_selection_started":false,"is_active":true,"image_webp_url":"https:\/\/www.meska.hu\/img\/product\/small\/b\/i\/biankafenymuhelye_product_769414_260831130128_206536.webp"},{"id":"6349999","shop_id":"51703","user_id":"769414","shop_name":"BiankaFenymuhelye","shop_zip":"1141","product_code":"5863294","product_name_old":null,"product_name":"S\u00fct\u0151t\u00f6k\u00f6s pite illat\u00fa sz\u00f3javiaszgyertya (t\u00f6k form\u00e1j\u00fa)","category_string":"Otthon & \u00c9letm\u00f3d, Gyertya, illat, aroma, Gyertya","technic_string":"Gyertya-, m\u00e9csesk\u00e9sz\u00edt\u00e9s","category_1":"813","category_2":"415","category_3":"1388","category_4":"0","merged_category_1":null,"merged_category_2":null,"merged_category_3":null,"technic_1":"484","technic_2":"0","technic_3":"0","color_1":"515","color_2":"568","color_3":"0","product_description_old":null,"product_description":"Illatjegyek;\n\nFej: narancsh\u00e9j, s\u00fct\u0151t\u00f6k, vajkr\u00e9m\nSz\u00edv: szerecsendi\u00f3, cassia, szegf\u0171szeg\nAlap: van\u00edliar\u00fad\n\nKiszerel\u00e9s: ~70g\nAz \u00e1r 1 db, ~70 g-os sz\u00f3javiaszgyerty\u00e1t tartalmaz.\n\nK\u00e9szleten l\u00e9v\u0151 term\u00e9k eset\u00e9n a term\u00e9ket 1\u20132 munkanapon bel\u00fcl feladjuk sz\u00e1ll\u00edt\u00e1sra.\n\nFedezd fel 100% sz\u00f3javiaszb\u00f3l k\u00e9sz\u00fclt desszertgyerty\u00e1imat, amelyek nemcsak gy\u00f6ny\u00f6r\u0171 dekor\u00e1ci\u00f3k, hanem k\u00f6rnyezettudatos v\u00e1laszt\u00e1sok is.\n\nAmit \u00e9rdemes tudni:\n - 100% term\u00e9szetes sz\u00f3javiaszb\u00f3l k\u00e9sz\u00fcl\n - Veg\u00e1n \u00e9s \u00e1llatk\u00eds\u00e9rlet-mentes\n - Pamut kan\u00f3ccal k\u00e9sz\u00fcl\n\nMinden gyerty\u00e1m k\u00e9zzel k\u00e9sz\u00fcl kis sz\u00e9ri\u00e1ban, ez\u00e9rt kisebb fel\u00fcleti elt\u00e9r\u00e9sek vagy a sz\u00f3javiasz term\u00e9szetes krist\u00e1lyosod\u00e1s\u00e1b\u00f3l ad\u00f3d\u00f3 feh\u00e9r foltok el\u0151fordulhatnak. Ezek nem hib\u00e1k, hanem a term\u00e9szetes alapanyag \u00e9s a k\u00e9zm\u0171ves k\u00e9sz\u00edt\u00e9s saj\u00e1toss\u00e1gai, amelyek minden darabot egyediv\u00e9 tesznek. \nK\u00e9rj\u00fck, vedd figyelembe, hogy a term\u00e9k sz\u00edne a f\u00e9nyekt\u0151l f\u00fcgg\u0151en kiss\u00e9 elt\u00e9rhet a val\u00f3s\u00e1gt\u00f3l.\nA gyerty\u00e1t mindig h\u0151\u00e1ll\u00f3, s\u00edk fel\u00fcleten haszn\u00e1ld, \u00e9g\u00e9s k\u00f6zben soha ne hagyd fel\u00fcgyelet n\u00e9lk\u00fcl, \u00e9s tartsd t\u00e1vol gyermekekt\u0151l, h\u00e1zi\u00e1llatokt\u00f3l, valamint gy\u00fal\u00e9kony anyagokt\u00f3l.\nV\u00e1laszd a term\u00e9szetes, k\u00e9zzel k\u00e9sz\u00fclt sz\u00e9ps\u00e9get, amely minden otthonba meghitt hangulatot var\u00e1zsol.","price":"2990.00","unit":"db","recommended":"0","status":"1","sponsored":"0","exp_notify":"0","own_material":"0","own_material_description_old":null,"own_material_description":"","jury":"0","jury_number":"","product_nature":"","meskaracsony":"0","create_date":"2026-08-31 12:59:04","shelve_id":"0","image":"biankafenymuhelye_product_769414_260831125445_554441.jpeg","image_width":"480","image_height":"720","image_alt":"S\u00fct\u0151t\u00f6k\u00f6s pite illat\u00fa sz\u00f3javiaszgyertya (t\u00f6k form\u00e1j\u00fa), Illatjegyek;\\n\\nFej: narancsh\u00e9j, s\u00fct\u0151t\u00f6k, vajkr\u00e9m\\nSz\u00edv: szerecsendi\u00f3, cassia, szegf\u0171szeg\\nAlap: van\u00edlia..., Meska","image_title":"S\u00fct\u0151t\u00f6k\u00f6s pite illat\u00fa sz\u00f3javiaszgyertya (t\u00f6k form\u00e1j\u00fa), Meska","view_count":"12","favourite_count":"0","trending_score":"0","last2MonthFavouriteCount":"0","promotion":"0","giftcard_accept":"0","creditcard_accept":true,"enhanced_background":"0","domain":"meska","specific_customer_id":null,"specific_customer_name":null,"to_order_product":"0","to_order_product_time":"0","product_different":null,"product_different_description":"","vintage":"0","vintage_category_id":"0","recycled":"0","gemstone_id":"0","customizable":"0","type_category":"physical","zerowaste":"0","postage_price":"1290.00","shop_order":"0","has_category":"1","landing_pages":null,"microdata":{"number":47,"category":""},"title":"S\u00fct\u0151t\u00f6k\u00f6s pite illat\u00fa sz\u00f3javiaszgyertya (t\u00f6k form\u00e1j\u00fa)","description":"Illatjegyek;\n\nFej: narancsh\u00e9j, s\u00fct\u0151t\u00f6k, vajkr\u00e9m\nSz\u00edv: szerecsendi\u00f3, cassia, szegf\u0171szeg\nAlap: van\u00edliar\u00fad\n\nKiszerel\u00e9s: ~70g\nAz \u00e1r 1 db, ~70 g-os sz\u00f3javiaszgyerty\u00e1t tartalmaz.\n\nK\u00e9szleten l\u00e9v\u0151 term\u00e9k eset\u00e9n a term\u00e9ket 1\u20132 munkanapon bel\u00fcl feladjuk sz\u00e1ll\u00edt\u00e1sra.\n\nFedezd fel 100% sz\u00f3javiaszb\u00f3l k\u00e9sz\u00fclt desszertgyerty\u00e1imat, amelyek nemcsak gy\u00f6ny\u00f6r\u0171 dekor\u00e1ci\u00f3k, hanem k\u00f6rnyezettudatos v\u00e1laszt\u00e1sok is.\n\nAmit \u00e9rdemes tudni:\n - 100% term\u00e9szetes sz\u00f3javiaszb\u00f3l k\u00e9sz\u00fcl\n - Veg\u00e1n \u00e9s \u00e1llatk\u00eds\u00e9rlet-mentes\n - Pamut kan\u00f3ccal k\u00e9sz\u00fcl\n\nMinden gyerty\u00e1m k\u00e9zzel k\u00e9sz\u00fcl kis sz\u00e9ri\u00e1ban, ez\u00e9rt kisebb fel\u00fcleti elt\u00e9r\u00e9sek vagy a sz\u00f3javiasz term\u00e9szetes krist\u00e1lyosod\u00e1s\u00e1b\u00f3l ad\u00f3d\u00f3 feh\u00e9r foltok el\u0151fordulhatnak. Ezek nem hib\u00e1k, hanem a term\u00e9szetes alapanyag \u00e9s a k\u00e9zm\u0171ves k\u00e9sz\u00edt\u00e9s saj\u00e1toss\u00e1gai, amelyek minden darabot egyediv\u00e9 tesznek. \nK\u00e9rj\u00fck, vedd figyelembe, hogy a term\u00e9k sz\u00edne a f\u00e9nyekt\u0151l f\u00fcgg\u0151en kiss\u00e9 elt\u00e9rhet a val\u00f3s\u00e1gt\u00f3l.\nA gyerty\u00e1t mindig h\u0151\u00e1ll\u00f3, s\u00edk fel\u00fcleten haszn\u00e1ld, \u00e9g\u00e9s k\u00f6zben soha ne hagyd fel\u00fcgyelet n\u00e9lk\u00fcl, \u00e9s tartsd t\u00e1vol gyermekekt\u0151l, h\u00e1zi\u00e1llatokt\u00f3l, valamint gy\u00fal\u00e9kony anyagokt\u00f3l.\nV\u00e1laszd a term\u00e9szetes, k\u00e9zzel k\u00e9sz\u00fclt sz\u00e9ps\u00e9get, amely minden otthonba meghitt hangulatot var\u00e1zsol.","score":0,"formatted_price":"2 990 Ft","image_url":"https:\/\/www.meska.hu\/img\/product\/small\/b\/i\/biankafenymuhelye_product_769414_260831125445_554441.jpeg","formatted_url":"https:\/\/www.meska.hu\/p5863294-sutotokos-pite-illatu-szojaviaszgyertya-tok-formaju","favourite":false,"in_stock":true,"avatar":"769414_avatar_1769948961.jpeg","delete_from":0,"is_enhanced_background":false,"is_enhanced":false,"product_selection_started":false,"is_active":true,"image_webp_url":"https:\/\/www.meska.hu\/img\/product\/small\/b\/i\/biankafenymuhelye_product_769414_260831125445_554441.webp"},{"id":"6349994","shop_id":"51703","user_id":"769414","shop_name":"BiankaFenymuhelye","shop_zip":"1141","product_code":"5863292","product_name_old":null,"product_name":"S\u00fct\u0151t\u00f6k\u00f6s pite illat\u00fa sz\u00f3javiaszgyertya","category_string":"Otthon & \u00c9letm\u00f3d, Gyertya, illat, aroma, Gyertya","technic_string":"Gyertya-, m\u00e9csesk\u00e9sz\u00edt\u00e9s","category_1":"813","category_2":"415","category_3":"1388","category_4":"0","merged_category_1":null,"merged_category_2":null,"merged_category_3":null,"technic_1":"484","technic_2":"0","technic_3":"0","color_1":"514","color_2":"519","color_3":"568","product_description_old":null,"product_description":"Ahogy h\u0171v\u00f6sebbek lesznek a napok, nincs is jobb \u00e9rz\u00e9s, mint megt\u00f6lteni az otthonunkat a frissen s\u00fclt s\u00fct\u0151t\u00f6k\u00f6s pite ellen\u00e1llhatatlan illat\u00e1val. A meleg f\u0171szerek \u00e9s az \u00e9des van\u00edlia meghitt, otthonos hangulatot var\u00e1zsolnak minden helyis\u00e9gbe.\n\nIllatjegyek;\nFej: narancsh\u00e9j, s\u00fct\u0151t\u00f6k, vajkr\u00e9m\nSz\u00edv: szerecsendi\u00f3, cassia, szegf\u0171szeg\nAlap: van\u00edliar\u00fad\n\nGy\u00fajts meg egy gyerty\u00e1t, k\u00e9sz\u00edts egy b\u00f6gre forr\u00f3 te\u00e1t vagy k\u00e1v\u00e9t, \u00e9s \u00e9lvezd az \u0151sz minden var\u00e1zslatos pillanat\u00e1t!\n\nKiszerel\u00e9s: 200 ml\nAz \u00e1r 1 db, 200 ml-es sz\u00f3javiaszgyerty\u00e1t tartalmaz.\n\nK\u00e9szleten l\u00e9v\u0151 term\u00e9k eset\u00e9n a term\u00e9ket 1\u20132 munkanapon bel\u00fcl feladjuk sz\u00e1ll\u00edt\u00e1sra.\n\nFedezd fel 100% sz\u00f3javiaszb\u00f3l k\u00e9sz\u00fclt desszertgyerty\u00e1imat, amelyek nemcsak gy\u00f6ny\u00f6r\u0171 dekor\u00e1ci\u00f3k, hanem k\u00f6rnyezettudatos v\u00e1laszt\u00e1sok is.\n\nAmit \u00e9rdemes tudni:\n - 100% term\u00e9szetes sz\u00f3javiaszb\u00f3l k\u00e9sz\u00fcl\n - Veg\u00e1n \u00e9s \u00e1llatk\u00eds\u00e9rlet-mentes\n - Pamut kan\u00f3ccal k\u00e9sz\u00fcl\n\nMinden gyerty\u00e1m k\u00e9zzel k\u00e9sz\u00fcl kis sz\u00e9ri\u00e1ban, ez\u00e9rt kisebb fel\u00fcleti elt\u00e9r\u00e9sek vagy a sz\u00f3javiasz term\u00e9szetes krist\u00e1lyosod\u00e1s\u00e1b\u00f3l ad\u00f3d\u00f3 feh\u00e9r foltok el\u0151fordulhatnak. Ezek nem hib\u00e1k, hanem a term\u00e9szetes alapanyag \u00e9s a k\u00e9zm\u0171ves k\u00e9sz\u00edt\u00e9s saj\u00e1toss\u00e1gai, amelyek minden darabot egyediv\u00e9 tesznek. \nK\u00e9rj\u00fck, vedd figyelembe, hogy a term\u00e9k sz\u00edne a f\u00e9nyekt\u0151l f\u00fcgg\u0151en kiss\u00e9 elt\u00e9rhet a val\u00f3s\u00e1gt\u00f3l.\nA gyerty\u00e1t mindig h\u0151\u00e1ll\u00f3, s\u00edk fel\u00fcleten haszn\u00e1ld, \u00e9g\u00e9s k\u00f6zben soha ne hagyd fel\u00fcgyelet n\u00e9lk\u00fcl, \u00e9s tartsd t\u00e1vol gyermekekt\u0151l, h\u00e1zi\u00e1llatokt\u00f3l, valamint gy\u00fal\u00e9kony anyagokt\u00f3l.\nV\u00e1laszd a term\u00e9szetes, k\u00e9zzel k\u00e9sz\u00fclt sz\u00e9ps\u00e9get, amely minden otthonba meghitt hangulatot var\u00e1zsol.","price":"6290.00","unit":"db","recommended":"0","status":"1","sponsored":"0","exp_notify":"0","own_material":"0","own_material_description_old":null,"own_material_description":"","jury":"0","jury_number":"","product_nature":"","meskaracsony":"0","create_date":"2026-08-31 12:53:27","shelve_id":"0","image":"biankafenymuhelye_product_769414_260831124953_218823.jpeg","image_width":"480","image_height":"708","image_alt":"S\u00fct\u0151t\u00f6k\u00f6s pite illat\u00fa sz\u00f3javiaszgyertya, Ahogy h\u0171v\u00f6sebbek lesznek a napok, nincs is jobb \u00e9rz\u00e9s, mint megt\u00f6lteni az otthonunkat a frissen s\u00fclt..., Meska","image_title":"S\u00fct\u0151t\u00f6k\u00f6s pite illat\u00fa sz\u00f3javiaszgyertya, Meska","view_count":"15","favourite_count":"0","trending_score":"0","last2MonthFavouriteCount":"0","promotion":"0","giftcard_accept":"0","creditcard_accept":true,"enhanced_background":"0","domain":"meska","specific_customer_id":null,"specific_customer_name":null,"to_order_product":"0","to_order_product_time":"0","product_different":null,"product_different_description":"","vintage":"0","vintage_category_id":"0","recycled":"0","gemstone_id":"0","customizable":"0","type_category":"physical","zerowaste":"0","postage_price":"1290.00","shop_order":"0","has_category":"1","landing_pages":null,"microdata":{"number":48,"category":""},"title":"S\u00fct\u0151t\u00f6k\u00f6s pite illat\u00fa sz\u00f3javiaszgyertya","description":"Ahogy h\u0171v\u00f6sebbek lesznek a napok, nincs is jobb \u00e9rz\u00e9s, mint megt\u00f6lteni az otthonunkat a frissen s\u00fclt s\u00fct\u0151t\u00f6k\u00f6s pite ellen\u00e1llhatatlan illat\u00e1val. A meleg f\u0171szerek \u00e9s az \u00e9des van\u00edlia meghitt, otthonos hangulatot var\u00e1zsolnak minden helyis\u00e9gbe.\n\nIllatjegyek;\nFej: narancsh\u00e9j, s\u00fct\u0151t\u00f6k, vajkr\u00e9m\nSz\u00edv: szerecsendi\u00f3, cassia, szegf\u0171szeg\nAlap: van\u00edliar\u00fad\n\nGy\u00fajts meg egy gyerty\u00e1t, k\u00e9sz\u00edts egy b\u00f6gre forr\u00f3 te\u00e1t vagy k\u00e1v\u00e9t, \u00e9s \u00e9lvezd az \u0151sz minden var\u00e1zslatos pillanat\u00e1t!\n\nKiszerel\u00e9s: 200 ml\nAz \u00e1r 1 db, 200 ml-es sz\u00f3javiaszgyerty\u00e1t tartalmaz.\n\nK\u00e9szleten l\u00e9v\u0151 term\u00e9k eset\u00e9n a term\u00e9ket 1\u20132 munkanapon bel\u00fcl feladjuk sz\u00e1ll\u00edt\u00e1sra.\n\nFedezd fel 100% sz\u00f3javiaszb\u00f3l k\u00e9sz\u00fclt desszertgyerty\u00e1imat, amelyek nemcsak gy\u00f6ny\u00f6r\u0171 dekor\u00e1ci\u00f3k, hanem k\u00f6rnyezettudatos v\u00e1laszt\u00e1sok is.\n\nAmit \u00e9rdemes tudni:\n - 100% term\u00e9szetes sz\u00f3javiaszb\u00f3l k\u00e9sz\u00fcl\n - Veg\u00e1n \u00e9s \u00e1llatk\u00eds\u00e9rlet-mentes\n - Pamut kan\u00f3ccal k\u00e9sz\u00fcl\n\nMinden gyerty\u00e1m k\u00e9zzel k\u00e9sz\u00fcl kis sz\u00e9ri\u00e1ban, ez\u00e9rt kisebb fel\u00fcleti elt\u00e9r\u00e9sek vagy a sz\u00f3javiasz term\u00e9szetes krist\u00e1lyosod\u00e1s\u00e1b\u00f3l ad\u00f3d\u00f3 feh\u00e9r foltok el\u0151fordulhatnak. Ezek nem hib\u00e1k, hanem a term\u00e9szetes alapanyag \u00e9s a k\u00e9zm\u0171ves k\u00e9sz\u00edt\u00e9s saj\u00e1toss\u00e1gai, amelyek minden darabot egyediv\u00e9 tesznek. \nK\u00e9rj\u00fck, vedd figyelembe, hogy a term\u00e9k sz\u00edne a f\u00e9nyekt\u0151l f\u00fcgg\u0151en kiss\u00e9 elt\u00e9rhet a val\u00f3s\u00e1gt\u00f3l.\nA gyerty\u00e1t mindig h\u0151\u00e1ll\u00f3, s\u00edk fel\u00fcleten haszn\u00e1ld, \u00e9g\u00e9s k\u00f6zben soha ne hagyd fel\u00fcgyelet n\u00e9lk\u00fcl, \u00e9s tartsd t\u00e1vol gyermekekt\u0151l, h\u00e1zi\u00e1llatokt\u00f3l, valamint gy\u00fal\u00e9kony anyagokt\u00f3l.\nV\u00e1laszd a term\u00e9szetes, k\u00e9zzel k\u00e9sz\u00fclt sz\u00e9ps\u00e9get, amely minden otthonba meghitt hangulatot var\u00e1zsol.","score":0,"formatted_price":"6 290 Ft","image_url":"https:\/\/www.meska.hu\/img\/product\/small\/b\/i\/biankafenymuhelye_product_769414_260831124953_218823.jpeg","formatted_url":"https:\/\/www.meska.hu\/p5863292-sutotokos-pite-illatu-szojaviaszgyertya","favourite":false,"in_stock":true,"avatar":"769414_avatar_1769948961.jpeg","delete_from":0,"is_enhanced_background":false,"is_enhanced":false,"product_selection_started":false,"is_active":true,"image_webp_url":"https:\/\/www.meska.hu\/img\/product\/small\/b\/i\/biankafenymuhelye_product_769414_260831124953_218823.webp"},{"id":"6349990","shop_id":"51703","user_id":"769414","shop_name":"BiankaFenymuhelye","shop_zip":"1141","product_code":"5863291","product_name_old":null,"product_name":"Pumpkin spice latte illat\u00fa sz\u00f3javiaszgyertya","category_string":"Otthon & \u00c9letm\u00f3d, Gyertya, illat, aroma, Gyertya","technic_string":"Gyertya-, m\u00e9csesk\u00e9sz\u00edt\u00e9s","category_1":"813","category_2":"415","category_3":"1388","category_4":"0","merged_category_1":null,"merged_category_2":null,"merged_category_3":null,"technic_1":"484","technic_2":"0","technic_3":"0","color_1":"514","color_2":"519","color_3":"568","product_description_old":null,"product_description":"Teremts meghitt, \u0151szi hangulatot otthonodban a Pumpkin spice illat\u00fa sz\u00f3javiaszgyerty\u00e1val. A kellemesen f\u0171szeres, \u00e9des \u00e9s kr\u00e9mes illat a h\u0171v\u00f6s \u0151szi napok kuck\u00f3z\u00f3s hangulat\u00e1t id\u00e9zi, mik\u00f6zben a citrusos \u00e9s gy\u00fcm\u00f6lcs\u00f6s jegyek k\u00fcl\u00f6nleges frissess\u00e9get adnak az illatkompoz\u00edci\u00f3nak.\n\nA bergamott, mandarin, \u0151szibarack \u00e9s gy\u00f6mb\u00e9r \u00fcde, gy\u00fcm\u00f6lcs\u00f6s nyit\u00e1nya ut\u00e1n a fah\u00e9j, szegf\u0171szeg \u00e9s \u00e1nizs meleg, karakteres f\u0171szeress\u00e9ge bontakozik ki. Az illatot a szerecsendi\u00f3, karamell \u00e9s van\u00edlia l\u00e1gy, \u00e9des \u00e9s kr\u00e9mes harm\u00f3ni\u00e1ja teszi teljess\u00e9.\n\nIllatjegyek:\n\nFejillat: bergamott, mandarin, \u0151szibarack, gy\u00f6mb\u00e9r\nSz\u00edvillat: fah\u00e9j, szegf\u0171szeg, \u00e1nizs\nAlapillat: szerecsendi\u00f3, karamell, van\u00edlia\nA term\u00e9szetes hat\u00e1s\u00fa sz\u00f3javiaszgyertya t\u00f6k\u00e9letes v\u00e1laszt\u00e1s azoknak, akik szeretik a meleg, f\u0171szeres \u00e9s \u00e9des illatokat. Ide\u00e1lis v\u00e1laszt\u00e1s egy nyugodt esti pihen\u00e9shez, \u0151szi bekuck\u00f3z\u00e1shoz, de aj\u00e1nd\u00e9knak is remek.\n\nIllatkarakter: f\u0171szeres \u2022 \u00e9des \u2022 kr\u00e9mes \u2022 meleg \u2022 \u0151szi\n\nKiszerel\u00e9s: 200 ml\nAz \u00e1r 1 db, 200 ml-es sz\u00f3javiaszgyerty\u00e1t tartalmaz.\n\nK\u00e9szleten l\u00e9v\u0151 term\u00e9k eset\u00e9n a term\u00e9ket 1\u20132 munkanapon bel\u00fcl feladjuk sz\u00e1ll\u00edt\u00e1sra.\n\nFedezd fel 100% sz\u00f3javiaszb\u00f3l k\u00e9sz\u00fclt desszertgyerty\u00e1imat, amelyek nemcsak gy\u00f6ny\u00f6r\u0171 dekor\u00e1ci\u00f3k, hanem k\u00f6rnyezettudatos v\u00e1laszt\u00e1sok is.\n\nAmit \u00e9rdemes tudni:\n - 100% term\u00e9szetes sz\u00f3javiaszb\u00f3l k\u00e9sz\u00fcl\n - Veg\u00e1n \u00e9s \u00e1llatk\u00eds\u00e9rlet-mentes\n - Pamut kan\u00f3ccal k\u00e9sz\u00fcl\n\nMinden gyerty\u00e1m k\u00e9zzel k\u00e9sz\u00fcl kis sz\u00e9ri\u00e1ban, ez\u00e9rt kisebb fel\u00fcleti elt\u00e9r\u00e9sek vagy a sz\u00f3javiasz term\u00e9szetes krist\u00e1lyosod\u00e1s\u00e1b\u00f3l ad\u00f3d\u00f3 feh\u00e9r foltok el\u0151fordulhatnak. Ezek nem hib\u00e1k, hanem a term\u00e9szetes alapanyag \u00e9s a k\u00e9zm\u0171ves k\u00e9sz\u00edt\u00e9s saj\u00e1toss\u00e1gai, amelyek minden darabot egyediv\u00e9 tesznek. \nK\u00e9rj\u00fck, vedd figyelembe, hogy a term\u00e9k sz\u00edne a f\u00e9nyekt\u0151l f\u00fcgg\u0151en kiss\u00e9 elt\u00e9rhet a val\u00f3s\u00e1gt\u00f3l.\nA gyerty\u00e1t mindig h\u0151\u00e1ll\u00f3, s\u00edk fel\u00fcleten haszn\u00e1ld, \u00e9g\u00e9s k\u00f6zben soha ne hagyd fel\u00fcgyelet n\u00e9lk\u00fcl, \u00e9s tartsd t\u00e1vol gyermekekt\u0151l, h\u00e1zi\u00e1llatokt\u00f3l, valamint gy\u00fal\u00e9kony anyagokt\u00f3l.\nV\u00e1laszd a term\u00e9szetes, k\u00e9zzel k\u00e9sz\u00fclt sz\u00e9ps\u00e9get, amely minden otthonba meghitt hangulatot var\u00e1zsol.","price":"6290.00","unit":"db","recommended":"0","status":"1","sponsored":"0","exp_notify":"0","own_material":"0","own_material_description_old":null,"own_material_description":"","jury":"0","jury_number":"","product_nature":"","meskaracsony":"0","create_date":"2026-08-31 12:48:40","shelve_id":"0","image":"biankafenymuhelye_product_769414_260831124448_53669.jpeg","image_width":"480","image_height":"720","image_alt":"Pumpkin spice latte illat\u00fa sz\u00f3javiaszgyertya, Teremts meghitt, \u0151szi hangulatot otthonodban a Pumpkin spice illat\u00fa sz\u00f3javiaszgyerty\u00e1val. A kellemes..., Meska","image_title":"Pumpkin spice latte illat\u00fa sz\u00f3javiaszgyertya, Meska","view_count":"13","favourite_count":"0","trending_score":"0","last2MonthFavouriteCount":"0","promotion":"0","giftcard_accept":"0","creditcard_accept":true,"enhanced_background":"0","domain":"meska","specific_customer_id":null,"specific_customer_name":null,"to_order_product":"0","to_order_product_time":"0","product_different":null,"product_different_description":"","vintage":"0","vintage_category_id":"0","recycled":"0","gemstone_id":"0","customizable":"0","type_category":"physical","zerowaste":"0","postage_price":"1290.00","shop_order":"0","has_category":"1","landing_pages":null,"microdata":{"number":49,"category":""},"title":"Pumpkin spice latte illat\u00fa sz\u00f3javiaszgyertya","description":"Teremts meghitt, \u0151szi hangulatot otthonodban a Pumpkin spice illat\u00fa sz\u00f3javiaszgyerty\u00e1val. A kellemesen f\u0171szeres, \u00e9des \u00e9s kr\u00e9mes illat a h\u0171v\u00f6s \u0151szi napok kuck\u00f3z\u00f3s hangulat\u00e1t id\u00e9zi, mik\u00f6zben a citrusos \u00e9s gy\u00fcm\u00f6lcs\u00f6s jegyek k\u00fcl\u00f6nleges frissess\u00e9get adnak az illatkompoz\u00edci\u00f3nak.\n\nA bergamott, mandarin, \u0151szibarack \u00e9s gy\u00f6mb\u00e9r \u00fcde, gy\u00fcm\u00f6lcs\u00f6s nyit\u00e1nya ut\u00e1n a fah\u00e9j, szegf\u0171szeg \u00e9s \u00e1nizs meleg, karakteres f\u0171szeress\u00e9ge bontakozik ki. Az illatot a szerecsendi\u00f3, karamell \u00e9s van\u00edlia l\u00e1gy, \u00e9des \u00e9s kr\u00e9mes harm\u00f3ni\u00e1ja teszi teljess\u00e9.\n\nIllatjegyek:\n\nFejillat: bergamott, mandarin, \u0151szibarack, gy\u00f6mb\u00e9r\nSz\u00edvillat: fah\u00e9j, szegf\u0171szeg, \u00e1nizs\nAlapillat: szerecsendi\u00f3, karamell, van\u00edlia\nA term\u00e9szetes hat\u00e1s\u00fa sz\u00f3javiaszgyertya t\u00f6k\u00e9letes v\u00e1laszt\u00e1s azoknak, akik szeretik a meleg, f\u0171szeres \u00e9s \u00e9des illatokat. Ide\u00e1lis v\u00e1laszt\u00e1s egy nyugodt esti pihen\u00e9shez, \u0151szi bekuck\u00f3z\u00e1shoz, de aj\u00e1nd\u00e9knak is remek.\n\nIllatkarakter: f\u0171szeres \u2022 \u00e9des \u2022 kr\u00e9mes \u2022 meleg \u2022 \u0151szi\n\nKiszerel\u00e9s: 200 ml\nAz \u00e1r 1 db, 200 ml-es sz\u00f3javiaszgyerty\u00e1t tartalmaz.\n\nK\u00e9szleten l\u00e9v\u0151 term\u00e9k eset\u00e9n a term\u00e9ket 1\u20132 munkanapon bel\u00fcl feladjuk sz\u00e1ll\u00edt\u00e1sra.\n\nFedezd fel 100% sz\u00f3javiaszb\u00f3l k\u00e9sz\u00fclt desszertgyerty\u00e1imat, amelyek nemcsak gy\u00f6ny\u00f6r\u0171 dekor\u00e1ci\u00f3k, hanem k\u00f6rnyezettudatos v\u00e1laszt\u00e1sok is.\n\nAmit \u00e9rdemes tudni:\n - 100% term\u00e9szetes sz\u00f3javiaszb\u00f3l k\u00e9sz\u00fcl\n - Veg\u00e1n \u00e9s \u00e1llatk\u00eds\u00e9rlet-mentes\n - Pamut kan\u00f3ccal k\u00e9sz\u00fcl\n\nMinden gyerty\u00e1m k\u00e9zzel k\u00e9sz\u00fcl kis sz\u00e9ri\u00e1ban, ez\u00e9rt kisebb fel\u00fcleti elt\u00e9r\u00e9sek vagy a sz\u00f3javiasz term\u00e9szetes krist\u00e1lyosod\u00e1s\u00e1b\u00f3l ad\u00f3d\u00f3 feh\u00e9r foltok el\u0151fordulhatnak. Ezek nem hib\u00e1k, hanem a term\u00e9szetes alapanyag \u00e9s a k\u00e9zm\u0171ves k\u00e9sz\u00edt\u00e9s saj\u00e1toss\u00e1gai, amelyek minden darabot egyediv\u00e9 tesznek. \nK\u00e9rj\u00fck, vedd figyelembe, hogy a term\u00e9k sz\u00edne a f\u00e9nyekt\u0151l f\u00fcgg\u0151en kiss\u00e9 elt\u00e9rhet a val\u00f3s\u00e1gt\u00f3l.\nA gyerty\u00e1t mindig h\u0151\u00e1ll\u00f3, s\u00edk fel\u00fcleten haszn\u00e1ld, \u00e9g\u00e9s k\u00f6zben soha ne hagyd fel\u00fcgyelet n\u00e9lk\u00fcl, \u00e9s tartsd t\u00e1vol gyermekekt\u0151l, h\u00e1zi\u00e1llatokt\u00f3l, valamint gy\u00fal\u00e9kony anyagokt\u00f3l.\nV\u00e1laszd a term\u00e9szetes, k\u00e9zzel k\u00e9sz\u00fclt sz\u00e9ps\u00e9get, amely minden otthonba meghitt hangulatot var\u00e1zsol.","score":0,"formatted_price":"6 290 Ft","image_url":"https:\/\/www.meska.hu\/img\/product\/small\/b\/i\/biankafenymuhelye_product_769414_260831124448_53669.jpeg","formatted_url":"https:\/\/www.meska.hu\/p5863291-pumpkin-spice-latte-illatu-szojaviaszgyertya","favourite":false,"in_stock":true,"avatar":"769414_avatar_1769948961.jpeg","delete_from":0,"is_enhanced_background":false,"is_enhanced":false,"product_selection_started":false,"is_active":true,"image_webp_url":"https:\/\/www.meska.hu\/img\/product\/small\/b\/i\/biankafenymuhelye_product_769414_260831124448_53669.webp"},{"id":"6349955","shop_id":"53454","user_id":"808693","shop_name":"ReOrganicStudio","shop_zip":"1092","product_code":"5863283","product_name_old":null,"product_name":"\u0150szi mes\u00e9k \u2013 sz\u00f3jagyertya v\u00e1laszthat\u00f3 mint\u00e1val \u00e9s illattal ","category_string":"Otthon & \u00c9letm\u00f3d, Gyertya, illat, aroma, Gyertya","technic_string":"Gyertya-, m\u00e9csesk\u00e9sz\u00edt\u00e9s","category_1":"813","category_2":"415","category_3":"1388","category_4":"0","merged_category_1":null,"merged_category_2":null,"merged_category_3":null,"technic_1":"484","technic_2":"0","technic_3":"0","color_1":"514","color_2":"516","color_3":"568","product_description_old":null,"product_description":"Egy kis \u0151szi hangulat \u00fcvegbe z\u00e1rva. \nA borosty\u00e1nsz\u00edn\u0171 \u00fcveget erd\u0151k, sz\u00ednes lombkoron\u00e1k \u00e9s apr\u00f3 h\u00e1zik\u00f3k d\u00edsz\u00edtik, \u00edgy a gyertya m\u00e1r meggy\u00fajt\u00e1s el\u0151tt is kedves \u0151szi dekor\u00e1ci\u00f3.\n\nA gyerty\u00e1t term\u00e9szetes sz\u00f3javiaszb\u00f3l, k\u00e9zzel \u00f6nt\u00f6m. A sz\u00f3javiasz n\u00f6v\u00e9nyi eredet\u0171, sz\u00e9pen \u00e9s egyenletesen \u00e9g, az illatokat pedig kellemesen, l\u00e1gyan adja vissza.\n\nA mint\u00e1t \u00e9s az illatot is te v\u00e1laszthatod ki.\nA v\u00e1laszthat\u00f3 mint\u00e1kat a fot\u00f3n sz\u00e1mokkal jel\u00f6ltem \u2013 rendel\u00e9skor egyszer\u0171en v\u00e1laszd ki a neked tetsz\u0151 v\u00e1ltozatot.\n\nA gyerty\u00e1k rendel\u00e9sre k\u00e9sz\u00fclnek, ez\u00e9rt az elk\u00e9sz\u00edt\u00e9si id\u0151 5 munkanap. \u00cdgy a frissen \u00f6nt\u00f6tt viasz \u00e9s az illat is kap egy kis id\u0151t, hogy \u00f6ssze\u00e9rjen, mire hozz\u00e1d \u00e9rkezik.\n\nMelyik illatot v\u00e1laszd?\n\nAlm\u00e1s pite \u2013 \u00e9des, f\u0171szeres, otthonos \u0151szi illat alm\u00e1val, fah\u00e9jjal \u00e9s l\u00e1gy van\u00edli\u00e1s jegyekkel.\n\nS\u00fct\u0151t\u00f6k pite \u2013 meleg, f\u0171szeres, s\u00fctem\u00e9nyes illat azoknak, akik szeretik az igaz\u00e1n kuck\u00f3z\u00f3s \u0151szi hangulatot.\n\nFeny\u0151toboz & m\u00e9z \u2013 term\u00e9szetk\u00f6zelibb, erd\u0151sebb, enyh\u00e9n \u00e9des illat; j\u00f3 v\u00e1laszt\u00e1s, ha nem a klasszikus s\u00fctis vonalat keresed.\n\nKasm\u00edr \u2013 l\u00e1gy, meleg \u00e9s eleg\u00e1ns, enyh\u00e9n van\u00edli\u00e1s-p\u00e9zsm\u00e1s illat, mint egy puha takar\u00f3 egy h\u0171v\u00f6s est\u00e9n.\n\nMandarin & szant\u00e1lfa \u2013 friss citrusoss\u00e1g \u00e9s meleg, f\u00e1s jegyek tal\u00e1lkoz\u00e1sa; kev\u00e9sb\u00e9 \u00e9des, kiegyens\u00falyozott v\u00e1laszt\u00e1s.\n\nHa a klasszikus \u0151szi hangulatot keresed: Alm\u00e1s pite vagy S\u00fct\u0151t\u00f6k pite.\nHa ink\u00e1bb term\u00e9szetesebb, f\u00e1sabb illatra v\u00e1gysz: Feny\u0151toboz & m\u00e9z vagy Mandarin & szant\u00e1lfa.\nHa finom, puha \u00e9s eleg\u00e1ns illatot szeretn\u00e9l: Kasm\u00edr.\n\nFontos haszn\u00e1lati tudnival\u00f3k:\nA gyerty\u00e1t mindig stabil, h\u0151\u00e1ll\u00f3 fel\u00fcleten haszn\u00e1ld, \u00e9s \u00e9g\u00e9s k\u00f6zben ne hagyd fel\u00fcgyelet n\u00e9lk\u00fcl. Gyermekek \u00e9s h\u00e1zi\u00e1llatok k\u00f6zel\u00e9ben fokozott \u00f3vatoss\u00e1ggal haszn\u00e1ld. A fekete tet\u0151 m\u0171anyagb\u00f3l k\u00e9sz\u00fclt, ez\u00e9rt csak teljesen eloltott \u00e9s kih\u0171lt \u00e1llapotban szabad visszatenni az \u00fcvegre.","price":"4790.00","unit":"db","recommended":"0","status":"1","sponsored":"0","exp_notify":"0","own_material":"0","own_material_description_old":null,"own_material_description":"","jury":"0","jury_number":"","product_nature":"","meskaracsony":"0","create_date":"2026-08-31 12:03:14","shelve_id":"83860","image":"reorganicstudio_product_808693_260831114719_84961.png","image_width":"480","image_height":"480","image_alt":"\u0150szi mes\u00e9k \u2013 sz\u00f3jagyertya v\u00e1laszthat\u00f3 mint\u00e1val \u00e9s illattal , Egy kis \u0151szi hangulat \u00fcvegbe z\u00e1rva. \\nA borosty\u00e1nsz\u00edn\u0171 \u00fcveget erd\u0151k, sz\u00ednes lombkoron\u00e1k \u00e9s apr\u00f3 h\u00e1zik..., Meska","image_title":"\u0150szi mes\u00e9k \u2013 sz\u00f3jagyertya v\u00e1laszthat\u00f3 mint\u00e1val \u00e9s illattal , Meska","view_count":"21","favourite_count":"1","trending_score":"0","last2MonthFavouriteCount":"1","promotion":"0","giftcard_accept":"0","creditcard_accept":true,"enhanced_background":"0","domain":"meska","specific_customer_id":null,"specific_customer_name":null,"to_order_product":"0","to_order_product_time":"0","product_different":null,"product_different_description":"","vintage":"0","vintage_category_id":"0","recycled":"0","gemstone_id":"0","customizable":"0","type_category":"physical","zerowaste":"0","postage_price":"2599.00","shop_order":"0","has_category":"1","landing_pages":null,"microdata":{"number":50,"category":""},"title":"\u0150szi mes\u00e9k \u2013 sz\u00f3jagyertya v\u00e1laszthat\u00f3 mint\u00e1val \u00e9s illattal ","description":"Egy kis \u0151szi hangulat \u00fcvegbe z\u00e1rva. \nA borosty\u00e1nsz\u00edn\u0171 \u00fcveget erd\u0151k, sz\u00ednes lombkoron\u00e1k \u00e9s apr\u00f3 h\u00e1zik\u00f3k d\u00edsz\u00edtik, \u00edgy a gyertya m\u00e1r meggy\u00fajt\u00e1s el\u0151tt is kedves \u0151szi dekor\u00e1ci\u00f3.\n\nA gyerty\u00e1t term\u00e9szetes sz\u00f3javiaszb\u00f3l, k\u00e9zzel \u00f6nt\u00f6m. A sz\u00f3javiasz n\u00f6v\u00e9nyi eredet\u0171, sz\u00e9pen \u00e9s egyenletesen \u00e9g, az illatokat pedig kellemesen, l\u00e1gyan adja vissza.\n\nA mint\u00e1t \u00e9s az illatot is te v\u00e1laszthatod ki.\nA v\u00e1laszthat\u00f3 mint\u00e1kat a fot\u00f3n sz\u00e1mokkal jel\u00f6ltem \u2013 rendel\u00e9skor egyszer\u0171en v\u00e1laszd ki a neked tetsz\u0151 v\u00e1ltozatot.\n\nA gyerty\u00e1k rendel\u00e9sre k\u00e9sz\u00fclnek, ez\u00e9rt az elk\u00e9sz\u00edt\u00e9si id\u0151 5 munkanap. \u00cdgy a frissen \u00f6nt\u00f6tt viasz \u00e9s az illat is kap egy kis id\u0151t, hogy \u00f6ssze\u00e9rjen, mire hozz\u00e1d \u00e9rkezik.\n\nMelyik illatot v\u00e1laszd?\n\nAlm\u00e1s pite \u2013 \u00e9des, f\u0171szeres, otthonos \u0151szi illat alm\u00e1val, fah\u00e9jjal \u00e9s l\u00e1gy van\u00edli\u00e1s jegyekkel.\n\nS\u00fct\u0151t\u00f6k pite \u2013 meleg, f\u0171szeres, s\u00fctem\u00e9nyes illat azoknak, akik szeretik az igaz\u00e1n kuck\u00f3z\u00f3s \u0151szi hangulatot.\n\nFeny\u0151toboz & m\u00e9z \u2013 term\u00e9szetk\u00f6zelibb, erd\u0151sebb, enyh\u00e9n \u00e9des illat; j\u00f3 v\u00e1laszt\u00e1s, ha nem a klasszikus s\u00fctis vonalat keresed.\n\nKasm\u00edr \u2013 l\u00e1gy, meleg \u00e9s eleg\u00e1ns, enyh\u00e9n van\u00edli\u00e1s-p\u00e9zsm\u00e1s illat, mint egy puha takar\u00f3 egy h\u0171v\u00f6s est\u00e9n.\n\nMandarin & szant\u00e1lfa \u2013 friss citrusoss\u00e1g \u00e9s meleg, f\u00e1s jegyek tal\u00e1lkoz\u00e1sa; kev\u00e9sb\u00e9 \u00e9des, kiegyens\u00falyozott v\u00e1laszt\u00e1s.\n\nHa a klasszikus \u0151szi hangulatot keresed: Alm\u00e1s pite vagy S\u00fct\u0151t\u00f6k pite.\nHa ink\u00e1bb term\u00e9szetesebb, f\u00e1sabb illatra v\u00e1gysz: Feny\u0151toboz & m\u00e9z vagy Mandarin & szant\u00e1lfa.\nHa finom, puha \u00e9s eleg\u00e1ns illatot szeretn\u00e9l: Kasm\u00edr.\n\nFontos haszn\u00e1lati tudnival\u00f3k:\nA gyerty\u00e1t mindig stabil, h\u0151\u00e1ll\u00f3 fel\u00fcleten haszn\u00e1ld, \u00e9s \u00e9g\u00e9s k\u00f6zben ne hagyd fel\u00fcgyelet n\u00e9lk\u00fcl. Gyermekek \u00e9s h\u00e1zi\u00e1llatok k\u00f6zel\u00e9ben fokozott \u00f3vatoss\u00e1ggal haszn\u00e1ld. A fekete tet\u0151 m\u0171anyagb\u00f3l k\u00e9sz\u00fclt, ez\u00e9rt csak teljesen eloltott \u00e9s kih\u0171lt \u00e1llapotban szabad visszatenni az \u00fcvegre.","score":0,"formatted_price":"4 790 Ft","image_url":"https:\/\/www.meska.hu\/img\/product\/small\/r\/e\/reorganicstudio_product_808693_260831114719_84961.png","formatted_url":"https:\/\/www.meska.hu\/p5863283-oszi-mesek-szojagyertya-valaszthato-mintaval-es-illattal","favourite":false,"in_stock":true,"avatar":"808693_avatar_1784824701.png","delete_from":0,"is_enhanced_background":false,"is_enhanced":false,"product_selection_started":false,"is_active":true,"image_webp_url":"https:\/\/www.meska.hu\/img\/product\/small\/r\/e\/reorganicstudio_product_808693_260831114719_84961.webp"},{"id":"6213017","shop_id":"52748","user_id":"786888","shop_name":"ManiaMuhely","shop_zip":"8948","product_code":"5784649","product_name_old":null,"product_name":"Vir\u00e1gos Gyertya","category_string":"Otthon & \u00c9letm\u00f3d, Gyertya, illat, aroma, Gyertya","technic_string":"Gyertya-, m\u00e9csesk\u00e9sz\u00edt\u00e9s","category_1":"813","category_2":"415","category_3":"1388","category_4":"0","merged_category_1":null,"merged_category_2":null,"merged_category_3":null,"technic_1":"484","technic_2":"0","technic_3":"0","color_1":"519","color_2":"525","color_3":"0","product_description_old":null,"product_description":"Eleg\u00e1ns \u00e9s romantikus megjelen\u00e9s\u0171 k\u00e9zzel k\u00e9sz\u00edtett illatgyertya, k\u00fcl\u00f6nleges vir\u00e1gd\u00edsz\u00edt\u00e9ssel. Az \u00fcvegtart\u00f3 modern \u00e9s letisztult megjelen\u00e9st ad, mik\u00f6zben a r\u00e9szletgazdag vir\u00e1gok igaz\u00e1n k\u00fcl\u00f6nlegess\u00e9 teszik ezt a dekor\u00e1ci\u00f3s darabot.\n\nFinom bazsar\u00f3zsa illata kellemes \u00e9s nyugodt hangulatot teremt az otthon b\u00e1rmely pontj\u00e1n. T\u00f6k\u00e9letes v\u00e1laszt\u00e1s dekor\u00e1ci\u00f3nak vagy aj\u00e1nd\u00e9knak is.\n\nTulajdons\u00e1gok:\n\u2022 K\u00e9zzel k\u00e9sz\u00edtett\n\u2022 Bazsar\u00f3zsa illat\u00fa\n\u2022 \u00dcvegtart\u00f3ban\n\u2022 M\u00e9rete: kb. 6 cm\n\u2022 Dekorat\u00edv \u00e9s eleg\u00e1ns megjelen\u00e9s\n\u2022 Egyedi vir\u00e1gd\u00edsz\u00edt\u00e9ssel k\u00e9sz\u00fclt","price":"1499.00","unit":"db","recommended":"0","status":"1","sponsored":"0","exp_notify":"0","own_material":"0","own_material_description_old":null,"own_material_description":"","jury":"0","jury_number":"","product_nature":"","meskaracsony":"0","create_date":"2026-08-31 10:32:04","shelve_id":"0","image":"maniamuhely_product_786888_260611141232_60872.jpeg","image_width":"480","image_height":"270","image_alt":"Vir\u00e1gos Gyertya, Eleg\u00e1ns \u00e9s romantikus megjelen\u00e9s\u0171 k\u00e9zzel k\u00e9sz\u00edtett illatgyertya, k\u00fcl\u00f6nleges vir\u00e1gd\u00edsz\u00edt\u00e9ssel. Az \u00fcve..., Meska","image_title":"Vir\u00e1gos Gyertya, Meska","view_count":"688","favourite_count":"1","trending_score":"0","last2MonthFavouriteCount":"2","promotion":0,"giftcard_accept":"0","creditcard_accept":true,"enhanced_background":"0","domain":"meska","specific_customer_id":null,"specific_customer_name":null,"to_order_product":"0","to_order_product_time":"0","product_different":null,"product_different_description":"","vintage":"0","vintage_category_id":"0","recycled":"0","gemstone_id":"0","customizable":"0","type_category":"physical","zerowaste":"0","postage_price":"2599.00","shop_order":"0","has_category":"1","landing_pages":null,"microdata":{"number":51,"category":""},"title":"Vir\u00e1gos Gyertya","description":"Eleg\u00e1ns \u00e9s romantikus megjelen\u00e9s\u0171 k\u00e9zzel k\u00e9sz\u00edtett illatgyertya, k\u00fcl\u00f6nleges vir\u00e1gd\u00edsz\u00edt\u00e9ssel. Az \u00fcvegtart\u00f3 modern \u00e9s letisztult megjelen\u00e9st ad, mik\u00f6zben a r\u00e9szletgazdag vir\u00e1gok igaz\u00e1n k\u00fcl\u00f6nlegess\u00e9 teszik ezt a dekor\u00e1ci\u00f3s darabot.\n\nFinom bazsar\u00f3zsa illata kellemes \u00e9s nyugodt hangulatot teremt az otthon b\u00e1rmely pontj\u00e1n. T\u00f6k\u00e9letes v\u00e1laszt\u00e1s dekor\u00e1ci\u00f3nak vagy aj\u00e1nd\u00e9knak is.\n\nTulajdons\u00e1gok:\n\u2022 K\u00e9zzel k\u00e9sz\u00edtett\n\u2022 Bazsar\u00f3zsa illat\u00fa\n\u2022 \u00dcvegtart\u00f3ban\n\u2022 M\u00e9rete: kb. 6 cm\n\u2022 Dekorat\u00edv \u00e9s eleg\u00e1ns megjelen\u00e9s\n\u2022 Egyedi vir\u00e1gd\u00edsz\u00edt\u00e9ssel k\u00e9sz\u00fclt","score":0,"formatted_price":"1 499 Ft","image_url":"https:\/\/www.meska.hu\/img\/product\/small\/m\/a\/maniamuhely_product_786888_260611141232_60872.jpeg","formatted_url":"https:\/\/www.meska.hu\/p5784649-viragos-gyertya","favourite":false,"in_stock":true,"avatar":"786888_avatar_1778057062.jpeg","delete_from":0,"is_enhanced_background":false,"is_enhanced":false,"product_selection_started":false,"is_active":true,"image_webp_url":"https:\/\/www.meska.hu\/img\/product\/small\/m\/a\/maniamuhely_product_786888_260611141232_60872.webp"},{"id":"6248453","shop_id":"52748","user_id":"786888","shop_name":"ManiaMuhely","shop_zip":"8948","product_code":"5806409","product_name_old":null,"product_name":"Zs\u00e1kbamacska Gyerty\u00e1k ","category_string":"Otthon & \u00c9letm\u00f3d, Gyertya, illat, aroma, Gyertya","technic_string":"Gyertya-, m\u00e9csesk\u00e9sz\u00edt\u00e9s","category_1":"813","category_2":"415","category_3":"1388","category_4":"0","merged_category_1":null,"merged_category_2":null,"merged_category_3":null,"technic_1":"484","technic_2":"0","technic_3":"0","color_1":"515","color_2":"525","color_3":"529","product_description_old":null,"product_description":"Zs\u00e1kbamacska Illatgyertya \u2013 Vegyes Gy\u00fcm\u00f6lcs Illattal\n\nSzereted a meglepet\u00e9seket \u00e9s az \u00e9des, gy\u00fcm\u00f6lcs\u00f6s illatokat? Akkor a Zs\u00e1kbamacska Illatgyertya neked k\u00e9sz\u00fclt!\n\nMinden zs\u00e1k egy v\u00e9letlenszer\u0171en kiv\u00e1lasztott, k\u00e9zzel \u00f6nt\u00f6tt gyerty\u00e1t rejt, amelyet finom vegyes gy\u00fcm\u00f6lcs illattal k\u00e9sz\u00edtett\u00fcnk. Aranyos figur\u00e1k, \u00e1llatk\u00e1k, k\u00f6nyves gyerty\u00e1k \u00e9s k\u00fcl\u00f6nleges form\u00e1k v\u00e1rnak arra, hogy otthonod d\u00edszei legyenek.\n\nA zs\u00e1k tartalma minden esetben meglepet\u00e9s, \u00edgy minden kibont\u00e1s egy \u00faj \u00e9lm\u00e9ny.\n\n\u2022 K\u00e9zzel k\u00e9sz\u00edtett term\u00e9k\n\u2022 Vegyes gy\u00fcm\u00f6lcs illattal\n\u2022 Egyedi form\u00e1k \u00e9s sz\u00ednek\n\u2022 T\u00f6k\u00e9letes aj\u00e1nd\u00e9k vagy apr\u00f3 meglepet\u00e9s saj\u00e1t magadnak\n\u2022 Gondosan csomagolva\n\nCsak neked, csak most 699 Ft-\u00e9rt!\n\nVajon melyik gyertya lapul a te zs\u00e1kodban? Rendeld meg, \u00e9s fedezd fel a meglepet\u00e9st!","price":"699.00","unit":"db","recommended":"0","status":"1","sponsored":"0","exp_notify":"0","own_material":"0","own_material_description_old":null,"own_material_description":"","jury":"0","jury_number":"","product_nature":"","meskaracsony":"0","create_date":"2026-08-31 10:32:04","shelve_id":"0","image":"maniamuhely_product_786888_260611140955_923351.jpeg","image_width":"480","image_height":"360","image_alt":"Zs\u00e1kbamacska Gyerty\u00e1k , Zs\u00e1kbamacska Illatgyertya \u2013 Vegyes Gy\u00fcm\u00f6lcs Illattal\\n\\nSzereted a meglepet\u00e9seket \u00e9s az \u00e9des, gy\u00fcm\u00f6lcs..., Meska","image_title":"Zs\u00e1kbamacska Gyerty\u00e1k , Meska","view_count":"147","favourite_count":"0","trending_score":"0","last2MonthFavouriteCount":"0","promotion":0,"giftcard_accept":"0","creditcard_accept":true,"enhanced_background":"0","domain":"meska","specific_customer_id":null,"specific_customer_name":null,"to_order_product":"0","to_order_product_time":"0","product_different":null,"product_different_description":"","vintage":"0","vintage_category_id":"0","recycled":"0","gemstone_id":"0","customizable":"0","type_category":"physical","zerowaste":"0","postage_price":"2599.00","shop_order":"0","has_category":"1","landing_pages":null,"microdata":{"number":52,"category":""},"title":"Zs\u00e1kbamacska Gyerty\u00e1k ","description":"Zs\u00e1kbamacska Illatgyertya \u2013 Vegyes Gy\u00fcm\u00f6lcs Illattal\n\nSzereted a meglepet\u00e9seket \u00e9s az \u00e9des, gy\u00fcm\u00f6lcs\u00f6s illatokat? Akkor a Zs\u00e1kbamacska Illatgyertya neked k\u00e9sz\u00fclt!\n\nMinden zs\u00e1k egy v\u00e9letlenszer\u0171en kiv\u00e1lasztott, k\u00e9zzel \u00f6nt\u00f6tt gyerty\u00e1t rejt, amelyet finom vegyes gy\u00fcm\u00f6lcs illattal k\u00e9sz\u00edtett\u00fcnk. Aranyos figur\u00e1k, \u00e1llatk\u00e1k, k\u00f6nyves gyerty\u00e1k \u00e9s k\u00fcl\u00f6nleges form\u00e1k v\u00e1rnak arra, hogy otthonod d\u00edszei legyenek.\n\nA zs\u00e1k tartalma minden esetben meglepet\u00e9s, \u00edgy minden kibont\u00e1s egy \u00faj \u00e9lm\u00e9ny.\n\n\u2022 K\u00e9zzel k\u00e9sz\u00edtett term\u00e9k\n\u2022 Vegyes gy\u00fcm\u00f6lcs illattal\n\u2022 Egyedi form\u00e1k \u00e9s sz\u00ednek\n\u2022 T\u00f6k\u00e9letes aj\u00e1nd\u00e9k vagy apr\u00f3 meglepet\u00e9s saj\u00e1t magadnak\n\u2022 Gondosan csomagolva\n\nCsak neked, csak most 699 Ft-\u00e9rt!\n\nVajon melyik gyertya lapul a te zs\u00e1kodban? Rendeld meg, \u00e9s fedezd fel a meglepet\u00e9st!","score":0,"formatted_price":"699 Ft","image_url":"https:\/\/www.meska.hu\/img\/product\/small\/m\/a\/maniamuhely_product_786888_260611140955_923351.jpeg","formatted_url":"https:\/\/www.meska.hu\/p5806409-zsakbamacska-gyertyak","favourite":false,"in_stock":true,"avatar":"786888_avatar_1778057062.jpeg","delete_from":0,"is_enhanced_background":false,"is_enhanced":false,"product_selection_started":false,"is_active":true,"image_webp_url":"https:\/\/www.meska.hu\/img\/product\/small\/m\/a\/maniamuhely_product_786888_260611140955_923351.webp"},{"id":"6248479","shop_id":"52748","user_id":"786888","shop_name":"ManiaMuhely","shop_zip":"8948","product_code":"5806421","product_name_old":null,"product_name":"S\u00fcti Gyertya","category_string":"Otthon & \u00c9letm\u00f3d, Gyertya, illat, aroma, Gyertya","technic_string":"Gyertya-, m\u00e9csesk\u00e9sz\u00edt\u00e9s","category_1":"813","category_2":"415","category_3":"1388","category_4":"0","merged_category_1":null,"merged_category_2":null,"merged_category_3":null,"technic_1":"484","technic_2":"0","technic_3":"0","color_1":"514","color_2":"519","color_3":"529","product_description_old":null,"product_description":"Var\u00e1zsolj meghitt \u00e9s \u00e9des hangulatot otthonodba ezzel a k\u00e9zzel k\u00e9sz\u00edtett desszert ihlette gyerty\u00e1val. Minden darab gondosan, szeretettel k\u00e9sz\u00fcl, k\u00fcl\u00f6nleges viasz d\u00edsz\u00edt\u00e9sekkel, amelyek egy val\u00f3di desszert megjelen\u00e9s\u00e9t id\u00e9zik.\n\nA finom gy\u00fcm\u00f6lcs\u00f6s illat kellemes \u00e9s nyugtat\u00f3 hangulatot teremt, mik\u00f6zben dekor\u00e1ci\u00f3k\u00e9nt is t\u00f6k\u00e9letesen mutat b\u00e1rmely helyis\u00e9gben. Ide\u00e1lis aj\u00e1nd\u00e9k sz\u00fclet\u00e9snapra, \u00fcnnepekre vagy csak egy kis k\u00fcl\u00f6nlegess\u00e9gk\u00e9nt saj\u00e1t magadnak.\n\nJellemz\u0151k:\n\u2022 K\u00e9zzel k\u00e9sz\u00edtett egyedi gyertya  \n\u2022 Finom gy\u00fcm\u00f6lcs\u00f6s illat  \n\u2022 Desszert inspir\u00e1lta megjelen\u00e9s  \n\u2022 \u00dcveg t\u00e9gelyben  \n\u2022 T\u00f6k\u00e9letes dekor\u00e1ci\u00f3 \u00e9s aj\u00e1nd\u00e9k  \n\u2022 Minden darab egyedi\n\nFontos:\nMivel minden gyertya k\u00e9zzel k\u00e9sz\u00fcl, kisebb elt\u00e9r\u00e9sek el\u0151fordulhatnak sz\u00ednben \u00e9s d\u00edsz\u00edt\u00e9sben, ett\u0151l v\u00e1lik minden darab k\u00fcl\u00f6nlegess\u00e9.","price":"1199.00","unit":"db","recommended":"0","status":"1","sponsored":"0","exp_notify":"0","own_material":"0","own_material_description_old":null,"own_material_description":"","jury":"0","jury_number":"","product_nature":"","meskaracsony":"0","create_date":"2026-08-31 10:32:04","shelve_id":"0","image":"maniamuhely_product_786888_260611140616_118229.jpeg","image_width":"480","image_height":"640","image_alt":"S\u00fcti Gyertya, Var\u00e1zsolj meghitt \u00e9s \u00e9des hangulatot otthonodba ezzel a k\u00e9zzel k\u00e9sz\u00edtett desszert ihlette gyerty\u00e1val..., Meska","image_title":"S\u00fcti Gyertya, Meska","view_count":"383","favourite_count":"0","trending_score":"0","last2MonthFavouriteCount":"1","promotion":0,"giftcard_accept":"0","creditcard_accept":true,"enhanced_background":"0","domain":"meska","specific_customer_id":null,"specific_customer_name":null,"to_order_product":"0","to_order_product_time":"0","product_different":null,"product_different_description":"","vintage":"0","vintage_category_id":"0","recycled":"0","gemstone_id":"0","customizable":"0","type_category":"physical","zerowaste":"0","postage_price":"2599.00","shop_order":"0","has_category":"1","landing_pages":null,"microdata":{"number":53,"category":""},"title":"S\u00fcti Gyertya","description":"Var\u00e1zsolj meghitt \u00e9s \u00e9des hangulatot otthonodba ezzel a k\u00e9zzel k\u00e9sz\u00edtett desszert ihlette gyerty\u00e1val. Minden darab gondosan, szeretettel k\u00e9sz\u00fcl, k\u00fcl\u00f6nleges viasz d\u00edsz\u00edt\u00e9sekkel, amelyek egy val\u00f3di desszert megjelen\u00e9s\u00e9t id\u00e9zik.\n\nA finom gy\u00fcm\u00f6lcs\u00f6s illat kellemes \u00e9s nyugtat\u00f3 hangulatot teremt, mik\u00f6zben dekor\u00e1ci\u00f3k\u00e9nt is t\u00f6k\u00e9letesen mutat b\u00e1rmely helyis\u00e9gben. Ide\u00e1lis aj\u00e1nd\u00e9k sz\u00fclet\u00e9snapra, \u00fcnnepekre vagy csak egy kis k\u00fcl\u00f6nlegess\u00e9gk\u00e9nt saj\u00e1t magadnak.\n\nJellemz\u0151k:\n\u2022 K\u00e9zzel k\u00e9sz\u00edtett egyedi gyertya  \n\u2022 Finom gy\u00fcm\u00f6lcs\u00f6s illat  \n\u2022 Desszert inspir\u00e1lta megjelen\u00e9s  \n\u2022 \u00dcveg t\u00e9gelyben  \n\u2022 T\u00f6k\u00e9letes dekor\u00e1ci\u00f3 \u00e9s aj\u00e1nd\u00e9k  \n\u2022 Minden darab egyedi\n\nFontos:\nMivel minden gyertya k\u00e9zzel k\u00e9sz\u00fcl, kisebb elt\u00e9r\u00e9sek el\u0151fordulhatnak sz\u00ednben \u00e9s d\u00edsz\u00edt\u00e9sben, ett\u0151l v\u00e1lik minden darab k\u00fcl\u00f6nlegess\u00e9.","score":0,"formatted_price":"1 199 Ft","image_url":"https:\/\/www.meska.hu\/img\/product\/small\/m\/a\/maniamuhely_product_786888_260611140616_118229.jpeg","formatted_url":"https:\/\/www.meska.hu\/p5806421-suti-gyertya","favourite":false,"in_stock":true,"avatar":"786888_avatar_1778057062.jpeg","delete_from":0,"is_enhanced_background":false,"is_enhanced":false,"product_selection_started":false,"is_active":true,"image_webp_url":"https:\/\/www.meska.hu\/img\/product\/small\/m\/a\/maniamuhely_product_786888_260611140616_118229.webp"},{"id":"6348910","shop_id":"52439","user_id":"780322","shop_name":"NoiAuraIllatmuhely","shop_zip":"3885","product_code":"5862533","product_name_old":null,"product_name":"Horoszk\u00f3p feliratos  sz\u00f3javiasz illatgyertya ( t\u00f6bbf\u00e9le illatban)","category_string":"Otthon & \u00c9letm\u00f3d, Gyertya, illat, aroma, Gyertya","technic_string":"Gyertya-, m\u00e9csesk\u00e9sz\u00edt\u00e9s","category_1":"813","category_2":"415","category_3":"1388","category_4":"0","merged_category_1":null,"merged_category_2":null,"merged_category_3":null,"technic_1":"484","technic_2":"0","technic_3":"0","color_1":"514","color_2":"0","color_3":"0","product_description_old":null,"product_description":"ILLATV\u00c1LASZT\u00c1S:\nRendel\u00e9sn\u00e9l megjegyz\u00e9shez \u00edrd k\u00e9rlek a v\u00e1lasztott illatot, amennyiben nem v\u00e1lasztassz illatot, Madaszk\u00e1ri Van\u00edlia illatban fog elk\u00e9sz\u00fclni gyerty\u00e1d. (s\u00fcti illat! Van\u00edlia esszenci\u00e1val f\u0171szerezett pisk\u00f3ta, vagy linzer illat! Vas\u00e1rnap d\u00e9lut\u00e1ni otthon illat, mikor d\u00e9lel\u0151tt kis\u0171lt a s\u00fcti, \u00e9s ott illatozik egy t\u00e1lra kit\u00e9ve. )\n\nMi\u00e9rt v\u00e1laszd a N\u0151i Aura Illatm\u0171hely k\u00e9zm\u0171ves gyerty\u00e1it? \ud83c\udf42\n\n\u2728 Minden gyerty\u00e1m k\u00e9zzel, szeretettel k\u00e9sz\u00fcl, \u00edgy v\u00e1s\u00e1rl\u00e1soddal egy kisv\u00e1llalkoz\u00f3t is t\u00e1mogatsz.\n\ud83c\udf3f 100% pr\u00e9mium min\u0151s\u00e9g\u0171 sz\u00f3javiaszb\u00f3l k\u00e9sz\u00fclnek.\n\ud83c\udf38 Pr\u00e9mium illatolajokkal dolgozom, hogy az \u0151szi hangulat igaz\u00e1n k\u00fcl\u00f6nleges legyen.\n\ud83d\udd6f\ufe0f A gyerty\u00e1khoz 100% pamut kan\u00f3cot haszn\u00e1lok.\n\ud83e\udd0e 4000 Ft-\u00e9rt 180 ml-es kiszerel\u00e9st kapsz, amelynek \u00e9g\u00e9si ideje megfelel\u0151 haszn\u00e1lat mellett k\u00f6r\u00fclbel\u00fcl 35\u201340 \u00f3ra.\n\ud83c\udff7\ufe0f A c\u00edmk\u00e9im egyedileg k\u00e9sz\u00fclnek, k\u00fcl\u00f6nlegesek \u00e9s nem tal\u00e1lod meg \u0151ket a boltok polcain. \ud83d\ude0a\n\n\ud83c\udf4e Az \u0151szi kollekci\u00f3ban olyan ellen\u00e1llhatatlan illatok v\u00e1rnak, amelyek pillanatok alatt meghitt, kuck\u00f3z\u00f3s hangulatot var\u00e1zsolnak otthonodba.\n\nFontos a megfelel\u0151 els\u0151 \u00e9get\u00e9s!\nAz els\u0151 haszn\u00e1lat sor\u00e1n \u00e9rdemes a gyerty\u00e1t 2\u20133 \u00f3r\u00e1n kereszt\u00fcl folyamatosan \u00e9gni hagyni, hogy a viasz a teljes fel\u00fcleten felolvadjon. Ez seg\u00edt elker\u00fclni az \u00fagynevezett alag\u00fat\u00e9g\u00e9st, \u00e9s hozz\u00e1j\u00e1rul ahhoz, hogy a gyerty\u00e1d a lehet\u0151 legtov\u00e1bb \u00e9lvezhesd.\n\n\u2702\ufe0f Minden \u00fajragy\u00fajt\u00e1s el\u0151tt v\u00e1gd vissza a kan\u00f3c elszenesedett v\u00e9g\u00e9t kb. 5 mm-re, \u00edgy a gyerty\u00e1d szebben \u00e9s egyenletesebben fog \u00e9gni.\n\n\ud83e\udd0e N\u0151i Aura Illatm\u0171hely \u2013 k\u00e9zzel k\u00e9sz\u00edtve, sz\u00edvb\u0151l neked.\n\ud83d\udd6f\ufe0f GYERTYAHASZN\u00c1LATI \u00daTMUTAT\u00d3\n\nA gyerty\u00e1d hossz\u00fa \u00e9lettartam\u00e1\u00e9rt \u00e9s a biztons\u00e1gos haszn\u00e1lat\u00e9rt k\u00e9rj\u00fck, tartsd be az al\u00e1bbiakat! \ud83e\udd0e\n\n\ud83d\udd6f\ufe0f ELS\u0150 \u00c9GET\u00c9S\n\nAz els\u0151 alkalommal \u00e9gesd a gyerty\u00e1t 2\u20133 \u00f3r\u00e1n kereszt\u00fcl, hogy a viasz a teljes fel\u00fcleten egyenletesen felolvadjon.\n\nEz seg\u00edt megel\u0151zni az \u00fagynevezett alag\u00fat\u00e9g\u00e9st, \u00e9s biztos\u00edtja, hogy a gyerty\u00e1d a k\u00e9s\u0151bbiekben is sz\u00e9pen, egyenletesen \u00e9gjen.\n\n\u2702\ufe0f KAN\u00d3C\u00c1POL\u00c1S\n\nMinden \u00fajragy\u00fajt\u00e1s el\u0151tt v\u00e1gd vissza a kan\u00f3c elszenesedett v\u00e9g\u00e9t kb. 5 mm hossz\u00fas\u00e1g\u00fara.\n\nA megfelel\u0151 kan\u00f3chossz seg\u00edt abban, hogy a l\u00e1ng ne legyen t\u00fal nagy, a gyertya kev\u00e9sb\u00e9 f\u00fcst\u00f6lj\u00f6n, \u00e9s egyenletesebben \u00e9gjen.\n\n\u23f1\ufe0f NE \u00c9GESD T\u00daL SOK\u00c1IG!\n\nEgy alkalommal lehet\u0151leg 4 \u00f3r\u00e1n\u00e1l tov\u00e1bb ne \u00e9gesd a gyerty\u00e1t.\n\nHosszabb \u00e9g\u00e9s eset\u00e9n az ed\u00e9ny t\u00falmelegedhet, ez\u00e9rt mindig hagyd kih\u0171lni, miel\u0151tt \u00fajra meggy\u00fajtod.\n\n\ud83d\udd25 SOHA NE HAGYD FEL\u00dcGYELET N\u00c9LK\u00dcL!\n\nAz \u00e9g\u0151 gyerty\u00e1t soha ne hagyd \u0151rizetlen\u00fcl!\n\nTartsd t\u00e1vol gyermekekt\u0151l, h\u00e1zi\u00e1llatokt\u00f3l, f\u00fcgg\u00f6nyt\u0151l, pap\u00edrt\u00f3l \u00e9s minden gy\u00fal\u00e9kony t\u00e1rgyt\u00f3l.\n\n\ud83d\udca8 HUZATT\u00d3L V\u00c9DD!\n\nNe helyezd a gyerty\u00e1t huzatos helyre, ventil\u00e1tor vagy nyitott ablak k\u00f6zvetlen k\u00f6zel\u00e9be.\n\nA huzat egyenetlen \u00e9g\u00e9st, kormoz\u00e1st \u00e9s nagyobb l\u00e1ngot okozhat.\n\n\ud83d\udd6f\ufe0f ELHELYEZ\u00c9S\n\nMindig stabil, h\u0151\u00e1ll\u00f3 \u00e9s v\u00edzszintes fel\u00fcletre helyezd.\n\nNe mozgasd a gyerty\u00e1t \u00e9g\u00e9s k\u00f6zben vagy k\u00f6zvetlen\u00fcl az elolt\u00e1sa ut\u00e1n, am\u00edg a viasz \u00e9s az ed\u00e9ny forr\u00f3.\n\n\ud83d\udeab NE \u00c9GESD LE TELJESEN!\n\nNe haszn\u00e1ld tov\u00e1bb a gyerty\u00e1t, ha m\u00e1r csak kb. 1 cm viasz maradt az ed\u00e9ny alj\u00e1n.\n\n\u00cdgy elker\u00fclhet\u0151 az ed\u00e9ny t\u00falzott felmeleged\u00e9se.\n\n\ud83d\udca7 V\u00cdZZEL NE OLDD EL!\n\nA gyerty\u00e1t soha ne oltsd el v\u00edzzel!\n\nAz olt\u00e1shoz haszn\u00e1lj gyertyaolt\u00f3t, vagy \u00f3vatosan f\u00fajd el a l\u00e1ngot.\n\n\ud83d\udc43 ILLATOS\u00cdT\u00c1S\n\nAz illat intenzit\u00e1sa f\u00fcgg a helyis\u00e9g m\u00e9ret\u00e9t\u0151l, szell\u0151z\u00e9s\u00e9t\u0151l \u00e9s az \u00e9g\u00e9si id\u0151t\u0151l is.\n\nA pr\u00e9mium illatolajoknak k\u00f6sz\u00f6nhet\u0151en a gyertya \u00e9g\u00e9s k\u00f6zben kellemes, hosszan tart\u00f3 illatot biztos\u00edt.\n\n---\n\n\u26a0\ufe0f BIZTONS\u00c1GI FIGYELMEZTET\u00c9S\n\n\ud83d\udd25 \u00c9g\u0151 gyerty\u00e1t soha ne hagyj fel\u00fcgyelet n\u00e9lk\u00fcl!\n\ud83d\udc76 Gyermekekt\u0151l elz\u00e1rva tartand\u00f3.\n\ud83d\udc3e H\u00e1zi\u00e1llatokt\u00f3l t\u00e1vol tartand\u00f3.\n\ud83c\udf2c\ufe0f Huzatt\u00f3l t\u00e1vol tartand\u00f3.\n\ud83d\udd25 Gy\u00fal\u00e9kony anyagokt\u00f3l t\u00e1vol haszn\u00e1ld.\n\ud83e\uded9 A gyertya ed\u00e9nye haszn\u00e1lat k\u00f6zben felforr\u00f3sodhat.\n\ud83d\udeab Ne mozgasd az \u00e9g\u0151 vagy forr\u00f3 gyerty\u00e1t.\n\ud83d\udca7 V\u00edzzel ne oltsd el.\n\n\ud83e\udd0e K\u00f6sz\u00f6n\u00f6m, hogy a N\u0151i Aura Illatm\u0171helyt v\u00e1lasztottad!\n\nMinden gyerty\u00e1m k\u00e9zzel, gondosan \u00e9s szeretettel k\u00e9sz\u00fcl, hogy egy kis melegs\u00e9get \u00e9s k\u00fcl\u00f6nleges hangulatot vigyen az otthonodba.\n\n\u00c9lvezd a l\u00e1ngot, az illatot \u00e9s az \u0151szi kuck\u00f3z\u00e1s minden pillanat\u00e1t! \ud83c\udf42\ud83d\udd6f\ufe0f\n\nN\u0151i Aura Illatm\u0171hely\nk\u00e9zzel k\u00e9sz\u00edtve, sz\u00edvb\u0151l neked \ud83e\udd0e\n","price":"4000.00","unit":"db","recommended":"0","status":"1","sponsored":"0","exp_notify":"0","own_material":"0","own_material_description_old":null,"own_material_description":"","jury":"0","jury_number":"","product_nature":"","meskaracsony":"0","create_date":"2026-08-31 10:32:04","shelve_id":"0","image":"noiauraillatmuhely_product_780322_260830221302_148613.jpeg","image_width":"480","image_height":"640","image_alt":"Horoszk\u00f3p feliratos  sz\u00f3javiasz illatgyertya ( t\u00f6bbf\u00e9le illatban), ILLATV\u00c1LASZT\u00c1S:\\nRendel\u00e9sn\u00e9l megjegyz\u00e9shez \u00edrd k\u00e9rlek a v\u00e1lasztott illatot, amennyiben nem v\u00e1lasztass..., Meska","image_title":"Horoszk\u00f3p feliratos  sz\u00f3javiasz illatgyertya ( t\u00f6bbf\u00e9le illatban), Meska","view_count":"27","favourite_count":"0","trending_score":"0","last2MonthFavouriteCount":"0","promotion":"0","giftcard_accept":"0","creditcard_accept":true,"enhanced_background":"0","domain":"meska","specific_customer_id":null,"specific_customer_name":null,"to_order_product":"1","to_order_product_time":"3","product_different":null,"product_different_description":"","vintage":"0","vintage_category_id":"0","recycled":"0","gemstone_id":"0","customizable":"0","type_category":"physical","zerowaste":"0","postage_price":"1290.00","shop_order":"0","has_category":"1","landing_pages":null,"microdata":{"number":54,"category":""},"title":"Horoszk\u00f3p feliratos  sz\u00f3javiasz illatgyertya ( t\u00f6bbf\u00e9le illatban)","description":"ILLATV\u00c1LASZT\u00c1S:\nRendel\u00e9sn\u00e9l megjegyz\u00e9shez \u00edrd k\u00e9rlek a v\u00e1lasztott illatot, amennyiben nem v\u00e1lasztassz illatot, Madaszk\u00e1ri Van\u00edlia illatban fog elk\u00e9sz\u00fclni gyerty\u00e1d. (s\u00fcti illat! Van\u00edlia esszenci\u00e1val f\u0171szerezett pisk\u00f3ta, vagy linzer illat! Vas\u00e1rnap d\u00e9lut\u00e1ni otthon illat, mikor d\u00e9lel\u0151tt kis\u0171lt a s\u00fcti, \u00e9s ott illatozik egy t\u00e1lra kit\u00e9ve. )\n\nMi\u00e9rt v\u00e1laszd a N\u0151i Aura Illatm\u0171hely k\u00e9zm\u0171ves gyerty\u00e1it? \ud83c\udf42\n\n\u2728 Minden gyerty\u00e1m k\u00e9zzel, szeretettel k\u00e9sz\u00fcl, \u00edgy v\u00e1s\u00e1rl\u00e1soddal egy kisv\u00e1llalkoz\u00f3t is t\u00e1mogatsz.\n\ud83c\udf3f 100% pr\u00e9mium min\u0151s\u00e9g\u0171 sz\u00f3javiaszb\u00f3l k\u00e9sz\u00fclnek.\n\ud83c\udf38 Pr\u00e9mium illatolajokkal dolgozom, hogy az \u0151szi hangulat igaz\u00e1n k\u00fcl\u00f6nleges legyen.\n\ud83d\udd6f\ufe0f A gyerty\u00e1khoz 100% pamut kan\u00f3cot haszn\u00e1lok.\n\ud83e\udd0e 4000 Ft-\u00e9rt 180 ml-es kiszerel\u00e9st kapsz, amelynek \u00e9g\u00e9si ideje megfelel\u0151 haszn\u00e1lat mellett k\u00f6r\u00fclbel\u00fcl 35\u201340 \u00f3ra.\n\ud83c\udff7\ufe0f A c\u00edmk\u00e9im egyedileg k\u00e9sz\u00fclnek, k\u00fcl\u00f6nlegesek \u00e9s nem tal\u00e1lod meg \u0151ket a boltok polcain. \ud83d\ude0a\n\n\ud83c\udf4e Az \u0151szi kollekci\u00f3ban olyan ellen\u00e1llhatatlan illatok v\u00e1rnak, amelyek pillanatok alatt meghitt, kuck\u00f3z\u00f3s hangulatot var\u00e1zsolnak otthonodba.\n\nFontos a megfelel\u0151 els\u0151 \u00e9get\u00e9s!\nAz els\u0151 haszn\u00e1lat sor\u00e1n \u00e9rdemes a gyerty\u00e1t 2\u20133 \u00f3r\u00e1n kereszt\u00fcl folyamatosan \u00e9gni hagyni, hogy a viasz a teljes fel\u00fcleten felolvadjon. Ez seg\u00edt elker\u00fclni az \u00fagynevezett alag\u00fat\u00e9g\u00e9st, \u00e9s hozz\u00e1j\u00e1rul ahhoz, hogy a gyerty\u00e1d a lehet\u0151 legtov\u00e1bb \u00e9lvezhesd.\n\n\u2702\ufe0f Minden \u00fajragy\u00fajt\u00e1s el\u0151tt v\u00e1gd vissza a kan\u00f3c elszenesedett v\u00e9g\u00e9t kb. 5 mm-re, \u00edgy a gyerty\u00e1d szebben \u00e9s egyenletesebben fog \u00e9gni.\n\n\ud83e\udd0e N\u0151i Aura Illatm\u0171hely \u2013 k\u00e9zzel k\u00e9sz\u00edtve, sz\u00edvb\u0151l neked.\n\ud83d\udd6f\ufe0f GYERTYAHASZN\u00c1LATI \u00daTMUTAT\u00d3\n\nA gyerty\u00e1d hossz\u00fa \u00e9lettartam\u00e1\u00e9rt \u00e9s a biztons\u00e1gos haszn\u00e1lat\u00e9rt k\u00e9rj\u00fck, tartsd be az al\u00e1bbiakat! \ud83e\udd0e\n\n\ud83d\udd6f\ufe0f ELS\u0150 \u00c9GET\u00c9S\n\nAz els\u0151 alkalommal \u00e9gesd a gyerty\u00e1t 2\u20133 \u00f3r\u00e1n kereszt\u00fcl, hogy a viasz a teljes fel\u00fcleten egyenletesen felolvadjon.\n\nEz seg\u00edt megel\u0151zni az \u00fagynevezett alag\u00fat\u00e9g\u00e9st, \u00e9s biztos\u00edtja, hogy a gyerty\u00e1d a k\u00e9s\u0151bbiekben is sz\u00e9pen, egyenletesen \u00e9gjen.\n\n\u2702\ufe0f KAN\u00d3C\u00c1POL\u00c1S\n\nMinden \u00fajragy\u00fajt\u00e1s el\u0151tt v\u00e1gd vissza a kan\u00f3c elszenesedett v\u00e9g\u00e9t kb. 5 mm hossz\u00fas\u00e1g\u00fara.\n\nA megfelel\u0151 kan\u00f3chossz seg\u00edt abban, hogy a l\u00e1ng ne legyen t\u00fal nagy, a gyertya kev\u00e9sb\u00e9 f\u00fcst\u00f6lj\u00f6n, \u00e9s egyenletesebben \u00e9gjen.\n\n\u23f1\ufe0f NE \u00c9GESD T\u00daL SOK\u00c1IG!\n\nEgy alkalommal lehet\u0151leg 4 \u00f3r\u00e1n\u00e1l tov\u00e1bb ne \u00e9gesd a gyerty\u00e1t.\n\nHosszabb \u00e9g\u00e9s eset\u00e9n az ed\u00e9ny t\u00falmelegedhet, ez\u00e9rt mindig hagyd kih\u0171lni, miel\u0151tt \u00fajra meggy\u00fajtod.\n\n\ud83d\udd25 SOHA NE HAGYD FEL\u00dcGYELET N\u00c9LK\u00dcL!\n\nAz \u00e9g\u0151 gyerty\u00e1t soha ne hagyd \u0151rizetlen\u00fcl!\n\nTartsd t\u00e1vol gyermekekt\u0151l, h\u00e1zi\u00e1llatokt\u00f3l, f\u00fcgg\u00f6nyt\u0151l, pap\u00edrt\u00f3l \u00e9s minden gy\u00fal\u00e9kony t\u00e1rgyt\u00f3l.\n\n\ud83d\udca8 HUZATT\u00d3L V\u00c9DD!\n\nNe helyezd a gyerty\u00e1t huzatos helyre, ventil\u00e1tor vagy nyitott ablak k\u00f6zvetlen k\u00f6zel\u00e9be.\n\nA huzat egyenetlen \u00e9g\u00e9st, kormoz\u00e1st \u00e9s nagyobb l\u00e1ngot okozhat.\n\n\ud83d\udd6f\ufe0f ELHELYEZ\u00c9S\n\nMindig stabil, h\u0151\u00e1ll\u00f3 \u00e9s v\u00edzszintes fel\u00fcletre helyezd.\n\nNe mozgasd a gyerty\u00e1t \u00e9g\u00e9s k\u00f6zben vagy k\u00f6zvetlen\u00fcl az elolt\u00e1sa ut\u00e1n, am\u00edg a viasz \u00e9s az ed\u00e9ny forr\u00f3.\n\n\ud83d\udeab NE \u00c9GESD LE TELJESEN!\n\nNe haszn\u00e1ld tov\u00e1bb a gyerty\u00e1t, ha m\u00e1r csak kb. 1 cm viasz maradt az ed\u00e9ny alj\u00e1n.\n\n\u00cdgy elker\u00fclhet\u0151 az ed\u00e9ny t\u00falzott felmeleged\u00e9se.\n\n\ud83d\udca7 V\u00cdZZEL NE OLDD EL!\n\nA gyerty\u00e1t soha ne oltsd el v\u00edzzel!\n\nAz olt\u00e1shoz haszn\u00e1lj gyertyaolt\u00f3t, vagy \u00f3vatosan f\u00fajd el a l\u00e1ngot.\n\n\ud83d\udc43 ILLATOS\u00cdT\u00c1S\n\nAz illat intenzit\u00e1sa f\u00fcgg a helyis\u00e9g m\u00e9ret\u00e9t\u0151l, szell\u0151z\u00e9s\u00e9t\u0151l \u00e9s az \u00e9g\u00e9si id\u0151t\u0151l is.\n\nA pr\u00e9mium illatolajoknak k\u00f6sz\u00f6nhet\u0151en a gyertya \u00e9g\u00e9s k\u00f6zben kellemes, hosszan tart\u00f3 illatot biztos\u00edt.\n\n---\n\n\u26a0\ufe0f BIZTONS\u00c1GI FIGYELMEZTET\u00c9S\n\n\ud83d\udd25 \u00c9g\u0151 gyerty\u00e1t soha ne hagyj fel\u00fcgyelet n\u00e9lk\u00fcl!\n\ud83d\udc76 Gyermekekt\u0151l elz\u00e1rva tartand\u00f3.\n\ud83d\udc3e H\u00e1zi\u00e1llatokt\u00f3l t\u00e1vol tartand\u00f3.\n\ud83c\udf2c\ufe0f Huzatt\u00f3l t\u00e1vol tartand\u00f3.\n\ud83d\udd25 Gy\u00fal\u00e9kony anyagokt\u00f3l t\u00e1vol haszn\u00e1ld.\n\ud83e\uded9 A gyertya ed\u00e9nye haszn\u00e1lat k\u00f6zben felforr\u00f3sodhat.\n\ud83d\udeab Ne mozgasd az \u00e9g\u0151 vagy forr\u00f3 gyerty\u00e1t.\n\ud83d\udca7 V\u00edzzel ne oltsd el.\n\n\ud83e\udd0e K\u00f6sz\u00f6n\u00f6m, hogy a N\u0151i Aura Illatm\u0171helyt v\u00e1lasztottad!\n\nMinden gyerty\u00e1m k\u00e9zzel, gondosan \u00e9s szeretettel k\u00e9sz\u00fcl, hogy egy kis melegs\u00e9get \u00e9s k\u00fcl\u00f6nleges hangulatot vigyen az otthonodba.\n\n\u00c9lvezd a l\u00e1ngot, az illatot \u00e9s az \u0151szi kuck\u00f3z\u00e1s minden pillanat\u00e1t! \ud83c\udf42\ud83d\udd6f\ufe0f\n\nN\u0151i Aura Illatm\u0171hely\nk\u00e9zzel k\u00e9sz\u00edtve, sz\u00edvb\u0151l neked \ud83e\udd0e\n","score":0,"formatted_price":"4 000 Ft","image_url":"https:\/\/www.meska.hu\/img\/product\/small\/n\/o\/noiauraillatmuhely_product_780322_260830221302_148613.jpeg","formatted_url":"https:\/\/www.meska.hu\/p5862533-horoszkop-feliratos-szojaviasz-illatgyertya-tobbfele-illatban","favourite":false,"in_stock":false,"avatar":"780322_avatar_1775157271.png","delete_from":0,"is_enhanced_background":false,"is_enhanced":false,"product_selection_started":false,"is_active":true,"image_webp_url":"https:\/\/www.meska.hu\/img\/product\/small\/n\/o\/noiauraillatmuhely_product_780322_260830221302_148613.webp"},{"id":"6349798","shop_id":"53392","user_id":"806081","shop_name":"moonpages","shop_zip":"7632","product_code":"5863237","product_name_old":null,"product_name":"Erdei gy\u00fcm\u00f6lcs illat\u00fa r\u00e9teges sz\u00f3jagyertya \u00fcvegpoh\u00e1rban","category_string":"Otthon & \u00c9letm\u00f3d, Gyertya, illat, aroma, Gyertya","technic_string":"Gyertya-, m\u00e9csesk\u00e9sz\u00edt\u00e9s","category_1":"813","category_2":"415","category_3":"1388","category_4":"0","merged_category_1":null,"merged_category_2":null,"merged_category_3":null,"technic_1":"484","technic_2":"0","technic_3":"0","color_1":"519","color_2":"523","color_3":"525","product_description_old":null,"product_description":"K\u00fcl\u00f6nleges, k\u00e9zzel \u00f6nt\u00f6tt gyertya vid\u00e1m r\u00f3zsasz\u00edn, piros \u00e9s feh\u00e9r r\u00e9tegekkel. \u00c9des, zamatos erdei gy\u00fcm\u00f6lcs illata kellemes, meghitt hangulatot var\u00e1zsol az otthonodba.\n\nMutat\u00f3s \u00fcvegpoh\u00e1rban k\u00e9sz\u00fcl, ez\u00e9rt haszn\u00e1laton k\u00edv\u00fcl is sz\u00e9p dekor\u00e1ci\u00f3. T\u00f6k\u00e9letes aj\u00e1nd\u00e9k sz\u00fclet\u00e9snapra, n\u00e9vnapra vagy egy kis kedvess\u00e9gk\u00e9nt.\n\nA term\u00e9k k\u00e9zzel k\u00e9sz\u00fcl, ez\u00e9rt a r\u00e9tegek sz\u00edne \u00e9s vastags\u00e1ga kis m\u00e9rt\u00e9kben elt\u00e9rhet a k\u00e9pen l\u00e1that\u00f3t\u00f3l.\n\n\u00c9g\u0151 gyerty\u00e1t soha ne hagyj fel\u00fcgyelet n\u00e9lk\u00fcl, \u00e9s tartsd gyermekekt\u0151l, valamint h\u00e1zi\u00e1llatokt\u00f3l t\u00e1vol.\nA fizet\u00e9si hat\u00e1rid\u0151 a megrendel\u00e9st\u0151l sz\u00e1m\u00edtott 24 \u00f3ra. Fizet\u00e9s vagy visszajelz\u00e9s hi\u00e1ny\u00e1ban a rendel\u00e9st t\u00f6rl\u00f6m.","price":"4590.00","unit":"db","recommended":"0","status":"1","sponsored":"0","exp_notify":"0","own_material":"0","own_material_description_old":null,"own_material_description":"","jury":"0","jury_number":"","product_nature":"","meskaracsony":"0","create_date":"2026-08-31 09:44:23","shelve_id":"0","image":"moonpages_product_806081_260831094031_131548.png","image_width":"480","image_height":"852","image_alt":"Erdei gy\u00fcm\u00f6lcs illat\u00fa r\u00e9teges sz\u00f3jagyertya \u00fcvegpoh\u00e1rban, K\u00fcl\u00f6nleges, k\u00e9zzel \u00f6nt\u00f6tt gyertya vid\u00e1m r\u00f3zsasz\u00edn, piros \u00e9s feh\u00e9r r\u00e9tegekkel. \u00c9des, zamatos erdei gy..., Meska","image_title":"Erdei gy\u00fcm\u00f6lcs illat\u00fa r\u00e9teges sz\u00f3jagyertya \u00fcvegpoh\u00e1rban, Meska","view_count":"15","favourite_count":"0","trending_score":"0","last2MonthFavouriteCount":"0","promotion":0,"giftcard_accept":"0","creditcard_accept":false,"enhanced_background":"0","domain":"meska","specific_customer_id":null,"specific_customer_name":null,"to_order_product":"1","to_order_product_time":"2","product_different":null,"product_different_description":"","vintage":"0","vintage_category_id":"0","recycled":"0","gemstone_id":"0","customizable":"0","type_category":"physical","zerowaste":"0","postage_price":"2390.00","shop_order":"0","has_category":"1","landing_pages":null,"microdata":{"number":55,"category":""},"title":"Erdei gy\u00fcm\u00f6lcs illat\u00fa r\u00e9teges sz\u00f3jagyertya \u00fcvegpoh\u00e1rban","description":"K\u00fcl\u00f6nleges, k\u00e9zzel \u00f6nt\u00f6tt gyertya vid\u00e1m r\u00f3zsasz\u00edn, piros \u00e9s feh\u00e9r r\u00e9tegekkel. \u00c9des, zamatos erdei gy\u00fcm\u00f6lcs illata kellemes, meghitt hangulatot var\u00e1zsol az otthonodba.\n\nMutat\u00f3s \u00fcvegpoh\u00e1rban k\u00e9sz\u00fcl, ez\u00e9rt haszn\u00e1laton k\u00edv\u00fcl is sz\u00e9p dekor\u00e1ci\u00f3. T\u00f6k\u00e9letes aj\u00e1nd\u00e9k sz\u00fclet\u00e9snapra, n\u00e9vnapra vagy egy kis kedvess\u00e9gk\u00e9nt.\n\nA term\u00e9k k\u00e9zzel k\u00e9sz\u00fcl, ez\u00e9rt a r\u00e9tegek sz\u00edne \u00e9s vastags\u00e1ga kis m\u00e9rt\u00e9kben elt\u00e9rhet a k\u00e9pen l\u00e1that\u00f3t\u00f3l.\n\n\u00c9g\u0151 gyerty\u00e1t soha ne hagyj fel\u00fcgyelet n\u00e9lk\u00fcl, \u00e9s tartsd gyermekekt\u0151l, valamint h\u00e1zi\u00e1llatokt\u00f3l t\u00e1vol.\nA fizet\u00e9si hat\u00e1rid\u0151 a megrendel\u00e9st\u0151l sz\u00e1m\u00edtott 24 \u00f3ra. Fizet\u00e9s vagy visszajelz\u00e9s hi\u00e1ny\u00e1ban a rendel\u00e9st t\u00f6rl\u00f6m.","score":0,"formatted_price":"4 590 Ft","image_url":"https:\/\/www.meska.hu\/img\/product\/small\/m\/o\/moonpages_product_806081_260831094031_131548.png","formatted_url":"https:\/\/www.meska.hu\/p5863237-erdei-gyumolcs-illatu-reteges-szojagyertya-uvegpoharban","favourite":false,"in_stock":false,"avatar":"806081_avatar_1784414301.png","delete_from":0,"is_enhanced_background":false,"is_enhanced":false,"product_selection_started":false,"is_active":true,"image_webp_url":"https:\/\/www.meska.hu\/img\/product\/small\/m\/o\/moonpages_product_806081_260831094031_131548.webp"},{"id":"6331305","shop_id":"42624","user_id":"606503","shop_name":"Leacandledesign","shop_zip":"2700","product_code":"5850800","product_name_old":null,"product_name":"Pumpkin Spice Latte illatviasz","category_string":"Otthon & \u00c9letm\u00f3d, Gyertya, illat, aroma, Illatviasz","technic_string":"Gyertya-, m\u00e9csesk\u00e9sz\u00edt\u00e9s","category_1":"813","category_2":"415","category_3":"1391","category_4":"0","merged_category_1":null,"merged_category_2":null,"merged_category_3":null,"technic_1":"484","technic_2":"0","technic_3":"0","color_1":"514","color_2":"519","color_3":"568","product_description_old":null,"product_description":"Az els\u0151 h\u0171v\u00f6s \u0151szi reggel, amikor a kezedet egy forr\u00f3 Pumpkin Spiced Latte b\u00f6gr\u00e9je melengeti. A frissen f\u0151z\u00f6tt k\u00e1v\u00e9 gazdag arom\u00e1ja tal\u00e1lkozik a fah\u00e9j, a szerecsendi\u00f3 \u00e9s a gy\u00f6mb\u00e9r f\u0171szeres melegs\u00e9g\u00e9vel, majd az \u00e9des van\u00edlia \u00e9s a l\u00e1gy cukor teszi igaz\u00e1n kr\u00e9mess\u00e9 ezt az ellen\u00e1llhatatlan illat\u00e9lm\u00e9nyt.\n\nA Pumpkin Spiced Latte illatviasz igazi \u0151szi kedvenc, amely egy pillanat alatt meghitt k\u00e1v\u00e9z\u00f3i hangulatot var\u00e1zsol az otthonodba.\n\nIllatjegyek!\n\nFejjegy: fah\u00e9j, szerecsendi\u00f3, gy\u00f6mb\u00e9r, frissen f\u0151z\u00f6tt k\u00e1v\u00e9\nSz\u00edvjegy: s\u00fct\u0151t\u00f6k\u00f6s f\u0171szerkever\u00e9k, melenget\u0151 \u0151szi f\u0171szerek\nAlapjegy: cukor, van\u00edlia\n\nTerm\u00e9k jellemz\u0151i!\nKiszerel\u00e9s: 100 g\nForma: k\u00e1v\u00e9szem \u00e9s mosolyg\u00f3s t\u00f6k forma\nHaszn\u00e1lat: aromal\u00e1mp\u00e1ban vagy elektromos viaszolvaszt\u00f3ban.\nIllatvil\u00e1g: s\u00fct\u0151t\u00f6k\u00f6s, f\u0171szeres Caffe Latte illat\nAlapanyag: sz\u00f3javiasz, illatolaj, gyertyasz\u00ednez\u0151, csill\u00e1m\nK\u00e9zzel k\u00e9sz\u00edtett illatviasz, szeretettel csomagolva!","price":"3890.00","unit":"db","recommended":"0","status":"1","sponsored":"0","exp_notify":"0","own_material":"0","own_material_description_old":null,"own_material_description":"","jury":"0","jury_number":"","product_nature":"","meskaracsony":"0","create_date":"2026-08-31 09:29:47","shelve_id":"0","image":"leacandledesign_product_606503_260828142818_267971.png","image_width":"480","image_height":"480","image_alt":"Pumpkin Spice Latte illatviasz, Az els\u0151 h\u0171v\u00f6s \u0151szi reggel, amikor a kezedet egy forr\u00f3 Pumpkin Spiced Latte b\u00f6gr\u00e9je melengeti. A fris..., Meska","image_title":"Pumpkin Spice Latte illatviasz, Meska","view_count":"94","favourite_count":"0","trending_score":"0","last2MonthFavouriteCount":"0","promotion":"0","giftcard_accept":"0","creditcard_accept":true,"enhanced_background":"0","domain":"meska","specific_customer_id":null,"specific_customer_name":null,"to_order_product":"0","to_order_product_time":"0","product_different":null,"product_different_description":"","vintage":"0","vintage_category_id":"0","recycled":"0","gemstone_id":"0","customizable":"0","type_category":"physical","zerowaste":"0","postage_price":"2390.00","shop_order":"0","has_category":"1","landing_pages":null,"microdata":{"number":56,"category":""},"title":"Pumpkin Spice Latte illatviasz","description":"Az els\u0151 h\u0171v\u00f6s \u0151szi reggel, amikor a kezedet egy forr\u00f3 Pumpkin Spiced Latte b\u00f6gr\u00e9je melengeti. A frissen f\u0151z\u00f6tt k\u00e1v\u00e9 gazdag arom\u00e1ja tal\u00e1lkozik a fah\u00e9j, a szerecsendi\u00f3 \u00e9s a gy\u00f6mb\u00e9r f\u0171szeres melegs\u00e9g\u00e9vel, majd az \u00e9des van\u00edlia \u00e9s a l\u00e1gy cukor teszi igaz\u00e1n kr\u00e9mess\u00e9 ezt az ellen\u00e1llhatatlan illat\u00e9lm\u00e9nyt.\n\nA Pumpkin Spiced Latte illatviasz igazi \u0151szi kedvenc, amely egy pillanat alatt meghitt k\u00e1v\u00e9z\u00f3i hangulatot var\u00e1zsol az otthonodba.\n\nIllatjegyek!\n\nFejjegy: fah\u00e9j, szerecsendi\u00f3, gy\u00f6mb\u00e9r, frissen f\u0151z\u00f6tt k\u00e1v\u00e9\nSz\u00edvjegy: s\u00fct\u0151t\u00f6k\u00f6s f\u0171szerkever\u00e9k, melenget\u0151 \u0151szi f\u0171szerek\nAlapjegy: cukor, van\u00edlia\n\nTerm\u00e9k jellemz\u0151i!\nKiszerel\u00e9s: 100 g\nForma: k\u00e1v\u00e9szem \u00e9s mosolyg\u00f3s t\u00f6k forma\nHaszn\u00e1lat: aromal\u00e1mp\u00e1ban vagy elektromos viaszolvaszt\u00f3ban.\nIllatvil\u00e1g: s\u00fct\u0151t\u00f6k\u00f6s, f\u0171szeres Caffe Latte illat\nAlapanyag: sz\u00f3javiasz, illatolaj, gyertyasz\u00ednez\u0151, csill\u00e1m\nK\u00e9zzel k\u00e9sz\u00edtett illatviasz, szeretettel csomagolva!","score":0,"formatted_price":"3 890 Ft","image_url":"https:\/\/www.meska.hu\/img\/product\/small\/l\/e\/leacandledesign_product_606503_260828142818_267971.png","formatted_url":"https:\/\/www.meska.hu\/p5850800-pumpkin-spice-latte-illatviasz","favourite":false,"in_stock":true,"avatar":"606503_avatar_1703623293.jpeg","delete_from":0,"is_enhanced_background":false,"is_enhanced":false,"product_selection_started":false,"is_active":true,"image_webp_url":"https:\/\/www.meska.hu\/img\/product\/small\/l\/e\/leacandledesign_product_606503_260828142818_267971.webp"},{"id":"6330898","shop_id":"42624","user_id":"606503","shop_name":"Leacandledesign","shop_zip":"2700","product_code":"5850625","product_name_old":null,"product_name":"Pumpkin Pie illatviasz, igazi \u0151szi t\u00f6k\u00f6s pite illat","category_string":"Otthon & \u00c9letm\u00f3d, Gyertya, illat, aroma, Illatviasz","technic_string":"Gyertya-, m\u00e9csesk\u00e9sz\u00edt\u00e9s","category_1":"813","category_2":"415","category_3":"1391","category_4":"0","merged_category_1":null,"merged_category_2":null,"merged_category_3":null,"technic_1":"484","technic_2":"0","technic_3":"0","color_1":"514","color_2":"519","color_3":"568","product_description_old":null,"product_description":"A frissen s\u00fclt s\u00fct\u0151t\u00f6k\u00f6s pite ut\u00e1nozhatatlan illata egyetlen dobozban!\nA Pumpkin Pie illatviasz a meghitt \u0151szi d\u00e9lut\u00e1nokat id\u00e9zi, amikor a s\u00fct\u0151b\u0151l \u00e9ppen elk\u00e9sz\u00fclt a f\u0171szeres, kr\u00e9mes pite, \u00e9s a konyh\u00e1t \u00e9des van\u00edlia, vajkr\u00e9m \u00e9s meleg f\u0171szerek illata lengi be.\n\nIllatjegyek!\n\nFejjegyek: narancsh\u00e9j, s\u00fct\u0151t\u00f6k, vajkr\u00e9m\nSz\u00edvjegyek: szerecsendi\u00f3, cassia, szegf\u0171szeg\nAlapjegyek: van\u00edliar\u00fad, guaiacfa\n\nTerm\u00e9k jellemz\u0151i!\nKiszerel\u00e9s: 100 g\nForma: Feh\u00e9r, narancss\u00e1rga \u00e9s barna t\u00f6k form\u00e1k\nHaszn\u00e1lat: aromal\u00e1mp\u00e1ban vagy elektromos viaszolvaszt\u00f3ban.\nIllatvil\u00e1g: s\u00fct\u0151t\u00f6k\u00f6s meleg s\u00fctem\u00e9ny illat\nAlapanyag: sz\u00f3javiasz, illatolaj, gyertyasz\u00ednez\u0151, mica por, csill\u00e1m\nK\u00e9zzel k\u00e9sz\u00edtett illatviasz, szeretettel csomagolva!","price":"3890.00","unit":"db","recommended":"0","status":"1","sponsored":"0","exp_notify":"0","own_material":"0","own_material_description_old":null,"own_material_description":"","jury":"0","jury_number":"","product_nature":"","meskaracsony":"0","create_date":"2026-08-31 09:29:47","shelve_id":"0","image":"leacandledesign_product_606503_260828141937_446713.png","image_width":"480","image_height":"480","image_alt":"Pumpkin Pie illatviasz, igazi \u0151szi t\u00f6k\u00f6s pite illat, A frissen s\u00fclt s\u00fct\u0151t\u00f6k\u00f6s pite ut\u00e1nozhatatlan illata egyetlen dobozban!\\nA Pumpkin Pie illatviasz a me..., Meska","image_title":"Pumpkin Pie illatviasz, igazi \u0151szi t\u00f6k\u00f6s pite illat, Meska","view_count":"91","favourite_count":"0","trending_score":"0","last2MonthFavouriteCount":"0","promotion":"0","giftcard_accept":"0","creditcard_accept":true,"enhanced_background":"0","domain":"meska","specific_customer_id":null,"specific_customer_name":null,"to_order_product":"0","to_order_product_time":"0","product_different":null,"product_different_description":"","vintage":"0","vintage_category_id":"0","recycled":"0","gemstone_id":"0","customizable":"0","type_category":"physical","zerowaste":"0","postage_price":"2390.00","shop_order":"0","has_category":"1","landing_pages":null,"microdata":{"number":57,"category":""},"title":"Pumpkin Pie illatviasz, igazi \u0151szi t\u00f6k\u00f6s pite illat","description":"A frissen s\u00fclt s\u00fct\u0151t\u00f6k\u00f6s pite ut\u00e1nozhatatlan illata egyetlen dobozban!\nA Pumpkin Pie illatviasz a meghitt \u0151szi d\u00e9lut\u00e1nokat id\u00e9zi, amikor a s\u00fct\u0151b\u0151l \u00e9ppen elk\u00e9sz\u00fclt a f\u0171szeres, kr\u00e9mes pite, \u00e9s a konyh\u00e1t \u00e9des van\u00edlia, vajkr\u00e9m \u00e9s meleg f\u0171szerek illata lengi be.\n\nIllatjegyek!\n\nFejjegyek: narancsh\u00e9j, s\u00fct\u0151t\u00f6k, vajkr\u00e9m\nSz\u00edvjegyek: szerecsendi\u00f3, cassia, szegf\u0171szeg\nAlapjegyek: van\u00edliar\u00fad, guaiacfa\n\nTerm\u00e9k jellemz\u0151i!\nKiszerel\u00e9s: 100 g\nForma: Feh\u00e9r, narancss\u00e1rga \u00e9s barna t\u00f6k form\u00e1k\nHaszn\u00e1lat: aromal\u00e1mp\u00e1ban vagy elektromos viaszolvaszt\u00f3ban.\nIllatvil\u00e1g: s\u00fct\u0151t\u00f6k\u00f6s meleg s\u00fctem\u00e9ny illat\nAlapanyag: sz\u00f3javiasz, illatolaj, gyertyasz\u00ednez\u0151, mica por, csill\u00e1m\nK\u00e9zzel k\u00e9sz\u00edtett illatviasz, szeretettel csomagolva!","score":0,"formatted_price":"3 890 Ft","image_url":"https:\/\/www.meska.hu\/img\/product\/small\/l\/e\/leacandledesign_product_606503_260828141937_446713.png","formatted_url":"https:\/\/www.meska.hu\/p5850625-pumpkin-pie-illatviasz-igazi-oszi-tokos-pite-illat","favourite":false,"in_stock":true,"avatar":"606503_avatar_1703623293.jpeg","delete_from":0,"is_enhanced_background":false,"is_enhanced":false,"product_selection_started":false,"is_active":true,"image_webp_url":"https:\/\/www.meska.hu\/img\/product\/small\/l\/e\/leacandledesign_product_606503_260828141937_446713.webp"},{"id":"5026890","shop_id":"41647","user_id":"587887","shop_name":"CottageEvergreen","shop_zip":"1025","product_code":"5100729","product_name_old":null,"product_name":"Sz\u00f3javiasz Gyertya V\u00e1laszthat\u00f3 Illattal, Aj\u00e1nd\u00e9k n\u0151knek, Illatgyertya, Kar\u00e1csonyi, Sz\u00fclinapi Aj\u00e1nd\u00e9k","category_string":"Otthon & \u00c9letm\u00f3d, Gyertya, illat, aroma, Gyertya","technic_string":"Gyertya-, m\u00e9csesk\u00e9sz\u00edt\u00e9s","category_1":"813","category_2":"415","category_3":"1388","category_4":"0","merged_category_1":null,"merged_category_2":null,"merged_category_3":null,"technic_1":"484","technic_2":"0","technic_3":"0","color_1":"514","color_2":"0","color_3":"0","product_description_old":null,"product_description":"100% sz\u00f3javiaszb\u00f3l k\u00e9sz\u00fclt illatgyertya v\u00e1laszthat\u00f3 illattal\n\nKiszerel\u00e9s\n\u2022 120ml\nvagy\n\u2022 180ml\n\nV\u00e1laszthat\u00f3 illatok\n\u2022\tA k\u00f6nyvt\u00e1r illata (Fej: fr\u00e9zia, reszelt gy\u00f6mb\u00e9r, Sz\u00edv: t\u00f6mj\u00e9n, van\u00edli\u00e1s cukor, fah\u00e9j, m\u00e9z, Alap: feh\u00e9r pacsuli, vil\u00e1gos borosty\u00e1n, kasm\u00edr erd\u0151, doh\u00e1nylev\u00e9l)\n\u2022\tCashmere Woods (Fej: Bergamott, mandarin, anan\u00e1sz. V\u00f6r\u00f6s bogy\u00f3, fr\u00e9zia, Sz\u00edv: Levendula, v\u00edzvir\u00e1gok, j\u00e1zmin, tear\u00f3zsa, ozmanthus, csillag\u00e1nizs., Alap: Tonka, Borosty\u00e1n, Van\u00edlia)\n\u2022\tT\u00f6k\u00f6s pite (Fej: barna cukor, citromh\u00e9j, pezsg\u0151 gy\u00f6mb\u00e9r, Sz\u00edv: fah\u00e9j, szegf\u0171szeg, cukort\u00f6k, Alap: vajkr\u00e9m, juharkr\u00e9m, s\u00e1fr\u00e1ny, kr\u00e9mes van\u00edlia)\n\u2022\tKar\u00e1csonyi (\u00c9des narancs, Fah\u00e9j, Szegf\u0171szeg)\n\u2022\tTitkos Kert (Levendula, J\u00e1zmin, \u00c9des Narancs)\n\u2022\tNyugtat\u00f3 (Levendula)\n\u2022\tA kandall\u00f3 melege (Fej: bergamott, narancsvir\u00e1g Sz\u00edv:ylang ylang, \u00e9des tonka bab, ciprus, szegf\u0171szeg Alap: meleg fasz\u00e9n, k\u0151, vetiver, pacsuli, feh\u00e9r borosty\u00e1n)\n\u2022\tT\u00e9li \u00c1fonya (fejjegy: \u00e1fonya, narancs, k\u00f6z\u00e9ps\u0151 jegy: zs\u00e1lya, m\u00e1lna, alapjegy: c\u00e9drus, k\u00f3kuszpehely)\n\u2022\tM\u00e9zeskal\u00e1cs (Illatjegyek: Top: : P\u00f6rk\u00f6lt pek\u00e1ndi\u00f3, rum, gy\u00f6mb\u00e9r, K\u00f6z\u00e9pen: M\u00e9zeskal\u00e1cs, fah\u00e9jrudak, szerecsendi\u00f3, szegf\u0171szeg., B\u00e1zis: Fah\u00e9j, juharcukor, van\u00edli\u00e1s cukorm\u00e1z, barna cukor, m\u00e9z, fah\u00e9j, juharcukor)\n\u2022 S\u00fclt Alma (Fejjegyek: s\u00fclt alma, sz\u00edv: fah\u00e9j, tejes jegyek, alap: van\u00edlia, feh\u00e9r p\u00e9zsma)\n\u2022 T\u00e9li Szilva (Fejjegyek: szilva, davana, sz\u00edv: r\u00f3zsa jegyek, fah\u00e9j, \u00e1nizs, szegf\u0171szeg\nalap: gourmet)\n\u2022 Feny\u0151toboz \u00c9s M\u00e9z (fejjegyek: feny\u0151, jegenyefeny\u0151, erd\u0151talaj, k\u00f6z\u00e9ps\u0151 jegyek: levendula, eukaliptusz, sz\u00e1raz jegyek: c\u00e9drusfa, t\u00f6lgymoha, sz\u00e9na)\n\nFONTOS\n\u2022 A k\u00fcl\u00f6nb\u00f6z\u0151 monitor be\u00e1ll\u00edt\u00e1soknak k\u00f6sz\u00f6nhet\u0151en a sz\u00edn elt\u00e9rhet a k\u00e9perny\u0151n l\u00e1tott\u00f3l.\n\u2022 Tartsd t\u00e1vol gyerekekt\u0151l \u00e9s h\u00e1zi\u00e1llatokt\u00f3l\n\nPOST\u00c1Z\u00c1S\n5 munkanap\n\nEgyedi rendel\u00e9st sz\u00edvesen fogadok, k\u00e9rlek keress fel!\n\nEz nem az amit keresel? K\u00e9rlek n\u00e9zz tov\u00e1bb a boltomban!\n\nK\u00f6sz\u00f6n\u00f6m \u00e9rdekl\u0151d\u00e9sedet!","price":"3900.00","unit":"db","recommended":"0","status":"1","sponsored":"0","exp_notify":"0","own_material":"0","own_material_description_old":null,"own_material_description":"","jury":"0","jury_number":"","product_nature":"","meskaracsony":"0","create_date":"2026-08-31 09:06:14","shelve_id":"72918","image":"cottageevergreen_product_587887_230625153406_803967.jpeg","image_width":"480","image_height":"320","image_alt":"Sz\u00f3javiasz Gyertya V\u00e1laszthat\u00f3 Illattal, Aj\u00e1nd\u00e9k n\u0151knek, Illatgyertya, Kar\u00e1csonyi, Sz\u00fclinapi Aj\u00e1nd\u00e9k, 100% sz\u00f3javiaszb\u00f3l k\u00e9sz\u00fclt illatgyertya v\u00e1laszthat\u00f3 illattal\\n\\nKiszerel\u00e9s\\n\u2022 120ml\\nvagy\\n\u2022 180ml\\n\\nV\u00e1las..., Meska","image_title":"Sz\u00f3javiasz Gyertya V\u00e1laszthat\u00f3 Illattal, Aj\u00e1nd\u00e9k n\u0151knek, Illatgyertya, Kar\u00e1csonyi, Sz\u00fclinapi Aj\u00e1nd\u00e9k, Meska","view_count":"2005","favourite_count":"0","trending_score":"0","last2MonthFavouriteCount":"0","promotion":"0","giftcard_accept":"0","creditcard_accept":true,"enhanced_background":"0","domain":"meska","specific_customer_id":null,"specific_customer_name":null,"to_order_product":"1","to_order_product_time":"3","product_different":null,"product_different_description":"","vintage":"0","vintage_category_id":"0","recycled":"0","gemstone_id":"0","customizable":"0","type_category":"physical","zerowaste":"0","postage_price":"1290.00","shop_order":"7","has_category":"1","landing_pages":null,"microdata":{"number":58,"category":""},"title":"Sz\u00f3javiasz Gyertya V\u00e1laszthat\u00f3 Illattal, Aj\u00e1nd\u00e9k n\u0151knek, Illatgyertya, Kar\u00e1csonyi, Sz\u00fclinapi Aj\u00e1nd\u00e9k","description":"100% sz\u00f3javiaszb\u00f3l k\u00e9sz\u00fclt illatgyertya v\u00e1laszthat\u00f3 illattal\n\nKiszerel\u00e9s\n\u2022 120ml\nvagy\n\u2022 180ml\n\nV\u00e1laszthat\u00f3 illatok\n\u2022\tA k\u00f6nyvt\u00e1r illata (Fej: fr\u00e9zia, reszelt gy\u00f6mb\u00e9r, Sz\u00edv: t\u00f6mj\u00e9n, van\u00edli\u00e1s cukor, fah\u00e9j, m\u00e9z, Alap: feh\u00e9r pacsuli, vil\u00e1gos borosty\u00e1n, kasm\u00edr erd\u0151, doh\u00e1nylev\u00e9l)\n\u2022\tCashmere Woods (Fej: Bergamott, mandarin, anan\u00e1sz. V\u00f6r\u00f6s bogy\u00f3, fr\u00e9zia, Sz\u00edv: Levendula, v\u00edzvir\u00e1gok, j\u00e1zmin, tear\u00f3zsa, ozmanthus, csillag\u00e1nizs., Alap: Tonka, Borosty\u00e1n, Van\u00edlia)\n\u2022\tT\u00f6k\u00f6s pite (Fej: barna cukor, citromh\u00e9j, pezsg\u0151 gy\u00f6mb\u00e9r, Sz\u00edv: fah\u00e9j, szegf\u0171szeg, cukort\u00f6k, Alap: vajkr\u00e9m, juharkr\u00e9m, s\u00e1fr\u00e1ny, kr\u00e9mes van\u00edlia)\n\u2022\tKar\u00e1csonyi (\u00c9des narancs, Fah\u00e9j, Szegf\u0171szeg)\n\u2022\tTitkos Kert (Levendula, J\u00e1zmin, \u00c9des Narancs)\n\u2022\tNyugtat\u00f3 (Levendula)\n\u2022\tA kandall\u00f3 melege (Fej: bergamott, narancsvir\u00e1g Sz\u00edv:ylang ylang, \u00e9des tonka bab, ciprus, szegf\u0171szeg Alap: meleg fasz\u00e9n, k\u0151, vetiver, pacsuli, feh\u00e9r borosty\u00e1n)\n\u2022\tT\u00e9li \u00c1fonya (fejjegy: \u00e1fonya, narancs, k\u00f6z\u00e9ps\u0151 jegy: zs\u00e1lya, m\u00e1lna, alapjegy: c\u00e9drus, k\u00f3kuszpehely)\n\u2022\tM\u00e9zeskal\u00e1cs (Illatjegyek: Top: : P\u00f6rk\u00f6lt pek\u00e1ndi\u00f3, rum, gy\u00f6mb\u00e9r, K\u00f6z\u00e9pen: M\u00e9zeskal\u00e1cs, fah\u00e9jrudak, szerecsendi\u00f3, szegf\u0171szeg., B\u00e1zis: Fah\u00e9j, juharcukor, van\u00edli\u00e1s cukorm\u00e1z, barna cukor, m\u00e9z, fah\u00e9j, juharcukor)\n\u2022 S\u00fclt Alma (Fejjegyek: s\u00fclt alma, sz\u00edv: fah\u00e9j, tejes jegyek, alap: van\u00edlia, feh\u00e9r p\u00e9zsma)\n\u2022 T\u00e9li Szilva (Fejjegyek: szilva, davana, sz\u00edv: r\u00f3zsa jegyek, fah\u00e9j, \u00e1nizs, szegf\u0171szeg\nalap: gourmet)\n\u2022 Feny\u0151toboz \u00c9s M\u00e9z (fejjegyek: feny\u0151, jegenyefeny\u0151, erd\u0151talaj, k\u00f6z\u00e9ps\u0151 jegyek: levendula, eukaliptusz, sz\u00e1raz jegyek: c\u00e9drusfa, t\u00f6lgymoha, sz\u00e9na)\n\nFONTOS\n\u2022 A k\u00fcl\u00f6nb\u00f6z\u0151 monitor be\u00e1ll\u00edt\u00e1soknak k\u00f6sz\u00f6nhet\u0151en a sz\u00edn elt\u00e9rhet a k\u00e9perny\u0151n l\u00e1tott\u00f3l.\n\u2022 Tartsd t\u00e1vol gyerekekt\u0151l \u00e9s h\u00e1zi\u00e1llatokt\u00f3l\n\nPOST\u00c1Z\u00c1S\n5 munkanap\n\nEgyedi rendel\u00e9st sz\u00edvesen fogadok, k\u00e9rlek keress fel!\n\nEz nem az amit keresel? K\u00e9rlek n\u00e9zz tov\u00e1bb a boltomban!\n\nK\u00f6sz\u00f6n\u00f6m \u00e9rdekl\u0151d\u00e9sedet!","score":0,"formatted_price":"3 900 Ft","image_url":"https:\/\/www.meska.hu\/img\/product\/small\/c\/o\/cottageevergreen_product_587887_230625153406_803967.jpeg","formatted_url":"https:\/\/www.meska.hu\/p5100729-szojaviasz-gyertya-valaszthato-illattal-ajandek-noknek-illatgyertya-karacsonyi-szulinapi-ajandek","favourite":false,"in_stock":false,"avatar":"587887_avatar_1687695505.jpeg","delete_from":0,"is_enhanced_background":false,"is_enhanced":false,"product_selection_started":false,"is_active":true,"image_webp_url":"https:\/\/www.meska.hu\/img\/product\/small\/c\/o\/cottageevergreen_product_587887_230625153406_803967.webp"},{"id":"5633602","shop_id":"47467","user_id":"469522","shop_name":"BettyDekorArt","shop_zip":"1077","product_code":"5459744","product_name_old":null,"product_name":"Sz\u00f3javiasz team\u00e9cses 10 db (illatmentes)","category_string":"Otthon & \u00c9letm\u00f3d, Gyertya, illat, aroma, M\u00e9cses \u00e9s m\u00e9csestart\u00f3","technic_string":"Gyertya-, m\u00e9csesk\u00e9sz\u00edt\u00e9s","category_1":"813","category_2":"415","category_3":"993","category_4":"0","merged_category_1":null,"merged_category_2":null,"merged_category_3":null,"technic_1":"484","technic_2":"0","technic_3":"0","color_1":"519","color_2":"0","color_3":"0","product_description_old":null,"product_description":"10 db hossz\u00fa \u00e9g\u00e9si idej\u0171 illatmentes sz\u00f3javiasz team\u00e9cses\n\nFONTOS: M\u00e9cseseim hosszabb \u00e9g\u00e9si id\u0151vel rendelkeznek, mint a standard m\u00e9csesek, nagyobb \u0171rm\u00e9rt\u00e9k\u00fck miatt. \nA standard m\u00e9ret\u0171 m\u00e9csesek kapacit\u00e1sa: 15-17 ml\nEzen m\u00e9csesek kapacit\u00e1sa: 20-22 ml\n- k\u00e9zzel \u00f6nt\u00f6tt, 100%-ban term\u00e9szetes sz\u00f3javiaszb\u00f3l k\u00e9sz\u00fclt, k\u00e1ros anyagok \u00e9s adal\u00e9kanyagok n\u00e9lk\u00fcl\n- csomagol\u00e1smentes \u00e9s biol\u00f3giailag leboml\u00f3, \u00edgy kiv\u00e1l\u00f3 zerowaste alternat\u00edva\n- \u00e9g\u00e9si ideje k\u00f6r\u00fclbel\u00fcl 4 \u00f3ra\n- veg\u00e1n\n- \u00e1llatk\u00eds\u00e9rletekt\u0151l mentes\n\nA paraffingyerty\u00e1kkal ellent\u00e9tben a sz\u00f3javiasz team\u00e9csesek term\u00e9szetes \u00e9s biol\u00f3giailag leboml\u00f3 anyagb\u00f3l k\u00e9sz\u00fclnek, \u00edgy k\u00f6rnyezetbar\u00e1t \u00e9g\u00e9st biztos\u00edt. A sz\u00f3javiasz lassabban \u00e9s egyenletesebben \u00e9g, ami hosszabb \u00e9lettartamot biztos\u00edt a gyerty\u00e1nak.\n\nMinden egyes m\u00e9cses k\u00e9zzel lett \u00f6ntve, ebb\u0151l kifoly\u00f3lag minim\u00e1lis hib\u00e1k, kifeh\u00e9red\u00e9s el\u0151fordulhat, de ezek semmilyen m\u00e9rt\u00e9kben nem befoly\u00e1solj\u00e1k a term\u00e9k min\u0151s\u00e9g\u00e9t.","price":"3100.00","unit":"db","recommended":"0","status":"1","sponsored":"0","exp_notify":"0","own_material":"0","own_material_description_old":null,"own_material_description":"","jury":"0","jury_number":"","product_nature":"","meskaracsony":"0","create_date":"2026-08-31 07:11:27","shelve_id":"0","image":"bettydekorart_product_469522_241216155318_769313.jpeg","image_width":"480","image_height":"640","image_alt":"Sz\u00f3javiasz team\u00e9cses 10 db (illatmentes), 10 db hossz\u00fa \u00e9g\u00e9si idej\u0171 illatmentes sz\u00f3javiasz team\u00e9cses\\n\\nFONTOS: M\u00e9cseseim hosszabb \u00e9g\u00e9si id\u0151vel r..., Meska","image_title":"Sz\u00f3javiasz team\u00e9cses 10 db (illatmentes), Meska","view_count":"641","favourite_count":"0","trending_score":"0","last2MonthFavouriteCount":"0","promotion":"0","giftcard_accept":"0","creditcard_accept":true,"enhanced_background":"0","domain":"meska","specific_customer_id":null,"specific_customer_name":null,"to_order_product":"0","to_order_product_time":"0","product_different":null,"product_different_description":"","vintage":"0","vintage_category_id":"0","recycled":"0","gemstone_id":"0","customizable":"0","type_category":"physical","zerowaste":"0","postage_price":"1290.00","shop_order":"0","has_category":"1","landing_pages":null,"microdata":{"number":59,"category":""},"title":"Sz\u00f3javiasz team\u00e9cses 10 db (illatmentes)","description":"10 db hossz\u00fa \u00e9g\u00e9si idej\u0171 illatmentes sz\u00f3javiasz team\u00e9cses\n\nFONTOS: M\u00e9cseseim hosszabb \u00e9g\u00e9si id\u0151vel rendelkeznek, mint a standard m\u00e9csesek, nagyobb \u0171rm\u00e9rt\u00e9k\u00fck miatt. \nA standard m\u00e9ret\u0171 m\u00e9csesek kapacit\u00e1sa: 15-17 ml\nEzen m\u00e9csesek kapacit\u00e1sa: 20-22 ml\n- k\u00e9zzel \u00f6nt\u00f6tt, 100%-ban term\u00e9szetes sz\u00f3javiaszb\u00f3l k\u00e9sz\u00fclt, k\u00e1ros anyagok \u00e9s adal\u00e9kanyagok n\u00e9lk\u00fcl\n- csomagol\u00e1smentes \u00e9s biol\u00f3giailag leboml\u00f3, \u00edgy kiv\u00e1l\u00f3 zerowaste alternat\u00edva\n- \u00e9g\u00e9si ideje k\u00f6r\u00fclbel\u00fcl 4 \u00f3ra\n- veg\u00e1n\n- \u00e1llatk\u00eds\u00e9rletekt\u0151l mentes\n\nA paraffingyerty\u00e1kkal ellent\u00e9tben a sz\u00f3javiasz team\u00e9csesek term\u00e9szetes \u00e9s biol\u00f3giailag leboml\u00f3 anyagb\u00f3l k\u00e9sz\u00fclnek, \u00edgy k\u00f6rnyezetbar\u00e1t \u00e9g\u00e9st biztos\u00edt. A sz\u00f3javiasz lassabban \u00e9s egyenletesebben \u00e9g, ami hosszabb \u00e9lettartamot biztos\u00edt a gyerty\u00e1nak.\n\nMinden egyes m\u00e9cses k\u00e9zzel lett \u00f6ntve, ebb\u0151l kifoly\u00f3lag minim\u00e1lis hib\u00e1k, kifeh\u00e9red\u00e9s el\u0151fordulhat, de ezek semmilyen m\u00e9rt\u00e9kben nem befoly\u00e1solj\u00e1k a term\u00e9k min\u0151s\u00e9g\u00e9t.","score":0,"formatted_price":"3 100 Ft","image_url":"https:\/\/www.meska.hu\/img\/product\/small\/b\/e\/bettydekorart_product_469522_241216155318_769313.jpeg","formatted_url":"https:\/\/www.meska.hu\/p5459744-szojaviasz-teamecses-10-db-illatmentes","favourite":false,"in_stock":true,"avatar":"469522_avatar_1734277300.jpeg","delete_from":0,"is_enhanced_background":false,"is_enhanced":false,"product_selection_started":false,"is_active":true,"image_webp_url":"https:\/\/www.meska.hu\/img\/product\/small\/b\/e\/bettydekorart_product_469522_241216155318_769313.webp"},{"id":"6349634","shop_id":"53392","user_id":"806081","shop_name":"moonpages","shop_zip":"7632","product_code":"5863201","product_name_old":null,"product_name":"Pasztell sz\u00edv \u2013 k\u00e9zm\u0171ves sz\u00f3jagyertya aj\u00e1nd\u00e9kbox","category_string":"Otthon & \u00c9letm\u00f3d, Gyertya, illat, aroma, Aromal\u00e1mpa","technic_string":"Gyertya-, m\u00e9csesk\u00e9sz\u00edt\u00e9s","category_1":"813","category_2":"415","category_3":"1390","category_4":"0","merged_category_1":null,"merged_category_2":null,"merged_category_3":null,"technic_1":"484","technic_2":"0","technic_3":"0","color_1":"515","color_2":"519","color_3":"522","product_description_old":null,"product_description":"Letisztult, romantikus aj\u00e1nd\u00e9kcsomag k\u00e9zzel \u00f6nt\u00f6tt sz\u00f3jagyerty\u00e1kkal, visszafogott kr\u00e9m \u00e9s p\u00faderr\u00f3zsasz\u00edn \u00e1rnyalatokban.\n\nA box tartalma:\n\n* 1 db sz\u00edv alak\u00fa gyertya\n* 2 db bord\u00e1zott oszlopgyertya\n* 1 db \u00fcveges illatgyertya\n* 3 db apr\u00f3 illatviasz\n* dekorat\u00edv aj\u00e1nd\u00e9kdoboz t\u00e9rkit\u00f6lt\u0151vel\n\nT\u00f6k\u00e9letes aj\u00e1nd\u00e9k sz\u00fclet\u00e9snapra, n\u00e9vnapra, \u00e9vfordul\u00f3ra, any\u00e1k napj\u00e1ra vagy egyszer\u0171en egy kis \u00e9nid\u0151h\u00f6z.\n\nA term\u00e9k k\u00e9zzel, rendel\u00e9sre k\u00e9sz\u00fcl, ez\u00e9rt kisebb sz\u00edn- \u00e9s formabeli elt\u00e9r\u00e9sek el\u0151fordulhatnak. Elk\u00e9sz\u00edt\u00e9si id\u0151: a fizet\u00e9s be\u00e9rkez\u00e9s\u00e9t\u0151l sz\u00e1m\u00edtott legfeljebb 3nap. Sz\u00e1ml\u00e1val, el\u0151re fizet\u00e9ssel rendelhet\u0151.\nA fizet\u00e9si hat\u00e1rid\u0151 a megrendel\u00e9st\u0151l sz\u00e1m\u00edtott 24 \u00f3ra. Fizet\u00e9s vagy visszajelz\u00e9s hi\u00e1ny\u00e1ban a rendel\u00e9st t\u00f6rl\u00f6m.","price":"8990.00","unit":"db","recommended":"0","status":"1","sponsored":"0","exp_notify":"0","own_material":"0","own_material_description_old":null,"own_material_description":"","jury":"0","jury_number":"","product_nature":"","meskaracsony":"0","create_date":"2026-08-31 00:58:16","shelve_id":"0","image":"moonpages_product_806081_260831005233_822664.png","image_width":"480","image_height":"480","image_alt":"Pasztell sz\u00edv \u2013 k\u00e9zm\u0171ves sz\u00f3jagyertya aj\u00e1nd\u00e9kbox, Letisztult, romantikus aj\u00e1nd\u00e9kcsomag k\u00e9zzel \u00f6nt\u00f6tt sz\u00f3jagyerty\u00e1kkal, visszafogott kr\u00e9m \u00e9s p\u00faderr\u00f3zsa..., Meska","image_title":"Pasztell sz\u00edv \u2013 k\u00e9zm\u0171ves sz\u00f3jagyertya aj\u00e1nd\u00e9kbox, Meska","view_count":"16","favourite_count":"0","trending_score":"0","last2MonthFavouriteCount":"0","promotion":0,"giftcard_accept":"0","creditcard_accept":false,"enhanced_background":"0","domain":"meska","specific_customer_id":null,"specific_customer_name":null,"to_order_product":"1","to_order_product_time":"3","product_different":null,"product_different_description":"","vintage":"0","vintage_category_id":"0","recycled":"0","gemstone_id":"0","customizable":"0","type_category":"physical","zerowaste":"0","postage_price":"2390.00","shop_order":"0","has_category":"1","landing_pages":null,"microdata":{"number":60,"category":""},"title":"Pasztell sz\u00edv \u2013 k\u00e9zm\u0171ves sz\u00f3jagyertya aj\u00e1nd\u00e9kbox","description":"Letisztult, romantikus aj\u00e1nd\u00e9kcsomag k\u00e9zzel \u00f6nt\u00f6tt sz\u00f3jagyerty\u00e1kkal, visszafogott kr\u00e9m \u00e9s p\u00faderr\u00f3zsasz\u00edn \u00e1rnyalatokban.\n\nA box tartalma:\n\n* 1 db sz\u00edv alak\u00fa gyertya\n* 2 db bord\u00e1zott oszlopgyertya\n* 1 db \u00fcveges illatgyertya\n* 3 db apr\u00f3 illatviasz\n* dekorat\u00edv aj\u00e1nd\u00e9kdoboz t\u00e9rkit\u00f6lt\u0151vel\n\nT\u00f6k\u00e9letes aj\u00e1nd\u00e9k sz\u00fclet\u00e9snapra, n\u00e9vnapra, \u00e9vfordul\u00f3ra, any\u00e1k napj\u00e1ra vagy egyszer\u0171en egy kis \u00e9nid\u0151h\u00f6z.\n\nA term\u00e9k k\u00e9zzel, rendel\u00e9sre k\u00e9sz\u00fcl, ez\u00e9rt kisebb sz\u00edn- \u00e9s formabeli elt\u00e9r\u00e9sek el\u0151fordulhatnak. Elk\u00e9sz\u00edt\u00e9si id\u0151: a fizet\u00e9s be\u00e9rkez\u00e9s\u00e9t\u0151l sz\u00e1m\u00edtott legfeljebb 3nap. Sz\u00e1ml\u00e1val, el\u0151re fizet\u00e9ssel rendelhet\u0151.\nA fizet\u00e9si hat\u00e1rid\u0151 a megrendel\u00e9st\u0151l sz\u00e1m\u00edtott 24 \u00f3ra. Fizet\u00e9s vagy visszajelz\u00e9s hi\u00e1ny\u00e1ban a rendel\u00e9st t\u00f6rl\u00f6m.","score":0,"formatted_price":"8 990 Ft","image_url":"https:\/\/www.meska.hu\/img\/product\/small\/m\/o\/moonpages_product_806081_260831005233_822664.png","formatted_url":"https:\/\/www.meska.hu\/p5863201-pasztell-sziv-kezmuves-szojagyertya-ajandekbox","favourite":false,"in_stock":false,"avatar":"806081_avatar_1784414301.png","delete_from":0,"is_enhanced_background":false,"is_enhanced":false,"product_selection_started":false,"is_active":true,"image_webp_url":"https:\/\/www.meska.hu\/img\/product\/small\/m\/o\/moonpages_product_806081_260831005233_822664.webp"},{"id":"6349588","shop_id":"52143","user_id":"79596","shop_name":"CreativeDecoration","shop_zip":"8200","product_code":"5863161","product_name_old":null,"product_name":"Tulip\u00e1n gyertya","category_string":"Otthon & \u00c9letm\u00f3d, Gyertya, illat, aroma, Gyertya","technic_string":"Gyertya-, m\u00e9csesk\u00e9sz\u00edt\u00e9s","category_1":"813","category_2":"415","category_3":"1388","category_4":"0","merged_category_1":null,"merged_category_2":null,"merged_category_3":null,"technic_1":"484","technic_2":"0","technic_3":"0","color_1":"525","color_2":"529","color_3":"0","product_description_old":null,"product_description":"\ud83c\udf37 Sz\u00f3javiasz tulip\u00e1n gyertya \ud83c\udf37\n\nK\u00fcl\u00f6nleges, k\u00e9zzel k\u00e9sz\u00fclt tulip\u00e1n form\u00e1j\u00fa gyertya kis masnival, amely t\u00f6k\u00e9letes dekor\u00e1ci\u00f3k\u00e9nt \u00e9s aj\u00e1nd\u00e9knak is.\n\n\u2022 Anyaga: term\u00e9szetes sz\u00f3javiasz\n\u2022 M\u00e9ret: kb. 10X 6 cm\n\nA sz\u00f3javiasz k\u00f6rnyezetbar\u00e1t, tiszt\u00e1bban \u00e9g, mint a hagyom\u00e1nyos paraffin gyerty\u00e1k, \u00edgy kellemes hangulatot teremt otthonodban.\n\n\ud83c\udfa8 T\u00f6bb sz\u00ednben is k\u00e9rhet\u0151, v\u00e1laszd ki a leg\u00f6rd\u00fcl\u0151 men\u00fcb\u0151l.\n\nSz\u00e9p dekor\u00e1ci\u00f3 polcra, asztalra vagy ak\u00e1r aj\u00e1nd\u00e9knak is. \ud83d\udc9d","price":"1500.00","unit":"db","recommended":"0","status":"1","sponsored":"0","exp_notify":"0","own_material":"0","own_material_description_old":null,"own_material_description":"","jury":"0","jury_number":"","product_nature":"","meskaracsony":"0","create_date":"2026-08-30 23:56:48","shelve_id":"0","image":"creativedecoration_product_79596_260308234527_827386.jpeg","image_width":"480","image_height":"478","image_alt":"Tulip\u00e1n gyertya, \ud83c\udf37 Sz\u00f3javiasz tulip\u00e1n gyertya \ud83c\udf37\\n\\nK\u00fcl\u00f6nleges, k\u00e9zzel k\u00e9sz\u00fclt tulip\u00e1n form\u00e1j\u00fa gyertya kis masnival, ame..., Meska","image_title":"Tulip\u00e1n gyertya, Meska","view_count":"13","favourite_count":"0","trending_score":"0","last2MonthFavouriteCount":"0","promotion":"0","giftcard_accept":"0","creditcard_accept":true,"enhanced_background":"0","domain":"meska","specific_customer_id":null,"specific_customer_name":null,"to_order_product":"1","to_order_product_time":"2","product_different":null,"product_different_description":"","vintage":"0","vintage_category_id":"0","recycled":"0","gemstone_id":"0","customizable":"1","type_category":"physical","zerowaste":"0","postage_price":"1290.00","shop_order":"0","has_category":"1","landing_pages":null,"microdata":{"number":61,"category":""},"title":"Tulip\u00e1n gyertya","description":"\ud83c\udf37 Sz\u00f3javiasz tulip\u00e1n gyertya \ud83c\udf37\n\nK\u00fcl\u00f6nleges, k\u00e9zzel k\u00e9sz\u00fclt tulip\u00e1n form\u00e1j\u00fa gyertya kis masnival, amely t\u00f6k\u00e9letes dekor\u00e1ci\u00f3k\u00e9nt \u00e9s aj\u00e1nd\u00e9knak is.\n\n\u2022 Anyaga: term\u00e9szetes sz\u00f3javiasz\n\u2022 M\u00e9ret: kb. 10X 6 cm\n\nA sz\u00f3javiasz k\u00f6rnyezetbar\u00e1t, tiszt\u00e1bban \u00e9g, mint a hagyom\u00e1nyos paraffin gyerty\u00e1k, \u00edgy kellemes hangulatot teremt otthonodban.\n\n\ud83c\udfa8 T\u00f6bb sz\u00ednben is k\u00e9rhet\u0151, v\u00e1laszd ki a leg\u00f6rd\u00fcl\u0151 men\u00fcb\u0151l.\n\nSz\u00e9p dekor\u00e1ci\u00f3 polcra, asztalra vagy ak\u00e1r aj\u00e1nd\u00e9knak is. \ud83d\udc9d","score":0,"formatted_price":"1 500 Ft","image_url":"https:\/\/www.meska.hu\/img\/product\/small\/c\/r\/creativedecoration_product_79596_260308234527_827386.jpeg","formatted_url":"https:\/\/www.meska.hu\/p5863161-tulipan-gyertya","favourite":false,"in_stock":false,"avatar":"79596_avatar_1773009570.jpeg","delete_from":0,"is_enhanced_background":false,"is_enhanced":false,"product_selection_started":false,"is_active":true,"image_webp_url":"https:\/\/www.meska.hu\/img\/product\/small\/c\/r\/creativedecoration_product_79596_260308234527_827386.webp"},{"id":"6349583","shop_id":"52143","user_id":"79596","shop_name":"CreativeDecoration","shop_zip":"8200","product_code":"5863157","product_name_old":null,"product_name":"Szerelmes p\u00e1r gyertya","category_string":"Otthon & \u00c9letm\u00f3d, Gyertya, illat, aroma, Gyertya","technic_string":"Gyertya-, m\u00e9csesk\u00e9sz\u00edt\u00e9s","category_1":"813","category_2":"415","category_3":"1388","category_4":"0","merged_category_1":null,"merged_category_2":null,"merged_category_3":null,"technic_1":"484","technic_2":"0","technic_3":"0","color_1":"515","color_2":"519","color_3":"0","product_description_old":null,"product_description":"\u2764\ufe0f Sz\u00f3javiasz szerelmes p\u00e1r gyertya \u2764\ufe0f\n\nK\u00e9zzel k\u00e9sz\u00fclt, romantikus hangulat\u00fa szerelmes p\u00e1r form\u00e1j\u00fa gyertya, amely t\u00f6k\u00e9letes dekor\u00e1ci\u00f3k\u00e9nt vagy aj\u00e1nd\u00e9kk\u00e9nt is.\n\n\u2022 Anyaga: term\u00e9szetes sz\u00f3javiasz\n\u2022 Magass\u00e1ga: 11,5 cm\n\nA sz\u00f3javiasz k\u00f6rnyezetbar\u00e1t, tiszt\u00e1bban \u00e9s lassabban \u00e9g, mint a hagyom\u00e1nyos paraffin gyerty\u00e1k, \u00edgy meghitt hangulatot teremt otthonodban.\n\n\ud83c\udfa8 T\u00f6bb sz\u00ednben is el\u00e9rhet\u0151!\nA k\u00edv\u00e1nt sz\u00ednt a leg\u00f6rd\u00fcl\u0151 men\u00fcb\u0151l tudod kiv\u00e1lasztani.\nAz \u00e1r 1 db-ra vonatkozik.\n\nT\u00f6k\u00e9letes v\u00e1laszt\u00e1s aj\u00e1nd\u00e9knak, \u00e9vfordul\u00f3ra, esk\u00fcv\u0151re vagy romantikus dekor\u00e1ci\u00f3nak. \ud83d\udc95","price":"1500.00","unit":"db","recommended":"0","status":"1","sponsored":"0","exp_notify":"0","own_material":"0","own_material_description_old":null,"own_material_description":"","jury":"0","jury_number":"","product_nature":"","meskaracsony":"0","create_date":"2026-08-30 23:56:12","shelve_id":"0","image":"creativedecoration_product_79596_260309214900_613881.jpeg","image_width":"480","image_height":"639","image_alt":"Szerelmes p\u00e1r gyertya, \u2764\ufe0f Sz\u00f3javiasz szerelmes p\u00e1r gyertya \u2764\ufe0f\\n\\nK\u00e9zzel k\u00e9sz\u00fclt, romantikus hangulat\u00fa szerelmes p\u00e1r form\u00e1j\u00fa g..., Meska","image_title":"Szerelmes p\u00e1r gyertya, Meska","view_count":"11","favourite_count":"0","trending_score":"0","last2MonthFavouriteCount":"0","promotion":"0","giftcard_accept":"0","creditcard_accept":true,"enhanced_background":"0","domain":"meska","specific_customer_id":null,"specific_customer_name":null,"to_order_product":"1","to_order_product_time":"5","product_different":null,"product_different_description":"","vintage":"0","vintage_category_id":"0","recycled":"0","gemstone_id":"0","customizable":"1","type_category":"physical","zerowaste":"0","postage_price":"1290.00","shop_order":"0","has_category":"1","landing_pages":null,"microdata":{"number":62,"category":""},"title":"Szerelmes p\u00e1r gyertya","description":"\u2764\ufe0f Sz\u00f3javiasz szerelmes p\u00e1r gyertya \u2764\ufe0f\n\nK\u00e9zzel k\u00e9sz\u00fclt, romantikus hangulat\u00fa szerelmes p\u00e1r form\u00e1j\u00fa gyertya, amely t\u00f6k\u00e9letes dekor\u00e1ci\u00f3k\u00e9nt vagy aj\u00e1nd\u00e9kk\u00e9nt is.\n\n\u2022 Anyaga: term\u00e9szetes sz\u00f3javiasz\n\u2022 Magass\u00e1ga: 11,5 cm\n\nA sz\u00f3javiasz k\u00f6rnyezetbar\u00e1t, tiszt\u00e1bban \u00e9s lassabban \u00e9g, mint a hagyom\u00e1nyos paraffin gyerty\u00e1k, \u00edgy meghitt hangulatot teremt otthonodban.\n\n\ud83c\udfa8 T\u00f6bb sz\u00ednben is el\u00e9rhet\u0151!\nA k\u00edv\u00e1nt sz\u00ednt a leg\u00f6rd\u00fcl\u0151 men\u00fcb\u0151l tudod kiv\u00e1lasztani.\nAz \u00e1r 1 db-ra vonatkozik.\n\nT\u00f6k\u00e9letes v\u00e1laszt\u00e1s aj\u00e1nd\u00e9knak, \u00e9vfordul\u00f3ra, esk\u00fcv\u0151re vagy romantikus dekor\u00e1ci\u00f3nak. \ud83d\udc95","score":0,"formatted_price":"1 500 Ft","image_url":"https:\/\/www.meska.hu\/img\/product\/small\/c\/r\/creativedecoration_product_79596_260309214900_613881.jpeg","formatted_url":"https:\/\/www.meska.hu\/p5863157-szerelmes-par-gyertya","favourite":false,"in_stock":false,"avatar":"79596_avatar_1773009570.jpeg","delete_from":0,"is_enhanced_background":false,"is_enhanced":false,"product_selection_started":false,"is_active":true,"image_webp_url":"https:\/\/www.meska.hu\/img\/product\/small\/c\/r\/creativedecoration_product_79596_260309214900_613881.webp"},{"id":"6349570","shop_id":"52143","user_id":"79596","shop_name":"CreativeDecoration","shop_zip":"8200","product_code":"5863144","product_name_old":null,"product_name":"Tavaszi n\u0151 gyertya","category_string":"Otthon & \u00c9letm\u00f3d, Gyertya, illat, aroma, Gyertya","technic_string":"Gyertya-, m\u00e9csesk\u00e9sz\u00edt\u00e9s","category_1":"813","category_2":"415","category_3":"1388","category_4":"0","merged_category_1":null,"merged_category_2":null,"merged_category_3":null,"technic_1":"484","technic_2":"0","technic_3":"0","color_1":"519","color_2":"525","color_3":"0","product_description_old":null,"product_description":"\ud83c\udf38 Sz\u00f3javiasz tavaszi n\u0151 gyertya \ud83c\udf38\n\nK\u00fcl\u00f6nleges, k\u00e9zzel k\u00e9sz\u00fclt vir\u00e1gos n\u0151i alakot form\u00e1z\u00f3 gyertya, amely a tavasz hangulat\u00e1t id\u00e9zi. Sz\u00e9p dekor\u00e1ci\u00f3 lehet otthonodban, de aj\u00e1nd\u00e9knak is t\u00f6k\u00e9letes v\u00e1laszt\u00e1s.\n\n\u2022 Anyaga: term\u00e9szetes sz\u00f3javiasz\n\u2022 Magass\u00e1ga: 8,5 cm\n\nA sz\u00f3javiasz k\u00f6rnyezetbar\u00e1t, tiszt\u00e1bban \u00e9g \u00e9s kellemes hangulatot teremt a lak\u00e1sban.\n\n\ud83c\udfa8 T\u00f6bb sz\u00ednben is el\u00e9rhet\u0151!\nA k\u00edv\u00e1nt sz\u00ednt a leg\u00f6rd\u00fcl\u0151 men\u00fcb\u0151l tudod kiv\u00e1lasztani.\nAz \u00e1r 1 db-ra vonatkozik.\n\nIde\u00e1lis dekor\u00e1ci\u00f3 tavaszi hangulathoz, aj\u00e1nd\u00e9knak, n\u0151napra.","price":"1500.00","unit":"db","recommended":"0","status":"1","sponsored":"0","exp_notify":"0","own_material":"0","own_material_description_old":null,"own_material_description":"","jury":"0","jury_number":"","product_nature":"","meskaracsony":"0","create_date":"2026-08-30 23:54:19","shelve_id":"0","image":"creativedecoration_product_79596_260309215649_80855.jpeg","image_width":"480","image_height":"639","image_alt":"Tavaszi n\u0151 gyertya, \ud83c\udf38 Sz\u00f3javiasz tavaszi n\u0151 gyertya \ud83c\udf38\\n\\nK\u00fcl\u00f6nleges, k\u00e9zzel k\u00e9sz\u00fclt vir\u00e1gos n\u0151i alakot form\u00e1z\u00f3 gyertya, am..., Meska","image_title":"Tavaszi n\u0151 gyertya, Meska","view_count":"12","favourite_count":"0","trending_score":"0","last2MonthFavouriteCount":"0","promotion":"0","giftcard_accept":"0","creditcard_accept":true,"enhanced_background":"0","domain":"meska","specific_customer_id":null,"specific_customer_name":null,"to_order_product":"1","to_order_product_time":"5","product_different":null,"product_different_description":"","vintage":"0","vintage_category_id":"0","recycled":"0","gemstone_id":"0","customizable":"1","type_category":"physical","zerowaste":"0","postage_price":"1290.00","shop_order":"0","has_category":"1","landing_pages":null,"microdata":{"number":63,"category":""},"title":"Tavaszi n\u0151 gyertya","description":"\ud83c\udf38 Sz\u00f3javiasz tavaszi n\u0151 gyertya \ud83c\udf38\n\nK\u00fcl\u00f6nleges, k\u00e9zzel k\u00e9sz\u00fclt vir\u00e1gos n\u0151i alakot form\u00e1z\u00f3 gyertya, amely a tavasz hangulat\u00e1t id\u00e9zi. Sz\u00e9p dekor\u00e1ci\u00f3 lehet otthonodban, de aj\u00e1nd\u00e9knak is t\u00f6k\u00e9letes v\u00e1laszt\u00e1s.\n\n\u2022 Anyaga: term\u00e9szetes sz\u00f3javiasz\n\u2022 Magass\u00e1ga: 8,5 cm\n\nA sz\u00f3javiasz k\u00f6rnyezetbar\u00e1t, tiszt\u00e1bban \u00e9g \u00e9s kellemes hangulatot teremt a lak\u00e1sban.\n\n\ud83c\udfa8 T\u00f6bb sz\u00ednben is el\u00e9rhet\u0151!\nA k\u00edv\u00e1nt sz\u00ednt a leg\u00f6rd\u00fcl\u0151 men\u00fcb\u0151l tudod kiv\u00e1lasztani.\nAz \u00e1r 1 db-ra vonatkozik.\n\nIde\u00e1lis dekor\u00e1ci\u00f3 tavaszi hangulathoz, aj\u00e1nd\u00e9knak, n\u0151napra.","score":0,"formatted_price":"1 500 Ft","image_url":"https:\/\/www.meska.hu\/img\/product\/small\/c\/r\/creativedecoration_product_79596_260309215649_80855.jpeg","formatted_url":"https:\/\/www.meska.hu\/p5863144-tavaszi-no-gyertya","favourite":false,"in_stock":false,"avatar":"79596_avatar_1773009570.jpeg","delete_from":0,"is_enhanced_background":false,"is_enhanced":false,"product_selection_started":false,"is_active":true,"image_webp_url":"https:\/\/www.meska.hu\/img\/product\/small\/c\/r\/creativedecoration_product_79596_260309215649_80855.webp"},{"id":"6349565","shop_id":"52143","user_id":"79596","shop_name":"CreativeDecoration","shop_zip":"8200","product_code":"5863138","product_name_old":null,"product_name":"L\u00f3tusz  sz\u00f3javiasz gyertya","category_string":"Otthon & \u00c9letm\u00f3d, Gyertya, illat, aroma, Gyertya","technic_string":"Gyertya-, m\u00e9csesk\u00e9sz\u00edt\u00e9s","category_1":"813","category_2":"415","category_3":"1388","category_4":"0","merged_category_1":null,"merged_category_2":null,"merged_category_3":null,"technic_1":"484","technic_2":"0","technic_3":"0","color_1":"515","color_2":"519","color_3":"0","product_description_old":null,"product_description":"Ez a k\u00fcl\u00f6nleges, l\u00f3tuszvir\u00e1g form\u00e1j\u00fa gyertya term\u00e9szetes sz\u00f3javiaszb\u00f3l k\u00e9zzel k\u00e9sz\u00fclt. Finom, letisztult megjelen\u00e9s\u00e9vel nemcsak hangulatos f\u00e9nyt ad, hanem eleg\u00e1ns dekor\u00e1ci\u00f3ja is lehet az otthonodnak.\n\nA l\u00f3tusz a tisztas\u00e1g, a nyugalom \u00e9s az \u00fajj\u00e1sz\u00fclet\u00e9s szimb\u00f3luma, ez\u00e9rt ez a gyertya t\u00f6k\u00e9letes v\u00e1laszt\u00e1s relax\u00e1ci\u00f3hoz, medit\u00e1ci\u00f3hoz vagy meghitt esti hangulat megteremt\u00e9s\u00e9hez.\n\nA sz\u00f3javiasz k\u00f6rnyezetbar\u00e1t alapanyag, amely tiszt\u00e1bban \u00e9s egyenletesebben \u00e9g, mint a hagyom\u00e1nyos paraffinos gyerty\u00e1k.\n\nAz \u00e1r 1 darabra vonatkozik.\nMagass\u00e1ga 5 cm.\n\nDekor\u00e1ci\u00f3nak \u00e9s aj\u00e1nd\u00e9knak is t\u00f6k\u00e9letes.\n\n","price":"1200.00","unit":"db","recommended":"0","status":"1","sponsored":"0","exp_notify":"0","own_material":"0","own_material_description_old":null,"own_material_description":"","jury":"0","jury_number":"","product_nature":"","meskaracsony":"0","create_date":"2026-08-30 23:53:21","shelve_id":"0","image":"creativedecoration_product_79596_260312222039_148414.jpeg","image_width":"480","image_height":"570","image_alt":"L\u00f3tusz  sz\u00f3javiasz gyertya, Ez a k\u00fcl\u00f6nleges, l\u00f3tuszvir\u00e1g form\u00e1j\u00fa gyertya term\u00e9szetes sz\u00f3javiaszb\u00f3l k\u00e9zzel k\u00e9sz\u00fclt. Finom, letisz..., Meska","image_title":"L\u00f3tusz  sz\u00f3javiasz gyertya, Meska","view_count":"7","favourite_count":"0","trending_score":"0","last2MonthFavouriteCount":"0","promotion":"0","giftcard_accept":"0","creditcard_accept":true,"enhanced_background":"0","domain":"meska","specific_customer_id":null,"specific_customer_name":null,"to_order_product":"1","to_order_product_time":"5","product_different":null,"product_different_description":"","vintage":"0","vintage_category_id":"0","recycled":"0","gemstone_id":"0","customizable":"0","type_category":"physical","zerowaste":"0","postage_price":"1290.00","shop_order":"0","has_category":"1","landing_pages":null,"microdata":{"number":64,"category":""},"title":"L\u00f3tusz  sz\u00f3javiasz gyertya","description":"Ez a k\u00fcl\u00f6nleges, l\u00f3tuszvir\u00e1g form\u00e1j\u00fa gyertya term\u00e9szetes sz\u00f3javiaszb\u00f3l k\u00e9zzel k\u00e9sz\u00fclt. Finom, letisztult megjelen\u00e9s\u00e9vel nemcsak hangulatos f\u00e9nyt ad, hanem eleg\u00e1ns dekor\u00e1ci\u00f3ja is lehet az otthonodnak.\n\nA l\u00f3tusz a tisztas\u00e1g, a nyugalom \u00e9s az \u00fajj\u00e1sz\u00fclet\u00e9s szimb\u00f3luma, ez\u00e9rt ez a gyertya t\u00f6k\u00e9letes v\u00e1laszt\u00e1s relax\u00e1ci\u00f3hoz, medit\u00e1ci\u00f3hoz vagy meghitt esti hangulat megteremt\u00e9s\u00e9hez.\n\nA sz\u00f3javiasz k\u00f6rnyezetbar\u00e1t alapanyag, amely tiszt\u00e1bban \u00e9s egyenletesebben \u00e9g, mint a hagyom\u00e1nyos paraffinos gyerty\u00e1k.\n\nAz \u00e1r 1 darabra vonatkozik.\nMagass\u00e1ga 5 cm.\n\nDekor\u00e1ci\u00f3nak \u00e9s aj\u00e1nd\u00e9knak is t\u00f6k\u00e9letes.\n\n","score":0,"formatted_price":"1 200 Ft","image_url":"https:\/\/www.meska.hu\/img\/product\/small\/c\/r\/creativedecoration_product_79596_260312222039_148414.jpeg","formatted_url":"https:\/\/www.meska.hu\/p5863138-lotusz-szojaviasz-gyertya","favourite":false,"in_stock":false,"avatar":"79596_avatar_1773009570.jpeg","delete_from":0,"is_enhanced_background":false,"is_enhanced":false,"product_selection_started":false,"is_active":true,"image_webp_url":"https:\/\/www.meska.hu\/img\/product\/small\/c\/r\/creativedecoration_product_79596_260312222039_148414.webp"},{"id":"6349563","shop_id":"52143","user_id":"79596","shop_name":"CreativeDecoration","shop_zip":"8200","product_code":"5863137","product_name_old":null,"product_name":"Nyuszi sz\u00f3javiasz gyertya","category_string":"\u00dcnnepi d\u00edszek, dekor\u00e1ci\u00f3k, H\u00fasv\u00e9ti d\u00edszek \u00e9s dekor\u00e1ci\u00f3k, H\u00fasv\u00e9ti gyertya","technic_string":"Gyertya-, m\u00e9csesk\u00e9sz\u00edt\u00e9s","category_1":"1818","category_2":"1803","category_3":"1810","category_4":"0","merged_category_1":null,"merged_category_2":null,"merged_category_3":null,"technic_1":"484","technic_2":"0","technic_3":"0","color_1":"515","color_2":"0","color_3":"0","product_description_old":null,"product_description":"Ez a b\u00e1jos nyuszi form\u00e1j\u00fa gyertya term\u00e9szetes sz\u00f3javiaszb\u00f3l, k\u00e9zzel k\u00e9sz\u00fclt, \u00edgy minden darab egy kicsit egyedi. Kedves megjelen\u00e9s\u00e9vel t\u00f6k\u00e9letes dekor\u00e1ci\u00f3 lehet otthonodban, k\u00fcl\u00f6n\u00f6sen tavaszi id\u0151szakban, vagy h\u00fasv\u00e9ti hangulathoz.\n\nA sz\u00f3javiasz k\u00f6rnyezetbar\u00e1t alapanyag, amely tiszt\u00e1bban \u00e9s egyenletesebben \u00e9g, mint a hagyom\u00e1nyos paraffinos gyerty\u00e1k. A gyertya nemcsak hangulatos f\u00e9nyt ad, hanem dekor\u00e1ci\u00f3k\u00e9nt is sz\u00e9pen mutat polcon, asztalon vagy \u00fcnnepi ter\u00edt\u00e9k r\u00e9szek\u00e9nt.\n\nKedves aj\u00e1nd\u00e9k gyerekeknek \u00e9s feln\u0151tteknek egyar\u00e1nt.\n\nAz \u00e1r 1 darabra vonatkozik.\nMagass\u00e1ga: 12,5 cm\n\n","price":"1300.00","unit":"db","recommended":"0","status":"1","sponsored":"0","exp_notify":"0","own_material":"0","own_material_description_old":null,"own_material_description":"","jury":"0","jury_number":"","product_nature":"","meskaracsony":"0","create_date":"2026-08-30 23:52:41","shelve_id":"0","image":"creativedecoration_product_79596_260312224329_526557.jpeg","image_width":"480","image_height":"705","image_alt":"Nyuszi sz\u00f3javiasz gyertya, Ez a b\u00e1jos nyuszi form\u00e1j\u00fa gyertya term\u00e9szetes sz\u00f3javiaszb\u00f3l, k\u00e9zzel k\u00e9sz\u00fclt, \u00edgy minden darab egy ki..., Meska","image_title":"Nyuszi sz\u00f3javiasz gyertya, Meska","view_count":"8","favourite_count":"0","trending_score":"0","last2MonthFavouriteCount":"0","promotion":"0","giftcard_accept":"0","creditcard_accept":true,"enhanced_background":"0","domain":"meska","specific_customer_id":null,"specific_customer_name":null,"to_order_product":"1","to_order_product_time":"5","product_different":null,"product_different_description":"","vintage":"0","vintage_category_id":"0","recycled":"0","gemstone_id":"0","customizable":"0","type_category":"physical","zerowaste":"0","postage_price":"1290.00","shop_order":"0","has_category":"1","landing_pages":null,"microdata":{"number":65,"category":""},"title":"Nyuszi sz\u00f3javiasz gyertya","description":"Ez a b\u00e1jos nyuszi form\u00e1j\u00fa gyertya term\u00e9szetes sz\u00f3javiaszb\u00f3l, k\u00e9zzel k\u00e9sz\u00fclt, \u00edgy minden darab egy kicsit egyedi. Kedves megjelen\u00e9s\u00e9vel t\u00f6k\u00e9letes dekor\u00e1ci\u00f3 lehet otthonodban, k\u00fcl\u00f6n\u00f6sen tavaszi id\u0151szakban, vagy h\u00fasv\u00e9ti hangulathoz.\n\nA sz\u00f3javiasz k\u00f6rnyezetbar\u00e1t alapanyag, amely tiszt\u00e1bban \u00e9s egyenletesebben \u00e9g, mint a hagyom\u00e1nyos paraffinos gyerty\u00e1k. A gyertya nemcsak hangulatos f\u00e9nyt ad, hanem dekor\u00e1ci\u00f3k\u00e9nt is sz\u00e9pen mutat polcon, asztalon vagy \u00fcnnepi ter\u00edt\u00e9k r\u00e9szek\u00e9nt.\n\nKedves aj\u00e1nd\u00e9k gyerekeknek \u00e9s feln\u0151tteknek egyar\u00e1nt.\n\nAz \u00e1r 1 darabra vonatkozik.\nMagass\u00e1ga: 12,5 cm\n\n","score":0,"formatted_price":"1 300 Ft","image_url":"https:\/\/www.meska.hu\/img\/product\/small\/c\/r\/creativedecoration_product_79596_260312224329_526557.jpeg","formatted_url":"https:\/\/www.meska.hu\/p5863137-nyuszi-szojaviasz-gyertya","favourite":false,"in_stock":false,"avatar":"79596_avatar_1773009570.jpeg","delete_from":0,"is_enhanced_background":false,"is_enhanced":false,"product_selection_started":false,"is_active":true,"image_webp_url":"https:\/\/www.meska.hu\/img\/product\/small\/c\/r\/creativedecoration_product_79596_260312224329_526557.webp"},{"id":"6349558","shop_id":"52143","user_id":"79596","shop_name":"CreativeDecoration","shop_zip":"8200","product_code":"5863132","product_name_old":null,"product_name":"Vir\u00e1gos nyuszi sz\u00f3javiasz gyertya","category_string":"Otthon & \u00c9letm\u00f3d, Gyertya, illat, aroma, Gyertya","technic_string":"Gyertya-, m\u00e9csesk\u00e9sz\u00edt\u00e9s","category_1":"813","category_2":"415","category_3":"1388","category_4":"0","merged_category_1":null,"merged_category_2":null,"merged_category_3":null,"technic_1":"484","technic_2":"0","technic_3":"0","color_1":"515","color_2":"0","color_3":"0","product_description_old":null,"product_description":"\nEz a b\u00e1jos nyuszi form\u00e1j\u00fa gyertya term\u00e9szetes sz\u00f3javiaszb\u00f3l, k\u00e9zzel k\u00e9sz\u00fclt, \u00edgy minden darab egy kicsit egyedi. Kedves megjelen\u00e9s\u00e9vel t\u00f6k\u00e9letes dekor\u00e1ci\u00f3 lehet otthonodban, k\u00fcl\u00f6n\u00f6sen tavaszi id\u0151szakban, vagy h\u00fasv\u00e9ti hangulathoz.\n\nA sz\u00f3javiasz k\u00f6rnyezetbar\u00e1t alapanyag, amely tiszt\u00e1bban \u00e9s egyenletesebben \u00e9g, mint a hagyom\u00e1nyos paraffinos gyerty\u00e1k. A gyertya nemcsak hangulatos f\u00e9nyt ad, hanem dekor\u00e1ci\u00f3k\u00e9nt is sz\u00e9pen mutat polcon, asztalon vagy \u00fcnnepi ter\u00edt\u00e9k r\u00e9szek\u00e9nt.\n\nKedves aj\u00e1nd\u00e9k gyerekeknek \u00e9s feln\u0151tteknek egyar\u00e1nt.\n\nAz \u00e1r 1 darabra vonatkozik.\nMagass\u00e1ga: 8,5 cm\n\n","price":"1200.00","unit":"db","recommended":"0","status":"1","sponsored":"0","exp_notify":"0","own_material":"0","own_material_description_old":null,"own_material_description":"","jury":"0","jury_number":"","product_nature":"","meskaracsony":"0","create_date":"2026-08-30 23:51:57","shelve_id":"0","image":"creativedecoration_product_79596_260312223426_214791.jpeg","image_width":"480","image_height":"516","image_alt":"Vir\u00e1gos nyuszi sz\u00f3javiasz gyertya, \\nEz a b\u00e1jos nyuszi form\u00e1j\u00fa gyertya term\u00e9szetes sz\u00f3javiaszb\u00f3l, k\u00e9zzel k\u00e9sz\u00fclt, \u00edgy minden darab egy k..., Meska","image_title":"Vir\u00e1gos nyuszi sz\u00f3javiasz gyertya, Meska","view_count":"12","favourite_count":"0","trending_score":"0","last2MonthFavouriteCount":"0","promotion":"0","giftcard_accept":"0","creditcard_accept":true,"enhanced_background":"0","domain":"meska","specific_customer_id":null,"specific_customer_name":null,"to_order_product":"1","to_order_product_time":"5","product_different":null,"product_different_description":"","vintage":"0","vintage_category_id":"0","recycled":"0","gemstone_id":"0","customizable":"0","type_category":"physical","zerowaste":"0","postage_price":"1290.00","shop_order":"0","has_category":"1","landing_pages":null,"microdata":{"number":66,"category":""},"title":"Vir\u00e1gos nyuszi sz\u00f3javiasz gyertya","description":"\nEz a b\u00e1jos nyuszi form\u00e1j\u00fa gyertya term\u00e9szetes sz\u00f3javiaszb\u00f3l, k\u00e9zzel k\u00e9sz\u00fclt, \u00edgy minden darab egy kicsit egyedi. Kedves megjelen\u00e9s\u00e9vel t\u00f6k\u00e9letes dekor\u00e1ci\u00f3 lehet otthonodban, k\u00fcl\u00f6n\u00f6sen tavaszi id\u0151szakban, vagy h\u00fasv\u00e9ti hangulathoz.\n\nA sz\u00f3javiasz k\u00f6rnyezetbar\u00e1t alapanyag, amely tiszt\u00e1bban \u00e9s egyenletesebben \u00e9g, mint a hagyom\u00e1nyos paraffinos gyerty\u00e1k. A gyertya nemcsak hangulatos f\u00e9nyt ad, hanem dekor\u00e1ci\u00f3k\u00e9nt is sz\u00e9pen mutat polcon, asztalon vagy \u00fcnnepi ter\u00edt\u00e9k r\u00e9szek\u00e9nt.\n\nKedves aj\u00e1nd\u00e9k gyerekeknek \u00e9s feln\u0151tteknek egyar\u00e1nt.\n\nAz \u00e1r 1 darabra vonatkozik.\nMagass\u00e1ga: 8,5 cm\n\n","score":0,"formatted_price":"1 200 Ft","image_url":"https:\/\/www.meska.hu\/img\/product\/small\/c\/r\/creativedecoration_product_79596_260312223426_214791.jpeg","formatted_url":"https:\/\/www.meska.hu\/p5863132-viragos-nyuszi-szojaviasz-gyertya","favourite":false,"in_stock":false,"avatar":"79596_avatar_1773009570.jpeg","delete_from":0,"is_enhanced_background":false,"is_enhanced":false,"product_selection_started":false,"is_active":true,"image_webp_url":"https:\/\/www.meska.hu\/img\/product\/small\/c\/r\/creativedecoration_product_79596_260312223426_214791.webp"},{"id":"6349555","shop_id":"52143","user_id":"79596","shop_name":"CreativeDecoration","shop_zip":"8200","product_code":"5863129","product_name_old":null,"product_name":"Margar\u00e9ta sz\u00f3javiasz gyertya","category_string":"Otthon & \u00c9letm\u00f3d, Gyertya, illat, aroma, Gyertya","technic_string":"Gyertya-, m\u00e9csesk\u00e9sz\u00edt\u00e9s","category_1":"813","category_2":"415","category_3":"1388","category_4":"0","merged_category_1":null,"merged_category_2":null,"merged_category_3":null,"technic_1":"484","technic_2":"0","technic_3":"0","color_1":"519","color_2":"0","color_3":"0","product_description_old":null,"product_description":"Ez a b\u00e1jos, margar\u00e9ta vir\u00e1g form\u00e1j\u00fa gyertya term\u00e9szetes sz\u00f3javiaszb\u00f3l, k\u00e9zzel k\u00e9sz\u00fclt. Letisztult form\u00e1ja \u00e9s finom megjelen\u00e9se igazi tavaszi hangulatot var\u00e1zsol az otthonodba, mik\u00f6zben dekor\u00e1ci\u00f3k\u00e9nt is gy\u00f6ny\u00f6r\u0171en mutat.\n\nA margar\u00e9ta a tisztas\u00e1g, az egyszer\u0171 sz\u00e9ps\u00e9g \u00e9s a vid\u00e1ms\u00e1g jelk\u00e9pe, ez\u00e9rt ez a gyertya t\u00f6k\u00e9letes v\u00e1laszt\u00e1s, ha egy kis term\u00e9szetes hangulatot szeretn\u00e9l vinni a lak\u00e1sodba.\n\nA sz\u00f3javiasz k\u00f6rnyezetbar\u00e1t alapanyag, amely tiszt\u00e1bban \u00e9s egyenletesebben \u00e9g, mint a hagyom\u00e1nyos paraffinos gyerty\u00e1k.\n\nSz\u00e9less\u00e9ge: 5,5 cm\nAz \u00e1r 1 darabra vonatkozik.\n\nKedves aj\u00e1nd\u00e9k b\u00e1rmilyen alkalomra.","price":"800.00","unit":"db","recommended":"0","status":"1","sponsored":"0","exp_notify":"0","own_material":"0","own_material_description_old":null,"own_material_description":"","jury":"0","jury_number":"","product_nature":"","meskaracsony":"0","create_date":"2026-08-30 23:51:01","shelve_id":"0","image":"creativedecoration_product_79596_260312224715_43597.jpeg","image_width":"480","image_height":"639","image_alt":"Margar\u00e9ta sz\u00f3javiasz gyertya, Ez a b\u00e1jos, margar\u00e9ta vir\u00e1g form\u00e1j\u00fa gyertya term\u00e9szetes sz\u00f3javiaszb\u00f3l, k\u00e9zzel k\u00e9sz\u00fclt. Letisztult fo..., Meska","image_title":"Margar\u00e9ta sz\u00f3javiasz gyertya, Meska","view_count":"11","favourite_count":"0","trending_score":"0","last2MonthFavouriteCount":"0","promotion":"0","giftcard_accept":"0","creditcard_accept":true,"enhanced_background":"0","domain":"meska","specific_customer_id":null,"specific_customer_name":null,"to_order_product":"1","to_order_product_time":"5","product_different":null,"product_different_description":"","vintage":"0","vintage_category_id":"0","recycled":"0","gemstone_id":"0","customizable":"0","type_category":"physical","zerowaste":"0","postage_price":"1290.00","shop_order":"0","has_category":"1","landing_pages":null,"microdata":{"number":67,"category":""},"title":"Margar\u00e9ta sz\u00f3javiasz gyertya","description":"Ez a b\u00e1jos, margar\u00e9ta vir\u00e1g form\u00e1j\u00fa gyertya term\u00e9szetes sz\u00f3javiaszb\u00f3l, k\u00e9zzel k\u00e9sz\u00fclt. Letisztult form\u00e1ja \u00e9s finom megjelen\u00e9se igazi tavaszi hangulatot var\u00e1zsol az otthonodba, mik\u00f6zben dekor\u00e1ci\u00f3k\u00e9nt is gy\u00f6ny\u00f6r\u0171en mutat.\n\nA margar\u00e9ta a tisztas\u00e1g, az egyszer\u0171 sz\u00e9ps\u00e9g \u00e9s a vid\u00e1ms\u00e1g jelk\u00e9pe, ez\u00e9rt ez a gyertya t\u00f6k\u00e9letes v\u00e1laszt\u00e1s, ha egy kis term\u00e9szetes hangulatot szeretn\u00e9l vinni a lak\u00e1sodba.\n\nA sz\u00f3javiasz k\u00f6rnyezetbar\u00e1t alapanyag, amely tiszt\u00e1bban \u00e9s egyenletesebben \u00e9g, mint a hagyom\u00e1nyos paraffinos gyerty\u00e1k.\n\nSz\u00e9less\u00e9ge: 5,5 cm\nAz \u00e1r 1 darabra vonatkozik.\n\nKedves aj\u00e1nd\u00e9k b\u00e1rmilyen alkalomra.","score":0,"formatted_price":"800 Ft","image_url":"https:\/\/www.meska.hu\/img\/product\/small\/c\/r\/creativedecoration_product_79596_260312224715_43597.jpeg","formatted_url":"https:\/\/www.meska.hu\/p5863129-margareta-szojaviasz-gyertya","favourite":false,"in_stock":false,"avatar":"79596_avatar_1773009570.jpeg","delete_from":0,"is_enhanced_background":false,"is_enhanced":false,"product_selection_started":false,"is_active":true,"image_webp_url":"https:\/\/www.meska.hu\/img\/product\/small\/c\/r\/creativedecoration_product_79596_260312224715_43597.webp"},{"id":"6349546","shop_id":"52143","user_id":"79596","shop_name":"CreativeDecoration","shop_zip":"8200","product_code":"5863121","product_name_old":null,"product_name":"Tulip\u00e1n sz\u00f3javiasz gyertya","category_string":"Otthon & \u00c9letm\u00f3d, Gyertya, illat, aroma, Gyertya","technic_string":"Gyertya-, m\u00e9csesk\u00e9sz\u00edt\u00e9s","category_1":"813","category_2":"415","category_3":"1388","category_4":"0","merged_category_1":null,"merged_category_2":null,"merged_category_3":null,"technic_1":"484","technic_2":"0","technic_3":"0","color_1":"525","color_2":"0","color_3":"0","product_description_old":null,"product_description":"Ez a b\u00e1jos, tulip\u00e1n form\u00e1j\u00fa gyertya term\u00e9szetes sz\u00f3javiaszb\u00f3l, k\u00e9zzel k\u00e9sz\u00fclt, kis m\u00e9csesben. Letisztult form\u00e1ja \u00e9s finom megjelen\u00e9se igazi tavaszi hangulatot var\u00e1zsol az otthonodba, mik\u00f6zben dekor\u00e1ci\u00f3k\u00e9nt is gy\u00f6ny\u00f6r\u0171en mutat.\n\nA tulip\u00e1n a meg\u00fajul\u00e1s, a szeretet \u00e9s a tavasz jelk\u00e9pe, ez\u00e9rt ez a gyertya k\u00fcl\u00f6nleges hangulatot teremt a lak\u00e1sban, \u00e9s kedves aj\u00e1nd\u00e9k lehet szeretteid sz\u00e1m\u00e1ra is.\n\nA sz\u00f3javiasz k\u00f6rnyezetbar\u00e1t alapanyag, amely tiszt\u00e1bban \u00e9s egyenletesebben \u00e9g, mint a hagyom\u00e1nyos paraffinos gyerty\u00e1k.\n\nSz\u00e9less\u00e9ge: 5,5 cm\nAz \u00e1r 1 darabra vonatkozik.\n\nKedves aj\u00e1nd\u00e9k b\u00e1rmilyen alkalomra.","price":"1200.00","unit":"db","recommended":"0","status":"1","sponsored":"0","exp_notify":"0","own_material":"0","own_material_description_old":null,"own_material_description":"","jury":"0","jury_number":"","product_nature":"","meskaracsony":"0","create_date":"2026-08-30 23:49:12","shelve_id":"0","image":"creativedecoration_product_79596_260312225454_118468.jpeg","image_width":"480","image_height":"425","image_alt":"Tulip\u00e1n sz\u00f3javiasz gyertya, Ez a b\u00e1jos, tulip\u00e1n form\u00e1j\u00fa gyertya term\u00e9szetes sz\u00f3javiaszb\u00f3l, k\u00e9zzel k\u00e9sz\u00fclt, kis m\u00e9csesben. Letisz..., Meska","image_title":"Tulip\u00e1n sz\u00f3javiasz gyertya, Meska","view_count":"11","favourite_count":"0","trending_score":"0","last2MonthFavouriteCount":"0","promotion":"0","giftcard_accept":"0","creditcard_accept":true,"enhanced_background":"0","domain":"meska","specific_customer_id":null,"specific_customer_name":null,"to_order_product":"1","to_order_product_time":"5","product_different":null,"product_different_description":"","vintage":"0","vintage_category_id":"0","recycled":"0","gemstone_id":"0","customizable":"0","type_category":"physical","zerowaste":"0","postage_price":"1290.00","shop_order":"0","has_category":"1","landing_pages":null,"microdata":{"number":68,"category":""},"title":"Tulip\u00e1n sz\u00f3javiasz gyertya","description":"Ez a b\u00e1jos, tulip\u00e1n form\u00e1j\u00fa gyertya term\u00e9szetes sz\u00f3javiaszb\u00f3l, k\u00e9zzel k\u00e9sz\u00fclt, kis m\u00e9csesben. Letisztult form\u00e1ja \u00e9s finom megjelen\u00e9se igazi tavaszi hangulatot var\u00e1zsol az otthonodba, mik\u00f6zben dekor\u00e1ci\u00f3k\u00e9nt is gy\u00f6ny\u00f6r\u0171en mutat.\n\nA tulip\u00e1n a meg\u00fajul\u00e1s, a szeretet \u00e9s a tavasz jelk\u00e9pe, ez\u00e9rt ez a gyertya k\u00fcl\u00f6nleges hangulatot teremt a lak\u00e1sban, \u00e9s kedves aj\u00e1nd\u00e9k lehet szeretteid sz\u00e1m\u00e1ra is.\n\nA sz\u00f3javiasz k\u00f6rnyezetbar\u00e1t alapanyag, amely tiszt\u00e1bban \u00e9s egyenletesebben \u00e9g, mint a hagyom\u00e1nyos paraffinos gyerty\u00e1k.\n\nSz\u00e9less\u00e9ge: 5,5 cm\nAz \u00e1r 1 darabra vonatkozik.\n\nKedves aj\u00e1nd\u00e9k b\u00e1rmilyen alkalomra.","score":0,"formatted_price":"1 200 Ft","image_url":"https:\/\/www.meska.hu\/img\/product\/small\/c\/r\/creativedecoration_product_79596_260312225454_118468.jpeg","formatted_url":"https:\/\/www.meska.hu\/p5863121-tulipan-szojaviasz-gyertya","favourite":false,"in_stock":false,"avatar":"79596_avatar_1773009570.jpeg","delete_from":0,"is_enhanced_background":false,"is_enhanced":false,"product_selection_started":false,"is_active":true,"image_webp_url":"https:\/\/www.meska.hu\/img\/product\/small\/c\/r\/creativedecoration_product_79596_260312225454_118468.webp"},{"id":"6349540","shop_id":"52143","user_id":"79596","shop_name":"CreativeDecoration","shop_zip":"8200","product_code":"5863115","product_name_old":null,"product_name":"Mancs  sz\u00f3javiasz gyertya","category_string":"Otthon & \u00c9letm\u00f3d, Gyertya, illat, aroma, Gyertya","technic_string":"Gyertya-, m\u00e9csesk\u00e9sz\u00edt\u00e9s","category_1":"813","category_2":"415","category_3":"1388","category_4":"0","merged_category_1":null,"merged_category_2":null,"merged_category_3":null,"technic_1":"484","technic_2":"0","technic_3":"0","color_1":"515","color_2":"0","color_3":"0","product_description_old":null,"product_description":"Ez a kedves, mancs form\u00e1j\u00fa gyertya term\u00e9szetes sz\u00f3javiaszb\u00f3l, k\u00e9zzel k\u00e9sz\u00fclt. T\u00f6k\u00e9letes v\u00e1laszt\u00e1s \u00e1llatbar\u00e1toknak, kutya- vagy macskarajong\u00f3knak, illetve mindenkinek, aki szereti az aranyos \u00e9s egyedi dekor\u00e1ci\u00f3kat.\n\nA sz\u00f3javiasz k\u00f6rnyezetbar\u00e1t alapanyag, amely tiszt\u00e1bban \u00e9s egyenletesebben \u00e9g, mint a hagyom\u00e1nyos paraffinos gyerty\u00e1k. A gyertya nemcsak hangulatos f\u00e9nyt ad, hanem dekor\u00e1ci\u00f3k\u00e9nt is sz\u00e9pen mutat polcon, asztalon vagy aj\u00e1nd\u00e9kk\u00e9nt.\n\nAz \u00e1r 1 darabra vonatkozik.\nSz\u00e9less\u00e9ge: 5,5 cm\n\nDekor\u00e1ci\u00f3nak \u00e9s aj\u00e1nd\u00e9knak is t\u00f6k\u00e9letes.\n\n","price":"800.00","unit":"db","recommended":"0","status":"1","sponsored":"0","exp_notify":"0","own_material":"0","own_material_description_old":null,"own_material_description":"","jury":"0","jury_number":"","product_nature":"","meskaracsony":"0","create_date":"2026-08-30 23:47:58","shelve_id":"0","image":"creativedecoration_product_79596_260312232044_744482.jpeg","image_width":"480","image_height":"639","image_alt":"Mancs  sz\u00f3javiasz gyertya, Ez a kedves, mancs form\u00e1j\u00fa gyertya term\u00e9szetes sz\u00f3javiaszb\u00f3l, k\u00e9zzel k\u00e9sz\u00fclt. T\u00f6k\u00e9letes v\u00e1laszt\u00e1s \u00e1l..., Meska","image_title":"Mancs  sz\u00f3javiasz gyertya, Meska","view_count":"10","favourite_count":"0","trending_score":"0","last2MonthFavouriteCount":"0","promotion":"0","giftcard_accept":"0","creditcard_accept":true,"enhanced_background":"0","domain":"meska","specific_customer_id":null,"specific_customer_name":null,"to_order_product":"1","to_order_product_time":"5","product_different":null,"product_different_description":"","vintage":"0","vintage_category_id":"0","recycled":"0","gemstone_id":"0","customizable":"0","type_category":"physical","zerowaste":"0","postage_price":"1290.00","shop_order":"0","has_category":"1","landing_pages":null,"microdata":{"number":69,"category":""},"title":"Mancs  sz\u00f3javiasz gyertya","description":"Ez a kedves, mancs form\u00e1j\u00fa gyertya term\u00e9szetes sz\u00f3javiaszb\u00f3l, k\u00e9zzel k\u00e9sz\u00fclt. T\u00f6k\u00e9letes v\u00e1laszt\u00e1s \u00e1llatbar\u00e1toknak, kutya- vagy macskarajong\u00f3knak, illetve mindenkinek, aki szereti az aranyos \u00e9s egyedi dekor\u00e1ci\u00f3kat.\n\nA sz\u00f3javiasz k\u00f6rnyezetbar\u00e1t alapanyag, amely tiszt\u00e1bban \u00e9s egyenletesebben \u00e9g, mint a hagyom\u00e1nyos paraffinos gyerty\u00e1k. A gyertya nemcsak hangulatos f\u00e9nyt ad, hanem dekor\u00e1ci\u00f3k\u00e9nt is sz\u00e9pen mutat polcon, asztalon vagy aj\u00e1nd\u00e9kk\u00e9nt.\n\nAz \u00e1r 1 darabra vonatkozik.\nSz\u00e9less\u00e9ge: 5,5 cm\n\nDekor\u00e1ci\u00f3nak \u00e9s aj\u00e1nd\u00e9knak is t\u00f6k\u00e9letes.\n\n","score":0,"formatted_price":"800 Ft","image_url":"https:\/\/www.meska.hu\/img\/product\/small\/c\/r\/creativedecoration_product_79596_260312232044_744482.jpeg","formatted_url":"https:\/\/www.meska.hu\/p5863115-mancs-szojaviasz-gyertya","favourite":false,"in_stock":false,"avatar":"79596_avatar_1773009570.jpeg","delete_from":0,"is_enhanced_background":false,"is_enhanced":false,"product_selection_started":false,"is_active":true,"image_webp_url":"https:\/\/www.meska.hu\/img\/product\/small\/c\/r\/creativedecoration_product_79596_260312232044_744482.webp"},{"id":"6349435","shop_id":"52143","user_id":"79596","shop_name":"CreativeDecoration","shop_zip":"8200","product_code":"5863014","product_name_old":null,"product_name":"Sz\u00edv gyertya","category_string":"Otthon & \u00c9letm\u00f3d, Dekor\u00e1ci\u00f3, Asztal \u00e9s polc dekor\u00e1ci\u00f3, Asztald\u00edsz","technic_string":"Gyertya-, m\u00e9csesk\u00e9sz\u00edt\u00e9s","category_1":"813","category_2":"314","category_3":"1467","category_4":"789","merged_category_1":null,"merged_category_2":null,"merged_category_3":null,"technic_1":"484","technic_2":"0","technic_3":"0","color_1":"525","color_2":"0","color_3":"0","product_description_old":null,"product_description":"Kedves sz\u00edv-vir\u00e1g sz\u00f3javiasz gyertya.\n\nA sz\u00f3javiasz k\u00f6rnyezetbar\u00e1t alapanyag, amely tiszt\u00e1bban \u00e9s egyenletesebben \u00e9g, mint a hagyom\u00e1nyos paraffinos gyerty\u00e1k. A gyertya nemcsak hangulatos f\u00e9nyt ad, hanem dekor\u00e1ci\u00f3k\u00e9nt is sz\u00e9pen mutat polcon, asztalon vagy aj\u00e1nd\u00e9kk\u00e9nt.\n\nAz \u00e1r 1 darabra vonatkozik.\nMagass\u00e1ga kb. 11 cm\n\nDekor\u00e1ci\u00f3nak \u00e9s aj\u00e1nd\u00e9knak is t\u00f6k\u00e9letes.\n","price":"900.00","unit":"db","recommended":"0","status":"1","sponsored":"0","exp_notify":"0","own_material":"0","own_material_description_old":null,"own_material_description":"","jury":"0","jury_number":"","product_nature":"","meskaracsony":"0","create_date":"2026-08-30 23:27:07","shelve_id":"0","image":"creativedecoration_product_79596_260830232535_357598.jpeg","image_width":"480","image_height":"558","image_alt":"Sz\u00edv gyertya, Kedves sz\u00edv-vir\u00e1g sz\u00f3javiasz gyertya.\\n\\nA sz\u00f3javiasz k\u00f6rnyezetbar\u00e1t alapanyag, amely tiszt\u00e1bban \u00e9s eg..., Meska","image_title":"Sz\u00edv gyertya, Meska","view_count":"8","favourite_count":"0","trending_score":"0","last2MonthFavouriteCount":"0","promotion":"0","giftcard_accept":"0","creditcard_accept":true,"enhanced_background":"0","domain":"meska","specific_customer_id":null,"specific_customer_name":null,"to_order_product":"1","to_order_product_time":"5","product_different":null,"product_different_description":"","vintage":"0","vintage_category_id":"0","recycled":"0","gemstone_id":"0","customizable":"0","type_category":"physical","zerowaste":"0","postage_price":"1290.00","shop_order":"0","has_category":"1","landing_pages":null,"microdata":{"number":70,"category":""},"title":"Sz\u00edv gyertya","description":"Kedves sz\u00edv-vir\u00e1g sz\u00f3javiasz gyertya.\n\nA sz\u00f3javiasz k\u00f6rnyezetbar\u00e1t alapanyag, amely tiszt\u00e1bban \u00e9s egyenletesebben \u00e9g, mint a hagyom\u00e1nyos paraffinos gyerty\u00e1k. A gyertya nemcsak hangulatos f\u00e9nyt ad, hanem dekor\u00e1ci\u00f3k\u00e9nt is sz\u00e9pen mutat polcon, asztalon vagy aj\u00e1nd\u00e9kk\u00e9nt.\n\nAz \u00e1r 1 darabra vonatkozik.\nMagass\u00e1ga kb. 11 cm\n\nDekor\u00e1ci\u00f3nak \u00e9s aj\u00e1nd\u00e9knak is t\u00f6k\u00e9letes.\n","score":0,"formatted_price":"900 Ft","image_url":"https:\/\/www.meska.hu\/img\/product\/small\/c\/r\/creativedecoration_product_79596_260830232535_357598.jpeg","formatted_url":"https:\/\/www.meska.hu\/p5863014-sziv-gyertya","favourite":false,"in_stock":false,"avatar":"79596_avatar_1773009570.jpeg","delete_from":0,"is_enhanced_background":false,"is_enhanced":false,"product_selection_started":false,"is_active":true,"image_webp_url":"https:\/\/www.meska.hu\/img\/product\/small\/c\/r\/creativedecoration_product_79596_260830232535_357598.webp"},{"id":"6349419","shop_id":"52143","user_id":"79596","shop_name":"CreativeDecoration","shop_zip":"8200","product_code":"5863000","product_name_old":null,"product_name":"Anya-gyermek gyertya","category_string":"Otthon & \u00c9letm\u00f3d, Dekor\u00e1ci\u00f3, Asztal \u00e9s polc dekor\u00e1ci\u00f3, Asztald\u00edsz","technic_string":"Gyertya-, m\u00e9csesk\u00e9sz\u00edt\u00e9s","category_1":"813","category_2":"314","category_3":"1467","category_4":"789","merged_category_1":null,"merged_category_2":null,"merged_category_3":null,"technic_1":"484","technic_2":"0","technic_3":"0","color_1":"525","color_2":"0","color_3":"0","product_description_old":null,"product_description":"Kedves anya-gyermeke gyertya.\n\nSz\u00f3javiaszb\u00f3l k\u00e9sz\u00fclt.A sz\u00f3javiasz k\u00f6rnyezetbar\u00e1t alapanyag, amely tiszt\u00e1bban \u00e9s egyenletesebben \u00e9g, mint a hagyom\u00e1nyos paraffinos gyerty\u00e1k. A gyertya nemcsak hangulatos f\u00e9nyt ad, hanem dekor\u00e1ci\u00f3k\u00e9nt is sz\u00e9pen mutat polcon, asztalon vagy aj\u00e1nd\u00e9kk\u00e9nt.\n\nAz \u00e1r 1 darabra vonatkozik.\nMagass\u00e1ga kb. 11 cm\n\nDekor\u00e1ci\u00f3nak \u00e9s aj\u00e1nd\u00e9knak is t\u00f6k\u00e9letes.\n","price":"1100.00","unit":"db","recommended":"0","status":"1","sponsored":"0","exp_notify":"0","own_material":"0","own_material_description_old":null,"own_material_description":"","jury":"0","jury_number":"","product_nature":"","meskaracsony":"0","create_date":"2026-08-30 23:23:15","shelve_id":"0","image":"creativedecoration_product_79596_260830232014_29166.jpeg","image_width":"480","image_height":"557","image_alt":"Anya-gyermek gyertya, Kedves anya-gyermeke gyertya.\\n\\nSz\u00f3javiaszb\u00f3l k\u00e9sz\u00fclt.A sz\u00f3javiasz k\u00f6rnyezetbar\u00e1t alapanyag, amely ti..., Meska","image_title":"Anya-gyermek gyertya, Meska","view_count":"10","favourite_count":"0","trending_score":"0","last2MonthFavouriteCount":"0","promotion":"0","giftcard_accept":"0","creditcard_accept":true,"enhanced_background":"0","domain":"meska","specific_customer_id":null,"specific_customer_name":null,"to_order_product":"1","to_order_product_time":"5","product_different":null,"product_different_description":"","vintage":"0","vintage_category_id":"0","recycled":"0","gemstone_id":"0","customizable":"0","type_category":"physical","zerowaste":"0","postage_price":"1290.00","shop_order":"0","has_category":"1","landing_pages":null,"microdata":{"number":71,"category":""},"title":"Anya-gyermek gyertya","description":"Kedves anya-gyermeke gyertya.\n\nSz\u00f3javiaszb\u00f3l k\u00e9sz\u00fclt.A sz\u00f3javiasz k\u00f6rnyezetbar\u00e1t alapanyag, amely tiszt\u00e1bban \u00e9s egyenletesebben \u00e9g, mint a hagyom\u00e1nyos paraffinos gyerty\u00e1k. A gyertya nemcsak hangulatos f\u00e9nyt ad, hanem dekor\u00e1ci\u00f3k\u00e9nt is sz\u00e9pen mutat polcon, asztalon vagy aj\u00e1nd\u00e9kk\u00e9nt.\n\nAz \u00e1r 1 darabra vonatkozik.\nMagass\u00e1ga kb. 11 cm\n\nDekor\u00e1ci\u00f3nak \u00e9s aj\u00e1nd\u00e9knak is t\u00f6k\u00e9letes.\n","score":0,"formatted_price":"1 100 Ft","image_url":"https:\/\/www.meska.hu\/img\/product\/small\/c\/r\/creativedecoration_product_79596_260830232014_29166.jpeg","formatted_url":"https:\/\/www.meska.hu\/p5863000-anya-gyermek-gyertya","favourite":false,"in_stock":false,"avatar":"79596_avatar_1773009570.jpeg","delete_from":0,"is_enhanced_background":false,"is_enhanced":false,"product_selection_started":false,"is_active":true,"image_webp_url":"https:\/\/www.meska.hu\/img\/product\/small\/c\/r\/creativedecoration_product_79596_260830232014_29166.webp"},{"id":"6349384","shop_id":"52143","user_id":"79596","shop_name":"CreativeDecoration","shop_zip":"8200","product_code":"5862966","product_name_old":null,"product_name":"Feny\u0151 gyertya","category_string":"Otthon & \u00c9letm\u00f3d, Dekor\u00e1ci\u00f3, Asztal \u00e9s polc dekor\u00e1ci\u00f3, Asztald\u00edsz","technic_string":"Gyertya-, m\u00e9csesk\u00e9sz\u00edt\u00e9s","category_1":"813","category_2":"314","category_3":"1467","category_4":"789","merged_category_1":null,"merged_category_2":null,"merged_category_3":null,"technic_1":"484","technic_2":"0","technic_3":"0","color_1":"529","color_2":"0","color_3":"0","product_description_old":null,"product_description":"Magas \u00fcnnepi feny\u0151 gyertya.\n\nSz\u00f3javiaszb\u00f3l k\u00e9sz\u00fclt.A sz\u00f3javiasz k\u00f6rnyezetbar\u00e1t alapanyag, amely tiszt\u00e1bban \u00e9s egyenletesebben \u00e9g, mint a hagyom\u00e1nyos paraffinos gyerty\u00e1k. A gyertya nemcsak hangulatos f\u00e9nyt ad, hanem dekor\u00e1ci\u00f3k\u00e9nt is sz\u00e9pen mutat polcon, asztalon vagy aj\u00e1nd\u00e9kk\u00e9nt.\n\nAz \u00e1r 1 darabra vonatkozik.\nMagass\u00e1ga kb 15  cm.\n\nDekor\u00e1ci\u00f3nak \u00e9s aj\u00e1nd\u00e9knak is t\u00f6k\u00e9letes.\n","price":"1600.00","unit":"db","recommended":"0","status":"1","sponsored":"0","exp_notify":"0","own_material":"0","own_material_description_old":null,"own_material_description":"","jury":"0","jury_number":"","product_nature":"","meskaracsony":"0","create_date":"2026-08-30 23:15:40","shelve_id":"0","image":"creativedecoration_product_79596_260830231158_074264.png","image_width":"480","image_height":"475","image_alt":"Feny\u0151 gyertya, Magas \u00fcnnepi feny\u0151 gyertya.\\n\\nSz\u00f3javiaszb\u00f3l k\u00e9sz\u00fclt.A sz\u00f3javiasz k\u00f6rnyezetbar\u00e1t alapanyag, amely tisz..., Meska","image_title":"Feny\u0151 gyertya, Meska","view_count":"8","favourite_count":"0","trending_score":"0","last2MonthFavouriteCount":"0","promotion":"0","giftcard_accept":"0","creditcard_accept":true,"enhanced_background":"0","domain":"meska","specific_customer_id":null,"specific_customer_name":null,"to_order_product":"1","to_order_product_time":"5","product_different":null,"product_different_description":"","vintage":"0","vintage_category_id":"0","recycled":"0","gemstone_id":"0","customizable":"0","type_category":"physical","zerowaste":"0","postage_price":"1290.00","shop_order":"0","has_category":"1","landing_pages":null,"microdata":{"number":72,"category":""},"title":"Feny\u0151 gyertya","description":"Magas \u00fcnnepi feny\u0151 gyertya.\n\nSz\u00f3javiaszb\u00f3l k\u00e9sz\u00fclt.A sz\u00f3javiasz k\u00f6rnyezetbar\u00e1t alapanyag, amely tiszt\u00e1bban \u00e9s egyenletesebben \u00e9g, mint a hagyom\u00e1nyos paraffinos gyerty\u00e1k. A gyertya nemcsak hangulatos f\u00e9nyt ad, hanem dekor\u00e1ci\u00f3k\u00e9nt is sz\u00e9pen mutat polcon, asztalon vagy aj\u00e1nd\u00e9kk\u00e9nt.\n\nAz \u00e1r 1 darabra vonatkozik.\nMagass\u00e1ga kb 15  cm.\n\nDekor\u00e1ci\u00f3nak \u00e9s aj\u00e1nd\u00e9knak is t\u00f6k\u00e9letes.\n","score":0,"formatted_price":"1 600 Ft","image_url":"https:\/\/www.meska.hu\/img\/product\/small\/c\/r\/creativedecoration_product_79596_260830231158_074264.png","formatted_url":"https:\/\/www.meska.hu\/p5862966-fenyo-gyertya","favourite":false,"in_stock":false,"avatar":"79596_avatar_1773009570.jpeg","delete_from":0,"is_enhanced_background":false,"is_enhanced":false,"product_selection_started":false,"is_active":true,"image_webp_url":"https:\/\/www.meska.hu\/img\/product\/small\/c\/r\/creativedecoration_product_79596_260830231158_074264.webp"},{"id":"6349364","shop_id":"52143","user_id":"79596","shop_name":"CreativeDecoration","shop_zip":"8200","product_code":"5862947","product_name_old":null,"product_name":"Fi\u00fa m\u00e9zi gyertya","category_string":"Otthon & \u00c9letm\u00f3d, Dekor\u00e1ci\u00f3, Asztal \u00e9s polc dekor\u00e1ci\u00f3, Asztald\u00edsz","technic_string":"Gyertya-, m\u00e9csesk\u00e9sz\u00edt\u00e9s","category_1":"813","category_2":"314","category_3":"1467","category_4":"789","merged_category_1":null,"merged_category_2":null,"merged_category_3":null,"technic_1":"484","technic_2":"0","technic_3":"0","color_1":"515","color_2":"0","color_3":"0","product_description_old":null,"product_description":"Fi\u00fa m\u00e9zeskal\u00e1cs gyertya. Kedves, mutat\u00f3s \u00fcnnepi dekor\u00e1ci\u00f3.\n\nSz\u00f3javiaszb\u00f3l k\u00e9sz\u00fclt.A sz\u00f3javiasz k\u00f6rnyezetbar\u00e1t alapanyag, amely tiszt\u00e1bban \u00e9s egyenletesebben \u00e9g, mint a hagyom\u00e1nyos paraffinos gyerty\u00e1k. A gyertya nemcsak hangulatos f\u00e9nyt ad, hanem dekor\u00e1ci\u00f3k\u00e9nt is sz\u00e9pen mutat polcon, asztalon vagy aj\u00e1nd\u00e9kk\u00e9nt.\n\nAz \u00e1r 1 darabra vonatkozik.\nMagass\u00e1gi kb 8 cm.\n\nDekor\u00e1ci\u00f3nak \u00e9s aj\u00e1nd\u00e9knak is t\u00f6k\u00e9letes.\n","price":"9000.00","unit":"db","recommended":"0","status":"1","sponsored":"0","exp_notify":"0","own_material":"0","own_material_description_old":null,"own_material_description":"","jury":"0","jury_number":"","product_nature":"","meskaracsony":"0","create_date":"2026-08-30 23:11:39","shelve_id":"0","image":"creativedecoration_product_79596_260830230919_139356.png","image_width":"480","image_height":"484","image_alt":"Fi\u00fa m\u00e9zi gyertya, Fi\u00fa m\u00e9zeskal\u00e1cs gyertya. Kedves, mutat\u00f3s \u00fcnnepi dekor\u00e1ci\u00f3.\\n\\nSz\u00f3javiaszb\u00f3l k\u00e9sz\u00fclt.A sz\u00f3javiasz k\u00f6rny..., Meska","image_title":"Fi\u00fa m\u00e9zi gyertya, Meska","view_count":"8","favourite_count":"0","trending_score":"0","last2MonthFavouriteCount":"0","promotion":"0","giftcard_accept":"0","creditcard_accept":true,"enhanced_background":"0","domain":"meska","specific_customer_id":null,"specific_customer_name":null,"to_order_product":"1","to_order_product_time":"5","product_different":null,"product_different_description":"","vintage":"0","vintage_category_id":"0","recycled":"0","gemstone_id":"0","customizable":"0","type_category":"physical","zerowaste":"0","postage_price":"1290.00","shop_order":"0","has_category":"1","landing_pages":null,"microdata":{"number":73,"category":""},"title":"Fi\u00fa m\u00e9zi gyertya","description":"Fi\u00fa m\u00e9zeskal\u00e1cs gyertya. Kedves, mutat\u00f3s \u00fcnnepi dekor\u00e1ci\u00f3.\n\nSz\u00f3javiaszb\u00f3l k\u00e9sz\u00fclt.A sz\u00f3javiasz k\u00f6rnyezetbar\u00e1t alapanyag, amely tiszt\u00e1bban \u00e9s egyenletesebben \u00e9g, mint a hagyom\u00e1nyos paraffinos gyerty\u00e1k. A gyertya nemcsak hangulatos f\u00e9nyt ad, hanem dekor\u00e1ci\u00f3k\u00e9nt is sz\u00e9pen mutat polcon, asztalon vagy aj\u00e1nd\u00e9kk\u00e9nt.\n\nAz \u00e1r 1 darabra vonatkozik.\nMagass\u00e1gi kb 8 cm.\n\nDekor\u00e1ci\u00f3nak \u00e9s aj\u00e1nd\u00e9knak is t\u00f6k\u00e9letes.\n","score":0,"formatted_price":"9 000 Ft","image_url":"https:\/\/www.meska.hu\/img\/product\/small\/c\/r\/creativedecoration_product_79596_260830230919_139356.png","formatted_url":"https:\/\/www.meska.hu\/p5862947-fiu-mezi-gyertya","favourite":false,"in_stock":false,"avatar":"79596_avatar_1773009570.jpeg","delete_from":0,"is_enhanced_background":false,"is_enhanced":false,"product_selection_started":false,"is_active":true,"image_webp_url":"https:\/\/www.meska.hu\/img\/product\/small\/c\/r\/creativedecoration_product_79596_260830230919_139356.webp"},{"id":"6349341","shop_id":"52143","user_id":"79596","shop_name":"CreativeDecoration","shop_zip":"8200","product_code":"5862931","product_name_old":null,"product_name":"M\u00e9zi l\u00e1ny","category_string":"Otthon & \u00c9letm\u00f3d, Dekor\u00e1ci\u00f3, Asztal \u00e9s polc dekor\u00e1ci\u00f3, Asztald\u00edsz","technic_string":"Gyertya-, m\u00e9csesk\u00e9sz\u00edt\u00e9s","category_1":"813","category_2":"314","category_3":"1467","category_4":"789","merged_category_1":null,"merged_category_2":null,"merged_category_3":null,"technic_1":"484","technic_2":"0","technic_3":"0","color_1":"515","color_2":"0","color_3":"0","product_description_old":null,"product_description":"L\u00e1ny m\u00e9zeskal\u00e1cs gyertya. Kedves, mutat\u00f3s \u00fcnnepi dekor\u00e1ci\u00f3.\n\nSz\u00f3javiaszb\u00f3l k\u00e9sz\u00fclt.A sz\u00f3javiasz k\u00f6rnyezetbar\u00e1t alapanyag, amely tiszt\u00e1bban \u00e9s egyenletesebben \u00e9g, mint a hagyom\u00e1nyos paraffinos gyerty\u00e1k. A gyertya nemcsak hangulatos f\u00e9nyt ad, hanem dekor\u00e1ci\u00f3k\u00e9nt is sz\u00e9pen mutat polcon, asztalon vagy aj\u00e1nd\u00e9kk\u00e9nt.\n\nAz \u00e1r 1 darabra vonatkozik.\nMagass\u00e1ga kb. 7 cm\n\nDekor\u00e1ci\u00f3nak \u00e9s aj\u00e1nd\u00e9knak is t\u00f6k\u00e9letes.\n","price":"900.00","unit":"db","recommended":"0","status":"1","sponsored":"0","exp_notify":"0","own_material":"0","own_material_description_old":null,"own_material_description":"","jury":"0","jury_number":"","product_nature":"","meskaracsony":"0","create_date":"2026-08-30 23:08:47","shelve_id":"0","image":"creativedecoration_product_79596_260830230558_024110.png","image_width":"480","image_height":"485","image_alt":"M\u00e9zi l\u00e1ny, L\u00e1ny m\u00e9zeskal\u00e1cs gyertya. Kedves, mutat\u00f3s \u00fcnnepi dekor\u00e1ci\u00f3.\\n\\nSz\u00f3javiaszb\u00f3l k\u00e9sz\u00fclt.A sz\u00f3javiasz k\u00f6rn..., Meska","image_title":"M\u00e9zi l\u00e1ny, Meska","view_count":"10","favourite_count":"0","trending_score":"0","last2MonthFavouriteCount":"0","promotion":"0","giftcard_accept":"0","creditcard_accept":true,"enhanced_background":"0","domain":"meska","specific_customer_id":null,"specific_customer_name":null,"to_order_product":"1","to_order_product_time":"5","product_different":null,"product_different_description":"","vintage":"0","vintage_category_id":"0","recycled":"0","gemstone_id":"0","customizable":"0","type_category":"physical","zerowaste":"0","postage_price":"1290.00","shop_order":"0","has_category":"1","landing_pages":null,"microdata":{"number":74,"category":""},"title":"M\u00e9zi l\u00e1ny","description":"L\u00e1ny m\u00e9zeskal\u00e1cs gyertya. Kedves, mutat\u00f3s \u00fcnnepi dekor\u00e1ci\u00f3.\n\nSz\u00f3javiaszb\u00f3l k\u00e9sz\u00fclt.A sz\u00f3javiasz k\u00f6rnyezetbar\u00e1t alapanyag, amely tiszt\u00e1bban \u00e9s egyenletesebben \u00e9g, mint a hagyom\u00e1nyos paraffinos gyerty\u00e1k. A gyertya nemcsak hangulatos f\u00e9nyt ad, hanem dekor\u00e1ci\u00f3k\u00e9nt is sz\u00e9pen mutat polcon, asztalon vagy aj\u00e1nd\u00e9kk\u00e9nt.\n\nAz \u00e1r 1 darabra vonatkozik.\nMagass\u00e1ga kb. 7 cm\n\nDekor\u00e1ci\u00f3nak \u00e9s aj\u00e1nd\u00e9knak is t\u00f6k\u00e9letes.\n","score":0,"formatted_price":"900 Ft","image_url":"https:\/\/www.meska.hu\/img\/product\/small\/c\/r\/creativedecoration_product_79596_260830230558_024110.png","formatted_url":"https:\/\/www.meska.hu\/p5862931-mezi-lany","favourite":false,"in_stock":false,"avatar":"79596_avatar_1773009570.jpeg","delete_from":0,"is_enhanced_background":false,"is_enhanced":false,"product_selection_started":false,"is_active":true,"image_webp_url":"https:\/\/www.meska.hu\/img\/product\/small\/c\/r\/creativedecoration_product_79596_260830230558_024110.webp"},{"id":"6349317","shop_id":"52143","user_id":"79596","shop_name":"CreativeDecoration","shop_zip":"8200","product_code":"5862910","product_name_old":null,"product_name":"Kis Buddha gyertya","category_string":"Otthon & \u00c9letm\u00f3d, Dekor\u00e1ci\u00f3, Asztal \u00e9s polc dekor\u00e1ci\u00f3, Asztald\u00edsz","technic_string":"Gyertya-, m\u00e9csesk\u00e9sz\u00edt\u00e9s","category_1":"813","category_2":"314","category_3":"1467","category_4":"789","merged_category_1":null,"merged_category_2":null,"merged_category_3":null,"technic_1":"484","technic_2":"0","technic_3":"0","color_1":"527","color_2":"0","color_3":"0","product_description_old":null,"product_description":"Var\u00e1zsolj otthonodba nyugodt, meghitt hangulatot ezzel a k\u00fcl\u00f6nleges Buddha alak\u00fa gyerty\u00e1val! Finom, r\u00e9szletgazdag kialak\u00edt\u00e1sa a bels\u0151 b\u00e9k\u00e9t \u00e9s az elcsendesed\u00e9st id\u00e9zi, \u00edgy t\u00f6k\u00e9letes v\u00e1laszt\u00e1s medit\u00e1ci\u00f3hoz, relax\u00e1ci\u00f3hoz vagy ak\u00e1r k\u00fcl\u00f6nleges aj\u00e1nd\u00e9kk\u00e9nt is. \u2728\n\nSz\u00f3javiaszb\u00f3l k\u00e9sz\u00fclt.A sz\u00f3javiasz k\u00f6rnyezetbar\u00e1t alapanyag, amely tiszt\u00e1bban \u00e9s egyenletesebben \u00e9g, mint a hagyom\u00e1nyos paraffinos gyerty\u00e1k. A gyertya nemcsak hangulatos f\u00e9nyt ad, hanem dekor\u00e1ci\u00f3k\u00e9nt is sz\u00e9pen mutat polcon, asztalon vagy aj\u00e1nd\u00e9kk\u00e9nt.\n\nAz \u00e1r 1 darabra vonatkozik.\nMagass\u00e1ga kb 6 cm.\n\nDekor\u00e1ci\u00f3nak \u00e9s aj\u00e1nd\u00e9knak is t\u00f6k\u00e9letes.\n\n","price":"850.00","unit":"db","recommended":"0","status":"1","sponsored":"0","exp_notify":"0","own_material":"0","own_material_description_old":null,"own_material_description":"","jury":"0","jury_number":"","product_nature":"","meskaracsony":"0","create_date":"2026-08-30 23:05:19","shelve_id":"0","image":"creativedecoration_product_79596_260830230253_29224.png","image_width":"480","image_height":"335","image_alt":"Kis Buddha gyertya, Var\u00e1zsolj otthonodba nyugodt, meghitt hangulatot ezzel a k\u00fcl\u00f6nleges Buddha alak\u00fa gyerty\u00e1val! Finom, ..., Meska","image_title":"Kis Buddha gyertya, Meska","view_count":"13","favourite_count":"0","trending_score":"0","last2MonthFavouriteCount":"0","promotion":"0","giftcard_accept":"0","creditcard_accept":true,"enhanced_background":"0","domain":"meska","specific_customer_id":null,"specific_customer_name":null,"to_order_product":"1","to_order_product_time":"5","product_different":null,"product_different_description":"","vintage":"0","vintage_category_id":"0","recycled":"0","gemstone_id":"0","customizable":"0","type_category":"physical","zerowaste":"0","postage_price":"1290.00","shop_order":"0","has_category":"1","landing_pages":null,"microdata":{"number":75,"category":""},"title":"Kis Buddha gyertya","description":"Var\u00e1zsolj otthonodba nyugodt, meghitt hangulatot ezzel a k\u00fcl\u00f6nleges Buddha alak\u00fa gyerty\u00e1val! Finom, r\u00e9szletgazdag kialak\u00edt\u00e1sa a bels\u0151 b\u00e9k\u00e9t \u00e9s az elcsendesed\u00e9st id\u00e9zi, \u00edgy t\u00f6k\u00e9letes v\u00e1laszt\u00e1s medit\u00e1ci\u00f3hoz, relax\u00e1ci\u00f3hoz vagy ak\u00e1r k\u00fcl\u00f6nleges aj\u00e1nd\u00e9kk\u00e9nt is. \u2728\n\nSz\u00f3javiaszb\u00f3l k\u00e9sz\u00fclt.A sz\u00f3javiasz k\u00f6rnyezetbar\u00e1t alapanyag, amely tiszt\u00e1bban \u00e9s egyenletesebben \u00e9g, mint a hagyom\u00e1nyos paraffinos gyerty\u00e1k. A gyertya nemcsak hangulatos f\u00e9nyt ad, hanem dekor\u00e1ci\u00f3k\u00e9nt is sz\u00e9pen mutat polcon, asztalon vagy aj\u00e1nd\u00e9kk\u00e9nt.\n\nAz \u00e1r 1 darabra vonatkozik.\nMagass\u00e1ga kb 6 cm.\n\nDekor\u00e1ci\u00f3nak \u00e9s aj\u00e1nd\u00e9knak is t\u00f6k\u00e9letes.\n\n","score":0,"formatted_price":"850 Ft","image_url":"https:\/\/www.meska.hu\/img\/product\/small\/c\/r\/creativedecoration_product_79596_260830230253_29224.png","formatted_url":"https:\/\/www.meska.hu\/p5862910-kis-buddha-gyertya","favourite":false,"in_stock":false,"avatar":"79596_avatar_1773009570.jpeg","delete_from":0,"is_enhanced_background":false,"is_enhanced":false,"product_selection_started":false,"is_active":true,"image_webp_url":"https:\/\/www.meska.hu\/img\/product\/small\/c\/r\/creativedecoration_product_79596_260830230253_29224.webp"},{"id":"6349311","shop_id":"50379","user_id":"744447","shop_name":"BandDStudio","shop_zip":"2740","product_code":"5862905","product_name_old":null,"product_name":"Sweet berry illat\u00fa illatviasz","category_string":"Otthon & \u00c9letm\u00f3d, Gyertya, illat, aroma, Illatviasz","technic_string":"Gyertya-, m\u00e9csesk\u00e9sz\u00edt\u00e9s","category_1":"813","category_2":"415","category_3":"1391","category_4":"0","merged_category_1":null,"merged_category_2":null,"merged_category_3":null,"technic_1":"484","technic_2":"0","technic_3":"0","color_1":"516","color_2":"521","color_3":"522","product_description_old":null,"product_description":"Sweet berry illat\u00fa illatviasz sz\u00f3javiaszb\u00f3l, k\u00fcl\u00f6nb\u00f6z\u0151 \u0151szi form\u00e1kkal, pr\u00e9mium illatolajjal, dobozban\/csomagban - kb. 50 g. Csod\u00e1s, intenz\u00edv illata van, belengi a lak\u00e1st.\n\nA term\u00e9k \u00e1ra egy dobozra\/csomagra vonatkozik.\n\nHaszn\u00e1lati \u00fatmutat\u00f3:\n- k\u00e9sz\u00edtsd el\u0151 a meleg\u00edt\u0151t, valamint gy\u0151z\u0151dj meg r\u00f3la, hogy tiszta \u00e9s sz\u00e1raz, miel\u0151tt hozz\u00e1kezden\u00e9l,\n-  helyezz egy illatviaszt az aromal\u00e1mp\u00e1ba vagy viaszmeleg\u00edt\u0151be,\n- gy\u00fajts meg egy team\u00e9csest, vagy kapcsold be az elektromos viaszmeleg\u00edt\u0151t.\n\nBIZTONS\u00c1GI FIGYELMEZTET\u00c9S:\n- soha ne hagyd fel\u00fcgyelet n\u00e9lk\u00fcl az illatviaszt,\n- csak h\u0151\u00e1ll\u00f3 aromal\u00e1mp\u00e1ban vagy viaszmeleg\u00edt\u0151ben haszn\u00e1ld, - haszn\u00e1lj stabil, h\u0151\u00e1ll\u00f3 fel\u00fcletet, t\u00e1vol gy\u00fal\u00e9kony anyagokt\u00f3l,\n- ne \u00e9rintsd meg a forr\u00f3 viaszt, m\u00edg meg nem szil\u00e1rdul,\n- gyermekekt\u0151l \u00e9s h\u00e1zi\u00e1llatokt\u00f3l tartsd t\u00e1vol.","price":"1500.00","unit":"cs","recommended":"0","status":"1","sponsored":"0","exp_notify":"0","own_material":"0","own_material_description_old":null,"own_material_description":"","jury":"0","jury_number":"","product_nature":"","meskaracsony":"0","create_date":"2026-08-30 23:03:35","shelve_id":"81575","image":"banddstudio_product_744447_260830230301_085353.jpeg","image_width":"480","image_height":"853","image_alt":"Sweet berry illat\u00fa illatviasz, Sweet berry illat\u00fa illatviasz sz\u00f3javiaszb\u00f3l, k\u00fcl\u00f6nb\u00f6z\u0151 \u0151szi form\u00e1kkal, pr\u00e9mium illatolajjal, dobozba..., Meska","image_title":"Sweet berry illat\u00fa illatviasz, Meska","view_count":"22","favourite_count":"1","trending_score":"0","last2MonthFavouriteCount":"1","promotion":"0","giftcard_accept":"0","creditcard_accept":true,"enhanced_background":"0","domain":"meska","specific_customer_id":null,"specific_customer_name":null,"to_order_product":"0","to_order_product_time":"0","product_different":null,"product_different_description":"","vintage":"0","vintage_category_id":"0","recycled":"0","gemstone_id":"0","customizable":"0","type_category":"physical","zerowaste":"0","postage_price":"1290.00","shop_order":"1","has_category":"1","landing_pages":null,"microdata":{"number":76,"category":""},"title":"Sweet berry illat\u00fa illatviasz","description":"Sweet berry illat\u00fa illatviasz sz\u00f3javiaszb\u00f3l, k\u00fcl\u00f6nb\u00f6z\u0151 \u0151szi form\u00e1kkal, pr\u00e9mium illatolajjal, dobozban\/csomagban - kb. 50 g. Csod\u00e1s, intenz\u00edv illata van, belengi a lak\u00e1st.\n\nA term\u00e9k \u00e1ra egy dobozra\/csomagra vonatkozik.\n\nHaszn\u00e1lati \u00fatmutat\u00f3:\n- k\u00e9sz\u00edtsd el\u0151 a meleg\u00edt\u0151t, valamint gy\u0151z\u0151dj meg r\u00f3la, hogy tiszta \u00e9s sz\u00e1raz, miel\u0151tt hozz\u00e1kezden\u00e9l,\n-  helyezz egy illatviaszt az aromal\u00e1mp\u00e1ba vagy viaszmeleg\u00edt\u0151be,\n- gy\u00fajts meg egy team\u00e9csest, vagy kapcsold be az elektromos viaszmeleg\u00edt\u0151t.\n\nBIZTONS\u00c1GI FIGYELMEZTET\u00c9S:\n- soha ne hagyd fel\u00fcgyelet n\u00e9lk\u00fcl az illatviaszt,\n- csak h\u0151\u00e1ll\u00f3 aromal\u00e1mp\u00e1ban vagy viaszmeleg\u00edt\u0151ben haszn\u00e1ld, - haszn\u00e1lj stabil, h\u0151\u00e1ll\u00f3 fel\u00fcletet, t\u00e1vol gy\u00fal\u00e9kony anyagokt\u00f3l,\n- ne \u00e9rintsd meg a forr\u00f3 viaszt, m\u00edg meg nem szil\u00e1rdul,\n- gyermekekt\u0151l \u00e9s h\u00e1zi\u00e1llatokt\u00f3l tartsd t\u00e1vol.","score":0,"formatted_price":"1 500 Ft","image_url":"https:\/\/www.meska.hu\/img\/product\/small\/b\/a\/banddstudio_product_744447_260830230301_085353.jpeg","formatted_url":"https:\/\/www.meska.hu\/p5862905-sweet-berry-illatu-illatviasz","favourite":false,"in_stock":true,"avatar":"744447_avatar_1759920819.png","delete_from":0,"is_enhanced_background":false,"is_enhanced":false,"product_selection_started":false,"is_active":true,"image_webp_url":"https:\/\/www.meska.hu\/img\/product\/small\/b\/a\/banddstudio_product_744447_260830230301_085353.webp"},{"id":"6349303","shop_id":"52143","user_id":"79596","shop_name":"CreativeDecoration","shop_zip":"8200","product_code":"5862897","product_name_old":null,"product_name":"Man\u00f3 gyertya","category_string":"Otthon & \u00c9letm\u00f3d, Dekor\u00e1ci\u00f3, Asztal \u00e9s polc dekor\u00e1ci\u00f3, Asztald\u00edsz","technic_string":"Gyertya-, m\u00e9csesk\u00e9sz\u00edt\u00e9s","category_1":"813","category_2":"314","category_3":"1467","category_4":"789","merged_category_1":null,"merged_category_2":null,"merged_category_3":null,"technic_1":"484","technic_2":"0","technic_3":"0","color_1":"515","color_2":"0","color_3":"0","product_description_old":null,"product_description":"Kedves man\u00f3 gyertya, ami tuti meghozza az \u00fcnnepi hangulatot.\nSz\u00f3javiaszb\u00f3l k\u00e9sz\u00fclt.A sz\u00f3javiasz k\u00f6rnyezetbar\u00e1t alapanyag, amely tiszt\u00e1bban \u00e9s egyenletesebben \u00e9g, mint a hagyom\u00e1nyos paraffinos gyerty\u00e1k. A gyertya nemcsak hangulatos f\u00e9nyt ad, hanem dekor\u00e1ci\u00f3k\u00e9nt is sz\u00e9pen mutat polcon, asztalon vagy aj\u00e1nd\u00e9kk\u00e9nt.\n\nAz \u00e1r 1 darabra vonatkozik.\nMagass\u00e1ga kb 12 cm.\n\nDekor\u00e1ci\u00f3nak \u00e9s aj\u00e1nd\u00e9knak is t\u00f6k\u00e9letes.\n","price":"1100.00","unit":"db","recommended":"0","status":"1","sponsored":"0","exp_notify":"0","own_material":"0","own_material_description_old":null,"own_material_description":"","jury":"0","jury_number":"","product_nature":"","meskaracsony":"0","create_date":"2026-08-30 23:02:17","shelve_id":"0","image":"creativedecoration_product_79596_260830225836_515657.png","image_width":"480","image_height":"486","image_alt":"Man\u00f3 gyertya, Kedves man\u00f3 gyertya, ami tuti meghozza az \u00fcnnepi hangulatot.\\nSz\u00f3javiaszb\u00f3l k\u00e9sz\u00fclt.A sz\u00f3javiasz k\u00f6rn..., Meska","image_title":"Man\u00f3 gyertya, Meska","view_count":"12","favourite_count":"0","trending_score":"0","last2MonthFavouriteCount":"0","promotion":"0","giftcard_accept":"0","creditcard_accept":true,"enhanced_background":"0","domain":"meska","specific_customer_id":null,"specific_customer_name":null,"to_order_product":"1","to_order_product_time":"5","product_different":null,"product_different_description":"","vintage":"0","vintage_category_id":"0","recycled":"0","gemstone_id":"0","customizable":"0","type_category":"physical","zerowaste":"0","postage_price":"1290.00","shop_order":"0","has_category":"1","landing_pages":null,"microdata":{"number":77,"category":""},"title":"Man\u00f3 gyertya","description":"Kedves man\u00f3 gyertya, ami tuti meghozza az \u00fcnnepi hangulatot.\nSz\u00f3javiaszb\u00f3l k\u00e9sz\u00fclt.A sz\u00f3javiasz k\u00f6rnyezetbar\u00e1t alapanyag, amely tiszt\u00e1bban \u00e9s egyenletesebben \u00e9g, mint a hagyom\u00e1nyos paraffinos gyerty\u00e1k. A gyertya nemcsak hangulatos f\u00e9nyt ad, hanem dekor\u00e1ci\u00f3k\u00e9nt is sz\u00e9pen mutat polcon, asztalon vagy aj\u00e1nd\u00e9kk\u00e9nt.\n\nAz \u00e1r 1 darabra vonatkozik.\nMagass\u00e1ga kb 12 cm.\n\nDekor\u00e1ci\u00f3nak \u00e9s aj\u00e1nd\u00e9knak is t\u00f6k\u00e9letes.\n","score":0,"formatted_price":"1 100 Ft","image_url":"https:\/\/www.meska.hu\/img\/product\/small\/c\/r\/creativedecoration_product_79596_260830225836_515657.png","formatted_url":"https:\/\/www.meska.hu\/p5862897-mano-gyertya","favourite":false,"in_stock":false,"avatar":"79596_avatar_1773009570.jpeg","delete_from":0,"is_enhanced_background":false,"is_enhanced":false,"product_selection_started":false,"is_active":true,"image_webp_url":"https:\/\/www.meska.hu\/img\/product\/small\/c\/r\/creativedecoration_product_79596_260830225836_515657.webp"},{"id":"6349302","shop_id":"50379","user_id":"744447","shop_name":"BandDStudio","shop_zip":"2740","product_code":"5862896","product_name_old":null,"product_name":"Pumpkin spice illat\u00fa illatviasz","category_string":"Otthon & \u00c9letm\u00f3d, Gyertya, illat, aroma, Illatviasz","technic_string":"Gyertya-, m\u00e9csesk\u00e9sz\u00edt\u00e9s","category_1":"813","category_2":"415","category_3":"1391","category_4":"0","merged_category_1":null,"merged_category_2":null,"merged_category_3":null,"technic_1":"484","technic_2":"0","technic_3":"0","color_1":"516","color_2":"568","color_3":"526","product_description_old":null,"product_description":"Pumpkin spice illat\u00fa illatviasz sz\u00f3javiaszb\u00f3l, k\u00fcl\u00f6nb\u00f6z\u0151 \u0151szi form\u00e1kkal, pr\u00e9mium illatolajjal, dobozban\/csomagban - kb. 50 g. Csod\u00e1s, intenz\u00edv illata van, belengi a lak\u00e1st.\n\nA term\u00e9k \u00e1ra egy dobozra\/csomagra vonatkozik.\n\nHaszn\u00e1lati \u00fatmutat\u00f3:\n- k\u00e9sz\u00edtsd el\u0151 a meleg\u00edt\u0151t, valamint gy\u0151z\u0151dj meg r\u00f3la, hogy tiszta \u00e9s sz\u00e1raz, miel\u0151tt hozz\u00e1kezden\u00e9l,\n-  helyezz egy illatviaszt az aromal\u00e1mp\u00e1ba vagy viaszmeleg\u00edt\u0151be,\n- gy\u00fajts meg egy team\u00e9csest, vagy kapcsold be az elektromos viaszmeleg\u00edt\u0151t.\n\nBIZTONS\u00c1GI FIGYELMEZTET\u00c9S:\n- soha ne hagyd fel\u00fcgyelet n\u00e9lk\u00fcl az illatviaszt,\n- csak h\u0151\u00e1ll\u00f3 aromal\u00e1mp\u00e1ban vagy viaszmeleg\u00edt\u0151ben haszn\u00e1ld, - haszn\u00e1lj stabil, h\u0151\u00e1ll\u00f3 fel\u00fcletet, t\u00e1vol gy\u00fal\u00e9kony anyagokt\u00f3l,\n- ne \u00e9rintsd meg a forr\u00f3 viaszt, m\u00edg meg nem szil\u00e1rdul,\n- gyermekekt\u0151l \u00e9s h\u00e1zi\u00e1llatokt\u00f3l tartsd t\u00e1vol.","price":"1500.00","unit":"cs","recommended":"0","status":"1","sponsored":"0","exp_notify":"0","own_material":"0","own_material_description_old":null,"own_material_description":"","jury":"0","jury_number":"","product_nature":"","meskaracsony":"0","create_date":"2026-08-30 23:02:14","shelve_id":"81575","image":"banddstudio_product_744447_260830230125_347263.jpeg","image_width":"480","image_height":"853","image_alt":"Pumpkin spice illat\u00fa illatviasz, Pumpkin spice illat\u00fa illatviasz sz\u00f3javiaszb\u00f3l, k\u00fcl\u00f6nb\u00f6z\u0151 \u0151szi form\u00e1kkal, pr\u00e9mium illatolajjal, doboz..., Meska","image_title":"Pumpkin spice illat\u00fa illatviasz, Meska","view_count":"27","favourite_count":"1","trending_score":"0","last2MonthFavouriteCount":"1","promotion":"0","giftcard_accept":"0","creditcard_accept":true,"enhanced_background":"0","domain":"meska","specific_customer_id":null,"specific_customer_name":null,"to_order_product":"0","to_order_product_time":"0","product_different":null,"product_different_description":"","vintage":"0","vintage_category_id":"0","recycled":"0","gemstone_id":"0","customizable":"0","type_category":"physical","zerowaste":"0","postage_price":"1290.00","shop_order":"2","has_category":"1","landing_pages":null,"microdata":{"number":78,"category":""},"title":"Pumpkin spice illat\u00fa illatviasz","description":"Pumpkin spice illat\u00fa illatviasz sz\u00f3javiaszb\u00f3l, k\u00fcl\u00f6nb\u00f6z\u0151 \u0151szi form\u00e1kkal, pr\u00e9mium illatolajjal, dobozban\/csomagban - kb. 50 g. Csod\u00e1s, intenz\u00edv illata van, belengi a lak\u00e1st.\n\nA term\u00e9k \u00e1ra egy dobozra\/csomagra vonatkozik.\n\nHaszn\u00e1lati \u00fatmutat\u00f3:\n- k\u00e9sz\u00edtsd el\u0151 a meleg\u00edt\u0151t, valamint gy\u0151z\u0151dj meg r\u00f3la, hogy tiszta \u00e9s sz\u00e1raz, miel\u0151tt hozz\u00e1kezden\u00e9l,\n-  helyezz egy illatviaszt az aromal\u00e1mp\u00e1ba vagy viaszmeleg\u00edt\u0151be,\n- gy\u00fajts meg egy team\u00e9csest, vagy kapcsold be az elektromos viaszmeleg\u00edt\u0151t.\n\nBIZTONS\u00c1GI FIGYELMEZTET\u00c9S:\n- soha ne hagyd fel\u00fcgyelet n\u00e9lk\u00fcl az illatviaszt,\n- csak h\u0151\u00e1ll\u00f3 aromal\u00e1mp\u00e1ban vagy viaszmeleg\u00edt\u0151ben haszn\u00e1ld, - haszn\u00e1lj stabil, h\u0151\u00e1ll\u00f3 fel\u00fcletet, t\u00e1vol gy\u00fal\u00e9kony anyagokt\u00f3l,\n- ne \u00e9rintsd meg a forr\u00f3 viaszt, m\u00edg meg nem szil\u00e1rdul,\n- gyermekekt\u0151l \u00e9s h\u00e1zi\u00e1llatokt\u00f3l tartsd t\u00e1vol.","score":0,"formatted_price":"1 500 Ft","image_url":"https:\/\/www.meska.hu\/img\/product\/small\/b\/a\/banddstudio_product_744447_260830230125_347263.jpeg","formatted_url":"https:\/\/www.meska.hu\/p5862896-pumpkin-spice-illatu-illatviasz","favourite":false,"in_stock":true,"avatar":"744447_avatar_1759920819.png","delete_from":0,"is_enhanced_background":false,"is_enhanced":false,"product_selection_started":false,"is_active":true,"image_webp_url":"https:\/\/www.meska.hu\/img\/product\/small\/b\/a\/banddstudio_product_744447_260830230125_347263.webp"},{"id":"6349289","shop_id":"50379","user_id":"744447","shop_name":"BandDStudio","shop_zip":"2740","product_code":"5862886","product_name_old":null,"product_name":"S\u00fct\u0151t\u00f6k illat\u00fa illatviasz","category_string":"Otthon & \u00c9letm\u00f3d, Gyertya, illat, aroma, Illatviasz","technic_string":"Gyertya-, m\u00e9csesk\u00e9sz\u00edt\u00e9s","category_1":"813","category_2":"415","category_3":"1391","category_4":"0","merged_category_1":null,"merged_category_2":null,"merged_category_3":null,"technic_1":"484","technic_2":"0","technic_3":"0","color_1":"516","color_2":"526","color_3":"0","product_description_old":null,"product_description":"S\u00fct\u0151t\u00f6k illat\u00fa illatviasz sz\u00f3javiaszb\u00f3l, k\u00fcl\u00f6nb\u00f6z\u0151 \u0151szi form\u00e1kkal, pr\u00e9mium illatolajjal, dobozban\/csomagban - kb. 50 g. Csod\u00e1s, intenz\u00edv illata van, belengi a lak\u00e1st.\n\nA term\u00e9k \u00e1ra egy dobozra\/csomagra vonatkozik.\n\nHaszn\u00e1lati \u00fatmutat\u00f3:\n- k\u00e9sz\u00edtsd el\u0151 a meleg\u00edt\u0151t, valamint gy\u0151z\u0151dj meg r\u00f3la, hogy tiszta \u00e9s sz\u00e1raz, miel\u0151tt hozz\u00e1kezden\u00e9l,\n-  helyezz egy illatviaszt az aromal\u00e1mp\u00e1ba vagy viaszmeleg\u00edt\u0151be,\n- gy\u00fajts meg egy team\u00e9csest, vagy kapcsold be az elektromos viaszmeleg\u00edt\u0151t.\n\nBIZTONS\u00c1GI FIGYELMEZTET\u00c9S:\n- soha ne hagyd fel\u00fcgyelet n\u00e9lk\u00fcl az illatviaszt,\n- csak h\u0151\u00e1ll\u00f3 aromal\u00e1mp\u00e1ban vagy viaszmeleg\u00edt\u0151ben haszn\u00e1ld, - haszn\u00e1lj stabil, h\u0151\u00e1ll\u00f3 fel\u00fcletet, t\u00e1vol gy\u00fal\u00e9kony anyagokt\u00f3l,\n- ne \u00e9rintsd meg a forr\u00f3 viaszt, m\u00edg meg nem szil\u00e1rdul,\n- gyermekekt\u0151l \u00e9s h\u00e1zi\u00e1llatokt\u00f3l tartsd t\u00e1vol.","price":"1500.00","unit":"cs","recommended":"0","status":"1","sponsored":"0","exp_notify":"0","own_material":"0","own_material_description_old":null,"own_material_description":"","jury":"0","jury_number":"","product_nature":"","meskaracsony":"0","create_date":"2026-08-30 23:00:57","shelve_id":"81575","image":"banddstudio_product_744447_260830225959_924333.jpeg","image_width":"480","image_height":"853","image_alt":"S\u00fct\u0151t\u00f6k illat\u00fa illatviasz, S\u00fct\u0151t\u00f6k illat\u00fa illatviasz sz\u00f3javiaszb\u00f3l, k\u00fcl\u00f6nb\u00f6z\u0151 \u0151szi form\u00e1kkal, pr\u00e9mium illatolajjal, dobozban\/cs..., Meska","image_title":"S\u00fct\u0151t\u00f6k illat\u00fa illatviasz, Meska","view_count":"20","favourite_count":"0","trending_score":"0","last2MonthFavouriteCount":"0","promotion":"0","giftcard_accept":"0","creditcard_accept":true,"enhanced_background":"0","domain":"meska","specific_customer_id":null,"specific_customer_name":null,"to_order_product":"0","to_order_product_time":"0","product_different":null,"product_different_description":"","vintage":"0","vintage_category_id":"0","recycled":"0","gemstone_id":"0","customizable":"0","type_category":"physical","zerowaste":"0","postage_price":"1290.00","shop_order":"3","has_category":"1","landing_pages":null,"microdata":{"number":79,"category":""},"title":"S\u00fct\u0151t\u00f6k illat\u00fa illatviasz","description":"S\u00fct\u0151t\u00f6k illat\u00fa illatviasz sz\u00f3javiaszb\u00f3l, k\u00fcl\u00f6nb\u00f6z\u0151 \u0151szi form\u00e1kkal, pr\u00e9mium illatolajjal, dobozban\/csomagban - kb. 50 g. Csod\u00e1s, intenz\u00edv illata van, belengi a lak\u00e1st.\n\nA term\u00e9k \u00e1ra egy dobozra\/csomagra vonatkozik.\n\nHaszn\u00e1lati \u00fatmutat\u00f3:\n- k\u00e9sz\u00edtsd el\u0151 a meleg\u00edt\u0151t, valamint gy\u0151z\u0151dj meg r\u00f3la, hogy tiszta \u00e9s sz\u00e1raz, miel\u0151tt hozz\u00e1kezden\u00e9l,\n-  helyezz egy illatviaszt az aromal\u00e1mp\u00e1ba vagy viaszmeleg\u00edt\u0151be,\n- gy\u00fajts meg egy team\u00e9csest, vagy kapcsold be az elektromos viaszmeleg\u00edt\u0151t.\n\nBIZTONS\u00c1GI FIGYELMEZTET\u00c9S:\n- soha ne hagyd fel\u00fcgyelet n\u00e9lk\u00fcl az illatviaszt,\n- csak h\u0151\u00e1ll\u00f3 aromal\u00e1mp\u00e1ban vagy viaszmeleg\u00edt\u0151ben haszn\u00e1ld, - haszn\u00e1lj stabil, h\u0151\u00e1ll\u00f3 fel\u00fcletet, t\u00e1vol gy\u00fal\u00e9kony anyagokt\u00f3l,\n- ne \u00e9rintsd meg a forr\u00f3 viaszt, m\u00edg meg nem szil\u00e1rdul,\n- gyermekekt\u0151l \u00e9s h\u00e1zi\u00e1llatokt\u00f3l tartsd t\u00e1vol.","score":0,"formatted_price":"1 500 Ft","image_url":"https:\/\/www.meska.hu\/img\/product\/small\/b\/a\/banddstudio_product_744447_260830225959_924333.jpeg","formatted_url":"https:\/\/www.meska.hu\/p5862886-sutotok-illatu-illatviasz","favourite":false,"in_stock":true,"avatar":"744447_avatar_1759920819.png","delete_from":0,"is_enhanced_background":false,"is_enhanced":false,"product_selection_started":false,"is_active":true,"image_webp_url":"https:\/\/www.meska.hu\/img\/product\/small\/b\/a\/banddstudio_product_744447_260830225959_924333.webp"},{"id":"6349283","shop_id":"50379","user_id":"744447","shop_name":"BandDStudio","shop_zip":"2740","product_code":"5862881","product_name_old":null,"product_name":"Chocolate fudge cake illat\u00fa illatviasz","category_string":"Otthon & \u00c9letm\u00f3d, Gyertya, illat, aroma, Illatviasz","technic_string":"Gyertya-, m\u00e9csesk\u00e9sz\u00edt\u00e9s","category_1":"813","category_2":"415","category_3":"1391","category_4":"0","merged_category_1":null,"merged_category_2":null,"merged_category_3":null,"technic_1":"484","technic_2":"0","technic_3":"0","color_1":"514","color_2":"0","color_3":"0","product_description_old":null,"product_description":"Chocolate fudge cake illat\u00fa illatviasz sz\u00f3javiaszb\u00f3l, k\u00fcl\u00f6nb\u00f6z\u0151 \u0151szi form\u00e1kkal, pr\u00e9mium illatolajjal, dobozban\/csomagban - kb. 50 g. Csod\u00e1s, intenz\u00edv illata van, belengi a lak\u00e1st.\n\nA term\u00e9k \u00e1ra egy dobozra\/csomagra vonatkozik.\n\nHaszn\u00e1lati \u00fatmutat\u00f3:\n- k\u00e9sz\u00edtsd el\u0151 a meleg\u00edt\u0151t, valamint gy\u0151z\u0151dj meg r\u00f3la, hogy tiszta \u00e9s sz\u00e1raz, miel\u0151tt hozz\u00e1kezden\u00e9l,\n-  helyezz egy illatviaszt az aromal\u00e1mp\u00e1ba vagy viaszmeleg\u00edt\u0151be,\n- gy\u00fajts meg egy team\u00e9csest, vagy kapcsold be az elektromos viaszmeleg\u00edt\u0151t.\n\nBIZTONS\u00c1GI FIGYELMEZTET\u00c9S:\n- soha ne hagyd fel\u00fcgyelet n\u00e9lk\u00fcl az illatviaszt,\n- csak h\u0151\u00e1ll\u00f3 aromal\u00e1mp\u00e1ban vagy viaszmeleg\u00edt\u0151ben haszn\u00e1ld, - haszn\u00e1lj stabil, h\u0151\u00e1ll\u00f3 fel\u00fcletet, t\u00e1vol gy\u00fal\u00e9kony anyagokt\u00f3l,\n- ne \u00e9rintsd meg a forr\u00f3 viaszt, m\u00edg meg nem szil\u00e1rdul,\n- gyermekekt\u0151l \u00e9s h\u00e1zi\u00e1llatokt\u00f3l tartsd t\u00e1vol.","price":"1500.00","unit":"cs","recommended":"0","status":"1","sponsored":"0","exp_notify":"0","own_material":"0","own_material_description_old":null,"own_material_description":"","jury":"0","jury_number":"","product_nature":"","meskaracsony":"0","create_date":"2026-08-30 22:59:22","shelve_id":"81575","image":"banddstudio_product_744447_260830225836_771236.jpeg","image_width":"480","image_height":"853","image_alt":"Chocolate fudge cake illat\u00fa illatviasz, Chocolate fudge cake illat\u00fa illatviasz sz\u00f3javiaszb\u00f3l, k\u00fcl\u00f6nb\u00f6z\u0151 \u0151szi form\u00e1kkal, pr\u00e9mium illatolajjal..., Meska","image_title":"Chocolate fudge cake illat\u00fa illatviasz, Meska","view_count":"23","favourite_count":"1","trending_score":"0","last2MonthFavouriteCount":"1","promotion":"0","giftcard_accept":"0","creditcard_accept":true,"enhanced_background":"0","domain":"meska","specific_customer_id":null,"specific_customer_name":null,"to_order_product":"0","to_order_product_time":"0","product_different":null,"product_different_description":"","vintage":"0","vintage_category_id":"0","recycled":"0","gemstone_id":"0","customizable":"0","type_category":"physical","zerowaste":"0","postage_price":"1290.00","shop_order":"4","has_category":"1","landing_pages":null,"microdata":{"number":80,"category":""},"title":"Chocolate fudge cake illat\u00fa illatviasz","description":"Chocolate fudge cake illat\u00fa illatviasz sz\u00f3javiaszb\u00f3l, k\u00fcl\u00f6nb\u00f6z\u0151 \u0151szi form\u00e1kkal, pr\u00e9mium illatolajjal, dobozban\/csomagban - kb. 50 g. Csod\u00e1s, intenz\u00edv illata van, belengi a lak\u00e1st.\n\nA term\u00e9k \u00e1ra egy dobozra\/csomagra vonatkozik.\n\nHaszn\u00e1lati \u00fatmutat\u00f3:\n- k\u00e9sz\u00edtsd el\u0151 a meleg\u00edt\u0151t, valamint gy\u0151z\u0151dj meg r\u00f3la, hogy tiszta \u00e9s sz\u00e1raz, miel\u0151tt hozz\u00e1kezden\u00e9l,\n-  helyezz egy illatviaszt az aromal\u00e1mp\u00e1ba vagy viaszmeleg\u00edt\u0151be,\n- gy\u00fajts meg egy team\u00e9csest, vagy kapcsold be az elektromos viaszmeleg\u00edt\u0151t.\n\nBIZTONS\u00c1GI FIGYELMEZTET\u00c9S:\n- soha ne hagyd fel\u00fcgyelet n\u00e9lk\u00fcl az illatviaszt,\n- csak h\u0151\u00e1ll\u00f3 aromal\u00e1mp\u00e1ban vagy viaszmeleg\u00edt\u0151ben haszn\u00e1ld, - haszn\u00e1lj stabil, h\u0151\u00e1ll\u00f3 fel\u00fcletet, t\u00e1vol gy\u00fal\u00e9kony anyagokt\u00f3l,\n- ne \u00e9rintsd meg a forr\u00f3 viaszt, m\u00edg meg nem szil\u00e1rdul,\n- gyermekekt\u0151l \u00e9s h\u00e1zi\u00e1llatokt\u00f3l tartsd t\u00e1vol.","score":0,"formatted_price":"1 500 Ft","image_url":"https:\/\/www.meska.hu\/img\/product\/small\/b\/a\/banddstudio_product_744447_260830225836_771236.jpeg","formatted_url":"https:\/\/www.meska.hu\/p5862881-chocolate-fudge-cake-illatu-illatviasz","favourite":false,"in_stock":true,"avatar":"744447_avatar_1759920819.png","delete_from":0,"is_enhanced_background":false,"is_enhanced":false,"product_selection_started":false,"is_active":true,"image_webp_url":"https:\/\/www.meska.hu\/img\/product\/small\/b\/a\/banddstudio_product_744447_260830225836_771236.webp"},{"id":"6349277","shop_id":"52143","user_id":"79596","shop_name":"CreativeDecoration","shop_zip":"8200","product_code":"5862876","product_name_old":null,"product_name":"Macska gyertya","category_string":"Otthon & \u00c9letm\u00f3d, Dekor\u00e1ci\u00f3, Asztal \u00e9s polc dekor\u00e1ci\u00f3, Asztald\u00edsz","technic_string":"Gyertya-, m\u00e9csesk\u00e9sz\u00edt\u00e9s","category_1":"813","category_2":"314","category_3":"1467","category_4":"789","merged_category_1":null,"merged_category_2":null,"merged_category_3":null,"technic_1":"484","technic_2":"0","technic_3":"0","color_1":"515","color_2":"0","color_3":"0","product_description_old":null,"product_description":"Ez a kedves, macska form\u00e1j\u00fa gyertya term\u00e9szetes sz\u00f3javiaszb\u00f3l, k\u00e9zzel k\u00e9sz\u00fclt. T\u00f6k\u00e9letes v\u00e1laszt\u00e1s \u00e1llatbar\u00e1toknak, macskarajong\u00f3knak, illetve mindenkinek, aki szereti az aranyos \u00e9s egyedi dekor\u00e1ci\u00f3kat.\n\nA sz\u00f3javiasz k\u00f6rnyezetbar\u00e1t alapanyag, amely tiszt\u00e1bban \u00e9s egyenletesebben \u00e9g, mint a hagyom\u00e1nyos paraffinos gyerty\u00e1k. A gyertya nemcsak hangulatos f\u00e9nyt ad, hanem dekor\u00e1ci\u00f3k\u00e9nt is sz\u00e9pen mutat polcon, asztalon vagy aj\u00e1nd\u00e9kk\u00e9nt.\n\nAz \u00e1r 1 darabra vonatkozik.\nMagass\u00e1ka kb 8 cm\n\nDekor\u00e1ci\u00f3nak \u00e9s aj\u00e1nd\u00e9knak is t\u00f6k\u00e9letes.\n\n","price":"1100.00","unit":"db","recommended":"0","status":"1","sponsored":"0","exp_notify":"0","own_material":"0","own_material_description_old":null,"own_material_description":"","jury":"0","jury_number":"","product_nature":"","meskaracsony":"0","create_date":"2026-08-30 22:58:03","shelve_id":"0","image":"creativedecoration_product_79596_260830225539_571631.png","image_width":"480","image_height":"335","image_alt":"Macska gyertya, Ez a kedves, macska form\u00e1j\u00fa gyertya term\u00e9szetes sz\u00f3javiaszb\u00f3l, k\u00e9zzel k\u00e9sz\u00fclt. T\u00f6k\u00e9letes v\u00e1laszt\u00e1s \u00e1..., Meska","image_title":"Macska gyertya, Meska","view_count":"14","favourite_count":"1","trending_score":"0","last2MonthFavouriteCount":"1","promotion":"0","giftcard_accept":"0","creditcard_accept":true,"enhanced_background":"0","domain":"meska","specific_customer_id":null,"specific_customer_name":null,"to_order_product":"1","to_order_product_time":"5","product_different":null,"product_different_description":"","vintage":"0","vintage_category_id":"0","recycled":"0","gemstone_id":"0","customizable":"0","type_category":"physical","zerowaste":"0","postage_price":"1290.00","shop_order":"0","has_category":"1","landing_pages":null,"microdata":{"number":81,"category":""},"title":"Macska gyertya","description":"Ez a kedves, macska form\u00e1j\u00fa gyertya term\u00e9szetes sz\u00f3javiaszb\u00f3l, k\u00e9zzel k\u00e9sz\u00fclt. T\u00f6k\u00e9letes v\u00e1laszt\u00e1s \u00e1llatbar\u00e1toknak, macskarajong\u00f3knak, illetve mindenkinek, aki szereti az aranyos \u00e9s egyedi dekor\u00e1ci\u00f3kat.\n\nA sz\u00f3javiasz k\u00f6rnyezetbar\u00e1t alapanyag, amely tiszt\u00e1bban \u00e9s egyenletesebben \u00e9g, mint a hagyom\u00e1nyos paraffinos gyerty\u00e1k. A gyertya nemcsak hangulatos f\u00e9nyt ad, hanem dekor\u00e1ci\u00f3k\u00e9nt is sz\u00e9pen mutat polcon, asztalon vagy aj\u00e1nd\u00e9kk\u00e9nt.\n\nAz \u00e1r 1 darabra vonatkozik.\nMagass\u00e1ka kb 8 cm\n\nDekor\u00e1ci\u00f3nak \u00e9s aj\u00e1nd\u00e9knak is t\u00f6k\u00e9letes.\n\n","score":0,"formatted_price":"1 100 Ft","image_url":"https:\/\/www.meska.hu\/img\/product\/small\/c\/r\/creativedecoration_product_79596_260830225539_571631.png","formatted_url":"https:\/\/www.meska.hu\/p5862876-macska-gyertya","favourite":false,"in_stock":false,"avatar":"79596_avatar_1773009570.jpeg","delete_from":0,"is_enhanced_background":false,"is_enhanced":false,"product_selection_started":false,"is_active":true,"image_webp_url":"https:\/\/www.meska.hu\/img\/product\/small\/c\/r\/creativedecoration_product_79596_260830225539_571631.webp"},{"id":"6349275","shop_id":"50379","user_id":"744447","shop_name":"BandDStudio","shop_zip":"2740","product_code":"5862874","product_name_old":null,"product_name":"Bergamott \u00e9s feh\u00e9r tea illat\u00fa illatviasz","category_string":"Otthon & \u00c9letm\u00f3d, Gyertya, illat, aroma, Illatviasz","technic_string":"Gyertya-, m\u00e9csesk\u00e9sz\u00edt\u00e9s","category_1":"813","category_2":"415","category_3":"1391","category_4":"0","merged_category_1":null,"merged_category_2":null,"merged_category_3":null,"technic_1":"484","technic_2":"0","technic_3":"0","color_1":"519","color_2":"529","color_3":"0","product_description_old":null,"product_description":"Bergamott \u00e9s feh\u00e9r tea illat\u00fa illatviasz sz\u00f3javiaszb\u00f3l, k\u00fcl\u00f6nb\u00f6z\u0151 \u0151szi form\u00e1kkal, pr\u00e9mium illatolajjal, dobozban\/csomagban - kb. 50 g. Csod\u00e1s, intenz\u00edv illata van, belengi a lak\u00e1st.\n\nA term\u00e9k \u00e1ra egy dobozra\/csomagra vonatkozik.\n\nHaszn\u00e1lati \u00fatmutat\u00f3:\n- k\u00e9sz\u00edtsd el\u0151 a meleg\u00edt\u0151t, valamint gy\u0151z\u0151dj meg r\u00f3la, hogy tiszta \u00e9s sz\u00e1raz, miel\u0151tt hozz\u00e1kezden\u00e9l,\n-  helyezz egy illatviaszt az aromal\u00e1mp\u00e1ba vagy viaszmeleg\u00edt\u0151be,\n- gy\u00fajts meg egy team\u00e9csest, vagy kapcsold be az elektromos viaszmeleg\u00edt\u0151t.\n\nBIZTONS\u00c1GI FIGYELMEZTET\u00c9S:\n- soha ne hagyd fel\u00fcgyelet n\u00e9lk\u00fcl az illatviaszt,\n- csak h\u0151\u00e1ll\u00f3 aromal\u00e1mp\u00e1ban vagy viaszmeleg\u00edt\u0151ben haszn\u00e1ld, - haszn\u00e1lj stabil, h\u0151\u00e1ll\u00f3 fel\u00fcletet, t\u00e1vol gy\u00fal\u00e9kony anyagokt\u00f3l,\n- ne \u00e9rintsd meg a forr\u00f3 viaszt, m\u00edg meg nem szil\u00e1rdul,\n- gyermekekt\u0151l \u00e9s h\u00e1zi\u00e1llatokt\u00f3l tartsd t\u00e1vol.","price":"1500.00","unit":"cs","recommended":"0","status":"1","sponsored":"0","exp_notify":"0","own_material":"0","own_material_description_old":null,"own_material_description":"","jury":"0","jury_number":"","product_nature":"","meskaracsony":"0","create_date":"2026-08-30 22:57:59","shelve_id":"81575","image":"banddstudio_product_744447_260830225716_445990.jpeg","image_width":"480","image_height":"853","image_alt":"Bergamott \u00e9s feh\u00e9r tea illat\u00fa illatviasz, Bergamott \u00e9s feh\u00e9r tea illat\u00fa illatviasz sz\u00f3javiaszb\u00f3l, k\u00fcl\u00f6nb\u00f6z\u0151 \u0151szi form\u00e1kkal, pr\u00e9mium illatolajj..., Meska","image_title":"Bergamott \u00e9s feh\u00e9r tea illat\u00fa illatviasz, Meska","view_count":"8","favourite_count":"0","trending_score":"0","last2MonthFavouriteCount":"0","promotion":"0","giftcard_accept":"0","creditcard_accept":true,"enhanced_background":"0","domain":"meska","specific_customer_id":null,"specific_customer_name":null,"to_order_product":"0","to_order_product_time":"0","product_different":null,"product_different_description":"","vintage":"0","vintage_category_id":"0","recycled":"0","gemstone_id":"0","customizable":"0","type_category":"physical","zerowaste":"0","postage_price":"1290.00","shop_order":"1","has_category":"1","landing_pages":null,"microdata":{"number":82,"category":""},"title":"Bergamott \u00e9s feh\u00e9r tea illat\u00fa illatviasz","description":"Bergamott \u00e9s feh\u00e9r tea illat\u00fa illatviasz sz\u00f3javiaszb\u00f3l, k\u00fcl\u00f6nb\u00f6z\u0151 \u0151szi form\u00e1kkal, pr\u00e9mium illatolajjal, dobozban\/csomagban - kb. 50 g. Csod\u00e1s, intenz\u00edv illata van, belengi a lak\u00e1st.\n\nA term\u00e9k \u00e1ra egy dobozra\/csomagra vonatkozik.\n\nHaszn\u00e1lati \u00fatmutat\u00f3:\n- k\u00e9sz\u00edtsd el\u0151 a meleg\u00edt\u0151t, valamint gy\u0151z\u0151dj meg r\u00f3la, hogy tiszta \u00e9s sz\u00e1raz, miel\u0151tt hozz\u00e1kezden\u00e9l,\n-  helyezz egy illatviaszt az aromal\u00e1mp\u00e1ba vagy viaszmeleg\u00edt\u0151be,\n- gy\u00fajts meg egy team\u00e9csest, vagy kapcsold be az elektromos viaszmeleg\u00edt\u0151t.\n\nBIZTONS\u00c1GI FIGYELMEZTET\u00c9S:\n- soha ne hagyd fel\u00fcgyelet n\u00e9lk\u00fcl az illatviaszt,\n- csak h\u0151\u00e1ll\u00f3 aromal\u00e1mp\u00e1ban vagy viaszmeleg\u00edt\u0151ben haszn\u00e1ld, - haszn\u00e1lj stabil, h\u0151\u00e1ll\u00f3 fel\u00fcletet, t\u00e1vol gy\u00fal\u00e9kony anyagokt\u00f3l,\n- ne \u00e9rintsd meg a forr\u00f3 viaszt, m\u00edg meg nem szil\u00e1rdul,\n- gyermekekt\u0151l \u00e9s h\u00e1zi\u00e1llatokt\u00f3l tartsd t\u00e1vol.","score":0,"formatted_price":"1 500 Ft","image_url":"https:\/\/www.meska.hu\/img\/product\/small\/b\/a\/banddstudio_product_744447_260830225716_445990.jpeg","formatted_url":"https:\/\/www.meska.hu\/p5862874-bergamott-es-feher-tea-illatu-illatviasz","favourite":false,"in_stock":true,"avatar":"744447_avatar_1759920819.png","delete_from":0,"is_enhanced_background":false,"is_enhanced":false,"product_selection_started":false,"is_active":true,"image_webp_url":"https:\/\/www.meska.hu\/img\/product\/small\/b\/a\/banddstudio_product_744447_260830225716_445990.webp"},{"id":"6349269","shop_id":"52439","user_id":"780322","shop_name":"NoiAuraIllatmuhely","shop_zip":"3885","product_code":"5862869","product_name_old":null,"product_name":"ANYAS\u00c1G feliratos  sz\u00f3javiasz illatgyertya ( t\u00f6bbf\u00e9le illatban)","category_string":"Otthon & \u00c9letm\u00f3d, Gyertya, illat, aroma, Gyertya","technic_string":"Gyertya-, m\u00e9csesk\u00e9sz\u00edt\u00e9s","category_1":"813","category_2":"415","category_3":"1388","category_4":"0","merged_category_1":null,"merged_category_2":null,"merged_category_3":null,"technic_1":"484","technic_2":"0","technic_3":"0","color_1":"514","color_2":"0","color_3":"0","product_description_old":null,"product_description":"ILLATV\u00c1LASZT\u00c1S:\nRendel\u00e9sn\u00e9l megjegyz\u00e9shez \u00edrd k\u00e9rlek a v\u00e1lasztott illatot, amennyiben nem v\u00e1lasztassz illatot, Madaszk\u00e1ri Van\u00edlia illatban fog elk\u00e9sz\u00fclni gyerty\u00e1d. (s\u00fcti illat! Van\u00edlia esszenci\u00e1val f\u0171szerezett pisk\u00f3ta, vagy linzer illat! Vas\u00e1rnap d\u00e9lut\u00e1ni otthon illat, mikor d\u00e9lel\u0151tt kis\u0171lt a s\u00fcti, \u00e9s ott illatozik egy t\u00e1lra kit\u00e9ve. )\n\nMi\u00e9rt v\u00e1laszd a N\u0151i Aura Illatm\u0171hely k\u00e9zm\u0171ves gyerty\u00e1it? \ud83c\udf42\n\n\u2728 Minden gyerty\u00e1m k\u00e9zzel, szeretettel k\u00e9sz\u00fcl, \u00edgy v\u00e1s\u00e1rl\u00e1soddal egy kisv\u00e1llalkoz\u00f3t is t\u00e1mogatsz.\n\ud83c\udf3f 100% pr\u00e9mium min\u0151s\u00e9g\u0171 sz\u00f3javiaszb\u00f3l k\u00e9sz\u00fclnek.\n\ud83c\udf38 Pr\u00e9mium illatolajokkal dolgozom, hogy az \u0151szi hangulat igaz\u00e1n k\u00fcl\u00f6nleges legyen.\n\ud83d\udd6f\ufe0f A gyerty\u00e1khoz 100% pamut kan\u00f3cot haszn\u00e1lok.\n\ud83e\udd0e 4000 Ft-\u00e9rt 180 ml-es kiszerel\u00e9st kapsz, amelynek \u00e9g\u00e9si ideje megfelel\u0151 haszn\u00e1lat mellett k\u00f6r\u00fclbel\u00fcl 35\u201340 \u00f3ra.\n\ud83c\udff7\ufe0f A c\u00edmk\u00e9im egyedileg k\u00e9sz\u00fclnek, k\u00fcl\u00f6nlegesek \u00e9s nem tal\u00e1lod meg \u0151ket a boltok polcain. \ud83d\ude0a\n\n\ud83c\udf4e Az \u0151szi kollekci\u00f3ban olyan ellen\u00e1llhatatlan illatok v\u00e1rnak, amelyek pillanatok alatt meghitt, kuck\u00f3z\u00f3s hangulatot var\u00e1zsolnak otthonodba.\n\nFontos a megfelel\u0151 els\u0151 \u00e9get\u00e9s!\nAz els\u0151 haszn\u00e1lat sor\u00e1n \u00e9rdemes a gyerty\u00e1t 2\u20133 \u00f3r\u00e1n kereszt\u00fcl folyamatosan \u00e9gni hagyni, hogy a viasz a teljes fel\u00fcleten felolvadjon. Ez seg\u00edt elker\u00fclni az \u00fagynevezett alag\u00fat\u00e9g\u00e9st, \u00e9s hozz\u00e1j\u00e1rul ahhoz, hogy a gyerty\u00e1d a lehet\u0151 legtov\u00e1bb \u00e9lvezhesd.\n\n\u2702\ufe0f Minden \u00fajragy\u00fajt\u00e1s el\u0151tt v\u00e1gd vissza a kan\u00f3c elszenesedett v\u00e9g\u00e9t kb. 5 mm-re, \u00edgy a gyerty\u00e1d szebben \u00e9s egyenletesebben fog \u00e9gni.\n\n\ud83e\udd0e N\u0151i Aura Illatm\u0171hely \u2013 k\u00e9zzel k\u00e9sz\u00edtve, sz\u00edvb\u0151l neked.\n\ud83d\udd6f\ufe0f GYERTYAHASZN\u00c1LATI \u00daTMUTAT\u00d3\n\nA gyerty\u00e1d hossz\u00fa \u00e9lettartam\u00e1\u00e9rt \u00e9s a biztons\u00e1gos haszn\u00e1lat\u00e9rt k\u00e9rj\u00fck, tartsd be az al\u00e1bbiakat! \ud83e\udd0e\n\n\ud83d\udd6f\ufe0f ELS\u0150 \u00c9GET\u00c9S\n\nAz els\u0151 alkalommal \u00e9gesd a gyerty\u00e1t 2\u20133 \u00f3r\u00e1n kereszt\u00fcl, hogy a viasz a teljes fel\u00fcleten egyenletesen felolvadjon.\n\nEz seg\u00edt megel\u0151zni az \u00fagynevezett alag\u00fat\u00e9g\u00e9st, \u00e9s biztos\u00edtja, hogy a gyerty\u00e1d a k\u00e9s\u0151bbiekben is sz\u00e9pen, egyenletesen \u00e9gjen.\n\n\u2702\ufe0f KAN\u00d3C\u00c1POL\u00c1S\n\nMinden \u00fajragy\u00fajt\u00e1s el\u0151tt v\u00e1gd vissza a kan\u00f3c elszenesedett v\u00e9g\u00e9t kb. 5 mm hossz\u00fas\u00e1g\u00fara.\n\nA megfelel\u0151 kan\u00f3chossz seg\u00edt abban, hogy a l\u00e1ng ne legyen t\u00fal nagy, a gyertya kev\u00e9sb\u00e9 f\u00fcst\u00f6lj\u00f6n, \u00e9s egyenletesebben \u00e9gjen.\n\n\u23f1\ufe0f NE \u00c9GESD T\u00daL SOK\u00c1IG!\n\nEgy alkalommal lehet\u0151leg 4 \u00f3r\u00e1n\u00e1l tov\u00e1bb ne \u00e9gesd a gyerty\u00e1t.\n\nHosszabb \u00e9g\u00e9s eset\u00e9n az ed\u00e9ny t\u00falmelegedhet, ez\u00e9rt mindig hagyd kih\u0171lni, miel\u0151tt \u00fajra meggy\u00fajtod.\n\n\ud83d\udd25 SOHA NE HAGYD FEL\u00dcGYELET N\u00c9LK\u00dcL!\n\nAz \u00e9g\u0151 gyerty\u00e1t soha ne hagyd \u0151rizetlen\u00fcl!\n\nTartsd t\u00e1vol gyermekekt\u0151l, h\u00e1zi\u00e1llatokt\u00f3l, f\u00fcgg\u00f6nyt\u0151l, pap\u00edrt\u00f3l \u00e9s minden gy\u00fal\u00e9kony t\u00e1rgyt\u00f3l.\n\n\ud83d\udca8 HUZATT\u00d3L V\u00c9DD!\n\nNe helyezd a gyerty\u00e1t huzatos helyre, ventil\u00e1tor vagy nyitott ablak k\u00f6zvetlen k\u00f6zel\u00e9be.\n\nA huzat egyenetlen \u00e9g\u00e9st, kormoz\u00e1st \u00e9s nagyobb l\u00e1ngot okozhat.\n\n\ud83d\udd6f\ufe0f ELHELYEZ\u00c9S\n\nMindig stabil, h\u0151\u00e1ll\u00f3 \u00e9s v\u00edzszintes fel\u00fcletre helyezd.\n\nNe mozgasd a gyerty\u00e1t \u00e9g\u00e9s k\u00f6zben vagy k\u00f6zvetlen\u00fcl az elolt\u00e1sa ut\u00e1n, am\u00edg a viasz \u00e9s az ed\u00e9ny forr\u00f3.\n\n\ud83d\udeab NE \u00c9GESD LE TELJESEN!\n\nNe haszn\u00e1ld tov\u00e1bb a gyerty\u00e1t, ha m\u00e1r csak kb. 1 cm viasz maradt az ed\u00e9ny alj\u00e1n.\n\n\u00cdgy elker\u00fclhet\u0151 az ed\u00e9ny t\u00falzott felmeleged\u00e9se.\n\n\ud83d\udca7 V\u00cdZZEL NE OLDD EL!\n\nA gyerty\u00e1t soha ne oltsd el v\u00edzzel!\n\nAz olt\u00e1shoz haszn\u00e1lj gyertyaolt\u00f3t, vagy \u00f3vatosan f\u00fajd el a l\u00e1ngot.\n\n\ud83d\udc43 ILLATOS\u00cdT\u00c1S\n\nAz illat intenzit\u00e1sa f\u00fcgg a helyis\u00e9g m\u00e9ret\u00e9t\u0151l, szell\u0151z\u00e9s\u00e9t\u0151l \u00e9s az \u00e9g\u00e9si id\u0151t\u0151l is.\n\nA pr\u00e9mium illatolajoknak k\u00f6sz\u00f6nhet\u0151en a gyertya \u00e9g\u00e9s k\u00f6zben kellemes, hosszan tart\u00f3 illatot biztos\u00edt.\n\n---\n\n\u26a0\ufe0f BIZTONS\u00c1GI FIGYELMEZTET\u00c9S\n\n\ud83d\udd25 \u00c9g\u0151 gyerty\u00e1t soha ne hagyj fel\u00fcgyelet n\u00e9lk\u00fcl!\n\ud83d\udc76 Gyermekekt\u0151l elz\u00e1rva tartand\u00f3.\n\ud83d\udc3e H\u00e1zi\u00e1llatokt\u00f3l t\u00e1vol tartand\u00f3.\n\ud83c\udf2c\ufe0f Huzatt\u00f3l t\u00e1vol tartand\u00f3.\n\ud83d\udd25 Gy\u00fal\u00e9kony anyagokt\u00f3l t\u00e1vol haszn\u00e1ld.\n\ud83e\uded9 A gyertya ed\u00e9nye haszn\u00e1lat k\u00f6zben felforr\u00f3sodhat.\n\ud83d\udeab Ne mozgasd az \u00e9g\u0151 vagy forr\u00f3 gyerty\u00e1t.\n\ud83d\udca7 V\u00edzzel ne oltsd el.\n\n\ud83e\udd0e K\u00f6sz\u00f6n\u00f6m, hogy a N\u0151i Aura Illatm\u0171helyt v\u00e1lasztottad!\n\nMinden gyerty\u00e1m k\u00e9zzel, gondosan \u00e9s szeretettel k\u00e9sz\u00fcl, hogy egy kis melegs\u00e9get \u00e9s k\u00fcl\u00f6nleges hangulatot vigyen az otthonodba.\n\n\u00c9lvezd a l\u00e1ngot, az illatot \u00e9s az \u0151szi kuck\u00f3z\u00e1s minden pillanat\u00e1t! \ud83c\udf42\ud83d\udd6f\ufe0f\n\nN\u0151i Aura Illatm\u0171hely\nk\u00e9zzel k\u00e9sz\u00edtve, sz\u00edvb\u0151l neked \ud83e\udd0e\n","price":"4000.00","unit":"db","recommended":"0","status":"1","sponsored":"0","exp_notify":"0","own_material":"0","own_material_description_old":null,"own_material_description":"","jury":"0","jury_number":"","product_nature":"","meskaracsony":"0","create_date":"2026-08-30 22:56:49","shelve_id":"0","image":"noiauraillatmuhely_product_780322_260830222213_681.jpeg","image_width":"480","image_height":"640","image_alt":"ANYAS\u00c1G feliratos  sz\u00f3javiasz illatgyertya ( t\u00f6bbf\u00e9le illatban), ILLATV\u00c1LASZT\u00c1S:\\nRendel\u00e9sn\u00e9l megjegyz\u00e9shez \u00edrd k\u00e9rlek a v\u00e1lasztott illatot, amennyiben nem v\u00e1lasztass..., Meska","image_title":"ANYAS\u00c1G feliratos  sz\u00f3javiasz illatgyertya ( t\u00f6bbf\u00e9le illatban), Meska","view_count":"15","favourite_count":"1","trending_score":"0","last2MonthFavouriteCount":"1","promotion":"0","giftcard_accept":"0","creditcard_accept":true,"enhanced_background":"0","domain":"meska","specific_customer_id":null,"specific_customer_name":null,"to_order_product":"1","to_order_product_time":"3","product_different":null,"product_different_description":"","vintage":"0","vintage_category_id":"0","recycled":"0","gemstone_id":"0","customizable":"0","type_category":"physical","zerowaste":"0","postage_price":"1290.00","shop_order":"0","has_category":"1","landing_pages":null,"microdata":{"number":83,"category":""},"title":"ANYAS\u00c1G feliratos  sz\u00f3javiasz illatgyertya ( t\u00f6bbf\u00e9le illatban)","description":"ILLATV\u00c1LASZT\u00c1S:\nRendel\u00e9sn\u00e9l megjegyz\u00e9shez \u00edrd k\u00e9rlek a v\u00e1lasztott illatot, amennyiben nem v\u00e1lasztassz illatot, Madaszk\u00e1ri Van\u00edlia illatban fog elk\u00e9sz\u00fclni gyerty\u00e1d. (s\u00fcti illat! Van\u00edlia esszenci\u00e1val f\u0171szerezett pisk\u00f3ta, vagy linzer illat! Vas\u00e1rnap d\u00e9lut\u00e1ni otthon illat, mikor d\u00e9lel\u0151tt kis\u0171lt a s\u00fcti, \u00e9s ott illatozik egy t\u00e1lra kit\u00e9ve. )\n\nMi\u00e9rt v\u00e1laszd a N\u0151i Aura Illatm\u0171hely k\u00e9zm\u0171ves gyerty\u00e1it? \ud83c\udf42\n\n\u2728 Minden gyerty\u00e1m k\u00e9zzel, szeretettel k\u00e9sz\u00fcl, \u00edgy v\u00e1s\u00e1rl\u00e1soddal egy kisv\u00e1llalkoz\u00f3t is t\u00e1mogatsz.\n\ud83c\udf3f 100% pr\u00e9mium min\u0151s\u00e9g\u0171 sz\u00f3javiaszb\u00f3l k\u00e9sz\u00fclnek.\n\ud83c\udf38 Pr\u00e9mium illatolajokkal dolgozom, hogy az \u0151szi hangulat igaz\u00e1n k\u00fcl\u00f6nleges legyen.\n\ud83d\udd6f\ufe0f A gyerty\u00e1khoz 100% pamut kan\u00f3cot haszn\u00e1lok.\n\ud83e\udd0e 4000 Ft-\u00e9rt 180 ml-es kiszerel\u00e9st kapsz, amelynek \u00e9g\u00e9si ideje megfelel\u0151 haszn\u00e1lat mellett k\u00f6r\u00fclbel\u00fcl 35\u201340 \u00f3ra.\n\ud83c\udff7\ufe0f A c\u00edmk\u00e9im egyedileg k\u00e9sz\u00fclnek, k\u00fcl\u00f6nlegesek \u00e9s nem tal\u00e1lod meg \u0151ket a boltok polcain. \ud83d\ude0a\n\n\ud83c\udf4e Az \u0151szi kollekci\u00f3ban olyan ellen\u00e1llhatatlan illatok v\u00e1rnak, amelyek pillanatok alatt meghitt, kuck\u00f3z\u00f3s hangulatot var\u00e1zsolnak otthonodba.\n\nFontos a megfelel\u0151 els\u0151 \u00e9get\u00e9s!\nAz els\u0151 haszn\u00e1lat sor\u00e1n \u00e9rdemes a gyerty\u00e1t 2\u20133 \u00f3r\u00e1n kereszt\u00fcl folyamatosan \u00e9gni hagyni, hogy a viasz a teljes fel\u00fcleten felolvadjon. Ez seg\u00edt elker\u00fclni az \u00fagynevezett alag\u00fat\u00e9g\u00e9st, \u00e9s hozz\u00e1j\u00e1rul ahhoz, hogy a gyerty\u00e1d a lehet\u0151 legtov\u00e1bb \u00e9lvezhesd.\n\n\u2702\ufe0f Minden \u00fajragy\u00fajt\u00e1s el\u0151tt v\u00e1gd vissza a kan\u00f3c elszenesedett v\u00e9g\u00e9t kb. 5 mm-re, \u00edgy a gyerty\u00e1d szebben \u00e9s egyenletesebben fog \u00e9gni.\n\n\ud83e\udd0e N\u0151i Aura Illatm\u0171hely \u2013 k\u00e9zzel k\u00e9sz\u00edtve, sz\u00edvb\u0151l neked.\n\ud83d\udd6f\ufe0f GYERTYAHASZN\u00c1LATI \u00daTMUTAT\u00d3\n\nA gyerty\u00e1d hossz\u00fa \u00e9lettartam\u00e1\u00e9rt \u00e9s a biztons\u00e1gos haszn\u00e1lat\u00e9rt k\u00e9rj\u00fck, tartsd be az al\u00e1bbiakat! \ud83e\udd0e\n\n\ud83d\udd6f\ufe0f ELS\u0150 \u00c9GET\u00c9S\n\nAz els\u0151 alkalommal \u00e9gesd a gyerty\u00e1t 2\u20133 \u00f3r\u00e1n kereszt\u00fcl, hogy a viasz a teljes fel\u00fcleten egyenletesen felolvadjon.\n\nEz seg\u00edt megel\u0151zni az \u00fagynevezett alag\u00fat\u00e9g\u00e9st, \u00e9s biztos\u00edtja, hogy a gyerty\u00e1d a k\u00e9s\u0151bbiekben is sz\u00e9pen, egyenletesen \u00e9gjen.\n\n\u2702\ufe0f KAN\u00d3C\u00c1POL\u00c1S\n\nMinden \u00fajragy\u00fajt\u00e1s el\u0151tt v\u00e1gd vissza a kan\u00f3c elszenesedett v\u00e9g\u00e9t kb. 5 mm hossz\u00fas\u00e1g\u00fara.\n\nA megfelel\u0151 kan\u00f3chossz seg\u00edt abban, hogy a l\u00e1ng ne legyen t\u00fal nagy, a gyertya kev\u00e9sb\u00e9 f\u00fcst\u00f6lj\u00f6n, \u00e9s egyenletesebben \u00e9gjen.\n\n\u23f1\ufe0f NE \u00c9GESD T\u00daL SOK\u00c1IG!\n\nEgy alkalommal lehet\u0151leg 4 \u00f3r\u00e1n\u00e1l tov\u00e1bb ne \u00e9gesd a gyerty\u00e1t.\n\nHosszabb \u00e9g\u00e9s eset\u00e9n az ed\u00e9ny t\u00falmelegedhet, ez\u00e9rt mindig hagyd kih\u0171lni, miel\u0151tt \u00fajra meggy\u00fajtod.\n\n\ud83d\udd25 SOHA NE HAGYD FEL\u00dcGYELET N\u00c9LK\u00dcL!\n\nAz \u00e9g\u0151 gyerty\u00e1t soha ne hagyd \u0151rizetlen\u00fcl!\n\nTartsd t\u00e1vol gyermekekt\u0151l, h\u00e1zi\u00e1llatokt\u00f3l, f\u00fcgg\u00f6nyt\u0151l, pap\u00edrt\u00f3l \u00e9s minden gy\u00fal\u00e9kony t\u00e1rgyt\u00f3l.\n\n\ud83d\udca8 HUZATT\u00d3L V\u00c9DD!\n\nNe helyezd a gyerty\u00e1t huzatos helyre, ventil\u00e1tor vagy nyitott ablak k\u00f6zvetlen k\u00f6zel\u00e9be.\n\nA huzat egyenetlen \u00e9g\u00e9st, kormoz\u00e1st \u00e9s nagyobb l\u00e1ngot okozhat.\n\n\ud83d\udd6f\ufe0f ELHELYEZ\u00c9S\n\nMindig stabil, h\u0151\u00e1ll\u00f3 \u00e9s v\u00edzszintes fel\u00fcletre helyezd.\n\nNe mozgasd a gyerty\u00e1t \u00e9g\u00e9s k\u00f6zben vagy k\u00f6zvetlen\u00fcl az elolt\u00e1sa ut\u00e1n, am\u00edg a viasz \u00e9s az ed\u00e9ny forr\u00f3.\n\n\ud83d\udeab NE \u00c9GESD LE TELJESEN!\n\nNe haszn\u00e1ld tov\u00e1bb a gyerty\u00e1t, ha m\u00e1r csak kb. 1 cm viasz maradt az ed\u00e9ny alj\u00e1n.\n\n\u00cdgy elker\u00fclhet\u0151 az ed\u00e9ny t\u00falzott felmeleged\u00e9se.\n\n\ud83d\udca7 V\u00cdZZEL NE OLDD EL!\n\nA gyerty\u00e1t soha ne oltsd el v\u00edzzel!\n\nAz olt\u00e1shoz haszn\u00e1lj gyertyaolt\u00f3t, vagy \u00f3vatosan f\u00fajd el a l\u00e1ngot.\n\n\ud83d\udc43 ILLATOS\u00cdT\u00c1S\n\nAz illat intenzit\u00e1sa f\u00fcgg a helyis\u00e9g m\u00e9ret\u00e9t\u0151l, szell\u0151z\u00e9s\u00e9t\u0151l \u00e9s az \u00e9g\u00e9si id\u0151t\u0151l is.\n\nA pr\u00e9mium illatolajoknak k\u00f6sz\u00f6nhet\u0151en a gyertya \u00e9g\u00e9s k\u00f6zben kellemes, hosszan tart\u00f3 illatot biztos\u00edt.\n\n---\n\n\u26a0\ufe0f BIZTONS\u00c1GI FIGYELMEZTET\u00c9S\n\n\ud83d\udd25 \u00c9g\u0151 gyerty\u00e1t soha ne hagyj fel\u00fcgyelet n\u00e9lk\u00fcl!\n\ud83d\udc76 Gyermekekt\u0151l elz\u00e1rva tartand\u00f3.\n\ud83d\udc3e H\u00e1zi\u00e1llatokt\u00f3l t\u00e1vol tartand\u00f3.\n\ud83c\udf2c\ufe0f Huzatt\u00f3l t\u00e1vol tartand\u00f3.\n\ud83d\udd25 Gy\u00fal\u00e9kony anyagokt\u00f3l t\u00e1vol haszn\u00e1ld.\n\ud83e\uded9 A gyertya ed\u00e9nye haszn\u00e1lat k\u00f6zben felforr\u00f3sodhat.\n\ud83d\udeab Ne mozgasd az \u00e9g\u0151 vagy forr\u00f3 gyerty\u00e1t.\n\ud83d\udca7 V\u00edzzel ne oltsd el.\n\n\ud83e\udd0e K\u00f6sz\u00f6n\u00f6m, hogy a N\u0151i Aura Illatm\u0171helyt v\u00e1lasztottad!\n\nMinden gyerty\u00e1m k\u00e9zzel, gondosan \u00e9s szeretettel k\u00e9sz\u00fcl, hogy egy kis melegs\u00e9get \u00e9s k\u00fcl\u00f6nleges hangulatot vigyen az otthonodba.\n\n\u00c9lvezd a l\u00e1ngot, az illatot \u00e9s az \u0151szi kuck\u00f3z\u00e1s minden pillanat\u00e1t! \ud83c\udf42\ud83d\udd6f\ufe0f\n\nN\u0151i Aura Illatm\u0171hely\nk\u00e9zzel k\u00e9sz\u00edtve, sz\u00edvb\u0151l neked \ud83e\udd0e\n","score":0,"formatted_price":"4 000 Ft","image_url":"https:\/\/www.meska.hu\/img\/product\/small\/n\/o\/noiauraillatmuhely_product_780322_260830222213_681.jpeg","formatted_url":"https:\/\/www.meska.hu\/p5862869-anyasag-feliratos-szojaviasz-illatgyertya-tobbfele-illatban","favourite":false,"in_stock":false,"avatar":"780322_avatar_1775157271.png","delete_from":0,"is_enhanced_background":false,"is_enhanced":false,"product_selection_started":false,"is_active":true,"image_webp_url":"https:\/\/www.meska.hu\/img\/product\/small\/n\/o\/noiauraillatmuhely_product_780322_260830222213_681.webp"},{"id":"6349267","shop_id":"50379","user_id":"744447","shop_name":"BandDStudio","shop_zip":"2740","product_code":"5862867","product_name_old":null,"product_name":"Sz\u0151l\u0151 illat\u00fa illatviasz","category_string":"Otthon & \u00c9letm\u00f3d, Gyertya, illat, aroma, Illatviasz","technic_string":"Gyertya-, m\u00e9csesk\u00e9sz\u00edt\u00e9s","category_1":"813","category_2":"415","category_3":"1391","category_4":"0","merged_category_1":null,"merged_category_2":null,"merged_category_3":null,"technic_1":"484","technic_2":"0","technic_3":"0","color_1":"522","color_2":"0","color_3":"0","product_description_old":null,"product_description":"Sz\u0151l\u0151 illat\u00fa illatviasz sz\u00f3javiaszb\u00f3l, k\u00fcl\u00f6nb\u00f6z\u0151 \u0151szi form\u00e1kkal, pr\u00e9mium illatolajjal, dobozban\/csomagban - kb. 50 g. Csod\u00e1s, intenz\u00edv illata van, belengi a lak\u00e1st.\n\nA term\u00e9k \u00e1ra egy dobozra\/csomagra vonatkozik.\n\nHaszn\u00e1lati \u00fatmutat\u00f3:\n- k\u00e9sz\u00edtsd el\u0151 a meleg\u00edt\u0151t, valamint gy\u0151z\u0151dj meg r\u00f3la, hogy tiszta \u00e9s sz\u00e1raz, miel\u0151tt hozz\u00e1kezden\u00e9l,\n-  helyezz egy illatviaszt az aromal\u00e1mp\u00e1ba vagy viaszmeleg\u00edt\u0151be,\n- gy\u00fajts meg egy team\u00e9csest, vagy kapcsold be az elektromos viaszmeleg\u00edt\u0151t.\n\nBIZTONS\u00c1GI FIGYELMEZTET\u00c9S:\n- soha ne hagyd fel\u00fcgyelet n\u00e9lk\u00fcl az illatviaszt,\n- csak h\u0151\u00e1ll\u00f3 aromal\u00e1mp\u00e1ban vagy viaszmeleg\u00edt\u0151ben haszn\u00e1ld, - haszn\u00e1lj stabil, h\u0151\u00e1ll\u00f3 fel\u00fcletet, t\u00e1vol gy\u00fal\u00e9kony anyagokt\u00f3l,\n- ne \u00e9rintsd meg a forr\u00f3 viaszt, m\u00edg meg nem szil\u00e1rdul,\n- gyermekekt\u0151l \u00e9s h\u00e1zi\u00e1llatokt\u00f3l tartsd t\u00e1vol.","price":"1500.00","unit":"cs","recommended":"0","status":"1","sponsored":"0","exp_notify":"0","own_material":"0","own_material_description_old":null,"own_material_description":"","jury":"0","jury_number":"","product_nature":"","meskaracsony":"0","create_date":"2026-08-30 22:56:23","shelve_id":"81575","image":"banddstudio_product_744447_260830225558_041725.jpeg","image_width":"480","image_height":"853","image_alt":"Sz\u0151l\u0151 illat\u00fa illatviasz, Sz\u0151l\u0151 illat\u00fa illatviasz sz\u00f3javiaszb\u00f3l, k\u00fcl\u00f6nb\u00f6z\u0151 \u0151szi form\u00e1kkal, pr\u00e9mium illatolajjal, dobozban\/csom..., Meska","image_title":"Sz\u0151l\u0151 illat\u00fa illatviasz, Meska","view_count":"9","favourite_count":"0","trending_score":"0","last2MonthFavouriteCount":"0","promotion":"0","giftcard_accept":"0","creditcard_accept":true,"enhanced_background":"0","domain":"meska","specific_customer_id":null,"specific_customer_name":null,"to_order_product":"0","to_order_product_time":"0","product_different":null,"product_different_description":"","vintage":"0","vintage_category_id":"0","recycled":"0","gemstone_id":"0","customizable":"0","type_category":"physical","zerowaste":"0","postage_price":"1290.00","shop_order":"1","has_category":"1","landing_pages":null,"microdata":{"number":84,"category":""},"title":"Sz\u0151l\u0151 illat\u00fa illatviasz","description":"Sz\u0151l\u0151 illat\u00fa illatviasz sz\u00f3javiaszb\u00f3l, k\u00fcl\u00f6nb\u00f6z\u0151 \u0151szi form\u00e1kkal, pr\u00e9mium illatolajjal, dobozban\/csomagban - kb. 50 g. Csod\u00e1s, intenz\u00edv illata van, belengi a lak\u00e1st.\n\nA term\u00e9k \u00e1ra egy dobozra\/csomagra vonatkozik.\n\nHaszn\u00e1lati \u00fatmutat\u00f3:\n- k\u00e9sz\u00edtsd el\u0151 a meleg\u00edt\u0151t, valamint gy\u0151z\u0151dj meg r\u00f3la, hogy tiszta \u00e9s sz\u00e1raz, miel\u0151tt hozz\u00e1kezden\u00e9l,\n-  helyezz egy illatviaszt az aromal\u00e1mp\u00e1ba vagy viaszmeleg\u00edt\u0151be,\n- gy\u00fajts meg egy team\u00e9csest, vagy kapcsold be az elektromos viaszmeleg\u00edt\u0151t.\n\nBIZTONS\u00c1GI FIGYELMEZTET\u00c9S:\n- soha ne hagyd fel\u00fcgyelet n\u00e9lk\u00fcl az illatviaszt,\n- csak h\u0151\u00e1ll\u00f3 aromal\u00e1mp\u00e1ban vagy viaszmeleg\u00edt\u0151ben haszn\u00e1ld, - haszn\u00e1lj stabil, h\u0151\u00e1ll\u00f3 fel\u00fcletet, t\u00e1vol gy\u00fal\u00e9kony anyagokt\u00f3l,\n- ne \u00e9rintsd meg a forr\u00f3 viaszt, m\u00edg meg nem szil\u00e1rdul,\n- gyermekekt\u0151l \u00e9s h\u00e1zi\u00e1llatokt\u00f3l tartsd t\u00e1vol.","score":0,"formatted_price":"1 500 Ft","image_url":"https:\/\/www.meska.hu\/img\/product\/small\/b\/a\/banddstudio_product_744447_260830225558_041725.jpeg","formatted_url":"https:\/\/www.meska.hu\/p5862867-szolo-illatu-illatviasz","favourite":false,"in_stock":true,"avatar":"744447_avatar_1759920819.png","delete_from":0,"is_enhanced_background":false,"is_enhanced":false,"product_selection_started":false,"is_active":true,"image_webp_url":"https:\/\/www.meska.hu\/img\/product\/small\/b\/a\/banddstudio_product_744447_260830225558_041725.webp"},{"id":"6349259","shop_id":"52439","user_id":"780322","shop_name":"NoiAuraIllatmuhely","shop_zip":"3885","product_code":"5862859","product_name_old":null,"product_name":"KAR\u00c1CSONYI feliratos  sz\u00f3javiasz illatgyertya ( t\u00f6bbf\u00e9le illatban)","category_string":"Otthon & \u00c9letm\u00f3d, Gyertya, illat, aroma, Gyertya","technic_string":"Gyertya-, m\u00e9csesk\u00e9sz\u00edt\u00e9s","category_1":"813","category_2":"415","category_3":"1388","category_4":"0","merged_category_1":null,"merged_category_2":null,"merged_category_3":null,"technic_1":"484","technic_2":"0","technic_3":"0","color_1":"514","color_2":"0","color_3":"0","product_description_old":null,"product_description":"ILLATV\u00c1LASZT\u00c1S:\nRendel\u00e9sn\u00e9l megjegyz\u00e9shez \u00edrd k\u00e9rlek a v\u00e1lasztott illatot, amennyiben nem v\u00e1lasztassz illatot, Madaszk\u00e1ri Van\u00edlia illatban fog elk\u00e9sz\u00fclni gyerty\u00e1d. (s\u00fcti illat! Van\u00edlia esszenci\u00e1val f\u0171szerezett pisk\u00f3ta, vagy linzer illat! Vas\u00e1rnap d\u00e9lut\u00e1ni otthon illat, mikor d\u00e9lel\u0151tt kis\u0171lt a s\u00fcti, \u00e9s ott illatozik egy t\u00e1lra kit\u00e9ve. )\n\nMi\u00e9rt v\u00e1laszd a N\u0151i Aura Illatm\u0171hely k\u00e9zm\u0171ves gyerty\u00e1it? \ud83c\udf42\n\n\u2728 Minden gyerty\u00e1m k\u00e9zzel, szeretettel k\u00e9sz\u00fcl, \u00edgy v\u00e1s\u00e1rl\u00e1soddal egy kisv\u00e1llalkoz\u00f3t is t\u00e1mogatsz.\n\ud83c\udf3f 100% pr\u00e9mium min\u0151s\u00e9g\u0171 sz\u00f3javiaszb\u00f3l k\u00e9sz\u00fclnek.\n\ud83c\udf38 Pr\u00e9mium illatolajokkal dolgozom, hogy az \u0151szi hangulat igaz\u00e1n k\u00fcl\u00f6nleges legyen.\n\ud83d\udd6f\ufe0f A gyerty\u00e1khoz 100% pamut kan\u00f3cot haszn\u00e1lok.\n\ud83e\udd0e 4000 Ft-\u00e9rt 180 ml-es kiszerel\u00e9st kapsz, amelynek \u00e9g\u00e9si ideje megfelel\u0151 haszn\u00e1lat mellett k\u00f6r\u00fclbel\u00fcl 35\u201340 \u00f3ra.\n\ud83c\udff7\ufe0f A c\u00edmk\u00e9im egyedileg k\u00e9sz\u00fclnek, k\u00fcl\u00f6nlegesek \u00e9s nem tal\u00e1lod meg \u0151ket a boltok polcain. \ud83d\ude0a\n\n\ud83c\udf4e Az \u0151szi kollekci\u00f3ban olyan ellen\u00e1llhatatlan illatok v\u00e1rnak, amelyek pillanatok alatt meghitt, kuck\u00f3z\u00f3s hangulatot var\u00e1zsolnak otthonodba.\n\nFontos a megfelel\u0151 els\u0151 \u00e9get\u00e9s!\nAz els\u0151 haszn\u00e1lat sor\u00e1n \u00e9rdemes a gyerty\u00e1t 2\u20133 \u00f3r\u00e1n kereszt\u00fcl folyamatosan \u00e9gni hagyni, hogy a viasz a teljes fel\u00fcleten felolvadjon. Ez seg\u00edt elker\u00fclni az \u00fagynevezett alag\u00fat\u00e9g\u00e9st, \u00e9s hozz\u00e1j\u00e1rul ahhoz, hogy a gyerty\u00e1d a lehet\u0151 legtov\u00e1bb \u00e9lvezhesd.\n\n\u2702\ufe0f Minden \u00fajragy\u00fajt\u00e1s el\u0151tt v\u00e1gd vissza a kan\u00f3c elszenesedett v\u00e9g\u00e9t kb. 5 mm-re, \u00edgy a gyerty\u00e1d szebben \u00e9s egyenletesebben fog \u00e9gni.\n\n\ud83e\udd0e N\u0151i Aura Illatm\u0171hely \u2013 k\u00e9zzel k\u00e9sz\u00edtve, sz\u00edvb\u0151l neked.\n\ud83d\udd6f\ufe0f GYERTYAHASZN\u00c1LATI \u00daTMUTAT\u00d3\n\nA gyerty\u00e1d hossz\u00fa \u00e9lettartam\u00e1\u00e9rt \u00e9s a biztons\u00e1gos haszn\u00e1lat\u00e9rt k\u00e9rj\u00fck, tartsd be az al\u00e1bbiakat! \ud83e\udd0e\n\n\ud83d\udd6f\ufe0f ELS\u0150 \u00c9GET\u00c9S\n\nAz els\u0151 alkalommal \u00e9gesd a gyerty\u00e1t 2\u20133 \u00f3r\u00e1n kereszt\u00fcl, hogy a viasz a teljes fel\u00fcleten egyenletesen felolvadjon.\n\nEz seg\u00edt megel\u0151zni az \u00fagynevezett alag\u00fat\u00e9g\u00e9st, \u00e9s biztos\u00edtja, hogy a gyerty\u00e1d a k\u00e9s\u0151bbiekben is sz\u00e9pen, egyenletesen \u00e9gjen.\n\n\u2702\ufe0f KAN\u00d3C\u00c1POL\u00c1S\n\nMinden \u00fajragy\u00fajt\u00e1s el\u0151tt v\u00e1gd vissza a kan\u00f3c elszenesedett v\u00e9g\u00e9t kb. 5 mm hossz\u00fas\u00e1g\u00fara.\n\nA megfelel\u0151 kan\u00f3chossz seg\u00edt abban, hogy a l\u00e1ng ne legyen t\u00fal nagy, a gyertya kev\u00e9sb\u00e9 f\u00fcst\u00f6lj\u00f6n, \u00e9s egyenletesebben \u00e9gjen.\n\n\u23f1\ufe0f NE \u00c9GESD T\u00daL SOK\u00c1IG!\n\nEgy alkalommal lehet\u0151leg 4 \u00f3r\u00e1n\u00e1l tov\u00e1bb ne \u00e9gesd a gyerty\u00e1t.\n\nHosszabb \u00e9g\u00e9s eset\u00e9n az ed\u00e9ny t\u00falmelegedhet, ez\u00e9rt mindig hagyd kih\u0171lni, miel\u0151tt \u00fajra meggy\u00fajtod.\n\n\ud83d\udd25 SOHA NE HAGYD FEL\u00dcGYELET N\u00c9LK\u00dcL!\n\nAz \u00e9g\u0151 gyerty\u00e1t soha ne hagyd \u0151rizetlen\u00fcl!\n\nTartsd t\u00e1vol gyermekekt\u0151l, h\u00e1zi\u00e1llatokt\u00f3l, f\u00fcgg\u00f6nyt\u0151l, pap\u00edrt\u00f3l \u00e9s minden gy\u00fal\u00e9kony t\u00e1rgyt\u00f3l.\n\n\ud83d\udca8 HUZATT\u00d3L V\u00c9DD!\n\nNe helyezd a gyerty\u00e1t huzatos helyre, ventil\u00e1tor vagy nyitott ablak k\u00f6zvetlen k\u00f6zel\u00e9be.\n\nA huzat egyenetlen \u00e9g\u00e9st, kormoz\u00e1st \u00e9s nagyobb l\u00e1ngot okozhat.\n\n\ud83d\udd6f\ufe0f ELHELYEZ\u00c9S\n\nMindig stabil, h\u0151\u00e1ll\u00f3 \u00e9s v\u00edzszintes fel\u00fcletre helyezd.\n\nNe mozgasd a gyerty\u00e1t \u00e9g\u00e9s k\u00f6zben vagy k\u00f6zvetlen\u00fcl az elolt\u00e1sa ut\u00e1n, am\u00edg a viasz \u00e9s az ed\u00e9ny forr\u00f3.\n\n\ud83d\udeab NE \u00c9GESD LE TELJESEN!\n\nNe haszn\u00e1ld tov\u00e1bb a gyerty\u00e1t, ha m\u00e1r csak kb. 1 cm viasz maradt az ed\u00e9ny alj\u00e1n.\n\n\u00cdgy elker\u00fclhet\u0151 az ed\u00e9ny t\u00falzott felmeleged\u00e9se.\n\n\ud83d\udca7 V\u00cdZZEL NE OLDD EL!\n\nA gyerty\u00e1t soha ne oltsd el v\u00edzzel!\n\nAz olt\u00e1shoz haszn\u00e1lj gyertyaolt\u00f3t, vagy \u00f3vatosan f\u00fajd el a l\u00e1ngot.\n\n\ud83d\udc43 ILLATOS\u00cdT\u00c1S\n\nAz illat intenzit\u00e1sa f\u00fcgg a helyis\u00e9g m\u00e9ret\u00e9t\u0151l, szell\u0151z\u00e9s\u00e9t\u0151l \u00e9s az \u00e9g\u00e9si id\u0151t\u0151l is.\n\nA pr\u00e9mium illatolajoknak k\u00f6sz\u00f6nhet\u0151en a gyertya \u00e9g\u00e9s k\u00f6zben kellemes, hosszan tart\u00f3 illatot biztos\u00edt.\n\n---\n\n\u26a0\ufe0f BIZTONS\u00c1GI FIGYELMEZTET\u00c9S\n\n\ud83d\udd25 \u00c9g\u0151 gyerty\u00e1t soha ne hagyj fel\u00fcgyelet n\u00e9lk\u00fcl!\n\ud83d\udc76 Gyermekekt\u0151l elz\u00e1rva tartand\u00f3.\n\ud83d\udc3e H\u00e1zi\u00e1llatokt\u00f3l t\u00e1vol tartand\u00f3.\n\ud83c\udf2c\ufe0f Huzatt\u00f3l t\u00e1vol tartand\u00f3.\n\ud83d\udd25 Gy\u00fal\u00e9kony anyagokt\u00f3l t\u00e1vol haszn\u00e1ld.\n\ud83e\uded9 A gyertya ed\u00e9nye haszn\u00e1lat k\u00f6zben felforr\u00f3sodhat.\n\ud83d\udeab Ne mozgasd az \u00e9g\u0151 vagy forr\u00f3 gyerty\u00e1t.\n\ud83d\udca7 V\u00edzzel ne oltsd el.\n\n\ud83e\udd0e K\u00f6sz\u00f6n\u00f6m, hogy a N\u0151i Aura Illatm\u0171helyt v\u00e1lasztottad!\n\nMinden gyerty\u00e1m k\u00e9zzel, gondosan \u00e9s szeretettel k\u00e9sz\u00fcl, hogy egy kis melegs\u00e9get \u00e9s k\u00fcl\u00f6nleges hangulatot vigyen az otthonodba.\n\n\u00c9lvezd a l\u00e1ngot, az illatot \u00e9s az \u0151szi kuck\u00f3z\u00e1s minden pillanat\u00e1t! \ud83c\udf42\ud83d\udd6f\ufe0f\n\nN\u0151i Aura Illatm\u0171hely\nk\u00e9zzel k\u00e9sz\u00edtve, sz\u00edvb\u0151l neked \ud83e\udd0e\n","price":"4000.00","unit":"db","recommended":"0","status":"1","sponsored":"0","exp_notify":"0","own_material":"0","own_material_description_old":null,"own_material_description":"","jury":"0","jury_number":"","product_nature":"","meskaracsony":"0","create_date":"2026-08-30 22:55:25","shelve_id":"0","image":"noiauraillatmuhely_product_780322_260830225509_200130.jpeg","image_width":"480","image_height":"536","image_alt":"KAR\u00c1CSONYI feliratos  sz\u00f3javiasz illatgyertya ( t\u00f6bbf\u00e9le illatban), ILLATV\u00c1LASZT\u00c1S:\\nRendel\u00e9sn\u00e9l megjegyz\u00e9shez \u00edrd k\u00e9rlek a v\u00e1lasztott illatot, amennyiben nem v\u00e1lasztass..., Meska","image_title":"KAR\u00c1CSONYI feliratos  sz\u00f3javiasz illatgyertya ( t\u00f6bbf\u00e9le illatban), Meska","view_count":"16","favourite_count":"0","trending_score":"0","last2MonthFavouriteCount":"0","promotion":"0","giftcard_accept":"0","creditcard_accept":true,"enhanced_background":"0","domain":"meska","specific_customer_id":null,"specific_customer_name":null,"to_order_product":"1","to_order_product_time":"3","product_different":null,"product_different_description":"","vintage":"0","vintage_category_id":"0","recycled":"0","gemstone_id":"0","customizable":"0","type_category":"physical","zerowaste":"0","postage_price":"1290.00","shop_order":"0","has_category":"1","landing_pages":null,"microdata":{"number":85,"category":""},"title":"KAR\u00c1CSONYI feliratos  sz\u00f3javiasz illatgyertya ( t\u00f6bbf\u00e9le illatban)","description":"ILLATV\u00c1LASZT\u00c1S:\nRendel\u00e9sn\u00e9l megjegyz\u00e9shez \u00edrd k\u00e9rlek a v\u00e1lasztott illatot, amennyiben nem v\u00e1lasztassz illatot, Madaszk\u00e1ri Van\u00edlia illatban fog elk\u00e9sz\u00fclni gyerty\u00e1d. (s\u00fcti illat! Van\u00edlia esszenci\u00e1val f\u0171szerezett pisk\u00f3ta, vagy linzer illat! Vas\u00e1rnap d\u00e9lut\u00e1ni otthon illat, mikor d\u00e9lel\u0151tt kis\u0171lt a s\u00fcti, \u00e9s ott illatozik egy t\u00e1lra kit\u00e9ve. )\n\nMi\u00e9rt v\u00e1laszd a N\u0151i Aura Illatm\u0171hely k\u00e9zm\u0171ves gyerty\u00e1it? \ud83c\udf42\n\n\u2728 Minden gyerty\u00e1m k\u00e9zzel, szeretettel k\u00e9sz\u00fcl, \u00edgy v\u00e1s\u00e1rl\u00e1soddal egy kisv\u00e1llalkoz\u00f3t is t\u00e1mogatsz.\n\ud83c\udf3f 100% pr\u00e9mium min\u0151s\u00e9g\u0171 sz\u00f3javiaszb\u00f3l k\u00e9sz\u00fclnek.\n\ud83c\udf38 Pr\u00e9mium illatolajokkal dolgozom, hogy az \u0151szi hangulat igaz\u00e1n k\u00fcl\u00f6nleges legyen.\n\ud83d\udd6f\ufe0f A gyerty\u00e1khoz 100% pamut kan\u00f3cot haszn\u00e1lok.\n\ud83e\udd0e 4000 Ft-\u00e9rt 180 ml-es kiszerel\u00e9st kapsz, amelynek \u00e9g\u00e9si ideje megfelel\u0151 haszn\u00e1lat mellett k\u00f6r\u00fclbel\u00fcl 35\u201340 \u00f3ra.\n\ud83c\udff7\ufe0f A c\u00edmk\u00e9im egyedileg k\u00e9sz\u00fclnek, k\u00fcl\u00f6nlegesek \u00e9s nem tal\u00e1lod meg \u0151ket a boltok polcain. \ud83d\ude0a\n\n\ud83c\udf4e Az \u0151szi kollekci\u00f3ban olyan ellen\u00e1llhatatlan illatok v\u00e1rnak, amelyek pillanatok alatt meghitt, kuck\u00f3z\u00f3s hangulatot var\u00e1zsolnak otthonodba.\n\nFontos a megfelel\u0151 els\u0151 \u00e9get\u00e9s!\nAz els\u0151 haszn\u00e1lat sor\u00e1n \u00e9rdemes a gyerty\u00e1t 2\u20133 \u00f3r\u00e1n kereszt\u00fcl folyamatosan \u00e9gni hagyni, hogy a viasz a teljes fel\u00fcleten felolvadjon. Ez seg\u00edt elker\u00fclni az \u00fagynevezett alag\u00fat\u00e9g\u00e9st, \u00e9s hozz\u00e1j\u00e1rul ahhoz, hogy a gyerty\u00e1d a lehet\u0151 legtov\u00e1bb \u00e9lvezhesd.\n\n\u2702\ufe0f Minden \u00fajragy\u00fajt\u00e1s el\u0151tt v\u00e1gd vissza a kan\u00f3c elszenesedett v\u00e9g\u00e9t kb. 5 mm-re, \u00edgy a gyerty\u00e1d szebben \u00e9s egyenletesebben fog \u00e9gni.\n\n\ud83e\udd0e N\u0151i Aura Illatm\u0171hely \u2013 k\u00e9zzel k\u00e9sz\u00edtve, sz\u00edvb\u0151l neked.\n\ud83d\udd6f\ufe0f GYERTYAHASZN\u00c1LATI \u00daTMUTAT\u00d3\n\nA gyerty\u00e1d hossz\u00fa \u00e9lettartam\u00e1\u00e9rt \u00e9s a biztons\u00e1gos haszn\u00e1lat\u00e9rt k\u00e9rj\u00fck, tartsd be az al\u00e1bbiakat! \ud83e\udd0e\n\n\ud83d\udd6f\ufe0f ELS\u0150 \u00c9GET\u00c9S\n\nAz els\u0151 alkalommal \u00e9gesd a gyerty\u00e1t 2\u20133 \u00f3r\u00e1n kereszt\u00fcl, hogy a viasz a teljes fel\u00fcleten egyenletesen felolvadjon.\n\nEz seg\u00edt megel\u0151zni az \u00fagynevezett alag\u00fat\u00e9g\u00e9st, \u00e9s biztos\u00edtja, hogy a gyerty\u00e1d a k\u00e9s\u0151bbiekben is sz\u00e9pen, egyenletesen \u00e9gjen.\n\n\u2702\ufe0f KAN\u00d3C\u00c1POL\u00c1S\n\nMinden \u00fajragy\u00fajt\u00e1s el\u0151tt v\u00e1gd vissza a kan\u00f3c elszenesedett v\u00e9g\u00e9t kb. 5 mm hossz\u00fas\u00e1g\u00fara.\n\nA megfelel\u0151 kan\u00f3chossz seg\u00edt abban, hogy a l\u00e1ng ne legyen t\u00fal nagy, a gyertya kev\u00e9sb\u00e9 f\u00fcst\u00f6lj\u00f6n, \u00e9s egyenletesebben \u00e9gjen.\n\n\u23f1\ufe0f NE \u00c9GESD T\u00daL SOK\u00c1IG!\n\nEgy alkalommal lehet\u0151leg 4 \u00f3r\u00e1n\u00e1l tov\u00e1bb ne \u00e9gesd a gyerty\u00e1t.\n\nHosszabb \u00e9g\u00e9s eset\u00e9n az ed\u00e9ny t\u00falmelegedhet, ez\u00e9rt mindig hagyd kih\u0171lni, miel\u0151tt \u00fajra meggy\u00fajtod.\n\n\ud83d\udd25 SOHA NE HAGYD FEL\u00dcGYELET N\u00c9LK\u00dcL!\n\nAz \u00e9g\u0151 gyerty\u00e1t soha ne hagyd \u0151rizetlen\u00fcl!\n\nTartsd t\u00e1vol gyermekekt\u0151l, h\u00e1zi\u00e1llatokt\u00f3l, f\u00fcgg\u00f6nyt\u0151l, pap\u00edrt\u00f3l \u00e9s minden gy\u00fal\u00e9kony t\u00e1rgyt\u00f3l.\n\n\ud83d\udca8 HUZATT\u00d3L V\u00c9DD!\n\nNe helyezd a gyerty\u00e1t huzatos helyre, ventil\u00e1tor vagy nyitott ablak k\u00f6zvetlen k\u00f6zel\u00e9be.\n\nA huzat egyenetlen \u00e9g\u00e9st, kormoz\u00e1st \u00e9s nagyobb l\u00e1ngot okozhat.\n\n\ud83d\udd6f\ufe0f ELHELYEZ\u00c9S\n\nMindig stabil, h\u0151\u00e1ll\u00f3 \u00e9s v\u00edzszintes fel\u00fcletre helyezd.\n\nNe mozgasd a gyerty\u00e1t \u00e9g\u00e9s k\u00f6zben vagy k\u00f6zvetlen\u00fcl az elolt\u00e1sa ut\u00e1n, am\u00edg a viasz \u00e9s az ed\u00e9ny forr\u00f3.\n\n\ud83d\udeab NE \u00c9GESD LE TELJESEN!\n\nNe haszn\u00e1ld tov\u00e1bb a gyerty\u00e1t, ha m\u00e1r csak kb. 1 cm viasz maradt az ed\u00e9ny alj\u00e1n.\n\n\u00cdgy elker\u00fclhet\u0151 az ed\u00e9ny t\u00falzott felmeleged\u00e9se.\n\n\ud83d\udca7 V\u00cdZZEL NE OLDD EL!\n\nA gyerty\u00e1t soha ne oltsd el v\u00edzzel!\n\nAz olt\u00e1shoz haszn\u00e1lj gyertyaolt\u00f3t, vagy \u00f3vatosan f\u00fajd el a l\u00e1ngot.\n\n\ud83d\udc43 ILLATOS\u00cdT\u00c1S\n\nAz illat intenzit\u00e1sa f\u00fcgg a helyis\u00e9g m\u00e9ret\u00e9t\u0151l, szell\u0151z\u00e9s\u00e9t\u0151l \u00e9s az \u00e9g\u00e9si id\u0151t\u0151l is.\n\nA pr\u00e9mium illatolajoknak k\u00f6sz\u00f6nhet\u0151en a gyertya \u00e9g\u00e9s k\u00f6zben kellemes, hosszan tart\u00f3 illatot biztos\u00edt.\n\n---\n\n\u26a0\ufe0f BIZTONS\u00c1GI FIGYELMEZTET\u00c9S\n\n\ud83d\udd25 \u00c9g\u0151 gyerty\u00e1t soha ne hagyj fel\u00fcgyelet n\u00e9lk\u00fcl!\n\ud83d\udc76 Gyermekekt\u0151l elz\u00e1rva tartand\u00f3.\n\ud83d\udc3e H\u00e1zi\u00e1llatokt\u00f3l t\u00e1vol tartand\u00f3.\n\ud83c\udf2c\ufe0f Huzatt\u00f3l t\u00e1vol tartand\u00f3.\n\ud83d\udd25 Gy\u00fal\u00e9kony anyagokt\u00f3l t\u00e1vol haszn\u00e1ld.\n\ud83e\uded9 A gyertya ed\u00e9nye haszn\u00e1lat k\u00f6zben felforr\u00f3sodhat.\n\ud83d\udeab Ne mozgasd az \u00e9g\u0151 vagy forr\u00f3 gyerty\u00e1t.\n\ud83d\udca7 V\u00edzzel ne oltsd el.\n\n\ud83e\udd0e K\u00f6sz\u00f6n\u00f6m, hogy a N\u0151i Aura Illatm\u0171helyt v\u00e1lasztottad!\n\nMinden gyerty\u00e1m k\u00e9zzel, gondosan \u00e9s szeretettel k\u00e9sz\u00fcl, hogy egy kis melegs\u00e9get \u00e9s k\u00fcl\u00f6nleges hangulatot vigyen az otthonodba.\n\n\u00c9lvezd a l\u00e1ngot, az illatot \u00e9s az \u0151szi kuck\u00f3z\u00e1s minden pillanat\u00e1t! \ud83c\udf42\ud83d\udd6f\ufe0f\n\nN\u0151i Aura Illatm\u0171hely\nk\u00e9zzel k\u00e9sz\u00edtve, sz\u00edvb\u0151l neked \ud83e\udd0e\n","score":0,"formatted_price":"4 000 Ft","image_url":"https:\/\/www.meska.hu\/img\/product\/small\/n\/o\/noiauraillatmuhely_product_780322_260830225509_200130.jpeg","formatted_url":"https:\/\/www.meska.hu\/p5862859-karacsonyi-feliratos-szojaviasz-illatgyertya-tobbfele-illatban","favourite":false,"in_stock":false,"avatar":"780322_avatar_1775157271.png","delete_from":0,"is_enhanced_background":false,"is_enhanced":false,"product_selection_started":false,"is_active":true,"image_webp_url":"https:\/\/www.meska.hu\/img\/product\/small\/n\/o\/noiauraillatmuhely_product_780322_260830225509_200130.webp"},{"id":"6349257","shop_id":"50379","user_id":"744447","shop_name":"BandDStudio","shop_zip":"2740","product_code":"5862857","product_name_old":null,"product_name":"K\u00f6rte illat\u00fa illatviasz","category_string":"Otthon & \u00c9letm\u00f3d, Gyertya, illat, aroma, Illatviasz","technic_string":"Gyertya-, m\u00e9csesk\u00e9sz\u00edt\u00e9s","category_1":"813","category_2":"415","category_3":"1391","category_4":"0","merged_category_1":null,"merged_category_2":null,"merged_category_3":null,"technic_1":"484","technic_2":"0","technic_3":"0","color_1":"519","color_2":"526","color_3":"529","product_description_old":null,"product_description":"K\u00f6rte illat\u00fa illatviasz sz\u00f3javiaszb\u00f3l, k\u00fcl\u00f6nb\u00f6z\u0151 \u0151szi form\u00e1kkal, pr\u00e9mium illatolajjal, dobozban\/csomagban - kb. 50 g. Csod\u00e1s, intenz\u00edv illata van, belengi a lak\u00e1st.\n\nA term\u00e9k \u00e1ra egy dobozra\/csomagra vonatkozik.\n\nHaszn\u00e1lati \u00fatmutat\u00f3:\n- k\u00e9sz\u00edtsd el\u0151 a meleg\u00edt\u0151t, valamint gy\u0151z\u0151dj meg r\u00f3la, hogy tiszta \u00e9s sz\u00e1raz, miel\u0151tt hozz\u00e1kezden\u00e9l,\n-  helyezz egy illatviaszt az aromal\u00e1mp\u00e1ba vagy viaszmeleg\u00edt\u0151be,\n- gy\u00fajts meg egy team\u00e9csest, vagy kapcsold be az elektromos viaszmeleg\u00edt\u0151t.\n\nBIZTONS\u00c1GI FIGYELMEZTET\u00c9S:\n- soha ne hagyd fel\u00fcgyelet n\u00e9lk\u00fcl az illatviaszt,\n- csak h\u0151\u00e1ll\u00f3 aromal\u00e1mp\u00e1ban vagy viaszmeleg\u00edt\u0151ben haszn\u00e1ld, - haszn\u00e1lj stabil, h\u0151\u00e1ll\u00f3 fel\u00fcletet, t\u00e1vol gy\u00fal\u00e9kony anyagokt\u00f3l,\n- ne \u00e9rintsd meg a forr\u00f3 viaszt, m\u00edg meg nem szil\u00e1rdul,\n- gyermekekt\u0151l \u00e9s h\u00e1zi\u00e1llatokt\u00f3l tartsd t\u00e1vol.","price":"1500.00","unit":"cs","recommended":"0","status":"1","sponsored":"0","exp_notify":"0","own_material":"0","own_material_description_old":null,"own_material_description":"","jury":"0","jury_number":"","product_nature":"","meskaracsony":"0","create_date":"2026-08-30 22:55:15","shelve_id":"81575","image":"banddstudio_product_744447_260830225440_668296.jpeg","image_width":"480","image_height":"853","image_alt":"K\u00f6rte illat\u00fa illatviasz, K\u00f6rte illat\u00fa illatviasz sz\u00f3javiaszb\u00f3l, k\u00fcl\u00f6nb\u00f6z\u0151 \u0151szi form\u00e1kkal, pr\u00e9mium illatolajjal, dobozban\/csom..., Meska","image_title":"K\u00f6rte illat\u00fa illatviasz, Meska","view_count":"16","favourite_count":"0","trending_score":"0","last2MonthFavouriteCount":"0","promotion":"0","giftcard_accept":"0","creditcard_accept":true,"enhanced_background":"0","domain":"meska","specific_customer_id":null,"specific_customer_name":null,"to_order_product":"0","to_order_product_time":"0","product_different":null,"product_different_description":"","vintage":"0","vintage_category_id":"0","recycled":"0","gemstone_id":"0","customizable":"0","type_category":"physical","zerowaste":"0","postage_price":"1290.00","shop_order":"1","has_category":"1","landing_pages":null,"microdata":{"number":86,"category":""},"title":"K\u00f6rte illat\u00fa illatviasz","description":"K\u00f6rte illat\u00fa illatviasz sz\u00f3javiaszb\u00f3l, k\u00fcl\u00f6nb\u00f6z\u0151 \u0151szi form\u00e1kkal, pr\u00e9mium illatolajjal, dobozban\/csomagban - kb. 50 g. Csod\u00e1s, intenz\u00edv illata van, belengi a lak\u00e1st.\n\nA term\u00e9k \u00e1ra egy dobozra\/csomagra vonatkozik.\n\nHaszn\u00e1lati \u00fatmutat\u00f3:\n- k\u00e9sz\u00edtsd el\u0151 a meleg\u00edt\u0151t, valamint gy\u0151z\u0151dj meg r\u00f3la, hogy tiszta \u00e9s sz\u00e1raz, miel\u0151tt hozz\u00e1kezden\u00e9l,\n-  helyezz egy illatviaszt az aromal\u00e1mp\u00e1ba vagy viaszmeleg\u00edt\u0151be,\n- gy\u00fajts meg egy team\u00e9csest, vagy kapcsold be az elektromos viaszmeleg\u00edt\u0151t.\n\nBIZTONS\u00c1GI FIGYELMEZTET\u00c9S:\n- soha ne hagyd fel\u00fcgyelet n\u00e9lk\u00fcl az illatviaszt,\n- csak h\u0151\u00e1ll\u00f3 aromal\u00e1mp\u00e1ban vagy viaszmeleg\u00edt\u0151ben haszn\u00e1ld, - haszn\u00e1lj stabil, h\u0151\u00e1ll\u00f3 fel\u00fcletet, t\u00e1vol gy\u00fal\u00e9kony anyagokt\u00f3l,\n- ne \u00e9rintsd meg a forr\u00f3 viaszt, m\u00edg meg nem szil\u00e1rdul,\n- gyermekekt\u0151l \u00e9s h\u00e1zi\u00e1llatokt\u00f3l tartsd t\u00e1vol.","score":0,"formatted_price":"1 500 Ft","image_url":"https:\/\/www.meska.hu\/img\/product\/small\/b\/a\/banddstudio_product_744447_260830225440_668296.jpeg","formatted_url":"https:\/\/www.meska.hu\/p5862857-korte-illatu-illatviasz","favourite":false,"in_stock":true,"avatar":"744447_avatar_1759920819.png","delete_from":0,"is_enhanced_background":false,"is_enhanced":false,"product_selection_started":false,"is_active":true,"image_webp_url":"https:\/\/www.meska.hu\/img\/product\/small\/b\/a\/banddstudio_product_744447_260830225440_668296.webp"},{"id":"6349256","shop_id":"52143","user_id":"79596","shop_name":"CreativeDecoration","shop_zip":"8200","product_code":"5862856","product_name_old":null,"product_name":"Kutya gyertya","category_string":"Otthon & \u00c9letm\u00f3d, Dekor\u00e1ci\u00f3, Asztal \u00e9s polc dekor\u00e1ci\u00f3, Asztald\u00edsz","technic_string":"Gyertya-, m\u00e9csesk\u00e9sz\u00edt\u00e9s","category_1":"813","category_2":"314","category_3":"1467","category_4":"789","merged_category_1":null,"merged_category_2":null,"merged_category_3":null,"technic_1":"484","technic_2":"0","technic_3":"0","color_1":"515","color_2":"0","color_3":"0","product_description_old":null,"product_description":"Ez a kedves, kutya form\u00e1j\u00fa gyertya term\u00e9szetes sz\u00f3javiaszb\u00f3l, k\u00e9zzel k\u00e9sz\u00fclt. T\u00f6k\u00e9letes v\u00e1laszt\u00e1s \u00e1llatbar\u00e1toknak, kutyarajong\u00f3knak, illetve mindenkinek, aki szereti az aranyos \u00e9s egyedi dekor\u00e1ci\u00f3kat.\n\nA sz\u00f3javiasz k\u00f6rnyezetbar\u00e1t alapanyag, amely tiszt\u00e1bban \u00e9s egyenletesebben \u00e9g, mint a hagyom\u00e1nyos paraffinos gyerty\u00e1k. A gyertya nemcsak hangulatos f\u00e9nyt ad, hanem dekor\u00e1ci\u00f3k\u00e9nt is sz\u00e9pen mutat polcon, asztalon vagy aj\u00e1nd\u00e9kk\u00e9nt.\n\nAz \u00e1r 1 darabra vonatkozik.\nMagass\u00e1ga kb 8 cm\n\nDekor\u00e1ci\u00f3nak \u00e9s aj\u00e1nd\u00e9knak is t\u00f6k\u00e9letes.\n\n","price":"1100.00","unit":"db","recommended":"0","status":"1","sponsored":"0","exp_notify":"0","own_material":"0","own_material_description_old":null,"own_material_description":"","jury":"0","jury_number":"","product_nature":"","meskaracsony":"0","create_date":"2026-08-30 22:55:04","shelve_id":"0","image":"creativedecoration_product_79596_260830225145_84546.png","image_width":"480","image_height":"322","image_alt":"Kutya gyertya, Ez a kedves, kutya form\u00e1j\u00fa gyertya term\u00e9szetes sz\u00f3javiaszb\u00f3l, k\u00e9zzel k\u00e9sz\u00fclt. T\u00f6k\u00e9letes v\u00e1laszt\u00e1s \u00e1l..., Meska","image_title":"Kutya gyertya, Meska","view_count":"6","favourite_count":"0","trending_score":"0","last2MonthFavouriteCount":"0","promotion":"0","giftcard_accept":"0","creditcard_accept":true,"enhanced_background":"0","domain":"meska","specific_customer_id":null,"specific_customer_name":null,"to_order_product":"1","to_order_product_time":"5","product_different":null,"product_different_description":"","vintage":"0","vintage_category_id":"0","recycled":"0","gemstone_id":"0","customizable":"0","type_category":"physical","zerowaste":"0","postage_price":"1290.00","shop_order":"0","has_category":"1","landing_pages":null,"microdata":{"number":87,"category":""},"title":"Kutya gyertya","description":"Ez a kedves, kutya form\u00e1j\u00fa gyertya term\u00e9szetes sz\u00f3javiaszb\u00f3l, k\u00e9zzel k\u00e9sz\u00fclt. T\u00f6k\u00e9letes v\u00e1laszt\u00e1s \u00e1llatbar\u00e1toknak, kutyarajong\u00f3knak, illetve mindenkinek, aki szereti az aranyos \u00e9s egyedi dekor\u00e1ci\u00f3kat.\n\nA sz\u00f3javiasz k\u00f6rnyezetbar\u00e1t alapanyag, amely tiszt\u00e1bban \u00e9s egyenletesebben \u00e9g, mint a hagyom\u00e1nyos paraffinos gyerty\u00e1k. A gyertya nemcsak hangulatos f\u00e9nyt ad, hanem dekor\u00e1ci\u00f3k\u00e9nt is sz\u00e9pen mutat polcon, asztalon vagy aj\u00e1nd\u00e9kk\u00e9nt.\n\nAz \u00e1r 1 darabra vonatkozik.\nMagass\u00e1ga kb 8 cm\n\nDekor\u00e1ci\u00f3nak \u00e9s aj\u00e1nd\u00e9knak is t\u00f6k\u00e9letes.\n\n","score":0,"formatted_price":"1 100 Ft","image_url":"https:\/\/www.meska.hu\/img\/product\/small\/c\/r\/creativedecoration_product_79596_260830225145_84546.png","formatted_url":"https:\/\/www.meska.hu\/p5862856-kutya-gyertya","favourite":false,"in_stock":false,"avatar":"79596_avatar_1773009570.jpeg","delete_from":0,"is_enhanced_background":false,"is_enhanced":false,"product_selection_started":false,"is_active":true,"image_webp_url":"https:\/\/www.meska.hu\/img\/product\/small\/c\/r\/creativedecoration_product_79596_260830225145_84546.webp"},{"id":"6349252","shop_id":"52439","user_id":"780322","shop_name":"NoiAuraIllatmuhely","shop_zip":"3885","product_code":"5862852","product_name_old":null,"product_name":"KAR\u00c1CSONYI feliratos  sz\u00f3javiasz illatgyertya ( t\u00f6bbf\u00e9le illatban)","category_string":"Otthon & \u00c9letm\u00f3d, Gyertya, illat, aroma, Gyertya","technic_string":"Gyertya-, m\u00e9csesk\u00e9sz\u00edt\u00e9s","category_1":"813","category_2":"415","category_3":"1388","category_4":"0","merged_category_1":null,"merged_category_2":null,"merged_category_3":null,"technic_1":"484","technic_2":"0","technic_3":"0","color_1":"514","color_2":"0","color_3":"0","product_description_old":null,"product_description":"ILLATV\u00c1LASZT\u00c1S:\nRendel\u00e9sn\u00e9l megjegyz\u00e9shez \u00edrd k\u00e9rlek a v\u00e1lasztott illatot, amennyiben nem v\u00e1lasztassz illatot, Madaszk\u00e1ri Van\u00edlia illatban fog elk\u00e9sz\u00fclni gyerty\u00e1d. (s\u00fcti illat! Van\u00edlia esszenci\u00e1val f\u0171szerezett pisk\u00f3ta, vagy linzer illat! Vas\u00e1rnap d\u00e9lut\u00e1ni otthon illat, mikor d\u00e9lel\u0151tt kis\u0171lt a s\u00fcti, \u00e9s ott illatozik egy t\u00e1lra kit\u00e9ve. )\n\nMi\u00e9rt v\u00e1laszd a N\u0151i Aura Illatm\u0171hely k\u00e9zm\u0171ves gyerty\u00e1it? \ud83c\udf42\n\n\u2728 Minden gyerty\u00e1m k\u00e9zzel, szeretettel k\u00e9sz\u00fcl, \u00edgy v\u00e1s\u00e1rl\u00e1soddal egy kisv\u00e1llalkoz\u00f3t is t\u00e1mogatsz.\n\ud83c\udf3f 100% pr\u00e9mium min\u0151s\u00e9g\u0171 sz\u00f3javiaszb\u00f3l k\u00e9sz\u00fclnek.\n\ud83c\udf38 Pr\u00e9mium illatolajokkal dolgozom, hogy az \u0151szi hangulat igaz\u00e1n k\u00fcl\u00f6nleges legyen.\n\ud83d\udd6f\ufe0f A gyerty\u00e1khoz 100% pamut kan\u00f3cot haszn\u00e1lok.\n\ud83e\udd0e 4000 Ft-\u00e9rt 180 ml-es kiszerel\u00e9st kapsz, amelynek \u00e9g\u00e9si ideje megfelel\u0151 haszn\u00e1lat mellett k\u00f6r\u00fclbel\u00fcl 35\u201340 \u00f3ra.\n\ud83c\udff7\ufe0f A c\u00edmk\u00e9im egyedileg k\u00e9sz\u00fclnek, k\u00fcl\u00f6nlegesek \u00e9s nem tal\u00e1lod meg \u0151ket a boltok polcain. \ud83d\ude0a\n\n\ud83c\udf4e Az \u0151szi kollekci\u00f3ban olyan ellen\u00e1llhatatlan illatok v\u00e1rnak, amelyek pillanatok alatt meghitt, kuck\u00f3z\u00f3s hangulatot var\u00e1zsolnak otthonodba.\n\nFontos a megfelel\u0151 els\u0151 \u00e9get\u00e9s!\nAz els\u0151 haszn\u00e1lat sor\u00e1n \u00e9rdemes a gyerty\u00e1t 2\u20133 \u00f3r\u00e1n kereszt\u00fcl folyamatosan \u00e9gni hagyni, hogy a viasz a teljes fel\u00fcleten felolvadjon. Ez seg\u00edt elker\u00fclni az \u00fagynevezett alag\u00fat\u00e9g\u00e9st, \u00e9s hozz\u00e1j\u00e1rul ahhoz, hogy a gyerty\u00e1d a lehet\u0151 legtov\u00e1bb \u00e9lvezhesd.\n\n\u2702\ufe0f Minden \u00fajragy\u00fajt\u00e1s el\u0151tt v\u00e1gd vissza a kan\u00f3c elszenesedett v\u00e9g\u00e9t kb. 5 mm-re, \u00edgy a gyerty\u00e1d szebben \u00e9s egyenletesebben fog \u00e9gni.\n\n\ud83e\udd0e N\u0151i Aura Illatm\u0171hely \u2013 k\u00e9zzel k\u00e9sz\u00edtve, sz\u00edvb\u0151l neked.\n\ud83d\udd6f\ufe0f GYERTYAHASZN\u00c1LATI \u00daTMUTAT\u00d3\n\nA gyerty\u00e1d hossz\u00fa \u00e9lettartam\u00e1\u00e9rt \u00e9s a biztons\u00e1gos haszn\u00e1lat\u00e9rt k\u00e9rj\u00fck, tartsd be az al\u00e1bbiakat! \ud83e\udd0e\n\n\ud83d\udd6f\ufe0f ELS\u0150 \u00c9GET\u00c9S\n\nAz els\u0151 alkalommal \u00e9gesd a gyerty\u00e1t 2\u20133 \u00f3r\u00e1n kereszt\u00fcl, hogy a viasz a teljes fel\u00fcleten egyenletesen felolvadjon.\n\nEz seg\u00edt megel\u0151zni az \u00fagynevezett alag\u00fat\u00e9g\u00e9st, \u00e9s biztos\u00edtja, hogy a gyerty\u00e1d a k\u00e9s\u0151bbiekben is sz\u00e9pen, egyenletesen \u00e9gjen.\n\n\u2702\ufe0f KAN\u00d3C\u00c1POL\u00c1S\n\nMinden \u00fajragy\u00fajt\u00e1s el\u0151tt v\u00e1gd vissza a kan\u00f3c elszenesedett v\u00e9g\u00e9t kb. 5 mm hossz\u00fas\u00e1g\u00fara.\n\nA megfelel\u0151 kan\u00f3chossz seg\u00edt abban, hogy a l\u00e1ng ne legyen t\u00fal nagy, a gyertya kev\u00e9sb\u00e9 f\u00fcst\u00f6lj\u00f6n, \u00e9s egyenletesebben \u00e9gjen.\n\n\u23f1\ufe0f NE \u00c9GESD T\u00daL SOK\u00c1IG!\n\nEgy alkalommal lehet\u0151leg 4 \u00f3r\u00e1n\u00e1l tov\u00e1bb ne \u00e9gesd a gyerty\u00e1t.\n\nHosszabb \u00e9g\u00e9s eset\u00e9n az ed\u00e9ny t\u00falmelegedhet, ez\u00e9rt mindig hagyd kih\u0171lni, miel\u0151tt \u00fajra meggy\u00fajtod.\n\n\ud83d\udd25 SOHA NE HAGYD FEL\u00dcGYELET N\u00c9LK\u00dcL!\n\nAz \u00e9g\u0151 gyerty\u00e1t soha ne hagyd \u0151rizetlen\u00fcl!\n\nTartsd t\u00e1vol gyermekekt\u0151l, h\u00e1zi\u00e1llatokt\u00f3l, f\u00fcgg\u00f6nyt\u0151l, pap\u00edrt\u00f3l \u00e9s minden gy\u00fal\u00e9kony t\u00e1rgyt\u00f3l.\n\n\ud83d\udca8 HUZATT\u00d3L V\u00c9DD!\n\nNe helyezd a gyerty\u00e1t huzatos helyre, ventil\u00e1tor vagy nyitott ablak k\u00f6zvetlen k\u00f6zel\u00e9be.\n\nA huzat egyenetlen \u00e9g\u00e9st, kormoz\u00e1st \u00e9s nagyobb l\u00e1ngot okozhat.\n\n\ud83d\udd6f\ufe0f ELHELYEZ\u00c9S\n\nMindig stabil, h\u0151\u00e1ll\u00f3 \u00e9s v\u00edzszintes fel\u00fcletre helyezd.\n\nNe mozgasd a gyerty\u00e1t \u00e9g\u00e9s k\u00f6zben vagy k\u00f6zvetlen\u00fcl az elolt\u00e1sa ut\u00e1n, am\u00edg a viasz \u00e9s az ed\u00e9ny forr\u00f3.\n\n\ud83d\udeab NE \u00c9GESD LE TELJESEN!\n\nNe haszn\u00e1ld tov\u00e1bb a gyerty\u00e1t, ha m\u00e1r csak kb. 1 cm viasz maradt az ed\u00e9ny alj\u00e1n.\n\n\u00cdgy elker\u00fclhet\u0151 az ed\u00e9ny t\u00falzott felmeleged\u00e9se.\n\n\ud83d\udca7 V\u00cdZZEL NE OLDD EL!\n\nA gyerty\u00e1t soha ne oltsd el v\u00edzzel!\n\nAz olt\u00e1shoz haszn\u00e1lj gyertyaolt\u00f3t, vagy \u00f3vatosan f\u00fajd el a l\u00e1ngot.\n\n\ud83d\udc43 ILLATOS\u00cdT\u00c1S\n\nAz illat intenzit\u00e1sa f\u00fcgg a helyis\u00e9g m\u00e9ret\u00e9t\u0151l, szell\u0151z\u00e9s\u00e9t\u0151l \u00e9s az \u00e9g\u00e9si id\u0151t\u0151l is.\n\nA pr\u00e9mium illatolajoknak k\u00f6sz\u00f6nhet\u0151en a gyertya \u00e9g\u00e9s k\u00f6zben kellemes, hosszan tart\u00f3 illatot biztos\u00edt.\n\n---\n\n\u26a0\ufe0f BIZTONS\u00c1GI FIGYELMEZTET\u00c9S\n\n\ud83d\udd25 \u00c9g\u0151 gyerty\u00e1t soha ne hagyj fel\u00fcgyelet n\u00e9lk\u00fcl!\n\ud83d\udc76 Gyermekekt\u0151l elz\u00e1rva tartand\u00f3.\n\ud83d\udc3e H\u00e1zi\u00e1llatokt\u00f3l t\u00e1vol tartand\u00f3.\n\ud83c\udf2c\ufe0f Huzatt\u00f3l t\u00e1vol tartand\u00f3.\n\ud83d\udd25 Gy\u00fal\u00e9kony anyagokt\u00f3l t\u00e1vol haszn\u00e1ld.\n\ud83e\uded9 A gyertya ed\u00e9nye haszn\u00e1lat k\u00f6zben felforr\u00f3sodhat.\n\ud83d\udeab Ne mozgasd az \u00e9g\u0151 vagy forr\u00f3 gyerty\u00e1t.\n\ud83d\udca7 V\u00edzzel ne oltsd el.\n\n\ud83e\udd0e K\u00f6sz\u00f6n\u00f6m, hogy a N\u0151i Aura Illatm\u0171helyt v\u00e1lasztottad!\n\nMinden gyerty\u00e1m k\u00e9zzel, gondosan \u00e9s szeretettel k\u00e9sz\u00fcl, hogy egy kis melegs\u00e9get \u00e9s k\u00fcl\u00f6nleges hangulatot vigyen az otthonodba.\n\n\u00c9lvezd a l\u00e1ngot, az illatot \u00e9s az \u0151szi kuck\u00f3z\u00e1s minden pillanat\u00e1t! \ud83c\udf42\ud83d\udd6f\ufe0f\n\nN\u0151i Aura Illatm\u0171hely\nk\u00e9zzel k\u00e9sz\u00edtve, sz\u00edvb\u0151l neked \ud83e\udd0e\n","price":"4000.00","unit":"db","recommended":"0","status":"1","sponsored":"0","exp_notify":"0","own_material":"0","own_material_description_old":null,"own_material_description":"","jury":"0","jury_number":"","product_nature":"","meskaracsony":"0","create_date":"2026-08-30 22:54:47","shelve_id":"0","image":"noiauraillatmuhely_product_780322_260830225430_139987.jpeg","image_width":"480","image_height":"561","image_alt":"KAR\u00c1CSONYI feliratos  sz\u00f3javiasz illatgyertya ( t\u00f6bbf\u00e9le illatban), ILLATV\u00c1LASZT\u00c1S:\\nRendel\u00e9sn\u00e9l megjegyz\u00e9shez \u00edrd k\u00e9rlek a v\u00e1lasztott illatot, amennyiben nem v\u00e1lasztass..., Meska","image_title":"KAR\u00c1CSONYI feliratos  sz\u00f3javiasz illatgyertya ( t\u00f6bbf\u00e9le illatban), Meska","view_count":"18","favourite_count":"0","trending_score":"0","last2MonthFavouriteCount":"0","promotion":"0","giftcard_accept":"0","creditcard_accept":true,"enhanced_background":"0","domain":"meska","specific_customer_id":null,"specific_customer_name":null,"to_order_product":"1","to_order_product_time":"3","product_different":null,"product_different_description":"","vintage":"0","vintage_category_id":"0","recycled":"0","gemstone_id":"0","customizable":"0","type_category":"physical","zerowaste":"0","postage_price":"1290.00","shop_order":"0","has_category":"1","landing_pages":null,"microdata":{"number":88,"category":""},"title":"KAR\u00c1CSONYI feliratos  sz\u00f3javiasz illatgyertya ( t\u00f6bbf\u00e9le illatban)","description":"ILLATV\u00c1LASZT\u00c1S:\nRendel\u00e9sn\u00e9l megjegyz\u00e9shez \u00edrd k\u00e9rlek a v\u00e1lasztott illatot, amennyiben nem v\u00e1lasztassz illatot, Madaszk\u00e1ri Van\u00edlia illatban fog elk\u00e9sz\u00fclni gyerty\u00e1d. (s\u00fcti illat! Van\u00edlia esszenci\u00e1val f\u0171szerezett pisk\u00f3ta, vagy linzer illat! Vas\u00e1rnap d\u00e9lut\u00e1ni otthon illat, mikor d\u00e9lel\u0151tt kis\u0171lt a s\u00fcti, \u00e9s ott illatozik egy t\u00e1lra kit\u00e9ve. )\n\nMi\u00e9rt v\u00e1laszd a N\u0151i Aura Illatm\u0171hely k\u00e9zm\u0171ves gyerty\u00e1it? \ud83c\udf42\n\n\u2728 Minden gyerty\u00e1m k\u00e9zzel, szeretettel k\u00e9sz\u00fcl, \u00edgy v\u00e1s\u00e1rl\u00e1soddal egy kisv\u00e1llalkoz\u00f3t is t\u00e1mogatsz.\n\ud83c\udf3f 100% pr\u00e9mium min\u0151s\u00e9g\u0171 sz\u00f3javiaszb\u00f3l k\u00e9sz\u00fclnek.\n\ud83c\udf38 Pr\u00e9mium illatolajokkal dolgozom, hogy az \u0151szi hangulat igaz\u00e1n k\u00fcl\u00f6nleges legyen.\n\ud83d\udd6f\ufe0f A gyerty\u00e1khoz 100% pamut kan\u00f3cot haszn\u00e1lok.\n\ud83e\udd0e 4000 Ft-\u00e9rt 180 ml-es kiszerel\u00e9st kapsz, amelynek \u00e9g\u00e9si ideje megfelel\u0151 haszn\u00e1lat mellett k\u00f6r\u00fclbel\u00fcl 35\u201340 \u00f3ra.\n\ud83c\udff7\ufe0f A c\u00edmk\u00e9im egyedileg k\u00e9sz\u00fclnek, k\u00fcl\u00f6nlegesek \u00e9s nem tal\u00e1lod meg \u0151ket a boltok polcain. \ud83d\ude0a\n\n\ud83c\udf4e Az \u0151szi kollekci\u00f3ban olyan ellen\u00e1llhatatlan illatok v\u00e1rnak, amelyek pillanatok alatt meghitt, kuck\u00f3z\u00f3s hangulatot var\u00e1zsolnak otthonodba.\n\nFontos a megfelel\u0151 els\u0151 \u00e9get\u00e9s!\nAz els\u0151 haszn\u00e1lat sor\u00e1n \u00e9rdemes a gyerty\u00e1t 2\u20133 \u00f3r\u00e1n kereszt\u00fcl folyamatosan \u00e9gni hagyni, hogy a viasz a teljes fel\u00fcleten felolvadjon. Ez seg\u00edt elker\u00fclni az \u00fagynevezett alag\u00fat\u00e9g\u00e9st, \u00e9s hozz\u00e1j\u00e1rul ahhoz, hogy a gyerty\u00e1d a lehet\u0151 legtov\u00e1bb \u00e9lvezhesd.\n\n\u2702\ufe0f Minden \u00fajragy\u00fajt\u00e1s el\u0151tt v\u00e1gd vissza a kan\u00f3c elszenesedett v\u00e9g\u00e9t kb. 5 mm-re, \u00edgy a gyerty\u00e1d szebben \u00e9s egyenletesebben fog \u00e9gni.\n\n\ud83e\udd0e N\u0151i Aura Illatm\u0171hely \u2013 k\u00e9zzel k\u00e9sz\u00edtve, sz\u00edvb\u0151l neked.\n\ud83d\udd6f\ufe0f GYERTYAHASZN\u00c1LATI \u00daTMUTAT\u00d3\n\nA gyerty\u00e1d hossz\u00fa \u00e9lettartam\u00e1\u00e9rt \u00e9s a biztons\u00e1gos haszn\u00e1lat\u00e9rt k\u00e9rj\u00fck, tartsd be az al\u00e1bbiakat! \ud83e\udd0e\n\n\ud83d\udd6f\ufe0f ELS\u0150 \u00c9GET\u00c9S\n\nAz els\u0151 alkalommal \u00e9gesd a gyerty\u00e1t 2\u20133 \u00f3r\u00e1n kereszt\u00fcl, hogy a viasz a teljes fel\u00fcleten egyenletesen felolvadjon.\n\nEz seg\u00edt megel\u0151zni az \u00fagynevezett alag\u00fat\u00e9g\u00e9st, \u00e9s biztos\u00edtja, hogy a gyerty\u00e1d a k\u00e9s\u0151bbiekben is sz\u00e9pen, egyenletesen \u00e9gjen.\n\n\u2702\ufe0f KAN\u00d3C\u00c1POL\u00c1S\n\nMinden \u00fajragy\u00fajt\u00e1s el\u0151tt v\u00e1gd vissza a kan\u00f3c elszenesedett v\u00e9g\u00e9t kb. 5 mm hossz\u00fas\u00e1g\u00fara.\n\nA megfelel\u0151 kan\u00f3chossz seg\u00edt abban, hogy a l\u00e1ng ne legyen t\u00fal nagy, a gyertya kev\u00e9sb\u00e9 f\u00fcst\u00f6lj\u00f6n, \u00e9s egyenletesebben \u00e9gjen.\n\n\u23f1\ufe0f NE \u00c9GESD T\u00daL SOK\u00c1IG!\n\nEgy alkalommal lehet\u0151leg 4 \u00f3r\u00e1n\u00e1l tov\u00e1bb ne \u00e9gesd a gyerty\u00e1t.\n\nHosszabb \u00e9g\u00e9s eset\u00e9n az ed\u00e9ny t\u00falmelegedhet, ez\u00e9rt mindig hagyd kih\u0171lni, miel\u0151tt \u00fajra meggy\u00fajtod.\n\n\ud83d\udd25 SOHA NE HAGYD FEL\u00dcGYELET N\u00c9LK\u00dcL!\n\nAz \u00e9g\u0151 gyerty\u00e1t soha ne hagyd \u0151rizetlen\u00fcl!\n\nTartsd t\u00e1vol gyermekekt\u0151l, h\u00e1zi\u00e1llatokt\u00f3l, f\u00fcgg\u00f6nyt\u0151l, pap\u00edrt\u00f3l \u00e9s minden gy\u00fal\u00e9kony t\u00e1rgyt\u00f3l.\n\n\ud83d\udca8 HUZATT\u00d3L V\u00c9DD!\n\nNe helyezd a gyerty\u00e1t huzatos helyre, ventil\u00e1tor vagy nyitott ablak k\u00f6zvetlen k\u00f6zel\u00e9be.\n\nA huzat egyenetlen \u00e9g\u00e9st, kormoz\u00e1st \u00e9s nagyobb l\u00e1ngot okozhat.\n\n\ud83d\udd6f\ufe0f ELHELYEZ\u00c9S\n\nMindig stabil, h\u0151\u00e1ll\u00f3 \u00e9s v\u00edzszintes fel\u00fcletre helyezd.\n\nNe mozgasd a gyerty\u00e1t \u00e9g\u00e9s k\u00f6zben vagy k\u00f6zvetlen\u00fcl az elolt\u00e1sa ut\u00e1n, am\u00edg a viasz \u00e9s az ed\u00e9ny forr\u00f3.\n\n\ud83d\udeab NE \u00c9GESD LE TELJESEN!\n\nNe haszn\u00e1ld tov\u00e1bb a gyerty\u00e1t, ha m\u00e1r csak kb. 1 cm viasz maradt az ed\u00e9ny alj\u00e1n.\n\n\u00cdgy elker\u00fclhet\u0151 az ed\u00e9ny t\u00falzott felmeleged\u00e9se.\n\n\ud83d\udca7 V\u00cdZZEL NE OLDD EL!\n\nA gyerty\u00e1t soha ne oltsd el v\u00edzzel!\n\nAz olt\u00e1shoz haszn\u00e1lj gyertyaolt\u00f3t, vagy \u00f3vatosan f\u00fajd el a l\u00e1ngot.\n\n\ud83d\udc43 ILLATOS\u00cdT\u00c1S\n\nAz illat intenzit\u00e1sa f\u00fcgg a helyis\u00e9g m\u00e9ret\u00e9t\u0151l, szell\u0151z\u00e9s\u00e9t\u0151l \u00e9s az \u00e9g\u00e9si id\u0151t\u0151l is.\n\nA pr\u00e9mium illatolajoknak k\u00f6sz\u00f6nhet\u0151en a gyertya \u00e9g\u00e9s k\u00f6zben kellemes, hosszan tart\u00f3 illatot biztos\u00edt.\n\n---\n\n\u26a0\ufe0f BIZTONS\u00c1GI FIGYELMEZTET\u00c9S\n\n\ud83d\udd25 \u00c9g\u0151 gyerty\u00e1t soha ne hagyj fel\u00fcgyelet n\u00e9lk\u00fcl!\n\ud83d\udc76 Gyermekekt\u0151l elz\u00e1rva tartand\u00f3.\n\ud83d\udc3e H\u00e1zi\u00e1llatokt\u00f3l t\u00e1vol tartand\u00f3.\n\ud83c\udf2c\ufe0f Huzatt\u00f3l t\u00e1vol tartand\u00f3.\n\ud83d\udd25 Gy\u00fal\u00e9kony anyagokt\u00f3l t\u00e1vol haszn\u00e1ld.\n\ud83e\uded9 A gyertya ed\u00e9nye haszn\u00e1lat k\u00f6zben felforr\u00f3sodhat.\n\ud83d\udeab Ne mozgasd az \u00e9g\u0151 vagy forr\u00f3 gyerty\u00e1t.\n\ud83d\udca7 V\u00edzzel ne oltsd el.\n\n\ud83e\udd0e K\u00f6sz\u00f6n\u00f6m, hogy a N\u0151i Aura Illatm\u0171helyt v\u00e1lasztottad!\n\nMinden gyerty\u00e1m k\u00e9zzel, gondosan \u00e9s szeretettel k\u00e9sz\u00fcl, hogy egy kis melegs\u00e9get \u00e9s k\u00fcl\u00f6nleges hangulatot vigyen az otthonodba.\n\n\u00c9lvezd a l\u00e1ngot, az illatot \u00e9s az \u0151szi kuck\u00f3z\u00e1s minden pillanat\u00e1t! \ud83c\udf42\ud83d\udd6f\ufe0f\n\nN\u0151i Aura Illatm\u0171hely\nk\u00e9zzel k\u00e9sz\u00edtve, sz\u00edvb\u0151l neked \ud83e\udd0e\n","score":0,"formatted_price":"4 000 Ft","image_url":"https:\/\/www.meska.hu\/img\/product\/small\/n\/o\/noiauraillatmuhely_product_780322_260830225430_139987.jpeg","formatted_url":"https:\/\/www.meska.hu\/p5862852-karacsonyi-feliratos-szojaviasz-illatgyertya-tobbfele-illatban","favourite":false,"in_stock":false,"avatar":"780322_avatar_1775157271.png","delete_from":0,"is_enhanced_background":false,"is_enhanced":false,"product_selection_started":false,"is_active":true,"image_webp_url":"https:\/\/www.meska.hu\/img\/product\/small\/n\/o\/noiauraillatmuhely_product_780322_260830225430_139987.webp"},{"id":"6349248","shop_id":"52439","user_id":"780322","shop_name":"NoiAuraIllatmuhely","shop_zip":"3885","product_code":"5862848","product_name_old":null,"product_name":"KAR\u00c1CSONYI feliratos  sz\u00f3javiasz illatgyertya ( t\u00f6bbf\u00e9le illatban)","category_string":"Otthon & \u00c9letm\u00f3d, Gyertya, illat, aroma, Gyertya","technic_string":"Gyertya-, m\u00e9csesk\u00e9sz\u00edt\u00e9s","category_1":"813","category_2":"415","category_3":"1388","category_4":"0","merged_category_1":null,"merged_category_2":null,"merged_category_3":null,"technic_1":"484","technic_2":"0","technic_3":"0","color_1":"514","color_2":"0","color_3":"0","product_description_old":null,"product_description":"ILLATV\u00c1LASZT\u00c1S:\nRendel\u00e9sn\u00e9l megjegyz\u00e9shez \u00edrd k\u00e9rlek a v\u00e1lasztott illatot, amennyiben nem v\u00e1lasztassz illatot, Madaszk\u00e1ri Van\u00edlia illatban fog elk\u00e9sz\u00fclni gyerty\u00e1d. (s\u00fcti illat! Van\u00edlia esszenci\u00e1val f\u0171szerezett pisk\u00f3ta, vagy linzer illat! Vas\u00e1rnap d\u00e9lut\u00e1ni otthon illat, mikor d\u00e9lel\u0151tt kis\u0171lt a s\u00fcti, \u00e9s ott illatozik egy t\u00e1lra kit\u00e9ve. )\n\nMi\u00e9rt v\u00e1laszd a N\u0151i Aura Illatm\u0171hely k\u00e9zm\u0171ves gyerty\u00e1it? \ud83c\udf42\n\n\u2728 Minden gyerty\u00e1m k\u00e9zzel, szeretettel k\u00e9sz\u00fcl, \u00edgy v\u00e1s\u00e1rl\u00e1soddal egy kisv\u00e1llalkoz\u00f3t is t\u00e1mogatsz.\n\ud83c\udf3f 100% pr\u00e9mium min\u0151s\u00e9g\u0171 sz\u00f3javiaszb\u00f3l k\u00e9sz\u00fclnek.\n\ud83c\udf38 Pr\u00e9mium illatolajokkal dolgozom, hogy az \u0151szi hangulat igaz\u00e1n k\u00fcl\u00f6nleges legyen.\n\ud83d\udd6f\ufe0f A gyerty\u00e1khoz 100% pamut kan\u00f3cot haszn\u00e1lok.\n\ud83e\udd0e 4000 Ft-\u00e9rt 180 ml-es kiszerel\u00e9st kapsz, amelynek \u00e9g\u00e9si ideje megfelel\u0151 haszn\u00e1lat mellett k\u00f6r\u00fclbel\u00fcl 35\u201340 \u00f3ra.\n\ud83c\udff7\ufe0f A c\u00edmk\u00e9im egyedileg k\u00e9sz\u00fclnek, k\u00fcl\u00f6nlegesek \u00e9s nem tal\u00e1lod meg \u0151ket a boltok polcain. \ud83d\ude0a\n\n\ud83c\udf4e Az \u0151szi kollekci\u00f3ban olyan ellen\u00e1llhatatlan illatok v\u00e1rnak, amelyek pillanatok alatt meghitt, kuck\u00f3z\u00f3s hangulatot var\u00e1zsolnak otthonodba.\n\nFontos a megfelel\u0151 els\u0151 \u00e9get\u00e9s!\nAz els\u0151 haszn\u00e1lat sor\u00e1n \u00e9rdemes a gyerty\u00e1t 2\u20133 \u00f3r\u00e1n kereszt\u00fcl folyamatosan \u00e9gni hagyni, hogy a viasz a teljes fel\u00fcleten felolvadjon. Ez seg\u00edt elker\u00fclni az \u00fagynevezett alag\u00fat\u00e9g\u00e9st, \u00e9s hozz\u00e1j\u00e1rul ahhoz, hogy a gyerty\u00e1d a lehet\u0151 legtov\u00e1bb \u00e9lvezhesd.\n\n\u2702\ufe0f Minden \u00fajragy\u00fajt\u00e1s el\u0151tt v\u00e1gd vissza a kan\u00f3c elszenesedett v\u00e9g\u00e9t kb. 5 mm-re, \u00edgy a gyerty\u00e1d szebben \u00e9s egyenletesebben fog \u00e9gni.\n\n\ud83e\udd0e N\u0151i Aura Illatm\u0171hely \u2013 k\u00e9zzel k\u00e9sz\u00edtve, sz\u00edvb\u0151l neked.\n\ud83d\udd6f\ufe0f GYERTYAHASZN\u00c1LATI \u00daTMUTAT\u00d3\n\nA gyerty\u00e1d hossz\u00fa \u00e9lettartam\u00e1\u00e9rt \u00e9s a biztons\u00e1gos haszn\u00e1lat\u00e9rt k\u00e9rj\u00fck, tartsd be az al\u00e1bbiakat! \ud83e\udd0e\n\n\ud83d\udd6f\ufe0f ELS\u0150 \u00c9GET\u00c9S\n\nAz els\u0151 alkalommal \u00e9gesd a gyerty\u00e1t 2\u20133 \u00f3r\u00e1n kereszt\u00fcl, hogy a viasz a teljes fel\u00fcleten egyenletesen felolvadjon.\n\nEz seg\u00edt megel\u0151zni az \u00fagynevezett alag\u00fat\u00e9g\u00e9st, \u00e9s biztos\u00edtja, hogy a gyerty\u00e1d a k\u00e9s\u0151bbiekben is sz\u00e9pen, egyenletesen \u00e9gjen.\n\n\u2702\ufe0f KAN\u00d3C\u00c1POL\u00c1S\n\nMinden \u00fajragy\u00fajt\u00e1s el\u0151tt v\u00e1gd vissza a kan\u00f3c elszenesedett v\u00e9g\u00e9t kb. 5 mm hossz\u00fas\u00e1g\u00fara.\n\nA megfelel\u0151 kan\u00f3chossz seg\u00edt abban, hogy a l\u00e1ng ne legyen t\u00fal nagy, a gyertya kev\u00e9sb\u00e9 f\u00fcst\u00f6lj\u00f6n, \u00e9s egyenletesebben \u00e9gjen.\n\n\u23f1\ufe0f NE \u00c9GESD T\u00daL SOK\u00c1IG!\n\nEgy alkalommal lehet\u0151leg 4 \u00f3r\u00e1n\u00e1l tov\u00e1bb ne \u00e9gesd a gyerty\u00e1t.\n\nHosszabb \u00e9g\u00e9s eset\u00e9n az ed\u00e9ny t\u00falmelegedhet, ez\u00e9rt mindig hagyd kih\u0171lni, miel\u0151tt \u00fajra meggy\u00fajtod.\n\n\ud83d\udd25 SOHA NE HAGYD FEL\u00dcGYELET N\u00c9LK\u00dcL!\n\nAz \u00e9g\u0151 gyerty\u00e1t soha ne hagyd \u0151rizetlen\u00fcl!\n\nTartsd t\u00e1vol gyermekekt\u0151l, h\u00e1zi\u00e1llatokt\u00f3l, f\u00fcgg\u00f6nyt\u0151l, pap\u00edrt\u00f3l \u00e9s minden gy\u00fal\u00e9kony t\u00e1rgyt\u00f3l.\n\n\ud83d\udca8 HUZATT\u00d3L V\u00c9DD!\n\nNe helyezd a gyerty\u00e1t huzatos helyre, ventil\u00e1tor vagy nyitott ablak k\u00f6zvetlen k\u00f6zel\u00e9be.\n\nA huzat egyenetlen \u00e9g\u00e9st, kormoz\u00e1st \u00e9s nagyobb l\u00e1ngot okozhat.\n\n\ud83d\udd6f\ufe0f ELHELYEZ\u00c9S\n\nMindig stabil, h\u0151\u00e1ll\u00f3 \u00e9s v\u00edzszintes fel\u00fcletre helyezd.\n\nNe mozgasd a gyerty\u00e1t \u00e9g\u00e9s k\u00f6zben vagy k\u00f6zvetlen\u00fcl az elolt\u00e1sa ut\u00e1n, am\u00edg a viasz \u00e9s az ed\u00e9ny forr\u00f3.\n\n\ud83d\udeab NE \u00c9GESD LE TELJESEN!\n\nNe haszn\u00e1ld tov\u00e1bb a gyerty\u00e1t, ha m\u00e1r csak kb. 1 cm viasz maradt az ed\u00e9ny alj\u00e1n.\n\n\u00cdgy elker\u00fclhet\u0151 az ed\u00e9ny t\u00falzott felmeleged\u00e9se.\n\n\ud83d\udca7 V\u00cdZZEL NE OLDD EL!\n\nA gyerty\u00e1t soha ne oltsd el v\u00edzzel!\n\nAz olt\u00e1shoz haszn\u00e1lj gyertyaolt\u00f3t, vagy \u00f3vatosan f\u00fajd el a l\u00e1ngot.\n\n\ud83d\udc43 ILLATOS\u00cdT\u00c1S\n\nAz illat intenzit\u00e1sa f\u00fcgg a helyis\u00e9g m\u00e9ret\u00e9t\u0151l, szell\u0151z\u00e9s\u00e9t\u0151l \u00e9s az \u00e9g\u00e9si id\u0151t\u0151l is.\n\nA pr\u00e9mium illatolajoknak k\u00f6sz\u00f6nhet\u0151en a gyertya \u00e9g\u00e9s k\u00f6zben kellemes, hosszan tart\u00f3 illatot biztos\u00edt.\n\n---\n\n\u26a0\ufe0f BIZTONS\u00c1GI FIGYELMEZTET\u00c9S\n\n\ud83d\udd25 \u00c9g\u0151 gyerty\u00e1t soha ne hagyj fel\u00fcgyelet n\u00e9lk\u00fcl!\n\ud83d\udc76 Gyermekekt\u0151l elz\u00e1rva tartand\u00f3.\n\ud83d\udc3e H\u00e1zi\u00e1llatokt\u00f3l t\u00e1vol tartand\u00f3.\n\ud83c\udf2c\ufe0f Huzatt\u00f3l t\u00e1vol tartand\u00f3.\n\ud83d\udd25 Gy\u00fal\u00e9kony anyagokt\u00f3l t\u00e1vol haszn\u00e1ld.\n\ud83e\uded9 A gyertya ed\u00e9nye haszn\u00e1lat k\u00f6zben felforr\u00f3sodhat.\n\ud83d\udeab Ne mozgasd az \u00e9g\u0151 vagy forr\u00f3 gyerty\u00e1t.\n\ud83d\udca7 V\u00edzzel ne oltsd el.\n\n\ud83e\udd0e K\u00f6sz\u00f6n\u00f6m, hogy a N\u0151i Aura Illatm\u0171helyt v\u00e1lasztottad!\n\nMinden gyerty\u00e1m k\u00e9zzel, gondosan \u00e9s szeretettel k\u00e9sz\u00fcl, hogy egy kis melegs\u00e9get \u00e9s k\u00fcl\u00f6nleges hangulatot vigyen az otthonodba.\n\n\u00c9lvezd a l\u00e1ngot, az illatot \u00e9s az \u0151szi kuck\u00f3z\u00e1s minden pillanat\u00e1t! \ud83c\udf42\ud83d\udd6f\ufe0f\n\nN\u0151i Aura Illatm\u0171hely\nk\u00e9zzel k\u00e9sz\u00edtve, sz\u00edvb\u0151l neked \ud83e\udd0e\n","price":"4000.00","unit":"db","recommended":"0","status":"1","sponsored":"0","exp_notify":"0","own_material":"0","own_material_description_old":null,"own_material_description":"","jury":"0","jury_number":"","product_nature":"","meskaracsony":"0","create_date":"2026-08-30 22:54:14","shelve_id":"0","image":"noiauraillatmuhely_product_780322_260830225404_267313.jpeg","image_width":"480","image_height":"567","image_alt":"KAR\u00c1CSONYI feliratos  sz\u00f3javiasz illatgyertya ( t\u00f6bbf\u00e9le illatban), ILLATV\u00c1LASZT\u00c1S:\\nRendel\u00e9sn\u00e9l megjegyz\u00e9shez \u00edrd k\u00e9rlek a v\u00e1lasztott illatot, amennyiben nem v\u00e1lasztass..., Meska","image_title":"KAR\u00c1CSONYI feliratos  sz\u00f3javiasz illatgyertya ( t\u00f6bbf\u00e9le illatban), Meska","view_count":"15","favourite_count":"0","trending_score":"0","last2MonthFavouriteCount":"0","promotion":"0","giftcard_accept":"0","creditcard_accept":true,"enhanced_background":"0","domain":"meska","specific_customer_id":null,"specific_customer_name":null,"to_order_product":"1","to_order_product_time":"3","product_different":null,"product_different_description":"","vintage":"0","vintage_category_id":"0","recycled":"0","gemstone_id":"0","customizable":"0","type_category":"physical","zerowaste":"0","postage_price":"1290.00","shop_order":"0","has_category":"1","landing_pages":null,"microdata":{"number":89,"category":""},"title":"KAR\u00c1CSONYI feliratos  sz\u00f3javiasz illatgyertya ( t\u00f6bbf\u00e9le illatban)","description":"ILLATV\u00c1LASZT\u00c1S:\nRendel\u00e9sn\u00e9l megjegyz\u00e9shez \u00edrd k\u00e9rlek a v\u00e1lasztott illatot, amennyiben nem v\u00e1lasztassz illatot, Madaszk\u00e1ri Van\u00edlia illatban fog elk\u00e9sz\u00fclni gyerty\u00e1d. (s\u00fcti illat! Van\u00edlia esszenci\u00e1val f\u0171szerezett pisk\u00f3ta, vagy linzer illat! Vas\u00e1rnap d\u00e9lut\u00e1ni otthon illat, mikor d\u00e9lel\u0151tt kis\u0171lt a s\u00fcti, \u00e9s ott illatozik egy t\u00e1lra kit\u00e9ve. )\n\nMi\u00e9rt v\u00e1laszd a N\u0151i Aura Illatm\u0171hely k\u00e9zm\u0171ves gyerty\u00e1it? \ud83c\udf42\n\n\u2728 Minden gyerty\u00e1m k\u00e9zzel, szeretettel k\u00e9sz\u00fcl, \u00edgy v\u00e1s\u00e1rl\u00e1soddal egy kisv\u00e1llalkoz\u00f3t is t\u00e1mogatsz.\n\ud83c\udf3f 100% pr\u00e9mium min\u0151s\u00e9g\u0171 sz\u00f3javiaszb\u00f3l k\u00e9sz\u00fclnek.\n\ud83c\udf38 Pr\u00e9mium illatolajokkal dolgozom, hogy az \u0151szi hangulat igaz\u00e1n k\u00fcl\u00f6nleges legyen.\n\ud83d\udd6f\ufe0f A gyerty\u00e1khoz 100% pamut kan\u00f3cot haszn\u00e1lok.\n\ud83e\udd0e 4000 Ft-\u00e9rt 180 ml-es kiszerel\u00e9st kapsz, amelynek \u00e9g\u00e9si ideje megfelel\u0151 haszn\u00e1lat mellett k\u00f6r\u00fclbel\u00fcl 35\u201340 \u00f3ra.\n\ud83c\udff7\ufe0f A c\u00edmk\u00e9im egyedileg k\u00e9sz\u00fclnek, k\u00fcl\u00f6nlegesek \u00e9s nem tal\u00e1lod meg \u0151ket a boltok polcain. \ud83d\ude0a\n\n\ud83c\udf4e Az \u0151szi kollekci\u00f3ban olyan ellen\u00e1llhatatlan illatok v\u00e1rnak, amelyek pillanatok alatt meghitt, kuck\u00f3z\u00f3s hangulatot var\u00e1zsolnak otthonodba.\n\nFontos a megfelel\u0151 els\u0151 \u00e9get\u00e9s!\nAz els\u0151 haszn\u00e1lat sor\u00e1n \u00e9rdemes a gyerty\u00e1t 2\u20133 \u00f3r\u00e1n kereszt\u00fcl folyamatosan \u00e9gni hagyni, hogy a viasz a teljes fel\u00fcleten felolvadjon. Ez seg\u00edt elker\u00fclni az \u00fagynevezett alag\u00fat\u00e9g\u00e9st, \u00e9s hozz\u00e1j\u00e1rul ahhoz, hogy a gyerty\u00e1d a lehet\u0151 legtov\u00e1bb \u00e9lvezhesd.\n\n\u2702\ufe0f Minden \u00fajragy\u00fajt\u00e1s el\u0151tt v\u00e1gd vissza a kan\u00f3c elszenesedett v\u00e9g\u00e9t kb. 5 mm-re, \u00edgy a gyerty\u00e1d szebben \u00e9s egyenletesebben fog \u00e9gni.\n\n\ud83e\udd0e N\u0151i Aura Illatm\u0171hely \u2013 k\u00e9zzel k\u00e9sz\u00edtve, sz\u00edvb\u0151l neked.\n\ud83d\udd6f\ufe0f GYERTYAHASZN\u00c1LATI \u00daTMUTAT\u00d3\n\nA gyerty\u00e1d hossz\u00fa \u00e9lettartam\u00e1\u00e9rt \u00e9s a biztons\u00e1gos haszn\u00e1lat\u00e9rt k\u00e9rj\u00fck, tartsd be az al\u00e1bbiakat! \ud83e\udd0e\n\n\ud83d\udd6f\ufe0f ELS\u0150 \u00c9GET\u00c9S\n\nAz els\u0151 alkalommal \u00e9gesd a gyerty\u00e1t 2\u20133 \u00f3r\u00e1n kereszt\u00fcl, hogy a viasz a teljes fel\u00fcleten egyenletesen felolvadjon.\n\nEz seg\u00edt megel\u0151zni az \u00fagynevezett alag\u00fat\u00e9g\u00e9st, \u00e9s biztos\u00edtja, hogy a gyerty\u00e1d a k\u00e9s\u0151bbiekben is sz\u00e9pen, egyenletesen \u00e9gjen.\n\n\u2702\ufe0f KAN\u00d3C\u00c1POL\u00c1S\n\nMinden \u00fajragy\u00fajt\u00e1s el\u0151tt v\u00e1gd vissza a kan\u00f3c elszenesedett v\u00e9g\u00e9t kb. 5 mm hossz\u00fas\u00e1g\u00fara.\n\nA megfelel\u0151 kan\u00f3chossz seg\u00edt abban, hogy a l\u00e1ng ne legyen t\u00fal nagy, a gyertya kev\u00e9sb\u00e9 f\u00fcst\u00f6lj\u00f6n, \u00e9s egyenletesebben \u00e9gjen.\n\n\u23f1\ufe0f NE \u00c9GESD T\u00daL SOK\u00c1IG!\n\nEgy alkalommal lehet\u0151leg 4 \u00f3r\u00e1n\u00e1l tov\u00e1bb ne \u00e9gesd a gyerty\u00e1t.\n\nHosszabb \u00e9g\u00e9s eset\u00e9n az ed\u00e9ny t\u00falmelegedhet, ez\u00e9rt mindig hagyd kih\u0171lni, miel\u0151tt \u00fajra meggy\u00fajtod.\n\n\ud83d\udd25 SOHA NE HAGYD FEL\u00dcGYELET N\u00c9LK\u00dcL!\n\nAz \u00e9g\u0151 gyerty\u00e1t soha ne hagyd \u0151rizetlen\u00fcl!\n\nTartsd t\u00e1vol gyermekekt\u0151l, h\u00e1zi\u00e1llatokt\u00f3l, f\u00fcgg\u00f6nyt\u0151l, pap\u00edrt\u00f3l \u00e9s minden gy\u00fal\u00e9kony t\u00e1rgyt\u00f3l.\n\n\ud83d\udca8 HUZATT\u00d3L V\u00c9DD!\n\nNe helyezd a gyerty\u00e1t huzatos helyre, ventil\u00e1tor vagy nyitott ablak k\u00f6zvetlen k\u00f6zel\u00e9be.\n\nA huzat egyenetlen \u00e9g\u00e9st, kormoz\u00e1st \u00e9s nagyobb l\u00e1ngot okozhat.\n\n\ud83d\udd6f\ufe0f ELHELYEZ\u00c9S\n\nMindig stabil, h\u0151\u00e1ll\u00f3 \u00e9s v\u00edzszintes fel\u00fcletre helyezd.\n\nNe mozgasd a gyerty\u00e1t \u00e9g\u00e9s k\u00f6zben vagy k\u00f6zvetlen\u00fcl az elolt\u00e1sa ut\u00e1n, am\u00edg a viasz \u00e9s az ed\u00e9ny forr\u00f3.\n\n\ud83d\udeab NE \u00c9GESD LE TELJESEN!\n\nNe haszn\u00e1ld tov\u00e1bb a gyerty\u00e1t, ha m\u00e1r csak kb. 1 cm viasz maradt az ed\u00e9ny alj\u00e1n.\n\n\u00cdgy elker\u00fclhet\u0151 az ed\u00e9ny t\u00falzott felmeleged\u00e9se.\n\n\ud83d\udca7 V\u00cdZZEL NE OLDD EL!\n\nA gyerty\u00e1t soha ne oltsd el v\u00edzzel!\n\nAz olt\u00e1shoz haszn\u00e1lj gyertyaolt\u00f3t, vagy \u00f3vatosan f\u00fajd el a l\u00e1ngot.\n\n\ud83d\udc43 ILLATOS\u00cdT\u00c1S\n\nAz illat intenzit\u00e1sa f\u00fcgg a helyis\u00e9g m\u00e9ret\u00e9t\u0151l, szell\u0151z\u00e9s\u00e9t\u0151l \u00e9s az \u00e9g\u00e9si id\u0151t\u0151l is.\n\nA pr\u00e9mium illatolajoknak k\u00f6sz\u00f6nhet\u0151en a gyertya \u00e9g\u00e9s k\u00f6zben kellemes, hosszan tart\u00f3 illatot biztos\u00edt.\n\n---\n\n\u26a0\ufe0f BIZTONS\u00c1GI FIGYELMEZTET\u00c9S\n\n\ud83d\udd25 \u00c9g\u0151 gyerty\u00e1t soha ne hagyj fel\u00fcgyelet n\u00e9lk\u00fcl!\n\ud83d\udc76 Gyermekekt\u0151l elz\u00e1rva tartand\u00f3.\n\ud83d\udc3e H\u00e1zi\u00e1llatokt\u00f3l t\u00e1vol tartand\u00f3.\n\ud83c\udf2c\ufe0f Huzatt\u00f3l t\u00e1vol tartand\u00f3.\n\ud83d\udd25 Gy\u00fal\u00e9kony anyagokt\u00f3l t\u00e1vol haszn\u00e1ld.\n\ud83e\uded9 A gyertya ed\u00e9nye haszn\u00e1lat k\u00f6zben felforr\u00f3sodhat.\n\ud83d\udeab Ne mozgasd az \u00e9g\u0151 vagy forr\u00f3 gyerty\u00e1t.\n\ud83d\udca7 V\u00edzzel ne oltsd el.\n\n\ud83e\udd0e K\u00f6sz\u00f6n\u00f6m, hogy a N\u0151i Aura Illatm\u0171helyt v\u00e1lasztottad!\n\nMinden gyerty\u00e1m k\u00e9zzel, gondosan \u00e9s szeretettel k\u00e9sz\u00fcl, hogy egy kis melegs\u00e9get \u00e9s k\u00fcl\u00f6nleges hangulatot vigyen az otthonodba.\n\n\u00c9lvezd a l\u00e1ngot, az illatot \u00e9s az \u0151szi kuck\u00f3z\u00e1s minden pillanat\u00e1t! \ud83c\udf42\ud83d\udd6f\ufe0f\n\nN\u0151i Aura Illatm\u0171hely\nk\u00e9zzel k\u00e9sz\u00edtve, sz\u00edvb\u0151l neked \ud83e\udd0e\n","score":0,"formatted_price":"4 000 Ft","image_url":"https:\/\/www.meska.hu\/img\/product\/small\/n\/o\/noiauraillatmuhely_product_780322_260830225404_267313.jpeg","formatted_url":"https:\/\/www.meska.hu\/p5862848-karacsonyi-feliratos-szojaviasz-illatgyertya-tobbfele-illatban","favourite":false,"in_stock":false,"avatar":"780322_avatar_1775157271.png","delete_from":0,"is_enhanced_background":false,"is_enhanced":false,"product_selection_started":false,"is_active":true,"image_webp_url":"https:\/\/www.meska.hu\/img\/product\/small\/n\/o\/noiauraillatmuhely_product_780322_260830225404_267313.webp"},{"id":"6349247","shop_id":"52439","user_id":"780322","shop_name":"NoiAuraIllatmuhely","shop_zip":"3885","product_code":"5862847","product_name_old":null,"product_name":"KAR\u00c1CSONYI feliratos  sz\u00f3javiasz illatgyertya ( t\u00f6bbf\u00e9le illatban)","category_string":"Otthon & \u00c9letm\u00f3d, Gyertya, illat, aroma, Gyertya","technic_string":"Gyertya-, m\u00e9csesk\u00e9sz\u00edt\u00e9s","category_1":"813","category_2":"415","category_3":"1388","category_4":"0","merged_category_1":null,"merged_category_2":null,"merged_category_3":null,"technic_1":"484","technic_2":"0","technic_3":"0","color_1":"514","color_2":"0","color_3":"0","product_description_old":null,"product_description":"ILLATV\u00c1LASZT\u00c1S:\nRendel\u00e9sn\u00e9l megjegyz\u00e9shez \u00edrd k\u00e9rlek a v\u00e1lasztott illatot, amennyiben nem v\u00e1lasztassz illatot, Madaszk\u00e1ri Van\u00edlia illatban fog elk\u00e9sz\u00fclni gyerty\u00e1d. (s\u00fcti illat! Van\u00edlia esszenci\u00e1val f\u0171szerezett pisk\u00f3ta, vagy linzer illat! Vas\u00e1rnap d\u00e9lut\u00e1ni otthon illat, mikor d\u00e9lel\u0151tt kis\u0171lt a s\u00fcti, \u00e9s ott illatozik egy t\u00e1lra kit\u00e9ve. )\n\nMi\u00e9rt v\u00e1laszd a N\u0151i Aura Illatm\u0171hely k\u00e9zm\u0171ves gyerty\u00e1it? \ud83c\udf42\n\n\u2728 Minden gyerty\u00e1m k\u00e9zzel, szeretettel k\u00e9sz\u00fcl, \u00edgy v\u00e1s\u00e1rl\u00e1soddal egy kisv\u00e1llalkoz\u00f3t is t\u00e1mogatsz.\n\ud83c\udf3f 100% pr\u00e9mium min\u0151s\u00e9g\u0171 sz\u00f3javiaszb\u00f3l k\u00e9sz\u00fclnek.\n\ud83c\udf38 Pr\u00e9mium illatolajokkal dolgozom, hogy az \u0151szi hangulat igaz\u00e1n k\u00fcl\u00f6nleges legyen.\n\ud83d\udd6f\ufe0f A gyerty\u00e1khoz 100% pamut kan\u00f3cot haszn\u00e1lok.\n\ud83e\udd0e 4000 Ft-\u00e9rt 180 ml-es kiszerel\u00e9st kapsz, amelynek \u00e9g\u00e9si ideje megfelel\u0151 haszn\u00e1lat mellett k\u00f6r\u00fclbel\u00fcl 35\u201340 \u00f3ra.\n\ud83c\udff7\ufe0f A c\u00edmk\u00e9im egyedileg k\u00e9sz\u00fclnek, k\u00fcl\u00f6nlegesek \u00e9s nem tal\u00e1lod meg \u0151ket a boltok polcain. \ud83d\ude0a\n\n\ud83c\udf4e Az \u0151szi kollekci\u00f3ban olyan ellen\u00e1llhatatlan illatok v\u00e1rnak, amelyek pillanatok alatt meghitt, kuck\u00f3z\u00f3s hangulatot var\u00e1zsolnak otthonodba.\n\nFontos a megfelel\u0151 els\u0151 \u00e9get\u00e9s!\nAz els\u0151 haszn\u00e1lat sor\u00e1n \u00e9rdemes a gyerty\u00e1t 2\u20133 \u00f3r\u00e1n kereszt\u00fcl folyamatosan \u00e9gni hagyni, hogy a viasz a teljes fel\u00fcleten felolvadjon. Ez seg\u00edt elker\u00fclni az \u00fagynevezett alag\u00fat\u00e9g\u00e9st, \u00e9s hozz\u00e1j\u00e1rul ahhoz, hogy a gyerty\u00e1d a lehet\u0151 legtov\u00e1bb \u00e9lvezhesd.\n\n\u2702\ufe0f Minden \u00fajragy\u00fajt\u00e1s el\u0151tt v\u00e1gd vissza a kan\u00f3c elszenesedett v\u00e9g\u00e9t kb. 5 mm-re, \u00edgy a gyerty\u00e1d szebben \u00e9s egyenletesebben fog \u00e9gni.\n\n\ud83e\udd0e N\u0151i Aura Illatm\u0171hely \u2013 k\u00e9zzel k\u00e9sz\u00edtve, sz\u00edvb\u0151l neked.\n\ud83d\udd6f\ufe0f GYERTYAHASZN\u00c1LATI \u00daTMUTAT\u00d3\n\nA gyerty\u00e1d hossz\u00fa \u00e9lettartam\u00e1\u00e9rt \u00e9s a biztons\u00e1gos haszn\u00e1lat\u00e9rt k\u00e9rj\u00fck, tartsd be az al\u00e1bbiakat! \ud83e\udd0e\n\n\ud83d\udd6f\ufe0f ELS\u0150 \u00c9GET\u00c9S\n\nAz els\u0151 alkalommal \u00e9gesd a gyerty\u00e1t 2\u20133 \u00f3r\u00e1n kereszt\u00fcl, hogy a viasz a teljes fel\u00fcleten egyenletesen felolvadjon.\n\nEz seg\u00edt megel\u0151zni az \u00fagynevezett alag\u00fat\u00e9g\u00e9st, \u00e9s biztos\u00edtja, hogy a gyerty\u00e1d a k\u00e9s\u0151bbiekben is sz\u00e9pen, egyenletesen \u00e9gjen.\n\n\u2702\ufe0f KAN\u00d3C\u00c1POL\u00c1S\n\nMinden \u00fajragy\u00fajt\u00e1s el\u0151tt v\u00e1gd vissza a kan\u00f3c elszenesedett v\u00e9g\u00e9t kb. 5 mm hossz\u00fas\u00e1g\u00fara.\n\nA megfelel\u0151 kan\u00f3chossz seg\u00edt abban, hogy a l\u00e1ng ne legyen t\u00fal nagy, a gyertya kev\u00e9sb\u00e9 f\u00fcst\u00f6lj\u00f6n, \u00e9s egyenletesebben \u00e9gjen.\n\n\u23f1\ufe0f NE \u00c9GESD T\u00daL SOK\u00c1IG!\n\nEgy alkalommal lehet\u0151leg 4 \u00f3r\u00e1n\u00e1l tov\u00e1bb ne \u00e9gesd a gyerty\u00e1t.\n\nHosszabb \u00e9g\u00e9s eset\u00e9n az ed\u00e9ny t\u00falmelegedhet, ez\u00e9rt mindig hagyd kih\u0171lni, miel\u0151tt \u00fajra meggy\u00fajtod.\n\n\ud83d\udd25 SOHA NE HAGYD FEL\u00dcGYELET N\u00c9LK\u00dcL!\n\nAz \u00e9g\u0151 gyerty\u00e1t soha ne hagyd \u0151rizetlen\u00fcl!\n\nTartsd t\u00e1vol gyermekekt\u0151l, h\u00e1zi\u00e1llatokt\u00f3l, f\u00fcgg\u00f6nyt\u0151l, pap\u00edrt\u00f3l \u00e9s minden gy\u00fal\u00e9kony t\u00e1rgyt\u00f3l.\n\n\ud83d\udca8 HUZATT\u00d3L V\u00c9DD!\n\nNe helyezd a gyerty\u00e1t huzatos helyre, ventil\u00e1tor vagy nyitott ablak k\u00f6zvetlen k\u00f6zel\u00e9be.\n\nA huzat egyenetlen \u00e9g\u00e9st, kormoz\u00e1st \u00e9s nagyobb l\u00e1ngot okozhat.\n\n\ud83d\udd6f\ufe0f ELHELYEZ\u00c9S\n\nMindig stabil, h\u0151\u00e1ll\u00f3 \u00e9s v\u00edzszintes fel\u00fcletre helyezd.\n\nNe mozgasd a gyerty\u00e1t \u00e9g\u00e9s k\u00f6zben vagy k\u00f6zvetlen\u00fcl az elolt\u00e1sa ut\u00e1n, am\u00edg a viasz \u00e9s az ed\u00e9ny forr\u00f3.\n\n\ud83d\udeab NE \u00c9GESD LE TELJESEN!\n\nNe haszn\u00e1ld tov\u00e1bb a gyerty\u00e1t, ha m\u00e1r csak kb. 1 cm viasz maradt az ed\u00e9ny alj\u00e1n.\n\n\u00cdgy elker\u00fclhet\u0151 az ed\u00e9ny t\u00falzott felmeleged\u00e9se.\n\n\ud83d\udca7 V\u00cdZZEL NE OLDD EL!\n\nA gyerty\u00e1t soha ne oltsd el v\u00edzzel!\n\nAz olt\u00e1shoz haszn\u00e1lj gyertyaolt\u00f3t, vagy \u00f3vatosan f\u00fajd el a l\u00e1ngot.\n\n\ud83d\udc43 ILLATOS\u00cdT\u00c1S\n\nAz illat intenzit\u00e1sa f\u00fcgg a helyis\u00e9g m\u00e9ret\u00e9t\u0151l, szell\u0151z\u00e9s\u00e9t\u0151l \u00e9s az \u00e9g\u00e9si id\u0151t\u0151l is.\n\nA pr\u00e9mium illatolajoknak k\u00f6sz\u00f6nhet\u0151en a gyertya \u00e9g\u00e9s k\u00f6zben kellemes, hosszan tart\u00f3 illatot biztos\u00edt.\n\n---\n\n\u26a0\ufe0f BIZTONS\u00c1GI FIGYELMEZTET\u00c9S\n\n\ud83d\udd25 \u00c9g\u0151 gyerty\u00e1t soha ne hagyj fel\u00fcgyelet n\u00e9lk\u00fcl!\n\ud83d\udc76 Gyermekekt\u0151l elz\u00e1rva tartand\u00f3.\n\ud83d\udc3e H\u00e1zi\u00e1llatokt\u00f3l t\u00e1vol tartand\u00f3.\n\ud83c\udf2c\ufe0f Huzatt\u00f3l t\u00e1vol tartand\u00f3.\n\ud83d\udd25 Gy\u00fal\u00e9kony anyagokt\u00f3l t\u00e1vol haszn\u00e1ld.\n\ud83e\uded9 A gyertya ed\u00e9nye haszn\u00e1lat k\u00f6zben felforr\u00f3sodhat.\n\ud83d\udeab Ne mozgasd az \u00e9g\u0151 vagy forr\u00f3 gyerty\u00e1t.\n\ud83d\udca7 V\u00edzzel ne oltsd el.\n\n\ud83e\udd0e K\u00f6sz\u00f6n\u00f6m, hogy a N\u0151i Aura Illatm\u0171helyt v\u00e1lasztottad!\n\nMinden gyerty\u00e1m k\u00e9zzel, gondosan \u00e9s szeretettel k\u00e9sz\u00fcl, hogy egy kis melegs\u00e9get \u00e9s k\u00fcl\u00f6nleges hangulatot vigyen az otthonodba.\n\n\u00c9lvezd a l\u00e1ngot, az illatot \u00e9s az \u0151szi kuck\u00f3z\u00e1s minden pillanat\u00e1t! \ud83c\udf42\ud83d\udd6f\ufe0f\n\nN\u0151i Aura Illatm\u0171hely\nk\u00e9zzel k\u00e9sz\u00edtve, sz\u00edvb\u0151l neked \ud83e\udd0e\n","price":"4000.00","unit":"db","recommended":"0","status":"1","sponsored":"0","exp_notify":"0","own_material":"0","own_material_description_old":null,"own_material_description":"","jury":"0","jury_number":"","product_nature":"","meskaracsony":"0","create_date":"2026-08-30 22:53:53","shelve_id":"0","image":"noiauraillatmuhely_product_780322_260830225347_61118.jpeg","image_width":"480","image_height":"558","image_alt":"KAR\u00c1CSONYI feliratos  sz\u00f3javiasz illatgyertya ( t\u00f6bbf\u00e9le illatban), ILLATV\u00c1LASZT\u00c1S:\\nRendel\u00e9sn\u00e9l megjegyz\u00e9shez \u00edrd k\u00e9rlek a v\u00e1lasztott illatot, amennyiben nem v\u00e1lasztass..., Meska","image_title":"KAR\u00c1CSONYI feliratos  sz\u00f3javiasz illatgyertya ( t\u00f6bbf\u00e9le illatban), Meska","view_count":"15","favourite_count":"0","trending_score":"0","last2MonthFavouriteCount":"0","promotion":"0","giftcard_accept":"0","creditcard_accept":true,"enhanced_background":"0","domain":"meska","specific_customer_id":null,"specific_customer_name":null,"to_order_product":"1","to_order_product_time":"3","product_different":null,"product_different_description":"","vintage":"0","vintage_category_id":"0","recycled":"0","gemstone_id":"0","customizable":"0","type_category":"physical","zerowaste":"0","postage_price":"1290.00","shop_order":"0","has_category":"1","landing_pages":null,"microdata":{"number":90,"category":""},"title":"KAR\u00c1CSONYI feliratos  sz\u00f3javiasz illatgyertya ( t\u00f6bbf\u00e9le illatban)","description":"ILLATV\u00c1LASZT\u00c1S:\nRendel\u00e9sn\u00e9l megjegyz\u00e9shez \u00edrd k\u00e9rlek a v\u00e1lasztott illatot, amennyiben nem v\u00e1lasztassz illatot, Madaszk\u00e1ri Van\u00edlia illatban fog elk\u00e9sz\u00fclni gyerty\u00e1d. (s\u00fcti illat! Van\u00edlia esszenci\u00e1val f\u0171szerezett pisk\u00f3ta, vagy linzer illat! Vas\u00e1rnap d\u00e9lut\u00e1ni otthon illat, mikor d\u00e9lel\u0151tt kis\u0171lt a s\u00fcti, \u00e9s ott illatozik egy t\u00e1lra kit\u00e9ve. )\n\nMi\u00e9rt v\u00e1laszd a N\u0151i Aura Illatm\u0171hely k\u00e9zm\u0171ves gyerty\u00e1it? \ud83c\udf42\n\n\u2728 Minden gyerty\u00e1m k\u00e9zzel, szeretettel k\u00e9sz\u00fcl, \u00edgy v\u00e1s\u00e1rl\u00e1soddal egy kisv\u00e1llalkoz\u00f3t is t\u00e1mogatsz.\n\ud83c\udf3f 100% pr\u00e9mium min\u0151s\u00e9g\u0171 sz\u00f3javiaszb\u00f3l k\u00e9sz\u00fclnek.\n\ud83c\udf38 Pr\u00e9mium illatolajokkal dolgozom, hogy az \u0151szi hangulat igaz\u00e1n k\u00fcl\u00f6nleges legyen.\n\ud83d\udd6f\ufe0f A gyerty\u00e1khoz 100% pamut kan\u00f3cot haszn\u00e1lok.\n\ud83e\udd0e 4000 Ft-\u00e9rt 180 ml-es kiszerel\u00e9st kapsz, amelynek \u00e9g\u00e9si ideje megfelel\u0151 haszn\u00e1lat mellett k\u00f6r\u00fclbel\u00fcl 35\u201340 \u00f3ra.\n\ud83c\udff7\ufe0f A c\u00edmk\u00e9im egyedileg k\u00e9sz\u00fclnek, k\u00fcl\u00f6nlegesek \u00e9s nem tal\u00e1lod meg \u0151ket a boltok polcain. \ud83d\ude0a\n\n\ud83c\udf4e Az \u0151szi kollekci\u00f3ban olyan ellen\u00e1llhatatlan illatok v\u00e1rnak, amelyek pillanatok alatt meghitt, kuck\u00f3z\u00f3s hangulatot var\u00e1zsolnak otthonodba.\n\nFontos a megfelel\u0151 els\u0151 \u00e9get\u00e9s!\nAz els\u0151 haszn\u00e1lat sor\u00e1n \u00e9rdemes a gyerty\u00e1t 2\u20133 \u00f3r\u00e1n kereszt\u00fcl folyamatosan \u00e9gni hagyni, hogy a viasz a teljes fel\u00fcleten felolvadjon. Ez seg\u00edt elker\u00fclni az \u00fagynevezett alag\u00fat\u00e9g\u00e9st, \u00e9s hozz\u00e1j\u00e1rul ahhoz, hogy a gyerty\u00e1d a lehet\u0151 legtov\u00e1bb \u00e9lvezhesd.\n\n\u2702\ufe0f Minden \u00fajragy\u00fajt\u00e1s el\u0151tt v\u00e1gd vissza a kan\u00f3c elszenesedett v\u00e9g\u00e9t kb. 5 mm-re, \u00edgy a gyerty\u00e1d szebben \u00e9s egyenletesebben fog \u00e9gni.\n\n\ud83e\udd0e N\u0151i Aura Illatm\u0171hely \u2013 k\u00e9zzel k\u00e9sz\u00edtve, sz\u00edvb\u0151l neked.\n\ud83d\udd6f\ufe0f GYERTYAHASZN\u00c1LATI \u00daTMUTAT\u00d3\n\nA gyerty\u00e1d hossz\u00fa \u00e9lettartam\u00e1\u00e9rt \u00e9s a biztons\u00e1gos haszn\u00e1lat\u00e9rt k\u00e9rj\u00fck, tartsd be az al\u00e1bbiakat! \ud83e\udd0e\n\n\ud83d\udd6f\ufe0f ELS\u0150 \u00c9GET\u00c9S\n\nAz els\u0151 alkalommal \u00e9gesd a gyerty\u00e1t 2\u20133 \u00f3r\u00e1n kereszt\u00fcl, hogy a viasz a teljes fel\u00fcleten egyenletesen felolvadjon.\n\nEz seg\u00edt megel\u0151zni az \u00fagynevezett alag\u00fat\u00e9g\u00e9st, \u00e9s biztos\u00edtja, hogy a gyerty\u00e1d a k\u00e9s\u0151bbiekben is sz\u00e9pen, egyenletesen \u00e9gjen.\n\n\u2702\ufe0f KAN\u00d3C\u00c1POL\u00c1S\n\nMinden \u00fajragy\u00fajt\u00e1s el\u0151tt v\u00e1gd vissza a kan\u00f3c elszenesedett v\u00e9g\u00e9t kb. 5 mm hossz\u00fas\u00e1g\u00fara.\n\nA megfelel\u0151 kan\u00f3chossz seg\u00edt abban, hogy a l\u00e1ng ne legyen t\u00fal nagy, a gyertya kev\u00e9sb\u00e9 f\u00fcst\u00f6lj\u00f6n, \u00e9s egyenletesebben \u00e9gjen.\n\n\u23f1\ufe0f NE \u00c9GESD T\u00daL SOK\u00c1IG!\n\nEgy alkalommal lehet\u0151leg 4 \u00f3r\u00e1n\u00e1l tov\u00e1bb ne \u00e9gesd a gyerty\u00e1t.\n\nHosszabb \u00e9g\u00e9s eset\u00e9n az ed\u00e9ny t\u00falmelegedhet, ez\u00e9rt mindig hagyd kih\u0171lni, miel\u0151tt \u00fajra meggy\u00fajtod.\n\n\ud83d\udd25 SOHA NE HAGYD FEL\u00dcGYELET N\u00c9LK\u00dcL!\n\nAz \u00e9g\u0151 gyerty\u00e1t soha ne hagyd \u0151rizetlen\u00fcl!\n\nTartsd t\u00e1vol gyermekekt\u0151l, h\u00e1zi\u00e1llatokt\u00f3l, f\u00fcgg\u00f6nyt\u0151l, pap\u00edrt\u00f3l \u00e9s minden gy\u00fal\u00e9kony t\u00e1rgyt\u00f3l.\n\n\ud83d\udca8 HUZATT\u00d3L V\u00c9DD!\n\nNe helyezd a gyerty\u00e1t huzatos helyre, ventil\u00e1tor vagy nyitott ablak k\u00f6zvetlen k\u00f6zel\u00e9be.\n\nA huzat egyenetlen \u00e9g\u00e9st, kormoz\u00e1st \u00e9s nagyobb l\u00e1ngot okozhat.\n\n\ud83d\udd6f\ufe0f ELHELYEZ\u00c9S\n\nMindig stabil, h\u0151\u00e1ll\u00f3 \u00e9s v\u00edzszintes fel\u00fcletre helyezd.\n\nNe mozgasd a gyerty\u00e1t \u00e9g\u00e9s k\u00f6zben vagy k\u00f6zvetlen\u00fcl az elolt\u00e1sa ut\u00e1n, am\u00edg a viasz \u00e9s az ed\u00e9ny forr\u00f3.\n\n\ud83d\udeab NE \u00c9GESD LE TELJESEN!\n\nNe haszn\u00e1ld tov\u00e1bb a gyerty\u00e1t, ha m\u00e1r csak kb. 1 cm viasz maradt az ed\u00e9ny alj\u00e1n.\n\n\u00cdgy elker\u00fclhet\u0151 az ed\u00e9ny t\u00falzott felmeleged\u00e9se.\n\n\ud83d\udca7 V\u00cdZZEL NE OLDD EL!\n\nA gyerty\u00e1t soha ne oltsd el v\u00edzzel!\n\nAz olt\u00e1shoz haszn\u00e1lj gyertyaolt\u00f3t, vagy \u00f3vatosan f\u00fajd el a l\u00e1ngot.\n\n\ud83d\udc43 ILLATOS\u00cdT\u00c1S\n\nAz illat intenzit\u00e1sa f\u00fcgg a helyis\u00e9g m\u00e9ret\u00e9t\u0151l, szell\u0151z\u00e9s\u00e9t\u0151l \u00e9s az \u00e9g\u00e9si id\u0151t\u0151l is.\n\nA pr\u00e9mium illatolajoknak k\u00f6sz\u00f6nhet\u0151en a gyertya \u00e9g\u00e9s k\u00f6zben kellemes, hosszan tart\u00f3 illatot biztos\u00edt.\n\n---\n\n\u26a0\ufe0f BIZTONS\u00c1GI FIGYELMEZTET\u00c9S\n\n\ud83d\udd25 \u00c9g\u0151 gyerty\u00e1t soha ne hagyj fel\u00fcgyelet n\u00e9lk\u00fcl!\n\ud83d\udc76 Gyermekekt\u0151l elz\u00e1rva tartand\u00f3.\n\ud83d\udc3e H\u00e1zi\u00e1llatokt\u00f3l t\u00e1vol tartand\u00f3.\n\ud83c\udf2c\ufe0f Huzatt\u00f3l t\u00e1vol tartand\u00f3.\n\ud83d\udd25 Gy\u00fal\u00e9kony anyagokt\u00f3l t\u00e1vol haszn\u00e1ld.\n\ud83e\uded9 A gyertya ed\u00e9nye haszn\u00e1lat k\u00f6zben felforr\u00f3sodhat.\n\ud83d\udeab Ne mozgasd az \u00e9g\u0151 vagy forr\u00f3 gyerty\u00e1t.\n\ud83d\udca7 V\u00edzzel ne oltsd el.\n\n\ud83e\udd0e K\u00f6sz\u00f6n\u00f6m, hogy a N\u0151i Aura Illatm\u0171helyt v\u00e1lasztottad!\n\nMinden gyerty\u00e1m k\u00e9zzel, gondosan \u00e9s szeretettel k\u00e9sz\u00fcl, hogy egy kis melegs\u00e9get \u00e9s k\u00fcl\u00f6nleges hangulatot vigyen az otthonodba.\n\n\u00c9lvezd a l\u00e1ngot, az illatot \u00e9s az \u0151szi kuck\u00f3z\u00e1s minden pillanat\u00e1t! \ud83c\udf42\ud83d\udd6f\ufe0f\n\nN\u0151i Aura Illatm\u0171hely\nk\u00e9zzel k\u00e9sz\u00edtve, sz\u00edvb\u0151l neked \ud83e\udd0e\n","score":0,"formatted_price":"4 000 Ft","image_url":"https:\/\/www.meska.hu\/img\/product\/small\/n\/o\/noiauraillatmuhely_product_780322_260830225347_61118.jpeg","formatted_url":"https:\/\/www.meska.hu\/p5862847-karacsonyi-feliratos-szojaviasz-illatgyertya-tobbfele-illatban","favourite":false,"in_stock":false,"avatar":"780322_avatar_1775157271.png","delete_from":0,"is_enhanced_background":false,"is_enhanced":false,"product_selection_started":false,"is_active":true,"image_webp_url":"https:\/\/www.meska.hu\/img\/product\/small\/n\/o\/noiauraillatmuhely_product_780322_260830225347_61118.webp"},{"id":"6349246","shop_id":"50379","user_id":"744447","shop_name":"BandDStudio","shop_zip":"2740","product_code":"5862846","product_name_old":null,"product_name":"M\u00e9zeskal\u00e1cs illat\u00fa illatviasz","category_string":"Otthon & \u00c9letm\u00f3d, Gyertya, illat, aroma, Illatviasz","technic_string":"Gyertya-, m\u00e9csesk\u00e9sz\u00edt\u00e9s","category_1":"813","category_2":"415","category_3":"1391","category_4":"0","merged_category_1":null,"merged_category_2":null,"merged_category_3":null,"technic_1":"484","technic_2":"0","technic_3":"0","color_1":"517","color_2":"0","color_3":"0","product_description_old":null,"product_description":"M\u00e9zeskal\u00e1cs illat\u00fa illatviasz sz\u00f3javiaszb\u00f3l, k\u00fcl\u00f6nb\u00f6z\u0151 \u0151szi form\u00e1kkal, pr\u00e9mium illatolajjal, dobozban\/csomagban - kb. 50 g. Csod\u00e1s, intenz\u00edv illata van, belengi a lak\u00e1st.\n\nA term\u00e9k \u00e1ra egy dobozra\/csomagra vonatkozik.\n\nHaszn\u00e1lati \u00fatmutat\u00f3:\n- k\u00e9sz\u00edtsd el\u0151 a meleg\u00edt\u0151t, valamint gy\u0151z\u0151dj meg r\u00f3la, hogy tiszta \u00e9s sz\u00e1raz, miel\u0151tt hozz\u00e1kezden\u00e9l,\n-  helyezz egy illatviaszt az aromal\u00e1mp\u00e1ba vagy viaszmeleg\u00edt\u0151be,\n- gy\u00fajts meg egy team\u00e9csest, vagy kapcsold be az elektromos viaszmeleg\u00edt\u0151t.\n\nBIZTONS\u00c1GI FIGYELMEZTET\u00c9S:\n- soha ne hagyd fel\u00fcgyelet n\u00e9lk\u00fcl az illatviaszt,\n- csak h\u0151\u00e1ll\u00f3 aromal\u00e1mp\u00e1ban vagy viaszmeleg\u00edt\u0151ben haszn\u00e1ld, - haszn\u00e1lj stabil, h\u0151\u00e1ll\u00f3 fel\u00fcletet, t\u00e1vol gy\u00fal\u00e9kony anyagokt\u00f3l,\n- ne \u00e9rintsd meg a forr\u00f3 viaszt, m\u00edg meg nem szil\u00e1rdul,\n- gyermekekt\u0151l \u00e9s h\u00e1zi\u00e1llatokt\u00f3l tartsd t\u00e1vol.","price":"1500.00","unit":"cs","recommended":"0","status":"1","sponsored":"0","exp_notify":"0","own_material":"0","own_material_description_old":null,"own_material_description":"","jury":"0","jury_number":"","product_nature":"","meskaracsony":"0","create_date":"2026-08-30 22:53:49","shelve_id":"81575","image":"banddstudio_product_744447_260830225308_470320.jpeg","image_width":"480","image_height":"853","image_alt":"M\u00e9zeskal\u00e1cs illat\u00fa illatviasz, M\u00e9zeskal\u00e1cs illat\u00fa illatviasz sz\u00f3javiaszb\u00f3l, k\u00fcl\u00f6nb\u00f6z\u0151 \u0151szi form\u00e1kkal, pr\u00e9mium illatolajjal, dobozba..., Meska","image_title":"M\u00e9zeskal\u00e1cs illat\u00fa illatviasz, Meska","view_count":"12","favourite_count":"0","trending_score":"0","last2MonthFavouriteCount":"0","promotion":"0","giftcard_accept":"0","creditcard_accept":true,"enhanced_background":"0","domain":"meska","specific_customer_id":null,"specific_customer_name":null,"to_order_product":"0","to_order_product_time":"0","product_different":null,"product_different_description":"","vintage":"0","vintage_category_id":"0","recycled":"0","gemstone_id":"0","customizable":"0","type_category":"physical","zerowaste":"0","postage_price":"1290.00","shop_order":"1","has_category":"1","landing_pages":null,"microdata":{"number":91,"category":""},"title":"M\u00e9zeskal\u00e1cs illat\u00fa illatviasz","description":"M\u00e9zeskal\u00e1cs illat\u00fa illatviasz sz\u00f3javiaszb\u00f3l, k\u00fcl\u00f6nb\u00f6z\u0151 \u0151szi form\u00e1kkal, pr\u00e9mium illatolajjal, dobozban\/csomagban - kb. 50 g. Csod\u00e1s, intenz\u00edv illata van, belengi a lak\u00e1st.\n\nA term\u00e9k \u00e1ra egy dobozra\/csomagra vonatkozik.\n\nHaszn\u00e1lati \u00fatmutat\u00f3:\n- k\u00e9sz\u00edtsd el\u0151 a meleg\u00edt\u0151t, valamint gy\u0151z\u0151dj meg r\u00f3la, hogy tiszta \u00e9s sz\u00e1raz, miel\u0151tt hozz\u00e1kezden\u00e9l,\n-  helyezz egy illatviaszt az aromal\u00e1mp\u00e1ba vagy viaszmeleg\u00edt\u0151be,\n- gy\u00fajts meg egy team\u00e9csest, vagy kapcsold be az elektromos viaszmeleg\u00edt\u0151t.\n\nBIZTONS\u00c1GI FIGYELMEZTET\u00c9S:\n- soha ne hagyd fel\u00fcgyelet n\u00e9lk\u00fcl az illatviaszt,\n- csak h\u0151\u00e1ll\u00f3 aromal\u00e1mp\u00e1ban vagy viaszmeleg\u00edt\u0151ben haszn\u00e1ld, - haszn\u00e1lj stabil, h\u0151\u00e1ll\u00f3 fel\u00fcletet, t\u00e1vol gy\u00fal\u00e9kony anyagokt\u00f3l,\n- ne \u00e9rintsd meg a forr\u00f3 viaszt, m\u00edg meg nem szil\u00e1rdul,\n- gyermekekt\u0151l \u00e9s h\u00e1zi\u00e1llatokt\u00f3l tartsd t\u00e1vol.","score":0,"formatted_price":"1 500 Ft","image_url":"https:\/\/www.meska.hu\/img\/product\/small\/b\/a\/banddstudio_product_744447_260830225308_470320.jpeg","formatted_url":"https:\/\/www.meska.hu\/p5862846-mezeskalacs-illatu-illatviasz","favourite":false,"in_stock":true,"avatar":"744447_avatar_1759920819.png","delete_from":0,"is_enhanced_background":false,"is_enhanced":false,"product_selection_started":false,"is_active":true,"image_webp_url":"https:\/\/www.meska.hu\/img\/product\/small\/b\/a\/banddstudio_product_744447_260830225308_470320.webp"},{"id":"6349242","shop_id":"52439","user_id":"780322","shop_name":"NoiAuraIllatmuhely","shop_zip":"3885","product_code":"5862842","product_name_old":null,"product_name":"KAR\u00c1CSONYI feliratos  sz\u00f3javiasz illatgyertya ( t\u00f6bbf\u00e9le illatban)","category_string":"Otthon & \u00c9letm\u00f3d, Gyertya, illat, aroma, Gyertya","technic_string":"Gyertya-, m\u00e9csesk\u00e9sz\u00edt\u00e9s","category_1":"813","category_2":"415","category_3":"1388","category_4":"0","merged_category_1":null,"merged_category_2":null,"merged_category_3":null,"technic_1":"484","technic_2":"0","technic_3":"0","color_1":"514","color_2":"0","color_3":"0","product_description_old":null,"product_description":"ILLATV\u00c1LASZT\u00c1S:\nRendel\u00e9sn\u00e9l megjegyz\u00e9shez \u00edrd k\u00e9rlek a v\u00e1lasztott illatot, amennyiben nem v\u00e1lasztassz illatot, Madaszk\u00e1ri Van\u00edlia illatban fog elk\u00e9sz\u00fclni gyerty\u00e1d. (s\u00fcti illat! Van\u00edlia esszenci\u00e1val f\u0171szerezett pisk\u00f3ta, vagy linzer illat! Vas\u00e1rnap d\u00e9lut\u00e1ni otthon illat, mikor d\u00e9lel\u0151tt kis\u0171lt a s\u00fcti, \u00e9s ott illatozik egy t\u00e1lra kit\u00e9ve. )\n\nMi\u00e9rt v\u00e1laszd a N\u0151i Aura Illatm\u0171hely k\u00e9zm\u0171ves gyerty\u00e1it? \ud83c\udf42\n\n\u2728 Minden gyerty\u00e1m k\u00e9zzel, szeretettel k\u00e9sz\u00fcl, \u00edgy v\u00e1s\u00e1rl\u00e1soddal egy kisv\u00e1llalkoz\u00f3t is t\u00e1mogatsz.\n\ud83c\udf3f 100% pr\u00e9mium min\u0151s\u00e9g\u0171 sz\u00f3javiaszb\u00f3l k\u00e9sz\u00fclnek.\n\ud83c\udf38 Pr\u00e9mium illatolajokkal dolgozom, hogy az \u0151szi hangulat igaz\u00e1n k\u00fcl\u00f6nleges legyen.\n\ud83d\udd6f\ufe0f A gyerty\u00e1khoz 100% pamut kan\u00f3cot haszn\u00e1lok.\n\ud83e\udd0e 4000 Ft-\u00e9rt 180 ml-es kiszerel\u00e9st kapsz, amelynek \u00e9g\u00e9si ideje megfelel\u0151 haszn\u00e1lat mellett k\u00f6r\u00fclbel\u00fcl 35\u201340 \u00f3ra.\n\ud83c\udff7\ufe0f A c\u00edmk\u00e9im egyedileg k\u00e9sz\u00fclnek, k\u00fcl\u00f6nlegesek \u00e9s nem tal\u00e1lod meg \u0151ket a boltok polcain. \ud83d\ude0a\n\n\ud83c\udf4e Az \u0151szi kollekci\u00f3ban olyan ellen\u00e1llhatatlan illatok v\u00e1rnak, amelyek pillanatok alatt meghitt, kuck\u00f3z\u00f3s hangulatot var\u00e1zsolnak otthonodba.\n\nFontos a megfelel\u0151 els\u0151 \u00e9get\u00e9s!\nAz els\u0151 haszn\u00e1lat sor\u00e1n \u00e9rdemes a gyerty\u00e1t 2\u20133 \u00f3r\u00e1n kereszt\u00fcl folyamatosan \u00e9gni hagyni, hogy a viasz a teljes fel\u00fcleten felolvadjon. Ez seg\u00edt elker\u00fclni az \u00fagynevezett alag\u00fat\u00e9g\u00e9st, \u00e9s hozz\u00e1j\u00e1rul ahhoz, hogy a gyerty\u00e1d a lehet\u0151 legtov\u00e1bb \u00e9lvezhesd.\n\n\u2702\ufe0f Minden \u00fajragy\u00fajt\u00e1s el\u0151tt v\u00e1gd vissza a kan\u00f3c elszenesedett v\u00e9g\u00e9t kb. 5 mm-re, \u00edgy a gyerty\u00e1d szebben \u00e9s egyenletesebben fog \u00e9gni.\n\n\ud83e\udd0e N\u0151i Aura Illatm\u0171hely \u2013 k\u00e9zzel k\u00e9sz\u00edtve, sz\u00edvb\u0151l neked.\n\ud83d\udd6f\ufe0f GYERTYAHASZN\u00c1LATI \u00daTMUTAT\u00d3\n\nA gyerty\u00e1d hossz\u00fa \u00e9lettartam\u00e1\u00e9rt \u00e9s a biztons\u00e1gos haszn\u00e1lat\u00e9rt k\u00e9rj\u00fck, tartsd be az al\u00e1bbiakat! \ud83e\udd0e\n\n\ud83d\udd6f\ufe0f ELS\u0150 \u00c9GET\u00c9S\n\nAz els\u0151 alkalommal \u00e9gesd a gyerty\u00e1t 2\u20133 \u00f3r\u00e1n kereszt\u00fcl, hogy a viasz a teljes fel\u00fcleten egyenletesen felolvadjon.\n\nEz seg\u00edt megel\u0151zni az \u00fagynevezett alag\u00fat\u00e9g\u00e9st, \u00e9s biztos\u00edtja, hogy a gyerty\u00e1d a k\u00e9s\u0151bbiekben is sz\u00e9pen, egyenletesen \u00e9gjen.\n\n\u2702\ufe0f KAN\u00d3C\u00c1POL\u00c1S\n\nMinden \u00fajragy\u00fajt\u00e1s el\u0151tt v\u00e1gd vissza a kan\u00f3c elszenesedett v\u00e9g\u00e9t kb. 5 mm hossz\u00fas\u00e1g\u00fara.\n\nA megfelel\u0151 kan\u00f3chossz seg\u00edt abban, hogy a l\u00e1ng ne legyen t\u00fal nagy, a gyertya kev\u00e9sb\u00e9 f\u00fcst\u00f6lj\u00f6n, \u00e9s egyenletesebben \u00e9gjen.\n\n\u23f1\ufe0f NE \u00c9GESD T\u00daL SOK\u00c1IG!\n\nEgy alkalommal lehet\u0151leg 4 \u00f3r\u00e1n\u00e1l tov\u00e1bb ne \u00e9gesd a gyerty\u00e1t.\n\nHosszabb \u00e9g\u00e9s eset\u00e9n az ed\u00e9ny t\u00falmelegedhet, ez\u00e9rt mindig hagyd kih\u0171lni, miel\u0151tt \u00fajra meggy\u00fajtod.\n\n\ud83d\udd25 SOHA NE HAGYD FEL\u00dcGYELET N\u00c9LK\u00dcL!\n\nAz \u00e9g\u0151 gyerty\u00e1t soha ne hagyd \u0151rizetlen\u00fcl!\n\nTartsd t\u00e1vol gyermekekt\u0151l, h\u00e1zi\u00e1llatokt\u00f3l, f\u00fcgg\u00f6nyt\u0151l, pap\u00edrt\u00f3l \u00e9s minden gy\u00fal\u00e9kony t\u00e1rgyt\u00f3l.\n\n\ud83d\udca8 HUZATT\u00d3L V\u00c9DD!\n\nNe helyezd a gyerty\u00e1t huzatos helyre, ventil\u00e1tor vagy nyitott ablak k\u00f6zvetlen k\u00f6zel\u00e9be.\n\nA huzat egyenetlen \u00e9g\u00e9st, kormoz\u00e1st \u00e9s nagyobb l\u00e1ngot okozhat.\n\n\ud83d\udd6f\ufe0f ELHELYEZ\u00c9S\n\nMindig stabil, h\u0151\u00e1ll\u00f3 \u00e9s v\u00edzszintes fel\u00fcletre helyezd.\n\nNe mozgasd a gyerty\u00e1t \u00e9g\u00e9s k\u00f6zben vagy k\u00f6zvetlen\u00fcl az elolt\u00e1sa ut\u00e1n, am\u00edg a viasz \u00e9s az ed\u00e9ny forr\u00f3.\n\n\ud83d\udeab NE \u00c9GESD LE TELJESEN!\n\nNe haszn\u00e1ld tov\u00e1bb a gyerty\u00e1t, ha m\u00e1r csak kb. 1 cm viasz maradt az ed\u00e9ny alj\u00e1n.\n\n\u00cdgy elker\u00fclhet\u0151 az ed\u00e9ny t\u00falzott felmeleged\u00e9se.\n\n\ud83d\udca7 V\u00cdZZEL NE OLDD EL!\n\nA gyerty\u00e1t soha ne oltsd el v\u00edzzel!\n\nAz olt\u00e1shoz haszn\u00e1lj gyertyaolt\u00f3t, vagy \u00f3vatosan f\u00fajd el a l\u00e1ngot.\n\n\ud83d\udc43 ILLATOS\u00cdT\u00c1S\n\nAz illat intenzit\u00e1sa f\u00fcgg a helyis\u00e9g m\u00e9ret\u00e9t\u0151l, szell\u0151z\u00e9s\u00e9t\u0151l \u00e9s az \u00e9g\u00e9si id\u0151t\u0151l is.\n\nA pr\u00e9mium illatolajoknak k\u00f6sz\u00f6nhet\u0151en a gyertya \u00e9g\u00e9s k\u00f6zben kellemes, hosszan tart\u00f3 illatot biztos\u00edt.\n\n---\n\n\u26a0\ufe0f BIZTONS\u00c1GI FIGYELMEZTET\u00c9S\n\n\ud83d\udd25 \u00c9g\u0151 gyerty\u00e1t soha ne hagyj fel\u00fcgyelet n\u00e9lk\u00fcl!\n\ud83d\udc76 Gyermekekt\u0151l elz\u00e1rva tartand\u00f3.\n\ud83d\udc3e H\u00e1zi\u00e1llatokt\u00f3l t\u00e1vol tartand\u00f3.\n\ud83c\udf2c\ufe0f Huzatt\u00f3l t\u00e1vol tartand\u00f3.\n\ud83d\udd25 Gy\u00fal\u00e9kony anyagokt\u00f3l t\u00e1vol haszn\u00e1ld.\n\ud83e\uded9 A gyertya ed\u00e9nye haszn\u00e1lat k\u00f6zben felforr\u00f3sodhat.\n\ud83d\udeab Ne mozgasd az \u00e9g\u0151 vagy forr\u00f3 gyerty\u00e1t.\n\ud83d\udca7 V\u00edzzel ne oltsd el.\n\n\ud83e\udd0e K\u00f6sz\u00f6n\u00f6m, hogy a N\u0151i Aura Illatm\u0171helyt v\u00e1lasztottad!\n\nMinden gyerty\u00e1m k\u00e9zzel, gondosan \u00e9s szeretettel k\u00e9sz\u00fcl, hogy egy kis melegs\u00e9get \u00e9s k\u00fcl\u00f6nleges hangulatot vigyen az otthonodba.\n\n\u00c9lvezd a l\u00e1ngot, az illatot \u00e9s az \u0151szi kuck\u00f3z\u00e1s minden pillanat\u00e1t! \ud83c\udf42\ud83d\udd6f\ufe0f\n\nN\u0151i Aura Illatm\u0171hely\nk\u00e9zzel k\u00e9sz\u00edtve, sz\u00edvb\u0151l neked \ud83e\udd0e\n","price":"4000.00","unit":"db","recommended":"0","status":"1","sponsored":"0","exp_notify":"0","own_material":"0","own_material_description_old":null,"own_material_description":"","jury":"0","jury_number":"","product_nature":"","meskaracsony":"0","create_date":"2026-08-30 22:53:32","shelve_id":"0","image":"noiauraillatmuhely_product_780322_260830225321_509572.jpeg","image_width":"480","image_height":"484","image_alt":"KAR\u00c1CSONYI feliratos  sz\u00f3javiasz illatgyertya ( t\u00f6bbf\u00e9le illatban), ILLATV\u00c1LASZT\u00c1S:\\nRendel\u00e9sn\u00e9l megjegyz\u00e9shez \u00edrd k\u00e9rlek a v\u00e1lasztott illatot, amennyiben nem v\u00e1lasztass..., Meska","image_title":"KAR\u00c1CSONYI feliratos  sz\u00f3javiasz illatgyertya ( t\u00f6bbf\u00e9le illatban), Meska","view_count":"10","favourite_count":"0","trending_score":"0","last2MonthFavouriteCount":"0","promotion":"0","giftcard_accept":"0","creditcard_accept":true,"enhanced_background":"0","domain":"meska","specific_customer_id":null,"specific_customer_name":null,"to_order_product":"1","to_order_product_time":"3","product_different":null,"product_different_description":"","vintage":"0","vintage_category_id":"0","recycled":"0","gemstone_id":"0","customizable":"0","type_category":"physical","zerowaste":"0","postage_price":"1290.00","shop_order":"0","has_category":"1","landing_pages":null,"microdata":{"number":92,"category":""},"title":"KAR\u00c1CSONYI feliratos  sz\u00f3javiasz illatgyertya ( t\u00f6bbf\u00e9le illatban)","description":"ILLATV\u00c1LASZT\u00c1S:\nRendel\u00e9sn\u00e9l megjegyz\u00e9shez \u00edrd k\u00e9rlek a v\u00e1lasztott illatot, amennyiben nem v\u00e1lasztassz illatot, Madaszk\u00e1ri Van\u00edlia illatban fog elk\u00e9sz\u00fclni gyerty\u00e1d. (s\u00fcti illat! Van\u00edlia esszenci\u00e1val f\u0171szerezett pisk\u00f3ta, vagy linzer illat! Vas\u00e1rnap d\u00e9lut\u00e1ni otthon illat, mikor d\u00e9lel\u0151tt kis\u0171lt a s\u00fcti, \u00e9s ott illatozik egy t\u00e1lra kit\u00e9ve. )\n\nMi\u00e9rt v\u00e1laszd a N\u0151i Aura Illatm\u0171hely k\u00e9zm\u0171ves gyerty\u00e1it? \ud83c\udf42\n\n\u2728 Minden gyerty\u00e1m k\u00e9zzel, szeretettel k\u00e9sz\u00fcl, \u00edgy v\u00e1s\u00e1rl\u00e1soddal egy kisv\u00e1llalkoz\u00f3t is t\u00e1mogatsz.\n\ud83c\udf3f 100% pr\u00e9mium min\u0151s\u00e9g\u0171 sz\u00f3javiaszb\u00f3l k\u00e9sz\u00fclnek.\n\ud83c\udf38 Pr\u00e9mium illatolajokkal dolgozom, hogy az \u0151szi hangulat igaz\u00e1n k\u00fcl\u00f6nleges legyen.\n\ud83d\udd6f\ufe0f A gyerty\u00e1khoz 100% pamut kan\u00f3cot haszn\u00e1lok.\n\ud83e\udd0e 4000 Ft-\u00e9rt 180 ml-es kiszerel\u00e9st kapsz, amelynek \u00e9g\u00e9si ideje megfelel\u0151 haszn\u00e1lat mellett k\u00f6r\u00fclbel\u00fcl 35\u201340 \u00f3ra.\n\ud83c\udff7\ufe0f A c\u00edmk\u00e9im egyedileg k\u00e9sz\u00fclnek, k\u00fcl\u00f6nlegesek \u00e9s nem tal\u00e1lod meg \u0151ket a boltok polcain. \ud83d\ude0a\n\n\ud83c\udf4e Az \u0151szi kollekci\u00f3ban olyan ellen\u00e1llhatatlan illatok v\u00e1rnak, amelyek pillanatok alatt meghitt, kuck\u00f3z\u00f3s hangulatot var\u00e1zsolnak otthonodba.\n\nFontos a megfelel\u0151 els\u0151 \u00e9get\u00e9s!\nAz els\u0151 haszn\u00e1lat sor\u00e1n \u00e9rdemes a gyerty\u00e1t 2\u20133 \u00f3r\u00e1n kereszt\u00fcl folyamatosan \u00e9gni hagyni, hogy a viasz a teljes fel\u00fcleten felolvadjon. Ez seg\u00edt elker\u00fclni az \u00fagynevezett alag\u00fat\u00e9g\u00e9st, \u00e9s hozz\u00e1j\u00e1rul ahhoz, hogy a gyerty\u00e1d a lehet\u0151 legtov\u00e1bb \u00e9lvezhesd.\n\n\u2702\ufe0f Minden \u00fajragy\u00fajt\u00e1s el\u0151tt v\u00e1gd vissza a kan\u00f3c elszenesedett v\u00e9g\u00e9t kb. 5 mm-re, \u00edgy a gyerty\u00e1d szebben \u00e9s egyenletesebben fog \u00e9gni.\n\n\ud83e\udd0e N\u0151i Aura Illatm\u0171hely \u2013 k\u00e9zzel k\u00e9sz\u00edtve, sz\u00edvb\u0151l neked.\n\ud83d\udd6f\ufe0f GYERTYAHASZN\u00c1LATI \u00daTMUTAT\u00d3\n\nA gyerty\u00e1d hossz\u00fa \u00e9lettartam\u00e1\u00e9rt \u00e9s a biztons\u00e1gos haszn\u00e1lat\u00e9rt k\u00e9rj\u00fck, tartsd be az al\u00e1bbiakat! \ud83e\udd0e\n\n\ud83d\udd6f\ufe0f ELS\u0150 \u00c9GET\u00c9S\n\nAz els\u0151 alkalommal \u00e9gesd a gyerty\u00e1t 2\u20133 \u00f3r\u00e1n kereszt\u00fcl, hogy a viasz a teljes fel\u00fcleten egyenletesen felolvadjon.\n\nEz seg\u00edt megel\u0151zni az \u00fagynevezett alag\u00fat\u00e9g\u00e9st, \u00e9s biztos\u00edtja, hogy a gyerty\u00e1d a k\u00e9s\u0151bbiekben is sz\u00e9pen, egyenletesen \u00e9gjen.\n\n\u2702\ufe0f KAN\u00d3C\u00c1POL\u00c1S\n\nMinden \u00fajragy\u00fajt\u00e1s el\u0151tt v\u00e1gd vissza a kan\u00f3c elszenesedett v\u00e9g\u00e9t kb. 5 mm hossz\u00fas\u00e1g\u00fara.\n\nA megfelel\u0151 kan\u00f3chossz seg\u00edt abban, hogy a l\u00e1ng ne legyen t\u00fal nagy, a gyertya kev\u00e9sb\u00e9 f\u00fcst\u00f6lj\u00f6n, \u00e9s egyenletesebben \u00e9gjen.\n\n\u23f1\ufe0f NE \u00c9GESD T\u00daL SOK\u00c1IG!\n\nEgy alkalommal lehet\u0151leg 4 \u00f3r\u00e1n\u00e1l tov\u00e1bb ne \u00e9gesd a gyerty\u00e1t.\n\nHosszabb \u00e9g\u00e9s eset\u00e9n az ed\u00e9ny t\u00falmelegedhet, ez\u00e9rt mindig hagyd kih\u0171lni, miel\u0151tt \u00fajra meggy\u00fajtod.\n\n\ud83d\udd25 SOHA NE HAGYD FEL\u00dcGYELET N\u00c9LK\u00dcL!\n\nAz \u00e9g\u0151 gyerty\u00e1t soha ne hagyd \u0151rizetlen\u00fcl!\n\nTartsd t\u00e1vol gyermekekt\u0151l, h\u00e1zi\u00e1llatokt\u00f3l, f\u00fcgg\u00f6nyt\u0151l, pap\u00edrt\u00f3l \u00e9s minden gy\u00fal\u00e9kony t\u00e1rgyt\u00f3l.\n\n\ud83d\udca8 HUZATT\u00d3L V\u00c9DD!\n\nNe helyezd a gyerty\u00e1t huzatos helyre, ventil\u00e1tor vagy nyitott ablak k\u00f6zvetlen k\u00f6zel\u00e9be.\n\nA huzat egyenetlen \u00e9g\u00e9st, kormoz\u00e1st \u00e9s nagyobb l\u00e1ngot okozhat.\n\n\ud83d\udd6f\ufe0f ELHELYEZ\u00c9S\n\nMindig stabil, h\u0151\u00e1ll\u00f3 \u00e9s v\u00edzszintes fel\u00fcletre helyezd.\n\nNe mozgasd a gyerty\u00e1t \u00e9g\u00e9s k\u00f6zben vagy k\u00f6zvetlen\u00fcl az elolt\u00e1sa ut\u00e1n, am\u00edg a viasz \u00e9s az ed\u00e9ny forr\u00f3.\n\n\ud83d\udeab NE \u00c9GESD LE TELJESEN!\n\nNe haszn\u00e1ld tov\u00e1bb a gyerty\u00e1t, ha m\u00e1r csak kb. 1 cm viasz maradt az ed\u00e9ny alj\u00e1n.\n\n\u00cdgy elker\u00fclhet\u0151 az ed\u00e9ny t\u00falzott felmeleged\u00e9se.\n\n\ud83d\udca7 V\u00cdZZEL NE OLDD EL!\n\nA gyerty\u00e1t soha ne oltsd el v\u00edzzel!\n\nAz olt\u00e1shoz haszn\u00e1lj gyertyaolt\u00f3t, vagy \u00f3vatosan f\u00fajd el a l\u00e1ngot.\n\n\ud83d\udc43 ILLATOS\u00cdT\u00c1S\n\nAz illat intenzit\u00e1sa f\u00fcgg a helyis\u00e9g m\u00e9ret\u00e9t\u0151l, szell\u0151z\u00e9s\u00e9t\u0151l \u00e9s az \u00e9g\u00e9si id\u0151t\u0151l is.\n\nA pr\u00e9mium illatolajoknak k\u00f6sz\u00f6nhet\u0151en a gyertya \u00e9g\u00e9s k\u00f6zben kellemes, hosszan tart\u00f3 illatot biztos\u00edt.\n\n---\n\n\u26a0\ufe0f BIZTONS\u00c1GI FIGYELMEZTET\u00c9S\n\n\ud83d\udd25 \u00c9g\u0151 gyerty\u00e1t soha ne hagyj fel\u00fcgyelet n\u00e9lk\u00fcl!\n\ud83d\udc76 Gyermekekt\u0151l elz\u00e1rva tartand\u00f3.\n\ud83d\udc3e H\u00e1zi\u00e1llatokt\u00f3l t\u00e1vol tartand\u00f3.\n\ud83c\udf2c\ufe0f Huzatt\u00f3l t\u00e1vol tartand\u00f3.\n\ud83d\udd25 Gy\u00fal\u00e9kony anyagokt\u00f3l t\u00e1vol haszn\u00e1ld.\n\ud83e\uded9 A gyertya ed\u00e9nye haszn\u00e1lat k\u00f6zben felforr\u00f3sodhat.\n\ud83d\udeab Ne mozgasd az \u00e9g\u0151 vagy forr\u00f3 gyerty\u00e1t.\n\ud83d\udca7 V\u00edzzel ne oltsd el.\n\n\ud83e\udd0e K\u00f6sz\u00f6n\u00f6m, hogy a N\u0151i Aura Illatm\u0171helyt v\u00e1lasztottad!\n\nMinden gyerty\u00e1m k\u00e9zzel, gondosan \u00e9s szeretettel k\u00e9sz\u00fcl, hogy egy kis melegs\u00e9get \u00e9s k\u00fcl\u00f6nleges hangulatot vigyen az otthonodba.\n\n\u00c9lvezd a l\u00e1ngot, az illatot \u00e9s az \u0151szi kuck\u00f3z\u00e1s minden pillanat\u00e1t! \ud83c\udf42\ud83d\udd6f\ufe0f\n\nN\u0151i Aura Illatm\u0171hely\nk\u00e9zzel k\u00e9sz\u00edtve, sz\u00edvb\u0151l neked \ud83e\udd0e\n","score":0,"formatted_price":"4 000 Ft","image_url":"https:\/\/www.meska.hu\/img\/product\/small\/n\/o\/noiauraillatmuhely_product_780322_260830225321_509572.jpeg","formatted_url":"https:\/\/www.meska.hu\/p5862842-karacsonyi-feliratos-szojaviasz-illatgyertya-tobbfele-illatban","favourite":false,"in_stock":false,"avatar":"780322_avatar_1775157271.png","delete_from":0,"is_enhanced_background":false,"is_enhanced":false,"product_selection_started":false,"is_active":true,"image_webp_url":"https:\/\/www.meska.hu\/img\/product\/small\/n\/o\/noiauraillatmuhely_product_780322_260830225321_509572.webp"},{"id":"6349240","shop_id":"52439","user_id":"780322","shop_name":"NoiAuraIllatmuhely","shop_zip":"3885","product_code":"5862840","product_name_old":null,"product_name":"KAR\u00c1CSONYI feliratos  sz\u00f3javiasz illatgyertya ( t\u00f6bbf\u00e9le illatban)","category_string":"Otthon & \u00c9letm\u00f3d, Gyertya, illat, aroma, Gyertya","technic_string":"Gyertya-, m\u00e9csesk\u00e9sz\u00edt\u00e9s","category_1":"813","category_2":"415","category_3":"1388","category_4":"0","merged_category_1":null,"merged_category_2":null,"merged_category_3":null,"technic_1":"484","technic_2":"0","technic_3":"0","color_1":"514","color_2":"0","color_3":"0","product_description_old":null,"product_description":"ILLATV\u00c1LASZT\u00c1S:\nRendel\u00e9sn\u00e9l megjegyz\u00e9shez \u00edrd k\u00e9rlek a v\u00e1lasztott illatot, amennyiben nem v\u00e1lasztassz illatot, Madaszk\u00e1ri Van\u00edlia illatban fog elk\u00e9sz\u00fclni gyerty\u00e1d. (s\u00fcti illat! Van\u00edlia esszenci\u00e1val f\u0171szerezett pisk\u00f3ta, vagy linzer illat! Vas\u00e1rnap d\u00e9lut\u00e1ni otthon illat, mikor d\u00e9lel\u0151tt kis\u0171lt a s\u00fcti, \u00e9s ott illatozik egy t\u00e1lra kit\u00e9ve. )\n\nMi\u00e9rt v\u00e1laszd a N\u0151i Aura Illatm\u0171hely k\u00e9zm\u0171ves gyerty\u00e1it? \ud83c\udf42\n\n\u2728 Minden gyerty\u00e1m k\u00e9zzel, szeretettel k\u00e9sz\u00fcl, \u00edgy v\u00e1s\u00e1rl\u00e1soddal egy kisv\u00e1llalkoz\u00f3t is t\u00e1mogatsz.\n\ud83c\udf3f 100% pr\u00e9mium min\u0151s\u00e9g\u0171 sz\u00f3javiaszb\u00f3l k\u00e9sz\u00fclnek.\n\ud83c\udf38 Pr\u00e9mium illatolajokkal dolgozom, hogy az \u0151szi hangulat igaz\u00e1n k\u00fcl\u00f6nleges legyen.\n\ud83d\udd6f\ufe0f A gyerty\u00e1khoz 100% pamut kan\u00f3cot haszn\u00e1lok.\n\ud83e\udd0e 4000 Ft-\u00e9rt 180 ml-es kiszerel\u00e9st kapsz, amelynek \u00e9g\u00e9si ideje megfelel\u0151 haszn\u00e1lat mellett k\u00f6r\u00fclbel\u00fcl 35\u201340 \u00f3ra.\n\ud83c\udff7\ufe0f A c\u00edmk\u00e9im egyedileg k\u00e9sz\u00fclnek, k\u00fcl\u00f6nlegesek \u00e9s nem tal\u00e1lod meg \u0151ket a boltok polcain. \ud83d\ude0a\n\n\ud83c\udf4e Az \u0151szi kollekci\u00f3ban olyan ellen\u00e1llhatatlan illatok v\u00e1rnak, amelyek pillanatok alatt meghitt, kuck\u00f3z\u00f3s hangulatot var\u00e1zsolnak otthonodba.\n\nFontos a megfelel\u0151 els\u0151 \u00e9get\u00e9s!\nAz els\u0151 haszn\u00e1lat sor\u00e1n \u00e9rdemes a gyerty\u00e1t 2\u20133 \u00f3r\u00e1n kereszt\u00fcl folyamatosan \u00e9gni hagyni, hogy a viasz a teljes fel\u00fcleten felolvadjon. Ez seg\u00edt elker\u00fclni az \u00fagynevezett alag\u00fat\u00e9g\u00e9st, \u00e9s hozz\u00e1j\u00e1rul ahhoz, hogy a gyerty\u00e1d a lehet\u0151 legtov\u00e1bb \u00e9lvezhesd.\n\n\u2702\ufe0f Minden \u00fajragy\u00fajt\u00e1s el\u0151tt v\u00e1gd vissza a kan\u00f3c elszenesedett v\u00e9g\u00e9t kb. 5 mm-re, \u00edgy a gyerty\u00e1d szebben \u00e9s egyenletesebben fog \u00e9gni.\n\n\ud83e\udd0e N\u0151i Aura Illatm\u0171hely \u2013 k\u00e9zzel k\u00e9sz\u00edtve, sz\u00edvb\u0151l neked.\n\ud83d\udd6f\ufe0f GYERTYAHASZN\u00c1LATI \u00daTMUTAT\u00d3\n\nA gyerty\u00e1d hossz\u00fa \u00e9lettartam\u00e1\u00e9rt \u00e9s a biztons\u00e1gos haszn\u00e1lat\u00e9rt k\u00e9rj\u00fck, tartsd be az al\u00e1bbiakat! \ud83e\udd0e\n\n\ud83d\udd6f\ufe0f ELS\u0150 \u00c9GET\u00c9S\n\nAz els\u0151 alkalommal \u00e9gesd a gyerty\u00e1t 2\u20133 \u00f3r\u00e1n kereszt\u00fcl, hogy a viasz a teljes fel\u00fcleten egyenletesen felolvadjon.\n\nEz seg\u00edt megel\u0151zni az \u00fagynevezett alag\u00fat\u00e9g\u00e9st, \u00e9s biztos\u00edtja, hogy a gyerty\u00e1d a k\u00e9s\u0151bbiekben is sz\u00e9pen, egyenletesen \u00e9gjen.\n\n\u2702\ufe0f KAN\u00d3C\u00c1POL\u00c1S\n\nMinden \u00fajragy\u00fajt\u00e1s el\u0151tt v\u00e1gd vissza a kan\u00f3c elszenesedett v\u00e9g\u00e9t kb. 5 mm hossz\u00fas\u00e1g\u00fara.\n\nA megfelel\u0151 kan\u00f3chossz seg\u00edt abban, hogy a l\u00e1ng ne legyen t\u00fal nagy, a gyertya kev\u00e9sb\u00e9 f\u00fcst\u00f6lj\u00f6n, \u00e9s egyenletesebben \u00e9gjen.\n\n\u23f1\ufe0f NE \u00c9GESD T\u00daL SOK\u00c1IG!\n\nEgy alkalommal lehet\u0151leg 4 \u00f3r\u00e1n\u00e1l tov\u00e1bb ne \u00e9gesd a gyerty\u00e1t.\n\nHosszabb \u00e9g\u00e9s eset\u00e9n az ed\u00e9ny t\u00falmelegedhet, ez\u00e9rt mindig hagyd kih\u0171lni, miel\u0151tt \u00fajra meggy\u00fajtod.\n\n\ud83d\udd25 SOHA NE HAGYD FEL\u00dcGYELET N\u00c9LK\u00dcL!\n\nAz \u00e9g\u0151 gyerty\u00e1t soha ne hagyd \u0151rizetlen\u00fcl!\n\nTartsd t\u00e1vol gyermekekt\u0151l, h\u00e1zi\u00e1llatokt\u00f3l, f\u00fcgg\u00f6nyt\u0151l, pap\u00edrt\u00f3l \u00e9s minden gy\u00fal\u00e9kony t\u00e1rgyt\u00f3l.\n\n\ud83d\udca8 HUZATT\u00d3L V\u00c9DD!\n\nNe helyezd a gyerty\u00e1t huzatos helyre, ventil\u00e1tor vagy nyitott ablak k\u00f6zvetlen k\u00f6zel\u00e9be.\n\nA huzat egyenetlen \u00e9g\u00e9st, kormoz\u00e1st \u00e9s nagyobb l\u00e1ngot okozhat.\n\n\ud83d\udd6f\ufe0f ELHELYEZ\u00c9S\n\nMindig stabil, h\u0151\u00e1ll\u00f3 \u00e9s v\u00edzszintes fel\u00fcletre helyezd.\n\nNe mozgasd a gyerty\u00e1t \u00e9g\u00e9s k\u00f6zben vagy k\u00f6zvetlen\u00fcl az elolt\u00e1sa ut\u00e1n, am\u00edg a viasz \u00e9s az ed\u00e9ny forr\u00f3.\n\n\ud83d\udeab NE \u00c9GESD LE TELJESEN!\n\nNe haszn\u00e1ld tov\u00e1bb a gyerty\u00e1t, ha m\u00e1r csak kb. 1 cm viasz maradt az ed\u00e9ny alj\u00e1n.\n\n\u00cdgy elker\u00fclhet\u0151 az ed\u00e9ny t\u00falzott felmeleged\u00e9se.\n\n\ud83d\udca7 V\u00cdZZEL NE OLDD EL!\n\nA gyerty\u00e1t soha ne oltsd el v\u00edzzel!\n\nAz olt\u00e1shoz haszn\u00e1lj gyertyaolt\u00f3t, vagy \u00f3vatosan f\u00fajd el a l\u00e1ngot.\n\n\ud83d\udc43 ILLATOS\u00cdT\u00c1S\n\nAz illat intenzit\u00e1sa f\u00fcgg a helyis\u00e9g m\u00e9ret\u00e9t\u0151l, szell\u0151z\u00e9s\u00e9t\u0151l \u00e9s az \u00e9g\u00e9si id\u0151t\u0151l is.\n\nA pr\u00e9mium illatolajoknak k\u00f6sz\u00f6nhet\u0151en a gyertya \u00e9g\u00e9s k\u00f6zben kellemes, hosszan tart\u00f3 illatot biztos\u00edt.\n\n---\n\n\u26a0\ufe0f BIZTONS\u00c1GI FIGYELMEZTET\u00c9S\n\n\ud83d\udd25 \u00c9g\u0151 gyerty\u00e1t soha ne hagyj fel\u00fcgyelet n\u00e9lk\u00fcl!\n\ud83d\udc76 Gyermekekt\u0151l elz\u00e1rva tartand\u00f3.\n\ud83d\udc3e H\u00e1zi\u00e1llatokt\u00f3l t\u00e1vol tartand\u00f3.\n\ud83c\udf2c\ufe0f Huzatt\u00f3l t\u00e1vol tartand\u00f3.\n\ud83d\udd25 Gy\u00fal\u00e9kony anyagokt\u00f3l t\u00e1vol haszn\u00e1ld.\n\ud83e\uded9 A gyertya ed\u00e9nye haszn\u00e1lat k\u00f6zben felforr\u00f3sodhat.\n\ud83d\udeab Ne mozgasd az \u00e9g\u0151 vagy forr\u00f3 gyerty\u00e1t.\n\ud83d\udca7 V\u00edzzel ne oltsd el.\n\n\ud83e\udd0e K\u00f6sz\u00f6n\u00f6m, hogy a N\u0151i Aura Illatm\u0171helyt v\u00e1lasztottad!\n\nMinden gyerty\u00e1m k\u00e9zzel, gondosan \u00e9s szeretettel k\u00e9sz\u00fcl, hogy egy kis melegs\u00e9get \u00e9s k\u00fcl\u00f6nleges hangulatot vigyen az otthonodba.\n\n\u00c9lvezd a l\u00e1ngot, az illatot \u00e9s az \u0151szi kuck\u00f3z\u00e1s minden pillanat\u00e1t! \ud83c\udf42\ud83d\udd6f\ufe0f\n\nN\u0151i Aura Illatm\u0171hely\nk\u00e9zzel k\u00e9sz\u00edtve, sz\u00edvb\u0151l neked \ud83e\udd0e\n","price":"4000.00","unit":"db","recommended":"0","status":"1","sponsored":"0","exp_notify":"0","own_material":"0","own_material_description_old":null,"own_material_description":"","jury":"0","jury_number":"","product_nature":"","meskaracsony":"0","create_date":"2026-08-30 22:53:06","shelve_id":"0","image":"noiauraillatmuhely_product_780322_260830225255_313179.jpeg","image_width":"480","image_height":"486","image_alt":"KAR\u00c1CSONYI feliratos  sz\u00f3javiasz illatgyertya ( t\u00f6bbf\u00e9le illatban), ILLATV\u00c1LASZT\u00c1S:\\nRendel\u00e9sn\u00e9l megjegyz\u00e9shez \u00edrd k\u00e9rlek a v\u00e1lasztott illatot, amennyiben nem v\u00e1lasztass..., Meska","image_title":"KAR\u00c1CSONYI feliratos  sz\u00f3javiasz illatgyertya ( t\u00f6bbf\u00e9le illatban), Meska","view_count":"9","favourite_count":"0","trending_score":"0","last2MonthFavouriteCount":"0","promotion":"0","giftcard_accept":"0","creditcard_accept":true,"enhanced_background":"0","domain":"meska","specific_customer_id":null,"specific_customer_name":null,"to_order_product":"1","to_order_product_time":"3","product_different":null,"product_different_description":"","vintage":"0","vintage_category_id":"0","recycled":"0","gemstone_id":"0","customizable":"0","type_category":"physical","zerowaste":"0","postage_price":"1290.00","shop_order":"0","has_category":"1","landing_pages":null,"microdata":{"number":93,"category":""},"title":"KAR\u00c1CSONYI feliratos  sz\u00f3javiasz illatgyertya ( t\u00f6bbf\u00e9le illatban)","description":"ILLATV\u00c1LASZT\u00c1S:\nRendel\u00e9sn\u00e9l megjegyz\u00e9shez \u00edrd k\u00e9rlek a v\u00e1lasztott illatot, amennyiben nem v\u00e1lasztassz illatot, Madaszk\u00e1ri Van\u00edlia illatban fog elk\u00e9sz\u00fclni gyerty\u00e1d. (s\u00fcti illat! Van\u00edlia esszenci\u00e1val f\u0171szerezett pisk\u00f3ta, vagy linzer illat! Vas\u00e1rnap d\u00e9lut\u00e1ni otthon illat, mikor d\u00e9lel\u0151tt kis\u0171lt a s\u00fcti, \u00e9s ott illatozik egy t\u00e1lra kit\u00e9ve. )\n\nMi\u00e9rt v\u00e1laszd a N\u0151i Aura Illatm\u0171hely k\u00e9zm\u0171ves gyerty\u00e1it? \ud83c\udf42\n\n\u2728 Minden gyerty\u00e1m k\u00e9zzel, szeretettel k\u00e9sz\u00fcl, \u00edgy v\u00e1s\u00e1rl\u00e1soddal egy kisv\u00e1llalkoz\u00f3t is t\u00e1mogatsz.\n\ud83c\udf3f 100% pr\u00e9mium min\u0151s\u00e9g\u0171 sz\u00f3javiaszb\u00f3l k\u00e9sz\u00fclnek.\n\ud83c\udf38 Pr\u00e9mium illatolajokkal dolgozom, hogy az \u0151szi hangulat igaz\u00e1n k\u00fcl\u00f6nleges legyen.\n\ud83d\udd6f\ufe0f A gyerty\u00e1khoz 100% pamut kan\u00f3cot haszn\u00e1lok.\n\ud83e\udd0e 4000 Ft-\u00e9rt 180 ml-es kiszerel\u00e9st kapsz, amelynek \u00e9g\u00e9si ideje megfelel\u0151 haszn\u00e1lat mellett k\u00f6r\u00fclbel\u00fcl 35\u201340 \u00f3ra.\n\ud83c\udff7\ufe0f A c\u00edmk\u00e9im egyedileg k\u00e9sz\u00fclnek, k\u00fcl\u00f6nlegesek \u00e9s nem tal\u00e1lod meg \u0151ket a boltok polcain. \ud83d\ude0a\n\n\ud83c\udf4e Az \u0151szi kollekci\u00f3ban olyan ellen\u00e1llhatatlan illatok v\u00e1rnak, amelyek pillanatok alatt meghitt, kuck\u00f3z\u00f3s hangulatot var\u00e1zsolnak otthonodba.\n\nFontos a megfelel\u0151 els\u0151 \u00e9get\u00e9s!\nAz els\u0151 haszn\u00e1lat sor\u00e1n \u00e9rdemes a gyerty\u00e1t 2\u20133 \u00f3r\u00e1n kereszt\u00fcl folyamatosan \u00e9gni hagyni, hogy a viasz a teljes fel\u00fcleten felolvadjon. Ez seg\u00edt elker\u00fclni az \u00fagynevezett alag\u00fat\u00e9g\u00e9st, \u00e9s hozz\u00e1j\u00e1rul ahhoz, hogy a gyerty\u00e1d a lehet\u0151 legtov\u00e1bb \u00e9lvezhesd.\n\n\u2702\ufe0f Minden \u00fajragy\u00fajt\u00e1s el\u0151tt v\u00e1gd vissza a kan\u00f3c elszenesedett v\u00e9g\u00e9t kb. 5 mm-re, \u00edgy a gyerty\u00e1d szebben \u00e9s egyenletesebben fog \u00e9gni.\n\n\ud83e\udd0e N\u0151i Aura Illatm\u0171hely \u2013 k\u00e9zzel k\u00e9sz\u00edtve, sz\u00edvb\u0151l neked.\n\ud83d\udd6f\ufe0f GYERTYAHASZN\u00c1LATI \u00daTMUTAT\u00d3\n\nA gyerty\u00e1d hossz\u00fa \u00e9lettartam\u00e1\u00e9rt \u00e9s a biztons\u00e1gos haszn\u00e1lat\u00e9rt k\u00e9rj\u00fck, tartsd be az al\u00e1bbiakat! \ud83e\udd0e\n\n\ud83d\udd6f\ufe0f ELS\u0150 \u00c9GET\u00c9S\n\nAz els\u0151 alkalommal \u00e9gesd a gyerty\u00e1t 2\u20133 \u00f3r\u00e1n kereszt\u00fcl, hogy a viasz a teljes fel\u00fcleten egyenletesen felolvadjon.\n\nEz seg\u00edt megel\u0151zni az \u00fagynevezett alag\u00fat\u00e9g\u00e9st, \u00e9s biztos\u00edtja, hogy a gyerty\u00e1d a k\u00e9s\u0151bbiekben is sz\u00e9pen, egyenletesen \u00e9gjen.\n\n\u2702\ufe0f KAN\u00d3C\u00c1POL\u00c1S\n\nMinden \u00fajragy\u00fajt\u00e1s el\u0151tt v\u00e1gd vissza a kan\u00f3c elszenesedett v\u00e9g\u00e9t kb. 5 mm hossz\u00fas\u00e1g\u00fara.\n\nA megfelel\u0151 kan\u00f3chossz seg\u00edt abban, hogy a l\u00e1ng ne legyen t\u00fal nagy, a gyertya kev\u00e9sb\u00e9 f\u00fcst\u00f6lj\u00f6n, \u00e9s egyenletesebben \u00e9gjen.\n\n\u23f1\ufe0f NE \u00c9GESD T\u00daL SOK\u00c1IG!\n\nEgy alkalommal lehet\u0151leg 4 \u00f3r\u00e1n\u00e1l tov\u00e1bb ne \u00e9gesd a gyerty\u00e1t.\n\nHosszabb \u00e9g\u00e9s eset\u00e9n az ed\u00e9ny t\u00falmelegedhet, ez\u00e9rt mindig hagyd kih\u0171lni, miel\u0151tt \u00fajra meggy\u00fajtod.\n\n\ud83d\udd25 SOHA NE HAGYD FEL\u00dcGYELET N\u00c9LK\u00dcL!\n\nAz \u00e9g\u0151 gyerty\u00e1t soha ne hagyd \u0151rizetlen\u00fcl!\n\nTartsd t\u00e1vol gyermekekt\u0151l, h\u00e1zi\u00e1llatokt\u00f3l, f\u00fcgg\u00f6nyt\u0151l, pap\u00edrt\u00f3l \u00e9s minden gy\u00fal\u00e9kony t\u00e1rgyt\u00f3l.\n\n\ud83d\udca8 HUZATT\u00d3L V\u00c9DD!\n\nNe helyezd a gyerty\u00e1t huzatos helyre, ventil\u00e1tor vagy nyitott ablak k\u00f6zvetlen k\u00f6zel\u00e9be.\n\nA huzat egyenetlen \u00e9g\u00e9st, kormoz\u00e1st \u00e9s nagyobb l\u00e1ngot okozhat.\n\n\ud83d\udd6f\ufe0f ELHELYEZ\u00c9S\n\nMindig stabil, h\u0151\u00e1ll\u00f3 \u00e9s v\u00edzszintes fel\u00fcletre helyezd.\n\nNe mozgasd a gyerty\u00e1t \u00e9g\u00e9s k\u00f6zben vagy k\u00f6zvetlen\u00fcl az elolt\u00e1sa ut\u00e1n, am\u00edg a viasz \u00e9s az ed\u00e9ny forr\u00f3.\n\n\ud83d\udeab NE \u00c9GESD LE TELJESEN!\n\nNe haszn\u00e1ld tov\u00e1bb a gyerty\u00e1t, ha m\u00e1r csak kb. 1 cm viasz maradt az ed\u00e9ny alj\u00e1n.\n\n\u00cdgy elker\u00fclhet\u0151 az ed\u00e9ny t\u00falzott felmeleged\u00e9se.\n\n\ud83d\udca7 V\u00cdZZEL NE OLDD EL!\n\nA gyerty\u00e1t soha ne oltsd el v\u00edzzel!\n\nAz olt\u00e1shoz haszn\u00e1lj gyertyaolt\u00f3t, vagy \u00f3vatosan f\u00fajd el a l\u00e1ngot.\n\n\ud83d\udc43 ILLATOS\u00cdT\u00c1S\n\nAz illat intenzit\u00e1sa f\u00fcgg a helyis\u00e9g m\u00e9ret\u00e9t\u0151l, szell\u0151z\u00e9s\u00e9t\u0151l \u00e9s az \u00e9g\u00e9si id\u0151t\u0151l is.\n\nA pr\u00e9mium illatolajoknak k\u00f6sz\u00f6nhet\u0151en a gyertya \u00e9g\u00e9s k\u00f6zben kellemes, hosszan tart\u00f3 illatot biztos\u00edt.\n\n---\n\n\u26a0\ufe0f BIZTONS\u00c1GI FIGYELMEZTET\u00c9S\n\n\ud83d\udd25 \u00c9g\u0151 gyerty\u00e1t soha ne hagyj fel\u00fcgyelet n\u00e9lk\u00fcl!\n\ud83d\udc76 Gyermekekt\u0151l elz\u00e1rva tartand\u00f3.\n\ud83d\udc3e H\u00e1zi\u00e1llatokt\u00f3l t\u00e1vol tartand\u00f3.\n\ud83c\udf2c\ufe0f Huzatt\u00f3l t\u00e1vol tartand\u00f3.\n\ud83d\udd25 Gy\u00fal\u00e9kony anyagokt\u00f3l t\u00e1vol haszn\u00e1ld.\n\ud83e\uded9 A gyertya ed\u00e9nye haszn\u00e1lat k\u00f6zben felforr\u00f3sodhat.\n\ud83d\udeab Ne mozgasd az \u00e9g\u0151 vagy forr\u00f3 gyerty\u00e1t.\n\ud83d\udca7 V\u00edzzel ne oltsd el.\n\n\ud83e\udd0e K\u00f6sz\u00f6n\u00f6m, hogy a N\u0151i Aura Illatm\u0171helyt v\u00e1lasztottad!\n\nMinden gyerty\u00e1m k\u00e9zzel, gondosan \u00e9s szeretettel k\u00e9sz\u00fcl, hogy egy kis melegs\u00e9get \u00e9s k\u00fcl\u00f6nleges hangulatot vigyen az otthonodba.\n\n\u00c9lvezd a l\u00e1ngot, az illatot \u00e9s az \u0151szi kuck\u00f3z\u00e1s minden pillanat\u00e1t! \ud83c\udf42\ud83d\udd6f\ufe0f\n\nN\u0151i Aura Illatm\u0171hely\nk\u00e9zzel k\u00e9sz\u00edtve, sz\u00edvb\u0151l neked \ud83e\udd0e\n","score":0,"formatted_price":"4 000 Ft","image_url":"https:\/\/www.meska.hu\/img\/product\/small\/n\/o\/noiauraillatmuhely_product_780322_260830225255_313179.jpeg","formatted_url":"https:\/\/www.meska.hu\/p5862840-karacsonyi-feliratos-szojaviasz-illatgyertya-tobbfele-illatban","favourite":false,"in_stock":false,"avatar":"780322_avatar_1775157271.png","delete_from":0,"is_enhanced_background":false,"is_enhanced":false,"product_selection_started":false,"is_active":true,"image_webp_url":"https:\/\/www.meska.hu\/img\/product\/small\/n\/o\/noiauraillatmuhely_product_780322_260830225255_313179.webp"},{"id":"6349237","shop_id":"52439","user_id":"780322","shop_name":"NoiAuraIllatmuhely","shop_zip":"3885","product_code":"5862837","product_name_old":null,"product_name":"KAR\u00c1CSONYI feliratos  sz\u00f3javiasz illatgyertya ( t\u00f6bbf\u00e9le illatban)","category_string":"Otthon & \u00c9letm\u00f3d, Gyertya, illat, aroma, Gyertya","technic_string":"Gyertya-, m\u00e9csesk\u00e9sz\u00edt\u00e9s","category_1":"813","category_2":"415","category_3":"1388","category_4":"0","merged_category_1":null,"merged_category_2":null,"merged_category_3":null,"technic_1":"484","technic_2":"0","technic_3":"0","color_1":"514","color_2":"0","color_3":"0","product_description_old":null,"product_description":"ILLATV\u00c1LASZT\u00c1S:\nRendel\u00e9sn\u00e9l megjegyz\u00e9shez \u00edrd k\u00e9rlek a v\u00e1lasztott illatot, amennyiben nem v\u00e1lasztassz illatot, Madaszk\u00e1ri Van\u00edlia illatban fog elk\u00e9sz\u00fclni gyerty\u00e1d. (s\u00fcti illat! Van\u00edlia esszenci\u00e1val f\u0171szerezett pisk\u00f3ta, vagy linzer illat! Vas\u00e1rnap d\u00e9lut\u00e1ni otthon illat, mikor d\u00e9lel\u0151tt kis\u0171lt a s\u00fcti, \u00e9s ott illatozik egy t\u00e1lra kit\u00e9ve. )\n\nMi\u00e9rt v\u00e1laszd a N\u0151i Aura Illatm\u0171hely k\u00e9zm\u0171ves gyerty\u00e1it? \ud83c\udf42\n\n\u2728 Minden gyerty\u00e1m k\u00e9zzel, szeretettel k\u00e9sz\u00fcl, \u00edgy v\u00e1s\u00e1rl\u00e1soddal egy kisv\u00e1llalkoz\u00f3t is t\u00e1mogatsz.\n\ud83c\udf3f 100% pr\u00e9mium min\u0151s\u00e9g\u0171 sz\u00f3javiaszb\u00f3l k\u00e9sz\u00fclnek.\n\ud83c\udf38 Pr\u00e9mium illatolajokkal dolgozom, hogy az \u0151szi hangulat igaz\u00e1n k\u00fcl\u00f6nleges legyen.\n\ud83d\udd6f\ufe0f A gyerty\u00e1khoz 100% pamut kan\u00f3cot haszn\u00e1lok.\n\ud83e\udd0e 4000 Ft-\u00e9rt 180 ml-es kiszerel\u00e9st kapsz, amelynek \u00e9g\u00e9si ideje megfelel\u0151 haszn\u00e1lat mellett k\u00f6r\u00fclbel\u00fcl 35\u201340 \u00f3ra.\n\ud83c\udff7\ufe0f A c\u00edmk\u00e9im egyedileg k\u00e9sz\u00fclnek, k\u00fcl\u00f6nlegesek \u00e9s nem tal\u00e1lod meg \u0151ket a boltok polcain. \ud83d\ude0a\n\n\ud83c\udf4e Az \u0151szi kollekci\u00f3ban olyan ellen\u00e1llhatatlan illatok v\u00e1rnak, amelyek pillanatok alatt meghitt, kuck\u00f3z\u00f3s hangulatot var\u00e1zsolnak otthonodba.\n\nFontos a megfelel\u0151 els\u0151 \u00e9get\u00e9s!\nAz els\u0151 haszn\u00e1lat sor\u00e1n \u00e9rdemes a gyerty\u00e1t 2\u20133 \u00f3r\u00e1n kereszt\u00fcl folyamatosan \u00e9gni hagyni, hogy a viasz a teljes fel\u00fcleten felolvadjon. Ez seg\u00edt elker\u00fclni az \u00fagynevezett alag\u00fat\u00e9g\u00e9st, \u00e9s hozz\u00e1j\u00e1rul ahhoz, hogy a gyerty\u00e1d a lehet\u0151 legtov\u00e1bb \u00e9lvezhesd.\n\n\u2702\ufe0f Minden \u00fajragy\u00fajt\u00e1s el\u0151tt v\u00e1gd vissza a kan\u00f3c elszenesedett v\u00e9g\u00e9t kb. 5 mm-re, \u00edgy a gyerty\u00e1d szebben \u00e9s egyenletesebben fog \u00e9gni.\n\n\ud83e\udd0e N\u0151i Aura Illatm\u0171hely \u2013 k\u00e9zzel k\u00e9sz\u00edtve, sz\u00edvb\u0151l neked.\n\ud83d\udd6f\ufe0f GYERTYAHASZN\u00c1LATI \u00daTMUTAT\u00d3\n\nA gyerty\u00e1d hossz\u00fa \u00e9lettartam\u00e1\u00e9rt \u00e9s a biztons\u00e1gos haszn\u00e1lat\u00e9rt k\u00e9rj\u00fck, tartsd be az al\u00e1bbiakat! \ud83e\udd0e\n\n\ud83d\udd6f\ufe0f ELS\u0150 \u00c9GET\u00c9S\n\nAz els\u0151 alkalommal \u00e9gesd a gyerty\u00e1t 2\u20133 \u00f3r\u00e1n kereszt\u00fcl, hogy a viasz a teljes fel\u00fcleten egyenletesen felolvadjon.\n\nEz seg\u00edt megel\u0151zni az \u00fagynevezett alag\u00fat\u00e9g\u00e9st, \u00e9s biztos\u00edtja, hogy a gyerty\u00e1d a k\u00e9s\u0151bbiekben is sz\u00e9pen, egyenletesen \u00e9gjen.\n\n\u2702\ufe0f KAN\u00d3C\u00c1POL\u00c1S\n\nMinden \u00fajragy\u00fajt\u00e1s el\u0151tt v\u00e1gd vissza a kan\u00f3c elszenesedett v\u00e9g\u00e9t kb. 5 mm hossz\u00fas\u00e1g\u00fara.\n\nA megfelel\u0151 kan\u00f3chossz seg\u00edt abban, hogy a l\u00e1ng ne legyen t\u00fal nagy, a gyertya kev\u00e9sb\u00e9 f\u00fcst\u00f6lj\u00f6n, \u00e9s egyenletesebben \u00e9gjen.\n\n\u23f1\ufe0f NE \u00c9GESD T\u00daL SOK\u00c1IG!\n\nEgy alkalommal lehet\u0151leg 4 \u00f3r\u00e1n\u00e1l tov\u00e1bb ne \u00e9gesd a gyerty\u00e1t.\n\nHosszabb \u00e9g\u00e9s eset\u00e9n az ed\u00e9ny t\u00falmelegedhet, ez\u00e9rt mindig hagyd kih\u0171lni, miel\u0151tt \u00fajra meggy\u00fajtod.\n\n\ud83d\udd25 SOHA NE HAGYD FEL\u00dcGYELET N\u00c9LK\u00dcL!\n\nAz \u00e9g\u0151 gyerty\u00e1t soha ne hagyd \u0151rizetlen\u00fcl!\n\nTartsd t\u00e1vol gyermekekt\u0151l, h\u00e1zi\u00e1llatokt\u00f3l, f\u00fcgg\u00f6nyt\u0151l, pap\u00edrt\u00f3l \u00e9s minden gy\u00fal\u00e9kony t\u00e1rgyt\u00f3l.\n\n\ud83d\udca8 HUZATT\u00d3L V\u00c9DD!\n\nNe helyezd a gyerty\u00e1t huzatos helyre, ventil\u00e1tor vagy nyitott ablak k\u00f6zvetlen k\u00f6zel\u00e9be.\n\nA huzat egyenetlen \u00e9g\u00e9st, kormoz\u00e1st \u00e9s nagyobb l\u00e1ngot okozhat.\n\n\ud83d\udd6f\ufe0f ELHELYEZ\u00c9S\n\nMindig stabil, h\u0151\u00e1ll\u00f3 \u00e9s v\u00edzszintes fel\u00fcletre helyezd.\n\nNe mozgasd a gyerty\u00e1t \u00e9g\u00e9s k\u00f6zben vagy k\u00f6zvetlen\u00fcl az elolt\u00e1sa ut\u00e1n, am\u00edg a viasz \u00e9s az ed\u00e9ny forr\u00f3.\n\n\ud83d\udeab NE \u00c9GESD LE TELJESEN!\n\nNe haszn\u00e1ld tov\u00e1bb a gyerty\u00e1t, ha m\u00e1r csak kb. 1 cm viasz maradt az ed\u00e9ny alj\u00e1n.\n\n\u00cdgy elker\u00fclhet\u0151 az ed\u00e9ny t\u00falzott felmeleged\u00e9se.\n\n\ud83d\udca7 V\u00cdZZEL NE OLDD EL!\n\nA gyerty\u00e1t soha ne oltsd el v\u00edzzel!\n\nAz olt\u00e1shoz haszn\u00e1lj gyertyaolt\u00f3t, vagy \u00f3vatosan f\u00fajd el a l\u00e1ngot.\n\n\ud83d\udc43 ILLATOS\u00cdT\u00c1S\n\nAz illat intenzit\u00e1sa f\u00fcgg a helyis\u00e9g m\u00e9ret\u00e9t\u0151l, szell\u0151z\u00e9s\u00e9t\u0151l \u00e9s az \u00e9g\u00e9si id\u0151t\u0151l is.\n\nA pr\u00e9mium illatolajoknak k\u00f6sz\u00f6nhet\u0151en a gyertya \u00e9g\u00e9s k\u00f6zben kellemes, hosszan tart\u00f3 illatot biztos\u00edt.\n\n---\n\n\u26a0\ufe0f BIZTONS\u00c1GI FIGYELMEZTET\u00c9S\n\n\ud83d\udd25 \u00c9g\u0151 gyerty\u00e1t soha ne hagyj fel\u00fcgyelet n\u00e9lk\u00fcl!\n\ud83d\udc76 Gyermekekt\u0151l elz\u00e1rva tartand\u00f3.\n\ud83d\udc3e H\u00e1zi\u00e1llatokt\u00f3l t\u00e1vol tartand\u00f3.\n\ud83c\udf2c\ufe0f Huzatt\u00f3l t\u00e1vol tartand\u00f3.\n\ud83d\udd25 Gy\u00fal\u00e9kony anyagokt\u00f3l t\u00e1vol haszn\u00e1ld.\n\ud83e\uded9 A gyertya ed\u00e9nye haszn\u00e1lat k\u00f6zben felforr\u00f3sodhat.\n\ud83d\udeab Ne mozgasd az \u00e9g\u0151 vagy forr\u00f3 gyerty\u00e1t.\n\ud83d\udca7 V\u00edzzel ne oltsd el.\n\n\ud83e\udd0e K\u00f6sz\u00f6n\u00f6m, hogy a N\u0151i Aura Illatm\u0171helyt v\u00e1lasztottad!\n\nMinden gyerty\u00e1m k\u00e9zzel, gondosan \u00e9s szeretettel k\u00e9sz\u00fcl, hogy egy kis melegs\u00e9get \u00e9s k\u00fcl\u00f6nleges hangulatot vigyen az otthonodba.\n\n\u00c9lvezd a l\u00e1ngot, az illatot \u00e9s az \u0151szi kuck\u00f3z\u00e1s minden pillanat\u00e1t! \ud83c\udf42\ud83d\udd6f\ufe0f\n\nN\u0151i Aura Illatm\u0171hely\nk\u00e9zzel k\u00e9sz\u00edtve, sz\u00edvb\u0151l neked \ud83e\udd0e\n","price":"4000.00","unit":"db","recommended":"0","status":"1","sponsored":"0","exp_notify":"0","own_material":"0","own_material_description_old":null,"own_material_description":"","jury":"0","jury_number":"","product_nature":"","meskaracsony":"0","create_date":"2026-08-30 22:52:39","shelve_id":"0","image":"noiauraillatmuhely_product_780322_260830225230_81215.jpeg","image_width":"480","image_height":"628","image_alt":"KAR\u00c1CSONYI feliratos  sz\u00f3javiasz illatgyertya ( t\u00f6bbf\u00e9le illatban), ILLATV\u00c1LASZT\u00c1S:\\nRendel\u00e9sn\u00e9l megjegyz\u00e9shez \u00edrd k\u00e9rlek a v\u00e1lasztott illatot, amennyiben nem v\u00e1lasztass..., Meska","image_title":"KAR\u00c1CSONYI feliratos  sz\u00f3javiasz illatgyertya ( t\u00f6bbf\u00e9le illatban), Meska","view_count":"11","favourite_count":"0","trending_score":"0","last2MonthFavouriteCount":"0","promotion":"0","giftcard_accept":"0","creditcard_accept":true,"enhanced_background":"0","domain":"meska","specific_customer_id":null,"specific_customer_name":null,"to_order_product":"1","to_order_product_time":"3","product_different":null,"product_different_description":"","vintage":"0","vintage_category_id":"0","recycled":"0","gemstone_id":"0","customizable":"0","type_category":"physical","zerowaste":"0","postage_price":"1290.00","shop_order":"0","has_category":"1","landing_pages":null,"microdata":{"number":94,"category":""},"title":"KAR\u00c1CSONYI feliratos  sz\u00f3javiasz illatgyertya ( t\u00f6bbf\u00e9le illatban)","description":"ILLATV\u00c1LASZT\u00c1S:\nRendel\u00e9sn\u00e9l megjegyz\u00e9shez \u00edrd k\u00e9rlek a v\u00e1lasztott illatot, amennyiben nem v\u00e1lasztassz illatot, Madaszk\u00e1ri Van\u00edlia illatban fog elk\u00e9sz\u00fclni gyerty\u00e1d. (s\u00fcti illat! Van\u00edlia esszenci\u00e1val f\u0171szerezett pisk\u00f3ta, vagy linzer illat! Vas\u00e1rnap d\u00e9lut\u00e1ni otthon illat, mikor d\u00e9lel\u0151tt kis\u0171lt a s\u00fcti, \u00e9s ott illatozik egy t\u00e1lra kit\u00e9ve. )\n\nMi\u00e9rt v\u00e1laszd a N\u0151i Aura Illatm\u0171hely k\u00e9zm\u0171ves gyerty\u00e1it? \ud83c\udf42\n\n\u2728 Minden gyerty\u00e1m k\u00e9zzel, szeretettel k\u00e9sz\u00fcl, \u00edgy v\u00e1s\u00e1rl\u00e1soddal egy kisv\u00e1llalkoz\u00f3t is t\u00e1mogatsz.\n\ud83c\udf3f 100% pr\u00e9mium min\u0151s\u00e9g\u0171 sz\u00f3javiaszb\u00f3l k\u00e9sz\u00fclnek.\n\ud83c\udf38 Pr\u00e9mium illatolajokkal dolgozom, hogy az \u0151szi hangulat igaz\u00e1n k\u00fcl\u00f6nleges legyen.\n\ud83d\udd6f\ufe0f A gyerty\u00e1khoz 100% pamut kan\u00f3cot haszn\u00e1lok.\n\ud83e\udd0e 4000 Ft-\u00e9rt 180 ml-es kiszerel\u00e9st kapsz, amelynek \u00e9g\u00e9si ideje megfelel\u0151 haszn\u00e1lat mellett k\u00f6r\u00fclbel\u00fcl 35\u201340 \u00f3ra.\n\ud83c\udff7\ufe0f A c\u00edmk\u00e9im egyedileg k\u00e9sz\u00fclnek, k\u00fcl\u00f6nlegesek \u00e9s nem tal\u00e1lod meg \u0151ket a boltok polcain. \ud83d\ude0a\n\n\ud83c\udf4e Az \u0151szi kollekci\u00f3ban olyan ellen\u00e1llhatatlan illatok v\u00e1rnak, amelyek pillanatok alatt meghitt, kuck\u00f3z\u00f3s hangulatot var\u00e1zsolnak otthonodba.\n\nFontos a megfelel\u0151 els\u0151 \u00e9get\u00e9s!\nAz els\u0151 haszn\u00e1lat sor\u00e1n \u00e9rdemes a gyerty\u00e1t 2\u20133 \u00f3r\u00e1n kereszt\u00fcl folyamatosan \u00e9gni hagyni, hogy a viasz a teljes fel\u00fcleten felolvadjon. Ez seg\u00edt elker\u00fclni az \u00fagynevezett alag\u00fat\u00e9g\u00e9st, \u00e9s hozz\u00e1j\u00e1rul ahhoz, hogy a gyerty\u00e1d a lehet\u0151 legtov\u00e1bb \u00e9lvezhesd.\n\n\u2702\ufe0f Minden \u00fajragy\u00fajt\u00e1s el\u0151tt v\u00e1gd vissza a kan\u00f3c elszenesedett v\u00e9g\u00e9t kb. 5 mm-re, \u00edgy a gyerty\u00e1d szebben \u00e9s egyenletesebben fog \u00e9gni.\n\n\ud83e\udd0e N\u0151i Aura Illatm\u0171hely \u2013 k\u00e9zzel k\u00e9sz\u00edtve, sz\u00edvb\u0151l neked.\n\ud83d\udd6f\ufe0f GYERTYAHASZN\u00c1LATI \u00daTMUTAT\u00d3\n\nA gyerty\u00e1d hossz\u00fa \u00e9lettartam\u00e1\u00e9rt \u00e9s a biztons\u00e1gos haszn\u00e1lat\u00e9rt k\u00e9rj\u00fck, tartsd be az al\u00e1bbiakat! \ud83e\udd0e\n\n\ud83d\udd6f\ufe0f ELS\u0150 \u00c9GET\u00c9S\n\nAz els\u0151 alkalommal \u00e9gesd a gyerty\u00e1t 2\u20133 \u00f3r\u00e1n kereszt\u00fcl, hogy a viasz a teljes fel\u00fcleten egyenletesen felolvadjon.\n\nEz seg\u00edt megel\u0151zni az \u00fagynevezett alag\u00fat\u00e9g\u00e9st, \u00e9s biztos\u00edtja, hogy a gyerty\u00e1d a k\u00e9s\u0151bbiekben is sz\u00e9pen, egyenletesen \u00e9gjen.\n\n\u2702\ufe0f KAN\u00d3C\u00c1POL\u00c1S\n\nMinden \u00fajragy\u00fajt\u00e1s el\u0151tt v\u00e1gd vissza a kan\u00f3c elszenesedett v\u00e9g\u00e9t kb. 5 mm hossz\u00fas\u00e1g\u00fara.\n\nA megfelel\u0151 kan\u00f3chossz seg\u00edt abban, hogy a l\u00e1ng ne legyen t\u00fal nagy, a gyertya kev\u00e9sb\u00e9 f\u00fcst\u00f6lj\u00f6n, \u00e9s egyenletesebben \u00e9gjen.\n\n\u23f1\ufe0f NE \u00c9GESD T\u00daL SOK\u00c1IG!\n\nEgy alkalommal lehet\u0151leg 4 \u00f3r\u00e1n\u00e1l tov\u00e1bb ne \u00e9gesd a gyerty\u00e1t.\n\nHosszabb \u00e9g\u00e9s eset\u00e9n az ed\u00e9ny t\u00falmelegedhet, ez\u00e9rt mindig hagyd kih\u0171lni, miel\u0151tt \u00fajra meggy\u00fajtod.\n\n\ud83d\udd25 SOHA NE HAGYD FEL\u00dcGYELET N\u00c9LK\u00dcL!\n\nAz \u00e9g\u0151 gyerty\u00e1t soha ne hagyd \u0151rizetlen\u00fcl!\n\nTartsd t\u00e1vol gyermekekt\u0151l, h\u00e1zi\u00e1llatokt\u00f3l, f\u00fcgg\u00f6nyt\u0151l, pap\u00edrt\u00f3l \u00e9s minden gy\u00fal\u00e9kony t\u00e1rgyt\u00f3l.\n\n\ud83d\udca8 HUZATT\u00d3L V\u00c9DD!\n\nNe helyezd a gyerty\u00e1t huzatos helyre, ventil\u00e1tor vagy nyitott ablak k\u00f6zvetlen k\u00f6zel\u00e9be.\n\nA huzat egyenetlen \u00e9g\u00e9st, kormoz\u00e1st \u00e9s nagyobb l\u00e1ngot okozhat.\n\n\ud83d\udd6f\ufe0f ELHELYEZ\u00c9S\n\nMindig stabil, h\u0151\u00e1ll\u00f3 \u00e9s v\u00edzszintes fel\u00fcletre helyezd.\n\nNe mozgasd a gyerty\u00e1t \u00e9g\u00e9s k\u00f6zben vagy k\u00f6zvetlen\u00fcl az elolt\u00e1sa ut\u00e1n, am\u00edg a viasz \u00e9s az ed\u00e9ny forr\u00f3.\n\n\ud83d\udeab NE \u00c9GESD LE TELJESEN!\n\nNe haszn\u00e1ld tov\u00e1bb a gyerty\u00e1t, ha m\u00e1r csak kb. 1 cm viasz maradt az ed\u00e9ny alj\u00e1n.\n\n\u00cdgy elker\u00fclhet\u0151 az ed\u00e9ny t\u00falzott felmeleged\u00e9se.\n\n\ud83d\udca7 V\u00cdZZEL NE OLDD EL!\n\nA gyerty\u00e1t soha ne oltsd el v\u00edzzel!\n\nAz olt\u00e1shoz haszn\u00e1lj gyertyaolt\u00f3t, vagy \u00f3vatosan f\u00fajd el a l\u00e1ngot.\n\n\ud83d\udc43 ILLATOS\u00cdT\u00c1S\n\nAz illat intenzit\u00e1sa f\u00fcgg a helyis\u00e9g m\u00e9ret\u00e9t\u0151l, szell\u0151z\u00e9s\u00e9t\u0151l \u00e9s az \u00e9g\u00e9si id\u0151t\u0151l is.\n\nA pr\u00e9mium illatolajoknak k\u00f6sz\u00f6nhet\u0151en a gyertya \u00e9g\u00e9s k\u00f6zben kellemes, hosszan tart\u00f3 illatot biztos\u00edt.\n\n---\n\n\u26a0\ufe0f BIZTONS\u00c1GI FIGYELMEZTET\u00c9S\n\n\ud83d\udd25 \u00c9g\u0151 gyerty\u00e1t soha ne hagyj fel\u00fcgyelet n\u00e9lk\u00fcl!\n\ud83d\udc76 Gyermekekt\u0151l elz\u00e1rva tartand\u00f3.\n\ud83d\udc3e H\u00e1zi\u00e1llatokt\u00f3l t\u00e1vol tartand\u00f3.\n\ud83c\udf2c\ufe0f Huzatt\u00f3l t\u00e1vol tartand\u00f3.\n\ud83d\udd25 Gy\u00fal\u00e9kony anyagokt\u00f3l t\u00e1vol haszn\u00e1ld.\n\ud83e\uded9 A gyertya ed\u00e9nye haszn\u00e1lat k\u00f6zben felforr\u00f3sodhat.\n\ud83d\udeab Ne mozgasd az \u00e9g\u0151 vagy forr\u00f3 gyerty\u00e1t.\n\ud83d\udca7 V\u00edzzel ne oltsd el.\n\n\ud83e\udd0e K\u00f6sz\u00f6n\u00f6m, hogy a N\u0151i Aura Illatm\u0171helyt v\u00e1lasztottad!\n\nMinden gyerty\u00e1m k\u00e9zzel, gondosan \u00e9s szeretettel k\u00e9sz\u00fcl, hogy egy kis melegs\u00e9get \u00e9s k\u00fcl\u00f6nleges hangulatot vigyen az otthonodba.\n\n\u00c9lvezd a l\u00e1ngot, az illatot \u00e9s az \u0151szi kuck\u00f3z\u00e1s minden pillanat\u00e1t! \ud83c\udf42\ud83d\udd6f\ufe0f\n\nN\u0151i Aura Illatm\u0171hely\nk\u00e9zzel k\u00e9sz\u00edtve, sz\u00edvb\u0151l neked \ud83e\udd0e\n","score":0,"formatted_price":"4 000 Ft","image_url":"https:\/\/www.meska.hu\/img\/product\/small\/n\/o\/noiauraillatmuhely_product_780322_260830225230_81215.jpeg","formatted_url":"https:\/\/www.meska.hu\/p5862837-karacsonyi-feliratos-szojaviasz-illatgyertya-tobbfele-illatban","favourite":false,"in_stock":false,"avatar":"780322_avatar_1775157271.png","delete_from":0,"is_enhanced_background":false,"is_enhanced":false,"product_selection_started":false,"is_active":true,"image_webp_url":"https:\/\/www.meska.hu\/img\/product\/small\/n\/o\/noiauraillatmuhely_product_780322_260830225230_81215.webp"},{"id":"6349235","shop_id":"50379","user_id":"744447","shop_name":"BandDStudio","shop_zip":"2740","product_code":"5862835","product_name_old":null,"product_name":"Feh\u00e9r csokol\u00e1d\u00e9 illat\u00fa illatviasz","category_string":"Otthon & \u00c9letm\u00f3d, Gyertya, illat, aroma, Illatviasz","technic_string":"Gyertya-, m\u00e9csesk\u00e9sz\u00edt\u00e9s","category_1":"813","category_2":"415","category_3":"1391","category_4":"0","merged_category_1":null,"merged_category_2":null,"merged_category_3":null,"technic_1":"484","technic_2":"0","technic_3":"0","color_1":"519","color_2":"0","color_3":"0","product_description_old":null,"product_description":"Feh\u00e9r csokol\u00e1d\u00e9 illat\u00fa illatviasz sz\u00f3javiaszb\u00f3l, k\u00fcl\u00f6nb\u00f6z\u0151 \u0151szi form\u00e1kkal, pr\u00e9mium illatolajjal, dobozban\/csomagban - kb. 50 g. Csod\u00e1s, intenz\u00edv illata van, belengi a lak\u00e1st.\n\nA term\u00e9k \u00e1ra egy dobozra\/csomagra vonatkozik.\n\nHaszn\u00e1lati \u00fatmutat\u00f3:\n- k\u00e9sz\u00edtsd el\u0151 a meleg\u00edt\u0151t, valamint gy\u0151z\u0151dj meg r\u00f3la, hogy tiszta \u00e9s sz\u00e1raz, miel\u0151tt hozz\u00e1kezden\u00e9l,\n-  helyezz egy illatviaszt az aromal\u00e1mp\u00e1ba vagy viaszmeleg\u00edt\u0151be,\n- gy\u00fajts meg egy team\u00e9csest, vagy kapcsold be az elektromos viaszmeleg\u00edt\u0151t.\n\nBIZTONS\u00c1GI FIGYELMEZTET\u00c9S:\n- soha ne hagyd fel\u00fcgyelet n\u00e9lk\u00fcl az illatviaszt,\n- csak h\u0151\u00e1ll\u00f3 aromal\u00e1mp\u00e1ban vagy viaszmeleg\u00edt\u0151ben haszn\u00e1ld, - haszn\u00e1lj stabil, h\u0151\u00e1ll\u00f3 fel\u00fcletet, t\u00e1vol gy\u00fal\u00e9kony anyagokt\u00f3l,\n- ne \u00e9rintsd meg a forr\u00f3 viaszt, m\u00edg meg nem szil\u00e1rdul,\n- gyermekekt\u0151l \u00e9s h\u00e1zi\u00e1llatokt\u00f3l tartsd t\u00e1vol.","price":"1500.00","unit":"cs","recommended":"0","status":"1","sponsored":"0","exp_notify":"0","own_material":"0","own_material_description_old":null,"own_material_description":"","jury":"0","jury_number":"","product_nature":"","meskaracsony":"0","create_date":"2026-08-30 22:52:24","shelve_id":"81575","image":"banddstudio_product_744447_260830225142_20686.jpeg","image_width":"480","image_height":"853","image_alt":"Feh\u00e9r csokol\u00e1d\u00e9 illat\u00fa illatviasz, Feh\u00e9r csokol\u00e1d\u00e9 illat\u00fa illatviasz sz\u00f3javiaszb\u00f3l, k\u00fcl\u00f6nb\u00f6z\u0151 \u0151szi form\u00e1kkal, pr\u00e9mium illatolajjal, dob..., Meska","image_title":"Feh\u00e9r csokol\u00e1d\u00e9 illat\u00fa illatviasz, Meska","view_count":"12","favourite_count":"0","trending_score":"0","last2MonthFavouriteCount":"0","promotion":"0","giftcard_accept":"0","creditcard_accept":true,"enhanced_background":"0","domain":"meska","specific_customer_id":null,"specific_customer_name":null,"to_order_product":"0","to_order_product_time":"0","product_different":null,"product_different_description":"","vintage":"0","vintage_category_id":"0","recycled":"0","gemstone_id":"0","customizable":"0","type_category":"physical","zerowaste":"0","postage_price":"1290.00","shop_order":"1","has_category":"1","landing_pages":null,"microdata":{"number":95,"category":""},"title":"Feh\u00e9r csokol\u00e1d\u00e9 illat\u00fa illatviasz","description":"Feh\u00e9r csokol\u00e1d\u00e9 illat\u00fa illatviasz sz\u00f3javiaszb\u00f3l, k\u00fcl\u00f6nb\u00f6z\u0151 \u0151szi form\u00e1kkal, pr\u00e9mium illatolajjal, dobozban\/csomagban - kb. 50 g. Csod\u00e1s, intenz\u00edv illata van, belengi a lak\u00e1st.\n\nA term\u00e9k \u00e1ra egy dobozra\/csomagra vonatkozik.\n\nHaszn\u00e1lati \u00fatmutat\u00f3:\n- k\u00e9sz\u00edtsd el\u0151 a meleg\u00edt\u0151t, valamint gy\u0151z\u0151dj meg r\u00f3la, hogy tiszta \u00e9s sz\u00e1raz, miel\u0151tt hozz\u00e1kezden\u00e9l,\n-  helyezz egy illatviaszt az aromal\u00e1mp\u00e1ba vagy viaszmeleg\u00edt\u0151be,\n- gy\u00fajts meg egy team\u00e9csest, vagy kapcsold be az elektromos viaszmeleg\u00edt\u0151t.\n\nBIZTONS\u00c1GI FIGYELMEZTET\u00c9S:\n- soha ne hagyd fel\u00fcgyelet n\u00e9lk\u00fcl az illatviaszt,\n- csak h\u0151\u00e1ll\u00f3 aromal\u00e1mp\u00e1ban vagy viaszmeleg\u00edt\u0151ben haszn\u00e1ld, - haszn\u00e1lj stabil, h\u0151\u00e1ll\u00f3 fel\u00fcletet, t\u00e1vol gy\u00fal\u00e9kony anyagokt\u00f3l,\n- ne \u00e9rintsd meg a forr\u00f3 viaszt, m\u00edg meg nem szil\u00e1rdul,\n- gyermekekt\u0151l \u00e9s h\u00e1zi\u00e1llatokt\u00f3l tartsd t\u00e1vol.","score":0,"formatted_price":"1 500 Ft","image_url":"https:\/\/www.meska.hu\/img\/product\/small\/b\/a\/banddstudio_product_744447_260830225142_20686.jpeg","formatted_url":"https:\/\/www.meska.hu\/p5862835-feher-csokolade-illatu-illatviasz","favourite":false,"in_stock":true,"avatar":"744447_avatar_1759920819.png","delete_from":0,"is_enhanced_background":false,"is_enhanced":false,"product_selection_started":false,"is_active":true,"image_webp_url":"https:\/\/www.meska.hu\/img\/product\/small\/b\/a\/banddstudio_product_744447_260830225142_20686.webp"},{"id":"6349233","shop_id":"52439","user_id":"780322","shop_name":"NoiAuraIllatmuhely","shop_zip":"3885","product_code":"5862833","product_name_old":null,"product_name":"KAR\u00c1CSONYI feliratos  sz\u00f3javiasz illatgyertya ( t\u00f6bbf\u00e9le illatban)","category_string":"Otthon & \u00c9letm\u00f3d, Gyertya, illat, aroma, Gyertya","technic_string":"Gyertya-, m\u00e9csesk\u00e9sz\u00edt\u00e9s","category_1":"813","category_2":"415","category_3":"1388","category_4":"0","merged_category_1":null,"merged_category_2":null,"merged_category_3":null,"technic_1":"484","technic_2":"0","technic_3":"0","color_1":"514","color_2":"0","color_3":"0","product_description_old":null,"product_description":"ILLATV\u00c1LASZT\u00c1S:\nRendel\u00e9sn\u00e9l megjegyz\u00e9shez \u00edrd k\u00e9rlek a v\u00e1lasztott illatot, amennyiben nem v\u00e1lasztassz illatot, Madaszk\u00e1ri Van\u00edlia illatban fog elk\u00e9sz\u00fclni gyerty\u00e1d. (s\u00fcti illat! Van\u00edlia esszenci\u00e1val f\u0171szerezett pisk\u00f3ta, vagy linzer illat! Vas\u00e1rnap d\u00e9lut\u00e1ni otthon illat, mikor d\u00e9lel\u0151tt kis\u0171lt a s\u00fcti, \u00e9s ott illatozik egy t\u00e1lra kit\u00e9ve. )\n\nMi\u00e9rt v\u00e1laszd a N\u0151i Aura Illatm\u0171hely k\u00e9zm\u0171ves gyerty\u00e1it? \ud83c\udf42\n\n\u2728 Minden gyerty\u00e1m k\u00e9zzel, szeretettel k\u00e9sz\u00fcl, \u00edgy v\u00e1s\u00e1rl\u00e1soddal egy kisv\u00e1llalkoz\u00f3t is t\u00e1mogatsz.\n\ud83c\udf3f 100% pr\u00e9mium min\u0151s\u00e9g\u0171 sz\u00f3javiaszb\u00f3l k\u00e9sz\u00fclnek.\n\ud83c\udf38 Pr\u00e9mium illatolajokkal dolgozom, hogy az \u0151szi hangulat igaz\u00e1n k\u00fcl\u00f6nleges legyen.\n\ud83d\udd6f\ufe0f A gyerty\u00e1khoz 100% pamut kan\u00f3cot haszn\u00e1lok.\n\ud83e\udd0e 4000 Ft-\u00e9rt 180 ml-es kiszerel\u00e9st kapsz, amelynek \u00e9g\u00e9si ideje megfelel\u0151 haszn\u00e1lat mellett k\u00f6r\u00fclbel\u00fcl 35\u201340 \u00f3ra.\n\ud83c\udff7\ufe0f A c\u00edmk\u00e9im egyedileg k\u00e9sz\u00fclnek, k\u00fcl\u00f6nlegesek \u00e9s nem tal\u00e1lod meg \u0151ket a boltok polcain. \ud83d\ude0a\n\n\ud83c\udf4e Az \u0151szi kollekci\u00f3ban olyan ellen\u00e1llhatatlan illatok v\u00e1rnak, amelyek pillanatok alatt meghitt, kuck\u00f3z\u00f3s hangulatot var\u00e1zsolnak otthonodba.\n\nFontos a megfelel\u0151 els\u0151 \u00e9get\u00e9s!\nAz els\u0151 haszn\u00e1lat sor\u00e1n \u00e9rdemes a gyerty\u00e1t 2\u20133 \u00f3r\u00e1n kereszt\u00fcl folyamatosan \u00e9gni hagyni, hogy a viasz a teljes fel\u00fcleten felolvadjon. Ez seg\u00edt elker\u00fclni az \u00fagynevezett alag\u00fat\u00e9g\u00e9st, \u00e9s hozz\u00e1j\u00e1rul ahhoz, hogy a gyerty\u00e1d a lehet\u0151 legtov\u00e1bb \u00e9lvezhesd.\n\n\u2702\ufe0f Minden \u00fajragy\u00fajt\u00e1s el\u0151tt v\u00e1gd vissza a kan\u00f3c elszenesedett v\u00e9g\u00e9t kb. 5 mm-re, \u00edgy a gyerty\u00e1d szebben \u00e9s egyenletesebben fog \u00e9gni.\n\n\ud83e\udd0e N\u0151i Aura Illatm\u0171hely \u2013 k\u00e9zzel k\u00e9sz\u00edtve, sz\u00edvb\u0151l neked.\n\ud83d\udd6f\ufe0f GYERTYAHASZN\u00c1LATI \u00daTMUTAT\u00d3\n\nA gyerty\u00e1d hossz\u00fa \u00e9lettartam\u00e1\u00e9rt \u00e9s a biztons\u00e1gos haszn\u00e1lat\u00e9rt k\u00e9rj\u00fck, tartsd be az al\u00e1bbiakat! \ud83e\udd0e\n\n\ud83d\udd6f\ufe0f ELS\u0150 \u00c9GET\u00c9S\n\nAz els\u0151 alkalommal \u00e9gesd a gyerty\u00e1t 2\u20133 \u00f3r\u00e1n kereszt\u00fcl, hogy a viasz a teljes fel\u00fcleten egyenletesen felolvadjon.\n\nEz seg\u00edt megel\u0151zni az \u00fagynevezett alag\u00fat\u00e9g\u00e9st, \u00e9s biztos\u00edtja, hogy a gyerty\u00e1d a k\u00e9s\u0151bbiekben is sz\u00e9pen, egyenletesen \u00e9gjen.\n\n\u2702\ufe0f KAN\u00d3C\u00c1POL\u00c1S\n\nMinden \u00fajragy\u00fajt\u00e1s el\u0151tt v\u00e1gd vissza a kan\u00f3c elszenesedett v\u00e9g\u00e9t kb. 5 mm hossz\u00fas\u00e1g\u00fara.\n\nA megfelel\u0151 kan\u00f3chossz seg\u00edt abban, hogy a l\u00e1ng ne legyen t\u00fal nagy, a gyertya kev\u00e9sb\u00e9 f\u00fcst\u00f6lj\u00f6n, \u00e9s egyenletesebben \u00e9gjen.\n\n\u23f1\ufe0f NE \u00c9GESD T\u00daL SOK\u00c1IG!\n\nEgy alkalommal lehet\u0151leg 4 \u00f3r\u00e1n\u00e1l tov\u00e1bb ne \u00e9gesd a gyerty\u00e1t.\n\nHosszabb \u00e9g\u00e9s eset\u00e9n az ed\u00e9ny t\u00falmelegedhet, ez\u00e9rt mindig hagyd kih\u0171lni, miel\u0151tt \u00fajra meggy\u00fajtod.\n\n\ud83d\udd25 SOHA NE HAGYD FEL\u00dcGYELET N\u00c9LK\u00dcL!\n\nAz \u00e9g\u0151 gyerty\u00e1t soha ne hagyd \u0151rizetlen\u00fcl!\n\nTartsd t\u00e1vol gyermekekt\u0151l, h\u00e1zi\u00e1llatokt\u00f3l, f\u00fcgg\u00f6nyt\u0151l, pap\u00edrt\u00f3l \u00e9s minden gy\u00fal\u00e9kony t\u00e1rgyt\u00f3l.\n\n\ud83d\udca8 HUZATT\u00d3L V\u00c9DD!\n\nNe helyezd a gyerty\u00e1t huzatos helyre, ventil\u00e1tor vagy nyitott ablak k\u00f6zvetlen k\u00f6zel\u00e9be.\n\nA huzat egyenetlen \u00e9g\u00e9st, kormoz\u00e1st \u00e9s nagyobb l\u00e1ngot okozhat.\n\n\ud83d\udd6f\ufe0f ELHELYEZ\u00c9S\n\nMindig stabil, h\u0151\u00e1ll\u00f3 \u00e9s v\u00edzszintes fel\u00fcletre helyezd.\n\nNe mozgasd a gyerty\u00e1t \u00e9g\u00e9s k\u00f6zben vagy k\u00f6zvetlen\u00fcl az elolt\u00e1sa ut\u00e1n, am\u00edg a viasz \u00e9s az ed\u00e9ny forr\u00f3.\n\n\ud83d\udeab NE \u00c9GESD LE TELJESEN!\n\nNe haszn\u00e1ld tov\u00e1bb a gyerty\u00e1t, ha m\u00e1r csak kb. 1 cm viasz maradt az ed\u00e9ny alj\u00e1n.\n\n\u00cdgy elker\u00fclhet\u0151 az ed\u00e9ny t\u00falzott felmeleged\u00e9se.\n\n\ud83d\udca7 V\u00cdZZEL NE OLDD EL!\n\nA gyerty\u00e1t soha ne oltsd el v\u00edzzel!\n\nAz olt\u00e1shoz haszn\u00e1lj gyertyaolt\u00f3t, vagy \u00f3vatosan f\u00fajd el a l\u00e1ngot.\n\n\ud83d\udc43 ILLATOS\u00cdT\u00c1S\n\nAz illat intenzit\u00e1sa f\u00fcgg a helyis\u00e9g m\u00e9ret\u00e9t\u0151l, szell\u0151z\u00e9s\u00e9t\u0151l \u00e9s az \u00e9g\u00e9si id\u0151t\u0151l is.\n\nA pr\u00e9mium illatolajoknak k\u00f6sz\u00f6nhet\u0151en a gyertya \u00e9g\u00e9s k\u00f6zben kellemes, hosszan tart\u00f3 illatot biztos\u00edt.\n\n---\n\n\u26a0\ufe0f BIZTONS\u00c1GI FIGYELMEZTET\u00c9S\n\n\ud83d\udd25 \u00c9g\u0151 gyerty\u00e1t soha ne hagyj fel\u00fcgyelet n\u00e9lk\u00fcl!\n\ud83d\udc76 Gyermekekt\u0151l elz\u00e1rva tartand\u00f3.\n\ud83d\udc3e H\u00e1zi\u00e1llatokt\u00f3l t\u00e1vol tartand\u00f3.\n\ud83c\udf2c\ufe0f Huzatt\u00f3l t\u00e1vol tartand\u00f3.\n\ud83d\udd25 Gy\u00fal\u00e9kony anyagokt\u00f3l t\u00e1vol haszn\u00e1ld.\n\ud83e\uded9 A gyertya ed\u00e9nye haszn\u00e1lat k\u00f6zben felforr\u00f3sodhat.\n\ud83d\udeab Ne mozgasd az \u00e9g\u0151 vagy forr\u00f3 gyerty\u00e1t.\n\ud83d\udca7 V\u00edzzel ne oltsd el.\n\n\ud83e\udd0e K\u00f6sz\u00f6n\u00f6m, hogy a N\u0151i Aura Illatm\u0171helyt v\u00e1lasztottad!\n\nMinden gyerty\u00e1m k\u00e9zzel, gondosan \u00e9s szeretettel k\u00e9sz\u00fcl, hogy egy kis melegs\u00e9get \u00e9s k\u00fcl\u00f6nleges hangulatot vigyen az otthonodba.\n\n\u00c9lvezd a l\u00e1ngot, az illatot \u00e9s az \u0151szi kuck\u00f3z\u00e1s minden pillanat\u00e1t! \ud83c\udf42\ud83d\udd6f\ufe0f\n\nN\u0151i Aura Illatm\u0171hely\nk\u00e9zzel k\u00e9sz\u00edtve, sz\u00edvb\u0151l neked \ud83e\udd0e\n","price":"4000.00","unit":"db","recommended":"0","status":"1","sponsored":"0","exp_notify":"0","own_material":"0","own_material_description_old":null,"own_material_description":"","jury":"0","jury_number":"","product_nature":"","meskaracsony":"0","create_date":"2026-08-30 22:52:14","shelve_id":"0","image":"noiauraillatmuhely_product_780322_260830225208_570458.jpeg","image_width":"480","image_height":"533","image_alt":"KAR\u00c1CSONYI feliratos  sz\u00f3javiasz illatgyertya ( t\u00f6bbf\u00e9le illatban), ILLATV\u00c1LASZT\u00c1S:\\nRendel\u00e9sn\u00e9l megjegyz\u00e9shez \u00edrd k\u00e9rlek a v\u00e1lasztott illatot, amennyiben nem v\u00e1lasztass..., Meska","image_title":"KAR\u00c1CSONYI feliratos  sz\u00f3javiasz illatgyertya ( t\u00f6bbf\u00e9le illatban), Meska","view_count":"11","favourite_count":"0","trending_score":"0","last2MonthFavouriteCount":"0","promotion":"0","giftcard_accept":"0","creditcard_accept":true,"enhanced_background":"0","domain":"meska","specific_customer_id":null,"specific_customer_name":null,"to_order_product":"1","to_order_product_time":"3","product_different":null,"product_different_description":"","vintage":"0","vintage_category_id":"0","recycled":"0","gemstone_id":"0","customizable":"0","type_category":"physical","zerowaste":"0","postage_price":"1290.00","shop_order":"0","has_category":"1","landing_pages":null,"microdata":{"number":96,"category":""},"title":"KAR\u00c1CSONYI feliratos  sz\u00f3javiasz illatgyertya ( t\u00f6bbf\u00e9le illatban)","description":"ILLATV\u00c1LASZT\u00c1S:\nRendel\u00e9sn\u00e9l megjegyz\u00e9shez \u00edrd k\u00e9rlek a v\u00e1lasztott illatot, amennyiben nem v\u00e1lasztassz illatot, Madaszk\u00e1ri Van\u00edlia illatban fog elk\u00e9sz\u00fclni gyerty\u00e1d. (s\u00fcti illat! Van\u00edlia esszenci\u00e1val f\u0171szerezett pisk\u00f3ta, vagy linzer illat! Vas\u00e1rnap d\u00e9lut\u00e1ni otthon illat, mikor d\u00e9lel\u0151tt kis\u0171lt a s\u00fcti, \u00e9s ott illatozik egy t\u00e1lra kit\u00e9ve. )\n\nMi\u00e9rt v\u00e1laszd a N\u0151i Aura Illatm\u0171hely k\u00e9zm\u0171ves gyerty\u00e1it? \ud83c\udf42\n\n\u2728 Minden gyerty\u00e1m k\u00e9zzel, szeretettel k\u00e9sz\u00fcl, \u00edgy v\u00e1s\u00e1rl\u00e1soddal egy kisv\u00e1llalkoz\u00f3t is t\u00e1mogatsz.\n\ud83c\udf3f 100% pr\u00e9mium min\u0151s\u00e9g\u0171 sz\u00f3javiaszb\u00f3l k\u00e9sz\u00fclnek.\n\ud83c\udf38 Pr\u00e9mium illatolajokkal dolgozom, hogy az \u0151szi hangulat igaz\u00e1n k\u00fcl\u00f6nleges legyen.\n\ud83d\udd6f\ufe0f A gyerty\u00e1khoz 100% pamut kan\u00f3cot haszn\u00e1lok.\n\ud83e\udd0e 4000 Ft-\u00e9rt 180 ml-es kiszerel\u00e9st kapsz, amelynek \u00e9g\u00e9si ideje megfelel\u0151 haszn\u00e1lat mellett k\u00f6r\u00fclbel\u00fcl 35\u201340 \u00f3ra.\n\ud83c\udff7\ufe0f A c\u00edmk\u00e9im egyedileg k\u00e9sz\u00fclnek, k\u00fcl\u00f6nlegesek \u00e9s nem tal\u00e1lod meg \u0151ket a boltok polcain. \ud83d\ude0a\n\n\ud83c\udf4e Az \u0151szi kollekci\u00f3ban olyan ellen\u00e1llhatatlan illatok v\u00e1rnak, amelyek pillanatok alatt meghitt, kuck\u00f3z\u00f3s hangulatot var\u00e1zsolnak otthonodba.\n\nFontos a megfelel\u0151 els\u0151 \u00e9get\u00e9s!\nAz els\u0151 haszn\u00e1lat sor\u00e1n \u00e9rdemes a gyerty\u00e1t 2\u20133 \u00f3r\u00e1n kereszt\u00fcl folyamatosan \u00e9gni hagyni, hogy a viasz a teljes fel\u00fcleten felolvadjon. Ez seg\u00edt elker\u00fclni az \u00fagynevezett alag\u00fat\u00e9g\u00e9st, \u00e9s hozz\u00e1j\u00e1rul ahhoz, hogy a gyerty\u00e1d a lehet\u0151 legtov\u00e1bb \u00e9lvezhesd.\n\n\u2702\ufe0f Minden \u00fajragy\u00fajt\u00e1s el\u0151tt v\u00e1gd vissza a kan\u00f3c elszenesedett v\u00e9g\u00e9t kb. 5 mm-re, \u00edgy a gyerty\u00e1d szebben \u00e9s egyenletesebben fog \u00e9gni.\n\n\ud83e\udd0e N\u0151i Aura Illatm\u0171hely \u2013 k\u00e9zzel k\u00e9sz\u00edtve, sz\u00edvb\u0151l neked.\n\ud83d\udd6f\ufe0f GYERTYAHASZN\u00c1LATI \u00daTMUTAT\u00d3\n\nA gyerty\u00e1d hossz\u00fa \u00e9lettartam\u00e1\u00e9rt \u00e9s a biztons\u00e1gos haszn\u00e1lat\u00e9rt k\u00e9rj\u00fck, tartsd be az al\u00e1bbiakat! \ud83e\udd0e\n\n\ud83d\udd6f\ufe0f ELS\u0150 \u00c9GET\u00c9S\n\nAz els\u0151 alkalommal \u00e9gesd a gyerty\u00e1t 2\u20133 \u00f3r\u00e1n kereszt\u00fcl, hogy a viasz a teljes fel\u00fcleten egyenletesen felolvadjon.\n\nEz seg\u00edt megel\u0151zni az \u00fagynevezett alag\u00fat\u00e9g\u00e9st, \u00e9s biztos\u00edtja, hogy a gyerty\u00e1d a k\u00e9s\u0151bbiekben is sz\u00e9pen, egyenletesen \u00e9gjen.\n\n\u2702\ufe0f KAN\u00d3C\u00c1POL\u00c1S\n\nMinden \u00fajragy\u00fajt\u00e1s el\u0151tt v\u00e1gd vissza a kan\u00f3c elszenesedett v\u00e9g\u00e9t kb. 5 mm hossz\u00fas\u00e1g\u00fara.\n\nA megfelel\u0151 kan\u00f3chossz seg\u00edt abban, hogy a l\u00e1ng ne legyen t\u00fal nagy, a gyertya kev\u00e9sb\u00e9 f\u00fcst\u00f6lj\u00f6n, \u00e9s egyenletesebben \u00e9gjen.\n\n\u23f1\ufe0f NE \u00c9GESD T\u00daL SOK\u00c1IG!\n\nEgy alkalommal lehet\u0151leg 4 \u00f3r\u00e1n\u00e1l tov\u00e1bb ne \u00e9gesd a gyerty\u00e1t.\n\nHosszabb \u00e9g\u00e9s eset\u00e9n az ed\u00e9ny t\u00falmelegedhet, ez\u00e9rt mindig hagyd kih\u0171lni, miel\u0151tt \u00fajra meggy\u00fajtod.\n\n\ud83d\udd25 SOHA NE HAGYD FEL\u00dcGYELET N\u00c9LK\u00dcL!\n\nAz \u00e9g\u0151 gyerty\u00e1t soha ne hagyd \u0151rizetlen\u00fcl!\n\nTartsd t\u00e1vol gyermekekt\u0151l, h\u00e1zi\u00e1llatokt\u00f3l, f\u00fcgg\u00f6nyt\u0151l, pap\u00edrt\u00f3l \u00e9s minden gy\u00fal\u00e9kony t\u00e1rgyt\u00f3l.\n\n\ud83d\udca8 HUZATT\u00d3L V\u00c9DD!\n\nNe helyezd a gyerty\u00e1t huzatos helyre, ventil\u00e1tor vagy nyitott ablak k\u00f6zvetlen k\u00f6zel\u00e9be.\n\nA huzat egyenetlen \u00e9g\u00e9st, kormoz\u00e1st \u00e9s nagyobb l\u00e1ngot okozhat.\n\n\ud83d\udd6f\ufe0f ELHELYEZ\u00c9S\n\nMindig stabil, h\u0151\u00e1ll\u00f3 \u00e9s v\u00edzszintes fel\u00fcletre helyezd.\n\nNe mozgasd a gyerty\u00e1t \u00e9g\u00e9s k\u00f6zben vagy k\u00f6zvetlen\u00fcl az elolt\u00e1sa ut\u00e1n, am\u00edg a viasz \u00e9s az ed\u00e9ny forr\u00f3.\n\n\ud83d\udeab NE \u00c9GESD LE TELJESEN!\n\nNe haszn\u00e1ld tov\u00e1bb a gyerty\u00e1t, ha m\u00e1r csak kb. 1 cm viasz maradt az ed\u00e9ny alj\u00e1n.\n\n\u00cdgy elker\u00fclhet\u0151 az ed\u00e9ny t\u00falzott felmeleged\u00e9se.\n\n\ud83d\udca7 V\u00cdZZEL NE OLDD EL!\n\nA gyerty\u00e1t soha ne oltsd el v\u00edzzel!\n\nAz olt\u00e1shoz haszn\u00e1lj gyertyaolt\u00f3t, vagy \u00f3vatosan f\u00fajd el a l\u00e1ngot.\n\n\ud83d\udc43 ILLATOS\u00cdT\u00c1S\n\nAz illat intenzit\u00e1sa f\u00fcgg a helyis\u00e9g m\u00e9ret\u00e9t\u0151l, szell\u0151z\u00e9s\u00e9t\u0151l \u00e9s az \u00e9g\u00e9si id\u0151t\u0151l is.\n\nA pr\u00e9mium illatolajoknak k\u00f6sz\u00f6nhet\u0151en a gyertya \u00e9g\u00e9s k\u00f6zben kellemes, hosszan tart\u00f3 illatot biztos\u00edt.\n\n---\n\n\u26a0\ufe0f BIZTONS\u00c1GI FIGYELMEZTET\u00c9S\n\n\ud83d\udd25 \u00c9g\u0151 gyerty\u00e1t soha ne hagyj fel\u00fcgyelet n\u00e9lk\u00fcl!\n\ud83d\udc76 Gyermekekt\u0151l elz\u00e1rva tartand\u00f3.\n\ud83d\udc3e H\u00e1zi\u00e1llatokt\u00f3l t\u00e1vol tartand\u00f3.\n\ud83c\udf2c\ufe0f Huzatt\u00f3l t\u00e1vol tartand\u00f3.\n\ud83d\udd25 Gy\u00fal\u00e9kony anyagokt\u00f3l t\u00e1vol haszn\u00e1ld.\n\ud83e\uded9 A gyertya ed\u00e9nye haszn\u00e1lat k\u00f6zben felforr\u00f3sodhat.\n\ud83d\udeab Ne mozgasd az \u00e9g\u0151 vagy forr\u00f3 gyerty\u00e1t.\n\ud83d\udca7 V\u00edzzel ne oltsd el.\n\n\ud83e\udd0e K\u00f6sz\u00f6n\u00f6m, hogy a N\u0151i Aura Illatm\u0171helyt v\u00e1lasztottad!\n\nMinden gyerty\u00e1m k\u00e9zzel, gondosan \u00e9s szeretettel k\u00e9sz\u00fcl, hogy egy kis melegs\u00e9get \u00e9s k\u00fcl\u00f6nleges hangulatot vigyen az otthonodba.\n\n\u00c9lvezd a l\u00e1ngot, az illatot \u00e9s az \u0151szi kuck\u00f3z\u00e1s minden pillanat\u00e1t! \ud83c\udf42\ud83d\udd6f\ufe0f\n\nN\u0151i Aura Illatm\u0171hely\nk\u00e9zzel k\u00e9sz\u00edtve, sz\u00edvb\u0151l neked \ud83e\udd0e\n","score":0,"formatted_price":"4 000 Ft","image_url":"https:\/\/www.meska.hu\/img\/product\/small\/n\/o\/noiauraillatmuhely_product_780322_260830225208_570458.jpeg","formatted_url":"https:\/\/www.meska.hu\/p5862833-karacsonyi-feliratos-szojaviasz-illatgyertya-tobbfele-illatban","favourite":false,"in_stock":false,"avatar":"780322_avatar_1775157271.png","delete_from":0,"is_enhanced_background":false,"is_enhanced":false,"product_selection_started":false,"is_active":true,"image_webp_url":"https:\/\/www.meska.hu\/img\/product\/small\/n\/o\/noiauraillatmuhely_product_780322_260830225208_570458.webp"}],"canonicals":{"canonical":"https:\/\/www.meska.hu\/s\/gyertya-mecseskeszites\/t-484","next":"https:\/\/www.meska.hu\/s\/gyertya-mecseskeszites\/t-484:p-2"},"seo":{"title":"K\u00e9zm\u0171ves term\u00e9kek - Meska.hu","seoTitle":"","seoDescription":"","metaDescription":"Magyar k\u00e9zm\u0171ves design term\u00e9kek hazai alkot\u00f3kt\u00f3l nagy v\u00e1laszt\u00e9kban, egyedi megrendel\u00e9sre is. \u2714\ufe0f N\u00e9zd meg az \u00f6sszes term\u00e9k\u00fcnk, \u00e9s rendelj k\u00edn\u00e1latunkb\u00f3l!","descriptionSchema":"","metaNoIndex":false,"metaNoFollow":false,"seoFound":false,"canonicals":"https:\/\/www.meska.hu\/s\/gyertya-mecseskeszites\/t-484"},"breadcrumb":[{"position":1,"name":"Meska.hu","url":"https:\/\/www.meska.hu","last":true}],"h1":null,"url":{"url":"https:\/\/www.meska.hu\/s\/gyertya-mecseskeszites\/t-484","title":"Mind","_debug_":false},"_count_":100}